{"id":300529,"date":"2022-10-07T05:49:20","date_gmt":"2022-10-07T03:49:20","guid":{"rendered":"https:\/\/www.radiopiu.net\/wordpress\/?p=300529"},"modified":"2022-10-07T05:57:08","modified_gmt":"2022-10-07T03:57:08","slug":"e-morto-don-samuel-lo-cercano-per-ore-e-lo-trovano-in-canonica-privo-di-vita","status":"publish","type":"post","link":"https:\/\/www.radiopiu.net\/wordpress\/e-morto-don-samuel-lo-cercano-per-ore-e-lo-trovano-in-canonica-privo-di-vita\/","title":{"rendered":"E&#8217; MORTO DON SAMUEL, LO CERCANO PER ORE E LO TROVANO IN CANONICA PRIVO DI VITA"},"content":{"rendered":"<p><strong><a class=\"dt-pswp-item\" href=\"https:\/\/www.radiopiu.net\/wordpress\/wp-content\/uploads\/2022\/10\/17075971287541795905.jpg\" data-dt-img-description=\"\" data-large_image_width=\"500\" data-large_image_height=\"261\"><img loading=\"lazy\" decoding=\"async\" class=\" wp-image-300530 alignleft\" src=\"https:\/\/www.radiopiu.net\/wordpress\/wp-content\/uploads\/2022\/10\/17075971287541795905-300x157.jpg\" alt=\"\" width=\"264\" height=\"138\" srcset=\"https:\/\/www.radiopiu.net\/wordpress\/wp-content\/uploads\/2022\/10\/17075971287541795905-300x157.jpg 300w, https:\/\/www.radiopiu.net\/wordpress\/wp-content\/uploads\/2022\/10\/17075971287541795905.jpg 500w\" sizes=\"auto, (max-width: 264px) 100vw, 264px\" \/><\/a>CESIOMAGGIORE<\/strong>\u00a0 L\u2019intera diocesi si stringe attorno alle comunit\u00e0 parrocchiali di Cesiomaggiore\u00a0e di\u00a0Soranzen, che piangono la scomparsa del loro parroco, don Samuel Alipio Gallardo. \u00c8 stato trovato morto in casa ieri sera, mercoled\u00ec 5 ottobre. Era nato a San Clemente (in Cile), il 2 marzo 1958. Entrato giovanissimo a far parte dei\u00a0salesiani, part\u00ec dal suo paese per andare in Medio Oriente. Svolse quindi il ministero di prete e di salesiano in diverse comunit\u00e0 del Veneto, fino ad arrivare nella comunit\u00e0 dell\u2019istituto \u201cAgosti\u201d a Belluno. Nella <a href=\"http:\/\/www.chiesabellunofeltre.it\/cesio-e-soranzen-accolgono-don-samuel\/\">serata di mercoled\u00ec 9 ottobre 2019<\/a>, veniva presentato dal Vescovo come nuovo parroco ai fedeli di Cesiomaggiore e Soranzen. Soltanto tre anni dopo, don Samuel li lascia, convocato dal buon Pastore nel mistero dell\u2019eternit\u00e0.<\/p>\n<blockquote><p><em>Il vescovo Renato, l\u2019intero presbiterio e i diaconi della diocesi si uniscono alle comunit\u00e0 parrocchiali che piangono il loro parroco; desiderano far giungere una parola di solidariet\u00e0 umana e cristiana anche ai parenti di don Samuel in Cile. I funerali verranno celebrati\u00a0sabato 8 ottobre alle ore 10.00\u00a0nella chiesa parrocchiale di Cesiomaggiore.<\/em><\/p>\n<p>&nbsp;<\/p><\/blockquote>\n<hr \/>\n<p>&nbsp;<\/p>\n","protected":false},"excerpt":{"rendered":"<p>CESIOMAGGIORE\u00a0 L\u2019intera diocesi si stringe attorno alle comunit\u00e0 parrocchiali di Cesiomaggiore\u00a0e di\u00a0Soranzen, che piangono la scomparsa del loro parroco, don Samuel Alipio Gallardo. \u00c8 stato trovato morto in casa ieri sera, mercoled\u00ec 5 ottobre. Era nato a San Clemente (in Cile), il 2 marzo 1958. Entrato giovanissimo a far parte dei\u00a0salesiani, part\u00ec dal suo paese&hellip;<\/p>\n","protected":false},"author":4,"featured_media":300530,"comment_status":"closed","ping_status":"closed","sticky":false,"template":"","format":"standard","meta":{"_monsterinsights_skip_tracking":false,"_monsterinsights_sitenote_active":false,"_monsterinsights_sitenote_note":"","_monsterinsights_sitenote_category":0,"footnotes":""},"categories":[104,49],"tags":[],"class_list":["post-300529","post","type-post","status-publish","format-standard","has-post-thumbnail","hentry","category-evidenza_3","category-news-18","category-104","category-49","description-off"],"img_url":"https:\/\/www.radiopiu.net\/wordpress\/wp-content\/uploads\/2022\/10\/17075971287541795905.jpg","_links":{"self":[{"href":"https:\/\/www.radiopiu.net\/wordpress\/wp-json\/wp\/v2\/posts\/300529","targetHints":{"allow":["GET"]}}],"collection":[{"href":"https:\/\/www.radiopiu.net\/wordpress\/wp-json\/wp\/v2\/posts"}],"about":[{"href":"https:\/\/www.radiopiu.net\/wordpress\/wp-json\/wp\/v2\/types\/post"}],"author":[{"embeddable":true,"href":"https:\/\/www.radiopiu.net\/wordpress\/wp-json\/wp\/v2\/users\/4"}],"replies":[{"embeddable":true,"href":"https:\/\/www.radiopiu.net\/wordpress\/wp-json\/wp\/v2\/comments?post=300529"}],"version-history":[{"count":0,"href":"https:\/\/www.radiopiu.net\/wordpress\/wp-json\/wp\/v2\/posts\/300529\/revisions"}],"wp:featuredmedia":[{"embeddable":true,"href":"https:\/\/www.radiopiu.net\/wordpress\/wp-json\/wp\/v2\/media\/300530"}],"wp:attachment":[{"href":"https:\/\/www.radiopiu.net\/wordpress\/wp-json\/wp\/v2\/media?parent=300529"}],"wp:term":[{"taxonomy":"category","embeddable":true,"href":"https:\/\/www.radiopiu.net\/wordpress\/wp-json\/wp\/v2\/categories?post=300529"},{"taxonomy":"post_tag","embeddable":true,"href":"https:\/\/www.radiopiu.net\/wordpress\/wp-json\/wp\/v2\/tags?post=300529"}],"curies":[{"name":"wp","href":"https:\/\/api.w.org\/{rel}","templated":true}]}}