{"id":300572,"date":"2022-10-07T14:55:24","date_gmt":"2022-10-07T12:55:24","guid":{"rendered":"https:\/\/www.radiopiu.net\/wordpress\/?p=300572"},"modified":"2022-10-07T14:55:24","modified_gmt":"2022-10-07T12:55:24","slug":"conoscere-le-frazioni-attraverso-larte-per-rafforzare-il-legame-tra-scuole-e-territorio","status":"publish","type":"post","link":"https:\/\/www.radiopiu.net\/wordpress\/conoscere-le-frazioni-attraverso-larte-per-rafforzare-il-legame-tra-scuole-e-territorio\/","title":{"rendered":"CONOSCERE LE FRAZIONI ATTRAVERSO L&#8217;ARTE PER RAFFORZARE IL LEGAME TRA SCUOLE E TERRITORIO\u00a0"},"content":{"rendered":"<blockquote>\n<h3><\/h3>\n<\/blockquote>\n<p><em><a class=\"dt-pswp-item\" href=\"https:\/\/www.radiopiu.net\/wordpress\/wp-content\/uploads\/2022\/10\/In_piazza_a_Polpet.jpg\" data-dt-img-description=\"\" data-large_image_width=\"1946\" data-large_image_height=\"2041\"><img loading=\"lazy\" decoding=\"async\" class=\"wp-image-300570 alignleft\" src=\"https:\/\/www.radiopiu.net\/wordpress\/wp-content\/uploads\/2022\/10\/In_piazza_a_Polpet-286x300.jpg\" alt=\"\" width=\"168\" height=\"176\" srcset=\"https:\/\/www.radiopiu.net\/wordpress\/wp-content\/uploads\/2022\/10\/In_piazza_a_Polpet-286x300.jpg 286w, https:\/\/www.radiopiu.net\/wordpress\/wp-content\/uploads\/2022\/10\/In_piazza_a_Polpet-976x1024.jpg 976w, https:\/\/www.radiopiu.net\/wordpress\/wp-content\/uploads\/2022\/10\/In_piazza_a_Polpet-768x805.jpg 768w, https:\/\/www.radiopiu.net\/wordpress\/wp-content\/uploads\/2022\/10\/In_piazza_a_Polpet-1465x1536.jpg 1465w, https:\/\/www.radiopiu.net\/wordpress\/wp-content\/uploads\/2022\/10\/In_piazza_a_Polpet.jpg 1946w\" sizes=\"auto, (max-width: 168px) 100vw, 168px\" \/><\/a>I rappresentanti del comitato frazionale di Polpet hanno quindi accolto i giovani studenti e, per l\u2019occasione, hanno fatto rivivere gli antichi forni della panificazione.<\/em><\/p>\n<div><\/div>\n<div>\n<p><strong>PONTE NELLE ALPI<\/strong> Il ruolo delle comunit\u00e0 educanti \u00e8 quello riallacciare il rapporto tra scuola e territorio.\u00a0In questo senso, \u00e8 iniziato a Polpet il progetto di conoscenza dei paesi tramite l\u2019arte e l\u2019incontro con gli abitanti. Progetto che \u00e8 promosso dalla scuola media \u201cPertini\u201d di Ponte nelle Alpi: gli studenti avranno la possibilit\u00e0 di approfondire la storia delle frazioni grazie all\u2019apporto degli insegnanti, disegnando i luoghi pi\u00f9 caratteristici e incontrando i testimoni delle tradizioni locali.L\u2019idea di un\u2019educazione svolta non soltanto all\u2019interno delle aule, ma nella comunit\u00e0 nel suo complesso, nasce in particolare dopo i due anni di pandemia: non a caso, l\u2019amministrazione comunale investe molto nell\u2019istruzione e nel settore sociale. E sostiene progetti innovativi e pilota nell\u2019ambito scolastico: \u00ab\u00c8 fondamentale coinvolgere nell\u2019educazione le associazioni, gli enti locali e l\u2019intero territorio di riferimento &#8211; afferma il sindaco Paolo Vendramini -. Perch\u00e9 la crescita dei giovani non \u00e8 solo responsabilit\u00e0 della scuola: deve abbracciare la collettivit\u00e0\u00bb.<\/p>\n<\/div>\n<p>&nbsp;<\/p>\n<hr \/>\n<div>\n<p>&nbsp;<\/p>\n<\/div>\n","protected":false},"excerpt":{"rendered":"<p>I rappresentanti del comitato frazionale di Polpet hanno quindi accolto i giovani studenti e, per l\u2019occasione, hanno fatto rivivere gli antichi forni della panificazione. PONTE NELLE ALPI Il ruolo delle comunit\u00e0 educanti \u00e8 quello riallacciare il rapporto tra scuola e territorio.\u00a0In questo senso, \u00e8 iniziato a Polpet il progetto di conoscenza dei paesi tramite l\u2019arte&hellip;<\/p>\n","protected":false},"author":4,"featured_media":300570,"comment_status":"closed","ping_status":"closed","sticky":false,"template":"","format":"standard","meta":{"_monsterinsights_skip_tracking":false,"_monsterinsights_sitenote_active":false,"_monsterinsights_sitenote_note":"","_monsterinsights_sitenote_category":0,"footnotes":""},"categories":[49],"tags":[],"class_list":["post-300572","post","type-post","status-publish","format-standard","has-post-thumbnail","hentry","category-news-18","category-49","description-off"],"img_url":"https:\/\/www.radiopiu.net\/wordpress\/wp-content\/uploads\/2022\/10\/In_piazza_a_Polpet.jpg","_links":{"self":[{"href":"https:\/\/www.radiopiu.net\/wordpress\/wp-json\/wp\/v2\/posts\/300572","targetHints":{"allow":["GET"]}}],"collection":[{"href":"https:\/\/www.radiopiu.net\/wordpress\/wp-json\/wp\/v2\/posts"}],"about":[{"href":"https:\/\/www.radiopiu.net\/wordpress\/wp-json\/wp\/v2\/types\/post"}],"author":[{"embeddable":true,"href":"https:\/\/www.radiopiu.net\/wordpress\/wp-json\/wp\/v2\/users\/4"}],"replies":[{"embeddable":true,"href":"https:\/\/www.radiopiu.net\/wordpress\/wp-json\/wp\/v2\/comments?post=300572"}],"version-history":[{"count":0,"href":"https:\/\/www.radiopiu.net\/wordpress\/wp-json\/wp\/v2\/posts\/300572\/revisions"}],"wp:featuredmedia":[{"embeddable":true,"href":"https:\/\/www.radiopiu.net\/wordpress\/wp-json\/wp\/v2\/media\/300570"}],"wp:attachment":[{"href":"https:\/\/www.radiopiu.net\/wordpress\/wp-json\/wp\/v2\/media?parent=300572"}],"wp:term":[{"taxonomy":"category","embeddable":true,"href":"https:\/\/www.radiopiu.net\/wordpress\/wp-json\/wp\/v2\/categories?post=300572"},{"taxonomy":"post_tag","embeddable":true,"href":"https:\/\/www.radiopiu.net\/wordpress\/wp-json\/wp\/v2\/tags?post=300572"}],"curies":[{"name":"wp","href":"https:\/\/api.w.org\/{rel}","templated":true}]}}