{"id":300594,"date":"2022-10-07T16:02:58","date_gmt":"2022-10-07T14:02:58","guid":{"rendered":"https:\/\/www.radiopiu.net\/wordpress\/?p=300594"},"modified":"2022-10-07T16:02:58","modified_gmt":"2022-10-07T14:02:58","slug":"fondo-comuni-confinanti-approvato-il-secondo-stralcio-della-programmazione-2019-2024-32-i-progetti-bellunesi-per-un-valore-di-quasi-200-milioni-di-euro","status":"publish","type":"post","link":"https:\/\/www.radiopiu.net\/wordpress\/fondo-comuni-confinanti-approvato-il-secondo-stralcio-della-programmazione-2019-2024-32-i-progetti-bellunesi-per-un-valore-di-quasi-200-milioni-di-euro\/","title":{"rendered":"FONDO COMUNI CONFINANTI, APPROVATO IL SECONDO STRALCIO DELLA PROGRAMMAZIONE 2019-2024, 32 I PROGETTI BELLUNESI PER UN VALORE DI QUASI 200 MILIONI DI EURO"},"content":{"rendered":"<p><strong><a class=\"dt-pswp-item\" href=\"https:\/\/www.radiopiu.net\/wordpress\/wp-content\/uploads\/2021\/06\/6bda7d20-2bca-46b1-9c47-7864eeb8da9e.jpg\" data-dt-img-description=\"\" data-large_image_width=\"1920\" data-large_image_height=\"1080\"><img loading=\"lazy\" decoding=\"async\" class=\"size-medium wp-image-213612 alignleft\" src=\"https:\/\/www.radiopiu.net\/wordpress\/wp-content\/uploads\/2021\/06\/6bda7d20-2bca-46b1-9c47-7864eeb8da9e-300x169.jpg\" alt=\"\" width=\"300\" height=\"169\" srcset=\"https:\/\/www.radiopiu.net\/wordpress\/wp-content\/uploads\/2021\/06\/6bda7d20-2bca-46b1-9c47-7864eeb8da9e-300x169.jpg 300w, https:\/\/www.radiopiu.net\/wordpress\/wp-content\/uploads\/2021\/06\/6bda7d20-2bca-46b1-9c47-7864eeb8da9e-1024x576.jpg 1024w, https:\/\/www.radiopiu.net\/wordpress\/wp-content\/uploads\/2021\/06\/6bda7d20-2bca-46b1-9c47-7864eeb8da9e-768x432.jpg 768w, https:\/\/www.radiopiu.net\/wordpress\/wp-content\/uploads\/2021\/06\/6bda7d20-2bca-46b1-9c47-7864eeb8da9e-1536x864.jpg 1536w, https:\/\/www.radiopiu.net\/wordpress\/wp-content\/uploads\/2021\/06\/6bda7d20-2bca-46b1-9c47-7864eeb8da9e.jpg 1920w\" sizes=\"auto, (max-width: 300px) 100vw, 300px\" \/><\/a>BELLUNO <\/strong>Il Comitato paritetico del Fondo Comuni confinanti ha approvato oggi il secondo stralcio relativo alla programmazione strategica 2019-2024. Si tratta dell\u2019integrazione del primo stralcio, andato in approvazione durante l\u2019estate. Per la provincia di Belluno sono 32 le schede progettuali per un valore complessivo di 197,1 milioni di euro (88,1 milioni da Fcc pi\u00f9 109 milioni di euro di cofinanziamenti). Ogni progetto fa riferimento ai quattro ambiti di intervento che Comuni e Provincia hanno deciso di valorizzare, vale a dire patrimonio e risorse naturali, servizi socio-sanitari, mobilit\u00e0 sostenibile, e coesione e inclusione sociale. \u00ab<em>Il programma provinciale intende mettere a frutto risorse importantissime per lo sviluppo del territorio, in particolare per le aree pi\u00f9 periferiche che maggiormente risentono della differenza rispetto alle province autonome\u00bb commenta il presidente della Provincia di Belluno, Roberto Padrin. \u00abPer questo le schede progettuali sono orientate al miglioramento della valorizzazione del patrimonio naturale, all\u2019incremento della mobilit\u00e0 sostenibile, dell\u2019inclusione sociale e della prossimit\u00e0 dei servizi. Lo diciamo sempre: la montagna, con risorse di questo genere, indirizzate in interventi concreti e utili alle comunit\u00e0 locali, pu\u00f2 avere una marcia in pi\u00f9 nel contrasto allo spopolamento e nello sviluppo delle comunit\u00e0 locali. Grazie al consigliere Paolo Perenzin per il lavoro di coordinamento con i sindaci, e al presidente Dario Bond per il grande impegno profuso nel far funzionare il Fondo<\/em>\u00bb.<\/p>\n<p><strong>PATRIMONIO E RISORSE NATURALI<\/strong><\/p>\n<p>Nell\u2019ambito \u201cPatrimonio e risorse naturali\u201d rientrano 8 progetti volti alla valorizzazione del patrimonio naturale, storico e ambientale, per un totale (tra Fcc e cofinanziamenti) di 66,7 milioni. Tra questi anche il progetto \u201cStacco\u201d, con la razionalizzazione dell\u2019accessibilit\u00e0 in quota. \u00c8 l\u2019intervento del collegamento Comelico-Pusteria, che prevede anche la creazione di balconi panoramici e la costituzione dell\u2019Ecomuseo delle Dolomiti.<\/p>\n<p><strong>SERVIZI SOCIO-SANITARI<\/strong><\/p>\n<p>Il valore dell\u2019ambito \u201cServizi socio-sanitari&#8221; ammonta a 9,6 milioni (9,1 da Fcc) per 3 progetti, in cui rientrano la riqualificazione e l\u2019ammodernamento del centro riabilitazione di Lamon (completamento del progetto strategico gi\u00e0 finanziato nella precedente programmazione); e l\u2019intervento \u201cAbitare assieme\u201d, che prevede di realizzare a Sedico alloggi di housing e co-housing per anziani.<\/p>\n<p><strong>MOBILIT\u00c0 SOSTENIBILE<\/strong><\/p>\n<p>La \u201cMobilit\u00e0 sostenibile\u201d \u00e8 asse portante della programmazione 2019-2024. Le proposte contenute nel secondo stralcio sono 3 e valgono quasi 89 milioni di euro. Il progetto pi\u00f9 corposo rientra nelle opere infrastrutturali delle Olimpiadi 2026, con la realizzazione del nuovo sistema integrato di mobilit\u00e0 sostenibile del Comune di Cortina. L\u2019intervento consiste nella realizzazione di un tunnel interrato con tappeti trasportatori sotto l\u2019abitato, per permettere di collegare i due versanti sciistici e servire i parcheggi in corso di progettazione e costruzione, garantendo un comodo accesso alle zone centrali del paese senza l\u2019utilizzo delle auto.<\/p>\n<p><strong>COESIONE E INCLUSIONE SOCIALE<\/strong><\/p>\n<p>L\u2019ambito in cui rientra la maggior parte dei progetti (ben 18) \u00e8 quello della \u201cCoesione e inclusione sociale\u201d, per un valore complessivo di 32 milioni di euro. All\u2019interno una serie di interventi volti a incrementare i servizi scolastici e la dotazione di infrastrutture sociali, ricreative e sportive. Trovano spazio anche diversi interventi per il potenziamento della sicurezza (come l\u2019acquisto di nuovi mezzi per i volontari dei vigili del fuoco e delle Croci Bianche dell\u2019Agordino), e per la promozione del territorio.<\/p>\n<p>\u00ab<em>Questo secondo stralcio, a completamento del primo di qualche mese fa, mette in moto risorse importantissime e rappresenta in maniera plastica l\u2019operativit\u00e0 di un fondo, sempre pi\u00f9 attivo nello sviluppo dei territor<\/em>i\u00bb commenta il presidente del Comitato paritetico, Dario Bond. \u00ab<em>Gli strumenti per far vivere la montagna di confine ci sono e stanno operando molto bene. Il prossimo obiettivo del Fondo, condiviso dai soggetti che oggi hanno approvato l\u2019intesa 2019-2014, credo sia quello di individuare sempre pi\u00f9 ambiti di intervento tra loro complementari, cos\u00ec da far rendere al massimo queste risorse. Penso in particolare al tema olimpico, che vedr\u00e0 i territori dolomitici compartecipare al grande evento. Per avere l\u2019onda lunga positiva dalle Olimpiadi, serve mettere in rete progetti strategici in grado di lasciare un\u2019eredit\u00e0 importante in termini di infrastrutture sportive e ricettive<\/em>\u00bb.<\/p>\n<p>&nbsp;<\/p>\n<p><strong>I 32 PROGETTI BELLUNESI<\/strong><\/p>\n<a href=\"https:\/\/www.radiopiu.net\/wordpress\/wp-content\/uploads\/2022\/10\/Secondo-stralcio-Fcc-BELLUNO.pdf\" class=\"pdfemb-viewer\" style=\"\" data-width=\"max\" data-height=\"max\" data-toolbar=\"top\" data-toolbar-fixed=\"on\">Secondo stralcio Fcc - BELLUNO<\/a>\n","protected":false},"excerpt":{"rendered":"<p>BELLUNO Il Comitato paritetico del Fondo Comuni confinanti ha approvato oggi il secondo stralcio relativo alla programmazione strategica 2019-2024. Si tratta dell\u2019integrazione del primo stralcio, andato in approvazione durante l\u2019estate. Per la provincia di Belluno sono 32 le schede progettuali per un valore complessivo di 197,1 milioni di euro (88,1 milioni da Fcc pi\u00f9 109&hellip;<\/p>\n","protected":false},"author":4,"featured_media":213612,"comment_status":"closed","ping_status":"closed","sticky":false,"template":"","format":"standard","meta":{"_monsterinsights_skip_tracking":false,"_monsterinsights_sitenote_active":false,"_monsterinsights_sitenote_note":"","_monsterinsights_sitenote_category":0,"footnotes":""},"categories":[49],"tags":[],"class_list":["post-300594","post","type-post","status-publish","format-standard","has-post-thumbnail","hentry","category-news-18","category-49","description-off"],"img_url":"https:\/\/www.radiopiu.net\/wordpress\/wp-content\/uploads\/2021\/06\/6bda7d20-2bca-46b1-9c47-7864eeb8da9e.jpg","_links":{"self":[{"href":"https:\/\/www.radiopiu.net\/wordpress\/wp-json\/wp\/v2\/posts\/300594","targetHints":{"allow":["GET"]}}],"collection":[{"href":"https:\/\/www.radiopiu.net\/wordpress\/wp-json\/wp\/v2\/posts"}],"about":[{"href":"https:\/\/www.radiopiu.net\/wordpress\/wp-json\/wp\/v2\/types\/post"}],"author":[{"embeddable":true,"href":"https:\/\/www.radiopiu.net\/wordpress\/wp-json\/wp\/v2\/users\/4"}],"replies":[{"embeddable":true,"href":"https:\/\/www.radiopiu.net\/wordpress\/wp-json\/wp\/v2\/comments?post=300594"}],"version-history":[{"count":0,"href":"https:\/\/www.radiopiu.net\/wordpress\/wp-json\/wp\/v2\/posts\/300594\/revisions"}],"wp:featuredmedia":[{"embeddable":true,"href":"https:\/\/www.radiopiu.net\/wordpress\/wp-json\/wp\/v2\/media\/213612"}],"wp:attachment":[{"href":"https:\/\/www.radiopiu.net\/wordpress\/wp-json\/wp\/v2\/media?parent=300594"}],"wp:term":[{"taxonomy":"category","embeddable":true,"href":"https:\/\/www.radiopiu.net\/wordpress\/wp-json\/wp\/v2\/categories?post=300594"},{"taxonomy":"post_tag","embeddable":true,"href":"https:\/\/www.radiopiu.net\/wordpress\/wp-json\/wp\/v2\/tags?post=300594"}],"curies":[{"name":"wp","href":"https:\/\/api.w.org\/{rel}","templated":true}]}}