{"id":300623,"date":"2022-10-07T17:05:04","date_gmt":"2022-10-07T15:05:04","guid":{"rendered":"https:\/\/www.radiopiu.net\/wordpress\/?p=300623"},"modified":"2022-10-08T12:06:08","modified_gmt":"2022-10-08T10:06:08","slug":"un-vigneto-a-casteldardo","status":"publish","type":"post","link":"https:\/\/www.radiopiu.net\/wordpress\/un-vigneto-a-casteldardo\/","title":{"rendered":"UN VIGNETO A CASTELDARDO? MEGLIO LE COLTURE TRADIZIONALI. LETTERA AL SINDACO"},"content":{"rendered":"<p>&nbsp;<\/p>\n<p>&nbsp;<\/p>\n<p><strong>BORGO VALBELLUNA<\/strong> I cittadini dell&#8217;ex Municipio di Trichiana (oggi nell&#8217;agglomerato Borgo Valbelluna) hanno scritto al sindaco, consiglieri comunali e forze di Polizia Rurale dopo essere venuti a conoscenza che una societ\u00e0 agricola intende acquistare circa 51 ettari di terreno agricolo. In quella zona gi\u00e0 esiste un&#8217;ampia zona adibita a vigneto intensivo per circa 60 ettari con relativi pericoli di inquinamento per l&#8217;uso di pesticidi. I terreni oggetto di compravendita sono vicini al centro abitato di Trichiana soggetto a forte arieggiamento. I cittadini chiedono di preservare l&#8217;ambiente da possibili attivit\u00e0 inquinanti, fra i terreni vi \u00e8 un&#8217;ampia area con torbe e acqua scaricata verso l&#8217;Ardo e anche l&#8217;aspetto originario va mantenuto, nel sito \u00e8 inserita Villa Piloni Federico Foscolo del 16esimo secolo. I cittadini richiamando la storia auspicano il recupero degli immobili decadenti che insistono sui terreni e chiedono al primo cittadino di favorire le colture tradizionali impedendo quella intensiva dei vigneti a salvaguardia dell&#8217;ambiente, della fauna, della biodiversit\u00e0 e della salute dei pi\u00f9 piccoli.<\/p>\n<p>&nbsp;<\/p>\n<p><strong>LA PRECISAZIONE<\/strong><\/p>\n<p>Nell&#8217;articolo sul vigneto di Casteldardo di Trichiana si parla di un investimento a vigneto di 51 ettari, con uno gi\u00e0 preesistente di 60 ettari. In realt\u00e0 trattasi di superfici decisamente inferiori, in realt\u00e0 di 5 e 6 ettari, come si desume dalla cartografia allegata. So che le unit\u00e0 di misura: ara, centiara, ettaro possono essere obsolete, ma tipicamente agricole, e ben conosciute dagli agricoltori e dai professionisti che si occupano di misurazioni dei terreni. Non entro in questa sede nelle scelte colturali aziendali. Attenzione per\u00f2 che articoli del genere, forse non verificati, ingenerano confusione nei lettori.<br \/>\nAlberto Vallati &#8211; Borgo Valbelluna<\/p>\n<p>&nbsp;<\/p>\n<p>&nbsp;<\/p>\n<p>&nbsp;<\/p>\n\n\t\t\t<style type='text\/css'>\n\t\t\t\t#gallery-1 {\n\t\t\t\t\tmargin: auto;\n\t\t\t\t}\n\t\t\t\t#gallery-1 .gallery-item {\n\t\t\t\t\tfloat: left;\n\t\t\t\t\tmargin-top: 10px;\n\t\t\t\t\ttext-align: center;\n\t\t\t\t\twidth: 50%;\n\t\t\t\t}\n\t\t\t\t#gallery-1 img {\n\t\t\t\t\tborder: 2px solid #cfcfcf;\n\t\t\t\t}\n\t\t\t\t#gallery-1 .gallery-caption {\n\t\t\t\t\tmargin-left: 0;\n\t\t\t\t}\n\t\t\t\t\/* see gallery_shortcode() in wp-includes\/media.php *\/\n\t\t\t<\/style>\n\t\t<div id='gallery-1' class='dt-gallery-container gallery galleryid-300623 gallery-columns-2 gallery-size-full'><dl class='gallery-item'>\n\t\t\t\t<dt class='gallery-icon landscape'>\n\t\t\t\t\t<a class=\"rollover rollover-zoom dt-pswp-item\" title=\"PHOTO-2022-09-26-16-02-59\" data-dt-img-description=\"\" data-large_image_width=\"2048\" data-large_image_height=\"1571\"href='https:\/\/www.radiopiu.net\/wordpress\/wp-content\/uploads\/2022\/10\/PHOTO-2022-09-26-16-02-59.jpg'><img loading=\"lazy\" decoding=\"async\" width=\"2048\" height=\"1571\" src=\"https:\/\/www.radiopiu.net\/wordpress\/wp-content\/uploads\/2022\/10\/PHOTO-2022-09-26-16-02-59.jpg\" class=\"attachment-full size-full\" alt=\"\" srcset=\"https:\/\/www.radiopiu.net\/wordpress\/wp-content\/uploads\/2022\/10\/PHOTO-2022-09-26-16-02-59.jpg 2048w, https:\/\/www.radiopiu.net\/wordpress\/wp-content\/uploads\/2022\/10\/PHOTO-2022-09-26-16-02-59-300x230.jpg 300w, https:\/\/www.radiopiu.net\/wordpress\/wp-content\/uploads\/2022\/10\/PHOTO-2022-09-26-16-02-59-1024x786.jpg 1024w, https:\/\/www.radiopiu.net\/wordpress\/wp-content\/uploads\/2022\/10\/PHOTO-2022-09-26-16-02-59-768x589.jpg 768w, https:\/\/www.radiopiu.net\/wordpress\/wp-content\/uploads\/2022\/10\/PHOTO-2022-09-26-16-02-59-1536x1178.jpg 1536w\" sizes=\"auto, (max-width: 2048px) 100vw, 2048px\" \/><\/a>\n\t\t\t\t<\/dt><\/dl><dl class='gallery-item'>\n\t\t\t\t<dt class='gallery-icon landscape'>\n\t\t\t\t\t<a class=\"rollover rollover-zoom dt-pswp-item\" title=\"PHOTO-2022-09-26-16-02-59-1\" data-dt-img-description=\"\" data-large_image_width=\"1486\" data-large_image_height=\"1443\"href='https:\/\/www.radiopiu.net\/wordpress\/wp-content\/uploads\/2022\/10\/PHOTO-2022-09-26-16-02-59-1.jpg'><img loading=\"lazy\" decoding=\"async\" width=\"1486\" height=\"1443\" src=\"https:\/\/www.radiopiu.net\/wordpress\/wp-content\/uploads\/2022\/10\/PHOTO-2022-09-26-16-02-59-1.jpg\" class=\"attachment-full size-full\" alt=\"\" srcset=\"https:\/\/www.radiopiu.net\/wordpress\/wp-content\/uploads\/2022\/10\/PHOTO-2022-09-26-16-02-59-1.jpg 1486w, https:\/\/www.radiopiu.net\/wordpress\/wp-content\/uploads\/2022\/10\/PHOTO-2022-09-26-16-02-59-1-300x291.jpg 300w, https:\/\/www.radiopiu.net\/wordpress\/wp-content\/uploads\/2022\/10\/PHOTO-2022-09-26-16-02-59-1-1024x994.jpg 1024w, https:\/\/www.radiopiu.net\/wordpress\/wp-content\/uploads\/2022\/10\/PHOTO-2022-09-26-16-02-59-1-768x746.jpg 768w\" sizes=\"auto, (max-width: 1486px) 100vw, 1486px\" \/><\/a>\n\t\t\t\t<\/dt><\/dl><br style=\"clear: both\" \/>\n\t\t\t<\/div>\n\n<p>&nbsp;<\/p>\n","protected":false},"excerpt":{"rendered":"<p>&nbsp; &nbsp; BORGO VALBELLUNA I cittadini dell&#8217;ex Municipio di Trichiana (oggi nell&#8217;agglomerato Borgo Valbelluna) hanno scritto al sindaco, consiglieri comunali e forze di Polizia Rurale dopo essere venuti a conoscenza che una societ\u00e0 agricola intende acquistare circa 51 ettari di terreno agricolo. In quella zona gi\u00e0 esiste un&#8217;ampia zona adibita a vigneto intensivo per circa&hellip;<\/p>\n","protected":false},"author":4,"featured_media":300632,"comment_status":"closed","ping_status":"closed","sticky":false,"template":"","format":"standard","meta":{"_monsterinsights_skip_tracking":false,"_monsterinsights_sitenote_active":false,"_monsterinsights_sitenote_note":"","_monsterinsights_sitenote_category":0,"footnotes":""},"categories":[51,49],"tags":[],"class_list":["post-300623","post","type-post","status-publish","format-standard","has-post-thumbnail","hentry","category-evidenza-top","category-news-18","category-51","category-49","description-off"],"img_url":"https:\/\/www.radiopiu.net\/wordpress\/wp-content\/uploads\/2022\/10\/PHOTO-2022-09-26-16-02-59.jpg","_links":{"self":[{"href":"https:\/\/www.radiopiu.net\/wordpress\/wp-json\/wp\/v2\/posts\/300623","targetHints":{"allow":["GET"]}}],"collection":[{"href":"https:\/\/www.radiopiu.net\/wordpress\/wp-json\/wp\/v2\/posts"}],"about":[{"href":"https:\/\/www.radiopiu.net\/wordpress\/wp-json\/wp\/v2\/types\/post"}],"author":[{"embeddable":true,"href":"https:\/\/www.radiopiu.net\/wordpress\/wp-json\/wp\/v2\/users\/4"}],"replies":[{"embeddable":true,"href":"https:\/\/www.radiopiu.net\/wordpress\/wp-json\/wp\/v2\/comments?post=300623"}],"version-history":[{"count":0,"href":"https:\/\/www.radiopiu.net\/wordpress\/wp-json\/wp\/v2\/posts\/300623\/revisions"}],"wp:featuredmedia":[{"embeddable":true,"href":"https:\/\/www.radiopiu.net\/wordpress\/wp-json\/wp\/v2\/media\/300632"}],"wp:attachment":[{"href":"https:\/\/www.radiopiu.net\/wordpress\/wp-json\/wp\/v2\/media?parent=300623"}],"wp:term":[{"taxonomy":"category","embeddable":true,"href":"https:\/\/www.radiopiu.net\/wordpress\/wp-json\/wp\/v2\/categories?post=300623"},{"taxonomy":"post_tag","embeddable":true,"href":"https:\/\/www.radiopiu.net\/wordpress\/wp-json\/wp\/v2\/tags?post=300623"}],"curies":[{"name":"wp","href":"https:\/\/api.w.org\/{rel}","templated":true}]}}