{"id":300628,"date":"2022-10-07T23:59:40","date_gmt":"2022-10-07T21:59:40","guid":{"rendered":"https:\/\/www.radiopiu.net\/wordpress\/?p=300628"},"modified":"2022-10-08T05:51:52","modified_gmt":"2022-10-08T03:51:52","slug":"nel-fine-settimana-tre-partite-dellagordina-allivano-dorigo-di-agordo","status":"publish","type":"post","link":"https:\/\/www.radiopiu.net\/wordpress\/nel-fine-settimana-tre-partite-dellagordina-allivano-dorigo-di-agordo\/","title":{"rendered":"NEL FINE SETTIMANA TRE PARTITE DELL&#8217;AGORDINA ALL&#8217;IVANO DORIGO DI AGORDO"},"content":{"rendered":"<p><strong><a class=\"dt-pswp-item\" href=\"https:\/\/www.radiopiu.net\/wordpress\/wp-content\/uploads\/2021\/11\/CALCIO-2021.jpg\" data-dt-img-description=\"\" data-large_image_width=\"2560\" data-large_image_height=\"1707\"><img loading=\"lazy\" decoding=\"async\" class=\" wp-image-242798 alignleft\" src=\"https:\/\/www.radiopiu.net\/wordpress\/wp-content\/uploads\/2021\/11\/CALCIO-2021-300x200.jpg\" alt=\"\" width=\"171\" height=\"114\" srcset=\"https:\/\/www.radiopiu.net\/wordpress\/wp-content\/uploads\/2021\/11\/CALCIO-2021-300x200.jpg 300w, https:\/\/www.radiopiu.net\/wordpress\/wp-content\/uploads\/2021\/11\/CALCIO-2021-1024x683.jpg 1024w, https:\/\/www.radiopiu.net\/wordpress\/wp-content\/uploads\/2021\/11\/CALCIO-2021-768x512.jpg 768w, https:\/\/www.radiopiu.net\/wordpress\/wp-content\/uploads\/2021\/11\/CALCIO-2021-1536x1024.jpg 1536w, https:\/\/www.radiopiu.net\/wordpress\/wp-content\/uploads\/2021\/11\/CALCIO-2021-2048x1366.jpg 2048w\" sizes=\"auto, (max-width: 171px) 100vw, 171px\" \/><\/a>AGORDO<\/strong> Continuano i campionati FIGC per l&#8217;Agordina calcio che nel fine settimana sar\u00e0 impegnata con tutte le squadre iscritte ai vari tornei. Oggi in campo i Giovanissimi Provinciali che allo stadio Ivano Dorigo di Agordo ospiteranno alle 16 la Dynamo Vellai. Sempre oggi ma alle 15:30 in campo anche la Juniores di De Zaiacomo che dopo la bella prova di sette giorni fa vorr\u00e0 ripetersi nella prima trasferta stagionale contro la Juventina Mugnai. Domani mattina alle 10:30 sar\u00e0 il turno degli Allievi Regionali di Orzetti che, dopo le sconfitte nelle prime tre partite, dovranno affrontare il Conagliano. Prima squadra in campo domani alle 15:30. La squadra di Lorenzi gioca in casa contro il Sois. I ragazzi di Agordo escono da due pareggi e una sconfitta e dovranno assolutamente impegnarsi al massimo per conquistare la prima vittoria stagionale. Radio Pi\u00f9 seguir\u00e0 la partita dell&#8217;Agordina a partire dalle 15:30 con Domenica Pi\u00f9 Sport.<\/p>\n<p>&nbsp;<\/p>\n<p>&nbsp;<\/p>\n<p>*****<\/p>\n","protected":false},"excerpt":{"rendered":"<p>AGORDO Continuano i campionati FIGC per l&#8217;Agordina calcio che nel fine settimana sar\u00e0 impegnata con tutte le squadre iscritte ai vari tornei. Oggi in campo i Giovanissimi Provinciali che allo stadio Ivano Dorigo di Agordo ospiteranno alle 16 la Dynamo Vellai. Sempre oggi ma alle 15:30 in campo anche la Juniores di De Zaiacomo che&hellip;<\/p>\n","protected":false},"author":4,"featured_media":242798,"comment_status":"closed","ping_status":"closed","sticky":false,"template":"","format":"standard","meta":{"_monsterinsights_skip_tracking":false,"_monsterinsights_sitenote_active":false,"_monsterinsights_sitenote_note":"","_monsterinsights_sitenote_category":0,"footnotes":""},"categories":[104,49],"tags":[],"class_list":["post-300628","post","type-post","status-publish","format-standard","has-post-thumbnail","hentry","category-evidenza_3","category-news-18","category-104","category-49","description-off"],"img_url":"https:\/\/www.radiopiu.net\/wordpress\/wp-content\/uploads\/2021\/11\/CALCIO-2021.jpg","_links":{"self":[{"href":"https:\/\/www.radiopiu.net\/wordpress\/wp-json\/wp\/v2\/posts\/300628","targetHints":{"allow":["GET"]}}],"collection":[{"href":"https:\/\/www.radiopiu.net\/wordpress\/wp-json\/wp\/v2\/posts"}],"about":[{"href":"https:\/\/www.radiopiu.net\/wordpress\/wp-json\/wp\/v2\/types\/post"}],"author":[{"embeddable":true,"href":"https:\/\/www.radiopiu.net\/wordpress\/wp-json\/wp\/v2\/users\/4"}],"replies":[{"embeddable":true,"href":"https:\/\/www.radiopiu.net\/wordpress\/wp-json\/wp\/v2\/comments?post=300628"}],"version-history":[{"count":0,"href":"https:\/\/www.radiopiu.net\/wordpress\/wp-json\/wp\/v2\/posts\/300628\/revisions"}],"wp:featuredmedia":[{"embeddable":true,"href":"https:\/\/www.radiopiu.net\/wordpress\/wp-json\/wp\/v2\/media\/242798"}],"wp:attachment":[{"href":"https:\/\/www.radiopiu.net\/wordpress\/wp-json\/wp\/v2\/media?parent=300628"}],"wp:term":[{"taxonomy":"category","embeddable":true,"href":"https:\/\/www.radiopiu.net\/wordpress\/wp-json\/wp\/v2\/categories?post=300628"},{"taxonomy":"post_tag","embeddable":true,"href":"https:\/\/www.radiopiu.net\/wordpress\/wp-json\/wp\/v2\/tags?post=300628"}],"curies":[{"name":"wp","href":"https:\/\/api.w.org\/{rel}","templated":true}]}}