{"id":300693,"date":"2022-10-10T05:16:19","date_gmt":"2022-10-10T03:16:19","guid":{"rendered":"https:\/\/www.radiopiu.net\/wordpress\/?p=300693"},"modified":"2022-10-10T05:16:25","modified_gmt":"2022-10-10T03:16:25","slug":"linflazione-si-mangia-i-nostri-risparmi-a-padova-verona-e-treviso-le-famiglie-piu-penalizzate","status":"publish","type":"post","link":"https:\/\/www.radiopiu.net\/wordpress\/linflazione-si-mangia-i-nostri-risparmi-a-padova-verona-e-treviso-le-famiglie-piu-penalizzate\/","title":{"rendered":"L\u2019INFLAZIONE SI \u201cMANGIA\u201d I NOSTRI RISPARMI. A PADOVA, VERONA E TREVISO LE FAMIGLIE PIU\u2019 PENALIZZATE"},"content":{"rendered":"<p><a class=\"dt-pswp-item\" href=\"https:\/\/www.radiopiu.net\/wordpress\/wp-content\/uploads\/2022\/10\/Schermata-2022-10-08-alle-09.44.35-1.png\" data-dt-img-description=\"\" data-large_image_width=\"944\" data-large_image_height=\"742\"><img loading=\"lazy\" decoding=\"async\" class=\"alignleft size-medium wp-image-300696\" src=\"https:\/\/www.radiopiu.net\/wordpress\/wp-content\/uploads\/2022\/10\/Schermata-2022-10-08-alle-09.44.35-1-300x236.png\" alt=\"\" width=\"300\" height=\"236\" srcset=\"https:\/\/www.radiopiu.net\/wordpress\/wp-content\/uploads\/2022\/10\/Schermata-2022-10-08-alle-09.44.35-1-300x236.png 300w, https:\/\/www.radiopiu.net\/wordpress\/wp-content\/uploads\/2022\/10\/Schermata-2022-10-08-alle-09.44.35-1-768x604.png 768w, https:\/\/www.radiopiu.net\/wordpress\/wp-content\/uploads\/2022\/10\/Schermata-2022-10-08-alle-09.44.35-1.png 944w\" sizes=\"auto, (max-width: 300px) 100vw, 300px\" \/><\/a>L\u2019inflazione si \u201cmangia\u201d i nostri risparmi: una stangata che in Veneto ammonta a 8,3 miliardi di euro. I conti, realizzati dall\u2019Ufficio studi della CGIA, partono dall\u2019ipotesi che le famiglie venete abbiano mantenuto nel proprio istituto di credito gli stessi risparmi che avevano a inizio anno. Pertanto, a causa della crescita dell\u2019inflazione stimata per il 2022 all\u20198 per cento, la dimensione economica reale del deposito bancario ha subito una drastica decurtazione. Certo, una piccolissima parte di questa perdita di potere di acquisto sicuramente verr\u00e0 compensata dall\u2019aumento degli interessi sui depositi. A seguito dell\u2019incremento dei tassi decisi in questi ultimi mesi dalla Bce, infatti, le banche, nella seconda parte dell\u2019anno, stanno riconoscendo ai propri correntisti degli interessi positivi. Tuttavia, il conto da \u201cpagare\u201d \u00e8 pesantissimo e colpisce maggiormente le famiglie meno abbienti.<\/p>\n<p><strong>A Padova, Verona e Treviso le famiglie pi\u00f9 penalizzate<\/strong><br \/>\nIn Veneto sono le famiglie ubicate in provincia di Padova a subire la perdita di potere d\u2019acquisto pi\u00f9 elevata pari a 1,6 miliardi di euro; seguono i nuclei residenti a Verona con 1,58, quelli di Treviso con 1,57, Vicenza con 1,46 e Venezia con 1,32. Chiudono la graduatoria regionale Belluno con 385 milioni e Rovigo con 366 (vedi Tab. 1).<br \/>\nA livello nazionale, invece, le province pi\u00f9 penalizzate sono quelle pi\u00f9 popolate e tendenzialmente anche con i livelli di ricchezza pi\u00f9 importanti: a Roma, infatti, l\u2019inflazione \u201cerode\u201d 7,42 miliardi di euro di risparmi familiari, a Milano 7,39, a Torino 3,85, a Napoli 3,33, a Brescia 2,24 e a Bologna 1,97. Tra le meno esposte, infine, scorgiamo la provincia di Enna con 156 milioni di euro, Isernia con 153 e Crotone con 123.<\/p>\n<p><strong>Le casse dello Stato, invece, \u201csorridono\u201d<\/strong><br \/>\nCerto, a causa dell\u2019aumento dell\u2019inflazione, anche lo Stato centrale e le sue articolazioni periferiche subiranno una impennata sul fronte delle uscite. Nel frattempo, per\u00f2, l\u2019incremento del gettito riscosso \u00e8 stato molto importante. Nei primi 8 mesi del 2022 rispetto allo stesso periodo dell\u2019anno scorso, le entrate tributarie erariali sono aumentate di 40,69 miliardi di euro. Questo score cos\u00ec positivo \u00e8 riconducibile a tre fattori: agli effetti del \u201cdecreto Rilancio\u201d e del \u201cdecreto Agosto\u201d, &#8211; che tra il 2020 e il 2021 avevano disposto proroghe, sospensioni, etc. &#8211; e, in particolar modo, agli incrementi dei prezzi al consumo che hanno spinto all\u2019ins\u00f9 il gettito dell\u2019Iva.<\/p>\n<p><strong>Arriva la stagflazione<\/strong><br \/>\nIl pericolo che la nostra economia stia scivolando verso la stagflazione \u00e8 molto elevato. E\u2019 un quadro economico che in tempi relativamente brevi potrebbe verificarsi anche in Italia. Con le difficolt\u00e0 legate alla pandemia, agli effetti della guerra in Ucraina, all\u2019aumento dei prezzi delle materie prime e dei prodotti energetici rischiamo, nel medio periodo, di veder scivolare la crescita economica verso lo zero, con una inflazione che, invece, potrebbe superare tranquillamente le due cifre.<\/p>\n<p><strong>Bisogna tagliare la spesa e le tasse<\/strong><br \/>\nContrastare la stagflazione, segnala l\u2019Ufficio studi della CGIA, \u00e8 un\u2019operazione molto complessa. Per attenuare la spinta inflazionistica, gli esperti sostengono che le\u00a0 banche centrali\u00a0dovrebbero contenere le misure espansive e aumentare i tassi di interesse, operazione che consentirebbe di diminuire la massa monetaria in circolazione. E\u2019 evidente che avendo un rapporto debito\/Pil tra i pi\u00f9 elevati al mondo, con l\u2019aumento dei tassi di interesse l\u2019Italia registrerebbe un deciso incremento del costo del debito pubblico. Un problema che potrebbe minare la nostra stabilit\u00e0 finanziaria. Bisognerebbe, infine, intervenire simultaneamente almeno su altri tre versanti: in primo luogo, attraverso la drastica riduzione della spesa corrente e, in secondo luogo, con il taglio della pressione fiscale, unici strumenti efficaci in grado di stimolare i consumi e per questa via alimentare anche la domanda aggregata di beni e servizi. Operazioni, queste ultime, non facili da applicare in misura importante, almeno fino a quando non verr\u00e0 \u201crivisto\u201d il Patto di Stabilit\u00e0 a livello europeo. Infine, ma non certo per ultimo, dovremo assolutamente sterilizzare i rincari delle bollette di energia elettrica e del gas che sono la causa di questo forte aumento dell\u2019inflazione registrato in quest\u2019ultimo anno.<\/p>\n","protected":false},"excerpt":{"rendered":"<p>L\u2019inflazione si \u201cmangia\u201d i nostri risparmi: una stangata che in Veneto ammonta a 8,3 miliardi di euro. I conti, realizzati dall\u2019Ufficio studi della CGIA, partono dall\u2019ipotesi che le famiglie venete abbiano mantenuto nel proprio istituto di credito gli stessi risparmi che avevano a inizio anno. Pertanto, a causa della crescita dell\u2019inflazione stimata per il 2022&hellip;<\/p>\n","protected":false},"author":2,"featured_media":98513,"comment_status":"closed","ping_status":"closed","sticky":false,"template":"","format":"standard","meta":{"_monsterinsights_skip_tracking":false,"_monsterinsights_sitenote_active":false,"_monsterinsights_sitenote_note":"","_monsterinsights_sitenote_category":0,"footnotes":""},"categories":[104,49],"tags":[],"class_list":["post-300693","post","type-post","status-publish","format-standard","has-post-thumbnail","hentry","category-evidenza_3","category-news-18","category-104","category-49","description-off"],"img_url":"https:\/\/www.radiopiu.net\/wordpress\/wp-content\/uploads\/2019\/09\/euro-1605659_1280.jpg","_links":{"self":[{"href":"https:\/\/www.radiopiu.net\/wordpress\/wp-json\/wp\/v2\/posts\/300693","targetHints":{"allow":["GET"]}}],"collection":[{"href":"https:\/\/www.radiopiu.net\/wordpress\/wp-json\/wp\/v2\/posts"}],"about":[{"href":"https:\/\/www.radiopiu.net\/wordpress\/wp-json\/wp\/v2\/types\/post"}],"author":[{"embeddable":true,"href":"https:\/\/www.radiopiu.net\/wordpress\/wp-json\/wp\/v2\/users\/2"}],"replies":[{"embeddable":true,"href":"https:\/\/www.radiopiu.net\/wordpress\/wp-json\/wp\/v2\/comments?post=300693"}],"version-history":[{"count":0,"href":"https:\/\/www.radiopiu.net\/wordpress\/wp-json\/wp\/v2\/posts\/300693\/revisions"}],"wp:featuredmedia":[{"embeddable":true,"href":"https:\/\/www.radiopiu.net\/wordpress\/wp-json\/wp\/v2\/media\/98513"}],"wp:attachment":[{"href":"https:\/\/www.radiopiu.net\/wordpress\/wp-json\/wp\/v2\/media?parent=300693"}],"wp:term":[{"taxonomy":"category","embeddable":true,"href":"https:\/\/www.radiopiu.net\/wordpress\/wp-json\/wp\/v2\/categories?post=300693"},{"taxonomy":"post_tag","embeddable":true,"href":"https:\/\/www.radiopiu.net\/wordpress\/wp-json\/wp\/v2\/tags?post=300693"}],"curies":[{"name":"wp","href":"https:\/\/api.w.org\/{rel}","templated":true}]}}