{"id":300732,"date":"2022-10-08T16:13:01","date_gmt":"2022-10-08T14:13:01","guid":{"rendered":"https:\/\/www.radiopiu.net\/wordpress\/?p=300732"},"modified":"2022-10-08T16:13:01","modified_gmt":"2022-10-08T14:13:01","slug":"la-risposta-del-sindaco-di-belluno-alla-minoranza-sulla-questione-del-consulente-politico","status":"publish","type":"post","link":"https:\/\/www.radiopiu.net\/wordpress\/la-risposta-del-sindaco-di-belluno-alla-minoranza-sulla-questione-del-consulente-politico\/","title":{"rendered":"LA RISPOSTA DEL SINDACO DI BELLUNO ALLA MINORANZA SULLA QUESTIONE DEL CONSULENTE POLITICO"},"content":{"rendered":"<p><strong><a class=\"dt-pswp-item\" href=\"https:\/\/www.radiopiu.net\/wordpress\/wp-content\/uploads\/2022\/06\/oscar-de-pellegrin.png\" data-dt-img-description=\"\" data-large_image_width=\"2000\" data-large_image_height=\"1804\"><img loading=\"lazy\" decoding=\"async\" class=\" wp-image-281257 alignleft\" src=\"https:\/\/www.radiopiu.net\/wordpress\/wp-content\/uploads\/2022\/06\/oscar-de-pellegrin-300x271.png\" alt=\"\" width=\"173\" height=\"156\" srcset=\"https:\/\/www.radiopiu.net\/wordpress\/wp-content\/uploads\/2022\/06\/oscar-de-pellegrin-300x271.png 300w, https:\/\/www.radiopiu.net\/wordpress\/wp-content\/uploads\/2022\/06\/oscar-de-pellegrin-1024x924.png 1024w, https:\/\/www.radiopiu.net\/wordpress\/wp-content\/uploads\/2022\/06\/oscar-de-pellegrin-768x693.png 768w, https:\/\/www.radiopiu.net\/wordpress\/wp-content\/uploads\/2022\/06\/oscar-de-pellegrin-1536x1385.png 1536w, https:\/\/www.radiopiu.net\/wordpress\/wp-content\/uploads\/2022\/06\/oscar-de-pellegrin.png 2000w\" sizes=\"auto, (max-width: 173px) 100vw, 173px\" \/><\/a>BELLUNO <\/strong>\u201c<em>L\u2019opposizione deve fare opposizione, ma in modo costruttivo. Non tanto per attaccare, quella \u00e8 la politica da cui vogliamo allontanarci<\/em>\u201d. Il sindaco Oscar De Pellegrin risponde alle accuse e alle critiche mosse dalla minoranza e lo fa chiarendo le argomentazioni portate in campo. \u201c<em>Partiamo dall\u2019avviso per il conferimento di un incarico per l\u2019ufficio staff del sindaco \u2013 prosegue De Pellegrin -, una questione affrontata in maggioranza, portata in giunta con una delibera il 27 settembre alla quale si \u00e8 dato seguito con la determina del 5 ottobre. Mi lascia perplesso e amareggiato che si parli di scarsa trasparenza. I documenti si trovano online nell\u2019albo pretorio del sito istituzionale del Comune, consultabili e scaricabili da chiunque. L\u00ec si pu\u00f2 trovare la determina con l\u2019avviso, al quale pu\u00f2 rispondere e candidarsi chiunque ritenga di avere i requisiti per farlo. I termini per la presentazione scadono il 20 ottobre. Rispetto ad una procedura lineare e portata avanti secondo l\u2019iter previsto, perch\u00e9 si parla di scarsa trasparenza? La trasparenza \u00e8 garantita dalla pubblicazione per 15 giorni della documentazione, ma che gli atti non vengano pubblicati in sequenza, come \u00e8 stato sottolineato dai consiglieri, \u00e8 del tutto normale perch\u00e9 vanno online mano a mano che vengono completati e sottoscritti, questo lo dovrebbero saper<\/em>e\u201d. \u201c<em>Facciamo chiarezza ed evitiamo strumentalizzazioni \u2013 conclude De Pellegrin -. Siamo arrivati a Palazzo Rosso e abbiamo trovato una situazione, sotto il profilo finanziario, pesante. I tempi sono difficili, lo sappiamo bene tutti, ma in passato si poteva fare decisamente meglio prevedendo prima certi investimenti utili a contenere le spese e analizzando prima i centri di costo delle partecipate per capire dove ricavare economie. Tutto questo non \u00e8 stato fatto negli ultimi dieci anni. Ci siamo messi al lavoro, pancia a terra, per assicurare il normale proseguimento dei servizi erogati dal Comune nonostante gli aumenti vertiginosi dei costi dell\u2019energia, tirando qua e l\u00e0 la coperta, cercando spazi di risparmio. Lo spegnimento delle luci \u00e8 stata una misura introdotta dalla scorsa amministrazione, noi l\u2019abbiamo ritenuta positiva per contenere i costi e abbiamo ritenuto di portarla avanti, spiace che ora il consigliere ed ex sindaco Jacopo Massaro non se ne ricordi e attacchi anche su questo fronte. <\/em><em>Le tariffe Sersa? Perch\u00e8 non si dice che per 10 anni non \u00e8 stato introdotto l\u2019adeguamento Istat, come si sarebbe invece dovuto fare? E\u2019 toccato a noi farlo, per dovere, il tema \u00e8 stato affrontato in commissione dove siede la minoranza quanto la maggioranza e tutti ne erano a conoscenza. L\u2019opposizione faccia l\u2019opposizione, \u00e8 giusto ed \u00e8 stimolante per tutti noi, ma restando nei limiti del buon senso. Io e tutta la maggioranza siamo disponibili al confronto, l\u2019invito l\u2019ho rivolto in pi\u00f9 occasioni ma ad oggi, purtroppo, non ho ricevuto richieste di incontr<\/em>o\u201d.<\/p>\n<p>&nbsp;<\/p>\n<p>&nbsp;<\/p>\n<p>*****<\/p>\n","protected":false},"excerpt":{"rendered":"<p>BELLUNO \u201cL\u2019opposizione deve fare opposizione, ma in modo costruttivo. Non tanto per attaccare, quella \u00e8 la politica da cui vogliamo allontanarci\u201d. Il sindaco Oscar De Pellegrin risponde alle accuse e alle critiche mosse dalla minoranza e lo fa chiarendo le argomentazioni portate in campo. \u201cPartiamo dall\u2019avviso per il conferimento di un incarico per l\u2019ufficio staff&hellip;<\/p>\n","protected":false},"author":4,"featured_media":281257,"comment_status":"closed","ping_status":"closed","sticky":false,"template":"","format":"standard","meta":{"_monsterinsights_skip_tracking":false,"_monsterinsights_sitenote_active":false,"_monsterinsights_sitenote_note":"","_monsterinsights_sitenote_category":0,"footnotes":""},"categories":[49],"tags":[],"class_list":["post-300732","post","type-post","status-publish","format-standard","has-post-thumbnail","hentry","category-news-18","category-49","description-off"],"img_url":"https:\/\/www.radiopiu.net\/wordpress\/wp-content\/uploads\/2022\/06\/oscar-de-pellegrin.png","_links":{"self":[{"href":"https:\/\/www.radiopiu.net\/wordpress\/wp-json\/wp\/v2\/posts\/300732","targetHints":{"allow":["GET"]}}],"collection":[{"href":"https:\/\/www.radiopiu.net\/wordpress\/wp-json\/wp\/v2\/posts"}],"about":[{"href":"https:\/\/www.radiopiu.net\/wordpress\/wp-json\/wp\/v2\/types\/post"}],"author":[{"embeddable":true,"href":"https:\/\/www.radiopiu.net\/wordpress\/wp-json\/wp\/v2\/users\/4"}],"replies":[{"embeddable":true,"href":"https:\/\/www.radiopiu.net\/wordpress\/wp-json\/wp\/v2\/comments?post=300732"}],"version-history":[{"count":0,"href":"https:\/\/www.radiopiu.net\/wordpress\/wp-json\/wp\/v2\/posts\/300732\/revisions"}],"wp:featuredmedia":[{"embeddable":true,"href":"https:\/\/www.radiopiu.net\/wordpress\/wp-json\/wp\/v2\/media\/281257"}],"wp:attachment":[{"href":"https:\/\/www.radiopiu.net\/wordpress\/wp-json\/wp\/v2\/media?parent=300732"}],"wp:term":[{"taxonomy":"category","embeddable":true,"href":"https:\/\/www.radiopiu.net\/wordpress\/wp-json\/wp\/v2\/categories?post=300732"},{"taxonomy":"post_tag","embeddable":true,"href":"https:\/\/www.radiopiu.net\/wordpress\/wp-json\/wp\/v2\/tags?post=300732"}],"curies":[{"name":"wp","href":"https:\/\/api.w.org\/{rel}","templated":true}]}}