{"id":300760,"date":"2022-10-10T05:17:23","date_gmt":"2022-10-10T03:17:23","guid":{"rendered":"https:\/\/www.radiopiu.net\/wordpress\/?p=300760"},"modified":"2022-10-10T05:17:51","modified_gmt":"2022-10-10T03:17:51","slug":"moto-investe-un-cervo-a-candaten","status":"publish","type":"post","link":"https:\/\/www.radiopiu.net\/wordpress\/moto-investe-un-cervo-a-candaten\/","title":{"rendered":"MOTO INVESTE UN CERVO A CANDATEN"},"content":{"rendered":"<p><span style=\"color: #ff0000;\"><strong>NOTIZIA IN AGGIORNAMENTO<\/strong><\/span><\/p>\n<p><strong>SEDICO<\/strong> Incidente a Candaten nella serata di venerd\u00ec dove una motocicletta \u00e8 entrata in collisione con un cervo. Ad avere la peggio l&#8217;animale che \u00e8 stato recuperato sul prato vicino al ciglio stradale. Un tratto di strada che negli ultimi giorni \u00e8 molto frequentato dagli ungulati che stanno vivendo il periodo &#8220;dell&#8217;amore&#8221;. Tante le segnalazioni di animali a bordo strada sul canale Telegram &#8220;Viabilit\u00e0 Provincia di Belluno&#8221;.<\/p>\n\n\t\t\t<style type='text\/css'>\n\t\t\t\t#gallery-1 {\n\t\t\t\t\tmargin: auto;\n\t\t\t\t}\n\t\t\t\t#gallery-1 .gallery-item {\n\t\t\t\t\tfloat: left;\n\t\t\t\t\tmargin-top: 10px;\n\t\t\t\t\ttext-align: center;\n\t\t\t\t\twidth: 50%;\n\t\t\t\t}\n\t\t\t\t#gallery-1 img {\n\t\t\t\t\tborder: 2px solid #cfcfcf;\n\t\t\t\t}\n\t\t\t\t#gallery-1 .gallery-caption {\n\t\t\t\t\tmargin-left: 0;\n\t\t\t\t}\n\t\t\t\t\/* see gallery_shortcode() in wp-includes\/media.php *\/\n\t\t\t<\/style>\n\t\t<div id='gallery-1' class='dt-gallery-container gallery galleryid-300760 gallery-columns-2 gallery-size-medium'><dl class='gallery-item'>\n\t\t\t\t<dt class='gallery-icon landscape'>\n\t\t\t\t\t<a class=\"rollover rollover-zoom dt-pswp-item\" title=\"b55ef9d3-dd58-4289-9156-34fcaad1aeaa\" data-dt-img-description=\"\" data-large_image_width=\"1024\" data-large_image_height=\"664\"href='https:\/\/www.radiopiu.net\/wordpress\/wp-content\/uploads\/2022\/10\/b55ef9d3-dd58-4289-9156-34fcaad1aeaa.jpg'><img loading=\"lazy\" decoding=\"async\" width=\"300\" height=\"195\" src=\"https:\/\/www.radiopiu.net\/wordpress\/wp-content\/uploads\/2022\/10\/b55ef9d3-dd58-4289-9156-34fcaad1aeaa-300x195.jpg\" class=\"attachment-medium size-medium\" alt=\"\" srcset=\"https:\/\/www.radiopiu.net\/wordpress\/wp-content\/uploads\/2022\/10\/b55ef9d3-dd58-4289-9156-34fcaad1aeaa-300x195.jpg 300w, https:\/\/www.radiopiu.net\/wordpress\/wp-content\/uploads\/2022\/10\/b55ef9d3-dd58-4289-9156-34fcaad1aeaa-768x498.jpg 768w, https:\/\/www.radiopiu.net\/wordpress\/wp-content\/uploads\/2022\/10\/b55ef9d3-dd58-4289-9156-34fcaad1aeaa.jpg 1024w\" sizes=\"auto, (max-width: 300px) 100vw, 300px\" \/><\/a>\n\t\t\t\t<\/dt><\/dl><dl class='gallery-item'>\n\t\t\t\t<dt class='gallery-icon landscape'>\n\t\t\t\t\t<a class=\"rollover rollover-zoom dt-pswp-item\" title=\"2c064ef5-2bda-4b62-91d0-4089fc259ac5\" data-dt-img-description=\"\" data-large_image_width=\"1024\" data-large_image_height=\"683\"href='https:\/\/www.radiopiu.net\/wordpress\/wp-content\/uploads\/2022\/10\/2c064ef5-2bda-4b62-91d0-4089fc259ac5.jpg'><img loading=\"lazy\" decoding=\"async\" width=\"300\" height=\"200\" src=\"https:\/\/www.radiopiu.net\/wordpress\/wp-content\/uploads\/2022\/10\/2c064ef5-2bda-4b62-91d0-4089fc259ac5-300x200.jpg\" class=\"attachment-medium size-medium\" alt=\"\" srcset=\"https:\/\/www.radiopiu.net\/wordpress\/wp-content\/uploads\/2022\/10\/2c064ef5-2bda-4b62-91d0-4089fc259ac5-300x200.jpg 300w, https:\/\/www.radiopiu.net\/wordpress\/wp-content\/uploads\/2022\/10\/2c064ef5-2bda-4b62-91d0-4089fc259ac5-768x512.jpg 768w, https:\/\/www.radiopiu.net\/wordpress\/wp-content\/uploads\/2022\/10\/2c064ef5-2bda-4b62-91d0-4089fc259ac5.jpg 1024w\" sizes=\"auto, (max-width: 300px) 100vw, 300px\" \/><\/a>\n\t\t\t\t<\/dt><\/dl><br style=\"clear: both\" \/>\n\t\t\t<\/div>\n\n<p>&nbsp;<\/p>\n<p>&nbsp;<\/p>\n<p>*****<\/p>\n","protected":false},"excerpt":{"rendered":"<p>NOTIZIA IN AGGIORNAMENTO SEDICO Incidente a Candaten nella serata di venerd\u00ec dove una motocicletta \u00e8 entrata in collisione con un cervo. Ad avere la peggio l&#8217;animale che \u00e8 stato recuperato sul prato vicino al ciglio stradale. Un tratto di strada che negli ultimi giorni \u00e8 molto frequentato dagli ungulati che stanno vivendo il periodo &#8220;dell&#8217;amore&#8221;.&hellip;<\/p>\n","protected":false},"author":4,"featured_media":300761,"comment_status":"closed","ping_status":"closed","sticky":false,"template":"","format":"standard","meta":{"_monsterinsights_skip_tracking":false,"_monsterinsights_sitenote_active":false,"_monsterinsights_sitenote_note":"","_monsterinsights_sitenote_category":0,"footnotes":""},"categories":[49],"tags":[],"class_list":["post-300760","post","type-post","status-publish","format-standard","has-post-thumbnail","hentry","category-news-18","category-49","description-off"],"img_url":"https:\/\/www.radiopiu.net\/wordpress\/wp-content\/uploads\/2022\/10\/b55ef9d3-dd58-4289-9156-34fcaad1aeaa.jpg","_links":{"self":[{"href":"https:\/\/www.radiopiu.net\/wordpress\/wp-json\/wp\/v2\/posts\/300760","targetHints":{"allow":["GET"]}}],"collection":[{"href":"https:\/\/www.radiopiu.net\/wordpress\/wp-json\/wp\/v2\/posts"}],"about":[{"href":"https:\/\/www.radiopiu.net\/wordpress\/wp-json\/wp\/v2\/types\/post"}],"author":[{"embeddable":true,"href":"https:\/\/www.radiopiu.net\/wordpress\/wp-json\/wp\/v2\/users\/4"}],"replies":[{"embeddable":true,"href":"https:\/\/www.radiopiu.net\/wordpress\/wp-json\/wp\/v2\/comments?post=300760"}],"version-history":[{"count":0,"href":"https:\/\/www.radiopiu.net\/wordpress\/wp-json\/wp\/v2\/posts\/300760\/revisions"}],"wp:featuredmedia":[{"embeddable":true,"href":"https:\/\/www.radiopiu.net\/wordpress\/wp-json\/wp\/v2\/media\/300761"}],"wp:attachment":[{"href":"https:\/\/www.radiopiu.net\/wordpress\/wp-json\/wp\/v2\/media?parent=300760"}],"wp:term":[{"taxonomy":"category","embeddable":true,"href":"https:\/\/www.radiopiu.net\/wordpress\/wp-json\/wp\/v2\/categories?post=300760"},{"taxonomy":"post_tag","embeddable":true,"href":"https:\/\/www.radiopiu.net\/wordpress\/wp-json\/wp\/v2\/tags?post=300760"}],"curies":[{"name":"wp","href":"https:\/\/api.w.org\/{rel}","templated":true}]}}