{"id":300851,"date":"2022-10-10T13:30:56","date_gmt":"2022-10-10T11:30:56","guid":{"rendered":"https:\/\/www.radiopiu.net\/wordpress\/?p=300851"},"modified":"2022-10-09T20:18:28","modified_gmt":"2022-10-09T18:18:28","slug":"i-racconti-di-paolo-soppelsa-puntata-146","status":"publish","type":"post","link":"https:\/\/www.radiopiu.net\/wordpress\/i-racconti-di-paolo-soppelsa-puntata-146\/","title":{"rendered":"I RACCONTI DI PAOLO SOPPELSA &#8211; PUNTATA 146"},"content":{"rendered":"<p><strong>LA DIGA<\/strong><\/p>\n<p><strong>AUDIO<\/strong><\/p>\n<audio class=\"wp-audio-shortcode\" id=\"audio-300851-1\" preload=\"none\" style=\"width: 100%;\" controls=\"controls\"><source type=\"audio\/mpeg\" src=\"https:\/\/www.radiopiu.net\/wordpress\/wp-content\/uploads\/2022\/10\/PAOLO-SOPPELSA-LA-DIGA.mp3?_=1\" \/><a href=\"https:\/\/www.radiopiu.net\/wordpress\/wp-content\/uploads\/2022\/10\/PAOLO-SOPPELSA-LA-DIGA.mp3\">https:\/\/www.radiopiu.net\/wordpress\/wp-content\/uploads\/2022\/10\/PAOLO-SOPPELSA-LA-DIGA.mp3<\/a><\/audio>\n<p>&nbsp;<\/p>\n<p><a class=\"dt-pswp-item\" href=\"https:\/\/www.radiopiu.net\/wordpress\/wp-content\/uploads\/2022\/10\/4eafaa77-7466-41f0-9941-1f9104a3c3c3.jpg\" data-dt-img-description=\"\" data-large_image_width=\"1080\" data-large_image_height=\"810\"><img loading=\"lazy\" decoding=\"async\" class=\" wp-image-300858 alignleft\" src=\"https:\/\/www.radiopiu.net\/wordpress\/wp-content\/uploads\/2022\/10\/4eafaa77-7466-41f0-9941-1f9104a3c3c3-300x225.jpg\" alt=\"\" width=\"204\" height=\"153\" srcset=\"https:\/\/www.radiopiu.net\/wordpress\/wp-content\/uploads\/2022\/10\/4eafaa77-7466-41f0-9941-1f9104a3c3c3-300x225.jpg 300w, https:\/\/www.radiopiu.net\/wordpress\/wp-content\/uploads\/2022\/10\/4eafaa77-7466-41f0-9941-1f9104a3c3c3-1024x768.jpg 1024w, https:\/\/www.radiopiu.net\/wordpress\/wp-content\/uploads\/2022\/10\/4eafaa77-7466-41f0-9941-1f9104a3c3c3-768x576.jpg 768w, https:\/\/www.radiopiu.net\/wordpress\/wp-content\/uploads\/2022\/10\/4eafaa77-7466-41f0-9941-1f9104a3c3c3.jpg 1080w\" sizes=\"auto, (max-width: 204px) 100vw, 204px\" \/><\/a>Quando i faggi presenti nei boschi che sovrastano Longarone iniziano ad arrossire, \u00e8 tempo di pensieri per ci\u00f2 che \u00e8 stato cinquantanove anni fa. Ho visto nascere venticinque autunni all&#8217;incrocio delle quattro valli, e nei primi giorni di ottobre puntualmente riaffiorano emozioni ormai radicate nell&#8217;anima. Un quarto di secolo vissuto a lavorare nel paese dove il Ma\u00e8 e il Vajont si uniscono al Piave. Longarone, con le sue montagne che si alzano dal greto del fiume Sacro, fa parte della mia vita; conosco certe nebbie che salgono dal fiume a novembre, e poi il vento di marzo e il suono delle campane che talvolta arriva fino alla zona industriale. Longarone \u00e8 i suoi palazzi in cemento armato e il campanile di Pirago, miracolosamente sopravvissuto al disastro, che si alza fiero alla sommit\u00e0 dell&#8217;omonimo colle. E poi la diga, l&#8217;austero e triste simbolo di questo paese cancellato e rinato. La vedi l\u00ec, con il suo colore quasi bianco, incassata nella stretta e severa gola scavata dalle acque del Vajont. Muta sfinge di calcestruzzo. Diga imponente tramutatasi in triste lapide. E quando, partecipando alla camminata de &#8220;I Percorsi della Memoria&#8221;, percorri la vecchia strada del Colomber, mentre risali lungo la forra improvvisamente te la ritrovi di fronte. Ad ogni passo la senti sempre pi\u00f9 vicina ed incombente. Attrae e respinge allo stesso tempo. Poi arrivi al ponte che attraversa la gola e ti pare quasi di toccarla. Ed in quel luogo angusto e severo perdi le dimensioni dello spazio in cui ti trovi. Sei sospeso a circa 120 metri dal fondo del torrente e non lo percepisci del tutto. E di fronte, a pochi metri, la diga sale prepotente verso il cielo per altri 140 metri. Totale 261,60 metri d&#8217;altezza. Fa impressione, incute timore e toglie il fiato ammirare la sua struttura a doppio arco. Lo scrosciare dell&#8217;acqua del Vajont, che precipita con spettacolare cascata fino a ritrovare il suo greto naturale, completa un insieme di sensazioni che accompagneranno per sempre. Camminare sul coronamento \u00e8 un&#8217;altra esperienza forte. Sotto i piedi, attraverso le fessure delle grate, i ferri piegati verso valle raccontano la potenza immane dell&#8217;onda. E si percepisce di camminare su di una sorta di cupola. Guardando verso Longarone si sente il vuoto in quanto la diga spancia di diversi metri sul suo asse verticale. Voltandosi dalla parte opposta la visione si fa pi\u00f9 rassicurante. L&#8217;arco si appoggia quasi dolcemente fino a raggiungere la frana. Dal centro diga si vede Longarone. E si immagina ci\u00f2 che \u00e8 stato. O forse \u00e8 pure impossibile immaginare. Aldil\u00e0 della forra un piazzale di cemento. Tutto cio che rimane dell&#8217;ardita cabina di comando sospesa sull&#8217;abisso. Affacciandosi sul vuoto stavolta la si vede scendere paurosamente verso il fondo della valle. Appare elegante ed al contempo austera la grande diga diventata silenziosa lapide. Capolavoro di tecnica innalzato nel luogo pi\u00f9 sbagliato. Con il suo calcestruzzo ancora perfetto, appena scalfita alla sua sommit\u00e0 dall&#8217;onda maledetta. Superata ma non vinta. Severa lapide a ricordare ci\u00f2 che non si dovr\u00e0 mai dimenticare.<\/p>\n<p>&nbsp;<\/p>\n<p>&nbsp;<\/p>\n<p>******<\/p>\n","protected":false},"excerpt":{"rendered":"<p>LA DIGA AUDIO &nbsp; Quando i faggi presenti nei boschi che sovrastano Longarone iniziano ad arrossire, \u00e8 tempo di pensieri per ci\u00f2 che \u00e8 stato cinquantanove anni fa. Ho visto nascere venticinque autunni all&#8217;incrocio delle quattro valli, e nei primi giorni di ottobre puntualmente riaffiorano emozioni ormai radicate nell&#8217;anima. Un quarto di secolo vissuto a&hellip;<\/p>\n","protected":false},"author":4,"featured_media":300858,"comment_status":"closed","ping_status":"closed","sticky":false,"template":"","format":"standard","meta":{"_monsterinsights_skip_tracking":false,"_monsterinsights_sitenote_active":false,"_monsterinsights_sitenote_note":"","_monsterinsights_sitenote_category":0,"footnotes":""},"categories":[49,112],"tags":[],"class_list":["post-300851","post","type-post","status-publish","format-standard","has-post-thumbnail","hentry","category-news-18","category-racconti-soppelsa","category-49","category-112","description-off"],"img_url":"https:\/\/www.radiopiu.net\/wordpress\/wp-content\/uploads\/2022\/10\/4eafaa77-7466-41f0-9941-1f9104a3c3c3.jpg","_links":{"self":[{"href":"https:\/\/www.radiopiu.net\/wordpress\/wp-json\/wp\/v2\/posts\/300851","targetHints":{"allow":["GET"]}}],"collection":[{"href":"https:\/\/www.radiopiu.net\/wordpress\/wp-json\/wp\/v2\/posts"}],"about":[{"href":"https:\/\/www.radiopiu.net\/wordpress\/wp-json\/wp\/v2\/types\/post"}],"author":[{"embeddable":true,"href":"https:\/\/www.radiopiu.net\/wordpress\/wp-json\/wp\/v2\/users\/4"}],"replies":[{"embeddable":true,"href":"https:\/\/www.radiopiu.net\/wordpress\/wp-json\/wp\/v2\/comments?post=300851"}],"version-history":[{"count":0,"href":"https:\/\/www.radiopiu.net\/wordpress\/wp-json\/wp\/v2\/posts\/300851\/revisions"}],"wp:featuredmedia":[{"embeddable":true,"href":"https:\/\/www.radiopiu.net\/wordpress\/wp-json\/wp\/v2\/media\/300858"}],"wp:attachment":[{"href":"https:\/\/www.radiopiu.net\/wordpress\/wp-json\/wp\/v2\/media?parent=300851"}],"wp:term":[{"taxonomy":"category","embeddable":true,"href":"https:\/\/www.radiopiu.net\/wordpress\/wp-json\/wp\/v2\/categories?post=300851"},{"taxonomy":"post_tag","embeddable":true,"href":"https:\/\/www.radiopiu.net\/wordpress\/wp-json\/wp\/v2\/tags?post=300851"}],"curies":[{"name":"wp","href":"https:\/\/api.w.org\/{rel}","templated":true}]}}