{"id":300873,"date":"2022-10-11T06:01:05","date_gmt":"2022-10-11T04:01:05","guid":{"rendered":"https:\/\/www.radiopiu.net\/wordpress\/?p=300873"},"modified":"2022-10-11T09:45:45","modified_gmt":"2022-10-11T07:45:45","slug":"giornale-radiopiu-11-ottobre-2022-direttore-mirko-mezzacasa","status":"publish","type":"post","link":"https:\/\/www.radiopiu.net\/wordpress\/giornale-radiopiu-11-ottobre-2022-direttore-mirko-mezzacasa\/","title":{"rendered":"GIORNALE RADIOPIU 11 OTTOBRE 2022 DIRETTORE MIRKO MEZZACASA"},"content":{"rendered":"<h3 class=\"kvgmc6g5 cxmmr5t8 oygrvhab hcukyx3x c1et5uql\"><span style=\"color: #0000ff;\"><strong>RADIO PIU INFORMAZIONE il canale su TELEGRAM informazione di prima\u00a0\u00a0<\/strong><strong>mano e in tempo reale. iscriviti ed aiutaci a farlo conoscere<\/strong><\/span><\/h3>\n<p>&nbsp;<\/p>\n<p>&nbsp;<\/p>\n<hr \/>\n<p>&nbsp;<\/p>\n<blockquote>\n<h3>203 AGORDINA,\u00a0 OGGI INTERRUZIONI IN LOCALITA&#8217; LA STANGA<\/h3>\n<\/blockquote>\n<p><strong>SEDICO<\/strong> Veneto Strade comunica che per lavori di messa in sicurezza del versante sono previste temporanee interruzioni fino a 15 minuti per oggi dalle 8.15 alle 13.15 e dalle 14.30 alle 17<\/p>\n<p><img loading=\"lazy\" decoding=\"async\" class=\"\" src=\"https:\/\/www.radiopiu.net\/wordpress\/wp-content\/uploads\/2022\/09\/la-stanga.png\" width=\"412\" height=\"204\" \/><\/p>\n<p>&nbsp;<\/p>\n<p>&nbsp;<\/p>\n<hr \/>\n<p>&nbsp;<\/p>\n<p><strong>RIVAMONTE AGORDINO: Chiusura temporanea Ecocentro per manifestazione \u201cRiva l\u2019Oktoberfest\u201d<\/strong><\/p>\n<p><strong>AGORDO<\/strong> L\u2019Ecocentro di Rivamonte Agordino rimarr\u00e0 chiuso sabato 15 ottobre 2022 come richiesto dal Comune per consentire lo svolgimento della manifestazione denominata \u201cRiva l\u2019Oktoberfest\u201d. Si ricorda che le utenze possono accedere a qualsiasi Ecocentro del territorio dell\u2019Unione Montana Agordina, verificando sedi e orari di apertura nella pagina ECOCENTRO.<\/p>\n<p>&nbsp;<\/p>\n<p>&nbsp;<\/p>\n<hr \/>\n<p>&nbsp;<\/p>\n<blockquote>\n<h3><a class=\"dt-pswp-item\" href=\"https:\/\/www.radiopiu.net\/wordpress\/wp-content\/uploads\/2022\/05\/download-2.jpg\" data-dt-img-description=\"\" data-large_image_width=\"225\" data-large_image_height=\"225\"><img loading=\"lazy\" decoding=\"async\" class=\"wp-image-273618 alignleft\" src=\"https:\/\/www.radiopiu.net\/wordpress\/wp-content\/uploads\/2022\/05\/download-2.jpg\" alt=\"\" width=\"122\" height=\"122\" srcset=\"https:\/\/www.radiopiu.net\/wordpress\/wp-content\/uploads\/2022\/05\/download-2.jpg 225w, https:\/\/www.radiopiu.net\/wordpress\/wp-content\/uploads\/2022\/05\/download-2-150x150.jpg 150w\" sizes=\"auto, (max-width: 122px) 100vw, 122px\" \/><\/a>ACQUA INQUINATA, AUTOBOTTI A LIVINALLONGO E COLLE SANTA LUCIA. BOLLIRE L&#8217;ACQUA NON E&#8217; SUFFICIENTE<\/h3>\n<\/blockquote>\n<p>Gestione Servizi Pubblici informa che a LIVINALLONGO IN LOCALITA&#8217; VARDA, A\u00a0 COLLE S.LUCIA in LOCALITA&#8217; RUCAVA&#8217;\u00a0 l&#8217;acqua erogata dall&#8217;acquedotto non \u00e8 potabile e non pu\u00f2 essere usata per scopi alimentari. Verr\u00e0 effettuato servizio sostitutivo con cisterna posizionata a Rucav\u00e0 di Colle Santa Lucia, Varda a Livinallongo, le Foche e Lambroi a Gosaldo.<\/p>\n<p>&nbsp;<\/p>\n<blockquote>\n<h3>ACQUA NON POTABILE A COL DE CARRERA DI TAIBON AGORDINO<\/h3>\n<\/blockquote>\n<p><strong><a class=\"dt-pswp-item\" href=\"https:\/\/www.radiopiu.net\/wordpress\/wp-content\/uploads\/2018\/08\/ACQUA.jpeg\" data-dt-img-description=\"\" data-large_image_width=\"1280\" data-large_image_height=\"768\"><img loading=\"lazy\" decoding=\"async\" class=\" wp-image-57052 alignleft\" src=\"https:\/\/www.radiopiu.net\/wordpress\/wp-content\/uploads\/2018\/08\/ACQUA-300x180.jpeg\" alt=\"\" width=\"145\" height=\"87\" srcset=\"https:\/\/www.radiopiu.net\/wordpress\/wp-content\/uploads\/2018\/08\/ACQUA-300x180.jpeg 300w, https:\/\/www.radiopiu.net\/wordpress\/wp-content\/uploads\/2018\/08\/ACQUA-768x461.jpeg 768w, https:\/\/www.radiopiu.net\/wordpress\/wp-content\/uploads\/2018\/08\/ACQUA-1024x614.jpeg 1024w, https:\/\/www.radiopiu.net\/wordpress\/wp-content\/uploads\/2018\/08\/ACQUA.jpeg 1280w\" sizes=\"auto, (max-width: 145px) 100vw, 145px\" \/><\/a>TAIBON<\/strong> Gestione Servizi Pubblici informa che a TAIBON AGORDINO in LOCALITA&#8217; COL DE CARRERA l&#8217;acqua erogata dall&#8217;acquedotto non \u00e8 potabile e non pu\u00f2 essere usata per scopi alimentari. Verr\u00e0 effettuato servizio sostitutivo con cisterna posizionata presso il CENTRO di Col De Carrera. GSP ha, comunque, gi\u00e0 adottato le necessarie misure per la disinfezione dell&#8217;acqua presente nei serbatoi e nella rete idrica con l&#8217;aggiunta di cloro.<\/p>\n<blockquote>\n<h3><\/h3>\n<h3>INTERRUZIONE PROGRAMMATA A LA VALLE AGORDINA<\/h3>\n<\/blockquote>\n<p>LA VALLE Oggi e domani dalle 8 a fine lavori, verr\u00e0 sospesa l\u2019erogazione dell\u2019acqua in LOCALITA&#8217; LANTRAGO.<\/p>\n<p>&nbsp;<\/p>\n<p>&nbsp;<\/p>\n<hr \/>\n<p>&nbsp;<\/p>\n<blockquote>\n<h2>QUATTRO DECESSI PER COVID NEGLI ULTIMI SETTE GIORNI, ANCHE UNA DONNA DI 58 ANNI<\/h2>\n<\/blockquote>\n<p><strong>REDAZIONE\u00a0<\/strong> Quattro decessi per covid in sette giorni negli ospedali dell&#8217;Ulss1 Dolomiti: \u00a0una donna di anni 58 anni, un uomo di 90 anni,\u00a0 una donna di\u00a0 97 e una quarta donna di 86 anni. Sono 44 i pazienti in ospedale (area non critica), 8 nell&#8217;ospedale di comunit\u00e0.\u00a0 Da met\u00e0 primavera in poi c&#8217;eravamo abituati ad una mappa dai colori tenui, nei mesi pi\u00f9 caldi imperava il bianco (nessun caso covid in 7 giorni), poi settimana dopo settimana la mappa ha iniziato a riprendere colore e sono gi\u00e0 parecchi, in tutta la provincia, i Comuni colorati di viola scuro, ovvero con oltre 2000 nuovi casi di covid ogni 100 mila abitanti. Negli ultimi sette giorni si consolidano i segnali epidemiologici gi\u00e0 registrati di una evidente ripresa epidemica. I nuovi casi rilevati sono 1.383 (+302 rispetto alla scorsa settimana), con un conseguente tasso di incidenza settimanale di nuovi casi di 697 casi su 100 mila abitanti, in aumento rispetto al precedente periodo di osservazione, sempre superiore all&#8217;incidenza nazionale (483 su 100 mila abitanti) anch\u2019essa in aumento. Per questo la Ulss raccomanda di eseguire la quarta dose di vaccino anti-Covid. Sono in crescita anche i ricoveri ospedalieri, che richiedono un grosso impegno per l\u2019azienda sanitaria per mantenere le attivit\u00e0 ordinarie di tutte le unit\u00e0 operative e per evitare di rimodulare i servizi.\u00a0 I nuovi casi si collocano prevalentemente nelle fasce d\u2019et\u00e0 centrali 25-64 anni.<\/p>\n\n\t\t\t<style type='text\/css'>\n\t\t\t\t#gallery-1 {\n\t\t\t\t\tmargin: auto;\n\t\t\t\t}\n\t\t\t\t#gallery-1 .gallery-item {\n\t\t\t\t\tfloat: left;\n\t\t\t\t\tmargin-top: 10px;\n\t\t\t\t\ttext-align: center;\n\t\t\t\t\twidth: 50%;\n\t\t\t\t}\n\t\t\t\t#gallery-1 img {\n\t\t\t\t\tborder: 2px solid #cfcfcf;\n\t\t\t\t}\n\t\t\t\t#gallery-1 .gallery-caption {\n\t\t\t\t\tmargin-left: 0;\n\t\t\t\t}\n\t\t\t\t\/* see gallery_shortcode() in wp-includes\/media.php *\/\n\t\t\t<\/style>\n\t\t<div id='gallery-1' class='dt-gallery-container gallery galleryid-300873 gallery-columns-2 gallery-size-medium'><dl class='gallery-item'>\n\t\t\t\t<dt class='gallery-icon portrait'>\n\t\t\t\t\t<a class=\"rollover rollover-zoom dt-pswp-item\" title=\"82fd2dec-0f0a-4de8-a0ea-786aacd2c876\" data-dt-img-description=\"\" data-large_image_width=\"932\" data-large_image_height=\"969\"href='https:\/\/www.radiopiu.net\/wordpress\/wp-content\/uploads\/2022\/10\/82fd2dec-0f0a-4de8-a0ea-786aacd2c876.jpg'><img loading=\"lazy\" decoding=\"async\" width=\"289\" height=\"300\" src=\"https:\/\/www.radiopiu.net\/wordpress\/wp-content\/uploads\/2022\/10\/82fd2dec-0f0a-4de8-a0ea-786aacd2c876-289x300.jpg\" class=\"attachment-medium size-medium\" alt=\"\" srcset=\"https:\/\/www.radiopiu.net\/wordpress\/wp-content\/uploads\/2022\/10\/82fd2dec-0f0a-4de8-a0ea-786aacd2c876-289x300.jpg 289w, https:\/\/www.radiopiu.net\/wordpress\/wp-content\/uploads\/2022\/10\/82fd2dec-0f0a-4de8-a0ea-786aacd2c876-768x798.jpg 768w, https:\/\/www.radiopiu.net\/wordpress\/wp-content\/uploads\/2022\/10\/82fd2dec-0f0a-4de8-a0ea-786aacd2c876.jpg 932w\" sizes=\"auto, (max-width: 289px) 100vw, 289px\" \/><\/a>\n\t\t\t\t<\/dt><\/dl><dl class='gallery-item'>\n\t\t\t\t<dt class='gallery-icon landscape'>\n\t\t\t\t\t<a class=\"rollover rollover-zoom dt-pswp-item\" title=\"2ab2b457-d3ac-4a53-82f5-1954b9bbc10b\" data-dt-img-description=\"\" data-large_image_width=\"1664\" data-large_image_height=\"852\"href='https:\/\/www.radiopiu.net\/wordpress\/wp-content\/uploads\/2022\/10\/2ab2b457-d3ac-4a53-82f5-1954b9bbc10b.jpg'><img loading=\"lazy\" decoding=\"async\" width=\"300\" height=\"154\" src=\"https:\/\/www.radiopiu.net\/wordpress\/wp-content\/uploads\/2022\/10\/2ab2b457-d3ac-4a53-82f5-1954b9bbc10b-300x154.jpg\" class=\"attachment-medium size-medium\" alt=\"\" srcset=\"https:\/\/www.radiopiu.net\/wordpress\/wp-content\/uploads\/2022\/10\/2ab2b457-d3ac-4a53-82f5-1954b9bbc10b-300x154.jpg 300w, https:\/\/www.radiopiu.net\/wordpress\/wp-content\/uploads\/2022\/10\/2ab2b457-d3ac-4a53-82f5-1954b9bbc10b-1024x524.jpg 1024w, https:\/\/www.radiopiu.net\/wordpress\/wp-content\/uploads\/2022\/10\/2ab2b457-d3ac-4a53-82f5-1954b9bbc10b-768x393.jpg 768w, https:\/\/www.radiopiu.net\/wordpress\/wp-content\/uploads\/2022\/10\/2ab2b457-d3ac-4a53-82f5-1954b9bbc10b-1536x786.jpg 1536w, https:\/\/www.radiopiu.net\/wordpress\/wp-content\/uploads\/2022\/10\/2ab2b457-d3ac-4a53-82f5-1954b9bbc10b.jpg 1664w\" sizes=\"auto, (max-width: 300px) 100vw, 300px\" \/><\/a>\n\t\t\t\t<\/dt><\/dl><br style=\"clear: both\" \/>\n\t\t\t<\/div>\n\n<p>&nbsp;<\/p>\n<hr \/>\n<p>&nbsp;<\/p>\n<blockquote>\n<h2>PENSIONATO IN GRAVI CONDIZIONI DOPO LA CADUTA DALL&#8217;ALBERO DI CACHI<\/h2>\n<\/blockquote>\n<p><a class=\"dt-pswp-item\" href=\"https:\/\/www.radiopiu.net\/wordpress\/wp-content\/uploads\/2022\/10\/th-4.jpg\" data-dt-img-description=\"\" data-large_image_width=\"474\" data-large_image_height=\"355\"><img loading=\"lazy\" decoding=\"async\" class=\"wp-image-301071 alignleft\" src=\"https:\/\/www.radiopiu.net\/wordpress\/wp-content\/uploads\/2022\/10\/th-4-300x225.jpg\" alt=\"\" width=\"148\" height=\"111\" srcset=\"https:\/\/www.radiopiu.net\/wordpress\/wp-content\/uploads\/2022\/10\/th-4-300x225.jpg 300w, https:\/\/www.radiopiu.net\/wordpress\/wp-content\/uploads\/2022\/10\/th-4.jpg 474w\" sizes=\"auto, (max-width: 148px) 100vw, 148px\" \/><\/a><strong>SEDICO<\/strong> Un settantenne di Roe Alte \u00e8 ricoverato in prognosi riservata all&#8217;ospedale di Treviso. Nel pomeriggio di ieri ha perso l&#8217;equilibrio mentre stava raccogliendo i cachi dall&#8217;albero di casa. Ad allertare i soccorsi \u00e8 stata la moglie che se l&#8217;\u00e8 visto cadere dalla scala, improvvisamente \u00e8 scivolato battendo la testa sul piano di cemento a terra, ma non \u00e8 escluso che alla base dell&#8217;incidente domestico ci sia stato un malore. L&#8217;ex dipendente dell&#8217;amministrazione carceraria (ora in pensione) \u00e8 stato soccorso prima dall&#8217;ambulanza, pio dall&#8217;elicottero della Centrale del Suem.<\/p>\n<p>&nbsp;<\/p>\n<hr \/>\n<p>&nbsp;<\/p>\n<blockquote>\n<h2>MARTINA VALMASSOI COLPITA DALLA SCARICA DI SASSI AD ARCO<\/h2>\n<\/blockquote>\n<div dir=\"auto\"><\/div>\n<div dir=\"auto\"><strong>TRENTO<\/strong> Martina Valmassoi di Pozzale, nel fine settimana \u00e8 rimasta vittima di un incidente mentre arrampicava in Trentino. Una scarica di sassi l&#8217;ha colpita in pieno e ora la ragazza \u00e8 ricoverata all&#8217;ospedale Santa Chiara di Trento. L&#8217;atleta pozzalina \u00e8 riuscita a proteggere la testa e il busto Ora \u00e8 in ospedale per i danni subiti all&#8217;anca e a una gamba<\/div>\n<div dir=\"auto\"><\/div>\n<div dir=\"auto\">\n\n\t\t\t<style type='text\/css'>\n\t\t\t\t#gallery-2 {\n\t\t\t\t\tmargin: auto;\n\t\t\t\t}\n\t\t\t\t#gallery-2 .gallery-item {\n\t\t\t\t\tfloat: left;\n\t\t\t\t\tmargin-top: 10px;\n\t\t\t\t\ttext-align: center;\n\t\t\t\t\twidth: 50%;\n\t\t\t\t}\n\t\t\t\t#gallery-2 img {\n\t\t\t\t\tborder: 2px solid #cfcfcf;\n\t\t\t\t}\n\t\t\t\t#gallery-2 .gallery-caption {\n\t\t\t\t\tmargin-left: 0;\n\t\t\t\t}\n\t\t\t\t\/* see gallery_shortcode() in wp-includes\/media.php *\/\n\t\t\t<\/style>\n\t\t<div id='gallery-2' class='dt-gallery-container gallery galleryid-300873 gallery-columns-2 gallery-size-thumbnail'><dl class='gallery-item'>\n\t\t\t\t<dt class='gallery-icon portrait'>\n\t\t\t\t\t<a class=\"rollover rollover-zoom dt-pswp-item\" title=\"311332291_684626999688052_167854956116327969_n\" data-dt-img-description=\"\" data-large_image_width=\"480\" data-large_image_height=\"600\"href='https:\/\/www.radiopiu.net\/wordpress\/wp-content\/uploads\/2022\/10\/311332291_684626999688052_167854956116327969_n.jpg'><img loading=\"lazy\" decoding=\"async\" width=\"150\" height=\"150\" src=\"https:\/\/www.radiopiu.net\/wordpress\/wp-content\/uploads\/2022\/10\/311332291_684626999688052_167854956116327969_n-150x150.jpg\" class=\"attachment-thumbnail size-thumbnail\" alt=\"\" \/><\/a>\n\t\t\t\t<\/dt><\/dl><dl class='gallery-item'>\n\t\t\t\t<dt class='gallery-icon portrait'>\n\t\t\t\t\t<a class=\"rollover rollover-zoom dt-pswp-item\" title=\"311512523_684627006354718_3846422788983947846_n\" data-dt-img-description=\"\" data-large_image_width=\"1279\" data-large_image_height=\"1599\"href='https:\/\/www.radiopiu.net\/wordpress\/wp-content\/uploads\/2022\/10\/311512523_684627006354718_3846422788983947846_n.jpg'><img loading=\"lazy\" decoding=\"async\" width=\"150\" height=\"150\" src=\"https:\/\/www.radiopiu.net\/wordpress\/wp-content\/uploads\/2022\/10\/311512523_684627006354718_3846422788983947846_n-150x150.jpg\" class=\"attachment-thumbnail size-thumbnail\" alt=\"\" \/><\/a>\n\t\t\t\t<\/dt><\/dl><br style=\"clear: both\" \/>\n\t\t\t<\/div>\n\n<\/div>\n<div dir=\"auto\"><\/div>\n<div dir=\"auto\"><strong>IL POST DI FACEBOOK<\/strong><\/div>\n<blockquote>\n<div dir=\"auto\"><em>Mi sento grata ed estremamente felice di poter scrivere questo piccolo aggiornamento. Sabato in una bellissima giornata di arrampicata sono stato colpita da una grossa caduta di roccia. Sono felice di aver potuto prevederlo e proteggermi il pi\u00f9 possibile soprattutto la testa e il petto. Un secondo dopo questo episodio sarebbe finito in modo diverso. Vedo un osso rotto come occasione per riposare e riflettere su tutto ci\u00f2 che di bello ci porta la vita. Ancora pi\u00f9 grato con il mio amico <\/em>@fede.secchi <em>che ha gestito il mio salvataggio nel migliore dei modi. Naturalmente niente campionati mondiali in Tailandia per me ma far\u00f2 il tifo forte per la squadra da casa.<\/em><\/div>\n<\/blockquote>\n<div dir=\"auto\"><\/div>\n<p>&nbsp;<\/p>\n<hr \/>\n<p>&nbsp;<\/p>\n<blockquote>\n<h3>CONTRO IL MURO CON L&#8217;AUTO, ILLESO<\/h3>\n<\/blockquote>\n<p><strong>SOSPIROLO<\/strong> Incidente autonomo ieri in zona Masiere: illeso il conducente della vettura che \u00e8 uscito da solo dall&#8217;abitacolo. L&#8217;auto, una Ford, si \u00e8\u00a0 schiantata contro la parete di roccia a lato della strada e quindi si \u00e8 ribaltata. Il conducente ne ha perso il controllo all&#8217;improvviso e non \u00e8 stato pi\u00f9 in grado di controllare il volante. Nella carambola non sono state coinvolte altre vetture in transito.<\/p>\n<p>&nbsp;<\/p>\n<hr \/>\n<blockquote>\n<h3><\/h3>\n<h3>TRIBUNALE: A PROCESSO PER ATTI PERSECUTORI VERSO UN&#8217;ANZIANA DI 102 ANNI<\/h3>\n<\/blockquote>\n<p><strong><img loading=\"lazy\" decoding=\"async\" class=\"alignleft\" src=\"https:\/\/www.radiopiu.net\/wordpress\/wp-content\/uploads\/2021\/09\/tribunale-belluno.jpg\" width=\"207\" height=\"138\" \/>OGGI SUL CORRIERE DELLE ALPI<\/strong><\/p>\n<p><strong>DI GIGI SOSSO<\/strong><\/p>\n<p><strong>BELLUNO<\/strong> Teneva sveglia un&#8217;anziana con un megafono. E le faceva trovare degli escrementi davanti alla porta di casa. Due delle condotte contestate a una\u00a0 feltrina, che \u00e8 sotto processo per stalking nei confronti di una vicina di casa, che adesso ha 102 anni. Gli atti persecutori sarebbero andati avanti per sei anni, dal 2013 al 2019, rendendo la vita impossibile a una donna, che poteva solo andarsene da quella casa, per evitare anche solo d&#8217;incrociare la futura imputata per le scale. Ha trovato ospitalit\u00e0 da parenti e conoscenti, prima di presentare una querela dai carabinieri. A distanza di tre anni dall&#8217;ultimo episodio, il processo alla donna di Feltre pu\u00f2 partire. E sempre dal Tribunale: un agente della polizia di Falcade \u00e8 nei guai per i post su facebook contro il Presidente Mattarella, l&#8217;allora primo ministro Conte, per la gestione del Covid, ma anche per la violenta campagna contro gli immigrati. E&#8217; gi\u00e0 sottoposto a procedimento disciplinare, il Pubblico Ministero ha chiesto una sanzione di 5mila euro, l&#8217;avvocato Anna Casciarri ha chiesto invece l&#8217;assoluzione.<\/p>\n<p>&nbsp;<\/p>\n<hr \/>\n<p>&nbsp;<\/p>\n<blockquote>\n<h3 style=\"text-align: left;\">DEBORA SERRACCHIANI, LEZIONE DI IGNORANZA DA CHI E&#8217; STATO A CAPO DELLA CAMERA DEI DEPUTATI<\/h3>\n<\/blockquote>\n<p><a class=\"dt-pswp-item\" href=\"https:\/\/www.radiopiu.net\/wordpress\/wp-content\/uploads\/2022\/10\/Senza-nome-23.jpg\" data-dt-img-description=\"\" data-large_image_width=\"622\" data-large_image_height=\"628\"><img loading=\"lazy\" decoding=\"async\" class=\"size-medium wp-image-301074 aligncenter\" src=\"https:\/\/www.radiopiu.net\/wordpress\/wp-content\/uploads\/2022\/10\/Senza-nome-23-297x300.jpg\" alt=\"\" width=\"297\" height=\"300\" srcset=\"https:\/\/www.radiopiu.net\/wordpress\/wp-content\/uploads\/2022\/10\/Senza-nome-23-297x300.jpg 297w, https:\/\/www.radiopiu.net\/wordpress\/wp-content\/uploads\/2022\/10\/Senza-nome-23.jpg 622w\" sizes=\"auto, (max-width: 297px) 100vw, 297px\" \/><\/a><\/p>\n<p><strong>REDAZIONE<\/strong> Non c&#8217;\u00e8 molto da aggiungere se non ricordare che la &#8220;docente&#8221; di questa lezione di ignoranza\u00a0 (da ignorare la storia) \u00e8 Debora Serrachiani, gi\u00e0 presidente del Friuli Venezia Giulia (parlamentare del Partito Democratico) e gi\u00e0 a capo della Camera dei Deputati. La donna non conosce la storia, la diga non \u00e8 certo crollata, a provocare le 1910 vittime il 9 ottobre del 1963 \u00e8 stato ben altro come si sa. A poco sono servite le scuse, sui social \u00e8 stato intenso il dibattito e il sarcasmo come chi ha scritto <em>&#8220;Serrachiani l&#8217;ha ricostruita lei la diga?&#8221;<\/em><\/p>\n<p>&nbsp;<\/p>\n<p>&nbsp;<\/p>\n<hr \/>\n<p>&nbsp;<\/p>\n<blockquote>\n<h3>CORSO BASE DI PROTEZIONE CIVILE, 44 NUOVI VOLONTARI PER IL BELLUNESE<\/h3>\n<\/blockquote>\n<p><strong>BELLUNO <\/strong>Si \u00e8 concluso il corso base per volontari di Protezione Civile. Alla Cal di Limana, nella base operativa della Provincia di Belluno, i 44 nuovi volontari hanno testato le nozioni teoriche apprese durante il percorso, secondo alcuni scenari che potrebbero ritrovare nell\u2019attivit\u00e0 vera e propria. Si sono cimentati nel montaggio tende, nel tracciamento di un campo per l\u2019allestimento di una tendopoli, nell\u2019uso di gruppi elettrogeni e torri faro, nell\u2019utilizzo delle radio e dell\u2019attrezzatura per emergenze di tipo idrogeologico (pompe e sacchi di sabbia). Infine, hanno sperimentato sul campo il corretto utilizzo dei dpi e le attivit\u00e0 di segreteria tipiche della Protezione Civile. Poi, a fine giornata, hanno affrontato un test scritto per verificare le conoscenze acquisite sul campo. Il percorso \u00e8 durato 44 ore (comprese le 16 ore del corso sicurezza), secondo il programma previsto dalla Dgr 1389\/2017. Hanno partecipato i volontari neo iscritti alle associazioni territoriali: Ana Belluno, Gruppo comunale Belluno, Aib Soverzene, Ari Belluno, Radio Club Nore, Aib Sospirolo, Radio Club Cime Bianche Agordo, Avac Santa Giustina, Ana Feltre, Volontari Alano di Piave e Volontari Quero. \u00ab<em>Ringrazio tutti i nuovi volontari e i docenti, che per l\u2019occasione sono stati i volontari delle associazioni locali: hanno messo a disposizione il loro tempo per prepararsi a dare una mano nel momento del bisogno e continueranno a prestare le loro competenze<\/em>\u00bb commenta il consigliere provinciale delegato alla Protezione Civile, Mattia Gosetti. \u00ab<em>Sono una componente fondamentale delle nostre comunit\u00e0 locali non solo nelle occasioni di emergenza, che purtroppo abbiamo dovuto sperimentare, ma anche nella quotidianit\u00e0 della vita dei nostri paesi<\/em>\u00bb.<\/p>\n\n\t\t\t<style type='text\/css'>\n\t\t\t\t#gallery-3 {\n\t\t\t\t\tmargin: auto;\n\t\t\t\t}\n\t\t\t\t#gallery-3 .gallery-item {\n\t\t\t\t\tfloat: left;\n\t\t\t\t\tmargin-top: 10px;\n\t\t\t\t\ttext-align: center;\n\t\t\t\t\twidth: 25%;\n\t\t\t\t}\n\t\t\t\t#gallery-3 img {\n\t\t\t\t\tborder: 2px solid #cfcfcf;\n\t\t\t\t}\n\t\t\t\t#gallery-3 .gallery-caption {\n\t\t\t\t\tmargin-left: 0;\n\t\t\t\t}\n\t\t\t\t\/* see gallery_shortcode() in wp-includes\/media.php *\/\n\t\t\t<\/style>\n\t\t<div id='gallery-3' class='dt-gallery-container gallery galleryid-300873 gallery-columns-4 gallery-size-thumbnail'><dl class='gallery-item'>\n\t\t\t\t<dt class='gallery-icon landscape'>\n\t\t\t\t\t<a class=\"rollover rollover-zoom dt-pswp-item\" title=\"IMG_6763\" data-dt-img-description=\"\" data-large_image_width=\"2016\" data-large_image_height=\"1512\"href='https:\/\/www.radiopiu.net\/wordpress\/wp-content\/uploads\/2022\/10\/IMG_6763.jpg'><img loading=\"lazy\" decoding=\"async\" width=\"150\" height=\"150\" src=\"https:\/\/www.radiopiu.net\/wordpress\/wp-content\/uploads\/2022\/10\/IMG_6763-150x150.jpg\" class=\"attachment-thumbnail size-thumbnail\" alt=\"\" \/><\/a>\n\t\t\t\t<\/dt><\/dl><dl class='gallery-item'>\n\t\t\t\t<dt class='gallery-icon landscape'>\n\t\t\t\t\t<a class=\"rollover rollover-zoom dt-pswp-item\" title=\"IMG_6760\" data-dt-img-description=\"\" data-large_image_width=\"2016\" data-large_image_height=\"1512\"href='https:\/\/www.radiopiu.net\/wordpress\/wp-content\/uploads\/2022\/10\/IMG_6760.jpg'><img loading=\"lazy\" decoding=\"async\" width=\"150\" height=\"150\" src=\"https:\/\/www.radiopiu.net\/wordpress\/wp-content\/uploads\/2022\/10\/IMG_6760-150x150.jpg\" class=\"attachment-thumbnail size-thumbnail\" alt=\"\" \/><\/a>\n\t\t\t\t<\/dt><\/dl><dl class='gallery-item'>\n\t\t\t\t<dt class='gallery-icon landscape'>\n\t\t\t\t\t<a class=\"rollover rollover-zoom dt-pswp-item\" title=\"IMG_6758\" data-dt-img-description=\"\" data-large_image_width=\"2016\" data-large_image_height=\"1512\"href='https:\/\/www.radiopiu.net\/wordpress\/wp-content\/uploads\/2022\/10\/IMG_6758.jpg'><img loading=\"lazy\" decoding=\"async\" width=\"150\" height=\"150\" src=\"https:\/\/www.radiopiu.net\/wordpress\/wp-content\/uploads\/2022\/10\/IMG_6758-150x150.jpg\" class=\"attachment-thumbnail size-thumbnail\" alt=\"\" \/><\/a>\n\t\t\t\t<\/dt><\/dl><dl class='gallery-item'>\n\t\t\t\t<dt class='gallery-icon landscape'>\n\t\t\t\t\t<a class=\"rollover rollover-zoom dt-pswp-item\" title=\"IMG_6743\" data-dt-img-description=\"\" data-large_image_width=\"2016\" data-large_image_height=\"1512\"href='https:\/\/www.radiopiu.net\/wordpress\/wp-content\/uploads\/2022\/10\/IMG_6743.jpg'><img loading=\"lazy\" decoding=\"async\" width=\"150\" height=\"150\" src=\"https:\/\/www.radiopiu.net\/wordpress\/wp-content\/uploads\/2022\/10\/IMG_6743-150x150.jpg\" class=\"attachment-thumbnail size-thumbnail\" alt=\"\" \/><\/a>\n\t\t\t\t<\/dt><\/dl><br style=\"clear: both\" \/><dl class='gallery-item'>\n\t\t\t\t<dt class='gallery-icon landscape'>\n\t\t\t\t\t<a class=\"rollover rollover-zoom dt-pswp-item\" title=\"IMG_6748\" data-dt-img-description=\"\" data-large_image_width=\"2016\" data-large_image_height=\"1512\"href='https:\/\/www.radiopiu.net\/wordpress\/wp-content\/uploads\/2022\/10\/IMG_6748.jpg'><img loading=\"lazy\" decoding=\"async\" width=\"150\" height=\"150\" src=\"https:\/\/www.radiopiu.net\/wordpress\/wp-content\/uploads\/2022\/10\/IMG_6748-150x150.jpg\" class=\"attachment-thumbnail size-thumbnail\" alt=\"\" \/><\/a>\n\t\t\t\t<\/dt><\/dl><dl class='gallery-item'>\n\t\t\t\t<dt class='gallery-icon landscape'>\n\t\t\t\t\t<a class=\"rollover rollover-zoom dt-pswp-item\" title=\"IMG_6756-1\" data-dt-img-description=\"\" data-large_image_width=\"2016\" data-large_image_height=\"1512\"href='https:\/\/www.radiopiu.net\/wordpress\/wp-content\/uploads\/2022\/10\/IMG_6756-1.jpg'><img loading=\"lazy\" decoding=\"async\" width=\"150\" height=\"150\" src=\"https:\/\/www.radiopiu.net\/wordpress\/wp-content\/uploads\/2022\/10\/IMG_6756-1-150x150.jpg\" class=\"attachment-thumbnail size-thumbnail\" alt=\"\" \/><\/a>\n\t\t\t\t<\/dt><\/dl><dl class='gallery-item'>\n\t\t\t\t<dt class='gallery-icon landscape'>\n\t\t\t\t\t<a class=\"rollover rollover-zoom dt-pswp-item\" title=\"IMG_6749\" data-dt-img-description=\"\" data-large_image_width=\"2016\" data-large_image_height=\"1512\"href='https:\/\/www.radiopiu.net\/wordpress\/wp-content\/uploads\/2022\/10\/IMG_6749.jpg'><img loading=\"lazy\" decoding=\"async\" width=\"150\" height=\"150\" src=\"https:\/\/www.radiopiu.net\/wordpress\/wp-content\/uploads\/2022\/10\/IMG_6749-150x150.jpg\" class=\"attachment-thumbnail size-thumbnail\" alt=\"\" \/><\/a>\n\t\t\t\t<\/dt><\/dl><dl class='gallery-item'>\n\t\t\t\t<dt class='gallery-icon landscape'>\n\t\t\t\t\t<a class=\"rollover rollover-zoom dt-pswp-item\" title=\"IMG_6739-1\" data-dt-img-description=\"\" data-large_image_width=\"2016\" data-large_image_height=\"1512\"href='https:\/\/www.radiopiu.net\/wordpress\/wp-content\/uploads\/2022\/10\/IMG_6739-1.jpg'><img loading=\"lazy\" decoding=\"async\" width=\"150\" height=\"150\" src=\"https:\/\/www.radiopiu.net\/wordpress\/wp-content\/uploads\/2022\/10\/IMG_6739-1-150x150.jpg\" class=\"attachment-thumbnail size-thumbnail\" alt=\"\" \/><\/a>\n\t\t\t\t<\/dt><\/dl><br style=\"clear: both\" \/>\n\t\t\t<\/div>\n\n<p>&nbsp;<\/p>\n<hr \/>\n<p>&nbsp;<\/p>\n<blockquote>\n<h3>UN SISTEMA DI PROTEZIONE CIVILE CHE FUNZIONA, SAVASTANO &#8220;BISOGNA CONTINUARE A STUDIARE&#8221;<\/h3>\n<\/blockquote>\n<blockquote><p><strong><em><img loading=\"lazy\" decoding=\"async\" class=\"alignleft\" src=\"https:\/\/www.radiopiu.net\/wordpress\/wp-content\/uploads\/2022\/04\/A_scuola_di_Protezione_civile.jpg\" width=\"206\" height=\"155\" \/>DOMANI LA GIORNATA NAZIONALE DELLA PROTEZIONE CIVILE<\/em><\/strong><\/p><\/blockquote>\n<p>&nbsp;<\/p>\n<p><strong>BELLUNO<\/strong><\/p>\n<p><strong>di Moreno Gioli<\/strong><\/p>\n<audio class=\"wp-audio-shortcode\" id=\"audio-300873-1\" preload=\"none\" style=\"width: 100%;\" controls=\"controls\"><source type=\"audio\/mpeg\" src=\"https:\/\/www.radiopiu.net\/wordpress\/wp-content\/uploads\/2022\/10\/moreno-gioli.mp3?_=1\" \/><a href=\"https:\/\/www.radiopiu.net\/wordpress\/wp-content\/uploads\/2022\/10\/moreno-gioli.mp3\">https:\/\/www.radiopiu.net\/wordpress\/wp-content\/uploads\/2022\/10\/moreno-gioli.mp3<\/a><\/audio>\n<p>&nbsp;<\/p>\n<p><strong>L&#8217;INTERVISTA AL PREFETTO, MARIANO SAVASTANO<\/strong><\/p>\n<p>&nbsp;<\/p>\n<div style=\"width: 852px;\" class=\"wp-video\"><video class=\"wp-video-shortcode\" id=\"video-300873-1\" width=\"852\" height=\"480\" preload=\"metadata\" controls=\"controls\"><source type=\"video\/mp4\" src=\"https:\/\/www.radiopiu.net\/wordpress\/wp-content\/uploads\/2022\/10\/WhatsApp-Video-2022-10-10-at-18.08.46.mp4?_=1\" \/><a href=\"https:\/\/www.radiopiu.net\/wordpress\/wp-content\/uploads\/2022\/10\/WhatsApp-Video-2022-10-10-at-18.08.46.mp4\">https:\/\/www.radiopiu.net\/wordpress\/wp-content\/uploads\/2022\/10\/WhatsApp-Video-2022-10-10-at-18.08.46.mp4<\/a><\/video><\/div>\n<p>&nbsp;<\/p>\n<p>&nbsp;<\/p>\n<p>&nbsp;<\/p>\n<p>&nbsp;<\/p>\n<hr \/>\n<blockquote>\n<h3>A DISPOSIZIONE OLTRE 600 MILA EURO PER RINNOVO MEZZI ED ATTREZZATURE<\/h3>\n<\/blockquote>\n<p><strong>VENEZIA<\/strong> La Giunta regionale, su proposta dell\u2019assessore Gianpaolo Bottacin, ha approvato\u00a0 un bando per la concessione di contributi regionali per il potenziamento delle dotazioni del volontariato organizzato di Protezione Civile. Il contributo massimo potr\u00e0 essere pari all\u2019 80% della spesa ammessa e non potr\u00e0 superare l\u2019importo di 40mila euro per i mezzi e 20mila euro per le attrezzature. Le domande devono essere presentate entro il 15 novembre 2022.<\/p>\n<p><strong>L&#8217;ASSESSORE GIANPAOLO BOTTACIN NEI NOTIZIARI DI RADIO PIU<\/strong><\/p>\n<div style=\"width: 640px;\" class=\"wp-video\"><video class=\"wp-video-shortcode\" id=\"video-300873-2\" width=\"640\" height=\"352\" preload=\"metadata\" controls=\"controls\"><source type=\"video\/mp4\" src=\"https:\/\/www.radiopiu.net\/wordpress\/wp-content\/uploads\/2022\/10\/WhatsApp-Video-2022-10-10-at-13.25.22.mp4?_=2\" \/><a href=\"https:\/\/www.radiopiu.net\/wordpress\/wp-content\/uploads\/2022\/10\/WhatsApp-Video-2022-10-10-at-13.25.22.mp4\">https:\/\/www.radiopiu.net\/wordpress\/wp-content\/uploads\/2022\/10\/WhatsApp-Video-2022-10-10-at-13.25.22.mp4<\/a><\/video><\/div>\n<p>&nbsp;<\/p>\n<p>&nbsp;<\/p>\n<hr \/>\n<p>&nbsp;<\/p>\n<blockquote>\n<h3>DA RE (FNS-CISL): SITUAZIONE DRAMMATICA NELLA SEZIONE PSICHIATRICA DELLA CASA CIRCONDARIALE DI BELLUNO<\/h3>\n<\/blockquote>\n<p><strong><a class=\"dt-pswp-item\" href=\"https:\/\/www.radiopiu.net\/wordpress\/wp-content\/uploads\/2021\/07\/image-2.jpg\" data-dt-img-description=\"\" data-large_image_width=\"960\" data-large_image_height=\"540\"><img loading=\"lazy\" decoding=\"async\" class=\" wp-image-224354 alignleft\" src=\"https:\/\/www.radiopiu.net\/wordpress\/wp-content\/uploads\/2021\/07\/image-2-300x169.jpg\" alt=\"\" width=\"178\" height=\"100\" srcset=\"https:\/\/www.radiopiu.net\/wordpress\/wp-content\/uploads\/2021\/07\/image-2-300x169.jpg 300w, https:\/\/www.radiopiu.net\/wordpress\/wp-content\/uploads\/2021\/07\/image-2-768x432.jpg 768w, https:\/\/www.radiopiu.net\/wordpress\/wp-content\/uploads\/2021\/07\/image-2.jpg 960w\" sizes=\"auto, (max-width: 178px) 100vw, 178px\" \/><\/a>BELLUNO <\/strong>Una situazione paradossale, scandita da impegni non mantenuti, delibere non rispettate e nessun intervento concreto per risolvere la grave situazione in cui si trova la sezione psichiatrica del carcere di Belluno. Nella Giornata mondiale della salute mentale, che si \u00e8 celebrata ieri, e dopo l\u2019ennesima aggressione subita da due agenti della polizia penitenziaria, avvenuta la scorsa settimana, la Cisl Fns denuncia ancora una volta la drammatica realt\u00e0 in cui operano gli agenti, il personale infermieristico e i detenuti dell\u2019Articolazione per la tutela della salute mentale del Baldenich.<\/p>\n<p><strong><em>Robert da Re della Cisl Fns Belluno Treviso\u00a0<\/em><\/strong><\/p>\n<audio class=\"wp-audio-shortcode\" id=\"audio-300873-2\" preload=\"none\" style=\"width: 100%;\" controls=\"controls\"><source type=\"audio\/mpeg\" src=\"https:\/\/www.radiopiu.net\/wordpress\/wp-content\/uploads\/2022\/10\/robert-da-re.mp3?_=2\" \/><a href=\"https:\/\/www.radiopiu.net\/wordpress\/wp-content\/uploads\/2022\/10\/robert-da-re.mp3\">https:\/\/www.radiopiu.net\/wordpress\/wp-content\/uploads\/2022\/10\/robert-da-re.mp3<\/a><\/audio>\n<p>&nbsp;<\/p>\n<hr \/>\n<p>&nbsp;<\/p>\n<blockquote>\n<h2>IL NUOVO CONTRATTO DELL&#8217;OCCHIALERIA<\/h2>\n<\/blockquote>\n<blockquote><p><em><span class=\"s15\"><span class=\"bumpedFont15\">\u201c<\/span><\/span><span class=\"s15\"><span class=\"bumpedFont15\">Solleciteremo l\u2019apertura del tavolo di trattativa agli imprenditori del settore che dopo la\u00a0<\/span><\/span><span class=\"s15\"><span class=\"bumpedFont15\">pandemia hanno saputo recuperare e addirittura migliorare i dati economici del 2019, periodo pre\u00a0<\/span><\/span><span class=\"s15\"><span class=\"bumpedFont15\">covid<\/span><\/span><span class=\"s15\"><span class=\"bumpedFont15\">\u201d<\/span><\/span><span class=\"s15\"><span class=\"bumpedFont15\">:\u00a0 dicono i sindacati.<\/span><\/span><\/em><\/p><\/blockquote>\n<p class=\"s16\"><strong><a class=\"dt-pswp-item\" href=\"https:\/\/www.radiopiu.net\/wordpress\/wp-content\/uploads\/2020\/04\/OCCHIALI.jpg\" data-dt-img-description=\"\" data-large_image_width=\"1920\" data-large_image_height=\"1280\"><img loading=\"lazy\" decoding=\"async\" class=\" wp-image-134150 alignleft\" src=\"https:\/\/www.radiopiu.net\/wordpress\/wp-content\/uploads\/2020\/04\/OCCHIALI-300x200.jpg\" alt=\"\" width=\"248\" height=\"165\" srcset=\"https:\/\/www.radiopiu.net\/wordpress\/wp-content\/uploads\/2020\/04\/OCCHIALI-300x200.jpg 300w, https:\/\/www.radiopiu.net\/wordpress\/wp-content\/uploads\/2020\/04\/OCCHIALI-1024x683.jpg 1024w, https:\/\/www.radiopiu.net\/wordpress\/wp-content\/uploads\/2020\/04\/OCCHIALI-768x512.jpg 768w, https:\/\/www.radiopiu.net\/wordpress\/wp-content\/uploads\/2020\/04\/OCCHIALI-1536x1024.jpg 1536w, https:\/\/www.radiopiu.net\/wordpress\/wp-content\/uploads\/2020\/04\/OCCHIALI.jpg 1920w\" sizes=\"auto, (max-width: 248px) 100vw, 248px\" \/><\/a>BELLUNO<\/strong> E&#8217; stata varata <span class=\"s15\"><span class=\"bumpedFont15\">l<\/span><\/span><span class=\"s15\"><span class=\"bumpedFont15\">a<\/span><\/span>\u00a0<span class=\"s15\"><span class=\"bumpedFont15\">piattaforma\u00a0<\/span><\/span><span class=\"s15\"><span class=\"bumpedFont15\">rivendicativa\u00a0<\/span><\/span><span class=\"s15\"><span class=\"bumpedFont15\">dei sindaca<\/span><\/span><span class=\"s15\"><span class=\"bumpedFont15\">ti di categoria di Filctem Cgil, Femca Cisl, Ui<\/span><\/span><span class=\"s15\"><span class=\"bumpedFont15\">l<\/span><\/span><span class=\"s15\"><span class=\"bumpedFont15\">tec Uil\u00a0<\/span><\/span><span class=\"s15\"><span class=\"bumpedFont15\">per\u00a0<\/span><\/span><span class=\"s15\"><span class=\"bumpedFont15\">il rinnovo del contratto nazionale d<\/span><\/span><span class=\"s15\"><span class=\"bumpedFont15\">ell\u2019occhialeria<\/span><\/span><span class=\"s15\"><span class=\"bumpedFont15\">. <\/span><\/span><span class=\"s15\"><span class=\"bumpedFont15\">Il doc<\/span><\/span><span class=\"s15\"><span class=\"bumpedFont15\">umento sar\u00e0 immediatamente inviato a<\/span><\/span><span class=\"s15\"><span class=\"bumpedFont15\">d\u00a0<\/span><\/span><span class=\"s15\"><span class=\"bumpedFont15\">ANFAO, l<\/span><\/span><span class=\"s15\"><span class=\"bumpedFont15\">\u2019<\/span><\/span><span class=\"s15\"><span class=\"bumpedFont15\">associazione\u00a0<\/span><\/span><span class=\"s15\"><span class=\"bumpedFont15\">c<\/span><\/span><span class=\"s15\"><span class=\"bumpedFont15\">onfindustriale dei\u00a0<\/span><\/span><span class=\"s15\"><span class=\"bumpedFont15\">fabbricanti<\/span><\/span><span class=\"s15\"><span class=\"bumpedFont15\">\u00a0di articol<\/span><\/span><span class=\"s15\"><span class=\"bumpedFont15\">i ottici,<\/span><\/span>\u00a0<span class=\"s15\"><span class=\"bumpedFont15\">e a Confindustria Moda\u00a0<\/span><\/span><span class=\"s15\"><span class=\"bumpedFont15\">per iniziare il prima possibile la trattativa per il rinnovo del contratto\u00a0<\/span><\/span><span class=\"s15\"><span class=\"bumpedFont15\">che scadr\u00e0 il prossimo 31\u00a0<\/span><\/span><span class=\"s15\"><span class=\"bumpedFont15\">dicembre e<\/span><\/span><span class=\"s15\"><span class=\"bumpedFont15\">d\u00a0<\/span><\/span><span class=\"s15\"><span class=\"bumpedFont15\">interessa circa\u00a0<\/span><\/span><span class=\"s15\"><span class=\"bumpedFont15\">18<\/span><\/span><span class=\"s15\"><span class=\"bumpedFont15\">.000 lavoratori in Italia<\/span><\/span><span class=\"s15\"><span class=\"bumpedFont15\">. <\/span><\/span><span class=\"s17\"><span class=\"bumpedFont15\">La richiesta<\/span><\/span><span class=\"s17\"><span class=\"bumpedFont15\">\u00a0economica\u00a0<\/span><\/span><span class=\"s17\"><span class=\"bumpedFont15\">di aumento salariale\u00a0<\/span><\/span><span class=\"s17\"><span class=\"bumpedFont15\">proposta <\/span><\/span><span class=\"s17\"><span class=\"bumpedFont15\">dai sindacati<\/span><\/span><span class=\"s17\"><span class=\"bumpedFont15\">\u00a0alle\u00a0<\/span><\/span><span class=\"s17\"><span class=\"bumpedFont15\">controparti\u00a0<\/span><\/span><span class=\"s17\"><span class=\"bumpedFont15\">\u00e8 di 200 euro (3\u00b0 liv.)<\/span><\/span>\u00a0<span class=\"s15\"><span class=\"bumpedFont15\">per il prossimo triennio,<\/span><\/span>\u00a0<span class=\"s15\"><span class=\"bumpedFont15\">2023-2025<\/span><\/span><span class=\"s15\"><span class=\"bumpedFont15\">. <\/span><\/span><span class=\"s15\"><span class=\"bumpedFont15\">Per\u00a0<\/span><\/span><span class=\"s15\"><span class=\"bumpedFont15\">quanto riguarda i\u00a0<\/span><\/span><span class=\"s17\"><span class=\"bumpedFont15\">diritti individuali<\/span><\/span>\u00a0<span class=\"s15\"><span class=\"bumpedFont15\">si richiede<\/span><\/span><span class=\"s15\"><span class=\"bumpedFont15\">\u00a0la modif<\/span><\/span><span class=\"s15\"><span class=\"bumpedFont15\">ica dell<\/span><\/span><span class=\"s15\"><span class=\"bumpedFont15\">e<\/span><\/span><span class=\"s15\"><span class=\"bumpedFont15\">\u00a0norma<\/span><\/span><span class=\"s15\"><span class=\"bumpedFont15\">tive sia<\/span><\/span><span class=\"s15\"><span class=\"bumpedFont15\">\u00a0sui\u00a0<\/span><\/span><span class=\"s17\"><span class=\"bumpedFont15\">congedi parentali<\/span><\/span>\u00a0<span class=\"s15\"><span class=\"bumpedFont15\">che su altri istituti per migliorare\u00a0<\/span><\/span><span class=\"s15\"><span class=\"bumpedFont15\">la conciliazione d<\/span><\/span><span class=\"s15\"><span class=\"bumpedFont15\">i tempi di vita e di lavoro. <\/span><\/span><span class=\"s15\"><span class=\"bumpedFont15\">Molto impor<\/span><\/span><span class=\"s15\"><span class=\"bumpedFont15\">tanti sono anche le rivendicazioni per quanto riguarda i cas<\/span><\/span><span class=\"s15\"><span class=\"bumpedFont15\">i di\u00a0<\/span><\/span><span class=\"s17\"><span class=\"bumpedFont15\">violenza di genere<\/span><\/span><span class=\"s15\"><span class=\"bumpedFont15\">\u00a0riconosciuta e di violenza domestica in termini d<\/span><\/span><span class=\"s15\"><span class=\"bumpedFont15\">i tutela del salario,\u00a0<\/span><\/span><span class=\"s15\"><span class=\"bumpedFont15\">del<\/span><\/span><span class=\"s15\"><span class=\"bumpedFont15\">\u00a0lavoro e di sicurezza de<\/span><\/span><span class=\"s15\"><span class=\"bumpedFont15\">l<\/span><\/span><span class=\"s15\"><span class=\"bumpedFont15\">l\u2019<\/span><\/span><span class=\"s15\"><span class=\"bumpedFont15\">individuo<\/span><\/span><span class=\"s15\"><span class=\"bumpedFont15\">.\u00a0 <\/span><\/span><em><span class=\"s15\"><span class=\"bumpedFont15\">\u201cData la situazione economica<\/span><\/span><span class=\"s15\"><span class=\"bumpedFont15\">,<\/span><\/span><span class=\"s15\"><span class=\"bumpedFont15\">\u00a0con l\u2019aumento de<\/span><\/span><span class=\"s15\"><span class=\"bumpedFont15\">l<\/span><\/span><span class=\"s15\"><span class=\"bumpedFont15\">\u00a0costo del<\/span><\/span><span class=\"s15\"><span class=\"bumpedFont15\">l<\/span><\/span><span class=\"s15\"><span class=\"bumpedFont15\">a vita<\/span><\/span><span class=\"s15\"><span class=\"bumpedFont15\">\u00a0e<\/span><\/span><span class=\"s15\"><span class=\"bumpedFont15\">\u00a0soprattutto\u00a0<\/span><\/span><span class=\"s15\"><span class=\"bumpedFont15\">de<\/span><\/span><span class=\"s15\"><span class=\"bumpedFont15\">i costi energetici,\u00a0<\/span><\/span><span class=\"s15\"><span class=\"bumpedFont15\">diventa<\/span><\/span><span class=\"s15\"><span class=\"bumpedFont15\">\u00a0di fondamentale importanza rinnovare il contratto nazionale di lavoro\u00a0<\/span><\/span><span class=\"s15\"><span class=\"bumpedFont15\">il prima possibile<\/span><\/span><span class=\"s15\"><span class=\"bumpedFont15\">, prima della sua scadenza natur<\/span><\/span><span class=\"s15\"><span class=\"bumpedFont15\">ale<\/span><\/span><span class=\"s15\"><span class=\"bumpedFont15\">,<\/span><\/span><span class=\"s15\"><span class=\"bumpedFont15\">\u00a0per consentire a<\/span><\/span><span class=\"s15\"><span class=\"bumpedFont15\">lle lavoratrici ed ai<\/span><\/span><span class=\"s15\"><span class=\"bumpedFont15\">lavoratori di avere<\/span><\/span><span class=\"s15\"><span class=\"bumpedFont15\">\u00a0certezza e serenit\u00e0 economica difronte ai duri mesi che si\u00a0<\/span><\/span><span class=\"s15\"><span class=\"bumpedFont15\">prospettano<\/span><\/span><span class=\"s15\"><span class=\"bumpedFont15\">\u201d<\/span><\/span><\/em><span class=\"s15\"><span class=\"bumpedFont15\">. Cos\u00ec le segret<\/span><\/span><span class=\"s15\"><span class=\"bumpedFont15\">er<\/span><\/span><span class=\"s15\"><span class=\"bumpedFont15\">ie nazionali di Filctem Cgil, Femca Cisl, Uiltec Uil<\/span><\/span>\u00a0<span class=\"s15\"><span class=\"bumpedFont15\">a margine del\u00a0<\/span><\/span><span class=\"s15\"><span class=\"bumpedFont15\">varo della\u00a0<\/span><\/span><span class=\"s15\"><span class=\"bumpedFont15\">p<\/span><\/span><span class=\"s15\"><span class=\"bumpedFont15\">iattaforma dell<\/span><\/span><span class=\"s15\"><span class=\"bumpedFont15\">\u2019<\/span><\/span><span class=\"s15\"><span class=\"bumpedFont15\">occhialeria.<\/span><\/span><\/p>\n<p>&nbsp;<\/p>\n<hr \/>\n<p>&nbsp;<\/p>\n<blockquote>\n<h2>GIORNATA MONDIALE DELLA VISTA, ONE SIGHT LUXOTTICA A FIANCO DEI PIU&#8217; PICCOLI<\/h2>\n<\/blockquote>\n<p><a class=\"dt-pswp-item\" href=\"https:\/\/www.radiopiu.net\/wordpress\/wp-content\/uploads\/2022\/10\/Senza-nome-22.jpg\" data-dt-img-description=\"\" data-large_image_width=\"193\" data-large_image_height=\"155\"><img loading=\"lazy\" decoding=\"async\" class=\"size-full wp-image-301064 alignleft\" src=\"https:\/\/www.radiopiu.net\/wordpress\/wp-content\/uploads\/2022\/10\/Senza-nome-22.jpg\" alt=\"\" width=\"193\" height=\"155\" \/><\/a><strong>AGORDO<\/strong> In occasione della Giornata Mondiale della Vista, il 13 ottobre, EssilorLuxottica e la Fondazione confermano il proprio impegno attraverso \u201cThe Right to See\u201d, una campagna di sensibilizzazione articolata su pi\u00f9 canali, oltre a iniziative volte a offrire cure oculistiche ai pi\u00f9 bisognosi a livello globale. \u00a0La OneSight EssilorLuxottica Foundation si propone di accelerare la mission di EssilorLuxottica, ovvero di aiutare le persone a vedere meglio e vivere meglio, e supportare l\u2019impegno per eliminare i problemi di vista non corretti in una generazione. In occasione della Giornata Mondiale della Vista, la OneSight EssilorLuxottica Foundation\u00a0 collabora con il fotografo americano Steve McCurry, che ha realizzato i suggestivi ritratti di due bambini, da oggi trasmessi nelle vetrine digitali della Fondazione e di EssilorLuxottica. La campagna \u00e8 supportata da tutti i brand, i team e da tutti i dipendenti del Gruppo nel mondo. <em>\u201cLa vista \u00e8 un diritto umano fondamentale e oggi sappiamo che l\u201980% dei difetti visivi nel mondo potrebbero <\/em><em>essere risolti con le soluzioni attualmente disponibili\u201d<\/em>, ha dichiarato Francesco Milleri, Presidente e Amministratore Delegato, di EssilorLuxottica. \u00a0Con la campagna \u2018The Right to See\u2019, la Fondazione conferma la propria determinazione ad affermarsi come promotrice del diritto alla vista, realizzando al contempo azioni concrete per offrire cure oculistiche ai pi\u00f9 bisognosi.\u00a0 Per maggiori informazioni su come partecipare alle iniziative della Fondazione, sui suoi pilastri strategici e sull\u2019impatto positivo che ha registrato fino ad oggi, \u00e8 possibile consultare il sito OneSight.EssilorLuxottica.com<\/p>\n<p>&nbsp;<\/p>\n<p>&nbsp;<\/p>\n<hr \/>\n<p>&nbsp;<\/p>\n<blockquote>\n<h3>NUOVI ORARI ALL&#8217;UFFICIO DELLA MOTORIZZAZIONE CIVILE DI BELLUNO<\/h3>\n<\/blockquote>\n<p><span id=\"page3R_mcid12\" class=\"markedContent\"><a class=\"dt-pswp-item\" href=\"https:\/\/www.radiopiu.net\/wordpress\/wp-content\/uploads\/2022\/10\/th-2.jpg\" data-dt-img-description=\"\" data-large_image_width=\"474\" data-large_image_height=\"264\"><img loading=\"lazy\" decoding=\"async\" class=\"wp-image-301003 alignleft\" src=\"https:\/\/www.radiopiu.net\/wordpress\/wp-content\/uploads\/2022\/10\/th-2-300x167.jpg\" alt=\"\" width=\"212\" height=\"118\" srcset=\"https:\/\/www.radiopiu.net\/wordpress\/wp-content\/uploads\/2022\/10\/th-2-300x167.jpg 300w, https:\/\/www.radiopiu.net\/wordpress\/wp-content\/uploads\/2022\/10\/th-2.jpg 474w\" sizes=\"auto, (max-width: 212px) 100vw, 212px\" \/><\/a><span dir=\"ltr\" role=\"presentation\"><strong>BELLUNO<\/strong> In applicazione delle direttive della Direzione Generale <\/span><span dir=\"ltr\" role=\"presentation\">Territoriale del Nord<\/span> <span dir=\"ltr\" role=\"presentation\">\u2013<\/span><span dir=\"ltr\" role=\"presentation\">Est, al fine di contemperare le necessit\u00e0 operative di questo Ufficio con la <\/span><span dir=\"ltr\" role=\"presentation\">necessit\u00e0 di garantire il servizio pubblico sia in front office sia in back office, assicurando nel <\/span><span dir=\"ltr\" role=\"presentation\">contempo l\u2019attivit\u00e0 di esami per patenti, nonch\u00e9 di collaudi e revisioni veicoli, si comunica che a<\/span><br role=\"presentation\" \/><span dir=\"ltr\" role=\"presentation\">partire dal 2 Novembre 2022 gli sportelli saranno aperti al pubblico con i seguenti orari: <\/span><\/span><span id=\"page3R_mcid14\" class=\"markedContent\"><span dir=\"ltr\" role=\"presentation\">&#8211;<\/span> <span dir=\"ltr\" role=\"presentation\">Marted\u00ec<\/span> <span dir=\"ltr\" role=\"presentation\">8:30<\/span> <span dir=\"ltr\" role=\"presentation\">\u2013<\/span> <span dir=\"ltr\" role=\"presentation\">12:00 <\/span><\/span><span id=\"page3R_mcid15\" class=\"markedContent\"><span dir=\"ltr\" role=\"presentation\">&#8211;<\/span> <span dir=\"ltr\" role=\"presentation\">Gioved\u00ec<\/span> <span dir=\"ltr\" role=\"presentation\">8:30<\/span> <span dir=\"ltr\" role=\"presentation\">\u2013<\/span> <span dir=\"ltr\" role=\"presentation\">12:00 <\/span><\/span><span id=\"page3R_mcid17\" class=\"markedContent\"><span dir=\"ltr\" role=\"presentation\">In attesa di attivare compiutamente il servizio di prenotazione dell&#8217;appuntamento &#8220;on <\/span><span dir=\"ltr\" role=\"presentation\">line&#8221;, l&#8217;accesso avverr\u00e0 con le attuali modalit\u00e0<\/span><\/span><\/p>\n<p>&nbsp;<\/p>\n<hr \/>\n<p>&nbsp;<\/p>\n<p>&nbsp;<\/p>\n<blockquote>\n<h3>LAVORI IN CORSO A TAIBON AGORDINO<\/h3>\n<\/blockquote>\n<p><strong>TAIBON\u00a0<\/strong>Sar\u00e0 una settimana caratterizzata dai lavori a Taibon Agordino. Il comune ha emesso due ordinanze per consentire dei lavori in due zone del paese. La prima interessa la chiusura temporanea in via Brustolon per il trasbordo delle travi per la passerella Tegnas con il divieto di transito veicolare e pedonale dalle 5 alle 8 nel giorno 12 ottobre che interesser\u00e0 il tratto di strada da Piazza San Rocco fino all\u2019intersezione con Via Chiesa. Non sar\u00e0 possibile utilizzare il parcheggio sul primo piazzale de Le Grave del Tegnas dal 12 al 29 ottobre e il secondo e terzo piazzale sar\u00e0 utilizzabile solo dai residenti fino al 5 novembre. La seconda ordinanza di modifica alla viabilit\u00e0 riguarda un\u2019estensione della rete metano. Dal 10 al 15 ottobre chiusura al traffico veicolare del tratto di Via Dante Alighieri compreso tra l\u2019intersezione con Via Volpere sino all\u2019intersezione con Via Manzini e l\u2019 istituzione di un senso unico alternato, regolato da impianto semaforico, lungo via Manzini e via Volpere nel tratto compreso tra l\u2019incrocio con Via Dante Alighieri di entrambe le viabilita\u0300.<\/p>\n<p>&nbsp;<\/p>\n<blockquote>\n<h3>VARIAZIONI ALLA LINEA VILLANOVA-AGORDO-LA VALLE PER LAVORI A TAIBON<\/h3>\n<\/blockquote>\n<p><strong><a class=\"dt-pswp-item\" href=\"https:\/\/www.radiopiu.net\/wordpress\/wp-content\/uploads\/2020\/06\/97384eec-d2d4-4e19-bdc9-7845fa51b71c.jpg\" data-dt-img-description=\"\" data-large_image_width=\"2048\" data-large_image_height=\"1536\"><img loading=\"lazy\" decoding=\"async\" class=\"wp-image-144908 alignleft\" src=\"https:\/\/www.radiopiu.net\/wordpress\/wp-content\/uploads\/2020\/06\/97384eec-d2d4-4e19-bdc9-7845fa51b71c-300x225.jpg\" alt=\"\" width=\"188\" height=\"141\" srcset=\"https:\/\/www.radiopiu.net\/wordpress\/wp-content\/uploads\/2020\/06\/97384eec-d2d4-4e19-bdc9-7845fa51b71c-300x225.jpg 300w, https:\/\/www.radiopiu.net\/wordpress\/wp-content\/uploads\/2020\/06\/97384eec-d2d4-4e19-bdc9-7845fa51b71c-1024x768.jpg 1024w, https:\/\/www.radiopiu.net\/wordpress\/wp-content\/uploads\/2020\/06\/97384eec-d2d4-4e19-bdc9-7845fa51b71c-768x576.jpg 768w, https:\/\/www.radiopiu.net\/wordpress\/wp-content\/uploads\/2020\/06\/97384eec-d2d4-4e19-bdc9-7845fa51b71c-1536x1152.jpg 1536w, https:\/\/www.radiopiu.net\/wordpress\/wp-content\/uploads\/2020\/06\/97384eec-d2d4-4e19-bdc9-7845fa51b71c.jpg 2048w\" sizes=\"auto, (max-width: 188px) 100vw, 188px\" \/><\/a>BELLUNO<\/strong> Per lavori di scavo e posa tubazioni della rete gas, il Comune di Taibon Agordino ha disposto la chiusura al traffico veicolare in alcune vie del centro abitato di Taibon. Il servizio della linea extraurbana n. 7 \u201cVillanova\u2013Agordo\u2013La Valle\u201d subir\u00e0 le seguenti variazioni: dalle 7:30 di luned\u00ec 10 ottobre fino alle 17:00 di sabato 15 ottobre, e comunque fino al termine dei lavori, le corse da Agordo a Villanova effettueranno il percorso alternativo Agordo \u2013 San Cipriano \u2013 Strapont \u2013 Taibon Municipio dove attenderanno l\u2019orario di ripartenza previsto in direzione Agordo. La tratta Peden \u2013 Villanova, con le fermate Peden, Peden Casa di riposo e Villanova, sar\u00e0 sospesa. Inoltre, nella giornata di mercoled\u00ec 12 ottobre 2022, per la manutenzione della passerella sul Torrente Tegnas, da inizio servizio fino alle ore 8:00, le corse sulla tratta Agordo \u2013 Taibon \u2013 Villanova saranno temporaneamente sospese.<\/p>\n<p>&nbsp;<\/p>\n<p>&nbsp;<\/p>\n<p>&nbsp;<\/p>\n<hr \/>\n<p>&nbsp;<\/p>\n<blockquote>\n<h3>TRISTEZZA E RABBIA, DI ADRIANO LEVIS<\/h3>\n<\/blockquote>\n<p><strong><a class=\"dt-pswp-item\" href=\"https:\/\/www.radiopiu.net\/wordpress\/wp-content\/uploads\/2020\/06\/Adriano-LEVIS.jpg\" data-dt-img-description=\"\" data-large_image_width=\"2560\" data-large_image_height=\"2104\"><img loading=\"lazy\" decoding=\"async\" class=\" wp-image-143358 alignleft\" src=\"https:\/\/www.radiopiu.net\/wordpress\/wp-content\/uploads\/2020\/06\/Adriano-LEVIS-300x247.jpg\" alt=\"\" width=\"152\" height=\"125\" srcset=\"https:\/\/www.radiopiu.net\/wordpress\/wp-content\/uploads\/2020\/06\/Adriano-LEVIS-300x247.jpg 300w, https:\/\/www.radiopiu.net\/wordpress\/wp-content\/uploads\/2020\/06\/Adriano-LEVIS-1024x842.jpg 1024w, https:\/\/www.radiopiu.net\/wordpress\/wp-content\/uploads\/2020\/06\/Adriano-LEVIS-768x631.jpg 768w, https:\/\/www.radiopiu.net\/wordpress\/wp-content\/uploads\/2020\/06\/Adriano-LEVIS-1536x1262.jpg 1536w, https:\/\/www.radiopiu.net\/wordpress\/wp-content\/uploads\/2020\/06\/Adriano-LEVIS-2048x1683.jpg 2048w\" sizes=\"auto, (max-width: 152px) 100vw, 152px\" \/><\/a>REDAZIONE<\/strong> Riceviamo e pubblichiamo un pensiero di Adriano Levis, presidente dell&#8217;Alleghe Hockey, sulla tragedia del Vajont<\/p>\n<blockquote><p><em>Ogni anno in questi giorni durante la ricorrenza della tragedia del Vaiont, una tristezza \u00e8 un pensiero carico di rabbia mi pervade. Un forte legame mi lega a quei posti a quei paesi che ora non ci sono pi\u00f9. Per motivi di lavoro la mia famiglia si era trasferita a Pirago , paesino vicino a Longarone. A Longarone \u00e8 nata mia sorella e io ho frequentato la prima elementare. Fortunatamente qualche anno prima mio pap\u00e0 ha deciso sempre per motivi di lavoro di trasferirsi ad Alleghe . Della casa dove abitavamo non \u00e8 rimasto pi\u00f9 niente. Il paradosso della vita mi lega in qualche modo : tema energetico allora , tema energetico ora<\/em><\/p>\n<p><em>Adriano Levis<\/em><\/p><\/blockquote>\n<blockquote>\n<h3>LA RACCOLTA FONDI PER AIUTARE L&#8217;ALLEGHE HOCKEY<\/h3>\n<\/blockquote>\n<p><strong><a class=\"dt-pswp-item\" href=\"https:\/\/www.radiopiu.net\/wordpress\/wp-content\/uploads\/2022\/10\/543dd19e-af42-414d-a1af-32fe5af49bb7.jpg\" data-dt-img-description=\"\" data-large_image_width=\"1024\" data-large_image_height=\"860\"><img loading=\"lazy\" decoding=\"async\" class=\" wp-image-300498 alignleft\" src=\"https:\/\/www.radiopiu.net\/wordpress\/wp-content\/uploads\/2022\/10\/543dd19e-af42-414d-a1af-32fe5af49bb7-300x252.jpg\" alt=\"\" width=\"187\" height=\"157\" srcset=\"https:\/\/www.radiopiu.net\/wordpress\/wp-content\/uploads\/2022\/10\/543dd19e-af42-414d-a1af-32fe5af49bb7-300x252.jpg 300w, https:\/\/www.radiopiu.net\/wordpress\/wp-content\/uploads\/2022\/10\/543dd19e-af42-414d-a1af-32fe5af49bb7-768x645.jpg 768w, https:\/\/www.radiopiu.net\/wordpress\/wp-content\/uploads\/2022\/10\/543dd19e-af42-414d-a1af-32fe5af49bb7.jpg 1024w\" sizes=\"auto, (max-width: 187px) 100vw, 187px\" \/><\/a>ALLEGHE<\/strong> \u00c8 partita la raccolta fondi per aiutare l&#8217;Alleghe Hockey in questa stagione che, dopo la chiusura dello stadio Alvise De Toni, si preannuncia travagliata. La squadra alleghese dovr\u00e0 sostenere delle trasferte sia per allenarsi che per giocare le partite in programma. Per questo \u00e8 stata lanciata una raccolta fondi su Eppela dove chiunque pu\u00f2 fare la propria donazione alla societ\u00e0 per aiutarla a pagare le spese.<\/p>\n<p><strong>IL MESSAGGIO DELL&#8217;ALLEGHE HOCKEY<\/strong><\/p>\n<blockquote><p><em>Il nostro Palaghiaccio \u00e8 CHIUSO dal 2 ottobre 2022 per l&#8217;enorme aumento dei costi dell&#8217;energia. Questo significa che i nostri atleti, dai piccolissimi fino ai ragazzi della senior, non possono pi\u00f9 allenarsi n\u00e8 giocare sul nostro ghiaccio. Ma non possono soprattutto socializzare, imparare e fare attivit\u00e0 fisica con i propri compagni di squadra. Tutti noi siamo turbati da questa situazione, ma tutti insieme abbiamo reagito e cos\u00ec, rimboccandosi le maniche la Societ\u00e0 ha riorganizzato le attivit\u00e0, riuscendo a pianificare la gestione degli allenamenti negli stadi di altri Comuni. Cosa faremo con il contributo raccolto? La raccolta ci permetter\u00e0 di sostenere i costi per le continue trasferte dei nostri atleti.\u00a0<\/em><\/p><\/blockquote>\n<p><strong>CHI VOLESSE AIUTARE L&#8217;ALLEGHE HOCKEY PUO&#8217; FARLO NEI PUNTI RACCOLTA FONDI, BAR BIANCO AD ALLEGHE E CAFFE&#8217; MINIERE DI AGORDO. OPPURE TRAMITE LA RACCOLTA FONDI ONLINE DI EPPELA <a href=\"https:\/\/www.eppela.com\/projects\/9059\">CLICCANDO QUI<\/a><\/strong><\/p>\n<h2>IL MESSAGGIO DEGLI EX GIOCATORI<\/h2>\n<div style=\"width: 848px;\" class=\"wp-video\"><video class=\"wp-video-shortcode\" id=\"video-300873-3\" width=\"848\" height=\"480\" preload=\"metadata\" controls=\"controls\"><source type=\"video\/mp4\" src=\"https:\/\/www.radiopiu.net\/wordpress\/wp-content\/uploads\/2022\/10\/WhatsApp-Video-2022-10-08-at-13.20.26.mp4?_=3\" \/><a href=\"https:\/\/www.radiopiu.net\/wordpress\/wp-content\/uploads\/2022\/10\/WhatsApp-Video-2022-10-08-at-13.20.26.mp4\">https:\/\/www.radiopiu.net\/wordpress\/wp-content\/uploads\/2022\/10\/WhatsApp-Video-2022-10-08-at-13.20.26.mp4<\/a><\/video><\/div>\n<p>&nbsp;<\/p>\n<p>&nbsp;<\/p>\n<hr \/>\n<p>&nbsp;<\/p>\n<p><a class=\"dt-pswp-item\" href=\"https:\/\/www.radiopiu.net\/wordpress\/wp-content\/uploads\/2022\/10\/eabe9ba8-392e-4373-8e1e-f18063240e41.jpg\" data-dt-img-description=\"\" data-large_image_width=\"800\" data-large_image_height=\"800\"><img loading=\"lazy\" decoding=\"async\" class=\"size-medium wp-image-301008 aligncenter\" src=\"https:\/\/www.radiopiu.net\/wordpress\/wp-content\/uploads\/2022\/10\/eabe9ba8-392e-4373-8e1e-f18063240e41-300x300.jpg\" alt=\"\" width=\"300\" height=\"300\" srcset=\"https:\/\/www.radiopiu.net\/wordpress\/wp-content\/uploads\/2022\/10\/eabe9ba8-392e-4373-8e1e-f18063240e41-300x300.jpg 300w, https:\/\/www.radiopiu.net\/wordpress\/wp-content\/uploads\/2022\/10\/eabe9ba8-392e-4373-8e1e-f18063240e41-150x150.jpg 150w, https:\/\/www.radiopiu.net\/wordpress\/wp-content\/uploads\/2022\/10\/eabe9ba8-392e-4373-8e1e-f18063240e41-768x768.jpg 768w, https:\/\/www.radiopiu.net\/wordpress\/wp-content\/uploads\/2022\/10\/eabe9ba8-392e-4373-8e1e-f18063240e41.jpg 800w\" sizes=\"auto, (max-width: 300px) 100vw, 300px\" \/><\/a><\/p>\n<p>&nbsp;<\/p>\n<blockquote class=\"wp-embedded-content\" data-secret=\"WKfIa5Hk16\"><p><a href=\"https:\/\/www.radiopiu.net\/wordpress\/aziendazeroottobre10\/\">AUMENTANO I RICOVERI, UN DECESSO E 1378 NUOVI POSITIVI IN 24 ORE<\/a><\/p><\/blockquote>\n<p><iframe loading=\"lazy\" class=\"wp-embedded-content\" sandbox=\"allow-scripts\" security=\"restricted\" style=\"position: absolute; clip: rect(1px, 1px, 1px, 1px);\" title=\"&#8220;AUMENTANO I RICOVERI, UN DECESSO E 1378 NUOVI POSITIVI IN 24 ORE&#8221; &#8212; Radio Pi\u00f9\" src=\"https:\/\/www.radiopiu.net\/wordpress\/aziendazeroottobre10\/embed\/#?secret=7BNB6DSg5b#?secret=WKfIa5Hk16\" data-secret=\"WKfIa5Hk16\" width=\"600\" height=\"338\" frameborder=\"0\" marginwidth=\"0\" marginheight=\"0\" scrolling=\"no\"><\/iframe><\/p>\n<p>&nbsp;<\/p>\n<h2>I GRAFICI DI TIZIANO DE COL<\/h2>\n\n\t\t\t<style type='text\/css'>\n\t\t\t\t#gallery-4 {\n\t\t\t\t\tmargin: auto;\n\t\t\t\t}\n\t\t\t\t#gallery-4 .gallery-item {\n\t\t\t\t\tfloat: left;\n\t\t\t\t\tmargin-top: 10px;\n\t\t\t\t\ttext-align: center;\n\t\t\t\t\twidth: 33%;\n\t\t\t\t}\n\t\t\t\t#gallery-4 img {\n\t\t\t\t\tborder: 2px solid #cfcfcf;\n\t\t\t\t}\n\t\t\t\t#gallery-4 .gallery-caption {\n\t\t\t\t\tmargin-left: 0;\n\t\t\t\t}\n\t\t\t\t\/* see gallery_shortcode() in wp-includes\/media.php *\/\n\t\t\t<\/style>\n\t\t<div id='gallery-4' class='dt-gallery-container gallery galleryid-300873 gallery-columns-3 gallery-size-thumbnail'><dl class='gallery-item'>\n\t\t\t\t<dt class='gallery-icon landscape'>\n\t\t\t\t\t<a class=\"rollover rollover-zoom dt-pswp-item\" title=\"9b738d70-70ff-4716-9e6f-67c1c99ced74\" data-dt-img-description=\"\" data-large_image_width=\"616\" data-large_image_height=\"363\"href='https:\/\/www.radiopiu.net\/wordpress\/wp-content\/uploads\/2022\/10\/9b738d70-70ff-4716-9e6f-67c1c99ced74.jpg'><img loading=\"lazy\" decoding=\"async\" width=\"150\" height=\"150\" src=\"https:\/\/www.radiopiu.net\/wordpress\/wp-content\/uploads\/2022\/10\/9b738d70-70ff-4716-9e6f-67c1c99ced74-150x150.jpg\" class=\"attachment-thumbnail size-thumbnail\" alt=\"\" \/><\/a>\n\t\t\t\t<\/dt><\/dl><dl class='gallery-item'>\n\t\t\t\t<dt class='gallery-icon landscape'>\n\t\t\t\t\t<a class=\"rollover rollover-zoom dt-pswp-item\" title=\"32301fb9-0c93-4acd-a253-34ebd046fd50\" data-dt-img-description=\"\" data-large_image_width=\"594\" data-large_image_height=\"363\"href='https:\/\/www.radiopiu.net\/wordpress\/wp-content\/uploads\/2022\/10\/32301fb9-0c93-4acd-a253-34ebd046fd50.jpg'><img loading=\"lazy\" decoding=\"async\" width=\"150\" height=\"150\" src=\"https:\/\/www.radiopiu.net\/wordpress\/wp-content\/uploads\/2022\/10\/32301fb9-0c93-4acd-a253-34ebd046fd50-150x150.jpg\" class=\"attachment-thumbnail size-thumbnail\" alt=\"\" \/><\/a>\n\t\t\t\t<\/dt><\/dl><dl class='gallery-item'>\n\t\t\t\t<dt class='gallery-icon landscape'>\n\t\t\t\t\t<a class=\"rollover rollover-zoom dt-pswp-item\" title=\"944449ff-08f5-4c09-bfde-8297793c625b\" data-dt-img-description=\"\" data-large_image_width=\"604\" data-large_image_height=\"366\"href='https:\/\/www.radiopiu.net\/wordpress\/wp-content\/uploads\/2022\/10\/944449ff-08f5-4c09-bfde-8297793c625b.jpg'><img loading=\"lazy\" decoding=\"async\" width=\"150\" height=\"150\" src=\"https:\/\/www.radiopiu.net\/wordpress\/wp-content\/uploads\/2022\/10\/944449ff-08f5-4c09-bfde-8297793c625b-150x150.jpg\" class=\"attachment-thumbnail size-thumbnail\" alt=\"\" \/><\/a>\n\t\t\t\t<\/dt><\/dl><br style=\"clear: both\" \/><dl class='gallery-item'>\n\t\t\t\t<dt class='gallery-icon landscape'>\n\t\t\t\t\t<a class=\"rollover rollover-zoom dt-pswp-item\" title=\"b9c4a826-532f-4a1c-9822-ca8cde97f14d\" data-dt-img-description=\"\" data-large_image_width=\"602\" data-large_image_height=\"372\"href='https:\/\/www.radiopiu.net\/wordpress\/wp-content\/uploads\/2022\/10\/b9c4a826-532f-4a1c-9822-ca8cde97f14d.jpg'><img loading=\"lazy\" decoding=\"async\" width=\"150\" height=\"150\" src=\"https:\/\/www.radiopiu.net\/wordpress\/wp-content\/uploads\/2022\/10\/b9c4a826-532f-4a1c-9822-ca8cde97f14d-150x150.jpg\" class=\"attachment-thumbnail size-thumbnail\" alt=\"\" \/><\/a>\n\t\t\t\t<\/dt><\/dl><dl class='gallery-item'>\n\t\t\t\t<dt class='gallery-icon landscape'>\n\t\t\t\t\t<a class=\"rollover rollover-zoom dt-pswp-item\" title=\"d9de52ef-232c-40fc-926a-558aa490c0e8\" data-dt-img-description=\"\" data-large_image_width=\"612\" data-large_image_height=\"357\"href='https:\/\/www.radiopiu.net\/wordpress\/wp-content\/uploads\/2022\/10\/d9de52ef-232c-40fc-926a-558aa490c0e8.jpg'><img loading=\"lazy\" decoding=\"async\" width=\"150\" height=\"150\" src=\"https:\/\/www.radiopiu.net\/wordpress\/wp-content\/uploads\/2022\/10\/d9de52ef-232c-40fc-926a-558aa490c0e8-150x150.jpg\" class=\"attachment-thumbnail size-thumbnail\" alt=\"\" \/><\/a>\n\t\t\t\t<\/dt><\/dl><dl class='gallery-item'>\n\t\t\t\t<dt class='gallery-icon landscape'>\n\t\t\t\t\t<a class=\"rollover rollover-zoom dt-pswp-item\" title=\"0657e5bd-5f70-47d3-85e2-d5e6754bcc12\" data-dt-img-description=\"\" data-large_image_width=\"610\" data-large_image_height=\"362\"href='https:\/\/www.radiopiu.net\/wordpress\/wp-content\/uploads\/2022\/10\/0657e5bd-5f70-47d3-85e2-d5e6754bcc12.jpg'><img loading=\"lazy\" decoding=\"async\" width=\"150\" height=\"150\" src=\"https:\/\/www.radiopiu.net\/wordpress\/wp-content\/uploads\/2022\/10\/0657e5bd-5f70-47d3-85e2-d5e6754bcc12-150x150.jpg\" class=\"attachment-thumbnail size-thumbnail\" alt=\"\" \/><\/a>\n\t\t\t\t<\/dt><\/dl><br style=\"clear: both\" \/>\n\t\t\t<\/div>\n\n<p>&nbsp;<\/p>\n<hr \/>\n<p>&nbsp;<\/p>\n<blockquote>\n<h3>CASA DI COMUNITA&#8217; DI BELLUNO, NUOVO VOLTO PER L&#8217;AREA DI SAN GERVASIO<\/h3>\n<\/blockquote>\n<p><strong><a class=\"dt-pswp-item\" href=\"https:\/\/www.radiopiu.net\/wordpress\/wp-content\/uploads\/2020\/03\/ULSS-1-DOLOMITI-LOGO.jpg\" data-dt-img-description=\"\" data-large_image_width=\"298\" data-large_image_height=\"219\"><img loading=\"lazy\" decoding=\"async\" class=\"wp-image-121256 alignleft\" src=\"https:\/\/www.radiopiu.net\/wordpress\/wp-content\/uploads\/2020\/03\/ULSS-1-DOLOMITI-LOGO.jpg\" alt=\"\" width=\"192\" height=\"141\" \/><\/a>BELLUNO<\/strong>\u00a0Procede l\u2019iter per la realizzazione della Casa di Comunit\u00e0 di Belluno, finanziata col PNRR. E\u2019 stato approvato infatti il progetto di fattibilit\u00e0 per la realizzazione della struttura nell\u2019area San Gervasio, dove sar\u00e0 realizzato anche il nuovo centro prelievi con un investimento complessivo di 5,5 milioni di euro. E\u2019 stato chiesto un finanziamento aggiuntivo alla Regione Veneto di 2 mln per la realizzazione in un centro prelievi pi\u00f9 funzionale. Sar\u00e0 ora convocata la conferenza dei servizi.\u00a0 La nuova Casa di Comunit\u00e0 a Belluno, sar\u00e0 realizzata all\u2019interno dell\u2019esistente Presidio Ospedaliero, presso l\u2019 \u201cEx Convento Cistercense dei Santi Gervasio e Protasio\u201d, per mezzo della ristrutturazione di parte del complesso monastico esistente di propriet\u00e0 dell\u2019Azienda ULSS 1 Dolomiti e la costruzione di un nuovo moderno volume che sostituir\u00e0 l\u2019attuale edificio costruito negli anni \u201970, dove trover\u00e0 spazio, al piano terra, il nuovo centro prelievi.<\/p>\n<blockquote><p><em>\u00abQuesto importante intervento ci consente di dare nuova vita all\u2019area San Gervasio dell\u2019ospedale di Belluno, creando uno spazio al servizio del cittadino, funzionale e moderno, mantenendo e valorizzando al contempo una parte storica degli edifici dell\u2019ospedale\u00bb commenta il Direttore Generale Maria Grazia Carraro.<\/em><\/p><\/blockquote>\n<p>&nbsp;<\/p>\n<hr \/>\n<p>&nbsp;<\/p>\n<blockquote>\n<h3>ANCHE L&#8217;ISTITUTO CALVI HA RICORDATO IL DISASTRO DEL VAJONT<\/h3>\n<\/blockquote>\n<p><a class=\"dt-pswp-item\" href=\"https:\/\/www.radiopiu.net\/wordpress\/wp-content\/uploads\/2022\/10\/CALVI-BELLUNO-scaled.jpg\" data-dt-img-description=\"SONY DSC\" data-large_image_width=\"2560\" data-large_image_height=\"1707\"><img loading=\"lazy\" decoding=\"async\" class=\"wp-image-300957 alignleft\" src=\"https:\/\/www.radiopiu.net\/wordpress\/wp-content\/uploads\/2022\/10\/CALVI-BELLUNO-300x200.jpg\" alt=\"\" width=\"191\" height=\"127\" srcset=\"https:\/\/www.radiopiu.net\/wordpress\/wp-content\/uploads\/2022\/10\/CALVI-BELLUNO-300x200.jpg 300w, https:\/\/www.radiopiu.net\/wordpress\/wp-content\/uploads\/2022\/10\/CALVI-BELLUNO-1024x683.jpg 1024w, https:\/\/www.radiopiu.net\/wordpress\/wp-content\/uploads\/2022\/10\/CALVI-BELLUNO-768x512.jpg 768w, https:\/\/www.radiopiu.net\/wordpress\/wp-content\/uploads\/2022\/10\/CALVI-BELLUNO-1536x1024.jpg 1536w, https:\/\/www.radiopiu.net\/wordpress\/wp-content\/uploads\/2022\/10\/CALVI-BELLUNO-2048x1365.jpg 2048w\" sizes=\"auto, (max-width: 191px) 100vw, 191px\" \/><\/a><strong>BELLUNO<\/strong> Come e\u0300 ormai consuetudine da qualche anno la ricorrenza del disastro del Vajont, giunta al 59\u00b0 appuntamento, e\u0300 stata ricordata con una sobria cerimonia nell\u2019atrio dell\u2019Istituto \u201cCalvi\u201d. Alla manifestazione, in presenza di rappresentanti delle classi della scuola e di alcuni insegnanti, ha preso parte una delegazione dell\u2019Associazione ex allievi guidata dal presidente Baldovino Sponga e composta dal vice presidente Dino Bridda, dal segretario Vito Tormen e dai soci Giorgio Sartori e Maria Rosa Ganz. Dopo la deposizione di una corona dell\u2019Associazione alla lapide che ricorda gli allievi del \u201cCalvi\u201d deceduti il 9 ottobre 1963 (Cristina Pontone, Luigia Fagarazzi, Pierpaolo Ciocci, Renzo Cosma e Giorgio De Cesaro), ha preso la parola Dino Bridda che ha emozionato i presenti con il racconto di quei tragici momenti vissuti all\u2019interno della scuola traendo un monito educativo per il prossimo futuro. Un pensiero e\u0300 stato espresso anche alla memoria dell\u2019ex allievo Paolo Bortot, gia\u0300 docente di Ca\u2019 Foscari, scomparso nei giorni scorsi. Nell\u2019aula magna e\u0300 seguita poi la consegna del Premio \u201cMemoria del Vajont\u201d, giunto alla 3a edizione, alle allieve Linda Molin, Giulia Righes e Ivana Straga\u0300 della classe 2a A dell\u2019anno scolastico 2021-2022. Questa la motivazione: <em>E\u2019 un lavoro molto originale, frutto della rielaborazione del tema \u201cVajont\u201d da parte degli allievi che hanno utilizzato uno strumento inconsueto e del tutto efficace per raccontare le emozioni che gli autori hanno provato leggendo documenti per poi trasferirli in un ipotetico diario di una loro virtuale coetanea di allora. Il risultato e\u0300 testimonianza di una metabolizzazione matura del tema poiche\u0301 hanno cosi\u0300 dimostrato di avere compreso nella sua profondita\u0300 il lato umano di quella immane tragedia. <\/em>Sia la dirigente Pastrello che il presidente Sponga hanno sottolineato come spirito del Premio e realizzazione degli elaborati bene rispondano all\u2019appello del sindaco di Longarone Roberto Padrin affinche\u0300 la memoria della tragedia continui ad essere alimentata nelle nuove generazioni.<\/p>\n<p>&nbsp;<\/p>\n<hr \/>\n<p>&nbsp;<\/p>\n<blockquote>\n<h3>LA MONGOLFIERA DI GIORGIA, IL BANDO DI OTTOBRE<\/h3>\n<\/blockquote>\n<div><strong><a class=\"dt-pswp-item\" href=\"https:\/\/www.radiopiu.net\/wordpress\/wp-content\/uploads\/2022\/03\/giorgia.jpg\" data-dt-img-description=\"\" data-large_image_width=\"292\" data-large_image_height=\"235\"><img loading=\"lazy\" decoding=\"async\" class=\" wp-image-266213 alignleft\" src=\"https:\/\/www.radiopiu.net\/wordpress\/wp-content\/uploads\/2022\/03\/giorgia.jpg\" alt=\"\" width=\"208\" height=\"167\" \/><\/a>BELLUNO<\/strong>\u00a0 E&#8217; uscito il nuovo bando di ottobre e si \u00e8 chiuso il precedente (straordinario) che permetter\u00e0 di regalare\u00a0 un ciclo di sedute di fisioterapia a RDP (23 anni di Belluno). Purtroppo il secondo ciclo di sedute non \u00e8 stato aggiudicato perch\u00e9 \u00e8 pervenuta una sola domanda. Il Bando di ottobre invece si apre nel sesto anniversario di Giorgia, e le domande di contributo potranno essere presentate fino alla mezzanotte del 9 dicembre.\u00a0 La somma stanziata \u00e8 di 8.000 euro . Il bando sul sito:\u00a0 <a href=\"https:\/\/www.lamongolfieradigiorgia.it\/bando-la-mongolfiera-di-giorgia-onlus-ottobre-2022\/\" target=\"_blank\" rel=\"noopener\">https:\/\/www.lamongolfieradigiorgia.it\/bando-la-mongolfiera-di-giorgia-onlus-ottobre-2022\/<\/a>,\u00a0 i potenziali beneficiari\u00a0 sono i ragazzi tra i 13 e i 24 anni con disabilit\u00e0, anche temporanee. La Mongolfiera di Giorgia atterra al Parco Citt\u00e0 di Bologna nel pomeriggio di sabato 22 ottobre con un banchetto ricco di gadget in occasione della <a href=\"https:\/\/www.bellunoschoolrun.it\/\" target=\"_blank\" rel=\"noopener\">Belluno School Run<\/a><\/div>\n<div><\/div>\n<div><\/div>\n<hr \/>\n<p>&nbsp;<\/p>\n<blockquote>\n<h3>IL COMUNE DI FELTRE APRE UN BANDO PER IL SOSTEGNO AGLI AFFITTI<\/h3>\n<\/blockquote>\n<p><strong>FELTRE <\/strong>A seguito di delibera regionale, \u00e8 stato pubblicato il Bando relativo all&#8217;anno 2022 per il sostegno all\u2019accesso alle abitazioni in locazione. Le domande potranno essere recapitate\u00a0 fino alle 11.30 del 7 novembre. Per informazioni \u00e8 possibile chiamare i servizi sociali comunali gestiti da Azienda Feltrina per i Servizi alla Persona tel. 0439 885982.<\/p>\n<p>&nbsp;<\/p>\n<p>&nbsp;<\/p>\n<hr \/>\n<p>&nbsp;<\/p>\n<blockquote>\n<h3>IMPRESE DI COMUNIT\u00c0, CONVEGNO DOMANI MATTINA A PIEVE DI CADORE<\/h3>\n<\/blockquote>\n<p><strong><a class=\"dt-pswp-item\" href=\"https:\/\/www.radiopiu.net\/wordpress\/wp-content\/uploads\/2022\/05\/cadore.jpg\" data-dt-img-description=\"\" data-large_image_width=\"237\" data-large_image_height=\"163\"><img loading=\"lazy\" decoding=\"async\" class=\"wp-image-278865 alignleft\" src=\"https:\/\/www.radiopiu.net\/wordpress\/wp-content\/uploads\/2022\/05\/cadore.jpg\" alt=\"\" width=\"138\" height=\"95\" \/><\/a>PIEVE DI CADORE <\/strong>\u201cComune interesse. Comunit\u00e0 come motore di sviluppo etico e sostenibile\u201d: questo il titolo del convegno organizzato per mercoled\u00ec 12 ottobre (dalle 10.00 alle 12.30) a Pieve di Cadore, nella Sala della Magnifica Comunit\u00e0 di Cadore, dal Consiglio regionale Unipol Veneto e Unipolsai nell\u2019ambito del Festival dello sviluppo sostenibile 2022 promosso da Asvis (Alleanza italiana per lo sviluppo sostenibile). Il tema centrale del confronto sar\u00e0 quello delle imprese di comunit\u00e0; a moderare l&#8217;incontro, dopo i saluti del presidente del Consiglio regionale Unipol Veneto Michele Lacchin, sar\u00e0 il sindaco di Pieve di Cadore, Giuseppe Casagrande. Dal palco saranno raccontate le esperienza bellunesi, grazie al sindaco di Zopp\u00e8 di Cadore e socio della cooperativa de Zop\u00e8 Paolo Simonetti, alla presidente del Fondo Welfare della Provincia di Belluno Francesca De Biasi e alla presidente della Cadore societ\u00e0 cooperativa sociale \u2013 s.c.s. Alessandra Buzzo.<\/p>\n<p>&nbsp;<\/p>\n<p>&nbsp;<\/p>\n<hr \/>\n<p>&nbsp;<\/p>\n<blockquote>\n<h3><a class=\"dt-pswp-item\" href=\"https:\/\/www.radiopiu.net\/wordpress\/wp-content\/uploads\/2022\/10\/Senza-nome-18.jpg\" data-dt-img-description=\"\" data-large_image_width=\"248\" data-large_image_height=\"164\"><img loading=\"lazy\" decoding=\"async\" class=\"wp-image-300569 alignleft\" src=\"https:\/\/www.radiopiu.net\/wordpress\/wp-content\/uploads\/2022\/10\/Senza-nome-18.jpg\" alt=\"\" width=\"169\" height=\"112\" \/><\/a>NUOVI ALLIEVI PER LA POLIZIA DI STATO<\/h3>\n<\/blockquote>\n<p>Nella Gazzetta Ufficiale della Repubblica Italiana\u00a0 \u00e8 stato pubblicato il bando di concorso pubblico, per esame, per l\u2019assunzione di 1188 allievi agenti della Polizia di Stato.<b>\u00a0<\/b>La domanda di partecipazione al concorso deve essere compilata e trasmessa entro il termine di trenta giorni\u00a0 utilizzando esclusivamente la procedura informatica disponibile all\u2019indirizzo <a href=\"https:\/\/concorsionline.poliziadistato.it\">https:\/\/concorsionline.poliziadistato.it<\/a><strong><u>\u00a0<\/u><\/strong><\/p>\n<p>&nbsp;<\/p>\n<p>&nbsp;<\/p>\n<hr \/>\n<p>&nbsp;<\/p>\n<blockquote>\n<h3>LE GIORNATE D&#8217;AUTUNNO DEL FAI FANNO TAPPA A MEL<\/h3>\n<\/blockquote>\n<p><strong><a class=\"dt-pswp-item\" href=\"https:\/\/www.radiopiu.net\/wordpress\/wp-content\/uploads\/2022\/10\/Conferenza-Stampa-FAI-Gioavni.jpg\" data-dt-img-description=\"\" data-large_image_width=\"2048\" data-large_image_height=\"1536\"><img loading=\"lazy\" decoding=\"async\" class=\" wp-image-300292 alignleft\" src=\"https:\/\/www.radiopiu.net\/wordpress\/wp-content\/uploads\/2022\/10\/Conferenza-Stampa-FAI-Gioavni-300x225.jpg\" alt=\"\" width=\"152\" height=\"114\" srcset=\"https:\/\/www.radiopiu.net\/wordpress\/wp-content\/uploads\/2022\/10\/Conferenza-Stampa-FAI-Gioavni-300x225.jpg 300w, https:\/\/www.radiopiu.net\/wordpress\/wp-content\/uploads\/2022\/10\/Conferenza-Stampa-FAI-Gioavni-1024x768.jpg 1024w, https:\/\/www.radiopiu.net\/wordpress\/wp-content\/uploads\/2022\/10\/Conferenza-Stampa-FAI-Gioavni-768x576.jpg 768w, https:\/\/www.radiopiu.net\/wordpress\/wp-content\/uploads\/2022\/10\/Conferenza-Stampa-FAI-Gioavni-1536x1152.jpg 1536w, https:\/\/www.radiopiu.net\/wordpress\/wp-content\/uploads\/2022\/10\/Conferenza-Stampa-FAI-Gioavni.jpg 2048w\" sizes=\"auto, (max-width: 152px) 100vw, 152px\" \/><\/a>BELLUNO <\/strong>Sabato 15 e domenica 16 ottobre tornano le Giornate FAI d\u2019Autunno, il grande evento autunnale di piazza che il FAI dedica al patrimonio culturale e paesaggistico del nostro Paese, animato e promosso dai Gruppi FAI Giovani, con il supporto di tutte le Delegazioni, i Gruppi FAI e i Gruppi FAI Ponte tra culture attivi da nord a sud della Penisola.<\/p>\n<p><strong>ALLA SCOPERTA DELLA CASA PI\u00d9 ANTICA DI MEL: PALAZZO FRANCESCON<\/strong><\/p>\n<h3><\/h3>\n<h3><a class=\"dt-pswp-item\" href=\"https:\/\/www.radiopiu.net\/wordpress\/wp-content\/uploads\/2022\/10\/Senza-nome-21.jpg\" data-dt-img-description=\"\" data-large_image_width=\"164\" data-large_image_height=\"220\"><img loading=\"lazy\" decoding=\"async\" class=\"wp-image-301007 alignleft\" src=\"https:\/\/www.radiopiu.net\/wordpress\/wp-content\/uploads\/2022\/10\/Senza-nome-21.jpg\" alt=\"\" width=\"84\" height=\"112\" \/><\/a><\/h3>\n<p>Gli orari <strong>Sabato: <\/strong>09:00 &#8211; 12:30 \/ 14:30 \u2013 17:00. Turni di visita ogni 20 minuti per piccoli gruppi di massimo 12 persone. I gruppi saranno formati al banco, in base all&#8217;ordine di arrivo. Durata della visita circa 45 minuti. <strong>Domenica: <\/strong>09:00 &#8211; 12:30 \/ 14:30 \u2013 17:00. Turni di visita ogni 20 minuti per piccoli gruppi di massimo 12 persone. I gruppi saranno formati al banco, in base all&#8217;ordine di arrivo. Durata della visita circa 45 minuti.<\/p>\n<p><strong>alla radio &#8230;. LA PRESENTAZIONE DI ENRICA RAOTA<\/strong><\/p>\n<audio class=\"wp-audio-shortcode\" id=\"audio-300873-3\" preload=\"none\" style=\"width: 100%;\" controls=\"controls\"><source type=\"audio\/mpeg\" src=\"https:\/\/www.radiopiu.net\/wordpress\/wp-content\/uploads\/2022\/10\/giornate-fai.mp3?_=3\" \/><a href=\"https:\/\/www.radiopiu.net\/wordpress\/wp-content\/uploads\/2022\/10\/giornate-fai.mp3\">https:\/\/www.radiopiu.net\/wordpress\/wp-content\/uploads\/2022\/10\/giornate-fai.mp3<\/a><\/audio>\n<p>&nbsp;<\/p>\n<p>&nbsp;<\/p>\n<hr \/>\n<p>&nbsp;<\/p>\n<div dir=\"auto\">\n<blockquote>\n<h3>APERTO UN BANDO DAL COMUNE DI ROCCA PIETORE<\/h3>\n<\/blockquote>\n<p><strong>ROCCA PIETORE<\/strong> Il comune di Rocca Pietore ha aperto un bando pubblico per soli esami per la copertura, a tempo pieno e indeterminato, di un posto di Collaboratore Professionale B3 &#8211; CCNL Funzioni Locali &#8211; Conduttore Macchine Operatrici Complesse &#8211; addetto ai servizi manutentivi e cimiteriali, da assumersi presso il Comune di Rocca Pietore. Le domande di partecipazione dovranno pervenire al Comune di Rocca Pietore secondo le modalit\u00e0 e i termini indicati nel Bando di Concorso. Per ogni informazione, i concorrenti potranno rivolgersi al Comune di Rocca Pietore (tel. 0437-721178; posta elettronica: anagrafe.rocca@agordino.bl.it).<\/p>\n<p>&nbsp;<\/p>\n<hr \/>\n<p>&nbsp;<\/p>\n<blockquote>\n<h3>CERCASI EDUCATORE PER L&#8217;ASILO NIDO DI AGORDO<\/h3>\n<\/blockquote>\n<p><strong>AGORDO<\/strong> L&#8217;Azienda Speciale Agordo Servizi ha aperto un bando per una selezione pubblica per la copertura di 1 posto a tempo indeterminato e pieno nel profilo di EDUCATORE DI ASILO NIDO (livello V) del contratto FISM per l&#8217;Asilo Nido Comunale di Agordo. La domanda di ammissione al concorso deve essere redatta, in carta semplice, e presentata mediante le seguenti alternative modalita\u0300: presentazione direttamente all\u2019Ufficio Protocollo dell\u2019AZIENDA SPECIALE &#8220;AGORDO SERVIZI&#8221; via Insurrezione n. 18\/C &#8211; 32021 Agordo BL; raccomandata A\/R indirizzata ad Azienda Speciale Agordo Servizi in via Insurrezione 18\/C &#8211; 32021 Agordo (BL); Per via telematica mediante Posta Elettronica Certificata (PEC) all\u2019indirizzo: 04315@pec.federfarma.it Qualsiasi sia la modalita\u0300 utilizzata per presentare la domanda, la stessa dovra\u0300 perentoriamente pervenire entro le ore 12:00 del giorno 15\/10\/2022. Il bando \u00e8 disponibile anche al seguente link:\u00a0 <a title=\"https:\/\/agordoasilonidocomunale.it\/bando-educatore-nido-di-agordo-termine-15-ottobre\/\" href=\"https:\/\/agordoasilonidocomunale.it\/bando-educatore-nido-di-agordo-termine-15-ottobre\/\" target=\"_blank\" rel=\"noopener\">https:\/\/agordoasilonidocomunale.it\/bando-educatore-nido-di-agordo-termine-15-ottobre\/<\/a><\/p>\n<\/div>\n<p>&nbsp;<\/p>\n<hr \/>\n<p>&nbsp;<\/p>\n<blockquote>\n<h3>FALCADE\u00a0 PERLA ALPINA, CANDIDATURA ACCETTATA A BREVE IL SOPRALLUOGO DEI TECNICI<\/h3>\n<p>&nbsp;<\/p><\/blockquote>\n<p>DAL CORRIERE DELLE ALPI, GIANNI SANTOMASO<\/p>\n<audio class=\"wp-audio-shortcode\" id=\"audio-300873-4\" preload=\"none\" style=\"width: 100%;\" controls=\"controls\"><source type=\"audio\/mpeg\" src=\"https:\/\/www.radiopiu.net\/wordpress\/wp-content\/uploads\/2022\/10\/FALCADE-PEARL-GIANNI.mp3?_=4\" \/><a href=\"https:\/\/www.radiopiu.net\/wordpress\/wp-content\/uploads\/2022\/10\/FALCADE-PEARL-GIANNI.mp3\">https:\/\/www.radiopiu.net\/wordpress\/wp-content\/uploads\/2022\/10\/FALCADE-PEARL-GIANNI.mp3<\/a><\/audio>\n<p>&nbsp;<\/p>\n<p><strong><a class=\"dt-pswp-item\" href=\"https:\/\/www.radiopiu.net\/wordpress\/wp-content\/uploads\/2022\/10\/2-1-scaled.jpg\" data-dt-img-description=\"\" data-large_image_width=\"2560\" data-large_image_height=\"1707\"><img loading=\"lazy\" decoding=\"async\" class=\"size-medium wp-image-300997 alignleft\" src=\"https:\/\/www.radiopiu.net\/wordpress\/wp-content\/uploads\/2022\/10\/2-1-300x200.jpg\" alt=\"\" width=\"300\" height=\"200\" srcset=\"https:\/\/www.radiopiu.net\/wordpress\/wp-content\/uploads\/2022\/10\/2-1-300x200.jpg 300w, https:\/\/www.radiopiu.net\/wordpress\/wp-content\/uploads\/2022\/10\/2-1-1024x683.jpg 1024w, https:\/\/www.radiopiu.net\/wordpress\/wp-content\/uploads\/2022\/10\/2-1-768x512.jpg 768w, https:\/\/www.radiopiu.net\/wordpress\/wp-content\/uploads\/2022\/10\/2-1-1536x1024.jpg 1536w, https:\/\/www.radiopiu.net\/wordpress\/wp-content\/uploads\/2022\/10\/2-1-2048x1365.jpg 2048w\" sizes=\"auto, (max-width: 300px) 100vw, 300px\" \/><\/a>FALCADE<\/strong> Si \u00e8 svolta l\u2019Assemblea Generale delle Perle Alpine a Cogne in Valle d\u2019Aosta. Erano presenti per il Comune di Falcade il Sindaco Mauro Salvaterra e il Consigliere con delega al Turismo Fulvio Valt. Presentata (e accettata) la candidatura di Falcade per essere inserita come Perla Alpina a partire dal 2023, ovvero la presenta in una rete internazionale di destinazioni selezionate <a class=\"dt-pswp-item\" href=\"https:\/\/www.radiopiu.net\/wordpress\/wp-content\/uploads\/2022\/10\/1-1-scaled.jpg\" data-dt-img-description=\"\" data-large_image_width=\"2560\" data-large_image_height=\"1920\"><img loading=\"lazy\" decoding=\"async\" class=\"size-medium wp-image-300996 alignright\" src=\"https:\/\/www.radiopiu.net\/wordpress\/wp-content\/uploads\/2022\/10\/1-1-300x225.jpg\" alt=\"\" width=\"300\" height=\"225\" srcset=\"https:\/\/www.radiopiu.net\/wordpress\/wp-content\/uploads\/2022\/10\/1-1-300x225.jpg 300w, https:\/\/www.radiopiu.net\/wordpress\/wp-content\/uploads\/2022\/10\/1-1-1024x768.jpg 1024w, https:\/\/www.radiopiu.net\/wordpress\/wp-content\/uploads\/2022\/10\/1-1-768x576.jpg 768w, https:\/\/www.radiopiu.net\/wordpress\/wp-content\/uploads\/2022\/10\/1-1-1536x1152.jpg 1536w, https:\/\/www.radiopiu.net\/wordpress\/wp-content\/uploads\/2022\/10\/1-1-2048x1536.jpg 2048w\" sizes=\"auto, (max-width: 300px) 100vw, 300px\" \/><\/a>dell\u2019arco alpino, che si impegnano per un turismo attraente e sostenibile, focalizzato su offerte di mobilit\u00e0 ecocompatibili orientate al futuro e sui loro effetti positivi per una vacanza in armonia con l\u2019ambiente. Ne fanno parte 19 localit\u00e0 turistiche alpine di Germania, Italia, Slovenia e Austria. L\u2019obiettivo di Alpine Pearls \u00e8 di diventare i migliori nel campo della mobilit\u00e0 ecocompatibile. <em>&#8220;Per raggiungere questo obiettivo &#8211; spiega Fulvio Valt &#8211; \u00e8 necessario che tutti i membri elaborino un piano vincolante ovvero una Road Map con un piano d\u2019azione per raggiungere i criteri predefiniti entro 5 anni\u201d<\/em>. Dopo aver presentato Falcade attraverso foto, video e un\u2019accurata analisi di ci\u00f2 che offre il territorio, la candidatura \u00e8 stata accolta con votazione favorevole all\u2019unanimit\u00e0. Verr\u00e0 ora svolto un sopralluogo da parte dei tecnici di Alpine Pearls, e se la destinazione turistica avr\u00e0 i requisiti richiesti entrer\u00e0 a far parte delle Perle Alpine a partire dal 2023.<\/p>\n<p>&nbsp;<\/p>\n<p>&nbsp;<\/p>\n<hr \/>\n<p>&nbsp;<\/p>\n<blockquote>\n<h3>UNA NUOVA STAGIONE PER LO SKI COLLEGE VENETO<\/h3>\n<p><a class=\"dt-pswp-item\" href=\"https:\/\/www.radiopiu.net\/wordpress\/wp-content\/uploads\/2022\/10\/Senza-nome-20.jpg\" data-dt-img-description=\"\" data-large_image_width=\"736\" data-large_image_height=\"302\"><img loading=\"lazy\" decoding=\"async\" class=\"size-medium wp-image-300994 aligncenter\" src=\"https:\/\/www.radiopiu.net\/wordpress\/wp-content\/uploads\/2022\/10\/Senza-nome-20-300x123.jpg\" alt=\"\" width=\"300\" height=\"123\" srcset=\"https:\/\/www.radiopiu.net\/wordpress\/wp-content\/uploads\/2022\/10\/Senza-nome-20-300x123.jpg 300w, https:\/\/www.radiopiu.net\/wordpress\/wp-content\/uploads\/2022\/10\/Senza-nome-20.jpg 736w\" sizes=\"auto, (max-width: 300px) 100vw, 300px\" \/><\/a><\/p><\/blockquote>\n<div><span style=\"font-family: verdana, sans-serif;\"><b>FALCADE\u00a0 <\/b>Domenica verranno presentati i programmi e le squadre dello Ski College Veneto Falcade per la stagione agonistica 2022-2023. L&#8217;appuntamento \u00e8 fissato per le ore 16 alla Sala Polifunzionale Dolomiti di via Trieste 24 a Falcade (Belluno). La presenza della S.V. \u00e8 particolarmente gradita.\u00a0<\/span><\/div>\n<div><\/div>\n<p>&nbsp;<\/p>\n<hr \/>\n<p>&nbsp;<\/p>\n<div class=\"m8h3af8h l7ghb35v kjdc1dyq kmwttqpk gh25dzvf n3t5jt4f\">\n<div dir=\"auto\">\n<p><span style=\"color: #ff0000;\"><strong>AIUTI FINALIZZATI ALL&#8217;ACQUISTO DI GENERI ALIMENTARI<\/strong><\/span><\/p>\n<\/div>\n<\/div>\n<p><strong><a class=\"dt-pswp-item\" href=\"https:\/\/www.radiopiu.net\/wordpress\/wp-content\/uploads\/2022\/02\/DolomitiCert-Scarpa-Alleghe-Febbraio-2022-Incontro-Comune-scuole-scultori-1-scaled.jpg\" data-dt-img-description=\"\" data-large_image_width=\"2560\" data-large_image_height=\"1706\"><img loading=\"lazy\" decoding=\"async\" class=\" wp-image-260782 alignleft\" src=\"https:\/\/www.radiopiu.net\/wordpress\/wp-content\/uploads\/2022\/02\/DolomitiCert-Scarpa-Alleghe-Febbraio-2022-Incontro-Comune-scuole-scultori-1-300x200.jpg\" alt=\"\" width=\"227\" height=\"151\" srcset=\"https:\/\/www.radiopiu.net\/wordpress\/wp-content\/uploads\/2022\/02\/DolomitiCert-Scarpa-Alleghe-Febbraio-2022-Incontro-Comune-scuole-scultori-1-300x200.jpg 300w, https:\/\/www.radiopiu.net\/wordpress\/wp-content\/uploads\/2022\/02\/DolomitiCert-Scarpa-Alleghe-Febbraio-2022-Incontro-Comune-scuole-scultori-1-1024x683.jpg 1024w, https:\/\/www.radiopiu.net\/wordpress\/wp-content\/uploads\/2022\/02\/DolomitiCert-Scarpa-Alleghe-Febbraio-2022-Incontro-Comune-scuole-scultori-1-768x512.jpg 768w, https:\/\/www.radiopiu.net\/wordpress\/wp-content\/uploads\/2022\/02\/DolomitiCert-Scarpa-Alleghe-Febbraio-2022-Incontro-Comune-scuole-scultori-1-1536x1024.jpg 1536w, https:\/\/www.radiopiu.net\/wordpress\/wp-content\/uploads\/2022\/02\/DolomitiCert-Scarpa-Alleghe-Febbraio-2022-Incontro-Comune-scuole-scultori-1-2048x1365.jpg 2048w\" sizes=\"auto, (max-width: 227px) 100vw, 227px\" \/><\/a>ALLEGHE<\/strong> Le persone e le famiglie residenti nel Comune di Alleghe che, a causa degli effetti economici derivanti dall\u2019emergenza epidemiologica dovuta alla diffusione del virus Covid-19, si trovino in uno stato di bisogno per soddisfare le necessit\u00e0 pi\u00f9 urgenti ed essenziali, possono chiedere che vengano loro riconosciuti i BUONI SPESA per l\u2019acquisto di GENERI ALIMENTARI O PRODOTTI DI PRIMA NECESSIT\u00c0 IMPORTO DEL BUONO SPESA: l\u2019entit\u00e0 dell\u2019importo verr\u00e0 definito con successivo apposito provvedimento, partendo da un importo minimo di Euro 50,00, sulla base del numero dei componenti il nucleo familiare e in considerazione delle necessit\u00e0 dichiarate dal richiedente. Le richieste, redatte sull\u2019apposito modulo dovranno pervenire al Comune di Alleghe mediante invio di posta elettronica. Solo via residuale la domanda potr\u00e0 essere presentata telefonicamente, chiamando il numero 0437 523300 dal luned\u00ec al venerd\u00ec dalle 8 alle 10<\/p>\n<p>&nbsp;<\/p>\n<hr \/>\n<p>&nbsp;<\/p>\n<div class=\"page-title-head hgroup\">\n<blockquote>\n<h3 class=\"entry-title\">IL RICHIAMO DEL BRAMITO, L\u2019OCCHIO DEL FOTOGRAFO \u2013 NUOVO VIDEO<\/h3>\n<\/blockquote>\n<\/div>\n<div class=\"page-title-breadcrumbs\"><\/div>\n<div dir=\"auto\" role=\"none\"><\/div>\n<div dir=\"auto\" role=\"none\"><em><strong>di Mario De Marco<\/strong><\/em><\/div>\n<div dir=\"auto\" role=\"none\">\n<blockquote>\n<h3>Un altro momento particolare del periodo del bramito del cervo.. Combattimento tra i giganti della foresta per la supremazia del territorio.. Video girato a circa 250mt di distanza dolomiti Bellunesi<\/h3>\n<\/blockquote>\n<\/div>\n<div dir=\"auto\" role=\"none\">\n<div style=\"width: 640px;\" class=\"wp-video\"><video class=\"wp-video-shortcode\" id=\"video-300873-4\" width=\"640\" height=\"352\" preload=\"metadata\" controls=\"controls\"><source type=\"video\/mp4\" src=\"https:\/\/www.radiopiu.net\/wordpress\/wp-content\/uploads\/2022\/09\/WhatsApp-Video-2022-10-10-at-19.04.23.mp4?_=4\" \/><a href=\"https:\/\/www.radiopiu.net\/wordpress\/wp-content\/uploads\/2022\/09\/WhatsApp-Video-2022-10-10-at-19.04.23.mp4\">https:\/\/www.radiopiu.net\/wordpress\/wp-content\/uploads\/2022\/09\/WhatsApp-Video-2022-10-10-at-19.04.23.mp4<\/a><\/video><\/div>\n<\/div>\n<div dir=\"auto\" role=\"none\"><\/div>\n<div dir=\"auto\" role=\"none\"><\/div>\n<p>&nbsp;<\/p>\n<p>&nbsp;<\/p>\n<hr \/>\n<p>&nbsp;<\/p>\n<blockquote>\n<h2>EVENTI AUTUNNALI IN VAL PETTORINA<\/h2>\n<\/blockquote>\n<p><strong>ROCCA PIETORE<\/strong> fra i\u00a0 boschi dipinti dei colori dell&#8217;autunno\u00a0 I prossimi appuntamenti sono: Sabato 15 Ottobre pomeriggio Per tutti i dettagli\u00a0 <span class=\"fxk3tzhb b2rh1bv3 gh55jysx m8h3af8h ewco64xe kjdc1dyq ms56khn7 bq6c9xl4 eohcrkr5 akh3l2rg\"><img loading=\"lazy\" decoding=\"async\" src=\"https:\/\/static.xx.fbcdn.net\/images\/emoji.php\/v9\/t4d\/1\/16\/1f4de.png\" alt=\"&#x1f4de;\" width=\"16\" height=\"16\" \/><\/span> 340 894 4032 Elena e Sara<a class=\"dt-pswp-item\" href=\"https:\/\/www.radiopiu.net\/wordpress\/wp-content\/uploads\/2022\/10\/1409872327879275310.jpg\" data-dt-img-description=\"\" data-large_image_width=\"500\" data-large_image_height=\"261\">\u00a0<\/a><\/p>\n<div class=\"m8h3af8h l7ghb35v kjdc1dyq kmwttqpk gh25dzvf n3t5jt4f\">\n<div dir=\"auto\"><\/div>\n<div dir=\"auto\">\n<p><strong>OSPITI: Sara Darman ed Elena Simeonato<\/strong><\/p>\n<audio class=\"wp-audio-shortcode\" id=\"audio-300873-5\" preload=\"none\" style=\"width: 100%;\" controls=\"controls\"><source type=\"audio\/mpeg\" src=\"https:\/\/www.radiopiu.net\/wordpress\/wp-content\/uploads\/2022\/09\/sara-darman-elena-simionato-passeggiate-marmolada.mp3?_=5\" \/><a href=\"https:\/\/www.radiopiu.net\/wordpress\/wp-content\/uploads\/2022\/09\/sara-darman-elena-simionato-passeggiate-marmolada.mp3\">https:\/\/www.radiopiu.net\/wordpress\/wp-content\/uploads\/2022\/09\/sara-darman-elena-simionato-passeggiate-marmolada.mp3<\/a><\/audio>\n<p>&nbsp;<\/p>\n\n\t\t\t<style type='text\/css'>\n\t\t\t\t#gallery-5 {\n\t\t\t\t\tmargin: auto;\n\t\t\t\t}\n\t\t\t\t#gallery-5 .gallery-item {\n\t\t\t\t\tfloat: left;\n\t\t\t\t\tmargin-top: 10px;\n\t\t\t\t\ttext-align: center;\n\t\t\t\t\twidth: 33%;\n\t\t\t\t}\n\t\t\t\t#gallery-5 img {\n\t\t\t\t\tborder: 2px solid #cfcfcf;\n\t\t\t\t}\n\t\t\t\t#gallery-5 .gallery-caption {\n\t\t\t\t\tmargin-left: 0;\n\t\t\t\t}\n\t\t\t\t\/* see gallery_shortcode() in wp-includes\/media.php *\/\n\t\t\t<\/style>\n\t\t<div id='gallery-5' class='dt-gallery-container gallery galleryid-300873 gallery-columns-3 gallery-size-thumbnail'><dl class='gallery-item'>\n\t\t\t\t<dt class='gallery-icon landscape'>\n\t\t\t\t\t<a class=\"rollover rollover-zoom dt-pswp-item\" title=\"b5e996c7-e2e6-4fec-9337-cd086d266e7f\" data-dt-img-description=\"\" data-large_image_width=\"1080\" data-large_image_height=\"1080\"href='https:\/\/www.radiopiu.net\/wordpress\/wp-content\/uploads\/2022\/09\/b5e996c7-e2e6-4fec-9337-cd086d266e7f.jpg'><img loading=\"lazy\" decoding=\"async\" width=\"150\" height=\"150\" src=\"https:\/\/www.radiopiu.net\/wordpress\/wp-content\/uploads\/2022\/09\/b5e996c7-e2e6-4fec-9337-cd086d266e7f-150x150.jpg\" class=\"attachment-thumbnail size-thumbnail\" alt=\"\" srcset=\"https:\/\/www.radiopiu.net\/wordpress\/wp-content\/uploads\/2022\/09\/b5e996c7-e2e6-4fec-9337-cd086d266e7f-150x150.jpg 150w, https:\/\/www.radiopiu.net\/wordpress\/wp-content\/uploads\/2022\/09\/b5e996c7-e2e6-4fec-9337-cd086d266e7f-300x300.jpg 300w, https:\/\/www.radiopiu.net\/wordpress\/wp-content\/uploads\/2022\/09\/b5e996c7-e2e6-4fec-9337-cd086d266e7f-1024x1024.jpg 1024w, https:\/\/www.radiopiu.net\/wordpress\/wp-content\/uploads\/2022\/09\/b5e996c7-e2e6-4fec-9337-cd086d266e7f-768x768.jpg 768w, https:\/\/www.radiopiu.net\/wordpress\/wp-content\/uploads\/2022\/09\/b5e996c7-e2e6-4fec-9337-cd086d266e7f.jpg 1080w\" sizes=\"auto, (max-width: 150px) 100vw, 150px\" \/><\/a>\n\t\t\t\t<\/dt><\/dl><dl class='gallery-item'>\n\t\t\t\t<dt class='gallery-icon landscape'>\n\t\t\t\t\t<a class=\"rollover rollover-zoom dt-pswp-item\" title=\"062d597d-f973-4277-9cc6-f67c6d992e99\" data-dt-img-description=\"\" data-large_image_width=\"1080\" data-large_image_height=\"1080\"href='https:\/\/www.radiopiu.net\/wordpress\/wp-content\/uploads\/2022\/09\/062d597d-f973-4277-9cc6-f67c6d992e99.jpg'><img loading=\"lazy\" decoding=\"async\" width=\"150\" height=\"150\" src=\"https:\/\/www.radiopiu.net\/wordpress\/wp-content\/uploads\/2022\/09\/062d597d-f973-4277-9cc6-f67c6d992e99-150x150.jpg\" class=\"attachment-thumbnail size-thumbnail\" alt=\"\" srcset=\"https:\/\/www.radiopiu.net\/wordpress\/wp-content\/uploads\/2022\/09\/062d597d-f973-4277-9cc6-f67c6d992e99-150x150.jpg 150w, https:\/\/www.radiopiu.net\/wordpress\/wp-content\/uploads\/2022\/09\/062d597d-f973-4277-9cc6-f67c6d992e99-300x300.jpg 300w, https:\/\/www.radiopiu.net\/wordpress\/wp-content\/uploads\/2022\/09\/062d597d-f973-4277-9cc6-f67c6d992e99-1024x1024.jpg 1024w, https:\/\/www.radiopiu.net\/wordpress\/wp-content\/uploads\/2022\/09\/062d597d-f973-4277-9cc6-f67c6d992e99-768x768.jpg 768w, https:\/\/www.radiopiu.net\/wordpress\/wp-content\/uploads\/2022\/09\/062d597d-f973-4277-9cc6-f67c6d992e99.jpg 1080w\" sizes=\"auto, (max-width: 150px) 100vw, 150px\" \/><\/a>\n\t\t\t\t<\/dt><\/dl><dl class='gallery-item'>\n\t\t\t\t<dt class='gallery-icon landscape'>\n\t\t\t\t\t<a class=\"rollover rollover-zoom dt-pswp-item\" title=\"ada9c7a0-4d54-4873-82d4-41f5480668d3\" data-dt-img-description=\"\" data-large_image_width=\"1080\" data-large_image_height=\"1080\"href='https:\/\/www.radiopiu.net\/wordpress\/wp-content\/uploads\/2022\/09\/ada9c7a0-4d54-4873-82d4-41f5480668d3.jpg'><img loading=\"lazy\" decoding=\"async\" width=\"150\" height=\"150\" src=\"https:\/\/www.radiopiu.net\/wordpress\/wp-content\/uploads\/2022\/09\/ada9c7a0-4d54-4873-82d4-41f5480668d3-150x150.jpg\" class=\"attachment-thumbnail size-thumbnail\" alt=\"\" srcset=\"https:\/\/www.radiopiu.net\/wordpress\/wp-content\/uploads\/2022\/09\/ada9c7a0-4d54-4873-82d4-41f5480668d3-150x150.jpg 150w, https:\/\/www.radiopiu.net\/wordpress\/wp-content\/uploads\/2022\/09\/ada9c7a0-4d54-4873-82d4-41f5480668d3-300x300.jpg 300w, https:\/\/www.radiopiu.net\/wordpress\/wp-content\/uploads\/2022\/09\/ada9c7a0-4d54-4873-82d4-41f5480668d3-1024x1024.jpg 1024w, https:\/\/www.radiopiu.net\/wordpress\/wp-content\/uploads\/2022\/09\/ada9c7a0-4d54-4873-82d4-41f5480668d3-768x768.jpg 768w, https:\/\/www.radiopiu.net\/wordpress\/wp-content\/uploads\/2022\/09\/ada9c7a0-4d54-4873-82d4-41f5480668d3.jpg 1080w\" sizes=\"auto, (max-width: 150px) 100vw, 150px\" \/><\/a>\n\t\t\t\t<\/dt><\/dl><br style=\"clear: both\" \/>\n\t\t\t<\/div>\n\n<p>&nbsp;<\/p>\n<hr \/>\n<p>&nbsp;<\/p>\n<blockquote>\n<h3><a class=\"dt-pswp-item\" href=\"https:\/\/www.radiopiu.net\/wordpress\/wp-content\/uploads\/2022\/10\/th-3.jpg\" data-dt-img-description=\"\" data-large_image_width=\"474\" data-large_image_height=\"315\"><img loading=\"lazy\" decoding=\"async\" class=\"wp-image-301009 alignleft\" src=\"https:\/\/www.radiopiu.net\/wordpress\/wp-content\/uploads\/2022\/10\/th-3-300x199.jpg\" alt=\"\" width=\"157\" height=\"104\" srcset=\"https:\/\/www.radiopiu.net\/wordpress\/wp-content\/uploads\/2022\/10\/th-3-300x199.jpg 300w, https:\/\/www.radiopiu.net\/wordpress\/wp-content\/uploads\/2022\/10\/th-3.jpg 474w\" sizes=\"auto, (max-width: 157px) 100vw, 157px\" \/><\/a>IN VIAGGIO CON LE FIAT 500 D&#8217;EPOCA<\/h3>\n<\/blockquote>\n<p><strong>BELLUNO<\/strong> Gita di ottobre con le 500 domenica,\u00a0 con ritrovo a Sedico alle 9. E\u2019 possibile aggregarsi al gruppo anche lungo il percorso. Dopo Feltre la carovana salir\u00e0 a\u00a0 Fiera di Primiero, quindi a Gosaldo.\u00a0 Il pranzo a Rivamonte dove\u00a0 alle 12,30 \u00a0al Riva Oktoberfest\u00a0 Informazioni\u00a0 Giulio Pirolo 3391339800 \u2013 mail pirolo.giulio@simg.it<\/p>\n<p>&nbsp;<\/p>\n<blockquote>\n<h2>PROLOCO DI RIVAMONTE AGORDINO<\/h2>\n<\/blockquote>\n<div>\n<div class=\"hael596l alzwoclg jl2a5g8c qjfq86k5 r227ecj6 gt60zsk1 s1m0hq7j\">\n<div class=\"cgu29s5g\">\n<div class=\"alzwoclg cqf1kptm siwo0mpr gu5uzgus\">\n<div class=\"jroqu855 nthtkgg5\"><strong>14-15-16 OTTOBRE 2022<\/strong><\/div>\n<\/div>\n<\/div>\n<\/div>\n<\/div>\n<div>\n<div class=\"\" dir=\"auto\">\n<div id=\"jsc_c_1y\" class=\"d2hqwtrz r227ecj6 ez8dtbzv gt60zsk1\" data-ad-comet-preview=\"message\" data-ad-preview=\"message\">\n<div class=\"alzwoclg cqf1kptm siwo0mpr gu5uzgus\">\n<div class=\"jroqu855 nthtkgg5\">\n<div class=\"m8h3af8h l7ghb35v kjdc1dyq kmwttqpk gh25dzvf n3t5jt4f\">\n<div dir=\"auto\">Finalmente ritorna l&#8217;Oktoberfest. Tre giorni di festa in compagnia di buona musica e buon cibo: Canederli, \u00a0Spatzle<\/div>\n<div dir=\"auto\">Stinco con crauti e patate fritte e Buona birra in bicchieri di vetro<br \/>\n<a class=\"dt-pswp-item\" href=\"https:\/\/www.radiopiu.net\/wordpress\/wp-content\/uploads\/2022\/09\/306610049_3398892650338616_7875061756741663012_n.jpg\" data-dt-img-description=\"\" data-large_image_width=\"720\" data-large_image_height=\"261\"><img loading=\"lazy\" decoding=\"async\" class=\"alignnone wp-image-296989 size-full\" src=\"https:\/\/www.radiopiu.net\/wordpress\/wp-content\/uploads\/2022\/09\/306610049_3398892650338616_7875061756741663012_n.jpg\" alt=\"\" width=\"720\" height=\"261\" srcset=\"https:\/\/www.radiopiu.net\/wordpress\/wp-content\/uploads\/2022\/09\/306610049_3398892650338616_7875061756741663012_n.jpg 720w, https:\/\/www.radiopiu.net\/wordpress\/wp-content\/uploads\/2022\/09\/306610049_3398892650338616_7875061756741663012_n-300x109.jpg 300w\" sizes=\"auto, (max-width: 720px) 100vw, 720px\" \/><\/a><\/div>\n<div dir=\"auto\"><\/div>\n<\/div>\n<\/div>\n<\/div>\n<\/div>\n<\/div>\n<\/div>\n<p>&nbsp;<\/p>\n<p>&nbsp;<\/p>\n<hr \/>\n<p>&nbsp;<\/p>\n<blockquote>\n<h3>LA GIORNATA MONDIALE DELLA VISTA<\/h3>\n<\/blockquote>\n<p><strong>BELLUNO <\/strong>L\u2019Unione Italiana dei Ciechi e degli Ipovedenti ONLUS APS sezione territoriale di Belluno aderisce anche quest\u2019anno alla Giornata Mondiale della Vista, promossa dall\u2019Agenzia Internazionale per la Prevenzione della Cecit\u00e0 IAPB Italia Onlus, e invita la cittadinanza ad un incontro divulgativo con la presenza di tre medici oculisti del territorio ULSS 1 Dolomiti: il primario dell\u2019unit\u00e0 oculistica dell\u2019Ospedale San Martino di Belluno dott.ssa Luigina Tollot, il responsabile del Centro Ipovisione dott. Michele Del Borrello e il dott. Nazareno Giubilei. L\u2019incontro avr\u00e0 luogo GIOVEDI\u2019 13 OTTOBRE 2022 alle ore 18.00 presso la Sala MUCCIN del Centro Congressi Giovanni XXIII in Piazza Piloni a Belluno. Si parler\u00e0 del bene prezioso della vista, dell\u2019importanza della prevenzione delle malattie oculari, della riabilitazione visiva e dei progressi della ricerca.<\/p>\n<p>&nbsp;<\/p>\n<p>&nbsp;<\/p>\n<p>&nbsp;<\/p>\n<hr \/>\n<p>&nbsp;<\/p>\n<blockquote>\n<h3>DOMENICA 23 OTTOBRE LA GRANDE FESTA ALLA FABBRICA IN PEDAVENA DI LA VALLE<\/h3>\n<\/blockquote>\n<p><a class=\"dt-pswp-item\" href=\"https:\/\/www.radiopiu.net\/wordpress\/wp-content\/uploads\/2022\/09\/be36ec51-e02a-4ee2-8c75-860605e2253f.jpg\" data-dt-img-description=\"\" data-large_image_width=\"1200\" data-large_image_height=\"628\"><img loading=\"lazy\" decoding=\"async\" class=\"aligncenter wp-image-296751 size-medium\" src=\"https:\/\/www.radiopiu.net\/wordpress\/wp-content\/uploads\/2022\/09\/be36ec51-e02a-4ee2-8c75-860605e2253f-300x157.jpg\" alt=\"\" width=\"300\" height=\"157\" srcset=\"https:\/\/www.radiopiu.net\/wordpress\/wp-content\/uploads\/2022\/09\/be36ec51-e02a-4ee2-8c75-860605e2253f-300x157.jpg 300w, https:\/\/www.radiopiu.net\/wordpress\/wp-content\/uploads\/2022\/09\/be36ec51-e02a-4ee2-8c75-860605e2253f-1024x536.jpg 1024w, https:\/\/www.radiopiu.net\/wordpress\/wp-content\/uploads\/2022\/09\/be36ec51-e02a-4ee2-8c75-860605e2253f-768x402.jpg 768w, https:\/\/www.radiopiu.net\/wordpress\/wp-content\/uploads\/2022\/09\/be36ec51-e02a-4ee2-8c75-860605e2253f.jpg 1200w\" sizes=\"auto, (max-width: 300px) 100vw, 300px\" \/><\/a><\/p>\n<p>&nbsp;<\/p>\n<p>&nbsp;<\/p>\n<hr \/>\n<p>&nbsp;<\/p>\n<blockquote>\n<h3>A BELLUNO SI PARLA DELLA GESTIONE PERIOPERATORIA DELL&#8217;ANZIANO FRAGILE<\/h3>\n<\/blockquote>\n<p><strong><a class=\"dt-pswp-item\" href=\"https:\/\/www.radiopiu.net\/wordpress\/wp-content\/uploads\/2022\/10\/Senza-nome-13.jpg\" data-dt-img-description=\"\" data-large_image_width=\"203\" data-large_image_height=\"158\"><img loading=\"lazy\" decoding=\"async\" class=\"size-full wp-image-300279 alignright\" src=\"https:\/\/www.radiopiu.net\/wordpress\/wp-content\/uploads\/2022\/10\/Senza-nome-13.jpg\" alt=\"\" width=\"203\" height=\"158\" \/><\/a>BELLUNO<\/strong> \u00c8 in programma per sabato 15 ottobre al Teatro Giovanni XXIII una serata organizzata dall&#8217;Ordine dei medici chirurghi e odontoiatri della provincia di Belluno. &#8220;La gestione perioperatoria dell&#8217;anziano fragile&#8221; il titolo dell&#8217;incontro che si terr\u00e0 a partire dalle 18. Ad aprire la giornata un incontro aperto a tutti sule cure di lungo termine nel sostegno della fragilit\u00e0 anziana con Luigi Guglielmi, giornalista dell&#8217;Amico Del Popolo, il dottor Massimiliano Mosca, geriatra, e la dottoressa Lucia Omiciuolo, direttore dell&#8217;Unit\u00e0 Opertiva di geriatria dell&#8217;ospedale di Feltre. Alle 18:30 lo spettacolo teatrale &#8220;Mamma a carico. Mia figlia ha 90 anni&#8221; di e con Gianna Coletti per la regia di Gabriele Scotti.<\/p>\n<p><strong>L&#8217;ATTRICE GIANNA COLETTI ALLA RADIO\u00a0<\/strong><\/p>\n<audio class=\"wp-audio-shortcode\" id=\"audio-300873-6\" preload=\"none\" style=\"width: 100%;\" controls=\"controls\"><source type=\"audio\/mpeg\" src=\"https:\/\/www.radiopiu.net\/wordpress\/wp-content\/uploads\/2022\/10\/gianna-coletti.mp3?_=6\" \/><a href=\"https:\/\/www.radiopiu.net\/wordpress\/wp-content\/uploads\/2022\/10\/gianna-coletti.mp3\">https:\/\/www.radiopiu.net\/wordpress\/wp-content\/uploads\/2022\/10\/gianna-coletti.mp3<\/a><\/audio>\n<p>&nbsp;<\/p>\n<hr \/>\n<p>&nbsp;<\/p>\n<blockquote>\n<h3>1985: ANNO DELLE UNIVERSIADI INVERNALI DEL NEVEGAL E DELLA TERZA EDIZIONE DEL PREMIO \u201cBUZZATI\u201d DI POESIA<\/h3>\n<\/blockquote>\n<p><strong>di RENATO BONA\u00a0<\/strong><\/p>\n<p>Il 1985 \u00e8 stato l\u2019anno delle \u201cUniversiadi invernali\u201d ospitate sul colle bellunese Nevegal, evento di primaria importanza che Francesco \u201cCheco\u201d De Luca ha giustamente ricordato, in \u201cUna ruota che gira da un quarto di secolo\u201d che sintetizza le attivit\u00e0 storico culturali della Sala \u201cDe Luca\u201d di Borgo Pra nei due libri (editrice la bergamasca Velar, stampa del dicembre 2005) che \u201ccoprono\u201d il periodo dal 26 maggio 1980 al 26 maggio 2005. L\u2019elenco delle iniziative si apre con la mostra (dal 5 al 14 gennaio) del pittore Gianni Palminteri e quella, dal 19 al 28, di Romano Ocri, anch\u2019egli feltrino. Spazio quindi per l\u2019annuncio che il Comune di Belluno ha organizzato dal 3 al 9 febbraio una mostra fotografica proprio in occasione delle Universiadi del Nevegal, sul tema: \u201cUno sguardo al passato\u201d (dagli anni 1873 al 1945). Un altro richiamo all\u2019intervento sportivo per annunciare per il 16 febbraio la cerimonia di premiazione dei grandi campioni dello sport invernale da parte dei Comuni del Comelico, con la partecipazione del Coro Val Comelico. Altre \u201cospitate\u201d di grande richiamo alla \u201cDe Luca\u201d sono state in quel 1985 la presentazione a cura di Ulderico Bernardi, della cartella \u201cCase rustiche nel Bellunese\u201d opera di Massimo Facchin il quale ha poi esposto i suoi lavori con successo di critica e pubblico. Quindi la terza edizione del Premio nazionale di poesia \u201cDino Buzzati \u2013 Valle del Piave\u201d proposta dal Comune di Belluno e dalla stessa \u201cDe Luca\u201d con il patrocinio ed il contributo della Cassa di risparmio di Verona, Vicenza e Belluno. La giuria, presidente il regista Alberto Bevilacqua (fra i componenti anche il sottoscritto, Renato Bona \u2013 ndr.) ha assegnato il primo premio ex aequo a conclusione di \u201clavori tra Belluno e Milano impegnativi ma esemplarmente sereni\u201d a: Ottorino Stefani per \u201cI treni di De Chirico\u201d con prefazione di Bino Rebellato, e a Renato Minore per \u201cNon ne so pi\u00f9 di prima\u201d con prefazione di Giuseppe Pontiggia, rispettivamente per le case editrici Rebellato ed Edizione del Leone; alla cerimonia di premiazione, il factotum del Premio, Renzo Cortina, ha consegnato lo stesso 5 ottobre, a nome del sindaco di Milano Tognoli l\u2019\u201cAmbrogino d\u2019Oro\u201d, prestigioso riconoscimento di quel Comune, a \u201cCheco\u201d De Luca. Per l\u2019occasione l\u2019artista Renata Carraro aveva tirato un\u2019incisione in 70 copie per una cartella-omaggio. Ricordiamo quindi che il 21 febbraio c\u2019era stata la presentazione con Ulderico Bernardi della cartella \u201cCase rustiche nel Bellunese\u201d, opera dell\u2019artista lamonese Massimo Facchin e che il successivo 2 marzo era stata inaugurata la sua mostra di disegni in china sullo stesso tema, presentata dal poeta Andrea Zanzotto. Ed ora, a volo d\u2019uccello, altre iniziative: 5-14 gennaio personale del pittore feltrino Gianni Palminteri e dal 19 al 28 quella di Romano Ocri; il 26 febbraio conferenza del Circolo artistico provinciale su: \u201cLa pittura veneta nel territorio bellunese\u201d; il 16 marzo conferenza-dibattito di Naturopatia su: \u201cMedicine alternative\u201d relatore il prof. Emilio Dal Giudice; dal 23 marzo al 10 aprile esposizione di pitture del francese Rousseau; dal 17 al 20 aprile prove e sfilata di moda delle studentesse dell\u2019istituto professionale \u201cBrustolon\u201d di Belluno; dal 5 al 16 maggio personale di grafica, pittura e scultura di Gianni Pezzei con la partecipazione del Coro Fodom; dal 18 al 30 maggio esposizione di ceramiche di Claudia Dorkenivald e di Enzo Verdelli. Ancora: dal 2 all\u201911 giugno mostra del pittore Livio Bisa; il 9 esposizione e premiazione della Ex tempore degli allievi delle superiori alla memoria della prof. Albertina Brogliati; dal 21 giugno al 4 luglio collettiva degli artisti del Circolo provinciale bellunese; dal 13 al 27 luglio mostra di sculture di Pietro Poloni; dal 3 al 12 agosto della pittrice Marisa Tafi; dal 31 agosto al 9 settembre del pittore Carlo Guarnieri. Dal 14 al 23 settembre del pittore Pietro Mancuso; il 26 ottobre serata con il coro Val Comelico e recita di poesie in ladino; dall\u20191 al 10 novembre mostra del pittore Giacomo Pradella; l\u20198 novembre conferenza del prof. Mario Bucci su: \u201cIl collezionismo in Italia\u201d; il 10 presentazione del libro antologico dialettale bellunese \u201cZemped\u00f2n\u201d e premiazione da parte della Provincia di Belluno del poeta Andrea Zanzotto; dal 17al 26 esposizione della pittrice Mariuccia Pomiato; dal 14 al 30 dicembre collettiva di pittura, scultura e grafica di: Renata Carraro, Mauro Corona, Giuliano Prati e Simon Benetton.<\/p>\n\n\t\t\t<style type='text\/css'>\n\t\t\t\t#gallery-6 {\n\t\t\t\t\tmargin: auto;\n\t\t\t\t}\n\t\t\t\t#gallery-6 .gallery-item {\n\t\t\t\t\tfloat: left;\n\t\t\t\t\tmargin-top: 10px;\n\t\t\t\t\ttext-align: center;\n\t\t\t\t\twidth: 14%;\n\t\t\t\t}\n\t\t\t\t#gallery-6 img {\n\t\t\t\t\tborder: 2px solid #cfcfcf;\n\t\t\t\t}\n\t\t\t\t#gallery-6 .gallery-caption {\n\t\t\t\t\tmargin-left: 0;\n\t\t\t\t}\n\t\t\t\t\/* see gallery_shortcode() in wp-includes\/media.php *\/\n\t\t\t<\/style>\n\t\t<div id='gallery-6' class='dt-gallery-container gallery galleryid-300873 gallery-columns-7 gallery-size-thumbnail'><dl class='gallery-item'>\n\t\t\t\t<dt class='gallery-icon portrait'>\n\t\t\t\t\t<a class=\"rollover\" href='https:\/\/www.radiopiu.net\/wordpress\/giornale-radiopiu-11-ottobre-2022-direttore-mirko-mezzacasa\/1-131\/'><img loading=\"lazy\" decoding=\"async\" width=\"150\" height=\"150\" src=\"https:\/\/www.radiopiu.net\/wordpress\/wp-content\/uploads\/2022\/10\/1-2-150x150.jpg\" class=\"attachment-thumbnail size-thumbnail\" alt=\"\" \/><\/a>\n\t\t\t\t<\/dt><\/dl><dl class='gallery-item'>\n\t\t\t\t<dt class='gallery-icon landscape'>\n\t\t\t\t\t<a class=\"rollover\" href='https:\/\/www.radiopiu.net\/wordpress\/giornale-radiopiu-11-ottobre-2022-direttore-mirko-mezzacasa\/2-133\/'><img loading=\"lazy\" decoding=\"async\" width=\"150\" height=\"150\" src=\"https:\/\/www.radiopiu.net\/wordpress\/wp-content\/uploads\/2022\/10\/2-2-150x150.jpg\" class=\"attachment-thumbnail size-thumbnail\" alt=\"\" \/><\/a>\n\t\t\t\t<\/dt><\/dl><dl class='gallery-item'>\n\t\t\t\t<dt class='gallery-icon landscape'>\n\t\t\t\t\t<a class=\"rollover\" href='https:\/\/www.radiopiu.net\/wordpress\/giornale-radiopiu-11-ottobre-2022-direttore-mirko-mezzacasa\/3-109\/'><img loading=\"lazy\" decoding=\"async\" width=\"150\" height=\"150\" src=\"https:\/\/www.radiopiu.net\/wordpress\/wp-content\/uploads\/2022\/10\/3-1-150x150.jpg\" class=\"attachment-thumbnail size-thumbnail\" alt=\"\" \/><\/a>\n\t\t\t\t<\/dt><\/dl><dl class='gallery-item'>\n\t\t\t\t<dt class='gallery-icon landscape'>\n\t\t\t\t\t<a class=\"rollover\" href='https:\/\/www.radiopiu.net\/wordpress\/giornale-radiopiu-11-ottobre-2022-direttore-mirko-mezzacasa\/4-71\/'><img loading=\"lazy\" decoding=\"async\" width=\"150\" height=\"150\" src=\"https:\/\/www.radiopiu.net\/wordpress\/wp-content\/uploads\/2022\/10\/4-1-150x150.jpg\" class=\"attachment-thumbnail size-thumbnail\" alt=\"\" \/><\/a>\n\t\t\t\t<\/dt><\/dl><dl class='gallery-item'>\n\t\t\t\t<dt class='gallery-icon landscape'>\n\t\t\t\t\t<a class=\"rollover\" href='https:\/\/www.radiopiu.net\/wordpress\/giornale-radiopiu-11-ottobre-2022-direttore-mirko-mezzacasa\/5-52\/'><img loading=\"lazy\" decoding=\"async\" width=\"150\" height=\"150\" src=\"https:\/\/www.radiopiu.net\/wordpress\/wp-content\/uploads\/2022\/10\/5-1-150x150.jpg\" class=\"attachment-thumbnail size-thumbnail\" alt=\"\" \/><\/a>\n\t\t\t\t<\/dt><\/dl><dl class='gallery-item'>\n\t\t\t\t<dt class='gallery-icon portrait'>\n\t\t\t\t\t<a class=\"rollover\" href='https:\/\/www.radiopiu.net\/wordpress\/giornale-radiopiu-11-ottobre-2022-direttore-mirko-mezzacasa\/6-26\/'><img loading=\"lazy\" decoding=\"async\" width=\"150\" height=\"150\" src=\"https:\/\/www.radiopiu.net\/wordpress\/wp-content\/uploads\/2022\/10\/6-1-150x150.jpg\" class=\"attachment-thumbnail size-thumbnail\" alt=\"\" \/><\/a>\n\t\t\t\t<\/dt><\/dl><dl class='gallery-item'>\n\t\t\t\t<dt class='gallery-icon landscape'>\n\t\t\t\t\t<a class=\"rollover\" href='https:\/\/www.radiopiu.net\/wordpress\/giornale-radiopiu-11-ottobre-2022-direttore-mirko-mezzacasa\/7-21\/'><img loading=\"lazy\" decoding=\"async\" width=\"150\" height=\"150\" src=\"https:\/\/www.radiopiu.net\/wordpress\/wp-content\/uploads\/2022\/10\/7-150x150.jpg\" class=\"attachment-thumbnail size-thumbnail\" alt=\"\" \/><\/a>\n\t\t\t\t<\/dt><\/dl><br style=\"clear: both\" \/><dl class='gallery-item'>\n\t\t\t\t<dt class='gallery-icon landscape'>\n\t\t\t\t\t<a class=\"rollover\" href='https:\/\/www.radiopiu.net\/wordpress\/giornale-radiopiu-11-ottobre-2022-direttore-mirko-mezzacasa\/8-15\/'><img loading=\"lazy\" decoding=\"async\" width=\"150\" height=\"150\" src=\"https:\/\/www.radiopiu.net\/wordpress\/wp-content\/uploads\/2022\/10\/8-150x150.jpg\" class=\"attachment-thumbnail size-thumbnail\" alt=\"\" \/><\/a>\n\t\t\t\t<\/dt><\/dl><dl class='gallery-item'>\n\t\t\t\t<dt class='gallery-icon landscape'>\n\t\t\t\t\t<a class=\"rollover\" href='https:\/\/www.radiopiu.net\/wordpress\/giornale-radiopiu-11-ottobre-2022-direttore-mirko-mezzacasa\/9-19\/'><img loading=\"lazy\" decoding=\"async\" width=\"150\" height=\"150\" src=\"https:\/\/www.radiopiu.net\/wordpress\/wp-content\/uploads\/2022\/10\/9-150x150.jpg\" class=\"attachment-thumbnail size-thumbnail\" alt=\"\" \/><\/a>\n\t\t\t\t<\/dt><\/dl><dl class='gallery-item'>\n\t\t\t\t<dt class='gallery-icon landscape'>\n\t\t\t\t\t<a class=\"rollover\" href='https:\/\/www.radiopiu.net\/wordpress\/giornale-radiopiu-11-ottobre-2022-direttore-mirko-mezzacasa\/10-14\/'><img loading=\"lazy\" decoding=\"async\" width=\"150\" height=\"150\" src=\"https:\/\/www.radiopiu.net\/wordpress\/wp-content\/uploads\/2022\/10\/10-150x150.jpg\" class=\"attachment-thumbnail size-thumbnail\" alt=\"\" \/><\/a>\n\t\t\t\t<\/dt><\/dl><dl class='gallery-item'>\n\t\t\t\t<dt class='gallery-icon portrait'>\n\t\t\t\t\t<a class=\"rollover\" href='https:\/\/www.radiopiu.net\/wordpress\/giornale-radiopiu-11-ottobre-2022-direttore-mirko-mezzacasa\/11-13\/'><img loading=\"lazy\" decoding=\"async\" width=\"150\" height=\"150\" src=\"https:\/\/www.radiopiu.net\/wordpress\/wp-content\/uploads\/2022\/10\/11-150x150.jpg\" class=\"attachment-thumbnail size-thumbnail\" alt=\"\" \/><\/a>\n\t\t\t\t<\/dt><\/dl><dl class='gallery-item'>\n\t\t\t\t<dt class='gallery-icon landscape'>\n\t\t\t\t\t<a class=\"rollover\" href='https:\/\/www.radiopiu.net\/wordpress\/giornale-radiopiu-11-ottobre-2022-direttore-mirko-mezzacasa\/12-11\/'><img loading=\"lazy\" decoding=\"async\" width=\"150\" height=\"150\" src=\"https:\/\/www.radiopiu.net\/wordpress\/wp-content\/uploads\/2022\/10\/12-150x150.jpg\" class=\"attachment-thumbnail size-thumbnail\" alt=\"\" \/><\/a>\n\t\t\t\t<\/dt><\/dl><dl class='gallery-item'>\n\t\t\t\t<dt class='gallery-icon landscape'>\n\t\t\t\t\t<a class=\"rollover\" href='https:\/\/www.radiopiu.net\/wordpress\/giornale-radiopiu-11-ottobre-2022-direttore-mirko-mezzacasa\/13-12\/'><img loading=\"lazy\" decoding=\"async\" width=\"150\" height=\"150\" src=\"https:\/\/www.radiopiu.net\/wordpress\/wp-content\/uploads\/2022\/10\/13-150x150.jpg\" class=\"attachment-thumbnail size-thumbnail\" alt=\"\" \/><\/a>\n\t\t\t\t<\/dt><\/dl>\n\t\t\t\t<br style='clear: both' \/>\n\t\t\t<\/div>\n\n<p>NELLE FOTO (riproduzioni dal libro \u201cUna ruota che gira da un quarto di secolo\u201d): \u201cCheco\u201d De Luca (a destra) col campione di sci Maurilio De Zolt; premiazione di campioni dello sci ed esibizione del Coro Comelico; il prof. Massimo Facchin (sulla destra); appassionati d\u2019arte alla mostra di Facchin; due momenti dedicati alle studentesse del \u201cBrustolon\u201d; Gianni Pezzei illustra la sua opera a De Luca e al vescovo Ducoli; il pubblico intervenuto all\u2019inaugurazione della mostra; Renzo Cortina e Francesco De Luca; l\u2019incisione di Renata Carraro per la terza edizione del Premio di poesia intitolato a Dino Buzzati; il senatore Colleselli consegna il premio della Provincia e della Sala De Luca al poeta Andrea Zanzotto; la collettiva di Renata Carraro, Mauro Corona e Simon Benetton.<\/p>\n<p>&nbsp;<\/p>\n<p>&nbsp;<\/p>\n<hr \/>\n<p>&nbsp;<\/p>\n<blockquote>\n<h3>IL GRANDE FESTIVAL DEI CORI A LIMANA<\/h3>\n<\/blockquote>\n<p><strong>LIMANA<\/strong> Domenica 16 ottobre sotto la tensostruttura fronte alle scuole elementari di Limana si svolger\u00e0 la seconda edizione del Grande Festiaval dei Cori. Saranno 10 i cori bellunesi che si alterneranno per una giornata all&#8217;insegna del bel canto. Un evento con il patrocinio della Provincia di Belluno, Comune di Limana e Pro Loco. Organizza la Corale di Limana.<\/p>\n<p>&nbsp;<\/p>\n<p>&nbsp;<\/p>\n<hr \/>\n<p>&nbsp;<\/p>\n<blockquote>\n<h3>UNA DOMENICA IN 500<\/h3>\n<\/blockquote>\n<p><strong>BELLUNO<\/strong> In occasione di Riva L&#8217;Oktoberfest di Rivamonte, gli amici appassionati delle 500 organizzano un ritrovo. Partenza da Sedico alle 9 per poi passare verso Feltre, Fiera di Primiero, Passo Cereda per poi continuare verso Gosaldo ed arrivare a Rivamonte per pranzare sotto al tendone. Info ed iscrizioni: Giulio Pirolo \u2013 cell. e WA 3391339800 \u2013 mail <a href=\"mailto:pirolo.giulio@simg.it\">pirolo.giulio@simg.it<\/a>\u00a0o Paolo De Cesaro \u2013 cell e WA 3282715151 \u2013 mail <a href=\"mailto:500ombre@gmail.com\">500ombre@gmail.com<\/a><\/p>\n<p>&nbsp;<\/p>\n<p>&nbsp;<\/p>\n<hr \/>\n<p>&nbsp;<\/p>\n<h2><span style=\"color: #ff0000;\">IERI ALLA RADIO<\/span><\/h2>\n<h2><span style=\"color: #33cccc;\"><a class=\"dt-pswp-item\" href=\"https:\/\/www.radiopiu.net\/wordpress\/wp-content\/uploads\/2022\/10\/6a0f0349-3fad-3c2b-4d8a-e91d1fb1c09d.jpg\" data-dt-img-description=\"\" data-large_image_width=\"900\" data-large_image_height=\"590\"><img loading=\"lazy\" decoding=\"async\" class=\" wp-image-300947 alignleft\" src=\"https:\/\/www.radiopiu.net\/wordpress\/wp-content\/uploads\/2022\/10\/6a0f0349-3fad-3c2b-4d8a-e91d1fb1c09d-300x197.jpg\" alt=\"\" width=\"184\" height=\"121\" srcset=\"https:\/\/www.radiopiu.net\/wordpress\/wp-content\/uploads\/2022\/10\/6a0f0349-3fad-3c2b-4d8a-e91d1fb1c09d-300x197.jpg 300w, https:\/\/www.radiopiu.net\/wordpress\/wp-content\/uploads\/2022\/10\/6a0f0349-3fad-3c2b-4d8a-e91d1fb1c09d-768x503.jpg 768w, https:\/\/www.radiopiu.net\/wordpress\/wp-content\/uploads\/2022\/10\/6a0f0349-3fad-3c2b-4d8a-e91d1fb1c09d.jpg 900w\" sizes=\"auto, (max-width: 184px) 100vw, 184px\" \/><\/a>SALUTE &amp; SOCIETA&#8217;<\/span><\/h2>\n<p><strong>XXIV congresso dell&#8217;Associazione Italiana di Oncologia Medica (AIOM):<\/strong> L&#8217;associazione ha lanciato una campagna nazionale sui Tumori Gastro-Intestinali, rivolta particolarmente ai giovani <strong>Tumori femminili:<\/strong> In Italia le donne vive dopo la diagnosi di tumore sono aumentate del 34% in 10 anni. Armi efficaci consentono di vivere sempre pi\u00f9 a lungo, anche quando la malattia \u00e8 scoperta in fase avanzata <strong>Oblio oncologico:<\/strong> Ha superato le 100mila firme la campagna per il Diritto all\u2019oblio oncologico, lanciata da Fondazione AIOM a gennaio<\/p>\n<audio class=\"wp-audio-shortcode\" id=\"audio-300873-7\" preload=\"none\" style=\"width: 100%;\" controls=\"controls\"><source type=\"audio\/mpeg\" src=\"https:\/\/www.radiopiu.net\/wordpress\/wp-content\/uploads\/2022\/10\/SALUTE-1.mp3?_=7\" \/><a href=\"https:\/\/www.radiopiu.net\/wordpress\/wp-content\/uploads\/2022\/10\/SALUTE-1.mp3\">https:\/\/www.radiopiu.net\/wordpress\/wp-content\/uploads\/2022\/10\/SALUTE-1.mp3<\/a><\/audio>\n<p>&nbsp;<\/p>\n<hr \/>\n<p>&nbsp;<\/p>\n<div>\n<div class=\"b654a4as d2edcug0\">\n<div class=\"rq0escxv hkbzh7o3 jwdofwj8 n8tt0mok r8blr3vg hyh9befq\">\n<p><a class=\"dt-pswp-item\" href=\"https:\/\/www.radiopiu.net\/wordpress\/wp-content\/uploads\/2020\/10\/pp.jpg\" data-dt-img-description=\"\" data-large_image_width=\"640\" data-large_image_height=\"640\"><img loading=\"lazy\" decoding=\"async\" class=\"wp-image-163678 alignleft\" src=\"https:\/\/www.radiopiu.net\/wordpress\/wp-content\/uploads\/2020\/10\/pp-300x300.jpg\" alt=\"\" width=\"106\" height=\"106\" srcset=\"https:\/\/www.radiopiu.net\/wordpress\/wp-content\/uploads\/2020\/10\/pp-300x300.jpg 300w, https:\/\/www.radiopiu.net\/wordpress\/wp-content\/uploads\/2020\/10\/pp-150x150.jpg 150w, https:\/\/www.radiopiu.net\/wordpress\/wp-content\/uploads\/2020\/10\/pp-125x125.jpg 125w, https:\/\/www.radiopiu.net\/wordpress\/wp-content\/uploads\/2020\/10\/pp-200x200.jpg 200w, https:\/\/www.radiopiu.net\/wordpress\/wp-content\/uploads\/2020\/10\/pp-80x80.jpg 80w, https:\/\/www.radiopiu.net\/wordpress\/wp-content\/uploads\/2020\/10\/pp-480x480.jpg 480w, https:\/\/www.radiopiu.net\/wordpress\/wp-content\/uploads\/2020\/10\/pp.jpg 640w\" sizes=\"auto, (max-width: 106px) 100vw, 106px\" \/><\/a><\/p>\n<\/div>\n<\/div>\n<\/div>\n<div>\n<div class=\"page-title-head hgroup\">\n<div class=\"page-title-head hgroup\">\n<div class=\"b654a4as d2edcug0\">\n<div class=\"j83agx80 btwxx1t3 lhclo0ds hop8lmos nkwizq5d scwd0bx6 roh60bw9\">\n<div class=\"rq0escxv hkbzh7o3 jwdofwj8 n8tt0mok r8blr3vg hyh9befq\">\n<div class=\"do00u71z l9j0dhe7 k4urcfbm\">\n<h2><span style=\"color: #000080;\">DON CESARE, IL PENSIERO DEL GIORNO. ALLA RADIO ALLE 7 DEL MATTINO E ALLE 19.30 DELLA SERA.\u00a0<\/span><\/h2>\n<audio class=\"wp-audio-shortcode\" id=\"audio-300873-8\" preload=\"none\" style=\"width: 100%;\" controls=\"controls\"><source type=\"audio\/mpeg\" src=\"https:\/\/www.radiopiu.net\/wordpress\/wp-content\/uploads\/2022\/10\/CESARE-8.mp3?_=8\" \/><a href=\"https:\/\/www.radiopiu.net\/wordpress\/wp-content\/uploads\/2022\/10\/CESARE-8.mp3\">https:\/\/www.radiopiu.net\/wordpress\/wp-content\/uploads\/2022\/10\/CESARE-8.mp3<\/a><\/audio>\n<p>&nbsp;<\/p>\n<div>\n<div class=\"ecm0bbzt e5nlhep0 a8c37x1j\">\n<div class=\"kvgmc6g5 cxmmr5t8 oygrvhab hcukyx3x c1et5uql\">\n<div class=\"gmail-kvgmc6g5 gmail-cxmmr5t8 gmail-oygrvhab gmail-hcukyx3x gmail-c1et5uql gmail-ii04i59q\">\n<div class=\"page-title-head hgroup\">\n<div class=\"page-title-head hgroup\">\n<div class=\"b654a4as d2edcug0\">\n<div class=\"j83agx80 btwxx1t3 lhclo0ds hop8lmos nkwizq5d scwd0bx6 roh60bw9\">\n<div class=\"rq0escxv hkbzh7o3 jwdofwj8 n8tt0mok r8blr3vg hyh9befq\">\n<div class=\"do00u71z l9j0dhe7 k4urcfbm\">\n<div class=\"mkdf-post-text\">\n<div class=\"mkdf-post-text-inner\">\n<div class=\"mkdf-post-text-main\">\n<div class=\"mkdf-post-text\">\n<div class=\"mkdf-post-text-inner\">\n<div class=\"mkdf-post-text-main\">\n<div class=\"mkdf-post-text\">\n<div class=\"mkdf-post-text-inner\">\n<div class=\"mkdf-post-text-main\">\n<div class=\"page-title-head hgroup\">\n<div class=\"page-title-head hgroup\">\n<div class=\"mkdf-post-text\">\n<div class=\"mkdf-post-text-inner\">\n<div class=\"mkdf-post-text-main\">\n<div class=\"mkdf-post-text\">\n<div class=\"mkdf-post-text-inner\">\n<div class=\"mkdf-post-text-main\">\n<div class=\"page-title-head hgroup\">\n<div class=\"page-title-head hgroup\">\n<div class=\"page-title-head hgroup\">\n<div class=\"page-title-head hgroup\">\n<div class=\"b654a4as d2edcug0\">\n<div class=\"page-title-head hgroup\">\n<div class=\"page-title-head hgroup\">\n<div class=\"page-title-head hgroup\">\n<div class=\"page-title-head hgroup\">\n<div class=\"b654a4as d2edcug0\">\n<div class=\"page-title-head hgroup\">\n<div class=\"page-title-head hgroup\">\n<div class=\"page-title-head hgroup\">\n<div class=\"page-title-head hgroup\">\n<div class=\"b654a4as d2edcug0\">\n<div class=\"mkdf-post-text\">\n<div class=\"mkdf-post-text-inner\">\n<div class=\"mkdf-post-text-main\">\n<div class=\"mkdf-post-text\">\n<div class=\"mkdf-post-text-inner\">\n<div class=\"mkdf-post-text-main\">\n<div class=\"mkdf-post-text\">\n<div class=\"mkdf-post-text-inner\">\n<div class=\"mkdf-post-text-main\">\n<div class=\"page-title-head hgroup\">\n<div class=\"page-title-head hgroup\">\n<div class=\"mkdf-post-text\">\n<div class=\"mkdf-post-text-inner\">\n<div class=\"mkdf-post-text-main\">\n<div class=\"mkdf-post-text\">\n<div class=\"mkdf-post-text-inner\">\n<div class=\"mkdf-post-text-main\">\n<div class=\"page-title-head hgroup\">\n<div class=\"page-title-head hgroup\">\n<div class=\"page-title-head hgroup\">\n<div class=\"page-title-head hgroup\">\n<div class=\"b654a4as d2edcug0\">\n<div class=\"page-title-head hgroup\">\n<div class=\"page-title-head hgroup\">\n<div class=\"page-title-head hgroup\">\n<div class=\"page-title-head hgroup\">\n<div class=\"b654a4as d2edcug0\">\n<div class=\"page-title-head hgroup\">\n<div class=\"page-title-head hgroup\">\n<div class=\"page-title-head hgroup\">\n<div class=\"page-title-head hgroup\">\n<div class=\"b654a4as d2edcug0\">\n<hr \/>\n<p>&nbsp;<\/p>\n<h2><span style=\"color: #ff6600;\">COLLAGE OPERAZIONE NOSTALGIA<\/span><\/h2>\n<p><strong><a class=\"dt-pswp-item\" href=\"https:\/\/www.radiopiu.net\/wordpress\/wp-content\/uploads\/2022\/10\/Frank-Sinatra.jpg\" data-dt-img-description=\"\" data-large_image_width=\"300\" data-large_image_height=\"299\"><img loading=\"lazy\" decoding=\"async\" class=\"wp-image-300796 alignleft\" src=\"https:\/\/www.radiopiu.net\/wordpress\/wp-content\/uploads\/2022\/10\/Frank-Sinatra.jpg\" alt=\"\" width=\"116\" height=\"116\" srcset=\"https:\/\/www.radiopiu.net\/wordpress\/wp-content\/uploads\/2022\/10\/Frank-Sinatra.jpg 300w, https:\/\/www.radiopiu.net\/wordpress\/wp-content\/uploads\/2022\/10\/Frank-Sinatra-150x150.jpg 150w\" sizes=\"auto, (max-width: 116px) 100vw, 116px\" \/><\/a>di Loris Scussel<\/strong><\/p>\n<p>Prosegue la nuova programmazione di Collage operazione nostalgia con la messa in onda delle canzoni in ordine alfabetico che questa settimana \u00e8 dedicata a quelle il cui titolo inizia con le lettere F, G, H, I, L. Come sempre i generi diversi si intrecceranno tra loro e potremo ascoltare brani come: Fly me to the moon, Goldfinger, Ho difeso il mio amore, Io per lei, Layla e cos\u00ec via. Collage va in onda dal luned\u00ec al venerd\u00ec alle 16,00 ed in replica alle 23,00 naturalmente su Radio Pi\u00f9.<\/p>\n<p><strong>LA PUNTATA DEL LUNEDI<\/strong><\/p>\n<audio class=\"wp-audio-shortcode\" id=\"audio-300873-9\" preload=\"none\" style=\"width: 100%;\" controls=\"controls\"><source type=\"audio\/mpeg\" src=\"https:\/\/www.radiopiu.net\/wordpress\/wp-content\/uploads\/2022\/10\/Collage-636.mp3?_=9\" \/><a href=\"https:\/\/www.radiopiu.net\/wordpress\/wp-content\/uploads\/2022\/10\/Collage-636.mp3\">https:\/\/www.radiopiu.net\/wordpress\/wp-content\/uploads\/2022\/10\/Collage-636.mp3<\/a><\/audio>\n<p>&nbsp;<\/p>\n<p>&nbsp;<\/p>\n<hr \/>\n<p>&nbsp;<\/p>\n<div>\n<blockquote class=\"wp-embedded-content\" data-secret=\"epoD9XTEkA\"><p><a href=\"https:\/\/www.radiopiu.net\/wordpress\/odio-la-radio-dieci-anni-dopo-di-mirko-mezzacasa\/\">&#8220;ODIO LA RADIO&#8221;&#8230; DIECI ANNI DOPO, di Mirko Mezzacasa<\/a><\/p><\/blockquote>\n<p><iframe loading=\"lazy\" class=\"wp-embedded-content\" sandbox=\"allow-scripts\" security=\"restricted\" style=\"position: absolute; clip: rect(1px, 1px, 1px, 1px);\" title=\"&#8220;&#8220;ODIO LA RADIO&#8221;&#8230; DIECI ANNI DOPO, di Mirko Mezzacasa&#8221; &#8212; Radio Pi\u00f9\" src=\"https:\/\/www.radiopiu.net\/wordpress\/odio-la-radio-dieci-anni-dopo-di-mirko-mezzacasa\/embed\/#?secret=hHKrwe73fI#?secret=epoD9XTEkA\" data-secret=\"epoD9XTEkA\" width=\"600\" height=\"338\" frameborder=\"0\" marginwidth=\"0\" marginheight=\"0\" scrolling=\"no\"><\/iframe><\/p>\n<p>&nbsp;<\/p>\n<hr \/>\n<p>&nbsp;<\/p>\n<p><span style=\"color: #ff0000;\"><strong>L&#8217;OPINIONE\u00a0<\/strong><\/span><\/p>\n<blockquote>\n<h3>&#8220;La riforma delle IPAB in Veneto&#8221;<\/h3>\n<\/blockquote>\n<div dir=\"auto\">Franco Piacentini, Feltre.<\/div>\n<div dir=\"auto\"><\/div>\n<div dir=\"auto\">Qui in Veneto, dopo tre anni dalla legge quadro 328\/2000, era stata intrapresa dalla Regione (Consiglio e Giunta) una ampia fase (tutt&#8217;ora in atto) di approfondimenti e di confronti politici e sociali, su una decina di proposte (bozze di progetti di legge regionali) sulla riforma delle storiche IPAB. Purtroppo nulla \u00e8 stato fatto, nulla \u00e8 stato riformato, nulla (nemmeno) \u00e8 stato modificato. Ricordo abbastanza bene gli incontri di quel periodo, presente ai tavoli nelle delegazioni sindacali CGIL CISL UIL. Purtroppo dalla parte istituzionale regionale, tante promesse rimaste nei cassetti delle divergenze tra Giunta e Consiglio. Comunque se veramente la Regione \u00e8 intenzionata, finalmente, ad accelerare l&#8217;iter legislativo per la condivida riforma delle IPAB, finalizzata alla realizzazione dei Centri Servizi alle Persone, non pu\u00f2 prescindere dalla formalizzazione del &#8220;Tavolo di Concertazione&#8221;, nel quale far convergere tutti i soggetti che a vario titolo sono i portarti degli interessi delle persone anziane, soprattutto non autosufficienti, e delle loro famiglie. Premesso che la riforma non deve assolutamente privatizzare la rete pubblica delle case di riposo, nel frattempo \u00e8 urgente, che la Regione deliberi: riduzione della compartecipazione della quota sociale a carico degli ospiti e delle famiglie; aumento del valore della retta sanitaria; aggiornamenti numerici delle professionalit\u00e0 (dotazioni organiche); innalzamento del numero dei posti letto collegati alle quote sanitarie a carico della Regione. Inoltre, sarebbe opportuno che Giunta e Consiglio, presentassero al nuovo Parlamento e al prossimo Governo, la richiesta di includere, a tutti gli effetti, nei LEA sanitari le patologie Alzheimer e demenza senile. Il confronto\u00a0 sull&#8217; addizionale IRPEF regionale, da finalizzare (anche) una parte alla riduzione dei costi delle IPAB, sar\u00e0 bene che trovi serenit\u00e0 politica, convergenza istituzionale e che il reddito interessato alla trattenuta sia superiore almeno ai 50 mila euro, perch\u00e9 dovr\u00e0 essere una &#8220;tassa di solidariet\u00e0&#8221; dai ricchi ai poveri.<\/div>\n<p>&nbsp;<\/p>\n<p>&nbsp;<\/p>\n<p>&nbsp;<\/p>\n<hr \/>\n<p>&nbsp;<\/p>\n<p><a class=\"dt-pswp-item\" href=\"https:\/\/www.radiopiu.net\/wordpress\/wp-content\/uploads\/2018\/09\/WhatsApp-Image-2018-09-20-at-16.04.06.jpeg\" data-dt-img-description=\"\" data-large_image_width=\"800\" data-large_image_height=\"100\"><img loading=\"lazy\" decoding=\"async\" class=\"aligncenter wp-image-61378 size-full\" src=\"https:\/\/www.radiopiu.net\/wordpress\/wp-content\/uploads\/2018\/09\/WhatsApp-Image-2018-09-20-at-16.04.06.jpeg\" alt=\"\" width=\"800\" height=\"100\" srcset=\"https:\/\/www.radiopiu.net\/wordpress\/wp-content\/uploads\/2018\/09\/WhatsApp-Image-2018-09-20-at-16.04.06.jpeg 800w, https:\/\/www.radiopiu.net\/wordpress\/wp-content\/uploads\/2018\/09\/WhatsApp-Image-2018-09-20-at-16.04.06-300x38.jpeg 300w, https:\/\/www.radiopiu.net\/wordpress\/wp-content\/uploads\/2018\/09\/WhatsApp-Image-2018-09-20-at-16.04.06-768x96.jpeg 768w\" sizes=\"auto, (max-width: 800px) 100vw, 800px\" \/><\/a><\/p>\n<p>&nbsp;<\/p>\n<p><center><b>Martedi 11<\/b><\/center><b>Tempo atteso: <\/b>Al mattino lunghi tratti soleggiati e qualche passaggio di nubi alte assieme a qualche nube bassa su Prealpi. Al pomeriggio ed in serata parziale riduzione del soleggiamento per maggiore copertura nuvolosa e non escluso con qualche fenomeno di poco conto sulle Dolomiti. Il contesto termico sar\u00e0 fresco di notte, ma pi\u00f9 mite di giorno, specie nei posti pi\u00f9 assolati.<br \/>\n<b>Precipitazioni: <\/b>Assenti al mattino (0%), nel pomeriggio ed in serata non escluso qualche piovasco qua e l\u00e0, specie su Dolomiti (10-20%), in tal caso ci saranno tracce di neve sopra i 2800 m.<br \/>\n<b>Temperature: <\/b>Minime in lieve diminuzione, pi\u00f9 sensibile nelle valli, dove il cielo sar\u00e0 stato in parte sereno nel corso della notte. Massime in generale lieve ripresa. Su Prealpi a 1500 m: min 9 max 12, a 2000 m: min 6 max 8 Dolomiti &#8211; a 2000 m: min 6 max 8, a 3000 m: min -1 max 0<br \/>\n<b>Venti: <\/b>Nelle valli deboli di direzione variabile, salvo locali e brevi rinforzi nei posti solitamente pi\u00f9 ventilati; in quota deboli da nord est fino al mattino, poi di direzione variabile e spesso scanditi dalle brezze di versante, a 5-10 km\/h sia a 2000 m che a 3000 m.<\/p>\n<hr \/>\n<p><center><b>Mercoledi 12<\/b><\/center><b>Tempo atteso: <\/b>Al mattino sulle Dolomiti velato, su Prealpi possibili nubi basse su alcuni settori e velature in arrivo in tarda mattinata. Da met\u00e0 giornata generale aumento della nuvolosit\u00e0 dapprima alta e sottile poi anche di tipo medio su Dolomiti. In serata nuova formazione di nubi basse possibile anche su Dolomiti.<br \/>\n<b>Precipitazioni: <\/b>Generalmente assenti al mattino, nel pomeriggio\/sera non esclusa qualche goccia o piovasco qua e l\u00e0 su Dolomiti (30%)<br \/>\n<b>Temperature: <\/b>Senza notevoli variazioni rispetto a marted\u00ec. Su Prealpi a 1500 m: min 9 max 11, a 2000 m: min 5 max 7 Dolomiti &#8211; a 2000 m: min 5 max 8, a 3000 m: min -1 max 0<br \/>\n<b>Venti: <\/b>Venti perlopi\u00f9 deboli per brezze nelle valli, localmente e a tratti moderati nei settori solitamente pi\u00f9 ventilati; in quota deboli o molto deboli da ovest nord-ovest a 5-15 km\/h sia a 2000 m che a 3000 m.<\/p>\n<hr \/>\n<p><center><b>Giovedi 13<\/b><\/center>Fino al primo mattino nuvolosit\u00e0 irregolare specie su Prealpi,poi schiarite via via pi\u00f9 ampie a partire da Dolomiti in estensione a Prealpi fino a poco nuvoloso o parzialmente nuvoloso. Nel pomeriggio passaggio di velature. In serata tendenza ad aumento della nuvolosit\u00e0. Temperature minime in aumento e massime in lieve calo. Venti deboli di direzione variabile nelle valli, salvo locali rinforzi; in quota deboli da nordovest<\/p>\n<hr \/>\n<p><center><b>Venerdi 14<\/b><\/center>Nuvolosit\u00e0 irregolare a tratti estesa specie su Prealpi mentre qualche schiarita sar\u00e0 possibile su Dolomiti. Precipitazioni poco probabili molto deboli e sparse nella prima parte della giornata. Temperature pressoch\u00e8 stazionarie in quota. Venti in quota deboli\/moderati da sudovest al mattino in rotazione da nordovest nel pomeriggio. Previsore:<\/p>\n<p>&nbsp;<\/p>\n<hr \/>\n<p>&nbsp;<\/p>\n<p><strong>OGNI GIORNO IL MERCATINO A RADIO PIU&#8217;, AL QUARANTESIMO MINUTO. IL PUNTO DI RIFERIMENTO PER CHI OFFRE O CERCA LAVORO NELL&#8217;ARCO DOLOMITICO, CENTINAIA DI VISUALIZZAZIONI AL GIORNO SUL SITO INTERNET, IN AUDIO ALLA RADIO E IN STREAMING IL TUTTO IL MONDO. IL MERCATINO DI RADIO PIU, PER INSERIRE I TUOI ANNUNCI SCRIVI A <span style=\"color: #0000ff;\">radiopiu@radiopiu.it<\/span><\/strong><\/p>\n<blockquote class=\"wp-embedded-content\" data-secret=\"YdzsyY1V4d\"><p><a href=\"https:\/\/www.radiopiu.net\/wordpress\/mercatino-e-mercatino-delle-pulci-per-i-vostri-annunci-radiopiuradiopiu-it\/\">MERCATINO<\/a><\/p><\/blockquote>\n<p><iframe loading=\"lazy\" class=\"wp-embedded-content\" sandbox=\"allow-scripts\" security=\"restricted\" style=\"position: absolute; clip: rect(1px, 1px, 1px, 1px);\" title=\"&#8220;MERCATINO&#8221; &#8212; Radio Pi\u00f9\" src=\"https:\/\/www.radiopiu.net\/wordpress\/mercatino-e-mercatino-delle-pulci-per-i-vostri-annunci-radiopiuradiopiu-it\/embed\/#?secret=SUoyG87ecl#?secret=YdzsyY1V4d\" data-secret=\"YdzsyY1V4d\" width=\"600\" height=\"338\" frameborder=\"0\" marginwidth=\"0\" marginheight=\"0\" scrolling=\"no\"><\/iframe><\/p>\n<\/div>\n<p>&nbsp;<\/p>\n<p>&nbsp;<\/p>\n<div>\n<hr \/>\n<p>&nbsp;<\/p>\n<p><a href=\"https:\/\/www.radiopiu.net\/wordpress\/giornale-radiopiu-26-settembre-2018-direttore-mirko-mezzacasa\/viabilita-2\/\" rel=\"attachment wp-att-61954\"><img loading=\"lazy\" decoding=\"async\" class=\"aligncenter wp-image-61954 size-full\" src=\"https:\/\/www.radiopiu.net\/wordpress\/wp-content\/uploads\/2018\/09\/viabilita.jpeg\" sizes=\"auto, (max-width: 800px) 100vw, 800px\" srcset=\"https:\/\/www.radiopiu.net\/wordpress\/wp-content\/uploads\/2018\/09\/viabilita.jpeg 800w, https:\/\/www.radiopiu.net\/wordpress\/wp-content\/uploads\/2018\/09\/viabilita-300x38.jpeg 300w, https:\/\/www.radiopiu.net\/wordpress\/wp-content\/uploads\/2018\/09\/viabilita-768x96.jpeg 768w\" alt=\"\" width=\"800\" height=\"100\" \/><\/a><\/p>\n<p>&nbsp;<\/p>\n<blockquote>\n<h3>SP 8 DI SAN TOMASO, PROROGATA LA CHIUSURA A FASCE ORARIE FINO ALL&#8217;11 NOVEMBRE<\/h3>\n<\/blockquote>\n<p><strong><img loading=\"lazy\" decoding=\"async\" class=\"alignleft\" src=\"https:\/\/www.radiopiu.net\/wordpress\/wp-content\/uploads\/2021\/11\/81aa72cc-d66b-44fa-afd5-7103ae531a24.jpg\" width=\"154\" height=\"113\" \/>SAN TOMASO<\/strong> Da un mese sono iniziati i lavori sulla SP 8 di San Tomaso a Col Zares\u00e8. Veneto Strade ha comunicato la proroga dell&#8217;ordinanza fino al 11 novembre. E\u2019 dal 17 luglio del 2014 che per raggiungere San Tomaso da Cencenighe \u00e8 d\u2019obbligo il rispetto del semaforo, ma dalla prossima stagione autunnale a lavori terminati e micropali piantati tutto cambier\u00e0. Ai residenti soprattutto viene richiesto ancora un sacrificio, ma pur di rivedere aperta quella strada nella sua normalit\u00e0 \u00e8 giustificato e lecito. Fino al 11 novembre, esclusi festivi e prefestivi, la strada chiuder\u00e0 totalmente dalle 7.15 alle 12.45 e dalle 14.15 alle 17.45. Negli altri orari senso unico alternato regolato da semaforo.<\/p>\n<p>&nbsp;<\/p>\n<p><em><strong>DIVIETO DI TRANSITO VEICOLARE A FADES DI LA VALLE AGORDINA TRA L&#8217;INCROCIO CON LA SR 347 E IL CIVICO 2. FINO AL 18 NOVEMBRE, SABATO, DOMENICA E FESTIVI COMPRESI. IL DIVIETO AVRA&#8217; EFFICACIA NEI GIORNI DI EFFETTIVA ESECUZIONE DEL CANTIERE.\u00a0\u00a0<\/strong><\/em><\/p>\n<p>&nbsp;<\/p>\n<p><strong>AGGIORNAMENTO VENETO STRADE, AGGIORNAMENTO CONTINUO H 24<\/strong><\/p>\n<p>&nbsp;<\/p>\n<blockquote class=\"wp-embedded-content\" data-secret=\"pE08RTnfEX\"><p><a href=\"https:\/\/www.radiopiu.net\/wordpress\/viabilita\/\">viabilita<\/a><\/p><\/blockquote>\n<p><iframe loading=\"lazy\" class=\"wp-embedded-content\" sandbox=\"allow-scripts\" security=\"restricted\" style=\"position: absolute; clip: rect(1px, 1px, 1px, 1px);\" title=\"&#8220;viabilita&#8221; &#8212; Radio Pi\u00f9\" src=\"https:\/\/www.radiopiu.net\/wordpress\/viabilita\/embed\/#?secret=g5VC67DRs4#?secret=pE08RTnfEX\" data-secret=\"pE08RTnfEX\" width=\"600\" height=\"338\" frameborder=\"0\" marginwidth=\"0\" marginheight=\"0\" scrolling=\"no\"><\/iframe><\/p>\n<p>&nbsp;<\/p>\n<hr \/>\n<p>&nbsp;<\/p>\n<p>&nbsp;<\/p>\n<p><img loading=\"lazy\" decoding=\"async\" class=\"wp-image-60761 size-full aligncenter\" src=\"https:\/\/www.radiopiu.net\/wordpress\/wp-content\/uploads\/2018\/09\/sport.jpg\" alt=\"\" width=\"800\" height=\"100\" srcset=\"https:\/\/www.radiopiu.net\/wordpress\/wp-content\/uploads\/2018\/09\/sport.jpg 800w, https:\/\/www.radiopiu.net\/wordpress\/wp-content\/uploads\/2018\/09\/sport-300x38.jpg 300w, https:\/\/www.radiopiu.net\/wordpress\/wp-content\/uploads\/2018\/09\/sport-768x96.jpg 768w\" sizes=\"auto, (max-width: 800px) 100vw, 800px\" \/><\/p>\n<p><span style=\"color: #0000ff;\"><strong>\u00a0<\/strong><\/span><\/p>\n<p><span style=\"color: #0000ff;\"><strong>KARATE \u00a0<\/strong><\/span><\/p>\n<blockquote>\n<h3>KARATE \u2013 ARGENTO A PONTE DI PIAVE PER L\u2019AGORDINA MARIACHIARA MASOCH<\/h3>\n<\/blockquote>\n<p>Una intensa domenica di gara domenica per il Karate Team Dolomiti 1970,\u00a0 a Ponte di Piave (Treviso) nel Trofeo LIS. Il Team si \u00e8 schierato con le agordine Mariachiara Masoch e Martina Fuso e la bellunese Maya Pasotto.<\/p>\n<p>Mariachiara Masoch:\u00a0 tre ottimi incontri a punteggio pieno che aprono le porte della finale con la forte atleta bresciana Vitali Veronica, 14^ nel ranking mondiale, alla quale cede con un contenuto due a zero. Argento meritatissimo per lei. Due incontri per\u00a0Martina Fuso\u00a0e quattro per\u00a0Maya Pasotto, in due classi di et\u00e0, senza medaglie ma a ridosso del podio. Tanta esperienza per tutte loro, tanti gli schemi provati. Ora al lavoro in palestra, a Taibon ed a Belluno, e in collegiale, con il Direttore Tecnico\u00a0 Vittorio Moreno, allenatore della nazionale italiana Under 14. Gi\u00e0 domenica prossima a Noale (Venezia)\u00a0al Karate City Camp, il mensile momento di confronto tra club amici del nord Italia, con analisi video degli incontri e ricerca di soluzioni e correttivi alle prestazioni viste in gara.<\/p>\n<p><span style=\"font-size: large;\"><a class=\"dt-pswp-item\" href=\"https:\/\/www.radiopiu.net\/wordpress\/wp-content\/uploads\/2022\/10\/20221009_201821-scaled.jpg\" data-dt-img-description=\"\" data-large_image_width=\"2560\" data-large_image_height=\"1850\"><img loading=\"lazy\" decoding=\"async\" class=\"alignnone wp-image-300988 size-large\" src=\"https:\/\/www.radiopiu.net\/wordpress\/wp-content\/uploads\/2022\/10\/20221009_201821-1024x740.jpg\" alt=\"\" width=\"1024\" height=\"740\" srcset=\"https:\/\/www.radiopiu.net\/wordpress\/wp-content\/uploads\/2022\/10\/20221009_201821-1024x740.jpg 1024w, https:\/\/www.radiopiu.net\/wordpress\/wp-content\/uploads\/2022\/10\/20221009_201821-300x217.jpg 300w, https:\/\/www.radiopiu.net\/wordpress\/wp-content\/uploads\/2022\/10\/20221009_201821-768x555.jpg 768w, https:\/\/www.radiopiu.net\/wordpress\/wp-content\/uploads\/2022\/10\/20221009_201821-1536x1110.jpg 1536w, https:\/\/www.radiopiu.net\/wordpress\/wp-content\/uploads\/2022\/10\/20221009_201821-2048x1480.jpg 2048w\" sizes=\"auto, (max-width: 1024px) 100vw, 1024px\" \/><\/a><\/span><\/p>\n<p><span style=\"font-size: large;\">Nella foto da sx: <\/span><span style=\"font-size: large;\">Maya Pasotto, Vittorio Moreno, Mariachiara Masoch e Martina Fuso.<\/span><\/p>\n<h3><span style=\"color: #0000ff;\">\u00a0<\/span><\/h3>\n<hr \/>\n<h3><span style=\"color: #0000ff;\">\u00a0<\/span><\/h3>\n<h3><span style=\"color: #0000ff;\">A CAVALLO<\/span><\/h3>\n<blockquote>\n<h3>GLI OTTIMI RISULTATI DEL PR RANCH A PORTOGRUARO, UN ORO E UN ARGENTO NEI VOLTEGGI<\/h3>\n<\/blockquote>\n<p><img loading=\"lazy\" decoding=\"async\" class=\"alignleft\" src=\"https:\/\/www.radiopiu.net\/wordpress\/wp-content\/uploads\/2020\/07\/PR-RANCH-LA-VALLE.jpg\" width=\"172\" height=\"129\" \/><\/p>\n<p><strong>\u00a0<\/strong><\/p>\n<p><strong>\u00a0<\/strong><\/p>\n<p><strong>\u00a0<\/strong><strong>\u00a0<\/strong><\/p>\n<p>&nbsp;<\/p>\n<p><strong>OSPITE: Donatella Dai Pr\u00e0, PR Ranch<\/strong><\/p>\n<audio class=\"wp-audio-shortcode\" id=\"audio-300873-10\" preload=\"none\" style=\"width: 100%;\" controls=\"controls\"><source type=\"audio\/mpeg\" src=\"https:\/\/www.radiopiu.net\/wordpress\/wp-content\/uploads\/2022\/10\/donatella-dai-pra-volteggio.mp3?_=10\" \/><a href=\"https:\/\/www.radiopiu.net\/wordpress\/wp-content\/uploads\/2022\/10\/donatella-dai-pra-volteggio.mp3\">https:\/\/www.radiopiu.net\/wordpress\/wp-content\/uploads\/2022\/10\/donatella-dai-pra-volteggio.mp3<\/a><\/audio>\n<p>&nbsp;<\/p>\n<hr \/>\n<p>&nbsp;<\/p>\n<p>&nbsp;<\/p>\n<p><span style=\"color: #0000ff;\"><strong>HOCKEY SU GHIACCIO<\/strong><\/span><\/p>\n<blockquote>\n<h3>TERZA SCONFITTA CONSECUTIVA PER LE CIVETTE, SABATO CONTRO IL BRESSANONE<\/h3>\n<\/blockquote>\n<p><strong><a class=\"dt-pswp-item\" href=\"https:\/\/www.radiopiu.net\/wordpress\/wp-content\/uploads\/2021\/09\/ALLEGHE-PANCHINA.jpg\" data-dt-img-description=\"\" data-large_image_width=\"1000\" data-large_image_height=\"665\"><img loading=\"lazy\" decoding=\"async\" class=\" wp-image-233998 alignleft\" src=\"https:\/\/www.radiopiu.net\/wordpress\/wp-content\/uploads\/2021\/09\/ALLEGHE-PANCHINA-300x200.jpg\" alt=\"\" width=\"200\" height=\"133\" srcset=\"https:\/\/www.radiopiu.net\/wordpress\/wp-content\/uploads\/2021\/09\/ALLEGHE-PANCHINA-300x200.jpg 300w, https:\/\/www.radiopiu.net\/wordpress\/wp-content\/uploads\/2021\/09\/ALLEGHE-PANCHINA-768x511.jpg 768w, https:\/\/www.radiopiu.net\/wordpress\/wp-content\/uploads\/2021\/09\/ALLEGHE-PANCHINA.jpg 1000w\" sizes=\"auto, (max-width: 200px) 100vw, 200px\" \/><\/a>REDAZIONE<\/strong> Tre partite giocate e tre sconfitte per l&#8217;Alleghe Hockey in questo esordio di IHL. La compagine allenata da Fontana non ce l&#8217;ha fatta sabato sera contro il Varese. E pensare che le civette hanno lottato per 40&#8242; facendo vedere del buon hockey, ma alcuni errori in fase difensiva sono stati fatali per gli agordini che hanno subito 6 gol dai lombardi mettendone a segno 3. La squadra ha iniziato gli allenamenti a Feltre dove per due volte a settimana hanno la possibilit\u00e0 di prepararsi sul ghiaccio. Oltre alla preparazione sul campo, Fontana ha optato anche per un allenamento a &#8220;secco&#8221; in palestra. Sabato Prossimo di nuovo in campo, le civette affronteranno il Bressanone.<\/p>\n<p><strong>L&#8217;ALLENATORE DELL&#8217;ALLEGHE HOCKEY ALESSANDRO FONTANA<\/strong><\/p>\n<audio class=\"wp-audio-shortcode\" id=\"audio-300873-11\" preload=\"none\" style=\"width: 100%;\" controls=\"controls\"><source type=\"audio\/mpeg\" src=\"https:\/\/www.radiopiu.net\/wordpress\/wp-content\/uploads\/2022\/10\/ALESSANDRO-FONTANA-BIANCO.mp3?_=11\" \/><a href=\"https:\/\/www.radiopiu.net\/wordpress\/wp-content\/uploads\/2022\/10\/ALESSANDRO-FONTANA-BIANCO.mp3\">https:\/\/www.radiopiu.net\/wordpress\/wp-content\/uploads\/2022\/10\/ALESSANDRO-FONTANA-BIANCO.mp3<\/a><\/audio>\n<p>&nbsp;<\/p>\n<hr \/>\n<p>&nbsp;<\/p>\n<p><span style=\"color: #0000ff;\"><strong>PALLAVOLO<\/strong><\/span><\/p>\n<blockquote>\n<h3>PER NOVELLO UN COMPLEANNO DA MVP<\/h3>\n<\/blockquote>\n<p><strong>BELLUNO <\/strong>Marco Novello e la buona novella: la prima di questa stagione. A San Don\u00e0 di Piave, la Pallavolo Belluno passa in tre set e incamera il bottino pieno, al termine di un derby veneto gestito a meraviglia dai rinoceronti, soprattutto nelle fasi calde.<span class=\"gmail-Apple-converted-space\"> \u00a0<\/span>Fasi in cui l\u2019opposto reduce dalla splendida esperienza alla Tinet Prata di Pordenone entra \u201cin temperatura\u201d. E apre il fuoco pallavolistico. Indicativo il suo score personale: 24 punti e 20 attacchi vincenti (su 37) con appena 2 errori. Se cercate un mvp nella gara d\u2019esordio, non andate troppo lontano da questo ragazzo col \u201c5\u201d stampato sulla schiena e che ieri ha compiuto vent\u2019anni: \u00abInizio davvero positivo. In parte ce lo aspettavamo, ma nella pallavolo nessun risultato \u00e8 certo\u00bb.<span class=\"gmail-Apple-converted-space\"> E intanto i rinoceronti guardano gi\u00e0 al prossimo impegno: il primo ufficiale davanti al pubblico amico della Spes Arena. Domenica 16 (ore 18) all\u2019ombra delle Dolomiti arriver\u00e0 la Gamma Chimica Brugherio, vittoriosa al debutto (3-2) contro il Monge-Gerbaudo Savigliano.\u00a0<\/span><\/p>\n\n\t\t\t<style type='text\/css'>\n\t\t\t\t#gallery-7 {\n\t\t\t\t\tmargin: auto;\n\t\t\t\t}\n\t\t\t\t#gallery-7 .gallery-item {\n\t\t\t\t\tfloat: left;\n\t\t\t\t\tmargin-top: 10px;\n\t\t\t\t\ttext-align: center;\n\t\t\t\t\twidth: 50%;\n\t\t\t\t}\n\t\t\t\t#gallery-7 img {\n\t\t\t\t\tborder: 2px solid #cfcfcf;\n\t\t\t\t}\n\t\t\t\t#gallery-7 .gallery-caption {\n\t\t\t\t\tmargin-left: 0;\n\t\t\t\t}\n\t\t\t\t\/* see gallery_shortcode() in wp-includes\/media.php *\/\n\t\t\t<\/style>\n\t\t<div id='gallery-7' class='dt-gallery-container gallery galleryid-300873 gallery-columns-2 gallery-size-thumbnail'><dl class='gallery-item'>\n\t\t\t\t<dt class='gallery-icon landscape'>\n\t\t\t\t\t<a class=\"rollover rollover-zoom dt-pswp-item\" title=\"Novello_ne_mette_24\" data-dt-img-description=\"\" data-large_image_width=\"800\" data-large_image_height=\"400\"href='https:\/\/www.radiopiu.net\/wordpress\/wp-content\/uploads\/2022\/10\/Novello_ne_mette_24.jpg'><img loading=\"lazy\" decoding=\"async\" width=\"150\" height=\"150\" src=\"https:\/\/www.radiopiu.net\/wordpress\/wp-content\/uploads\/2022\/10\/Novello_ne_mette_24-150x150.jpg\" class=\"attachment-thumbnail size-thumbnail\" alt=\"\" \/><\/a>\n\t\t\t\t<\/dt><\/dl><dl class='gallery-item'>\n\t\t\t\t<dt class='gallery-icon landscape'>\n\t\t\t\t\t<a class=\"rollover rollover-zoom dt-pswp-item\" title=\"I_numeri_di_Novello\" data-dt-img-description=\"\" data-large_image_width=\"1080\" data-large_image_height=\"1080\"href='https:\/\/www.radiopiu.net\/wordpress\/wp-content\/uploads\/2022\/10\/I_numeri_di_Novello.jpg'><img loading=\"lazy\" decoding=\"async\" width=\"150\" height=\"150\" src=\"https:\/\/www.radiopiu.net\/wordpress\/wp-content\/uploads\/2022\/10\/I_numeri_di_Novello-150x150.jpg\" class=\"attachment-thumbnail size-thumbnail\" alt=\"\" srcset=\"https:\/\/www.radiopiu.net\/wordpress\/wp-content\/uploads\/2022\/10\/I_numeri_di_Novello-150x150.jpg 150w, https:\/\/www.radiopiu.net\/wordpress\/wp-content\/uploads\/2022\/10\/I_numeri_di_Novello-300x300.jpg 300w, https:\/\/www.radiopiu.net\/wordpress\/wp-content\/uploads\/2022\/10\/I_numeri_di_Novello-1024x1024.jpg 1024w, https:\/\/www.radiopiu.net\/wordpress\/wp-content\/uploads\/2022\/10\/I_numeri_di_Novello-768x768.jpg 768w, https:\/\/www.radiopiu.net\/wordpress\/wp-content\/uploads\/2022\/10\/I_numeri_di_Novello.jpg 1080w\" sizes=\"auto, (max-width: 150px) 100vw, 150px\" \/><\/a>\n\t\t\t\t<\/dt><\/dl><br style=\"clear: both\" \/>\n\t\t\t<\/div>\n\n<p>&nbsp;<\/p>\n<\/div>\n<\/div>\n<\/div>\n<\/div>\n<\/div>\n<\/div>\n<\/div>\n<\/div>\n<\/div>\n<\/div>\n<\/div>\n<\/div>\n<\/div>\n<\/div>\n<\/div>\n<\/div>\n<\/div>\n<\/div>\n<\/div>\n<\/div>\n<\/div>\n<\/div>\n<\/div>\n<\/div>\n<\/div>\n<\/div>\n<\/div>\n<\/div>\n<\/div>\n<\/div>\n<\/div>\n<\/div>\n<\/div>\n<\/div>\n<\/div>\n<\/div>\n<\/div>\n<\/div>\n<\/div>\n<\/div>\n<\/div>\n<\/div>\n<\/div>\n<\/div>\n<\/div>\n<\/div>\n<\/div>\n<\/div>\n<\/div>\n<\/div>\n<\/div>\n<\/div>\n<\/div>\n<\/div>\n<\/div>\n<\/div>\n<\/div>\n<\/div>\n<\/div>\n<\/div>\n<\/div>\n<\/div>\n<\/div>\n<\/div>\n<\/div>\n<\/div>\n<\/div>\n<\/div>\n<\/div>\n<\/div>\n<\/div>\n<\/div>\n<\/div>\n<\/div>\n<\/div>\n<\/div>\n<\/div>\n<\/div>\n<\/div>\n<\/div>\n<\/div>\n<\/div>\n<\/div>\n<\/div>\n","protected":false},"excerpt":{"rendered":"<p>RADIO PIU INFORMAZIONE il canale su TELEGRAM informazione di prima\u00a0\u00a0mano e in tempo reale. iscriviti ed aiutaci a farlo conoscere &nbsp; &nbsp; &nbsp; 203 AGORDINA,\u00a0 OGGI INTERRUZIONI IN LOCALITA&#8217; LA STANGA SEDICO Veneto Strade comunica che per lavori di messa in sicurezza del versante sono previste temporanee interruzioni fino a 15 minuti per oggi dalle&hellip;<\/p>\n","protected":false},"author":4,"featured_media":300937,"comment_status":"closed","ping_status":"closed","sticky":false,"template":"","format":"standard","meta":{"_monsterinsights_skip_tracking":false,"_monsterinsights_sitenote_active":false,"_monsterinsights_sitenote_note":"","_monsterinsights_sitenote_category":0,"footnotes":""},"categories":[51,86,49],"tags":[],"class_list":["post-300873","post","type-post","status-publish","format-standard","has-post-thumbnail","hentry","category-evidenza-top","category-gr","category-news-18","category-51","category-86","category-49","description-off"],"img_url":"https:\/\/www.radiopiu.net\/wordpress\/wp-content\/uploads\/2022\/10\/IMG_6748.jpg","_links":{"self":[{"href":"https:\/\/www.radiopiu.net\/wordpress\/wp-json\/wp\/v2\/posts\/300873","targetHints":{"allow":["GET"]}}],"collection":[{"href":"https:\/\/www.radiopiu.net\/wordpress\/wp-json\/wp\/v2\/posts"}],"about":[{"href":"https:\/\/www.radiopiu.net\/wordpress\/wp-json\/wp\/v2\/types\/post"}],"author":[{"embeddable":true,"href":"https:\/\/www.radiopiu.net\/wordpress\/wp-json\/wp\/v2\/users\/4"}],"replies":[{"embeddable":true,"href":"https:\/\/www.radiopiu.net\/wordpress\/wp-json\/wp\/v2\/comments?post=300873"}],"version-history":[{"count":0,"href":"https:\/\/www.radiopiu.net\/wordpress\/wp-json\/wp\/v2\/posts\/300873\/revisions"}],"wp:featuredmedia":[{"embeddable":true,"href":"https:\/\/www.radiopiu.net\/wordpress\/wp-json\/wp\/v2\/media\/300937"}],"wp:attachment":[{"href":"https:\/\/www.radiopiu.net\/wordpress\/wp-json\/wp\/v2\/media?parent=300873"}],"wp:term":[{"taxonomy":"category","embeddable":true,"href":"https:\/\/www.radiopiu.net\/wordpress\/wp-json\/wp\/v2\/categories?post=300873"},{"taxonomy":"post_tag","embeddable":true,"href":"https:\/\/www.radiopiu.net\/wordpress\/wp-json\/wp\/v2\/tags?post=300873"}],"curies":[{"name":"wp","href":"https:\/\/api.w.org\/{rel}","templated":true}]}}