{"id":300962,"date":"2022-10-11T05:06:00","date_gmt":"2022-10-11T03:06:00","guid":{"rendered":"https:\/\/www.radiopiu.net\/wordpress\/?p=300962"},"modified":"2022-10-11T06:10:34","modified_gmt":"2022-10-11T04:10:34","slug":"tristezza-e-rabbia-di-adriano-levis","status":"publish","type":"post","link":"https:\/\/www.radiopiu.net\/wordpress\/tristezza-e-rabbia-di-adriano-levis\/","title":{"rendered":"TRISTEZZA E RABBIA, DI ADRIANO LEVIS"},"content":{"rendered":"<p><strong><a class=\"dt-pswp-item\" href=\"https:\/\/www.radiopiu.net\/wordpress\/wp-content\/uploads\/2020\/06\/Adriano-LEVIS.jpg\" data-dt-img-description=\"\" data-large_image_width=\"2560\" data-large_image_height=\"2104\"><img loading=\"lazy\" decoding=\"async\" class=\" wp-image-143358 alignleft\" src=\"https:\/\/www.radiopiu.net\/wordpress\/wp-content\/uploads\/2020\/06\/Adriano-LEVIS-300x247.jpg\" alt=\"\" width=\"152\" height=\"125\" srcset=\"https:\/\/www.radiopiu.net\/wordpress\/wp-content\/uploads\/2020\/06\/Adriano-LEVIS-300x247.jpg 300w, https:\/\/www.radiopiu.net\/wordpress\/wp-content\/uploads\/2020\/06\/Adriano-LEVIS-1024x842.jpg 1024w, https:\/\/www.radiopiu.net\/wordpress\/wp-content\/uploads\/2020\/06\/Adriano-LEVIS-768x631.jpg 768w, https:\/\/www.radiopiu.net\/wordpress\/wp-content\/uploads\/2020\/06\/Adriano-LEVIS-1536x1262.jpg 1536w, https:\/\/www.radiopiu.net\/wordpress\/wp-content\/uploads\/2020\/06\/Adriano-LEVIS-2048x1683.jpg 2048w\" sizes=\"auto, (max-width: 152px) 100vw, 152px\" \/><\/a>REDAZIONE<\/strong> Riceviamo e pubblichiamo un pensiero di Adriano Levis, presidente dell&#8217;Alleghe Hockey, sulla tragedia del Vajont<\/p>\n<blockquote><p><em>Ogni anno in questi giorni durante la ricorrenza della tragedia del Vaiont, una tristezza \u00e8 un pensiero carico di rabbia mi pervade. Un forte legame mi lega a quei posti a quei paesi che ora non ci sono pi\u00f9. Per motivi di lavoro la mia famiglia si era trasferita a Pirago , paesino vicino a Longarone. A Longarone \u00e8 nata mia sorella e io ho frequentato la prima elementare. Fortunatamente qualche anno prima mio pap\u00e0 ha deciso sempre per motivi di lavoro di trasferirsi ad Alleghe . Della casa dove abitavamo non \u00e8 rimasto pi\u00f9 niente. Il paradosso della vita mi lega in qualche modo : tema energetico allora , tema energetico ora<\/em><\/p>\n<p><em>Adriano Levis<\/em><\/p><\/blockquote>\n<p>&nbsp;<\/p>\n<p>&nbsp;<\/p>\n<p>******<\/p>\n","protected":false},"excerpt":{"rendered":"<p>REDAZIONE Riceviamo e pubblichiamo un pensiero di Adriano Levis, presidente dell&#8217;Alleghe Hockey, sulla tragedia del Vajont Ogni anno in questi giorni durante la ricorrenza della tragedia del Vaiont, una tristezza \u00e8 un pensiero carico di rabbia mi pervade. Un forte legame mi lega a quei posti a quei paesi che ora non ci sono pi\u00f9.&hellip;<\/p>\n","protected":false},"author":4,"featured_media":143358,"comment_status":"closed","ping_status":"closed","sticky":false,"template":"","format":"standard","meta":{"_monsterinsights_skip_tracking":false,"_monsterinsights_sitenote_active":false,"_monsterinsights_sitenote_note":"","_monsterinsights_sitenote_category":0,"footnotes":""},"categories":[51,49],"tags":[],"class_list":["post-300962","post","type-post","status-publish","format-standard","has-post-thumbnail","hentry","category-evidenza-top","category-news-18","category-51","category-49","description-off"],"img_url":"https:\/\/www.radiopiu.net\/wordpress\/wp-content\/uploads\/2020\/06\/Adriano-LEVIS.jpg","_links":{"self":[{"href":"https:\/\/www.radiopiu.net\/wordpress\/wp-json\/wp\/v2\/posts\/300962","targetHints":{"allow":["GET"]}}],"collection":[{"href":"https:\/\/www.radiopiu.net\/wordpress\/wp-json\/wp\/v2\/posts"}],"about":[{"href":"https:\/\/www.radiopiu.net\/wordpress\/wp-json\/wp\/v2\/types\/post"}],"author":[{"embeddable":true,"href":"https:\/\/www.radiopiu.net\/wordpress\/wp-json\/wp\/v2\/users\/4"}],"replies":[{"embeddable":true,"href":"https:\/\/www.radiopiu.net\/wordpress\/wp-json\/wp\/v2\/comments?post=300962"}],"version-history":[{"count":0,"href":"https:\/\/www.radiopiu.net\/wordpress\/wp-json\/wp\/v2\/posts\/300962\/revisions"}],"wp:featuredmedia":[{"embeddable":true,"href":"https:\/\/www.radiopiu.net\/wordpress\/wp-json\/wp\/v2\/media\/143358"}],"wp:attachment":[{"href":"https:\/\/www.radiopiu.net\/wordpress\/wp-json\/wp\/v2\/media?parent=300962"}],"wp:term":[{"taxonomy":"category","embeddable":true,"href":"https:\/\/www.radiopiu.net\/wordpress\/wp-json\/wp\/v2\/categories?post=300962"},{"taxonomy":"post_tag","embeddable":true,"href":"https:\/\/www.radiopiu.net\/wordpress\/wp-json\/wp\/v2\/tags?post=300962"}],"curies":[{"name":"wp","href":"https:\/\/api.w.org\/{rel}","templated":true}]}}