{"id":300966,"date":"2022-10-11T05:08:16","date_gmt":"2022-10-11T03:08:16","guid":{"rendered":"https:\/\/www.radiopiu.net\/wordpress\/?p=300966"},"modified":"2022-10-11T06:09:50","modified_gmt":"2022-10-11T04:09:50","slug":"da-re-fns-cisl-situazione-drammatica-nella-sezione-psichiatrica-della-casa-circondariale-di-belluno","status":"publish","type":"post","link":"https:\/\/www.radiopiu.net\/wordpress\/da-re-fns-cisl-situazione-drammatica-nella-sezione-psichiatrica-della-casa-circondariale-di-belluno\/","title":{"rendered":"DA RE (FNS-CISL): SITUAZIONE DRAMMATICA NELLA SEZIONE PSICHIATRICA DELLA CASA CIRCONDARIALE DI BELLUNO"},"content":{"rendered":"<p><strong><a class=\"dt-pswp-item\" href=\"https:\/\/www.radiopiu.net\/wordpress\/wp-content\/uploads\/2021\/07\/image-2.jpg\" data-dt-img-description=\"\" data-large_image_width=\"960\" data-large_image_height=\"540\"><img loading=\"lazy\" decoding=\"async\" class=\" wp-image-224354 alignleft\" src=\"https:\/\/www.radiopiu.net\/wordpress\/wp-content\/uploads\/2021\/07\/image-2-300x169.jpg\" alt=\"\" width=\"178\" height=\"100\" srcset=\"https:\/\/www.radiopiu.net\/wordpress\/wp-content\/uploads\/2021\/07\/image-2-300x169.jpg 300w, https:\/\/www.radiopiu.net\/wordpress\/wp-content\/uploads\/2021\/07\/image-2-768x432.jpg 768w, https:\/\/www.radiopiu.net\/wordpress\/wp-content\/uploads\/2021\/07\/image-2.jpg 960w\" sizes=\"auto, (max-width: 178px) 100vw, 178px\" \/><\/a>BELLUNO <\/strong>Una situazione paradossale, scandita da impegni non mantenuti, delibere non rispettate e nessun intervento concreto per risolvere la grave situazione in cui si trova la sezione psichiatrica del carcere di Belluno. Nella Giornata mondiale della salute mentale, che si celebre oggi 10 ottobre, e dopo l\u2019ennesima aggressione subita da due agenti della polizia penitenziaria, avvenuta la scorsa settimana, la Cisl Fns denuncia ancora una volta la drammatica realt\u00e0 in cui operano gli agenti, il personale infermieristico e i detenuti dell\u2019Articolazione per la tutela della salute mentale del Baldenich. \u201c<em>Fortunatamente &#8211; spiega Robert da Re della Cisl Fns Belluno Treviso &#8211; nel caso dell\u2019ultima aggressione i poliziotti all\u2019interno della sezione erano due e con professionalit\u00e0 hanno saputo arginare l\u2019evento, evitando il coinvolgimento dell\u2019infermiera di turno presente per la somministrazione della terapia. L\u2019aggressore era stato segnalato pi\u00f9 volte dal personale di polizia penitenziaria per la sua aggressivit\u00e0 nei confronti degli altri ristretti, dei poliziotti e del personale infermieristico, in grande difficolt\u00e0 nella somministrazione della terapia, che infatti non veniva assunta dal detenuto da pi\u00f9 di un mese<\/em>\u201d. Le aggressioni si ripetono con frequenza da troppo tempo, \u201c<em>senza interventi concreti n\u00e9 da parte dell\u2019amministrazione penitenziaria, capace solo di fare promesse mai mantenute, lasciando i poliziotti alla merc\u00e9 degli eventi, n\u00e9 da parte del servizio sanitario<\/em>\u201d. Sabato scorso l\u2019ennesima promessa, dopo la segnalazione da parte della Fns della nuova aggressione al provveditore dell\u2019amministrazione penitenziaria per il Triveneto. \u201c<em>Ci \u00e8 stato assicurato &#8211; spiega Da Re &#8211; che l\u2019ufficio sta seguendo e dando impulso allo spostamento dell\u2019Articolazione salute mentale presso altro istituto della regione, trasferimento che verr\u00e0 attivato non appena le tempistiche delle procedure che interesseranno la sanit\u00e0 regionale necessariamente coinvolta lo consentiranno. Una risposta che non ci tranquillizza, perch\u00e9 di queste promesse dal 2017 ad oggi ne abbiamo fin troppe. Quella pi\u00f9 famosa \u00e8 una delibera della Regione Veneto del giugno 2019 che stabiliva che la sezione psichiatrica avrebbe dovuto essere spostata in altra sede entro 18-24 mesi. Da questa scadenza \u00e8 passato ben oltre un anno<\/em>\u201d. \u201c<em>\u00c8 assurdo questo continuo scaricabarile tra le amministrazioni &#8211; conclude Da Re -, le quali non garantiscono sicurezza per il personale di polizia penitenziaria, ma soprattutto non assicurano un adeguato piano terapeutico per i pazienti detenuti. Chiediamo al governatore del Veneto e all\u2019assessore alla Sanit\u00e0 di concretizzare quanto deliberato e di porre fine una volta per tutte a questa vicenda paradossale<\/em>\u201d.<\/p>\n<p>&nbsp;<\/p>\n<p>&nbsp;<\/p>\n<p>*****<\/p>\n","protected":false},"excerpt":{"rendered":"<p>BELLUNO Una situazione paradossale, scandita da impegni non mantenuti, delibere non rispettate e nessun intervento concreto per risolvere la grave situazione in cui si trova la sezione psichiatrica del carcere di Belluno. Nella Giornata mondiale della salute mentale, che si celebre oggi 10 ottobre, e dopo l\u2019ennesima aggressione subita da due agenti della polizia penitenziaria,&hellip;<\/p>\n","protected":false},"author":4,"featured_media":224354,"comment_status":"closed","ping_status":"closed","sticky":false,"template":"","format":"standard","meta":{"_monsterinsights_skip_tracking":false,"_monsterinsights_sitenote_active":false,"_monsterinsights_sitenote_note":"","_monsterinsights_sitenote_category":0,"footnotes":""},"categories":[51,49],"tags":[],"class_list":["post-300966","post","type-post","status-publish","format-standard","has-post-thumbnail","hentry","category-evidenza-top","category-news-18","category-51","category-49","description-off"],"img_url":"https:\/\/www.radiopiu.net\/wordpress\/wp-content\/uploads\/2021\/07\/image-2.jpg","_links":{"self":[{"href":"https:\/\/www.radiopiu.net\/wordpress\/wp-json\/wp\/v2\/posts\/300966","targetHints":{"allow":["GET"]}}],"collection":[{"href":"https:\/\/www.radiopiu.net\/wordpress\/wp-json\/wp\/v2\/posts"}],"about":[{"href":"https:\/\/www.radiopiu.net\/wordpress\/wp-json\/wp\/v2\/types\/post"}],"author":[{"embeddable":true,"href":"https:\/\/www.radiopiu.net\/wordpress\/wp-json\/wp\/v2\/users\/4"}],"replies":[{"embeddable":true,"href":"https:\/\/www.radiopiu.net\/wordpress\/wp-json\/wp\/v2\/comments?post=300966"}],"version-history":[{"count":0,"href":"https:\/\/www.radiopiu.net\/wordpress\/wp-json\/wp\/v2\/posts\/300966\/revisions"}],"wp:featuredmedia":[{"embeddable":true,"href":"https:\/\/www.radiopiu.net\/wordpress\/wp-json\/wp\/v2\/media\/224354"}],"wp:attachment":[{"href":"https:\/\/www.radiopiu.net\/wordpress\/wp-json\/wp\/v2\/media?parent=300966"}],"wp:term":[{"taxonomy":"category","embeddable":true,"href":"https:\/\/www.radiopiu.net\/wordpress\/wp-json\/wp\/v2\/categories?post=300966"},{"taxonomy":"post_tag","embeddable":true,"href":"https:\/\/www.radiopiu.net\/wordpress\/wp-json\/wp\/v2\/tags?post=300966"}],"curies":[{"name":"wp","href":"https:\/\/api.w.org\/{rel}","templated":true}]}}