{"id":300998,"date":"2022-10-11T06:08:11","date_gmt":"2022-10-11T04:08:11","guid":{"rendered":"https:\/\/www.radiopiu.net\/wordpress\/?p=300998"},"modified":"2022-10-11T06:16:18","modified_gmt":"2022-10-11T04:16:18","slug":"falcade-perla-alpina","status":"publish","type":"post","link":"https:\/\/www.radiopiu.net\/wordpress\/falcade-perla-alpina\/","title":{"rendered":"FALCADE\u00a0 PERLA ALPINA, CANDIDATURA ACCETTATA A BREVE IL SOPRALLUOGO DEI TECNICI"},"content":{"rendered":"<blockquote>\n<h3><\/h3>\n<\/blockquote>\n<p><strong><a class=\"dt-pswp-item\" href=\"https:\/\/www.radiopiu.net\/wordpress\/wp-content\/uploads\/2022\/10\/2-1-scaled.jpg\" data-dt-img-description=\"\" data-large_image_width=\"2560\" data-large_image_height=\"1707\"><img loading=\"lazy\" decoding=\"async\" class=\"size-medium wp-image-300997 alignleft\" src=\"https:\/\/www.radiopiu.net\/wordpress\/wp-content\/uploads\/2022\/10\/2-1-300x200.jpg\" alt=\"\" width=\"300\" height=\"200\" srcset=\"https:\/\/www.radiopiu.net\/wordpress\/wp-content\/uploads\/2022\/10\/2-1-300x200.jpg 300w, https:\/\/www.radiopiu.net\/wordpress\/wp-content\/uploads\/2022\/10\/2-1-1024x683.jpg 1024w, https:\/\/www.radiopiu.net\/wordpress\/wp-content\/uploads\/2022\/10\/2-1-768x512.jpg 768w, https:\/\/www.radiopiu.net\/wordpress\/wp-content\/uploads\/2022\/10\/2-1-1536x1024.jpg 1536w, https:\/\/www.radiopiu.net\/wordpress\/wp-content\/uploads\/2022\/10\/2-1-2048x1365.jpg 2048w\" sizes=\"auto, (max-width: 300px) 100vw, 300px\" \/><\/a>FALCADE<\/strong> Si \u00e8 svolta l\u2019Assemblea Generale delle Perle Alpine a Cogne in Valle d\u2019Aosta. Erano presenti per il Comune di Falcade il Sindaco Mauro Salvaterra e il Consigliere con delega al Turismo Fulvio Valt. Presentata (e accettata) la candidatura di Falcade per essere inserita come Perla Alpina a partire dal 2023, ovvero la presenta in una rete internazionale di destinazioni selezionate <a class=\"dt-pswp-item\" href=\"https:\/\/www.radiopiu.net\/wordpress\/wp-content\/uploads\/2022\/10\/1-1-scaled.jpg\" data-dt-img-description=\"\" data-large_image_width=\"2560\" data-large_image_height=\"1920\"><img loading=\"lazy\" decoding=\"async\" class=\"size-medium wp-image-300996 alignright\" src=\"https:\/\/www.radiopiu.net\/wordpress\/wp-content\/uploads\/2022\/10\/1-1-300x225.jpg\" alt=\"\" width=\"300\" height=\"225\" srcset=\"https:\/\/www.radiopiu.net\/wordpress\/wp-content\/uploads\/2022\/10\/1-1-300x225.jpg 300w, https:\/\/www.radiopiu.net\/wordpress\/wp-content\/uploads\/2022\/10\/1-1-1024x768.jpg 1024w, https:\/\/www.radiopiu.net\/wordpress\/wp-content\/uploads\/2022\/10\/1-1-768x576.jpg 768w, https:\/\/www.radiopiu.net\/wordpress\/wp-content\/uploads\/2022\/10\/1-1-1536x1152.jpg 1536w, https:\/\/www.radiopiu.net\/wordpress\/wp-content\/uploads\/2022\/10\/1-1-2048x1536.jpg 2048w\" sizes=\"auto, (max-width: 300px) 100vw, 300px\" \/><\/a>dell\u2019arco alpino, che si impegnano per un turismo attraente e sostenibile, focalizzato su offerte di mobilit\u00e0 ecocompatibili orientate al futuro e sui loro effetti positivi per una vacanza in armonia con l\u2019ambiente. Ne fanno parte 19 localit\u00e0 turistiche alpine di Germania, Italia, Slovenia e Austria. L\u2019obiettivo di Alpine Pearls \u00e8 di diventare i migliori nel campo della mobilit\u00e0 ecocompatibile. <em>&#8220;Per raggiungere questo obiettivo &#8211; spiega Fulvio Valt &#8211; \u00e8 necessario che tutti i membri elaborino un piano vincolante ovvero una Road Map con un piano d\u2019azione per raggiungere i criteri predefiniti entro 5 anni\u201d<\/em>. Dopo aver presentato Falcade attraverso foto, video e un\u2019accurata analisi di ci\u00f2 che offre il territorio, la candidatura \u00e8 stata accolta con votazione favorevole all\u2019unanimit\u00e0. Verr\u00e0 ora svolto un sopralluogo da parte dei tecnici di Alpine Pearls, e se la destinazione turistica avr\u00e0 i requisiti richiesti entrer\u00e0 a far parte delle Perle Alpine a partire dal 2023.<\/p>\n<p>&nbsp;<\/p>\n<p>&nbsp;<\/p>\n<hr \/>\n<p>&nbsp;<\/p>\n","protected":false},"excerpt":{"rendered":"<p>FALCADE Si \u00e8 svolta l\u2019Assemblea Generale delle Perle Alpine a Cogne in Valle d\u2019Aosta. Erano presenti per il Comune di Falcade il Sindaco Mauro Salvaterra e il Consigliere con delega al Turismo Fulvio Valt. Presentata (e accettata) la candidatura di Falcade per essere inserita come Perla Alpina a partire dal 2023, ovvero la presenta in&hellip;<\/p>\n","protected":false},"author":4,"featured_media":300997,"comment_status":"closed","ping_status":"closed","sticky":false,"template":"","format":"standard","meta":{"_monsterinsights_skip_tracking":false,"_monsterinsights_sitenote_active":false,"_monsterinsights_sitenote_note":"","_monsterinsights_sitenote_category":0,"footnotes":""},"categories":[104,49],"tags":[],"class_list":["post-300998","post","type-post","status-publish","format-standard","has-post-thumbnail","hentry","category-evidenza_3","category-news-18","category-104","category-49","description-off"],"img_url":"https:\/\/www.radiopiu.net\/wordpress\/wp-content\/uploads\/2022\/10\/2-1-scaled.jpg","_links":{"self":[{"href":"https:\/\/www.radiopiu.net\/wordpress\/wp-json\/wp\/v2\/posts\/300998","targetHints":{"allow":["GET"]}}],"collection":[{"href":"https:\/\/www.radiopiu.net\/wordpress\/wp-json\/wp\/v2\/posts"}],"about":[{"href":"https:\/\/www.radiopiu.net\/wordpress\/wp-json\/wp\/v2\/types\/post"}],"author":[{"embeddable":true,"href":"https:\/\/www.radiopiu.net\/wordpress\/wp-json\/wp\/v2\/users\/4"}],"replies":[{"embeddable":true,"href":"https:\/\/www.radiopiu.net\/wordpress\/wp-json\/wp\/v2\/comments?post=300998"}],"version-history":[{"count":0,"href":"https:\/\/www.radiopiu.net\/wordpress\/wp-json\/wp\/v2\/posts\/300998\/revisions"}],"wp:featuredmedia":[{"embeddable":true,"href":"https:\/\/www.radiopiu.net\/wordpress\/wp-json\/wp\/v2\/media\/300997"}],"wp:attachment":[{"href":"https:\/\/www.radiopiu.net\/wordpress\/wp-json\/wp\/v2\/media?parent=300998"}],"wp:term":[{"taxonomy":"category","embeddable":true,"href":"https:\/\/www.radiopiu.net\/wordpress\/wp-json\/wp\/v2\/categories?post=300998"},{"taxonomy":"post_tag","embeddable":true,"href":"https:\/\/www.radiopiu.net\/wordpress\/wp-json\/wp\/v2\/tags?post=300998"}],"curies":[{"name":"wp","href":"https:\/\/api.w.org\/{rel}","templated":true}]}}