{"id":301061,"date":"2022-10-12T06:00:35","date_gmt":"2022-10-12T04:00:35","guid":{"rendered":"https:\/\/www.radiopiu.net\/wordpress\/?p=301061"},"modified":"2022-10-12T08:23:35","modified_gmt":"2022-10-12T06:23:35","slug":"giornale-radiopiu-12-ottobre-2022-direttore-mirko-mezzacasa","status":"publish","type":"post","link":"https:\/\/www.radiopiu.net\/wordpress\/giornale-radiopiu-12-ottobre-2022-direttore-mirko-mezzacasa\/","title":{"rendered":"GIORNALE RADIOPIU 12 OTTOBRE 2022 DIRETTORE MIRKO MEZZACASA"},"content":{"rendered":"<h3 class=\"kvgmc6g5 cxmmr5t8 oygrvhab hcukyx3x c1et5uql\"><span style=\"color: #0000ff;\"><strong><a class=\"dt-pswp-item\" href=\"https:\/\/www.radiopiu.net\/wordpress\/wp-content\/uploads\/2022\/10\/40ac2134-669d-4ad6-97f1-a3ad88f8523a.jpg\" data-dt-img-description=\"\" data-large_image_width=\"2048\" data-large_image_height=\"1536\"><img loading=\"lazy\" decoding=\"async\" class=\"wp-image-301272 alignleft\" src=\"https:\/\/www.radiopiu.net\/wordpress\/wp-content\/uploads\/2022\/10\/40ac2134-669d-4ad6-97f1-a3ad88f8523a-300x225.jpg\" alt=\"\" width=\"187\" height=\"140\" srcset=\"https:\/\/www.radiopiu.net\/wordpress\/wp-content\/uploads\/2022\/10\/40ac2134-669d-4ad6-97f1-a3ad88f8523a-300x225.jpg 300w, https:\/\/www.radiopiu.net\/wordpress\/wp-content\/uploads\/2022\/10\/40ac2134-669d-4ad6-97f1-a3ad88f8523a-1024x768.jpg 1024w, https:\/\/www.radiopiu.net\/wordpress\/wp-content\/uploads\/2022\/10\/40ac2134-669d-4ad6-97f1-a3ad88f8523a-768x576.jpg 768w, https:\/\/www.radiopiu.net\/wordpress\/wp-content\/uploads\/2022\/10\/40ac2134-669d-4ad6-97f1-a3ad88f8523a-1536x1152.jpg 1536w, https:\/\/www.radiopiu.net\/wordpress\/wp-content\/uploads\/2022\/10\/40ac2134-669d-4ad6-97f1-a3ad88f8523a.jpg 2048w\" sizes=\"auto, (max-width: 187px) 100vw, 187px\" \/><\/a>RADIO PIU INFORMAZIONE il canale su TELEGRAM informazione di prima\u00a0\u00a0<\/strong><strong>mano e in tempo reale. iscriviti ed aiutaci a farlo conoscere<\/strong><\/span><\/h3>\n<h2>I colori incredibili del autunno con noi di girovagando in Ebike nelle Dolomiti<\/h2>\n<p>&nbsp;<\/p>\n<p>&nbsp;<\/p>\n<p>&nbsp;<\/p>\n<p>&nbsp;<\/p>\n<p>&nbsp;<\/p>\n<hr \/>\n<p>&nbsp;<\/p>\n<p><strong>RIVAMONTE AGORDINO: Chiusura temporanea Ecocentro per manifestazione \u201cRiva l\u2019Oktoberfest\u201d<\/strong><\/p>\n<p><strong>AGORDO<\/strong> L\u2019Ecocentro di Rivamonte Agordino rimarr\u00e0 chiuso sabato 15 ottobre 2022 come richiesto dal Comune per consentire lo svolgimento della manifestazione denominata \u201cRiva l\u2019Oktoberfest\u201d. Si ricorda che le utenze possono accedere a qualsiasi Ecocentro del territorio dell\u2019Unione Montana Agordina, verificando sedi e orari di apertura nella pagina ECOCENTRO.<\/p>\n<p>&nbsp;<\/p>\n<p>&nbsp;<\/p>\n<hr \/>\n<p>&nbsp;<\/p>\n<blockquote>\n<h3><a class=\"dt-pswp-item\" href=\"https:\/\/www.radiopiu.net\/wordpress\/wp-content\/uploads\/2022\/05\/download-2.jpg\" data-dt-img-description=\"\" data-large_image_width=\"225\" data-large_image_height=\"225\"><img loading=\"lazy\" decoding=\"async\" class=\"wp-image-273618 alignleft\" src=\"https:\/\/www.radiopiu.net\/wordpress\/wp-content\/uploads\/2022\/05\/download-2.jpg\" alt=\"\" width=\"122\" height=\"122\" srcset=\"https:\/\/www.radiopiu.net\/wordpress\/wp-content\/uploads\/2022\/05\/download-2.jpg 225w, https:\/\/www.radiopiu.net\/wordpress\/wp-content\/uploads\/2022\/05\/download-2-150x150.jpg 150w\" sizes=\"auto, (max-width: 122px) 100vw, 122px\" \/><\/a>ACQUA INQUINATA, AUTOBOTTI A LIVINALLONGO E COLLE SANTA LUCIA. BOLLIRE L&#8217;ACQUA NON E&#8217; SUFFICIENTE<\/h3>\n<\/blockquote>\n<p>Gestione Servizi Pubblici informa che a LIVINALLONGO IN LOCALITA&#8217; VARDA, A\u00a0 COLLE S.LUCIA in LOCALITA&#8217; RUCAVA&#8217;\u00a0 l&#8217;acqua erogata dall&#8217;acquedotto non \u00e8 potabile e non pu\u00f2 essere usata per scopi alimentari. Verr\u00e0 effettuato servizio sostitutivo con cisterna posizionata a Rucav\u00e0 di Colle Santa Lucia, Varda a Livinallongo, le Foche e Lambroi a Gosaldo.<\/p>\n<blockquote>\n<h3>INTERRUZIONE PROGRAMMATA A LA VALLE AGORDINA<\/h3>\n<\/blockquote>\n<p>LA VALLE Oggi dalle 8 a fine lavori, verr\u00e0 sospesa l\u2019erogazione dell\u2019acqua in LOCALITA&#8217; LANTRAGO.<\/p>\n<p>&nbsp;<\/p>\n<blockquote>\n<h3>ACQUA NON POTABILE A COL DE CARRERA DI TAIBON AGORDINO<\/h3>\n<\/blockquote>\n<p><strong><a class=\"dt-pswp-item\" href=\"https:\/\/www.radiopiu.net\/wordpress\/wp-content\/uploads\/2018\/08\/ACQUA.jpeg\" data-dt-img-description=\"\" data-large_image_width=\"1280\" data-large_image_height=\"768\"><img loading=\"lazy\" decoding=\"async\" class=\" wp-image-57052 alignleft\" src=\"https:\/\/www.radiopiu.net\/wordpress\/wp-content\/uploads\/2018\/08\/ACQUA-300x180.jpeg\" alt=\"\" width=\"145\" height=\"87\" srcset=\"https:\/\/www.radiopiu.net\/wordpress\/wp-content\/uploads\/2018\/08\/ACQUA-300x180.jpeg 300w, https:\/\/www.radiopiu.net\/wordpress\/wp-content\/uploads\/2018\/08\/ACQUA-768x461.jpeg 768w, https:\/\/www.radiopiu.net\/wordpress\/wp-content\/uploads\/2018\/08\/ACQUA-1024x614.jpeg 1024w, https:\/\/www.radiopiu.net\/wordpress\/wp-content\/uploads\/2018\/08\/ACQUA.jpeg 1280w\" sizes=\"auto, (max-width: 145px) 100vw, 145px\" \/><\/a>TAIBON<\/strong> Gestione Servizi Pubblici informa che a TAIBON AGORDINO in LOCALITA&#8217; COL DE CARRERA l&#8217;acqua erogata dall&#8217;acquedotto non \u00e8 potabile e non pu\u00f2 essere usata per scopi alimentari. Verr\u00e0 effettuato servizio sostitutivo con cisterna posizionata presso il CENTRO di Col De Carrera. GSP ha, comunque, gi\u00e0 adottato le necessarie misure per la disinfezione dell&#8217;acqua presente nei serbatoi e nella rete idrica con l&#8217;aggiunta di cloro.<\/p>\n<p>&nbsp;<\/p>\n<p>&nbsp;<\/p>\n<hr \/>\n<p>&nbsp;<\/p>\n<blockquote>\n<h2>INCENDIO NELLA NOTTE, IN FIAMME UN RUSTICO IN BORGATA BERTI<\/h2>\n<\/blockquote>\n<p>&nbsp;<\/p>\n<p><strong><img loading=\"lazy\" decoding=\"async\" class=\"alignleft\" src=\"https:\/\/www.radiopiu.net\/wordpress\/wp-content\/uploads\/2020\/01\/incendio-Locanda-Feltre.jpg\" width=\"212\" height=\"159\" \/>ARSIE<\/strong>&#8216; Notte di fuoco in zona Rocca sulle rive del lago del Corlo. Un rustico adibito a seconda casa,\u00a0 \u00e8 andata completamente distrutto. I pompieri sono stati allertati attorno alle 21.30, fortunatamente in casa non c&#8217;era nessuno, i proprietari infatti abitano a Pavia. Non \u00e8 stato facile l&#8217;intervento dei vigili del fuoco di Feltre, Belluno e i volontari del Basso Feltrino,\u00a0 perch\u00e9 per arrivare in Borgata Berti la strada \u00e8 stretta e tortuosa. Ci sono voluti 300 metri di manichette antincendio semi rigide. Non sono state coinvolte altre abitazioni.<\/p>\n<p>&nbsp;<\/p>\n<p>&nbsp;<\/p>\n<p>&nbsp;<\/p>\n<hr \/>\n<p>&nbsp;<\/p>\n<blockquote>\n<h3>ANZIANO SCIVOLA SUL SENTIERO<\/h3>\n<\/blockquote>\n<p><strong><img loading=\"lazy\" decoding=\"async\" class=\"alignleft\" src=\"https:\/\/www.radiopiu.net\/wordpress\/wp-content\/uploads\/2022\/08\/salt.jpg\" width=\"69\" height=\"92\" \/>SAN VITO DI CADORE<\/strong>\u00a0 Ieri\u00a0 alle 15.50 il Soccorso alpino di San Vito di Cadore \u00e8 intervenuto in localit\u00e0 La Scura, dove, mentre stava facendo una passeggiata, un 83enne era inciampato cadendo in avanti sul sentiero. L&#8217;uomo, di San Vito di Cadore (BL), che aveva dato l&#8217;allarme, era stato poi sentito e assistito da alcune persone poco distanti. Raggiunto da una squadra, l&#8217;anziano, che aveva riportato un probabile trauma alla spalla ed escoriazioni sul viso, \u00e8 stato imbarellato e trasportato per 200 metri fino alla strada, dove attendeva l&#8217;ambulanza.<\/p>\n<p>&nbsp;<\/p>\n<blockquote>\n<h3>RECUPERATI ESCURSIONISTI SULLA FERRATA PIAZZETTA<\/h3>\n<\/blockquote>\n<p><strong><img loading=\"lazy\" decoding=\"async\" class=\"alignleft\" src=\"https:\/\/www.radiopiu.net\/wordpress\/wp-content\/uploads\/2022\/10\/th-5.jpg\" width=\"150\" height=\"112\" \/>LIVINALLONGO\u00a0<\/strong>La Centrale del 118 ieri pomeriggio \u00e8 stata contattata da una coppia di escursionisti tedeschi &#8211; lui 26 anni, lei 24 &#8211; in difficolt\u00e0 sulla Ferrata Piazzetta. Saliti in funivia dal Passo Pordoi, dopo aver raggiunto la cima del Piz Bo\u00e8, al momento di rientrare hanno sbagliato sentiero e, senza essere ovviamente attrezzati, hanno imboccato la ferrata, pensando si trattasse solo di un breve tratto, fino a incrodarsi, incapaci di tornare sui propri passi. Individuati dall&#8217;elicottero del Suem di Pieve di Cadore, i due sono stati recuperato con un verricello dal tecnico di elisoccorso, per poi essere lasciati al Passo, dove avevano la macchina.<\/p>\n<p>&nbsp;<\/p>\n<hr \/>\n<p>&nbsp;<\/p>\n<blockquote>\n<h2>SEMPRE GRAVE L&#8217;ANZIANO CADUTO DALL&#8217;ALBERO A ROE<\/h2>\n<\/blockquote>\n<p><strong>SEDICO<\/strong>\u00a0 Restano gravissime le condizioni del 70enne di Roe di Sedico caduto dal caco, luned\u00ec nel primo pomeriggio. \u00c8 tuttora ricoverato in prognosi riservata nella terapia intensiva del Ca&#8217; Foncello di Treviso. Le condizioni sono stabili ma sempre molto gravi.<\/p>\n<p><span style=\"color: #ff0000;\">IERI ALLA RADIO\u00a0<\/span><br \/>\n<a class=\"dt-pswp-item\" href=\"https:\/\/www.radiopiu.net\/wordpress\/wp-content\/uploads\/2022\/10\/th-4.jpg\" data-dt-img-description=\"\" data-large_image_width=\"474\" data-large_image_height=\"355\"><img loading=\"lazy\" decoding=\"async\" class=\"wp-image-301071 alignleft\" src=\"https:\/\/www.radiopiu.net\/wordpress\/wp-content\/uploads\/2022\/10\/th-4-300x225.jpg\" alt=\"\" width=\"148\" height=\"111\" srcset=\"https:\/\/www.radiopiu.net\/wordpress\/wp-content\/uploads\/2022\/10\/th-4-300x225.jpg 300w, https:\/\/www.radiopiu.net\/wordpress\/wp-content\/uploads\/2022\/10\/th-4.jpg 474w\" sizes=\"auto, (max-width: 148px) 100vw, 148px\" \/><\/a><strong>SEDICO<\/strong> Un settantenne di Reo Alte \u00e8 ricoverato in prognosi riservata all&#8217;osepdale di Trevisto. Nel pomeriggio di ieri ha perso l&#8217;equilibrio mentre stava raccogliendo i cachi dall&#8217;albero di casa. Ad allertare i soccorsi \u00e8 stata la moglie che se l&#8217;\u00e8 visto cadere dalla scala, improvvisamente \u00e8 scivolato battendo la testa sul piano di cemento a terra, ma non \u00e8 escluso che alla base dell&#8217;incidente domestico ci sia stato un malore. L&#8217;ex dipendente dell&#8217;amministrazione carceraria (ora in pensione) \u00e8 stato soccorso prima dall&#8217;ambulanza, pio dall&#8217;elicottero della Centrale del Suem.<\/p>\n<p>&nbsp;<\/p>\n<p>&nbsp;<\/p>\n<hr \/>\n<p>&nbsp;<\/p>\n<blockquote>\n<h2>TAMPONAMENTO IN LOCALITA&#8217; LA STANGA<\/h2>\n<\/blockquote>\n\n\t\t\t<style type='text\/css'>\n\t\t\t\t#gallery-1 {\n\t\t\t\t\tmargin: auto;\n\t\t\t\t}\n\t\t\t\t#gallery-1 .gallery-item {\n\t\t\t\t\tfloat: left;\n\t\t\t\t\tmargin-top: 10px;\n\t\t\t\t\ttext-align: center;\n\t\t\t\t\twidth: 50%;\n\t\t\t\t}\n\t\t\t\t#gallery-1 img {\n\t\t\t\t\tborder: 2px solid #cfcfcf;\n\t\t\t\t}\n\t\t\t\t#gallery-1 .gallery-caption {\n\t\t\t\t\tmargin-left: 0;\n\t\t\t\t}\n\t\t\t\t\/* see gallery_shortcode() in wp-includes\/media.php *\/\n\t\t\t<\/style>\n\t\t<div id='gallery-1' class='dt-gallery-container gallery galleryid-301061 gallery-columns-2 gallery-size-thumbnail'><dl class='gallery-item'>\n\t\t\t\t<dt class='gallery-icon portrait'>\n\t\t\t\t\t<a class=\"rollover rollover-zoom dt-pswp-item\" title=\"310776937_4977122435720595_4832834411096169368_n\" data-dt-img-description=\"\" data-large_image_width=\"750\" data-large_image_height=\"758\"href='https:\/\/www.radiopiu.net\/wordpress\/wp-content\/uploads\/2022\/10\/310776937_4977122435720595_4832834411096169368_n.jpg'><img loading=\"lazy\" decoding=\"async\" width=\"150\" height=\"150\" src=\"https:\/\/www.radiopiu.net\/wordpress\/wp-content\/uploads\/2022\/10\/310776937_4977122435720595_4832834411096169368_n-150x150.jpg\" class=\"attachment-thumbnail size-thumbnail\" alt=\"\" \/><\/a>\n\t\t\t\t<\/dt><\/dl><dl class='gallery-item'>\n\t\t\t\t<dt class='gallery-icon portrait'>\n\t\t\t\t\t<a class=\"rollover rollover-zoom dt-pswp-item\" title=\"310632808_3337976883109432_1452871070155808281_n\" data-dt-img-description=\"\" data-large_image_width=\"199\" data-large_image_height=\"206\"href='https:\/\/www.radiopiu.net\/wordpress\/wp-content\/uploads\/2022\/10\/310632808_3337976883109432_1452871070155808281_n.jpg'><img loading=\"lazy\" decoding=\"async\" width=\"150\" height=\"150\" src=\"https:\/\/www.radiopiu.net\/wordpress\/wp-content\/uploads\/2022\/10\/310632808_3337976883109432_1452871070155808281_n-150x150.jpg\" class=\"attachment-thumbnail size-thumbnail\" alt=\"\" \/><\/a>\n\t\t\t\t<\/dt><\/dl><br style=\"clear: both\" \/>\n\t\t\t<\/div>\n\n<blockquote><p>&nbsp;<\/p><\/blockquote>\n<p><strong><img loading=\"lazy\" decoding=\"async\" class=\"alignleft\" src=\"https:\/\/www.radiopiu.net\/wordpress\/wp-content\/uploads\/2022\/10\/c22318c7-99cc-4c2f-bbcd-600cfa9d4d66.jpg\" width=\"298\" height=\"244\" \/><\/strong><\/p>\n<p><strong>SEDICO <\/strong>Tre mezzi\u00a0 coinvolti nel tamponamento in localit\u00e0 La Stanga lungo la regionale 203 agordina. Il sinistro nel pomeriggio di ieri, nel piazzale davanti al Bar Latteria Camolino, ha coinvolto due auto e un autocarro. Una persona \u00e8 rimasta ferita e presa in carico dal personale del Suem che l&#8217;ha trasportata al San Martino di Belluno.<\/p>\n<p>Due auto si sono tamponate, una \u00e8 finita\u00a0 contro l&#8217;autocarro fermo in sosta mentre stava rifornendo il locale.<\/p>\n<p>Sul posto per la messa in sicurezza dei veicoli e per lo sgombero della sede stradale i vigili del fuoco di Agordo e la Polizia Stradale.<\/p>\n<p><strong>VIDEO, ANNALISA DAL MAS<\/strong><\/p>\n<p>&nbsp;<\/p>\n<p>&nbsp;<\/p>\n<p>&nbsp;<\/p>\n<p>&nbsp;<\/p>\n<div style=\"width: 848px;\" class=\"wp-video\"><video class=\"wp-video-shortcode\" id=\"video-301061-1\" width=\"848\" height=\"480\" preload=\"metadata\" controls=\"controls\"><source type=\"video\/mp4\" src=\"https:\/\/www.radiopiu.net\/wordpress\/wp-content\/uploads\/2022\/10\/WhatsApp-Video-2022-10-11-at-19.46.57-1.mp4?_=1\" \/><a href=\"https:\/\/www.radiopiu.net\/wordpress\/wp-content\/uploads\/2022\/10\/WhatsApp-Video-2022-10-11-at-19.46.57-1.mp4\">https:\/\/www.radiopiu.net\/wordpress\/wp-content\/uploads\/2022\/10\/WhatsApp-Video-2022-10-11-at-19.46.57-1.mp4<\/a><\/video><\/div>\n<p>&nbsp;<\/p>\n<hr \/>\n<p>&nbsp;<\/p>\n<blockquote>\n<h3>CONTRO IL MURO CON L\u2019AUTO, ILLESO<\/h3>\n<\/blockquote>\n<p><strong>SOSPIROLO<\/strong> Incidente autonomo luned\u00ec in zona Masiere: illeso il conducente della vettura che \u00e8 uscito da solo dall\u2019abitacolo. L\u2019auto, una Ford, si \u00e8 schiantata contro la parete di roccia a lato della strada e quindi si \u00e8 ribaltata. Il conducente ne ha perso il controllo all\u2019improvviso e non \u00e8 stato pi\u00f9 in grado di controllare il volante. Nella carambola non sono state coinvolte altre vetture in transito.<\/p>\n\n\t\t\t<style type='text\/css'>\n\t\t\t\t#gallery-2 {\n\t\t\t\t\tmargin: auto;\n\t\t\t\t}\n\t\t\t\t#gallery-2 .gallery-item {\n\t\t\t\t\tfloat: left;\n\t\t\t\t\tmargin-top: 10px;\n\t\t\t\t\ttext-align: center;\n\t\t\t\t\twidth: 20%;\n\t\t\t\t}\n\t\t\t\t#gallery-2 img {\n\t\t\t\t\tborder: 2px solid #cfcfcf;\n\t\t\t\t}\n\t\t\t\t#gallery-2 .gallery-caption {\n\t\t\t\t\tmargin-left: 0;\n\t\t\t\t}\n\t\t\t\t\/* see gallery_shortcode() in wp-includes\/media.php *\/\n\t\t\t<\/style>\n\t\t<div id='gallery-2' class='dt-gallery-container gallery galleryid-301061 gallery-columns-5 gallery-size-thumbnail'><dl class='gallery-item'>\n\t\t\t\t<dt class='gallery-icon landscape'>\n\t\t\t\t\t<a class=\"rollover rollover-zoom dt-pswp-item\" title=\"1f317f7d-0e78-4568-b3b3-e76173b21afb\" data-dt-img-description=\"\" data-large_image_width=\"1600\" data-large_image_height=\"720\"href='https:\/\/www.radiopiu.net\/wordpress\/wp-content\/uploads\/2022\/10\/1f317f7d-0e78-4568-b3b3-e76173b21afb.jpg'><img loading=\"lazy\" decoding=\"async\" width=\"150\" height=\"150\" src=\"https:\/\/www.radiopiu.net\/wordpress\/wp-content\/uploads\/2022\/10\/1f317f7d-0e78-4568-b3b3-e76173b21afb-150x150.jpg\" class=\"attachment-thumbnail size-thumbnail\" alt=\"\" \/><\/a>\n\t\t\t\t<\/dt><\/dl><dl class='gallery-item'>\n\t\t\t\t<dt class='gallery-icon landscape'>\n\t\t\t\t\t<a class=\"rollover rollover-zoom dt-pswp-item\" title=\"f5b19512-6cac-4a3e-87a6-5d41a098055c\" data-dt-img-description=\"\" data-large_image_width=\"1600\" data-large_image_height=\"720\"href='https:\/\/www.radiopiu.net\/wordpress\/wp-content\/uploads\/2022\/10\/f5b19512-6cac-4a3e-87a6-5d41a098055c.jpg'><img loading=\"lazy\" decoding=\"async\" width=\"150\" height=\"150\" src=\"https:\/\/www.radiopiu.net\/wordpress\/wp-content\/uploads\/2022\/10\/f5b19512-6cac-4a3e-87a6-5d41a098055c-150x150.jpg\" class=\"attachment-thumbnail size-thumbnail\" alt=\"\" \/><\/a>\n\t\t\t\t<\/dt><\/dl><dl class='gallery-item'>\n\t\t\t\t<dt class='gallery-icon landscape'>\n\t\t\t\t\t<a class=\"rollover rollover-zoom dt-pswp-item\" title=\"b5e41dea-7980-4fcd-8e7b-9a15a7de925a\" data-dt-img-description=\"\" data-large_image_width=\"1600\" data-large_image_height=\"720\"href='https:\/\/www.radiopiu.net\/wordpress\/wp-content\/uploads\/2022\/10\/b5e41dea-7980-4fcd-8e7b-9a15a7de925a.jpg'><img loading=\"lazy\" decoding=\"async\" width=\"150\" height=\"150\" src=\"https:\/\/www.radiopiu.net\/wordpress\/wp-content\/uploads\/2022\/10\/b5e41dea-7980-4fcd-8e7b-9a15a7de925a-150x150.jpg\" class=\"attachment-thumbnail size-thumbnail\" alt=\"\" \/><\/a>\n\t\t\t\t<\/dt><\/dl><dl class='gallery-item'>\n\t\t\t\t<dt class='gallery-icon landscape'>\n\t\t\t\t\t<a class=\"rollover rollover-zoom dt-pswp-item\" title=\"8ea1382c-4f54-4989-b117-d4591592da6b\" data-dt-img-description=\"\" data-large_image_width=\"1600\" data-large_image_height=\"720\"href='https:\/\/www.radiopiu.net\/wordpress\/wp-content\/uploads\/2022\/10\/8ea1382c-4f54-4989-b117-d4591592da6b.jpg'><img loading=\"lazy\" decoding=\"async\" width=\"150\" height=\"150\" src=\"https:\/\/www.radiopiu.net\/wordpress\/wp-content\/uploads\/2022\/10\/8ea1382c-4f54-4989-b117-d4591592da6b-150x150.jpg\" class=\"attachment-thumbnail size-thumbnail\" alt=\"\" \/><\/a>\n\t\t\t\t<\/dt><\/dl><dl class='gallery-item'>\n\t\t\t\t<dt class='gallery-icon landscape'>\n\t\t\t\t\t<a class=\"rollover rollover-zoom dt-pswp-item\" title=\"496abf9e-5f80-4126-a0ff-290f1b571d30\" data-dt-img-description=\"\" data-large_image_width=\"1600\" data-large_image_height=\"720\"href='https:\/\/www.radiopiu.net\/wordpress\/wp-content\/uploads\/2022\/10\/496abf9e-5f80-4126-a0ff-290f1b571d30.jpg'><img loading=\"lazy\" decoding=\"async\" width=\"150\" height=\"150\" src=\"https:\/\/www.radiopiu.net\/wordpress\/wp-content\/uploads\/2022\/10\/496abf9e-5f80-4126-a0ff-290f1b571d30-150x150.jpg\" class=\"attachment-thumbnail size-thumbnail\" alt=\"\" \/><\/a>\n\t\t\t\t<\/dt><\/dl><br style=\"clear: both\" \/>\n\t\t\t<\/div>\n\n<blockquote>\n<h3>IN AIUTO ALLA FAMIGLIA TEGNER<\/h3>\n<\/blockquote>\n<p><strong><a class=\"dt-pswp-item\" href=\"https:\/\/www.radiopiu.net\/wordpress\/wp-content\/uploads\/2022\/10\/8ea1382c-4f54-4989-b117-d4591592da6b.jpg\" data-dt-img-description=\"\" data-large_image_width=\"1600\" data-large_image_height=\"720\"><img loading=\"lazy\" decoding=\"async\" class=\" wp-image-301117 alignleft\" src=\"https:\/\/www.radiopiu.net\/wordpress\/wp-content\/uploads\/2022\/10\/8ea1382c-4f54-4989-b117-d4591592da6b-300x135.jpg\" alt=\"\" width=\"191\" height=\"86\" srcset=\"https:\/\/www.radiopiu.net\/wordpress\/wp-content\/uploads\/2022\/10\/8ea1382c-4f54-4989-b117-d4591592da6b-300x135.jpg 300w, https:\/\/www.radiopiu.net\/wordpress\/wp-content\/uploads\/2022\/10\/8ea1382c-4f54-4989-b117-d4591592da6b-1024x461.jpg 1024w, https:\/\/www.radiopiu.net\/wordpress\/wp-content\/uploads\/2022\/10\/8ea1382c-4f54-4989-b117-d4591592da6b-768x346.jpg 768w, https:\/\/www.radiopiu.net\/wordpress\/wp-content\/uploads\/2022\/10\/8ea1382c-4f54-4989-b117-d4591592da6b-1536x691.jpg 1536w, https:\/\/www.radiopiu.net\/wordpress\/wp-content\/uploads\/2022\/10\/8ea1382c-4f54-4989-b117-d4591592da6b.jpg 1600w\" sizes=\"auto, (max-width: 191px) 100vw, 191px\" \/><\/a>REDAZIONE<\/strong> Li avevamo gi\u00e0 conosciuti alcuni mesi fa quando con una raccolta fondi Radio Pi\u00f9 li aveva aiutati ad acquistare la nuova auto. Agostino e Riccardo Tegner chiedono di nuovo aiuto. Nella mattinata di luned\u00ec la famiglia Tegner \u00e8 stata coinvolta in un incidente proprio con l&#8217;automobile adibita al trasporto di Riccardo, costretto a stare sulla sedia a rotelle a causa della distrofia muscolare di Duchenne, di cui \u00e8 affetto dalla nascita. Un incidente che ha causato quasi 10 mila euro di danni al mezzo e Agostino non riesce a pagare la cifra del danno. Agostino e Riccardo chiedono di nuovo un aiuto in questo momento difficile con una donazione da effettuare sul conto corrente <strong>IT40N0760111900000003558144<\/strong> intestato alla moglie Ana Maria Stoian per venire in contro alla spesa inaspettata.<\/p>\n<p>&nbsp;<\/p>\n<p>&nbsp;<\/p>\n<hr \/>\n<p>&nbsp;<\/p>\n<blockquote>\n<h3 class=\"entry-title\">QUATTRO \u201cDASPO\u201d CON DIVIETO DI ACCESSO AGLI ESERCIZI PUBBLICI<\/h3>\n<p><em>Il Divieto di acceso\u00a0 a\u00a0 locali pubblici o aperti al pubblico presenti nel territori<\/em><\/p><\/blockquote>\n<p><strong><img loading=\"lazy\" decoding=\"async\" class=\"alignleft\" src=\"https:\/\/www.radiopiu.net\/wordpress\/wp-content\/uploads\/2018\/09\/POLIZIA-2.jpg\" width=\"216\" height=\"144\" \/>BELLUNO\u00a0<\/strong>Il Questore di Belluno ha emesso quattro misure di prevenzione nei confronti di altrettanti\u00a0 clienti del \u201cStreamBar\u201d dove lo scorso aprile \u00e8 intervenuta la Polizia per sedare una furiosa lite tra clienti e ristabilire l\u2019ordine e la sicurezza. L\u2019 attivit\u00e0 investigativa ha permesso di appurare che i quattro soggetti\u00a0 avevano partecipato in modo attivo alla lite. I puniti: T.L. 33 anni residente a Belluno (provvedimento inibitorio per un anno). Sei mesi di inibizione per M.S.A. 48 , B.M 36 anni e D.C.L\u00a0 32anni (tutti di Belluno). Le misure adottate sono state emesse, da un lato\u00a0 per permettere ai cittadini di poter frequentare in tutta sicurezza i pubblici esercizi e dall\u2019altro per consentire ai gestori di quest\u2019ultimi di poter svolgere con maggiore tranquillit\u00e0 la propria attivit\u00e0 d\u2019impresa.<\/p>\n<blockquote><p><em>il Questore, ha emesso le quattro misure di prevenzione personale del divieto di accesso agli esercizi pubblici.\u00a0<\/em><em>Tale misura preventiva \u00e8 stata introdotta dopo l\u2019omicidio del ventenne Willy Monteiro Duarte, ucciso a seguito di un pestaggio a Colleferro<\/em><\/p><\/blockquote>\n<div>\n<p>Daspo \u201cWilly\u201d, pone un freno alla movida violenta con divieto di accesso a locali pubblici\u00a0 a chi si \u00e8 reso responsabile di gravi disordini sociali. Il novellato strumento normativo, ispirato alla triste storia di \u201cWilly Monteiro Duarte\u201d, voluto dal legislatore per rafforzare la sicurezza nei luoghi maggiormente frequentati dai ragazzi, mira a prevenire il ripetersi di tragedie come, appunto, quella accaduta a Colleferro (RM) nel settembre scorso.<\/p>\n<p>&nbsp;<\/p>\n<hr \/>\n<p>&nbsp;<\/p>\n<p>&nbsp;<\/p>\n<blockquote>\n<h2>in Tribunale MALTRATTAMENTE IN FAMIGLIA E GUIDA IN STATO DI EBBREZZA<\/h2>\n<\/blockquote>\n<p><strong>OGGI SUL CORRIERE DELLE ALPI<\/strong><\/p>\n<p><span style=\"color: #ff0000;\"><strong>DI GIGI SOSSO<\/strong><\/span><\/p>\n<p>&nbsp;<\/p>\n<blockquote>\n<h3>MALTRATTAMENTI CONTINUI DURANTE LA GRAVIDANZA<\/h3>\n<\/blockquote>\n<p><strong><img loading=\"lazy\" decoding=\"async\" class=\"alignleft\" src=\"https:\/\/www.radiopiu.net\/wordpress\/wp-content\/uploads\/2022\/03\/TRIBUNALE-2.jpg\" width=\"251\" height=\"188\" \/>BELLUNO\u00a0\u00a0<\/strong>Maltrattata quando era incinta. Abbandonata dopo che aveva partorito. Due anni di sofferenze durante la convivenza e nemmeno un euro per il mantenimento della piccola da parte dell&#8217;ex compagno, dopo la separazione.F.A. \u00e8 in tribunale per maltrattamenti in famiglia aggravati (sarebbero andati avanti dal novembre 2016 al settembre 2018) e violazione degli obblighi di assistenza familiare tra i mesi di ottobre 2017 e settembre 2018. &#8230; &#8220;<em>Si \u00e8 completamente disinteressato della bimba e non ha mai fatto niente per lei&#8221;<\/em>. L&#8217;imputato ha respinto tutte le accuse mossegli dalla Procura della Repubblica e gli amici della coppia non potevano assistere a quello che sarebbe successo in casa. Discussione e sentenza il 2 dicembre, davanti al giudice Coniglio e al pubblico ministero Modena.<\/p>\n<p><strong>BELLUNO<\/strong> Sospettava che lei lo tradisse. E avrebbe cercato di coglierla sul fatto, in compagnia dell&#8217;amante. Il bellunese D.B. non ci ha pensato su pi\u00f9 di un minuto e ha sfondato la porta dell&#8217;appartamento nel quale era convinto che i due stessero amoreggiando. \u00c8 andata a finire che si \u00e8 preso una querela per violazione di domicilio aggravata dalla violenza sulle cose e ieri mattina \u00e8 stato rinviato a giudizio dal giudice per le udienze preliminari Elisabetta Scolozzi, su richiesta del pubblico ministero titolare del fascicolo Simone Marcon&#8230; \u00a0Il gup ha fissato la prima udienza del dibattimento per il giorno 8 maggio dell&#8217;anno prossimo<\/p>\n<p><strong>BELLUNO <\/strong>Cade in moto perch\u00e9 \u00e8 ubriaco&#8230;L&#8217;esito dell&#8217;esame non lascia dubbi sulle condizioni di T.P.: il valore di alcol nel sangue oscilla tra 2,07 e 2,09. Tecnicamente \u00e8 ubriaco e via al processo per guida in stato di ebbrezza, di fronte al giudice Angela Feletto e al pubblico ministero Gianluca Tricoli. Il prossimo 2 febbraio sar\u00e0 sentito in tribunale il medico.<\/p>\n<p><strong>LONGARONE<\/strong>\u00a0 Secondo la ricostruzione della Procura della Repubblica, \u00e8 entrato nell&#8217;appartamento della committente, a Longarone, le ha rubato carta bancomat e codice segreto e si \u00e8 rivolto al pi\u00f9 vicino sportello automatico. Tutto quello che poteva prelevare in una giornata erano 500 euro ed \u00e8 quello che ha portato via. L&#8217;indagato difeso dall&#8217;avvocato Sonia Sommacal \u00e8 stato rinviato a giudizio dal giudice per le udienze preliminari Elisabetta Scolozzi, su richiesta del pubblico ministero Simone Marcon.\u00a0 La prima udienza del dibattimento pubblico \u00e8 stata messa in calendario per il prossimo 8 maggio<\/p>\n<p>&nbsp;<\/p>\n<hr \/>\n<p>&nbsp;<\/p>\n<blockquote>\n<h3>L&#8217;AUTOVELOX DI QUERO E&#8217; FUORI LEGGE &#8211; NUOVA SENTENZA DEL GDP DI BELLUNO<\/h3>\n<\/blockquote>\n<blockquote><p><strong>IL GIUDICE DI PACE DI BELLUNO RIBADISCE ANCORA CHE SENZA OMOLOGAZIONE LE RILEVAZIONI DI QUELL&#8217;AUTOVELOX SONO NULLE<\/strong><\/p>\n<p><em>fonte; ALTVELOX un Team giovane di Avvocati, di Consulenti Penali e Civili, di Tecnici ed ex appartenenti alle Forze di Polizia. Una struttura coordinata e dinamica, altamente specializzata nella gestione dei ricorsi amministrativi a seguito di violazione stradale in genere ed in particolare per sanzioni al codice della strada con rilevamento della velocit\u00e0 elettronico (autovelox). Lo &#8220;strumento&#8221; per evitare problemi alla\u00a0 patente di guida e alla\u00a0 posizione legale.<a href=\"https:\/\/www.altvelox.it\/\"><span style=\"color: #0000ff;\"> www.altvelox.it<\/span><\/a><\/em><\/p><\/blockquote>\n<p><span class=\"_2PHJq public-DraftStyleDefault-ltr\"><a href=\"https:\/\/www.radiopiu.net\/wordpress\/wp-content\/uploads\/2022\/10\/39ad3d_d6d6b9e658834c628376d48668944ae2_mv2.webp\"><img loading=\"lazy\" decoding=\"async\" class=\"size-medium wp-image-301170 alignleft\" src=\"https:\/\/www.radiopiu.net\/wordpress\/wp-content\/uploads\/2022\/10\/39ad3d_d6d6b9e658834c628376d48668944ae2_mv2-300x169.webp\" alt=\"\" width=\"300\" height=\"169\" srcset=\"https:\/\/www.radiopiu.net\/wordpress\/wp-content\/uploads\/2022\/10\/39ad3d_d6d6b9e658834c628376d48668944ae2_mv2-300x169.webp 300w, https:\/\/www.radiopiu.net\/wordpress\/wp-content\/uploads\/2022\/10\/39ad3d_d6d6b9e658834c628376d48668944ae2_mv2.webp 708w\" sizes=\"auto, (max-width: 300px) 100vw, 300px\" \/><\/a><strong>BELLUNO<\/strong> Il Giudice di Pace di Belluno, Dr. Fabrizio Schioppa, ha accolto nuovamente il ricorso di una automobilista &#8211; A.G. residente a Castelfranco Veneto (TV), che si era vista recapitare una contravvenzione di Euro 197.14 + decurtazione di 3 punti patente, per aver percorso alla velocit\u00e0 (presunta) di 106.10 km\/h il tratto della S.P.1 Bis in localit\u00e0 Madonna del Piave nel Comune di Quero Vas (BL). <\/span><span class=\"_2PHJq public-DraftStyleDefault-ltr\">La ragazza, certa di aver sempre rispettato il codice della strada tramite ALTVELOX ha presentato ricorso innanzi al GDP di Belluno, che <u class=\"_3zM-5\">oggi ha accolto il ricorso e sospeso la sanzione a suo carico in quanto l&#8217;autovelox in questione, modello VELOCAR RED SPEED EVO, non \u00e8 omologato<\/u>. <\/span><span class=\"_2PHJq public-DraftStyleDefault-ltr\">Ogni strumentazione elettronica, ha dei limiti strutturali, come gli autovelox. Questi per concezione costruttiva e funzionale, non potranno mai emettere dati certi per essere utilizzati a livello legale. La componentistica varia le sue caratteristiche a causa dell&#8217;umidit\u00e0, temperatura, polvere, raggi del sole, campi magnetici, vibrazioni ed ogni altro agente atmosferico. Provate ad immaginare come la temperatura modifica strutturalmente la carcassa dello strumento, un solo millesimo altera il rilevato, la temperatura dove vengono installate le apparecchiature varia da sotto lo zero fino a superare i 70 gradi per riflessione solare. Qualsiasi tecnico conoscitore della materia \u00e8 ben a conoscenza di queste alterazioni, le quali vengono &#8220;aggiustate&#8221;, attraverso la manipolazione del software pur di ottenere un dato empirico. Ed ecco che un bilico carico viene immortalato a 250 km\/h. <\/span><span class=\"_2PHJq public-DraftStyleDefault-ltr\">Ma sia i costruttori, che gli utilizzatori di questi strumenti elettronici, sono ben lungi da farli omologare perche quasi certamente non passerebbero l&#8217;esame. Ed allora oggi tra una &#8220;giungla di sentenze&#8221;, la maggior parte che annulla la sanzione perche ritiene <u class=\"_3zM-5\">l&#8217;omologazione prova essenziale per la TUTELA DEL CONSUMATORE<\/u> ed altre (poche per fortuna) che ritengono in modo quantomeno equivoco, che APPROVAZIONE e OMOLOGAZIONE siano la medesima cosa e nel frattempo i Comuni continuano a farne uso mettendo in cassaforte tesoretti sostanziosi. <\/span><\/p>\n<p id=\"viewer-7d1b1\" class=\"mm8Nw _1j-51 roLFQS _1FoOD _78FBa sk96G9 roLFQS public-DraftStyleDefault-block-depth0 fixed-tab-size public-DraftStyleDefault-text-ltr\"><span class=\"_2PHJq public-DraftStyleDefault-ltr\">Complessivamente nel 2021 le principali 21 citt\u00e0 italiane hanno incassato 398,5 milioni di euro dalle multe stradali, di cui quasi 47 milioni tramite strumenti automatici di controllo della velocit\u00e0. Non mancano tuttavia le soprese: spulciando i rendiconti presentati dagli enti locali, si scopre ad esempio che Napoli incassa appena 27mila euro all&#8217;anno dagli autovelox installati in citt\u00e0, mentre un piccolo comune delle Dolomiti con meno di 360 abitanti, <strong>Colle Santa Lucia (BL)<\/strong>, ha riscosso grazie all&#8217;autovelox oltre 552mila euro in un anno. <\/span><span class=\"_2PHJq public-DraftStyleDefault-ltr\">Ma noi siamo andati oltre a questi dati, e abbiamo chiesto al Ministero dell&#8217;Interno quelli del Comune di QUERO VAS (BL) scoprendo che questo piccolo Comune di soli 3000 residenti ha incamerato nello scorso 2021<strong> con questo autovelox la somma di \u20ac 950.842.22. <\/strong><\/span><span class=\"_2PHJq public-DraftStyleDefault-ltr\">Ovviamente il Comune di Quero Vas non ci st\u00e0 e annuncia l&#8217;ennesimo ricorso al Tribunale avverso le sentenze del Giudice di Pace che lo vedono ancora una volta soccombere. Nessun problema, noi crediamo nella Giustizia e siamo convinti delle nostre ragioni tecniche. <\/span><span class=\"_2PHJq public-DraftStyleDefault-ltr\">Il paradosso tutto Italiano, sta per\u00f2 nel fatto che il cittadino per chiedere ed ottenere Giustizia, lo fa <u class=\"_3zM-5\">spendendo soldi propri per avvocati e tasse<\/u>, mentre il <u class=\"_3zM-5\">Comune di Quero Vas come il Comune di Sedico o Feltre, annunciano di ricorre alle sentenze avverse utilizzando i soldi dei medesimi cittadini<\/u>. Ci piacerebbe invece che i Sindaci, se veramente convinti delle loro ragioni, proponessero i ricorsi a spese proprie ed allora la bilancia sarebbe alla pari.<\/span><\/p>\n<\/div>\n<p>&nbsp;<\/p>\n<hr \/>\n<p>&nbsp;<\/p>\n<blockquote>\n<h3>NEL BELLUNESE LA VENDEMMIA E&#8217; SEMPRE PIU&#8217; BIOLOGICA<\/h3>\n<\/blockquote>\n<p><em>In provincia di Belluno avanza anche il latte bio con 27 allevamenti, di cui 15 di bovini. Ben 12, secondo un report di Veneto Agricoltura, sono gli allevamenti biologici di capre, che vedono il Bellunese primo in Veneto per tipologia.<\/em><\/p>\n<p><strong><a class=\"dt-pswp-item\" href=\"https:\/\/www.radiopiu.net\/wordpress\/wp-content\/uploads\/2022\/10\/Marco-De-Bacco-scaled.jpg\" data-dt-img-description=\"\" data-large_image_width=\"2560\" data-large_image_height=\"1822\"><img loading=\"lazy\" decoding=\"async\" class=\" wp-image-301154 alignleft\" src=\"https:\/\/www.radiopiu.net\/wordpress\/wp-content\/uploads\/2022\/10\/Marco-De-Bacco-300x213.jpg\" alt=\"\" width=\"237\" height=\"168\" srcset=\"https:\/\/www.radiopiu.net\/wordpress\/wp-content\/uploads\/2022\/10\/Marco-De-Bacco-300x213.jpg 300w, https:\/\/www.radiopiu.net\/wordpress\/wp-content\/uploads\/2022\/10\/Marco-De-Bacco-1024x729.jpg 1024w, https:\/\/www.radiopiu.net\/wordpress\/wp-content\/uploads\/2022\/10\/Marco-De-Bacco-768x546.jpg 768w, https:\/\/www.radiopiu.net\/wordpress\/wp-content\/uploads\/2022\/10\/Marco-De-Bacco-1536x1093.jpg 1536w, https:\/\/www.radiopiu.net\/wordpress\/wp-content\/uploads\/2022\/10\/Marco-De-Bacco-2048x1457.jpg 2048w\" sizes=\"auto, (max-width: 237px) 100vw, 237px\" \/><\/a>BELLUNO <\/strong>Nel Bellunese la vendemmia \u00e8 sempre pi\u00f9 bio. Sono in crescita, infatti, le superfici di vigneti coltivati con metodi naturali: secondo un\u2019elaborazione di Veneto Agricoltura. I vigneti biologici sono passati da 9,83 ettari del 2020 a 24,31 ettari del 2021, con un incremento del 141,31%. In percentuale, su circa 200 ettari complessivi di vigneti nel Bellunese, si tratta del 12%. Una percentuale in continua crescita grazie allo sviluppo delle variet\u00e0 resistenti che, grazie al via libera dell\u2019Ue nel dicembre 2021, potranno essere utilizzate sia nelle doc esistenti, sia nelle <a class=\"dt-pswp-item\" href=\"https:\/\/www.radiopiu.net\/wordpress\/wp-content\/uploads\/2022\/10\/vigneto-nel-Feltrino.jpg\" data-dt-img-description=\"\" data-large_image_width=\"2048\" data-large_image_height=\"1365\"><img loading=\"lazy\" decoding=\"async\" class=\"wp-image-301155 alignright\" src=\"https:\/\/www.radiopiu.net\/wordpress\/wp-content\/uploads\/2022\/10\/vigneto-nel-Feltrino-300x200.jpg\" alt=\"\" width=\"174\" height=\"116\" srcset=\"https:\/\/www.radiopiu.net\/wordpress\/wp-content\/uploads\/2022\/10\/vigneto-nel-Feltrino-300x200.jpg 300w, https:\/\/www.radiopiu.net\/wordpress\/wp-content\/uploads\/2022\/10\/vigneto-nel-Feltrino-1024x683.jpg 1024w, https:\/\/www.radiopiu.net\/wordpress\/wp-content\/uploads\/2022\/10\/vigneto-nel-Feltrino-768x512.jpg 768w, https:\/\/www.radiopiu.net\/wordpress\/wp-content\/uploads\/2022\/10\/vigneto-nel-Feltrino-1536x1024.jpg 1536w, https:\/\/www.radiopiu.net\/wordpress\/wp-content\/uploads\/2022\/10\/vigneto-nel-Feltrino.jpg 2048w\" sizes=\"auto, (max-width: 174px) 100vw, 174px\" \/><\/a>future doc specificatamente dedicate a linee di vini resistenti. Secondo Marco De Bacco, presidente del Consorzio Coste del Feltrino, che conta 15 aziende per un totale di 50 ettari, non tutto il territorio bellunese pu\u00f2 permettersi, comunque, una scelta totalmente bio: <em>\u201cNelle zone pi\u00f9 soggette a umidit\u00e0 e piovosit\u00e0, come nel fondovalle, c\u2019\u00e8 un proliferare maggiore di malattie fungine e perci\u00f2 \u00e8 preferibile un sistema di difesa integrata, che sul piano della sostenibilit\u00e0 \u00e8 di pari livello. Nelle zone della viticoltura storica, invece, come quelle delle rive esposte a Sud nei Comuni di Feltre e Fonzaso, le condizioni meteo climatiche migliori consentono di lavorare anche con metodi totalmente biologici. Cos\u00ec si va incontro alle richieste del mercato&#8221;.<\/em><\/p>\n<p>&nbsp;<\/p>\n<hr \/>\n<p>&nbsp;<\/p>\n<blockquote>\n<h3>PREMIO SAN MARTINO 2022, ASSEGNATO A MAURO DE BETTIO E MIRKO BEZ<\/h3>\n<\/blockquote>\n<h3><strong style=\"font-size: 14px;\"><img loading=\"lazy\" decoding=\"async\" class=\"alignleft\" src=\"https:\/\/www.radiopiu.net\/wordpress\/wp-content\/uploads\/2022\/02\/Palazzo-rosso-illuminato-1-scaled.jpg\" width=\"286\" height=\"191\" \/><\/strong><\/h3>\n<p><strong>BELLUNO<\/strong>\u00a0 Per l\u2019anno 2022, il Premio viene assegnato a Mauro De Bettio e Mirko Bez. La cerimonia si terr\u00e0 venerd\u00ec 11 novembre Saranno due le persone che riceveranno quest\u2019anno il Premio \u201cSan Martino\u201d. Sulla base delle candidature pervenute, infatti, la <a class=\"dt-pswp-item\" href=\"https:\/\/www.radiopiu.net\/wordpress\/wp-content\/uploads\/2022\/10\/310347438_10221834479279590_8582885354636295792_n.jpg\" data-dt-img-description=\"\" data-large_image_width=\"960\" data-large_image_height=\"959\"><img loading=\"lazy\" decoding=\"async\" class=\"wp-image-301267 alignright\" src=\"https:\/\/www.radiopiu.net\/wordpress\/wp-content\/uploads\/2022\/10\/310347438_10221834479279590_8582885354636295792_n-300x300.jpg\" alt=\"\" width=\"122\" height=\"122\" srcset=\"https:\/\/www.radiopiu.net\/wordpress\/wp-content\/uploads\/2022\/10\/310347438_10221834479279590_8582885354636295792_n-300x300.jpg 300w, https:\/\/www.radiopiu.net\/wordpress\/wp-content\/uploads\/2022\/10\/310347438_10221834479279590_8582885354636295792_n-150x150.jpg 150w, https:\/\/www.radiopiu.net\/wordpress\/wp-content\/uploads\/2022\/10\/310347438_10221834479279590_8582885354636295792_n-768x767.jpg 768w, https:\/\/www.radiopiu.net\/wordpress\/wp-content\/uploads\/2022\/10\/310347438_10221834479279590_8582885354636295792_n.jpg 960w\" sizes=\"auto, (max-width: 122px) 100vw, 122px\" \/><\/a>conferenza dei capigruppo si \u00e8 espressa a favore delle segnalazioni di Mauro De Bettio, per la categoria dei maggiorenni, e di Mirko Bez, giovane minorenne.<\/p>\n<p><strong>Mauro De Bettio,<\/strong> nato a Belluno nel 1975, affermato fotografo mondiale freelance, vincitore di numerosi premi internazionali, cerca di raccontare con le sue fotografie l&#8217;essenza di una persona ritratta nel suo ambiente. Per lui la fotografia rappresenta un modo di comunicare i sentimenti e l&#8217;intimit\u00e0 di ci\u00f2 che vede, dedicando la propria vita <a class=\"dt-pswp-item\" href=\"https:\/\/www.radiopiu.net\/wordpress\/wp-content\/uploads\/2022\/10\/Senza-nome-28.jpg\" data-dt-img-description=\"\" data-large_image_width=\"316\" data-large_image_height=\"208\"><img loading=\"lazy\" decoding=\"async\" class=\"wp-image-301268 alignleft\" src=\"https:\/\/www.radiopiu.net\/wordpress\/wp-content\/uploads\/2022\/10\/Senza-nome-28-300x197.jpg\" alt=\"\" width=\"193\" height=\"127\" \/><\/a>allo sviluppo di progetti sociali e alla continua sensibilizzazione sui diritti umani. Dal 2021 ha creato una fondazione a Nairobi per aiutare gli orfani della citt\u00e0 che vivono sulla strada fornendo loro un pasto quotidiano.<\/p>\n<p><strong>Mirko Bez,<\/strong> nato nel 2004, residente a Belluno, frequenta lo Ski College di Falcade per la preparazione a gare inserite nel circuito mondiale di sci, nel livello giovanile. Ha salvato uno sciatore sommerso da una valanga scavando con le mani, insieme ad altri due suoi amici. Si trattava di un turista americano che sarebbe diventato pap\u00e0 dopo alcune settimane. Mirko non ha esitato un attimo e, con la semplicit\u00e0 di un ragazzo, con la sua prontezza di spirito, ha salvato una persona dalla morte<\/p>\n<p>&nbsp;<\/p>\n<hr \/>\n<p>&nbsp;<\/p>\n<blockquote>\n<h3>LA DOTTORESSA GIORGIA SOPPELSA PREMIATA IN SVEZIA<\/h3>\n<p><a class=\"dt-pswp-item\" href=\"https:\/\/www.radiopiu.net\/wordpress\/wp-content\/uploads\/2022\/10\/Senza-nome-27.jpg\" data-dt-img-description=\"\" data-large_image_width=\"70\" data-large_image_height=\"80\"><img loading=\"lazy\" decoding=\"async\" class=\"size-full wp-image-301262 alignleft\" src=\"https:\/\/www.radiopiu.net\/wordpress\/wp-content\/uploads\/2022\/10\/Senza-nome-27.jpg\" alt=\"\" width=\"70\" height=\"80\" \/><\/a><\/p><\/blockquote>\n<p><strong>TREVISO<\/strong> La ricercatrice bellunese Giorgia Soppelsa, in forza al Ca&#8217; Foncello di Treviso,\u00a0 ha vinto il premio &#8220;Young Physician Scientist Grant&#8221; di Svezia, importante congresso europeo che tratta temi di attualit\u00e0 in ambito senologico. Lo studio ha conquistato il team di esperti in giuria. Ogni anno, la radiologia senologica del Ca&#8217; Foncello esegue oltre 45 mila screening senologici.<\/p>\n<p>&nbsp;<\/p>\n<p>&nbsp;<\/p>\n<hr \/>\n<p>&nbsp;<\/p>\n<blockquote>\n<h2>MASSIMO CAMPEDEL L&#8217;ARROTINO DI LAMBROI SULLA CUPOLA DELLA BASILICA DI SAN MARCO A VENEZIA<\/h2>\n<\/blockquote>\n<p>&nbsp;<\/p>\n<p><strong><a class=\"dt-pswp-item\" href=\"https:\/\/www.radiopiu.net\/wordpress\/wp-content\/uploads\/2022\/10\/12647413_133502920365306_7786024238049617590_n-150x150-1.jpg\" data-dt-img-description=\"\" data-large_image_width=\"150\" data-large_image_height=\"150\"><img loading=\"lazy\" decoding=\"async\" class=\"size-full wp-image-301265 alignleft\" src=\"https:\/\/www.radiopiu.net\/wordpress\/wp-content\/uploads\/2022\/10\/12647413_133502920365306_7786024238049617590_n-150x150-1.jpg\" alt=\"\" width=\"150\" height=\"150\" \/><\/a>GOSALDO<\/strong><\/p>\n<p><strong>DI GIANNI SANTOMASO<\/strong><\/p>\n<audio class=\"wp-audio-shortcode\" id=\"audio-301061-1\" preload=\"none\" style=\"width: 100%;\" controls=\"controls\"><source type=\"audio\/mpeg\" src=\"https:\/\/www.radiopiu.net\/wordpress\/wp-content\/uploads\/2022\/10\/COLTELLO-MASSIMO.mp3?_=1\" \/><a href=\"https:\/\/www.radiopiu.net\/wordpress\/wp-content\/uploads\/2022\/10\/COLTELLO-MASSIMO.mp3\">https:\/\/www.radiopiu.net\/wordpress\/wp-content\/uploads\/2022\/10\/COLTELLO-MASSIMO.mp3<\/a><\/audio>\n<p>&nbsp;<\/p>\n\n\t\t\t<style type='text\/css'>\n\t\t\t\t#gallery-3 {\n\t\t\t\t\tmargin: auto;\n\t\t\t\t}\n\t\t\t\t#gallery-3 .gallery-item {\n\t\t\t\t\tfloat: left;\n\t\t\t\t\tmargin-top: 10px;\n\t\t\t\t\ttext-align: center;\n\t\t\t\t\twidth: 33%;\n\t\t\t\t}\n\t\t\t\t#gallery-3 img {\n\t\t\t\t\tborder: 2px solid #cfcfcf;\n\t\t\t\t}\n\t\t\t\t#gallery-3 .gallery-caption {\n\t\t\t\t\tmargin-left: 0;\n\t\t\t\t}\n\t\t\t\t\/* see gallery_shortcode() in wp-includes\/media.php *\/\n\t\t\t<\/style>\n\t\t<div id='gallery-3' class='dt-gallery-container gallery galleryid-301061 gallery-columns-3 gallery-size-thumbnail'><dl class='gallery-item'>\n\t\t\t\t<dt class='gallery-icon landscape'>\n\t\t\t\t\t<a class=\"rollover rollover-zoom dt-pswp-item\" title=\"WhatsApp Image 2022-10-11 at 19.31.05 (1)\" data-dt-img-description=\"\" data-large_image_width=\"1600\" data-large_image_height=\"901\"href='https:\/\/www.radiopiu.net\/wordpress\/wp-content\/uploads\/2022\/10\/WhatsApp-Image-2022-10-11-at-19.31.05-1.jpeg'><img loading=\"lazy\" decoding=\"async\" width=\"150\" height=\"150\" src=\"https:\/\/www.radiopiu.net\/wordpress\/wp-content\/uploads\/2022\/10\/WhatsApp-Image-2022-10-11-at-19.31.05-1-150x150.jpeg\" class=\"attachment-thumbnail size-thumbnail\" alt=\"\" \/><\/a>\n\t\t\t\t<\/dt><\/dl><dl class='gallery-item'>\n\t\t\t\t<dt class='gallery-icon landscape'>\n\t\t\t\t\t<a class=\"rollover rollover-zoom dt-pswp-item\" title=\"WhatsApp Image 2022-10-11 at 19.31.06\" data-dt-img-description=\"\" data-large_image_width=\"1600\" data-large_image_height=\"901\"href='https:\/\/www.radiopiu.net\/wordpress\/wp-content\/uploads\/2022\/10\/WhatsApp-Image-2022-10-11-at-19.31.06-3.jpeg'><img loading=\"lazy\" decoding=\"async\" width=\"150\" height=\"150\" src=\"https:\/\/www.radiopiu.net\/wordpress\/wp-content\/uploads\/2022\/10\/WhatsApp-Image-2022-10-11-at-19.31.06-3-150x150.jpeg\" class=\"attachment-thumbnail size-thumbnail\" alt=\"\" \/><\/a>\n\t\t\t\t<\/dt><\/dl><dl class='gallery-item'>\n\t\t\t\t<dt class='gallery-icon landscape'>\n\t\t\t\t\t<a class=\"rollover rollover-zoom dt-pswp-item\" title=\"WhatsApp Image 2022-10-11 at 19.31.05\" data-dt-img-description=\"\" data-large_image_width=\"1600\" data-large_image_height=\"901\"href='https:\/\/www.radiopiu.net\/wordpress\/wp-content\/uploads\/2022\/10\/WhatsApp-Image-2022-10-11-at-19.31.05.jpeg'><img loading=\"lazy\" decoding=\"async\" width=\"150\" height=\"150\" src=\"https:\/\/www.radiopiu.net\/wordpress\/wp-content\/uploads\/2022\/10\/WhatsApp-Image-2022-10-11-at-19.31.05-150x150.jpeg\" class=\"attachment-thumbnail size-thumbnail\" alt=\"\" \/><\/a>\n\t\t\t\t<\/dt><\/dl><br style=\"clear: both\" \/><dl class='gallery-item'>\n\t\t\t\t<dt class='gallery-icon portrait'>\n\t\t\t\t\t<a class=\"rollover rollover-zoom dt-pswp-item\" title=\"WhatsApp Image 2022-10-11 at 19.31.06 (1)\" data-dt-img-description=\"\" data-large_image_width=\"901\" data-large_image_height=\"1600\"href='https:\/\/www.radiopiu.net\/wordpress\/wp-content\/uploads\/2022\/10\/WhatsApp-Image-2022-10-11-at-19.31.06-1.jpeg'><img loading=\"lazy\" decoding=\"async\" width=\"150\" height=\"150\" src=\"https:\/\/www.radiopiu.net\/wordpress\/wp-content\/uploads\/2022\/10\/WhatsApp-Image-2022-10-11-at-19.31.06-1-150x150.jpeg\" class=\"attachment-thumbnail size-thumbnail\" alt=\"\" \/><\/a>\n\t\t\t\t<\/dt><\/dl><dl class='gallery-item'>\n\t\t\t\t<dt class='gallery-icon landscape'>\n\t\t\t\t\t<a class=\"rollover rollover-zoom dt-pswp-item\" title=\"WhatsApp Image 2022-10-11 at 19.31.06\" data-dt-img-description=\"\" data-large_image_width=\"1600\" data-large_image_height=\"901\"href='https:\/\/www.radiopiu.net\/wordpress\/wp-content\/uploads\/2022\/10\/WhatsApp-Image-2022-10-11-at-19.31.06.jpeg'><img loading=\"lazy\" decoding=\"async\" width=\"150\" height=\"150\" src=\"https:\/\/www.radiopiu.net\/wordpress\/wp-content\/uploads\/2022\/10\/WhatsApp-Image-2022-10-11-at-19.31.06-150x150.jpeg\" class=\"attachment-thumbnail size-thumbnail\" alt=\"\" \/><\/a>\n\t\t\t\t<\/dt><\/dl><dl class='gallery-item'>\n\t\t\t\t<dt class='gallery-icon landscape'>\n\t\t\t\t\t<a class=\"rollover rollover-zoom dt-pswp-item\" title=\"WhatsApp Image 2022-10-11 at 19.31.06 (2)\" data-dt-img-description=\"\" data-large_image_width=\"1600\" data-large_image_height=\"901\"href='https:\/\/www.radiopiu.net\/wordpress\/wp-content\/uploads\/2022\/10\/WhatsApp-Image-2022-10-11-at-19.31.06-2.jpeg'><img loading=\"lazy\" decoding=\"async\" width=\"150\" height=\"150\" src=\"https:\/\/www.radiopiu.net\/wordpress\/wp-content\/uploads\/2022\/10\/WhatsApp-Image-2022-10-11-at-19.31.06-2-150x150.jpeg\" class=\"attachment-thumbnail size-thumbnail\" alt=\"\" \/><\/a>\n\t\t\t\t<\/dt><\/dl><br style=\"clear: both\" \/>\n\t\t\t<\/div>\n\n<p>&nbsp;<\/p>\n<p><strong>ARCHIVIO RADIOPIU<\/strong><\/p>\n<blockquote class=\"wp-embedded-content\" data-secret=\"L9puRMqXub\"><p><a href=\"https:\/\/www.radiopiu.net\/wordpress\/massimo-campedel-buca-il-video-a-tele-molise\/\">MASSIMO CAMPEDEL &#8220;BUCA IL VIDEO&#8221; A TELE MOLISE<\/a><\/p><\/blockquote>\n<p><iframe loading=\"lazy\" class=\"wp-embedded-content\" sandbox=\"allow-scripts\" security=\"restricted\" style=\"position: absolute; clip: rect(1px, 1px, 1px, 1px);\" title=\"&#8220;MASSIMO CAMPEDEL &#8220;BUCA IL VIDEO&#8221; A TELE MOLISE&#8221; &#8212; Radio Pi\u00f9\" src=\"https:\/\/www.radiopiu.net\/wordpress\/massimo-campedel-buca-il-video-a-tele-molise\/embed\/#?secret=3KUxgRGCcG#?secret=L9puRMqXub\" data-secret=\"L9puRMqXub\" width=\"600\" height=\"338\" frameborder=\"0\" marginwidth=\"0\" marginheight=\"0\" scrolling=\"no\"><\/iframe><\/p>\n<p>&nbsp;<\/p>\n<p>&nbsp;<\/p>\n<hr \/>\n<p>&nbsp;<\/p>\n<blockquote>\n<h3>UN CONVEGNO SULLA SPECIALIZZAZIONE GEOTECNICA\u00a0 AL FOLLADOR<\/h3>\n<\/blockquote>\n<p><strong><a class=\"dt-pswp-item\" href=\"https:\/\/www.radiopiu.net\/wordpress\/wp-content\/uploads\/2020\/10\/FOLLADOR-DE-ROSSI-scaled.jpg\" data-dt-img-description=\"\" data-large_image_width=\"2560\" data-large_image_height=\"1193\"><img loading=\"lazy\" decoding=\"async\" class=\"size-medium wp-image-164367 alignleft\" src=\"https:\/\/www.radiopiu.net\/wordpress\/wp-content\/uploads\/2020\/10\/FOLLADOR-DE-ROSSI-300x140.jpg\" alt=\"\" width=\"300\" height=\"140\" srcset=\"https:\/\/www.radiopiu.net\/wordpress\/wp-content\/uploads\/2020\/10\/FOLLADOR-DE-ROSSI-300x140.jpg 300w, https:\/\/www.radiopiu.net\/wordpress\/wp-content\/uploads\/2020\/10\/FOLLADOR-DE-ROSSI-1024x477.jpg 1024w, https:\/\/www.radiopiu.net\/wordpress\/wp-content\/uploads\/2020\/10\/FOLLADOR-DE-ROSSI-768x358.jpg 768w, https:\/\/www.radiopiu.net\/wordpress\/wp-content\/uploads\/2020\/10\/FOLLADOR-DE-ROSSI-1536x716.jpg 1536w, https:\/\/www.radiopiu.net\/wordpress\/wp-content\/uploads\/2020\/10\/FOLLADOR-DE-ROSSI-2048x954.jpg 2048w, https:\/\/www.radiopiu.net\/wordpress\/wp-content\/uploads\/2020\/10\/FOLLADOR-DE-ROSSI-640x298.jpg 640w\" sizes=\"auto, (max-width: 300px) 100vw, 300px\" \/><\/a>AGORDO<\/strong>\u00a0 Venerd\u00ec 21 ottobre 2022 alle\u00a0 10, presso l\u2019Aula Magna \u201cA. Favretti\u201d del \u201cFollador\u201d si terr\u00e0 un convegno dedicato alla gestione del rischio idrogeologico relativo alle colate detritiche. Argomento quanto mai attuale specie nell\u2019ottica dei cambiamenti climatici.\u00a0 E&#8217; proposto dalla Regione Veneto che porter\u00e0 ad Agordo diversi esperti del settore, incontratisi a Venezia il giorno precedente,\u00a0 in un contesto ideale sia per la presenza nel territorio\u00a0 agordino di fenomeni di trasporto di massa, sia per l\u2019importanza del \u201cMinerario\u201d una scuola inserita nell\u2019ambiente, che prepara, con l\u2019attuale specializzazione Geotecnica, personale tecnico particolarmente preparato per la conoscenza e la gestione del territorio. Quanto verr\u00e0 esposto nel convegno \u00e8 frutto di un Interreg Italia Austria denominato SedInOut che ha come scopo la realizzazione di linee guida per la sostenibilit\u00e0 della mitigazione del rischio e la possibilit\u00e0 di valutare la manutenzione delle opere di difesa anche attraverso il riutilizzo economico dei materiali trasportati a valle. La decisione della Regione Veneto di coinvolgere la \u201cScuola Mineraria\u201d di Agordo \u00e8 un riconoscimento della validit\u00e0 delle attivit\u00e0 svolte dal \u201cMinerario\u201d che ha visto, in collaborazione con il CNR di Milano, la realizzazione di un progetto sulla dinamica dei processi fluviali in valle di S. Lucano\u00a0 e \u201cLa Via della Dolomia\u201d per la valorizzazione turistica del territorio agordino.<\/p>\n<p>&nbsp;<\/p>\n<p>&nbsp;<\/p>\n<hr \/>\n<p>&nbsp;<\/p>\n<blockquote>\n<h3>CASERME APERTE, L&#8217;INVITO DEL COMANDO VIGILI DEL FUOCO DI BELLUNO<\/h3>\n<\/blockquote>\n<p><strong><img loading=\"lazy\" decoding=\"async\" class=\"alignleft\" src=\"https:\/\/www.radiopiu.net\/wordpress\/wp-content\/uploads\/2022\/09\/VIGILI-DEL-FUOCO-8.jpg\" width=\"315\" height=\"177\" \/>BELLUNO<\/strong> Nelle giornate di sabato 15 e di domenica 16 ottobre 2022, nell\u2019ambito della IV edizione della \u201cSettimana Nazionale della Protezione Civile\u201d, le sedi permanenti e volontarie dei Vigili del Fuoco della provincia di Belluno saranno aperte alle visite della cittadinanza con orari 10:00 \u2013 12:00 e 15:00 \u2013 18:00. Il personale dei Vigili del Fuoco tanto permanente che volontario, nella propria sede, illustrer\u00e0 ai graditi ospiti i mezzi e le attrezzature di soccorso che utilizza e che permettono tra l\u2019altro di ben rappresentare la molteplicit\u00e0 degli interventi svolti e dei connessi scenari di rischio presenti ed affrontati. A coadiuvare il personale in servizio anche il personale in quiescenza dell\u2019Associazione Nazionale dei Vigili del Fuoco che a sua volta potr\u00e0 recare il proprio ricco bagaglio di esperienze nelle attivit\u00e0 di soccorso tecnico urgente. Nei giorni precedenti sono state tra l\u2019altro anche programmate visite guidate alle sedi VV.F. a favore di diverse scuole della provincia. L\u2019apertura delle caserme dei Vigili del Fuoco ben si colloca nell\u2019ambito della \u201cSettimana Nazionale della Protezione Civile\u201d, iniziativa che si propone lo scopo di sensibilizzare maggiormente i cittadini sul tema della Protezione Civile, onde favorire un approccio pi\u00f9 consapevole verso il nostro territorio e che tenga conto anche delle nuove sfide globali imposte dai cambiamenti climatici, di cui l\u2019apertura delle sedi VV.F. \u00e8 appunto una tra le svariate iniziative organizzate in tale ambito. La cittadinanza \u00e8 quindi invitata a visitare la sede dei Vigili del Fuoco operante nel proprio ambito territoriale sabato 15 e domenica 16 prossimi, alla mattina (10:00 \u2013 12:00) o al pomeriggio (15:00 \u2013 18:00).<\/p>\n<p>&nbsp;<\/p>\n<hr \/>\n<blockquote>\n<h3><\/h3>\n<h3>IL MINISTRO FEDERICO D&#8217;INCA&#8217;, DELL&#8217;ORMAI IN SCADENZA GOVERNO DRAGHI,\u00a0 INCONTRA LA CITTADINANZA A TRICHIANA<\/h3>\n<\/blockquote>\n<p><strong><a class=\"dt-pswp-item\" href=\"https:\/\/www.radiopiu.net\/wordpress\/wp-content\/uploads\/2022\/05\/DINCA.png\" data-dt-img-description=\"\" data-large_image_width=\"840\" data-large_image_height=\"556\"><img loading=\"lazy\" decoding=\"async\" class=\"wp-image-274208 alignleft\" src=\"https:\/\/www.radiopiu.net\/wordpress\/wp-content\/uploads\/2022\/05\/DINCA-300x199.png\" alt=\"\" width=\"167\" height=\"111\" srcset=\"https:\/\/www.radiopiu.net\/wordpress\/wp-content\/uploads\/2022\/05\/DINCA-300x199.png 300w, https:\/\/www.radiopiu.net\/wordpress\/wp-content\/uploads\/2022\/05\/DINCA-768x508.png 768w, https:\/\/www.radiopiu.net\/wordpress\/wp-content\/uploads\/2022\/05\/DINCA.png 840w\" sizes=\"auto, (max-width: 167px) 100vw, 167px\" \/><\/a>BORGO VALBELLUNA<\/strong> Venerd\u00ec alle 20.30 alla Sala San Felice a Trichiana\u00a0 il Ministro per i Rapporti con il Parlamento, Federico D\u2019Inc\u00e0, incontrer\u00e0 la cittadinanza per illustrare i risultati ottenuti nel corso della sua attivit\u00e0 da parlamentare. <em>\u201cHo organizzato questo appuntamento &#8211; dice il Ministro &#8211;\u00a0 per salutare i cittadini e raccontargli il lavoro svolto in dieci anni intensi. La serata, infatti, sar\u00e0 l\u2019occasione per spiegare gli obiettivi raggiunti che interessano il nostro territorio e la nostra regione: dalle risorse per riparare i danni provocati dalla tempesta Vaia alle soluzioni trovate per le crisi aziendali dell\u2019Acc e dell\u2019ex Ideal Standard, al percorso per risarcire i cittadini vittime dalle ex banche popolari venete, fino al lavoro svolto per i Mondiali di Sci del 2021 e per le prossime Olimpiadi invernali di Milano-Cortina&#8221;.\u00a0\u00a0<\/em><\/p>\n<p>&nbsp;<\/p>\n<hr \/>\n<p>&nbsp;<\/p>\n<div class=\"page-title-head hgroup\">\n<blockquote>\n<h3 class=\"entry-title\">APPROVATO IL NUOVO BANDO DEDICATO ALLA ROTTAMAZIONE DELLE VECCHIE AUTO<\/h3>\n<\/blockquote>\n<\/div>\n<div class=\"page-title-breadcrumbs\"><\/div>\n<p><strong>BELLUNO<\/strong>\u00a0 La Giunta regionale, su proposta dell&#8217;assessore all&#8217;Ambiente Gianpaolo Bottacin, ha approvato il bando 2022 dedicato alla rottamazione delle vecchie auto e la loro sostituzione con un veicolo a basso impatto ambientale.\u00a0 Potranno presentare istanza di contributo i privati cittadini, residenti nel territorio della Regione Veneto, con ISEE non superiore a 50mila euro, che acquisteranno un veicolo di classe ambientale Euro 6D Temp o successiva.\u00a0 La graduatoria sar\u00e0 infatti determinata con riguardo alla situazione economica familiare del richiedente; il contributo (da mille a 5milla euro a seconda delle emissioni del nuovo veicolo) sar\u00e0 moltiplicato per 1,2 per gli appartenenti alla prima fascia di reddito (ISEE fino a 25mila euro), per 1,1 per gli appartenenti alla seconda fascia di reddito (ISEE fino a 40mila euro), rester\u00e0 invece il contributo base per la terza fascia di reddito (ISEE fino a 50mila euro). Si terr\u00e0 inoltre conto del Comune di residenza del richiedente, con un coefficiente premiale in caso di Comuni che abbiano adottato, dal 2019 al 30 aprile 2022, ordinanze per il miglioramento della qualit\u00e0 dell\u2019aria.\u00a0 La presentazione delle manifestazioni di interesse\u00a0 potr\u00e0 essere fatta entro il 27 dicembre 2022, mentre l\u2019acquisto dovr\u00e0 essere perfezionato con l\u2019invio di tutta la documentazione entro il 28 aprile 2023.<\/p>\n<p><strong>L&#8217;ASSESSORE GIANPAOLO BOTTACIN\u00a0<\/strong><\/p>\n<div style=\"width: 640px;\" class=\"wp-video\"><video class=\"wp-video-shortcode\" id=\"video-301061-2\" width=\"640\" height=\"352\" preload=\"metadata\" controls=\"controls\"><source type=\"video\/mp4\" src=\"https:\/\/www.radiopiu.net\/wordpress\/wp-content\/uploads\/2022\/10\/WhatsApp-Video-2022-10-11-at-13.56.12.mp4?_=2\" \/><a href=\"https:\/\/www.radiopiu.net\/wordpress\/wp-content\/uploads\/2022\/10\/WhatsApp-Video-2022-10-11-at-13.56.12.mp4\">https:\/\/www.radiopiu.net\/wordpress\/wp-content\/uploads\/2022\/10\/WhatsApp-Video-2022-10-11-at-13.56.12.mp4<\/a><\/video><\/div>\n<p>&nbsp;<\/p>\n<p>&nbsp;<\/p>\n<p>&nbsp;<\/p>\n<hr \/>\n<p>&nbsp;<\/p>\n<blockquote>\n<h3>I COMUNI VENETI DIMENTICANO LA LOTTA ALL\u2019EVASIONE: NEL 2021 SOLO 14 AMMINISTRAZIONI (IL 2,5% DEL TOTALE) HANNO CONTRIBUITO AGLI ACCERTAMENTI FISCALI<\/h3>\n<\/blockquote>\n<p><strong><a class=\"dt-pswp-item\" href=\"https:\/\/www.radiopiu.net\/wordpress\/wp-content\/uploads\/2019\/02\/Logo_Spi-CGIL-800x445.jpg\" data-dt-img-description=\"\" data-large_image_width=\"800\" data-large_image_height=\"445\"><img loading=\"lazy\" decoding=\"async\" class=\" wp-image-75538 alignleft\" src=\"https:\/\/www.radiopiu.net\/wordpress\/wp-content\/uploads\/2019\/02\/Logo_Spi-CGIL-800x445-300x167.jpg\" alt=\"\" width=\"207\" height=\"115\" srcset=\"https:\/\/www.radiopiu.net\/wordpress\/wp-content\/uploads\/2019\/02\/Logo_Spi-CGIL-800x445-300x167.jpg 300w, https:\/\/www.radiopiu.net\/wordpress\/wp-content\/uploads\/2019\/02\/Logo_Spi-CGIL-800x445-768x427.jpg 768w, https:\/\/www.radiopiu.net\/wordpress\/wp-content\/uploads\/2019\/02\/Logo_Spi-CGIL-800x445.jpg 800w\" sizes=\"auto, (max-width: 207px) 100vw, 207px\" \/><\/a>VENEZIA <\/strong>I Comuni veneti stanno di fatto abbandonando la lotta contro l\u2019evasione fiscale. Al drastico flop registrato nel 2020, anno difficilissimo e complicato a causa della pandemia, si aggiunge la vera debacle del 2021, confermata dai dati del Ministero degli Interni diffusi in questi giorni. Infatti, solo 19 amministrazioni locali su 563, il 2,5% del totale, si sono concentrate sull\u2019attivit\u00e0 di accertamento fiscale e contributivo, recuperando in tutto il Veneto la modesta cifra di 148.449,23 euro, il 34,5% in meno dell\u2019anno precedente. Insomma, l\u2019opportunit\u00e0 introdotta col decreto legge numero 203 del 30 settembre 2005 non viene sfruttata dalle amministrazioni comunali del Veneto, che perdono cos\u00ec l\u2019occasione di recuperare risorse indispensabili per il welfare e in particolare per le persone pi\u00f9 fragili, come gli anziani. Ricordiamo, infatti, che quel decreto permette ai Comuni di partecipare all\u2019accertamento fiscale individuando e segnalando attivit\u00e0 in nero, opere abusive, evasione delle tasse locali, dichiarazioni dei redditi fasulle per accedere a benefici e agevolazioni e molto altro ancora. Inizialmente la norma prevedeva che l\u2019Ente locale potesse trattenere per s\u00e9 il 30% del recuperato, ora invece pu\u00f2 incamerare il 100%. I dati, purtroppo, indicano un trend che preoccupa. In Veneto nel 2016 i Comuni coinvolti negli accertamenti erano 54 su 563. Con gli anni il loro numero \u00e8 crollato, arrivando a 19 nel 2020 (il 3,4% del totale) e a 14 nel 2021 (2,5%). Anche le somme recuperate hanno subito un decremento clamoroso. Nell\u2019anno pi\u00f9 \u201cflorido\u201d, il 2018, il Veneto aveva ottenuto un contributo di circa 1 milione e 100 mila euro. Sceso a 227 mila euro nel 2020 e, come detto, a circa 149 mila e 500 lo scorso anno. A livello provinciale, Belluno \u00e8 il territorio meno attivo (per usare un eufemismo) negli accertamenti fiscali, dato che anche nel 2021 nessun comune ha recuperato nemmeno un euro. Vicenza e Venezia, con 5 comuni coinvolti, sono gli esempi pi\u00f9 virtuosi anche se il Veronese, trascinato da Peschiera del Garda, Fumane e dal capoluogo, \u00e8 la provincia che ha recuperato pi\u00f9 soldi, circa 66 mila e 400 euro.<\/p>\n<p>&nbsp;<\/p>\n<p>&nbsp;<\/p>\n<hr \/>\n<p>&nbsp;<\/p>\n<blockquote>\n<h3>AUMENTO DELLE RETTE NELLE RSA, CISL: \u201cNO AI RINCARI, I COSTI NON RICADANO SUGLI ANZIANI E SULLE FAMIGLIE\u201d<\/h3>\n<p><em>Per la Cisl servono anche sinergie e aggregazioni funzionali fra le strutture per abbattere i costi di gestione, snellire e razionalizzare gli apparati burocratico-amministrativi delle Rsa e adottare strategie comuni al fine del risparmio sugli acquisti e sulle forniture <\/em><\/p><\/blockquote>\n<p><strong><a class=\"dt-pswp-item\" href=\"https:\/\/www.radiopiu.net\/wordpress\/wp-content\/uploads\/2020\/11\/Schermata-2020-11-11-alle-12.25.13.png\" data-dt-img-description=\"\" data-large_image_width=\"594\" data-large_image_height=\"310\"><img loading=\"lazy\" decoding=\"async\" class=\" wp-image-172025 alignleft\" src=\"https:\/\/www.radiopiu.net\/wordpress\/wp-content\/uploads\/2020\/11\/Schermata-2020-11-11-alle-12.25.13-300x157.png\" alt=\"\" width=\"208\" height=\"109\" srcset=\"https:\/\/www.radiopiu.net\/wordpress\/wp-content\/uploads\/2020\/11\/Schermata-2020-11-11-alle-12.25.13-300x157.png 300w, https:\/\/www.radiopiu.net\/wordpress\/wp-content\/uploads\/2020\/11\/Schermata-2020-11-11-alle-12.25.13.png 594w\" sizes=\"auto, (max-width: 208px) 100vw, 208px\" \/><\/a>BELLUNO <\/strong>\u00a0La Cisl Belluno Treviso e le Federazioni della Funzione pubblica, dei Pensionati e dei Servizi privati dicono no al ritocco delle rette delle case di riposo paventato da alcuni istituti e gi\u00e0 messo in atto da alcune Rsa per far fronte al caro-energia. La soluzione, secondo la Cisl e le sue Federazioni, potr\u00e0 arrivare solo da un ripensamento del modello di gestione dell\u2019assistenza socio-sanitaria: una riorganizzazione complessiva del sistema delle cure e una rivisitazione della rete dei servizi determinate dall\u2019evoluzione dei bisogni della societ\u00e0, segnata dalla crescita delle patologie di tipo cognitivo, dal bisogno crescente di aiuto delle famiglie, dalla necessit\u00e0 di garantire qualit\u00e0 della vita e benessere ad anziani, famiglie e operatori. Nuove esigenze che richiedono una politica dei servizi integrata, capace di diversificare l\u2019offerta per renderla pi\u00f9 flessibile, aperta e adeguata alle mutate esigenze delle persone. La persona fragile per la Cisl deve essere posta al centro del sistema e va rispettato e tutelato il suo diritto ad una vecchiaia dignitosa.<\/p>\n<p><strong>TERESA MEROTTO, SEGRETERIA TERRITORIALE CISL BELLUNO TREVISO<\/strong><\/p>\n<audio class=\"wp-audio-shortcode\" id=\"audio-301061-2\" preload=\"none\" style=\"width: 100%;\" controls=\"controls\"><source type=\"audio\/mpeg\" src=\"https:\/\/www.radiopiu.net\/wordpress\/wp-content\/uploads\/2022\/10\/Teresa-Merotto-segretaria-Cisl-Belluno-Treviso.mp3?_=2\" \/><a href=\"https:\/\/www.radiopiu.net\/wordpress\/wp-content\/uploads\/2022\/10\/Teresa-Merotto-segretaria-Cisl-Belluno-Treviso.mp3\">https:\/\/www.radiopiu.net\/wordpress\/wp-content\/uploads\/2022\/10\/Teresa-Merotto-segretaria-Cisl-Belluno-Treviso.mp3<\/a><\/audio>\n<p>&nbsp;<\/p>\n<p>&nbsp;<\/p>\n<p>&nbsp;<\/p>\n<hr \/>\n<blockquote>\n<h3>LAVORI IN CORSO A TAIBON AGORDINO<\/h3>\n<\/blockquote>\n<p><strong>TAIBON\u00a0<\/strong>Sar\u00e0 una settimana caratterizzata dai lavori a Taibon Agordino. Il comune ha emesso due ordinanze per consentire dei lavori in due zone del paese. La prima interessa la chiusura temporanea in via Brustolon per il trasbordo delle travi per la passerella Tegnas con il divieto di transito veicolare e pedonale dalle 5 alle 8 nel giorno 12 ottobre che interesser\u00e0 il tratto di strada da Piazza San Rocco fino all\u2019intersezione con Via Chiesa. Non sar\u00e0 possibile utilizzare il parcheggio sul primo piazzale de Le Grave del Tegnas dal 12 al 29 ottobre e il secondo e terzo piazzale sar\u00e0 utilizzabile solo dai residenti fino al 5 novembre. La seconda ordinanza di modifica alla viabilit\u00e0 riguarda un\u2019estensione della rete metano. Dal 10 al 15 ottobre chiusura al traffico veicolare del tratto di Via Dante Alighieri compreso tra l\u2019intersezione con Via Volpere sino all\u2019intersezione con Via Manzini e l\u2019 istituzione di un senso unico alternato, regolato da impianto semaforico, lungo via Manzini e via Volpere nel tratto compreso tra l\u2019incrocio con Via Dante Alighieri di entrambe le viabilita\u0300.<\/p>\n<p>&nbsp;<\/p>\n<blockquote>\n<h3>VARIAZIONI ALLA LINEA VILLANOVA-AGORDO-LA VALLE PER LAVORI A TAIBON<\/h3>\n<\/blockquote>\n<p><strong><a class=\"dt-pswp-item\" href=\"https:\/\/www.radiopiu.net\/wordpress\/wp-content\/uploads\/2020\/06\/97384eec-d2d4-4e19-bdc9-7845fa51b71c.jpg\" data-dt-img-description=\"\" data-large_image_width=\"2048\" data-large_image_height=\"1536\"><img loading=\"lazy\" decoding=\"async\" class=\"wp-image-144908 alignleft\" src=\"https:\/\/www.radiopiu.net\/wordpress\/wp-content\/uploads\/2020\/06\/97384eec-d2d4-4e19-bdc9-7845fa51b71c-300x225.jpg\" alt=\"\" width=\"188\" height=\"141\" srcset=\"https:\/\/www.radiopiu.net\/wordpress\/wp-content\/uploads\/2020\/06\/97384eec-d2d4-4e19-bdc9-7845fa51b71c-300x225.jpg 300w, https:\/\/www.radiopiu.net\/wordpress\/wp-content\/uploads\/2020\/06\/97384eec-d2d4-4e19-bdc9-7845fa51b71c-1024x768.jpg 1024w, https:\/\/www.radiopiu.net\/wordpress\/wp-content\/uploads\/2020\/06\/97384eec-d2d4-4e19-bdc9-7845fa51b71c-768x576.jpg 768w, https:\/\/www.radiopiu.net\/wordpress\/wp-content\/uploads\/2020\/06\/97384eec-d2d4-4e19-bdc9-7845fa51b71c-1536x1152.jpg 1536w, https:\/\/www.radiopiu.net\/wordpress\/wp-content\/uploads\/2020\/06\/97384eec-d2d4-4e19-bdc9-7845fa51b71c.jpg 2048w\" sizes=\"auto, (max-width: 188px) 100vw, 188px\" \/><\/a>BELLUNO<\/strong> Per lavori di scavo e posa tubazioni della rete gas, il Comune di Taibon Agordino ha disposto la chiusura al traffico veicolare in alcune vie del centro abitato di Taibon. Il servizio della linea extraurbana n. 7 \u201cVillanova\u2013Agordo\u2013La Valle\u201d subir\u00e0 le seguenti variazioni: dalle 7:30 di luned\u00ec 10 ottobre fino alle 17:00 di sabato 15 ottobre, e comunque fino al termine dei lavori, le corse da Agordo a Villanova effettueranno il percorso alternativo Agordo \u2013 San Cipriano \u2013 Strapont \u2013 Taibon Municipio dove attenderanno l\u2019orario di ripartenza previsto in direzione Agordo. La tratta Peden \u2013 Villanova, con le fermate Peden, Peden Casa di riposo e Villanova, sar\u00e0 sospesa. Inoltre, nella giornata di mercoled\u00ec 12 ottobre 2022, per la manutenzione della passerella sul Torrente Tegnas, da inizio servizio fino alle ore 8:00, le corse sulla tratta Agordo \u2013 Taibon \u2013 Villanova saranno temporaneamente sospese.<\/p>\n<p>&nbsp;<\/p>\n<hr \/>\n<p>&nbsp;<\/p>\n<blockquote>\n<h3>IL COMUNE DI FELTRE AL LAVORO PER LA COSTRUZIONE DI UNA FILIERA DEL LEGNO LOCALE<\/h3>\n<\/blockquote>\n<p><strong><a class=\"dt-pswp-item\" href=\"https:\/\/www.radiopiu.net\/wordpress\/wp-content\/uploads\/2020\/06\/45a4f71b-bf29-4ac0-90da-ab4c004ca5c4.jpg\" data-dt-img-description=\"\" data-large_image_width=\"960\" data-large_image_height=\"720\"><img loading=\"lazy\" decoding=\"async\" class=\" wp-image-145791 alignleft\" src=\"https:\/\/www.radiopiu.net\/wordpress\/wp-content\/uploads\/2020\/06\/45a4f71b-bf29-4ac0-90da-ab4c004ca5c4-300x225.jpg\" alt=\"\" width=\"183\" height=\"137\" srcset=\"https:\/\/www.radiopiu.net\/wordpress\/wp-content\/uploads\/2020\/06\/45a4f71b-bf29-4ac0-90da-ab4c004ca5c4-300x225.jpg 300w, https:\/\/www.radiopiu.net\/wordpress\/wp-content\/uploads\/2020\/06\/45a4f71b-bf29-4ac0-90da-ab4c004ca5c4-768x576.jpg 768w, https:\/\/www.radiopiu.net\/wordpress\/wp-content\/uploads\/2020\/06\/45a4f71b-bf29-4ac0-90da-ab4c004ca5c4.jpg 960w\" sizes=\"auto, (max-width: 183px) 100vw, 183px\" \/><\/a>FELTRE <\/strong>Puntare sulla filiera del legno per valorizzare una delle risorse storiche delle nostre vallate e contribuire ad un&#8217;economia circolare che tuteli e salvaguardi anche l&#8217;ambiente. E&#8217; questa la filosofia che sottende il lavoro avviato da qualche tempo dall&#8217;assessorato all&#8217;Ambiente del Comune di Feltre che \u00e8 sfociato poi nel piano strategico recentemente presentato &#8211; in partnership con l&#8217;Unione Montana Feltrina e con il Consorzio BIM Piave quale capofila &#8211; a valere sul bando \u201cGreen Communities per lo sviluppo delle comunit\u00e0 locali montane\u201d proposto dal Ministero degli Affari Regionale nell\u2019ambito del Piano Nazionale di Ripresa e Resilienza.<\/p>\n<p><strong>L&#8217;ASSESSORE DEL COMUNE DI FELTRE TIZIANA PENCO<\/strong><\/p>\n<audio class=\"wp-audio-shortcode\" id=\"audio-301061-3\" preload=\"none\" style=\"width: 100%;\" controls=\"controls\"><source type=\"audio\/mpeg\" src=\"https:\/\/www.radiopiu.net\/wordpress\/wp-content\/uploads\/2022\/10\/ASSESSORE-FELTRE-TIZIANA-PENCO.mp3?_=3\" \/><a href=\"https:\/\/www.radiopiu.net\/wordpress\/wp-content\/uploads\/2022\/10\/ASSESSORE-FELTRE-TIZIANA-PENCO.mp3\">https:\/\/www.radiopiu.net\/wordpress\/wp-content\/uploads\/2022\/10\/ASSESSORE-FELTRE-TIZIANA-PENCO.mp3<\/a><\/audio>\n<p>&nbsp;<\/p>\n<p>&nbsp;<\/p>\n<hr \/>\n<p>&nbsp;<\/p>\n<blockquote>\n<h3>BANDI E CONCORSI<\/h3>\n<\/blockquote>\n<p><strong>LIVINALLONGO<\/strong>\u00a0 il 17 ottobre alle 12 sono in scadenza i\u00a0 concorsi indetti dal Comune per la copertura di un istruttore tecnico (prioritariamente volontario delle Forze Armate) e un agente di polizia locale con mansioni di guardia boschiva. La relativa documentazione \u00e8 reperibile sulla Home Page del sito del Comune di Livinallongo.<\/p>\n<p>&nbsp;<\/p>\n<div dir=\"auto\">\n<blockquote>\n<h3>CERCASI EDUCATORE PER L&#8217;ASILO NIDO DI AGORDO<\/h3>\n<\/blockquote>\n<p><strong>AGORDO<\/strong> L&#8217;Azienda Speciale Agordo Servizi ha aperto un bando per una selezione pubblica per la copertura di 1 posto a tempo indeterminato e pieno nel profilo di EDUCATORE DI ASILO NIDO. La domanda, dovra\u0300\u00a0 pervenire entro le\u00a0 12 del\u00a0 15\/10\/2022. Il bando \u00e8 disponibile anche al seguente link:\u00a0 <a title=\"https:\/\/agordoasilonidocomunale.it\/bando-educatore-nido-di-agordo-termine-15-ottobre\/\" href=\"https:\/\/agordoasilonidocomunale.it\/bando-educatore-nido-di-agordo-termine-15-ottobre\/\" target=\"_blank\" rel=\"noopener\">https:\/\/agordoasilonidocomunale.it\/bando-educatore-nido-di-agordo-termine-15-ottobre\/<\/a><\/p>\n<\/div>\n<p>&nbsp;<\/p>\n<p>&nbsp;<\/p>\n<hr \/>\n<p>&nbsp;<\/p>\n<blockquote>\n<h3>LA RACCOLTA FONDI PER AIUTARE L&#8217;ALLEGHE HOCKEY<\/h3>\n<\/blockquote>\n<p><strong><a class=\"dt-pswp-item\" href=\"https:\/\/www.radiopiu.net\/wordpress\/wp-content\/uploads\/2022\/10\/543dd19e-af42-414d-a1af-32fe5af49bb7.jpg\" data-dt-img-description=\"\" data-large_image_width=\"1024\" data-large_image_height=\"860\"><img loading=\"lazy\" decoding=\"async\" class=\" wp-image-300498 alignleft\" src=\"https:\/\/www.radiopiu.net\/wordpress\/wp-content\/uploads\/2022\/10\/543dd19e-af42-414d-a1af-32fe5af49bb7-300x252.jpg\" alt=\"\" width=\"187\" height=\"157\" srcset=\"https:\/\/www.radiopiu.net\/wordpress\/wp-content\/uploads\/2022\/10\/543dd19e-af42-414d-a1af-32fe5af49bb7-300x252.jpg 300w, https:\/\/www.radiopiu.net\/wordpress\/wp-content\/uploads\/2022\/10\/543dd19e-af42-414d-a1af-32fe5af49bb7-768x645.jpg 768w, https:\/\/www.radiopiu.net\/wordpress\/wp-content\/uploads\/2022\/10\/543dd19e-af42-414d-a1af-32fe5af49bb7.jpg 1024w\" sizes=\"auto, (max-width: 187px) 100vw, 187px\" \/><\/a>ALLEGHE<\/strong> \u00c8 partita la raccolta fondi per aiutare l&#8217;Alleghe Hockey in questa stagione che, dopo la chiusura dello stadio Alvise De Toni, si preannuncia travagliata. La squadra alleghese dovr\u00e0 sostenere delle trasferte sia per allenarsi che per giocare le partite in programma. Per questo \u00e8 stata lanciata una raccolta fondi su Eppela dove chiunque pu\u00f2 fare la propria donazione alla societ\u00e0 per aiutarla a pagare le spese.<\/p>\n<p><strong>IL MESSAGGIO DELL&#8217;ALLEGHE HOCKEY<\/strong><\/p>\n<blockquote><p><em>Il nostro Palaghiaccio \u00e8 CHIUSO dal 2 ottobre 2022 per l&#8217;enorme aumento dei costi dell&#8217;energia. Questo significa che i nostri atleti, dai piccolissimi fino ai ragazzi della senior, non possono pi\u00f9 allenarsi n\u00e8 giocare sul nostro ghiaccio. Ma non possono soprattutto socializzare, imparare e fare attivit\u00e0 fisica con i propri compagni di squadra. Tutti noi siamo turbati da questa situazione, ma tutti insieme abbiamo reagito e cos\u00ec, rimboccandosi le maniche la Societ\u00e0 ha riorganizzato le attivit\u00e0, riuscendo a pianificare la gestione degli allenamenti negli stadi di altri Comuni. Cosa faremo con il contributo raccolto? La raccolta ci permetter\u00e0 di sostenere i costi per le continue trasferte dei nostri atleti.\u00a0<\/em><\/p><\/blockquote>\n<p><strong>CHI VOLESSE AIUTARE L&#8217;ALLEGHE HOCKEY PUO&#8217; FARLO NEI PUNTI RACCOLTA FONDI, BAR BIANCO AD ALLEGHE E CAFFE&#8217; MINIERE DI AGORDO. OPPURE TRAMITE LA RACCOLTA FONDI ONLINE DI EPPELA <a href=\"https:\/\/www.eppela.com\/projects\/9059\">CLICCANDO QUI<\/a><\/strong><\/p>\n<h2>IL MESSAGGIO DEGLI EX GIOCATORI<\/h2>\n<div style=\"width: 848px;\" class=\"wp-video\"><video class=\"wp-video-shortcode\" id=\"video-301061-3\" width=\"848\" height=\"480\" preload=\"metadata\" controls=\"controls\"><source type=\"video\/mp4\" src=\"https:\/\/www.radiopiu.net\/wordpress\/wp-content\/uploads\/2022\/10\/WhatsApp-Video-2022-10-08-at-13.20.26.mp4?_=3\" \/><a href=\"https:\/\/www.radiopiu.net\/wordpress\/wp-content\/uploads\/2022\/10\/WhatsApp-Video-2022-10-08-at-13.20.26.mp4\">https:\/\/www.radiopiu.net\/wordpress\/wp-content\/uploads\/2022\/10\/WhatsApp-Video-2022-10-08-at-13.20.26.mp4<\/a><\/video><\/div>\n<p>&nbsp;<\/p>\n<p>&nbsp;<\/p>\n<div>\n<p>&nbsp;<\/p>\n<p>&nbsp;<\/p>\n<hr \/>\n<p>&nbsp;<\/p>\n<p>&nbsp;<\/p>\n<p><a class=\"dt-pswp-item\" href=\"https:\/\/www.radiopiu.net\/wordpress\/wp-content\/uploads\/2022\/10\/68481187-c726-40a3-b430-79c84f558eff.jpg\" data-dt-img-description=\"\" data-large_image_width=\"800\" data-large_image_height=\"800\"><img loading=\"lazy\" decoding=\"async\" class=\"alignnone size-medium wp-image-301274\" src=\"https:\/\/www.radiopiu.net\/wordpress\/wp-content\/uploads\/2022\/10\/68481187-c726-40a3-b430-79c84f558eff-300x300.jpg\" alt=\"\" width=\"300\" height=\"300\" srcset=\"https:\/\/www.radiopiu.net\/wordpress\/wp-content\/uploads\/2022\/10\/68481187-c726-40a3-b430-79c84f558eff-300x300.jpg 300w, https:\/\/www.radiopiu.net\/wordpress\/wp-content\/uploads\/2022\/10\/68481187-c726-40a3-b430-79c84f558eff-150x150.jpg 150w, https:\/\/www.radiopiu.net\/wordpress\/wp-content\/uploads\/2022\/10\/68481187-c726-40a3-b430-79c84f558eff-768x768.jpg 768w, https:\/\/www.radiopiu.net\/wordpress\/wp-content\/uploads\/2022\/10\/68481187-c726-40a3-b430-79c84f558eff.jpg 800w\" sizes=\"auto, (max-width: 300px) 100vw, 300px\" \/><\/a><\/p>\n<p>&nbsp;<\/p>\n<p>&nbsp;<\/p>\n<p>&nbsp;<\/p>\n<\/div>\n<blockquote class=\"wp-embedded-content\" data-secret=\"DYv6MZV5hR\"><p><a href=\"https:\/\/www.radiopiu.net\/wordpress\/aziendazeroottobre11\/\">QUASI 9 MILA NUOVI POSITIVI IN UN GIORNO. RICOVERI IN FORTE AUMENTO E 12 DECESSI<\/a><\/p><\/blockquote>\n<p><iframe loading=\"lazy\" class=\"wp-embedded-content\" sandbox=\"allow-scripts\" security=\"restricted\" style=\"position: absolute; clip: rect(1px, 1px, 1px, 1px);\" title=\"&#8220;QUASI 9 MILA NUOVI POSITIVI IN UN GIORNO. RICOVERI IN FORTE AUMENTO E 12 DECESSI&#8221; &#8212; Radio Pi\u00f9\" src=\"https:\/\/www.radiopiu.net\/wordpress\/aziendazeroottobre11\/embed\/#?secret=ObMBTmVkYv#?secret=DYv6MZV5hR\" data-secret=\"DYv6MZV5hR\" width=\"600\" height=\"338\" frameborder=\"0\" marginwidth=\"0\" marginheight=\"0\" scrolling=\"no\"><\/iframe><\/p>\n<p>&nbsp;<\/p>\n<h2>I GRAFICI DI TIZIANO DE COL<\/h2>\n<p>&nbsp;<\/p>\n\n\t\t\t<style type='text\/css'>\n\t\t\t\t#gallery-4 {\n\t\t\t\t\tmargin: auto;\n\t\t\t\t}\n\t\t\t\t#gallery-4 .gallery-item {\n\t\t\t\t\tfloat: left;\n\t\t\t\t\tmargin-top: 10px;\n\t\t\t\t\ttext-align: center;\n\t\t\t\t\twidth: 33%;\n\t\t\t\t}\n\t\t\t\t#gallery-4 img {\n\t\t\t\t\tborder: 2px solid #cfcfcf;\n\t\t\t\t}\n\t\t\t\t#gallery-4 .gallery-caption {\n\t\t\t\t\tmargin-left: 0;\n\t\t\t\t}\n\t\t\t\t\/* see gallery_shortcode() in wp-includes\/media.php *\/\n\t\t\t<\/style>\n\t\t<div id='gallery-4' class='dt-gallery-container gallery galleryid-301061 gallery-columns-3 gallery-size-thumbnail'><dl class='gallery-item'>\n\t\t\t\t<dt class='gallery-icon landscape'>\n\t\t\t\t\t<a class=\"rollover rollover-zoom dt-pswp-item\" title=\"WhatsApp Image 2022-10-11 at 19.48.53\" data-dt-img-description=\"\" data-large_image_width=\"589\" data-large_image_height=\"363\"href='https:\/\/www.radiopiu.net\/wordpress\/wp-content\/uploads\/2022\/10\/WhatsApp-Image-2022-10-11-at-19.48.53.jpeg'><img loading=\"lazy\" decoding=\"async\" width=\"150\" height=\"150\" src=\"https:\/\/www.radiopiu.net\/wordpress\/wp-content\/uploads\/2022\/10\/WhatsApp-Image-2022-10-11-at-19.48.53-150x150.jpeg\" class=\"attachment-thumbnail size-thumbnail\" alt=\"\" \/><\/a>\n\t\t\t\t<\/dt><\/dl><dl class='gallery-item'>\n\t\t\t\t<dt class='gallery-icon landscape'>\n\t\t\t\t\t<a class=\"rollover rollover-zoom dt-pswp-item\" title=\"WhatsApp Image 2022-10-11 at 19.47.49\" data-dt-img-description=\"\" data-large_image_width=\"593\" data-large_image_height=\"360\"href='https:\/\/www.radiopiu.net\/wordpress\/wp-content\/uploads\/2022\/10\/WhatsApp-Image-2022-10-11-at-19.47.49.jpeg'><img loading=\"lazy\" decoding=\"async\" width=\"150\" height=\"150\" src=\"https:\/\/www.radiopiu.net\/wordpress\/wp-content\/uploads\/2022\/10\/WhatsApp-Image-2022-10-11-at-19.47.49-150x150.jpeg\" class=\"attachment-thumbnail size-thumbnail\" alt=\"\" \/><\/a>\n\t\t\t\t<\/dt><\/dl><dl class='gallery-item'>\n\t\t\t\t<dt class='gallery-icon landscape'>\n\t\t\t\t\t<a class=\"rollover rollover-zoom dt-pswp-item\" title=\"WhatsApp Image 2022-10-11 at 19.52.59\" data-dt-img-description=\"\" data-large_image_width=\"612\" data-large_image_height=\"363\"href='https:\/\/www.radiopiu.net\/wordpress\/wp-content\/uploads\/2022\/10\/WhatsApp-Image-2022-10-11-at-19.52.59.jpeg'><img loading=\"lazy\" decoding=\"async\" width=\"150\" height=\"150\" src=\"https:\/\/www.radiopiu.net\/wordpress\/wp-content\/uploads\/2022\/10\/WhatsApp-Image-2022-10-11-at-19.52.59-150x150.jpeg\" class=\"attachment-thumbnail size-thumbnail\" alt=\"\" \/><\/a>\n\t\t\t\t<\/dt><\/dl><br style=\"clear: both\" \/><dl class='gallery-item'>\n\t\t\t\t<dt class='gallery-icon landscape'>\n\t\t\t\t\t<a class=\"rollover rollover-zoom dt-pswp-item\" title=\"WhatsApp Image 2022-10-11 at 19.51.52\" data-dt-img-description=\"\" data-large_image_width=\"608\" data-large_image_height=\"359\"href='https:\/\/www.radiopiu.net\/wordpress\/wp-content\/uploads\/2022\/10\/WhatsApp-Image-2022-10-11-at-19.51.52.jpeg'><img loading=\"lazy\" decoding=\"async\" width=\"150\" height=\"150\" src=\"https:\/\/www.radiopiu.net\/wordpress\/wp-content\/uploads\/2022\/10\/WhatsApp-Image-2022-10-11-at-19.51.52-150x150.jpeg\" class=\"attachment-thumbnail size-thumbnail\" alt=\"\" \/><\/a>\n\t\t\t\t<\/dt><\/dl><dl class='gallery-item'>\n\t\t\t\t<dt class='gallery-icon landscape'>\n\t\t\t\t\t<a class=\"rollover rollover-zoom dt-pswp-item\" title=\"WhatsApp Image 2022-10-11 at 19.49.42\" data-dt-img-description=\"\" data-large_image_width=\"612\" data-large_image_height=\"355\"href='https:\/\/www.radiopiu.net\/wordpress\/wp-content\/uploads\/2022\/10\/WhatsApp-Image-2022-10-11-at-19.49.42.jpeg'><img loading=\"lazy\" decoding=\"async\" width=\"150\" height=\"150\" src=\"https:\/\/www.radiopiu.net\/wordpress\/wp-content\/uploads\/2022\/10\/WhatsApp-Image-2022-10-11-at-19.49.42-150x150.jpeg\" class=\"attachment-thumbnail size-thumbnail\" alt=\"\" \/><\/a>\n\t\t\t\t<\/dt><\/dl><dl class='gallery-item'>\n\t\t\t\t<dt class='gallery-icon landscape'>\n\t\t\t\t\t<a class=\"rollover rollover-zoom dt-pswp-item\" title=\"WhatsApp Image 2022-10-11 at 19.50.29\" data-dt-img-description=\"\" data-large_image_width=\"614\" data-large_image_height=\"357\"href='https:\/\/www.radiopiu.net\/wordpress\/wp-content\/uploads\/2022\/10\/WhatsApp-Image-2022-10-11-at-19.50.29.jpeg'><img loading=\"lazy\" decoding=\"async\" width=\"150\" height=\"150\" src=\"https:\/\/www.radiopiu.net\/wordpress\/wp-content\/uploads\/2022\/10\/WhatsApp-Image-2022-10-11-at-19.50.29-150x150.jpeg\" class=\"attachment-thumbnail size-thumbnail\" alt=\"\" \/><\/a>\n\t\t\t\t<\/dt><\/dl><br style=\"clear: both\" \/>\n\t\t\t<\/div>\n\n<p>&nbsp;<\/p>\n<hr \/>\n<p>&nbsp;<\/p>\n<blockquote>\n<h3>ALLA SCOPERTA DEL FOLIAGE, I COLORI CALDI DELLE DOLOMITI<\/h3>\n<\/blockquote>\n<p><strong><a class=\"dt-pswp-item\" href=\"https:\/\/www.radiopiu.net\/wordpress\/wp-content\/uploads\/2021\/11\/foglie.jpeg\" data-dt-img-description=\"\" data-large_image_width=\"626\" data-large_image_height=\"276\"><img loading=\"lazy\" decoding=\"async\" class=\" wp-image-244237 alignleft\" src=\"https:\/\/www.radiopiu.net\/wordpress\/wp-content\/uploads\/2021\/11\/foglie-300x132.jpeg\" alt=\"\" width=\"243\" height=\"107\" srcset=\"https:\/\/www.radiopiu.net\/wordpress\/wp-content\/uploads\/2021\/11\/foglie-300x132.jpeg 300w, https:\/\/www.radiopiu.net\/wordpress\/wp-content\/uploads\/2021\/11\/foglie.jpeg 626w\" sizes=\"auto, (max-width: 243px) 100vw, 243px\" \/><\/a>BELLUNO<\/strong> \u00a0Il consigliere provinciale delegato al turismo, Danilo De Toni, presenta la quarta tappa del \u201ctour\u201d alla scoperta del Bellunese in versione autunnale.\u00a0 Dopo i sapori tipici delle fiere, spazio dunque alla natura. Quella della fascia prealpina, dove i tigli, gli aceri e gli altri alberi di fondovalle si illuminano, prima di perdere le foglie. Ma anche quella pi\u00f9 in quota, dove i larici diventano del colore del fuoco. E anche i pascoli assumono tonalit\u00e0 eccezionali. \u00ab<em>La stagione migliore per rifarsi gli occhi tra le Dolomiti bellunesi \u00e8 proprio l\u02bcautunno, lontano dalla ressa estiva e prima dei rigori invernali\u00bb sottolinea il consigliere De Toni. <\/em>A cominciare dal Cansiglio,\u00a0 e fino a Cortina d\u02bcAmpezzo e nella valle del Boite (tra San Vito e Pieve di Cadore), tra vette celebri come il Pelmo, l\u02bcAntelao, le Cinque Torri. Larici spettacolari dominano anche la zona della Marmolada, nell\u02bcAlto Agordino. Anche l\u02bcaltopiano di Laste (a Rocca Pietore) \u00e8 costellato di boschi coloratissimi cos\u00ec come la Val di Zoldo. Tra le localit\u00e0 meno \u201cmainstream\u201d, la Valle del Mis. \u00ab<em>Sono davvero tante le possibilit\u00e0 di ammirare il bosco e i suoi colori tra le Dolomiti bellunesi, compreso il basso Feltrino e il Monte Grappa\u00bb <\/em>conclude il consigliere De Toni<\/p>\n<p>&nbsp;<\/p>\n<p>&nbsp;<\/p>\n<p>&nbsp;<\/p>\n<hr \/>\n<p>&nbsp;<\/p>\n<blockquote>\n<h3>INAUGURATE A LONGARONE DOLOMITI HORECA E DOLOMITI SHOW<\/h3>\n<\/blockquote>\n<p><strong><a class=\"dt-pswp-item\" href=\"https:\/\/www.radiopiu.net\/wordpress\/wp-content\/uploads\/2022\/10\/IMG_7695.jpg\" data-dt-img-description=\"\" data-large_image_width=\"2000\" data-large_image_height=\"1333\"><img loading=\"lazy\" decoding=\"async\" class=\" wp-image-301123 alignleft\" src=\"https:\/\/www.radiopiu.net\/wordpress\/wp-content\/uploads\/2022\/10\/IMG_7695-300x200.jpg\" alt=\"\" width=\"202\" height=\"134\" srcset=\"https:\/\/www.radiopiu.net\/wordpress\/wp-content\/uploads\/2022\/10\/IMG_7695-300x200.jpg 300w, https:\/\/www.radiopiu.net\/wordpress\/wp-content\/uploads\/2022\/10\/IMG_7695-1024x682.jpg 1024w, https:\/\/www.radiopiu.net\/wordpress\/wp-content\/uploads\/2022\/10\/IMG_7695-768x512.jpg 768w, https:\/\/www.radiopiu.net\/wordpress\/wp-content\/uploads\/2022\/10\/IMG_7695-1536x1024.jpg 1536w, https:\/\/www.radiopiu.net\/wordpress\/wp-content\/uploads\/2022\/10\/IMG_7695.jpg 2000w\" sizes=\"auto, (max-width: 202px) 100vw, 202px\" \/><\/a>LONGARONE <\/strong>Torna in fiera a Longarone il mondo dell\u2019ospitalit\u00e0 e della ristorazione in montagna con la seconda edizione di Expo Dolomiti Horeca. Insieme, come nel 2019, la 6. Dolomiti Show con il Buy Veneto Speciale Montagna promosso dalla Regione del Veneto. A tagliare il nastro il Ministro per i Rapporti con il Parlamento, Federico D\u2019Inc\u00e0, affiancato da un padrino e una madrina d\u2019eccezione come Kristian Ghedina e Paola Pezzo. A simboleggiare una montagna che pu\u00f2 vivere di sport 365 giorni all\u2019anno. Dall\u2019europarlamentare Gianantonio Da Re, dall\u2019On. Roger De Menech, dal Presidente della Provincia Roberto Padrin, dalla Direttrice della Fondazione Dolomiti Unesco, Mara Nemela e dal Presidente di Confcommercio Belluno, Paolo Doglioni. La fiera continua fino ad oggi con orario 10 \u2013 18.30 ed ingresso gratuito, riservato agli operatori di settore<\/p>\n<p><strong>IL PRESIDENTE DI LONGARONE FIERE GIAN ANGELO BELLATI\u00a0\u00a0<\/strong><\/p>\n<audio class=\"wp-audio-shortcode\" id=\"audio-301061-4\" preload=\"none\" style=\"width: 100%;\" controls=\"controls\"><source type=\"audio\/mpeg\" src=\"https:\/\/www.radiopiu.net\/wordpress\/wp-content\/uploads\/2022\/10\/BELLATI.mp3?_=4\" \/><a href=\"https:\/\/www.radiopiu.net\/wordpress\/wp-content\/uploads\/2022\/10\/BELLATI.mp3\">https:\/\/www.radiopiu.net\/wordpress\/wp-content\/uploads\/2022\/10\/BELLATI.mp3<\/a><\/audio>\n<p><strong>CHRISTIAN GHEDINA\u00a0<\/strong><\/p>\n<audio class=\"wp-audio-shortcode\" id=\"audio-301061-5\" preload=\"none\" style=\"width: 100%;\" controls=\"controls\"><source type=\"audio\/mpeg\" src=\"https:\/\/www.radiopiu.net\/wordpress\/wp-content\/uploads\/2022\/10\/GHEDINA.mp3?_=5\" \/><a href=\"https:\/\/www.radiopiu.net\/wordpress\/wp-content\/uploads\/2022\/10\/GHEDINA.mp3\">https:\/\/www.radiopiu.net\/wordpress\/wp-content\/uploads\/2022\/10\/GHEDINA.mp3<\/a><\/audio>\n<p><strong>PAOLA PEZZO<\/strong><\/p>\n<audio class=\"wp-audio-shortcode\" id=\"audio-301061-6\" preload=\"none\" style=\"width: 100%;\" controls=\"controls\"><source type=\"audio\/mpeg\" src=\"https:\/\/www.radiopiu.net\/wordpress\/wp-content\/uploads\/2022\/10\/PEZZO.mp3?_=6\" \/><a href=\"https:\/\/www.radiopiu.net\/wordpress\/wp-content\/uploads\/2022\/10\/PEZZO.mp3\">https:\/\/www.radiopiu.net\/wordpress\/wp-content\/uploads\/2022\/10\/PEZZO.mp3<\/a><\/audio>\n<p>&nbsp;<\/p>\n<p>&nbsp;<\/p>\n<hr \/>\n<p>&nbsp;<\/p>\n<blockquote>\n<h3>IL COMUNE DI FELTRE APRE UN BANDO PER IL SOSTEGNO AGLI AFFITTI<\/h3>\n<\/blockquote>\n<p><strong>FELTRE <\/strong>A seguito di delibera regionale, \u00e8 stato pubblicato il Bando relativo all&#8217;anno 2022 per il sostegno all\u2019accesso alle abitazioni in locazione. Le domande potranno essere recapitate\u00a0 fino alle 11.30 del 7 novembre. Per informazioni \u00e8 possibile chiamare i servizi sociali comunali gestiti da Azienda Feltrina per i Servizi alla Persona tel. 0439 885982.<\/p>\n<p>&nbsp;<\/p>\n<hr \/>\n<p>&nbsp;<\/p>\n<blockquote>\n<h3>MISURE DI SOSTEGNO ALLE FAMIGLIE A BELLUNO, PIU&#8217; DI 170 MILA EURO DI CONTRIBUTI<\/h3>\n<\/blockquote>\n<p><strong>BELLUNO\u00a0<\/strong> Oltre 170.162,00 euro di aiuti per le famiglie bellunesi: i bandi, in pubblicazione tra settembre e novembre, sono rivolti alle spese essenziali di affitto, alimenti, bollette e asilo e, a garantirli, sono fondi ministeriali e regionali. Una parte degli aiuti \u00e8 gi\u00e0 stata erogata, mentre una parte delle misure verr\u00e0 resa disponibile tra novembre e dicembre.\u00a0In particolare nell\u2019ultima settimana di settembre \u00e8 stato reso disponibile il bonus alimentare e prodotti di prima necessit\u00e0: 14.300,95 euro il valore complessivo del fondo, esauritosi nel giro di pochi giorni.\u00a0 Sempre nel mese di settembre le famiglie hanno potuto contare sul bando per i voucher nidi regionale che prevedeva contributi da 200 a 600 euro sulla base dell\u2019Isee. Il valore complessivo della misura, per tutti i 46 Comuni dell\u2019ambito e di cui Belluno \u00e8 capofila, \u00e8 stato di 87.000,00 euro a copertura delle spese per gli asili nido riconosciuti dalla Regione Veneto. Anche questo bando \u00e8 stato riaperto ed \u00e8 possibile presentare le domande fino al 15 dicembre 2022.<\/p>\n<p><strong>MARCO DAL PONT, ASSESSORE ALLE POLITICHE SOCIALI<\/strong><\/p>\n<audio class=\"wp-audio-shortcode\" id=\"audio-301061-7\" preload=\"none\" style=\"width: 100%;\" controls=\"controls\"><source type=\"audio\/mpeg\" src=\"https:\/\/www.radiopiu.net\/wordpress\/wp-content\/uploads\/2022\/10\/DALPONT.mp3?_=7\" \/><a href=\"https:\/\/www.radiopiu.net\/wordpress\/wp-content\/uploads\/2022\/10\/DALPONT.mp3\">https:\/\/www.radiopiu.net\/wordpress\/wp-content\/uploads\/2022\/10\/DALPONT.mp3<\/a><\/audio>\n<p>&nbsp;<\/p>\n<p>&nbsp;<\/p>\n<hr \/>\n<p>&nbsp;<\/p>\n<blockquote>\n<h3>LE GIORNATE D&#8217;AUTUNNO DEL FAI FANNO TAPPA A MEL<\/h3>\n<\/blockquote>\n<p><strong><a class=\"dt-pswp-item\" href=\"https:\/\/www.radiopiu.net\/wordpress\/wp-content\/uploads\/2022\/10\/Conferenza-Stampa-FAI-Gioavni.jpg\" data-dt-img-description=\"\" data-large_image_width=\"2048\" data-large_image_height=\"1536\"><img loading=\"lazy\" decoding=\"async\" class=\" wp-image-300292 alignleft\" src=\"https:\/\/www.radiopiu.net\/wordpress\/wp-content\/uploads\/2022\/10\/Conferenza-Stampa-FAI-Gioavni-300x225.jpg\" alt=\"\" width=\"152\" height=\"114\" srcset=\"https:\/\/www.radiopiu.net\/wordpress\/wp-content\/uploads\/2022\/10\/Conferenza-Stampa-FAI-Gioavni-300x225.jpg 300w, https:\/\/www.radiopiu.net\/wordpress\/wp-content\/uploads\/2022\/10\/Conferenza-Stampa-FAI-Gioavni-1024x768.jpg 1024w, https:\/\/www.radiopiu.net\/wordpress\/wp-content\/uploads\/2022\/10\/Conferenza-Stampa-FAI-Gioavni-768x576.jpg 768w, https:\/\/www.radiopiu.net\/wordpress\/wp-content\/uploads\/2022\/10\/Conferenza-Stampa-FAI-Gioavni-1536x1152.jpg 1536w, https:\/\/www.radiopiu.net\/wordpress\/wp-content\/uploads\/2022\/10\/Conferenza-Stampa-FAI-Gioavni.jpg 2048w\" sizes=\"auto, (max-width: 152px) 100vw, 152px\" \/><\/a><\/strong><strong>ALLA SCOPERTA DELLA CASA PI\u00d9 ANTICA DI MEL: PALAZZO FRANCESCON<\/strong><\/p>\n<p>Gli orari <strong>Sabato: <\/strong>09:00 &#8211; 12:30 \/ 14:30 \u2013 17:00. Turni di visita ogni 20 minuti per piccoli gruppi di massimo 12 persone. I gruppi saranno formati al banco, in base all&#8217;ordine di arrivo. Durata della visita circa 45 minuti. <strong>Domenica: <\/strong>09:00 &#8211; 12:30 \/ 14:30 \u2013 17:00. Turni di visita ogni 20 minuti per piccoli gruppi di massimo 12 persone. I gruppi saranno formati al banco, in base all&#8217;ordine di arrivo. Durata della visita circa 45 minuti.<\/p>\n<p><strong>alla radio &#8230;. LA PRESENTAZIONE DI ENRICA RAOTA<\/strong><\/p>\n<audio class=\"wp-audio-shortcode\" id=\"audio-301061-8\" preload=\"none\" style=\"width: 100%;\" controls=\"controls\"><source type=\"audio\/mpeg\" src=\"https:\/\/www.radiopiu.net\/wordpress\/wp-content\/uploads\/2022\/10\/giornate-fai.mp3?_=8\" \/><a href=\"https:\/\/www.radiopiu.net\/wordpress\/wp-content\/uploads\/2022\/10\/giornate-fai.mp3\">https:\/\/www.radiopiu.net\/wordpress\/wp-content\/uploads\/2022\/10\/giornate-fai.mp3<\/a><\/audio>\n<p>&nbsp;<\/p>\n<p>&nbsp;<\/p>\n<hr \/>\n<p>&nbsp;<\/p>\n<blockquote>\n<h3>UNA NUOVA STAGIONE PER LO SKI COLLEGE VENETO<\/h3>\n<p><a class=\"dt-pswp-item\" href=\"https:\/\/www.radiopiu.net\/wordpress\/wp-content\/uploads\/2022\/10\/Senza-nome-20.jpg\" data-dt-img-description=\"\" data-large_image_width=\"736\" data-large_image_height=\"302\"><img loading=\"lazy\" decoding=\"async\" class=\"size-medium wp-image-300994 aligncenter\" src=\"https:\/\/www.radiopiu.net\/wordpress\/wp-content\/uploads\/2022\/10\/Senza-nome-20-300x123.jpg\" alt=\"\" width=\"300\" height=\"123\" srcset=\"https:\/\/www.radiopiu.net\/wordpress\/wp-content\/uploads\/2022\/10\/Senza-nome-20-300x123.jpg 300w, https:\/\/www.radiopiu.net\/wordpress\/wp-content\/uploads\/2022\/10\/Senza-nome-20.jpg 736w\" sizes=\"auto, (max-width: 300px) 100vw, 300px\" \/><\/a><\/p><\/blockquote>\n<div><span style=\"font-family: verdana, sans-serif;\"><b>FALCADE\u00a0 <\/b>Domenica verranno presentati i programmi e le squadre dello Ski College Veneto Falcade per la stagione agonistica 2022-2023. L&#8217;appuntamento \u00e8 fissato per le ore 16 alla Sala Polifunzionale Dolomiti di via Trieste 24 a Falcade (Belluno).\u00a0<\/span><\/div>\n<div><\/div>\n<p>&nbsp;<\/p>\n<hr \/>\n<p>&nbsp;<\/p>\n<div class=\"m8h3af8h l7ghb35v kjdc1dyq kmwttqpk gh25dzvf n3t5jt4f\">\n<div dir=\"auto\">\n<p><span style=\"color: #ff0000;\"><strong>AIUTI FINALIZZATI ALL&#8217;ACQUISTO DI GENERI ALIMENTARI<\/strong><\/span><\/p>\n<\/div>\n<\/div>\n<p><strong><a class=\"dt-pswp-item\" href=\"https:\/\/www.radiopiu.net\/wordpress\/wp-content\/uploads\/2022\/02\/DolomitiCert-Scarpa-Alleghe-Febbraio-2022-Incontro-Comune-scuole-scultori-1-scaled.jpg\" data-dt-img-description=\"\" data-large_image_width=\"2560\" data-large_image_height=\"1706\"><img loading=\"lazy\" decoding=\"async\" class=\" wp-image-260782 alignleft\" src=\"https:\/\/www.radiopiu.net\/wordpress\/wp-content\/uploads\/2022\/02\/DolomitiCert-Scarpa-Alleghe-Febbraio-2022-Incontro-Comune-scuole-scultori-1-300x200.jpg\" alt=\"\" width=\"227\" height=\"151\" srcset=\"https:\/\/www.radiopiu.net\/wordpress\/wp-content\/uploads\/2022\/02\/DolomitiCert-Scarpa-Alleghe-Febbraio-2022-Incontro-Comune-scuole-scultori-1-300x200.jpg 300w, https:\/\/www.radiopiu.net\/wordpress\/wp-content\/uploads\/2022\/02\/DolomitiCert-Scarpa-Alleghe-Febbraio-2022-Incontro-Comune-scuole-scultori-1-1024x683.jpg 1024w, https:\/\/www.radiopiu.net\/wordpress\/wp-content\/uploads\/2022\/02\/DolomitiCert-Scarpa-Alleghe-Febbraio-2022-Incontro-Comune-scuole-scultori-1-768x512.jpg 768w, https:\/\/www.radiopiu.net\/wordpress\/wp-content\/uploads\/2022\/02\/DolomitiCert-Scarpa-Alleghe-Febbraio-2022-Incontro-Comune-scuole-scultori-1-1536x1024.jpg 1536w, https:\/\/www.radiopiu.net\/wordpress\/wp-content\/uploads\/2022\/02\/DolomitiCert-Scarpa-Alleghe-Febbraio-2022-Incontro-Comune-scuole-scultori-1-2048x1365.jpg 2048w\" sizes=\"auto, (max-width: 227px) 100vw, 227px\" \/><\/a>ALLEGHE<\/strong> Le persone e le famiglie residenti nel Comune di Alleghe che, a causa degli effetti economici derivanti dall\u2019emergenza epidemiologica dovuta alla diffusione del virus Covid-19, si trovino in uno stato di bisogno per soddisfare le necessit\u00e0 pi\u00f9 urgenti ed essenziali, possono chiedere che vengano loro riconosciuti i BUONI SPESA per l\u2019acquisto di GENERI ALIMENTARI O PRODOTTI DI PRIMA NECESSIT\u00c0 IMPORTO DEL BUONO SPESA: l\u2019entit\u00e0 dell\u2019importo verr\u00e0 definito con successivo apposito provvedimento, partendo da un importo minimo di Euro 50,00, sulla base del numero dei componenti il nucleo familiare e in considerazione delle necessit\u00e0 dichiarate dal richiedente. Le richieste, redatte sull\u2019apposito modulo dovranno pervenire al Comune di Alleghe mediante invio di posta elettronica. Solo via residuale la domanda potr\u00e0 essere presentata telefonicamente, chiamando il numero 0437 523300 dal luned\u00ec al venerd\u00ec dalle 8 alle 10<\/p>\n<p>&nbsp;<\/p>\n<p>&nbsp;<\/p>\n<hr \/>\n<p>&nbsp;<\/p>\n<blockquote>\n<h2>EVENTI AUTUNNALI IN VAL PETTORINA<\/h2>\n<\/blockquote>\n<p><strong>ROCCA PIETORE<\/strong> fra i\u00a0 boschi dipinti dei colori dell&#8217;autunno\u00a0 I prossimi appuntamenti sono: Sabato 15 Ottobre pomeriggio Per tutti i dettagli\u00a0 <span class=\"fxk3tzhb b2rh1bv3 gh55jysx m8h3af8h ewco64xe kjdc1dyq ms56khn7 bq6c9xl4 eohcrkr5 akh3l2rg\"><img loading=\"lazy\" decoding=\"async\" src=\"https:\/\/static.xx.fbcdn.net\/images\/emoji.php\/v9\/t4d\/1\/16\/1f4de.png\" alt=\"&#x1f4de;\" width=\"16\" height=\"16\" \/><\/span> 340 894 4032 Elena e Sara<a class=\"dt-pswp-item\" href=\"https:\/\/www.radiopiu.net\/wordpress\/wp-content\/uploads\/2022\/10\/1409872327879275310.jpg\" data-dt-img-description=\"\" data-large_image_width=\"500\" data-large_image_height=\"261\">\u00a0<\/a><\/p>\n<div class=\"m8h3af8h l7ghb35v kjdc1dyq kmwttqpk gh25dzvf n3t5jt4f\">\n<div dir=\"auto\"><\/div>\n<div dir=\"auto\">\n<p><strong>OSPITI: Sara Darman ed Elena Simeonato<\/strong><\/p>\n<audio class=\"wp-audio-shortcode\" id=\"audio-301061-9\" preload=\"none\" style=\"width: 100%;\" controls=\"controls\"><source type=\"audio\/mpeg\" src=\"https:\/\/www.radiopiu.net\/wordpress\/wp-content\/uploads\/2022\/09\/sara-darman-elena-simionato-passeggiate-marmolada.mp3?_=9\" \/><a href=\"https:\/\/www.radiopiu.net\/wordpress\/wp-content\/uploads\/2022\/09\/sara-darman-elena-simionato-passeggiate-marmolada.mp3\">https:\/\/www.radiopiu.net\/wordpress\/wp-content\/uploads\/2022\/09\/sara-darman-elena-simionato-passeggiate-marmolada.mp3<\/a><\/audio>\n<p>&nbsp;<\/p>\n\n\t\t\t<style type='text\/css'>\n\t\t\t\t#gallery-5 {\n\t\t\t\t\tmargin: auto;\n\t\t\t\t}\n\t\t\t\t#gallery-5 .gallery-item {\n\t\t\t\t\tfloat: left;\n\t\t\t\t\tmargin-top: 10px;\n\t\t\t\t\ttext-align: center;\n\t\t\t\t\twidth: 33%;\n\t\t\t\t}\n\t\t\t\t#gallery-5 img {\n\t\t\t\t\tborder: 2px solid #cfcfcf;\n\t\t\t\t}\n\t\t\t\t#gallery-5 .gallery-caption {\n\t\t\t\t\tmargin-left: 0;\n\t\t\t\t}\n\t\t\t\t\/* see gallery_shortcode() in wp-includes\/media.php *\/\n\t\t\t<\/style>\n\t\t<div id='gallery-5' class='dt-gallery-container gallery galleryid-301061 gallery-columns-3 gallery-size-thumbnail'><dl class='gallery-item'>\n\t\t\t\t<dt class='gallery-icon landscape'>\n\t\t\t\t\t<a class=\"rollover rollover-zoom dt-pswp-item\" title=\"b5e996c7-e2e6-4fec-9337-cd086d266e7f\" data-dt-img-description=\"\" data-large_image_width=\"1080\" data-large_image_height=\"1080\"href='https:\/\/www.radiopiu.net\/wordpress\/wp-content\/uploads\/2022\/09\/b5e996c7-e2e6-4fec-9337-cd086d266e7f.jpg'><img loading=\"lazy\" decoding=\"async\" width=\"150\" height=\"150\" src=\"https:\/\/www.radiopiu.net\/wordpress\/wp-content\/uploads\/2022\/09\/b5e996c7-e2e6-4fec-9337-cd086d266e7f-150x150.jpg\" class=\"attachment-thumbnail size-thumbnail\" alt=\"\" srcset=\"https:\/\/www.radiopiu.net\/wordpress\/wp-content\/uploads\/2022\/09\/b5e996c7-e2e6-4fec-9337-cd086d266e7f-150x150.jpg 150w, https:\/\/www.radiopiu.net\/wordpress\/wp-content\/uploads\/2022\/09\/b5e996c7-e2e6-4fec-9337-cd086d266e7f-300x300.jpg 300w, https:\/\/www.radiopiu.net\/wordpress\/wp-content\/uploads\/2022\/09\/b5e996c7-e2e6-4fec-9337-cd086d266e7f-1024x1024.jpg 1024w, https:\/\/www.radiopiu.net\/wordpress\/wp-content\/uploads\/2022\/09\/b5e996c7-e2e6-4fec-9337-cd086d266e7f-768x768.jpg 768w, https:\/\/www.radiopiu.net\/wordpress\/wp-content\/uploads\/2022\/09\/b5e996c7-e2e6-4fec-9337-cd086d266e7f.jpg 1080w\" sizes=\"auto, (max-width: 150px) 100vw, 150px\" \/><\/a>\n\t\t\t\t<\/dt><\/dl><dl class='gallery-item'>\n\t\t\t\t<dt class='gallery-icon landscape'>\n\t\t\t\t\t<a class=\"rollover rollover-zoom dt-pswp-item\" title=\"062d597d-f973-4277-9cc6-f67c6d992e99\" data-dt-img-description=\"\" data-large_image_width=\"1080\" data-large_image_height=\"1080\"href='https:\/\/www.radiopiu.net\/wordpress\/wp-content\/uploads\/2022\/09\/062d597d-f973-4277-9cc6-f67c6d992e99.jpg'><img loading=\"lazy\" decoding=\"async\" width=\"150\" height=\"150\" src=\"https:\/\/www.radiopiu.net\/wordpress\/wp-content\/uploads\/2022\/09\/062d597d-f973-4277-9cc6-f67c6d992e99-150x150.jpg\" class=\"attachment-thumbnail size-thumbnail\" alt=\"\" srcset=\"https:\/\/www.radiopiu.net\/wordpress\/wp-content\/uploads\/2022\/09\/062d597d-f973-4277-9cc6-f67c6d992e99-150x150.jpg 150w, https:\/\/www.radiopiu.net\/wordpress\/wp-content\/uploads\/2022\/09\/062d597d-f973-4277-9cc6-f67c6d992e99-300x300.jpg 300w, https:\/\/www.radiopiu.net\/wordpress\/wp-content\/uploads\/2022\/09\/062d597d-f973-4277-9cc6-f67c6d992e99-1024x1024.jpg 1024w, https:\/\/www.radiopiu.net\/wordpress\/wp-content\/uploads\/2022\/09\/062d597d-f973-4277-9cc6-f67c6d992e99-768x768.jpg 768w, https:\/\/www.radiopiu.net\/wordpress\/wp-content\/uploads\/2022\/09\/062d597d-f973-4277-9cc6-f67c6d992e99.jpg 1080w\" sizes=\"auto, (max-width: 150px) 100vw, 150px\" \/><\/a>\n\t\t\t\t<\/dt><\/dl><dl class='gallery-item'>\n\t\t\t\t<dt class='gallery-icon landscape'>\n\t\t\t\t\t<a class=\"rollover rollover-zoom dt-pswp-item\" title=\"ada9c7a0-4d54-4873-82d4-41f5480668d3\" data-dt-img-description=\"\" data-large_image_width=\"1080\" data-large_image_height=\"1080\"href='https:\/\/www.radiopiu.net\/wordpress\/wp-content\/uploads\/2022\/09\/ada9c7a0-4d54-4873-82d4-41f5480668d3.jpg'><img loading=\"lazy\" decoding=\"async\" width=\"150\" height=\"150\" src=\"https:\/\/www.radiopiu.net\/wordpress\/wp-content\/uploads\/2022\/09\/ada9c7a0-4d54-4873-82d4-41f5480668d3-150x150.jpg\" class=\"attachment-thumbnail size-thumbnail\" alt=\"\" srcset=\"https:\/\/www.radiopiu.net\/wordpress\/wp-content\/uploads\/2022\/09\/ada9c7a0-4d54-4873-82d4-41f5480668d3-150x150.jpg 150w, https:\/\/www.radiopiu.net\/wordpress\/wp-content\/uploads\/2022\/09\/ada9c7a0-4d54-4873-82d4-41f5480668d3-300x300.jpg 300w, https:\/\/www.radiopiu.net\/wordpress\/wp-content\/uploads\/2022\/09\/ada9c7a0-4d54-4873-82d4-41f5480668d3-1024x1024.jpg 1024w, https:\/\/www.radiopiu.net\/wordpress\/wp-content\/uploads\/2022\/09\/ada9c7a0-4d54-4873-82d4-41f5480668d3-768x768.jpg 768w, https:\/\/www.radiopiu.net\/wordpress\/wp-content\/uploads\/2022\/09\/ada9c7a0-4d54-4873-82d4-41f5480668d3.jpg 1080w\" sizes=\"auto, (max-width: 150px) 100vw, 150px\" \/><\/a>\n\t\t\t\t<\/dt><\/dl><br style=\"clear: both\" \/>\n\t\t\t<\/div>\n\n<p>&nbsp;<\/p>\n<hr \/>\n<p>&nbsp;<\/p>\n<blockquote>\n<h3><a class=\"dt-pswp-item\" href=\"https:\/\/www.radiopiu.net\/wordpress\/wp-content\/uploads\/2022\/10\/th-3.jpg\" data-dt-img-description=\"\" data-large_image_width=\"474\" data-large_image_height=\"315\"><img loading=\"lazy\" decoding=\"async\" class=\"wp-image-301009 alignleft\" src=\"https:\/\/www.radiopiu.net\/wordpress\/wp-content\/uploads\/2022\/10\/th-3-300x199.jpg\" alt=\"\" width=\"157\" height=\"104\" srcset=\"https:\/\/www.radiopiu.net\/wordpress\/wp-content\/uploads\/2022\/10\/th-3-300x199.jpg 300w, https:\/\/www.radiopiu.net\/wordpress\/wp-content\/uploads\/2022\/10\/th-3.jpg 474w\" sizes=\"auto, (max-width: 157px) 100vw, 157px\" \/><\/a>IN VIAGGIO CON LE FIAT 500 D&#8217;EPOCA<\/h3>\n<\/blockquote>\n<p><strong>BELLUNO<\/strong> Gita di ottobre con le 500 domenica,\u00a0 con ritrovo a Sedico alle 9. E\u2019 possibile aggregarsi al gruppo anche lungo il percorso. Dopo Feltre la carovana salir\u00e0 a\u00a0 Fiera di Primiero, quindi a Gosaldo.\u00a0 Il pranzo a Rivamonte dove\u00a0 alle 12,30 \u00a0al Riva Oktoberfest\u00a0 Informazioni\u00a0 Giulio Pirolo 3391339800 \u2013 mail pirolo.giulio@simg.it<\/p>\n<p>&nbsp;<\/p>\n<blockquote>\n<h2>PROLOCO DI RIVAMONTE AGORDINO<\/h2>\n<\/blockquote>\n<div>\n<div class=\"hael596l alzwoclg jl2a5g8c qjfq86k5 r227ecj6 gt60zsk1 s1m0hq7j\">\n<div class=\"cgu29s5g\">\n<div class=\"alzwoclg cqf1kptm siwo0mpr gu5uzgus\">\n<div class=\"jroqu855 nthtkgg5\"><strong>14-15-16 OTTOBRE 2022<\/strong><\/div>\n<\/div>\n<\/div>\n<\/div>\n<\/div>\n<div>\n<div class=\"\" dir=\"auto\">\n<div id=\"jsc_c_1y\" class=\"d2hqwtrz r227ecj6 ez8dtbzv gt60zsk1\" data-ad-comet-preview=\"message\" data-ad-preview=\"message\">\n<div class=\"alzwoclg cqf1kptm siwo0mpr gu5uzgus\">\n<div class=\"jroqu855 nthtkgg5\">\n<div class=\"m8h3af8h l7ghb35v kjdc1dyq kmwttqpk gh25dzvf n3t5jt4f\">\n<div dir=\"auto\">Finalmente ritorna l&#8217;Oktoberfest. Tre giorni di festa in compagnia di buona musica e buon cibo: Canederli, \u00a0Spatzle<\/div>\n<div dir=\"auto\">Stinco con crauti e patate fritte e Buona birra in bicchieri di vetro<br \/>\n<a class=\"dt-pswp-item\" href=\"https:\/\/www.radiopiu.net\/wordpress\/wp-content\/uploads\/2022\/09\/306610049_3398892650338616_7875061756741663012_n.jpg\" data-dt-img-description=\"\" data-large_image_width=\"720\" data-large_image_height=\"261\"><img loading=\"lazy\" decoding=\"async\" class=\"alignnone wp-image-296989 size-full\" src=\"https:\/\/www.radiopiu.net\/wordpress\/wp-content\/uploads\/2022\/09\/306610049_3398892650338616_7875061756741663012_n.jpg\" alt=\"\" width=\"720\" height=\"261\" srcset=\"https:\/\/www.radiopiu.net\/wordpress\/wp-content\/uploads\/2022\/09\/306610049_3398892650338616_7875061756741663012_n.jpg 720w, https:\/\/www.radiopiu.net\/wordpress\/wp-content\/uploads\/2022\/09\/306610049_3398892650338616_7875061756741663012_n-300x109.jpg 300w\" sizes=\"auto, (max-width: 720px) 100vw, 720px\" \/><\/a><\/div>\n<div dir=\"auto\"><\/div>\n<\/div>\n<\/div>\n<\/div>\n<\/div>\n<\/div>\n<\/div>\n<p>&nbsp;<\/p>\n<p>&nbsp;<\/p>\n<hr \/>\n<p>&nbsp;<\/p>\n<blockquote>\n<h3>LA GIORNATA MONDIALE DELLA VISTA<\/h3>\n<\/blockquote>\n<p><strong>BELLUNO <\/strong>L\u2019Unione Italiana dei Ciechi e degli Ipovedenti ONLUS APS sezione territoriale di Belluno aderisce anche quest\u2019anno alla Giornata Mondiale della Vista, promossa dall\u2019Agenzia Internazionale per la Prevenzione della Cecit\u00e0 IAPB Italia Onlus, e invita la cittadinanza ad un incontro divulgativo con la presenza di tre medici oculisti del territorio ULSS 1 Dolomiti: il primario dell\u2019unit\u00e0 oculistica dell\u2019Ospedale San Martino di Belluno dott.ssa Luigina Tollot, il responsabile del Centro Ipovisione dott. Michele Del Borrello e il dott. Nazareno Giubilei. L\u2019incontro avr\u00e0 luogo GIOVEDI\u2019 13 OTTOBRE 2022 alle ore 18.00 presso la Sala MUCCIN del Centro Congressi Giovanni XXIII in Piazza Piloni a Belluno. Si parler\u00e0 del bene prezioso della vista, dell\u2019importanza della prevenzione delle malattie oculari, della riabilitazione visiva e dei progressi della ricerca.<\/p>\n<p>&nbsp;<\/p>\n<p>&nbsp;<\/p>\n<p>&nbsp;<\/p>\n<hr \/>\n<p>&nbsp;<\/p>\n<blockquote>\n<h3>DOMENICA 23 OTTOBRE LA GRANDE FESTA ALLA FABBRICA IN PEDAVENA DI LA VALLE<\/h3>\n<\/blockquote>\n<p><a class=\"dt-pswp-item\" href=\"https:\/\/www.radiopiu.net\/wordpress\/wp-content\/uploads\/2022\/09\/be36ec51-e02a-4ee2-8c75-860605e2253f.jpg\" data-dt-img-description=\"\" data-large_image_width=\"1200\" data-large_image_height=\"628\"><img loading=\"lazy\" decoding=\"async\" class=\"aligncenter wp-image-296751 size-medium\" src=\"https:\/\/www.radiopiu.net\/wordpress\/wp-content\/uploads\/2022\/09\/be36ec51-e02a-4ee2-8c75-860605e2253f-300x157.jpg\" alt=\"\" width=\"300\" height=\"157\" srcset=\"https:\/\/www.radiopiu.net\/wordpress\/wp-content\/uploads\/2022\/09\/be36ec51-e02a-4ee2-8c75-860605e2253f-300x157.jpg 300w, https:\/\/www.radiopiu.net\/wordpress\/wp-content\/uploads\/2022\/09\/be36ec51-e02a-4ee2-8c75-860605e2253f-1024x536.jpg 1024w, https:\/\/www.radiopiu.net\/wordpress\/wp-content\/uploads\/2022\/09\/be36ec51-e02a-4ee2-8c75-860605e2253f-768x402.jpg 768w, https:\/\/www.radiopiu.net\/wordpress\/wp-content\/uploads\/2022\/09\/be36ec51-e02a-4ee2-8c75-860605e2253f.jpg 1200w\" sizes=\"auto, (max-width: 300px) 100vw, 300px\" \/><\/a><\/p>\n<p>&nbsp;<\/p>\n<p>&nbsp;<\/p>\n<hr \/>\n<p>&nbsp;<\/p>\n<blockquote>\n<h3>A BELLUNO SI PARLA DELLA GESTIONE PERIOPERATORIA DELL&#8217;ANZIANO FRAGILE<\/h3>\n<\/blockquote>\n<p><strong><a class=\"dt-pswp-item\" href=\"https:\/\/www.radiopiu.net\/wordpress\/wp-content\/uploads\/2022\/10\/Senza-nome-13.jpg\" data-dt-img-description=\"\" data-large_image_width=\"203\" data-large_image_height=\"158\"><img loading=\"lazy\" decoding=\"async\" class=\"size-full wp-image-300279 alignright\" src=\"https:\/\/www.radiopiu.net\/wordpress\/wp-content\/uploads\/2022\/10\/Senza-nome-13.jpg\" alt=\"\" width=\"203\" height=\"158\" \/><\/a>BELLUNO<\/strong> \u00c8 in programma per sabato 15 ottobre al Teatro Giovanni XXIII una serata organizzata dall&#8217;Ordine dei medici chirurghi e odontoiatri della provincia di Belluno. &#8220;La gestione perioperatoria dell&#8217;anziano fragile&#8221; il titolo dell&#8217;incontro che si terr\u00e0 a partire dalle 18. Ad aprire la giornata un incontro aperto a tutti sule cure di lungo termine nel sostegno della fragilit\u00e0 anziana con Luigi Guglielmi, giornalista dell&#8217;Amico Del Popolo, il dottor Massimiliano Mosca, geriatra, e la dottoressa Lucia Omiciuolo, direttore dell&#8217;Unit\u00e0 Opertiva di geriatria dell&#8217;ospedale di Feltre. Alle 18:30 lo spettacolo teatrale &#8220;Mamma a carico. Mia figlia ha 90 anni&#8221; di e con Gianna Coletti per la regia di Gabriele Scotti.<\/p>\n<p><strong>L&#8217;ATTRICE GIANNA COLETTI ALLA RADIO\u00a0<\/strong><\/p>\n<audio class=\"wp-audio-shortcode\" id=\"audio-301061-10\" preload=\"none\" style=\"width: 100%;\" controls=\"controls\"><source type=\"audio\/mpeg\" src=\"https:\/\/www.radiopiu.net\/wordpress\/wp-content\/uploads\/2022\/10\/gianna-coletti.mp3?_=10\" \/><a href=\"https:\/\/www.radiopiu.net\/wordpress\/wp-content\/uploads\/2022\/10\/gianna-coletti.mp3\">https:\/\/www.radiopiu.net\/wordpress\/wp-content\/uploads\/2022\/10\/gianna-coletti.mp3<\/a><\/audio>\n<p>&nbsp;<\/p>\n<hr \/>\n<p>&nbsp;<\/p>\n<blockquote>\n<h3>IL GRANDE FESTIVAL DEI CORI A LIMANA<\/h3>\n<\/blockquote>\n<p><strong>LIMANA<\/strong> Domenica 16 ottobre sotto la tensostruttura fronte alle scuole elementari di Limana si svolger\u00e0 la seconda edizione del Grande Festiaval dei Cori. Saranno 10 i cori bellunesi che si alterneranno per una giornata all&#8217;insegna del bel canto. Un evento con il patrocinio della Provincia di Belluno, Comune di Limana e Pro Loco. Organizza la Corale di Limana.<\/p>\n<p>&nbsp;<\/p>\n<p>&nbsp;<\/p>\n<hr \/>\n<p>&nbsp;<\/p>\n<blockquote>\n<h3>UNA DOMENICA IN 500<\/h3>\n<\/blockquote>\n<p><strong>BELLUNO<\/strong> In occasione di Riva L&#8217;Oktoberfest di Rivamonte, gli amici appassionati delle 500 organizzano un ritrovo. Partenza da Sedico alle 9 per poi passare verso Feltre, Fiera di Primiero, Passo Cereda per poi continuare verso Gosaldo ed arrivare a Rivamonte per pranzare sotto al tendone. Info ed iscrizioni: Giulio Pirolo \u2013 cell. e WA 3391339800 \u2013 mail <a href=\"mailto:pirolo.giulio@simg.it\">pirolo.giulio@simg.it<\/a>\u00a0o Paolo De Cesaro \u2013 cell e WA 3282715151 \u2013 mail <a href=\"mailto:500ombre@gmail.com\">500ombre@gmail.com<\/a><\/p>\n<p>&nbsp;<\/p>\n<p>&nbsp;<\/p>\n<hr \/>\n<p>&nbsp;<\/p>\n<h2><span style=\"color: #ff0000;\">IERI ALLA RADIO<\/span><\/h2>\n<p><img loading=\"lazy\" decoding=\"async\" class=\"alignleft\" src=\"https:\/\/www.radiopiu.net\/wordpress\/wp-content\/uploads\/2020\/07\/PR-RANCH-LA-VALLE.jpg\" width=\"172\" height=\"129\" \/><\/p>\n<h2><span style=\"color: #008080;\"> GLI OTTIMI RISULTATI DEL PR RANCH A PORTOGRUARO, UN ORO E UN ARGENTO NEI VOLTEGGI<\/span><\/h2>\n<p><strong>\u00a0<\/strong><strong>\u00a0<\/strong><\/p>\n<p><strong>\u00a0<\/strong><\/p>\n<p><strong>OSPITE: Donatella Dai Pr\u00e0, PR Ranch<\/strong><\/p>\n<audio class=\"wp-audio-shortcode\" id=\"audio-301061-11\" preload=\"none\" style=\"width: 100%;\" controls=\"controls\"><source type=\"audio\/mpeg\" src=\"https:\/\/www.radiopiu.net\/wordpress\/wp-content\/uploads\/2022\/10\/donatella-dai-pra-volteggio.mp3?_=11\" \/><a href=\"https:\/\/www.radiopiu.net\/wordpress\/wp-content\/uploads\/2022\/10\/donatella-dai-pra-volteggio.mp3\">https:\/\/www.radiopiu.net\/wordpress\/wp-content\/uploads\/2022\/10\/donatella-dai-pra-volteggio.mp3<\/a><\/audio>\n<p>&nbsp;<\/p>\n<p>&nbsp;<\/p>\n<hr \/>\n<p>&nbsp;<\/p>\n<div>\n<div class=\"b654a4as d2edcug0\">\n<div class=\"rq0escxv hkbzh7o3 jwdofwj8 n8tt0mok r8blr3vg hyh9befq\">\n<p><a class=\"dt-pswp-item\" href=\"https:\/\/www.radiopiu.net\/wordpress\/wp-content\/uploads\/2020\/10\/pp.jpg\" data-dt-img-description=\"\" data-large_image_width=\"640\" data-large_image_height=\"640\"><img loading=\"lazy\" decoding=\"async\" class=\"wp-image-163678 alignleft\" src=\"https:\/\/www.radiopiu.net\/wordpress\/wp-content\/uploads\/2020\/10\/pp-300x300.jpg\" alt=\"\" width=\"106\" height=\"106\" srcset=\"https:\/\/www.radiopiu.net\/wordpress\/wp-content\/uploads\/2020\/10\/pp-300x300.jpg 300w, https:\/\/www.radiopiu.net\/wordpress\/wp-content\/uploads\/2020\/10\/pp-150x150.jpg 150w, https:\/\/www.radiopiu.net\/wordpress\/wp-content\/uploads\/2020\/10\/pp-125x125.jpg 125w, https:\/\/www.radiopiu.net\/wordpress\/wp-content\/uploads\/2020\/10\/pp-200x200.jpg 200w, https:\/\/www.radiopiu.net\/wordpress\/wp-content\/uploads\/2020\/10\/pp-80x80.jpg 80w, https:\/\/www.radiopiu.net\/wordpress\/wp-content\/uploads\/2020\/10\/pp-480x480.jpg 480w, https:\/\/www.radiopiu.net\/wordpress\/wp-content\/uploads\/2020\/10\/pp.jpg 640w\" sizes=\"auto, (max-width: 106px) 100vw, 106px\" \/><\/a><\/p>\n<\/div>\n<\/div>\n<\/div>\n<div>\n<div class=\"page-title-head hgroup\">\n<div class=\"page-title-head hgroup\">\n<div class=\"b654a4as d2edcug0\">\n<div class=\"j83agx80 btwxx1t3 lhclo0ds hop8lmos nkwizq5d scwd0bx6 roh60bw9\">\n<div class=\"rq0escxv hkbzh7o3 jwdofwj8 n8tt0mok r8blr3vg hyh9befq\">\n<div class=\"do00u71z l9j0dhe7 k4urcfbm\">\n<h2><span style=\"color: #000080;\">DON CESARE, IL PENSIERO DEL GIORNO. ALLA RADIO ALLE 7 DEL MATTINO E ALLE 19.30 DELLA SERA.\u00a0<\/span><\/h2>\n<audio class=\"wp-audio-shortcode\" id=\"audio-301061-12\" preload=\"none\" style=\"width: 100%;\" controls=\"controls\"><source type=\"audio\/mpeg\" src=\"https:\/\/www.radiopiu.net\/wordpress\/wp-content\/uploads\/2022\/10\/CESARE-10.mp3?_=12\" \/><a href=\"https:\/\/www.radiopiu.net\/wordpress\/wp-content\/uploads\/2022\/10\/CESARE-10.mp3\">https:\/\/www.radiopiu.net\/wordpress\/wp-content\/uploads\/2022\/10\/CESARE-10.mp3<\/a><\/audio>\n<p>&nbsp;<\/p>\n<hr \/>\n<p>&nbsp;<\/p>\n<blockquote>\n<h3>DOCUMENTI DI STORIA E D\u2019ARTE NEL LIBRO \u201cLE CHIESE DELL\u2019ANTICA PIEVE DI CADOLA\u201d<\/h3>\n<\/blockquote>\n<div class=\"x1y1aw1k xn6708d xwib8y2 x1ye3gou x1n2onr6 x6ikm8r x10wlt62 x1tlxs6b x1g8br2z x1gn5b1j x230xth x1mzt3pk x13faqbe x14ctfv x1okitfd x1vjfegm\" role=\"none\" data-testid=\"solid-message-bubble\">\n<div dir=\"auto\" role=\"none\"><strong><span class=\"x4k7w5x x1h91t0o x1h9r5lt x1jfb8zj xv2umb2 x1beo9mf xaigb6o x12ejxvf x3igimt xarpa2k xedcshv x1lytzrv x1t2pt76 x7ja8zs x1qrby5j\"><img decoding=\"async\" class=\"xh8yej3 xl1xv1r x5yr21d x1rg5ohu alignleft\" src=\"https:\/\/scontent-mxp2-1.xx.fbcdn.net\/v\/t1.18169-1\/553085_385905871470280_1626001170_n.jpg?stp=c25.0.100.100a_dst-jpg_p100x100&amp;_nc_cat=110&amp;ccb=1-7&amp;_nc_sid=7206a8&amp;_nc_ohc=RpmaXrYBM7sAX-1tfFp&amp;_nc_ad=z-m&amp;_nc_cid=0&amp;_nc_ht=scontent-mxp2-1.xx&amp;oh=00_AT9hQx4sGoAPO5TeRKBb-tPgH0hp7aJrAcFfcxQBseafGw&amp;oe=636CDD3B\" alt=\"Renatobruno Bona\" \/><\/span>DI RENATO BONA\u00a0<\/strong><\/div>\n<\/div>\n<div dir=\"auto\" role=\"none\"><\/div>\n<div class=\"x1y1aw1k xn6708d xwib8y2 x1ye3gou x1n2onr6 x6ikm8r x10wlt62 x1tlxs6b x1g8br2z x1gn5b1j x230xth x1mzt3pk x13faqbe x14ctfv x1okitfd x1vjfegm\" role=\"none\" data-testid=\"solid-message-bubble\">\n<div class=\"x9f619 x1n2onr6 x1ja2u2z __fb-light-mode\" role=\"none\">\n<div class=\"x1yc453h x126k92a x6prxxf x1fc57z9 xzsf02u\" dir=\"auto\" role=\"none\">\u201cLe chiese dell\u2019antica Pieve di Cadola\u201d. E\u2019 il titolo del pregevole volume realizzato dal prof. Flavio Vizzutti per proporre documenti di storia e d\u2019arte della realt\u00e0 di Ponte nelle Alpi. Lo storico e scrittore (fra l\u2019altro, nel 1995, in riconoscimento dei suoi meriti di studioso, la Presidenza del consiglio dei ministri gli ha attribuito il \u201cPremio della cultura\u201d) lo ha dato alle stampe (Tipografia Piave di Belluno, settembre 1999; referenze fotografiche di Giancarlo De Santi; in copertina: di Cesare Vecellio un particolare di San Girolamo della pala della chiesa arcipretale di Cadola) ad iniziativa delle Parrocchie di Cadola (con don Cesare Vazza), Polpet-Ponte nelle Alpi (don Paolo Cavallini), Col di Cugnan (don Natale Trevisan) e Quantin (don Pietro Bez) e la preziosa collaborazione di mons. Ausilio Da Rif (Archivio vescovile) e dell\u2019araldista Augusto Burlon. Basterebbero le presentazioni dell\u2019arciprete di Cadola, don Cesare Vazza, e dello scomparso sindaco di Ponte nelle Alpi, Vittorio Fregona, per evidenziare lo splendido lavoro del prof. Vizzutti e condividere l\u2019affermazione del primo che: \u201cUna storia millenaria come quella della Pieve di Cadola non era giusto che restasse nascosta negli Archivi, ma aperta a tutti, come un libro, dove leggere e vedere il proprio passato\u201d. Dunque non a caso definiva quello dell\u2019autore \u201cun lavoro preciso e meticoloso che raccoglie il patrimonio storico e artistico dell\u2019antica Pieve di Cadola, che abbracciava, fino al 1948, tutto il territorio pontalpino\u201d. Ancora Vazza: \u201cQueste pagine costituiscono il fulcro della vita religiosa dei nostri paesi. Sono pagine intessute di fede, generosit\u00e0 e solidariet\u00e0. Mostrano che la nostra gente, anche nei secoli passati, pur povera, aveva un alto concetto della chiesa e \u2018per nulla era intesa a rinunciare al proprio secolare punto di riferimento spirituale e sociale\u2019, come scrive l\u2019autore\u201d. Il sindaco Fregona evidenziava come il volume del prof. Vizzutti \u201crisponde ad un\u2019esigenza di primaria importanza dei nostri tempi: quella della catalogazione e conseguente approfondimento scientifico del patrimonio storico-artistico che \u00e8 particolarmente accentrato nelle chiese dei nostri paesi e frazioni\u201d. E\u2019 in questo contesto che Vizzutti \u201cha delineato lo sviluppo storico di ogni edificio cultuale appartenente all\u2019antica Pieve di Cadola\u201d e \u201ccon acribia specialistica ne ha poi indagato le pi\u00f9 significative opere&#8230;\u201d facendo fra l\u2019altro emergere \u201cla forte vitalit\u00e0 spirituale della gente locale che ha voluto, innalzato, ornato questi luoghi di culto concorrendovi tenacemente con tutte le proprie forze\u201d. Dando per scontato che torneremo sull\u2019argomento, resta da dire nell\u2019occasione che il prezioso volume di Flavio Vizzutti (stampa tipografia Piave, settembre 1999) \u00e8 articolato nei seguenti capitoli: Chiesa arcipretale di Santa Maria del Rosario, di Cadola; Chiesa di San Sebastiano, di Lizzona; di San Michele arcangelo, di Lastreghe; dei Santi Filippo e Giacomo, di Soccher; di San Martino vescovo, di Casan; di San Marco evangelista, di Arsi\u00e8; di San Pietro apostolo, di Reveane; Oratorio di Sant\u2019Anna, di Canevoi; Oratorio della Beata Vergine di Castelmonte, ai Mazzucchi; Chiesa parrocchiale di San Giuseppe sposo della Beata Vergine Maria, di Col di Cugnan; di San Tommaso apostolo, di Roncan; di San Silvestro papa, di Cugnan; di San Lorenzo diacono e martire, di Losego; di San Bartolomeo apostolo, di Vich; Parrocchiale di Santa Maria Nascente, di Polpet-Ponte nelle Alpi; Chiesa della Beata Vergine addolorata nominata Nostra Signora, di Vedoja; di Santa Caterina, di Ponte nelle Alpi; di Sant\u2019Andrea in Monte; della Nativit\u00e0 di Nostro Signore a Pian di Vedoja; Parrocchiale dei santi Angeli custodi, di Quantin; Chiese scomparse: di Sant\u2019Osvaldo del Rai; di San Giorgio al Castello di Soccher; dei Santi Matteo e Mattia, di Quantin; di San Floriano, di Col; di San Bartolomeo, di Pises; di San Felice, di Polpet; di San Paolo, a La Secca.<\/div>\n<div dir=\"auto\" role=\"none\">\n\n\t\t\t<style type='text\/css'>\n\t\t\t\t#gallery-6 {\n\t\t\t\t\tmargin: auto;\n\t\t\t\t}\n\t\t\t\t#gallery-6 .gallery-item {\n\t\t\t\t\tfloat: left;\n\t\t\t\t\tmargin-top: 10px;\n\t\t\t\t\ttext-align: center;\n\t\t\t\t\twidth: 14%;\n\t\t\t\t}\n\t\t\t\t#gallery-6 img {\n\t\t\t\t\tborder: 2px solid #cfcfcf;\n\t\t\t\t}\n\t\t\t\t#gallery-6 .gallery-caption {\n\t\t\t\t\tmargin-left: 0;\n\t\t\t\t}\n\t\t\t\t\/* see gallery_shortcode() in wp-includes\/media.php *\/\n\t\t\t<\/style>\n\t\t<div id='gallery-6' class='dt-gallery-container gallery galleryid-301061 gallery-columns-7 gallery-size-thumbnail'><dl class='gallery-item'>\n\t\t\t\t<dt class='gallery-icon portrait'>\n\t\t\t\t\t<a class=\"rollover rollover-zoom dt-pswp-item\" title=\"310733503_646049987150612_7710949711410188672_n\" data-dt-img-description=\"\" data-large_image_width=\"152\" data-large_image_height=\"225\"href='https:\/\/www.radiopiu.net\/wordpress\/wp-content\/uploads\/2022\/10\/310733503_646049987150612_7710949711410188672_n.jpg'><img loading=\"lazy\" decoding=\"async\" width=\"150\" height=\"150\" src=\"https:\/\/www.radiopiu.net\/wordpress\/wp-content\/uploads\/2022\/10\/310733503_646049987150612_7710949711410188672_n-150x150.jpg\" class=\"attachment-thumbnail size-thumbnail\" alt=\"\" \/><\/a>\n\t\t\t\t<\/dt><\/dl><dl class='gallery-item'>\n\t\t\t\t<dt class='gallery-icon portrait'>\n\t\t\t\t\t<a class=\"rollover rollover-zoom dt-pswp-item\" title=\"309042613_2406029862869607_7962516156674071265_n\" data-dt-img-description=\"\" data-large_image_width=\"68\" data-large_image_height=\"125\"href='https:\/\/www.radiopiu.net\/wordpress\/wp-content\/uploads\/2022\/10\/309042613_2406029862869607_7962516156674071265_n.jpg'><img loading=\"lazy\" decoding=\"async\" width=\"68\" height=\"125\" src=\"https:\/\/www.radiopiu.net\/wordpress\/wp-content\/uploads\/2022\/10\/309042613_2406029862869607_7962516156674071265_n.jpg\" class=\"attachment-thumbnail size-thumbnail\" alt=\"\" \/><\/a>\n\t\t\t\t<\/dt><\/dl><dl class='gallery-item'>\n\t\t\t\t<dt class='gallery-icon portrait'>\n\t\t\t\t\t<a class=\"rollover rollover-zoom dt-pswp-item\" title=\"308760690_805970137388794_5343709613165625267_n\" data-dt-img-description=\"\" data-large_image_width=\"155\" data-large_image_height=\"206\"href='https:\/\/www.radiopiu.net\/wordpress\/wp-content\/uploads\/2022\/10\/308760690_805970137388794_5343709613165625267_n.jpg'><img loading=\"lazy\" decoding=\"async\" width=\"150\" height=\"150\" src=\"https:\/\/www.radiopiu.net\/wordpress\/wp-content\/uploads\/2022\/10\/308760690_805970137388794_5343709613165625267_n-150x150.jpg\" class=\"attachment-thumbnail size-thumbnail\" alt=\"\" \/><\/a>\n\t\t\t\t<\/dt><\/dl><dl class='gallery-item'>\n\t\t\t\t<dt class='gallery-icon portrait'>\n\t\t\t\t\t<a class=\"rollover rollover-zoom dt-pswp-item\" title=\"309954766_809757216978419_2804439691386166274_n\" data-dt-img-description=\"\" data-large_image_width=\"156\" data-large_image_height=\"480\"href='https:\/\/www.radiopiu.net\/wordpress\/wp-content\/uploads\/2022\/10\/309954766_809757216978419_2804439691386166274_n.jpg'><img loading=\"lazy\" decoding=\"async\" width=\"150\" height=\"150\" src=\"https:\/\/www.radiopiu.net\/wordpress\/wp-content\/uploads\/2022\/10\/309954766_809757216978419_2804439691386166274_n-150x150.jpg\" class=\"attachment-thumbnail size-thumbnail\" alt=\"\" \/><\/a>\n\t\t\t\t<\/dt><\/dl><dl class='gallery-item'>\n\t\t\t\t<dt class='gallery-icon portrait'>\n\t\t\t\t\t<a class=\"rollover rollover-zoom dt-pswp-item\" title=\"309009758_1163952831202953_634815607533743761_n\" data-dt-img-description=\"\" data-large_image_width=\"159\" data-large_image_height=\"225\"href='https:\/\/www.radiopiu.net\/wordpress\/wp-content\/uploads\/2022\/10\/309009758_1163952831202953_634815607533743761_n.jpg'><img loading=\"lazy\" decoding=\"async\" width=\"150\" height=\"150\" src=\"https:\/\/www.radiopiu.net\/wordpress\/wp-content\/uploads\/2022\/10\/309009758_1163952831202953_634815607533743761_n-150x150.jpg\" class=\"attachment-thumbnail size-thumbnail\" alt=\"\" \/><\/a>\n\t\t\t\t<\/dt><\/dl><dl class='gallery-item'>\n\t\t\t\t<dt class='gallery-icon portrait'>\n\t\t\t\t\t<a class=\"rollover rollover-zoom dt-pswp-item\" title=\"309054305_813123823145057_8243077255885709560_n\" data-dt-img-description=\"\" data-large_image_width=\"155\" data-large_image_height=\"240\"href='https:\/\/www.radiopiu.net\/wordpress\/wp-content\/uploads\/2022\/10\/309054305_813123823145057_8243077255885709560_n.jpg'><img loading=\"lazy\" decoding=\"async\" width=\"150\" height=\"150\" src=\"https:\/\/www.radiopiu.net\/wordpress\/wp-content\/uploads\/2022\/10\/309054305_813123823145057_8243077255885709560_n-150x150.jpg\" class=\"attachment-thumbnail size-thumbnail\" alt=\"\" \/><\/a>\n\t\t\t\t<\/dt><\/dl><dl class='gallery-item'>\n\t\t\t\t<dt class='gallery-icon portrait'>\n\t\t\t\t\t<a class=\"rollover rollover-zoom dt-pswp-item\" title=\"309775873_351498673829979_6740597676936256097_n\" data-dt-img-description=\"\" data-large_image_width=\"198\" data-large_image_height=\"206\"href='https:\/\/www.radiopiu.net\/wordpress\/wp-content\/uploads\/2022\/10\/309775873_351498673829979_6740597676936256097_n.jpg'><img loading=\"lazy\" decoding=\"async\" width=\"150\" height=\"150\" src=\"https:\/\/www.radiopiu.net\/wordpress\/wp-content\/uploads\/2022\/10\/309775873_351498673829979_6740597676936256097_n-150x150.jpg\" class=\"attachment-thumbnail size-thumbnail\" alt=\"\" \/><\/a>\n\t\t\t\t<\/dt><\/dl><br style=\"clear: both\" \/><dl class='gallery-item'>\n\t\t\t\t<dt class='gallery-icon portrait'>\n\t\t\t\t\t<a class=\"rollover rollover-zoom dt-pswp-item\" title=\"309589034_786594725889444_1227481203426777395_n\" data-dt-img-description=\"\" data-large_image_width=\"151\" data-large_image_height=\"206\"href='https:\/\/www.radiopiu.net\/wordpress\/wp-content\/uploads\/2022\/10\/309589034_786594725889444_1227481203426777395_n.jpg'><img loading=\"lazy\" decoding=\"async\" width=\"150\" height=\"150\" src=\"https:\/\/www.radiopiu.net\/wordpress\/wp-content\/uploads\/2022\/10\/309589034_786594725889444_1227481203426777395_n-150x150.jpg\" class=\"attachment-thumbnail size-thumbnail\" alt=\"\" \/><\/a>\n\t\t\t\t<\/dt><\/dl><dl class='gallery-item'>\n\t\t\t\t<dt class='gallery-icon portrait'>\n\t\t\t\t\t<a class=\"rollover rollover-zoom dt-pswp-item\" title=\"309442281_485629960156624_4576643986596108604_n\" data-dt-img-description=\"\" data-large_image_width=\"160\" data-large_image_height=\"222\"href='https:\/\/www.radiopiu.net\/wordpress\/wp-content\/uploads\/2022\/10\/309442281_485629960156624_4576643986596108604_n.jpg'><img loading=\"lazy\" decoding=\"async\" width=\"150\" height=\"150\" src=\"https:\/\/www.radiopiu.net\/wordpress\/wp-content\/uploads\/2022\/10\/309442281_485629960156624_4576643986596108604_n-150x150.jpg\" class=\"attachment-thumbnail size-thumbnail\" alt=\"\" \/><\/a>\n\t\t\t\t<\/dt><\/dl><dl class='gallery-item'>\n\t\t\t\t<dt class='gallery-icon portrait'>\n\t\t\t\t\t<a class=\"rollover rollover-zoom dt-pswp-item\" title=\"310006527_1491625684674325_7776127429282291900_n\" data-dt-img-description=\"\" data-large_image_width=\"155\" data-large_image_height=\"280\"href='https:\/\/www.radiopiu.net\/wordpress\/wp-content\/uploads\/2022\/10\/310006527_1491625684674325_7776127429282291900_n.jpg'><img loading=\"lazy\" decoding=\"async\" width=\"150\" height=\"150\" src=\"https:\/\/www.radiopiu.net\/wordpress\/wp-content\/uploads\/2022\/10\/310006527_1491625684674325_7776127429282291900_n-150x150.jpg\" class=\"attachment-thumbnail size-thumbnail\" alt=\"\" \/><\/a>\n\t\t\t\t<\/dt><\/dl><dl class='gallery-item'>\n\t\t\t\t<dt class='gallery-icon portrait'>\n\t\t\t\t\t<a class=\"rollover rollover-zoom dt-pswp-item\" title=\"309017343_1143396376260593_2816254034644547869_n\" data-dt-img-description=\"\" data-large_image_width=\"168\" data-large_image_height=\"204\"href='https:\/\/www.radiopiu.net\/wordpress\/wp-content\/uploads\/2022\/10\/309017343_1143396376260593_2816254034644547869_n.jpg'><img loading=\"lazy\" decoding=\"async\" width=\"150\" height=\"150\" src=\"https:\/\/www.radiopiu.net\/wordpress\/wp-content\/uploads\/2022\/10\/309017343_1143396376260593_2816254034644547869_n-150x150.jpg\" class=\"attachment-thumbnail size-thumbnail\" alt=\"\" \/><\/a>\n\t\t\t\t<\/dt><\/dl><dl class='gallery-item'>\n\t\t\t\t<dt class='gallery-icon portrait'>\n\t\t\t\t\t<a class=\"rollover rollover-zoom dt-pswp-item\" title=\"309366548_631438528656247_2183156759180652948_n\" data-dt-img-description=\"\" data-large_image_width=\"173\" data-large_image_height=\"201\"href='https:\/\/www.radiopiu.net\/wordpress\/wp-content\/uploads\/2022\/10\/309366548_631438528656247_2183156759180652948_n.jpg'><img loading=\"lazy\" decoding=\"async\" width=\"150\" height=\"150\" src=\"https:\/\/www.radiopiu.net\/wordpress\/wp-content\/uploads\/2022\/10\/309366548_631438528656247_2183156759180652948_n-150x150.jpg\" class=\"attachment-thumbnail size-thumbnail\" alt=\"\" \/><\/a>\n\t\t\t\t<\/dt><\/dl><dl class='gallery-item'>\n\t\t\t\t<dt class='gallery-icon portrait'>\n\t\t\t\t\t<a class=\"rollover rollover-zoom dt-pswp-item\" title=\"309749121_623737886151771_2984220541443534484_n\" data-dt-img-description=\"\" data-large_image_width=\"156\" data-large_image_height=\"240\"href='https:\/\/www.radiopiu.net\/wordpress\/wp-content\/uploads\/2022\/10\/309749121_623737886151771_2984220541443534484_n.jpg'><img loading=\"lazy\" decoding=\"async\" width=\"150\" height=\"150\" src=\"https:\/\/www.radiopiu.net\/wordpress\/wp-content\/uploads\/2022\/10\/309749121_623737886151771_2984220541443534484_n-150x150.jpg\" class=\"attachment-thumbnail size-thumbnail\" alt=\"\" \/><\/a>\n\t\t\t\t<\/dt><\/dl><dl class='gallery-item'>\n\t\t\t\t<dt class='gallery-icon portrait'>\n\t\t\t\t\t<a class=\"rollover rollover-zoom dt-pswp-item\" title=\"310068070_423894699884518_4309502333538869808_n\" data-dt-img-description=\"\" data-large_image_width=\"156\" data-large_image_height=\"296\"href='https:\/\/www.radiopiu.net\/wordpress\/wp-content\/uploads\/2022\/10\/310068070_423894699884518_4309502333538869808_n.jpg'><img loading=\"lazy\" decoding=\"async\" width=\"150\" height=\"150\" src=\"https:\/\/www.radiopiu.net\/wordpress\/wp-content\/uploads\/2022\/10\/310068070_423894699884518_4309502333538869808_n-150x150.jpg\" class=\"attachment-thumbnail size-thumbnail\" alt=\"\" \/><\/a>\n\t\t\t\t<\/dt><\/dl><br style=\"clear: both\" \/>\n\t\t\t<\/div>\n\n<\/div>\n<div dir=\"auto\" role=\"none\"><\/div>\n<div class=\"x1yc453h x126k92a x6prxxf x1fc57z9 xzsf02u\" dir=\"auto\" role=\"none\">NELLE FOTO (riproduzioni dal libro \u201cLe Chiese dell\u2019antica Pieve di Cadola\u201d): la copertina della pubblicazione; l\u2019autore del volume, prof. Flavio Vizzutti; introduzione del catastico della Chiesa di Cadola, 1783; pilastrino mutilo oggi murato a fianco della vecchia canonica di Cadola; fonte battesimale che ricorda il pievano Sebastiano Salatini e la data di inaugurazione: aprile 1585 nella cappellina dell\u2019arcipretale (copertura lignea dello scultore contemporaneo Valentino Riva di Alleghe); Cesare Vecellio: \u201cVergine con Bimbo in trono tra i santi Giovanni Battista e Girolamo, arcipretale di Cadola; Nicol\u00f2 De Stefani: \u201cVergine con Bimbo tra i santi Lorenzo e Giovanni Battista, Losego, chiesa di San Lorenzo; Anonimo friulano: \u201cMadonna della Salute\u201d, parrocchiale di Polpet-Ponte nelle Alpi; Anonimo: \u201cSanti Matteo e Mattia\u201d, parrocchiale di Quantin; Anonimo: \u201cSant\u2019Apollonia\u201d, chiesa di Santa Caterina Ponte nelle Alpi; Francesco Frigimelica \u201cil Vecchio\u201d: \u201cVergine con Bimbo tra i santi Silvestro papa e Giorgio, chiesa di San Silvestro di Cugnan; stesso autore: \u201cVergine con Bimbo tra i santi Antonio abate e Giovanni Battista, chiesa di San Bartolomeo di Vich; Antonio Bettio: \u201cVergine con il Bimbo tra i santi Floriano e Giuseppe, parrocchiale di Col di Cugnan; Paolo De Filippi: \u201cTrinit\u00e0 ed i santi Antonio da Padova e Nicol\u00f2, parrocchiale di Polpet-Ponte nelle Alpi.<\/div>\n<\/div>\n<\/div>\n<div class=\"xkh2ocl x78zum5 xdt5ytf x1h91t0o x13a6bvl x193iq5w x1iyjqo2 xcrg951\" role=\"none\">\n<div class=\"x1iyjqo2 x1r8uery\" role=\"none\"><\/div>\n<\/div>\n<p>&nbsp;<\/p>\n<p>&nbsp;<\/p>\n<\/div>\n<p>&nbsp;<\/p>\n<div class=\"do00u71z l9j0dhe7 k4urcfbm\">\n<div class=\"ecm0bbzt e5nlhep0 a8c37x1j\">\n<div class=\"kvgmc6g5 cxmmr5t8 oygrvhab hcukyx3x c1et5uql\">\n<div class=\"gmail-kvgmc6g5 gmail-cxmmr5t8 gmail-oygrvhab gmail-hcukyx3x gmail-c1et5uql gmail-ii04i59q\">\n<div class=\"page-title-head hgroup\">\n<div class=\"page-title-head hgroup\">\n<div class=\"b654a4as d2edcug0\">\n<div class=\"j83agx80 btwxx1t3 lhclo0ds hop8lmos nkwizq5d scwd0bx6 roh60bw9\">\n<div class=\"rq0escxv hkbzh7o3 jwdofwj8 n8tt0mok r8blr3vg hyh9befq\">\n<div class=\"do00u71z l9j0dhe7 k4urcfbm\">\n<div class=\"mkdf-post-text\">\n<div class=\"mkdf-post-text-inner\">\n<div class=\"mkdf-post-text-main\">\n<div class=\"mkdf-post-text\">\n<div class=\"mkdf-post-text-inner\">\n<div class=\"mkdf-post-text-main\">\n<div class=\"mkdf-post-text\">\n<div class=\"mkdf-post-text-inner\">\n<div class=\"mkdf-post-text-main\">\n<div class=\"page-title-head hgroup\">\n<div class=\"page-title-head hgroup\">\n<div class=\"mkdf-post-text\">\n<div class=\"mkdf-post-text-inner\">\n<div class=\"mkdf-post-text-main\">\n<div class=\"mkdf-post-text\">\n<div class=\"mkdf-post-text-inner\">\n<div class=\"mkdf-post-text-main\">\n<div class=\"page-title-head hgroup\">\n<div class=\"page-title-head hgroup\">\n<div class=\"page-title-head hgroup\">\n<div class=\"page-title-head hgroup\">\n<div class=\"b654a4as d2edcug0\">\n<div class=\"page-title-head hgroup\">\n<div class=\"page-title-head hgroup\">\n<div class=\"page-title-head hgroup\">\n<div class=\"page-title-head hgroup\">\n<div class=\"b654a4as d2edcug0\">\n<div class=\"page-title-head hgroup\">\n<div class=\"page-title-head hgroup\">\n<div class=\"page-title-head hgroup\">\n<div class=\"page-title-head hgroup\">\n<div class=\"b654a4as d2edcug0\">\n<div class=\"mkdf-post-text\">\n<div class=\"mkdf-post-text-inner\">\n<div class=\"mkdf-post-text-main\">\n<div class=\"mkdf-post-text\">\n<div class=\"mkdf-post-text-inner\">\n<div class=\"mkdf-post-text-main\">\n<div class=\"mkdf-post-text\">\n<div class=\"mkdf-post-text-inner\">\n<div class=\"mkdf-post-text-main\">\n<div class=\"page-title-head hgroup\">\n<div class=\"page-title-head hgroup\">\n<div class=\"mkdf-post-text\">\n<div class=\"mkdf-post-text-inner\">\n<div class=\"mkdf-post-text-main\">\n<div class=\"mkdf-post-text\">\n<div class=\"mkdf-post-text-inner\">\n<div class=\"mkdf-post-text-main\">\n<div class=\"page-title-head hgroup\">\n<div class=\"page-title-head hgroup\">\n<div class=\"page-title-head hgroup\">\n<div class=\"page-title-head hgroup\">\n<div class=\"b654a4as d2edcug0\">\n<div class=\"page-title-head hgroup\">\n<div class=\"page-title-head hgroup\">\n<div class=\"page-title-head hgroup\">\n<div class=\"page-title-head hgroup\">\n<div class=\"b654a4as d2edcug0\">\n<div class=\"page-title-head hgroup\">\n<div class=\"page-title-head hgroup\">\n<div class=\"page-title-head hgroup\">\n<div class=\"page-title-head hgroup\">\n<div class=\"b654a4as d2edcug0\">\n<hr \/>\n<p>&nbsp;<\/p>\n<h2><span style=\"color: #ff6600;\">COLLAGE OPERAZIONE NOSTALGIA<\/span><\/h2>\n<p><strong><a class=\"dt-pswp-item\" href=\"https:\/\/www.radiopiu.net\/wordpress\/wp-content\/uploads\/2022\/10\/Frank-Sinatra.jpg\" data-dt-img-description=\"\" data-large_image_width=\"300\" data-large_image_height=\"299\"><img loading=\"lazy\" decoding=\"async\" class=\"wp-image-300796 alignleft\" src=\"https:\/\/www.radiopiu.net\/wordpress\/wp-content\/uploads\/2022\/10\/Frank-Sinatra.jpg\" alt=\"\" width=\"116\" height=\"116\" srcset=\"https:\/\/www.radiopiu.net\/wordpress\/wp-content\/uploads\/2022\/10\/Frank-Sinatra.jpg 300w, https:\/\/www.radiopiu.net\/wordpress\/wp-content\/uploads\/2022\/10\/Frank-Sinatra-150x150.jpg 150w\" sizes=\"auto, (max-width: 116px) 100vw, 116px\" \/><\/a>di Loris Scussel<\/strong><\/p>\n<p>Prosegue la nuova programmazione di Collage operazione nostalgia con la messa in onda delle canzoni in ordine alfabetico che questa settimana \u00e8 dedicata a quelle il cui titolo inizia con le lettere F, G, H, I, L. Come sempre i generi diversi si intrecceranno tra loro e potremo ascoltare brani come: Fly me to the moon, Goldfinger, Ho difeso il mio amore, Io per lei, Layla e cos\u00ec via. Collage va in onda dal luned\u00ec al venerd\u00ec alle 16,00 ed in replica alle 23,00 naturalmente su Radio Pi\u00f9.<\/p>\n<p><strong>LA PUNTATA DEL LUNEDI<\/strong><\/p>\n<audio class=\"wp-audio-shortcode\" id=\"audio-301061-13\" preload=\"none\" style=\"width: 100%;\" controls=\"controls\"><source type=\"audio\/mpeg\" src=\"https:\/\/www.radiopiu.net\/wordpress\/wp-content\/uploads\/2022\/10\/Collage-636.mp3?_=13\" \/><a href=\"https:\/\/www.radiopiu.net\/wordpress\/wp-content\/uploads\/2022\/10\/Collage-636.mp3\">https:\/\/www.radiopiu.net\/wordpress\/wp-content\/uploads\/2022\/10\/Collage-636.mp3<\/a><\/audio>\n<p>&nbsp;<\/p>\n<p><strong>PUNTATA DEL MARTEDI<\/strong><\/p>\n<audio class=\"wp-audio-shortcode\" id=\"audio-301061-14\" preload=\"none\" style=\"width: 100%;\" controls=\"controls\"><source type=\"audio\/mpeg\" src=\"https:\/\/www.radiopiu.net\/wordpress\/wp-content\/uploads\/2022\/10\/Collage-637.mp3?_=14\" \/><a href=\"https:\/\/www.radiopiu.net\/wordpress\/wp-content\/uploads\/2022\/10\/Collage-637.mp3\">https:\/\/www.radiopiu.net\/wordpress\/wp-content\/uploads\/2022\/10\/Collage-637.mp3<\/a><\/audio>\n<p>&nbsp;<\/p>\n<p>&nbsp;<\/p>\n<hr \/>\n<p>&nbsp;<\/p>\n<div>\n<blockquote class=\"wp-embedded-content\" data-secret=\"jiwMS7daAi\"><p><a href=\"https:\/\/www.radiopiu.net\/wordpress\/odio-la-radio-dieci-anni-dopo-di-mirko-mezzacasa\/\">&#8220;ODIO LA RADIO&#8221;&#8230; DIECI ANNI DOPO, di Mirko Mezzacasa<\/a><\/p><\/blockquote>\n<p><iframe loading=\"lazy\" class=\"wp-embedded-content\" sandbox=\"allow-scripts\" security=\"restricted\" style=\"position: absolute; clip: rect(1px, 1px, 1px, 1px);\" title=\"&#8220;&#8220;ODIO LA RADIO&#8221;&#8230; DIECI ANNI DOPO, di Mirko Mezzacasa&#8221; &#8212; Radio Pi\u00f9\" src=\"https:\/\/www.radiopiu.net\/wordpress\/odio-la-radio-dieci-anni-dopo-di-mirko-mezzacasa\/embed\/#?secret=6JKtqraIZC#?secret=jiwMS7daAi\" data-secret=\"jiwMS7daAi\" width=\"600\" height=\"338\" frameborder=\"0\" marginwidth=\"0\" marginheight=\"0\" scrolling=\"no\"><\/iframe><\/p>\n<p>&nbsp;<\/p>\n<p>&nbsp;<\/p>\n<p>&nbsp;<\/p>\n<hr \/>\n<p>&nbsp;<\/p>\n<p><a class=\"dt-pswp-item\" href=\"https:\/\/www.radiopiu.net\/wordpress\/wp-content\/uploads\/2018\/09\/WhatsApp-Image-2018-09-20-at-16.04.06.jpeg\" data-dt-img-description=\"\" data-large_image_width=\"800\" data-large_image_height=\"100\"><img loading=\"lazy\" decoding=\"async\" class=\"aligncenter wp-image-61378 size-full\" src=\"https:\/\/www.radiopiu.net\/wordpress\/wp-content\/uploads\/2018\/09\/WhatsApp-Image-2018-09-20-at-16.04.06.jpeg\" alt=\"\" width=\"800\" height=\"100\" srcset=\"https:\/\/www.radiopiu.net\/wordpress\/wp-content\/uploads\/2018\/09\/WhatsApp-Image-2018-09-20-at-16.04.06.jpeg 800w, https:\/\/www.radiopiu.net\/wordpress\/wp-content\/uploads\/2018\/09\/WhatsApp-Image-2018-09-20-at-16.04.06-300x38.jpeg 300w, https:\/\/www.radiopiu.net\/wordpress\/wp-content\/uploads\/2018\/09\/WhatsApp-Image-2018-09-20-at-16.04.06-768x96.jpeg 768w\" sizes=\"auto, (max-width: 800px) 100vw, 800px\" \/><\/a><\/p>\n<p>&nbsp;<\/p>\n<p><center><b>Mercoledi 12<\/b><\/center><b>Tempo atteso: <\/b>Al mattino sulle Dolomiti velato, su Prealpi nubi basse anche persistenti e velature in arrivo in tarda mattinata. Da met\u00e0 giornata generale irregolare aumento della nuvolosit\u00e0 su Dolomiti per qualche addensamento e per nubi alte su Prealpi. In serata nuova formazione di nubi basse possibile sia nei fondovalle Prealpini che Dolomitici.<br \/>\n<b>Precipitazioni: <\/b>Assenti al mattino, nel pomeriggio\/sera non del tutto esclusa qualche goccia o breve isolato piovasco su Dolomiti (20%).<br \/>\n<b>Temperature: <\/b>Senza notevoli variazioni rispetto a marted\u00ec in quota, in lieve aumento le minime nei fondovalle interessati da nubi basse. Su Prealpi a 1500 m: min 8 max 11, a 2000 m: min 5 max 7 Dolomiti &#8211; a 2000 m: min 5 max 9, a 3000 m: min -1 max 0<br \/>\n<b>Venti: <\/b>Venti perlopi\u00f9 deboli per brezze nelle valli, localmente e a tratti moderati nei settori solitamente pi\u00f9 ventilati; in quota deboli o molto deboli da ovest nord-ovest a 5-15 km\/h sia a 2000 m che a 3000 m.<\/p>\n<hr \/>\n<p><center><b>Giovedi 13<\/b><\/center><b>Tempo atteso: <\/b>Fino al primo mattino nuvolosit\u00e0 irregolare specie su Prealpi,poi schiarite via via pi\u00f9 ampie a partire da Dolomiti in estensione a Prealpi fino a poco nuvoloso o parzialmente nuvoloso. Nel pomeriggio passaggio di velature. In serata nuova formazione di nubi basse.<br \/>\n<b>Precipitazioni: <\/b>Al mattino assenti, nel pomeriggio\/sera non del tutto esclusa qualche goccia o isolato breve piovasco su Dolomiti (10%).<br \/>\n<b>Temperature: <\/b>Pressoch\u00e8 stazionarie. Su Prealpi a 1500 m: min 8 max 11, a 2000 m: min 5 max 6 Dolomiti &#8211; a 2000 m: min 5 max 8, a 3000 m: min -1 max 0<br \/>\n<b>Venti: <\/b>Venti deboli di direzione variabile nelle valli, salvo locali rinforzi; in quota deboli da occidentali a 5-15 km\/h sia a 2000 m che a 3000 m.<\/p>\n<hr \/>\n<p><center><b>Venerdi 14<\/b><\/center>Fino al primo mattino possibili nubi basse, poi schiarite anche ampie in giornata con passaggio di velature assieme a qualche addensamento. In serata aumento della nuvolosit\u00e0 alta da ovest. Precipitazioni generalmente assenti o poco probabile qualche goccia qua e l\u00e0 su Dolomiti. Temperature pressoch\u00e8 stazionarie o in lieve calo in quota. Venti in quota deboli\/moderati da sudovest al mattino in rotazione da nordovest nel pomeriggio.<\/p>\n<hr \/>\n<p><center><b>Sabato 15<\/b><\/center>Parzialmente soleggiato per il transito di nubi alte e sottili a tratti anche estese. Temperature in lieve aumento in quota. Venti in quota deboli\/moderati occidentali, deboli variabili nelle valli. Previsore: DDL<\/p>\n<p>&nbsp;<\/p>\n<hr \/>\n<p>&nbsp;<\/p>\n<p><strong>OGNI GIORNO IL MERCATINO A RADIO PIU&#8217;, AL QUARANTESIMO MINUTO. IL PUNTO DI RIFERIMENTO PER CHI OFFRE O CERCA LAVORO NELL&#8217;ARCO DOLOMITICO, CENTINAIA DI VISUALIZZAZIONI AL GIORNO SUL SITO INTERNET, IN AUDIO ALLA RADIO E IN STREAMING IL TUTTO IL MONDO. IL MERCATINO DI RADIO PIU, PER INSERIRE I TUOI ANNUNCI SCRIVI A <span style=\"color: #0000ff;\">radiopiu@radiopiu.it<\/span><\/strong><\/p>\n<blockquote class=\"wp-embedded-content\" data-secret=\"TSG0jflph4\"><p><a href=\"https:\/\/www.radiopiu.net\/wordpress\/mercatino-e-mercatino-delle-pulci-per-i-vostri-annunci-radiopiuradiopiu-it\/\">MERCATINO<\/a><\/p><\/blockquote>\n<p><iframe loading=\"lazy\" class=\"wp-embedded-content\" sandbox=\"allow-scripts\" security=\"restricted\" style=\"position: absolute; clip: rect(1px, 1px, 1px, 1px);\" title=\"&#8220;MERCATINO&#8221; &#8212; Radio Pi\u00f9\" src=\"https:\/\/www.radiopiu.net\/wordpress\/mercatino-e-mercatino-delle-pulci-per-i-vostri-annunci-radiopiuradiopiu-it\/embed\/#?secret=LM3o0PWRE1#?secret=TSG0jflph4\" data-secret=\"TSG0jflph4\" width=\"600\" height=\"338\" frameborder=\"0\" marginwidth=\"0\" marginheight=\"0\" scrolling=\"no\"><\/iframe><\/p>\n<\/div>\n<p>&nbsp;<\/p>\n<p>&nbsp;<\/p>\n<div>\n<hr \/>\n<p>&nbsp;<\/p>\n<p><a href=\"https:\/\/www.radiopiu.net\/wordpress\/giornale-radiopiu-26-settembre-2018-direttore-mirko-mezzacasa\/viabilita-2\/\" rel=\"attachment wp-att-61954\"><img loading=\"lazy\" decoding=\"async\" class=\"aligncenter wp-image-61954 size-full\" src=\"https:\/\/www.radiopiu.net\/wordpress\/wp-content\/uploads\/2018\/09\/viabilita.jpeg\" sizes=\"auto, (max-width: 800px) 100vw, 800px\" srcset=\"https:\/\/www.radiopiu.net\/wordpress\/wp-content\/uploads\/2018\/09\/viabilita.jpeg 800w, https:\/\/www.radiopiu.net\/wordpress\/wp-content\/uploads\/2018\/09\/viabilita-300x38.jpeg 300w, https:\/\/www.radiopiu.net\/wordpress\/wp-content\/uploads\/2018\/09\/viabilita-768x96.jpeg 768w\" alt=\"\" width=\"800\" height=\"100\" \/><\/a><\/p>\n<p>&nbsp;<\/p>\n<blockquote>\n<h3>SP 8 DI SAN TOMASO, PROROGATA LA CHIUSURA A FASCE ORARIE FINO ALL&#8217;11 NOVEMBRE<\/h3>\n<\/blockquote>\n<p><strong><img loading=\"lazy\" decoding=\"async\" class=\"alignleft\" src=\"https:\/\/www.radiopiu.net\/wordpress\/wp-content\/uploads\/2021\/11\/81aa72cc-d66b-44fa-afd5-7103ae531a24.jpg\" width=\"154\" height=\"113\" \/>SAN TOMASO<\/strong> Da un mese sono iniziati i lavori sulla SP 8 di San Tomaso a Col Zares\u00e8. Veneto Strade ha comunicato la proroga dell&#8217;ordinanza fino al 11 novembre. E\u2019 dal 17 luglio del 2014 che per raggiungere San Tomaso da Cencenighe \u00e8 d\u2019obbligo il rispetto del semaforo, ma dalla prossima stagione autunnale a lavori terminati e micropali piantati tutto cambier\u00e0. Ai residenti soprattutto viene richiesto ancora un sacrificio, ma pur di rivedere aperta quella strada nella sua normalit\u00e0 \u00e8 giustificato e lecito. Fino al 11 novembre, esclusi festivi e prefestivi, la strada chiuder\u00e0 totalmente dalle 7.15 alle 12.45 e dalle 14.15 alle 17.45. Negli altri orari senso unico alternato regolato da semaforo.<\/p>\n<p><em><strong>DIVIETO DI TRANSITO VEICOLARE A FADES DI LA VALLE AGORDINA TRA L&#8217;INCROCIO CON LA SR 347 E IL CIVICO 2. FINO AL 18 NOVEMBRE, SABATO, DOMENICA E FESTIVI COMPRESI. IL DIVIETO AVRA&#8217; EFFICACIA NEI GIORNI DI EFFETTIVA ESECUZIONE DEL CANTIERE.\u00a0\u00a0<\/strong><\/em><\/p>\n<p>&nbsp;<\/p>\n<p><strong>AGGIORNAMENTO VENETO STRADE, AGGIORNAMENTO CONTINUO H 24<\/strong><\/p>\n<p>&nbsp;<\/p>\n<blockquote class=\"wp-embedded-content\" data-secret=\"1bwA1IpBc9\"><p><a href=\"https:\/\/www.radiopiu.net\/wordpress\/viabilita\/\">viabilita<\/a><\/p><\/blockquote>\n<p><iframe loading=\"lazy\" class=\"wp-embedded-content\" sandbox=\"allow-scripts\" security=\"restricted\" style=\"position: absolute; clip: rect(1px, 1px, 1px, 1px);\" title=\"&#8220;viabilita&#8221; &#8212; Radio Pi\u00f9\" src=\"https:\/\/www.radiopiu.net\/wordpress\/viabilita\/embed\/#?secret=EuwCJL9pUL#?secret=1bwA1IpBc9\" data-secret=\"1bwA1IpBc9\" width=\"600\" height=\"338\" frameborder=\"0\" marginwidth=\"0\" marginheight=\"0\" scrolling=\"no\"><\/iframe><\/p>\n<p>&nbsp;<\/p>\n<p>&nbsp;<\/p>\n<p>&nbsp;<\/p>\n<hr \/>\n<p>&nbsp;<\/p>\n<p>&nbsp;<\/p>\n<p><img loading=\"lazy\" decoding=\"async\" class=\"wp-image-60761 size-full aligncenter\" src=\"https:\/\/www.radiopiu.net\/wordpress\/wp-content\/uploads\/2018\/09\/sport.jpg\" alt=\"\" width=\"800\" height=\"100\" srcset=\"https:\/\/www.radiopiu.net\/wordpress\/wp-content\/uploads\/2018\/09\/sport.jpg 800w, https:\/\/www.radiopiu.net\/wordpress\/wp-content\/uploads\/2018\/09\/sport-300x38.jpg 300w, https:\/\/www.radiopiu.net\/wordpress\/wp-content\/uploads\/2018\/09\/sport-768x96.jpg 768w\" sizes=\"auto, (max-width: 800px) 100vw, 800px\" \/><\/p>\n<p>&nbsp;<\/p>\n<p>&nbsp;<\/p>\n<p><span style=\"color: #0000ff;\"><strong>CALCIO<\/strong><\/span><\/p>\n<blockquote>\n<h3>UN INIZIO DI STAGIONE TRA ALTI E BASSI PER IL LE VILLE CSI<\/h3>\n<\/blockquote>\n<p><strong><a class=\"dt-pswp-item\" href=\"https:\/\/www.radiopiu.net\/wordpress\/wp-content\/uploads\/2020\/09\/US-LE-VILLE.jpg\" data-dt-img-description=\"\" data-large_image_width=\"585\" data-large_image_height=\"576\"><img loading=\"lazy\" decoding=\"async\" class=\"wp-image-163077 alignleft\" src=\"https:\/\/www.radiopiu.net\/wordpress\/wp-content\/uploads\/2020\/09\/US-LE-VILLE-300x295.jpg\" alt=\"\" width=\"131\" height=\"129\" srcset=\"https:\/\/www.radiopiu.net\/wordpress\/wp-content\/uploads\/2020\/09\/US-LE-VILLE-300x295.jpg 300w, https:\/\/www.radiopiu.net\/wordpress\/wp-content\/uploads\/2020\/09\/US-LE-VILLE-80x80.jpg 80w, https:\/\/www.radiopiu.net\/wordpress\/wp-content\/uploads\/2020\/09\/US-LE-VILLE-488x480.jpg 488w, https:\/\/www.radiopiu.net\/wordpress\/wp-content\/uploads\/2020\/09\/US-LE-VILLE.jpg 585w\" sizes=\"auto, (max-width: 131px) 100vw, 131px\" \/><\/a>AGORDO<\/strong> Continua con alti e bassi la stagione del Le Ville nel campionato CSI Open. Due sconfitte e una vittoria per la squadra allenata da Romano Costantini che sabato scorso ha perso di misura contro il Belluno All Fit. \u00c8 bastato un gol per decidere la sfida di Voltago dove la formazione agordina aveva fatto vedere un buon gioco per tutta la durata del match. Per la seconda volta arriva una sconfitta immeritata e la prossima settimana i ragazzi di Agordo saranno di nuovo in campo per la prima trasferta stagionale contro il Chies.<\/p>\n<p><strong>DANIEL FARENZENA, GIOCATORE DEL LE VILLE<\/strong><\/p>\n<audio class=\"wp-audio-shortcode\" id=\"audio-301061-15\" preload=\"none\" style=\"width: 100%;\" controls=\"controls\"><source type=\"audio\/mpeg\" src=\"https:\/\/www.radiopiu.net\/wordpress\/wp-content\/uploads\/2022\/10\/DANIEL-FARENZENA.mp3?_=15\" \/><a href=\"https:\/\/www.radiopiu.net\/wordpress\/wp-content\/uploads\/2022\/10\/DANIEL-FARENZENA.mp3\">https:\/\/www.radiopiu.net\/wordpress\/wp-content\/uploads\/2022\/10\/DANIEL-FARENZENA.mp3<\/a><\/audio>\n<p>&nbsp;<\/p>\n<p>&nbsp;<\/p>\n<hr \/>\n<p>&nbsp;<\/p>\n<p><span style=\"color: #0000ff;\"><strong>HOCKEY SU GHIACCIO<\/strong><\/span><\/p>\n<blockquote>\n<h3>LO SVEDESE PATRIC COLTON RINFORZA L&#8217;ATTACCO DELL&#8217;ALLEGHE HOCKEY<\/h3>\n<\/blockquote>\n<p><strong>di Roberto Miana, portavoce dell&#8217;Alleghe Hockey<\/strong><\/p>\n<p>\u00c8 svedese il secondo straniero delle Civette. Con grande piacere il presidente Adriano Levis annuncia Patric Colton: attaccante centro, ventiduenne (classe 2000) stecca sinistra, un metro e ottanta per ottanta chili, proviene dal Kumla HC partecipante all\u2019hockey Ettan, campionato nazionale di terza divisione svedese. Nelle ultime due stagioni in 75 partite disputate ha messo a referto 15 reti e 21 assist. Descritto come buon playmaker, proviene dalla stessa lega dalla quale la passata stagione i dirigenti agordini avevano pescato il connazionale Joshua Berger, arrivato sotto al Civetta con numeri che erano la met\u00e0 di quelli di Patric ma sappiamo come Joshua ad Alleghe abbia fatto un ottima stagione con 32 punti in 30 gare. Colton fino dai primi contatti con la dirigenza di via Lungolago ha mostrato grande interesse per il campionato italiano, accettando di buon grado la proposta della societ\u00e0 biancorossa. Arrivato gioved\u00ec sera ad Alleghe, si \u00e8 dimostrato ragazzo educato, integrandosi fin da subito con il gruppo dei nuovi compagni. Il suo esordio con la maglia delle Civette dovrebbe avvenire sabato contro i Falcons Bressanone, gara in programma al PalaFeltre di Feltre, sabato 15 ottobre alle 20:30. V\u00e4lkommen Patric!!!<\/p>\n\n\t\t\t<style type='text\/css'>\n\t\t\t\t#gallery-7 {\n\t\t\t\t\tmargin: auto;\n\t\t\t\t}\n\t\t\t\t#gallery-7 .gallery-item {\n\t\t\t\t\tfloat: left;\n\t\t\t\t\tmargin-top: 10px;\n\t\t\t\t\ttext-align: center;\n\t\t\t\t\twidth: 50%;\n\t\t\t\t}\n\t\t\t\t#gallery-7 img {\n\t\t\t\t\tborder: 2px solid #cfcfcf;\n\t\t\t\t}\n\t\t\t\t#gallery-7 .gallery-caption {\n\t\t\t\t\tmargin-left: 0;\n\t\t\t\t}\n\t\t\t\t\/* see gallery_shortcode() in wp-includes\/media.php *\/\n\t\t\t<\/style>\n\t\t<div id='gallery-7' class='dt-gallery-container gallery galleryid-301061 gallery-columns-2 gallery-size-medium'><dl class='gallery-item'>\n\t\t\t\t<dt class='gallery-icon landscape'>\n\t\t\t\t\t<a class=\"rollover rollover-zoom dt-pswp-item\" title=\"26414eca-ada0-41d3-a3ac-15bce0d2940b\" data-dt-img-description=\"\" data-large_image_width=\"500\" data-large_image_height=\"396\"href='https:\/\/www.radiopiu.net\/wordpress\/wp-content\/uploads\/2022\/10\/26414eca-ada0-41d3-a3ac-15bce0d2940b.jpg'><img loading=\"lazy\" decoding=\"async\" width=\"300\" height=\"238\" src=\"https:\/\/www.radiopiu.net\/wordpress\/wp-content\/uploads\/2022\/10\/26414eca-ada0-41d3-a3ac-15bce0d2940b-300x238.jpg\" class=\"attachment-medium size-medium\" alt=\"\" srcset=\"https:\/\/www.radiopiu.net\/wordpress\/wp-content\/uploads\/2022\/10\/26414eca-ada0-41d3-a3ac-15bce0d2940b-300x238.jpg 300w, https:\/\/www.radiopiu.net\/wordpress\/wp-content\/uploads\/2022\/10\/26414eca-ada0-41d3-a3ac-15bce0d2940b.jpg 500w\" sizes=\"auto, (max-width: 300px) 100vw, 300px\" \/><\/a>\n\t\t\t\t<\/dt><\/dl><dl class='gallery-item'>\n\t\t\t\t<dt class='gallery-icon landscape'>\n\t\t\t\t\t<a class=\"rollover rollover-zoom dt-pswp-item\" title=\"47a1d3bb-6f01-4711-bbf5-0c7bf44faa45\" data-dt-img-description=\"\" data-large_image_width=\"400\" data-large_image_height=\"290\"href='https:\/\/www.radiopiu.net\/wordpress\/wp-content\/uploads\/2022\/10\/47a1d3bb-6f01-4711-bbf5-0c7bf44faa45.jpg'><img loading=\"lazy\" decoding=\"async\" width=\"300\" height=\"218\" src=\"https:\/\/www.radiopiu.net\/wordpress\/wp-content\/uploads\/2022\/10\/47a1d3bb-6f01-4711-bbf5-0c7bf44faa45-300x218.jpg\" class=\"attachment-medium size-medium\" alt=\"\" srcset=\"https:\/\/www.radiopiu.net\/wordpress\/wp-content\/uploads\/2022\/10\/47a1d3bb-6f01-4711-bbf5-0c7bf44faa45-300x218.jpg 300w, https:\/\/www.radiopiu.net\/wordpress\/wp-content\/uploads\/2022\/10\/47a1d3bb-6f01-4711-bbf5-0c7bf44faa45.jpg 400w\" sizes=\"auto, (max-width: 300px) 100vw, 300px\" \/><\/a>\n\t\t\t\t<\/dt><\/dl><br style=\"clear: both\" \/>\n\t\t\t<\/div>\n\n<p>&nbsp;<\/p>\n<hr \/>\n<p>&nbsp;<\/p>\n<p><span style=\"color: #0000ff;\"><strong>TIRO A SEGNO<\/strong><\/span><\/p>\n<blockquote>\n<h3>TIRO A SEGNO DI PONTE NELLE ALPI. ORFEO SALCE CAMPIONE ITALIANO<\/h3>\n<\/blockquote>\n<p><strong><a class=\"dt-pswp-item\" href=\"https:\/\/www.radiopiu.net\/wordpress\/wp-content\/uploads\/2022\/10\/Orfeo_Salce_sul_podio.jpg\" data-dt-img-description=\"\" data-large_image_width=\"1320\" data-large_image_height=\"1795\"><img loading=\"lazy\" decoding=\"async\" class=\"wp-image-301132 alignleft\" src=\"https:\/\/www.radiopiu.net\/wordpress\/wp-content\/uploads\/2022\/10\/Orfeo_Salce_sul_podio-221x300.jpg\" alt=\"\" width=\"77\" height=\"104\" srcset=\"https:\/\/www.radiopiu.net\/wordpress\/wp-content\/uploads\/2022\/10\/Orfeo_Salce_sul_podio-221x300.jpg 221w, https:\/\/www.radiopiu.net\/wordpress\/wp-content\/uploads\/2022\/10\/Orfeo_Salce_sul_podio-753x1024.jpg 753w, https:\/\/www.radiopiu.net\/wordpress\/wp-content\/uploads\/2022\/10\/Orfeo_Salce_sul_podio-768x1044.jpg 768w, https:\/\/www.radiopiu.net\/wordpress\/wp-content\/uploads\/2022\/10\/Orfeo_Salce_sul_podio-1130x1536.jpg 1130w, https:\/\/www.radiopiu.net\/wordpress\/wp-content\/uploads\/2022\/10\/Orfeo_Salce_sul_podio.jpg 1320w\" sizes=\"auto, (max-width: 77px) 100vw, 77px\" \/><\/a>PONTE NELLE ALPI <\/strong>Il Tiro a Segno Nazionale di Ponte nelle Alpi conquista un titolo italiano. E il merito \u00e8 di Orfeo Salce: il migliore in assoluto nella categoria \u201cRevolver B\u201d.Le finali del Campionato nazionale di tiro rapido sportivo sono andate in scena a Verona, lo scorso fine settimana. E hanno coinvolto 130 sezioni di tiro e 760 atleti, provenienti da ogni angolo dello Stivale, isole comprese.Alla fase conclusiva hanno partecipato in 293. E fra loro anche il neo campione italiano, Orfeo Salce. Il quale, per\u00f2, non era l\u2019unico portacolori della societ\u00e0 pontalpina: a Verona c\u2019era pure Romeo Bridda, classificatosi in dodicesima posizione. Un buonissimo piazzamento, quindi.<\/p>\n<p>&nbsp;<\/p>\n<\/div>\n<\/div>\n<\/div>\n<\/div>\n<\/div>\n<\/div>\n<\/div>\n<\/div>\n<\/div>\n<\/div>\n<\/div>\n<\/div>\n<\/div>\n<\/div>\n<\/div>\n<\/div>\n<\/div>\n<\/div>\n<\/div>\n<\/div>\n<\/div>\n<\/div>\n<\/div>\n<\/div>\n<\/div>\n<\/div>\n<\/div>\n<\/div>\n<\/div>\n<\/div>\n<\/div>\n<\/div>\n<\/div>\n<\/div>\n<\/div>\n<\/div>\n<\/div>\n<\/div>\n<\/div>\n<\/div>\n<\/div>\n<\/div>\n<\/div>\n<\/div>\n<\/div>\n<\/div>\n<\/div>\n<\/div>\n<\/div>\n<\/div>\n<\/div>\n<\/div>\n<\/div>\n<\/div>\n<\/div>\n<\/div>\n<\/div>\n<\/div>\n<\/div>\n<\/div>\n<\/div>\n<\/div>\n<\/div>\n<\/div>\n<\/div>\n<\/div>\n<\/div>\n<\/div>\n<\/div>\n<\/div>\n<\/div>\n<\/div>\n<\/div>\n<\/div>\n<\/div>\n<\/div>\n<\/div>\n<\/div>\n<\/div>\n<\/div>\n<\/div>\n<\/div>\n<\/div>\n","protected":false},"excerpt":{"rendered":"<p>RADIO PIU INFORMAZIONE il canale su TELEGRAM informazione di prima\u00a0\u00a0mano e in tempo reale. iscriviti ed aiutaci a farlo conoscere I colori incredibili del autunno con noi di girovagando in Ebike nelle Dolomiti &nbsp; &nbsp; &nbsp; &nbsp; &nbsp; &nbsp; RIVAMONTE AGORDINO: Chiusura temporanea Ecocentro per manifestazione \u201cRiva l\u2019Oktoberfest\u201d AGORDO L\u2019Ecocentro di Rivamonte Agordino rimarr\u00e0 chiuso&hellip;<\/p>\n","protected":false},"author":4,"featured_media":301257,"comment_status":"closed","ping_status":"closed","sticky":false,"template":"","format":"standard","meta":{"_monsterinsights_skip_tracking":false,"_monsterinsights_sitenote_active":false,"_monsterinsights_sitenote_note":"","_monsterinsights_sitenote_category":0,"footnotes":""},"categories":[51,86,49],"tags":[],"class_list":["post-301061","post","type-post","status-publish","format-standard","has-post-thumbnail","hentry","category-evidenza-top","category-gr","category-news-18","category-51","category-86","category-49","description-off"],"img_url":"https:\/\/www.radiopiu.net\/wordpress\/wp-content\/uploads\/2022\/10\/310632808_3337976883109432_1452871070155808281_n.jpg","_links":{"self":[{"href":"https:\/\/www.radiopiu.net\/wordpress\/wp-json\/wp\/v2\/posts\/301061","targetHints":{"allow":["GET"]}}],"collection":[{"href":"https:\/\/www.radiopiu.net\/wordpress\/wp-json\/wp\/v2\/posts"}],"about":[{"href":"https:\/\/www.radiopiu.net\/wordpress\/wp-json\/wp\/v2\/types\/post"}],"author":[{"embeddable":true,"href":"https:\/\/www.radiopiu.net\/wordpress\/wp-json\/wp\/v2\/users\/4"}],"replies":[{"embeddable":true,"href":"https:\/\/www.radiopiu.net\/wordpress\/wp-json\/wp\/v2\/comments?post=301061"}],"version-history":[{"count":0,"href":"https:\/\/www.radiopiu.net\/wordpress\/wp-json\/wp\/v2\/posts\/301061\/revisions"}],"wp:featuredmedia":[{"embeddable":true,"href":"https:\/\/www.radiopiu.net\/wordpress\/wp-json\/wp\/v2\/media\/301257"}],"wp:attachment":[{"href":"https:\/\/www.radiopiu.net\/wordpress\/wp-json\/wp\/v2\/media?parent=301061"}],"wp:term":[{"taxonomy":"category","embeddable":true,"href":"https:\/\/www.radiopiu.net\/wordpress\/wp-json\/wp\/v2\/categories?post=301061"},{"taxonomy":"post_tag","embeddable":true,"href":"https:\/\/www.radiopiu.net\/wordpress\/wp-json\/wp\/v2\/tags?post=301061"}],"curies":[{"name":"wp","href":"https:\/\/api.w.org\/{rel}","templated":true}]}}