{"id":301073,"date":"2022-10-11T05:40:05","date_gmt":"2022-10-11T03:40:05","guid":{"rendered":"https:\/\/www.radiopiu.net\/wordpress\/?p=301073"},"modified":"2022-10-11T07:56:36","modified_gmt":"2022-10-11T05:56:36","slug":"lezione-di-ignoranza-da-c","status":"publish","type":"post","link":"https:\/\/www.radiopiu.net\/wordpress\/lezione-di-ignoranza-da-c\/","title":{"rendered":"DEBORA SERRACCHIANI, LEZIONE DI IGNORANZA DA CHI E&#8217; STATO A CAPO DELLA CAMERA DEI DEPUTATI"},"content":{"rendered":"<p><a class=\"dt-pswp-item\" href=\"https:\/\/www.radiopiu.net\/wordpress\/wp-content\/uploads\/2022\/10\/Senza-nome-23.jpg\" data-dt-img-description=\"\" data-large_image_width=\"622\" data-large_image_height=\"628\"><img loading=\"lazy\" decoding=\"async\" class=\"size-medium wp-image-301074 aligncenter\" src=\"https:\/\/www.radiopiu.net\/wordpress\/wp-content\/uploads\/2022\/10\/Senza-nome-23-297x300.jpg\" alt=\"\" width=\"297\" height=\"300\" srcset=\"https:\/\/www.radiopiu.net\/wordpress\/wp-content\/uploads\/2022\/10\/Senza-nome-23-297x300.jpg 297w, https:\/\/www.radiopiu.net\/wordpress\/wp-content\/uploads\/2022\/10\/Senza-nome-23.jpg 622w\" sizes=\"auto, (max-width: 297px) 100vw, 297px\" \/><\/a><\/p>\n<p>Non c&#8217;\u00e8 molto da aggiungere se non ricordare che la &#8220;docente&#8221; di questa lezione di ignoranza (da ignorare la storia) \u00e8 Debora Serrachiani, gi\u00e0 presidente del Friuli Venezia Giulia (parlamentare del Partito Democratico) e gi\u00e0 a capo della Camera dei Deputati. La donna non conosce la storia, la diga non \u00e8 certo crollata, a provocare le 1910 vittime il 9 ottobre del 1963 \u00e8 stato ben altro come si sa. A poco sono servite le scuse, sui social \u00e8 stato intenso il dibattito e il sarcasmo come chi ha scritto &#8220;Serrachiani l&#8217;ha ricostruita lei la diga?&#8221;<\/p>\n<p>&nbsp;<\/p>\n<p>__<\/p>\n","protected":false},"excerpt":{"rendered":"<p>Non c&#8217;\u00e8 molto da aggiungere se non ricordare che la &#8220;docente&#8221; di questa lezione di ignoranza (da ignorare la storia) \u00e8 Debora Serrachiani, gi\u00e0 presidente del Friuli Venezia Giulia (parlamentare del Partito Democratico) e gi\u00e0 a capo della Camera dei Deputati. La donna non conosce la storia, la diga non \u00e8 certo crollata, a provocare&hellip;<\/p>\n","protected":false},"author":4,"featured_media":301074,"comment_status":"closed","ping_status":"closed","sticky":false,"template":"","format":"standard","meta":{"_monsterinsights_skip_tracking":false,"_monsterinsights_sitenote_active":false,"_monsterinsights_sitenote_note":"","_monsterinsights_sitenote_category":0,"footnotes":""},"categories":[104,49],"tags":[],"class_list":["post-301073","post","type-post","status-publish","format-standard","has-post-thumbnail","hentry","category-evidenza_3","category-news-18","category-104","category-49","description-off"],"img_url":"https:\/\/www.radiopiu.net\/wordpress\/wp-content\/uploads\/2022\/10\/Senza-nome-23.jpg","_links":{"self":[{"href":"https:\/\/www.radiopiu.net\/wordpress\/wp-json\/wp\/v2\/posts\/301073","targetHints":{"allow":["GET"]}}],"collection":[{"href":"https:\/\/www.radiopiu.net\/wordpress\/wp-json\/wp\/v2\/posts"}],"about":[{"href":"https:\/\/www.radiopiu.net\/wordpress\/wp-json\/wp\/v2\/types\/post"}],"author":[{"embeddable":true,"href":"https:\/\/www.radiopiu.net\/wordpress\/wp-json\/wp\/v2\/users\/4"}],"replies":[{"embeddable":true,"href":"https:\/\/www.radiopiu.net\/wordpress\/wp-json\/wp\/v2\/comments?post=301073"}],"version-history":[{"count":0,"href":"https:\/\/www.radiopiu.net\/wordpress\/wp-json\/wp\/v2\/posts\/301073\/revisions"}],"wp:featuredmedia":[{"embeddable":true,"href":"https:\/\/www.radiopiu.net\/wordpress\/wp-json\/wp\/v2\/media\/301074"}],"wp:attachment":[{"href":"https:\/\/www.radiopiu.net\/wordpress\/wp-json\/wp\/v2\/media?parent=301073"}],"wp:term":[{"taxonomy":"category","embeddable":true,"href":"https:\/\/www.radiopiu.net\/wordpress\/wp-json\/wp\/v2\/categories?post=301073"},{"taxonomy":"post_tag","embeddable":true,"href":"https:\/\/www.radiopiu.net\/wordpress\/wp-json\/wp\/v2\/tags?post=301073"}],"curies":[{"name":"wp","href":"https:\/\/api.w.org\/{rel}","templated":true}]}}