{"id":301100,"date":"2022-10-11T04:00:26","date_gmt":"2022-10-11T02:00:26","guid":{"rendered":"https:\/\/www.radiopiu.net\/wordpress\/?p=301100"},"modified":"2022-10-12T06:25:10","modified_gmt":"2022-10-12T04:25:10","slug":"lo-svedese-patric-colton-rinforza-lattacco-dellalleghe-hockey","status":"publish","type":"post","link":"https:\/\/www.radiopiu.net\/wordpress\/lo-svedese-patric-colton-rinforza-lattacco-dellalleghe-hockey\/","title":{"rendered":"LO SVEDESE PATRIC COLTON RINFORZA L&#8217;ATTACCO DELL&#8217;ALLEGHE HOCKEY"},"content":{"rendered":"<p><strong>di Roberto Miana, portavoce dell&#8217;Alleghe Hockey<\/strong><\/p>\n<p>\u00c8 svedese il secondo straniero delle Civette. Con grande piacere il presidente Adriano Levis annuncia Patric Colton: attaccante centro, ventiduenne (classe 2000) stecca sinistra, un metro e ottanta per ottanta chili, proviene dal Kumla HC partecipante all\u2019hockey Ettan, campionato nazionale di terza divisione svedese. Nelle ultime due stagioni in 75 partite disputate ha messo a referto 15 reti e 21 assist. Descritto come buon playmaker, proviene dalla stessa lega dalla quale la passata stagione i dirigenti agordini avevano pescato il connazionale Joshua Berger, arrivato sotto al Civetta con numeri che erano la met\u00e0 di quelli di Patric ma sappiamo come Joshua ad Alleghe abbia fatto un ottima stagione con 32 punti in 30 gare. Colton fino dai primi contatti con la dirigenza di via Lungolago ha mostrato grande interesse per il campionato italiano, accettando di buon grado la proposta della societ\u00e0 biancorossa. Arrivato gioved\u00ec sera ad Alleghe, si \u00e8 dimostrato ragazzo educato, integrandosi fin da subito con il gruppo dei nuovi compagni. Il suo esordio con la maglia delle Civette dovrebbe avvenire sabato contro i Falcons Bressanone, gara in programma al PalaFeltre di Feltre, sabato 15 ottobre alle 20:30. V\u00e4lkommen Patric!!!<\/p>\n\n\t\t\t<style type='text\/css'>\n\t\t\t\t#gallery-1 {\n\t\t\t\t\tmargin: auto;\n\t\t\t\t}\n\t\t\t\t#gallery-1 .gallery-item {\n\t\t\t\t\tfloat: left;\n\t\t\t\t\tmargin-top: 10px;\n\t\t\t\t\ttext-align: center;\n\t\t\t\t\twidth: 50%;\n\t\t\t\t}\n\t\t\t\t#gallery-1 img {\n\t\t\t\t\tborder: 2px solid #cfcfcf;\n\t\t\t\t}\n\t\t\t\t#gallery-1 .gallery-caption {\n\t\t\t\t\tmargin-left: 0;\n\t\t\t\t}\n\t\t\t\t\/* see gallery_shortcode() in wp-includes\/media.php *\/\n\t\t\t<\/style>\n\t\t<div id='gallery-1' class='dt-gallery-container gallery galleryid-301100 gallery-columns-2 gallery-size-medium'><dl class='gallery-item'>\n\t\t\t\t<dt class='gallery-icon landscape'>\n\t\t\t\t\t<a class=\"rollover rollover-zoom dt-pswp-item\" title=\"26414eca-ada0-41d3-a3ac-15bce0d2940b\" data-dt-img-description=\"\" data-large_image_width=\"500\" data-large_image_height=\"396\"href='https:\/\/www.radiopiu.net\/wordpress\/wp-content\/uploads\/2022\/10\/26414eca-ada0-41d3-a3ac-15bce0d2940b.jpg'><img loading=\"lazy\" decoding=\"async\" width=\"300\" height=\"238\" src=\"https:\/\/www.radiopiu.net\/wordpress\/wp-content\/uploads\/2022\/10\/26414eca-ada0-41d3-a3ac-15bce0d2940b-300x238.jpg\" class=\"attachment-medium size-medium\" alt=\"\" srcset=\"https:\/\/www.radiopiu.net\/wordpress\/wp-content\/uploads\/2022\/10\/26414eca-ada0-41d3-a3ac-15bce0d2940b-300x238.jpg 300w, https:\/\/www.radiopiu.net\/wordpress\/wp-content\/uploads\/2022\/10\/26414eca-ada0-41d3-a3ac-15bce0d2940b.jpg 500w\" sizes=\"auto, (max-width: 300px) 100vw, 300px\" \/><\/a>\n\t\t\t\t<\/dt><\/dl><dl class='gallery-item'>\n\t\t\t\t<dt class='gallery-icon landscape'>\n\t\t\t\t\t<a class=\"rollover rollover-zoom dt-pswp-item\" title=\"47a1d3bb-6f01-4711-bbf5-0c7bf44faa45\" data-dt-img-description=\"\" data-large_image_width=\"400\" data-large_image_height=\"290\"href='https:\/\/www.radiopiu.net\/wordpress\/wp-content\/uploads\/2022\/10\/47a1d3bb-6f01-4711-bbf5-0c7bf44faa45.jpg'><img loading=\"lazy\" decoding=\"async\" width=\"300\" height=\"218\" src=\"https:\/\/www.radiopiu.net\/wordpress\/wp-content\/uploads\/2022\/10\/47a1d3bb-6f01-4711-bbf5-0c7bf44faa45-300x218.jpg\" class=\"attachment-medium size-medium\" alt=\"\" srcset=\"https:\/\/www.radiopiu.net\/wordpress\/wp-content\/uploads\/2022\/10\/47a1d3bb-6f01-4711-bbf5-0c7bf44faa45-300x218.jpg 300w, https:\/\/www.radiopiu.net\/wordpress\/wp-content\/uploads\/2022\/10\/47a1d3bb-6f01-4711-bbf5-0c7bf44faa45.jpg 400w\" sizes=\"auto, (max-width: 300px) 100vw, 300px\" \/><\/a>\n\t\t\t\t<\/dt><\/dl><br style=\"clear: both\" \/>\n\t\t\t<\/div>\n\n<p>&nbsp;<\/p>\n<p>&nbsp;<\/p>\n<p>*******<\/p>\n","protected":false},"excerpt":{"rendered":"<p>di Roberto Miana, portavoce dell&#8217;Alleghe Hockey \u00c8 svedese il secondo straniero delle Civette. Con grande piacere il presidente Adriano Levis annuncia Patric Colton: attaccante centro, ventiduenne (classe 2000) stecca sinistra, un metro e ottanta per ottanta chili, proviene dal Kumla HC partecipante all\u2019hockey Ettan, campionato nazionale di terza divisione svedese. Nelle ultime due stagioni in&hellip;<\/p>\n","protected":false},"author":4,"featured_media":301102,"comment_status":"closed","ping_status":"closed","sticky":false,"template":"","format":"standard","meta":{"_monsterinsights_skip_tracking":false,"_monsterinsights_sitenote_active":false,"_monsterinsights_sitenote_note":"","_monsterinsights_sitenote_category":0,"footnotes":""},"categories":[104,49],"tags":[],"class_list":["post-301100","post","type-post","status-publish","format-standard","has-post-thumbnail","hentry","category-evidenza_3","category-news-18","category-104","category-49","description-off"],"img_url":"https:\/\/www.radiopiu.net\/wordpress\/wp-content\/uploads\/2022\/10\/47a1d3bb-6f01-4711-bbf5-0c7bf44faa45.jpg","_links":{"self":[{"href":"https:\/\/www.radiopiu.net\/wordpress\/wp-json\/wp\/v2\/posts\/301100","targetHints":{"allow":["GET"]}}],"collection":[{"href":"https:\/\/www.radiopiu.net\/wordpress\/wp-json\/wp\/v2\/posts"}],"about":[{"href":"https:\/\/www.radiopiu.net\/wordpress\/wp-json\/wp\/v2\/types\/post"}],"author":[{"embeddable":true,"href":"https:\/\/www.radiopiu.net\/wordpress\/wp-json\/wp\/v2\/users\/4"}],"replies":[{"embeddable":true,"href":"https:\/\/www.radiopiu.net\/wordpress\/wp-json\/wp\/v2\/comments?post=301100"}],"version-history":[{"count":0,"href":"https:\/\/www.radiopiu.net\/wordpress\/wp-json\/wp\/v2\/posts\/301100\/revisions"}],"wp:featuredmedia":[{"embeddable":true,"href":"https:\/\/www.radiopiu.net\/wordpress\/wp-json\/wp\/v2\/media\/301102"}],"wp:attachment":[{"href":"https:\/\/www.radiopiu.net\/wordpress\/wp-json\/wp\/v2\/media?parent=301100"}],"wp:term":[{"taxonomy":"category","embeddable":true,"href":"https:\/\/www.radiopiu.net\/wordpress\/wp-json\/wp\/v2\/categories?post=301100"},{"taxonomy":"post_tag","embeddable":true,"href":"https:\/\/www.radiopiu.net\/wordpress\/wp-json\/wp\/v2\/tags?post=301100"}],"curies":[{"name":"wp","href":"https:\/\/api.w.org\/{rel}","templated":true}]}}