{"id":301147,"date":"2022-10-12T05:52:59","date_gmt":"2022-10-12T03:52:59","guid":{"rendered":"https:\/\/www.radiopiu.net\/wordpress\/?p=301147"},"modified":"2022-10-12T06:21:55","modified_gmt":"2022-10-12T04:21:55","slug":"aumento-delle-rette-nelle-rsa-cisl-no-ai-rincari-i-costi-non-ricadano-sugli-anziani-e-sulle-famiglie","status":"publish","type":"post","link":"https:\/\/www.radiopiu.net\/wordpress\/aumento-delle-rette-nelle-rsa-cisl-no-ai-rincari-i-costi-non-ricadano-sugli-anziani-e-sulle-famiglie\/","title":{"rendered":"AUMENTO DELLE RETTE NELLE RSA, CISL: \u201cNO AI RINCARI, I COSTI NON RICADANO SUGLI ANZIANI E SULLE FAMIGLIE\u201d"},"content":{"rendered":"<p><strong><a class=\"dt-pswp-item\" href=\"https:\/\/www.radiopiu.net\/wordpress\/wp-content\/uploads\/2020\/11\/Schermata-2020-11-11-alle-12.25.13.png\" data-dt-img-description=\"\" data-large_image_width=\"594\" data-large_image_height=\"310\"><img loading=\"lazy\" decoding=\"async\" class=\"size-medium wp-image-172025 alignleft\" src=\"https:\/\/www.radiopiu.net\/wordpress\/wp-content\/uploads\/2020\/11\/Schermata-2020-11-11-alle-12.25.13-300x157.png\" alt=\"\" width=\"300\" height=\"157\" srcset=\"https:\/\/www.radiopiu.net\/wordpress\/wp-content\/uploads\/2020\/11\/Schermata-2020-11-11-alle-12.25.13-300x157.png 300w, https:\/\/www.radiopiu.net\/wordpress\/wp-content\/uploads\/2020\/11\/Schermata-2020-11-11-alle-12.25.13.png 594w\" sizes=\"auto, (max-width: 300px) 100vw, 300px\" \/><\/a>BELLUNO <\/strong>\u201c<em>Aumentare le rette delle case di riposo non \u00e8 la soluzione al problema dell\u2019impennata dei costi delle strutture, ma finir\u00e0 per aggravarlo, costringendo le famiglie a caricarsi sulle spalle il peso intero della gestione dei propri anziani e portando all\u2019aumento dei ricoveri impropri e delle file nei Pronto soccorso, con le criticit\u00e0 gi\u00e0 viste in passato<\/em>\u201d. La Cisl Belluno Treviso e le Federazioni della Funzione pubblica, dei Pensionati e dei Servizi privati dicono no al ritocco delle rette delle case di riposo paventato da alcuni istituti e gi\u00e0 messo in atto da alcune Rsa per far fronte al caro-energia. \u201c<em>Non possiamo pensare, a due anni dallo scoppio della pandemia, che ha visto gli anziani delle Rsa, le loro famiglie e il personale in servizio pagare un prezzo altissimo in termini di isolamento, morti e turni infiniti, che si possano ancora adottare strategie di \u2018contenimento\u2019 della spesa mettendo in campo l\u2019aumento delle tariffe, la riduzione del personale e la diminuzione del minutaggio assistenziale<\/em>\u201d, affermano Teresa Merotto della segreteria territoriale della Cisl, Franco Marcuzzo, Patrizia Manca e Mario De Boni, rispettivamente segretari generali della Fnp, della Fisascat e della Fp Belluno Treviso.\u00a0 \u201c<em>Il problema dei costi e della sostenibilit\u00e0 economica \u00e8 grave &#8211; spiegano i rappresentanti della Cisl &#8211; ma non pu\u00f2 essere affrontato facendolo ricadere esclusivamente sugli anziani e sulle loro famiglie, gi\u00e0 pesantemente provate dai rincari delle bollette e dall\u2019inflazione. Occorre andare oltre le risposte estemporanee date rincorrendo le continue emergenze (la pandemia, la carenza di personale, l\u2019emergenza energetica) con soluzioni-tampone: servono interventi che riescano a coniugare la sostenibilit\u00e0 economica con la qualit\u00e0 delle cure alle persone anziane e il benessere lavorativo degli operatori, cos\u00ec come va affrontato in modo strutturale il problema della carenza del personale sanitario e socio-assistenziale delle Rsa<\/em>\u201d. La soluzione, secondo la Cisl e le sue Federazioni, potr\u00e0 arrivare solo da un ripensamento del modello di gestione dell\u2019assistenza socio-sanitaria: una riorganizzazione complessiva del sistema delle cure e una rivisitazione della rete dei servizi determinate dall\u2019evoluzione dei bisogni della societ\u00e0, segnata dalla crescita delle patologie di tipo cognitivo, dal bisogno crescente di aiuto delle famiglie, dalla necessit\u00e0 di garantire qualit\u00e0 della vita e benessere ad anziani, famiglie e operatori. Nuove esigenze che richiedono una politica dei servizi integrata, capace di diversificare l\u2019offerta per renderla pi\u00f9 flessibile, aperta e adeguata alle mutate esigenze delle persone. La persona fragile per la Cisl deve essere posta al centro del sistema e va rispettato e tutelato il suo diritto ad una vecchiaia dignitosa. \u201c<em>Per questo &#8211; proseguono Merotto, Marcuzzo, Manca e De Boni &#8211; occorre mettere in atto politiche di integrazione fra i servizi, fra le Rsa e le cure domiciliari, le realt\u00e0 di cohousing e le abitazioni protette, per rendere possibili anche soluzioni intermedie fra \u2018l\u2019essere a casa propria\u2019 e l\u2019assistenza residenziale, ripensando gli spazi e i legami con il territorio, facendo coesistere pi\u00f9 modelli articolati in base ai bisogni di cura e all\u2019intensit\u00e0 assistenziale necessaria, senza sprecare i fondi del Pnrr<\/em>\u201d. Ma per la Cisl servono anche sinergie e aggregazioni funzionali fra le strutture per abbattere i costi di gestione, snellire e razionalizzare gli apparati burocratico-amministrativi delle Rsa e adottare strategie comuni al fine del risparmio sugli acquisti e sulle forniture (centrali uniche di acquisto). Come \u00e8 necessario ripensare l\u2019organizzazione del lavoro, i profili e le mansioni del personale, diversificando tra addetti ai servizi generali e addetti all\u2019assistenza alla persona, che devono occuparsi prioritariamente della cura e dell\u2019assistenza, non come accade ancora oggi in alcune strutture private in cui il personale deve occuparsi anche della pulizia e sanificazione, del rifacimento letti, della predisposizione della sala ristorazione. Tutte mansioni importanti, ma che possono essere svolte da personale non qualificato addetto ai servizi generali. Altro punto importante \u00e8 intervenire a livello retributivo per valorizzare il lavoro di cura ed equiparare i contratti del personale che afferisce al settore privato, come Rsa, coop sociali, fondazioni e aziende consortili a quelli della sanit\u00e0 pubblica ospedaliera, cercando cos\u00ec di porre un argine alla fuga del personale sanitario dalle strutture residenziali. \u201c<em>Le organizzazioni sindacali, dal livello regionale a quello territoriale &#8211; concludono i rappresentanti della Cisl e delle sue Federazioni &#8211; sono pronte alla collaborazione e alla condivisione di strategie ed obiettivi, con il fine comune di trovare soluzioni a favore delle persone pi\u00f9 fragili. Il rispetto degli anziani e della loro dignit\u00e0 \u00e8 la misura del grado di civilt\u00e0 della nostra societ\u00e0<\/em>\u201d.<\/p>\n<p>&nbsp;<\/p>\n<p>&nbsp;<\/p>\n<p>*****<\/p>\n","protected":false},"excerpt":{"rendered":"<p>BELLUNO \u201cAumentare le rette delle case di riposo non \u00e8 la soluzione al problema dell\u2019impennata dei costi delle strutture, ma finir\u00e0 per aggravarlo, costringendo le famiglie a caricarsi sulle spalle il peso intero della gestione dei propri anziani e portando all\u2019aumento dei ricoveri impropri e delle file nei Pronto soccorso, con le criticit\u00e0 gi\u00e0 viste&hellip;<\/p>\n","protected":false},"author":4,"featured_media":172025,"comment_status":"closed","ping_status":"closed","sticky":false,"template":"","format":"standard","meta":{"_monsterinsights_skip_tracking":false,"_monsterinsights_sitenote_active":false,"_monsterinsights_sitenote_note":"","_monsterinsights_sitenote_category":0,"footnotes":""},"categories":[51,49],"tags":[],"class_list":["post-301147","post","type-post","status-publish","format-standard","has-post-thumbnail","hentry","category-evidenza-top","category-news-18","category-51","category-49","description-off"],"img_url":"https:\/\/www.radiopiu.net\/wordpress\/wp-content\/uploads\/2020\/11\/Schermata-2020-11-11-alle-12.25.13.png","_links":{"self":[{"href":"https:\/\/www.radiopiu.net\/wordpress\/wp-json\/wp\/v2\/posts\/301147","targetHints":{"allow":["GET"]}}],"collection":[{"href":"https:\/\/www.radiopiu.net\/wordpress\/wp-json\/wp\/v2\/posts"}],"about":[{"href":"https:\/\/www.radiopiu.net\/wordpress\/wp-json\/wp\/v2\/types\/post"}],"author":[{"embeddable":true,"href":"https:\/\/www.radiopiu.net\/wordpress\/wp-json\/wp\/v2\/users\/4"}],"replies":[{"embeddable":true,"href":"https:\/\/www.radiopiu.net\/wordpress\/wp-json\/wp\/v2\/comments?post=301147"}],"version-history":[{"count":0,"href":"https:\/\/www.radiopiu.net\/wordpress\/wp-json\/wp\/v2\/posts\/301147\/revisions"}],"wp:featuredmedia":[{"embeddable":true,"href":"https:\/\/www.radiopiu.net\/wordpress\/wp-json\/wp\/v2\/media\/172025"}],"wp:attachment":[{"href":"https:\/\/www.radiopiu.net\/wordpress\/wp-json\/wp\/v2\/media?parent=301147"}],"wp:term":[{"taxonomy":"category","embeddable":true,"href":"https:\/\/www.radiopiu.net\/wordpress\/wp-json\/wp\/v2\/categories?post=301147"},{"taxonomy":"post_tag","embeddable":true,"href":"https:\/\/www.radiopiu.net\/wordpress\/wp-json\/wp\/v2\/tags?post=301147"}],"curies":[{"name":"wp","href":"https:\/\/api.w.org\/{rel}","templated":true}]}}