{"id":301250,"date":"2022-10-11T05:31:52","date_gmt":"2022-10-11T03:31:52","guid":{"rendered":"https:\/\/www.radiopiu.net\/wordpress\/?p=301250"},"modified":"2022-10-19T06:35:27","modified_gmt":"2022-10-19T04:35:27","slug":"un-convegno-sulla-specializzazione-geotecnica-al-follador","status":"publish","type":"post","link":"https:\/\/www.radiopiu.net\/wordpress\/un-convegno-sulla-specializzazione-geotecnica-al-follador\/","title":{"rendered":"UN CONVEGNO SULLA SPECIALIZZAZIONE GEOTECNICA\u00a0 AL FOLLADOR\u00a0"},"content":{"rendered":"<blockquote>\n<h2><\/h2>\n<\/blockquote>\n<p>&nbsp;<\/p>\n<p><strong><a class=\"dt-pswp-item\" href=\"https:\/\/www.radiopiu.net\/wordpress\/wp-content\/uploads\/2020\/10\/FOLLADOR-DE-ROSSI-scaled.jpg\" data-dt-img-description=\"\" data-large_image_width=\"2560\" data-large_image_height=\"1193\"><img loading=\"lazy\" decoding=\"async\" class=\"size-medium wp-image-164367 alignleft\" src=\"https:\/\/www.radiopiu.net\/wordpress\/wp-content\/uploads\/2020\/10\/FOLLADOR-DE-ROSSI-300x140.jpg\" alt=\"\" width=\"300\" height=\"140\" srcset=\"https:\/\/www.radiopiu.net\/wordpress\/wp-content\/uploads\/2020\/10\/FOLLADOR-DE-ROSSI-300x140.jpg 300w, https:\/\/www.radiopiu.net\/wordpress\/wp-content\/uploads\/2020\/10\/FOLLADOR-DE-ROSSI-1024x477.jpg 1024w, https:\/\/www.radiopiu.net\/wordpress\/wp-content\/uploads\/2020\/10\/FOLLADOR-DE-ROSSI-768x358.jpg 768w, https:\/\/www.radiopiu.net\/wordpress\/wp-content\/uploads\/2020\/10\/FOLLADOR-DE-ROSSI-1536x716.jpg 1536w, https:\/\/www.radiopiu.net\/wordpress\/wp-content\/uploads\/2020\/10\/FOLLADOR-DE-ROSSI-2048x954.jpg 2048w, https:\/\/www.radiopiu.net\/wordpress\/wp-content\/uploads\/2020\/10\/FOLLADOR-DE-ROSSI-640x298.jpg 640w\" sizes=\"auto, (max-width: 300px) 100vw, 300px\" \/><\/a>AGORDO<\/strong>\u00a0 Venerd\u00ec\u00a0 alle\u00a0 10, presso l\u2019Aula Magna \u201cA. Favretti\u201d del \u201cFollador\u201d si terr\u00e0 un convegno dedicato alla gestione del rischio idrogeologico relativo alle colate detritiche. Argomento quanto mai attuale specie nell\u2019ottica dei cambiamenti climatici.\u00a0 E&#8217; proposto dalla Regione Veneto che porter\u00e0 ad Agordo diversi esperti del settore, incontratisi a Venezia il giorno precedente,\u00a0 in un contesto ideale sia per la presenza nel territorio\u00a0 agordino di fenomeni di trasporto di massa, sia per l\u2019importanza del \u201cMinerario\u201d una scuola inserita nell\u2019ambiente, che prepara, con l\u2019attuale specializzazione Geotecnica, personale tecnico particolarmente preparato per la conoscenza e la gestione del territorio. Quanto verr\u00e0 esposto nel convegno \u00e8 frutto di un Interreg Italia Austria denominato SedInOut che ha come scopo la realizzazione di linee guida per la sostenibilit\u00e0 della mitigazione del rischio e la possibilit\u00e0 di valutare la manutenzione delle opere di difesa anche attraverso il riutilizzo economico dei materiali trasportati a valle. La decisione della Regione Veneto di coinvolgere la \u201cScuola Mineraria\u201d di Agordo \u00e8 un riconoscimento della validit\u00e0 delle attivit\u00e0 svolte dal \u201cMinerario\u201d che ha visto, in collaborazione con il CNR di Milano, la realizzazione di un progetto sulla dinamica dei processi fluviali in valle di S. Lucano\u00a0 e \u201cLa Via della Dolomia\u201d per la valorizzazione turistica del territorio agordino.<\/p>\n<p>&nbsp;<\/p>\n<p>&nbsp;<\/p>\n<p>&nbsp;<\/p>\n<hr \/>\n<p>&nbsp;<\/p>\n","protected":false},"excerpt":{"rendered":"<p>&nbsp; AGORDO\u00a0 Venerd\u00ec\u00a0 alle\u00a0 10, presso l\u2019Aula Magna \u201cA. Favretti\u201d del \u201cFollador\u201d si terr\u00e0 un convegno dedicato alla gestione del rischio idrogeologico relativo alle colate detritiche. Argomento quanto mai attuale specie nell\u2019ottica dei cambiamenti climatici.\u00a0 E&#8217; proposto dalla Regione Veneto che porter\u00e0 ad Agordo diversi esperti del settore, incontratisi a Venezia il giorno precedente,\u00a0 in&hellip;<\/p>\n","protected":false},"author":4,"featured_media":164367,"comment_status":"closed","ping_status":"closed","sticky":false,"template":"","format":"standard","meta":{"_monsterinsights_skip_tracking":false,"_monsterinsights_sitenote_active":false,"_monsterinsights_sitenote_note":"","_monsterinsights_sitenote_category":0,"footnotes":""},"categories":[104,49],"tags":[],"class_list":["post-301250","post","type-post","status-publish","format-standard","has-post-thumbnail","hentry","category-evidenza_3","category-news-18","category-104","category-49","description-off"],"img_url":"https:\/\/www.radiopiu.net\/wordpress\/wp-content\/uploads\/2020\/10\/FOLLADOR-DE-ROSSI-scaled.jpg","_links":{"self":[{"href":"https:\/\/www.radiopiu.net\/wordpress\/wp-json\/wp\/v2\/posts\/301250","targetHints":{"allow":["GET"]}}],"collection":[{"href":"https:\/\/www.radiopiu.net\/wordpress\/wp-json\/wp\/v2\/posts"}],"about":[{"href":"https:\/\/www.radiopiu.net\/wordpress\/wp-json\/wp\/v2\/types\/post"}],"author":[{"embeddable":true,"href":"https:\/\/www.radiopiu.net\/wordpress\/wp-json\/wp\/v2\/users\/4"}],"replies":[{"embeddable":true,"href":"https:\/\/www.radiopiu.net\/wordpress\/wp-json\/wp\/v2\/comments?post=301250"}],"version-history":[{"count":0,"href":"https:\/\/www.radiopiu.net\/wordpress\/wp-json\/wp\/v2\/posts\/301250\/revisions"}],"wp:featuredmedia":[{"embeddable":true,"href":"https:\/\/www.radiopiu.net\/wordpress\/wp-json\/wp\/v2\/media\/164367"}],"wp:attachment":[{"href":"https:\/\/www.radiopiu.net\/wordpress\/wp-json\/wp\/v2\/media?parent=301250"}],"wp:term":[{"taxonomy":"category","embeddable":true,"href":"https:\/\/www.radiopiu.net\/wordpress\/wp-json\/wp\/v2\/categories?post=301250"},{"taxonomy":"post_tag","embeddable":true,"href":"https:\/\/www.radiopiu.net\/wordpress\/wp-json\/wp\/v2\/tags?post=301250"}],"curies":[{"name":"wp","href":"https:\/\/api.w.org\/{rel}","templated":true}]}}