{"id":301252,"date":"2022-10-13T05:41:17","date_gmt":"2022-10-13T03:41:17","guid":{"rendered":"https:\/\/www.radiopiu.net\/wordpress\/?p=301252"},"modified":"2022-10-13T06:21:39","modified_gmt":"2022-10-13T04:21:39","slug":"giornale-radiopiu-13-ottobre-2022-direttore-mirko-mezzacasa","status":"publish","type":"post","link":"https:\/\/www.radiopiu.net\/wordpress\/giornale-radiopiu-13-ottobre-2022-direttore-mirko-mezzacasa\/","title":{"rendered":"GIORNALE RADIOPIU 13 OTTOBRE 2022 DIRETTORE MIRKO MEZZACASA"},"content":{"rendered":"<h3 class=\"kvgmc6g5 cxmmr5t8 oygrvhab hcukyx3x c1et5uql\"><span style=\"color: #0000ff;\"><strong>RADIO PIU INFORMAZIONE il canale su TELEGRAM informazione di prima\u00a0\u00a0<\/strong><strong>mano e in tempo reale. iscriviti ed aiutaci a farlo conoscere<\/strong><\/span><\/h3>\n<p>&nbsp;<\/p>\n<p>&nbsp;<\/p>\n<hr \/>\n<p>&nbsp;<\/p>\n<p><strong>RIVAMONTE AGORDINO: Chiusura temporanea Ecocentro per manifestazione \u201cRiva l\u2019Oktoberfest\u201d<\/strong><\/p>\n<p><strong>AGORDO<\/strong> L\u2019Ecocentro di Rivamonte Agordino rimarr\u00e0 chiuso sabato 15 ottobre 2022 come richiesto dal Comune per consentire lo svolgimento della manifestazione denominata \u201cRiva l\u2019Oktoberfest\u201d. Si ricorda che le utenze possono accedere a qualsiasi Ecocentro del territorio dell\u2019Unione Montana Agordina, verificando sedi e orari di apertura nella pagina ECOCENTRO.<\/p>\n<p>&nbsp;<\/p>\n<p>&nbsp;<\/p>\n<hr \/>\n<p>&nbsp;<\/p>\n<blockquote>\n<h3><a class=\"dt-pswp-item\" href=\"https:\/\/www.radiopiu.net\/wordpress\/wp-content\/uploads\/2022\/05\/download-2.jpg\" data-dt-img-description=\"\" data-large_image_width=\"225\" data-large_image_height=\"225\"><img loading=\"lazy\" decoding=\"async\" class=\"wp-image-273618 alignleft\" src=\"https:\/\/www.radiopiu.net\/wordpress\/wp-content\/uploads\/2022\/05\/download-2.jpg\" alt=\"\" width=\"122\" height=\"122\" srcset=\"https:\/\/www.radiopiu.net\/wordpress\/wp-content\/uploads\/2022\/05\/download-2.jpg 225w, https:\/\/www.radiopiu.net\/wordpress\/wp-content\/uploads\/2022\/05\/download-2-150x150.jpg 150w\" sizes=\"auto, (max-width: 122px) 100vw, 122px\" \/><\/a>ACQUA INQUINATA, AUTOBOTTI A LIVINALLONGO E COLLE SANTA LUCIA. BOLLIRE L&#8217;ACQUA NON E&#8217; SUFFICIENTE<\/h3>\n<\/blockquote>\n<p>Gestione Servizi Pubblici informa che a LIVINALLONGO IN LOCALITA&#8217; VARDA, A\u00a0 COLLE S.LUCIA in LOCALITA&#8217; RUCAVA&#8217;\u00a0 l&#8217;acqua erogata dall&#8217;acquedotto non \u00e8 potabile e non pu\u00f2 essere usata per scopi alimentari. Verr\u00e0 effettuato servizio sostitutivo con cisterna posizionata a Rucav\u00e0 di Colle Santa Lucia, Varda a Livinallongo, le Foche e Lambroi a Gosaldo.<\/p>\n<p>&nbsp;<\/p>\n<blockquote>\n<h3>ACQUA NON POTABILE A COL DE CARRERA DI TAIBON AGORDINO<\/h3>\n<\/blockquote>\n<p><strong><a class=\"dt-pswp-item\" href=\"https:\/\/www.radiopiu.net\/wordpress\/wp-content\/uploads\/2018\/08\/ACQUA.jpeg\" data-dt-img-description=\"\" data-large_image_width=\"1280\" data-large_image_height=\"768\"><img loading=\"lazy\" decoding=\"async\" class=\" wp-image-57052 alignleft\" src=\"https:\/\/www.radiopiu.net\/wordpress\/wp-content\/uploads\/2018\/08\/ACQUA-300x180.jpeg\" alt=\"\" width=\"145\" height=\"87\" srcset=\"https:\/\/www.radiopiu.net\/wordpress\/wp-content\/uploads\/2018\/08\/ACQUA-300x180.jpeg 300w, https:\/\/www.radiopiu.net\/wordpress\/wp-content\/uploads\/2018\/08\/ACQUA-768x461.jpeg 768w, https:\/\/www.radiopiu.net\/wordpress\/wp-content\/uploads\/2018\/08\/ACQUA-1024x614.jpeg 1024w, https:\/\/www.radiopiu.net\/wordpress\/wp-content\/uploads\/2018\/08\/ACQUA.jpeg 1280w\" sizes=\"auto, (max-width: 145px) 100vw, 145px\" \/><\/a>TAIBON<\/strong> Gestione Servizi Pubblici informa che a TAIBON AGORDINO in LOCALITA&#8217; COL DE CARRERA l&#8217;acqua erogata dall&#8217;acquedotto non \u00e8 potabile e non pu\u00f2 essere usata per scopi alimentari. Verr\u00e0 effettuato servizio sostitutivo con cisterna posizionata presso il CENTRO di Col De Carrera. GSP ha, comunque, gi\u00e0 adottato le necessarie misure per la disinfezione dell&#8217;acqua presente nei serbatoi e nella rete idrica con l&#8217;aggiunta di cloro.<\/p>\n<p>&nbsp;<\/p>\n<hr \/>\n<p>&nbsp;<\/p>\n<blockquote>\n<h3>PONTE DEL FELICE A LA VALLE AGORDINA, CHIUSO FINO AL 24 OTTOBRE <strong>\u00a0<\/strong><\/h3>\n<\/blockquote>\n<p><strong>LA VALLE<\/strong> E&#8217; stata prorogata l&#8217;ordinanza di chiusura del ponte del Felice tra Crostolin di Agordo e il territorio comunale di La Valle Agordina (Ronche, Noach&#8230;) Ponte chiuso h24 fino al 24 ottobre, comunque fino alla conclusione dei lavori di ristrutturazione del ponte.<\/p>\n<p>&nbsp;<\/p>\n<p>&nbsp;<\/p>\n<hr \/>\n<p>&nbsp;<\/p>\n<blockquote>\n<h2>LIMANA PIANGE ROBERTO BRISTOT, ARTISTA ED EX ASSESSORE. IL CORDOGLIO DEL CSV<\/h2>\n<p><em>&#8220;Brio&#8221; se n&#8217;\u00e8 andato dopo un intervento al cuore. E&#8217; morto all&#8217;ospedale di Treviso. Figura importante nel campo della solidariet\u00e0 e dell&#8217;impegno civile.<\/em><\/p><\/blockquote>\n<p><a class=\"dt-pswp-item\" href=\"https:\/\/www.radiopiu.net\/wordpress\/wp-content\/uploads\/2022\/10\/roberto-bristot.jpg\" data-dt-img-description=\"\" data-large_image_width=\"764\" data-large_image_height=\"765\"><img loading=\"lazy\" decoding=\"async\" class=\" wp-image-301349 alignleft\" src=\"https:\/\/www.radiopiu.net\/wordpress\/wp-content\/uploads\/2022\/10\/roberto-bristot-300x300.jpg\" alt=\"\" width=\"186\" height=\"186\" srcset=\"https:\/\/www.radiopiu.net\/wordpress\/wp-content\/uploads\/2022\/10\/roberto-bristot-300x300.jpg 300w, https:\/\/www.radiopiu.net\/wordpress\/wp-content\/uploads\/2022\/10\/roberto-bristot-150x150.jpg 150w, https:\/\/www.radiopiu.net\/wordpress\/wp-content\/uploads\/2022\/10\/roberto-bristot.jpg 764w\" sizes=\"auto, (max-width: 186px) 100vw, 186px\" \/><\/a>Il Csv Belluno Treviso \u00e8 addolorato per la perdita di Roberto \u201cBrio\u201d Bristot (61 anni), amico prima ancora che professionista. Una collaborazione nata vent\u2019anni fa con l\u2019allora Csv Belluno e che proseguiva tuttora con il nuovo ente.<br \/>\nUna personalit\u00e0 carismatica quella di Roberto, espressa tutta nel soprannome di \u201cBrio\u201d, datogli da colleghi e amici (anche se lui preferiva \u201cRoby\u201d). Difficile scindere le indubbie capacit\u00e0 tecniche, espresse soprattutto nel suo lavoro di regista ma anche nella creativit\u00e0 grafica dei suoi lavori, dalla sua sensibilit\u00e0, visto che esse andavano di pari passi nell\u2019impegno giornaliero. Dotato di grande sensibilit\u00e0, in particolare verso il mondo del volontariato, ha coniugato la sua passione e la sua competenza nel mondo del cinema con la propria vocazione al tema del sociale.<br \/>\n<a class=\"dt-pswp-item\" href=\"https:\/\/www.radiopiu.net\/wordpress\/wp-content\/uploads\/2022\/10\/roberto-bristot2.jpg\" data-dt-img-description=\"\" data-large_image_width=\"2048\" data-large_image_height=\"1152\"><img loading=\"lazy\" decoding=\"async\" class=\"size-medium wp-image-301348 alignright\" src=\"https:\/\/www.radiopiu.net\/wordpress\/wp-content\/uploads\/2022\/10\/roberto-bristot2-300x169.jpg\" alt=\"\" width=\"300\" height=\"169\" srcset=\"https:\/\/www.radiopiu.net\/wordpress\/wp-content\/uploads\/2022\/10\/roberto-bristot2-300x169.jpg 300w, https:\/\/www.radiopiu.net\/wordpress\/wp-content\/uploads\/2022\/10\/roberto-bristot2-1024x576.jpg 1024w, https:\/\/www.radiopiu.net\/wordpress\/wp-content\/uploads\/2022\/10\/roberto-bristot2-768x432.jpg 768w, https:\/\/www.radiopiu.net\/wordpress\/wp-content\/uploads\/2022\/10\/roberto-bristot2-1536x864.jpg 1536w, https:\/\/www.radiopiu.net\/wordpress\/wp-content\/uploads\/2022\/10\/roberto-bristot2.jpg 2048w\" sizes=\"auto, (max-width: 300px) 100vw, 300px\" \/><\/a>Il rapporto con il Csv si \u00e8 concretizzato, in particolare, nel 2008 in seguito a un video-laboratorio rivolto ai giovani all\u2019interno delle proposte denominate \u201cCsv in Lab\u201d, corsi formativi a tema sociale. Da qui \u00e8 nato il Laboratorio Inquadrati, in seno al Csv, con cui Roberto, al fianco in particolare del collega Emanuele Bunetto, si proponeva, allora come oggi, di raccontare il sociale in modo dinamico, promuovendolo attraverso grafica, fotografia, video. Nel 2014 nasce il progetto di comunicazione \u201cCsvLog\u201d, serie di video dedicati ai volti della solidariet\u00e0 e alle associazioni di volontariato, visibili oggi sul canale YouTube del Laboratorio Inquadrati. Tra i lavori video pi\u00f9 recenti si ricordano \u201cCome Alberi\u201d sul racconto dell\u2019apporto solidale dopo la tempesta Vaia, &#8220;Signorno&#8221; sull&#8217;obiezione di coscienza e \u201cCuorimano\u201d dedicato al volontariato bellunese. Di Roberto si ricorda anche il suo grande impegno a favore di progetti in Africa e la realizzazione di film su leggende e tradizioni locali. \u201cPer imparare, ideare, creare, produrre immagini per il sociale, educare all\u2019uso consapevole dei media e al valore delle immagini, liberando il loro potere visivo, il potere dell\u2019immaginazione, senza i confini\u201d: questo il motto di Laboratorio Inquadrati e il credo di Roberto.<\/p>\n<p>La presidente Elisa Corr\u00e0 e lo staff<\/p>\n<p>&nbsp;<\/p>\n<hr \/>\n<p>&nbsp;<\/p>\n<blockquote>\n<h2>&#8220;MI HANNO BRUCIATO LA CASA&#8221;, SUI SOCIAL LA PROPRIETARIA DEL RUSTICO DI ARSIE&#8217;<strong style=\"font-size: 14px;\">\u00a0<\/strong><\/h2>\n<\/blockquote>\n<p><strong>REDAZIONE<\/strong> Elena Villani, proprietaria del rustico distrutto da un&#8217;incendio l&#8217;altra notte sulle rive del lago del Corlo, tramite i social ha buttato li&#8217; un&#8217;ipotesi inquietante, sicuramente lo avr\u00e0 comunicato anche agli inquirenti (Vigili del Fuoco e Carabinieri) intervenuti per spegnere le fiamme e indagarne le cause. Ecco la sua dichiarazione riportata sui social network<\/p>\n<blockquote><p><em>\u00abQuando ho chiuso casa, con certezza ho chiuso il salvavita e ho chiuso il contatore. Temporali non ce ne sono stati, quindi si pu\u00f2 ben capire che \u00e8 stato un incendio doloso. Per fortuna non ero in casa\u00bb. <\/em><\/p><\/blockquote>\n<p>.Il rustico, utilizzato, come seconda casa da una famiglia della provincia di Pavia, \u00e8 andato totalmente distrutto. Quanto scritto dalla Villani gettano dubbi dubbi sull&#8217;eventuale presenza di estranei all&#8217;interno del rustico<\/p>\n<p>&nbsp;<\/p>\n<p><strong><span style=\"color: #ff0000;\">IERI ALLA RADIO<\/span><\/strong><\/p>\n<blockquote>\n<h3>IN FIAMME UN RUSTICO ADIBITO A SECONDA CASA, I VIGILI DEL FUOCO HANNO EVITATO IL PEGGIO<\/h3>\n<\/blockquote>\n<p><strong>ARSIE&#8217;<\/strong> Notte di fuoco in zona Rocca sulle rive del lago del Corlo. Un rustico adibito a seconda casa,\u00a0 \u00e8 andato completamente distrutto. I pompieri sono stati allertati attorno alle 21.30, fortunatamente in casa non c&#8217;era nessuno, i proprietari infatti abitano a Pavia. Non \u00e8 stato facile l&#8217;intervento dei Vigili del Fuoco di Feltre, Belluno e i volontari del Basso Feltrino, perch\u00e9 per arrivare in Borgata Berti la strada \u00e8 stretta e tortuosa. Ci sono voluti 300 metri di manichette antincendio semi rigide. Non sono state coinvolte altre abitazioni. I Vigili del Fuoco hanno raggiunto il luogo con i pick-up con i moduli antincendio boschivo e altri mezzi fuoristrada iniziando le operazioni di spegnimento con le fiamme che bruciavano gi\u00e0 il tetto dell\u2019abitazione. Le squadre sono riuscite a circoscrivere e spegnere le fiamme evitando un rogo generalizzato di tutta la struttura, comunque gravemente danneggiata. Al momento dell\u2019incendio l\u2019abitazione era disabitata. Al vaglio dei tecnici dei vigili del fuoco le cause delle fiamme. Le operazioni di completo spegnimento e bonifica sono terminate alle 2 circa.<\/p>\n\n\t\t\t<style type='text\/css'>\n\t\t\t\t#gallery-1 {\n\t\t\t\t\tmargin: auto;\n\t\t\t\t}\n\t\t\t\t#gallery-1 .gallery-item {\n\t\t\t\t\tfloat: left;\n\t\t\t\t\tmargin-top: 10px;\n\t\t\t\t\ttext-align: center;\n\t\t\t\t\twidth: 20%;\n\t\t\t\t}\n\t\t\t\t#gallery-1 img {\n\t\t\t\t\tborder: 2px solid #cfcfcf;\n\t\t\t\t}\n\t\t\t\t#gallery-1 .gallery-caption {\n\t\t\t\t\tmargin-left: 0;\n\t\t\t\t}\n\t\t\t\t\/* see gallery_shortcode() in wp-includes\/media.php *\/\n\t\t\t<\/style>\n\t\t<div id='gallery-1' class='dt-gallery-container gallery galleryid-301252 gallery-columns-5 gallery-size-thumbnail'><dl class='gallery-item'>\n\t\t\t\t<dt class='gallery-icon portrait'>\n\t\t\t\t\t<a class=\"rollover rollover-zoom dt-pswp-item\" title=\"fb98bebd-772f-4835-84de-b7d9c2f8905c\" data-dt-img-description=\"\" data-large_image_width=\"961\" data-large_image_height=\"1280\"href='https:\/\/www.radiopiu.net\/wordpress\/wp-content\/uploads\/2022\/10\/fb98bebd-772f-4835-84de-b7d9c2f8905c.jpg'><img loading=\"lazy\" decoding=\"async\" width=\"150\" height=\"150\" src=\"https:\/\/www.radiopiu.net\/wordpress\/wp-content\/uploads\/2022\/10\/fb98bebd-772f-4835-84de-b7d9c2f8905c-150x150.jpg\" class=\"attachment-thumbnail size-thumbnail\" alt=\"\" \/><\/a>\n\t\t\t\t<\/dt><\/dl><dl class='gallery-item'>\n\t\t\t\t<dt class='gallery-icon landscape'>\n\t\t\t\t\t<a class=\"rollover rollover-zoom dt-pswp-item\" title=\"18cc5afa-b3a4-4af1-a83f-d69d7c7ea1d1\" data-dt-img-description=\"\" data-large_image_width=\"1280\" data-large_image_height=\"960\"href='https:\/\/www.radiopiu.net\/wordpress\/wp-content\/uploads\/2022\/10\/18cc5afa-b3a4-4af1-a83f-d69d7c7ea1d1.jpg'><img loading=\"lazy\" decoding=\"async\" width=\"150\" height=\"150\" src=\"https:\/\/www.radiopiu.net\/wordpress\/wp-content\/uploads\/2022\/10\/18cc5afa-b3a4-4af1-a83f-d69d7c7ea1d1-150x150.jpg\" class=\"attachment-thumbnail size-thumbnail\" alt=\"\" \/><\/a>\n\t\t\t\t<\/dt><\/dl><dl class='gallery-item'>\n\t\t\t\t<dt class='gallery-icon landscape'>\n\t\t\t\t\t<a class=\"rollover rollover-zoom dt-pswp-item\" title=\"b4eb3dd1-3f17-451e-b5d2-14c0ee14014f\" data-dt-img-description=\"\" data-large_image_width=\"1280\" data-large_image_height=\"961\"href='https:\/\/www.radiopiu.net\/wordpress\/wp-content\/uploads\/2022\/10\/b4eb3dd1-3f17-451e-b5d2-14c0ee14014f.jpg'><img loading=\"lazy\" decoding=\"async\" width=\"150\" height=\"150\" src=\"https:\/\/www.radiopiu.net\/wordpress\/wp-content\/uploads\/2022\/10\/b4eb3dd1-3f17-451e-b5d2-14c0ee14014f-150x150.jpg\" class=\"attachment-thumbnail size-thumbnail\" alt=\"\" \/><\/a>\n\t\t\t\t<\/dt><\/dl><dl class='gallery-item'>\n\t\t\t\t<dt class='gallery-icon landscape'>\n\t\t\t\t\t<a class=\"rollover rollover-zoom dt-pswp-item\" title=\"0b1a71ad-b8d2-4907-9c90-fc0a688939de\" data-dt-img-description=\"\" data-large_image_width=\"1280\" data-large_image_height=\"961\"href='https:\/\/www.radiopiu.net\/wordpress\/wp-content\/uploads\/2022\/10\/0b1a71ad-b8d2-4907-9c90-fc0a688939de.jpg'><img loading=\"lazy\" decoding=\"async\" width=\"150\" height=\"150\" src=\"https:\/\/www.radiopiu.net\/wordpress\/wp-content\/uploads\/2022\/10\/0b1a71ad-b8d2-4907-9c90-fc0a688939de-150x150.jpg\" class=\"attachment-thumbnail size-thumbnail\" alt=\"\" \/><\/a>\n\t\t\t\t<\/dt><\/dl><dl class='gallery-item'>\n\t\t\t\t<dt class='gallery-icon landscape'>\n\t\t\t\t\t<a class=\"rollover rollover-zoom dt-pswp-item\" title=\"d8cc6d42-491c-48fe-9996-2827357d2666\" data-dt-img-description=\"\" data-large_image_width=\"1280\" data-large_image_height=\"961\"href='https:\/\/www.radiopiu.net\/wordpress\/wp-content\/uploads\/2022\/10\/d8cc6d42-491c-48fe-9996-2827357d2666.jpg'><img loading=\"lazy\" decoding=\"async\" width=\"150\" height=\"150\" src=\"https:\/\/www.radiopiu.net\/wordpress\/wp-content\/uploads\/2022\/10\/d8cc6d42-491c-48fe-9996-2827357d2666-150x150.jpg\" class=\"attachment-thumbnail size-thumbnail\" alt=\"\" \/><\/a>\n\t\t\t\t<\/dt><\/dl><br style=\"clear: both\" \/>\n\t\t\t<\/div>\n\n<hr \/>\n<p>&nbsp;<\/p>\n<blockquote>\n<h3><a class=\"dt-pswp-item\" href=\"https:\/\/www.radiopiu.net\/wordpress\/wp-content\/uploads\/2022\/10\/175067537_3844301975618378_2055588408262818026_n.jpg\" data-dt-img-description=\"\" data-large_image_width=\"2048\" data-large_image_height=\"1365\"><img loading=\"lazy\" decoding=\"async\" class=\"wp-image-301390 alignleft\" src=\"https:\/\/www.radiopiu.net\/wordpress\/wp-content\/uploads\/2022\/10\/175067537_3844301975618378_2055588408262818026_n-300x200.jpg\" alt=\"\" width=\"194\" height=\"129\" srcset=\"https:\/\/www.radiopiu.net\/wordpress\/wp-content\/uploads\/2022\/10\/175067537_3844301975618378_2055588408262818026_n-300x200.jpg 300w, https:\/\/www.radiopiu.net\/wordpress\/wp-content\/uploads\/2022\/10\/175067537_3844301975618378_2055588408262818026_n-1024x683.jpg 1024w, https:\/\/www.radiopiu.net\/wordpress\/wp-content\/uploads\/2022\/10\/175067537_3844301975618378_2055588408262818026_n-768x512.jpg 768w, https:\/\/www.radiopiu.net\/wordpress\/wp-content\/uploads\/2022\/10\/175067537_3844301975618378_2055588408262818026_n-1536x1024.jpg 1536w, https:\/\/www.radiopiu.net\/wordpress\/wp-content\/uploads\/2022\/10\/175067537_3844301975618378_2055588408262818026_n.jpg 2048w\" sizes=\"auto, (max-width: 194px) 100vw, 194px\" \/><\/a>IL CICLISTA ANDREA PIETROBON CADE A CINTO EUGANEO, RICOVERATO IN OSPEDALE<\/h3>\n<\/blockquote>\n<div class=\"articlePlainText\"><\/div>\n<div class=\"articlePlainText\">Il cadorino Andrea Pietrobon, \u00e8 caduto dalla bicicletta sabato al giro del Veneto. Grande spavento, per il ciclista di Pozzale E&#8217; stato trasportato in ospedale per verificare le condizioni di salute. In serata, sul proprio profilo Instagram Pietrobon ha pubblicato una storia, poi cancellata, nella quale parlava della frattura di tre vertebre e tre costole.<\/div>\n<div><\/div>\n<p>&nbsp;<\/p>\n<hr \/>\n<blockquote>\n<h3>AGORDO, VIOLENZE DOMESTICHE, PADRE DI FAMIGLIA A PROCESSO<\/h3>\n<\/blockquote>\n<p><strong>OGGI SUL CORRIERE DELLE ALPI<\/strong><\/p>\n<p><strong>DI GIGI SOSSO<\/strong><\/p>\n<p><strong><img loading=\"lazy\" decoding=\"async\" class=\"alignleft\" src=\"https:\/\/www.radiopiu.net\/wordpress\/wp-content\/uploads\/2020\/11\/VIOLENZA-DONNE.jpg\" width=\"176\" height=\"143\" \/>AGORDO<\/strong>\u00abFumava marijuana dalla mattina alla sera e mi maltrattava davanti ai bambini\u00bb. Ad Agordo, una donna ha portato in tribunale il padre dei suoi due figli per maltrattamenti e lesioni aggravate. L&#8217;uomo non avrebbe colpito soltanto lei, ma anche il cane e i gatti di famiglia. Qualche spinello l&#8217;hanno confermato amici, chiamati a testimoniare e c&#8217;\u00e8 un certificato del Pronto soccorso agordino. Ci sarebbero stati diversi episodi, ma il pi\u00f9 grave una domenica di aprile&#8230; La coppia sta seguendo un percorso di mediazione, che starebbe avendo dei buoni risultati. Nel frattempo in aula sono stati sentiti alcuni amici della donna. I testi della difesa Luciano Perco e l&#8217;imputato saranno ascoltati il 25 gennaio, poi discussione e sentenza di primo grado.<\/p>\n<p>&nbsp;<\/p>\n<hr \/>\n<p>&nbsp;<\/p>\n<p><span style=\"color: #ff0000;\"><strong>IERI ALLA RADIO<\/strong><\/span><\/p>\n<blockquote>\n<h2>GIORNATA MONDIALE DELLA VISTA, ONE SIGHT LUXOTTICA A FIANCO DEI PIU&#8217; PICCOLI<\/h2>\n<\/blockquote>\n<p><a class=\"dt-pswp-item\" href=\"https:\/\/www.radiopiu.net\/wordpress\/wp-content\/uploads\/2022\/10\/Senza-nome-22.jpg\" data-dt-img-description=\"\" data-large_image_width=\"193\" data-large_image_height=\"155\"><img loading=\"lazy\" decoding=\"async\" class=\"size-full wp-image-301064 alignleft\" src=\"https:\/\/www.radiopiu.net\/wordpress\/wp-content\/uploads\/2022\/10\/Senza-nome-22.jpg\" alt=\"\" width=\"193\" height=\"155\" \/><\/a><strong>AGORDO<\/strong> In occasione della Giornata Mondiale della Vista, il 13 ottobre, EssilorLuxottica e la Fondazione confermano il proprio impegno attraverso \u201cThe Right to See\u201d, una campagna di sensibilizzazione articolata su pi\u00f9 canali, oltre a iniziative volte a offrire cure oculistiche ai pi\u00f9 bisognosi a livello globale. \u00a0La OneSight EssilorLuxottica Foundation si propone di accelerare la mission di EssilorLuxottica, ovvero di aiutare le persone a vedere meglio e vivere meglio, e supportare l\u2019impegno per eliminare i problemi di vista non corretti in una generazione. In occasione della Giornata Mondiale della Vista, la OneSight EssilorLuxottica Foundation\u00a0 collabora con il fotografo americano Steve McCurry, che ha realizzato i suggestivi ritratti di due bambini, da oggi trasmessi nelle vetrine digitali della Fondazione e di EssilorLuxottica. La campagna \u00e8 supportata da tutti i brand, i team e da tutti i dipendenti del Gruppo nel mondo. <em>\u201cLa vista \u00e8 un diritto umano fondamentale e oggi sappiamo che l\u201980% dei difetti visivi nel mondo potrebbero <\/em><em>essere risolti con le soluzioni attualmente disponibili\u201d<\/em>, ha dichiarato Francesco Milleri, Presidente e Amministratore Delegato, di EssilorLuxottica. \u00a0Con la campagna \u2018The Right to See\u2019, la Fondazione conferma la propria determinazione ad affermarsi come promotrice del diritto alla vista, realizzando al contempo azioni concrete per offrire cure oculistiche ai pi\u00f9 bisognosi.\u00a0 Per maggiori informazioni su come partecipare alle iniziative della Fondazione, sui suoi pilastri strategici e sull\u2019impatto positivo che ha registrato fino ad oggi, \u00e8 possibile consultare il sito OneSight.EssilorLuxottica.com<\/p>\n<p>&nbsp;<\/p>\n<p>&nbsp;<\/p>\n<hr \/>\n<p>&nbsp;<\/p>\n<blockquote>\n<h2>&#8220;PROTEZIONE CIVILE, MATERIA COMPLESSA&#8221; IL PREFETTO INCONTRA I SINDACI<\/h2>\n<\/blockquote>\n<p><strong><img loading=\"lazy\" decoding=\"async\" class=\"alignleft\" src=\"https:\/\/www.radiopiu.net\/wordpress\/wp-content\/uploads\/2022\/10\/IMG_6756-1.jpg\" width=\"186\" height=\"140\" \/><\/strong><\/p>\n<p>&nbsp;<\/p>\n<p>&nbsp;<\/p>\n<p>&nbsp;<\/p>\n<p>&nbsp;<\/p>\n<p>&nbsp;<\/p>\n<p><strong>di Moreno Gioli<\/strong><\/p>\n<audio class=\"wp-audio-shortcode\" id=\"audio-301252-1\" preload=\"none\" style=\"width: 100%;\" controls=\"controls\"><source type=\"audio\/mpeg\" src=\"https:\/\/www.radiopiu.net\/wordpress\/wp-content\/uploads\/2022\/10\/WhatsApp-Ptt-2022-10-12-at-17.48.14-1.mp3?_=1\" \/><a href=\"https:\/\/www.radiopiu.net\/wordpress\/wp-content\/uploads\/2022\/10\/WhatsApp-Ptt-2022-10-12-at-17.48.14-1.mp3\">https:\/\/www.radiopiu.net\/wordpress\/wp-content\/uploads\/2022\/10\/WhatsApp-Ptt-2022-10-12-at-17.48.14-1.mp3<\/a><\/audio>\n<p>&nbsp;<\/p>\n<p><strong>IL PREFETTO MARIANO SAVASTANO<\/strong><\/p>\n<div style=\"width: 848px;\" class=\"wp-video\"><video class=\"wp-video-shortcode\" id=\"video-301252-1\" width=\"848\" height=\"480\" preload=\"metadata\" controls=\"controls\"><source type=\"video\/mp4\" src=\"https:\/\/www.radiopiu.net\/wordpress\/wp-content\/uploads\/2022\/10\/WhatsApp-Video-2022-10-12-at-17.22.01.mp4?_=1\" \/><a href=\"https:\/\/www.radiopiu.net\/wordpress\/wp-content\/uploads\/2022\/10\/WhatsApp-Video-2022-10-12-at-17.22.01.mp4\">https:\/\/www.radiopiu.net\/wordpress\/wp-content\/uploads\/2022\/10\/WhatsApp-Video-2022-10-12-at-17.22.01.mp4<\/a><\/video><\/div>\n<p><strong>ASSESSORE GIANPAOLO BOTTACIN<\/strong><\/p>\n<div style=\"width: 852px;\" class=\"wp-video\"><video class=\"wp-video-shortcode\" id=\"video-301252-2\" width=\"852\" height=\"480\" preload=\"metadata\" controls=\"controls\"><source type=\"video\/mp4\" src=\"https:\/\/www.radiopiu.net\/wordpress\/wp-content\/uploads\/2022\/10\/bottacin.mp4?_=2\" \/><a href=\"https:\/\/www.radiopiu.net\/wordpress\/wp-content\/uploads\/2022\/10\/bottacin.mp4\">https:\/\/www.radiopiu.net\/wordpress\/wp-content\/uploads\/2022\/10\/bottacin.mp4<\/a><\/video><\/div>\n<p>&nbsp;<\/p>\n<hr \/>\n<p>&nbsp;<\/p>\n<blockquote>\n<h2>&#8220;IO NON RISCHIO&#8221; a Feltre.<\/h2>\n<\/blockquote>\n<p><img loading=\"lazy\" decoding=\"async\" class=\"alignleft\" src=\"https:\/\/www.radiopiu.net\/wordpress\/wp-content\/uploads\/2022\/10\/46b4fbbb-1be8-4b0b-ba68-e58a5a19e503.jpg\" width=\"270\" height=\"152\" \/>FELTRE Sabato e domenica Largo Castaldi ospiter\u00e0 l&#8217;appuntamento con &#8220;Io non rischio&#8221;, l&#8217;iniziativa promossa dal Dipartimento di Protezione Civile per informare i cittadini sulle buone pratiche da mettere in atto in caso di emergenza. Feltre \u00e8 stata scelta quest&#8217;anno come sede provinciale dell&#8217;iniziativa. Il tema sar\u00e0 quello dei comportamenti da mettere in atto, in particolar modo, in caso di terremoti e maremoti. I volontari di protezione civile saranno a disposizione di tutti coloro che vogliono saperne di pi\u00f9, per la sicurezza propria e dei propri familiari, dalle 09 alle 17.<\/p>\n<p><strong>Sergio Battistella, Pres. Coord.to Prot. Civile Unione Montana Feltrina;<\/strong><\/p>\n<audio class=\"wp-audio-shortcode\" id=\"audio-301252-2\" preload=\"none\" style=\"width: 100%;\" controls=\"controls\"><source type=\"audio\/mpeg\" src=\"https:\/\/www.radiopiu.net\/wordpress\/wp-content\/uploads\/2022\/10\/Audio-Battistella.mp3?_=2\" \/><a href=\"https:\/\/www.radiopiu.net\/wordpress\/wp-content\/uploads\/2022\/10\/Audio-Battistella.mp3\">https:\/\/www.radiopiu.net\/wordpress\/wp-content\/uploads\/2022\/10\/Audio-Battistella.mp3<\/a><\/audio>\n<p><strong>\u00a0<\/strong><\/p>\n<p><strong>Pietro Cadorin, Vicepresidente Coord.to Prot. Civile Unione Montana Feltrina;<\/strong><\/p>\n<audio class=\"wp-audio-shortcode\" id=\"audio-301252-3\" preload=\"none\" style=\"width: 100%;\" controls=\"controls\"><source type=\"audio\/mpeg\" src=\"https:\/\/www.radiopiu.net\/wordpress\/wp-content\/uploads\/2022\/10\/Audio-Cadorin.mp3?_=3\" \/><a href=\"https:\/\/www.radiopiu.net\/wordpress\/wp-content\/uploads\/2022\/10\/Audio-Cadorin.mp3\">https:\/\/www.radiopiu.net\/wordpress\/wp-content\/uploads\/2022\/10\/Audio-Cadorin.mp3<\/a><\/audio>\n<p>&nbsp;<\/p>\n<p><strong>Tiziana Penco, Ass.re Prot. Civile Comune di Feltre<\/strong><\/p>\n<audio class=\"wp-audio-shortcode\" id=\"audio-301252-4\" preload=\"none\" style=\"width: 100%;\" controls=\"controls\"><source type=\"audio\/mpeg\" src=\"https:\/\/www.radiopiu.net\/wordpress\/wp-content\/uploads\/2022\/10\/Audio-Penco.mp3?_=4\" \/><a href=\"https:\/\/www.radiopiu.net\/wordpress\/wp-content\/uploads\/2022\/10\/Audio-Penco.mp3\">https:\/\/www.radiopiu.net\/wordpress\/wp-content\/uploads\/2022\/10\/Audio-Penco.mp3<\/a><\/audio>\n<p>&nbsp;<\/p>\n<p>&nbsp;<\/p>\n<p>&nbsp;<\/p>\n<hr \/>\n<p>&nbsp;<\/p>\n<blockquote>\n<h3>INIZIATI I LAVORI DI SISTEMAZIONE DELLA PASSERELLA CHE ATTRAVERSA IL TORRENTE TEGNAS<\/h3>\n<\/blockquote>\n<p><strong>TAIBON<\/strong> Sono iniziati ieri mattina i lavori per la sistemazione della passerella che attraversa il torrente Tegnas. La ditta incaricata ai lavori \u00e8 arrivata di primo mattino sul parcheggio vicino alla nuova area sportiva. Dopo aver preparato il tutto il ponte \u00e8 stato sollevato con una gru e portato sul piazzale dove inizieranno i lavori di sistemazione delle travi.<\/p>\n\n\t\t\t<style type='text\/css'>\n\t\t\t\t#gallery-2 {\n\t\t\t\t\tmargin: auto;\n\t\t\t\t}\n\t\t\t\t#gallery-2 .gallery-item {\n\t\t\t\t\tfloat: left;\n\t\t\t\t\tmargin-top: 10px;\n\t\t\t\t\ttext-align: center;\n\t\t\t\t\twidth: 50%;\n\t\t\t\t}\n\t\t\t\t#gallery-2 img {\n\t\t\t\t\tborder: 2px solid #cfcfcf;\n\t\t\t\t}\n\t\t\t\t#gallery-2 .gallery-caption {\n\t\t\t\t\tmargin-left: 0;\n\t\t\t\t}\n\t\t\t\t\/* see gallery_shortcode() in wp-includes\/media.php *\/\n\t\t\t<\/style>\n\t\t<div id='gallery-2' class='dt-gallery-container gallery galleryid-301252 gallery-columns-2 gallery-size-thumbnail'><dl class='gallery-item'>\n\t\t\t\t<dt class='gallery-icon landscape'>\n\t\t\t\t\t<a class=\"rollover rollover-zoom dt-pswp-item\" title=\"e11fe7a9-583a-4d9f-9528-e7af653bda1b\" data-dt-img-description=\"\" data-large_image_width=\"1024\" data-large_image_height=\"768\"href='https:\/\/www.radiopiu.net\/wordpress\/wp-content\/uploads\/2022\/10\/e11fe7a9-583a-4d9f-9528-e7af653bda1b.jpg'><img loading=\"lazy\" decoding=\"async\" width=\"150\" height=\"150\" src=\"https:\/\/www.radiopiu.net\/wordpress\/wp-content\/uploads\/2022\/10\/e11fe7a9-583a-4d9f-9528-e7af653bda1b-150x150.jpg\" class=\"attachment-thumbnail size-thumbnail\" alt=\"\" \/><\/a>\n\t\t\t\t<\/dt><\/dl><dl class='gallery-item'>\n\t\t\t\t<dt class='gallery-icon portrait'>\n\t\t\t\t\t<a class=\"rollover rollover-zoom dt-pswp-item\" title=\"16f02eff-8183-4466-8f17-78be66f4aaac\" data-dt-img-description=\"\" data-large_image_width=\"768\" data-large_image_height=\"1024\"href='https:\/\/www.radiopiu.net\/wordpress\/wp-content\/uploads\/2022\/10\/16f02eff-8183-4466-8f17-78be66f4aaac.jpg'><img loading=\"lazy\" decoding=\"async\" width=\"150\" height=\"150\" src=\"https:\/\/www.radiopiu.net\/wordpress\/wp-content\/uploads\/2022\/10\/16f02eff-8183-4466-8f17-78be66f4aaac-150x150.jpg\" class=\"attachment-thumbnail size-thumbnail\" alt=\"\" \/><\/a>\n\t\t\t\t<\/dt><\/dl><br style=\"clear: both\" \/>\n\t\t\t<\/div>\n\n<p>&nbsp;<\/p>\n<p><strong>IL VIDEO<\/strong><\/p>\n<div style=\"width: 848px;\" class=\"wp-video\"><video class=\"wp-video-shortcode\" id=\"video-301252-3\" width=\"848\" height=\"480\" preload=\"metadata\" controls=\"controls\"><source type=\"video\/mp4\" src=\"https:\/\/www.radiopiu.net\/wordpress\/wp-content\/uploads\/2022\/10\/WhatsApp-Video-2022-10-12-at-12.00.31.mp4?_=3\" \/><a href=\"https:\/\/www.radiopiu.net\/wordpress\/wp-content\/uploads\/2022\/10\/WhatsApp-Video-2022-10-12-at-12.00.31.mp4\">https:\/\/www.radiopiu.net\/wordpress\/wp-content\/uploads\/2022\/10\/WhatsApp-Video-2022-10-12-at-12.00.31.mp4<\/a><\/video><\/div>\n<p>&nbsp;<\/p>\n<hr \/>\n<p>&nbsp;<\/p>\n<blockquote>\n<h3>LAVORI IN CORSO A TAIBON AGORDINO<\/h3>\n<\/blockquote>\n<p><strong>TAIBON\u00a0<\/strong>Sar\u00e0 una settimana caratterizzata dai lavori a Taibon Agordino. Dal 10 al 15 ottobre chiusura al traffico veicolare del tratto di Via Dante Alighieri compreso tra l\u2019intersezione con Via Volpere sino all\u2019intersezione con Via Manzini e l\u2019 istituzione di un senso unico alternato, regolato da impianto semaforico, lungo via Manzini e via Volpere nel tratto compreso tra l\u2019incrocio con Via Dante Alighieri di entrambe le viabilita\u0300.<\/p>\n<p>&nbsp;<\/p>\n<blockquote>\n<h3>VARIAZIONI ALLA LINEA VILLANOVA-AGORDO-LA VALLE PER LAVORI A TAIBON<\/h3>\n<\/blockquote>\n<p><strong><a class=\"dt-pswp-item\" href=\"https:\/\/www.radiopiu.net\/wordpress\/wp-content\/uploads\/2020\/06\/97384eec-d2d4-4e19-bdc9-7845fa51b71c.jpg\" data-dt-img-description=\"\" data-large_image_width=\"2048\" data-large_image_height=\"1536\"><img loading=\"lazy\" decoding=\"async\" class=\"wp-image-144908 alignleft\" src=\"https:\/\/www.radiopiu.net\/wordpress\/wp-content\/uploads\/2020\/06\/97384eec-d2d4-4e19-bdc9-7845fa51b71c-300x225.jpg\" alt=\"\" width=\"188\" height=\"141\" srcset=\"https:\/\/www.radiopiu.net\/wordpress\/wp-content\/uploads\/2020\/06\/97384eec-d2d4-4e19-bdc9-7845fa51b71c-300x225.jpg 300w, https:\/\/www.radiopiu.net\/wordpress\/wp-content\/uploads\/2020\/06\/97384eec-d2d4-4e19-bdc9-7845fa51b71c-1024x768.jpg 1024w, https:\/\/www.radiopiu.net\/wordpress\/wp-content\/uploads\/2020\/06\/97384eec-d2d4-4e19-bdc9-7845fa51b71c-768x576.jpg 768w, https:\/\/www.radiopiu.net\/wordpress\/wp-content\/uploads\/2020\/06\/97384eec-d2d4-4e19-bdc9-7845fa51b71c-1536x1152.jpg 1536w, https:\/\/www.radiopiu.net\/wordpress\/wp-content\/uploads\/2020\/06\/97384eec-d2d4-4e19-bdc9-7845fa51b71c.jpg 2048w\" sizes=\"auto, (max-width: 188px) 100vw, 188px\" \/><\/a>BELLUNO<\/strong> Per lavori di scavo e posa tubazioni della rete gas, il Comune di Taibon Agordino ha disposto la chiusura al traffico veicolare in alcune vie del centro abitato di Taibon. Il servizio della linea extraurbana n. 7 \u201cVillanova\u2013Agordo\u2013La Valle\u201d subir\u00e0 le seguenti variazioni: dalle 7:30 di luned\u00ec 10 ottobre fino alle 17:00 di sabato 15 ottobre, e comunque fino al termine dei lavori, le corse da Agordo a Villanova effettueranno il percorso alternativo Agordo \u2013 San Cipriano \u2013 Strapont \u2013 Taibon Municipio dove attenderanno l\u2019orario di ripartenza previsto in direzione Agordo. La tratta Peden \u2013 Villanova, con le fermate Peden, Peden Casa di riposo e Villanova, sar\u00e0 sospesa.<\/p>\n<p>&nbsp;<\/p>\n<hr \/>\n<p>&nbsp;<\/p>\n<p>&nbsp;<\/p>\n<blockquote>\n<h3>RIABILITAZIONE DI LAMON: TRASFERITE TEMPORANEAMENTE LE DEGENZE A FELTRE<\/h3>\n<\/blockquote>\n<p><strong><a class=\"dt-pswp-item\" href=\"https:\/\/www.radiopiu.net\/wordpress\/wp-content\/uploads\/2022\/10\/WhatsApp-Image-2022-10-11-at-16.04.00.jpeg\" data-dt-img-description=\"\" data-large_image_width=\"1536\" data-large_image_height=\"2048\"><img loading=\"lazy\" decoding=\"async\" class=\" wp-image-301289 alignleft\" src=\"https:\/\/www.radiopiu.net\/wordpress\/wp-content\/uploads\/2022\/10\/WhatsApp-Image-2022-10-11-at-16.04.00-225x300.jpeg\" alt=\"\" width=\"131\" height=\"175\" srcset=\"https:\/\/www.radiopiu.net\/wordpress\/wp-content\/uploads\/2022\/10\/WhatsApp-Image-2022-10-11-at-16.04.00-225x300.jpeg 225w, https:\/\/www.radiopiu.net\/wordpress\/wp-content\/uploads\/2022\/10\/WhatsApp-Image-2022-10-11-at-16.04.00-768x1024.jpeg 768w, https:\/\/www.radiopiu.net\/wordpress\/wp-content\/uploads\/2022\/10\/WhatsApp-Image-2022-10-11-at-16.04.00-1152x1536.jpeg 1152w, https:\/\/www.radiopiu.net\/wordpress\/wp-content\/uploads\/2022\/10\/WhatsApp-Image-2022-10-11-at-16.04.00.jpeg 1536w\" sizes=\"auto, (max-width: 131px) 100vw, 131px\" \/><\/a>FELTRE<\/strong> Sono stati trasferiti al 3\u00b0 piano del Padiglione Dalla Palma dell\u2019ospedale di Feltre gli 8 pazienti ricoverati all\u2019ospedale di Lamon per proseguire il percorso riabilitativo. Inizia il conto alla rovescia per il rientro all\u2019ospedale dell\u2019altopiano di tutte le attivit\u00e0, non appena i lavori in corso per la ristrutturazione e il potenziamento del Centro riabilitativo a valenza provinciale lo consentiranno. Il temporaneo trasferimento delle degenze \u00e8 stata una \u201cscelta obbligata\u201d per garantire in primo luogo la sicurezza di degenti e operatori e migliorare lo svolgimento dell\u2019attivit\u00e0 clinica e del confort alberghiero messo in difficolt\u00e0 dall\u2019invasivit\u00e0 e dal rumore dei lavori in corso. Inoltre, poter lavorare in un\u2019ala vuota consente alla Ditta esecutrice e alla Direzione lavori di potenziare gli interventi e recuperare almeno sei mesi nel crono programma, attualmente in ritardo di 10 mesi rispetto al preventivato a causa delle note difficolt\u00e0 del settore edile. L\u2019ospedale di Lamon, infatti, \u00e8 oggetto di un importante intervento di restauro e ampliamento, finanziato con 5 milioni di euro di cui 4 di Fondi di Comuni di Confine. L\u2019attivit\u00e0 di degenza di Riabilitazione sono state temporaneamente collocate al 3\u00b0 piano del Padiglione dalla Palma dell\u2019ospedale di Feltre, che dispone di 28 posti letto, e sono state individuate tre palestre all\u2019interno dell\u2019ospedale che saranno utilizzate per le attivit\u00e0 riabilitative, oltre a un ulteriore spazio per gli utenti esterni individuato al Padiglione Gaggia.<\/p>\n<p>&nbsp;<\/p>\n<hr \/>\n<p>&nbsp;<\/p>\n<blockquote>\n<h3>A NOVEMBRE DEBUTTA IL NUOVO CENTRO SULLA BIO DIVERSITA&#8217;, UNICO IN PROVINCIA<\/h3>\n<\/blockquote>\n<p><img loading=\"lazy\" decoding=\"async\" class=\"alignleft\" src=\"https:\/\/www.radiopiu.net\/wordpress\/wp-content\/uploads\/2022\/10\/43aaf767-980a-4675-9efa-4376da61a6a4.jpg\" width=\"196\" height=\"147\" \/><\/p>\n<p>&nbsp;<\/p>\n<p><strong>SAN TOMASO<\/strong><\/p>\n<p><strong>DI GIANNI SANTOMASO<\/strong><\/p>\n<audio class=\"wp-audio-shortcode\" id=\"audio-301252-5\" preload=\"none\" style=\"width: 100%;\" controls=\"controls\"><source type=\"audio\/mpeg\" src=\"https:\/\/www.radiopiu.net\/wordpress\/wp-content\/uploads\/2022\/10\/gianni-sant-tomaso.mp3?_=5\" \/><a href=\"https:\/\/www.radiopiu.net\/wordpress\/wp-content\/uploads\/2022\/10\/gianni-sant-tomaso.mp3\">https:\/\/www.radiopiu.net\/wordpress\/wp-content\/uploads\/2022\/10\/gianni-sant-tomaso.mp3<\/a><\/audio>\n<p>&nbsp;<\/p>\n<hr \/>\n<p>&nbsp;<\/p>\n<blockquote>\n<h3>I CONSIGLIERI DI MAGGIORANZA HANNO INCONTRATO IL PREFETTO<\/h3>\n<\/blockquote>\n<p><strong><img loading=\"lazy\" decoding=\"async\" class=\"alignleft\" src=\"https:\/\/www.radiopiu.net\/wordpress\/wp-content\/uploads\/2022\/04\/FELTRE-2.jpg\" width=\"252\" height=\"142\" \/>FELTRE<\/strong> Alla luce di quanto apparso sugli organi di informazione nei giorni scorsi, su invito del Sindaco, il Prefetto ha ritenuto opportuno incontrare oggi i consiglieri comunali del Comune di Feltre per alleggerire il clima teso che ha caratterizzato gli ultimi consigli comunali e per favorire un dibattito costruttivo in futuro. Da parte della maggioranza e della minoranza sono state espresse le rispettive ragioni relativamente allo scorso consiglio comunale. Il Prefetto ha accolto le istanze delle parti ed ha invitato a voltare pagina rispetto a quanto accaduto, invitando ad evitare atteggiamenti che gettino discredito sull&#8217;istituzione. Il sindaco ha proposto una modifica del Regolamento Comunale, avallata dal Prefetto e dal suo staff, affinch\u00e9 siano stabilite regole chiare e condivise per il dibattimento. Auspicando una conciliazione e un pi\u00f9 costruttivo dibattito, il Prefetto ha espresso la propria approvazione per aver potuto incontrare i membri del Consiglio Comunale. L\u2019Amministrazione e i consiglieri di maggioranza ringraziano il Prefetto per il tempo loro dedicato.<\/p>\n<p>&nbsp;<\/p>\n<p>&nbsp;<\/p>\n<hr \/>\n<h2 align=\"CENTER\">BIM GSP, IMPIANTI APERTI DOMENICA 16 OTTOBRE<\/h2>\n<p align=\"CENTER\"><i>Visite guidate ai depuratori di Longarone e Feltre. Iscrizioni entro venerd\u00ec ore 12<\/i><\/p>\n<p><strong><a class=\"dt-pswp-item\" href=\"https:\/\/www.radiopiu.net\/wordpress\/wp-content\/uploads\/2022\/10\/1_depuratore_longarone_esterno.jpg\" data-dt-img-description=\"\" data-large_image_width=\"787\" data-large_image_height=\"442\"><img loading=\"lazy\" decoding=\"async\" class=\"size-medium wp-image-301331 alignleft\" src=\"https:\/\/www.radiopiu.net\/wordpress\/wp-content\/uploads\/2022\/10\/1_depuratore_longarone_esterno-300x168.jpg\" alt=\"\" width=\"300\" height=\"168\" srcset=\"https:\/\/www.radiopiu.net\/wordpress\/wp-content\/uploads\/2022\/10\/1_depuratore_longarone_esterno-300x168.jpg 300w, https:\/\/www.radiopiu.net\/wordpress\/wp-content\/uploads\/2022\/10\/1_depuratore_longarone_esterno-768x431.jpg 768w, https:\/\/www.radiopiu.net\/wordpress\/wp-content\/uploads\/2022\/10\/1_depuratore_longarone_esterno.jpg 787w\" sizes=\"auto, (max-width: 300px) 100vw, 300px\" \/><\/a>BELLUNO\u00a0<\/strong> La depurazione come non l\u2019avete mai vista. Impianti aperti domenica 16 ottobre 2022: Bim Gsp, infatti, aprir\u00e0 al pubblico i depuratori di Longarone e Feltre. Visite guidate accessibili a tutti, previa iscrizione, dalle ore 10 alle 11 e dalle 15 alle 16. Un\u2019occasione unica per osservare da un punto di vista inedito la complessit\u00e0 del servizio idrico integrato e comprendere i segreti di un processo fondamentale che permette di ripulire l\u2019acqua in arrivo dalla fognatura prima di restituirla all\u2019ambiente. Il ritrovo \u00e8 previsto presso Longarone Fiere e la stazione ferroviaria di Feltre. Sar\u00e0 disponibile per tutti i partecipanti un servizio navetta in partenza dal punto di ritrovo alle ore 9.45 o, in alternativa, alle ore 14.45 (i partecipanti, al termine della visita, saranno riaccompagnati al punto di ritrovo). Per prenotare il proprio posto \u00e8 necessario registrarsi, entro venerd\u00ec ore 12, tramite il form presente nel sito www.bimgsp.it o collegandosi al link pubblicato nella pagina social di Bim Gsp. La prossima visita, che sar\u00e0 disponibile nel corso delle prossime settimane, render\u00e0 accessibili anche le sorgenti, dove ha inizio il viaggio dell\u2019acqua\u201d.<\/p>\n<p>&nbsp;<\/p>\n<hr \/>\n<p>&nbsp;<\/p>\n<p>&nbsp;<\/p>\n<blockquote>\n<h3>LA GIORNATA MONDIALE DELLA VISTA<\/h3>\n<\/blockquote>\n<p><strong>BELLUNO<\/strong> L\u2019Unione Italiana dei Ciechi e degli Ipovedenti ONLUS APS sezione territoriale di Belluno aderisce anche quest\u2019anno alla Giornata Mondiale della Vista, promossa dall\u2019Agenzia Internazionale per la Prevenzione della Cecit\u00e0 IAPB Italia Onlus, e invita la cittadinanza ad un incontro divulgativo con la presenza di tre medici oculisti del territorio ULSS 1 Dolomiti: il primario dell\u2019unit\u00e0 oculistica dell\u2019Ospedale San Martino di Belluno dott.ssa Luigina Tollot, il responsabile del Centro Ipovisione dott. Michele Del Borrello e il dott. Nazareno Giubilei. L\u2019incontro avr\u00e0 luogo oggi alle\u00a0 18 presso la Sala Muccin del Centro Congressi Giovanni XXIII in Piazza Piloni a Belluno. Si parler\u00e0 del bene prezioso della vista, dell\u2019importanza della prevenzione delle malattie oculari, della riabilitazione visiva e dei progressi della ricerca.<\/p>\n<p>&nbsp;<\/p>\n<p>&nbsp;<\/p>\n<hr \/>\n<blockquote>\n<h3><\/h3>\n<h3>CAMPAGNA REGIONALE SCREENING COLON RETTO<\/h3>\n<\/blockquote>\n<p><strong>VENEZIA <\/strong>La Giunta regionale del Veneto, al fine di promuovere la prevenzione del carcinoma del colon retto, ha approvato a riguardo un documento di indirizzo, con relativo protocollo operativo, funzionale alla definizione di Accordi locali aziendali volti a disciplinare la partecipazione delle farmacie pubbliche e private convenzionate con il Servizio Sanitario Nazionale alla campagna di screening del colon retto. Tale determinazione nasce dalla volont\u00e0 di consolidare, in via ordinaria, un percorso avviato circa due anni fa in via sperimentale per effetto di specifica normativa statale. Gli esiti di detta sperimentazione, alla quale tutti i soggetti a vario titolo coinvolti, dagli Enti del SSR, alle farmacie di comunit\u00e0 e alla distribuzione intermedia, hanno garantito il massimo impegno, si sono infatti rilevati estremamente incoraggianti, specie in termini di risposta partecipativa da parte dei cittadini. Il cittadino, invitato dalla Azienda Ulss a prendere parte alla campagna di prevenzione, potr\u00e0 quindi recarsi presso la farmacia aderente all&#8217;iniziativa pi\u00f9 comoda rispetto alle sue esigenze, ritirare il kit per la raccolta del campione biologico e riconsegnare quest&#8217;ultimo alla medesima farmacia per il successivo inoltro al laboratorio di analisi di riferimento.<\/p>\n<p>&nbsp;<\/p>\n<p>&nbsp;<\/p>\n<hr \/>\n<p>&nbsp;<\/p>\n<blockquote>\n<h3>OTTOBRE ROSA, PRIMO APPUNTAMENTO IN GMEET<\/h3>\n<\/blockquote>\n<p><strong>BELLUNO<\/strong>\u00a0 In occasione del mese dedicato alla sensibilizzazione sui tumori al seno, l&#8217;Ulss Dolomiti propone una serie di meeting online in Gmeet aperti alla cittadinanza con l&#8217;obiettivo di favorire il dialogo con e tra le donne, in collaborazione con le Associazioni ADOS di Belluno e Feltre.\u00a0 Il primo appuntamento online della rassegna \u201cOttobre Rosa\u201d, si terr\u00e0 venerd\u00ec 14 ottobre dalle 18 alle 19. Si parler\u00e0 esami senologici (mammografia, ecografia, etc) con due radiologhe esperte: Elisa Bordin della Radiologia di Belluno ed Elena Fabbro della Radiologia di Feltre.\u00a0 Moderatrice Lisa Dal Bo, psicologa Ulss1. Per partecipare all\u2019incontro basta cliccare sul link https:\/\/meet.google.com\/zvv-ecxc-dgm.<\/p>\n<p>&nbsp;<\/p>\n<hr \/>\n<p>&nbsp;<\/p>\n<blockquote>\n<h3>LA GIORNATA DELLA MEDIAZIONE FAMILIARE<\/h3>\n<\/blockquote>\n<p><strong>BELLUNO\u00a0<\/strong>In occasione della Giornata della Mediazione Familiare, il Tavolo Interistituzionale Mediazione Familiare promuove un\u2019iniziativa di informazione e sensibilizzazione rivolta a professionisti, avvocati, operatori e a tutti i cittadini. L\u2019appuntamento, previsto in modalit\u00e0 online, \u00e8 per luned\u00ec 17 ottobre 2022 dalle 17.00 alle 18.30. Per informazioni e iscrizioni scrivere a: consultoriofamiliare.bl@aulss1.veneto.it entro le 12.00 del 17 ottobre.\u00a0 Moderatrice Lisa Dal Bo, psicologa Ulss1.\u00a0 Gli interventi: I costi emotivi del conflitto \u2013 Fiorenza Rossi, Psicologa Psicoterapeuta Mediatrice Familiare Aulss 1 Dolomiti; Cos\u2019\u00e8 la Mediazione Familiare e cosa offre \u2013 Emanuela Sacchet, Assistente Sociale Mediatrice Familiare Aulss1 Dolomiti; \u00a0Ostacoli alla Mediazione Familiare \u2013 Rosalisa Sartorel, Avvocato Mediatrice Familiare, Consultorio Familiare Socio Educativo ODV; \u00a0Il ruolo dell\u2019Avvocato nella Mediazione Familiare &#8211;\u00a0 Giacinta Ribecco, Avvocato ONDiF sez. Belluno; \u00a0Utilit\u00e0 della Mediazione Familiare per la risoluzione di conflitti e controversie \u2013 Umberto Giacomelli, Giudice Tribunale Ordinario Belluno; E se la Mediazione non fosse possibile? &#8211; Francesca Larese, Avvocato &#8211; AIAF sez.\u00a0 Belluno; \u00a0Il valore aggiunto della collaborazione di rete \u2013 Ivana Ronchi, Avvocato &#8211; Ordine\u00a0 Avvocati di Belluno<\/p>\n<p>&nbsp;<\/p>\n<hr \/>\n<p>&nbsp;<\/p>\n<blockquote>\n<h3>NUOVA MENSA PER I DIPENDENTI DEI SERVIZI SANITARI DI AURONZO<\/h3>\n<\/blockquote>\n<p><strong>BELLUNO<\/strong> Nuova mensa per i dipendenti dei servizi sanitari di Auronzo di Cadore: <strong>da gioved\u00ec 13<\/strong> <strong>ottobre<\/strong> saranno utilizzati i nuovi locali attrezzati al 3\u00b0 piano della struttura. Il nuovo locale adibito per la mensa offre un <strong>ambiente pi\u00f9 luminoso e spazioso<\/strong> per la pausa pranzo dei dipendenti, al fine di favorire un maggior benessere. Saranno a disposizione, inoltre, un forno microonde e una vetrina refrigerata per l\u2019acqua ed altri prodotti freddi. <em>\u201cUn piccolo cambiamento migliorativo che testimonia l\u2019attenzione verso i nostri dipendenti che potranno fare la pausa pranzo in un luogo confortevole.\u201d commenta il Direttore Generale Maria Grazia Carraro.\u00a0<\/em><\/p>\n<p>&nbsp;<\/p>\n<hr \/>\n<p>&nbsp;<\/p>\n<p>&nbsp;<\/p>\n<h3 align=\"CENTER\"><b>Al via la campagna vaccinale antinfluenzale<\/b><\/h3>\n<p><strong>BELLUNO<\/strong> La campagna vaccinale antinfluenzale prender\u00e0 il via in Ulss Dolomiti, come nel resto del Veneto il 17 ottobre. Nei prossimi giorni, infatti, l\u2019Ulss Dolomiti ricever\u00e0 circa 40 mila dosi di vaccino antinfluenzale per condurre la campagna di immunizzazione 2022-2023. L\u2019operativit\u00e0 avr\u00e0 inizio luned\u00ec 17 ottobre con la vaccinazione dei sindaci e di altre autorit\u00e0 del territorio che svolgeranno il ruolo di testimonial. <span id=\"page5R_mcid2\" class=\"markedContent\"><span dir=\"ltr\" role=\"presentation\">Avvio della<\/span><\/span><span id=\"page5R_mcid3\" class=\"markedContent\"> <span dir=\"ltr\" role=\"presentation\">campagna vaccinale antinfluenzale <\/span><\/span><span id=\"page5R_mcid4\" class=\"markedContent\"><span dir=\"ltr\" role=\"presentation\">Luned\u00ec 17 ottobre 2022 alle 11.00 <\/span><\/span><span id=\"page5R_mcid5\" class=\"markedContent\"><span dir=\"ltr\" role=\"presentation\">Centro Vaccinale di Popolazione di Salce <\/span><\/span><span id=\"page5R_mcid6\" class=\"markedContent\"><span dir=\"ltr\" role=\"presentation\">(Via Col di Salce<\/span><\/span><span id=\"page5R_mcid7\" class=\"markedContent\"> <span dir=\"ltr\" role=\"presentation\">\u2013<\/span><\/span><span id=\"page5R_mcid8\" class=\"markedContent\"> <span dir=\"ltr\" role=\"presentation\">Belluno)<\/span><\/span><\/p>\n<p>&nbsp;<\/p>\n<hr \/>\n<p>&nbsp;<\/p>\n<blockquote>\n<h3>INSIEME PER ROCCA, QUARTO ATTO. BORSE DI STUDIO PER STUDENTI MERITEVOLI<\/h3>\n<\/blockquote>\n<p><img loading=\"lazy\" decoding=\"async\" class=\"alignleft\" src=\"https:\/\/www.radiopiu.net\/wordpress\/wp-content\/uploads\/2021\/06\/244f56bc-9696-40f1-b3e8-f2f5b3cf36c3.jpg\" width=\"102\" height=\"136\" \/><\/p>\n<p>&nbsp;<\/p>\n<p>&nbsp;<\/p>\n<p>&nbsp;<\/p>\n<p><strong>ROCCA PIETORE<\/strong><\/p>\n<p><strong>DI GIANNI SANTOMASO<\/strong><\/p>\n<audio class=\"wp-audio-shortcode\" id=\"audio-301252-6\" preload=\"none\" style=\"width: 100%;\" controls=\"controls\"><source type=\"audio\/mpeg\" src=\"https:\/\/www.radiopiu.net\/wordpress\/wp-content\/uploads\/2022\/10\/INSIEME-PER-ROCCA.mp3?_=6\" \/><a href=\"https:\/\/www.radiopiu.net\/wordpress\/wp-content\/uploads\/2022\/10\/INSIEME-PER-ROCCA.mp3\">https:\/\/www.radiopiu.net\/wordpress\/wp-content\/uploads\/2022\/10\/INSIEME-PER-ROCCA.mp3<\/a><\/audio>\n<p>&nbsp;<\/p>\n<p>&nbsp;<\/p>\n<hr \/>\n<blockquote>\n<h3>CONCORSO LETTERARIO &#8220;RACCONTARE L&#8217;EMIGRAZIONE VENETA&#8221;<\/h3>\n<\/blockquote>\n<p><strong>BELLUNO\u00a0<\/strong> Prima edizione del concorso letterario \u201cRaccontare l\u2019emigrazione veneta\u201d promosso dall\u2019Associazione Bellunesi nel Mondo. C\u2019\u00e8 tempo infatti fino al 4 novembre per inviare il proprio racconto.\u2028Il concorso \u00e8 dedicato a racconti inediti e originali, reali o di fantasia, in lingua italiana, aventi a tema, appunto, l&#8217;emigrazione veneta, storica e attuale. \u2028La partecipazione, gratuita, \u00e8 aperta a chiunque abbia almeno sedici anni. Una giuria selezioner\u00e0 entro il 25 novembre i dieci racconti finalisti, e tra questi dieci sceglier\u00e0 i primi tre classificati.\u00a0 Per maggiori informazioni \u00e8 inoltre possibile contattare la sede Abm ai seguenti recapiti: tel. 0437 941160; email: <a class=\"moz-txt-link-abbreviated\" href=\"mailto:concorsoemigrazione@bellunesinelmondo.it\">concorsoemigrazione@bellunesinelmondo.it<\/a>.<\/p>\n<p>&nbsp;<\/p>\n<hr \/>\n<p>&nbsp;<\/p>\n<blockquote>\n<h3>RICONOSCIMENTI ALLA SQUADRA DI CALCIO GIOVANILE DEL GRUPPO SPORTIVO TAIBON<\/h3>\n<\/blockquote>\n<p><strong>TAIBON<\/strong> Anche quest&#8217;anno i giovani del paese hanno vinto il campionato agordino di calcio giovanile. Sabato 22 ottobre alle 18 in sala San Rocco (ex Municipio) il Gruppo Sportivo ha organizzato una cerimonia per festeggiare lo splendido successo con la consegna dei riconoscimenti e i discorsi ufficiali. Un invito a firma del Presidente del GS TAIBON Antimo Savaris e dell&#8217;assessore allo sport Fernando Soccol.<\/p>\n<p>&nbsp;<\/p>\n<hr \/>\n<p>&nbsp;<\/p>\n<blockquote>\n<h3>LA RACCOLTA FONDI PER AIUTARE L&#8217;ALLEGHE HOCKEY<\/h3>\n<\/blockquote>\n<p><strong><a class=\"dt-pswp-item\" href=\"https:\/\/www.radiopiu.net\/wordpress\/wp-content\/uploads\/2022\/10\/543dd19e-af42-414d-a1af-32fe5af49bb7.jpg\" data-dt-img-description=\"\" data-large_image_width=\"1024\" data-large_image_height=\"860\"><img loading=\"lazy\" decoding=\"async\" class=\" wp-image-300498 alignleft\" src=\"https:\/\/www.radiopiu.net\/wordpress\/wp-content\/uploads\/2022\/10\/543dd19e-af42-414d-a1af-32fe5af49bb7-300x252.jpg\" alt=\"\" width=\"187\" height=\"157\" srcset=\"https:\/\/www.radiopiu.net\/wordpress\/wp-content\/uploads\/2022\/10\/543dd19e-af42-414d-a1af-32fe5af49bb7-300x252.jpg 300w, https:\/\/www.radiopiu.net\/wordpress\/wp-content\/uploads\/2022\/10\/543dd19e-af42-414d-a1af-32fe5af49bb7-768x645.jpg 768w, https:\/\/www.radiopiu.net\/wordpress\/wp-content\/uploads\/2022\/10\/543dd19e-af42-414d-a1af-32fe5af49bb7.jpg 1024w\" sizes=\"auto, (max-width: 187px) 100vw, 187px\" \/><\/a>ALLEGHE<\/strong> \u00c8 partita la raccolta fondi per aiutare l&#8217;Alleghe Hockey in questa stagione che, dopo la chiusura dello stadio Alvise De Toni, si preannuncia travagliata. La squadra alleghese dovr\u00e0 sostenere delle trasferte sia per allenarsi che per giocare le partite in programma. Per questo \u00e8 stata lanciata una raccolta fondi su Eppela dove chiunque pu\u00f2 fare la propria donazione alla societ\u00e0 per aiutarla a pagare le spese.<\/p>\n<p><strong>IL MESSAGGIO DELL&#8217;ALLEGHE HOCKEY<\/strong><\/p>\n<blockquote><p><em>Il nostro Palaghiaccio \u00e8 CHIUSO dal 2 ottobre 2022 per l&#8217;enorme aumento dei costi dell&#8217;energia. Questo significa che i nostri atleti, dai piccolissimi fino ai ragazzi della senior, non possono pi\u00f9 allenarsi n\u00e8 giocare sul nostro ghiaccio. Ma non possono soprattutto socializzare, imparare e fare attivit\u00e0 fisica con i propri compagni di squadra. Tutti noi siamo turbati da questa situazione, ma tutti insieme abbiamo reagito e cos\u00ec, rimboccandosi le maniche la Societ\u00e0 ha riorganizzato le attivit\u00e0, riuscendo a pianificare la gestione degli allenamenti negli stadi di altri Comuni. Cosa faremo con il contributo raccolto? La raccolta ci permetter\u00e0 di sostenere i costi per le continue trasferte dei nostri atleti.\u00a0<\/em><\/p><\/blockquote>\n<p><strong>CHI VOLESSE AIUTARE L&#8217;ALLEGHE HOCKEY PUO&#8217; FARLO NEI PUNTI RACCOLTA FONDI, BAR BIANCO AD ALLEGHE E CAFFE&#8217; MINIERE DI AGORDO. OPPURE TRAMITE LA RACCOLTA FONDI ONLINE DI EPPELA <a href=\"https:\/\/www.eppela.com\/projects\/9059\">CLICCANDO QUI<\/a><\/strong><\/p>\n<h2>IL MESSAGGIO DEGLI EX GIOCATORI<\/h2>\n<div style=\"width: 848px;\" class=\"wp-video\"><video class=\"wp-video-shortcode\" id=\"video-301252-4\" width=\"848\" height=\"480\" preload=\"metadata\" controls=\"controls\"><source type=\"video\/mp4\" src=\"https:\/\/www.radiopiu.net\/wordpress\/wp-content\/uploads\/2022\/10\/WhatsApp-Video-2022-10-08-at-13.20.26.mp4?_=4\" \/><a href=\"https:\/\/www.radiopiu.net\/wordpress\/wp-content\/uploads\/2022\/10\/WhatsApp-Video-2022-10-08-at-13.20.26.mp4\">https:\/\/www.radiopiu.net\/wordpress\/wp-content\/uploads\/2022\/10\/WhatsApp-Video-2022-10-08-at-13.20.26.mp4<\/a><\/video><\/div>\n<p>&nbsp;<\/p>\n<hr \/>\n<p>&nbsp;<\/p>\n<blockquote>\n<h3>IN AIUTO ALLA FAMIGLIA TEGNER<\/h3>\n<\/blockquote>\n<p><strong><a class=\"dt-pswp-item\" href=\"https:\/\/www.radiopiu.net\/wordpress\/wp-content\/uploads\/2022\/10\/8ea1382c-4f54-4989-b117-d4591592da6b.jpg\" data-dt-img-description=\"\" data-large_image_width=\"1600\" data-large_image_height=\"720\"><img loading=\"lazy\" decoding=\"async\" class=\" wp-image-301117 alignleft\" src=\"https:\/\/www.radiopiu.net\/wordpress\/wp-content\/uploads\/2022\/10\/8ea1382c-4f54-4989-b117-d4591592da6b-300x135.jpg\" alt=\"\" width=\"191\" height=\"86\" srcset=\"https:\/\/www.radiopiu.net\/wordpress\/wp-content\/uploads\/2022\/10\/8ea1382c-4f54-4989-b117-d4591592da6b-300x135.jpg 300w, https:\/\/www.radiopiu.net\/wordpress\/wp-content\/uploads\/2022\/10\/8ea1382c-4f54-4989-b117-d4591592da6b-1024x461.jpg 1024w, https:\/\/www.radiopiu.net\/wordpress\/wp-content\/uploads\/2022\/10\/8ea1382c-4f54-4989-b117-d4591592da6b-768x346.jpg 768w, https:\/\/www.radiopiu.net\/wordpress\/wp-content\/uploads\/2022\/10\/8ea1382c-4f54-4989-b117-d4591592da6b-1536x691.jpg 1536w, https:\/\/www.radiopiu.net\/wordpress\/wp-content\/uploads\/2022\/10\/8ea1382c-4f54-4989-b117-d4591592da6b.jpg 1600w\" sizes=\"auto, (max-width: 191px) 100vw, 191px\" \/><\/a>REDAZIONE<\/strong> Li avevamo gi\u00e0 conosciuti alcuni mesi fa quando con una raccolta fondi Radio Pi\u00f9 li aveva aiutati ad acquistare la nuova auto. Agostino e Riccardo Tegner chiedono di nuovo aiuto. Nella mattinata di luned\u00ec la famiglia Tegner \u00e8 stata coinvolta in un incidente proprio con l&#8217;automobile adibita al trasporto di Riccardo, costretto a stare sulla sedia a rotelle a causa della distrofia muscolare di Duchenne, di cui \u00e8 affetto dalla nascita. Un incidente che ha causato quasi 10 mila euro di danni al mezzo e Agostino non riesce a pagare la cifra del danno. Agostino e Riccardo chiedono di nuovo un aiuto in questo momento difficile con una donazione da effettuare sul conto corrente <strong>IT40N0760111900000003558144<\/strong> intestato alla moglie Ana Maria Stoian per venire in contro alla spesa inaspettata.<\/p>\n<p>&nbsp;<\/p>\n<hr \/>\n<p>&nbsp;<\/p>\n<p><a class=\"dt-pswp-item\" href=\"https:\/\/www.radiopiu.net\/wordpress\/wp-content\/uploads\/2022\/10\/7b305954-1d64-4906-837b-94c813dead41.jpg\" data-dt-img-description=\"\" data-large_image_width=\"800\" data-large_image_height=\"800\"><img loading=\"lazy\" decoding=\"async\" class=\"size-medium wp-image-301336 aligncenter\" src=\"https:\/\/www.radiopiu.net\/wordpress\/wp-content\/uploads\/2022\/10\/7b305954-1d64-4906-837b-94c813dead41-300x300.jpg\" alt=\"\" width=\"300\" height=\"300\" srcset=\"https:\/\/www.radiopiu.net\/wordpress\/wp-content\/uploads\/2022\/10\/7b305954-1d64-4906-837b-94c813dead41-300x300.jpg 300w, https:\/\/www.radiopiu.net\/wordpress\/wp-content\/uploads\/2022\/10\/7b305954-1d64-4906-837b-94c813dead41-150x150.jpg 150w, https:\/\/www.radiopiu.net\/wordpress\/wp-content\/uploads\/2022\/10\/7b305954-1d64-4906-837b-94c813dead41-768x768.jpg 768w, https:\/\/www.radiopiu.net\/wordpress\/wp-content\/uploads\/2022\/10\/7b305954-1d64-4906-837b-94c813dead41.jpg 800w\" sizes=\"auto, (max-width: 300px) 100vw, 300px\" \/><\/a><\/p>\n<blockquote class=\"wp-embedded-content\" data-secret=\"nQcQiJZv1Y\"><p><a href=\"https:\/\/www.radiopiu.net\/wordpress\/aziendazeroottobre12\/\">SONO 6410 I NUOVI POSITIVI IN VENETO DELLE ULTIME 24 ORE. QUATTRO DECESSI E RICOVERI IN AUMENTO<\/a><\/p><\/blockquote>\n<p><iframe loading=\"lazy\" class=\"wp-embedded-content\" sandbox=\"allow-scripts\" security=\"restricted\" style=\"position: absolute; clip: rect(1px, 1px, 1px, 1px);\" title=\"&#8220;SONO 6410 I NUOVI POSITIVI IN VENETO DELLE ULTIME 24 ORE. QUATTRO DECESSI E RICOVERI IN AUMENTO&#8221; &#8212; Radio Pi\u00f9\" src=\"https:\/\/www.radiopiu.net\/wordpress\/aziendazeroottobre12\/embed\/#?secret=7DwXP8zlff#?secret=nQcQiJZv1Y\" data-secret=\"nQcQiJZv1Y\" width=\"600\" height=\"338\" frameborder=\"0\" marginwidth=\"0\" marginheight=\"0\" scrolling=\"no\"><\/iframe><\/p>\n<p>&nbsp;<\/p>\n<h2>I GRAFICI DI TIZIANO DE COL<\/h2>\n<p>&nbsp;<\/p>\n\n\t\t\t<style type='text\/css'>\n\t\t\t\t#gallery-3 {\n\t\t\t\t\tmargin: auto;\n\t\t\t\t}\n\t\t\t\t#gallery-3 .gallery-item {\n\t\t\t\t\tfloat: left;\n\t\t\t\t\tmargin-top: 10px;\n\t\t\t\t\ttext-align: center;\n\t\t\t\t\twidth: 33%;\n\t\t\t\t}\n\t\t\t\t#gallery-3 img {\n\t\t\t\t\tborder: 2px solid #cfcfcf;\n\t\t\t\t}\n\t\t\t\t#gallery-3 .gallery-caption {\n\t\t\t\t\tmargin-left: 0;\n\t\t\t\t}\n\t\t\t\t\/* see gallery_shortcode() in wp-includes\/media.php *\/\n\t\t\t<\/style>\n\t\t<div id='gallery-3' class='dt-gallery-container gallery galleryid-301252 gallery-columns-3 gallery-size-thumbnail'><dl class='gallery-item'>\n\t\t\t\t<dt class='gallery-icon landscape'>\n\t\t\t\t\t<a class=\"rollover rollover-zoom dt-pswp-item\" title=\"WhatsApp Image 2022-10-12 at 17.18.10\" data-dt-img-description=\"\" data-large_image_width=\"595\" data-large_image_height=\"372\"href='https:\/\/www.radiopiu.net\/wordpress\/wp-content\/uploads\/2022\/10\/WhatsApp-Image-2022-10-12-at-17.18.10.jpeg'><img loading=\"lazy\" decoding=\"async\" width=\"150\" height=\"150\" src=\"https:\/\/www.radiopiu.net\/wordpress\/wp-content\/uploads\/2022\/10\/WhatsApp-Image-2022-10-12-at-17.18.10-150x150.jpeg\" class=\"attachment-thumbnail size-thumbnail\" alt=\"\" \/><\/a>\n\t\t\t\t<\/dt><\/dl><dl class='gallery-item'>\n\t\t\t\t<dt class='gallery-icon landscape'>\n\t\t\t\t\t<a class=\"rollover rollover-zoom dt-pswp-item\" title=\"WhatsApp Image 2022-10-12 at 17.16.55\" data-dt-img-description=\"\" data-large_image_width=\"604\" data-large_image_height=\"358\"href='https:\/\/www.radiopiu.net\/wordpress\/wp-content\/uploads\/2022\/10\/WhatsApp-Image-2022-10-12-at-17.16.55.jpeg'><img loading=\"lazy\" decoding=\"async\" width=\"150\" height=\"150\" src=\"https:\/\/www.radiopiu.net\/wordpress\/wp-content\/uploads\/2022\/10\/WhatsApp-Image-2022-10-12-at-17.16.55-150x150.jpeg\" class=\"attachment-thumbnail size-thumbnail\" alt=\"\" \/><\/a>\n\t\t\t\t<\/dt><\/dl><dl class='gallery-item'>\n\t\t\t\t<dt class='gallery-icon landscape'>\n\t\t\t\t\t<a class=\"rollover rollover-zoom dt-pswp-item\" title=\"WhatsApp Image 2022-10-12 at 17.22.34\" data-dt-img-description=\"\" data-large_image_width=\"620\" data-large_image_height=\"368\"href='https:\/\/www.radiopiu.net\/wordpress\/wp-content\/uploads\/2022\/10\/WhatsApp-Image-2022-10-12-at-17.22.34.jpeg'><img loading=\"lazy\" decoding=\"async\" width=\"150\" height=\"150\" src=\"https:\/\/www.radiopiu.net\/wordpress\/wp-content\/uploads\/2022\/10\/WhatsApp-Image-2022-10-12-at-17.22.34-150x150.jpeg\" class=\"attachment-thumbnail size-thumbnail\" alt=\"\" \/><\/a>\n\t\t\t\t<\/dt><\/dl><br style=\"clear: both\" \/><dl class='gallery-item'>\n\t\t\t\t<dt class='gallery-icon landscape'>\n\t\t\t\t\t<a class=\"rollover rollover-zoom dt-pswp-item\" title=\"WhatsApp Image 2022-10-12 at 17.21.20\" data-dt-img-description=\"\" data-large_image_width=\"608\" data-large_image_height=\"361\"href='https:\/\/www.radiopiu.net\/wordpress\/wp-content\/uploads\/2022\/10\/WhatsApp-Image-2022-10-12-at-17.21.20.jpeg'><img loading=\"lazy\" decoding=\"async\" width=\"150\" height=\"150\" src=\"https:\/\/www.radiopiu.net\/wordpress\/wp-content\/uploads\/2022\/10\/WhatsApp-Image-2022-10-12-at-17.21.20-150x150.jpeg\" class=\"attachment-thumbnail size-thumbnail\" alt=\"\" \/><\/a>\n\t\t\t\t<\/dt><\/dl><dl class='gallery-item'>\n\t\t\t\t<dt class='gallery-icon landscape'>\n\t\t\t\t\t<a class=\"rollover rollover-zoom dt-pswp-item\" title=\"WhatsApp Image 2022-10-12 at 17.19.08\" data-dt-img-description=\"\" data-large_image_width=\"614\" data-large_image_height=\"362\"href='https:\/\/www.radiopiu.net\/wordpress\/wp-content\/uploads\/2022\/10\/WhatsApp-Image-2022-10-12-at-17.19.08.jpeg'><img loading=\"lazy\" decoding=\"async\" width=\"150\" height=\"150\" src=\"https:\/\/www.radiopiu.net\/wordpress\/wp-content\/uploads\/2022\/10\/WhatsApp-Image-2022-10-12-at-17.19.08-150x150.jpeg\" class=\"attachment-thumbnail size-thumbnail\" alt=\"\" \/><\/a>\n\t\t\t\t<\/dt><\/dl><dl class='gallery-item'>\n\t\t\t\t<dt class='gallery-icon landscape'>\n\t\t\t\t\t<a class=\"rollover rollover-zoom dt-pswp-item\" title=\"WhatsApp Image 2022-10-12 at 17.20.03\" data-dt-img-description=\"\" data-large_image_width=\"614\" data-large_image_height=\"355\"href='https:\/\/www.radiopiu.net\/wordpress\/wp-content\/uploads\/2022\/10\/WhatsApp-Image-2022-10-12-at-17.20.03.jpeg'><img loading=\"lazy\" decoding=\"async\" width=\"150\" height=\"150\" src=\"https:\/\/www.radiopiu.net\/wordpress\/wp-content\/uploads\/2022\/10\/WhatsApp-Image-2022-10-12-at-17.20.03-150x150.jpeg\" class=\"attachment-thumbnail size-thumbnail\" alt=\"\" \/><\/a>\n\t\t\t\t<\/dt><\/dl><br style=\"clear: both\" \/>\n\t\t\t<\/div>\n\n<p>&nbsp;<\/p>\n<hr \/>\n<p>&nbsp;<\/p>\n<blockquote>\n<h3>SABATO L&#8217;INAUGURAZIONE DELL&#8217;INSTALLAZIONE DIDATTICA AL BUS DEL BUSON<\/h3>\n<\/blockquote>\n<p><strong><a class=\"dt-pswp-item\" href=\"https:\/\/www.radiopiu.net\/wordpress\/wp-content\/uploads\/2022\/10\/Schermata-2022-10-12-alle-12.48.15.png\" data-dt-img-description=\"\" data-large_image_width=\"814\" data-large_image_height=\"516\"><img loading=\"lazy\" decoding=\"async\" class=\" wp-image-301328 alignleft\" src=\"https:\/\/www.radiopiu.net\/wordpress\/wp-content\/uploads\/2022\/10\/Schermata-2022-10-12-alle-12.48.15-300x190.png\" alt=\"\" width=\"175\" height=\"111\" srcset=\"https:\/\/www.radiopiu.net\/wordpress\/wp-content\/uploads\/2022\/10\/Schermata-2022-10-12-alle-12.48.15-300x190.png 300w, https:\/\/www.radiopiu.net\/wordpress\/wp-content\/uploads\/2022\/10\/Schermata-2022-10-12-alle-12.48.15-768x487.png 768w, https:\/\/www.radiopiu.net\/wordpress\/wp-content\/uploads\/2022\/10\/Schermata-2022-10-12-alle-12.48.15.png 814w\" sizes=\"auto, (max-width: 175px) 100vw, 175px\" \/><\/a>BELLUNO<\/strong> Il sito archeologico del Col del Buson, presso Bolzano bellunese, e\u0300 una delle piu\u0300 antiche attestazioni della presenza umana stanziale in quello che oggi e\u0300 il territorio del Comune di Belluno.\u00a0 L\u2019inaugurazione ufficiale si terra\u0300 sabato 15 ottobre alle 10.30. Per fare conoscere l&#8217;installazione, fruibile da scuole e visitatori, il Comune di Belluno ha organizzato per i fine settimana 15\/16 e 22\/23 ottobre alcune visite guidate gratuite. Per le escursioni archeo-naturalistiche la prenotazione e\u0300 obbligatoria. Per INFO contattare Tramedistoria Impresa Sociale al numero 329.4757082<\/p>\n<p>&nbsp;<\/p>\n<p>&nbsp;<\/p>\n<hr \/>\n<p>&nbsp;<\/p>\n<blockquote>\n<h3>SERE D&#8217;AUTUNNO 2022, PRESENTA GIANPAOLO SORATROI<\/h3>\n<\/blockquote>\n<p><strong><a class=\"dt-pswp-item\" href=\"https:\/\/www.radiopiu.net\/wordpress\/wp-content\/uploads\/2022\/10\/DAVIDE_CHIESA_1_-_Copia.jpg\" data-dt-img-description=\"\" data-large_image_width=\"448\" data-large_image_height=\"297\"><img loading=\"lazy\" decoding=\"async\" class=\"wp-image-301364 alignleft\" src=\"https:\/\/www.radiopiu.net\/wordpress\/wp-content\/uploads\/2022\/10\/DAVIDE_CHIESA_1_-_Copia-300x199.jpg\" alt=\"\" width=\"158\" height=\"105\" srcset=\"https:\/\/www.radiopiu.net\/wordpress\/wp-content\/uploads\/2022\/10\/DAVIDE_CHIESA_1_-_Copia-300x199.jpg 300w, https:\/\/www.radiopiu.net\/wordpress\/wp-content\/uploads\/2022\/10\/DAVIDE_CHIESA_1_-_Copia.jpg 448w\" sizes=\"auto, (max-width: 158px) 100vw, 158px\" \/><\/a>BELLUNO<\/strong>\u00a0 Domani alle 20.45 in sala Don Tamis (ingresso libero) seconda serata della rassegna. &#8220;Quando ero bambino sognavo di diventare un albero&#8221;.\u00a0 Merino \u00e8 il Bosco, \u00e8 i suoi innumerevoli alberi, i suoi profumi,le sue leggende, la saggezza degli antichi saperi: Merino \u00e8 Magia. Entrare nel suo regno \u00e8 un privilegio e un dono e per lui \u00e8 una missione rivelarcelo. Video vincitore del Premio Custodi delle Terre Alte 2022. Iniziativa GTA (Gruppo Tere Alte &#8211;\u00a0 Comitato Scientifico Centrale &#8211; Club Alpini Italiano).<\/p>\n<p>&nbsp;<\/p>\n<p>&nbsp;<\/p>\n<hr \/>\n<p>&nbsp;<\/p>\n<blockquote>\n<h3>IL COMUNE DI FELTRE APRE UN BANDO PER IL SOSTEGNO AGLI AFFITTI<\/h3>\n<\/blockquote>\n<p><strong>FELTRE <\/strong>A seguito di delibera regionale, \u00e8 stato pubblicato il Bando relativo all&#8217;anno 2022 per il sostegno all\u2019accesso alle abitazioni in locazione. Le domande potranno essere recapitate\u00a0 fino alle 11.30 del 7 novembre. Per informazioni \u00e8 possibile chiamare i servizi sociali comunali gestiti da Azienda Feltrina per i Servizi alla Persona tel. 0439 885982.<\/p>\n<p>&nbsp;<\/p>\n<p>&nbsp;<\/p>\n<hr \/>\n<p>&nbsp;<\/p>\n<blockquote>\n<h3>LE GIORNATE D&#8217;AUTUNNO DEL FAI FANNO TAPPA A MEL<\/h3>\n<\/blockquote>\n<p><strong><a class=\"dt-pswp-item\" href=\"https:\/\/www.radiopiu.net\/wordpress\/wp-content\/uploads\/2022\/10\/Conferenza-Stampa-FAI-Gioavni.jpg\" data-dt-img-description=\"\" data-large_image_width=\"2048\" data-large_image_height=\"1536\"><img loading=\"lazy\" decoding=\"async\" class=\" wp-image-300292 alignleft\" src=\"https:\/\/www.radiopiu.net\/wordpress\/wp-content\/uploads\/2022\/10\/Conferenza-Stampa-FAI-Gioavni-300x225.jpg\" alt=\"\" width=\"152\" height=\"114\" srcset=\"https:\/\/www.radiopiu.net\/wordpress\/wp-content\/uploads\/2022\/10\/Conferenza-Stampa-FAI-Gioavni-300x225.jpg 300w, https:\/\/www.radiopiu.net\/wordpress\/wp-content\/uploads\/2022\/10\/Conferenza-Stampa-FAI-Gioavni-1024x768.jpg 1024w, https:\/\/www.radiopiu.net\/wordpress\/wp-content\/uploads\/2022\/10\/Conferenza-Stampa-FAI-Gioavni-768x576.jpg 768w, https:\/\/www.radiopiu.net\/wordpress\/wp-content\/uploads\/2022\/10\/Conferenza-Stampa-FAI-Gioavni-1536x1152.jpg 1536w, https:\/\/www.radiopiu.net\/wordpress\/wp-content\/uploads\/2022\/10\/Conferenza-Stampa-FAI-Gioavni.jpg 2048w\" sizes=\"auto, (max-width: 152px) 100vw, 152px\" \/><\/a><\/strong><strong>ALLA SCOPERTA DELLA CASA PI\u00d9 ANTICA DI MEL: PALAZZO FRANCESCON<\/strong><\/p>\n<p>Gli orari <strong>Sabato: <\/strong>09:00 &#8211; 12:30 \/ 14:30 \u2013 17:00. Turni di visita ogni 20 minuti per piccoli gruppi di massimo 12 persone. I gruppi saranno formati al banco, in base all&#8217;ordine di arrivo. Durata della visita circa 45 minuti. <strong>Domenica: <\/strong>09:00 &#8211; 12:30 \/ 14:30 \u2013 17:00. Turni di visita ogni 20 minuti per piccoli gruppi di massimo 12 persone. I gruppi saranno formati al banco, in base all&#8217;ordine di arrivo. Durata della visita circa 45 minuti.<\/p>\n<p><strong>alla radio &#8230;. LA PRESENTAZIONE DI ENRICA RAOTA<\/strong><\/p>\n<audio class=\"wp-audio-shortcode\" id=\"audio-301252-7\" preload=\"none\" style=\"width: 100%;\" controls=\"controls\"><source type=\"audio\/mpeg\" src=\"https:\/\/www.radiopiu.net\/wordpress\/wp-content\/uploads\/2022\/10\/giornate-fai.mp3?_=7\" \/><a href=\"https:\/\/www.radiopiu.net\/wordpress\/wp-content\/uploads\/2022\/10\/giornate-fai.mp3\">https:\/\/www.radiopiu.net\/wordpress\/wp-content\/uploads\/2022\/10\/giornate-fai.mp3<\/a><\/audio>\n<p>&nbsp;<\/p>\n<hr \/>\n<p>&nbsp;<\/p>\n<blockquote>\n<h2>COME SI FANNO LE COSE, CON MARCO DE MARTIN E LUIGI BUDEL<\/h2>\n<\/blockquote>\n<p><strong><img loading=\"lazy\" decoding=\"async\" class=\"alignleft\" src=\"https:\/\/www.radiopiu.net\/wordpress\/wp-content\/uploads\/2022\/10\/Senza-nome-30.jpg\" width=\"245\" height=\"160\" \/>BELLUNO\u00a0<\/strong> C&#8217;\u00e8 molta attesa in provincia per l&#8217;evento di sabato alle 21 al Teatro Comunale di Belluno. Le luci della ribalta si accenderanno per Marco De Martin Modolado e Luigi Budel per la regia di Cristina Gianni. Uno spettacolo\u00a0 tratto dal romanzo di Antonio G. Bortoluzzi, editore Marsilio. Prima assoluta nazionale. Evento organizzato in collaborazione con la rassegna Il mese del libro e con il patrocinio del Comune di Alpago. I due protagonisti, Valentino e Massimo, amici e colleghi di fabbrica, progettano, attraverso un furto con destrezza, di realizzare il sogno della loro vita: abbandonare il logorio e le miserie della fabbrica e rilevare l&#8217;agriturismo \u201cMonteparadiso\u201d nella foresta del Cansiglio.<\/p>\n<p><strong>AI MICROFONI DI RADIO PIU&#8217;, MARCO DE MARTIN MODOLADO<\/strong><\/p>\n<audio class=\"wp-audio-shortcode\" id=\"audio-301252-8\" preload=\"none\" style=\"width: 100%;\" controls=\"controls\"><source type=\"audio\/mpeg\" src=\"https:\/\/www.radiopiu.net\/wordpress\/wp-content\/uploads\/2022\/10\/marco-de-martin.mp3?_=8\" \/><a href=\"https:\/\/www.radiopiu.net\/wordpress\/wp-content\/uploads\/2022\/10\/marco-de-martin.mp3\">https:\/\/www.radiopiu.net\/wordpress\/wp-content\/uploads\/2022\/10\/marco-de-martin.mp3<\/a><\/audio>\n<p>&nbsp;<\/p>\n<p>&nbsp;<\/p>\n<hr \/>\n<p>&nbsp;<\/p>\n<blockquote>\n<h3><\/h3>\n<h3><span style=\"color: #000000;\"><span style=\"font-family: Roboto, serif;\"><span style=\"font-size: xx-large;\"><b>FAVOLE AL BALCONE 2022<\/b><\/span><\/span><\/span><\/h3>\n<\/blockquote>\n<p><em><span style=\"color: #000000;\"><span style=\"font-family: Roboto, serif;\"><span style=\"font-size: large;\"><b>Cantastorie per bambini di tutte le et\u00e0 \u2013 A Belluno in Centro Storico<\/b><\/span><\/span><\/span><\/em><\/p>\n<p>&nbsp;<\/p>\n<p><strong>BELLUNO<\/strong> \u00a0Domenica\u00a0 Belluno Citt\u00e0 dei Bambini d\u00e0 appuntamento a tutte le famiglie alle\u00a0 16 nella centralissima Piazza dei Martiri. Qui sar\u00e0 possibile effettuare l\u2019iscrizione (contributo euro 7, solo per i bambini) a Favole al Balcone, una delle pi\u00f9 suggestive manifestazioni con cantastorie in Italia, giunta ormai alla sua quattordicesima edizione. La manifestazione consiste in un percorso fiabesco, lungo il quale bambini e genitori faranno quattro tappe per ascoltare le favole raccontate dai cantastorie in abiti medievali affacciati dai balconi dei palazzi antichi di Belluno. Alle 16.30 da Piazza dei Martiri partir\u00e0 il corteo formato da bambine, bambini e genitori, per raggiungere la prima tappa in Piazza Santo Stefano. Il percorso proseguir\u00e0 poi verso Piazza Vittorio Emanuele per ascoltare la seconda storia raccontata dal balcone del negozio Tela Blu. La folla di bambini imboccher\u00e0 poi l\u2019antica porta Dojona, per arrivare in via San Lucano, dove dall\u2019antico palazzo Doglioni Dal Mas, sede di Confindustria Belluno Dolomiti, potr\u00e0 ascoltare il terzo racconto. L\u2019ultima tappa a risalire, \u00e8 prevista in Piazza Duomo per la favola raccontata dal balcone di palazzo Piloni, sede della Provincia di Belluno. A recitare le storie quest\u2019anno, Massimiliano Zampieri, Marco Corazza, Michela Broi, Francesco Marchi e Francesco Da Ponte, direttore artistico di Belluno Citt\u00e0 dei Bambini.<\/p>\n<p>&nbsp;<\/p>\n<p>&nbsp;<\/p>\n<hr \/>\n<p>&nbsp;<\/p>\n<blockquote>\n<h3>UNA NUOVA STAGIONE PER LO SKI COLLEGE VENETO<\/h3>\n<p><a class=\"dt-pswp-item\" href=\"https:\/\/www.radiopiu.net\/wordpress\/wp-content\/uploads\/2022\/10\/Senza-nome-20.jpg\" data-dt-img-description=\"\" data-large_image_width=\"736\" data-large_image_height=\"302\"><img loading=\"lazy\" decoding=\"async\" class=\"size-medium wp-image-300994 aligncenter\" src=\"https:\/\/www.radiopiu.net\/wordpress\/wp-content\/uploads\/2022\/10\/Senza-nome-20-300x123.jpg\" alt=\"\" width=\"300\" height=\"123\" srcset=\"https:\/\/www.radiopiu.net\/wordpress\/wp-content\/uploads\/2022\/10\/Senza-nome-20-300x123.jpg 300w, https:\/\/www.radiopiu.net\/wordpress\/wp-content\/uploads\/2022\/10\/Senza-nome-20.jpg 736w\" sizes=\"auto, (max-width: 300px) 100vw, 300px\" \/><\/a><\/p><\/blockquote>\n<div><span style=\"font-family: verdana, sans-serif;\"><b>FALCADE\u00a0 <\/b>Domenica verranno presentati i programmi e le squadre dello Ski College Veneto Falcade per la stagione agonistica 2022-2023. L&#8217;appuntamento \u00e8 fissato per le ore 16 alla Sala Polifunzionale Dolomiti di via Trieste 24 a Falcade (Belluno).\u00a0<\/span><\/div>\n<div><\/div>\n<p>&nbsp;<\/p>\n<hr \/>\n<p>&nbsp;<\/p>\n<div class=\"m8h3af8h l7ghb35v kjdc1dyq kmwttqpk gh25dzvf n3t5jt4f\">\n<div dir=\"auto\">\n<p><span style=\"color: #ff0000;\"><strong>AIUTI FINALIZZATI ALL&#8217;ACQUISTO DI GENERI ALIMENTARI<\/strong><\/span><\/p>\n<\/div>\n<\/div>\n<p><strong><a class=\"dt-pswp-item\" href=\"https:\/\/www.radiopiu.net\/wordpress\/wp-content\/uploads\/2022\/02\/DolomitiCert-Scarpa-Alleghe-Febbraio-2022-Incontro-Comune-scuole-scultori-1-scaled.jpg\" data-dt-img-description=\"\" data-large_image_width=\"2560\" data-large_image_height=\"1706\"><img loading=\"lazy\" decoding=\"async\" class=\" wp-image-260782 alignleft\" src=\"https:\/\/www.radiopiu.net\/wordpress\/wp-content\/uploads\/2022\/02\/DolomitiCert-Scarpa-Alleghe-Febbraio-2022-Incontro-Comune-scuole-scultori-1-300x200.jpg\" alt=\"\" width=\"227\" height=\"151\" srcset=\"https:\/\/www.radiopiu.net\/wordpress\/wp-content\/uploads\/2022\/02\/DolomitiCert-Scarpa-Alleghe-Febbraio-2022-Incontro-Comune-scuole-scultori-1-300x200.jpg 300w, https:\/\/www.radiopiu.net\/wordpress\/wp-content\/uploads\/2022\/02\/DolomitiCert-Scarpa-Alleghe-Febbraio-2022-Incontro-Comune-scuole-scultori-1-1024x683.jpg 1024w, https:\/\/www.radiopiu.net\/wordpress\/wp-content\/uploads\/2022\/02\/DolomitiCert-Scarpa-Alleghe-Febbraio-2022-Incontro-Comune-scuole-scultori-1-768x512.jpg 768w, https:\/\/www.radiopiu.net\/wordpress\/wp-content\/uploads\/2022\/02\/DolomitiCert-Scarpa-Alleghe-Febbraio-2022-Incontro-Comune-scuole-scultori-1-1536x1024.jpg 1536w, https:\/\/www.radiopiu.net\/wordpress\/wp-content\/uploads\/2022\/02\/DolomitiCert-Scarpa-Alleghe-Febbraio-2022-Incontro-Comune-scuole-scultori-1-2048x1365.jpg 2048w\" sizes=\"auto, (max-width: 227px) 100vw, 227px\" \/><\/a>ALLEGHE<\/strong> Le persone e le famiglie residenti nel Comune di Alleghe che, a causa degli effetti economici derivanti dall\u2019emergenza epidemiologica dovuta alla diffusione del virus Covid-19, si trovino in uno stato di bisogno per soddisfare le necessit\u00e0 pi\u00f9 urgenti ed essenziali, possono chiedere che vengano loro riconosciuti i BUONI SPESA per l\u2019acquisto di GENERI ALIMENTARI O PRODOTTI DI PRIMA NECESSIT\u00c0 IMPORTO DEL BUONO SPESA: l\u2019entit\u00e0 dell\u2019importo verr\u00e0 definito con successivo apposito provvedimento, partendo da un importo minimo di Euro 50,00, sulla base del numero dei componenti il nucleo familiare e in considerazione delle necessit\u00e0 dichiarate dal richiedente. Le richieste, redatte sull\u2019apposito modulo dovranno pervenire al Comune di Alleghe mediante invio di posta elettronica. Solo via residuale la domanda potr\u00e0 essere presentata telefonicamente, chiamando il numero 0437 523300 dal luned\u00ec al venerd\u00ec dalle 8 alle 10<\/p>\n<p>&nbsp;<\/p>\n<p>&nbsp;<\/p>\n<hr \/>\n<p>&nbsp;<\/p>\n<blockquote>\n<h2>EVENTI AUTUNNALI IN VAL PETTORINA<\/h2>\n<\/blockquote>\n<p><strong>ROCCA PIETORE<\/strong> fra i\u00a0 boschi dipinti dei colori dell&#8217;autunno\u00a0 I prossimi appuntamenti sono: Sabato 15 Ottobre pomeriggio Per tutti i dettagli\u00a0 <span class=\"fxk3tzhb b2rh1bv3 gh55jysx m8h3af8h ewco64xe kjdc1dyq ms56khn7 bq6c9xl4 eohcrkr5 akh3l2rg\"><img loading=\"lazy\" decoding=\"async\" src=\"https:\/\/static.xx.fbcdn.net\/images\/emoji.php\/v9\/t4d\/1\/16\/1f4de.png\" alt=\"&#x1f4de;\" width=\"16\" height=\"16\" \/><\/span> 340 894 4032 Elena e Sara<a class=\"dt-pswp-item\" href=\"https:\/\/www.radiopiu.net\/wordpress\/wp-content\/uploads\/2022\/10\/1409872327879275310.jpg\" data-dt-img-description=\"\" data-large_image_width=\"500\" data-large_image_height=\"261\">\u00a0<\/a><\/p>\n<div class=\"m8h3af8h l7ghb35v kjdc1dyq kmwttqpk gh25dzvf n3t5jt4f\">\n<div dir=\"auto\"><\/div>\n<div dir=\"auto\">\n<p><strong>OSPITI: Sara Darman ed Elena Simeonato<\/strong><\/p>\n<audio class=\"wp-audio-shortcode\" id=\"audio-301252-9\" preload=\"none\" style=\"width: 100%;\" controls=\"controls\"><source type=\"audio\/mpeg\" src=\"https:\/\/www.radiopiu.net\/wordpress\/wp-content\/uploads\/2022\/09\/sara-darman-elena-simionato-passeggiate-marmolada.mp3?_=9\" \/><a href=\"https:\/\/www.radiopiu.net\/wordpress\/wp-content\/uploads\/2022\/09\/sara-darman-elena-simionato-passeggiate-marmolada.mp3\">https:\/\/www.radiopiu.net\/wordpress\/wp-content\/uploads\/2022\/09\/sara-darman-elena-simionato-passeggiate-marmolada.mp3<\/a><\/audio>\n<p>&nbsp;<\/p>\n\n\t\t\t<style type='text\/css'>\n\t\t\t\t#gallery-4 {\n\t\t\t\t\tmargin: auto;\n\t\t\t\t}\n\t\t\t\t#gallery-4 .gallery-item {\n\t\t\t\t\tfloat: left;\n\t\t\t\t\tmargin-top: 10px;\n\t\t\t\t\ttext-align: center;\n\t\t\t\t\twidth: 33%;\n\t\t\t\t}\n\t\t\t\t#gallery-4 img {\n\t\t\t\t\tborder: 2px solid #cfcfcf;\n\t\t\t\t}\n\t\t\t\t#gallery-4 .gallery-caption {\n\t\t\t\t\tmargin-left: 0;\n\t\t\t\t}\n\t\t\t\t\/* see gallery_shortcode() in wp-includes\/media.php *\/\n\t\t\t<\/style>\n\t\t<div id='gallery-4' class='dt-gallery-container gallery galleryid-301252 gallery-columns-3 gallery-size-thumbnail'><dl class='gallery-item'>\n\t\t\t\t<dt class='gallery-icon landscape'>\n\t\t\t\t\t<a class=\"rollover rollover-zoom dt-pswp-item\" title=\"b5e996c7-e2e6-4fec-9337-cd086d266e7f\" data-dt-img-description=\"\" data-large_image_width=\"1080\" data-large_image_height=\"1080\"href='https:\/\/www.radiopiu.net\/wordpress\/wp-content\/uploads\/2022\/09\/b5e996c7-e2e6-4fec-9337-cd086d266e7f.jpg'><img loading=\"lazy\" decoding=\"async\" width=\"150\" height=\"150\" src=\"https:\/\/www.radiopiu.net\/wordpress\/wp-content\/uploads\/2022\/09\/b5e996c7-e2e6-4fec-9337-cd086d266e7f-150x150.jpg\" class=\"attachment-thumbnail size-thumbnail\" alt=\"\" srcset=\"https:\/\/www.radiopiu.net\/wordpress\/wp-content\/uploads\/2022\/09\/b5e996c7-e2e6-4fec-9337-cd086d266e7f-150x150.jpg 150w, https:\/\/www.radiopiu.net\/wordpress\/wp-content\/uploads\/2022\/09\/b5e996c7-e2e6-4fec-9337-cd086d266e7f-300x300.jpg 300w, https:\/\/www.radiopiu.net\/wordpress\/wp-content\/uploads\/2022\/09\/b5e996c7-e2e6-4fec-9337-cd086d266e7f-1024x1024.jpg 1024w, https:\/\/www.radiopiu.net\/wordpress\/wp-content\/uploads\/2022\/09\/b5e996c7-e2e6-4fec-9337-cd086d266e7f-768x768.jpg 768w, https:\/\/www.radiopiu.net\/wordpress\/wp-content\/uploads\/2022\/09\/b5e996c7-e2e6-4fec-9337-cd086d266e7f.jpg 1080w\" sizes=\"auto, (max-width: 150px) 100vw, 150px\" \/><\/a>\n\t\t\t\t<\/dt><\/dl><dl class='gallery-item'>\n\t\t\t\t<dt class='gallery-icon landscape'>\n\t\t\t\t\t<a class=\"rollover rollover-zoom dt-pswp-item\" title=\"062d597d-f973-4277-9cc6-f67c6d992e99\" data-dt-img-description=\"\" data-large_image_width=\"1080\" data-large_image_height=\"1080\"href='https:\/\/www.radiopiu.net\/wordpress\/wp-content\/uploads\/2022\/09\/062d597d-f973-4277-9cc6-f67c6d992e99.jpg'><img loading=\"lazy\" decoding=\"async\" width=\"150\" height=\"150\" src=\"https:\/\/www.radiopiu.net\/wordpress\/wp-content\/uploads\/2022\/09\/062d597d-f973-4277-9cc6-f67c6d992e99-150x150.jpg\" class=\"attachment-thumbnail size-thumbnail\" alt=\"\" srcset=\"https:\/\/www.radiopiu.net\/wordpress\/wp-content\/uploads\/2022\/09\/062d597d-f973-4277-9cc6-f67c6d992e99-150x150.jpg 150w, https:\/\/www.radiopiu.net\/wordpress\/wp-content\/uploads\/2022\/09\/062d597d-f973-4277-9cc6-f67c6d992e99-300x300.jpg 300w, https:\/\/www.radiopiu.net\/wordpress\/wp-content\/uploads\/2022\/09\/062d597d-f973-4277-9cc6-f67c6d992e99-1024x1024.jpg 1024w, https:\/\/www.radiopiu.net\/wordpress\/wp-content\/uploads\/2022\/09\/062d597d-f973-4277-9cc6-f67c6d992e99-768x768.jpg 768w, https:\/\/www.radiopiu.net\/wordpress\/wp-content\/uploads\/2022\/09\/062d597d-f973-4277-9cc6-f67c6d992e99.jpg 1080w\" sizes=\"auto, (max-width: 150px) 100vw, 150px\" \/><\/a>\n\t\t\t\t<\/dt><\/dl><dl class='gallery-item'>\n\t\t\t\t<dt class='gallery-icon landscape'>\n\t\t\t\t\t<a class=\"rollover rollover-zoom dt-pswp-item\" title=\"ada9c7a0-4d54-4873-82d4-41f5480668d3\" data-dt-img-description=\"\" data-large_image_width=\"1080\" data-large_image_height=\"1080\"href='https:\/\/www.radiopiu.net\/wordpress\/wp-content\/uploads\/2022\/09\/ada9c7a0-4d54-4873-82d4-41f5480668d3.jpg'><img loading=\"lazy\" decoding=\"async\" width=\"150\" height=\"150\" src=\"https:\/\/www.radiopiu.net\/wordpress\/wp-content\/uploads\/2022\/09\/ada9c7a0-4d54-4873-82d4-41f5480668d3-150x150.jpg\" class=\"attachment-thumbnail size-thumbnail\" alt=\"\" srcset=\"https:\/\/www.radiopiu.net\/wordpress\/wp-content\/uploads\/2022\/09\/ada9c7a0-4d54-4873-82d4-41f5480668d3-150x150.jpg 150w, https:\/\/www.radiopiu.net\/wordpress\/wp-content\/uploads\/2022\/09\/ada9c7a0-4d54-4873-82d4-41f5480668d3-300x300.jpg 300w, https:\/\/www.radiopiu.net\/wordpress\/wp-content\/uploads\/2022\/09\/ada9c7a0-4d54-4873-82d4-41f5480668d3-1024x1024.jpg 1024w, https:\/\/www.radiopiu.net\/wordpress\/wp-content\/uploads\/2022\/09\/ada9c7a0-4d54-4873-82d4-41f5480668d3-768x768.jpg 768w, https:\/\/www.radiopiu.net\/wordpress\/wp-content\/uploads\/2022\/09\/ada9c7a0-4d54-4873-82d4-41f5480668d3.jpg 1080w\" sizes=\"auto, (max-width: 150px) 100vw, 150px\" \/><\/a>\n\t\t\t\t<\/dt><\/dl><br style=\"clear: both\" \/>\n\t\t\t<\/div>\n\n<p>&nbsp;<\/p>\n<hr \/>\n<p>&nbsp;<\/p>\n<blockquote>\n<h3><a class=\"dt-pswp-item\" href=\"https:\/\/www.radiopiu.net\/wordpress\/wp-content\/uploads\/2022\/10\/th-3.jpg\" data-dt-img-description=\"\" data-large_image_width=\"474\" data-large_image_height=\"315\"><img loading=\"lazy\" decoding=\"async\" class=\"wp-image-301009 alignleft\" src=\"https:\/\/www.radiopiu.net\/wordpress\/wp-content\/uploads\/2022\/10\/th-3-300x199.jpg\" alt=\"\" width=\"157\" height=\"104\" srcset=\"https:\/\/www.radiopiu.net\/wordpress\/wp-content\/uploads\/2022\/10\/th-3-300x199.jpg 300w, https:\/\/www.radiopiu.net\/wordpress\/wp-content\/uploads\/2022\/10\/th-3.jpg 474w\" sizes=\"auto, (max-width: 157px) 100vw, 157px\" \/><\/a>IN VIAGGIO CON LE FIAT 500 D&#8217;EPOCA<\/h3>\n<\/blockquote>\n<p><strong>BELLUNO<\/strong> Gita di ottobre con le 500 domenica,\u00a0 con ritrovo a Sedico alle 9. E\u2019 possibile aggregarsi al gruppo anche lungo il percorso. Dopo Feltre la carovana salir\u00e0 a\u00a0 Fiera di Primiero, quindi a Gosaldo.\u00a0 Il pranzo a Rivamonte dove\u00a0 alle 12,30 \u00a0al Riva Oktoberfest\u00a0 Informazioni\u00a0 Giulio Pirolo 3391339800 \u2013 mail pirolo.giulio@simg.it<\/p>\n<p>&nbsp;<\/p>\n<blockquote>\n<h2>PROLOCO DI RIVAMONTE AGORDINO<\/h2>\n<\/blockquote>\n<div>\n<div class=\"hael596l alzwoclg jl2a5g8c qjfq86k5 r227ecj6 gt60zsk1 s1m0hq7j\">\n<div class=\"cgu29s5g\">\n<div class=\"alzwoclg cqf1kptm siwo0mpr gu5uzgus\">\n<div class=\"jroqu855 nthtkgg5\"><strong>14-15-16 OTTOBRE 2022<\/strong><\/div>\n<\/div>\n<\/div>\n<\/div>\n<\/div>\n<div>\n<div class=\"\" dir=\"auto\">\n<div id=\"jsc_c_1y\" class=\"d2hqwtrz r227ecj6 ez8dtbzv gt60zsk1\" data-ad-comet-preview=\"message\" data-ad-preview=\"message\">\n<div class=\"alzwoclg cqf1kptm siwo0mpr gu5uzgus\">\n<div class=\"jroqu855 nthtkgg5\">\n<div class=\"m8h3af8h l7ghb35v kjdc1dyq kmwttqpk gh25dzvf n3t5jt4f\">\n<div dir=\"auto\">Finalmente ritorna l&#8217;Oktoberfest. Tre giorni di festa in compagnia di buona musica e buon cibo: Canederli, \u00a0Spatzle<\/div>\n<div dir=\"auto\">Stinco con crauti e patate fritte e Buona birra in bicchieri di vetro<br \/>\n<a class=\"dt-pswp-item\" href=\"https:\/\/www.radiopiu.net\/wordpress\/wp-content\/uploads\/2022\/09\/306610049_3398892650338616_7875061756741663012_n.jpg\" data-dt-img-description=\"\" data-large_image_width=\"720\" data-large_image_height=\"261\"><img loading=\"lazy\" decoding=\"async\" class=\"alignnone wp-image-296989 size-full\" src=\"https:\/\/www.radiopiu.net\/wordpress\/wp-content\/uploads\/2022\/09\/306610049_3398892650338616_7875061756741663012_n.jpg\" alt=\"\" width=\"720\" height=\"261\" srcset=\"https:\/\/www.radiopiu.net\/wordpress\/wp-content\/uploads\/2022\/09\/306610049_3398892650338616_7875061756741663012_n.jpg 720w, https:\/\/www.radiopiu.net\/wordpress\/wp-content\/uploads\/2022\/09\/306610049_3398892650338616_7875061756741663012_n-300x109.jpg 300w\" sizes=\"auto, (max-width: 720px) 100vw, 720px\" \/><\/a><\/div>\n<div dir=\"auto\"><\/div>\n<\/div>\n<\/div>\n<\/div>\n<\/div>\n<\/div>\n<\/div>\n<p>&nbsp;<\/p>\n<p>&nbsp;<\/p>\n<p>&nbsp;<\/p>\n<p>&nbsp;<\/p>\n<hr \/>\n<p>&nbsp;<\/p>\n<blockquote>\n<h3>DOMENICA 23 OTTOBRE LA GRANDE FESTA ALLA FABBRICA IN PEDAVENA DI LA VALLE<\/h3>\n<\/blockquote>\n<p><a class=\"dt-pswp-item\" href=\"https:\/\/www.radiopiu.net\/wordpress\/wp-content\/uploads\/2022\/09\/be36ec51-e02a-4ee2-8c75-860605e2253f.jpg\" data-dt-img-description=\"\" data-large_image_width=\"1200\" data-large_image_height=\"628\"><img loading=\"lazy\" decoding=\"async\" class=\"aligncenter wp-image-296751 size-medium\" src=\"https:\/\/www.radiopiu.net\/wordpress\/wp-content\/uploads\/2022\/09\/be36ec51-e02a-4ee2-8c75-860605e2253f-300x157.jpg\" alt=\"\" width=\"300\" height=\"157\" srcset=\"https:\/\/www.radiopiu.net\/wordpress\/wp-content\/uploads\/2022\/09\/be36ec51-e02a-4ee2-8c75-860605e2253f-300x157.jpg 300w, https:\/\/www.radiopiu.net\/wordpress\/wp-content\/uploads\/2022\/09\/be36ec51-e02a-4ee2-8c75-860605e2253f-1024x536.jpg 1024w, https:\/\/www.radiopiu.net\/wordpress\/wp-content\/uploads\/2022\/09\/be36ec51-e02a-4ee2-8c75-860605e2253f-768x402.jpg 768w, https:\/\/www.radiopiu.net\/wordpress\/wp-content\/uploads\/2022\/09\/be36ec51-e02a-4ee2-8c75-860605e2253f.jpg 1200w\" sizes=\"auto, (max-width: 300px) 100vw, 300px\" \/><\/a><\/p>\n<p>&nbsp;<\/p>\n<p>&nbsp;<\/p>\n<hr \/>\n<p>&nbsp;<\/p>\n<blockquote>\n<h3>A BELLUNO SI PARLA DELLA GESTIONE PERIOPERATORIA DELL&#8217;ANZIANO FRAGILE<\/h3>\n<\/blockquote>\n<p><strong><a class=\"dt-pswp-item\" href=\"https:\/\/www.radiopiu.net\/wordpress\/wp-content\/uploads\/2022\/10\/Senza-nome-13.jpg\" data-dt-img-description=\"\" data-large_image_width=\"203\" data-large_image_height=\"158\"><img loading=\"lazy\" decoding=\"async\" class=\"size-full wp-image-300279 alignright\" src=\"https:\/\/www.radiopiu.net\/wordpress\/wp-content\/uploads\/2022\/10\/Senza-nome-13.jpg\" alt=\"\" width=\"203\" height=\"158\" \/><\/a>BELLUNO<\/strong> \u00c8 in programma per sabato 15 ottobre al Teatro Giovanni XXIII una serata organizzata dall&#8217;Ordine dei medici chirurghi e odontoiatri della provincia di Belluno. &#8220;La gestione perioperatoria dell&#8217;anziano fragile&#8221; il titolo dell&#8217;incontro che si terr\u00e0 a partire dalle 18. Ad aprire la giornata un incontro aperto a tutti sule cure di lungo termine nel sostegno della fragilit\u00e0 anziana con Luigi Guglielmi, giornalista dell&#8217;Amico Del Popolo, il dottor Massimiliano Mosca, geriatra, e la dottoressa Lucia Omiciuolo, direttore dell&#8217;Unit\u00e0 Opertiva di geriatria dell&#8217;ospedale di Feltre. Alle 18:30 lo spettacolo teatrale &#8220;Mamma a carico. Mia figlia ha 90 anni&#8221; di e con Gianna Coletti per la regia di Gabriele Scotti.<\/p>\n<p><strong>L&#8217;ATTRICE GIANNA COLETTI ALLA RADIO\u00a0<\/strong><\/p>\n<audio class=\"wp-audio-shortcode\" id=\"audio-301252-10\" preload=\"none\" style=\"width: 100%;\" controls=\"controls\"><source type=\"audio\/mpeg\" src=\"https:\/\/www.radiopiu.net\/wordpress\/wp-content\/uploads\/2022\/10\/gianna-coletti.mp3?_=10\" \/><a href=\"https:\/\/www.radiopiu.net\/wordpress\/wp-content\/uploads\/2022\/10\/gianna-coletti.mp3\">https:\/\/www.radiopiu.net\/wordpress\/wp-content\/uploads\/2022\/10\/gianna-coletti.mp3<\/a><\/audio>\n<p>&nbsp;<\/p>\n<hr \/>\n<p>&nbsp;<\/p>\n<blockquote>\n<h3>IL GRANDE FESTIVAL DEI CORI A LIMANA<\/h3>\n<\/blockquote>\n<p><strong>LIMANA<\/strong> Domenica 16 ottobre sotto la tensostruttura fronte alle scuole elementari di Limana si svolger\u00e0 la seconda edizione del Grande Festiaval dei Cori. Saranno 10 i cori bellunesi che si alterneranno per una giornata all&#8217;insegna del bel canto. Un evento con il patrocinio della Provincia di Belluno, Comune di Limana e Pro Loco. Organizza la Corale di Limana.<\/p>\n<p>&nbsp;<\/p>\n<p>&nbsp;<\/p>\n<hr \/>\n<p>&nbsp;<\/p>\n<blockquote>\n<h3>UNA DOMENICA IN 500<\/h3>\n<\/blockquote>\n<p><strong>BELLUNO<\/strong> In occasione di Riva L&#8217;Oktoberfest di Rivamonte, gli amici appassionati delle 500 organizzano un ritrovo. Partenza da Sedico alle 9 per poi passare verso Feltre, Fiera di Primiero, Passo Cereda per poi continuare verso Gosaldo ed arrivare a Rivamonte per pranzare sotto al tendone. Info ed iscrizioni: Giulio Pirolo \u2013 cell. e WA 3391339800 \u2013 mail <a href=\"mailto:pirolo.giulio@simg.it\">pirolo.giulio@simg.it<\/a>\u00a0o Paolo De Cesaro \u2013 cell e WA 3282715151 \u2013 mail <a href=\"mailto:500ombre@gmail.com\">500ombre@gmail.com<\/a><\/p>\n<p>&nbsp;<\/p>\n<p>&nbsp;<\/p>\n<hr \/>\n<p>&nbsp;<\/p>\n<blockquote>\n<h3>MARTEDI&#8217; 18 OTTOBRE AL TEATRO COMUNALE CON FEDERICO BUFFA<\/h3>\n<\/blockquote>\n<p><strong><a class=\"dt-pswp-item\" href=\"https:\/\/www.radiopiu.net\/wordpress\/wp-content\/uploads\/2022\/10\/IMG_7800.png\" data-dt-img-description=\"\" data-large_image_width=\"2048\" data-large_image_height=\"1536\"><img loading=\"lazy\" decoding=\"async\" class=\" wp-image-301313 alignleft\" src=\"https:\/\/www.radiopiu.net\/wordpress\/wp-content\/uploads\/2022\/10\/IMG_7800-300x225.png\" alt=\"\" width=\"168\" height=\"126\" srcset=\"https:\/\/www.radiopiu.net\/wordpress\/wp-content\/uploads\/2022\/10\/IMG_7800-300x225.png 300w, https:\/\/www.radiopiu.net\/wordpress\/wp-content\/uploads\/2022\/10\/IMG_7800-1024x768.png 1024w, https:\/\/www.radiopiu.net\/wordpress\/wp-content\/uploads\/2022\/10\/IMG_7800-768x576.png 768w, https:\/\/www.radiopiu.net\/wordpress\/wp-content\/uploads\/2022\/10\/IMG_7800-1536x1152.png 1536w, https:\/\/www.radiopiu.net\/wordpress\/wp-content\/uploads\/2022\/10\/IMG_7800.png 2048w\" sizes=\"auto, (max-width: 168px) 100vw, 168px\" \/><\/a>BELLUNO <\/strong>Fondazione Cariverona taglia il traguardo dei suoi primi 30 anni di storia con un ciclo di appuntamenti per ripercorrere insieme ci\u00f2 che \u00e8 stato fatto nell\u2019ultimo triennio e, soprattutto, per guardare al futuro. Il percorso S\u00ecamo \u00e8 uno dei molti modi per confermare che &#8220;ci siamo&#8221;, oggi e domani, come ci siamo sempre stati dal primo giorno fino ad ora. S\u00ecamo \u00e8 infatti il format studiato per le persone e i loro territori, un progetto itinerante sulla sostenibilit\u00e0 ambientale e sociale, per contribuire a generare relazioni fondate sulla fiducia in continuit\u00e0 nel dialogo con le nostre comunit\u00e0. S\u00ecamo si svolge con tre eventi che partendo dal racconto di quanto realizzato dal 2020 per dare concretezza agli obiettivi strategici di Fondazione Cariverona, sono dedicati a tematiche verticali con la partecipazione di diversi speaker e del giornalista Federico Buffa in qualit\u00e0 di storyteller. L\u2019appuntamento per Belluno \u00e8 al Teatro Comunale, per marted\u00ec 18 ottobre alle 18, dove con il contributo di speaker di respiro nazionale ed internazionale, scopriremo insieme come ognuno di noi pu\u00f2 contribuire a contrastare il climate change.<\/p>\n<p>&nbsp;<\/p>\n<p>&nbsp;<\/p>\n<hr \/>\n<p>&nbsp;<\/p>\n<blockquote>\n<h3>UNO DI NOI, DI JOHN FRANCIS DELLA PIETRA<\/h3>\n<\/blockquote>\n<p><strong>UNO DI NOI<\/strong><\/p>\n<p><strong>di John Francis Della Pietra<\/strong><\/p>\n<audio class=\"wp-audio-shortcode\" id=\"audio-301252-11\" preload=\"none\" style=\"width: 100%;\" controls=\"controls\"><source type=\"audio\/mpeg\" src=\"https:\/\/www.radiopiu.net\/wordpress\/wp-content\/uploads\/2022\/10\/FRANCO-MANFROI.mp3?_=11\" \/><a href=\"https:\/\/www.radiopiu.net\/wordpress\/wp-content\/uploads\/2022\/10\/FRANCO-MANFROI.mp3\">https:\/\/www.radiopiu.net\/wordpress\/wp-content\/uploads\/2022\/10\/FRANCO-MANFROI.mp3<\/a><\/audio>\n<p>&nbsp;<\/p>\n<p>Franco Manfroi alle olimpiadi di Grenoble nelle sue famose &#8220;pieghe pattinate&#8221;&#8230;<\/p>\n\n\t\t\t<style type='text\/css'>\n\t\t\t\t#gallery-5 {\n\t\t\t\t\tmargin: auto;\n\t\t\t\t}\n\t\t\t\t#gallery-5 .gallery-item {\n\t\t\t\t\tfloat: left;\n\t\t\t\t\tmargin-top: 10px;\n\t\t\t\t\ttext-align: center;\n\t\t\t\t\twidth: 50%;\n\t\t\t\t}\n\t\t\t\t#gallery-5 img {\n\t\t\t\t\tborder: 2px solid #cfcfcf;\n\t\t\t\t}\n\t\t\t\t#gallery-5 .gallery-caption {\n\t\t\t\t\tmargin-left: 0;\n\t\t\t\t}\n\t\t\t\t\/* see gallery_shortcode() in wp-includes\/media.php *\/\n\t\t\t<\/style>\n\t\t<div id='gallery-5' class='dt-gallery-container gallery galleryid-301252 gallery-columns-2 gallery-size-thumbnail'><dl class='gallery-item'>\n\t\t\t\t<dt class='gallery-icon portrait'>\n\t\t\t\t\t<a class=\"rollover rollover-zoom dt-pswp-item\" title=\"f2060693-0cf6-4d77-ab64-6f64797994da\" data-dt-img-description=\"\" data-large_image_width=\"1200\" data-large_image_height=\"1600\"href='https:\/\/www.radiopiu.net\/wordpress\/wp-content\/uploads\/2022\/10\/f2060693-0cf6-4d77-ab64-6f64797994da.jpg'><img loading=\"lazy\" decoding=\"async\" width=\"150\" height=\"150\" src=\"https:\/\/www.radiopiu.net\/wordpress\/wp-content\/uploads\/2022\/10\/f2060693-0cf6-4d77-ab64-6f64797994da-150x150.jpg\" class=\"attachment-thumbnail size-thumbnail\" alt=\"\" \/><\/a>\n\t\t\t\t<\/dt><\/dl><dl class='gallery-item'>\n\t\t\t\t<dt class='gallery-icon landscape'>\n\t\t\t\t\t<a class=\"rollover rollover-zoom dt-pswp-item\" title=\"55b1cc87-847a-41c2-86a9-164574ead6ad\" data-dt-img-description=\"\" data-large_image_width=\"1600\" data-large_image_height=\"1200\"href='https:\/\/www.radiopiu.net\/wordpress\/wp-content\/uploads\/2022\/10\/55b1cc87-847a-41c2-86a9-164574ead6ad.jpg'><img loading=\"lazy\" decoding=\"async\" width=\"150\" height=\"150\" src=\"https:\/\/www.radiopiu.net\/wordpress\/wp-content\/uploads\/2022\/10\/55b1cc87-847a-41c2-86a9-164574ead6ad-150x150.jpg\" class=\"attachment-thumbnail size-thumbnail\" alt=\"\" \/><\/a>\n\t\t\t\t<\/dt><\/dl><br style=\"clear: both\" \/>\n\t\t\t<\/div>\n\n<p>&nbsp;<\/p>\n<hr \/>\n<p>&nbsp;<\/p>\n<h2><span style=\"color: #ff0000;\">IERI ALLA RADIO<\/span><\/h2>\n<h2><strong><a class=\"dt-pswp-item\" href=\"https:\/\/www.radiopiu.net\/wordpress\/wp-content\/uploads\/2022\/09\/306610049_3398892650338616_7875061756741663012_n.jpg\" data-dt-img-description=\"\" data-large_image_width=\"720\" data-large_image_height=\"261\"><img loading=\"lazy\" decoding=\"async\" class=\"size-medium wp-image-296989 alignleft\" src=\"https:\/\/www.radiopiu.net\/wordpress\/wp-content\/uploads\/2022\/09\/306610049_3398892650338616_7875061756741663012_n-300x109.jpg\" alt=\"\" width=\"300\" height=\"109\" srcset=\"https:\/\/www.radiopiu.net\/wordpress\/wp-content\/uploads\/2022\/09\/306610049_3398892650338616_7875061756741663012_n-300x109.jpg 300w, https:\/\/www.radiopiu.net\/wordpress\/wp-content\/uploads\/2022\/09\/306610049_3398892650338616_7875061756741663012_n.jpg 720w\" sizes=\"auto, (max-width: 300px) 100vw, 300px\" \/><\/a><\/strong><span style=\"color: #993300;\">RIVA L&#8217;OKTOBERFEST, UN FINE SETTIMANA DI FESTA A RIVAMONTE<\/span><\/h2>\n<p><strong>OSPITE: Giacomo Bressan, Pro Loco Rivamonte<\/strong><\/p>\n<audio class=\"wp-audio-shortcode\" id=\"audio-301252-12\" preload=\"none\" style=\"width: 100%;\" controls=\"controls\"><source type=\"audio\/mpeg\" src=\"https:\/\/www.radiopiu.net\/wordpress\/wp-content\/uploads\/2022\/10\/riva-oktoberfest-intervista.mp3?_=12\" \/><a href=\"https:\/\/www.radiopiu.net\/wordpress\/wp-content\/uploads\/2022\/10\/riva-oktoberfest-intervista.mp3\">https:\/\/www.radiopiu.net\/wordpress\/wp-content\/uploads\/2022\/10\/riva-oktoberfest-intervista.mp3<\/a><\/audio>\n<p>&nbsp;<\/p>\n<hr \/>\n<p>&nbsp;<\/p>\n<div>\n<div class=\"b654a4as d2edcug0\">\n<div class=\"rq0escxv hkbzh7o3 jwdofwj8 n8tt0mok r8blr3vg hyh9befq\">\n<p><a class=\"dt-pswp-item\" href=\"https:\/\/www.radiopiu.net\/wordpress\/wp-content\/uploads\/2020\/10\/pp.jpg\" data-dt-img-description=\"\" data-large_image_width=\"640\" data-large_image_height=\"640\"><img loading=\"lazy\" decoding=\"async\" class=\"wp-image-163678 alignleft\" src=\"https:\/\/www.radiopiu.net\/wordpress\/wp-content\/uploads\/2020\/10\/pp-300x300.jpg\" alt=\"\" width=\"106\" height=\"106\" srcset=\"https:\/\/www.radiopiu.net\/wordpress\/wp-content\/uploads\/2020\/10\/pp-300x300.jpg 300w, https:\/\/www.radiopiu.net\/wordpress\/wp-content\/uploads\/2020\/10\/pp-150x150.jpg 150w, https:\/\/www.radiopiu.net\/wordpress\/wp-content\/uploads\/2020\/10\/pp-125x125.jpg 125w, https:\/\/www.radiopiu.net\/wordpress\/wp-content\/uploads\/2020\/10\/pp-200x200.jpg 200w, https:\/\/www.radiopiu.net\/wordpress\/wp-content\/uploads\/2020\/10\/pp-80x80.jpg 80w, https:\/\/www.radiopiu.net\/wordpress\/wp-content\/uploads\/2020\/10\/pp-480x480.jpg 480w, https:\/\/www.radiopiu.net\/wordpress\/wp-content\/uploads\/2020\/10\/pp.jpg 640w\" sizes=\"auto, (max-width: 106px) 100vw, 106px\" \/><\/a><\/p>\n<\/div>\n<\/div>\n<\/div>\n<div>\n<div class=\"page-title-head hgroup\">\n<div class=\"page-title-head hgroup\">\n<div class=\"b654a4as d2edcug0\">\n<div class=\"j83agx80 btwxx1t3 lhclo0ds hop8lmos nkwizq5d scwd0bx6 roh60bw9\">\n<div class=\"rq0escxv hkbzh7o3 jwdofwj8 n8tt0mok r8blr3vg hyh9befq\">\n<div class=\"do00u71z l9j0dhe7 k4urcfbm\">\n<h2><span style=\"color: #000080;\">DON CESARE, IL PENSIERO DEL GIORNO. ALLA RADIO ALLE 7 DEL MATTINO E ALLE 19.30 DELLA SERA.\u00a0<\/span><\/h2>\n<audio class=\"wp-audio-shortcode\" id=\"audio-301252-13\" preload=\"none\" style=\"width: 100%;\" controls=\"controls\"><source type=\"audio\/mpeg\" src=\"https:\/\/www.radiopiu.net\/wordpress\/wp-content\/uploads\/2022\/10\/CESARE-11.mp3?_=13\" \/><a href=\"https:\/\/www.radiopiu.net\/wordpress\/wp-content\/uploads\/2022\/10\/CESARE-11.mp3\">https:\/\/www.radiopiu.net\/wordpress\/wp-content\/uploads\/2022\/10\/CESARE-11.mp3<\/a><\/audio>\n<p>&nbsp;<\/p>\n<hr \/>\n<p>&nbsp;<\/p>\n<h2><span style=\"color: #ff6600;\">COLLAGE OPERAZIONE NOSTALGIA<\/span><\/h2>\n<p><strong><a class=\"dt-pswp-item\" href=\"https:\/\/www.radiopiu.net\/wordpress\/wp-content\/uploads\/2022\/10\/Frank-Sinatra.jpg\" data-dt-img-description=\"\" data-large_image_width=\"300\" data-large_image_height=\"299\"><img loading=\"lazy\" decoding=\"async\" class=\"wp-image-300796 alignleft\" src=\"https:\/\/www.radiopiu.net\/wordpress\/wp-content\/uploads\/2022\/10\/Frank-Sinatra.jpg\" alt=\"\" width=\"116\" height=\"116\" srcset=\"https:\/\/www.radiopiu.net\/wordpress\/wp-content\/uploads\/2022\/10\/Frank-Sinatra.jpg 300w, https:\/\/www.radiopiu.net\/wordpress\/wp-content\/uploads\/2022\/10\/Frank-Sinatra-150x150.jpg 150w\" sizes=\"auto, (max-width: 116px) 100vw, 116px\" \/><\/a>di Loris Scussel<\/strong><\/p>\n<p>Prosegue la nuova programmazione di Collage operazione nostalgia con la messa in onda delle canzoni in ordine alfabetico che questa settimana \u00e8 dedicata a quelle il cui titolo inizia con le lettere F, G, H, I, L. Come sempre i generi diversi si intrecceranno tra loro e potremo ascoltare brani come: Fly me to the moon, Goldfinger, Ho difeso il mio amore, Io per lei, Layla e cos\u00ec via. Collage va in onda dal luned\u00ec al venerd\u00ec alle 16,00 ed in replica alle 23,00 naturalmente su Radio Pi\u00f9.<\/p>\n<p><strong>LA PUNTATA DEL LUNEDI<\/strong><\/p>\n<audio class=\"wp-audio-shortcode\" id=\"audio-301252-14\" preload=\"none\" style=\"width: 100%;\" controls=\"controls\"><source type=\"audio\/mpeg\" src=\"https:\/\/www.radiopiu.net\/wordpress\/wp-content\/uploads\/2022\/10\/Collage-636.mp3?_=14\" \/><a href=\"https:\/\/www.radiopiu.net\/wordpress\/wp-content\/uploads\/2022\/10\/Collage-636.mp3\">https:\/\/www.radiopiu.net\/wordpress\/wp-content\/uploads\/2022\/10\/Collage-636.mp3<\/a><\/audio>\n<p>&nbsp;<\/p>\n<p><strong>PUNTATA DEL MARTEDI<\/strong><\/p>\n<audio class=\"wp-audio-shortcode\" id=\"audio-301252-15\" preload=\"none\" style=\"width: 100%;\" controls=\"controls\"><source type=\"audio\/mpeg\" src=\"https:\/\/www.radiopiu.net\/wordpress\/wp-content\/uploads\/2022\/10\/Collage-637.mp3?_=15\" \/><a href=\"https:\/\/www.radiopiu.net\/wordpress\/wp-content\/uploads\/2022\/10\/Collage-637.mp3\">https:\/\/www.radiopiu.net\/wordpress\/wp-content\/uploads\/2022\/10\/Collage-637.mp3<\/a><\/audio>\n<p>&nbsp;<\/p>\n<p><strong>PUNTATA DEL MERCOLEDI<\/strong><\/p>\n<audio class=\"wp-audio-shortcode\" id=\"audio-301252-16\" preload=\"none\" style=\"width: 100%;\" controls=\"controls\"><source type=\"audio\/mpeg\" src=\"https:\/\/www.radiopiu.net\/wordpress\/wp-content\/uploads\/2022\/10\/Collage-638.mp3?_=16\" \/><a href=\"https:\/\/www.radiopiu.net\/wordpress\/wp-content\/uploads\/2022\/10\/Collage-638.mp3\">https:\/\/www.radiopiu.net\/wordpress\/wp-content\/uploads\/2022\/10\/Collage-638.mp3<\/a><\/audio>\n<p>&nbsp;<\/p>\n<hr \/>\n<p>&nbsp;<\/p>\n<div>\n<blockquote class=\"wp-embedded-content\" data-secret=\"oHDtePhFce\"><p><a href=\"https:\/\/www.radiopiu.net\/wordpress\/odio-la-radio-dieci-anni-dopo-di-mirko-mezzacasa\/\">&#8220;ODIO LA RADIO&#8221;&#8230; DIECI ANNI DOPO, di Mirko Mezzacasa<\/a><\/p><\/blockquote>\n<p><iframe loading=\"lazy\" class=\"wp-embedded-content\" sandbox=\"allow-scripts\" security=\"restricted\" style=\"position: absolute; clip: rect(1px, 1px, 1px, 1px);\" title=\"&#8220;&#8220;ODIO LA RADIO&#8221;&#8230; DIECI ANNI DOPO, di Mirko Mezzacasa&#8221; &#8212; Radio Pi\u00f9\" src=\"https:\/\/www.radiopiu.net\/wordpress\/odio-la-radio-dieci-anni-dopo-di-mirko-mezzacasa\/embed\/#?secret=c3sLKRI0P6#?secret=oHDtePhFce\" data-secret=\"oHDtePhFce\" width=\"600\" height=\"338\" frameborder=\"0\" marginwidth=\"0\" marginheight=\"0\" scrolling=\"no\"><\/iframe><\/p>\n<p>&nbsp;<\/p>\n<p>&nbsp;<\/p>\n<p>&nbsp;<\/p>\n<hr \/>\n<p>&nbsp;<\/p>\n<p><a class=\"dt-pswp-item\" href=\"https:\/\/www.radiopiu.net\/wordpress\/wp-content\/uploads\/2018\/09\/WhatsApp-Image-2018-09-20-at-16.04.06.jpeg\" data-dt-img-description=\"\" data-large_image_width=\"800\" data-large_image_height=\"100\"><img loading=\"lazy\" decoding=\"async\" class=\"aligncenter wp-image-61378 size-full\" src=\"https:\/\/www.radiopiu.net\/wordpress\/wp-content\/uploads\/2018\/09\/WhatsApp-Image-2018-09-20-at-16.04.06.jpeg\" alt=\"\" width=\"800\" height=\"100\" srcset=\"https:\/\/www.radiopiu.net\/wordpress\/wp-content\/uploads\/2018\/09\/WhatsApp-Image-2018-09-20-at-16.04.06.jpeg 800w, https:\/\/www.radiopiu.net\/wordpress\/wp-content\/uploads\/2018\/09\/WhatsApp-Image-2018-09-20-at-16.04.06-300x38.jpeg 300w, https:\/\/www.radiopiu.net\/wordpress\/wp-content\/uploads\/2018\/09\/WhatsApp-Image-2018-09-20-at-16.04.06-768x96.jpeg 768w\" sizes=\"auto, (max-width: 800px) 100vw, 800px\" \/><\/a><\/p>\n<p>&nbsp;<\/p>\n<p><center><b>Giovedi 13<\/b><\/center><b>Tempo atteso: <\/b>Al mattino ben soleggiato dopo il dissolvimento delle nubi basse presenti su alcuni settori Prealpini. Nel pomeriggio sottili velature in arrivo da nordovest via via pi\u00f9 estese verso sera. In serata nuova formazione di nubi basse.<br \/>\n<b>Precipitazioni: <\/b>Assenti.<br \/>\n<b>Temperature: <\/b>Pressoch\u00e8 stazionarie. Su Prealpi a 1500 m: min 7 max 12, a 2000 m: min 5 max 7 Dolomiti &#8211; a 2000 m: min 6 max 9, a 3000 m: min 0 max 1<br \/>\n<b>Venti: <\/b>Venti deboli di direzione variabile nelle valli, salvo locali rinforzi; in quota deboli occidentali a 5-15 km\/h sia a 2000 m che a 3000 m.<\/p>\n<hr \/>\n<p><center><b>Venerdi 14<\/b><\/center><b>Tempo atteso: <\/b>Fino al primo mattino possibili nubi basse in qualche fondovalle, poi schiarite anche ampie in giornata con passaggio di velature assieme a qualche addensamento. In serata aumento della nuvolosit\u00e0 alta da ovest assieme alla nuova formazione di nubi basse in molti fondovalle.<br \/>\n<b>Precipitazioni: <\/b>Generalmente assenti o poco probabile qualche goccia qua e l\u00e0 su Dolomiti.<br \/>\n<b>Temperature: <\/b>Temperature pressoch\u00e8 stazionarie o in lieve calo in alta quota Su Prealpi a 1500 m: min 7 max 12, a 2000 m: min 5 max 7 Dolomiti &#8211; a 2000 m: min 5 max 9, a 3000 m: min -1 max 0<br \/>\n<b>Venti: <\/b>Venti in quota deboli\/moderati da nordovest a 5-10 km\/h a 2000 m e 10-20 km\/h a 3000 m.<\/p>\n<hr \/>\n<p><center><b>Sabato 15<\/b><\/center>Su Dolomiti e in quota su Prealpi soleggiato con qualche sottile velatura fino al primo mattino. Su Prealpi esposte alla pianura fino al mattino possibili nubi basse anche estese e persistenti ( al di sotto dei 1500\/1600 m) in irregolare dissolvimento in giornata e nuova formazione in serata. Temperature in aumento in quota. Venti in quota deboli\/moderati occidentali, deboli variabili nelle valli.<\/p>\n<hr \/>\n<p><center><b>Domenica 16<\/b><\/center>In quota e su Dolomiti sereno o al pi\u00f9 poco nuvoloso. Su Prealpi specie esposte alla Pianura al di sotto dei 1500\/1600 possibili estese e persistenti nubi basse in irregolare dissolvimento in giornata. Temperature stazionarie in quota con valori ben superiori alla media del periodo. Venti in quota inizialmente deboli o moderati da nordovest poi molto deboli variabili; nelle valli deboli variabili. Previsore: DDL<\/p>\n<p>&nbsp;<\/p>\n<hr \/>\n<p>&nbsp;<\/p>\n<p><strong>OGNI GIORNO IL MERCATINO A RADIO PIU&#8217;, AL QUARANTESIMO MINUTO. IL PUNTO DI RIFERIMENTO PER CHI OFFRE O CERCA LAVORO NELL&#8217;ARCO DOLOMITICO, CENTINAIA DI VISUALIZZAZIONI AL GIORNO SUL SITO INTERNET, IN AUDIO ALLA RADIO E IN STREAMING IL TUTTO IL MONDO. IL MERCATINO DI RADIO PIU, PER INSERIRE I TUOI ANNUNCI SCRIVI A <span style=\"color: #0000ff;\">radiopiu@radiopiu.it<\/span><\/strong><\/p>\n<blockquote class=\"wp-embedded-content\" data-secret=\"aODIsmpWbd\"><p><a href=\"https:\/\/www.radiopiu.net\/wordpress\/mercatino-e-mercatino-delle-pulci-per-i-vostri-annunci-radiopiuradiopiu-it\/\">MERCATINO<\/a><\/p><\/blockquote>\n<p><iframe loading=\"lazy\" class=\"wp-embedded-content\" sandbox=\"allow-scripts\" security=\"restricted\" style=\"position: absolute; clip: rect(1px, 1px, 1px, 1px);\" title=\"&#8220;MERCATINO&#8221; &#8212; Radio Pi\u00f9\" src=\"https:\/\/www.radiopiu.net\/wordpress\/mercatino-e-mercatino-delle-pulci-per-i-vostri-annunci-radiopiuradiopiu-it\/embed\/#?secret=kmbpMhov8v#?secret=aODIsmpWbd\" data-secret=\"aODIsmpWbd\" width=\"600\" height=\"338\" frameborder=\"0\" marginwidth=\"0\" marginheight=\"0\" scrolling=\"no\"><\/iframe><\/p>\n<\/div>\n<p>&nbsp;<\/p>\n<p>&nbsp;<\/p>\n<div>\n<hr \/>\n<p>&nbsp;<\/p>\n<p><a href=\"https:\/\/www.radiopiu.net\/wordpress\/giornale-radiopiu-26-settembre-2018-direttore-mirko-mezzacasa\/viabilita-2\/\" rel=\"attachment wp-att-61954\"><img loading=\"lazy\" decoding=\"async\" class=\"aligncenter wp-image-61954 size-full\" src=\"https:\/\/www.radiopiu.net\/wordpress\/wp-content\/uploads\/2018\/09\/viabilita.jpeg\" sizes=\"auto, (max-width: 800px) 100vw, 800px\" srcset=\"https:\/\/www.radiopiu.net\/wordpress\/wp-content\/uploads\/2018\/09\/viabilita.jpeg 800w, https:\/\/www.radiopiu.net\/wordpress\/wp-content\/uploads\/2018\/09\/viabilita-300x38.jpeg 300w, https:\/\/www.radiopiu.net\/wordpress\/wp-content\/uploads\/2018\/09\/viabilita-768x96.jpeg 768w\" alt=\"\" width=\"800\" height=\"100\" \/><\/a><\/p>\n<p>&nbsp;<\/p>\n<blockquote>\n<h3>SP 8 DI SAN TOMASO, PROROGATA LA CHIUSURA A FASCE ORARIE FINO ALL&#8217;11 NOVEMBRE<\/h3>\n<\/blockquote>\n<p><strong><img loading=\"lazy\" decoding=\"async\" class=\"alignleft\" src=\"https:\/\/www.radiopiu.net\/wordpress\/wp-content\/uploads\/2021\/11\/81aa72cc-d66b-44fa-afd5-7103ae531a24.jpg\" width=\"154\" height=\"113\" \/>SAN TOMASO<\/strong> Da un mese sono iniziati i lavori sulla SP 8 di San Tomaso a Col Zares\u00e8. Veneto Strade ha comunicato la proroga dell&#8217;ordinanza fino al 11 novembre. E\u2019 dal 17 luglio del 2014 che per raggiungere San Tomaso da Cencenighe \u00e8 d\u2019obbligo il rispetto del semaforo, ma dalla prossima stagione autunnale a lavori terminati e micropali piantati tutto cambier\u00e0. Ai residenti soprattutto viene richiesto ancora un sacrificio, ma pur di rivedere aperta quella strada nella sua normalit\u00e0 \u00e8 giustificato e lecito. Fino al 11 novembre, esclusi festivi e prefestivi, la strada chiuder\u00e0 totalmente dalle 7.15 alle 12.45 e dalle 14.15 alle 17.45. Negli altri orari senso unico alternato regolato da semaforo.<\/p>\n<p><em><strong>DIVIETO DI TRANSITO VEICOLARE A FADES DI LA VALLE AGORDINA TRA L&#8217;INCROCIO CON LA SR 347 E IL CIVICO 2. FINO AL 18 NOVEMBRE, SABATO, DOMENICA E FESTIVI COMPRESI. IL DIVIETO AVRA&#8217; EFFICACIA NEI GIORNI DI EFFETTIVA ESECUZIONE DEL CANTIERE.\u00a0\u00a0<\/strong><\/em><\/p>\n<p>&nbsp;<\/p>\n<p><strong>AGGIORNAMENTO VENETO STRADE, AGGIORNAMENTO CONTINUO H 24<\/strong><\/p>\n<p>&nbsp;<\/p>\n<blockquote class=\"wp-embedded-content\" data-secret=\"wYVROxIEA4\"><p><a href=\"https:\/\/www.radiopiu.net\/wordpress\/viabilita\/\">viabilita<\/a><\/p><\/blockquote>\n<p><iframe loading=\"lazy\" class=\"wp-embedded-content\" sandbox=\"allow-scripts\" security=\"restricted\" style=\"position: absolute; clip: rect(1px, 1px, 1px, 1px);\" title=\"&#8220;viabilita&#8221; &#8212; Radio Pi\u00f9\" src=\"https:\/\/www.radiopiu.net\/wordpress\/viabilita\/embed\/#?secret=LSSVZZbysc#?secret=wYVROxIEA4\" data-secret=\"wYVROxIEA4\" width=\"600\" height=\"338\" frameborder=\"0\" marginwidth=\"0\" marginheight=\"0\" scrolling=\"no\"><\/iframe><\/p>\n<p>&nbsp;<\/p>\n<p>&nbsp;<\/p>\n<p>&nbsp;<\/p>\n<hr \/>\n<p>&nbsp;<\/p>\n<p>&nbsp;<\/p>\n<p><img loading=\"lazy\" decoding=\"async\" class=\"wp-image-60761 size-full aligncenter\" src=\"https:\/\/www.radiopiu.net\/wordpress\/wp-content\/uploads\/2018\/09\/sport.jpg\" alt=\"\" width=\"800\" height=\"100\" srcset=\"https:\/\/www.radiopiu.net\/wordpress\/wp-content\/uploads\/2018\/09\/sport.jpg 800w, https:\/\/www.radiopiu.net\/wordpress\/wp-content\/uploads\/2018\/09\/sport-300x38.jpg 300w, https:\/\/www.radiopiu.net\/wordpress\/wp-content\/uploads\/2018\/09\/sport-768x96.jpg 768w\" sizes=\"auto, (max-width: 800px) 100vw, 800px\" \/><\/p>\n<p>&nbsp;<\/p>\n<p><strong><span style=\"color: #0000ff;\">PALLAVOLO\u00a0<\/span><\/strong><\/p>\n<blockquote>\n<h2><em>Le luci della citt\u00e0 si accendono. E riflettono i colori delle emozioni, garantite dalla Pallavolo Belluno femminile.\u00a0<\/em><\/h2>\n<\/blockquote>\n\n\t\t\t<style type='text\/css'>\n\t\t\t\t#gallery-6 {\n\t\t\t\t\tmargin: auto;\n\t\t\t\t}\n\t\t\t\t#gallery-6 .gallery-item {\n\t\t\t\t\tfloat: left;\n\t\t\t\t\tmargin-top: 10px;\n\t\t\t\t\ttext-align: center;\n\t\t\t\t\twidth: 50%;\n\t\t\t\t}\n\t\t\t\t#gallery-6 img {\n\t\t\t\t\tborder: 2px solid #cfcfcf;\n\t\t\t\t}\n\t\t\t\t#gallery-6 .gallery-caption {\n\t\t\t\t\tmargin-left: 0;\n\t\t\t\t}\n\t\t\t\t\/* see gallery_shortcode() in wp-includes\/media.php *\/\n\t\t\t<\/style>\n\t\t<div id='gallery-6' class='dt-gallery-container gallery galleryid-301252 gallery-columns-2 gallery-size-medium'><dl class='gallery-item'>\n\t\t\t\t<dt class='gallery-icon landscape'>\n\t\t\t\t\t<a class=\"rollover rollover-zoom dt-pswp-item\" title=\"Un_momento_della_presentazione\" data-dt-img-description=\"\" data-large_image_width=\"855\" data-large_image_height=\"571\"href='https:\/\/www.radiopiu.net\/wordpress\/wp-content\/uploads\/2022\/10\/Un_momento_della_presentazione.jpg'><img loading=\"lazy\" decoding=\"async\" width=\"300\" height=\"200\" src=\"https:\/\/www.radiopiu.net\/wordpress\/wp-content\/uploads\/2022\/10\/Un_momento_della_presentazione-300x200.jpg\" class=\"attachment-medium size-medium\" alt=\"\" srcset=\"https:\/\/www.radiopiu.net\/wordpress\/wp-content\/uploads\/2022\/10\/Un_momento_della_presentazione-300x200.jpg 300w, https:\/\/www.radiopiu.net\/wordpress\/wp-content\/uploads\/2022\/10\/Un_momento_della_presentazione-768x513.jpg 768w, https:\/\/www.radiopiu.net\/wordpress\/wp-content\/uploads\/2022\/10\/Un_momento_della_presentazione.jpg 855w\" sizes=\"auto, (max-width: 300px) 100vw, 300px\" \/><\/a>\n\t\t\t\t<\/dt><\/dl><dl class='gallery-item'>\n\t\t\t\t<dt class='gallery-icon landscape'>\n\t\t\t\t\t<a class=\"rollover rollover-zoom dt-pswp-item\" title=\"Foto_di_gruppo\" data-dt-img-description=\"\" data-large_image_width=\"856\" data-large_image_height=\"573\"href='https:\/\/www.radiopiu.net\/wordpress\/wp-content\/uploads\/2022\/10\/Foto_di_gruppo.jpg'><img loading=\"lazy\" decoding=\"async\" width=\"300\" height=\"201\" src=\"https:\/\/www.radiopiu.net\/wordpress\/wp-content\/uploads\/2022\/10\/Foto_di_gruppo-300x201.jpg\" class=\"attachment-medium size-medium\" alt=\"\" srcset=\"https:\/\/www.radiopiu.net\/wordpress\/wp-content\/uploads\/2022\/10\/Foto_di_gruppo-300x201.jpg 300w, https:\/\/www.radiopiu.net\/wordpress\/wp-content\/uploads\/2022\/10\/Foto_di_gruppo-768x514.jpg 768w, https:\/\/www.radiopiu.net\/wordpress\/wp-content\/uploads\/2022\/10\/Foto_di_gruppo.jpg 856w\" sizes=\"auto, (max-width: 300px) 100vw, 300px\" \/><\/a>\n\t\t\t\t<\/dt><\/dl><br style=\"clear: both\" \/>\n\t\t\t<\/div>\n\n<p>La citt\u00e0 abbraccia la Pallavolo Belluno femminile. In piazza dei Martiri si sono ritrovati tecnici e dirigenti, atlete della prima squadra e del settore giovanile, semplici curiosi e appassionati del mondo delle schiacciate.\u00a0 La piazza in festa, arricchita di giovani pallavoliste, ha emozionato il presidente Giancarlo Ingrosso.In prima fila le due selezioni\u00a0 Under 16, guidate da Daniele De Grandis. E da Paolo Viel, guida tecnica pure della formazione di serie C.<\/p>\n<p><span style=\"color: #0000ff;\"><strong>\u00a0<\/strong><\/span><\/p>\n<p><span style=\"color: #0000ff;\"><strong>CALCIO<\/strong><\/span><\/p>\n<blockquote>\n<h3>IL MOMENTO BUIO DELL&#8217;AGORDINA CALCIO<\/h3>\n<\/blockquote>\n<p><strong><a class=\"dt-pswp-item\" href=\"https:\/\/www.radiopiu.net\/wordpress\/wp-content\/uploads\/2022\/09\/PRIMA-SQUADRA-AGORDINA-2022.jpg\" data-dt-img-description=\"\" data-large_image_width=\"2040\" data-large_image_height=\"1530\"><img loading=\"lazy\" decoding=\"async\" class=\" wp-image-297690 alignleft\" src=\"https:\/\/www.radiopiu.net\/wordpress\/wp-content\/uploads\/2022\/09\/PRIMA-SQUADRA-AGORDINA-2022-300x225.jpg\" alt=\"\" width=\"177\" height=\"133\" srcset=\"https:\/\/www.radiopiu.net\/wordpress\/wp-content\/uploads\/2022\/09\/PRIMA-SQUADRA-AGORDINA-2022-300x225.jpg 300w, https:\/\/www.radiopiu.net\/wordpress\/wp-content\/uploads\/2022\/09\/PRIMA-SQUADRA-AGORDINA-2022-1024x768.jpg 1024w, https:\/\/www.radiopiu.net\/wordpress\/wp-content\/uploads\/2022\/09\/PRIMA-SQUADRA-AGORDINA-2022-768x576.jpg 768w, https:\/\/www.radiopiu.net\/wordpress\/wp-content\/uploads\/2022\/09\/PRIMA-SQUADRA-AGORDINA-2022-1536x1152.jpg 1536w, https:\/\/www.radiopiu.net\/wordpress\/wp-content\/uploads\/2022\/09\/PRIMA-SQUADRA-AGORDINA-2022.jpg 2040w\" sizes=\"auto, (max-width: 177px) 100vw, 177px\" \/><\/a>REDAZIONE<\/strong> Lo si pu\u00f2 definire un momento buio il periodo che l&#8217;Agordina di Marco Lorenzi sta attraversando. Dopo i due pareggi nelle prime gionate di campionato, la squadra di Agordo ha perso la seconda partita consecutiva tra le mura amiche. Domenica scorsa, dopo aver spinto per tutta la partita, gli agordini hanno subito una marcatura su un&#8217;unica azione del Sois. Un errore in fase difensiva che \u00e8 costato caro. L&#8217;Agordina stenta a concretizzare sotto porta e sembra non volersi sbloccare. Domenica prossima in programma la sfida contro il Nogar\u00e8, compagine che occupa la parte alta della classifica.<\/p>\n<p><strong>DIEGO ZANNONI, GIOCATORE DELL&#8217;AGORDINA<\/strong><\/p>\n<audio class=\"wp-audio-shortcode\" id=\"audio-301252-17\" preload=\"none\" style=\"width: 100%;\" controls=\"controls\"><source type=\"audio\/mpeg\" src=\"https:\/\/www.radiopiu.net\/wordpress\/wp-content\/uploads\/2022\/10\/DIEGO-ZANNONI-SOIS.mp3?_=17\" \/><a href=\"https:\/\/www.radiopiu.net\/wordpress\/wp-content\/uploads\/2022\/10\/DIEGO-ZANNONI-SOIS.mp3\">https:\/\/www.radiopiu.net\/wordpress\/wp-content\/uploads\/2022\/10\/DIEGO-ZANNONI-SOIS.mp3<\/a><\/audio>\n<p>&nbsp;<\/p>\n<hr \/>\n<p>&nbsp;<\/p>\n<p><span style=\"color: #0000ff;\"><strong>PALLAVOLO<\/strong><\/span><\/p>\n<blockquote>\n<h3>L&#8217;ESORDIO DA TITOLARE DI GUASTAMACCHIA<\/h3>\n<\/blockquote>\n<p><strong><a class=\"dt-pswp-item\" href=\"https:\/\/www.radiopiu.net\/wordpress\/wp-content\/uploads\/2022\/10\/Un_attacco_di_Guastamacchia.jpg\" data-dt-img-description=\"\" data-large_image_width=\"1280\" data-large_image_height=\"855\"><img loading=\"lazy\" decoding=\"async\" class=\" wp-image-301318 alignleft\" src=\"https:\/\/www.radiopiu.net\/wordpress\/wp-content\/uploads\/2022\/10\/Un_attacco_di_Guastamacchia-300x200.jpg\" alt=\"\" width=\"134\" height=\"89\" srcset=\"https:\/\/www.radiopiu.net\/wordpress\/wp-content\/uploads\/2022\/10\/Un_attacco_di_Guastamacchia-300x200.jpg 300w, https:\/\/www.radiopiu.net\/wordpress\/wp-content\/uploads\/2022\/10\/Un_attacco_di_Guastamacchia-1024x684.jpg 1024w, https:\/\/www.radiopiu.net\/wordpress\/wp-content\/uploads\/2022\/10\/Un_attacco_di_Guastamacchia-768x513.jpg 768w, https:\/\/www.radiopiu.net\/wordpress\/wp-content\/uploads\/2022\/10\/Un_attacco_di_Guastamacchia.jpg 1280w\" sizes=\"auto, (max-width: 134px) 100vw, 134px\" \/><\/a>BELLUNO <\/strong>Subito in campo. E subito titolare: Francesco Guastamacchia brucia le tappe. Non ha ancora compiuto 19 anni, ma ha gi\u00e0 fatto capire alla Pallavolo Belluno Maschile che pu\u00f2 contare su di lui. A occhi chiusi. Perch\u00e9, al primo gettone nel campionato di Serie A3 Credem Banca, l\u2019ex Pallavolo Padova ha risposto con una prova di grande sostanza e affidabilit\u00e0, scandita da 3 muri, 4 attacchi vincenti (su 6 tentativi) e 7 punti. \u00abIl mio debutto \u00e8 stato emozionante &#8211; afferma il diretto interessato -. E positiva si \u00e8 rivelata anche la prestazione, ma voglio migliorare e fare di pi\u00f9. Se me l\u2019aspettavo? Non mi aspetto nulla, la decisione spetta al coach: io ho solo il compito di dare il massimo e farmi trovare pronto\u00bb. Guastamacchia ha trovato un ambiente ideale per le sue caratteristiche, anche extra pallavolistiche: \u00abBelluno mi piace e il supporto che ci garantisce \u00e8 fantastico\u00bb.<span class=\"gmail-Apple-converted-space\">\u00a0<\/span>Tuttavia, non c\u2019\u00e8 tempo di godersi il battesimo da applausi e il 3-0 rifilato a domicilio al Volley Team Club San Don\u00e0. Perch\u00e9 il prossimo turno di campionato incombe. E questa volta i rinoceronti potranno contare sul supporto del loro pubblico. Domenica 16 (ore 18), alla Spes Arena, approda infatti la Gamma Chimica Brugherio, a sua volta vittoriosa lo scorso weekend (3-2 con Savigliano): \u00abSar\u00e0 una bella partita &#8211; conclude Guastamacchia -. Anche Brugherio \u00e8 una compagine con diversi giocatori giovani. Possiamo puntare alla vittoria, ma dovremo lavorare al meglio durante la settimana\u00bb.<span class=\"gmail-Apple-converted-space\">\u00a0<\/span><\/p>\n<\/div>\n<\/div>\n<\/div>\n<\/div>\n<\/div>\n<\/div>\n<\/div>\n<\/div>\n<\/div>\n<\/div>\n","protected":false},"excerpt":{"rendered":"<p>RADIO PIU INFORMAZIONE il canale su TELEGRAM informazione di prima\u00a0\u00a0mano e in tempo reale. iscriviti ed aiutaci a farlo conoscere &nbsp; &nbsp; &nbsp; RIVAMONTE AGORDINO: Chiusura temporanea Ecocentro per manifestazione \u201cRiva l\u2019Oktoberfest\u201d AGORDO L\u2019Ecocentro di Rivamonte Agordino rimarr\u00e0 chiuso sabato 15 ottobre 2022 come richiesto dal Comune per consentire lo svolgimento della manifestazione denominata \u201cRiva&hellip;<\/p>\n","protected":false},"author":4,"featured_media":301299,"comment_status":"closed","ping_status":"closed","sticky":false,"template":"","format":"standard","meta":{"_monsterinsights_skip_tracking":false,"_monsterinsights_sitenote_active":false,"_monsterinsights_sitenote_note":"","_monsterinsights_sitenote_category":0,"footnotes":""},"categories":[51,86,49],"tags":[],"class_list":["post-301252","post","type-post","status-publish","format-standard","has-post-thumbnail","hentry","category-evidenza-top","category-gr","category-news-18","category-51","category-86","category-49","description-off"],"img_url":"https:\/\/www.radiopiu.net\/wordpress\/wp-content\/uploads\/2022\/10\/18cc5afa-b3a4-4af1-a83f-d69d7c7ea1d1.jpg","_links":{"self":[{"href":"https:\/\/www.radiopiu.net\/wordpress\/wp-json\/wp\/v2\/posts\/301252","targetHints":{"allow":["GET"]}}],"collection":[{"href":"https:\/\/www.radiopiu.net\/wordpress\/wp-json\/wp\/v2\/posts"}],"about":[{"href":"https:\/\/www.radiopiu.net\/wordpress\/wp-json\/wp\/v2\/types\/post"}],"author":[{"embeddable":true,"href":"https:\/\/www.radiopiu.net\/wordpress\/wp-json\/wp\/v2\/users\/4"}],"replies":[{"embeddable":true,"href":"https:\/\/www.radiopiu.net\/wordpress\/wp-json\/wp\/v2\/comments?post=301252"}],"version-history":[{"count":0,"href":"https:\/\/www.radiopiu.net\/wordpress\/wp-json\/wp\/v2\/posts\/301252\/revisions"}],"wp:featuredmedia":[{"embeddable":true,"href":"https:\/\/www.radiopiu.net\/wordpress\/wp-json\/wp\/v2\/media\/301299"}],"wp:attachment":[{"href":"https:\/\/www.radiopiu.net\/wordpress\/wp-json\/wp\/v2\/media?parent=301252"}],"wp:term":[{"taxonomy":"category","embeddable":true,"href":"https:\/\/www.radiopiu.net\/wordpress\/wp-json\/wp\/v2\/categories?post=301252"},{"taxonomy":"post_tag","embeddable":true,"href":"https:\/\/www.radiopiu.net\/wordpress\/wp-json\/wp\/v2\/tags?post=301252"}],"curies":[{"name":"wp","href":"https:\/\/api.w.org\/{rel}","templated":true}]}}