{"id":301260,"date":"2022-10-12T05:58:04","date_gmt":"2022-10-12T03:58:04","guid":{"rendered":"https:\/\/www.radiopiu.net\/wordpress\/?p=301260"},"modified":"2022-10-12T06:19:53","modified_gmt":"2022-10-12T04:19:53","slug":"in-tribunale-maltrattamente-in-famiglia-e-guida-in-stato-di-ebbrezza","status":"publish","type":"post","link":"https:\/\/www.radiopiu.net\/wordpress\/in-tribunale-maltrattamente-in-famiglia-e-guida-in-stato-di-ebbrezza\/","title":{"rendered":"in Tribunale MALTRATTAMENTE IN FAMIGLIA E GUIDA IN STATO DI EBBREZZA"},"content":{"rendered":"<p><strong>OGGI SUL CORRIERE DELLE ALPI<\/strong><\/p>\n<p><span style=\"color: #ff0000;\"><strong>DI GIGI SOSSO<\/strong><\/span><\/p>\n<p>&nbsp;<\/p>\n<blockquote>\n<h3>MALTRATTAMENTI CONTINUI DURANTE LA GRAVIDANZA<\/h3>\n<\/blockquote>\n<p><strong><img loading=\"lazy\" decoding=\"async\" class=\"alignleft\" src=\"https:\/\/www.radiopiu.net\/wordpress\/wp-content\/uploads\/2022\/03\/TRIBUNALE-2.jpg\" width=\"251\" height=\"188\" \/>BELLUNO\u00a0\u00a0<\/strong>Maltrattata quando era incinta. Abbandonata dopo che aveva partorito. Due anni di sofferenze durante la convivenza e nemmeno un euro per il mantenimento della piccola da parte dell&#8217;ex compagno, dopo la separazione.F.A. \u00e8 in tribunale per maltrattamenti in famiglia aggravati (sarebbero andati avanti dal novembre 2016 al settembre 2018) e violazione degli obblighi di assistenza familiare tra i mesi di ottobre 2017 e settembre 2018. &#8230; &#8220;<em>Si \u00e8 completamente disinteressato della bimba e non ha mai fatto niente per lei&#8221;<\/em>. L&#8217;imputato ha respinto tutte le accuse mossegli dalla Procura della Repubblica e gli amici della coppia non potevano assistere a quello che sarebbe successo in casa. Discussione e sentenza il 2 dicembre, davanti al giudice Coniglio e al pubblico ministero Modena.<\/p>\n<p><strong>BELLUNO<\/strong> Sospettava che lei lo tradisse. E avrebbe cercato di coglierla sul fatto, in compagnia dell&#8217;amante. Il bellunese D.B. non ci ha pensato su pi\u00f9 di un minuto e ha sfondato la porta dell&#8217;appartamento nel quale era convinto che i due stessero amoreggiando. \u00c8 andata a finire che si \u00e8 preso una querela per violazione di domicilio aggravata dalla violenza sulle cose e ieri mattina \u00e8 stato rinviato a giudizio dal giudice per le udienze preliminari Elisabetta Scolozzi, su richiesta del pubblico ministero titolare del fascicolo Simone Marcon&#8230; \u00a0Il gup ha fissato la prima udienza del dibattimento per il giorno 8 maggio dell&#8217;anno prossimo<\/p>\n<p><strong>BELLUNO <\/strong>Cade in moto perch\u00e9 \u00e8 ubriaco&#8230;L&#8217;esito dell&#8217;esame non lascia dubbi sulle condizioni di T.P.: il valore di alcol nel sangue oscilla tra 2,07 e 2,09. Tecnicamente \u00e8 ubriaco e via al processo per guida in stato di ebbrezza, di fronte al giudice Angela Feletto e al pubblico ministero Gianluca Tricoli. Il prossimo 2 febbraio sar\u00e0 sentito in tribunale il medico.<\/p>\n<p><strong>LONGARONE<\/strong>\u00a0 Secondo la ricostruzione della Procura della Repubblica, \u00e8 entrato nell&#8217;appartamento della committente, a Longarone, le ha rubato carta bancomat e codice segreto e si \u00e8 rivolto al pi\u00f9 vicino sportello automatico. Tutto quello che poteva prelevare in una giornata erano 500 euro ed \u00e8 quello che ha portato via. L&#8217;indagato difeso dall&#8217;avvocato Sonia Sommacal \u00e8 stato rinviato a giudizio dal giudice per le udienze preliminari Elisabetta Scolozzi, su richiesta del pubblico ministero Simone Marcon.\u00a0 La prima udienza del dibattimento pubblico \u00e8 stata messa in calendario per il prossimo 8 maggio<\/p>\n<p>&nbsp;<\/p>\n<p>&nbsp;<\/p>\n<hr \/>\n<p>&nbsp;<\/p>\n","protected":false},"excerpt":{"rendered":"<p>OGGI SUL CORRIERE DELLE ALPI DI GIGI SOSSO &nbsp; MALTRATTAMENTI CONTINUI DURANTE LA GRAVIDANZA BELLUNO\u00a0\u00a0Maltrattata quando era incinta. Abbandonata dopo che aveva partorito. Due anni di sofferenze durante la convivenza e nemmeno un euro per il mantenimento della piccola da parte dell&#8217;ex compagno, dopo la separazione.F.A. \u00e8 in tribunale per maltrattamenti in famiglia aggravati (sarebbero&hellip;<\/p>\n","protected":false},"author":4,"featured_media":263776,"comment_status":"closed","ping_status":"closed","sticky":false,"template":"","format":"standard","meta":{"_monsterinsights_skip_tracking":false,"_monsterinsights_sitenote_active":false,"_monsterinsights_sitenote_note":"","_monsterinsights_sitenote_category":0,"footnotes":""},"categories":[51,49],"tags":[],"class_list":["post-301260","post","type-post","status-publish","format-standard","has-post-thumbnail","hentry","category-evidenza-top","category-news-18","category-51","category-49","description-off"],"img_url":"https:\/\/www.radiopiu.net\/wordpress\/wp-content\/uploads\/2022\/03\/TRIBUNALE-2.jpg","_links":{"self":[{"href":"https:\/\/www.radiopiu.net\/wordpress\/wp-json\/wp\/v2\/posts\/301260","targetHints":{"allow":["GET"]}}],"collection":[{"href":"https:\/\/www.radiopiu.net\/wordpress\/wp-json\/wp\/v2\/posts"}],"about":[{"href":"https:\/\/www.radiopiu.net\/wordpress\/wp-json\/wp\/v2\/types\/post"}],"author":[{"embeddable":true,"href":"https:\/\/www.radiopiu.net\/wordpress\/wp-json\/wp\/v2\/users\/4"}],"replies":[{"embeddable":true,"href":"https:\/\/www.radiopiu.net\/wordpress\/wp-json\/wp\/v2\/comments?post=301260"}],"version-history":[{"count":0,"href":"https:\/\/www.radiopiu.net\/wordpress\/wp-json\/wp\/v2\/posts\/301260\/revisions"}],"wp:featuredmedia":[{"embeddable":true,"href":"https:\/\/www.radiopiu.net\/wordpress\/wp-json\/wp\/v2\/media\/263776"}],"wp:attachment":[{"href":"https:\/\/www.radiopiu.net\/wordpress\/wp-json\/wp\/v2\/media?parent=301260"}],"wp:term":[{"taxonomy":"category","embeddable":true,"href":"https:\/\/www.radiopiu.net\/wordpress\/wp-json\/wp\/v2\/categories?post=301260"},{"taxonomy":"post_tag","embeddable":true,"href":"https:\/\/www.radiopiu.net\/wordpress\/wp-json\/wp\/v2\/tags?post=301260"}],"curies":[{"name":"wp","href":"https:\/\/api.w.org\/{rel}","templated":true}]}}