{"id":301297,"date":"2022-10-13T05:22:05","date_gmt":"2022-10-13T03:22:05","guid":{"rendered":"https:\/\/www.radiopiu.net\/wordpress\/?p=301297"},"modified":"2022-10-13T05:22:50","modified_gmt":"2022-10-13T03:22:50","slug":"mi-hanno-bruciato-la-casa-sui-social-la-proprietaria-del-rustico-di-arsie","status":"publish","type":"post","link":"https:\/\/www.radiopiu.net\/wordpress\/mi-hanno-bruciato-la-casa-sui-social-la-proprietaria-del-rustico-di-arsie\/","title":{"rendered":"&#8220;MI HANNO BRUCIATO LA CASA&#8221;, SUI SOCIAL LA PROPRIETARIA DEL RUSTICO DI ARSIE&#8217;"},"content":{"rendered":"<p><strong>REDAZIONE<\/strong> Elena Villani, proprietaria del rustico distrutto da un&#8217;incendio l&#8217;altra notte sulle rive del lago del Corlo, tramite i social ha buttato li&#8217; un&#8217;ipotesi inquietante, sicuramente lo avr\u00e0 comunicato anche agli inquirenti (Vigili del Fuoco e Carabinieri) intervenuti per spegnere le fiamme e indagarne le cause. Ecco la sua dichiarazione riportata sui social network<\/p>\n<blockquote><p><em>\u00abQuando ho chiuso casa, con certezza ho chiuso il salvavita e ho chiuso il contatore. Temporali non ce ne sono stati, quindi si pu\u00f2 ben capire che \u00e8 stato un incendio doloso. Per fortuna non ero in casa\u00bb. <\/em><\/p><\/blockquote>\n<p>.Il rustico, utilizzato, come seconda casa da una famiglia della provincia di Pavia, \u00e8 andato totalmente distrutto. Quanto scritto dalla Villani gettano dubbi dubbi sull&#8217;eventuale presenza di estranei all&#8217;interno del rustico<\/p>\n<p>&nbsp;<\/p>\n<p><strong><span style=\"color: #ff0000;\">IERI ALLA RADIO<\/span><\/strong><\/p>\n<blockquote>\n<h2><strong>IN FIAMME UN RUSTICO ADIBITO A SECONDA CASA, I VIGILI DEL FUOCO HANNO EVITATO IL PEGGIO<\/strong><\/h2>\n<\/blockquote>\n<p>&nbsp;<\/p>\n<p><strong>ARSIE&#8217;<\/strong> Notte di fuoco in zona Rocca sulle rive del lago del Corlo. Un rustico adibito a seconda casa,\u00a0 \u00e8 andato completamente distrutto. I pompieri sono stati allertati attorno alle 21.30, fortunatamente in casa non c&#8217;era nessuno, i proprietari infatti abitano a Pavia. Non \u00e8 stato facile l&#8217;intervento dei Vigili del Fuoco di Feltre, Belluno e i volontari del Basso Feltrino, perch\u00e9 per arrivare in Borgata Berti la strada \u00e8 stretta e tortuosa. Ci sono voluti 300 metri di manichette antincendio semi rigide. Non sono state coinvolte altre abitazioni. I Vigili del Fuoco hanno raggiunto il luogo con i pick-up con i moduli antincendio boschivo e altri mezzi fuoristrada iniziando le operazioni di spegnimento con le fiamme che bruciavano gi\u00e0 il tetto dell\u2019abitazione. Le squadre sono riuscite a circoscrivere e spegnere le fiamme evitando un rogo generalizzato di tutta la struttura, comunque gravemente danneggiata. Al momento dell\u2019incendio l\u2019abitazione era disabitata. Al vaglio dei tecnici dei vigili del fuoco le cause delle fiamme. Le operazioni di completo spegnimento e bonifica sono terminate alle 2 circa.<\/p>\n\n\t\t\t<style type='text\/css'>\n\t\t\t\t#gallery-1 {\n\t\t\t\t\tmargin: auto;\n\t\t\t\t}\n\t\t\t\t#gallery-1 .gallery-item {\n\t\t\t\t\tfloat: left;\n\t\t\t\t\tmargin-top: 10px;\n\t\t\t\t\ttext-align: center;\n\t\t\t\t\twidth: 20%;\n\t\t\t\t}\n\t\t\t\t#gallery-1 img {\n\t\t\t\t\tborder: 2px solid #cfcfcf;\n\t\t\t\t}\n\t\t\t\t#gallery-1 .gallery-caption {\n\t\t\t\t\tmargin-left: 0;\n\t\t\t\t}\n\t\t\t\t\/* see gallery_shortcode() in wp-includes\/media.php *\/\n\t\t\t<\/style>\n\t\t<div id='gallery-1' class='dt-gallery-container gallery galleryid-301297 gallery-columns-5 gallery-size-thumbnail'><dl class='gallery-item'>\n\t\t\t\t<dt class='gallery-icon portrait'>\n\t\t\t\t\t<a class=\"rollover rollover-zoom dt-pswp-item\" title=\"fb98bebd-772f-4835-84de-b7d9c2f8905c\" data-dt-img-description=\"\" data-large_image_width=\"961\" data-large_image_height=\"1280\"href='https:\/\/www.radiopiu.net\/wordpress\/wp-content\/uploads\/2022\/10\/fb98bebd-772f-4835-84de-b7d9c2f8905c.jpg'><img loading=\"lazy\" decoding=\"async\" width=\"150\" height=\"150\" src=\"https:\/\/www.radiopiu.net\/wordpress\/wp-content\/uploads\/2022\/10\/fb98bebd-772f-4835-84de-b7d9c2f8905c-150x150.jpg\" class=\"attachment-thumbnail size-thumbnail\" alt=\"\" \/><\/a>\n\t\t\t\t<\/dt><\/dl><dl class='gallery-item'>\n\t\t\t\t<dt class='gallery-icon landscape'>\n\t\t\t\t\t<a class=\"rollover rollover-zoom dt-pswp-item\" title=\"18cc5afa-b3a4-4af1-a83f-d69d7c7ea1d1\" data-dt-img-description=\"\" data-large_image_width=\"1280\" data-large_image_height=\"960\"href='https:\/\/www.radiopiu.net\/wordpress\/wp-content\/uploads\/2022\/10\/18cc5afa-b3a4-4af1-a83f-d69d7c7ea1d1.jpg'><img loading=\"lazy\" decoding=\"async\" width=\"150\" height=\"150\" src=\"https:\/\/www.radiopiu.net\/wordpress\/wp-content\/uploads\/2022\/10\/18cc5afa-b3a4-4af1-a83f-d69d7c7ea1d1-150x150.jpg\" class=\"attachment-thumbnail size-thumbnail\" alt=\"\" \/><\/a>\n\t\t\t\t<\/dt><\/dl><dl class='gallery-item'>\n\t\t\t\t<dt class='gallery-icon landscape'>\n\t\t\t\t\t<a class=\"rollover rollover-zoom dt-pswp-item\" title=\"b4eb3dd1-3f17-451e-b5d2-14c0ee14014f\" data-dt-img-description=\"\" data-large_image_width=\"1280\" data-large_image_height=\"961\"href='https:\/\/www.radiopiu.net\/wordpress\/wp-content\/uploads\/2022\/10\/b4eb3dd1-3f17-451e-b5d2-14c0ee14014f.jpg'><img loading=\"lazy\" decoding=\"async\" width=\"150\" height=\"150\" src=\"https:\/\/www.radiopiu.net\/wordpress\/wp-content\/uploads\/2022\/10\/b4eb3dd1-3f17-451e-b5d2-14c0ee14014f-150x150.jpg\" class=\"attachment-thumbnail size-thumbnail\" alt=\"\" \/><\/a>\n\t\t\t\t<\/dt><\/dl><dl class='gallery-item'>\n\t\t\t\t<dt class='gallery-icon landscape'>\n\t\t\t\t\t<a class=\"rollover rollover-zoom dt-pswp-item\" title=\"0b1a71ad-b8d2-4907-9c90-fc0a688939de\" data-dt-img-description=\"\" data-large_image_width=\"1280\" data-large_image_height=\"961\"href='https:\/\/www.radiopiu.net\/wordpress\/wp-content\/uploads\/2022\/10\/0b1a71ad-b8d2-4907-9c90-fc0a688939de.jpg'><img loading=\"lazy\" decoding=\"async\" width=\"150\" height=\"150\" src=\"https:\/\/www.radiopiu.net\/wordpress\/wp-content\/uploads\/2022\/10\/0b1a71ad-b8d2-4907-9c90-fc0a688939de-150x150.jpg\" class=\"attachment-thumbnail size-thumbnail\" alt=\"\" \/><\/a>\n\t\t\t\t<\/dt><\/dl><dl class='gallery-item'>\n\t\t\t\t<dt class='gallery-icon landscape'>\n\t\t\t\t\t<a class=\"rollover rollover-zoom dt-pswp-item\" title=\"d8cc6d42-491c-48fe-9996-2827357d2666\" data-dt-img-description=\"\" data-large_image_width=\"1280\" data-large_image_height=\"961\"href='https:\/\/www.radiopiu.net\/wordpress\/wp-content\/uploads\/2022\/10\/d8cc6d42-491c-48fe-9996-2827357d2666.jpg'><img loading=\"lazy\" decoding=\"async\" width=\"150\" height=\"150\" src=\"https:\/\/www.radiopiu.net\/wordpress\/wp-content\/uploads\/2022\/10\/d8cc6d42-491c-48fe-9996-2827357d2666-150x150.jpg\" class=\"attachment-thumbnail size-thumbnail\" alt=\"\" \/><\/a>\n\t\t\t\t<\/dt><\/dl><br style=\"clear: both\" \/>\n\t\t\t<\/div>\n\n<p>&nbsp;<\/p>\n<p>&nbsp;<\/p>\n<p>*******<\/p>\n","protected":false},"excerpt":{"rendered":"<p>REDAZIONE Elena Villani, proprietaria del rustico distrutto da un&#8217;incendio l&#8217;altra notte sulle rive del lago del Corlo, tramite i social ha buttato li&#8217; un&#8217;ipotesi inquietante, sicuramente lo avr\u00e0 comunicato anche agli inquirenti (Vigili del Fuoco e Carabinieri) intervenuti per spegnere le fiamme e indagarne le cause. Ecco la sua dichiarazione riportata sui social network \u00abQuando&hellip;<\/p>\n","protected":false},"author":4,"featured_media":301300,"comment_status":"closed","ping_status":"closed","sticky":false,"template":"","format":"standard","meta":{"_monsterinsights_skip_tracking":false,"_monsterinsights_sitenote_active":false,"_monsterinsights_sitenote_note":"","_monsterinsights_sitenote_category":0,"footnotes":""},"categories":[51,49],"tags":[],"class_list":["post-301297","post","type-post","status-publish","format-standard","has-post-thumbnail","hentry","category-evidenza-top","category-news-18","category-51","category-49","description-off"],"img_url":"https:\/\/www.radiopiu.net\/wordpress\/wp-content\/uploads\/2022\/10\/b4eb3dd1-3f17-451e-b5d2-14c0ee14014f.jpg","_links":{"self":[{"href":"https:\/\/www.radiopiu.net\/wordpress\/wp-json\/wp\/v2\/posts\/301297","targetHints":{"allow":["GET"]}}],"collection":[{"href":"https:\/\/www.radiopiu.net\/wordpress\/wp-json\/wp\/v2\/posts"}],"about":[{"href":"https:\/\/www.radiopiu.net\/wordpress\/wp-json\/wp\/v2\/types\/post"}],"author":[{"embeddable":true,"href":"https:\/\/www.radiopiu.net\/wordpress\/wp-json\/wp\/v2\/users\/4"}],"replies":[{"embeddable":true,"href":"https:\/\/www.radiopiu.net\/wordpress\/wp-json\/wp\/v2\/comments?post=301297"}],"version-history":[{"count":0,"href":"https:\/\/www.radiopiu.net\/wordpress\/wp-json\/wp\/v2\/posts\/301297\/revisions"}],"wp:featuredmedia":[{"embeddable":true,"href":"https:\/\/www.radiopiu.net\/wordpress\/wp-json\/wp\/v2\/media\/301300"}],"wp:attachment":[{"href":"https:\/\/www.radiopiu.net\/wordpress\/wp-json\/wp\/v2\/media?parent=301297"}],"wp:term":[{"taxonomy":"category","embeddable":true,"href":"https:\/\/www.radiopiu.net\/wordpress\/wp-json\/wp\/v2\/categories?post=301297"},{"taxonomy":"post_tag","embeddable":true,"href":"https:\/\/www.radiopiu.net\/wordpress\/wp-json\/wp\/v2\/tags?post=301297"}],"curies":[{"name":"wp","href":"https:\/\/api.w.org\/{rel}","templated":true}]}}