{"id":301378,"date":"2022-10-14T05:38:50","date_gmt":"2022-10-14T03:38:50","guid":{"rendered":"https:\/\/www.radiopiu.net\/wordpress\/?p=301378"},"modified":"2022-10-15T06:53:17","modified_gmt":"2022-10-15T04:53:17","slug":"giornale-radiopiu-14-ottobre-2022-direttore-mirko-mezzacasa","status":"publish","type":"post","link":"https:\/\/www.radiopiu.net\/wordpress\/giornale-radiopiu-14-ottobre-2022-direttore-mirko-mezzacasa\/","title":{"rendered":"GIORNALE RADIOPIU 14 OTTOBRE 2022 DIRETTORE MIRKO MEZZACASA"},"content":{"rendered":"<h3 class=\"kvgmc6g5 cxmmr5t8 oygrvhab hcukyx3x c1et5uql\"><span style=\"color: #0000ff;\"><strong>RADIO PIU INFORMAZIONE il canale su TELEGRAM informazione di prima\u00a0\u00a0<\/strong><strong>mano e in tempo reale. iscriviti ed aiutaci a farlo conoscere<\/strong><\/span><\/h3>\n<p>&nbsp;<\/p>\n<p>&nbsp;<\/p>\n<hr \/>\n<p>&nbsp;<\/p>\n<p><strong>RIVAMONTE AGORDINO: Chiusura temporanea Ecocentro per manifestazione \u201cRiva l\u2019Oktoberfest\u201d<\/strong><\/p>\n<p><strong>AGORDO<\/strong> L\u2019Ecocentro di Rivamonte Agordino rimarr\u00e0 chiuso domani come richiesto dal Comune per consentire lo svolgimento della manifestazione denominata \u201cRiva l\u2019Oktoberfest\u201d. Si ricorda che le utenze possono accedere a qualsiasi Ecocentro del territorio dell\u2019Unione Montana Agordina, verificando sedi e orari di apertura nella pagina ECOCENTRO.<\/p>\n<p>&nbsp;<\/p>\n<p>&nbsp;<\/p>\n<hr \/>\n<p>&nbsp;<\/p>\n<blockquote>\n<h3><a class=\"dt-pswp-item\" href=\"https:\/\/www.radiopiu.net\/wordpress\/wp-content\/uploads\/2022\/05\/download-2.jpg\" data-dt-img-description=\"\" data-large_image_width=\"225\" data-large_image_height=\"225\"><img loading=\"lazy\" decoding=\"async\" class=\"wp-image-273618 alignleft\" src=\"https:\/\/www.radiopiu.net\/wordpress\/wp-content\/uploads\/2022\/05\/download-2.jpg\" alt=\"\" width=\"122\" height=\"122\" srcset=\"https:\/\/www.radiopiu.net\/wordpress\/wp-content\/uploads\/2022\/05\/download-2.jpg 225w, https:\/\/www.radiopiu.net\/wordpress\/wp-content\/uploads\/2022\/05\/download-2-150x150.jpg 150w\" sizes=\"auto, (max-width: 122px) 100vw, 122px\" \/><\/a>ACQUA INQUINATA, AUTOBOTTI A LIVINALLONGO E COLLE SANTA LUCIA. BOLLIRE L&#8217;ACQUA NON E&#8217; SUFFICIENTE<\/h3>\n<\/blockquote>\n<p>Gestione Servizi Pubblici informa che a LIVINALLONGO IN LOCALITA&#8217; VARDA, A\u00a0 COLLE S.LUCIA in LOCALITA&#8217; RUCAVA&#8217;\u00a0 l&#8217;acqua erogata dall&#8217;acquedotto non \u00e8 potabile e non pu\u00f2 essere usata per scopi alimentari. Verr\u00e0 effettuato servizio sostitutivo con cisterna posizionata a Rucav\u00e0 di Colle Santa Lucia, Varda a Livinallongo, le Foche e Lambroi a Gosaldo.<\/p>\n<p>&nbsp;<\/p>\n<blockquote>\n<h3>ACQUA NON POTABILE A COL DE CARRERA DI TAIBON AGORDINO<\/h3>\n<\/blockquote>\n<p><strong><a class=\"dt-pswp-item\" href=\"https:\/\/www.radiopiu.net\/wordpress\/wp-content\/uploads\/2018\/08\/ACQUA.jpeg\" data-dt-img-description=\"\" data-large_image_width=\"1280\" data-large_image_height=\"768\"><img loading=\"lazy\" decoding=\"async\" class=\" wp-image-57052 alignleft\" src=\"https:\/\/www.radiopiu.net\/wordpress\/wp-content\/uploads\/2018\/08\/ACQUA-300x180.jpeg\" alt=\"\" width=\"145\" height=\"87\" srcset=\"https:\/\/www.radiopiu.net\/wordpress\/wp-content\/uploads\/2018\/08\/ACQUA-300x180.jpeg 300w, https:\/\/www.radiopiu.net\/wordpress\/wp-content\/uploads\/2018\/08\/ACQUA-768x461.jpeg 768w, https:\/\/www.radiopiu.net\/wordpress\/wp-content\/uploads\/2018\/08\/ACQUA-1024x614.jpeg 1024w, https:\/\/www.radiopiu.net\/wordpress\/wp-content\/uploads\/2018\/08\/ACQUA.jpeg 1280w\" sizes=\"auto, (max-width: 145px) 100vw, 145px\" \/><\/a>TAIBON<\/strong> Gestione Servizi Pubblici informa che a TAIBON AGORDINO in LOCALITA&#8217; COL DE CARRERA l&#8217;acqua erogata dall&#8217;acquedotto non \u00e8 potabile e non pu\u00f2 essere usata per scopi alimentari. Verr\u00e0 effettuato servizio sostitutivo con cisterna posizionata presso il CENTRO di Col De Carrera. GSP ha, comunque, gi\u00e0 adottato le necessarie misure per la disinfezione dell&#8217;acqua presente nei serbatoi e nella rete idrica con l&#8217;aggiunta di cloro.<\/p>\n<p>&nbsp;<\/p>\n<hr \/>\n<p>&nbsp;<\/p>\n<blockquote>\n<h3>PROVINCIALE 347 DEL DURAN (LATO ZOLDO) MARTEDI MATTINA CHIUSA<\/h3>\n<\/blockquote>\n<p><strong>REDAZIONE<\/strong> Dalle 8.30 alle 12 di martedi la provinciale del Duran sar\u00e0 totalmente interrotta (per lavori di ripristino dell&#8217;attraversamento idraulico) in localit\u00e0 Pradel, bivio per Foppa in Comune di Val di Zoldo.<\/p>\n<p>&nbsp;<\/p>\n<blockquote>\n<h3>PONTE DEL FELICE A LA VALLE AGORDINA, CHIUSO FINO AL 24 OTTOBRE <strong>\u00a0<\/strong><\/h3>\n<\/blockquote>\n<p><strong>LA VALLE<\/strong> E&#8217; stata prorogata l&#8217;ordinanza di chiusura del ponte del Felice tra Crostolin di Agordo e il territorio comunale di La Valle Agordina (Ronche, Noach&#8230;) Ponte chiuso h24 fino al 24 ottobre, comunque fino alla conclusione dei lavori di ristrutturazione del ponte.<\/p>\n<p>&nbsp;<\/p>\n<hr \/>\n<p>&nbsp;<\/p>\n<blockquote>\n<h3>PRECIPITA DALLA CRODA BIANCA, PERDE LA VITA ESCURSIONISTA TEDESCO<\/h3>\n<\/blockquote>\n<p><strong><img loading=\"lazy\" decoding=\"async\" class=\"alignleft\" src=\"https:\/\/www.radiopiu.net\/wordpress\/wp-content\/uploads\/2022\/10\/th-6.jpg\" width=\"248\" height=\"164\" \/>AURONZO<\/strong>\u00a0 Nel pomeriggio di ieri\u00a0 \u00e8 scattato l&#8217;allarme per un escursionista,\u00a0 Rojas Arboleda, 33 anni, colombiano di nascita ma residente in Germania, scivolato dalla Croda Bianca, a chiedere aiuto i due compagni che, mentre stavano scendendo con lui, lo avevano visto scivolare e sparire nel vuoto, senza ottenere alcuna risposta ai loro richiami. Poich\u00e9 all&#8217;inizio non si sapeva il luogo preciso dell&#8217;incidente, personale del Soccorso alpino di Pieve di Cadore si \u00e8 preparato per eventuale supporto all&#8217;elicottero dell&#8217;Aiut Alpin Dolomites di Bolzano in arrivo. Una volta sotto la cima, l&#8217;equipaggio ha individuato autonomamente il corpo senza vita del 33enne tedesco, a circa 2.500 metri di quota, versante Auronzo. In discesa dalla normale, il ragazzo era scivolato lungo un tratto innevato, ruzzolando tra salti di roccia per 150\/200 metri e riportando traumi fatali. L&#8217;elicottero ha quindi caricato a bordo i due amici e li ha lasciati a valle. Successivamente, dopo aver imbarcato personale del Soccorso alpino della Guardia di finanza di Auronzo per i dovuti rilievi, l&#8217;elicottero del Suem di Pieve di Cadore \u00e8 volato nel punto in cui si trovava la salma. Sbarcati con il verricello, i soccorritori l&#8217;hanno imbarellata e recuperata, per poi trasportarla ad Auronzo di Cadore.<\/p>\n<p>&nbsp;<\/p>\n<p>&nbsp;<\/p>\n<hr \/>\n<blockquote>\n<h2><\/h2>\n<h2>IERI ALTRI DUE INTERVENTI IN MONTAGNA<\/h2>\n<\/blockquote>\n<div class=\"page-title-breadcrumbs\"><strong><img loading=\"lazy\" decoding=\"async\" class=\"alignleft\" src=\"https:\/\/www.radiopiu.net\/wordpress\/wp-content\/uploads\/2022\/09\/salt_20220902_165728_351.jpg\" width=\"166\" height=\"125\" \/>BELLUNO<\/strong>\u00a0 Poco prima di mezzogiorno la Centrale del 118 ha chiesto l&#8217;intervento di una squadra del Soccorso alpino del Centro Cadore per raggiungere un luogo, e dare successive indicazioni all&#8217;equipaggio, dove dei passanti avevano trovato un uomo incosciente, poco fuori dell&#8217;abitato di Laggio. Il 76enne di Villorba (TV), che era scivolato a bordo della strada asfaltata probabilmente a causa di un malore, \u00e8 stato preso in carico dal personale medico dell&#8217;elicottero del Suem di Pieve di Cadore, imbarellato e caricato a bordo, per essere trasportato in gravi condizioni all&#8217;ospedale di Belluno. Alle 14.20 circa l&#8217;elicottero \u00e8 volato sul Col de Medo, Tre Cime di Lavaredo, a seguito di un&#8217;attivazione tramite GeoResQ. Un escursionista di 77 anni, di Isera (TN), che si trovava in compagnia di altre due persone si era infatti sentito poco bene. Recuperato, l&#8217;uomo \u00e8 stato accompagnato per i dovuti accertamenti all&#8217;ospedale di Belluno.<\/div>\n<div><\/div>\n<div>\n<hr \/>\n<\/div>\n<div><\/div>\n<div><\/div>\n<div><em><a class=\"dt-pswp-item\" href=\"https:\/\/www.radiopiu.net\/wordpress\/wp-content\/uploads\/2022\/10\/verrengia-antonio-online.jpg\" data-dt-img-description=\"\" data-large_image_width=\"486\" data-large_image_height=\"600\"><img loading=\"lazy\" decoding=\"async\" class=\"wp-image-301487 alignleft\" src=\"https:\/\/www.radiopiu.net\/wordpress\/wp-content\/uploads\/2022\/10\/verrengia-antonio-online-243x300.jpg\" alt=\"\" width=\"126\" height=\"156\" srcset=\"https:\/\/www.radiopiu.net\/wordpress\/wp-content\/uploads\/2022\/10\/verrengia-antonio-online-243x300.jpg 243w, https:\/\/www.radiopiu.net\/wordpress\/wp-content\/uploads\/2022\/10\/verrengia-antonio-online.jpg 486w\" sizes=\"auto, (max-width: 126px) 100vw, 126px\" \/><\/a>Grazie a tutti voi che, in ogni forma e modo, vi siete uniti al nostro dolore e ne onorerete la memoria.<\/em><\/div>\n<div>\n<p>&nbsp;<\/p>\n<p>Poche parole, toccanti, della compagna Barbara, dei figli Luigi, Noah, Samantha e Walter, della mamma Adelaide e sorella Marina. Ieri in Duomo a Belluno erano in tanti per l&#8217;ultimo saluto al Maresciallo Aiutante Antonio Verrengia. Ai famigliari\u00a0 un messaggio di vicinanza dalla redazione di Radio Pi\u00f9.<\/p>\n<\/div>\n<div><\/div>\n<div><\/div>\n<div><\/div>\n<div><\/div>\n<div>\n<hr \/>\n<\/div>\n<blockquote>\n<h3>SI GETTA SUL COFANO DELL&#8217;AUTO E SI FA RESTITUIRE I SOLDI RUBATI<\/h3>\n<\/blockquote>\n<div>\n<p><strong>OGGI SUL CORRIERE DELLE ALPI<\/strong><\/p>\n<p><strong>DA FELTRE ROBERTO CURTO\u00a0<\/strong><\/p>\n<p><strong><img loading=\"lazy\" decoding=\"async\" class=\"alignleft\" src=\"https:\/\/www.radiopiu.net\/wordpress\/wp-content\/uploads\/2022\/10\/289624238_10218502424832269_2694146930499640199_n.jpg\" width=\"170\" height=\"171\" \/>FELTRE\u00a0<\/strong> \u00a0Con quel coraggio un po&#8217; incosciente che anima solo chi si sente responsabile anche per gli altri, ieri mattina Lidia Maoret si \u00e8 letteralmente parata davanti all&#8217;auto di una coppia di ladri che si era poco prima intrufolata nella sua abitazione sottraendo il denaro raccolto per salutare la partenza di don Lucio Pante, in partenza dalle parrocchie di Arson e Villabruna per trasferirsi in Alpago. Oltre 900 euro raccolti un po&#8217; alla volta nelle comunit\u00e0 di Villabruna, Arson e Lasen e che i parrocchiani le avevano affidato per custodirli fino alla consegna&#8230;<em>\u00abLe ho afferrate e subito dopo loro sono partiti svoltando per una strada senza nemmeno darmi il tempo di annotare la targa. So solo che era un&#8217;auto bianca, forse una Opel, ma non ci giurerei. Mi spiace perch\u00e9 non sono riuscita a dare chiss\u00e0 quali indicazioni nemmeno ai carabinieri che sono venuti dopo la mia chiamata. Mi hanno riferito che probabilmente si tratta di rom. Da me si sono presentati vestiti normalmente\u00bb.\u00a0<\/em><\/p>\n<p>&nbsp;<\/p>\n<p>&nbsp;<\/p>\n<\/div>\n<div>\n<hr \/>\n<p>&nbsp;<\/p>\n<blockquote>\n<h3><a class=\"dt-pswp-item\" href=\"https:\/\/www.radiopiu.net\/wordpress\/wp-content\/uploads\/2022\/02\/BELLUNO-BELLUNO-12.jpg\" data-dt-img-description=\"\" data-large_image_width=\"152\" data-large_image_height=\"240\"><img loading=\"lazy\" decoding=\"async\" class=\"wp-image-258275 alignleft\" src=\"https:\/\/www.radiopiu.net\/wordpress\/wp-content\/uploads\/2022\/02\/BELLUNO-BELLUNO-12.jpg\" alt=\"\" width=\"87\" height=\"137\" \/><\/a>PAURA IN DUOMO, POMPIERI A SIRENE SPIEGATE<\/h3>\n<\/blockquote>\n<p><strong>BELLUNO\u00a0 <\/strong>Ieri sera, poco dopo le 21, sono dovuti intervenire i vigili del fuoco per un allarme incendio, poi fortunatamente rientrato. La causa: il fumo che usciva da un ripostiglio. L&#8217;allarme incendio ha fatto partire immediatamente la chiamata verso il comando di Belluno dei vigili del fuoco. L&#8217;allarme \u00e8 subito rientrato. Nessun incendio, con il fumo che \u00e8 stato probabilmente causato da un motore dell&#8217;organo<\/p>\n<\/div>\n<p>&nbsp;<\/p>\n<hr \/>\n<p>&nbsp;<\/p>\n<blockquote>\n<h3>HOCKEYSTA UBRIACO DISTRUSSE DUE AUTO: PATTEGGIA<\/h3>\n<\/blockquote>\n<p><strong>OGGI SUL CORRIERE DELLE ALPI<\/strong><br \/>\n<strong>DI GIGI SOSSO<\/strong><\/p>\n<p><strong>ALLEGHE\u00a0 \u00a0<\/strong> Dopo la festa per la vittoria a Caldaro del dicembre 2019, l&#8217;attaccante dell&#8217;Alleghe hockey, Jonaas Huovinen era uscito di strada all&#8217;altezza di Caprile, andando a schiantarsi contro due Panda dell&#8217;Ulss 1 Dolomiti parcheggiate. Era alla guida di una Volkswagen Golf verde, messagli a disposizione dall&#8217;allora presidente Renato Rossi: l&#8217;assicurazione paga i danni all&#8217;azienda sanitaria e il 28enne centro finlandese pattegger\u00e0 la pena per la guida in stato di ebbrezza con incidente e in orario notturno&#8230;.Del caso si \u00e8 discusso ieri mattina, in tribunale. L&#8217;uomo \u00e8 difeso dall&#8217;avvocato Manola Lise, che ha chiesto al giudice Angela Feletto un rinvio per concordare la pena con il pubblico ministero Gianluca Tricoli. Se ne discuter\u00e0 pi\u00f9 avanti. Jonaas Huovinen sta giocando nella seconda lega olandese con la maglia dei Leeuwarden Capitals e, naturalmente, non era presente in aula.<\/p>\n<p>ARCHIVIO RADIOPIU<\/p>\n<blockquote class=\"wp-embedded-content\" data-secret=\"JTl5kqMlcc\"><p><a href=\"https:\/\/www.radiopiu.net\/wordpress\/incidente-allalba-giocatore-dellalleghe-perde-il-controllo-della-golf\/\">INCIDENTE ALL&#8217;ALBA, GIOCATORE DELL&#8217;ALLEGHE PERDE IL CONTROLLO DELLA GOLF<\/a><\/p><\/blockquote>\n<p><iframe loading=\"lazy\" class=\"wp-embedded-content\" sandbox=\"allow-scripts\" security=\"restricted\" style=\"position: absolute; clip: rect(1px, 1px, 1px, 1px);\" title=\"&#8220;INCIDENTE ALL&#8217;ALBA, GIOCATORE DELL&#8217;ALLEGHE PERDE IL CONTROLLO DELLA GOLF&#8221; &#8212; Radio Pi\u00f9\" src=\"https:\/\/www.radiopiu.net\/wordpress\/incidente-allalba-giocatore-dellalleghe-perde-il-controllo-della-golf\/embed\/#?secret=UK17G3ygYy#?secret=JTl5kqMlcc\" data-secret=\"JTl5kqMlcc\" width=\"600\" height=\"338\" frameborder=\"0\" marginwidth=\"0\" marginheight=\"0\" scrolling=\"no\"><\/iframe><\/p>\n<p>&nbsp;<\/p>\n<p>&nbsp;<\/p>\n<hr \/>\n<blockquote>\n<h3>DA LUNEDI&#8217; INIZIA LA CONSEGNA DEL CARRELLO DELLA SPESA PER I DIPENDENTI ESSILORLUXOTTICA<\/h3>\n<\/blockquote>\n<p><strong><a class=\"dt-pswp-item\" href=\"https:\/\/www.radiopiu.net\/wordpress\/wp-content\/uploads\/2022\/06\/LUXOTTICA-12.jpg\" data-dt-img-description=\"\" data-large_image_width=\"800\" data-large_image_height=\"600\"><img loading=\"lazy\" decoding=\"async\" class=\" wp-image-284019 alignleft\" src=\"https:\/\/www.radiopiu.net\/wordpress\/wp-content\/uploads\/2022\/06\/LUXOTTICA-12-300x225.jpg\" alt=\"\" width=\"187\" height=\"140\" srcset=\"https:\/\/www.radiopiu.net\/wordpress\/wp-content\/uploads\/2022\/06\/LUXOTTICA-12-300x225.jpg 300w, https:\/\/www.radiopiu.net\/wordpress\/wp-content\/uploads\/2022\/06\/LUXOTTICA-12-768x576.jpg 768w, https:\/\/www.radiopiu.net\/wordpress\/wp-content\/uploads\/2022\/06\/LUXOTTICA-12.jpg 800w\" sizes=\"auto, (max-width: 187px) 100vw, 187px\" \/><\/a>AGORDO<\/strong> Ottobre \u00e8 il mese del carrello della spesa per i dipendenti del gruppo EssilorLuxottica. Nei prossimi giorni inizier\u00e0 la distribuzione del pacco con i generi alimentari. Nel mese di agosto le maestranze erano state chiamate a fare la propria scelta tra diverse tipologie di &#8220;Carrello della Spesa&#8221;. Quest&#8217;anno erano quattro le tipologie di pacco alimentare da scegliere: il classico, con all&#8217;interno prodotti della grande distribuzione, il territoriale con generi alimentari a km 0, quello senza glutine per coloro che soffrono di disturbi alimentari e, novit\u00e0 di quest&#8217;anno, il pacco speciale pensato dallo chef Davide Oldani. A partire da oggi le maestranze potranno scegliere la data e la sede di ritiro del pacco spesa accedendo al portale aziendale One Luxottica. La distribuzione del carrello inizier\u00e0 presso i punti vendita Coop a partire da luned\u00ec 17 ottobre per gli stabilimenti di Agordo, Cencenighe e Sedico.<\/p>\n<p>&nbsp;<\/p>\n<hr \/>\n<p>&nbsp;<\/p>\n<p>&nbsp;<\/p>\n<blockquote>\n<h3>CON I FONDI DEI COMUNI DI CONFINE IL COMPLETAMENTO DELLO STADIO IVANO DORIGO E DELLE EX OFFICINE DEI CONGENIATORI<\/h3>\n<\/blockquote>\n<p>&nbsp;<\/p>\n<p><strong>di GIANNI SANTOMASO\u00a0<\/strong><\/p>\n<p><strong>AGORDO\u00a0<\/strong><\/p>\n<audio class=\"wp-audio-shortcode\" id=\"audio-301378-1\" preload=\"none\" style=\"width: 100%;\" controls=\"controls\"><source type=\"audio\/mpeg\" src=\"https:\/\/www.radiopiu.net\/wordpress\/wp-content\/uploads\/2022\/10\/gianni-pezzo-agordo.mp3?_=1\" \/><a href=\"https:\/\/www.radiopiu.net\/wordpress\/wp-content\/uploads\/2022\/10\/gianni-pezzo-agordo.mp3\">https:\/\/www.radiopiu.net\/wordpress\/wp-content\/uploads\/2022\/10\/gianni-pezzo-agordo.mp3<\/a><\/audio>\n<p>&nbsp;<\/p>\n\n\t\t\t<style type='text\/css'>\n\t\t\t\t#gallery-1 {\n\t\t\t\t\tmargin: auto;\n\t\t\t\t}\n\t\t\t\t#gallery-1 .gallery-item {\n\t\t\t\t\tfloat: left;\n\t\t\t\t\tmargin-top: 10px;\n\t\t\t\t\ttext-align: center;\n\t\t\t\t\twidth: 50%;\n\t\t\t\t}\n\t\t\t\t#gallery-1 img {\n\t\t\t\t\tborder: 2px solid #cfcfcf;\n\t\t\t\t}\n\t\t\t\t#gallery-1 .gallery-caption {\n\t\t\t\t\tmargin-left: 0;\n\t\t\t\t}\n\t\t\t\t\/* see gallery_shortcode() in wp-includes\/media.php *\/\n\t\t\t<\/style>\n\t\t<div id='gallery-1' class='dt-gallery-container gallery galleryid-301378 gallery-columns-2 gallery-size-thumbnail'><dl class='gallery-item'>\n\t\t\t\t<dt class='gallery-icon portrait'>\n\t\t\t\t\t<a class=\"rollover rollover-zoom dt-pswp-item\" title=\"WhatsApp Image 2022-10-13 at 19.26.26\" data-dt-img-description=\"\" data-large_image_width=\"912\" data-large_image_height=\"1600\"href='https:\/\/www.radiopiu.net\/wordpress\/wp-content\/uploads\/2022\/10\/WhatsApp-Image-2022-10-13-at-19.26.26.jpeg'><img loading=\"lazy\" decoding=\"async\" width=\"150\" height=\"150\" src=\"https:\/\/www.radiopiu.net\/wordpress\/wp-content\/uploads\/2022\/10\/WhatsApp-Image-2022-10-13-at-19.26.26-150x150.jpeg\" class=\"attachment-thumbnail size-thumbnail\" alt=\"\" \/><\/a>\n\t\t\t\t<\/dt><\/dl><dl class='gallery-item'>\n\t\t\t\t<dt class='gallery-icon landscape'>\n\t\t\t\t\t<a class=\"rollover rollover-zoom dt-pswp-item\" title=\"WhatsApp Image 2022-10-13 at 19.26.27\" data-dt-img-description=\"\" data-large_image_width=\"982\" data-large_image_height=\"835\"href='https:\/\/www.radiopiu.net\/wordpress\/wp-content\/uploads\/2022\/10\/WhatsApp-Image-2022-10-13-at-19.26.27.jpeg'><img loading=\"lazy\" decoding=\"async\" width=\"150\" height=\"150\" src=\"https:\/\/www.radiopiu.net\/wordpress\/wp-content\/uploads\/2022\/10\/WhatsApp-Image-2022-10-13-at-19.26.27-150x150.jpeg\" class=\"attachment-thumbnail size-thumbnail\" alt=\"\" \/><\/a>\n\t\t\t\t<\/dt><\/dl><br style=\"clear: both\" \/><dl class='gallery-item'>\n\t\t\t\t<dt class='gallery-icon landscape'>\n\t\t\t\t\t<a class=\"rollover rollover-zoom dt-pswp-item\" title=\"Agordo Serie D vista 2 A\" data-dt-img-description=\"\" data-large_image_width=\"2560\" data-large_image_height=\"1442\"href='https:\/\/www.radiopiu.net\/wordpress\/wp-content\/uploads\/2022\/10\/Agordo-Serie-D-vista-2-A-scaled.jpg'><img loading=\"lazy\" decoding=\"async\" width=\"150\" height=\"150\" src=\"https:\/\/www.radiopiu.net\/wordpress\/wp-content\/uploads\/2022\/10\/Agordo-Serie-D-vista-2-A-150x150.jpg\" class=\"attachment-thumbnail size-thumbnail\" alt=\"\" \/><\/a>\n\t\t\t\t<\/dt><\/dl><dl class='gallery-item'>\n\t\t\t\t<dt class='gallery-icon landscape'>\n\t\t\t\t\t<a class=\"rollover rollover-zoom dt-pswp-item\" title=\"Agordo Serie D vista 1 A\" data-dt-img-description=\"\" data-large_image_width=\"2560\" data-large_image_height=\"1334\"href='https:\/\/www.radiopiu.net\/wordpress\/wp-content\/uploads\/2022\/10\/Agordo-Serie-D-vista-1-A-scaled.jpg'><img loading=\"lazy\" decoding=\"async\" width=\"150\" height=\"150\" src=\"https:\/\/www.radiopiu.net\/wordpress\/wp-content\/uploads\/2022\/10\/Agordo-Serie-D-vista-1-A-150x150.jpg\" class=\"attachment-thumbnail size-thumbnail\" alt=\"\" \/><\/a>\n\t\t\t\t<\/dt><\/dl><br style=\"clear: both\" \/>\n\t\t\t<\/div>\n\n<p>&nbsp;<\/p>\n<hr \/>\n<p>&nbsp;<\/p>\n<h3>EFFICIENTAMENTO ENERGETICO DELL&#8217;ILLUMINAZIONE PUBBLICA: VIA AI LAVORI<\/h3>\n<p><a class=\"dt-pswp-item\" href=\"https:\/\/www.radiopiu.net\/wordpress\/wp-content\/uploads\/2022\/10\/Sostituzione-punti-luce-scaled.jpg\" data-dt-img-description=\"\" data-large_image_width=\"2560\" data-large_image_height=\"1920\"><img loading=\"lazy\" decoding=\"async\" class=\"wp-image-301436 alignleft\" src=\"https:\/\/www.radiopiu.net\/wordpress\/wp-content\/uploads\/2022\/10\/Sostituzione-punti-luce-300x225.jpg\" alt=\"\" width=\"156\" height=\"117\" srcset=\"https:\/\/www.radiopiu.net\/wordpress\/wp-content\/uploads\/2022\/10\/Sostituzione-punti-luce-300x225.jpg 300w, https:\/\/www.radiopiu.net\/wordpress\/wp-content\/uploads\/2022\/10\/Sostituzione-punti-luce-1024x768.jpg 1024w, https:\/\/www.radiopiu.net\/wordpress\/wp-content\/uploads\/2022\/10\/Sostituzione-punti-luce-768x576.jpg 768w, https:\/\/www.radiopiu.net\/wordpress\/wp-content\/uploads\/2022\/10\/Sostituzione-punti-luce-1536x1152.jpg 1536w, https:\/\/www.radiopiu.net\/wordpress\/wp-content\/uploads\/2022\/10\/Sostituzione-punti-luce-2048x1536.jpg 2048w\" sizes=\"auto, (max-width: 156px) 100vw, 156px\" \/><\/a><strong>FELTRE\u00a0<\/strong> Hanno preso il via i lavori relativi ad un nuovo lotto di interventi per l\u2019efficientamento energetico dell\u2019illuminazione pubblica.\u00a0 L\u2019intervento in oggetto prevede la sostituzione di apparecchiature obsolete (in particolare le lampade al sodio) con nuova tecnologia a risparmio energetico a LED. Con questo progetto approvato dall\u2019amministrazione precedente, che impegna risorse per circa 130 mila euro, sono stati individuati circa 180 lampioni stradali dotati di sistema di illuminazione di vecchia generazione posizionati lungo le strade di maggior traffico veicolare e con la presenza di maggiori attraversamenti stradali. Le vie interessate dai lavori nei prossimi giorni saranno; Via Belluno, Via Panoramica, Viale Monte Grappa, Via Vignigole, Via Monte Lungo, Via 14 Agosto, Via Rizzarda, Via Bagnols Sur Ceze.<\/p>\n<blockquote>\n<h3><\/h3>\n<\/blockquote>\n<hr \/>\n<p>&nbsp;<\/p>\n<blockquote>\n<h3>IL CAPITELLO DI SAL, A BREVE SARA&#8217; RIPORTATO AL SUO ANTICO SPLENDORE<\/h3>\n<\/blockquote>\n<p><strong>ALLEGHE<\/strong> <em>&#8220;Il capitello in localit\u00e0 Sal sar\u00e0 restaurato dalla ditta incaricata dei lavori di esbosco, ancor prima dell&#8217;apertura del cantiere necessitava di un intervento importante, sar\u00e0 cura dell&#8217;impresa di Livio Lena\u00a0 di Taibon Agordino, restituirlo alla comunit\u00e0 nella sua interezza, nello stesso luogo, con un tetto in scandole&#8221;.<\/em> La rassicurazione dal Municipio di Alleghe arriva direttamente dal sindaco Danilo De Toni dopo la segnalazione di questa mattina dei danni riportati dal capitello che la furia di Vaia ha risparmiato. Ad informare la popolazione via social ci ha pensato Giuseppe Rudatis particolarmente legato a quel capitello.<em> &#8220;Ho provveduto a prelevare quanto era contenuto all&#8217;interno che presto porter\u00f2 al parroco in attesa del ripristino del capitello dedicato a Sant&#8217; Antonio,\u00a0meta di pellegrinaggio, il giorno della ricorrenza del santo (13 giugno) in tanti\u00a0 vengono a portare una candela e chiedere un aiuto, alcuni anni fa\u00a0 qualcuno ha bruciato la statua del santo, con fatica e l&#8217;aiuto di due amici di Alleghe lo abbiamo sostituito&#8221;<br \/>\n<\/em><\/p>\n\n\t\t\t<style type='text\/css'>\n\t\t\t\t#gallery-2 {\n\t\t\t\t\tmargin: auto;\n\t\t\t\t}\n\t\t\t\t#gallery-2 .gallery-item {\n\t\t\t\t\tfloat: left;\n\t\t\t\t\tmargin-top: 10px;\n\t\t\t\t\ttext-align: center;\n\t\t\t\t\twidth: 33%;\n\t\t\t\t}\n\t\t\t\t#gallery-2 img {\n\t\t\t\t\tborder: 2px solid #cfcfcf;\n\t\t\t\t}\n\t\t\t\t#gallery-2 .gallery-caption {\n\t\t\t\t\tmargin-left: 0;\n\t\t\t\t}\n\t\t\t\t\/* see gallery_shortcode() in wp-includes\/media.php *\/\n\t\t\t<\/style>\n\t\t<div id='gallery-2' class='dt-gallery-container gallery galleryid-301378 gallery-columns-3 gallery-size-thumbnail'><dl class='gallery-item'>\n\t\t\t\t<dt class='gallery-icon portrait'>\n\t\t\t\t\t<a class=\"rollover rollover-zoom dt-pswp-item\" title=\"311431756_2144533995749705_5184784376940044765_n\" data-dt-img-description=\"\" data-large_image_width=\"1536\" data-large_image_height=\"2048\"href='https:\/\/www.radiopiu.net\/wordpress\/wp-content\/uploads\/2022\/10\/311431756_2144533995749705_5184784376940044765_n.jpg'><img loading=\"lazy\" decoding=\"async\" width=\"150\" height=\"150\" src=\"https:\/\/www.radiopiu.net\/wordpress\/wp-content\/uploads\/2022\/10\/311431756_2144533995749705_5184784376940044765_n-150x150.jpg\" class=\"attachment-thumbnail size-thumbnail\" alt=\"\" \/><\/a>\n\t\t\t\t<\/dt><\/dl><dl class='gallery-item'>\n\t\t\t\t<dt class='gallery-icon portrait'>\n\t\t\t\t\t<a class=\"rollover rollover-zoom dt-pswp-item\" title=\"310738428_2144533912416380_9151724120999125120_n\" data-dt-img-description=\"\" data-large_image_width=\"1536\" data-large_image_height=\"2048\"href='https:\/\/www.radiopiu.net\/wordpress\/wp-content\/uploads\/2022\/10\/310738428_2144533912416380_9151724120999125120_n.jpg'><img loading=\"lazy\" decoding=\"async\" width=\"150\" height=\"150\" src=\"https:\/\/www.radiopiu.net\/wordpress\/wp-content\/uploads\/2022\/10\/310738428_2144533912416380_9151724120999125120_n-150x150.jpg\" class=\"attachment-thumbnail size-thumbnail\" alt=\"\" \/><\/a>\n\t\t\t\t<\/dt><\/dl><dl class='gallery-item'>\n\t\t\t\t<dt class='gallery-icon portrait'>\n\t\t\t\t\t<a class=\"rollover rollover-zoom dt-pswp-item\" title=\"311104176_2144533702416401_3827961824590529811_n\" data-dt-img-description=\"\" data-large_image_width=\"1536\" data-large_image_height=\"2048\"href='https:\/\/www.radiopiu.net\/wordpress\/wp-content\/uploads\/2022\/10\/311104176_2144533702416401_3827961824590529811_n.jpg'><img loading=\"lazy\" decoding=\"async\" width=\"150\" height=\"150\" src=\"https:\/\/www.radiopiu.net\/wordpress\/wp-content\/uploads\/2022\/10\/311104176_2144533702416401_3827961824590529811_n-150x150.jpg\" class=\"attachment-thumbnail size-thumbnail\" alt=\"\" \/><\/a>\n\t\t\t\t<\/dt><\/dl><br style=\"clear: both\" \/>\n\t\t\t<\/div>\n\n<p>&nbsp;<\/p>\n<hr \/>\n<p>&nbsp;<\/p>\n<div class=\"page-title-head hgroup\">\n<blockquote>\n<h3 class=\"entry-title\">TUNNEL DEL COMELICO, LAVORI RINVIATI MA NECESSITA UN PIANO DI VIABILITA\u2019 SOSTITUTIVA<\/h3>\n<\/blockquote>\n<\/div>\n<div class=\"page-title-breadcrumbs\">\n<div align=\"left\"><span style=\"color: #000000; font-family: Helvetica;\"><strong><img loading=\"lazy\" decoding=\"async\" class=\"alignleft\" src=\"https:\/\/www.radiopiu.net\/wordpress\/wp-content\/uploads\/2021\/02\/galleria-comelico.jpg\" width=\"189\" height=\"225\" \/>COMELICO<\/strong>\u00a0\u201c<i>Il mancato avvio dei lavori all\u2019interno della galleria del Comelico \u00e8 una buona notizia, ma non \u00e8 accettabile che un\u2019intera vallata sia in bal\u00eca delle decisioni dell\u2019Anas e, soprattutto, che non si sia ancora delineato un piano efficiente di viabilit\u00e0 sostitutiva<\/i>\u201d. Queste le parole del <b>segretario generale della Cisl Belluno Treviso Massimiliano Paglini<\/b> di fronte all\u2019evidenza della mancata chiusura del tunnel in vista della stagione invernale. <\/span><span style=\"color: #000000; font-family: Helvetica;\"><span style=\"color: #000000; font-family: Helvetica;\">Associazione Comelico Nuovo, Comitato Galleria Comelico Bis, Union Ladina dal Comelgo, Appia CNA, Confartigianato, Confindustria, Confcommercio, Coldiretti, Confagricoltura e Cgil, Cisl e Uil del territorio nei mesi scorsi avevano tracciato la via, affermando in un documento comune la necessit\u00e0 di posticipare i lavori di manutenzione fino a quando non sar\u00e0 agibile \u201cin piena sicurezza e senza soluzione di continuit\u00e0 fisica e temporale una via <a class=\"dt-pswp-item\" href=\"https:\/\/www.radiopiu.net\/wordpress\/wp-content\/uploads\/2022\/02\/Paglini-relazione.jpeg\" data-dt-img-description=\"\" data-large_image_width=\"1368\" data-large_image_height=\"912\"><img loading=\"lazy\" decoding=\"async\" class=\"wp-image-258793 alignright\" src=\"https:\/\/www.radiopiu.net\/wordpress\/wp-content\/uploads\/2022\/02\/Paglini-relazione-300x200.jpeg\" alt=\"\" width=\"221\" height=\"147\" srcset=\"https:\/\/www.radiopiu.net\/wordpress\/wp-content\/uploads\/2022\/02\/Paglini-relazione-300x200.jpeg 300w, https:\/\/www.radiopiu.net\/wordpress\/wp-content\/uploads\/2022\/02\/Paglini-relazione-1024x683.jpeg 1024w, https:\/\/www.radiopiu.net\/wordpress\/wp-content\/uploads\/2022\/02\/Paglini-relazione-768x512.jpeg 768w, https:\/\/www.radiopiu.net\/wordpress\/wp-content\/uploads\/2022\/02\/Paglini-relazione.jpeg 1368w\" sizes=\"auto, (max-width: 221px) 100vw, 221px\" \/><\/a>da e per il Comelico diversa dalla proposta Strada Provinciale 532, anche recuperando la vecchia sede della SS 52\u201d e di \u201credigere e sottoscrivere un protocollo di intesa tra Anas ed amministrazioni locali finalizzato alla realizzazione di una strada di servizio alla galleria Comelico in destra orografica del fiume Piave, in grado di supplire anche in futuro ad eventuali e ulteriori chiusure del tunnel e di essere in futuro collegata con tunnel trasversali alla galleria Comelico come seconda canna a cielo aperto, per l\u2019adeguamento della SS 52 agli standard E-road network\u201d.<br \/>\n<strong>IL SEGRETARIO DELLA CISL BELLUNO TREVISO MASSIMILIANO PAGLINI\u00a0<\/strong><\/span><\/span><\/div>\n<div align=\"left\"><\/div>\n<div align=\"left\">\n<audio class=\"wp-audio-shortcode\" id=\"audio-301378-2\" preload=\"none\" style=\"width: 100%;\" controls=\"controls\"><source type=\"audio\/mpeg\" src=\"https:\/\/www.radiopiu.net\/wordpress\/wp-content\/uploads\/2022\/10\/paglini-tunnel-comelico.mp3?_=2\" \/><a href=\"https:\/\/www.radiopiu.net\/wordpress\/wp-content\/uploads\/2022\/10\/paglini-tunnel-comelico.mp3\">https:\/\/www.radiopiu.net\/wordpress\/wp-content\/uploads\/2022\/10\/paglini-tunnel-comelico.mp3<\/a><\/audio>\n<p><span style=\"color: #000000; font-family: Helvetica;\">\u00a0<\/span><\/p>\n<\/div>\n<div align=\"left\">\n<hr \/>\n<\/div>\n<div align=\"left\">\n<blockquote>\n<h3>IL MERCATINO VINTAGE DI INTER WHEEL AIUTA LE DONNE VITTIME DI VIOLENZA<\/h3>\n<\/blockquote>\n<p><strong><a class=\"dt-pswp-item\" href=\"https:\/\/www.radiopiu.net\/wordpress\/wp-content\/uploads\/2022\/10\/PHOTO-2022-10-13-06-28-29.jpg\" data-dt-img-description=\"\" data-large_image_width=\"768\" data-large_image_height=\"1024\"><img loading=\"lazy\" decoding=\"async\" class=\" wp-image-301404 alignleft\" src=\"https:\/\/www.radiopiu.net\/wordpress\/wp-content\/uploads\/2022\/10\/PHOTO-2022-10-13-06-28-29-225x300.jpg\" alt=\"\" width=\"113\" height=\"151\" srcset=\"https:\/\/www.radiopiu.net\/wordpress\/wp-content\/uploads\/2022\/10\/PHOTO-2022-10-13-06-28-29-225x300.jpg 225w, https:\/\/www.radiopiu.net\/wordpress\/wp-content\/uploads\/2022\/10\/PHOTO-2022-10-13-06-28-29.jpg 768w\" sizes=\"auto, (max-width: 113px) 100vw, 113px\" \/><\/a>BELLUNO<\/strong> Il prossimo fine settimana riaprir\u00e0 il mercatino vintage in Piazza delle Erbe, a Belluno. Si tratta di un\u2019iniziativa del gruppo Inter Wheel che andr\u00e0 a sostegno del Fondo Welfare, per aiutare le donne vittime di violenza. Il ricavato dell\u2019iniziativa infatti servir\u00e0 a finanziare l\u2019iniziativa di prima assistenza e accoglienza varato nel 2019 che vede la collaborazione di Federalberghi. Il progetto \u00e8 partito da una mappatura di tutti gli alberghi disponibili a ospitare a prezzo calmierato\u00a0\u00a0le donne vittime di violenza costrette ad abbandonare la propria casa. Il mercatino aprir\u00e0 tutti i fine settimana, a partire dal prossimo (14-15 ottobre) dalle 9.30 alle 12.30 e dalle 16 alle 19, fino alla festa di San Martino. Nella settimana del patrono di Belluno (dall\u20198 al 13 novembre) sar\u00e0 aperto tutti i giorni.<\/p>\n<p><strong>LA PRESIDENTE DEL FONDO WELFARE TERRITORIALE FRANCESCA DE BIASI<\/strong><\/p>\n<audio class=\"wp-audio-shortcode\" id=\"audio-301378-3\" preload=\"none\" style=\"width: 100%;\" controls=\"controls\"><source type=\"audio\/mpeg\" src=\"https:\/\/www.radiopiu.net\/wordpress\/wp-content\/uploads\/2022\/10\/FRANCESCA-DE-BIASI-WELFARE.mp3?_=3\" \/><a href=\"https:\/\/www.radiopiu.net\/wordpress\/wp-content\/uploads\/2022\/10\/FRANCESCA-DE-BIASI-WELFARE.mp3\">https:\/\/www.radiopiu.net\/wordpress\/wp-content\/uploads\/2022\/10\/FRANCESCA-DE-BIASI-WELFARE.mp3<\/a><\/audio>\n<p>&nbsp;<\/p>\n<hr \/>\n<p>&nbsp;<\/p>\n<blockquote>\n<h2>CROMOTERAPIA E MUSICOTERAPIA IN SALA PARTO<\/h2>\n<\/blockquote>\n<p><strong>BELLUNO<\/strong>\u00a0 Viola e Daisy sono due bimbe nate tra i colori della cromoterapia e la musica scelta da mamma e pap\u00e0 nella sala parto dell\u2019ospedale di Feltre. Questa mattina le loro mamme ci hanno raccontato la loro esperienza del parto, vissuta con l\u2019effetto benefico di luce e musica. La storia ha un valore aggiunto: a rendere possibile questa modalit\u00e0 di parto, scelta anche da alcune note influencer, \u00e8 stata una classe dell\u2019istituto superiore Colotti di Feltre che ha deciso, di comune accordo, di destinare i soldi vinti nell\u2019ambito di un concorso sulla legalit\u00e0, istituito dalla Camera di Commercio, all\u2019acquisto delle attrezzature per la cromoterapia nelle sale parto, compresa la sala per il parto in acqua, e la filodiffusione in tutto il punto nascita per ascoltare le canzoni pi\u00f9 emotivamente di valore per ogni famiglia in un momento unico. Una bella storia, ricca di umanit\u00e0, che l\u2019equipe dell\u2019unit\u00e0 operativa diretta dalla dottoressa Laura Favretti, ha accolto con entusiasmo l\u2019idea e l\u2019ha realizzata mettendola a disposizione delle famiglie che scelgono il punto nascita di Feltre per dare alla luce i loro bimbi. Questa mattina,il direttore sanitario Maria Caterina De Marco e la vivace \u00e9quipe dell\u2019ostetricia di Feltre hanno accolto una rappresentanza di studenti e docenti e il preside Alessandro Bee per mostrare loro la realizzazione dell\u2019idea nel punto nascita, insieme a due mamme che hanno raccontato in prima persona la loro esperienza del parto con il valore aggiunto di questa bella idea dei ragazzi.<\/p>\n\n\t\t\t<style type='text\/css'>\n\t\t\t\t#gallery-3 {\n\t\t\t\t\tmargin: auto;\n\t\t\t\t}\n\t\t\t\t#gallery-3 .gallery-item {\n\t\t\t\t\tfloat: left;\n\t\t\t\t\tmargin-top: 10px;\n\t\t\t\t\ttext-align: center;\n\t\t\t\t\twidth: 25%;\n\t\t\t\t}\n\t\t\t\t#gallery-3 img {\n\t\t\t\t\tborder: 2px solid #cfcfcf;\n\t\t\t\t}\n\t\t\t\t#gallery-3 .gallery-caption {\n\t\t\t\t\tmargin-left: 0;\n\t\t\t\t}\n\t\t\t\t\/* see gallery_shortcode() in wp-includes\/media.php *\/\n\t\t\t<\/style>\n\t\t<div id='gallery-3' class='dt-gallery-container gallery galleryid-301378 gallery-columns-4 gallery-size-thumbnail'><dl class='gallery-item'>\n\t\t\t\t<dt class='gallery-icon landscape'>\n\t\t\t\t\t<a class=\"rollover rollover-zoom dt-pswp-item\" title=\"6\" data-dt-img-description=\"\" data-large_image_width=\"1461\" data-large_image_height=\"1239\"href='https:\/\/www.radiopiu.net\/wordpress\/wp-content\/uploads\/2022\/10\/6-2.jpg'><img loading=\"lazy\" decoding=\"async\" width=\"150\" height=\"150\" src=\"https:\/\/www.radiopiu.net\/wordpress\/wp-content\/uploads\/2022\/10\/6-2-150x150.jpg\" class=\"attachment-thumbnail size-thumbnail\" alt=\"\" \/><\/a>\n\t\t\t\t<\/dt><\/dl><dl class='gallery-item'>\n\t\t\t\t<dt class='gallery-icon landscape'>\n\t\t\t\t\t<a class=\"rollover rollover-zoom dt-pswp-item\" title=\"4\" data-dt-img-description=\"\" data-large_image_width=\"1600\" data-large_image_height=\"1600\"href='https:\/\/www.radiopiu.net\/wordpress\/wp-content\/uploads\/2022\/10\/4-2.jpg'><img loading=\"lazy\" decoding=\"async\" width=\"150\" height=\"150\" src=\"https:\/\/www.radiopiu.net\/wordpress\/wp-content\/uploads\/2022\/10\/4-2-150x150.jpg\" class=\"attachment-thumbnail size-thumbnail\" alt=\"\" srcset=\"https:\/\/www.radiopiu.net\/wordpress\/wp-content\/uploads\/2022\/10\/4-2-150x150.jpg 150w, https:\/\/www.radiopiu.net\/wordpress\/wp-content\/uploads\/2022\/10\/4-2-300x300.jpg 300w, https:\/\/www.radiopiu.net\/wordpress\/wp-content\/uploads\/2022\/10\/4-2-1024x1024.jpg 1024w, https:\/\/www.radiopiu.net\/wordpress\/wp-content\/uploads\/2022\/10\/4-2-768x768.jpg 768w, https:\/\/www.radiopiu.net\/wordpress\/wp-content\/uploads\/2022\/10\/4-2-1536x1536.jpg 1536w, https:\/\/www.radiopiu.net\/wordpress\/wp-content\/uploads\/2022\/10\/4-2.jpg 1600w\" sizes=\"auto, (max-width: 150px) 100vw, 150px\" \/><\/a>\n\t\t\t\t<\/dt><\/dl><dl class='gallery-item'>\n\t\t\t\t<dt class='gallery-icon landscape'>\n\t\t\t\t\t<a class=\"rollover rollover-zoom dt-pswp-item\" title=\"5\" data-dt-img-description=\"\" data-large_image_width=\"1600\" data-large_image_height=\"1600\"href='https:\/\/www.radiopiu.net\/wordpress\/wp-content\/uploads\/2022\/10\/5-2.jpg'><img loading=\"lazy\" decoding=\"async\" width=\"150\" height=\"150\" src=\"https:\/\/www.radiopiu.net\/wordpress\/wp-content\/uploads\/2022\/10\/5-2-150x150.jpg\" class=\"attachment-thumbnail size-thumbnail\" alt=\"\" srcset=\"https:\/\/www.radiopiu.net\/wordpress\/wp-content\/uploads\/2022\/10\/5-2-150x150.jpg 150w, https:\/\/www.radiopiu.net\/wordpress\/wp-content\/uploads\/2022\/10\/5-2-300x300.jpg 300w, https:\/\/www.radiopiu.net\/wordpress\/wp-content\/uploads\/2022\/10\/5-2-1024x1024.jpg 1024w, https:\/\/www.radiopiu.net\/wordpress\/wp-content\/uploads\/2022\/10\/5-2-768x768.jpg 768w, https:\/\/www.radiopiu.net\/wordpress\/wp-content\/uploads\/2022\/10\/5-2-1536x1536.jpg 1536w, https:\/\/www.radiopiu.net\/wordpress\/wp-content\/uploads\/2022\/10\/5-2.jpg 1600w\" sizes=\"auto, (max-width: 150px) 100vw, 150px\" \/><\/a>\n\t\t\t\t<\/dt><\/dl><dl class='gallery-item'>\n\t\t\t\t<dt class='gallery-icon landscape'>\n\t\t\t\t\t<a class=\"rollover rollover-zoom dt-pswp-item\" title=\"1\" data-dt-img-description=\"\" data-large_image_width=\"1600\" data-large_image_height=\"1600\"href='https:\/\/www.radiopiu.net\/wordpress\/wp-content\/uploads\/2022\/10\/1-3.jpg'><img loading=\"lazy\" decoding=\"async\" width=\"150\" height=\"150\" src=\"https:\/\/www.radiopiu.net\/wordpress\/wp-content\/uploads\/2022\/10\/1-3-150x150.jpg\" class=\"attachment-thumbnail size-thumbnail\" alt=\"\" srcset=\"https:\/\/www.radiopiu.net\/wordpress\/wp-content\/uploads\/2022\/10\/1-3-150x150.jpg 150w, https:\/\/www.radiopiu.net\/wordpress\/wp-content\/uploads\/2022\/10\/1-3-300x300.jpg 300w, https:\/\/www.radiopiu.net\/wordpress\/wp-content\/uploads\/2022\/10\/1-3-1024x1024.jpg 1024w, https:\/\/www.radiopiu.net\/wordpress\/wp-content\/uploads\/2022\/10\/1-3-768x768.jpg 768w, https:\/\/www.radiopiu.net\/wordpress\/wp-content\/uploads\/2022\/10\/1-3-1536x1536.jpg 1536w, https:\/\/www.radiopiu.net\/wordpress\/wp-content\/uploads\/2022\/10\/1-3.jpg 1600w\" sizes=\"auto, (max-width: 150px) 100vw, 150px\" \/><\/a>\n\t\t\t\t<\/dt><\/dl><br style=\"clear: both\" \/>\n\t\t\t<\/div>\n\n<p>&nbsp;<\/p>\n<\/div>\n<div align=\"left\"><\/div>\n<div align=\"left\"><\/div>\n<\/div>\n<p>&nbsp;<\/p>\n<hr \/>\n<p>&nbsp;<\/p>\n<blockquote>\n<h3>EAT VENETO: BUONA LA PRIMA!<\/h3>\n<\/blockquote>\n<p><a class=\"dt-pswp-item\" href=\"https:\/\/www.radiopiu.net\/wordpress\/wp-content\/uploads\/2022\/10\/Eat-Veneto-a-Longarone-Fiere-la-presentazione-dei-prodotti-2.jpg\" data-dt-img-description=\"\" data-large_image_width=\"1500\" data-large_image_height=\"2000\"><img loading=\"lazy\" decoding=\"async\" class=\"wp-image-301435 alignleft\" src=\"https:\/\/www.radiopiu.net\/wordpress\/wp-content\/uploads\/2022\/10\/Eat-Veneto-a-Longarone-Fiere-la-presentazione-dei-prodotti-2-225x300.jpg\" alt=\"\" width=\"121\" height=\"161\" srcset=\"https:\/\/www.radiopiu.net\/wordpress\/wp-content\/uploads\/2022\/10\/Eat-Veneto-a-Longarone-Fiere-la-presentazione-dei-prodotti-2-225x300.jpg 225w, https:\/\/www.radiopiu.net\/wordpress\/wp-content\/uploads\/2022\/10\/Eat-Veneto-a-Longarone-Fiere-la-presentazione-dei-prodotti-2-768x1024.jpg 768w, https:\/\/www.radiopiu.net\/wordpress\/wp-content\/uploads\/2022\/10\/Eat-Veneto-a-Longarone-Fiere-la-presentazione-dei-prodotti-2-1152x1536.jpg 1152w, https:\/\/www.radiopiu.net\/wordpress\/wp-content\/uploads\/2022\/10\/Eat-Veneto-a-Longarone-Fiere-la-presentazione-dei-prodotti-2.jpg 1500w\" sizes=\"auto, (max-width: 121px) 100vw, 121px\" \/><\/a><strong>LONGARONE<\/strong> Grande soddisfazione per EAT VENETO, un network di oltre 40 imprese della filiera enogastronomico-turistica che sono intervenute a Dolomiti HoReCa e hanno partecipato al Buy Veneto dedicato alla montagna. Il programma di matching b2b della Regione del Veneto, e ospitato da Dolomiti Show a Longarone Fiere Dolomiti, gli ha permesso presentare il Progetto di turismo enogastronomico \u201cTaste Veneto\u201d a 21 buyer internazionali del turismo. Per le imprese quella di Longarone \u00e8 stata la prima occasione di avviare trattative commerciali internazionali dirette ad ampio spettro finalizzate alla vendita di prodotti turistici esperienziali. Il turismo enogastronomico \u00e8 una grande risorsa per l\u2019economia veneta e ha tutte le potenzialit\u00e0 per svilupparsi ulteriormente, sia in termini di numeri di turisti e visitatori, che di spesa, di destagionalizzazione dei flussi, e anche di export di prodotti.<\/p>\n<p>&nbsp;<\/p>\n<p>&nbsp;<\/p>\n<hr \/>\n<p>&nbsp;<\/p>\n<blockquote>\n<h3>LAVORI IN CORSO A TAIBON AGORDINO<\/h3>\n<\/blockquote>\n<p><strong>TAIBON\u00a0<\/strong>Sar\u00e0 una settimana caratterizzata dai lavori a Taibon Agordino. Dal 10 al 15 ottobre chiusura al traffico veicolare del tratto di Via Dante Alighieri compreso tra l\u2019intersezione con Via Volpere sino all\u2019intersezione con Via Manzini e l\u2019 istituzione di un senso unico alternato, regolato da impianto semaforico, lungo via Manzini e via Volpere nel tratto compreso tra l\u2019incrocio con Via Dante Alighieri di entrambe le viabilita\u0300.<\/p>\n<p>&nbsp;<\/p>\n<blockquote>\n<h3>VARIAZIONI ALLA LINEA VILLANOVA-AGORDO-LA VALLE PER LAVORI A TAIBON<\/h3>\n<\/blockquote>\n<p><strong><a class=\"dt-pswp-item\" href=\"https:\/\/www.radiopiu.net\/wordpress\/wp-content\/uploads\/2020\/06\/97384eec-d2d4-4e19-bdc9-7845fa51b71c.jpg\" data-dt-img-description=\"\" data-large_image_width=\"2048\" data-large_image_height=\"1536\"><img loading=\"lazy\" decoding=\"async\" class=\"wp-image-144908 alignleft\" src=\"https:\/\/www.radiopiu.net\/wordpress\/wp-content\/uploads\/2020\/06\/97384eec-d2d4-4e19-bdc9-7845fa51b71c-300x225.jpg\" alt=\"\" width=\"188\" height=\"141\" srcset=\"https:\/\/www.radiopiu.net\/wordpress\/wp-content\/uploads\/2020\/06\/97384eec-d2d4-4e19-bdc9-7845fa51b71c-300x225.jpg 300w, https:\/\/www.radiopiu.net\/wordpress\/wp-content\/uploads\/2020\/06\/97384eec-d2d4-4e19-bdc9-7845fa51b71c-1024x768.jpg 1024w, https:\/\/www.radiopiu.net\/wordpress\/wp-content\/uploads\/2020\/06\/97384eec-d2d4-4e19-bdc9-7845fa51b71c-768x576.jpg 768w, https:\/\/www.radiopiu.net\/wordpress\/wp-content\/uploads\/2020\/06\/97384eec-d2d4-4e19-bdc9-7845fa51b71c-1536x1152.jpg 1536w, https:\/\/www.radiopiu.net\/wordpress\/wp-content\/uploads\/2020\/06\/97384eec-d2d4-4e19-bdc9-7845fa51b71c.jpg 2048w\" sizes=\"auto, (max-width: 188px) 100vw, 188px\" \/><\/a>BELLUNO<\/strong> Per lavori di scavo e posa tubazioni della rete gas, il Comune di Taibon Agordino ha disposto la chiusura al traffico veicolare in alcune vie del centro abitato di Taibon. Il servizio della linea extraurbana n. 7 \u201cVillanova\u2013Agordo\u2013La Valle\u201d subir\u00e0 le seguenti variazioni: dalle 7:30 di luned\u00ec 10 ottobre fino alle 17:00 di sabato 15 ottobre, e comunque fino al termine dei lavori, le corse da Agordo a Villanova effettueranno il percorso alternativo Agordo \u2013 San Cipriano \u2013 Strapont \u2013 Taibon Municipio dove attenderanno l\u2019orario di ripartenza previsto in direzione Agordo. La tratta Peden \u2013 Villanova, con le fermate Peden, Peden Casa di riposo e Villanova, sar\u00e0 sospesa.<\/p>\n<p>&nbsp;<\/p>\n<p>&nbsp;<\/p>\n<p>&nbsp;<\/p>\n<p>&nbsp;<\/p>\n<hr \/>\n<p>&nbsp;<\/p>\n<p>&nbsp;<\/p>\n<p><a class=\"dt-pswp-item\" href=\"https:\/\/www.radiopiu.net\/wordpress\/wp-content\/uploads\/2022\/10\/0ab32631-7a74-4c18-8792-cc2ff63cc89f.jpg\" data-dt-img-description=\"\" data-large_image_width=\"800\" data-large_image_height=\"800\"><img loading=\"lazy\" decoding=\"async\" class=\"size-medium wp-image-301456 aligncenter\" src=\"https:\/\/www.radiopiu.net\/wordpress\/wp-content\/uploads\/2022\/10\/0ab32631-7a74-4c18-8792-cc2ff63cc89f-300x300.jpg\" alt=\"\" width=\"300\" height=\"300\" srcset=\"https:\/\/www.radiopiu.net\/wordpress\/wp-content\/uploads\/2022\/10\/0ab32631-7a74-4c18-8792-cc2ff63cc89f-300x300.jpg 300w, https:\/\/www.radiopiu.net\/wordpress\/wp-content\/uploads\/2022\/10\/0ab32631-7a74-4c18-8792-cc2ff63cc89f-150x150.jpg 150w, https:\/\/www.radiopiu.net\/wordpress\/wp-content\/uploads\/2022\/10\/0ab32631-7a74-4c18-8792-cc2ff63cc89f-768x768.jpg 768w, https:\/\/www.radiopiu.net\/wordpress\/wp-content\/uploads\/2022\/10\/0ab32631-7a74-4c18-8792-cc2ff63cc89f.jpg 800w\" sizes=\"auto, (max-width: 300px) 100vw, 300px\" \/><\/a><\/p>\n<p>&nbsp;<\/p>\n<p>&nbsp;<\/p>\n<blockquote class=\"wp-embedded-content\" data-secret=\"fxkrpuKjJ2\"><p><a href=\"https:\/\/www.radiopiu.net\/wordpress\/aziendazeroottobre13\/\">QUASI 6 MILA NUOVE POSITIVITA&#8217; IN 24 ORE, 9 DECESSI E RICOVERI IN LEGGERO CALO<\/a><\/p><\/blockquote>\n<p><iframe loading=\"lazy\" class=\"wp-embedded-content\" sandbox=\"allow-scripts\" security=\"restricted\" style=\"position: absolute; clip: rect(1px, 1px, 1px, 1px);\" title=\"&#8220;QUASI 6 MILA NUOVE POSITIVITA&#8217; IN 24 ORE, 9 DECESSI E RICOVERI IN LEGGERO CALO&#8221; &#8212; Radio Pi\u00f9\" src=\"https:\/\/www.radiopiu.net\/wordpress\/aziendazeroottobre13\/embed\/#?secret=lkJOiZgMpl#?secret=fxkrpuKjJ2\" data-secret=\"fxkrpuKjJ2\" width=\"600\" height=\"338\" frameborder=\"0\" marginwidth=\"0\" marginheight=\"0\" scrolling=\"no\"><\/iframe><\/p>\n<p>&nbsp;<\/p>\n<h2>I GRAFICI DI TIZIANO DE COL<\/h2>\n\n\t\t\t<style type='text\/css'>\n\t\t\t\t#gallery-4 {\n\t\t\t\t\tmargin: auto;\n\t\t\t\t}\n\t\t\t\t#gallery-4 .gallery-item {\n\t\t\t\t\tfloat: left;\n\t\t\t\t\tmargin-top: 10px;\n\t\t\t\t\ttext-align: center;\n\t\t\t\t\twidth: 33%;\n\t\t\t\t}\n\t\t\t\t#gallery-4 img {\n\t\t\t\t\tborder: 2px solid #cfcfcf;\n\t\t\t\t}\n\t\t\t\t#gallery-4 .gallery-caption {\n\t\t\t\t\tmargin-left: 0;\n\t\t\t\t}\n\t\t\t\t\/* see gallery_shortcode() in wp-includes\/media.php *\/\n\t\t\t<\/style>\n\t\t<div id='gallery-4' class='dt-gallery-container gallery galleryid-301378 gallery-columns-3 gallery-size-thumbnail'><dl class='gallery-item'>\n\t\t\t\t<dt class='gallery-icon landscape'>\n\t\t\t\t\t<a class=\"rollover rollover-zoom dt-pswp-item\" title=\"129c0ffc-ed84-4f20-8ca8-df798b1aa4ed\" data-dt-img-description=\"\" data-large_image_width=\"601\" data-large_image_height=\"359\"href='https:\/\/www.radiopiu.net\/wordpress\/wp-content\/uploads\/2022\/10\/129c0ffc-ed84-4f20-8ca8-df798b1aa4ed.jpg'><img loading=\"lazy\" decoding=\"async\" width=\"150\" height=\"150\" src=\"https:\/\/www.radiopiu.net\/wordpress\/wp-content\/uploads\/2022\/10\/129c0ffc-ed84-4f20-8ca8-df798b1aa4ed-150x150.jpg\" class=\"attachment-thumbnail size-thumbnail\" alt=\"\" \/><\/a>\n\t\t\t\t<\/dt><\/dl><dl class='gallery-item'>\n\t\t\t\t<dt class='gallery-icon landscape'>\n\t\t\t\t\t<a class=\"rollover rollover-zoom dt-pswp-item\" title=\"f9eb2caa-cca9-4c7c-a34f-ac38144cb9de\" data-dt-img-description=\"\" data-large_image_width=\"600\" data-large_image_height=\"364\"href='https:\/\/www.radiopiu.net\/wordpress\/wp-content\/uploads\/2022\/10\/f9eb2caa-cca9-4c7c-a34f-ac38144cb9de.jpg'><img loading=\"lazy\" decoding=\"async\" width=\"150\" height=\"150\" src=\"https:\/\/www.radiopiu.net\/wordpress\/wp-content\/uploads\/2022\/10\/f9eb2caa-cca9-4c7c-a34f-ac38144cb9de-150x150.jpg\" class=\"attachment-thumbnail size-thumbnail\" alt=\"\" \/><\/a>\n\t\t\t\t<\/dt><\/dl><dl class='gallery-item'>\n\t\t\t\t<dt class='gallery-icon landscape'>\n\t\t\t\t\t<a class=\"rollover rollover-zoom dt-pswp-item\" title=\"1532d5fa-0462-4587-a43f-ea2adb5921f4\" data-dt-img-description=\"\" data-large_image_width=\"596\" data-large_image_height=\"357\"href='https:\/\/www.radiopiu.net\/wordpress\/wp-content\/uploads\/2022\/10\/1532d5fa-0462-4587-a43f-ea2adb5921f4.jpg'><img loading=\"lazy\" decoding=\"async\" width=\"150\" height=\"150\" src=\"https:\/\/www.radiopiu.net\/wordpress\/wp-content\/uploads\/2022\/10\/1532d5fa-0462-4587-a43f-ea2adb5921f4-150x150.jpg\" class=\"attachment-thumbnail size-thumbnail\" alt=\"\" \/><\/a>\n\t\t\t\t<\/dt><\/dl><br style=\"clear: both\" \/><dl class='gallery-item'>\n\t\t\t\t<dt class='gallery-icon landscape'>\n\t\t\t\t\t<a class=\"rollover rollover-zoom dt-pswp-item\" title=\"f9eb2caa-cca9-4c7c-a34f-ac38144cb9de\" data-dt-img-description=\"\" data-large_image_width=\"600\" data-large_image_height=\"364\"href='https:\/\/www.radiopiu.net\/wordpress\/wp-content\/uploads\/2022\/10\/f9eb2caa-cca9-4c7c-a34f-ac38144cb9de-1.jpg'><img loading=\"lazy\" decoding=\"async\" width=\"150\" height=\"150\" src=\"https:\/\/www.radiopiu.net\/wordpress\/wp-content\/uploads\/2022\/10\/f9eb2caa-cca9-4c7c-a34f-ac38144cb9de-1-150x150.jpg\" class=\"attachment-thumbnail size-thumbnail\" alt=\"\" \/><\/a>\n\t\t\t\t<\/dt><\/dl><dl class='gallery-item'>\n\t\t\t\t<dt class='gallery-icon landscape'>\n\t\t\t\t\t<a class=\"rollover rollover-zoom dt-pswp-item\" title=\"893ceff1-ace5-46a1-a9b8-ee5f61714942\" data-dt-img-description=\"\" data-large_image_width=\"614\" data-large_image_height=\"367\"href='https:\/\/www.radiopiu.net\/wordpress\/wp-content\/uploads\/2022\/10\/893ceff1-ace5-46a1-a9b8-ee5f61714942.jpg'><img loading=\"lazy\" decoding=\"async\" width=\"150\" height=\"150\" src=\"https:\/\/www.radiopiu.net\/wordpress\/wp-content\/uploads\/2022\/10\/893ceff1-ace5-46a1-a9b8-ee5f61714942-150x150.jpg\" class=\"attachment-thumbnail size-thumbnail\" alt=\"\" \/><\/a>\n\t\t\t\t<\/dt><\/dl><dl class='gallery-item'>\n\t\t\t\t<dt class='gallery-icon landscape'>\n\t\t\t\t\t<a class=\"rollover rollover-zoom dt-pswp-item\" title=\"c10af693-8254-4aed-941c-472b9d12e8dd\" data-dt-img-description=\"\" data-large_image_width=\"622\" data-large_image_height=\"359\"href='https:\/\/www.radiopiu.net\/wordpress\/wp-content\/uploads\/2022\/10\/c10af693-8254-4aed-941c-472b9d12e8dd.jpg'><img loading=\"lazy\" decoding=\"async\" width=\"150\" height=\"150\" src=\"https:\/\/www.radiopiu.net\/wordpress\/wp-content\/uploads\/2022\/10\/c10af693-8254-4aed-941c-472b9d12e8dd-150x150.jpg\" class=\"attachment-thumbnail size-thumbnail\" alt=\"\" \/><\/a>\n\t\t\t\t<\/dt><\/dl><br style=\"clear: both\" \/>\n\t\t\t<\/div>\n\n<p>&nbsp;<\/p>\n<hr \/>\n<p>&nbsp;<\/p>\n<blockquote>\n<h4><strong>OTTOBRE ROSA: il calendario degli appuntamenti in Gmeet<\/strong><\/h4>\n<\/blockquote>\n<p><strong>BELLUNO<\/strong>\u00a0 In occasione del mese dedicato alla sensibilizzazione sui tumori al seno, l\u2019Ulss Dolomiti propone una serie di meeting online in Gmeet aperti alla cittadinanza con l\u2019obiettivo di favorire il dialogo con e tra le donne, in collaborazione con le Associazioni ADOS di Belluno e Feltre. Al via\u00a0 oggi\u00a0dalle 18.00 alle 19.00 con il primo incontro online in Gmeet \u201cUn appuntamento speciale: la mammografia (senza segreti)\u201d con due radiologhe esperte &#8211; Elisa Bordin della Radiologia di Belluno ed Elena Fabbro della Radiologia di Feltre. Saranno affrontati i temi della diagnosi raccontando il \u201cdietro le quinte\u201d della mammografia di screening e rispondendo anche alle domande pi\u00f9 frequenti che si pongono le donne. Per partecipare agli incontri: collegarsi al link <a href=\"https:\/\/meet.google.com\/zvv-ecxc-dgm\">https:\/\/meet.google.com\/zvv-ecxc-dgm<\/a><\/p>\n<p>&nbsp;<\/p>\n<hr \/>\n<p>&nbsp;<\/p>\n<blockquote>\n<h4>Consapevolezza del perineo in menopausa: incontro a piccoli gruppi<\/h4>\n<\/blockquote>\n<p><strong>BELLUNO<\/strong>\u00a0 In occasione della giornata mondiale della menopausa, l\u2019Ulss Dolomiti, con l\u2019U.O. di Ginecologia e Ostetricia dell\u2019ospedale di Feltre, organizza un incontro dedicato a questo periodo delicato della vita della donna. L\u2019appuntamento dal titolo \u201cConsapevolezza del perineo in menopausa\u201d si terr\u00e0 marted\u00ec 18 ottobre 2022 presso l\u2019Ospedale Santa Maria del Prato di Feltre \u2013 Atrio U.O. Ginecologia e sar\u00e0 un incontro esperienziale in piccoli gruppi. Per la partecipazione saranno previste due fasce orarie: un primo gruppo dalle 15.00 alle 16.00 e un secondo gruppo dalle 17.00 alle 18.00 (max. 8 partecipanti per gruppo). Per partecipare \u00e8 necessario iscriversi scrivendo a: comunicazione@aulss1.veneto.it<\/p>\n<p>&nbsp;<\/p>\n<hr \/>\n<blockquote>\n<h3>AL VIA SECONDA EDIZIONE DI \u201cTALENTI AL LAVORO\u201d<\/h3>\n<\/blockquote>\n<p><strong><a class=\"dt-pswp-item\" href=\"https:\/\/www.radiopiu.net\/wordpress\/wp-content\/uploads\/2018\/05\/lavoro.jpg\" data-dt-img-description=\"\" data-large_image_width=\"1280\" data-large_image_height=\"720\"><img loading=\"lazy\" decoding=\"async\" class=\" wp-image-49672 alignleft\" src=\"https:\/\/www.radiopiu.net\/wordpress\/wp-content\/uploads\/2018\/05\/lavoro-300x169.jpg\" alt=\"\" width=\"151\" height=\"85\" srcset=\"https:\/\/www.radiopiu.net\/wordpress\/wp-content\/uploads\/2018\/05\/lavoro-300x169.jpg 300w, https:\/\/www.radiopiu.net\/wordpress\/wp-content\/uploads\/2018\/05\/lavoro-768x432.jpg 768w, https:\/\/www.radiopiu.net\/wordpress\/wp-content\/uploads\/2018\/05\/lavoro-1024x576.jpg 1024w, https:\/\/www.radiopiu.net\/wordpress\/wp-content\/uploads\/2018\/05\/lavoro.jpg 1280w\" sizes=\"auto, (max-width: 151px) 100vw, 151px\" \/><\/a>VENEZIA <\/strong>Dopo il successo della prima edizione, che ha visto la partecipazione di 91 Istituti scolastici per un totale di circa 3.000 studenti in tutta la regione, prende il via la seconda edizione di \u201cTalenti al lavoro\u201d, il progetto promosso da Regione del Veneto e Veneto Lavoro con l\u2019obiettivo di avvicinare i giovani studenti in uscita dalle scuole superiori del Veneto al mondo del lavoro. Il progetto prevede una serie di servizi ed eventi finalizzati, da un lato, a trasmettere agli studenti degli ultimi anni delle scuole secondarie di secondo grado e delle scuole della formazione professionale le informazioni utili per un consapevole ingresso nel mercato del lavoro, approfondendo soprattutto l\u2019importanza del curriculum quale strumento fondamentale per la ricerca attiva di lavoro; dall\u2019altro, alla formazione di insegnanti e operatori della scuola sugli strumenti con cui \u00e8 possibile supportare i giovani nell\u2019accesso al mondo del lavoro. Le scuole e gli studenti aderenti potranno partecipare ad un ciclo di webinar, in programma a partire dal 25 ottobre, per conoscere il mercato del lavoro regionale e le sue caratteristiche, imparare come attirare l\u2019attenzione delle aziende attraverso la creazione di un curriculum vitae efficace e utilizzare al meglio gli strumenti e le funzionalit\u00e0 di ricerca delle offerte di lavoro messi a disposizione dal portale ClicLavoro Veneto, oltre a scoprire quali sono le opportunit\u00e0 di formazione disponibili sul territorio dopo il diploma. Gli istituti scolastici e le scuole della formazione professionale interessate ad aderire a \u201cTalenti al lavoro\u201d possono compilare e inoltrare online a Veneto Lavoro la scheda di adesione disponibile nella pagina dedicata di ClicLavoro Veneto, <a href=\"http:\/\/www.cliclavoroveneto.it\/talentiallavoro\">www.cliclavoroveneto.it\/talentiallavoro<\/a>, entro il 18 ottobre 2022.<\/p>\n<p>&nbsp;<\/p>\n<p>&nbsp;<\/p>\n<p>&nbsp;<\/p>\n<hr \/>\n<p>&nbsp;<\/p>\n<blockquote>\n<h3>L&#8217;AMMINISTRAZIONE DI PONTE NELLE ALPI VIENE IN AIUTO AI CITTADINI CON 50 MILA EURO<\/h3>\n<\/blockquote>\n<p><strong><a class=\"dt-pswp-item\" href=\"https:\/\/www.radiopiu.net\/wordpress\/wp-content\/uploads\/2022\/10\/Il_municipio_illuminato-scaled.jpg\" data-dt-img-description=\"\" data-large_image_width=\"2560\" data-large_image_height=\"1920\"><img loading=\"lazy\" decoding=\"async\" class=\" wp-image-301411 alignleft\" src=\"https:\/\/www.radiopiu.net\/wordpress\/wp-content\/uploads\/2022\/10\/Il_municipio_illuminato-300x225.jpg\" alt=\"\" width=\"163\" height=\"122\" srcset=\"https:\/\/www.radiopiu.net\/wordpress\/wp-content\/uploads\/2022\/10\/Il_municipio_illuminato-300x225.jpg 300w, https:\/\/www.radiopiu.net\/wordpress\/wp-content\/uploads\/2022\/10\/Il_municipio_illuminato-1024x768.jpg 1024w, https:\/\/www.radiopiu.net\/wordpress\/wp-content\/uploads\/2022\/10\/Il_municipio_illuminato-768x576.jpg 768w, https:\/\/www.radiopiu.net\/wordpress\/wp-content\/uploads\/2022\/10\/Il_municipio_illuminato-1536x1152.jpg 1536w, https:\/\/www.radiopiu.net\/wordpress\/wp-content\/uploads\/2022\/10\/Il_municipio_illuminato-2048x1536.jpg 2048w\" sizes=\"auto, (max-width: 163px) 100vw, 163px\" \/><\/a>PONTE NELLE ALPI <\/strong>L\u2019amministrazione comunale di Ponte nelle Alpi interviene con un primo finanziamento di 50mila euro a sostegno degli affitti, dei buoni spesa e delle mense scolastiche.<span class=\"gmail-Apple-converted-space\"> \u00a0<\/span>Sostenere i cittadini e le famiglie in questo periodo di difficolt\u00e0 e di aumento delle bollette energetiche \u00e8 una priorit\u00e0 assoluta. Ecco perch\u00e9 la giunta ha approvato ieri una delibera per venire incontro alle istanze di singoli e famiglie, erogando un fondo di solidariet\u00e0 di 50mila euro. La stessa cifra era stata individuata poche settimane fa a supporto della casa di riposo, in seguito all\u2019aumento dei costi di gestione. \u00ab\u00c8 un periodo in cui ci stiamo concentrando su una serie di interventi mirati rispetto alle situazioni di fragilit\u00e0. Anche il bilancio 2023 ne dovr\u00e0 tenere conto\u00bb, ha affermato il sindaco Paolo Vendramini, presentando gli interventi insieme all\u2019assessore al Bilancio, Andrea Pontello.<span class=\"gmail-Apple-converted-space\">\u00a0<\/span>Si tratta di diverse tipologie di sostegno. Come il Fondo Affitti in collaborazione con la Regione Veneto e con finanziamento su base Isee. Diciassettemila euro, invece, saranno legati ai buoni spesa con un indicatore che terr\u00e0 in considerazione l\u2019Isee e l\u2019incidenza delle bollette energetiche.<span class=\"gmail-Apple-converted-space\"> \u00a0<\/span>C\u2019\u00e8 poi una manovra importante di 25mila euro indirizzata ai 400 alunni dell\u2019Istituto comprensivo scolastico, le cui famiglie beneficeranno di un bonus di circa 60 euro da qui al 31 dicembre.<span class=\"gmail-Apple-converted-space\">\u00a0<\/span>Tutte le informazioni necessarie e le domande per l\u2019accesso ai fondi, possono essere richieste all\u2019Ufficio Relazioni con il Pubblico del Comune di Ponte nelle Alpi (0437-985724).<\/p>\n<p>&nbsp;<\/p>\n<p>&nbsp;<\/p>\n<hr \/>\n<p><a class=\"dt-pswp-item\" href=\"https:\/\/www.radiopiu.net\/wordpress\/wp-content\/uploads\/2022\/10\/d3d8fb4c-6927-4010-a67b-4942ee461361.jpg\" data-dt-img-description=\"\" data-large_image_width=\"1075\" data-large_image_height=\"1442\"><img loading=\"lazy\" decoding=\"async\" class=\"size-medium wp-image-301419 alignleft\" src=\"https:\/\/www.radiopiu.net\/wordpress\/wp-content\/uploads\/2022\/10\/d3d8fb4c-6927-4010-a67b-4942ee461361-224x300.jpg\" alt=\"\" width=\"224\" height=\"300\" srcset=\"https:\/\/www.radiopiu.net\/wordpress\/wp-content\/uploads\/2022\/10\/d3d8fb4c-6927-4010-a67b-4942ee461361-224x300.jpg 224w, https:\/\/www.radiopiu.net\/wordpress\/wp-content\/uploads\/2022\/10\/d3d8fb4c-6927-4010-a67b-4942ee461361-763x1024.jpg 763w, https:\/\/www.radiopiu.net\/wordpress\/wp-content\/uploads\/2022\/10\/d3d8fb4c-6927-4010-a67b-4942ee461361-768x1030.jpg 768w, https:\/\/www.radiopiu.net\/wordpress\/wp-content\/uploads\/2022\/10\/d3d8fb4c-6927-4010-a67b-4942ee461361.jpg 1075w\" sizes=\"auto, (max-width: 224px) 100vw, 224px\" \/><\/a><\/p>\n<blockquote>\n<h3>UNA SESSANTINA DI BAMBINI DA TUTTO L&#8217;AGORDINO PER IL PERCORSO BILINGUE FAMIGLIARE<\/h3>\n<\/blockquote>\n<p><strong>REDAZIONE<\/strong> Anche quest&#8217;anno scolastico 60 bimbi da ogni parte dell&#8217;Agordino hanno cominciato il percorso di bilinguismo familiare con i nostri amici draghetti Hocus &amp; Lotus. Buon inizio a tutti i nostri cuccioli per questa fantastica avventura linguistica con Claudia Soppelsa della Oxford School of English Dolomiti.<\/p>\n<p>&nbsp;<\/p>\n<p>&nbsp;<\/p>\n<p>&nbsp;<\/p>\n<p>&nbsp;<\/p>\n<p>&nbsp;<\/p>\n<p>&nbsp;<\/p>\n<hr \/>\n<p>&nbsp;<\/p>\n<blockquote>\n<h3>UN NUOVO BRANO PER PAPA LUCIANI<\/h3>\n<\/blockquote>\n<p><strong>CANALE D&#8217;AGORDO <\/strong>\u201cUna musica per papa Luciani beato\u201d, il progetto del Musal \u2013 Museo Albino Luciani (<a href=\"http:\/\/www.musal.it\/\">www.musal.it<\/a>) si arricchisce di una nuova canzone: si tratta di \u201cAmico che non scorder\u00f2\u201d. brano scritto e cantato da Alberto Lisci che nell&#8217;intervista rilasciata al Musal sottolinea: \u00abLa verit\u00e0 si manifesta nella semplicit\u00e0 e nella purezza del cuore, quello che io ho visto in papa Luciani\u00bb.<\/p>\n<p><iframe loading=\"lazy\" title=\"Una musica per Papa Luciani Beato - Amico che non scorder\u00f2 di Alberto Lisci\" width=\"1200\" height=\"675\" src=\"https:\/\/www.youtube.com\/embed\/I_MNjuJwkkc?feature=oembed\" frameborder=\"0\" allow=\"accelerometer; autoplay; clipboard-write; encrypted-media; gyroscope; picture-in-picture\" allowfullscreen><\/iframe><\/p>\n<p>&nbsp;<\/p>\n<p>&nbsp;<\/p>\n<hr \/>\n<p>&nbsp;<\/p>\n<blockquote>\n<h3>CASERME APERTE, L&#8217;INVITO DEL COMANDO VIGILI DEL FUOCO DI BELLUNO<\/h3>\n<\/blockquote>\n<p><strong><img loading=\"lazy\" decoding=\"async\" class=\"alignleft\" src=\"https:\/\/www.radiopiu.net\/wordpress\/wp-content\/uploads\/2022\/09\/VIGILI-DEL-FUOCO-8.jpg\" width=\"315\" height=\"177\" \/>BELLUNO<\/strong> Nelle giornate di sabato 15 e di domenica 16 ottobre 2022, nell\u2019ambito della IV edizione della \u201cSettimana Nazionale della Protezione Civile\u201d, le sedi permanenti e volontarie dei Vigili del Fuoco della provincia di Belluno saranno aperte alle visite della cittadinanza con orari 10:00 \u2013 12:00 e 15:00 \u2013 18:00. Il personale dei Vigili del Fuoco tanto permanente che volontario, nella propria sede, illustrer\u00e0 ai graditi ospiti i mezzi e le attrezzature di soccorso che utilizza e che permettono tra l\u2019altro di ben rappresentare la molteplicit\u00e0 degli interventi svolti e dei connessi scenari di rischio presenti ed affrontati. A coadiuvare il personale in servizio anche il personale in quiescenza dell\u2019Associazione Nazionale dei Vigili del Fuoco che a sua volta potr\u00e0 recare il proprio ricco bagaglio di esperienze nelle attivit\u00e0 di soccorso tecnico urgente. Nei giorni precedenti sono state tra l\u2019altro anche programmate visite guidate alle sedi VV.F. a favore di diverse scuole della provincia. L\u2019apertura delle caserme dei Vigili del Fuoco ben si colloca nell\u2019ambito della \u201cSettimana Nazionale della Protezione Civile\u201d, iniziativa che si propone lo scopo di sensibilizzare maggiormente i cittadini sul tema della Protezione Civile, onde favorire un approccio pi\u00f9 consapevole verso il nostro territorio e che tenga conto anche delle nuove sfide globali imposte dai cambiamenti climatici, di cui l\u2019apertura delle sedi VV.F. \u00e8 appunto una tra le svariate iniziative organizzate in tale ambito. La cittadinanza \u00e8 quindi invitata a visitare la sede dei Vigili del Fuoco operante nel proprio ambito territoriale sabato 15 e domenica 16 prossimi, alla mattina (10:00 \u2013 12:00) o al pomeriggio (15:00 \u2013 18:00).<\/p>\n<p>&nbsp;<\/p>\n<p>&nbsp;<\/p>\n<p>&nbsp;<\/p>\n<hr \/>\n<p>&nbsp;<\/p>\n<blockquote>\n<h3>IL COMUNE DI FELTRE APRE UN BANDO PER IL SOSTEGNO AGLI AFFITTI<\/h3>\n<\/blockquote>\n<p><strong>FELTRE <\/strong>A seguito di delibera regionale, \u00e8 stato pubblicato il Bando relativo all&#8217;anno 2022 per il sostegno all\u2019accesso alle abitazioni in locazione. Le domande potranno essere recapitate\u00a0 fino alle 11.30 del 7 novembre. Per informazioni \u00e8 possibile chiamare i servizi sociali comunali gestiti da Azienda Feltrina per i Servizi alla Persona tel. 0439 885982.<\/p>\n<p>&nbsp;<\/p>\n<p>&nbsp;<\/p>\n<hr \/>\n<p>&nbsp;<\/p>\n<blockquote>\n<h3>CONCORSO LETTERARIO &#8220;RACCONTARE L&#8217;EMIGRAZIONE VENETA&#8221;<\/h3>\n<\/blockquote>\n<p><strong>BELLUNO\u00a0<\/strong> Prima edizione del concorso letterario \u201cRaccontare l\u2019emigrazione veneta\u201d promosso dall\u2019Associazione Bellunesi nel Mondo. C\u2019\u00e8 tempo infatti fino al 4 novembre per inviare il proprio racconto.\u2028Il concorso \u00e8 dedicato a racconti inediti e originali, reali o di fantasia, in lingua italiana, aventi a tema, appunto, l&#8217;emigrazione veneta, storica e attuale. \u2028La partecipazione, gratuita, \u00e8 aperta a chiunque abbia almeno sedici anni. Una giuria selezioner\u00e0 entro il 25 novembre i dieci racconti finalisti, e tra questi dieci sceglier\u00e0 i primi tre classificati.\u00a0 Per maggiori informazioni \u00e8 inoltre possibile contattare la sede Abm ai seguenti recapiti: tel. 0437 941160; email: <a class=\"moz-txt-link-abbreviated\" href=\"mailto:concorsoemigrazione@bellunesinelmondo.it\">concorsoemigrazione@bellunesinelmondo.it<\/a>.<\/p>\n<p>&nbsp;<\/p>\n<hr \/>\n<p>&nbsp;<\/p>\n<blockquote>\n<h1><span style=\"color: #ff0000;\"><strong>EVENTI AGORDINI\u00a0 NEL FINE SETTIMANA\u00a0 \u00a0<\/strong><\/span><\/h1>\n<\/blockquote>\n<blockquote>\n<h3>SERE D&#8217;AUTUNNO 2022, PRESENTA GIANPAOLO SORATROI<\/h3>\n<\/blockquote>\n<p><strong><a class=\"dt-pswp-item\" href=\"https:\/\/www.radiopiu.net\/wordpress\/wp-content\/uploads\/2022\/10\/DAVIDE_CHIESA_1_-_Copia.jpg\" data-dt-img-description=\"\" data-large_image_width=\"448\" data-large_image_height=\"297\"><img loading=\"lazy\" decoding=\"async\" class=\"wp-image-301364 alignleft\" src=\"https:\/\/www.radiopiu.net\/wordpress\/wp-content\/uploads\/2022\/10\/DAVIDE_CHIESA_1_-_Copia-300x199.jpg\" alt=\"\" width=\"158\" height=\"105\" srcset=\"https:\/\/www.radiopiu.net\/wordpress\/wp-content\/uploads\/2022\/10\/DAVIDE_CHIESA_1_-_Copia-300x199.jpg 300w, https:\/\/www.radiopiu.net\/wordpress\/wp-content\/uploads\/2022\/10\/DAVIDE_CHIESA_1_-_Copia.jpg 448w\" sizes=\"auto, (max-width: 158px) 100vw, 158px\" \/><\/a>AGORDO<\/strong>\u00a0 Oggi alle 20.45 in sala Don Tamis (ingresso libero) seconda serata della rassegna. &#8220;Quando ero bambino sognavo di diventare un albero&#8221;.\u00a0 Merino e il Bosco, e i suoi innumerevoli alberi, i suoi profumi, le sue leggende, la saggezza degli antichi saperi: Merino \u00e8 Magia. Entrare nel suo regno \u00e8 un privilegio e un dono e per lui \u00e8 una missione rivelarcelo. Video vincitore del Premio Custodi delle Terre Alte 2022. Iniziativa GTA (Gruppo Tere Alte &#8211;\u00a0 Comitato Scientifico Centrale &#8211; Club Alpini Italiano).<\/p>\n<p><strong>GIANPAOLO SORATROI ALLA RADIO\u00a0<\/strong><\/p>\n<audio class=\"wp-audio-shortcode\" id=\"audio-301378-4\" preload=\"none\" style=\"width: 100%;\" controls=\"controls\"><source type=\"audio\/mpeg\" src=\"https:\/\/www.radiopiu.net\/wordpress\/wp-content\/uploads\/2022\/10\/GIANPAOLO.mp3?_=4\" \/><a href=\"https:\/\/www.radiopiu.net\/wordpress\/wp-content\/uploads\/2022\/10\/GIANPAOLO.mp3\">https:\/\/www.radiopiu.net\/wordpress\/wp-content\/uploads\/2022\/10\/GIANPAOLO.mp3<\/a><\/audio>\n<p>&nbsp;<\/p>\n<p>&nbsp;<\/p>\n<p><strong>OGGI, DOMANI E DOMENICA<\/strong><\/p>\n<div>\n<div class=\"\" dir=\"auto\">\n<div id=\"jsc_c_1y\" class=\"d2hqwtrz r227ecj6 ez8dtbzv gt60zsk1\" data-ad-comet-preview=\"message\" data-ad-preview=\"message\">\n<div class=\"alzwoclg cqf1kptm siwo0mpr gu5uzgus\">\n<div class=\"jroqu855 nthtkgg5\">\n<div class=\"m8h3af8h l7ghb35v kjdc1dyq kmwttqpk gh25dzvf n3t5jt4f\">\n<div dir=\"auto\">Finalmente ritorna l&#8217;Oktoberfest. Tre giorni di festa in compagnia di buona musica e buon cibo: Canederli, \u00a0Spatzle<\/div>\n<div dir=\"auto\">Stinco con crauti e patate fritte e Buona birra in bicchieri di vetro<\/div>\n<\/div>\n<\/div>\n<\/div>\n<\/div>\n<\/div>\n<\/div>\n<blockquote>\n<h2><a class=\"dt-pswp-item\" href=\"https:\/\/www.radiopiu.net\/wordpress\/wp-content\/uploads\/2022\/09\/306610049_3398892650338616_7875061756741663012_n.jpg\" data-dt-img-description=\"\" data-large_image_width=\"720\" data-large_image_height=\"261\"><img loading=\"lazy\" decoding=\"async\" class=\"wp-image-296989 alignleft\" src=\"https:\/\/www.radiopiu.net\/wordpress\/wp-content\/uploads\/2022\/09\/306610049_3398892650338616_7875061756741663012_n.jpg\" alt=\"\" width=\"185\" height=\"67\" srcset=\"https:\/\/www.radiopiu.net\/wordpress\/wp-content\/uploads\/2022\/09\/306610049_3398892650338616_7875061756741663012_n.jpg 720w, https:\/\/www.radiopiu.net\/wordpress\/wp-content\/uploads\/2022\/09\/306610049_3398892650338616_7875061756741663012_n-300x109.jpg 300w\" sizes=\"auto, (max-width: 185px) 100vw, 185px\" \/><\/a>PROLOCO DI RIVAMONTE AGORDINO<\/h2>\n<\/blockquote>\n<p><strong>ALLA RADIO&#8230; GIACOMO E ALDO<\/strong><\/p>\n<audio class=\"wp-audio-shortcode\" id=\"audio-301378-5\" preload=\"none\" style=\"width: 100%;\" controls=\"controls\"><source type=\"audio\/mpeg\" src=\"https:\/\/www.radiopiu.net\/wordpress\/wp-content\/uploads\/2022\/10\/RIVA-L-OKTOBERFEST-2022-1.mp3?_=5\" \/><a href=\"https:\/\/www.radiopiu.net\/wordpress\/wp-content\/uploads\/2022\/10\/RIVA-L-OKTOBERFEST-2022-1.mp3\">https:\/\/www.radiopiu.net\/wordpress\/wp-content\/uploads\/2022\/10\/RIVA-L-OKTOBERFEST-2022-1.mp3<\/a><\/audio>\n<div>\n<div class=\"\" dir=\"auto\">\n<div id=\"jsc_c_1y\" class=\"d2hqwtrz r227ecj6 ez8dtbzv gt60zsk1\" data-ad-comet-preview=\"message\" data-ad-preview=\"message\">\n<div class=\"alzwoclg cqf1kptm siwo0mpr gu5uzgus\">\n<div class=\"jroqu855 nthtkgg5\">\n<div class=\"m8h3af8h l7ghb35v kjdc1dyq kmwttqpk gh25dzvf n3t5jt4f\">\n<div dir=\"auto\"><\/div>\n<div dir=\"auto\"><\/div>\n<\/div>\n<\/div>\n<\/div>\n<\/div>\n<\/div>\n<\/div>\n<blockquote>\n<h3><a class=\"dt-pswp-item\" href=\"https:\/\/www.radiopiu.net\/wordpress\/wp-content\/uploads\/2021\/07\/SALA-DON-TAMIS.png\" data-dt-img-description=\"\" data-large_image_width=\"1354\" data-large_image_height=\"920\"><img loading=\"lazy\" decoding=\"async\" class=\"wp-image-220859 alignleft\" src=\"https:\/\/www.radiopiu.net\/wordpress\/wp-content\/uploads\/2021\/07\/SALA-DON-TAMIS-300x204.png\" alt=\"\" width=\"149\" height=\"101\" srcset=\"https:\/\/www.radiopiu.net\/wordpress\/wp-content\/uploads\/2021\/07\/SALA-DON-TAMIS-300x204.png 300w, https:\/\/www.radiopiu.net\/wordpress\/wp-content\/uploads\/2021\/07\/SALA-DON-TAMIS-1024x696.png 1024w, https:\/\/www.radiopiu.net\/wordpress\/wp-content\/uploads\/2021\/07\/SALA-DON-TAMIS-768x522.png 768w, https:\/\/www.radiopiu.net\/wordpress\/wp-content\/uploads\/2021\/07\/SALA-DON-TAMIS.png 1354w\" sizes=\"auto, (max-width: 149px) 100vw, 149px\" \/><\/a>DOMANI SECONDO APPUNTAMENTO A FIRMA ROBERTO FAVERO<\/h3>\n<\/blockquote>\n<p><em>In sala Don Tamis, seconda delle tre conferenze sulla storia del colore con Gianni Barbazza di pig&amp;menti\u00a0<\/em><\/p>\n<p><strong>ALLA RADIO<\/strong><\/p>\n<audio class=\"wp-audio-shortcode\" id=\"audio-301378-6\" preload=\"none\" style=\"width: 100%;\" controls=\"controls\"><source type=\"audio\/mpeg\" src=\"https:\/\/www.radiopiu.net\/wordpress\/wp-content\/uploads\/2022\/10\/RENZO-BARBAZZA.mp3?_=6\" \/><a href=\"https:\/\/www.radiopiu.net\/wordpress\/wp-content\/uploads\/2022\/10\/RENZO-BARBAZZA.mp3\">https:\/\/www.radiopiu.net\/wordpress\/wp-content\/uploads\/2022\/10\/RENZO-BARBAZZA.mp3<\/a><\/audio>\n<p>&nbsp;<\/p>\n<p>&nbsp;<\/p>\n<blockquote>\n<h3>EVENTI AUTUNNALI IN VAL PETTORINA<\/h3>\n<\/blockquote>\n<p><strong>ROCCA PIETORE<\/strong> fra i\u00a0 boschi dipinti dei colori dell&#8217;autunno\u00a0 I prossimi appuntamenti sono:\u00a0 Domani\u00a0 pomeriggio Per tutti i dettagli\u00a0 <span class=\"fxk3tzhb b2rh1bv3 gh55jysx m8h3af8h ewco64xe kjdc1dyq ms56khn7 bq6c9xl4 eohcrkr5 akh3l2rg\"><img loading=\"lazy\" decoding=\"async\" src=\"https:\/\/static.xx.fbcdn.net\/images\/emoji.php\/v9\/t4d\/1\/16\/1f4de.png\" alt=\"&#x1f4de;\" width=\"16\" height=\"16\" \/><\/span> 340 894 4032 Elena e Sara<a class=\"dt-pswp-item\" href=\"https:\/\/www.radiopiu.net\/wordpress\/wp-content\/uploads\/2022\/10\/1409872327879275310.jpg\" data-dt-img-description=\"\" data-large_image_width=\"500\" data-large_image_height=\"261\">\u00a0<\/a><\/p>\n<div class=\"m8h3af8h l7ghb35v kjdc1dyq kmwttqpk gh25dzvf n3t5jt4f\">\n<div dir=\"auto\">\n<p><strong>OSPITI: Sara Darman ed Elena Simeonato<\/strong><\/p>\n<audio class=\"wp-audio-shortcode\" id=\"audio-301378-7\" preload=\"none\" style=\"width: 100%;\" controls=\"controls\"><source type=\"audio\/mpeg\" src=\"https:\/\/www.radiopiu.net\/wordpress\/wp-content\/uploads\/2022\/09\/sara-darman-elena-simionato-passeggiate-marmolada.mp3?_=7\" \/><a href=\"https:\/\/www.radiopiu.net\/wordpress\/wp-content\/uploads\/2022\/09\/sara-darman-elena-simionato-passeggiate-marmolada.mp3\">https:\/\/www.radiopiu.net\/wordpress\/wp-content\/uploads\/2022\/09\/sara-darman-elena-simionato-passeggiate-marmolada.mp3<\/a><\/audio>\n<p>&nbsp;<\/p>\n\n\t\t\t<style type='text\/css'>\n\t\t\t\t#gallery-5 {\n\t\t\t\t\tmargin: auto;\n\t\t\t\t}\n\t\t\t\t#gallery-5 .gallery-item {\n\t\t\t\t\tfloat: left;\n\t\t\t\t\tmargin-top: 10px;\n\t\t\t\t\ttext-align: center;\n\t\t\t\t\twidth: 33%;\n\t\t\t\t}\n\t\t\t\t#gallery-5 img {\n\t\t\t\t\tborder: 2px solid #cfcfcf;\n\t\t\t\t}\n\t\t\t\t#gallery-5 .gallery-caption {\n\t\t\t\t\tmargin-left: 0;\n\t\t\t\t}\n\t\t\t\t\/* see gallery_shortcode() in wp-includes\/media.php *\/\n\t\t\t<\/style>\n\t\t<div id='gallery-5' class='dt-gallery-container gallery galleryid-301378 gallery-columns-3 gallery-size-thumbnail'><dl class='gallery-item'>\n\t\t\t\t<dt class='gallery-icon landscape'>\n\t\t\t\t\t<a class=\"rollover rollover-zoom dt-pswp-item\" title=\"b5e996c7-e2e6-4fec-9337-cd086d266e7f\" data-dt-img-description=\"\" data-large_image_width=\"1080\" data-large_image_height=\"1080\"href='https:\/\/www.radiopiu.net\/wordpress\/wp-content\/uploads\/2022\/09\/b5e996c7-e2e6-4fec-9337-cd086d266e7f.jpg'><img loading=\"lazy\" decoding=\"async\" width=\"150\" height=\"150\" src=\"https:\/\/www.radiopiu.net\/wordpress\/wp-content\/uploads\/2022\/09\/b5e996c7-e2e6-4fec-9337-cd086d266e7f-150x150.jpg\" class=\"attachment-thumbnail size-thumbnail\" alt=\"\" srcset=\"https:\/\/www.radiopiu.net\/wordpress\/wp-content\/uploads\/2022\/09\/b5e996c7-e2e6-4fec-9337-cd086d266e7f-150x150.jpg 150w, https:\/\/www.radiopiu.net\/wordpress\/wp-content\/uploads\/2022\/09\/b5e996c7-e2e6-4fec-9337-cd086d266e7f-300x300.jpg 300w, https:\/\/www.radiopiu.net\/wordpress\/wp-content\/uploads\/2022\/09\/b5e996c7-e2e6-4fec-9337-cd086d266e7f-1024x1024.jpg 1024w, https:\/\/www.radiopiu.net\/wordpress\/wp-content\/uploads\/2022\/09\/b5e996c7-e2e6-4fec-9337-cd086d266e7f-768x768.jpg 768w, https:\/\/www.radiopiu.net\/wordpress\/wp-content\/uploads\/2022\/09\/b5e996c7-e2e6-4fec-9337-cd086d266e7f.jpg 1080w\" sizes=\"auto, (max-width: 150px) 100vw, 150px\" \/><\/a>\n\t\t\t\t<\/dt><\/dl><dl class='gallery-item'>\n\t\t\t\t<dt class='gallery-icon landscape'>\n\t\t\t\t\t<a class=\"rollover rollover-zoom dt-pswp-item\" title=\"062d597d-f973-4277-9cc6-f67c6d992e99\" data-dt-img-description=\"\" data-large_image_width=\"1080\" data-large_image_height=\"1080\"href='https:\/\/www.radiopiu.net\/wordpress\/wp-content\/uploads\/2022\/09\/062d597d-f973-4277-9cc6-f67c6d992e99.jpg'><img loading=\"lazy\" decoding=\"async\" width=\"150\" height=\"150\" src=\"https:\/\/www.radiopiu.net\/wordpress\/wp-content\/uploads\/2022\/09\/062d597d-f973-4277-9cc6-f67c6d992e99-150x150.jpg\" class=\"attachment-thumbnail size-thumbnail\" alt=\"\" srcset=\"https:\/\/www.radiopiu.net\/wordpress\/wp-content\/uploads\/2022\/09\/062d597d-f973-4277-9cc6-f67c6d992e99-150x150.jpg 150w, https:\/\/www.radiopiu.net\/wordpress\/wp-content\/uploads\/2022\/09\/062d597d-f973-4277-9cc6-f67c6d992e99-300x300.jpg 300w, https:\/\/www.radiopiu.net\/wordpress\/wp-content\/uploads\/2022\/09\/062d597d-f973-4277-9cc6-f67c6d992e99-1024x1024.jpg 1024w, https:\/\/www.radiopiu.net\/wordpress\/wp-content\/uploads\/2022\/09\/062d597d-f973-4277-9cc6-f67c6d992e99-768x768.jpg 768w, https:\/\/www.radiopiu.net\/wordpress\/wp-content\/uploads\/2022\/09\/062d597d-f973-4277-9cc6-f67c6d992e99.jpg 1080w\" sizes=\"auto, (max-width: 150px) 100vw, 150px\" \/><\/a>\n\t\t\t\t<\/dt><\/dl><dl class='gallery-item'>\n\t\t\t\t<dt class='gallery-icon landscape'>\n\t\t\t\t\t<a class=\"rollover rollover-zoom dt-pswp-item\" title=\"ada9c7a0-4d54-4873-82d4-41f5480668d3\" data-dt-img-description=\"\" data-large_image_width=\"1080\" data-large_image_height=\"1080\"href='https:\/\/www.radiopiu.net\/wordpress\/wp-content\/uploads\/2022\/09\/ada9c7a0-4d54-4873-82d4-41f5480668d3.jpg'><img loading=\"lazy\" decoding=\"async\" width=\"150\" height=\"150\" src=\"https:\/\/www.radiopiu.net\/wordpress\/wp-content\/uploads\/2022\/09\/ada9c7a0-4d54-4873-82d4-41f5480668d3-150x150.jpg\" class=\"attachment-thumbnail size-thumbnail\" alt=\"\" srcset=\"https:\/\/www.radiopiu.net\/wordpress\/wp-content\/uploads\/2022\/09\/ada9c7a0-4d54-4873-82d4-41f5480668d3-150x150.jpg 150w, https:\/\/www.radiopiu.net\/wordpress\/wp-content\/uploads\/2022\/09\/ada9c7a0-4d54-4873-82d4-41f5480668d3-300x300.jpg 300w, https:\/\/www.radiopiu.net\/wordpress\/wp-content\/uploads\/2022\/09\/ada9c7a0-4d54-4873-82d4-41f5480668d3-1024x1024.jpg 1024w, https:\/\/www.radiopiu.net\/wordpress\/wp-content\/uploads\/2022\/09\/ada9c7a0-4d54-4873-82d4-41f5480668d3-768x768.jpg 768w, https:\/\/www.radiopiu.net\/wordpress\/wp-content\/uploads\/2022\/09\/ada9c7a0-4d54-4873-82d4-41f5480668d3.jpg 1080w\" sizes=\"auto, (max-width: 150px) 100vw, 150px\" \/><\/a>\n\t\t\t\t<\/dt><\/dl><br style=\"clear: both\" \/>\n\t\t\t<\/div>\n\n<p>&nbsp;<\/p>\n<\/div>\n<\/div>\n<p>&nbsp;<\/p>\n<blockquote>\n<h3>\u00a0 \u00a0 \u00a0 \u00a0 \u00a0 \u00a0 \u00a0 \u00a0 \u00a0 \u00a0 \u00a0 \u00a0 \u00a0DOMENICA 18^ EDIZIONE DEI CORI DEI BAMBINI,<\/h3>\n<\/blockquote>\n<p><strong><a class=\"dt-pswp-item\" href=\"https:\/\/www.radiopiu.net\/wordpress\/wp-content\/uploads\/2022\/10\/310122743_498244062313104_3169098356255353643_n.jpg\" data-dt-img-description=\"\" data-large_image_width=\"720\" data-large_image_height=\"540\"><img loading=\"lazy\" decoding=\"async\" class=\"wp-image-301505 alignleft\" src=\"https:\/\/www.radiopiu.net\/wordpress\/wp-content\/uploads\/2022\/10\/310122743_498244062313104_3169098356255353643_n-300x225.jpg\" alt=\"\" width=\"153\" height=\"115\" srcset=\"https:\/\/www.radiopiu.net\/wordpress\/wp-content\/uploads\/2022\/10\/310122743_498244062313104_3169098356255353643_n-300x225.jpg 300w, https:\/\/www.radiopiu.net\/wordpress\/wp-content\/uploads\/2022\/10\/310122743_498244062313104_3169098356255353643_n.jpg 720w\" sizes=\"auto, (max-width: 153px) 100vw, 153px\" \/><\/a>DI LORENZO SORATROI<\/strong><\/p>\n<audio class=\"wp-audio-shortcode\" id=\"audio-301378-8\" preload=\"none\" style=\"width: 100%;\" controls=\"controls\"><source type=\"audio\/mpeg\" src=\"https:\/\/www.radiopiu.net\/wordpress\/wp-content\/uploads\/2022\/10\/LORENZO-CIANTA.mp3?_=8\" \/><a href=\"https:\/\/www.radiopiu.net\/wordpress\/wp-content\/uploads\/2022\/10\/LORENZO-CIANTA.mp3\">https:\/\/www.radiopiu.net\/wordpress\/wp-content\/uploads\/2022\/10\/LORENZO-CIANTA.mp3<\/a><\/audio>\n<p><strong>\u00a0ALLA RADIO voce Moreno Tocchetto<\/strong><\/p>\n<audio class=\"wp-audio-shortcode\" id=\"audio-301378-9\" preload=\"none\" style=\"width: 100%;\" controls=\"controls\"><source type=\"audio\/mpeg\" src=\"https:\/\/www.radiopiu.net\/wordpress\/wp-content\/uploads\/2022\/10\/UNION-DE-LADINES-MUSICATO_1.mp3?_=9\" \/><a href=\"https:\/\/www.radiopiu.net\/wordpress\/wp-content\/uploads\/2022\/10\/UNION-DE-LADINES-MUSICATO_1.mp3\">https:\/\/www.radiopiu.net\/wordpress\/wp-content\/uploads\/2022\/10\/UNION-DE-LADINES-MUSICATO_1.mp3<\/a><\/audio>\n<p>&nbsp;<\/p>\n<blockquote>\n<h3><a class=\"dt-pswp-item\" href=\"https:\/\/www.radiopiu.net\/wordpress\/wp-content\/uploads\/2018\/03\/CARESTIATO.jpg\" data-dt-img-description=\"\" data-large_image_width=\"275\" data-large_image_height=\"183\"><img loading=\"lazy\" decoding=\"async\" class=\"wp-image-45413 alignleft\" src=\"https:\/\/www.radiopiu.net\/wordpress\/wp-content\/uploads\/2018\/03\/CARESTIATO.jpg\" alt=\"\" width=\"122\" height=\"81\" \/><\/a>DOMENICA SOTTO ALLA MOIAZZA, RIFUGIO CARESTIATO: LA FESTA!<\/h3>\n<\/blockquote>\n<audio class=\"wp-audio-shortcode\" id=\"audio-301378-10\" preload=\"none\" style=\"width: 100%;\" controls=\"controls\"><source type=\"audio\/mpeg\" src=\"https:\/\/www.radiopiu.net\/wordpress\/wp-content\/uploads\/2022\/10\/CARESTIATO-CON-MUSICA.mp3?_=10\" \/><a href=\"https:\/\/www.radiopiu.net\/wordpress\/wp-content\/uploads\/2022\/10\/CARESTIATO-CON-MUSICA.mp3\">https:\/\/www.radiopiu.net\/wordpress\/wp-content\/uploads\/2022\/10\/CARESTIATO-CON-MUSICA.mp3<\/a><\/audio>\n<p>&nbsp;<\/p>\n<p>&nbsp;<\/p>\n<blockquote>\n<h3>DOMENICA 23 OTTOBRE LA GRANDE FESTA ALLA FABBRICA IN PEDAVENA DI LA VALLE<\/h3>\n<\/blockquote>\n<p><a class=\"dt-pswp-item\" href=\"https:\/\/www.radiopiu.net\/wordpress\/wp-content\/uploads\/2022\/09\/be36ec51-e02a-4ee2-8c75-860605e2253f.jpg\" data-dt-img-description=\"\" data-large_image_width=\"1200\" data-large_image_height=\"628\"><img loading=\"lazy\" decoding=\"async\" class=\"aligncenter wp-image-296751 size-medium\" src=\"https:\/\/www.radiopiu.net\/wordpress\/wp-content\/uploads\/2022\/09\/be36ec51-e02a-4ee2-8c75-860605e2253f-300x157.jpg\" alt=\"\" width=\"300\" height=\"157\" srcset=\"https:\/\/www.radiopiu.net\/wordpress\/wp-content\/uploads\/2022\/09\/be36ec51-e02a-4ee2-8c75-860605e2253f-300x157.jpg 300w, https:\/\/www.radiopiu.net\/wordpress\/wp-content\/uploads\/2022\/09\/be36ec51-e02a-4ee2-8c75-860605e2253f-1024x536.jpg 1024w, https:\/\/www.radiopiu.net\/wordpress\/wp-content\/uploads\/2022\/09\/be36ec51-e02a-4ee2-8c75-860605e2253f-768x402.jpg 768w, https:\/\/www.radiopiu.net\/wordpress\/wp-content\/uploads\/2022\/09\/be36ec51-e02a-4ee2-8c75-860605e2253f.jpg 1200w\" sizes=\"auto, (max-width: 300px) 100vw, 300px\" \/><\/a><\/p>\n<p>&nbsp;<\/p>\n<p>&nbsp;<\/p>\n<p>&nbsp;<\/p>\n<blockquote>\n<h3>UNA NUOVA STAGIONE PER LO SKI COLLEGE VENETO<\/h3>\n<p><a class=\"dt-pswp-item\" href=\"https:\/\/www.radiopiu.net\/wordpress\/wp-content\/uploads\/2022\/10\/Senza-nome-20.jpg\" data-dt-img-description=\"\" data-large_image_width=\"736\" data-large_image_height=\"302\"><img loading=\"lazy\" decoding=\"async\" class=\"size-medium wp-image-300994 aligncenter\" src=\"https:\/\/www.radiopiu.net\/wordpress\/wp-content\/uploads\/2022\/10\/Senza-nome-20-300x123.jpg\" alt=\"\" width=\"300\" height=\"123\" srcset=\"https:\/\/www.radiopiu.net\/wordpress\/wp-content\/uploads\/2022\/10\/Senza-nome-20-300x123.jpg 300w, https:\/\/www.radiopiu.net\/wordpress\/wp-content\/uploads\/2022\/10\/Senza-nome-20.jpg 736w\" sizes=\"auto, (max-width: 300px) 100vw, 300px\" \/><\/a><\/p><\/blockquote>\n<div><span style=\"font-family: verdana, sans-serif;\"><b>FALCADE\u00a0 <\/b>Domenica verranno presentati i programmi e le squadre dello Ski College Veneto Falcade per la stagione agonistica 2022-2023. L&#8217;appuntamento \u00e8 fissato per le ore 16 alla Sala Polifunzionale Dolomiti di via Trieste 24 a Falcade (Belluno).\u00a0<\/span><\/div>\n<p>&nbsp;<\/p>\n<p>&nbsp;<\/p>\n<blockquote>\n<h3><a class=\"dt-pswp-item\" href=\"https:\/\/www.radiopiu.net\/wordpress\/wp-content\/uploads\/2022\/10\/th-3.jpg\" data-dt-img-description=\"\" data-large_image_width=\"474\" data-large_image_height=\"315\"><img loading=\"lazy\" decoding=\"async\" class=\"wp-image-301009 alignleft\" src=\"https:\/\/www.radiopiu.net\/wordpress\/wp-content\/uploads\/2022\/10\/th-3-300x199.jpg\" alt=\"\" width=\"157\" height=\"104\" srcset=\"https:\/\/www.radiopiu.net\/wordpress\/wp-content\/uploads\/2022\/10\/th-3-300x199.jpg 300w, https:\/\/www.radiopiu.net\/wordpress\/wp-content\/uploads\/2022\/10\/th-3.jpg 474w\" sizes=\"auto, (max-width: 157px) 100vw, 157px\" \/><\/a>IN VIAGGIO CON LE FIAT 500 D&#8217;EPOCA<\/h3>\n<\/blockquote>\n<p><strong>BELLUNO<\/strong> Gita di ottobre con le 500 domenica,\u00a0 con ritrovo a Sedico alle 9. E\u2019 possibile aggregarsi al gruppo anche lungo il percorso. Dopo Feltre la carovana salir\u00e0 a\u00a0 Fiera di Primiero, quindi a Gosaldo.\u00a0 Il pranzo a Rivamonte dove\u00a0 alle 12,30 \u00a0al Riva Oktoberfest\u00a0 Informazioni\u00a0 Giulio Pirolo 3391339800 \u2013 mail pirolo.giulio@simg.it<\/p>\n<p>&nbsp;<\/p>\n<p>&nbsp;<\/p>\n<p>&nbsp;<\/p>\n<hr \/>\n<p>&nbsp;<\/p>\n<blockquote>\n<h3>LE GIORNATE D&#8217;AUTUNNO DEL FAI FANNO TAPPA A MEL<\/h3>\n<\/blockquote>\n<p><strong><a class=\"dt-pswp-item\" href=\"https:\/\/www.radiopiu.net\/wordpress\/wp-content\/uploads\/2022\/10\/Conferenza-Stampa-FAI-Gioavni.jpg\" data-dt-img-description=\"\" data-large_image_width=\"2048\" data-large_image_height=\"1536\"><img loading=\"lazy\" decoding=\"async\" class=\" wp-image-300292 alignleft\" src=\"https:\/\/www.radiopiu.net\/wordpress\/wp-content\/uploads\/2022\/10\/Conferenza-Stampa-FAI-Gioavni-300x225.jpg\" alt=\"\" width=\"152\" height=\"114\" srcset=\"https:\/\/www.radiopiu.net\/wordpress\/wp-content\/uploads\/2022\/10\/Conferenza-Stampa-FAI-Gioavni-300x225.jpg 300w, https:\/\/www.radiopiu.net\/wordpress\/wp-content\/uploads\/2022\/10\/Conferenza-Stampa-FAI-Gioavni-1024x768.jpg 1024w, https:\/\/www.radiopiu.net\/wordpress\/wp-content\/uploads\/2022\/10\/Conferenza-Stampa-FAI-Gioavni-768x576.jpg 768w, https:\/\/www.radiopiu.net\/wordpress\/wp-content\/uploads\/2022\/10\/Conferenza-Stampa-FAI-Gioavni-1536x1152.jpg 1536w, https:\/\/www.radiopiu.net\/wordpress\/wp-content\/uploads\/2022\/10\/Conferenza-Stampa-FAI-Gioavni.jpg 2048w\" sizes=\"auto, (max-width: 152px) 100vw, 152px\" \/><\/a><\/strong><strong>ALLA SCOPERTA DELLA CASA PI\u00d9 ANTICA DI MEL: PALAZZO FRANCESCON<\/strong><\/p>\n<p>Gli orari <strong>Sabato: <\/strong>09:00 &#8211; 12:30 \/ 14:30 \u2013 17:00. Turni di visita ogni 20 minuti per piccoli gruppi di massimo 12 persone. I gruppi saranno formati al banco, in base all&#8217;ordine di arrivo. Durata della visita circa 45 minuti. <strong>Domenica: <\/strong>09:00 &#8211; 12:30 \/ 14:30 \u2013 17:00. Turni di visita ogni 20 minuti per piccoli gruppi di massimo 12 persone. I gruppi saranno formati al banco, in base all&#8217;ordine di arrivo. Durata della visita circa 45 minuti.<\/p>\n<p><strong>alla radio &#8230;. LA PRESENTAZIONE DI ENRICA RAOTA<\/strong><\/p>\n<audio class=\"wp-audio-shortcode\" id=\"audio-301378-11\" preload=\"none\" style=\"width: 100%;\" controls=\"controls\"><source type=\"audio\/mpeg\" src=\"https:\/\/www.radiopiu.net\/wordpress\/wp-content\/uploads\/2022\/10\/giornate-fai.mp3?_=11\" \/><a href=\"https:\/\/www.radiopiu.net\/wordpress\/wp-content\/uploads\/2022\/10\/giornate-fai.mp3\">https:\/\/www.radiopiu.net\/wordpress\/wp-content\/uploads\/2022\/10\/giornate-fai.mp3<\/a><\/audio>\n<p>&nbsp;<\/p>\n<hr \/>\n<p>&nbsp;<\/p>\n<blockquote>\n<h3>A BELLUNO SI PARLA DELLA GESTIONE PERIOPERATORIA DELL&#8217;ANZIANO FRAGILE<\/h3>\n<\/blockquote>\n<p><strong><a class=\"dt-pswp-item\" href=\"https:\/\/www.radiopiu.net\/wordpress\/wp-content\/uploads\/2022\/10\/Senza-nome-13.jpg\" data-dt-img-description=\"\" data-large_image_width=\"203\" data-large_image_height=\"158\"><img loading=\"lazy\" decoding=\"async\" class=\"size-full wp-image-300279 alignright\" src=\"https:\/\/www.radiopiu.net\/wordpress\/wp-content\/uploads\/2022\/10\/Senza-nome-13.jpg\" alt=\"\" width=\"203\" height=\"158\" \/><\/a>BELLUNO<\/strong> \u00c8 in programma per domani al Teatro Giovanni XXIII una serata organizzata dall&#8217;Ordine dei medici chirurghi e odontoiatri della provincia di Belluno. &#8220;La gestione perioperatoria dell&#8217;anziano fragile&#8221; il titolo dell&#8217;incontro che si terr\u00e0 a partire dalle 18. Ad aprire la giornata un incontro aperto a tutti sule cure di lungo termine nel sostegno della fragilit\u00e0 anziana con Luigi Guglielmi, giornalista dell&#8217;Amico Del Popolo, il dottor Massimiliano Mosca, geriatra, e la dottoressa Lucia Omiciuolo, direttore dell&#8217;Unit\u00e0 Opertiva di geriatria dell&#8217;ospedale di Feltre. Alle 18:30 lo spettacolo teatrale &#8220;Mamma a carico. Mia figlia ha 90 anni&#8221; di e con Gianna Coletti per la regia di Gabriele Scotti.<\/p>\n<p><strong>L&#8217;ATTRICE GIANNA COLETTI ALLA RADIO\u00a0<\/strong><\/p>\n<audio class=\"wp-audio-shortcode\" id=\"audio-301378-12\" preload=\"none\" style=\"width: 100%;\" controls=\"controls\"><source type=\"audio\/mpeg\" src=\"https:\/\/www.radiopiu.net\/wordpress\/wp-content\/uploads\/2022\/10\/gianna-coletti.mp3?_=12\" \/><a href=\"https:\/\/www.radiopiu.net\/wordpress\/wp-content\/uploads\/2022\/10\/gianna-coletti.mp3\">https:\/\/www.radiopiu.net\/wordpress\/wp-content\/uploads\/2022\/10\/gianna-coletti.mp3<\/a><\/audio>\n<p>&nbsp;<\/p>\n<p>&nbsp;<\/p>\n<p>&nbsp;<\/p>\n<hr \/>\n<blockquote>\n<h3>COME SI FANNO LE COSE, CON MARCO DE MARTIN E LUIGI BUDEL<\/h3>\n<\/blockquote>\n<p><strong><img loading=\"lazy\" decoding=\"async\" class=\"alignleft\" src=\"https:\/\/www.radiopiu.net\/wordpress\/wp-content\/uploads\/2022\/10\/Senza-nome-30.jpg\" width=\"245\" height=\"160\" \/>BELLUNO\u00a0<\/strong> C&#8217;\u00e8 molta attesa in provincia per l&#8217;evento di domani alle 21 al Teatro Comunale di Belluno. Le luci della ribalta si accenderanno per Marco De Martin Modolado e Luigi Budel per la regia di Cristina Gianni. Uno spettacolo\u00a0 tratto dal romanzo di Antonio G. Bortoluzzi, editore Marsilio. Prima assoluta nazionale. Evento organizzato in collaborazione con la rassegna Il mese del libro e con il patrocinio del Comune di Alpago. I due protagonisti, Valentino e Massimo, amici e colleghi di fabbrica, progettano, attraverso un furto con destrezza, di realizzare il sogno della loro vita: abbandonare il logorio e le miserie della fabbrica e rilevare l&#8217;agriturismo \u201cMonteparadiso\u201d nella foresta del Cansiglio.<\/p>\n<p><strong>AI MICROFONI DI RADIO PIU&#8217;, MARCO DE MARTIN MODOLADO<\/strong><\/p>\n<audio class=\"wp-audio-shortcode\" id=\"audio-301378-13\" preload=\"none\" style=\"width: 100%;\" controls=\"controls\"><source type=\"audio\/mpeg\" src=\"https:\/\/www.radiopiu.net\/wordpress\/wp-content\/uploads\/2022\/10\/marco-de-martin.mp3?_=13\" \/><a href=\"https:\/\/www.radiopiu.net\/wordpress\/wp-content\/uploads\/2022\/10\/marco-de-martin.mp3\">https:\/\/www.radiopiu.net\/wordpress\/wp-content\/uploads\/2022\/10\/marco-de-martin.mp3<\/a><\/audio>\n<p>&nbsp;<\/p>\n<p>&nbsp;<\/p>\n<hr \/>\n<p>&nbsp;<\/p>\n<div>\n<blockquote><p><span style=\"font-size: large;\"><b><a class=\"dt-pswp-item\" href=\"https:\/\/www.radiopiu.net\/wordpress\/wp-content\/uploads\/2022\/10\/PHOTO-2022-10-13-06-28-29-1.jpg\" data-dt-img-description=\"\" data-large_image_width=\"768\" data-large_image_height=\"1024\"><img loading=\"lazy\" decoding=\"async\" class=\"size-medium wp-image-301471 alignleft\" src=\"https:\/\/www.radiopiu.net\/wordpress\/wp-content\/uploads\/2022\/10\/PHOTO-2022-10-13-06-28-29-1-225x300.jpg\" alt=\"\" width=\"225\" height=\"300\" srcset=\"https:\/\/www.radiopiu.net\/wordpress\/wp-content\/uploads\/2022\/10\/PHOTO-2022-10-13-06-28-29-1-225x300.jpg 225w, https:\/\/www.radiopiu.net\/wordpress\/wp-content\/uploads\/2022\/10\/PHOTO-2022-10-13-06-28-29-1.jpg 768w\" sizes=\"auto, (max-width: 225px) 100vw, 225px\" \/><\/a>Il mercatino vintage di Inner Wheel aiuta le donne vittime di violenza <\/b><\/span><span style=\"font-size: large;\"><b>Il ricavato sosterr\u00e0 il Fondo Welfare nell\u2019azione di accoglienza in albergo per chi deve abbandonare la propria casa<\/b><\/span><\/p><\/blockquote>\n<p><strong>BELLUNO<\/strong> Nel fine settimana riaprir\u00e0 il mercatino vintage in Piazza delle Erbe, a Belluno. Si tratta di un\u2019iniziativa\u00a0 a sostegno del Fondo Welfare, per aiutare le donne vittime di violenza. Il ricavato dell\u2019iniziativa infatti servir\u00e0 a finanziare l\u2019iniziativa di prima assistenza e accoglienza varato nel 2019 che vede la collaborazione di Federalberghi. Il progetto \u00e8 partito da una mappatura di tutti gli alberghi disponibili a ospitare a prezzo calmierato\u00a0 le donne vittime di violenza costrette ad abbandonare la propria casa. Il mercatino aprir\u00e0 tutti i fine settimana, a partire dal prossimo (14-15 ottobre) dalle 9.30 alle 12.30 e dalle 16 alle 19, fino alla festa di San Martino. Nella settimana del patrono di Belluno (dall\u20198 al 13 novembre) sar\u00e0 aperto tutti i giorni.\u00a0 &#8220;<em>L\u2019Inner Wheel \u00e8 un\u2019associazione internazionale di donne di diverse nazioni e continenti che, condividendo ideali forze e mezzi, si impegnano a promuovere la comprensione nel mondo, operando in ambito sociale e culturale, soprattutto in difesa delle donne e per il loro riscatto umano&#8221;<\/em> spiega la presidente Daniela Mangiola.<\/p>\n<\/div>\n<div><\/div>\n<div><\/div>\n<div>\n<hr \/>\n<\/div>\n<div>\n<blockquote>\n<h3>IL GRANDE FESTIVAL DEI CORI A LIMANA<\/h3>\n<\/blockquote>\n<p><strong>LIMANA<\/strong> Domenica 16 ottobre sotto la tensostruttura fronte alle scuole elementari di Limana si svolger\u00e0 la seconda edizione del Grande Festiaval dei Cori. Saranno 10 i cori bellunesi che si alterneranno per una giornata all&#8217;insegna del bel canto. Un evento con il patrocinio della Provincia di Belluno, Comune di Limana e Pro Loco. Organizza la Corale di Limana.<\/p>\n<p>&nbsp;<\/p>\n<p>&nbsp;<\/p>\n<p>&nbsp;<\/p>\n<hr \/>\n<p>&nbsp;<\/p>\n<blockquote>\n<h3>DOPPIO APPUNTAMENTO CON LA FONDAZIONE ANGELINI<\/h3>\n<\/blockquote>\n<p><strong>BELLUNO <\/strong>La Fondazione G. Angelini- Centro Studi sulla Montagna e il Parco Nazionale Dolomiti Bellunesi presenteranno, in occasione della rassegna culturale Oltre le Vette, il progetto dedicato alla valorizzazione dell\u2019archivio Piero Rossi. L\u2019appuntamento \u00e8 per domenica\u00a0alle 11.00 presso il Palazzo Bembo. Alle 17.00, presso la sala Eliseo Dal Pont \u201cBianchi\u201d, un altro evento di presentazione a cura della Fondazione G. Angelini- Centro Studi Sulla Montagna e della SAT- Societ\u00e0 degli alpinisti Tridentini con il sostegno della Fondazione CARITRO: Uomini e Montagne, un sito web con le biografie di alpinisti e alpiniste protagonisti degli archivi storici delle due istituzioni culturali.<\/p>\n<p>&nbsp;<\/p>\n<hr \/>\n<p>&nbsp;<\/p>\n<blockquote>\n<h3>MARTEDI&#8217; 18 OTTOBRE AL TEATRO COMUNALE CON FEDERICO BUFFA<\/h3>\n<\/blockquote>\n<p><strong><a class=\"dt-pswp-item\" href=\"https:\/\/www.radiopiu.net\/wordpress\/wp-content\/uploads\/2022\/10\/IMG_7800.png\" data-dt-img-description=\"\" data-large_image_width=\"2048\" data-large_image_height=\"1536\"><img loading=\"lazy\" decoding=\"async\" class=\" wp-image-301313 alignleft\" src=\"https:\/\/www.radiopiu.net\/wordpress\/wp-content\/uploads\/2022\/10\/IMG_7800-300x225.png\" alt=\"\" width=\"168\" height=\"126\" srcset=\"https:\/\/www.radiopiu.net\/wordpress\/wp-content\/uploads\/2022\/10\/IMG_7800-300x225.png 300w, https:\/\/www.radiopiu.net\/wordpress\/wp-content\/uploads\/2022\/10\/IMG_7800-1024x768.png 1024w, https:\/\/www.radiopiu.net\/wordpress\/wp-content\/uploads\/2022\/10\/IMG_7800-768x576.png 768w, https:\/\/www.radiopiu.net\/wordpress\/wp-content\/uploads\/2022\/10\/IMG_7800-1536x1152.png 1536w, https:\/\/www.radiopiu.net\/wordpress\/wp-content\/uploads\/2022\/10\/IMG_7800.png 2048w\" sizes=\"auto, (max-width: 168px) 100vw, 168px\" \/><\/a>BELLUNO <\/strong>Fondazione Cariverona taglia il traguardo dei suoi primi 30 anni di storia con un ciclo di appuntamenti per ripercorrere insieme ci\u00f2 che \u00e8 stato fatto nell\u2019ultimo triennio e, soprattutto, per guardare al futuro. Il percorso S\u00ecamo \u00e8 uno dei molti modi per confermare che &#8220;ci siamo&#8221;, oggi e domani, come ci siamo sempre stati dal primo giorno fino ad ora. S\u00ecamo \u00e8 infatti il format studiato per le persone e i loro territori, un progetto itinerante sulla sostenibilit\u00e0 ambientale e sociale, per contribuire a generare relazioni fondate sulla fiducia in continuit\u00e0 nel dialogo con le nostre comunit\u00e0. S\u00ecamo si svolge con tre eventi che partendo dal racconto di quanto realizzato dal 2020 per dare concretezza agli obiettivi strategici di Fondazione Cariverona, sono dedicati a tematiche verticali con la partecipazione di diversi speaker e del giornalista Federico Buffa in qualit\u00e0 di storyteller. L\u2019appuntamento per Belluno \u00e8 al Teatro Comunale, per marted\u00ec 18 ottobre alle 18, dove con il contributo di speaker di respiro nazionale ed internazionale, scopriremo insieme come ognuno di noi pu\u00f2 contribuire a contrastare il climate change.<\/p>\n<p>&nbsp;<\/p>\n<\/div>\n<div><\/div>\n<div>\n<hr \/>\n<\/div>\n<div>\n<blockquote>\n<h3>CORSI DI COMPUTER PER TUTTE LE ETA&#8217;<\/h3>\n<\/blockquote>\n<p><strong>FALCADE<\/strong> Marted\u00ec 25 ottobre alle 20:30 presso la sala consigliare del comune di Falcade verr\u00e0 presentato il nuovo programma dal titolo &#8220;Tecnologia Amica&#8221;, un corso di computer e nuove tecnologie aperto a tutte le et\u00e0 con Arturo Panciera, formatore tecnologico. L&#8217;obbiettivo \u00e8 quello di far conoscere le competenze sull&#8217;utilizzo dei PC, tablet e smartphone e spiegarne l&#8217;uso consapevole. La partecipazione alla serata \u00e8 a ingresso libero.<\/p>\n<p>&nbsp;<\/p>\n<\/div>\n<p>&nbsp;<\/p>\n<hr \/>\n<p>&nbsp;<\/p>\n<div class=\"m8h3af8h l7ghb35v kjdc1dyq kmwttqpk gh25dzvf n3t5jt4f\">\n<div dir=\"auto\">\n<p><span style=\"color: #ff0000;\"><strong>AIUTI FINALIZZATI ALL&#8217;ACQUISTO DI GENERI ALIMENTARI<\/strong><\/span><\/p>\n<\/div>\n<\/div>\n<p><strong><a class=\"dt-pswp-item\" href=\"https:\/\/www.radiopiu.net\/wordpress\/wp-content\/uploads\/2022\/02\/DolomitiCert-Scarpa-Alleghe-Febbraio-2022-Incontro-Comune-scuole-scultori-1-scaled.jpg\" data-dt-img-description=\"\" data-large_image_width=\"2560\" data-large_image_height=\"1706\"><img loading=\"lazy\" decoding=\"async\" class=\" wp-image-260782 alignleft\" src=\"https:\/\/www.radiopiu.net\/wordpress\/wp-content\/uploads\/2022\/02\/DolomitiCert-Scarpa-Alleghe-Febbraio-2022-Incontro-Comune-scuole-scultori-1-300x200.jpg\" alt=\"\" width=\"227\" height=\"151\" srcset=\"https:\/\/www.radiopiu.net\/wordpress\/wp-content\/uploads\/2022\/02\/DolomitiCert-Scarpa-Alleghe-Febbraio-2022-Incontro-Comune-scuole-scultori-1-300x200.jpg 300w, https:\/\/www.radiopiu.net\/wordpress\/wp-content\/uploads\/2022\/02\/DolomitiCert-Scarpa-Alleghe-Febbraio-2022-Incontro-Comune-scuole-scultori-1-1024x683.jpg 1024w, https:\/\/www.radiopiu.net\/wordpress\/wp-content\/uploads\/2022\/02\/DolomitiCert-Scarpa-Alleghe-Febbraio-2022-Incontro-Comune-scuole-scultori-1-768x512.jpg 768w, https:\/\/www.radiopiu.net\/wordpress\/wp-content\/uploads\/2022\/02\/DolomitiCert-Scarpa-Alleghe-Febbraio-2022-Incontro-Comune-scuole-scultori-1-1536x1024.jpg 1536w, https:\/\/www.radiopiu.net\/wordpress\/wp-content\/uploads\/2022\/02\/DolomitiCert-Scarpa-Alleghe-Febbraio-2022-Incontro-Comune-scuole-scultori-1-2048x1365.jpg 2048w\" sizes=\"auto, (max-width: 227px) 100vw, 227px\" \/><\/a>ALLEGHE<\/strong> Le persone e le famiglie residenti nel Comune di Alleghe che, a causa degli effetti economici derivanti dall\u2019emergenza epidemiologica dovuta alla diffusione del virus Covid-19, si trovino in uno stato di bisogno per soddisfare le necessit\u00e0 pi\u00f9 urgenti ed essenziali, possono chiedere che vengano loro riconosciuti i BUONI SPESA per l\u2019acquisto di GENERI ALIMENTARI O PRODOTTI DI PRIMA NECESSIT\u00c0 IMPORTO DEL BUONO SPESA: l\u2019entit\u00e0 dell\u2019importo verr\u00e0 definito con successivo apposito provvedimento, partendo da un importo minimo di Euro 50,00, sulla base del numero dei componenti il nucleo familiare e in considerazione delle necessit\u00e0 dichiarate dal richiedente. Le richieste, redatte sull\u2019apposito modulo dovranno pervenire al Comune di Alleghe mediante invio di posta elettronica. Solo via residuale la domanda potr\u00e0 essere presentata telefonicamente, chiamando il numero 0437 523300 dal luned\u00ec al venerd\u00ec dalle 8 alle 10<\/p>\n<p>&nbsp;<\/p>\n<p>&nbsp;<\/p>\n<hr \/>\n<p>&nbsp;<\/p>\n<blockquote>\n<h3>RICONOSCIMENTI ALLA SQUADRA DI CALCIO GIOVANILE DEL GRUPPO SPORTIVO TAIBON<\/h3>\n<\/blockquote>\n<p><strong>TAIBON<\/strong> Anche quest&#8217;anno i giovani del paese hanno vinto il campionato agordino di calcio giovanile. Sabato 22 ottobre alle 18 in sala San Rocco (ex Municipio) il Gruppo Sportivo ha organizzato una cerimonia per festeggiare lo splendido successo con la consegna dei riconoscimenti e i discorsi ufficiali. Un invito a firma del Presidente del GS TAIBON Antimo Savaris e dell&#8217;assessore allo sport Fernando Soccol.<\/p>\n<p>&nbsp;<\/p>\n<p>&nbsp;<\/p>\n<div class=\"m8h3af8h l7ghb35v kjdc1dyq kmwttqpk gh25dzvf n3t5jt4f\">\n<div dir=\"auto\">\n<p>&nbsp;<\/p>\n<hr \/>\n<p>&nbsp;<\/p>\n<blockquote>\n<h3>ZATTIERI E MENADAS DEL PIAVE HANNO APERTO STRADE SULL\u2019ACQUA, DI CONOSCENZA E AMICIZIA<\/h3>\n<\/blockquote>\n<p><strong>di\u00a0 RENATO BONA<\/strong><\/p>\n<p>Conservo gelosamente nella biblioteca di famiglia una pubblicazione senza titolo (trenta pagine, su idea di Gianlugi Secco, impostazione grafica de I Belumat, marchi: Claudio Nevyel, stampa della Grafiche Antiga di Crocetta del Montello) che fu realizzata con il patrocinio dei Comuni di Belluno, Longarone e Ponte nelle Alpi, delle Comunit\u00e0 montane di Belluno e del Basso Cadore Longaronese Zoldano nonch\u00e9 dell\u2019Azienda di promozione turistica delle Prealpi Dolomiti Bellunesi. Oltre alla copertina, venne dedicato largo spazio alla manifestazione internazionale realizzata nel mese di giugno di trentatr\u00e9 anni fa \u201cBelluno 1989 Europa in Zattera\u201d con la preziosa collaborazione della \u201cFameia dei Zater e Menadas del Piave\u201d, associazione culturale costituita nel 1983 (con lo statuto ricavato dal pi\u00f9 antico della Corporazione degli Zattieri del Piave, approvato dal Doge Sebastiano Barbarigo il 3 agosto 1492, giorno della partenza di Cristoforo Colombo dal porto di Palos alla scoperta dell\u2019America). Vi parteciparono le delegazioni di otto associazioni di sei nazioni, discesa con tre zattere a tre copule da Ponte nelle Alpi a Trichiana.La pubblicazione si apre con il servizio a cura della Comunit\u00e0 montana Bellunese: \u201cBelluno: piccola storia\u201d cui segue quello dedicato ad \u201cEuropa in Zattera 1989\u201d con Giuseppe De Vecchi che sviluppava l\u2019argomento \u201cLa Piave fiume antico\u201d e di seguito, su consulenza di Cesare Enzo Losso, illustrava \u201cLa Menada\u201d ed il successivo (stesso consulente) \u201cCostruzione della zattera\u201d e di seguito, da un racconto di Cesare Cozzi \u201cViaggio in Zattera\u201d articolato in due tappe. Toccava poi a Gianluigi Secco con il capitolo \u201cEx voto sul Fiume\u201d, a Bartolomeo Zanenga con \u201cSulla Piave con Pierio Valeriano\u201d, alla \u201cFameja dei Zater e Menadas\u201d di Codissago con \u201cIl Museo degli Zattieri. Conclusione con il servizio curato da Gianluigi Secco su \u201cMostra: Maschere e Riti\u201d a proposito della rassegna (a Palazzo Crepadona dal 14 gennaio al 5 marzo 1989, poi ospitata dall\u20198 luglio al 27 agosto a Cencenighe Agordino a cura della Comunit\u00e0 Montana Agordina, prima di approdare a Venezia per il Carnevale del 1990), ed un commento di Giorgio Segato alla mostra di opere di Paolo Cavinato, ospitata alla Crepadona. Nell\u2019occasione, graditi ed ospitati nella pubblicazione furono gli interventi di autorit\u00e0 locali: il sindaco di Belluno Giovanni Crema a proposito del raduno ebbe ad evidenziare l\u2019impegno della civica amministrazione della \u201cCitta del Piave\u201d per \u201csostenere e salvaguardare un patrimonio culturale consolidatosi nella storia della Citt\u00e0 e della Provincia, che rappresenta un punto qualificante di quella \u2018civilt\u00e0 alpina\u2019 oggi oggetto di tanta attenzione per i suoi esemplari contenuti umani e sociali\u201d; il presidente della Comunit\u00e0 montana Bellunese, Luigi Reolon defin\u00ec Zattieri e Menadas \u201cuomini che hanno aperto strade, sull\u2019acqua, di conoscenza e di amicizia non solo sulla Piave ma per l\u2019intero mondo fluviale europeo&#8230; legati dall\u2019elemento naturale al di l\u00e0 del confine di stato o di lingua\u2026 che hanno voluto bene a questa loro pur dura necessit\u00e0, temerari ed incoscienti precursori dell\u2019Europa unita\u201d;il sindaco di Ponte nelle Alpi, Giovanni Bortot ricord\u00f2 fra l\u2019altro che \u201cIl \u2018Caricatore di Rai di Cadola\u2019 e il porto di Capo di Ponte erano punti importanti di lavoro per \u2018ligadori\u2019 e zattieri della nostra zona\u201d; a suo avviso la manifestazione \u201cassume grande rilievo anche per la partecipazione degli ospiti di altre Nazioni europee la cui storia ha avuto molte analogie con la nostra\u2026 e concorrer\u00e0 a consolidare e rendere pi\u00f9 stretti i vincoli di amicizia e di fraternit\u00e0 fra i popoli di queste Nazioni amiche\u201d; il sindaco di Castellavazzo, Valerio Zanne orgogliosamente sottoline\u00f2 che gli abitanti di Codissago nel tempo della ricostruzione che segu\u00ec la sciagura del Vajont, si proposero di ridare concreta evidenza anche a simboli tipo le possenti figure in pietra di Villa Malcolm, tra Castellavazzo e Codissago, opera dello scultore veneziano Urbano Nono e con tenace lavoro avviarono ricerche, studi, raccolte di materiali e testimonianze a cui oggi \u00e8 possibile accedere nel Museo etnografico degli Zattieri in Codissago; il presidente della Comunit\u00e0 montana Basso Cadore Longaronese Zoldano, Giovanni Boni. ribad\u00ec che l\u2019ente da lui presieduto \u00e8 sempre stato sensibile al profondo legame esistente tra le proprie montagne ed il fiume, ed ha operato con mostre e manifestazioni \u201cper la riscoperta dei pi\u00f9 radicati valori culturali e tradizionali, partendo dalla prima \u2018menada\u2019 del 1982 fino alla mostra \u2018Dai Monti alla Laguna\u2019 del 1988\u201d; infine il sindaco di Longarone, Gioacchino Bratti espresse soddisfazione per il rinnovarsi nelle acque del Piave del \u201csignificativo appuntamento degli Zattieri d\u2019Europa, uniti da un comune passato di nobili tradizioni ed ora anche da un sincero spirito di fratellanza che incontri come questo contribuiscono a rendere sempre pi\u00f9 saldo e cordiale\u201d ed in chiusura, rinnovava ai promotori dell\u2019iniziativa la gratitudine, ed il plauso ai protagonisti tutti.<\/p>\n\n\t\t\t<style type='text\/css'>\n\t\t\t\t#gallery-6 {\n\t\t\t\t\tmargin: auto;\n\t\t\t\t}\n\t\t\t\t#gallery-6 .gallery-item {\n\t\t\t\t\tfloat: left;\n\t\t\t\t\tmargin-top: 10px;\n\t\t\t\t\ttext-align: center;\n\t\t\t\t\twidth: 20%;\n\t\t\t\t}\n\t\t\t\t#gallery-6 img {\n\t\t\t\t\tborder: 2px solid #cfcfcf;\n\t\t\t\t}\n\t\t\t\t#gallery-6 .gallery-caption {\n\t\t\t\t\tmargin-left: 0;\n\t\t\t\t}\n\t\t\t\t\/* see gallery_shortcode() in wp-includes\/media.php *\/\n\t\t\t<\/style>\n\t\t<div id='gallery-6' class='dt-gallery-container gallery galleryid-301378 gallery-columns-5 gallery-size-thumbnail'><dl class='gallery-item'>\n\t\t\t\t<dt class='gallery-icon portrait'>\n\t\t\t\t\t<a class=\"rollover\" href='https:\/\/www.radiopiu.net\/wordpress\/giornale-radiopiu-14-ottobre-2022-direttore-mirko-mezzacasa\/310974396_793082455246226_7829253238946310424_n\/'><img loading=\"lazy\" decoding=\"async\" width=\"150\" height=\"150\" src=\"https:\/\/www.radiopiu.net\/wordpress\/wp-content\/uploads\/2022\/10\/310974396_793082455246226_7829253238946310424_n-150x150.jpg\" class=\"attachment-thumbnail size-thumbnail\" alt=\"\" \/><\/a>\n\t\t\t\t<\/dt><\/dl><dl class='gallery-item'>\n\t\t\t\t<dt class='gallery-icon portrait'>\n\t\t\t\t\t<a class=\"rollover\" href='https:\/\/www.radiopiu.net\/wordpress\/giornale-radiopiu-14-ottobre-2022-direttore-mirko-mezzacasa\/274775621_2000591583463491_6268397423004528536_n\/'><img loading=\"lazy\" decoding=\"async\" width=\"150\" height=\"150\" src=\"https:\/\/www.radiopiu.net\/wordpress\/wp-content\/uploads\/2022\/10\/274775621_2000591583463491_6268397423004528536_n-150x150.jpg\" class=\"attachment-thumbnail size-thumbnail\" alt=\"\" \/><\/a>\n\t\t\t\t<\/dt><\/dl><dl class='gallery-item'>\n\t\t\t\t<dt class='gallery-icon landscape'>\n\t\t\t\t\t<a class=\"rollover\" href='https:\/\/www.radiopiu.net\/wordpress\/giornale-radiopiu-14-ottobre-2022-direttore-mirko-mezzacasa\/310133837_490767456405962_5137116850435977011_n\/'><img loading=\"lazy\" decoding=\"async\" width=\"150\" height=\"150\" src=\"https:\/\/www.radiopiu.net\/wordpress\/wp-content\/uploads\/2022\/10\/310133837_490767456405962_5137116850435977011_n-150x150.jpg\" class=\"attachment-thumbnail size-thumbnail\" alt=\"\" \/><\/a>\n\t\t\t\t<\/dt><\/dl><dl class='gallery-item'>\n\t\t\t\t<dt class='gallery-icon landscape'>\n\t\t\t\t\t<a class=\"rollover\" href='https:\/\/www.radiopiu.net\/wordpress\/giornale-radiopiu-14-ottobre-2022-direttore-mirko-mezzacasa\/311245628_458888956085925_7581343937626603100_n\/'><img loading=\"lazy\" decoding=\"async\" width=\"150\" height=\"150\" src=\"https:\/\/www.radiopiu.net\/wordpress\/wp-content\/uploads\/2022\/10\/311245628_458888956085925_7581343937626603100_n-150x150.jpg\" class=\"attachment-thumbnail size-thumbnail\" alt=\"\" \/><\/a>\n\t\t\t\t<\/dt><\/dl><dl class='gallery-item'>\n\t\t\t\t<dt class='gallery-icon portrait'>\n\t\t\t\t\t<a class=\"rollover\" href='https:\/\/www.radiopiu.net\/wordpress\/giornale-radiopiu-14-ottobre-2022-direttore-mirko-mezzacasa\/310912010_1132132077397070_6775616475834323795_n\/'><img loading=\"lazy\" decoding=\"async\" width=\"150\" height=\"150\" src=\"https:\/\/www.radiopiu.net\/wordpress\/wp-content\/uploads\/2022\/10\/310912010_1132132077397070_6775616475834323795_n-150x150.jpg\" class=\"attachment-thumbnail size-thumbnail\" alt=\"\" \/><\/a>\n\t\t\t\t<\/dt><\/dl><br style=\"clear: both\" \/><dl class='gallery-item'>\n\t\t\t\t<dt class='gallery-icon portrait'>\n\t\t\t\t\t<a class=\"rollover\" href='https:\/\/www.radiopiu.net\/wordpress\/giornale-radiopiu-14-ottobre-2022-direttore-mirko-mezzacasa\/311417818_423747213237481_7731120739791097440_n\/'><img loading=\"lazy\" decoding=\"async\" width=\"150\" height=\"150\" src=\"https:\/\/www.radiopiu.net\/wordpress\/wp-content\/uploads\/2022\/10\/311417818_423747213237481_7731120739791097440_n-150x150.jpg\" class=\"attachment-thumbnail size-thumbnail\" alt=\"\" \/><\/a>\n\t\t\t\t<\/dt><\/dl><dl class='gallery-item'>\n\t\t\t\t<dt class='gallery-icon landscape'>\n\t\t\t\t\t<a class=\"rollover\" href='https:\/\/www.radiopiu.net\/wordpress\/giornale-radiopiu-14-ottobre-2022-direttore-mirko-mezzacasa\/280766705_789402325619349_8647366331941638430_n\/'><img loading=\"lazy\" decoding=\"async\" width=\"150\" height=\"150\" src=\"https:\/\/www.radiopiu.net\/wordpress\/wp-content\/uploads\/2022\/10\/280766705_789402325619349_8647366331941638430_n-150x150.jpg\" class=\"attachment-thumbnail size-thumbnail\" alt=\"\" \/><\/a>\n\t\t\t\t<\/dt><\/dl><dl class='gallery-item'>\n\t\t\t\t<dt class='gallery-icon landscape'>\n\t\t\t\t\t<a class=\"rollover\" href='https:\/\/www.radiopiu.net\/wordpress\/giornale-radiopiu-14-ottobre-2022-direttore-mirko-mezzacasa\/310934990_1094438297937983_2593439912389054154_n\/'><img loading=\"lazy\" decoding=\"async\" width=\"150\" height=\"150\" src=\"https:\/\/www.radiopiu.net\/wordpress\/wp-content\/uploads\/2022\/10\/310934990_1094438297937983_2593439912389054154_n-150x150.jpg\" class=\"attachment-thumbnail size-thumbnail\" alt=\"\" \/><\/a>\n\t\t\t\t<\/dt><\/dl><dl class='gallery-item'>\n\t\t\t\t<dt class='gallery-icon landscape'>\n\t\t\t\t\t<a class=\"rollover\" href='https:\/\/www.radiopiu.net\/wordpress\/giornale-radiopiu-14-ottobre-2022-direttore-mirko-mezzacasa\/311442163_1464731317380337_8160319016893839264_n\/'><img loading=\"lazy\" decoding=\"async\" width=\"150\" height=\"150\" src=\"https:\/\/www.radiopiu.net\/wordpress\/wp-content\/uploads\/2022\/10\/311442163_1464731317380337_8160319016893839264_n-150x150.jpg\" class=\"attachment-thumbnail size-thumbnail\" alt=\"\" \/><\/a>\n\t\t\t\t<\/dt><\/dl><dl class='gallery-item'>\n\t\t\t\t<dt class='gallery-icon landscape'>\n\t\t\t\t\t<a class=\"rollover\" href='https:\/\/www.radiopiu.net\/wordpress\/giornale-radiopiu-14-ottobre-2022-direttore-mirko-mezzacasa\/310884237_806111574058344_3746479207428861045_n\/'><img loading=\"lazy\" decoding=\"async\" width=\"150\" height=\"150\" src=\"https:\/\/www.radiopiu.net\/wordpress\/wp-content\/uploads\/2022\/10\/310884237_806111574058344_3746479207428861045_n-150x150.jpg\" class=\"attachment-thumbnail size-thumbnail\" alt=\"\" srcset=\"https:\/\/www.radiopiu.net\/wordpress\/wp-content\/uploads\/2022\/10\/310884237_806111574058344_3746479207428861045_n-150x150.jpg 150w, https:\/\/www.radiopiu.net\/wordpress\/wp-content\/uploads\/2022\/10\/310884237_806111574058344_3746479207428861045_n.jpg 206w\" sizes=\"auto, (max-width: 150px) 100vw, 150px\" \/><\/a>\n\t\t\t\t<\/dt><\/dl><br style=\"clear: both\" \/>\n\t\t\t<\/div>\n\n<p>NELLE FOTO: la copertina della pubblicazione ideata da Gianluigi Secco; discesa a valle di una zattera (foto Charles); Codice Paulini1608: Belluno ed i torrenti Ardo e Ma\u00e8; un tratto della Piave sempre dal Codice Paulini; zattieri impegnati nella \u201cmenada\u201d ovvero la fluitazione dei tronchi lungo la Piave; il simbolo del Museo etnografico degli Zattieri del Piave.<\/p>\n<p>&nbsp;<\/p>\n<p>&nbsp;<\/p>\n<p>&nbsp;<\/p>\n<hr \/>\n<p>&nbsp;<\/p>\n<h2><span style=\"color: #ff0000;\">IERI ALLA RADIO<\/span><\/h2>\n<p><iframe loading=\"lazy\" title=\"PREVENIRE E&#039; MEGLIO CHE CURARE, SUGGERIMENTI E RIFERIMENTI ALLE NORME DI SICUREZZA IMPIANTISTICA\" width=\"1200\" height=\"675\" src=\"https:\/\/www.youtube.com\/embed\/ZH9CLnCMve0?feature=oembed\" frameborder=\"0\" allow=\"accelerometer; autoplay; clipboard-write; encrypted-media; gyroscope; picture-in-picture\" allowfullscreen><\/iframe><\/p>\n<p><strong>LA RACCOLTA COMPLETA\u00a0\u00a0<\/strong><\/p>\n<blockquote class=\"wp-embedded-content\" data-secret=\"DzYA9ILKr1\"><p><a href=\"https:\/\/www.radiopiu.net\/wordpress\/tecnologie-con-francesco-zillio\/\">EPCENTER &#8211; FRANCESCO ZILLIO<\/a><\/p><\/blockquote>\n<p><iframe loading=\"lazy\" class=\"wp-embedded-content\" sandbox=\"allow-scripts\" security=\"restricted\" style=\"position: absolute; clip: rect(1px, 1px, 1px, 1px);\" title=\"&#8220;EPCENTER &#8211; FRANCESCO ZILLIO&#8221; &#8212; Radio Pi\u00f9\" src=\"https:\/\/www.radiopiu.net\/wordpress\/tecnologie-con-francesco-zillio\/embed\/#?secret=e9PkamdcnB#?secret=DzYA9ILKr1\" data-secret=\"DzYA9ILKr1\" width=\"600\" height=\"338\" frameborder=\"0\" marginwidth=\"0\" marginheight=\"0\" scrolling=\"no\"><\/iframe><\/p>\n<p>&nbsp;<\/p>\n<p>&nbsp;<\/p>\n<hr \/>\n<p>&nbsp;<\/p>\n<div>\n<div class=\"b654a4as d2edcug0\">\n<div class=\"rq0escxv hkbzh7o3 jwdofwj8 n8tt0mok r8blr3vg hyh9befq\">\n<p><a class=\"dt-pswp-item\" href=\"https:\/\/www.radiopiu.net\/wordpress\/wp-content\/uploads\/2020\/10\/pp.jpg\" data-dt-img-description=\"\" data-large_image_width=\"640\" data-large_image_height=\"640\"><img loading=\"lazy\" decoding=\"async\" class=\"wp-image-163678 alignleft\" src=\"https:\/\/www.radiopiu.net\/wordpress\/wp-content\/uploads\/2020\/10\/pp-300x300.jpg\" alt=\"\" width=\"106\" height=\"106\" srcset=\"https:\/\/www.radiopiu.net\/wordpress\/wp-content\/uploads\/2020\/10\/pp-300x300.jpg 300w, https:\/\/www.radiopiu.net\/wordpress\/wp-content\/uploads\/2020\/10\/pp-150x150.jpg 150w, https:\/\/www.radiopiu.net\/wordpress\/wp-content\/uploads\/2020\/10\/pp-125x125.jpg 125w, https:\/\/www.radiopiu.net\/wordpress\/wp-content\/uploads\/2020\/10\/pp-200x200.jpg 200w, https:\/\/www.radiopiu.net\/wordpress\/wp-content\/uploads\/2020\/10\/pp-80x80.jpg 80w, https:\/\/www.radiopiu.net\/wordpress\/wp-content\/uploads\/2020\/10\/pp-480x480.jpg 480w, https:\/\/www.radiopiu.net\/wordpress\/wp-content\/uploads\/2020\/10\/pp.jpg 640w\" sizes=\"auto, (max-width: 106px) 100vw, 106px\" \/><\/a><\/p>\n<\/div>\n<\/div>\n<\/div>\n<div>\n<div class=\"page-title-head hgroup\">\n<div class=\"page-title-head hgroup\">\n<div class=\"b654a4as d2edcug0\">\n<div class=\"j83agx80 btwxx1t3 lhclo0ds hop8lmos nkwizq5d scwd0bx6 roh60bw9\">\n<div class=\"rq0escxv hkbzh7o3 jwdofwj8 n8tt0mok r8blr3vg hyh9befq\">\n<div class=\"do00u71z l9j0dhe7 k4urcfbm\">\n<h2><span style=\"color: #000080;\">DON CESARE, IL PENSIERO DEL GIORNO. ALLA RADIO ALLE 7 DEL MATTINO E ALLE 19.30 DELLA SERA.\u00a0<\/span><\/h2>\n<audio class=\"wp-audio-shortcode\" id=\"audio-301378-14\" preload=\"none\" style=\"width: 100%;\" controls=\"controls\"><source type=\"audio\/mpeg\" src=\"https:\/\/www.radiopiu.net\/wordpress\/wp-content\/uploads\/2022\/10\/CESARE-12.mp3?_=14\" \/><a href=\"https:\/\/www.radiopiu.net\/wordpress\/wp-content\/uploads\/2022\/10\/CESARE-12.mp3\">https:\/\/www.radiopiu.net\/wordpress\/wp-content\/uploads\/2022\/10\/CESARE-12.mp3<\/a><\/audio>\n<p>&nbsp;<\/p>\n<hr \/>\n<p>&nbsp;<\/p>\n<h2><span style=\"color: #ff6600;\">COLLAGE OPERAZIONE NOSTALGIA<\/span><\/h2>\n<p><strong><a class=\"dt-pswp-item\" href=\"https:\/\/www.radiopiu.net\/wordpress\/wp-content\/uploads\/2022\/10\/Frank-Sinatra.jpg\" data-dt-img-description=\"\" data-large_image_width=\"300\" data-large_image_height=\"299\"><img loading=\"lazy\" decoding=\"async\" class=\"wp-image-300796 alignleft\" src=\"https:\/\/www.radiopiu.net\/wordpress\/wp-content\/uploads\/2022\/10\/Frank-Sinatra.jpg\" alt=\"\" width=\"116\" height=\"116\" srcset=\"https:\/\/www.radiopiu.net\/wordpress\/wp-content\/uploads\/2022\/10\/Frank-Sinatra.jpg 300w, https:\/\/www.radiopiu.net\/wordpress\/wp-content\/uploads\/2022\/10\/Frank-Sinatra-150x150.jpg 150w\" sizes=\"auto, (max-width: 116px) 100vw, 116px\" \/><\/a>di Loris Scussel<\/strong><\/p>\n<p>Prosegue la nuova programmazione di Collage operazione nostalgia con la messa in onda delle canzoni in ordine alfabetico che questa settimana \u00e8 dedicata a quelle il cui titolo inizia con le lettere F, G, H, I, L. Come sempre i generi diversi si intrecceranno tra loro e potremo ascoltare brani come: Fly me to the moon, Goldfinger, Ho difeso il mio amore, Io per lei, Layla e cos\u00ec via. Collage va in onda dal luned\u00ec al venerd\u00ec alle 16,00 ed in replica alle 23,00 naturalmente su Radio Pi\u00f9.<\/p>\n<p><strong>LA PUNTATA DEL LUNEDI<\/strong><\/p>\n<audio class=\"wp-audio-shortcode\" id=\"audio-301378-15\" preload=\"none\" style=\"width: 100%;\" controls=\"controls\"><source type=\"audio\/mpeg\" src=\"https:\/\/www.radiopiu.net\/wordpress\/wp-content\/uploads\/2022\/10\/Collage-636.mp3?_=15\" \/><a href=\"https:\/\/www.radiopiu.net\/wordpress\/wp-content\/uploads\/2022\/10\/Collage-636.mp3\">https:\/\/www.radiopiu.net\/wordpress\/wp-content\/uploads\/2022\/10\/Collage-636.mp3<\/a><\/audio>\n<p>&nbsp;<\/p>\n<p><strong>PUNTATA DEL MARTEDI<\/strong><\/p>\n<audio class=\"wp-audio-shortcode\" id=\"audio-301378-16\" preload=\"none\" style=\"width: 100%;\" controls=\"controls\"><source type=\"audio\/mpeg\" src=\"https:\/\/www.radiopiu.net\/wordpress\/wp-content\/uploads\/2022\/10\/Collage-637.mp3?_=16\" \/><a href=\"https:\/\/www.radiopiu.net\/wordpress\/wp-content\/uploads\/2022\/10\/Collage-637.mp3\">https:\/\/www.radiopiu.net\/wordpress\/wp-content\/uploads\/2022\/10\/Collage-637.mp3<\/a><\/audio>\n<p>&nbsp;<\/p>\n<p><strong>PUNTATA DEL MERCOLEDI<\/strong><\/p>\n<audio class=\"wp-audio-shortcode\" id=\"audio-301378-17\" preload=\"none\" style=\"width: 100%;\" controls=\"controls\"><source type=\"audio\/mpeg\" src=\"https:\/\/www.radiopiu.net\/wordpress\/wp-content\/uploads\/2022\/10\/Collage-638.mp3?_=17\" \/><a href=\"https:\/\/www.radiopiu.net\/wordpress\/wp-content\/uploads\/2022\/10\/Collage-638.mp3\">https:\/\/www.radiopiu.net\/wordpress\/wp-content\/uploads\/2022\/10\/Collage-638.mp3<\/a><\/audio>\n<p>&nbsp;<\/p>\n<p><strong>PUNTATA DEL GIOVEDI<\/strong><\/p>\n<audio class=\"wp-audio-shortcode\" id=\"audio-301378-18\" preload=\"none\" style=\"width: 100%;\" controls=\"controls\"><source type=\"audio\/mpeg\" src=\"https:\/\/www.radiopiu.net\/wordpress\/wp-content\/uploads\/2022\/10\/Collage-639.mp3?_=18\" \/><a href=\"https:\/\/www.radiopiu.net\/wordpress\/wp-content\/uploads\/2022\/10\/Collage-639.mp3\">https:\/\/www.radiopiu.net\/wordpress\/wp-content\/uploads\/2022\/10\/Collage-639.mp3<\/a><\/audio>\n<p>&nbsp;<\/p>\n<hr \/>\n<p>&nbsp;<\/p>\n<div>\n<blockquote class=\"wp-embedded-content\" data-secret=\"mCHZbYwnxO\"><p><a href=\"https:\/\/www.radiopiu.net\/wordpress\/odio-la-radio-dieci-anni-dopo-di-mirko-mezzacasa\/\">&#8220;ODIO LA RADIO&#8221;&#8230; DIECI ANNI DOPO, di Mirko Mezzacasa<\/a><\/p><\/blockquote>\n<p><iframe loading=\"lazy\" class=\"wp-embedded-content\" sandbox=\"allow-scripts\" security=\"restricted\" style=\"position: absolute; clip: rect(1px, 1px, 1px, 1px);\" title=\"&#8220;&#8220;ODIO LA RADIO&#8221;&#8230; DIECI ANNI DOPO, di Mirko Mezzacasa&#8221; &#8212; Radio Pi\u00f9\" src=\"https:\/\/www.radiopiu.net\/wordpress\/odio-la-radio-dieci-anni-dopo-di-mirko-mezzacasa\/embed\/#?secret=1JVTl7EeQS#?secret=mCHZbYwnxO\" data-secret=\"mCHZbYwnxO\" width=\"600\" height=\"338\" frameborder=\"0\" marginwidth=\"0\" marginheight=\"0\" scrolling=\"no\"><\/iframe><\/p>\n<p>&nbsp;<\/p>\n<p>&nbsp;<\/p>\n<p>&nbsp;<\/p>\n<hr \/>\n<p>&nbsp;<\/p>\n<p><a class=\"dt-pswp-item\" href=\"https:\/\/www.radiopiu.net\/wordpress\/wp-content\/uploads\/2018\/09\/WhatsApp-Image-2018-09-20-at-16.04.06.jpeg\" data-dt-img-description=\"\" data-large_image_width=\"800\" data-large_image_height=\"100\"><img loading=\"lazy\" decoding=\"async\" class=\"aligncenter wp-image-61378 size-full\" src=\"https:\/\/www.radiopiu.net\/wordpress\/wp-content\/uploads\/2018\/09\/WhatsApp-Image-2018-09-20-at-16.04.06.jpeg\" alt=\"\" width=\"800\" height=\"100\" srcset=\"https:\/\/www.radiopiu.net\/wordpress\/wp-content\/uploads\/2018\/09\/WhatsApp-Image-2018-09-20-at-16.04.06.jpeg 800w, https:\/\/www.radiopiu.net\/wordpress\/wp-content\/uploads\/2018\/09\/WhatsApp-Image-2018-09-20-at-16.04.06-300x38.jpeg 300w, https:\/\/www.radiopiu.net\/wordpress\/wp-content\/uploads\/2018\/09\/WhatsApp-Image-2018-09-20-at-16.04.06-768x96.jpeg 768w\" sizes=\"auto, (max-width: 800px) 100vw, 800px\" \/><\/a><\/p>\n<p>&nbsp;<\/p>\n<p><center><b>Venerdi 14<\/b><\/center><b>Tempo atteso: <\/b>Fino al primo mattino possibili nubi basse in qualche fondovalle, poi schiarite anche ampie in giornata con passaggio di velature assieme a qualche addensamento nel pomeriggio. In serata aumento della nuvolosit\u00e0 alta da ovest assieme alla nuova formazione di nubi basse in molti fondovalle.<br \/>\n<b>Precipitazioni: <\/b>Generalmente assenti o poco probabile qualche goccia qua e l\u00e0 su Dolomiti.<br \/>\n<b>Temperature: <\/b>Temperature pressoch\u00e8 stazionarie o in lieve calo in alta quota Su Prealpi a 1500 m: min 8 max 11, a 2000 m: min 5 max 8 Dolomiti &#8211; a 2000 m: min 4 max 9, a 3000 m: min -2 max 0<br \/>\n<b>Venti: <\/b>nelle valli deboli variabili, in quota moderati da nordovest al mattino in attenuazione a deboli nel pomeriggio a 5-15 km\/h a 2000 m e 10-25 km\/h a 3000 m<\/p>\n<hr \/>\n<p><center><b>Sabato 15<\/b><\/center><b>Tempo atteso: <\/b>Su Dolomiti e in quota su Prealpi soleggiato con qualche sottile velatura fino al primo mattino. Su Prealpi esposte alla pianura fino al mattino possibili nubi basse anche estese e persistenti ( al di sotto dei 1500\/1600 m) in irregolare dissolvimento in giornata e nuova formazione in serata.<br \/>\n<b>Precipitazioni: <\/b>Assenti (0%)<br \/>\n<b>Temperature: <\/b>In aumento in quota, stazionarie nelle valli. Su Prealpi a 1500 m: min 7 max 13, a 2000 m: min 5 max 9 Dolomiti &#8211; a 2000 m: min 4 max 12, a 3000 m: min 0 max 3<br \/>\n<b>Venti: <\/b>In quota moderati occidentali, a 5-15 km\/h a 2000 m e 10-30 km\/h a 3000 m deboli variabili nelle valli<\/p>\n<hr \/>\n<p><center><b>Domenica 16<\/b><\/center>In quota e su Dolomiti sereno o al pi\u00f9 poco nuvoloso. Su Prealpi specie esposte alla Pianura al di sotto dei 1500\/1600 possibili nubi basse in irregolare dissolvimento in mattinata. In giornata sottili velature ovunque. Temperature stazionarie in quota con valori ben superiori alla media del periodo. Venti in quota inizialmente deboli o moderati da nordovest poi molto deboli variabili; nelle valli deboli variabili.<\/p>\n<hr \/>\n<p><center><b>Lunedi 17<\/b><\/center>Tempo stabile e molto mite per il periodo con cielo in prevalenza sereno o poco nuvoloso per sottili velature fino al mattino. Nei fondovalle prealpini persiste la possibilit\u00e0 di nubi basse fino al primo mattino e nuovamente in serata. Temperature in ulteriore lieve aumento specie in quota con valori molto superiori alla media. Venti in quota deboli variabili. Previsore: DDL<\/p>\n<p>&nbsp;<\/p>\n<hr \/>\n<p>&nbsp;<\/p>\n<p><strong>OGNI GIORNO IL MERCATINO A RADIO PIU&#8217;, AL QUARANTESIMO MINUTO. IL PUNTO DI RIFERIMENTO PER CHI OFFRE O CERCA LAVORO NELL&#8217;ARCO DOLOMITICO, CENTINAIA DI VISUALIZZAZIONI AL GIORNO SUL SITO INTERNET, IN AUDIO ALLA RADIO E IN STREAMING IL TUTTO IL MONDO. IL MERCATINO DI RADIO PIU, PER INSERIRE I TUOI ANNUNCI SCRIVI A <span style=\"color: #0000ff;\">radiopiu@radiopiu.it<\/span><\/strong><\/p>\n<blockquote class=\"wp-embedded-content\" data-secret=\"dXUlvOJEP4\"><p><a href=\"https:\/\/www.radiopiu.net\/wordpress\/mercatino-e-mercatino-delle-pulci-per-i-vostri-annunci-radiopiuradiopiu-it\/\">MERCATINO<\/a><\/p><\/blockquote>\n<p><iframe loading=\"lazy\" class=\"wp-embedded-content\" sandbox=\"allow-scripts\" security=\"restricted\" style=\"position: absolute; clip: rect(1px, 1px, 1px, 1px);\" title=\"&#8220;MERCATINO&#8221; &#8212; Radio Pi\u00f9\" src=\"https:\/\/www.radiopiu.net\/wordpress\/mercatino-e-mercatino-delle-pulci-per-i-vostri-annunci-radiopiuradiopiu-it\/embed\/#?secret=VYN09vUNPz#?secret=dXUlvOJEP4\" data-secret=\"dXUlvOJEP4\" width=\"600\" height=\"338\" frameborder=\"0\" marginwidth=\"0\" marginheight=\"0\" scrolling=\"no\"><\/iframe><\/p>\n<\/div>\n<p>&nbsp;<\/p>\n<p>&nbsp;<\/p>\n<div>\n<hr \/>\n<p>&nbsp;<\/p>\n<p><a href=\"https:\/\/www.radiopiu.net\/wordpress\/giornale-radiopiu-26-settembre-2018-direttore-mirko-mezzacasa\/viabilita-2\/\" rel=\"attachment wp-att-61954\"><img loading=\"lazy\" decoding=\"async\" class=\"aligncenter wp-image-61954 size-full\" src=\"https:\/\/www.radiopiu.net\/wordpress\/wp-content\/uploads\/2018\/09\/viabilita.jpeg\" sizes=\"auto, (max-width: 800px) 100vw, 800px\" srcset=\"https:\/\/www.radiopiu.net\/wordpress\/wp-content\/uploads\/2018\/09\/viabilita.jpeg 800w, https:\/\/www.radiopiu.net\/wordpress\/wp-content\/uploads\/2018\/09\/viabilita-300x38.jpeg 300w, https:\/\/www.radiopiu.net\/wordpress\/wp-content\/uploads\/2018\/09\/viabilita-768x96.jpeg 768w\" alt=\"\" width=\"800\" height=\"100\" \/><\/a><\/p>\n<p>&nbsp;<\/p>\n<blockquote>\n<h3>SP 8 DI SAN TOMASO, PROROGATA LA CHIUSURA A FASCE ORARIE FINO ALL&#8217;11 NOVEMBRE<\/h3>\n<\/blockquote>\n<p><strong><img loading=\"lazy\" decoding=\"async\" class=\"alignleft\" src=\"https:\/\/www.radiopiu.net\/wordpress\/wp-content\/uploads\/2021\/11\/81aa72cc-d66b-44fa-afd5-7103ae531a24.jpg\" width=\"154\" height=\"113\" \/>SAN TOMASO<\/strong> Da un mese sono iniziati i lavori sulla SP 8 di San Tomaso a Col Zares\u00e8. Veneto Strade ha comunicato la proroga dell&#8217;ordinanza fino al 11 novembre. E\u2019 dal 17 luglio del 2014 che per raggiungere San Tomaso da Cencenighe \u00e8 d\u2019obbligo il rispetto del semaforo, ma dalla prossima stagione autunnale a lavori terminati e micropali piantati tutto cambier\u00e0. Ai residenti soprattutto viene richiesto ancora un sacrificio, ma pur di rivedere aperta quella strada nella sua normalit\u00e0 \u00e8 giustificato e lecito. Fino al 11 novembre, esclusi festivi e prefestivi, la strada chiuder\u00e0 totalmente dalle 7.15 alle 12.45 e dalle 14.15 alle 17.45. Negli altri orari senso unico alternato regolato da semaforo.<\/p>\n<p><em><strong>DIVIETO DI TRANSITO VEICOLARE A FADES DI LA VALLE AGORDINA TRA L&#8217;INCROCIO CON LA SR 347 E IL CIVICO 2. FINO AL 18 NOVEMBRE, SABATO, DOMENICA E FESTIVI COMPRESI. IL DIVIETO AVRA&#8217; EFFICACIA NEI GIORNI DI EFFETTIVA ESECUZIONE DEL CANTIERE.\u00a0\u00a0<\/strong><\/em><\/p>\n<p>&nbsp;<\/p>\n<p><strong>AGGIORNAMENTO VENETO STRADE, AGGIORNAMENTO CONTINUO H 24<\/strong><\/p>\n<p>&nbsp;<\/p>\n<blockquote class=\"wp-embedded-content\" data-secret=\"pCVNc9iKaS\"><p><a href=\"https:\/\/www.radiopiu.net\/wordpress\/viabilita\/\">viabilita<\/a><\/p><\/blockquote>\n<p><iframe loading=\"lazy\" class=\"wp-embedded-content\" sandbox=\"allow-scripts\" security=\"restricted\" style=\"position: absolute; clip: rect(1px, 1px, 1px, 1px);\" title=\"&#8220;viabilita&#8221; &#8212; Radio Pi\u00f9\" src=\"https:\/\/www.radiopiu.net\/wordpress\/viabilita\/embed\/#?secret=HAO2Yk6wNK#?secret=pCVNc9iKaS\" data-secret=\"pCVNc9iKaS\" width=\"600\" height=\"338\" frameborder=\"0\" marginwidth=\"0\" marginheight=\"0\" scrolling=\"no\"><\/iframe><\/p>\n<p>&nbsp;<\/p>\n<p>&nbsp;<\/p>\n<p>&nbsp;<\/p>\n<hr \/>\n<p>&nbsp;<\/p>\n<p>&nbsp;<\/p>\n<p><img loading=\"lazy\" decoding=\"async\" class=\"wp-image-60761 size-full aligncenter\" src=\"https:\/\/www.radiopiu.net\/wordpress\/wp-content\/uploads\/2018\/09\/sport.jpg\" alt=\"\" width=\"800\" height=\"100\" srcset=\"https:\/\/www.radiopiu.net\/wordpress\/wp-content\/uploads\/2018\/09\/sport.jpg 800w, https:\/\/www.radiopiu.net\/wordpress\/wp-content\/uploads\/2018\/09\/sport-300x38.jpg 300w, https:\/\/www.radiopiu.net\/wordpress\/wp-content\/uploads\/2018\/09\/sport-768x96.jpg 768w\" sizes=\"auto, (max-width: 800px) 100vw, 800px\" \/><\/p>\n<p>&nbsp;<\/p>\n<p><strong><span style=\"color: #0000ff;\">PALLAVOLO\u00a0<\/span><\/strong><\/p>\n<blockquote>\n<h3>IL PRESIDENTE SANDRO DA ROLD CHIAMA TUTTI ALLA SPES ARENA<\/h3>\n<\/blockquote>\n<p><strong><a class=\"dt-pswp-item\" href=\"https:\/\/www.radiopiu.net\/wordpress\/wp-content\/uploads\/2022\/10\/Sandro_Da_Rold_chiama_tutti_a_raccolta.jpg\" data-dt-img-description=\"\" data-large_image_width=\"1280\" data-large_image_height=\"853\"><img loading=\"lazy\" decoding=\"async\" class=\" wp-image-301408 alignleft\" src=\"https:\/\/www.radiopiu.net\/wordpress\/wp-content\/uploads\/2022\/10\/Sandro_Da_Rold_chiama_tutti_a_raccolta-300x200.jpg\" alt=\"\" width=\"149\" height=\"99\" srcset=\"https:\/\/www.radiopiu.net\/wordpress\/wp-content\/uploads\/2022\/10\/Sandro_Da_Rold_chiama_tutti_a_raccolta-300x200.jpg 300w, https:\/\/www.radiopiu.net\/wordpress\/wp-content\/uploads\/2022\/10\/Sandro_Da_Rold_chiama_tutti_a_raccolta-1024x682.jpg 1024w, https:\/\/www.radiopiu.net\/wordpress\/wp-content\/uploads\/2022\/10\/Sandro_Da_Rold_chiama_tutti_a_raccolta-768x512.jpg 768w, https:\/\/www.radiopiu.net\/wordpress\/wp-content\/uploads\/2022\/10\/Sandro_Da_Rold_chiama_tutti_a_raccolta.jpg 1280w\" sizes=\"auto, (max-width: 149px) 100vw, 149px\" \/><\/a>BELLUNO<\/strong> Se, nel tardo pomeriggio di domenica 16 (e precisamente alle ore 18), qualcuno avesse voglia di trascorrere un paio d\u2019ore adrenaliniche, scandite da uno spettacolo di ritmo, tecnica e velocit\u00e0, allora farebbe bene ad appuntarsi questo appuntamento alla Spes Arena. Dove i rinoceronti scenderanno in campo per la prima gara interna del campionato di Serie A3 Credem Banca: dall\u2019altra parte della rete ci sar\u00e0 la Gamma Chimica Brugherio. E il presidente Sandro Da Rold lancia un invito: \u00abCorrete all\u2019Arena di Lambioi. Portate i giovani, le famiglie e tutti coloro che hanno il desiderio di godersi un bel momento di sport. Per l\u2019esordio casalingo della nostra squadra ci sar\u00e0 pure un nuovo impianto audio, oltre che un nuovo speaker. <span class=\"gmail-Apple-converted-space\">Mi aspetto una super partita &#8211; conclude Sandro Da Rold -. Sappiamo che il loro opposto, Tommaso Barotto, \u00e8 nel giro delle Nazionali giovanili. Ed \u00e8 uno che \u201cfa male alla palla\u201d. Ma siamo pronti e avremo il pubblico al nostro fianco\u00bb.\u00a0<\/span><\/p>\n<p>&nbsp;<\/p>\n<p>&nbsp;<\/p>\n<hr \/>\n<p>&nbsp;<\/p>\n<p><span style=\"color: #0000ff;\"><strong>CALCIO<\/strong><\/span><\/p>\n<blockquote>\n<h3>IL SETTORE GIOVANILE DELL&#8217;AGORDINA TRA ALTI E BASSI<\/h3>\n<\/blockquote>\n<p><strong><a class=\"dt-pswp-item\" href=\"https:\/\/www.radiopiu.net\/wordpress\/wp-content\/uploads\/2021\/11\/CALCIO-2021.jpg\" data-dt-img-description=\"\" data-large_image_width=\"2560\" data-large_image_height=\"1707\"><img loading=\"lazy\" decoding=\"async\" class=\" wp-image-242798 alignleft\" src=\"https:\/\/www.radiopiu.net\/wordpress\/wp-content\/uploads\/2021\/11\/CALCIO-2021-300x200.jpg\" alt=\"\" width=\"155\" height=\"103\" srcset=\"https:\/\/www.radiopiu.net\/wordpress\/wp-content\/uploads\/2021\/11\/CALCIO-2021-300x200.jpg 300w, https:\/\/www.radiopiu.net\/wordpress\/wp-content\/uploads\/2021\/11\/CALCIO-2021-1024x683.jpg 1024w, https:\/\/www.radiopiu.net\/wordpress\/wp-content\/uploads\/2021\/11\/CALCIO-2021-768x512.jpg 768w, https:\/\/www.radiopiu.net\/wordpress\/wp-content\/uploads\/2021\/11\/CALCIO-2021-1536x1024.jpg 1536w, https:\/\/www.radiopiu.net\/wordpress\/wp-content\/uploads\/2021\/11\/CALCIO-2021-2048x1366.jpg 2048w\" sizes=\"auto, (max-width: 155px) 100vw, 155px\" \/><\/a>REDAZIONE<\/strong> Lo si pu\u00f2 definire un inizio di stagione con alti e bassi quello del settore giovanile dell&#8217;Agordina. Sono iniziati da alcune settimane i campionati giovanili FIGC e la compagine di Agordo \u00e8 impegnata con Esordienti, Allievi e Juniores. Gli esordienti allenati da De Bastiani dopo un inizio da dimenticare hanno rialzato la testa portando a casa due vittorie nette nelle ultime due partite. In crisi, se cos\u00ec si pu\u00f2 definire, gli Allievi allenati da Orzetti. La squadra impegnata nel campionato regionale, dopo le prime 4 partite, non hanno ancora aggiunto punti alla classifica e sono il fanalino di coda del torneo a 0 punti. Bene invece la Juniores allenata da De Zaiacomo che nelle prime 3 uscite stagionali ha incamerato 3 vittorie e in questo momento si trova in testa al campionato provinciale. Siamo solo all&#8217;inizio della stagione e tutto pu\u00f2 ancora succedere. Intanto nel fine settimana si ritorna in campo per continuare i tornei giovanili.<\/p>\n<p>&nbsp;<\/p>\n<p>&nbsp;<\/p>\n<blockquote>\n<h3>LA RACCOLTA FONDI PER AIUTARE L&#8217;ALLEGHE HOCKEY<\/h3>\n<\/blockquote>\n<p><strong><a class=\"dt-pswp-item\" href=\"https:\/\/www.radiopiu.net\/wordpress\/wp-content\/uploads\/2022\/10\/543dd19e-af42-414d-a1af-32fe5af49bb7.jpg\" data-dt-img-description=\"\" data-large_image_width=\"1024\" data-large_image_height=\"860\"><img loading=\"lazy\" decoding=\"async\" class=\" wp-image-300498 alignleft\" src=\"https:\/\/www.radiopiu.net\/wordpress\/wp-content\/uploads\/2022\/10\/543dd19e-af42-414d-a1af-32fe5af49bb7-300x252.jpg\" alt=\"\" width=\"187\" height=\"157\" srcset=\"https:\/\/www.radiopiu.net\/wordpress\/wp-content\/uploads\/2022\/10\/543dd19e-af42-414d-a1af-32fe5af49bb7-300x252.jpg 300w, https:\/\/www.radiopiu.net\/wordpress\/wp-content\/uploads\/2022\/10\/543dd19e-af42-414d-a1af-32fe5af49bb7-768x645.jpg 768w, https:\/\/www.radiopiu.net\/wordpress\/wp-content\/uploads\/2022\/10\/543dd19e-af42-414d-a1af-32fe5af49bb7.jpg 1024w\" sizes=\"auto, (max-width: 187px) 100vw, 187px\" \/><\/a>ALLEGHE<\/strong> \u00c8 partita la raccolta fondi per aiutare l&#8217;Alleghe Hockey in questa stagione che, dopo la chiusura dello stadio Alvise De Toni, si preannuncia travagliata. La squadra alleghese dovr\u00e0 sostenere delle trasferte sia per allenarsi che per giocare le partite in programma. Per questo \u00e8 stata lanciata una raccolta fondi su Eppela dove chiunque pu\u00f2 fare la propria donazione alla societ\u00e0 per aiutarla a pagare le spese.<\/p>\n<p><strong>IL MESSAGGIO DELL&#8217;ALLEGHE HOCKEY<\/strong><\/p>\n<blockquote><p><em>Il nostro Palaghiaccio \u00e8 CHIUSO dal 2 ottobre 2022 per l&#8217;enorme aumento dei costi dell&#8217;energia. Questo significa che i nostri atleti, dai piccolissimi fino ai ragazzi della senior, non possono pi\u00f9 allenarsi n\u00e8 giocare sul nostro ghiaccio. Ma non possono soprattutto socializzare, imparare e fare attivit\u00e0 fisica con i propri compagni di squadra. Tutti noi siamo turbati da questa situazione, ma tutti insieme abbiamo reagito e cos\u00ec, rimboccandosi le maniche la Societ\u00e0 ha riorganizzato le attivit\u00e0, riuscendo a pianificare la gestione degli allenamenti negli stadi di altri Comuni. Cosa faremo con il contributo raccolto? La raccolta ci permetter\u00e0 di sostenere i costi per le continue trasferte dei nostri atleti.\u00a0<\/em><\/p><\/blockquote>\n<p><strong>CHI VOLESSE AIUTARE L&#8217;ALLEGHE HOCKEY PUO&#8217; FARLO NEI PUNTI RACCOLTA FONDI, BAR BIANCO AD ALLEGHE E CAFFE&#8217; MINIERE DI AGORDO. OPPURE TRAMITE LA RACCOLTA FONDI ONLINE DI EPPELA <a href=\"https:\/\/www.eppela.com\/projects\/9059\">CLICCANDO QUI<\/a><\/strong><\/p>\n<h2>IL MESSAGGIO DEGLI EX GIOCATORI<\/h2>\n<div style=\"width: 848px;\" class=\"wp-video\"><video class=\"wp-video-shortcode\" id=\"video-301378-1\" width=\"848\" height=\"480\" preload=\"metadata\" controls=\"controls\"><source type=\"video\/mp4\" src=\"https:\/\/www.radiopiu.net\/wordpress\/wp-content\/uploads\/2022\/10\/WhatsApp-Video-2022-10-08-at-13.20.26.mp4?_=1\" \/><a href=\"https:\/\/www.radiopiu.net\/wordpress\/wp-content\/uploads\/2022\/10\/WhatsApp-Video-2022-10-08-at-13.20.26.mp4\">https:\/\/www.radiopiu.net\/wordpress\/wp-content\/uploads\/2022\/10\/WhatsApp-Video-2022-10-08-at-13.20.26.mp4<\/a><\/video><\/div>\n<p>&nbsp;<\/p>\n<p>&nbsp;<\/p>\n<p>&nbsp;<\/p>\n<p>&nbsp;<\/p>\n<p>&nbsp;<\/p>\n<\/div>\n<\/div>\n<\/div>\n<\/div>\n<\/div>\n<\/div>\n<\/div>\n<\/div>\n<\/div>\n<\/div>\n","protected":false},"excerpt":{"rendered":"<p>RADIO PIU INFORMAZIONE il canale su TELEGRAM informazione di prima\u00a0\u00a0mano e in tempo reale. iscriviti ed aiutaci a farlo conoscere &nbsp; &nbsp; &nbsp; RIVAMONTE AGORDINO: Chiusura temporanea Ecocentro per manifestazione \u201cRiva l\u2019Oktoberfest\u201d AGORDO L\u2019Ecocentro di Rivamonte Agordino rimarr\u00e0 chiuso domani come richiesto dal Comune per consentire lo svolgimento della manifestazione denominata \u201cRiva l\u2019Oktoberfest\u201d. Si ricorda&hellip;<\/p>\n","protected":false},"author":4,"featured_media":301463,"comment_status":"closed","ping_status":"closed","sticky":false,"template":"","format":"standard","meta":{"_monsterinsights_skip_tracking":false,"_monsterinsights_sitenote_active":false,"_monsterinsights_sitenote_note":"","_monsterinsights_sitenote_category":0,"footnotes":""},"categories":[86,49],"tags":[],"class_list":["post-301378","post","type-post","status-publish","format-standard","has-post-thumbnail","hentry","category-gr","category-news-18","category-86","category-49","description-off"],"img_url":"https:\/\/www.radiopiu.net\/wordpress\/wp-content\/uploads\/2022\/10\/4-2.jpg","_links":{"self":[{"href":"https:\/\/www.radiopiu.net\/wordpress\/wp-json\/wp\/v2\/posts\/301378","targetHints":{"allow":["GET"]}}],"collection":[{"href":"https:\/\/www.radiopiu.net\/wordpress\/wp-json\/wp\/v2\/posts"}],"about":[{"href":"https:\/\/www.radiopiu.net\/wordpress\/wp-json\/wp\/v2\/types\/post"}],"author":[{"embeddable":true,"href":"https:\/\/www.radiopiu.net\/wordpress\/wp-json\/wp\/v2\/users\/4"}],"replies":[{"embeddable":true,"href":"https:\/\/www.radiopiu.net\/wordpress\/wp-json\/wp\/v2\/comments?post=301378"}],"version-history":[{"count":0,"href":"https:\/\/www.radiopiu.net\/wordpress\/wp-json\/wp\/v2\/posts\/301378\/revisions"}],"wp:featuredmedia":[{"embeddable":true,"href":"https:\/\/www.radiopiu.net\/wordpress\/wp-json\/wp\/v2\/media\/301463"}],"wp:attachment":[{"href":"https:\/\/www.radiopiu.net\/wordpress\/wp-json\/wp\/v2\/media?parent=301378"}],"wp:term":[{"taxonomy":"category","embeddable":true,"href":"https:\/\/www.radiopiu.net\/wordpress\/wp-json\/wp\/v2\/categories?post=301378"},{"taxonomy":"post_tag","embeddable":true,"href":"https:\/\/www.radiopiu.net\/wordpress\/wp-json\/wp\/v2\/tags?post=301378"}],"curies":[{"name":"wp","href":"https:\/\/api.w.org\/{rel}","templated":true}]}}