{"id":301482,"date":"2022-10-13T21:00:47","date_gmt":"2022-10-13T19:00:47","guid":{"rendered":"https:\/\/www.radiopiu.net\/wordpress\/?p=301482"},"modified":"2022-10-13T18:32:18","modified_gmt":"2022-10-13T16:32:18","slug":"zattieri-e-menadas-del-piave-hanno-aperto-strade-sullacqua-di-conoscenza-e-amicizia","status":"publish","type":"post","link":"https:\/\/www.radiopiu.net\/wordpress\/zattieri-e-menadas-del-piave-hanno-aperto-strade-sullacqua-di-conoscenza-e-amicizia\/","title":{"rendered":"ZATTIERI E MENADAS DEL PIAVE HANNO APERTO STRADE SULL\u2019ACQUA, DI CONOSCENZA E AMICIZIA"},"content":{"rendered":"<p><strong>di\u00a0 RENATO BONA<\/strong><\/p>\n<p>Conservo gelosamente nella biblioteca di famiglia una pubblicazione senza titolo (trenta pagine, su idea di Gianlugi Secco, impostazione grafica de I Belumat, marchi: Claudio Nevyel, stampa della Grafiche Antiga di Crocetta del Montello) che fu realizzata con il patrocinio dei Comuni di Belluno, Longarone e Ponte nelle Alpi, delle Comunit\u00e0 montane di Belluno e del Basso Cadore Longaronese Zoldano nonch\u00e9 dell\u2019Azienda di promozione turistica delle Prealpi Dolomiti Bellunesi. Oltre alla copertina, venne dedicato largo spazio alla manifestazione internazionale realizzata nel mese di giugno di trentatr\u00e9 anni fa \u201cBelluno 1989 Europa in Zattera\u201d con la preziosa collaborazione della \u201cFameia dei Zater e Menadas del Piave\u201d, associazione culturale costituita nel 1983 (con lo statuto ricavato dal pi\u00f9 antico della Corporazione degli Zattieri del Piave, approvato dal Doge Sebastiano Barbarigo il 3 agosto 1492, giorno della partenza di Cristoforo Colombo dal porto di Palos alla scoperta dell\u2019America). Vi parteciparono le delegazioni di otto associazioni di sei nazioni, discesa con tre zattere a tre copule da Ponte nelle Alpi a Trichiana.La pubblicazione si apre con il servizio a cura della Comunit\u00e0 montana Bellunese: \u201cBelluno: piccola storia\u201d cui segue quello dedicato ad \u201cEuropa in Zattera 1989\u201d con Giuseppe De Vecchi che sviluppava l\u2019argomento \u201cLa Piave fiume antico\u201d e di seguito, su consulenza di Cesare Enzo Losso, illustrava \u201cLa Menada\u201d ed il successivo (stesso consulente) \u201cCostruzione della zattera\u201d e di seguito, da un racconto di Cesare Cozzi \u201cViaggio in Zattera\u201d articolato in due tappe. Toccava poi a Gianluigi Secco con il capitolo \u201cEx voto sul Fiume\u201d, a Bartolomeo Zanenga con \u201cSulla Piave con Pierio Valeriano\u201d, alla \u201cFameja dei Zater e Menadas\u201d di Codissago con \u201cIl Museo degli Zattieri. Conclusione con il servizio curato da Gianluigi Secco su \u201cMostra: Maschere e Riti\u201d a proposito della rassegna (a Palazzo Crepadona dal 14 gennaio al 5 marzo 1989, poi ospitata dall\u20198 luglio al 27 agosto a Cencenighe Agordino a cura della Comunit\u00e0 Montana Agordina, prima di approdare a Venezia per il Carnevale del 1990), ed un commento di Giorgio Segato alla mostra di opere di Paolo Cavinato, ospitata alla Crepadona. Nell\u2019occasione, graditi ed ospitati nella pubblicazione furono gli interventi di autorit\u00e0 locali: il sindaco di Belluno Giovanni Crema a proposito del raduno ebbe ad evidenziare l\u2019impegno della civica amministrazione della \u201cCitta del Piave\u201d per \u201csostenere e salvaguardare un patrimonio culturale consolidatosi nella storia della Citt\u00e0 e della Provincia, che rappresenta un punto qualificante di quella \u2018civilt\u00e0 alpina\u2019 oggi oggetto di tanta attenzione per i suoi esemplari contenuti umani e sociali\u201d; il presidente della Comunit\u00e0 montana Bellunese, Luigi Reolon defin\u00ec Zattieri e Menadas \u201cuomini che hanno aperto strade, sull\u2019acqua, di conoscenza e di amicizia non solo sulla Piave ma per l\u2019intero mondo fluviale europeo&#8230; legati dall\u2019elemento naturale al di l\u00e0 del confine di stato o di lingua\u2026 che hanno voluto bene a questa loro pur dura necessit\u00e0, temerari ed incoscienti precursori dell\u2019Europa unita\u201d;il sindaco di Ponte nelle Alpi, Giovanni Bortot ricord\u00f2 fra l\u2019altro che \u201cIl \u2018Caricatore di Rai di Cadola\u2019 e il porto di Capo di Ponte erano punti importanti di lavoro per \u2018ligadori\u2019 e zattieri della nostra zona\u201d; a suo avviso la manifestazione \u201cassume grande rilievo anche per la partecipazione degli ospiti di altre Nazioni europee la cui storia ha avuto molte analogie con la nostra\u2026 e concorrer\u00e0 a consolidare e rendere pi\u00f9 stretti i vincoli di amicizia e di fraternit\u00e0 fra i popoli di queste Nazioni amiche\u201d; il sindaco di Castellavazzo, Valerio Zanne orgogliosamente sottoline\u00f2 che gli abitanti di Codissago nel tempo della ricostruzione che segu\u00ec la sciagura del Vajont, si proposero di ridare concreta evidenza anche a simboli tipo le possenti figure in pietra di Villa Malcolm, tra Castellavazzo e Codissago, opera dello scultore veneziano Urbano Nono e con tenace lavoro avviarono ricerche, studi, raccolte di materiali e testimonianze a cui oggi \u00e8 possibile accedere nel Museo etnografico degli Zattieri in Codissago; il presidente della Comunit\u00e0 montana Basso Cadore Longaronese Zoldano, Giovanni Boni. ribad\u00ec che l\u2019ente da lui presieduto \u00e8 sempre stato sensibile al profondo legame esistente tra le proprie montagne ed il fiume, ed ha operato con mostre e manifestazioni \u201cper la riscoperta dei pi\u00f9 radicati valori culturali e tradizionali, partendo dalla prima \u2018menada\u2019 del 1982 fino alla mostra \u2018Dai Monti alla Laguna\u2019 del 1988\u201d; infine il sindaco di Longarone, Gioacchino Bratti espresse soddisfazione per il rinnovarsi nelle acque del Piave del \u201csignificativo appuntamento degli Zattieri d\u2019Europa, uniti da un comune passato di nobili tradizioni ed ora anche da un sincero spirito di fratellanza che incontri come questo contribuiscono a rendere sempre pi\u00f9 saldo e cordiale\u201d ed in chiusura, rinnovava ai promotori dell\u2019iniziativa la gratitudine, ed il plauso ai protagonisti tutti.<\/p>\n\n\t\t\t<style type='text\/css'>\n\t\t\t\t#gallery-1 {\n\t\t\t\t\tmargin: auto;\n\t\t\t\t}\n\t\t\t\t#gallery-1 .gallery-item {\n\t\t\t\t\tfloat: left;\n\t\t\t\t\tmargin-top: 10px;\n\t\t\t\t\ttext-align: center;\n\t\t\t\t\twidth: 20%;\n\t\t\t\t}\n\t\t\t\t#gallery-1 img {\n\t\t\t\t\tborder: 2px solid #cfcfcf;\n\t\t\t\t}\n\t\t\t\t#gallery-1 .gallery-caption {\n\t\t\t\t\tmargin-left: 0;\n\t\t\t\t}\n\t\t\t\t\/* see gallery_shortcode() in wp-includes\/media.php *\/\n\t\t\t<\/style>\n\t\t<div id='gallery-1' class='dt-gallery-container gallery galleryid-301482 gallery-columns-5 gallery-size-thumbnail'><dl class='gallery-item'>\n\t\t\t\t<dt class='gallery-icon portrait'>\n\t\t\t\t\t<a class=\"rollover\" href='https:\/\/www.radiopiu.net\/wordpress\/giornale-radiopiu-14-ottobre-2022-direttore-mirko-mezzacasa\/310974396_793082455246226_7829253238946310424_n\/'><img loading=\"lazy\" decoding=\"async\" width=\"150\" height=\"150\" src=\"https:\/\/www.radiopiu.net\/wordpress\/wp-content\/uploads\/2022\/10\/310974396_793082455246226_7829253238946310424_n-150x150.jpg\" class=\"attachment-thumbnail size-thumbnail\" alt=\"\" \/><\/a>\n\t\t\t\t<\/dt><\/dl><dl class='gallery-item'>\n\t\t\t\t<dt class='gallery-icon portrait'>\n\t\t\t\t\t<a class=\"rollover\" href='https:\/\/www.radiopiu.net\/wordpress\/giornale-radiopiu-14-ottobre-2022-direttore-mirko-mezzacasa\/274775621_2000591583463491_6268397423004528536_n\/'><img loading=\"lazy\" decoding=\"async\" width=\"150\" height=\"150\" src=\"https:\/\/www.radiopiu.net\/wordpress\/wp-content\/uploads\/2022\/10\/274775621_2000591583463491_6268397423004528536_n-150x150.jpg\" class=\"attachment-thumbnail size-thumbnail\" alt=\"\" \/><\/a>\n\t\t\t\t<\/dt><\/dl><dl class='gallery-item'>\n\t\t\t\t<dt class='gallery-icon landscape'>\n\t\t\t\t\t<a class=\"rollover\" href='https:\/\/www.radiopiu.net\/wordpress\/giornale-radiopiu-14-ottobre-2022-direttore-mirko-mezzacasa\/310133837_490767456405962_5137116850435977011_n\/'><img loading=\"lazy\" decoding=\"async\" width=\"150\" height=\"150\" src=\"https:\/\/www.radiopiu.net\/wordpress\/wp-content\/uploads\/2022\/10\/310133837_490767456405962_5137116850435977011_n-150x150.jpg\" class=\"attachment-thumbnail size-thumbnail\" alt=\"\" \/><\/a>\n\t\t\t\t<\/dt><\/dl><dl class='gallery-item'>\n\t\t\t\t<dt class='gallery-icon landscape'>\n\t\t\t\t\t<a class=\"rollover\" href='https:\/\/www.radiopiu.net\/wordpress\/giornale-radiopiu-14-ottobre-2022-direttore-mirko-mezzacasa\/311245628_458888956085925_7581343937626603100_n\/'><img loading=\"lazy\" decoding=\"async\" width=\"150\" height=\"150\" src=\"https:\/\/www.radiopiu.net\/wordpress\/wp-content\/uploads\/2022\/10\/311245628_458888956085925_7581343937626603100_n-150x150.jpg\" class=\"attachment-thumbnail size-thumbnail\" alt=\"\" \/><\/a>\n\t\t\t\t<\/dt><\/dl><dl class='gallery-item'>\n\t\t\t\t<dt class='gallery-icon portrait'>\n\t\t\t\t\t<a class=\"rollover\" href='https:\/\/www.radiopiu.net\/wordpress\/giornale-radiopiu-14-ottobre-2022-direttore-mirko-mezzacasa\/310912010_1132132077397070_6775616475834323795_n\/'><img loading=\"lazy\" decoding=\"async\" width=\"150\" height=\"150\" src=\"https:\/\/www.radiopiu.net\/wordpress\/wp-content\/uploads\/2022\/10\/310912010_1132132077397070_6775616475834323795_n-150x150.jpg\" class=\"attachment-thumbnail size-thumbnail\" alt=\"\" \/><\/a>\n\t\t\t\t<\/dt><\/dl><br style=\"clear: both\" \/><dl class='gallery-item'>\n\t\t\t\t<dt class='gallery-icon portrait'>\n\t\t\t\t\t<a class=\"rollover\" href='https:\/\/www.radiopiu.net\/wordpress\/giornale-radiopiu-14-ottobre-2022-direttore-mirko-mezzacasa\/311417818_423747213237481_7731120739791097440_n\/'><img loading=\"lazy\" decoding=\"async\" width=\"150\" height=\"150\" src=\"https:\/\/www.radiopiu.net\/wordpress\/wp-content\/uploads\/2022\/10\/311417818_423747213237481_7731120739791097440_n-150x150.jpg\" class=\"attachment-thumbnail size-thumbnail\" alt=\"\" \/><\/a>\n\t\t\t\t<\/dt><\/dl><dl class='gallery-item'>\n\t\t\t\t<dt class='gallery-icon landscape'>\n\t\t\t\t\t<a class=\"rollover\" href='https:\/\/www.radiopiu.net\/wordpress\/giornale-radiopiu-14-ottobre-2022-direttore-mirko-mezzacasa\/280766705_789402325619349_8647366331941638430_n\/'><img loading=\"lazy\" decoding=\"async\" width=\"150\" height=\"150\" src=\"https:\/\/www.radiopiu.net\/wordpress\/wp-content\/uploads\/2022\/10\/280766705_789402325619349_8647366331941638430_n-150x150.jpg\" class=\"attachment-thumbnail size-thumbnail\" alt=\"\" \/><\/a>\n\t\t\t\t<\/dt><\/dl><dl class='gallery-item'>\n\t\t\t\t<dt class='gallery-icon landscape'>\n\t\t\t\t\t<a class=\"rollover\" href='https:\/\/www.radiopiu.net\/wordpress\/giornale-radiopiu-14-ottobre-2022-direttore-mirko-mezzacasa\/310934990_1094438297937983_2593439912389054154_n\/'><img loading=\"lazy\" decoding=\"async\" width=\"150\" height=\"150\" src=\"https:\/\/www.radiopiu.net\/wordpress\/wp-content\/uploads\/2022\/10\/310934990_1094438297937983_2593439912389054154_n-150x150.jpg\" class=\"attachment-thumbnail size-thumbnail\" alt=\"\" \/><\/a>\n\t\t\t\t<\/dt><\/dl><dl class='gallery-item'>\n\t\t\t\t<dt class='gallery-icon landscape'>\n\t\t\t\t\t<a class=\"rollover\" href='https:\/\/www.radiopiu.net\/wordpress\/giornale-radiopiu-14-ottobre-2022-direttore-mirko-mezzacasa\/311442163_1464731317380337_8160319016893839264_n\/'><img loading=\"lazy\" decoding=\"async\" width=\"150\" height=\"150\" src=\"https:\/\/www.radiopiu.net\/wordpress\/wp-content\/uploads\/2022\/10\/311442163_1464731317380337_8160319016893839264_n-150x150.jpg\" class=\"attachment-thumbnail size-thumbnail\" alt=\"\" \/><\/a>\n\t\t\t\t<\/dt><\/dl><dl class='gallery-item'>\n\t\t\t\t<dt class='gallery-icon landscape'>\n\t\t\t\t\t<a class=\"rollover\" href='https:\/\/www.radiopiu.net\/wordpress\/giornale-radiopiu-14-ottobre-2022-direttore-mirko-mezzacasa\/310884237_806111574058344_3746479207428861045_n\/'><img loading=\"lazy\" decoding=\"async\" width=\"150\" height=\"150\" src=\"https:\/\/www.radiopiu.net\/wordpress\/wp-content\/uploads\/2022\/10\/310884237_806111574058344_3746479207428861045_n-150x150.jpg\" class=\"attachment-thumbnail size-thumbnail\" alt=\"\" srcset=\"https:\/\/www.radiopiu.net\/wordpress\/wp-content\/uploads\/2022\/10\/310884237_806111574058344_3746479207428861045_n-150x150.jpg 150w, https:\/\/www.radiopiu.net\/wordpress\/wp-content\/uploads\/2022\/10\/310884237_806111574058344_3746479207428861045_n.jpg 206w\" sizes=\"auto, (max-width: 150px) 100vw, 150px\" \/><\/a>\n\t\t\t\t<\/dt><\/dl><br style=\"clear: both\" \/>\n\t\t\t<\/div>\n\n<p>NELLE FOTO: la copertina della pubblicazione ideata da Gianluigi Secco; discesa a valle di una zattera (foto Charles); Codice Paulini1608: Belluno ed i torrenti Ardo e Ma\u00e8; un tratto della Piave sempre dal Codice Paulini; zattieri impegnati nella \u201cmenada\u201d ovvero la fluitazione dei tronchi lungo la Piave; il simbolo del Museo etnografico degli Zattieri del Piave.<\/p>\n<p>&nbsp;<\/p>\n<p>&nbsp;<\/p>\n<p>__<\/p>\n","protected":false},"excerpt":{"rendered":"<p>di\u00a0 RENATO BONA Conservo gelosamente nella biblioteca di famiglia una pubblicazione senza titolo (trenta pagine, su idea di Gianlugi Secco, impostazione grafica de I Belumat, marchi: Claudio Nevyel, stampa della Grafiche Antiga di Crocetta del Montello) che fu realizzata con il patrocinio dei Comuni di Belluno, Longarone e Ponte nelle Alpi, delle Comunit\u00e0 montane di&hellip;<\/p>\n","protected":false},"author":4,"featured_media":301476,"comment_status":"closed","ping_status":"closed","sticky":false,"template":"","format":"standard","meta":{"_monsterinsights_skip_tracking":false,"_monsterinsights_sitenote_active":false,"_monsterinsights_sitenote_note":"","_monsterinsights_sitenote_category":0,"footnotes":""},"categories":[104,49],"tags":[],"class_list":["post-301482","post","type-post","status-publish","format-standard","has-post-thumbnail","hentry","category-evidenza_3","category-news-18","category-104","category-49","description-off"],"img_url":"https:\/\/www.radiopiu.net\/wordpress\/wp-content\/uploads\/2022\/10\/311417818_423747213237481_7731120739791097440_n.jpg","_links":{"self":[{"href":"https:\/\/www.radiopiu.net\/wordpress\/wp-json\/wp\/v2\/posts\/301482","targetHints":{"allow":["GET"]}}],"collection":[{"href":"https:\/\/www.radiopiu.net\/wordpress\/wp-json\/wp\/v2\/posts"}],"about":[{"href":"https:\/\/www.radiopiu.net\/wordpress\/wp-json\/wp\/v2\/types\/post"}],"author":[{"embeddable":true,"href":"https:\/\/www.radiopiu.net\/wordpress\/wp-json\/wp\/v2\/users\/4"}],"replies":[{"embeddable":true,"href":"https:\/\/www.radiopiu.net\/wordpress\/wp-json\/wp\/v2\/comments?post=301482"}],"version-history":[{"count":0,"href":"https:\/\/www.radiopiu.net\/wordpress\/wp-json\/wp\/v2\/posts\/301482\/revisions"}],"wp:featuredmedia":[{"embeddable":true,"href":"https:\/\/www.radiopiu.net\/wordpress\/wp-json\/wp\/v2\/media\/301476"}],"wp:attachment":[{"href":"https:\/\/www.radiopiu.net\/wordpress\/wp-json\/wp\/v2\/media?parent=301482"}],"wp:term":[{"taxonomy":"category","embeddable":true,"href":"https:\/\/www.radiopiu.net\/wordpress\/wp-json\/wp\/v2\/categories?post=301482"},{"taxonomy":"post_tag","embeddable":true,"href":"https:\/\/www.radiopiu.net\/wordpress\/wp-json\/wp\/v2\/tags?post=301482"}],"curies":[{"name":"wp","href":"https:\/\/api.w.org\/{rel}","templated":true}]}}