{"id":301500,"date":"2022-10-15T05:27:41","date_gmt":"2022-10-15T03:27:41","guid":{"rendered":"https:\/\/www.radiopiu.net\/wordpress\/?p=301500"},"modified":"2022-10-15T10:11:39","modified_gmt":"2022-10-15T08:11:39","slug":"giornale-radiopiu-15-ottobre-2022-direttore-mirko-mezzacasa","status":"publish","type":"post","link":"https:\/\/www.radiopiu.net\/wordpress\/giornale-radiopiu-15-ottobre-2022-direttore-mirko-mezzacasa\/","title":{"rendered":"GIORNALE RADIOPIU 15 OTTOBRE 2022 DIRETTORE MIRKO MEZZACASA"},"content":{"rendered":"<h3 class=\"kvgmc6g5 cxmmr5t8 oygrvhab hcukyx3x c1et5uql\"><span style=\"color: #0000ff;\"><strong>RADIO PIU INFORMAZIONE il canale su TELEGRAM informazione di prima\u00a0\u00a0<\/strong><strong>mano e in tempo reale. iscriviti ed aiutaci a farlo conoscere<\/strong><\/span><\/h3>\n<p>&nbsp;<\/p>\n<p>&nbsp;<\/p>\n<hr \/>\n<p>&nbsp;<\/p>\n<p><strong>RIVAMONTE AGORDINO: Chiusura temporanea Ecocentro per manifestazione \u201cRiva l\u2019Oktoberfest\u201d<\/strong><\/p>\n<p><strong>AGORDO<\/strong> L\u2019Ecocentro di Rivamonte Agordino rimarr\u00e0 chiuso oggi come richiesto dal Comune per consentire lo svolgimento della manifestazione denominata \u201cRiva l\u2019Oktoberfest\u201d. Si ricorda che le utenze possono accedere a qualsiasi Ecocentro del territorio dell\u2019Unione Montana Agordina, verificando sedi e orari di apertura nella pagina ECOCENTRO.<\/p>\n<p>&nbsp;<\/p>\n<p>&nbsp;<\/p>\n<hr \/>\n<p>&nbsp;<\/p>\n<blockquote>\n<blockquote>\n<h3>TORNA POTABILE L&#8217;ACQUA A TAIBON, COLLE SANTA LUCIA E LIVINALLONGO<\/h3>\n<\/blockquote>\n<\/blockquote>\n<p><strong>TAIBON <\/strong>Gestione Servizi Pubblici informa che a TAIBON AGORDINO in localit\u00e0 COL DE CARRERA l&#8217;acqua erogata dall&#8217;acquedotto \u00e8 di nuovo potabile e pu\u00f2 essere usata, quindi, per scopi alimentari<\/p>\n<p><strong>COLLE SANTA LUCIA<\/strong> Gestione Servizi Pubblici informa che a COLLE SANTA LUCIA in localit\u00e0 RUCAVA&#8217; l&#8217;acqua erogata dall&#8217;acquedotto \u00e8 di nuovo potabile e pu\u00f2 essere usata, quindi, per scopi alimentari.<\/p>\n<p><strong>LIVINALLONGO<\/strong> Gestione Servizi Pubblici informa che a LIVINALLONGO DEL COL DI LANA in localit\u00e0 VARDA l&#8217;acqua erogata dall&#8217;acquedotto \u00e8 di nuovo potabile e pu\u00f2 essere usata, quindi, per scopi alimentari.<\/p>\n<p>&nbsp;<\/p>\n<blockquote>\n<h3>INTERRUZIONI PROGRAMMATE A CENCENIGHE<\/h3>\n<\/blockquote>\n<p><strong>CENCENIGHE<\/strong> Gestione Servizi Pubblici informa che, per lavori alla rete idrica comunale, i giorni 18-19 OTTOBRE 2022 dalle ore 08:00 alle ore 17:00 potrebbe mancare l&#8217;acqua a CENCENIGHE AGORDINO, nelle vie MORBIACH e GHIRLO. Il personale addetto operer\u00e0 per limitare il pi\u00f9 possibile i disagi alla popolazione.<\/p>\n<p>&nbsp;<\/p>\n<p>&nbsp;<\/p>\n<p>&nbsp;<\/p>\n<hr \/>\n<p>&nbsp;<\/p>\n<blockquote>\n<h2>TRE CIME: ALPINISTA PRECIPITA E PERDE LA VITA, DIFFICILE IL RECUPERO<\/h2>\n<\/blockquote>\n<p><strong><a class=\"dt-pswp-item\" href=\"https:\/\/www.radiopiu.net\/wordpress\/wp-content\/uploads\/2022\/10\/salt_20221014_192426_432-1.jpg\" data-dt-img-description=\"\" data-large_image_width=\"1773\" data-large_image_height=\"2364\"><img loading=\"lazy\" decoding=\"async\" class=\"size-medium wp-image-301592 alignleft\" src=\"https:\/\/www.radiopiu.net\/wordpress\/wp-content\/uploads\/2022\/10\/salt_20221014_192426_432-1-225x300.jpg\" alt=\"\" width=\"225\" height=\"300\" srcset=\"https:\/\/www.radiopiu.net\/wordpress\/wp-content\/uploads\/2022\/10\/salt_20221014_192426_432-1-225x300.jpg 225w, https:\/\/www.radiopiu.net\/wordpress\/wp-content\/uploads\/2022\/10\/salt_20221014_192426_432-1-768x1024.jpg 768w, https:\/\/www.radiopiu.net\/wordpress\/wp-content\/uploads\/2022\/10\/salt_20221014_192426_432-1-1152x1536.jpg 1152w, https:\/\/www.radiopiu.net\/wordpress\/wp-content\/uploads\/2022\/10\/salt_20221014_192426_432-1-1536x2048.jpg 1536w, https:\/\/www.radiopiu.net\/wordpress\/wp-content\/uploads\/2022\/10\/salt_20221014_192426_432-1.jpg 1773w\" sizes=\"auto, (max-width: 225px) 100vw, 225px\" \/><\/a>AURONZO<\/strong> Un alpinista Martin Burgmann, appartenenente al Brd, il Soccorso alpino di San Candido \u00e8 precipitato ieri circa 300 metri dalla Ovest, delle Tre Cime di Lavaredo perdendo la vita in una stretta fessura tra la Cima Ovest e la Torre Comici, Molto impegnativo e lungo l&#8217;intervento di recupero. Attorno alle 12.30 la Centrale del Suem \u00e8 stata attivata dai quattro <img decoding=\"async\" class=\"alignright\" src=\"https:\/\/www.radiopiu.net\/wordpress\/wp-content\/uploads\/2022\/10\/Senza-nome-33.jpg\" \/>compagni , che, durante la discesa lungo la normale, meno di cento metri sotto la vetta, hanno visto l&#8217;amico inciampare lungo una cengia. L&#8217;elicottero del Suem di Pieve di Cadore arrivato sul posto, ha trovato gli amici che hanno indicato all&#8217;equipaggio il punto della caduta. Abbassandosi di quota lungo la verticale, i soccorritori hanno visto alcuni oggetti e poi individuato lo zaino in una stretta fessura lunga un&#8217;ottantina di metri, impossibile da avvicinare con l&#8217;elicottero, nemmeno utilizzando un verricello. Calato su una cengetta soprastante la fessura il tecnico di elisoccorso, l&#8217;eliambulanza \u00e8 volata imbarcare 4 soccorritori, del Soccorso alpino di Auronzo e della Guardia di finanza in supporto alle operazioni, per poi sbarcarli con il verricello dove si trovava il tecnico di elisoccorso, che nel frattempo aveva preparato l&#8217;ancoraggio per le corde fisse. I soccorritori, attrezzato il percorso, sono quindi scesi fino a raggiungere lo zaino e pi\u00f9 sotto ancora il corpo senza vita dell&#8217;uomo. La salma \u00e8 stata imbarellata, sollevata di una ventina di metri e portata in un punto dove \u00e8 potuto avvenire il recupero con un verricello di una settantina di metri. Il corpo \u00e8 stato quindi trasferito a valle. I 4 soccorritori rimasti in parete sono risaliti fino alla cengetta, per poter essere recuperati in una seconda rotazione dall&#8217;elicottero.<\/p>\n<p>&nbsp;<\/p>\n<hr \/>\n<p>&nbsp;<\/p>\n<blockquote>\n<h3>CICLISTA INVESTITO LUNGO LA 203 AGORDINA AL BIVIO PER LA VALLE<\/h3>\n<\/blockquote>\n<p><a class=\"dt-pswp-item\" href=\"https:\/\/www.radiopiu.net\/wordpress\/wp-content\/uploads\/2022\/10\/Senza-nome-34.jpg\" data-dt-img-description=\"\" data-large_image_width=\"155\" data-large_image_height=\"96\"><img loading=\"lazy\" decoding=\"async\" class=\"size-full wp-image-301624 alignleft\" src=\"https:\/\/www.radiopiu.net\/wordpress\/wp-content\/uploads\/2022\/10\/Senza-nome-34.jpg\" alt=\"\" width=\"155\" height=\"96\" \/><\/a><strong>AGORDO<\/strong> Un ciclista di 36 anni \u00e8 rimasto ferito ieri sera in seguito ad un incidente stradale. Erano le 18 quando in prossimit\u00e0 del mobilificio Roccon,\u00a0 al bivio per La Valle, si \u00e8 verificato lo scontro con un&#8217;auto. L&#8217;uomo \u00e8 stato sbalzato dalla bicicletta ed \u00e8 caduto pesantamente sull&#8217;asfalto.\u00a0 In suo\u00a0 aiuto ii sanitari dell&#8217;ospedale di Agordo. L&#8217;uomo, cosciente, \u00e8 stato medicato al pronto soccorso del nosocomio agordino.\u00a0 Sul posto anche i vigili del fuoco e i carabinieri di Falcade per i rilievi di legge<\/p>\n<p>&nbsp;<\/p>\n<p>&nbsp;<\/p>\n<hr \/>\n<p>&nbsp;<\/p>\n<blockquote>\n<h3>STRADA DI CAMPO-VALLESINE: APERTA!<\/h3>\n<\/blockquote>\n<p><strong>di GIANNI SANTOMASO<\/strong><\/p>\n<audio class=\"wp-audio-shortcode\" id=\"audio-301500-1\" preload=\"none\" style=\"width: 100%;\" controls=\"controls\"><source type=\"audio\/mpeg\" src=\"https:\/\/www.radiopiu.net\/wordpress\/wp-content\/uploads\/2022\/10\/STRADA-GIANNI.mp3?_=1\" \/><a href=\"https:\/\/www.radiopiu.net\/wordpress\/wp-content\/uploads\/2022\/10\/STRADA-GIANNI.mp3\">https:\/\/www.radiopiu.net\/wordpress\/wp-content\/uploads\/2022\/10\/STRADA-GIANNI.mp3<\/a><\/audio>\n<p>&nbsp;<\/p>\n<p><strong>CENCENIGHE<\/strong> La strada delle Vallesine dalla localit\u00e0 Campo (ponte per la centrale Enel) alla zona sportiva e alle scuole\u00a0 &#8211; passando per il cimitero &#8211; \u00e8 aperta! Asfaltata, completa del passaggio per i pedoni in sicurezza, pi\u00f9 lontano di sei metri dal torrente Cordevole (ora insiste sulla roccia). Presentiamo un lavoro da 1 milione e mezzo di euro che pone fine ai problemi qui causati da Vaia. Ne parliamo con il sindaco Mauro Soppelsa, tecnici e progettisti mentre gli operai del Comune tolgono le transenne. Ci scusiamo per i disturbi nella parte iniziali dovuti al forte vento, immancabile in zona.<\/p>\n<p>&nbsp;<\/p>\n<p>https:\/\/www.facebook.com\/marco.baghy.1\/videos\/3370376289905532<\/p>\n<p>&nbsp;<\/p>\n<hr \/>\n<p>&nbsp;<\/p>\n<blockquote>\n<h3>LAVORI IN FRAZIONE FADES<\/h3>\n<\/blockquote>\n<p>&nbsp;<\/p>\n<p><strong>LA VALLE<\/strong>\u00a0 Gli abitanti di Fades, per raggiungere a piedi le loro abitazioni dalla SP347 o dal centro paese, devono salire da Lantrago, oppure scendere da Cugnago lungo la viabilit\u00e0 comunale<\/p>\n\n\t\t\t<style type='text\/css'>\n\t\t\t\t#gallery-1 {\n\t\t\t\t\tmargin: auto;\n\t\t\t\t}\n\t\t\t\t#gallery-1 .gallery-item {\n\t\t\t\t\tfloat: left;\n\t\t\t\t\tmargin-top: 10px;\n\t\t\t\t\ttext-align: center;\n\t\t\t\t\twidth: 50%;\n\t\t\t\t}\n\t\t\t\t#gallery-1 img {\n\t\t\t\t\tborder: 2px solid #cfcfcf;\n\t\t\t\t}\n\t\t\t\t#gallery-1 .gallery-caption {\n\t\t\t\t\tmargin-left: 0;\n\t\t\t\t}\n\t\t\t\t\/* see gallery_shortcode() in wp-includes\/media.php *\/\n\t\t\t<\/style>\n\t\t<div id='gallery-1' class='dt-gallery-container gallery galleryid-301500 gallery-columns-2 gallery-size-thumbnail'><dl class='gallery-item'>\n\t\t\t\t<dt class='gallery-icon portrait'>\n\t\t\t\t\t<a class=\"rollover rollover-zoom dt-pswp-item\" title=\"3d41802e-90bd-47f4-9dc1-86450a758ca9\" data-dt-img-description=\"\" data-large_image_width=\"1200\" data-large_image_height=\"1600\"href='https:\/\/www.radiopiu.net\/wordpress\/wp-content\/uploads\/2022\/10\/3d41802e-90bd-47f4-9dc1-86450a758ca9.jpg'><img loading=\"lazy\" decoding=\"async\" width=\"150\" height=\"150\" src=\"https:\/\/www.radiopiu.net\/wordpress\/wp-content\/uploads\/2022\/10\/3d41802e-90bd-47f4-9dc1-86450a758ca9-150x150.jpg\" class=\"attachment-thumbnail size-thumbnail\" alt=\"\" \/><\/a>\n\t\t\t\t<\/dt><\/dl><dl class='gallery-item'>\n\t\t\t\t<dt class='gallery-icon landscape'>\n\t\t\t\t\t<a class=\"rollover rollover-zoom dt-pswp-item\" title=\"798e102f-b89a-4eb7-87d2-7734eae2fb85\" data-dt-img-description=\"\" data-large_image_width=\"1600\" data-large_image_height=\"1200\"href='https:\/\/www.radiopiu.net\/wordpress\/wp-content\/uploads\/2022\/10\/798e102f-b89a-4eb7-87d2-7734eae2fb85.jpg'><img loading=\"lazy\" decoding=\"async\" width=\"150\" height=\"150\" src=\"https:\/\/www.radiopiu.net\/wordpress\/wp-content\/uploads\/2022\/10\/798e102f-b89a-4eb7-87d2-7734eae2fb85-150x150.jpg\" class=\"attachment-thumbnail size-thumbnail\" alt=\"\" \/><\/a>\n\t\t\t\t<\/dt><\/dl><br style=\"clear: both\" \/>\n\t\t\t<\/div>\n\n<blockquote>\n<h3><\/h3>\n<h3>PONTE DEL FELICE A LA VALLE AGORDINA, CHIUSO FINO AL 24 OTTOBRE <strong>\u00a0<\/strong><\/h3>\n<\/blockquote>\n<p><strong>LA VALLE<\/strong> E&#8217; stata prorogata l&#8217;ordinanza di chiusura del ponte del Felice tra Crostolin di Agordo e il territorio comunale di La Valle Agordina (Ronche, Noach&#8230;) Ponte chiuso h24 fino al 24 ottobre, comunque fino alla conclusione dei lavori di ristrutturazione del ponte.<\/p>\n<p>&nbsp;<\/p>\n<hr \/>\n<p>&nbsp;<\/p>\n<blockquote>\n<h3>LA RIQUALIFICAZIONE DELLA PISCINA DI AGORDO CON I FONDI DI CONFINE ED A RIVAMONTE IL CAMPO DA TENNIS<\/h3>\n<\/blockquote>\n<p><img loading=\"lazy\" decoding=\"async\" class=\"alignleft\" src=\"https:\/\/www.radiopiu.net\/wordpress\/wp-content\/uploads\/2022\/10\/effd7233-acf9-427b-8068-b5477dd98dff.jpg\" width=\"164\" height=\"92\" \/><strong>RIVAMONTE<\/strong><\/p>\n<p><strong>GIANNI SANTOMASO<\/strong><\/p>\n<audio class=\"wp-audio-shortcode\" id=\"audio-301500-2\" preload=\"none\" style=\"width: 100%;\" controls=\"controls\"><source type=\"audio\/mpeg\" src=\"https:\/\/www.radiopiu.net\/wordpress\/wp-content\/uploads\/2022\/10\/GIANNI-RIVA-1.mp3?_=2\" \/><a href=\"https:\/\/www.radiopiu.net\/wordpress\/wp-content\/uploads\/2022\/10\/GIANNI-RIVA-1.mp3\">https:\/\/www.radiopiu.net\/wordpress\/wp-content\/uploads\/2022\/10\/GIANNI-RIVA-1.mp3<\/a><\/audio>\n<p>&nbsp;<\/p>\n<p>&nbsp;<\/p>\n<hr \/>\n<p>&nbsp;<\/p>\n<blockquote>\n<h3>SICUREZZA SUL LAVORO: DAL 17 AL 21 OTTOBRE SETTIMANA DI ASSEMBLEE NEI LUOGHI DI LAVORO PER RILANCIARE UNA STRATEGIA NAZIONALE<\/h3>\n<\/blockquote>\n<p><strong><a class=\"dt-pswp-item\" href=\"https:\/\/www.radiopiu.net\/wordpress\/wp-content\/uploads\/2020\/03\/SINDACATI.jpg\" data-dt-img-description=\"\" data-large_image_width=\"2048\" data-large_image_height=\"2048\"><img loading=\"lazy\" decoding=\"async\" class=\" wp-image-121809 alignleft\" src=\"https:\/\/www.radiopiu.net\/wordpress\/wp-content\/uploads\/2020\/03\/SINDACATI-300x300.jpg\" alt=\"\" width=\"181\" height=\"181\" srcset=\"https:\/\/www.radiopiu.net\/wordpress\/wp-content\/uploads\/2020\/03\/SINDACATI-300x300.jpg 300w, https:\/\/www.radiopiu.net\/wordpress\/wp-content\/uploads\/2020\/03\/SINDACATI-1024x1024.jpg 1024w, https:\/\/www.radiopiu.net\/wordpress\/wp-content\/uploads\/2020\/03\/SINDACATI-150x150.jpg 150w, https:\/\/www.radiopiu.net\/wordpress\/wp-content\/uploads\/2020\/03\/SINDACATI-768x768.jpg 768w, https:\/\/www.radiopiu.net\/wordpress\/wp-content\/uploads\/2020\/03\/SINDACATI-1536x1536.jpg 1536w, https:\/\/www.radiopiu.net\/wordpress\/wp-content\/uploads\/2020\/03\/SINDACATI.jpg 2048w\" sizes=\"auto, (max-width: 181px) 100vw, 181px\" \/><\/a>BELLUNO <\/strong>Sicurezza sul lavoro: al via luned\u00ec 17 una settimana di assemblee nei luoghi di lavoro anche a livello locale per rilanciare una strategia nazionale sulla sicurezza. La mobilitazione unitaria sui temi della salute e sicurezza nei luoghi di lavoro \u00e8 stata decisa dalle Segreterie nazionali di Cgil, Cisl e Uil facendo seguito a un appello inviato a tutte le forze politiche. La mobilitazione si concluder\u00e0 con una grande manifestazione unitaria sabato 22 ottobre in piazza Santi Apostoli a Roma, ma sono in preparazione anche iniziative territoriali come assemblee nei luoghi di lavoro.<\/p>\n<p>&nbsp;<\/p>\n<p>&nbsp;<\/p>\n<p><strong>MASSIMILIANO PAGLINI CISL &#8211; BELLUNO TREVISO<\/strong><\/p>\n<audio class=\"wp-audio-shortcode\" id=\"audio-301500-3\" preload=\"none\" style=\"width: 100%;\" controls=\"controls\"><source type=\"audio\/mpeg\" src=\"https:\/\/www.radiopiu.net\/wordpress\/wp-content\/uploads\/2022\/10\/massimiliano-paglini.mp3?_=3\" \/><a href=\"https:\/\/www.radiopiu.net\/wordpress\/wp-content\/uploads\/2022\/10\/massimiliano-paglini.mp3\">https:\/\/www.radiopiu.net\/wordpress\/wp-content\/uploads\/2022\/10\/massimiliano-paglini.mp3<\/a><\/audio>\n<p><strong>MAURO DE CARLI CGIL<\/strong><\/p>\n<audio class=\"wp-audio-shortcode\" id=\"audio-301500-4\" preload=\"none\" style=\"width: 100%;\" controls=\"controls\"><source type=\"audio\/mpeg\" src=\"https:\/\/www.radiopiu.net\/wordpress\/wp-content\/uploads\/2022\/10\/mauro-de-carli.mp3?_=4\" \/><a href=\"https:\/\/www.radiopiu.net\/wordpress\/wp-content\/uploads\/2022\/10\/mauro-de-carli.mp3\">https:\/\/www.radiopiu.net\/wordpress\/wp-content\/uploads\/2022\/10\/mauro-de-carli.mp3<\/a><\/audio>\n<p><strong>MICHELE FERRARO UIL<\/strong><\/p>\n<audio class=\"wp-audio-shortcode\" id=\"audio-301500-5\" preload=\"none\" style=\"width: 100%;\" controls=\"controls\"><source type=\"audio\/mpeg\" src=\"https:\/\/www.radiopiu.net\/wordpress\/wp-content\/uploads\/2022\/10\/michele-ferraro.mp3?_=5\" \/><a href=\"https:\/\/www.radiopiu.net\/wordpress\/wp-content\/uploads\/2022\/10\/michele-ferraro.mp3\">https:\/\/www.radiopiu.net\/wordpress\/wp-content\/uploads\/2022\/10\/michele-ferraro.mp3<\/a><\/audio>\n<p>&nbsp;<\/p>\n<p>&nbsp;<\/p>\n<hr \/>\n<p>&nbsp;<\/p>\n<blockquote>\n<h2>RISPARMIO ENERGETICO, LUXOTTICA &#8220;PICCOLE ACCORTEZZE PER CONTRIBUIRE A SALVAGUARDARE IL NOSTRO PIANETA&#8221;.<\/h2>\n<\/blockquote>\n<p><strong><img loading=\"lazy\" decoding=\"async\" class=\"alignleft\" src=\"https:\/\/www.radiopiu.net\/wordpress\/wp-content\/uploads\/2022\/06\/LUXOTTICA-LUTTO-3.jpg\" width=\"197\" height=\"111\" \/>AGORDO<\/strong> Per affrontare la crisi energetica in corso,\u00a0 anche EssilorLuxottica ha deciso di fare la sua parte, non solo applicando la &#8220;norma&#8221; ma anche mettendo in atto una serie di azioni per limitare gli sprechi ed efficientare i consumi, rafforzando il suo impegno nell&#8217;ambito della sostenibilit\u00e0 ambientale. Per iniziare,\u00a0 l&#8217;azienda segue le direttive nazionali definendo i nuovi limiti temporali di esercizio degli impianti termici di climatizzazione alimentati a gas naturale e la riduzione di un grado dei valori massimi delle temperature degli ambienti riscaldati.\u00a0 Tra le altre\u00a0 iniziative queste le principali: riduzione del riscaldamento nel periodo invernale in tutte le aree in linea con le indicazioni delle autorit\u00e0 pubbliche; ottimizzazione dell&#8217;utilizzo degli impianti e verifica dello spegnimento fuori dall&#8217;orario di lavoro; spegnimento automatico di tutti i dispositivi elettronici durante i periodi di non utilizzo anche nelle aree break.\u00a0 Alle maestranze Luxottica l&#8217;azienda ha inviato un messaggio <em>&#8220;Tutti noi possiamo fare la differenza, adottando un atteggiamento pi\u00f9 consapevole e attento alle nostre azioni quotidiane, sia nei luoghi di lavoro che a casa. Sar\u00e0 importante segnalare al responsabile eventuali suggerimenti o miglioramenti e seguire i consigli che saranno comunicati nella prossime settimane&#8221;.<\/em><\/p>\n<p>&nbsp;<\/p>\n<hr \/>\n<p>&nbsp;<\/p>\n<blockquote>\n<h2>M I S S I O N E C L I V E T privilegiando l&#8217;attenzione all&#8217;ambiente<\/h2>\n<\/blockquote>\n<p><strong><a class=\"dt-pswp-item\" href=\"https:\/\/www.radiopiu.net\/wordpress\/wp-content\/uploads\/2022\/10\/7d2abd75-b34c-4edc-8376-990d2b32e3ad-1.jpg\" data-dt-img-description=\"\" data-large_image_width=\"1600\" data-large_image_height=\"1066\"><img loading=\"lazy\" decoding=\"async\" class=\" wp-image-301606 alignleft\" src=\"https:\/\/www.radiopiu.net\/wordpress\/wp-content\/uploads\/2022\/10\/7d2abd75-b34c-4edc-8376-990d2b32e3ad-1-300x200.jpg\" alt=\"\" width=\"237\" height=\"158\" srcset=\"https:\/\/www.radiopiu.net\/wordpress\/wp-content\/uploads\/2022\/10\/7d2abd75-b34c-4edc-8376-990d2b32e3ad-1-300x200.jpg 300w, https:\/\/www.radiopiu.net\/wordpress\/wp-content\/uploads\/2022\/10\/7d2abd75-b34c-4edc-8376-990d2b32e3ad-1-1024x682.jpg 1024w, https:\/\/www.radiopiu.net\/wordpress\/wp-content\/uploads\/2022\/10\/7d2abd75-b34c-4edc-8376-990d2b32e3ad-1-768x512.jpg 768w, https:\/\/www.radiopiu.net\/wordpress\/wp-content\/uploads\/2022\/10\/7d2abd75-b34c-4edc-8376-990d2b32e3ad-1-1536x1023.jpg 1536w, https:\/\/www.radiopiu.net\/wordpress\/wp-content\/uploads\/2022\/10\/7d2abd75-b34c-4edc-8376-990d2b32e3ad-1.jpg 1600w\" sizes=\"auto, (max-width: 237px) 100vw, 237px\" \/><\/a>FELTRE<\/strong><\/p>\n<p><strong>MORENO GIOLI<\/strong><\/p>\n<p>&nbsp;<\/p>\n<audio class=\"wp-audio-shortcode\" id=\"audio-301500-6\" preload=\"none\" style=\"width: 100%;\" controls=\"controls\"><source type=\"audio\/mpeg\" src=\"https:\/\/www.radiopiu.net\/wordpress\/wp-content\/uploads\/2022\/10\/MORENO-CLIVET.mp3?_=6\" \/><a href=\"https:\/\/www.radiopiu.net\/wordpress\/wp-content\/uploads\/2022\/10\/MORENO-CLIVET.mp3\">https:\/\/www.radiopiu.net\/wordpress\/wp-content\/uploads\/2022\/10\/MORENO-CLIVET.mp3<\/a><\/audio>\n<h3><\/h3>\n<h3>Luca Martini, responsabile ricerca e sviluppo di clivet spa<\/h3>\n<audio class=\"wp-audio-shortcode\" id=\"audio-301500-7\" preload=\"none\" style=\"width: 100%;\" controls=\"controls\"><source type=\"audio\/mpeg\" src=\"https:\/\/www.radiopiu.net\/wordpress\/wp-content\/uploads\/2022\/10\/CLIVET-INTERVENTO.mp3?_=7\" \/><a href=\"https:\/\/www.radiopiu.net\/wordpress\/wp-content\/uploads\/2022\/10\/CLIVET-INTERVENTO.mp3\">https:\/\/www.radiopiu.net\/wordpress\/wp-content\/uploads\/2022\/10\/CLIVET-INTERVENTO.mp3<\/a><\/audio>\n<p>&nbsp;<\/p>\n<p>&nbsp;<\/p>\n<hr \/>\n<p>&nbsp;<\/p>\n<p>&nbsp;<\/p>\n<blockquote>\n<h3>ALTA FORMAZIONE, DOPO LA LUISS BUSINESS SCHOOL A BELLUNO ANCHE L\u2019UNIVERSITA\u2019 DI VERONA CON LA LAUREA TRIENNALE IN INFORMATICA<\/h3>\n<\/blockquote>\n<p><strong>BELLUNO<\/strong> Palazzo Bembo potrebbe ospitare gi\u00e0 dall\u2019anno accademico 2023-2024 il primo corso di laurea in informatica dell\u2019Universit\u00e0 di Verona con sede a Belluno. \u00c8 questo il progetto al quale stanno lavorando, il Prof. Matteo Cristani del Dipartimento di Informatica dell\u2019Universit\u00e0 di Verona, la consigliera Silvia Cestaro della Regione Veneto e Confindustria Belluno Dolomiti.\u00a0Il condizionale \u00e8 d\u2019obbligo, perch\u00e9 certezze ancora non ce ne sono. Ma tra i promotori dell\u2019iniziativa c\u2019\u00e8 cauto ottimismo.\u00a0 Il Comune di Belluno, con il sindaco Oscar De Pellegrin, ha gi\u00e0 espresso la sua approvazione e il suo interesse, cos\u00ec come il Consorzio dei Comuni Bim Piave. <em>\u201cConfindustria Belluno Dolomiti \u2013 afferma la presidente Lorraine Berton \u2013 ha creduto da subito in questo progetto, perch\u00e9 sappiamo qual \u00e8 la fame di competenze, soprattutto tecniche e informatiche delle nostre aziende. L\u2019attivazione di un corso di laurea in informatica sarebbe un ulteriore contributo alla realizzazione del polo dell\u2019alta formazione e dell\u2019innovazione a Palazzo Bembo!&#8221; <\/em>Da diversi mesi anche la Regione sta lavorando con l\u2019universit\u00e0 di Verona, Confindustria, aziende del territorio e portatori di interesse alla realizzazione di un \u201cPolo tecnologico della montagna come spiege\u00a0 la consigliera regionale Silvia Cestaro\u00a0<em> &#8220;Ovvero\u00a0 &#8211; continua &#8211; un sistema di rete che parta dall\u2019 offerta universitaria incentrata al mondo dell\u2019informatica con un contatto diretto al sistema produttivo provinciale e passando per una qualificazione\u00a0 dell\u2019istruzione superiore tramite\u00a0 quello che \u00e8 il sistema scolastico intermedio<\/em>.<em> La sinergia tra imprenditori, Regione Veneto, Comune di Belluno e Universit\u00e0 di Verona che in questi mesi si sta concretizzando anche economicamente \u00e8 l\u2019arma vincente per dare una risposta rapida e concreta ad un\u2019esigenza che \u00e8 in questo momento ineludibile\u201d.<\/em><\/p>\n<p>&nbsp;<\/p>\n<hr \/>\n<p>&nbsp;<\/p>\n<p align=\"CENTER\"><strong><span style=\"color: #000000;\">COLLAUDATO E APERTO IL PARCHEGGIO DI QUARTIER CADORE <\/span><\/strong><\/p>\n<p align=\"CENTER\"><strong><span style=\"color: #000000;\">Sindaco: \u201cStiamo lavorando per le frazioni su pi\u00f9 fronti\u201d<\/span><\/strong><\/p>\n<p><strong>IL SINDACO OSCAR DE PELLEGRIN<\/strong><\/p>\n<div style=\"width: 640px;\" class=\"wp-video\"><video class=\"wp-video-shortcode\" id=\"video-301500-1\" width=\"640\" height=\"352\" preload=\"metadata\" controls=\"controls\"><source type=\"video\/mp4\" src=\"https:\/\/www.radiopiu.net\/wordpress\/wp-content\/uploads\/2022\/10\/Parcheggio-Quartier-Cadore.mp4?_=1\" \/><a href=\"https:\/\/www.radiopiu.net\/wordpress\/wp-content\/uploads\/2022\/10\/Parcheggio-Quartier-Cadore.mp4\">https:\/\/www.radiopiu.net\/wordpress\/wp-content\/uploads\/2022\/10\/Parcheggio-Quartier-Cadore.mp4<\/a><\/video><\/div>\n<p>&nbsp;<\/p>\n<hr \/>\n<blockquote><p><a class=\"dt-pswp-item\" href=\"https:\/\/www.radiopiu.net\/wordpress\/wp-content\/uploads\/2022\/10\/6871483f-67e9-4120-95ee-5d1d3df18914.jpg\" data-dt-img-description=\"\" data-large_image_width=\"800\" data-large_image_height=\"800\"><img loading=\"lazy\" decoding=\"async\" class=\"size-medium wp-image-301608 aligncenter\" src=\"https:\/\/www.radiopiu.net\/wordpress\/wp-content\/uploads\/2022\/10\/6871483f-67e9-4120-95ee-5d1d3df18914-300x300.jpg\" alt=\"\" width=\"300\" height=\"300\" srcset=\"https:\/\/www.radiopiu.net\/wordpress\/wp-content\/uploads\/2022\/10\/6871483f-67e9-4120-95ee-5d1d3df18914-300x300.jpg 300w, https:\/\/www.radiopiu.net\/wordpress\/wp-content\/uploads\/2022\/10\/6871483f-67e9-4120-95ee-5d1d3df18914-150x150.jpg 150w, https:\/\/www.radiopiu.net\/wordpress\/wp-content\/uploads\/2022\/10\/6871483f-67e9-4120-95ee-5d1d3df18914-768x768.jpg 768w, https:\/\/www.radiopiu.net\/wordpress\/wp-content\/uploads\/2022\/10\/6871483f-67e9-4120-95ee-5d1d3df18914.jpg 800w\" sizes=\"auto, (max-width: 300px) 100vw, 300px\" \/><\/a><\/p><\/blockquote>\n<blockquote class=\"wp-embedded-content\" data-secret=\"XBdOCFt9rr\"><p><a href=\"https:\/\/www.radiopiu.net\/wordpress\/aziendazeroottobre14\/\">SONO 5415 I NUOVI POSITIVI IN VENETO DELLE ULTIME 24 ORE. RICOVERI IN AUMENTO E 9 DECESSI<\/a><\/p><\/blockquote>\n<p><iframe loading=\"lazy\" class=\"wp-embedded-content\" sandbox=\"allow-scripts\" security=\"restricted\" style=\"position: absolute; clip: rect(1px, 1px, 1px, 1px);\" title=\"&#8220;SONO 5415 I NUOVI POSITIVI IN VENETO DELLE ULTIME 24 ORE. RICOVERI IN AUMENTO E 9 DECESSI&#8221; &#8212; Radio Pi\u00f9\" src=\"https:\/\/www.radiopiu.net\/wordpress\/aziendazeroottobre14\/embed\/#?secret=6dymMMVPhI#?secret=XBdOCFt9rr\" data-secret=\"XBdOCFt9rr\" width=\"600\" height=\"338\" frameborder=\"0\" marginwidth=\"0\" marginheight=\"0\" scrolling=\"no\"><\/iframe><\/p>\n<p>&nbsp;<\/p>\n<h2>I GRAFICI DI TIZIANO DE COL<\/h2>\n\n\t\t\t<style type='text\/css'>\n\t\t\t\t#gallery-2 {\n\t\t\t\t\tmargin: auto;\n\t\t\t\t}\n\t\t\t\t#gallery-2 .gallery-item {\n\t\t\t\t\tfloat: left;\n\t\t\t\t\tmargin-top: 10px;\n\t\t\t\t\ttext-align: center;\n\t\t\t\t\twidth: 33%;\n\t\t\t\t}\n\t\t\t\t#gallery-2 img {\n\t\t\t\t\tborder: 2px solid #cfcfcf;\n\t\t\t\t}\n\t\t\t\t#gallery-2 .gallery-caption {\n\t\t\t\t\tmargin-left: 0;\n\t\t\t\t}\n\t\t\t\t\/* see gallery_shortcode() in wp-includes\/media.php *\/\n\t\t\t<\/style>\n\t\t<div id='gallery-2' class='dt-gallery-container gallery galleryid-301500 gallery-columns-3 gallery-size-thumbnail'><dl class='gallery-item'>\n\t\t\t\t<dt class='gallery-icon landscape'>\n\t\t\t\t\t<a class=\"rollover rollover-zoom dt-pswp-item\" title=\"31fe151c-83f0-45f2-a9a3-6bfbeae5efea\" data-dt-img-description=\"\" data-large_image_width=\"602\" data-large_image_height=\"361\"href='https:\/\/www.radiopiu.net\/wordpress\/wp-content\/uploads\/2022\/10\/31fe151c-83f0-45f2-a9a3-6bfbeae5efea.jpg'><img loading=\"lazy\" decoding=\"async\" width=\"150\" height=\"150\" src=\"https:\/\/www.radiopiu.net\/wordpress\/wp-content\/uploads\/2022\/10\/31fe151c-83f0-45f2-a9a3-6bfbeae5efea-150x150.jpg\" class=\"attachment-thumbnail size-thumbnail\" alt=\"\" \/><\/a>\n\t\t\t\t<\/dt><\/dl><dl class='gallery-item'>\n\t\t\t\t<dt class='gallery-icon landscape'>\n\t\t\t\t\t<a class=\"rollover rollover-zoom dt-pswp-item\" title=\"fd8f0e1c-e6c7-4b9e-89dc-ef476615cfbb\" data-dt-img-description=\"\" data-large_image_width=\"593\" data-large_image_height=\"364\"href='https:\/\/www.radiopiu.net\/wordpress\/wp-content\/uploads\/2022\/10\/fd8f0e1c-e6c7-4b9e-89dc-ef476615cfbb.jpg'><img loading=\"lazy\" decoding=\"async\" width=\"150\" height=\"150\" src=\"https:\/\/www.radiopiu.net\/wordpress\/wp-content\/uploads\/2022\/10\/fd8f0e1c-e6c7-4b9e-89dc-ef476615cfbb-150x150.jpg\" class=\"attachment-thumbnail size-thumbnail\" alt=\"\" \/><\/a>\n\t\t\t\t<\/dt><\/dl><dl class='gallery-item'>\n\t\t\t\t<dt class='gallery-icon landscape'>\n\t\t\t\t\t<a class=\"rollover rollover-zoom dt-pswp-item\" title=\"5bde7858-0649-4f6d-b834-9a34683b1874\" data-dt-img-description=\"\" data-large_image_width=\"606\" data-large_image_height=\"361\"href='https:\/\/www.radiopiu.net\/wordpress\/wp-content\/uploads\/2022\/10\/5bde7858-0649-4f6d-b834-9a34683b1874.jpg'><img loading=\"lazy\" decoding=\"async\" width=\"150\" height=\"150\" src=\"https:\/\/www.radiopiu.net\/wordpress\/wp-content\/uploads\/2022\/10\/5bde7858-0649-4f6d-b834-9a34683b1874-150x150.jpg\" class=\"attachment-thumbnail size-thumbnail\" alt=\"\" \/><\/a>\n\t\t\t\t<\/dt><\/dl><br style=\"clear: both\" \/><dl class='gallery-item'>\n\t\t\t\t<dt class='gallery-icon landscape'>\n\t\t\t\t\t<a class=\"rollover rollover-zoom dt-pswp-item\" title=\"f7bf7172-5dd3-4ef8-ba0c-cfeec5ba2ca1\" data-dt-img-description=\"\" data-large_image_width=\"604\" data-large_image_height=\"370\"href='https:\/\/www.radiopiu.net\/wordpress\/wp-content\/uploads\/2022\/10\/f7bf7172-5dd3-4ef8-ba0c-cfeec5ba2ca1.jpg'><img loading=\"lazy\" decoding=\"async\" width=\"150\" height=\"150\" src=\"https:\/\/www.radiopiu.net\/wordpress\/wp-content\/uploads\/2022\/10\/f7bf7172-5dd3-4ef8-ba0c-cfeec5ba2ca1-150x150.jpg\" class=\"attachment-thumbnail size-thumbnail\" alt=\"\" \/><\/a>\n\t\t\t\t<\/dt><\/dl><dl class='gallery-item'>\n\t\t\t\t<dt class='gallery-icon landscape'>\n\t\t\t\t\t<a class=\"rollover rollover-zoom dt-pswp-item\" title=\"3dc33c15-99b0-4f02-8f2d-37f682b0ee55\" data-dt-img-description=\"\" data-large_image_width=\"616\" data-large_image_height=\"358\"href='https:\/\/www.radiopiu.net\/wordpress\/wp-content\/uploads\/2022\/10\/3dc33c15-99b0-4f02-8f2d-37f682b0ee55.jpg'><img loading=\"lazy\" decoding=\"async\" width=\"150\" height=\"150\" src=\"https:\/\/www.radiopiu.net\/wordpress\/wp-content\/uploads\/2022\/10\/3dc33c15-99b0-4f02-8f2d-37f682b0ee55-150x150.jpg\" class=\"attachment-thumbnail size-thumbnail\" alt=\"\" \/><\/a>\n\t\t\t\t<\/dt><\/dl><dl class='gallery-item'>\n\t\t\t\t<dt class='gallery-icon landscape'>\n\t\t\t\t\t<a class=\"rollover rollover-zoom dt-pswp-item\" title=\"de481bf2-e8f4-4e9b-a237-1e2168909502\" data-dt-img-description=\"\" data-large_image_width=\"610\" data-large_image_height=\"365\"href='https:\/\/www.radiopiu.net\/wordpress\/wp-content\/uploads\/2022\/10\/de481bf2-e8f4-4e9b-a237-1e2168909502.jpg'><img loading=\"lazy\" decoding=\"async\" width=\"150\" height=\"150\" src=\"https:\/\/www.radiopiu.net\/wordpress\/wp-content\/uploads\/2022\/10\/de481bf2-e8f4-4e9b-a237-1e2168909502-150x150.jpg\" class=\"attachment-thumbnail size-thumbnail\" alt=\"\" \/><\/a>\n\t\t\t\t<\/dt><\/dl><br style=\"clear: both\" \/>\n\t\t\t<\/div>\n\n<hr \/>\n<p>&nbsp;<\/p>\n<p>&nbsp;<\/p>\n<blockquote>\n<h2><strong>PUNTO TAMPONI STRAORDINARIO\u00a0 A PALUDI\u00a0 <\/strong><\/h2>\n<\/blockquote>\n<p><strong>\u00a0BELLUNO\u00a0 <\/strong>L\u2019Ulss Dolomiti attiva per domani dalle 8.30 alle 12.30 un punto tamponi a Paludi per persone con sintomatologia covid,ad\u00a0 accesso libero. Sar\u00e0 presente un operatore sanitario per il triage all\u2019ingresso.<\/p>\n<p>&nbsp;<\/p>\n<hr \/>\n<p>&nbsp;<\/p>\n<blockquote>\n<h3>IN VENETO LA CAMPAGNA VACCINALE PARTE IL 17 OTTOBRE<\/h3>\n<\/blockquote>\n<p><strong><a class=\"dt-pswp-item\" href=\"https:\/\/www.radiopiu.net\/wordpress\/wp-content\/uploads\/2020\/06\/vaccino.jpg\" data-dt-img-description=\"\" data-large_image_width=\"1920\" data-large_image_height=\"1280\"><img loading=\"lazy\" decoding=\"async\" class=\" wp-image-143923 alignleft\" src=\"https:\/\/www.radiopiu.net\/wordpress\/wp-content\/uploads\/2020\/06\/vaccino-300x200.jpg\" alt=\"\" width=\"166\" height=\"110\" srcset=\"https:\/\/www.radiopiu.net\/wordpress\/wp-content\/uploads\/2020\/06\/vaccino-300x200.jpg 300w, https:\/\/www.radiopiu.net\/wordpress\/wp-content\/uploads\/2020\/06\/vaccino-1024x683.jpg 1024w, https:\/\/www.radiopiu.net\/wordpress\/wp-content\/uploads\/2020\/06\/vaccino-768x512.jpg 768w, https:\/\/www.radiopiu.net\/wordpress\/wp-content\/uploads\/2020\/06\/vaccino-1536x1024.jpg 1536w, https:\/\/www.radiopiu.net\/wordpress\/wp-content\/uploads\/2020\/06\/vaccino.jpg 1920w\" sizes=\"auto, (max-width: 166px) 100vw, 166px\" \/><\/a>VENEZIA <\/strong>\u201c<em>La campagna vaccinale antinfluenzale 2022-2023 inizier\u00e0 in Veneto il 17 ottobre e sar\u00e0 condotta secondo le indicazioni del Ministero della Salute. Come Regione abbiamo messo a disposizione del sistema sanitario 900 mila dosi di vaccino, che sar\u00e0 in distribuzione presso tutte le realt\u00e0 coinvolte nella campagna: ambulatori vaccinali delle Ullss, Medici di Medicina Generale, Pediatri di Libera Scelta e in alcune Farmacie aderenti. Sono anche disponibile seimila dosi (aumentabili) di vaccino in spray nasale per i bambini da 2 a 6 anni<\/em>\u201d. Lo comunica l\u2019Assessore alla Sanit\u00e0, Manuela Lanzarin, dopo che la Direzione Prevenzione ha completato il complesso iter organizzativo. La vaccinazione antinfluenzale sar\u00e0 offerta gratuitamente a persone ad alto rischio di complicanze o ricoveri correlati, soggetti da 60 anni in avanti, addetti ai servizi pubblici di interesse collettivo primario e categorie di lavoratori, personale che \u00e8 a contatto con animali, donatori di sangue, bambini sani nella fascia d\u2019et\u00e0 6 mesi-6anni<\/p>\n<p>&nbsp;<\/p>\n<p>&nbsp;<\/p>\n<hr \/>\n<p>&nbsp;<\/p>\n<blockquote>\n<h3>TRENTACINQUE ANNI DI ATTIVITA\u2019 DELL\u2019AIPD BELLUNO<\/h3>\n<\/blockquote>\n<p><strong><a class=\"dt-pswp-item\" href=\"https:\/\/www.radiopiu.net\/wordpress\/wp-content\/uploads\/2022\/10\/gruppo-con-Alpini.jpg\" data-dt-img-description=\"\" data-large_image_width=\"750\" data-large_image_height=\"500\"><img loading=\"lazy\" decoding=\"async\" class=\" wp-image-301549 alignleft\" src=\"https:\/\/www.radiopiu.net\/wordpress\/wp-content\/uploads\/2022\/10\/gruppo-con-Alpini-300x200.jpg\" alt=\"\" width=\"173\" height=\"115\" srcset=\"https:\/\/www.radiopiu.net\/wordpress\/wp-content\/uploads\/2022\/10\/gruppo-con-Alpini-300x200.jpg 300w, https:\/\/www.radiopiu.net\/wordpress\/wp-content\/uploads\/2022\/10\/gruppo-con-Alpini.jpg 750w\" sizes=\"auto, (max-width: 173px) 100vw, 173px\" \/><\/a>FELTRE <\/strong>Domenica 9 ottobre , Giornata Nazionale delle Persone con sindrome di Down, l\u2019AIPD (Associazione Italiana Persone con sindrome di Down) della provincia di Belluno, con il Club \u201cAmici della Topolino\u201d di Belluno si \u00e8 ritrovata per il tradizionale \u201ctour\u201d per le strade della provincia, con quindici Topolino e Giardinette, ciascuna ospitante un giovane con sindrome di Down; quest\u2019anno la partenza \u00e8 stata da Piazza dei Martiri a Belluno, con percorso attraverso la pedemontana della destra Piave, tappa a Feltre ed arrivo a Lamon. In ciascuno di questi centri c\u2019era un banchetto espositivo dell\u2019Associazione, gestito dai soci AIPD, con la collaborazione di volontari e per ciascuna tappa l\u2019iniziativa \u00e8 stata salutata da rappresentanti delle rispettive Amministrazioni comunali. Archiviata questa bella giornata, ora l\u2019AIPD presenta un\u2019altra iniziativa perch\u00e9 quest\u2019anno ricorrono i 35 anni della sua nascita in provincia di Belluno, allora con il nome di Associazione Bambini Down (analogamente a quella nazionale di riferimento). Si \u00e8 pensato ad un concerto di musica leggera, invitando il Gruppo fiorentino \u201cTrain de Vie\u201d, da sempre impegnato ed attivo\u00a0 nel sociale, e che gi\u00e0 aveva cantato e suonato per l\u2019AIPD locale, in altre due occasioni, a Sedico ed a Belluno. Anche per i \u201cTrain de Vie\u201d si tratta di un compleanno: vent\u2019 anni di attivit\u00e0, e \u201cVenti\u201d \u00e8 il titolo del loro ultimo disco, con sei pezzi inediti della loro musica folk, caratterizzata dall\u2019alternarsi di ballate dal sapore pi\u00f9 intimo e struggente e ritmi pi\u00f9 veloci e gioiosi. Il Concerto si terr\u00e0 sabato 22 ottobre alle ore 20.30 presso l\u2019Auditorium dell\u2019Istituto Canossiano a Feltre. Far\u00e0 gli onori di casa, con l\u2019apertura musicale, il Gruppo \u201cValter Feltrin Band\u201d. L\u2019evento ha il patrocinio ed il contributo dell\u2019Amministrazione Comunale di Feltre e della Banca \u201cPrealpi San Biagio\u201d, e la collaborazione di \u201cDoriguzzi Hotel\u201d. Per una ottimale organizzazione sono gradite le prenotazioni ai seguenti indirizzi: vainerlucchetta@gmail.com e, tramite whatsApp, al numero:3405945734<\/p>\n<p>&nbsp;<\/p>\n<hr \/>\n<p>&nbsp;<\/p>\n<h1 align=\"CENTER\"><b>Nuova edizione del mercatino di San Martino a Salce<\/b><\/h1>\n<p align=\"JUSTIFY\"><b><a class=\"dt-pswp-item\" href=\"https:\/\/www.radiopiu.net\/wordpress\/wp-content\/uploads\/2022\/10\/e2c421bc-985f-4a78-87fe-7fa060d662d2.jpg\" data-dt-img-description=\"\" data-large_image_width=\"800\" data-large_image_height=\"600\"><img loading=\"lazy\" decoding=\"async\" class=\" wp-image-301598 alignleft\" src=\"https:\/\/www.radiopiu.net\/wordpress\/wp-content\/uploads\/2022\/10\/e2c421bc-985f-4a78-87fe-7fa060d662d2-300x225.jpg\" alt=\"\" width=\"287\" height=\"215\" srcset=\"https:\/\/www.radiopiu.net\/wordpress\/wp-content\/uploads\/2022\/10\/e2c421bc-985f-4a78-87fe-7fa060d662d2-300x225.jpg 300w, https:\/\/www.radiopiu.net\/wordpress\/wp-content\/uploads\/2022\/10\/e2c421bc-985f-4a78-87fe-7fa060d662d2-768x576.jpg 768w, https:\/\/www.radiopiu.net\/wordpress\/wp-content\/uploads\/2022\/10\/e2c421bc-985f-4a78-87fe-7fa060d662d2.jpg 800w\" sizes=\"auto, (max-width: 287px) 100vw, 287px\" \/><\/a>BELLUNO <\/b>Ritorna il \u201cMercatino di San Martino\u201d a Salce (Belluno), una delle pi\u00f9 belle feste paesane del periodo autunnale. In pi\u00f9 di 35 anni di storia il mercatino continua ancor oggi ad unire occasioni di intrattenimento e solidariet\u00e0. L\u2019appuntamento, sempre nel rispetto delle normative anti contagio, in questo 2022 \u00e8 per domenica 6 novembre presso il campo sportivo di Salce \u2013 \u201ccasetta degli Alpini\u201d con inizio alle ore 9.00. Saranno a disposizione dei visitatori non solo prodotti ortofrutticoli locali, ma anche prodotti dolciari come i tipici crostoli, le torte, i biscotti e gli oggetti frutto dell\u2019artigianato locale. Una delle chicche pi\u00f9 apprezzate dai visitatori sono i prodotti \u201ctake-away\u201d come i pasticci pronti da infornare, le trippe, i canederli e molto altro ancora. Anche quest\u2019anno, sulla scia della consolidata esperienza dello scorso anno, per facilitare la vendita ed evitare assembramenti alcuni prodotti sono pre ordinabili al telefono o online: trovate tutte le informazioni utili nel sito www.parrocchiadisalce.it. Alle 12.00 spiedo di San Martino: si potr\u00e0 prenotare fino ad esaurimento delle porzioni disponibili. Se il tempo concede una bella giornata di sole ci saranno anche tavoli all\u2019aperto con un men\u00f9 \u201calla carta\u201d vario e prelibato! Il ricavato della manifestazione sar\u00e0 devoluto alla Scuola Materna Parrocchiale per il suo sostentamento e per la costituzione di un fondo di solidariet\u00e0 per le famiglie della parrocchia in difficolt\u00e0 economica. Non resta, quindi, che andare tutti, ma proprio tutti, all\u2019Asilo di Salce (Belluno) e trascorrere una serena giornata in compagnia di amici e parenti domenica 6 novembre!<\/p>\n<p>&nbsp;<\/p>\n<p>&nbsp;<\/p>\n<hr \/>\n<p>&nbsp;<\/p>\n<blockquote>\n<h3>IL COMUNE DI FELTRE APRE UN BANDO PER IL SOSTEGNO AGLI AFFITTI<\/h3>\n<\/blockquote>\n<p><strong>FELTRE <\/strong>A seguito di delibera regionale, \u00e8 stato pubblicato il Bando relativo all&#8217;anno 2022 per il sostegno all\u2019accesso alle abitazioni in locazione. Le domande potranno essere recapitate\u00a0 fino alle 11.30 del 7 novembre. Per informazioni \u00e8 possibile chiamare i servizi sociali comunali gestiti da Azienda Feltrina per i Servizi alla Persona tel. 0439 885982.<\/p>\n<p>&nbsp;<\/p>\n<p>&nbsp;<\/p>\n<hr \/>\n<p>&nbsp;<\/p>\n<blockquote>\n<h3>CONCORSO LETTERARIO &#8220;RACCONTARE L&#8217;EMIGRAZIONE VENETA&#8221;<\/h3>\n<\/blockquote>\n<p><strong>BELLUNO\u00a0<\/strong> Prima edizione del concorso letterario \u201cRaccontare l\u2019emigrazione veneta\u201d promosso dall\u2019Associazione Bellunesi nel Mondo. C\u2019\u00e8 tempo infatti fino al 4 novembre per inviare il proprio racconto.\u2028Il concorso \u00e8 dedicato a racconti inediti e originali, reali o di fantasia, in lingua italiana, aventi a tema, appunto, l&#8217;emigrazione veneta, storica e attuale. \u2028La partecipazione, gratuita, \u00e8 aperta a chiunque abbia almeno sedici anni. Una giuria selezioner\u00e0 entro il 25 novembre i dieci racconti finalisti, e tra questi dieci sceglier\u00e0 i primi tre classificati.\u00a0 Per maggiori informazioni \u00e8 inoltre possibile contattare la sede Abm ai seguenti recapiti: tel. 0437 941160; email: <a class=\"moz-txt-link-abbreviated\" href=\"mailto:concorsoemigrazione@bellunesinelmondo.it\">concorsoemigrazione@bellunesinelmondo.it<\/a>.<\/p>\n<p>&nbsp;<\/p>\n<p>&nbsp;<\/p>\n<hr \/>\n<p>&nbsp;<\/p>\n<blockquote>\n<h3>LE GIORNATE D&#8217;AUTUNNO DEL FAI FANNO TAPPA A MEL<\/h3>\n<\/blockquote>\n<p><strong><a class=\"dt-pswp-item\" href=\"https:\/\/www.radiopiu.net\/wordpress\/wp-content\/uploads\/2022\/10\/Conferenza-Stampa-FAI-Gioavni.jpg\" data-dt-img-description=\"\" data-large_image_width=\"2048\" data-large_image_height=\"1536\"><img loading=\"lazy\" decoding=\"async\" class=\" wp-image-300292 alignleft\" src=\"https:\/\/www.radiopiu.net\/wordpress\/wp-content\/uploads\/2022\/10\/Conferenza-Stampa-FAI-Gioavni-300x225.jpg\" alt=\"\" width=\"152\" height=\"114\" srcset=\"https:\/\/www.radiopiu.net\/wordpress\/wp-content\/uploads\/2022\/10\/Conferenza-Stampa-FAI-Gioavni-300x225.jpg 300w, https:\/\/www.radiopiu.net\/wordpress\/wp-content\/uploads\/2022\/10\/Conferenza-Stampa-FAI-Gioavni-1024x768.jpg 1024w, https:\/\/www.radiopiu.net\/wordpress\/wp-content\/uploads\/2022\/10\/Conferenza-Stampa-FAI-Gioavni-768x576.jpg 768w, https:\/\/www.radiopiu.net\/wordpress\/wp-content\/uploads\/2022\/10\/Conferenza-Stampa-FAI-Gioavni-1536x1152.jpg 1536w, https:\/\/www.radiopiu.net\/wordpress\/wp-content\/uploads\/2022\/10\/Conferenza-Stampa-FAI-Gioavni.jpg 2048w\" sizes=\"auto, (max-width: 152px) 100vw, 152px\" \/><\/a><\/strong><strong>ALLA SCOPERTA DELLA CASA PI\u00d9 ANTICA DI MEL: PALAZZO FRANCESCON<\/strong><\/p>\n<p>Gli orari <strong>Sabato: <\/strong>09:00 &#8211; 12:30 \/ 14:30 \u2013 17:00. Turni di visita ogni 20 minuti per piccoli gruppi di massimo 12 persone. I gruppi saranno formati al banco, in base all&#8217;ordine di arrivo. Durata della visita circa 45 minuti. <strong>Domenica: <\/strong>09:00 &#8211; 12:30 \/ 14:30 \u2013 17:00. Turni di visita ogni 20 minuti per piccoli gruppi di massimo 12 persone. I gruppi saranno formati al banco, in base all&#8217;ordine di arrivo. Durata della visita circa 45 minuti.<\/p>\n<p><strong>alla radio &#8230;. LA PRESENTAZIONE DI ENRICA RAOTA<\/strong><\/p>\n<audio class=\"wp-audio-shortcode\" id=\"audio-301500-8\" preload=\"none\" style=\"width: 100%;\" controls=\"controls\"><source type=\"audio\/mpeg\" src=\"https:\/\/www.radiopiu.net\/wordpress\/wp-content\/uploads\/2022\/10\/giornate-fai.mp3?_=8\" \/><a href=\"https:\/\/www.radiopiu.net\/wordpress\/wp-content\/uploads\/2022\/10\/giornate-fai.mp3\">https:\/\/www.radiopiu.net\/wordpress\/wp-content\/uploads\/2022\/10\/giornate-fai.mp3<\/a><\/audio>\n<p>&nbsp;<\/p>\n<hr \/>\n<p>&nbsp;<\/p>\n<blockquote>\n<blockquote>\n<h3>CASERME APERTE, L&#8217;INVITO DEL COMANDO VIGILI DEL FUOCO DI BELLUNO<\/h3>\n<\/blockquote>\n<p><strong><img loading=\"lazy\" decoding=\"async\" class=\"alignleft\" src=\"https:\/\/www.radiopiu.net\/wordpress\/wp-content\/uploads\/2022\/09\/VIGILI-DEL-FUOCO-8.jpg\" width=\"315\" height=\"177\" \/>BELLUNO<\/strong> Nelle giornate di sabato 15 e di domenica 16 ottobre 2022, nell\u2019ambito della IV edizione della \u201cSettimana Nazionale della Protezione Civile\u201d, le sedi permanenti e volontarie dei Vigili del Fuoco della provincia di Belluno saranno aperte alle visite della cittadinanza con orari 10:00 \u2013 12:00 e 15:00 \u2013 18:00. Il personale dei Vigili del Fuoco tanto permanente che volontario, nella propria sede, illustrer\u00e0 ai graditi ospiti i mezzi e le attrezzature di soccorso che utilizza e che permettono tra l\u2019altro di ben rappresentare la molteplicit\u00e0 degli interventi svolti e dei connessi scenari di rischio presenti ed affrontati.<\/p><\/blockquote>\n<p>&nbsp;<\/p>\n<p><strong>OGGI e DOMANI<\/strong><\/p>\n<div>\n<div class=\"\" dir=\"auto\">\n<div id=\"jsc_c_1y\" class=\"d2hqwtrz r227ecj6 ez8dtbzv gt60zsk1\" data-ad-comet-preview=\"message\" data-ad-preview=\"message\">\n<div class=\"alzwoclg cqf1kptm siwo0mpr gu5uzgus\">\n<div class=\"jroqu855 nthtkgg5\">\n<div class=\"m8h3af8h l7ghb35v kjdc1dyq kmwttqpk gh25dzvf n3t5jt4f\">\n<div dir=\"auto\">Finalmente ritorna l&#8217;Oktoberfest. Tre giorni di festa in compagnia di buona musica e buon cibo: Canederli, \u00a0Spatzle<\/div>\n<div dir=\"auto\">Stinco con crauti e patate fritte e Buona birra in bicchieri di vetro<\/div>\n<\/div>\n<\/div>\n<\/div>\n<\/div>\n<\/div>\n<\/div>\n<blockquote>\n<h2><a class=\"dt-pswp-item\" href=\"https:\/\/www.radiopiu.net\/wordpress\/wp-content\/uploads\/2022\/09\/306610049_3398892650338616_7875061756741663012_n.jpg\" data-dt-img-description=\"\" data-large_image_width=\"720\" data-large_image_height=\"261\"><img loading=\"lazy\" decoding=\"async\" class=\"wp-image-296989 alignleft\" src=\"https:\/\/www.radiopiu.net\/wordpress\/wp-content\/uploads\/2022\/09\/306610049_3398892650338616_7875061756741663012_n.jpg\" alt=\"\" width=\"185\" height=\"67\" srcset=\"https:\/\/www.radiopiu.net\/wordpress\/wp-content\/uploads\/2022\/09\/306610049_3398892650338616_7875061756741663012_n.jpg 720w, https:\/\/www.radiopiu.net\/wordpress\/wp-content\/uploads\/2022\/09\/306610049_3398892650338616_7875061756741663012_n-300x109.jpg 300w\" sizes=\"auto, (max-width: 185px) 100vw, 185px\" \/><\/a>PROLOCO DI RIVAMONTE AGORDINO<\/h2>\n<\/blockquote>\n<p><strong>ALLA RADIO&#8230; GIACOMO E ALDO<\/strong><\/p>\n<audio class=\"wp-audio-shortcode\" id=\"audio-301500-9\" preload=\"none\" style=\"width: 100%;\" controls=\"controls\"><source type=\"audio\/mpeg\" src=\"https:\/\/www.radiopiu.net\/wordpress\/wp-content\/uploads\/2022\/10\/RIVA-L-OKTOBERFEST-2022-1.mp3?_=9\" \/><a href=\"https:\/\/www.radiopiu.net\/wordpress\/wp-content\/uploads\/2022\/10\/RIVA-L-OKTOBERFEST-2022-1.mp3\">https:\/\/www.radiopiu.net\/wordpress\/wp-content\/uploads\/2022\/10\/RIVA-L-OKTOBERFEST-2022-1.mp3<\/a><\/audio>\n<div>\n<div class=\"\" dir=\"auto\">\n<div id=\"jsc_c_1y\" class=\"d2hqwtrz r227ecj6 ez8dtbzv gt60zsk1\" data-ad-comet-preview=\"message\" data-ad-preview=\"message\">\n<div class=\"alzwoclg cqf1kptm siwo0mpr gu5uzgus\">\n<div class=\"jroqu855 nthtkgg5\">\n<div class=\"m8h3af8h l7ghb35v kjdc1dyq kmwttqpk gh25dzvf n3t5jt4f\">\n<div dir=\"auto\"><\/div>\n<div dir=\"auto\"><\/div>\n<\/div>\n<\/div>\n<\/div>\n<\/div>\n<\/div>\n<\/div>\n<blockquote>\n<h3><a class=\"dt-pswp-item\" href=\"https:\/\/www.radiopiu.net\/wordpress\/wp-content\/uploads\/2021\/07\/SALA-DON-TAMIS.png\" data-dt-img-description=\"\" data-large_image_width=\"1354\" data-large_image_height=\"920\"><img loading=\"lazy\" decoding=\"async\" class=\"wp-image-220859 alignleft\" src=\"https:\/\/www.radiopiu.net\/wordpress\/wp-content\/uploads\/2021\/07\/SALA-DON-TAMIS-300x204.png\" alt=\"\" width=\"149\" height=\"101\" srcset=\"https:\/\/www.radiopiu.net\/wordpress\/wp-content\/uploads\/2021\/07\/SALA-DON-TAMIS-300x204.png 300w, https:\/\/www.radiopiu.net\/wordpress\/wp-content\/uploads\/2021\/07\/SALA-DON-TAMIS-1024x696.png 1024w, https:\/\/www.radiopiu.net\/wordpress\/wp-content\/uploads\/2021\/07\/SALA-DON-TAMIS-768x522.png 768w, https:\/\/www.radiopiu.net\/wordpress\/wp-content\/uploads\/2021\/07\/SALA-DON-TAMIS.png 1354w\" sizes=\"auto, (max-width: 149px) 100vw, 149px\" \/><\/a>OGGI SECONDO APPUNTAMENTO A FIRMA ROBERTO FAVERO<\/h3>\n<\/blockquote>\n<p><em>In sala Don Tamis, seconda delle tre conferenze sulla storia del colore con Renzo Barbazza di pig&amp;menti\u00a0<\/em><\/p>\n<p><strong>ALLA RADIO<\/strong><\/p>\n<audio class=\"wp-audio-shortcode\" id=\"audio-301500-10\" preload=\"none\" style=\"width: 100%;\" controls=\"controls\"><source type=\"audio\/mpeg\" src=\"https:\/\/www.radiopiu.net\/wordpress\/wp-content\/uploads\/2022\/10\/RENZO-BARBAZZA.mp3?_=10\" \/><a href=\"https:\/\/www.radiopiu.net\/wordpress\/wp-content\/uploads\/2022\/10\/RENZO-BARBAZZA.mp3\">https:\/\/www.radiopiu.net\/wordpress\/wp-content\/uploads\/2022\/10\/RENZO-BARBAZZA.mp3<\/a><\/audio>\n<p>&nbsp;<\/p>\n<div class=\"m8h3af8h l7ghb35v kjdc1dyq kmwttqpk gh25dzvf n3t5jt4f\">\n<div dir=\"auto\"><\/div>\n<\/div>\n<blockquote>\n<h3>\u00a0 \u00a0 \u00a0 \u00a0 \u00a0 \u00a0 \u00a0 \u00a0 \u00a0 \u00a0 \u00a0 \u00a0 \u00a0DOMANI 18^ EDIZIONE DEI CORI DEI BAMBINI,<\/h3>\n<\/blockquote>\n<p><strong><a class=\"dt-pswp-item\" href=\"https:\/\/www.radiopiu.net\/wordpress\/wp-content\/uploads\/2022\/10\/310122743_498244062313104_3169098356255353643_n.jpg\" data-dt-img-description=\"\" data-large_image_width=\"720\" data-large_image_height=\"540\"><img loading=\"lazy\" decoding=\"async\" class=\"wp-image-301505 alignleft\" src=\"https:\/\/www.radiopiu.net\/wordpress\/wp-content\/uploads\/2022\/10\/310122743_498244062313104_3169098356255353643_n-300x225.jpg\" alt=\"\" width=\"153\" height=\"115\" srcset=\"https:\/\/www.radiopiu.net\/wordpress\/wp-content\/uploads\/2022\/10\/310122743_498244062313104_3169098356255353643_n-300x225.jpg 300w, https:\/\/www.radiopiu.net\/wordpress\/wp-content\/uploads\/2022\/10\/310122743_498244062313104_3169098356255353643_n.jpg 720w\" sizes=\"auto, (max-width: 153px) 100vw, 153px\" \/><\/a>DI LORENZO SORATROI<\/strong><\/p>\n<audio class=\"wp-audio-shortcode\" id=\"audio-301500-11\" preload=\"none\" style=\"width: 100%;\" controls=\"controls\"><source type=\"audio\/mpeg\" src=\"https:\/\/www.radiopiu.net\/wordpress\/wp-content\/uploads\/2022\/10\/LORENZO-CIANTA.mp3?_=11\" \/><a href=\"https:\/\/www.radiopiu.net\/wordpress\/wp-content\/uploads\/2022\/10\/LORENZO-CIANTA.mp3\">https:\/\/www.radiopiu.net\/wordpress\/wp-content\/uploads\/2022\/10\/LORENZO-CIANTA.mp3<\/a><\/audio>\n<p><strong>\u00a0ALLA RADIO voce Moreno Tocchetto<\/strong><\/p>\n<audio class=\"wp-audio-shortcode\" id=\"audio-301500-12\" preload=\"none\" style=\"width: 100%;\" controls=\"controls\"><source type=\"audio\/mpeg\" src=\"https:\/\/www.radiopiu.net\/wordpress\/wp-content\/uploads\/2022\/10\/UNION-DE-LADINES-MUSICATO_1.mp3?_=12\" \/><a href=\"https:\/\/www.radiopiu.net\/wordpress\/wp-content\/uploads\/2022\/10\/UNION-DE-LADINES-MUSICATO_1.mp3\">https:\/\/www.radiopiu.net\/wordpress\/wp-content\/uploads\/2022\/10\/UNION-DE-LADINES-MUSICATO_1.mp3<\/a><\/audio>\n<p>&nbsp;<\/p>\n<blockquote>\n<h3><a class=\"dt-pswp-item\" href=\"https:\/\/www.radiopiu.net\/wordpress\/wp-content\/uploads\/2018\/03\/CARESTIATO.jpg\" data-dt-img-description=\"\" data-large_image_width=\"275\" data-large_image_height=\"183\"><img loading=\"lazy\" decoding=\"async\" class=\"wp-image-45413 alignleft\" src=\"https:\/\/www.radiopiu.net\/wordpress\/wp-content\/uploads\/2018\/03\/CARESTIATO.jpg\" alt=\"\" width=\"122\" height=\"81\" \/><\/a>DOMANI SOTTO ALLA MOIAZZA, RIFUGIO CARESTIATO: LA FESTA!<\/h3>\n<\/blockquote>\n<audio class=\"wp-audio-shortcode\" id=\"audio-301500-13\" preload=\"none\" style=\"width: 100%;\" controls=\"controls\"><source type=\"audio\/mpeg\" src=\"https:\/\/www.radiopiu.net\/wordpress\/wp-content\/uploads\/2022\/10\/CARESTIATO-CON-MUSICA.mp3?_=13\" \/><a href=\"https:\/\/www.radiopiu.net\/wordpress\/wp-content\/uploads\/2022\/10\/CARESTIATO-CON-MUSICA.mp3\">https:\/\/www.radiopiu.net\/wordpress\/wp-content\/uploads\/2022\/10\/CARESTIATO-CON-MUSICA.mp3<\/a><\/audio>\n<p>&nbsp;<\/p>\n<p>&nbsp;<\/p>\n<p>&nbsp;<\/p>\n<p>&nbsp;<\/p>\n<hr \/>\n<blockquote>\n<h2>COME SI FANNO LE COSE, CON MARCO DE MARTIN E LUIGI BUDEL<\/h2>\n<\/blockquote>\n<p><strong><img loading=\"lazy\" decoding=\"async\" class=\"alignleft\" src=\"https:\/\/www.radiopiu.net\/wordpress\/wp-content\/uploads\/2022\/10\/Senza-nome-30.jpg\" width=\"245\" height=\"160\" \/>BELLUNO\u00a0<\/strong> C&#8217;\u00e8 molta attesa in provincia per l&#8217;evento di oggi alle 21 al Teatro Comunale di Belluno. Le luci della ribalta si accenderanno per Marco De Martin Modolado e Luigi Budel per la regia di Cristina Gianni. Uno spettacolo\u00a0 tratto dal romanzo di Antonio G. Bortoluzzi, editore Marsilio. Prima assoluta nazionale. Evento organizzato in collaborazione con la rassegna Il mese del libro e con il patrocinio del Comune di Alpago. I due protagonisti, Valentino e Massimo, amici e colleghi di fabbrica, progettano, attraverso un furto con destrezza, di realizzare il sogno della loro vita: abbandonare il logorio e le miserie della fabbrica e rilevare l&#8217;agriturismo \u201cMonteparadiso\u201d nella foresta del Cansiglio.<\/p>\n<p><strong>AI MICROFONI DI RADIO PIU&#8217;, MARCO DE MARTIN MODOLADO<\/strong><\/p>\n<audio class=\"wp-audio-shortcode\" id=\"audio-301500-14\" preload=\"none\" style=\"width: 100%;\" controls=\"controls\"><source type=\"audio\/mpeg\" src=\"https:\/\/www.radiopiu.net\/wordpress\/wp-content\/uploads\/2022\/10\/marco-de-martin.mp3?_=14\" \/><a href=\"https:\/\/www.radiopiu.net\/wordpress\/wp-content\/uploads\/2022\/10\/marco-de-martin.mp3\">https:\/\/www.radiopiu.net\/wordpress\/wp-content\/uploads\/2022\/10\/marco-de-martin.mp3<\/a><\/audio>\n<p>&nbsp;<\/p>\n<p>&nbsp;<\/p>\n<hr \/>\n<p>&nbsp;<\/p>\n<div>\n<blockquote><p><span style=\"font-size: large;\"><b>Il mercatino vintage di Inner Wheel aiuta le donne vittime di violenza <\/b><\/span><span style=\"font-size: large;\"><b>Il ricavato sosterr\u00e0 il Fondo Welfare nell\u2019azione di accoglienza in albergo per chi deve abbandonare la propria casa<\/b><\/span><\/p><\/blockquote>\n<p><strong>BELLUNO<\/strong> Nel fine settimana riaprir\u00e0 il mercatino vintage in Piazza delle Erbe, a Belluno. Si tratta di un\u2019iniziativa\u00a0 a sostegno del Fondo Welfare, per aiutare le donne vittime di violenza. Il mercatino aprir\u00e0 tutti i fine settimana,\u00a0 dalle 9.30 alle 12.30 e dalle 16 alle 19, fino alla festa di San Martino. Nella settimana del patrono di Belluno (dall\u20198 al 13 novembre) sar\u00e0 aperto tutti i giorni.<\/p>\n<\/div>\n<p>&nbsp;<\/p>\n<p>&nbsp;<\/p>\n<hr \/>\n<p>&nbsp;<\/p>\n<blockquote>\n<h3>UNA NUOVA STAGIONE PER LO SKI COLLEGE VENETO<\/h3>\n<p><a class=\"dt-pswp-item\" href=\"https:\/\/www.radiopiu.net\/wordpress\/wp-content\/uploads\/2022\/10\/Senza-nome-20.jpg\" data-dt-img-description=\"\" data-large_image_width=\"736\" data-large_image_height=\"302\"><img loading=\"lazy\" decoding=\"async\" class=\"size-medium wp-image-300994 aligncenter\" src=\"https:\/\/www.radiopiu.net\/wordpress\/wp-content\/uploads\/2022\/10\/Senza-nome-20-300x123.jpg\" alt=\"\" width=\"300\" height=\"123\" srcset=\"https:\/\/www.radiopiu.net\/wordpress\/wp-content\/uploads\/2022\/10\/Senza-nome-20-300x123.jpg 300w, https:\/\/www.radiopiu.net\/wordpress\/wp-content\/uploads\/2022\/10\/Senza-nome-20.jpg 736w\" sizes=\"auto, (max-width: 300px) 100vw, 300px\" \/><\/a><\/p><\/blockquote>\n<div><span style=\"font-family: verdana, sans-serif;\"><b>FALCADE\u00a0 <\/b>Domani verranno presentati i programmi e le squadre dello Ski College Veneto Falcade per la stagione agonistica 2022-2023. L&#8217;appuntamento \u00e8 fissato per le ore 16 alla Sala Polifunzionale Dolomiti di via Trieste 24 a Falcade (Belluno).\u00a0<\/span><\/div>\n<div><\/div>\n<p>&nbsp;<\/p>\n<hr \/>\n<p>&nbsp;<\/p>\n<div class=\"m8h3af8h l7ghb35v kjdc1dyq kmwttqpk gh25dzvf n3t5jt4f\">\n<div dir=\"auto\">\n<p><span style=\"color: #ff0000;\"><strong>AIUTI FINALIZZATI ALL&#8217;ACQUISTO DI GENERI ALIMENTARI<\/strong><\/span><\/p>\n<\/div>\n<\/div>\n<p><strong><a class=\"dt-pswp-item\" href=\"https:\/\/www.radiopiu.net\/wordpress\/wp-content\/uploads\/2022\/02\/DolomitiCert-Scarpa-Alleghe-Febbraio-2022-Incontro-Comune-scuole-scultori-1-scaled.jpg\" data-dt-img-description=\"\" data-large_image_width=\"2560\" data-large_image_height=\"1706\"><img loading=\"lazy\" decoding=\"async\" class=\" wp-image-260782 alignleft\" src=\"https:\/\/www.radiopiu.net\/wordpress\/wp-content\/uploads\/2022\/02\/DolomitiCert-Scarpa-Alleghe-Febbraio-2022-Incontro-Comune-scuole-scultori-1-300x200.jpg\" alt=\"\" width=\"227\" height=\"151\" srcset=\"https:\/\/www.radiopiu.net\/wordpress\/wp-content\/uploads\/2022\/02\/DolomitiCert-Scarpa-Alleghe-Febbraio-2022-Incontro-Comune-scuole-scultori-1-300x200.jpg 300w, https:\/\/www.radiopiu.net\/wordpress\/wp-content\/uploads\/2022\/02\/DolomitiCert-Scarpa-Alleghe-Febbraio-2022-Incontro-Comune-scuole-scultori-1-1024x683.jpg 1024w, https:\/\/www.radiopiu.net\/wordpress\/wp-content\/uploads\/2022\/02\/DolomitiCert-Scarpa-Alleghe-Febbraio-2022-Incontro-Comune-scuole-scultori-1-768x512.jpg 768w, https:\/\/www.radiopiu.net\/wordpress\/wp-content\/uploads\/2022\/02\/DolomitiCert-Scarpa-Alleghe-Febbraio-2022-Incontro-Comune-scuole-scultori-1-1536x1024.jpg 1536w, https:\/\/www.radiopiu.net\/wordpress\/wp-content\/uploads\/2022\/02\/DolomitiCert-Scarpa-Alleghe-Febbraio-2022-Incontro-Comune-scuole-scultori-1-2048x1365.jpg 2048w\" sizes=\"auto, (max-width: 227px) 100vw, 227px\" \/><\/a>ALLEGHE<\/strong> Le persone e le famiglie residenti nel Comune di Alleghe che, a causa degli effetti economici derivanti dall\u2019emergenza epidemiologica dovuta alla diffusione del virus Covid-19, si trovino in uno stato di bisogno per soddisfare le necessit\u00e0 pi\u00f9 urgenti ed essenziali, possono chiedere che vengano loro riconosciuti i BUONI SPESA per l\u2019acquisto di GENERI ALIMENTARI O PRODOTTI DI PRIMA NECESSIT\u00c0 IMPORTO DEL BUONO SPESA: l\u2019entit\u00e0 dell\u2019importo verr\u00e0 definito con successivo apposito provvedimento, partendo da un importo minimo di Euro 50,00, sulla base del numero dei componenti il nucleo familiare e in considerazione delle necessit\u00e0 dichiarate dal richiedente. Le richieste, redatte sull\u2019apposito modulo dovranno pervenire al Comune di Alleghe mediante invio di posta elettronica. Solo via residuale la domanda potr\u00e0 essere presentata telefonicamente, chiamando il numero 0437 523300 dal luned\u00ec al venerd\u00ec dalle 8 alle 10<\/p>\n<p>&nbsp;<\/p>\n<p>&nbsp;<\/p>\n<hr \/>\n<p>&nbsp;<\/p>\n<blockquote>\n<h3>RICONOSCIMENTI ALLA SQUADRA DI CALCIO GIOVANILE DEL GRUPPO SPORTIVO TAIBON<\/h3>\n<\/blockquote>\n<p><strong>TAIBON<\/strong> Anche quest&#8217;anno i giovani del paese hanno vinto il campionato agordino di calcio giovanile. Sabato 22 ottobre alle 18 in sala San Rocco (ex Municipio) il Gruppo Sportivo ha organizzato una cerimonia per festeggiare lo splendido successo con la consegna dei riconoscimenti e i discorsi ufficiali. Un invito a firma del Presidente del GS TAIBON Antimo Savaris e dell&#8217;assessore allo sport Fernando Soccol.<\/p>\n<p>&nbsp;<\/p>\n<p>&nbsp;<\/p>\n<hr \/>\n<p>&nbsp;<\/p>\n<blockquote>\n<h2>EVENTI AUTUNNALI IN VAL PETTORINA<\/h2>\n<\/blockquote>\n<p><strong>ROCCA PIETORE<\/strong> fra i\u00a0 boschi dipinti dei colori dell&#8217;autunno\u00a0 I prossimi appuntamenti sono: Oggi pomeriggio Per tutti i dettagli\u00a0 <span class=\"fxk3tzhb b2rh1bv3 gh55jysx m8h3af8h ewco64xe kjdc1dyq ms56khn7 bq6c9xl4 eohcrkr5 akh3l2rg\"><img loading=\"lazy\" decoding=\"async\" src=\"https:\/\/static.xx.fbcdn.net\/images\/emoji.php\/v9\/t4d\/1\/16\/1f4de.png\" alt=\"&#x1f4de;\" width=\"16\" height=\"16\" \/><\/span> 340 894 4032 Elena e Sara<a class=\"dt-pswp-item\" href=\"https:\/\/www.radiopiu.net\/wordpress\/wp-content\/uploads\/2022\/10\/1409872327879275310.jpg\" data-dt-img-description=\"\" data-large_image_width=\"500\" data-large_image_height=\"261\">\u00a0<\/a><\/p>\n<div class=\"m8h3af8h l7ghb35v kjdc1dyq kmwttqpk gh25dzvf n3t5jt4f\">\n<div dir=\"auto\"><\/div>\n<div dir=\"auto\">\n<p><strong>OSPITI: Sara Darman ed Elena Simeonato<\/strong><\/p>\n<p>&nbsp;<\/p>\n\n\t\t\t<style type='text\/css'>\n\t\t\t\t#gallery-3 {\n\t\t\t\t\tmargin: auto;\n\t\t\t\t}\n\t\t\t\t#gallery-3 .gallery-item {\n\t\t\t\t\tfloat: left;\n\t\t\t\t\tmargin-top: 10px;\n\t\t\t\t\ttext-align: center;\n\t\t\t\t\twidth: 33%;\n\t\t\t\t}\n\t\t\t\t#gallery-3 img {\n\t\t\t\t\tborder: 2px solid #cfcfcf;\n\t\t\t\t}\n\t\t\t\t#gallery-3 .gallery-caption {\n\t\t\t\t\tmargin-left: 0;\n\t\t\t\t}\n\t\t\t\t\/* see gallery_shortcode() in wp-includes\/media.php *\/\n\t\t\t<\/style>\n\t\t<div id='gallery-3' class='dt-gallery-container gallery galleryid-301500 gallery-columns-3 gallery-size-thumbnail'><dl class='gallery-item'>\n\t\t\t\t<dt class='gallery-icon landscape'>\n\t\t\t\t\t<a class=\"rollover rollover-zoom dt-pswp-item\" title=\"b5e996c7-e2e6-4fec-9337-cd086d266e7f\" data-dt-img-description=\"\" data-large_image_width=\"1080\" data-large_image_height=\"1080\"href='https:\/\/www.radiopiu.net\/wordpress\/wp-content\/uploads\/2022\/09\/b5e996c7-e2e6-4fec-9337-cd086d266e7f.jpg'><img loading=\"lazy\" decoding=\"async\" width=\"150\" height=\"150\" src=\"https:\/\/www.radiopiu.net\/wordpress\/wp-content\/uploads\/2022\/09\/b5e996c7-e2e6-4fec-9337-cd086d266e7f-150x150.jpg\" class=\"attachment-thumbnail size-thumbnail\" alt=\"\" srcset=\"https:\/\/www.radiopiu.net\/wordpress\/wp-content\/uploads\/2022\/09\/b5e996c7-e2e6-4fec-9337-cd086d266e7f-150x150.jpg 150w, https:\/\/www.radiopiu.net\/wordpress\/wp-content\/uploads\/2022\/09\/b5e996c7-e2e6-4fec-9337-cd086d266e7f-300x300.jpg 300w, https:\/\/www.radiopiu.net\/wordpress\/wp-content\/uploads\/2022\/09\/b5e996c7-e2e6-4fec-9337-cd086d266e7f-1024x1024.jpg 1024w, https:\/\/www.radiopiu.net\/wordpress\/wp-content\/uploads\/2022\/09\/b5e996c7-e2e6-4fec-9337-cd086d266e7f-768x768.jpg 768w, https:\/\/www.radiopiu.net\/wordpress\/wp-content\/uploads\/2022\/09\/b5e996c7-e2e6-4fec-9337-cd086d266e7f.jpg 1080w\" sizes=\"auto, (max-width: 150px) 100vw, 150px\" \/><\/a>\n\t\t\t\t<\/dt><\/dl><dl class='gallery-item'>\n\t\t\t\t<dt class='gallery-icon landscape'>\n\t\t\t\t\t<a class=\"rollover rollover-zoom dt-pswp-item\" title=\"062d597d-f973-4277-9cc6-f67c6d992e99\" data-dt-img-description=\"\" data-large_image_width=\"1080\" data-large_image_height=\"1080\"href='https:\/\/www.radiopiu.net\/wordpress\/wp-content\/uploads\/2022\/09\/062d597d-f973-4277-9cc6-f67c6d992e99.jpg'><img loading=\"lazy\" decoding=\"async\" width=\"150\" height=\"150\" src=\"https:\/\/www.radiopiu.net\/wordpress\/wp-content\/uploads\/2022\/09\/062d597d-f973-4277-9cc6-f67c6d992e99-150x150.jpg\" class=\"attachment-thumbnail size-thumbnail\" alt=\"\" srcset=\"https:\/\/www.radiopiu.net\/wordpress\/wp-content\/uploads\/2022\/09\/062d597d-f973-4277-9cc6-f67c6d992e99-150x150.jpg 150w, https:\/\/www.radiopiu.net\/wordpress\/wp-content\/uploads\/2022\/09\/062d597d-f973-4277-9cc6-f67c6d992e99-300x300.jpg 300w, https:\/\/www.radiopiu.net\/wordpress\/wp-content\/uploads\/2022\/09\/062d597d-f973-4277-9cc6-f67c6d992e99-1024x1024.jpg 1024w, https:\/\/www.radiopiu.net\/wordpress\/wp-content\/uploads\/2022\/09\/062d597d-f973-4277-9cc6-f67c6d992e99-768x768.jpg 768w, https:\/\/www.radiopiu.net\/wordpress\/wp-content\/uploads\/2022\/09\/062d597d-f973-4277-9cc6-f67c6d992e99.jpg 1080w\" sizes=\"auto, (max-width: 150px) 100vw, 150px\" \/><\/a>\n\t\t\t\t<\/dt><\/dl><dl class='gallery-item'>\n\t\t\t\t<dt class='gallery-icon landscape'>\n\t\t\t\t\t<a class=\"rollover rollover-zoom dt-pswp-item\" title=\"ada9c7a0-4d54-4873-82d4-41f5480668d3\" data-dt-img-description=\"\" data-large_image_width=\"1080\" data-large_image_height=\"1080\"href='https:\/\/www.radiopiu.net\/wordpress\/wp-content\/uploads\/2022\/09\/ada9c7a0-4d54-4873-82d4-41f5480668d3.jpg'><img loading=\"lazy\" decoding=\"async\" width=\"150\" height=\"150\" src=\"https:\/\/www.radiopiu.net\/wordpress\/wp-content\/uploads\/2022\/09\/ada9c7a0-4d54-4873-82d4-41f5480668d3-150x150.jpg\" class=\"attachment-thumbnail size-thumbnail\" alt=\"\" srcset=\"https:\/\/www.radiopiu.net\/wordpress\/wp-content\/uploads\/2022\/09\/ada9c7a0-4d54-4873-82d4-41f5480668d3-150x150.jpg 150w, https:\/\/www.radiopiu.net\/wordpress\/wp-content\/uploads\/2022\/09\/ada9c7a0-4d54-4873-82d4-41f5480668d3-300x300.jpg 300w, https:\/\/www.radiopiu.net\/wordpress\/wp-content\/uploads\/2022\/09\/ada9c7a0-4d54-4873-82d4-41f5480668d3-1024x1024.jpg 1024w, https:\/\/www.radiopiu.net\/wordpress\/wp-content\/uploads\/2022\/09\/ada9c7a0-4d54-4873-82d4-41f5480668d3-768x768.jpg 768w, https:\/\/www.radiopiu.net\/wordpress\/wp-content\/uploads\/2022\/09\/ada9c7a0-4d54-4873-82d4-41f5480668d3.jpg 1080w\" sizes=\"auto, (max-width: 150px) 100vw, 150px\" \/><\/a>\n\t\t\t\t<\/dt><\/dl><br style=\"clear: both\" \/>\n\t\t\t<\/div>\n\n<p>&nbsp;<\/p>\n<hr \/>\n<p>&nbsp;<\/p>\n<blockquote>\n<h3><a class=\"dt-pswp-item\" href=\"https:\/\/www.radiopiu.net\/wordpress\/wp-content\/uploads\/2022\/10\/th-3.jpg\" data-dt-img-description=\"\" data-large_image_width=\"474\" data-large_image_height=\"315\"><img loading=\"lazy\" decoding=\"async\" class=\"wp-image-301009 alignleft\" src=\"https:\/\/www.radiopiu.net\/wordpress\/wp-content\/uploads\/2022\/10\/th-3-300x199.jpg\" alt=\"\" width=\"157\" height=\"104\" srcset=\"https:\/\/www.radiopiu.net\/wordpress\/wp-content\/uploads\/2022\/10\/th-3-300x199.jpg 300w, https:\/\/www.radiopiu.net\/wordpress\/wp-content\/uploads\/2022\/10\/th-3.jpg 474w\" sizes=\"auto, (max-width: 157px) 100vw, 157px\" \/><\/a>IN VIAGGIO CON LE FIAT 500 D&#8217;EPOCA<\/h3>\n<\/blockquote>\n<p><strong>BELLUNO<\/strong> Gita di ottobre con le 500 domenica,\u00a0 con ritrovo a Sedico alle 9. E\u2019 possibile aggregarsi al gruppo anche lungo il percorso. Dopo Feltre la carovana salir\u00e0 a\u00a0 Fiera di Primiero, quindi a Gosaldo.\u00a0 Il pranzo a Rivamonte dove\u00a0 alle 12,30 \u00a0al Riva Oktoberfest\u00a0 Informazioni\u00a0 Giulio Pirolo 3391339800 \u2013 mail pirolo.giulio@simg.it<\/p>\n<p>&nbsp;<\/p>\n<div>\n<div class=\"\" dir=\"auto\">\n<div id=\"jsc_c_1y\" class=\"d2hqwtrz r227ecj6 ez8dtbzv gt60zsk1\" data-ad-comet-preview=\"message\" data-ad-preview=\"message\">\n<div class=\"alzwoclg cqf1kptm siwo0mpr gu5uzgus\">\n<div class=\"jroqu855 nthtkgg5\">\n<div class=\"m8h3af8h l7ghb35v kjdc1dyq kmwttqpk gh25dzvf n3t5jt4f\">\n<div dir=\"auto\"><a class=\"dt-pswp-item\" href=\"https:\/\/www.radiopiu.net\/wordpress\/wp-content\/uploads\/2022\/09\/306610049_3398892650338616_7875061756741663012_n.jpg\" data-dt-img-description=\"\" data-large_image_width=\"720\" data-large_image_height=\"261\"><img loading=\"lazy\" decoding=\"async\" class=\"alignnone wp-image-296989 size-full\" src=\"https:\/\/www.radiopiu.net\/wordpress\/wp-content\/uploads\/2022\/09\/306610049_3398892650338616_7875061756741663012_n.jpg\" alt=\"\" width=\"720\" height=\"261\" srcset=\"https:\/\/www.radiopiu.net\/wordpress\/wp-content\/uploads\/2022\/09\/306610049_3398892650338616_7875061756741663012_n.jpg 720w, https:\/\/www.radiopiu.net\/wordpress\/wp-content\/uploads\/2022\/09\/306610049_3398892650338616_7875061756741663012_n-300x109.jpg 300w\" sizes=\"auto, (max-width: 720px) 100vw, 720px\" \/><\/a><\/div>\n<div dir=\"auto\"><\/div>\n<\/div>\n<\/div>\n<\/div>\n<\/div>\n<\/div>\n<\/div>\n<p>&nbsp;<\/p>\n<hr \/>\n<\/div>\n<p>&nbsp;<\/p>\n<blockquote>\n<h3>DOMENICA 23 OTTOBRE LA GRANDE FESTA ALLA FABBRICA IN PEDAVENA DI LA VALLE<\/h3>\n<\/blockquote>\n<p><a class=\"dt-pswp-item\" href=\"https:\/\/www.radiopiu.net\/wordpress\/wp-content\/uploads\/2022\/09\/be36ec51-e02a-4ee2-8c75-860605e2253f.jpg\" data-dt-img-description=\"\" data-large_image_width=\"1200\" data-large_image_height=\"628\"><img loading=\"lazy\" decoding=\"async\" class=\"aligncenter wp-image-296751 size-medium\" src=\"https:\/\/www.radiopiu.net\/wordpress\/wp-content\/uploads\/2022\/09\/be36ec51-e02a-4ee2-8c75-860605e2253f-300x157.jpg\" alt=\"\" width=\"300\" height=\"157\" srcset=\"https:\/\/www.radiopiu.net\/wordpress\/wp-content\/uploads\/2022\/09\/be36ec51-e02a-4ee2-8c75-860605e2253f-300x157.jpg 300w, https:\/\/www.radiopiu.net\/wordpress\/wp-content\/uploads\/2022\/09\/be36ec51-e02a-4ee2-8c75-860605e2253f-1024x536.jpg 1024w, https:\/\/www.radiopiu.net\/wordpress\/wp-content\/uploads\/2022\/09\/be36ec51-e02a-4ee2-8c75-860605e2253f-768x402.jpg 768w, https:\/\/www.radiopiu.net\/wordpress\/wp-content\/uploads\/2022\/09\/be36ec51-e02a-4ee2-8c75-860605e2253f.jpg 1200w\" sizes=\"auto, (max-width: 300px) 100vw, 300px\" \/><\/a><\/p>\n<p>&nbsp;<\/p>\n<p>&nbsp;<\/p>\n<hr \/>\n<p>&nbsp;<\/p>\n<blockquote>\n<h3>A BELLUNO SI PARLA DELLA GESTIONE PERIOPERATORIA DELL&#8217;ANZIANO FRAGILE<\/h3>\n<\/blockquote>\n<p><strong><a class=\"dt-pswp-item\" href=\"https:\/\/www.radiopiu.net\/wordpress\/wp-content\/uploads\/2022\/10\/Senza-nome-13.jpg\" data-dt-img-description=\"\" data-large_image_width=\"203\" data-large_image_height=\"158\"><img loading=\"lazy\" decoding=\"async\" class=\"size-full wp-image-300279 alignright\" src=\"https:\/\/www.radiopiu.net\/wordpress\/wp-content\/uploads\/2022\/10\/Senza-nome-13.jpg\" alt=\"\" width=\"203\" height=\"158\" \/><\/a>BELLUNO<\/strong> \u00c8 in programma per oggi al Teatro Giovanni XXIII una serata organizzata dall&#8217;Ordine dei medici chirurghi e odontoiatri della provincia di Belluno. &#8220;La gestione perioperatoria dell&#8217;anziano fragile&#8221; il titolo dell&#8217;incontro che si terr\u00e0 a partire dalle 18. Ad aprire la giornata un incontro aperto a tutti sule cure di lungo termine nel sostegno della fragilit\u00e0 anziana con Luigi Guglielmi, giornalista dell&#8217;Amico Del Popolo, il dottor Massimiliano Mosca, geriatra, e la dottoressa Lucia Omiciuolo, direttore dell&#8217;Unit\u00e0 Opertiva di geriatria dell&#8217;ospedale di Feltre. Alle 18:30 lo spettacolo teatrale &#8220;Mamma a carico. Mia figlia ha 90 anni&#8221; di e con Gianna Coletti per la regia di Gabriele Scotti.<\/p>\n<p><strong>L&#8217;ATTRICE GIANNA COLETTI ALLA RADIO\u00a0<\/strong><\/p>\n<audio class=\"wp-audio-shortcode\" id=\"audio-301500-15\" preload=\"none\" style=\"width: 100%;\" controls=\"controls\"><source type=\"audio\/mpeg\" src=\"https:\/\/www.radiopiu.net\/wordpress\/wp-content\/uploads\/2022\/10\/gianna-coletti.mp3?_=15\" \/><a href=\"https:\/\/www.radiopiu.net\/wordpress\/wp-content\/uploads\/2022\/10\/gianna-coletti.mp3\">https:\/\/www.radiopiu.net\/wordpress\/wp-content\/uploads\/2022\/10\/gianna-coletti.mp3<\/a><\/audio>\n<p>&nbsp;<\/p>\n<hr \/>\n<p>&nbsp;<\/p>\n<blockquote>\n<h3>IL GRANDE FESTIVAL DEI CORI A LIMANA<\/h3>\n<\/blockquote>\n<p><strong>LIMANA<\/strong> Domani sotto la tensostruttura fronte alle scuole elementari di Limana si svolger\u00e0 la seconda edizione del Grande Festiaval dei Cori. Saranno 10 i cori bellunesi che si alterneranno per una giornata all&#8217;insegna del bel canto. Un evento con il patrocinio della Provincia di Belluno, Comune di Limana e Pro Loco. Organizza la Corale di Limana.<\/p>\n<p>&nbsp;<\/p>\n<p>&nbsp;<\/p>\n<hr \/>\n<p>&nbsp;<\/p>\n<blockquote>\n<h3>UNA DOMENICA IN 500<\/h3>\n<\/blockquote>\n<p><strong>BELLUNO<\/strong> In occasione di Riva L&#8217;Oktoberfest di Rivamonte, gli amici appassionati delle 500 organizzano domani un ritrovo. Partenza da Sedico alle 9 per poi passare verso Feltre, Fiera di Primiero, Passo Cereda per poi continuare verso Gosaldo ed arrivare a Rivamonte per pranzare sotto al tendone. Info ed iscrizioni: Giulio Pirolo \u2013 cell. e WA 3391339800 \u2013 mail <a href=\"mailto:pirolo.giulio@simg.it\">pirolo.giulio@simg.it<\/a>\u00a0o Paolo De Cesaro \u2013 cell e WA 3282715151 \u2013 mail <a href=\"mailto:500ombre@gmail.com\">500ombre@gmail.com<\/a><\/p>\n<p>&nbsp;<\/p>\n<p>&nbsp;<\/p>\n<hr \/>\n<p>&nbsp;<\/p>\n<blockquote>\n<h3>DOPPIO APPUNTAMENTO CON LA FONDAZIONE ANGELINI<\/h3>\n<\/blockquote>\n<p><strong>BELLUNO <\/strong>La Fondazione G. Angelini- Centro Studi sulla Montagna e il Parco Nazionale Dolomiti Bellunesi presenteranno, in occasione della rassegna culturale Oltre le Vette, il progetto dedicato alla valorizzazione dell\u2019archivio Piero Rossi. L\u2019appuntamento \u00e8 per domani alle 11.00 presso il Palazzo Bembo. Alle 17.00, presso la sala Eliseo Dal Pont \u201cBianchi\u201d, un altro evento di presentazione a cura della Fondazione G. Angelini- Centro Studi Sulla Montagna e della SAT- Societ\u00e0 degli alpinisti Tridentini con il sostegno della Fondazione CARITRO: Uomini e Montagne, un sito web con le biografie di alpinisti e alpiniste protagonisti degli archivi storici delle due istituzioni culturali.<\/p>\n<p>&nbsp;<\/p>\n<hr \/>\n<p>&nbsp;<\/p>\n<blockquote>\n<h3><a class=\"dt-pswp-item\" href=\"https:\/\/www.radiopiu.net\/wordpress\/wp-content\/uploads\/2022\/10\/Filippo_Gamba.jpg\" data-dt-img-description=\"\" data-large_image_width=\"751\" data-large_image_height=\"500\"><img loading=\"lazy\" decoding=\"async\" class=\" wp-image-301552 alignleft\" src=\"https:\/\/www.radiopiu.net\/wordpress\/wp-content\/uploads\/2022\/10\/Filippo_Gamba-300x200.jpg\" alt=\"\" width=\"168\" height=\"112\" srcset=\"https:\/\/www.radiopiu.net\/wordpress\/wp-content\/uploads\/2022\/10\/Filippo_Gamba-300x200.jpg 300w, https:\/\/www.radiopiu.net\/wordpress\/wp-content\/uploads\/2022\/10\/Filippo_Gamba.jpg 751w\" sizes=\"auto, (max-width: 168px) 100vw, 168px\" \/><\/a>FILIPPO GAMBA E IL SUO PIANOFORTE A BELLUNO<\/h3>\n<\/blockquote>\n<p><strong>BELLUNO <\/strong>Torna a Belluno il pianista Filippo Gamba e prosegue l&#8217;esecuzione dell&#8217;imponente ciclo integrale delle Sonate per pianoforte di Ludwig van Beethoven, giunta al sesto concerto bellunese. Per ascoltarlo, appuntamento al Teatro Giovanni XXIII di Belluno, marted\u00ec 18 ottobre, ore 20:30. \u00c8 gradita la prenotazione, scrivendo all&#8217;indirizzo: segreteriabelcircolo@gmail.com Pagamento biglietto all\u2019ingresso del concerto.<\/p>\n<p>&nbsp;<\/p>\n<p>&nbsp;<\/p>\n<hr \/>\n<p>&nbsp;<\/p>\n<blockquote>\n<h3>MARTEDI&#8217; 18 OTTOBRE AL TEATRO COMUNALE CON FEDERICO BUFFA<\/h3>\n<\/blockquote>\n<p><strong><a class=\"dt-pswp-item\" href=\"https:\/\/www.radiopiu.net\/wordpress\/wp-content\/uploads\/2022\/10\/IMG_7800.png\" data-dt-img-description=\"\" data-large_image_width=\"2048\" data-large_image_height=\"1536\"><img loading=\"lazy\" decoding=\"async\" class=\" wp-image-301313 alignleft\" src=\"https:\/\/www.radiopiu.net\/wordpress\/wp-content\/uploads\/2022\/10\/IMG_7800-300x225.png\" alt=\"\" width=\"168\" height=\"126\" srcset=\"https:\/\/www.radiopiu.net\/wordpress\/wp-content\/uploads\/2022\/10\/IMG_7800-300x225.png 300w, https:\/\/www.radiopiu.net\/wordpress\/wp-content\/uploads\/2022\/10\/IMG_7800-1024x768.png 1024w, https:\/\/www.radiopiu.net\/wordpress\/wp-content\/uploads\/2022\/10\/IMG_7800-768x576.png 768w, https:\/\/www.radiopiu.net\/wordpress\/wp-content\/uploads\/2022\/10\/IMG_7800-1536x1152.png 1536w, https:\/\/www.radiopiu.net\/wordpress\/wp-content\/uploads\/2022\/10\/IMG_7800.png 2048w\" sizes=\"auto, (max-width: 168px) 100vw, 168px\" \/><\/a>BELLUNO <\/strong>Fondazione Cariverona taglia il traguardo dei suoi primi 30 anni di storia con un ciclo di appuntamenti per ripercorrere insieme ci\u00f2 che \u00e8 stato fatto nell\u2019ultimo triennio e, soprattutto, per guardare al futuro. Il percorso S\u00ecamo \u00e8 uno dei molti modi per confermare che &#8220;ci siamo&#8221;, oggi e domani, come ci siamo sempre stati dal primo giorno fino ad ora. S\u00ecamo \u00e8 infatti il format studiato per le persone e i loro territori, un progetto itinerante sulla sostenibilit\u00e0 ambientale e sociale, per contribuire a generare relazioni fondate sulla fiducia in continuit\u00e0 nel dialogo con le nostre comunit\u00e0. S\u00ecamo si svolge con tre eventi che partendo dal racconto di quanto realizzato dal 2020 per dare concretezza agli obiettivi strategici di Fondazione Cariverona, sono dedicati a tematiche verticali con la partecipazione di diversi speaker e del giornalista Federico Buffa in qualit\u00e0 di storyteller. L\u2019appuntamento per Belluno \u00e8 al Teatro Comunale, per marted\u00ec 18 ottobre alle 18, dove con il contributo di speaker di respiro nazionale ed internazionale, scopriremo insieme come ognuno di noi pu\u00f2 contribuire a contrastare il climate change.<\/p>\n<p>&nbsp;<\/p>\n<p>&nbsp;<\/p>\n<hr \/>\n<p>&nbsp;<\/p>\n<blockquote>\n<h3>CORSI DI COMPUTER PER TUTTE LE ETA&#8217;<\/h3>\n<\/blockquote>\n<p><strong>FALCADE<\/strong> Marted\u00ec 25 ottobre alle 20:30 presso la sala consigliare del comune di Falcade verr\u00e0 presentato il nuovo programma dal titolo &#8220;Tecnologia Amica&#8221;, un corso di computer e nuove tecnologie aperto a tutte le et\u00e0 con Arturo Panciera, formatore tecnologico. L&#8217;obbiettivo \u00e8 quello di far conoscere le competenze sull&#8217;utilizzo dei PC, tablet e smartphone e spiegarne l&#8217;uso consapevole. La partecipazione alla serata \u00e8 a ingresso libero.<\/p>\n<p>&nbsp;<\/p>\n<p>&nbsp;<\/p>\n<hr \/>\n<p>&nbsp;<\/p>\n<blockquote>\n<h3>LA TERRA BELLUNESE NEL MONDO CON DINO BUZZATI<\/h3>\n<\/blockquote>\n<p><strong><a class=\"dt-pswp-item\" href=\"https:\/\/www.radiopiu.net\/wordpress\/wp-content\/uploads\/2022\/10\/Schermata-2022-10-14-alle-11.07.39.png\" data-dt-img-description=\"\" data-large_image_width=\"1344\" data-large_image_height=\"882\"><img loading=\"lazy\" decoding=\"async\" class=\" wp-image-301554 alignleft\" src=\"https:\/\/www.radiopiu.net\/wordpress\/wp-content\/uploads\/2022\/10\/Schermata-2022-10-14-alle-11.07.39-300x197.png\" alt=\"\" width=\"139\" height=\"91\" srcset=\"https:\/\/www.radiopiu.net\/wordpress\/wp-content\/uploads\/2022\/10\/Schermata-2022-10-14-alle-11.07.39-300x197.png 300w, https:\/\/www.radiopiu.net\/wordpress\/wp-content\/uploads\/2022\/10\/Schermata-2022-10-14-alle-11.07.39-1024x672.png 1024w, https:\/\/www.radiopiu.net\/wordpress\/wp-content\/uploads\/2022\/10\/Schermata-2022-10-14-alle-11.07.39-768x504.png 768w, https:\/\/www.radiopiu.net\/wordpress\/wp-content\/uploads\/2022\/10\/Schermata-2022-10-14-alle-11.07.39.png 1344w\" sizes=\"auto, (max-width: 139px) 100vw, 139px\" \/><\/a>BELLUNO<\/strong> Nato a Belluno, ma conosciuto e tradotto in tutti i continenti. Stiamo parlando di Dino Buzzati, giornalista e scrittore fortemente legato alla sua terra di origine (\u00abuno dei posti pi\u00f9 belli non gi\u00e0 dell\u2019Italia ma dell\u2019intero globo terracqueo\u00bb). Una terra che, grazie alla sua opera, ha viaggiato e tutt\u2019ora \u201cviaggia nel mondo\u201d. \u00c8 proprio questo il titolo della conferenza che l\u2019Abm, con la sua Biblioteca delle migrazioni e in collaborazione con l\u2019Associazione Internazionale Dino Buzzati, organizza per il cinquantesimo anniversario della morte di uno dei pi\u00f9 celebri figli del Bellunese: \u201cLa terra bellunese viaggia nel mondo con Dino Buzzati\u201d. A cura di Patrizia Dalla Rosa, responsabile della Ricerca del Centro Studi Buzzati, l\u2019incontro approfondir\u00e0 la traduzione e ricezione all\u2019estero dei lavori dello scrittore, in particolare nei Paesi in cui sono presenti consistenti comunit\u00e0 di emigrati, come Argentina, Messico, Venezuela, Brasile, Svizzera, Francia, Germania, Belgio, Stati Uniti, Inghilterra, Australia, Sudafrica e Canada. L\u2019appuntamento \u00e8 per sabato 22 ottobre alle 20.30 alla sala \u201cBianchi\u201d di Belluno (viale Fantuzzi 11).<\/p>\n<p>&nbsp;<\/p>\n<hr \/>\n<p>&nbsp;<\/p>\n<p>&nbsp;<\/p>\n<blockquote>\n<h3><a class=\"dt-pswp-item\" href=\"https:\/\/www.radiopiu.net\/wordpress\/wp-content\/uploads\/2022\/10\/aaa.jpg\" data-dt-img-description=\"\" data-large_image_width=\"200\" data-large_image_height=\"211\"><img loading=\"lazy\" decoding=\"async\" class=\" wp-image-301595 alignleft\" src=\"https:\/\/www.radiopiu.net\/wordpress\/wp-content\/uploads\/2022\/10\/aaa.jpg\" alt=\"\" width=\"101\" height=\"107\" \/><\/a>MARGRANDO, IL LIBRO DI FRANCESCA GALLO<\/h3>\n<\/blockquote>\n<p><strong>CANALE D&#8217;AGORDO\u00a0<\/strong> Giovedi 27 ottobre alle 20.45 in sala ex emigrant Francesca Gallo presenta il <span id=\"page3R_mcid13\" class=\"markedContent\"><span dir=\"ltr\" role=\"presentation\">libro il racconto del viaggio di ricerca fra gli emigrati italiani in Belgio e Canada. Francesca, s<\/span><\/span><span id=\"page3R_mcid15\" class=\"markedContent\"><span dir=\"ltr\" role=\"presentation\">on un registratore in tasca, e spesso con la fisarmonica in spalla, <\/span><span dir=\"ltr\" role=\"presentation\">si sedeva a parlare con gli anziani.<\/span><\/span><span id=\"page3R_mcid16\" class=\"markedContent\"><span dir=\"ltr\" role=\"presentation\">In ogni famiglia le veniva raccontato di qualcuno che era emigrato,<\/span><br role=\"presentation\" \/><span dir=\"ltr\" role=\"presentation\">cos\u00ec decise di andarli a cercare e di portare a casa le loro storie<\/span><\/span><\/p>\n<p>&nbsp;<\/p>\n<hr \/>\n<p>&nbsp;<\/p>\n<h2><span style=\"color: #ff0000;\">IERI ALLA RADIO<\/span><\/h2>\n<h2><span style=\"color: #008080;\">&#8220;DINTORN E FORA VIA&#8221; A CURA DEL MUSLA, IL NUOVO PROGRAMMA\u00a0<\/span><\/h2>\n<p><strong><a class=\"dt-pswp-item\" href=\"https:\/\/www.radiopiu.net\/wordpress\/wp-content\/uploads\/2022\/10\/HJGayeftiqbflk.jpg\" data-dt-img-description=\"\" data-large_image_width=\"400\" data-large_image_height=\"400\"><img loading=\"lazy\" decoding=\"async\" class=\"wp-image-301568 alignleft\" src=\"https:\/\/www.radiopiu.net\/wordpress\/wp-content\/uploads\/2022\/10\/HJGayeftiqbflk-300x300.jpg\" alt=\"\" width=\"121\" height=\"121\" srcset=\"https:\/\/www.radiopiu.net\/wordpress\/wp-content\/uploads\/2022\/10\/HJGayeftiqbflk-300x300.jpg 300w, https:\/\/www.radiopiu.net\/wordpress\/wp-content\/uploads\/2022\/10\/HJGayeftiqbflk-150x150.jpg 150w, https:\/\/www.radiopiu.net\/wordpress\/wp-content\/uploads\/2022\/10\/HJGayeftiqbflk.jpg 400w\" sizes=\"auto, (max-width: 121px) 100vw, 121px\" \/><\/a>PUNTATA DEL 14 OTTOBRE &#8211; EMILY BONIFACCIO<\/strong><\/p>\n<audio class=\"wp-audio-shortcode\" id=\"audio-301500-16\" preload=\"none\" style=\"width: 100%;\" controls=\"controls\"><source type=\"audio\/mpeg\" src=\"https:\/\/www.radiopiu.net\/wordpress\/wp-content\/uploads\/2022\/10\/MUSLA-5.mp3?_=16\" \/><a href=\"https:\/\/www.radiopiu.net\/wordpress\/wp-content\/uploads\/2022\/10\/MUSLA-5.mp3\">https:\/\/www.radiopiu.net\/wordpress\/wp-content\/uploads\/2022\/10\/MUSLA-5.mp3<\/a><\/audio>\n<p>&nbsp;<\/p>\n<p><strong>LA RACCOLTA COMPLETA<\/strong><\/p>\n<blockquote class=\"wp-embedded-content\" data-secret=\"ERmDywQfOr\"><p><a href=\"https:\/\/www.radiopiu.net\/wordpress\/musla\/\">MUSLA<\/a><\/p><\/blockquote>\n<p><iframe loading=\"lazy\" class=\"wp-embedded-content\" sandbox=\"allow-scripts\" security=\"restricted\" style=\"position: absolute; clip: rect(1px, 1px, 1px, 1px);\" title=\"&#8220;MUSLA&#8221; &#8212; Radio Pi\u00f9\" src=\"https:\/\/www.radiopiu.net\/wordpress\/musla\/embed\/#?secret=dpBB22Ds3N#?secret=ERmDywQfOr\" data-secret=\"ERmDywQfOr\" width=\"600\" height=\"338\" frameborder=\"0\" marginwidth=\"0\" marginheight=\"0\" scrolling=\"no\"><\/iframe><\/p>\n<p>&nbsp;<\/p>\n<hr \/>\n<p>&nbsp;<\/p>\n<h2><span style=\"color: #ff6600;\">UNA FINESTRA SUL VOLONTARIATO DEL COMITATO D&#8217;INTESA<\/span><\/h2>\n<h3>Il nuovo programma radiofonico sul volontariato bellunese<\/h3>\n<p>il <strong>Comitato d\u2019Intesa<\/strong>\u00a0si lancia in un nuovo progetto.\u00a0<strong>\u201cUna Finestra sul Volontariato\u201d<\/strong> \u00e8 il programma radiofonico\u00a0 che ha l\u2019obiettivo di raccontare il mondo del volontariato nella provincia di Belluno, con le sue sfaccettature e la sua ricchezza. L\u2019iniziativa \u00e8 rivolta alla cittadinanza interessata a conoscere qualcosa di pi\u00f9 sul Terzo Settore, e alle associazioni che vogliono restare aggiornate e scoprire nuove opportunit\u00e0. Potete ascoltarci ogni <strong>secondo venerd\u00ec del mese<\/strong>\u00a0alle\u00a0<strong>ore 10.30<\/strong>\u00a0e alle\u00a0<strong>ore 19.00<\/strong> sulle frequenze di Radio Pi\u00f9<\/p>\n<p>&nbsp;<\/p>\n<h2><span style=\"color: #008000;\">PUNTATA DEL 14 OTTOBRE 2022<\/span><\/h2>\n<blockquote>\n<h2><strong>IL NUOVO PROGRAMMA ALLA RADIO<\/strong><br \/>\nil secondo venerdi del mese alle 10.30 e 1900<\/h2>\n<\/blockquote>\n<p>Ospiti:\u00a0 Sisto Da Roit del direttivo, Paola Benvegn\u00f9 del comitato d&#8217;intesa e Alvio Peratoner (Auser Agordo)<br \/>\ndi Claudio Fontanive<\/p>\n<audio class=\"wp-audio-shortcode\" id=\"audio-301500-17\" preload=\"none\" style=\"width: 100%;\" controls=\"controls\"><source type=\"audio\/mpeg\" src=\"https:\/\/www.radiopiu.net\/wordpress\/wp-content\/uploads\/2022\/09\/finestra-sul-volontariato-ottobre.mp3?_=17\" \/><a href=\"https:\/\/www.radiopiu.net\/wordpress\/wp-content\/uploads\/2022\/09\/finestra-sul-volontariato-ottobre.mp3\">https:\/\/www.radiopiu.net\/wordpress\/wp-content\/uploads\/2022\/09\/finestra-sul-volontariato-ottobre.mp3<\/a><\/audio>\n<p>&nbsp;<\/p>\n<hr \/>\n<p>&nbsp;<\/p>\n<div>\n<div class=\"b654a4as d2edcug0\">\n<div class=\"rq0escxv hkbzh7o3 jwdofwj8 n8tt0mok r8blr3vg hyh9befq\">\n<p><a class=\"dt-pswp-item\" href=\"https:\/\/www.radiopiu.net\/wordpress\/wp-content\/uploads\/2020\/10\/pp.jpg\" data-dt-img-description=\"\" data-large_image_width=\"640\" data-large_image_height=\"640\"><img loading=\"lazy\" decoding=\"async\" class=\"wp-image-163678 alignleft\" src=\"https:\/\/www.radiopiu.net\/wordpress\/wp-content\/uploads\/2020\/10\/pp-300x300.jpg\" alt=\"\" width=\"106\" height=\"106\" srcset=\"https:\/\/www.radiopiu.net\/wordpress\/wp-content\/uploads\/2020\/10\/pp-300x300.jpg 300w, https:\/\/www.radiopiu.net\/wordpress\/wp-content\/uploads\/2020\/10\/pp-150x150.jpg 150w, https:\/\/www.radiopiu.net\/wordpress\/wp-content\/uploads\/2020\/10\/pp-125x125.jpg 125w, https:\/\/www.radiopiu.net\/wordpress\/wp-content\/uploads\/2020\/10\/pp-200x200.jpg 200w, https:\/\/www.radiopiu.net\/wordpress\/wp-content\/uploads\/2020\/10\/pp-80x80.jpg 80w, https:\/\/www.radiopiu.net\/wordpress\/wp-content\/uploads\/2020\/10\/pp-480x480.jpg 480w, https:\/\/www.radiopiu.net\/wordpress\/wp-content\/uploads\/2020\/10\/pp.jpg 640w\" sizes=\"auto, (max-width: 106px) 100vw, 106px\" \/><\/a><\/p>\n<\/div>\n<\/div>\n<\/div>\n<div>\n<div class=\"page-title-head hgroup\">\n<div class=\"page-title-head hgroup\">\n<div class=\"b654a4as d2edcug0\">\n<div class=\"j83agx80 btwxx1t3 lhclo0ds hop8lmos nkwizq5d scwd0bx6 roh60bw9\">\n<div class=\"rq0escxv hkbzh7o3 jwdofwj8 n8tt0mok r8blr3vg hyh9befq\">\n<div class=\"do00u71z l9j0dhe7 k4urcfbm\">\n<h2><span style=\"color: #000080;\">DON CESARE, IL PENSIERO DEL GIORNO. ALLA RADIO ALLE 7 DEL MATTINO E ALLE 19.30 DELLA SERA.\u00a0<\/span><\/h2>\n<audio class=\"wp-audio-shortcode\" id=\"audio-301500-18\" preload=\"none\" style=\"width: 100%;\" controls=\"controls\"><source type=\"audio\/mpeg\" src=\"https:\/\/www.radiopiu.net\/wordpress\/wp-content\/uploads\/2022\/10\/CESARE-13.mp3?_=18\" \/><a href=\"https:\/\/www.radiopiu.net\/wordpress\/wp-content\/uploads\/2022\/10\/CESARE-13.mp3\">https:\/\/www.radiopiu.net\/wordpress\/wp-content\/uploads\/2022\/10\/CESARE-13.mp3<\/a><\/audio>\n<p>&nbsp;<\/p>\n<hr \/>\n<p>&nbsp;<\/p>\n<h2><span style=\"color: #ff6600;\">COLLAGE OPERAZIONE NOSTALGIA<\/span><\/h2>\n<p><strong><a class=\"dt-pswp-item\" href=\"https:\/\/www.radiopiu.net\/wordpress\/wp-content\/uploads\/2022\/10\/Frank-Sinatra.jpg\" data-dt-img-description=\"\" data-large_image_width=\"300\" data-large_image_height=\"299\"><img loading=\"lazy\" decoding=\"async\" class=\"wp-image-300796 alignleft\" src=\"https:\/\/www.radiopiu.net\/wordpress\/wp-content\/uploads\/2022\/10\/Frank-Sinatra.jpg\" alt=\"\" width=\"116\" height=\"116\" srcset=\"https:\/\/www.radiopiu.net\/wordpress\/wp-content\/uploads\/2022\/10\/Frank-Sinatra.jpg 300w, https:\/\/www.radiopiu.net\/wordpress\/wp-content\/uploads\/2022\/10\/Frank-Sinatra-150x150.jpg 150w\" sizes=\"auto, (max-width: 116px) 100vw, 116px\" \/><\/a>di Loris Scussel<\/strong><\/p>\n<p>Prosegue la nuova programmazione di Collage operazione nostalgia con la messa in onda delle canzoni in ordine alfabetico che questa settimana \u00e8 dedicata a quelle il cui titolo inizia con le lettere F, G, H, I, L. Come sempre i generi diversi si intrecceranno tra loro e potremo ascoltare brani come: Fly me to the moon, Goldfinger, Ho difeso il mio amore, Io per lei, Layla e cos\u00ec via. Collage va in onda dal luned\u00ec al venerd\u00ec alle 16,00 ed in replica alle 23,00 naturalmente su Radio Pi\u00f9.<\/p>\n<p><strong>LA PUNTATA DEL LUNEDI<\/strong><\/p>\n<audio class=\"wp-audio-shortcode\" id=\"audio-301500-19\" preload=\"none\" style=\"width: 100%;\" controls=\"controls\"><source type=\"audio\/mpeg\" src=\"https:\/\/www.radiopiu.net\/wordpress\/wp-content\/uploads\/2022\/10\/Collage-636.mp3?_=19\" \/><a href=\"https:\/\/www.radiopiu.net\/wordpress\/wp-content\/uploads\/2022\/10\/Collage-636.mp3\">https:\/\/www.radiopiu.net\/wordpress\/wp-content\/uploads\/2022\/10\/Collage-636.mp3<\/a><\/audio>\n<p>&nbsp;<\/p>\n<p><strong>PUNTATA DEL MARTEDI<\/strong><\/p>\n<audio class=\"wp-audio-shortcode\" id=\"audio-301500-20\" preload=\"none\" style=\"width: 100%;\" controls=\"controls\"><source type=\"audio\/mpeg\" src=\"https:\/\/www.radiopiu.net\/wordpress\/wp-content\/uploads\/2022\/10\/Collage-637.mp3?_=20\" \/><a href=\"https:\/\/www.radiopiu.net\/wordpress\/wp-content\/uploads\/2022\/10\/Collage-637.mp3\">https:\/\/www.radiopiu.net\/wordpress\/wp-content\/uploads\/2022\/10\/Collage-637.mp3<\/a><\/audio>\n<p>&nbsp;<\/p>\n<p><strong>PUNTATA DEL MERCOLEDI<\/strong><\/p>\n<audio class=\"wp-audio-shortcode\" id=\"audio-301500-21\" preload=\"none\" style=\"width: 100%;\" controls=\"controls\"><source type=\"audio\/mpeg\" src=\"https:\/\/www.radiopiu.net\/wordpress\/wp-content\/uploads\/2022\/10\/Collage-638.mp3?_=21\" \/><a href=\"https:\/\/www.radiopiu.net\/wordpress\/wp-content\/uploads\/2022\/10\/Collage-638.mp3\">https:\/\/www.radiopiu.net\/wordpress\/wp-content\/uploads\/2022\/10\/Collage-638.mp3<\/a><\/audio>\n<p>&nbsp;<\/p>\n<p><strong>PUNTATA DEL GIOVEDI<\/strong><\/p>\n<audio class=\"wp-audio-shortcode\" id=\"audio-301500-22\" preload=\"none\" style=\"width: 100%;\" controls=\"controls\"><source type=\"audio\/mpeg\" src=\"https:\/\/www.radiopiu.net\/wordpress\/wp-content\/uploads\/2022\/10\/Collage-639.mp3?_=22\" \/><a href=\"https:\/\/www.radiopiu.net\/wordpress\/wp-content\/uploads\/2022\/10\/Collage-639.mp3\">https:\/\/www.radiopiu.net\/wordpress\/wp-content\/uploads\/2022\/10\/Collage-639.mp3<\/a><\/audio>\n<p>&nbsp;<\/p>\n<p><strong>PUNTATA DEL VENERDI<\/strong><\/p>\n<audio class=\"wp-audio-shortcode\" id=\"audio-301500-23\" preload=\"none\" style=\"width: 100%;\" controls=\"controls\"><source type=\"audio\/mpeg\" src=\"https:\/\/www.radiopiu.net\/wordpress\/wp-content\/uploads\/2022\/10\/Collage-640.mp3?_=23\" \/><a href=\"https:\/\/www.radiopiu.net\/wordpress\/wp-content\/uploads\/2022\/10\/Collage-640.mp3\">https:\/\/www.radiopiu.net\/wordpress\/wp-content\/uploads\/2022\/10\/Collage-640.mp3<\/a><\/audio>\n<p>&nbsp;<\/p>\n<hr \/>\n<p>&nbsp;<\/p>\n<div>\n<blockquote class=\"wp-embedded-content\" data-secret=\"WIDEDXVJeS\"><p><a href=\"https:\/\/www.radiopiu.net\/wordpress\/odio-la-radio-dieci-anni-dopo-di-mirko-mezzacasa\/\">&#8220;ODIO LA RADIO&#8221;&#8230; DIECI ANNI DOPO, di Mirko Mezzacasa<\/a><\/p><\/blockquote>\n<p><iframe loading=\"lazy\" class=\"wp-embedded-content\" sandbox=\"allow-scripts\" security=\"restricted\" style=\"position: absolute; clip: rect(1px, 1px, 1px, 1px);\" title=\"&#8220;&#8220;ODIO LA RADIO&#8221;&#8230; DIECI ANNI DOPO, di Mirko Mezzacasa&#8221; &#8212; Radio Pi\u00f9\" src=\"https:\/\/www.radiopiu.net\/wordpress\/odio-la-radio-dieci-anni-dopo-di-mirko-mezzacasa\/embed\/#?secret=UeJPQyN7Yy#?secret=WIDEDXVJeS\" data-secret=\"WIDEDXVJeS\" width=\"600\" height=\"338\" frameborder=\"0\" marginwidth=\"0\" marginheight=\"0\" scrolling=\"no\"><\/iframe><\/p>\n<p>&nbsp;<\/p>\n<p>&nbsp;<\/p>\n<p>&nbsp;<\/p>\n<hr \/>\n<p>&nbsp;<\/p>\n<p><a class=\"dt-pswp-item\" href=\"https:\/\/www.radiopiu.net\/wordpress\/wp-content\/uploads\/2018\/09\/WhatsApp-Image-2018-09-20-at-16.04.06.jpeg\" data-dt-img-description=\"\" data-large_image_width=\"800\" data-large_image_height=\"100\"><img loading=\"lazy\" decoding=\"async\" class=\"aligncenter wp-image-61378 size-full\" src=\"https:\/\/www.radiopiu.net\/wordpress\/wp-content\/uploads\/2018\/09\/WhatsApp-Image-2018-09-20-at-16.04.06.jpeg\" alt=\"\" width=\"800\" height=\"100\" srcset=\"https:\/\/www.radiopiu.net\/wordpress\/wp-content\/uploads\/2018\/09\/WhatsApp-Image-2018-09-20-at-16.04.06.jpeg 800w, https:\/\/www.radiopiu.net\/wordpress\/wp-content\/uploads\/2018\/09\/WhatsApp-Image-2018-09-20-at-16.04.06-300x38.jpeg 300w, https:\/\/www.radiopiu.net\/wordpress\/wp-content\/uploads\/2018\/09\/WhatsApp-Image-2018-09-20-at-16.04.06-768x96.jpeg 768w\" sizes=\"auto, (max-width: 800px) 100vw, 800px\" \/><\/a><\/p>\n<p>&nbsp;<\/p>\n<p>&nbsp;<\/p>\n<p>&nbsp;<\/p>\n<hr \/>\n<p>&nbsp;<\/p>\n<p><strong>OGNI GIORNO IL MERCATINO A RADIO PIU&#8217;, AL QUARANTESIMO MINUTO. IL PUNTO DI RIFERIMENTO PER CHI OFFRE O CERCA LAVORO NELL&#8217;ARCO DOLOMITICO, CENTINAIA DI VISUALIZZAZIONI AL GIORNO SUL SITO INTERNET, IN AUDIO ALLA RADIO E IN STREAMING IL TUTTO IL MONDO. IL MERCATINO DI RADIO PIU, PER INSERIRE I TUOI ANNUNCI SCRIVI A <span style=\"color: #0000ff;\">radiopiu@radiopiu.it<\/span><\/strong><\/p>\n<blockquote class=\"wp-embedded-content\" data-secret=\"tgUtnK3Ab4\"><p><a href=\"https:\/\/www.radiopiu.net\/wordpress\/mercatino-e-mercatino-delle-pulci-per-i-vostri-annunci-radiopiuradiopiu-it\/\">MERCATINO<\/a><\/p><\/blockquote>\n<p><iframe loading=\"lazy\" class=\"wp-embedded-content\" sandbox=\"allow-scripts\" security=\"restricted\" style=\"position: absolute; clip: rect(1px, 1px, 1px, 1px);\" title=\"&#8220;MERCATINO&#8221; &#8212; Radio Pi\u00f9\" src=\"https:\/\/www.radiopiu.net\/wordpress\/mercatino-e-mercatino-delle-pulci-per-i-vostri-annunci-radiopiuradiopiu-it\/embed\/#?secret=hg0JrFUZsA#?secret=tgUtnK3Ab4\" data-secret=\"tgUtnK3Ab4\" width=\"600\" height=\"338\" frameborder=\"0\" marginwidth=\"0\" marginheight=\"0\" scrolling=\"no\"><\/iframe><\/p>\n<\/div>\n<p>&nbsp;<\/p>\n<p>&nbsp;<\/p>\n<div>\n<hr \/>\n<p>&nbsp;<\/p>\n<p><a href=\"https:\/\/www.radiopiu.net\/wordpress\/giornale-radiopiu-26-settembre-2018-direttore-mirko-mezzacasa\/viabilita-2\/\" rel=\"attachment wp-att-61954\"><img loading=\"lazy\" decoding=\"async\" class=\"aligncenter wp-image-61954 size-full\" src=\"https:\/\/www.radiopiu.net\/wordpress\/wp-content\/uploads\/2018\/09\/viabilita.jpeg\" sizes=\"auto, (max-width: 800px) 100vw, 800px\" srcset=\"https:\/\/www.radiopiu.net\/wordpress\/wp-content\/uploads\/2018\/09\/viabilita.jpeg 800w, https:\/\/www.radiopiu.net\/wordpress\/wp-content\/uploads\/2018\/09\/viabilita-300x38.jpeg 300w, https:\/\/www.radiopiu.net\/wordpress\/wp-content\/uploads\/2018\/09\/viabilita-768x96.jpeg 768w\" alt=\"\" width=\"800\" height=\"100\" \/><\/a><\/p>\n<blockquote>\n<h3><\/h3>\n<h3>GALLERIA DEI CASTEI A SENSO UNICO ALTERNATO DI NOTTE PER UNA SETTIMANA<\/h3>\n<\/blockquote>\n<p><strong>SEDICO<\/strong> Veneto Strade comunica che dal 17 al 21 ottobre verr\u00e0 istituito un senso unico alternato regolato da semaforo o movieri nella galleria dei Castei. Per consentire le indagini diagnostiche e manutenzione dell&#8217;impianto d&#8217;illuminazione il senso unico verr\u00e0 istituito in orario notturno, ogni giorno dalle 20 alle 6 del giorno successivo.<\/p>\n<p>&nbsp;<\/p>\n<blockquote>\n<h3>PROVINCIALE 347 DEL DURAN (LATO ZOLDO) MARTEDI MATTINA CHIUSA<\/h3>\n<\/blockquote>\n<p><strong>REDAZIONE<\/strong> Dalle 8.30 alle 12 di martedi la provinciale del Duran sar\u00e0 totalmente interrotta (per lavori di ripristino dell&#8217;attraversamento idraulico) in localit\u00e0 Pradel, bivio per Foppa in Comune di Val di Zoldo.<\/p>\n<p>&nbsp;<\/p>\n<blockquote>\n<h3>PONTE DEL FELICE A LA VALLE AGORDINA, CHIUSO FINO AL 24 OTTOBRE <strong>\u00a0<\/strong><\/h3>\n<\/blockquote>\n<p><strong>LA VALLE<\/strong> E&#8217; stata prorogata l&#8217;ordinanza di chiusura del ponte del Felice tra Crostolin di Agordo e il territorio comunale di La Valle Agordina (Ronche, Noach&#8230;) Ponte chiuso h24 fino al 24 ottobre, comunque fino alla conclusione dei lavori di ristrutturazione del ponte.<\/p>\n<blockquote>\n<h3>DOLOMITIBUS, PROROGA INTERRUZIONE VEICOLARE<\/h3>\n<\/blockquote>\n<p><strong>TAIBON\u00a0<\/strong> Da lunedi al 21 ottobre le corse Agordo Villanova effettuano il percorso alternativo Agordo-San Cipriano-Strapont-Municipio Taibon. Sospesa la tratta Peden-Villanova e le fermate Peden-Casa di riposo- Villanova.<\/p>\n<p>&nbsp;<\/p>\n<blockquote>\n<h3>SP 8 DI SAN TOMASO, PROROGATA LA CHIUSURA A FASCE ORARIE FINO ALL&#8217;11 NOVEMBRE<\/h3>\n<\/blockquote>\n<p><strong><img loading=\"lazy\" decoding=\"async\" class=\"alignleft\" src=\"https:\/\/www.radiopiu.net\/wordpress\/wp-content\/uploads\/2021\/11\/81aa72cc-d66b-44fa-afd5-7103ae531a24.jpg\" width=\"154\" height=\"113\" \/>SAN TOMASO<\/strong> Da un mese sono iniziati i lavori sulla SP 8 di San Tomaso a Col Zares\u00e8. Veneto Strade ha comunicato la proroga dell&#8217;ordinanza fino al 11 novembre. E\u2019 dal 17 luglio del 2014 che per raggiungere San Tomaso da Cencenighe \u00e8 d\u2019obbligo il rispetto del semaforo, ma dalla prossima stagione autunnale a lavori terminati e micropali piantati tutto cambier\u00e0. Ai residenti soprattutto viene richiesto ancora un sacrificio, ma pur di rivedere aperta quella strada nella sua normalit\u00e0 \u00e8 giustificato e lecito. Fino al 11 novembre, esclusi festivi e prefestivi, la strada chiuder\u00e0 totalmente dalle 7.15 alle 12.45 e dalle 14.15 alle 17.45. Negli altri orari senso unico alternato regolato da semaforo.<\/p>\n<p><em><strong>DIVIETO DI TRANSITO VEICOLARE A FADES DI LA VALLE AGORDINA TRA L&#8217;INCROCIO CON LA SR 347 E IL CIVICO 2. FINO AL 18 NOVEMBRE, SABATO, DOMENICA E FESTIVI COMPRESI. IL DIVIETO AVRA&#8217; EFFICACIA NEI GIORNI DI EFFETTIVA ESECUZIONE DEL CANTIERE.\u00a0\u00a0<\/strong><\/em><\/p>\n<p>&nbsp;<\/p>\n<p><strong>AGGIORNAMENTO VENETO STRADE, AGGIORNAMENTO CONTINUO H 24<\/strong><\/p>\n<p>&nbsp;<\/p>\n<blockquote class=\"wp-embedded-content\" data-secret=\"vahcrvEb0q\"><p><a href=\"https:\/\/www.radiopiu.net\/wordpress\/viabilita\/\">viabilita<\/a><\/p><\/blockquote>\n<p><iframe loading=\"lazy\" class=\"wp-embedded-content\" sandbox=\"allow-scripts\" security=\"restricted\" style=\"position: absolute; clip: rect(1px, 1px, 1px, 1px);\" title=\"&#8220;viabilita&#8221; &#8212; Radio Pi\u00f9\" src=\"https:\/\/www.radiopiu.net\/wordpress\/viabilita\/embed\/#?secret=22n4JhAFHB#?secret=vahcrvEb0q\" data-secret=\"vahcrvEb0q\" width=\"600\" height=\"338\" frameborder=\"0\" marginwidth=\"0\" marginheight=\"0\" scrolling=\"no\"><\/iframe><\/p>\n<p>&nbsp;<\/p>\n<p>&nbsp;<\/p>\n<p>&nbsp;<\/p>\n<hr \/>\n<p>&nbsp;<\/p>\n<p>&nbsp;<\/p>\n<p><img loading=\"lazy\" decoding=\"async\" class=\"wp-image-60761 size-full aligncenter\" src=\"https:\/\/www.radiopiu.net\/wordpress\/wp-content\/uploads\/2018\/09\/sport.jpg\" alt=\"\" width=\"800\" height=\"100\" srcset=\"https:\/\/www.radiopiu.net\/wordpress\/wp-content\/uploads\/2018\/09\/sport.jpg 800w, https:\/\/www.radiopiu.net\/wordpress\/wp-content\/uploads\/2018\/09\/sport-300x38.jpg 300w, https:\/\/www.radiopiu.net\/wordpress\/wp-content\/uploads\/2018\/09\/sport-768x96.jpg 768w\" sizes=\"auto, (max-width: 800px) 100vw, 800px\" \/><\/p>\n<p>&nbsp;<\/p>\n<p><strong><span style=\"color: #0000ff;\">HOCKEY SU GHIACCIO<\/span><\/strong><\/p>\n<blockquote>\n<h3>ALLEGHE IN CAMPO CONTRO IL BRESSANONE, SI GIOCA A FELTRE<\/h3>\n<\/blockquote>\n<p><strong><a class=\"dt-pswp-item\" href=\"https:\/\/www.radiopiu.net\/wordpress\/wp-content\/uploads\/2022\/10\/277951f4-b7ec-423e-88ef-a05c0350eb78.jpg\" data-dt-img-description=\"\" data-large_image_width=\"2048\" data-large_image_height=\"1362\"><img loading=\"lazy\" decoding=\"async\" class=\" wp-image-301536 alignleft\" src=\"https:\/\/www.radiopiu.net\/wordpress\/wp-content\/uploads\/2022\/10\/277951f4-b7ec-423e-88ef-a05c0350eb78-300x200.jpg\" alt=\"\" width=\"192\" height=\"128\" srcset=\"https:\/\/www.radiopiu.net\/wordpress\/wp-content\/uploads\/2022\/10\/277951f4-b7ec-423e-88ef-a05c0350eb78-300x200.jpg 300w, https:\/\/www.radiopiu.net\/wordpress\/wp-content\/uploads\/2022\/10\/277951f4-b7ec-423e-88ef-a05c0350eb78-1024x681.jpg 1024w, https:\/\/www.radiopiu.net\/wordpress\/wp-content\/uploads\/2022\/10\/277951f4-b7ec-423e-88ef-a05c0350eb78-768x511.jpg 768w, https:\/\/www.radiopiu.net\/wordpress\/wp-content\/uploads\/2022\/10\/277951f4-b7ec-423e-88ef-a05c0350eb78-1536x1022.jpg 1536w, https:\/\/www.radiopiu.net\/wordpress\/wp-content\/uploads\/2022\/10\/277951f4-b7ec-423e-88ef-a05c0350eb78.jpg 2048w\" sizes=\"auto, (max-width: 192px) 100vw, 192px\" \/><\/a>di Roberto Miana, portavoce dell&#8217;Alleghe Hockey<\/strong><\/p>\n<p>Quarta giornata del campionato di Italian Hockey League 2022\/2023. Sabato 15 ottobre alle 20:30 le Civette ospitano al PalaFeltre di Feltre il Bressanone. Si gioca a Feltre a causa della chiusura a tempo indeterminato del &#8220;De Toni&#8221; di Alleghe. Biancorossi ancora alla ricerca dei primi punti in questo campionato. Nell\u2019ultimo turno \u00e8 arrivata la sconfitta all\u2019Olimpico di Cortina 3-6 contro il Varese; per gli agordini doppietta di Aleksandrs Novikovs e la rete del giovane Tommaso Da Col che hanno tenuto in partita le Civette fino a met\u00e0 del terzo periodo, quando il Varese nel momento di massimo sforzo dei padroni di casa ha chiuso la contesa. Nonostante la sconfitta la squadra di coach Fontana \u00e8 uscita dal ghiaccio a testa alta avendo dato tutto, ma senza portare punti ad una classifica che li vede ancora a quota zero assieme al Como. L\u2019Alleghe sta pagando la sterilit\u00e0 in zona offensiva dove si \u00e8 messo in luce il solo lettone Novikovs, autore nelle prime tre gare di 3 reti ed 1 assist. La buona notizia \u00e8 che contro i Falcons dovrebbe fare il suo esordio in maglia biancorossa l\u2019attaccante svedese Patric Colton, fresco arrivo sotto al Civetta. Anche il Bressanone non ha avuto un inizio di stagione facile con la vittoria 3-2 alla prima giornata con il Varese e le sconfitte 6-0 a Caldaro e 4-0 in casa contro l\u2019Appiano, quest\u2019ultime dimostratesi comunque in buona forma e tra le migliori del campionato. Al momento gli altoatesini sono il peggior attacco del torneo con sole tre marcature all\u2019attivo (una in meno dell\u2019Alleghe) e occupano il sesto posto in classifica con 3 punti. Dalla stagione 2018\/2019, da quando Alleghe e Bressanone si affrontano nel campionato di serie B di hockey su ghiaccio (IHL), le Civette hanno incrociato le stecche con i Falchi 8 volte. Il bilancio generale conta 5 vittorie Alleghesi e 3 del Bressanone. Se prendiamo in considerazione le sole gare disputate al \u201cDe Toni\u201d di Alleghe, nelle 4 sfide disputate si sono registrati 3 successi dei padroni di casa e 1 degli ospiti. Nell&#8217;ultima gara giocata tra le due squadre ai piedi del Civetta, il 24 settembre dello scorso anno, si sono imposti gli ospiti 3-2. Conteggiando le reti totali segnate in questa sfida, l\u2019Alleghe ha messo a segno 27 marcature contro 18 del Bressanone. Si invitano tutti i tifosi che hanno a cuore le sorti delle Civette a seguire e sostenere la squadra biancorossa anche al PalaFeltre, facendo sentire il proprio calore alla squadra!<\/p>\n<p><strong>ALLEGHE hockey &#8211; HC BRESSANONE<\/strong><br \/>\nSabato 15 ottobre ore 20:30 \u2013 PalaFeltre di Feltre (BL) Arbitri: Marco Bagozza e Luca Cassol con giudici di linea Thomas Formaioni e Andrea Rivis<br \/>\nPARTITA APERTA AL PUBBLICO. Collegamenti in DIRETTA RADIOFONICA su Radio Pi\u00f9 (www.radiopiu.net) con \u201cHockey al punto giusto\u201d, in studio Marco Gaz e da Feltre interventi di Federico Paganin<\/p>\n<p>&nbsp;<\/p>\n<hr \/>\n<p>&nbsp;<\/p>\n<p><span style=\"color: #0000ff;\"><strong>CALCIO<\/strong><\/span><\/p>\n<blockquote>\n<h3>AGORDINA IN CAMPO NEL FINE SETTIMANA CON GIOVANILI E PRIMA SQUADRA<\/h3>\n<\/blockquote>\n<p><strong><a class=\"dt-pswp-item\" href=\"https:\/\/www.radiopiu.net\/wordpress\/wp-content\/uploads\/2020\/09\/calcio-2020.jpg\" data-dt-img-description=\"\" data-large_image_width=\"1920\" data-large_image_height=\"1080\"><img loading=\"lazy\" decoding=\"async\" class=\" wp-image-162226 alignleft\" src=\"https:\/\/www.radiopiu.net\/wordpress\/wp-content\/uploads\/2020\/09\/calcio-2020-300x169.jpg\" alt=\"\" width=\"167\" height=\"94\" srcset=\"https:\/\/www.radiopiu.net\/wordpress\/wp-content\/uploads\/2020\/09\/calcio-2020-300x169.jpg 300w, https:\/\/www.radiopiu.net\/wordpress\/wp-content\/uploads\/2020\/09\/calcio-2020-1024x576.jpg 1024w, https:\/\/www.radiopiu.net\/wordpress\/wp-content\/uploads\/2020\/09\/calcio-2020-768x432.jpg 768w, https:\/\/www.radiopiu.net\/wordpress\/wp-content\/uploads\/2020\/09\/calcio-2020-1536x864.jpg 1536w, https:\/\/www.radiopiu.net\/wordpress\/wp-content\/uploads\/2020\/09\/calcio-2020-640x360.jpg 640w, https:\/\/www.radiopiu.net\/wordpress\/wp-content\/uploads\/2020\/09\/calcio-2020.jpg 1920w\" sizes=\"auto, (max-width: 167px) 100vw, 167px\" \/><\/a>REDAZIONE <\/strong>Quinto fine settimana calcistico per l\u2019Agordina Calcio. Tra oggi e domani la squadra di Agordo sar\u00e0 impegnata con le quattro formazioni iscritte ai campionati FIGC. Nel pomeriggio odierno in campo due squadre giovanili. Alle 15:30 i Giovanissimi provinciali allenati da De Bastiani giocheranno in trasferta contro la Juventina Mugnai. Alla stessa ora in campo anche la squadra Juniores di De Zaiacomo che all\u2019Ivano Dorigo si scontrer\u00e0 con il Domegge. Domani mattina alle 10:30 ad Agordo sar\u00e0 il turno degli Allievi Regionali. La squadra di Orzetti, in fondo alla classifica a quota zero, prover\u00e0 ad incamerare i primi punti stagionali contro il Calcio Istriana. Momento buio anche per la prima squadra che esce da due sconfitte consecutive. La formazione allenata da Lorenzi \u00e8 chiamata alla prima trasferta della stagione e scender\u00e0 in Val Belluna per sfidare il Nogar\u00e8, compagine che occupa la parte alta della classifica. Non solo Agordina in campo nel fine settimana. Anche la Juniores Regionale del Fiori Barp scende in campo oggi pomeriggio per affrontare la Fulgor Trevignano. Domani alle 15:30 su Radio Pi\u00f9 appuntamento con Domenica Pi\u00f9 Sport per seguire in diretta l\u2019Agordina di Seconda categoria e per parlare anche di altri sport.<\/p>\n<p>&nbsp;<\/p>\n<p>&nbsp;<\/p>\n<hr \/>\n<p>&nbsp;<\/p>\n<p><span style=\"color: #0000ff;\"><strong>PALLAVOLO<\/strong><\/span><\/p>\n<blockquote>\n<h3>A BELLUNO ARRIVANO I DIAVOLI ROSA<\/h3>\n<\/blockquote>\n<p><strong><a class=\"dt-pswp-item\" href=\"https:\/\/www.radiopiu.net\/wordpress\/wp-content\/uploads\/2022\/10\/Un_frammento_della_scorsa_stagione.jpg\" data-dt-img-description=\"\" data-large_image_width=\"1320\" data-large_image_height=\"880\"><img loading=\"lazy\" decoding=\"async\" class=\" wp-image-301546 alignleft\" src=\"https:\/\/www.radiopiu.net\/wordpress\/wp-content\/uploads\/2022\/10\/Un_frammento_della_scorsa_stagione-300x200.jpg\" alt=\"\" width=\"147\" height=\"98\" srcset=\"https:\/\/www.radiopiu.net\/wordpress\/wp-content\/uploads\/2022\/10\/Un_frammento_della_scorsa_stagione-300x200.jpg 300w, https:\/\/www.radiopiu.net\/wordpress\/wp-content\/uploads\/2022\/10\/Un_frammento_della_scorsa_stagione-1024x683.jpg 1024w, https:\/\/www.radiopiu.net\/wordpress\/wp-content\/uploads\/2022\/10\/Un_frammento_della_scorsa_stagione-768x512.jpg 768w, https:\/\/www.radiopiu.net\/wordpress\/wp-content\/uploads\/2022\/10\/Un_frammento_della_scorsa_stagione.jpg 1320w\" sizes=\"auto, (max-width: 147px) 100vw, 147px\" \/><\/a>BELLUNO <\/strong>Per rendere paradisiaca la prima gara casalinga, bisogna passare dai diavoli. O meglio, dai Diavoli Rosa della Gamma Chimica Brugherio, che domani alle 18\u00a0approderanno alla Spes Arena per il secondo turno del campionato di Serie A3 Credem Banca. Un turno che coincide con l\u2019esordio casalingo della Da Rold Logistics Belluno.<span class=\"gmail-Apple-converted-space\"> \u00a0<\/span>Che tipo di squadra si presenter\u00e0 di fronte ai rinoceronti? Parola al vice allenatore della DRL, Roberto Malaguti: \u00ab\u00c8 la formazione pi\u00f9 giovane del campionato e con un\u2019altezza media davvero importante. Basti pensare all\u2019opposto Barotto: in virt\u00f9 dei suoi 212 centimetri \u00e8 il pi\u00f9 alto della serie A\u00bb. Lo stesso Barotto, peraltro, \u00e8 reduce da un debutto strepitoso, nobilitato da 26 punti, con un ace, due muri e il 58 per cento in attacco. Numeri da stropicciarsi gli occhi. E, in questo senso, si annuncia un bel duello tra bomber con Marco Novello. <span class=\"gmail-Apple-converted-space\">\u00a0\u00a0<\/span><\/p>\n<p>&nbsp;<\/p>\n<blockquote>\n<h3>LA RACCOLTA FONDI PER AIUTARE L&#8217;ALLEGHE HOCKEY<\/h3>\n<\/blockquote>\n<p><strong><a class=\"dt-pswp-item\" href=\"https:\/\/www.radiopiu.net\/wordpress\/wp-content\/uploads\/2022\/10\/543dd19e-af42-414d-a1af-32fe5af49bb7.jpg\" data-dt-img-description=\"\" data-large_image_width=\"1024\" data-large_image_height=\"860\"><img loading=\"lazy\" decoding=\"async\" class=\" wp-image-300498 alignleft\" src=\"https:\/\/www.radiopiu.net\/wordpress\/wp-content\/uploads\/2022\/10\/543dd19e-af42-414d-a1af-32fe5af49bb7-300x252.jpg\" alt=\"\" width=\"187\" height=\"157\" srcset=\"https:\/\/www.radiopiu.net\/wordpress\/wp-content\/uploads\/2022\/10\/543dd19e-af42-414d-a1af-32fe5af49bb7-300x252.jpg 300w, https:\/\/www.radiopiu.net\/wordpress\/wp-content\/uploads\/2022\/10\/543dd19e-af42-414d-a1af-32fe5af49bb7-768x645.jpg 768w, https:\/\/www.radiopiu.net\/wordpress\/wp-content\/uploads\/2022\/10\/543dd19e-af42-414d-a1af-32fe5af49bb7.jpg 1024w\" sizes=\"auto, (max-width: 187px) 100vw, 187px\" \/><\/a>ALLEGHE<\/strong> \u00c8 partita la raccolta fondi per aiutare l&#8217;Alleghe Hockey in questa stagione che, dopo la chiusura dello stadio Alvise De Toni, si preannuncia travagliata. La squadra alleghese dovr\u00e0 sostenere delle trasferte sia per allenarsi che per giocare le partite in programma. Per questo \u00e8 stata lanciata una raccolta fondi su Eppela dove chiunque pu\u00f2 fare la propria donazione alla societ\u00e0 per aiutarla a pagare le spese.<\/p>\n<p><strong>IL MESSAGGIO DELL&#8217;ALLEGHE HOCKEY<\/strong><\/p>\n<blockquote><p><em>Il nostro Palaghiaccio \u00e8 CHIUSO dal 2 ottobre 2022 per l&#8217;enorme aumento dei costi dell&#8217;energia. Questo significa che i nostri atleti, dai piccolissimi fino ai ragazzi della senior, non possono pi\u00f9 allenarsi n\u00e8 giocare sul nostro ghiaccio. Ma non possono soprattutto socializzare, imparare e fare attivit\u00e0 fisica con i propri compagni di squadra. Tutti noi siamo turbati da questa situazione, ma tutti insieme abbiamo reagito e cos\u00ec, rimboccandosi le maniche la Societ\u00e0 ha riorganizzato le attivit\u00e0, riuscendo a pianificare la gestione degli allenamenti negli stadi di altri Comuni. Cosa faremo con il contributo raccolto? La raccolta ci permetter\u00e0 di sostenere i costi per le continue trasferte dei nostri atleti.\u00a0<\/em><\/p><\/blockquote>\n<p><strong>CHI VOLESSE AIUTARE L&#8217;ALLEGHE HOCKEY PUO&#8217; FARLO NEI PUNTI RACCOLTA FONDI, BAR BIANCO AD ALLEGHE E CAFFE&#8217; MINIERE DI AGORDO. OPPURE TRAMITE LA RACCOLTA FONDI ONLINE DI EPPELA <a href=\"https:\/\/www.eppela.com\/projects\/9059\">CLICCANDO QUI<\/a><\/strong><\/p>\n<h2>IL MESSAGGIO DEGLI EX GIOCATORI<\/h2>\n<div style=\"width: 848px;\" class=\"wp-video\"><video class=\"wp-video-shortcode\" id=\"video-301500-2\" width=\"848\" height=\"480\" preload=\"metadata\" controls=\"controls\"><source type=\"video\/mp4\" src=\"https:\/\/www.radiopiu.net\/wordpress\/wp-content\/uploads\/2022\/10\/WhatsApp-Video-2022-10-08-at-13.20.26.mp4?_=2\" \/><a href=\"https:\/\/www.radiopiu.net\/wordpress\/wp-content\/uploads\/2022\/10\/WhatsApp-Video-2022-10-08-at-13.20.26.mp4\">https:\/\/www.radiopiu.net\/wordpress\/wp-content\/uploads\/2022\/10\/WhatsApp-Video-2022-10-08-at-13.20.26.mp4<\/a><\/video><\/div>\n<p>&nbsp;<\/p>\n<hr \/>\n<p>&nbsp;<\/p>\n<\/div>\n<\/div>\n<\/div>\n<\/div>\n<\/div>\n<\/div>\n<\/div>\n<\/div>\n<\/div>\n","protected":false},"excerpt":{"rendered":"<p>RADIO PIU INFORMAZIONE il canale su TELEGRAM informazione di prima\u00a0\u00a0mano e in tempo reale. iscriviti ed aiutaci a farlo conoscere &nbsp; &nbsp; &nbsp; RIVAMONTE AGORDINO: Chiusura temporanea Ecocentro per manifestazione \u201cRiva l\u2019Oktoberfest\u201d AGORDO L\u2019Ecocentro di Rivamonte Agordino rimarr\u00e0 chiuso oggi come richiesto dal Comune per consentire lo svolgimento della manifestazione denominata \u201cRiva l\u2019Oktoberfest\u201d. Si ricorda&hellip;<\/p>\n","protected":false},"author":4,"featured_media":301592,"comment_status":"closed","ping_status":"closed","sticky":false,"template":"","format":"standard","meta":{"_monsterinsights_skip_tracking":false,"_monsterinsights_sitenote_active":false,"_monsterinsights_sitenote_note":"","_monsterinsights_sitenote_category":0,"footnotes":""},"categories":[51,86,49],"tags":[],"class_list":["post-301500","post","type-post","status-publish","format-standard","has-post-thumbnail","hentry","category-evidenza-top","category-gr","category-news-18","category-51","category-86","category-49","description-off"],"img_url":"https:\/\/www.radiopiu.net\/wordpress\/wp-content\/uploads\/2022\/10\/salt_20221014_192426_432-1.jpg","_links":{"self":[{"href":"https:\/\/www.radiopiu.net\/wordpress\/wp-json\/wp\/v2\/posts\/301500","targetHints":{"allow":["GET"]}}],"collection":[{"href":"https:\/\/www.radiopiu.net\/wordpress\/wp-json\/wp\/v2\/posts"}],"about":[{"href":"https:\/\/www.radiopiu.net\/wordpress\/wp-json\/wp\/v2\/types\/post"}],"author":[{"embeddable":true,"href":"https:\/\/www.radiopiu.net\/wordpress\/wp-json\/wp\/v2\/users\/4"}],"replies":[{"embeddable":true,"href":"https:\/\/www.radiopiu.net\/wordpress\/wp-json\/wp\/v2\/comments?post=301500"}],"version-history":[{"count":0,"href":"https:\/\/www.radiopiu.net\/wordpress\/wp-json\/wp\/v2\/posts\/301500\/revisions"}],"wp:featuredmedia":[{"embeddable":true,"href":"https:\/\/www.radiopiu.net\/wordpress\/wp-json\/wp\/v2\/media\/301592"}],"wp:attachment":[{"href":"https:\/\/www.radiopiu.net\/wordpress\/wp-json\/wp\/v2\/media?parent=301500"}],"wp:term":[{"taxonomy":"category","embeddable":true,"href":"https:\/\/www.radiopiu.net\/wordpress\/wp-json\/wp\/v2\/categories?post=301500"},{"taxonomy":"post_tag","embeddable":true,"href":"https:\/\/www.radiopiu.net\/wordpress\/wp-json\/wp\/v2\/tags?post=301500"}],"curies":[{"name":"wp","href":"https:\/\/api.w.org\/{rel}","templated":true}]}}