{"id":301502,"date":"2022-10-14T04:48:25","date_gmt":"2022-10-14T02:48:25","guid":{"rendered":"https:\/\/www.radiopiu.net\/wordpress\/?p=301502"},"modified":"2022-10-15T06:55:00","modified_gmt":"2022-10-15T04:55:00","slug":"sere-dautunno-secondo-appuntamento","status":"publish","type":"post","link":"https:\/\/www.radiopiu.net\/wordpress\/sere-dautunno-secondo-appuntamento\/","title":{"rendered":"SERE D&#8217;AUTUNNO, SECONDO APPUNTAMENTO"},"content":{"rendered":"<blockquote>\n<h3>SERE D&#8217;AUTUNNO 2022, PRESENTA GIANPAOLO SORATROI<\/h3>\n<\/blockquote>\n<p><strong><a class=\"dt-pswp-item\" href=\"https:\/\/www.radiopiu.net\/wordpress\/wp-content\/uploads\/2022\/10\/DAVIDE_CHIESA_1_-_Copia.jpg\" data-dt-img-description=\"\" data-large_image_width=\"448\" data-large_image_height=\"297\"><img loading=\"lazy\" decoding=\"async\" class=\"wp-image-301364 alignleft\" src=\"https:\/\/www.radiopiu.net\/wordpress\/wp-content\/uploads\/2022\/10\/DAVIDE_CHIESA_1_-_Copia-300x199.jpg\" alt=\"\" width=\"199\" height=\"132\" srcset=\"https:\/\/www.radiopiu.net\/wordpress\/wp-content\/uploads\/2022\/10\/DAVIDE_CHIESA_1_-_Copia-300x199.jpg 300w, https:\/\/www.radiopiu.net\/wordpress\/wp-content\/uploads\/2022\/10\/DAVIDE_CHIESA_1_-_Copia.jpg 448w\" sizes=\"auto, (max-width: 199px) 100vw, 199px\" \/><\/a>AGORDO<\/strong>\u00a0 Oggi alle 20.45 in sala Don Tamis (ingresso libero) seconda serata della rassegna. &#8220;Quando ero bambino sognavo di diventare un albero&#8221;.\u00a0 Merino e il Bosco, e i suoi innumerevoli alberi, i suoi profumi, le sue leggende, la saggezza degli antichi saperi: Merino \u00e8 Magia. Entrare nel suo regno \u00e8 un privilegio e un dono e per lui \u00e8 una missione rivelarcelo. Video vincitore del Premio Custodi delle Terre Alte 2022. Iniziativa GTA (Gruppo Tere Alte &#8211;\u00a0 Comitato Scientifico Centrale &#8211; Club Alpini Italiano).<\/p>\n<p>GIANPAOLO SORATROI ALLA RADIO<\/p>\n<audio class=\"wp-audio-shortcode\" id=\"audio-301502-1\" preload=\"none\" style=\"width: 100%;\" controls=\"controls\"><source type=\"audio\/mpeg\" src=\"https:\/\/www.radiopiu.net\/wordpress\/wp-content\/uploads\/2022\/10\/GIANPAOLO.mp3?_=1\" \/><a href=\"https:\/\/www.radiopiu.net\/wordpress\/wp-content\/uploads\/2022\/10\/GIANPAOLO.mp3\">https:\/\/www.radiopiu.net\/wordpress\/wp-content\/uploads\/2022\/10\/GIANPAOLO.mp3<\/a><\/audio>\n<p>&nbsp;<\/p>\n<hr \/>\n<p>&nbsp;<\/p>\n","protected":false},"excerpt":{"rendered":"<p>SERE D&#8217;AUTUNNO 2022, PRESENTA GIANPAOLO SORATROI AGORDO\u00a0 Oggi alle 20.45 in sala Don Tamis (ingresso libero) seconda serata della rassegna. &#8220;Quando ero bambino sognavo di diventare un albero&#8221;.\u00a0 Merino e il Bosco, e i suoi innumerevoli alberi, i suoi profumi, le sue leggende, la saggezza degli antichi saperi: Merino \u00e8 Magia. Entrare nel suo regno&hellip;<\/p>\n","protected":false},"author":4,"featured_media":301364,"comment_status":"closed","ping_status":"closed","sticky":false,"template":"","format":"standard","meta":{"_monsterinsights_skip_tracking":false,"_monsterinsights_sitenote_active":false,"_monsterinsights_sitenote_note":"","_monsterinsights_sitenote_category":0,"footnotes":""},"categories":[49],"tags":[],"class_list":["post-301502","post","type-post","status-publish","format-standard","has-post-thumbnail","hentry","category-news-18","category-49","description-off"],"img_url":"https:\/\/www.radiopiu.net\/wordpress\/wp-content\/uploads\/2022\/10\/DAVIDE_CHIESA_1_-_Copia.jpg","_links":{"self":[{"href":"https:\/\/www.radiopiu.net\/wordpress\/wp-json\/wp\/v2\/posts\/301502","targetHints":{"allow":["GET"]}}],"collection":[{"href":"https:\/\/www.radiopiu.net\/wordpress\/wp-json\/wp\/v2\/posts"}],"about":[{"href":"https:\/\/www.radiopiu.net\/wordpress\/wp-json\/wp\/v2\/types\/post"}],"author":[{"embeddable":true,"href":"https:\/\/www.radiopiu.net\/wordpress\/wp-json\/wp\/v2\/users\/4"}],"replies":[{"embeddable":true,"href":"https:\/\/www.radiopiu.net\/wordpress\/wp-json\/wp\/v2\/comments?post=301502"}],"version-history":[{"count":0,"href":"https:\/\/www.radiopiu.net\/wordpress\/wp-json\/wp\/v2\/posts\/301502\/revisions"}],"wp:featuredmedia":[{"embeddable":true,"href":"https:\/\/www.radiopiu.net\/wordpress\/wp-json\/wp\/v2\/media\/301364"}],"wp:attachment":[{"href":"https:\/\/www.radiopiu.net\/wordpress\/wp-json\/wp\/v2\/media?parent=301502"}],"wp:term":[{"taxonomy":"category","embeddable":true,"href":"https:\/\/www.radiopiu.net\/wordpress\/wp-json\/wp\/v2\/categories?post=301502"},{"taxonomy":"post_tag","embeddable":true,"href":"https:\/\/www.radiopiu.net\/wordpress\/wp-json\/wp\/v2\/tags?post=301502"}],"curies":[{"name":"wp","href":"https:\/\/api.w.org\/{rel}","templated":true}]}}