{"id":301508,"date":"2023-01-21T05:05:30","date_gmt":"2023-01-21T04:05:30","guid":{"rendered":"https:\/\/www.radiopiu.net\/wordpress\/?p=301508"},"modified":"2023-01-21T05:13:32","modified_gmt":"2023-01-21T04:13:32","slug":"mezzo-milione-dai-fondi-di-confine-per-il-sintetico-ma-e-solo-uno-dei-tanti-progetti","status":"publish","type":"post","link":"https:\/\/www.radiopiu.net\/wordpress\/mezzo-milione-dai-fondi-di-confine-per-il-sintetico-ma-e-solo-uno-dei-tanti-progetti\/","title":{"rendered":"MEZZO MILIONE DAI FONDI DI CONFINE PER IL SINTETICO, MA E&#8217; SOLO UNO DEI TANTI PROGETTI"},"content":{"rendered":"<h3><\/h3>\n<p><strong>AGORDO<\/strong> Fondi di confine, la manna, per realizzare la copertura dello stadio di calcio e atletica all&#8217;Ivano Dorigo, per concretizzare l&#8217;idea del centro di protezione civile e della sede del Soccorso Alpino nelle ex officine dei congeniatori. E poi il campo di calcio sintetico. Il sindaco Roberto Chissal\u00e8 e collaboratori hanno infatti approvato l&#8217;atteso progetto di fattibilit\u00e0 per un importo di mezzo milione di euro. I lavori potrebbero iniziare gi\u00e0 a giugno.<\/p>\n<p>&nbsp;<\/p>\n<p><strong>di GIANNI SANTOMASO, il parere del vicesindaco Giulio Favretti<\/strong><\/p>\n<p><strong>AGORDO\u00a0<\/strong><\/p>\n<audio class=\"wp-audio-shortcode\" id=\"audio-301508-1\" preload=\"none\" style=\"width: 100%;\" controls=\"controls\"><source type=\"audio\/mpeg\" src=\"https:\/\/www.radiopiu.net\/wordpress\/wp-content\/uploads\/2022\/10\/gianni-pezzo-agordo.mp3?_=1\" \/><a href=\"https:\/\/www.radiopiu.net\/wordpress\/wp-content\/uploads\/2022\/10\/gianni-pezzo-agordo.mp3\">https:\/\/www.radiopiu.net\/wordpress\/wp-content\/uploads\/2022\/10\/gianni-pezzo-agordo.mp3<\/a><\/audio>\n<p>&nbsp;<\/p>\n\n\t\t\t<style type='text\/css'>\n\t\t\t\t#gallery-1 {\n\t\t\t\t\tmargin: auto;\n\t\t\t\t}\n\t\t\t\t#gallery-1 .gallery-item {\n\t\t\t\t\tfloat: left;\n\t\t\t\t\tmargin-top: 10px;\n\t\t\t\t\ttext-align: center;\n\t\t\t\t\twidth: 25%;\n\t\t\t\t}\n\t\t\t\t#gallery-1 img {\n\t\t\t\t\tborder: 2px solid #cfcfcf;\n\t\t\t\t}\n\t\t\t\t#gallery-1 .gallery-caption {\n\t\t\t\t\tmargin-left: 0;\n\t\t\t\t}\n\t\t\t\t\/* see gallery_shortcode() in wp-includes\/media.php *\/\n\t\t\t<\/style>\n\t\t<div id='gallery-1' class='dt-gallery-container gallery galleryid-301508 gallery-columns-4 gallery-size-thumbnail'><dl class='gallery-item'>\n\t\t\t\t<dt class='gallery-icon portrait'>\n\t\t\t\t\t<a class=\"rollover rollover-zoom dt-pswp-item\" title=\"WhatsApp Image 2022-10-13 at 19.26.26\" data-dt-img-description=\"\" data-large_image_width=\"912\" data-large_image_height=\"1600\"href='https:\/\/www.radiopiu.net\/wordpress\/wp-content\/uploads\/2022\/10\/WhatsApp-Image-2022-10-13-at-19.26.26.jpeg'><img loading=\"lazy\" decoding=\"async\" width=\"150\" height=\"150\" src=\"https:\/\/www.radiopiu.net\/wordpress\/wp-content\/uploads\/2022\/10\/WhatsApp-Image-2022-10-13-at-19.26.26-150x150.jpeg\" class=\"attachment-thumbnail size-thumbnail\" alt=\"\" \/><\/a>\n\t\t\t\t<\/dt><\/dl><dl class='gallery-item'>\n\t\t\t\t<dt class='gallery-icon landscape'>\n\t\t\t\t\t<a class=\"rollover rollover-zoom dt-pswp-item\" title=\"WhatsApp Image 2022-10-13 at 19.26.27\" data-dt-img-description=\"\" data-large_image_width=\"982\" data-large_image_height=\"835\"href='https:\/\/www.radiopiu.net\/wordpress\/wp-content\/uploads\/2022\/10\/WhatsApp-Image-2022-10-13-at-19.26.27.jpeg'><img loading=\"lazy\" decoding=\"async\" width=\"150\" height=\"150\" src=\"https:\/\/www.radiopiu.net\/wordpress\/wp-content\/uploads\/2022\/10\/WhatsApp-Image-2022-10-13-at-19.26.27-150x150.jpeg\" class=\"attachment-thumbnail size-thumbnail\" alt=\"\" \/><\/a>\n\t\t\t\t<\/dt><\/dl><dl class='gallery-item'>\n\t\t\t\t<dt class='gallery-icon landscape'>\n\t\t\t\t\t<a class=\"rollover rollover-zoom dt-pswp-item\" title=\"Agordo Serie D vista 2 A\" data-dt-img-description=\"\" data-large_image_width=\"2560\" data-large_image_height=\"1442\"href='https:\/\/www.radiopiu.net\/wordpress\/wp-content\/uploads\/2022\/10\/Agordo-Serie-D-vista-2-A-scaled.jpg'><img loading=\"lazy\" decoding=\"async\" width=\"150\" height=\"150\" src=\"https:\/\/www.radiopiu.net\/wordpress\/wp-content\/uploads\/2022\/10\/Agordo-Serie-D-vista-2-A-150x150.jpg\" class=\"attachment-thumbnail size-thumbnail\" alt=\"\" \/><\/a>\n\t\t\t\t<\/dt><\/dl><dl class='gallery-item'>\n\t\t\t\t<dt class='gallery-icon landscape'>\n\t\t\t\t\t<a class=\"rollover rollover-zoom dt-pswp-item\" title=\"Agordo Serie D vista 1 A\" data-dt-img-description=\"\" data-large_image_width=\"2560\" data-large_image_height=\"1334\"href='https:\/\/www.radiopiu.net\/wordpress\/wp-content\/uploads\/2022\/10\/Agordo-Serie-D-vista-1-A-scaled.jpg'><img loading=\"lazy\" decoding=\"async\" width=\"150\" height=\"150\" src=\"https:\/\/www.radiopiu.net\/wordpress\/wp-content\/uploads\/2022\/10\/Agordo-Serie-D-vista-1-A-150x150.jpg\" class=\"attachment-thumbnail size-thumbnail\" alt=\"\" \/><\/a>\n\t\t\t\t<\/dt><\/dl><br style=\"clear: both\" \/>\n\t\t\t<\/div>\n\n<p>&nbsp;<\/p>\n<blockquote>\n<h3>CON I FONDI DI CONFINE IL CAMPO DI CALCIO SINTETICO, BIEN &#8220;NESSUN AMPLIAMENTO&#8221;<\/h3>\n<p>di Mirko Mezzacasa<\/p><\/blockquote>\n<p><strong><img loading=\"lazy\" decoding=\"async\" class=\"alignleft\" src=\"https:\/\/www.radiopiu.net\/wordpress\/wp-content\/uploads\/2022\/06\/CAMPO-IVANO-DORIGO-300x169-1.jpg\" width=\"185\" height=\"104\" \/>DAL GIORNALE RADIO EDIZIONE DELLE 18.30<\/strong><\/p>\n<p><strong>AUDIO<\/strong><\/p>\n<audio class=\"wp-audio-shortcode\" id=\"audio-301508-2\" preload=\"none\" style=\"width: 100%;\" controls=\"controls\"><source type=\"audio\/mpeg\" src=\"https:\/\/www.radiopiu.net\/wordpress\/wp-content\/uploads\/2022\/07\/CRISTINA-AGORDO.mp3?_=2\" \/><a href=\"https:\/\/www.radiopiu.net\/wordpress\/wp-content\/uploads\/2022\/07\/CRISTINA-AGORDO.mp3\">https:\/\/www.radiopiu.net\/wordpress\/wp-content\/uploads\/2022\/07\/CRISTINA-AGORDO.mp3<\/a><\/audio>\n<p>&nbsp;<\/p>\n<blockquote>\n<h3>IL CONSIGLIO COMUNALE, REGISTRAZIONE INTEGRALE<\/h3>\n<\/blockquote>\n<p><a href=\"https:\/\/www.facebook.com\/marco.baghy.1\/videos\/720969692308855\">https:\/\/www.facebook.com\/marco.baghy.1\/videos\/720969692308855<\/a><\/p>\n<p>&nbsp;<\/p>\n<p>&nbsp;<\/p>\n<p>&nbsp;<\/p>\n<p>&nbsp;<\/p>\n<p>&nbsp;<\/p>\n<hr \/>\n<p>&nbsp;<\/p>\n","protected":false},"excerpt":{"rendered":"<p>AGORDO Fondi di confine, la manna, per realizzare la copertura dello stadio di calcio e atletica all&#8217;Ivano Dorigo, per concretizzare l&#8217;idea del centro di protezione civile e della sede del Soccorso Alpino nelle ex officine dei congeniatori. E poi il campo di calcio sintetico. Il sindaco Roberto Chissal\u00e8 e collaboratori hanno infatti approvato l&#8217;atteso progetto&hellip;<\/p>\n","protected":false},"author":4,"featured_media":301495,"comment_status":"closed","ping_status":"closed","sticky":false,"template":"","format":"standard","meta":{"_monsterinsights_skip_tracking":false,"_monsterinsights_sitenote_active":false,"_monsterinsights_sitenote_note":"","_monsterinsights_sitenote_category":0,"footnotes":""},"categories":[51,49],"tags":[],"class_list":["post-301508","post","type-post","status-publish","format-standard","has-post-thumbnail","hentry","category-evidenza-top","category-news-18","category-51","category-49","description-off"],"img_url":"https:\/\/www.radiopiu.net\/wordpress\/wp-content\/uploads\/2022\/10\/WhatsApp-Image-2022-10-13-at-19.26.27.jpeg","_links":{"self":[{"href":"https:\/\/www.radiopiu.net\/wordpress\/wp-json\/wp\/v2\/posts\/301508","targetHints":{"allow":["GET"]}}],"collection":[{"href":"https:\/\/www.radiopiu.net\/wordpress\/wp-json\/wp\/v2\/posts"}],"about":[{"href":"https:\/\/www.radiopiu.net\/wordpress\/wp-json\/wp\/v2\/types\/post"}],"author":[{"embeddable":true,"href":"https:\/\/www.radiopiu.net\/wordpress\/wp-json\/wp\/v2\/users\/4"}],"replies":[{"embeddable":true,"href":"https:\/\/www.radiopiu.net\/wordpress\/wp-json\/wp\/v2\/comments?post=301508"}],"version-history":[{"count":0,"href":"https:\/\/www.radiopiu.net\/wordpress\/wp-json\/wp\/v2\/posts\/301508\/revisions"}],"wp:featuredmedia":[{"embeddable":true,"href":"https:\/\/www.radiopiu.net\/wordpress\/wp-json\/wp\/v2\/media\/301495"}],"wp:attachment":[{"href":"https:\/\/www.radiopiu.net\/wordpress\/wp-json\/wp\/v2\/media?parent=301508"}],"wp:term":[{"taxonomy":"category","embeddable":true,"href":"https:\/\/www.radiopiu.net\/wordpress\/wp-json\/wp\/v2\/categories?post=301508"},{"taxonomy":"post_tag","embeddable":true,"href":"https:\/\/www.radiopiu.net\/wordpress\/wp-json\/wp\/v2\/tags?post=301508"}],"curies":[{"name":"wp","href":"https:\/\/api.w.org\/{rel}","templated":true}]}}