{"id":301538,"date":"2022-10-14T23:59:30","date_gmt":"2022-10-14T21:59:30","guid":{"rendered":"https:\/\/www.radiopiu.net\/wordpress\/?p=301538"},"modified":"2022-10-15T06:52:37","modified_gmt":"2022-10-15T04:52:37","slug":"agordina-in-campo-nel-fine-settimana-con-giovanili-e-prima-squadra","status":"publish","type":"post","link":"https:\/\/www.radiopiu.net\/wordpress\/agordina-in-campo-nel-fine-settimana-con-giovanili-e-prima-squadra\/","title":{"rendered":"AGORDINA IN CAMPO NEL FINE SETTIMANA CON GIOVANILI E PRIMA SQUADRA"},"content":{"rendered":"<p><strong><a class=\"dt-pswp-item\" href=\"https:\/\/www.radiopiu.net\/wordpress\/wp-content\/uploads\/2020\/09\/calcio-2020.jpg\" data-dt-img-description=\"\" data-large_image_width=\"1920\" data-large_image_height=\"1080\"><img loading=\"lazy\" decoding=\"async\" class=\" wp-image-162226 alignleft\" src=\"https:\/\/www.radiopiu.net\/wordpress\/wp-content\/uploads\/2020\/09\/calcio-2020-300x169.jpg\" alt=\"\" width=\"167\" height=\"94\" srcset=\"https:\/\/www.radiopiu.net\/wordpress\/wp-content\/uploads\/2020\/09\/calcio-2020-300x169.jpg 300w, https:\/\/www.radiopiu.net\/wordpress\/wp-content\/uploads\/2020\/09\/calcio-2020-1024x576.jpg 1024w, https:\/\/www.radiopiu.net\/wordpress\/wp-content\/uploads\/2020\/09\/calcio-2020-768x432.jpg 768w, https:\/\/www.radiopiu.net\/wordpress\/wp-content\/uploads\/2020\/09\/calcio-2020-1536x864.jpg 1536w, https:\/\/www.radiopiu.net\/wordpress\/wp-content\/uploads\/2020\/09\/calcio-2020-640x360.jpg 640w, https:\/\/www.radiopiu.net\/wordpress\/wp-content\/uploads\/2020\/09\/calcio-2020.jpg 1920w\" sizes=\"auto, (max-width: 167px) 100vw, 167px\" \/><\/a>REDAZIONE <\/strong>Quinto fine settimana calcistico per l\u2019Agordina Calcio. Tra oggi e domani la squadra di Agordo sar\u00e0 impegnata con le quattro formazioni iscritte ai campionati FIGC. Nel pomeriggio odierno in campo due squadre giovanili. Alle 15:30 i Giovanissimi provinciali allenati da De Bastiani giocheranno in trasferta contro la Juventina Mugnai. Alla stessa ora in campo anche la squadra Juniores di De Zaiacomo che all\u2019Ivano Dorigo si scontrer\u00e0 con il Domegge. Domani mattina alle 10:30 ad Agordo sar\u00e0 il turno degli Allievi Regionali. La squadra di Orzetti, in fondo alla classifica a quota zero, prover\u00e0 ad incamerare i primi punti stagionali contro il Calcio Istriana. Momento buio anche per la prima squadra che esce da due sconfitte consecutive. La formazione allenata da Lorenzi \u00e8 chiamata alla prima trasferta della stagione e scender\u00e0 in Val Belluna per sfidare il Nogar\u00e8, compagine che occupa la parte alta della classifica. Non solo Agordina in campo nel fine settimana. Anche la Juniores Regionale del Fiori Barp scende in campo oggi pomeriggio per affrontare la Fulgor Trevignano. Domani alle 15:30 su Radio Pi\u00f9 appuntamento con Domenica Pi\u00f9 Sport per seguire in diretta l\u2019Agordina di Seconda categoria e per parlare anche di altri sport.<\/p>\n<p>&nbsp;<\/p>\n<p>&nbsp;<\/p>\n<p>******<\/p>\n","protected":false},"excerpt":{"rendered":"<p>REDAZIONE Quinto fine settimana calcistico per l\u2019Agordina Calcio. Tra oggi e domani la squadra di Agordo sar\u00e0 impegnata con le quattro formazioni iscritte ai campionati FIGC. Nel pomeriggio odierno in campo due squadre giovanili. Alle 15:30 i Giovanissimi provinciali allenati da De Bastiani giocheranno in trasferta contro la Juventina Mugnai. Alla stessa ora in campo&hellip;<\/p>\n","protected":false},"author":4,"featured_media":162226,"comment_status":"closed","ping_status":"closed","sticky":false,"template":"","format":"standard","meta":{"_monsterinsights_skip_tracking":false,"_monsterinsights_sitenote_active":false,"_monsterinsights_sitenote_note":"","_monsterinsights_sitenote_category":0,"footnotes":""},"categories":[104,49],"tags":[],"class_list":["post-301538","post","type-post","status-publish","format-standard","has-post-thumbnail","hentry","category-evidenza_3","category-news-18","category-104","category-49","description-off"],"img_url":"https:\/\/www.radiopiu.net\/wordpress\/wp-content\/uploads\/2020\/09\/calcio-2020.jpg","_links":{"self":[{"href":"https:\/\/www.radiopiu.net\/wordpress\/wp-json\/wp\/v2\/posts\/301538","targetHints":{"allow":["GET"]}}],"collection":[{"href":"https:\/\/www.radiopiu.net\/wordpress\/wp-json\/wp\/v2\/posts"}],"about":[{"href":"https:\/\/www.radiopiu.net\/wordpress\/wp-json\/wp\/v2\/types\/post"}],"author":[{"embeddable":true,"href":"https:\/\/www.radiopiu.net\/wordpress\/wp-json\/wp\/v2\/users\/4"}],"replies":[{"embeddable":true,"href":"https:\/\/www.radiopiu.net\/wordpress\/wp-json\/wp\/v2\/comments?post=301538"}],"version-history":[{"count":0,"href":"https:\/\/www.radiopiu.net\/wordpress\/wp-json\/wp\/v2\/posts\/301538\/revisions"}],"wp:featuredmedia":[{"embeddable":true,"href":"https:\/\/www.radiopiu.net\/wordpress\/wp-json\/wp\/v2\/media\/162226"}],"wp:attachment":[{"href":"https:\/\/www.radiopiu.net\/wordpress\/wp-json\/wp\/v2\/media?parent=301538"}],"wp:term":[{"taxonomy":"category","embeddable":true,"href":"https:\/\/www.radiopiu.net\/wordpress\/wp-json\/wp\/v2\/categories?post=301538"},{"taxonomy":"post_tag","embeddable":true,"href":"https:\/\/www.radiopiu.net\/wordpress\/wp-json\/wp\/v2\/tags?post=301538"}],"curies":[{"name":"wp","href":"https:\/\/api.w.org\/{rel}","templated":true}]}}