{"id":301585,"date":"2022-10-14T18:13:22","date_gmt":"2022-10-14T16:13:22","guid":{"rendered":"https:\/\/www.radiopiu.net\/wordpress\/?p=301585"},"modified":"2022-10-15T05:10:12","modified_gmt":"2022-10-15T03:10:12","slug":"tre-cime-alpinista-precipita-e-perde-la-vita-difficile-il-recupero","status":"publish","type":"post","link":"https:\/\/www.radiopiu.net\/wordpress\/tre-cime-alpinista-precipita-e-perde-la-vita-difficile-il-recupero\/","title":{"rendered":"TRE CIME: ALPINISTA PRECIPITA E PERDE LA VITA, DIFFICILE IL RECUPERO"},"content":{"rendered":"<p style=\"text-align: left;\"><strong><a class=\"dt-pswp-item\" href=\"https:\/\/www.radiopiu.net\/wordpress\/wp-content\/uploads\/2022\/10\/salt_20221014_192426_432-1.jpg\" data-dt-img-description=\"\" data-large_image_width=\"1773\" data-large_image_height=\"2364\"><img loading=\"lazy\" decoding=\"async\" class=\"size-medium wp-image-301592 alignleft\" src=\"https:\/\/www.radiopiu.net\/wordpress\/wp-content\/uploads\/2022\/10\/salt_20221014_192426_432-1-225x300.jpg\" alt=\"\" width=\"225\" height=\"300\" srcset=\"https:\/\/www.radiopiu.net\/wordpress\/wp-content\/uploads\/2022\/10\/salt_20221014_192426_432-1-225x300.jpg 225w, https:\/\/www.radiopiu.net\/wordpress\/wp-content\/uploads\/2022\/10\/salt_20221014_192426_432-1-768x1024.jpg 768w, https:\/\/www.radiopiu.net\/wordpress\/wp-content\/uploads\/2022\/10\/salt_20221014_192426_432-1-1152x1536.jpg 1152w, https:\/\/www.radiopiu.net\/wordpress\/wp-content\/uploads\/2022\/10\/salt_20221014_192426_432-1-1536x2048.jpg 1536w, https:\/\/www.radiopiu.net\/wordpress\/wp-content\/uploads\/2022\/10\/salt_20221014_192426_432-1.jpg 1773w\" sizes=\"auto, (max-width: 225px) 100vw, 225px\" \/><\/a>AURONZO<\/strong> Un alpinista Martin Burgmann, appartenenente al Brd, il Soccorso alpino di San Candido \u00e8 precipitato a circa 300 metri dalla Ovest, delle Tre Cime di Lavaredo perdendo la vita in una stretta fessura tra la Cima Ovest e la Torre Comici, Molto impegnativo e lungo l&#8217;intervento di recupero. Attorno alle 12.30 la Centrale del Suem \u00e8 stata attivata dai quattro compagni di un alpinista del &#8217;66 di San Candido (BZ), che, durante la discesa lungo la normale, meno di cento metri sotto la vetta, \u00e8 inciampato lungo una cengia cadendo tra le rocce. L&#8217;elicottero del Suem di <a class=\"dt-pswp-item\" href=\"https:\/\/www.radiopiu.net\/wordpress\/wp-content\/uploads\/2022\/10\/Senza-nome-33.jpg\" data-dt-img-description=\"\" data-large_image_width=\"237\" data-large_image_height=\"245\"><img loading=\"lazy\" decoding=\"async\" class=\" wp-image-301621 alignright\" src=\"https:\/\/www.radiopiu.net\/wordpress\/wp-content\/uploads\/2022\/10\/Senza-nome-33.jpg\" alt=\"\" width=\"169\" height=\"175\" \/><\/a>Pieve di Cadore arrivato sul posto, ha trovato gli amici che hanno indicato all&#8217;equipaggio il punto della caduta. Abbassandosi di quota lungo la verticale, i soccorritori hanno visto alcuni oggetti e poi individuato lo zaino in una stretta fessura lunga un&#8217;ottantina di metri, impossibile da avvicinare con l&#8217;elicott ero, nemmeno utilizzando un verricello. Calato su una cengetta soprastante la fessura il tecnico di elisoccorso, l&#8217;eliambulanza \u00e8 volata imbarcare 4 soccorritori, del Soccorso alpino di Auronzo e della Guardia di finanza in supporto alle operazioni, per poi sbarcarli con il verricello dove si trovava il tecnico di elisoccorso, che nel frattempo aveva preparato l&#8217;ancoraggio per le corde fisse. I soccorritori, attrezzato il percorso, sono quindi scesi fino a raggiungere lo zaino e pi\u00f9 sotto ancora il corpo senza vita dell&#8217;uomo. La salma \u00e8 stata imbarellata, sollevata di una ventina di metri e portata in un punto dove \u00e8 potuto avvenire il recupero con un verricello di una settantina di metri. Il corpo \u00e8 stato quindi trasferito a valle. I 4 soccorritori rimasti in parete sono risaliti fino alla cengetta, per poter essere recuperati in una seconda rotazione dall&#8217;elicottero. L&#8217;intervento si sta ultimando in questi momenti.<\/p>\n<p>&nbsp;<\/p>\n<p>&nbsp;<\/p>\n<hr \/>\n<p>&nbsp;<\/p>\n","protected":false},"excerpt":{"rendered":"<p>AURONZO Un alpinista Martin Burgmann, appartenenente al Brd, il Soccorso alpino di San Candido \u00e8 precipitato a circa 300 metri dalla Ovest, delle Tre Cime di Lavaredo perdendo la vita in una stretta fessura tra la Cima Ovest e la Torre Comici, Molto impegnativo e lungo l&#8217;intervento di recupero. Attorno alle 12.30 la Centrale del&hellip;<\/p>\n","protected":false},"author":4,"featured_media":301621,"comment_status":"closed","ping_status":"closed","sticky":false,"template":"","format":"standard","meta":{"_monsterinsights_skip_tracking":false,"_monsterinsights_sitenote_active":false,"_monsterinsights_sitenote_note":"","_monsterinsights_sitenote_category":0,"footnotes":""},"categories":[51,49],"tags":[],"class_list":["post-301585","post","type-post","status-publish","format-standard","has-post-thumbnail","hentry","category-evidenza-top","category-news-18","category-51","category-49","description-off"],"img_url":"https:\/\/www.radiopiu.net\/wordpress\/wp-content\/uploads\/2022\/10\/Senza-nome-33.jpg","_links":{"self":[{"href":"https:\/\/www.radiopiu.net\/wordpress\/wp-json\/wp\/v2\/posts\/301585","targetHints":{"allow":["GET"]}}],"collection":[{"href":"https:\/\/www.radiopiu.net\/wordpress\/wp-json\/wp\/v2\/posts"}],"about":[{"href":"https:\/\/www.radiopiu.net\/wordpress\/wp-json\/wp\/v2\/types\/post"}],"author":[{"embeddable":true,"href":"https:\/\/www.radiopiu.net\/wordpress\/wp-json\/wp\/v2\/users\/4"}],"replies":[{"embeddable":true,"href":"https:\/\/www.radiopiu.net\/wordpress\/wp-json\/wp\/v2\/comments?post=301585"}],"version-history":[{"count":0,"href":"https:\/\/www.radiopiu.net\/wordpress\/wp-json\/wp\/v2\/posts\/301585\/revisions"}],"wp:featuredmedia":[{"embeddable":true,"href":"https:\/\/www.radiopiu.net\/wordpress\/wp-json\/wp\/v2\/media\/301621"}],"wp:attachment":[{"href":"https:\/\/www.radiopiu.net\/wordpress\/wp-json\/wp\/v2\/media?parent=301585"}],"wp:term":[{"taxonomy":"category","embeddable":true,"href":"https:\/\/www.radiopiu.net\/wordpress\/wp-json\/wp\/v2\/categories?post=301585"},{"taxonomy":"post_tag","embeddable":true,"href":"https:\/\/www.radiopiu.net\/wordpress\/wp-json\/wp\/v2\/tags?post=301585"}],"curies":[{"name":"wp","href":"https:\/\/api.w.org\/{rel}","templated":true}]}}