{"id":301652,"date":"2022-10-15T09:51:09","date_gmt":"2022-10-15T07:51:09","guid":{"rendered":"https:\/\/www.radiopiu.net\/wordpress\/?p=301652"},"modified":"2022-10-15T09:51:09","modified_gmt":"2022-10-15T07:51:09","slug":"veneto-nel-2021-persi-1000-artigiani-e-altrettanti-commercianti","status":"publish","type":"post","link":"https:\/\/www.radiopiu.net\/wordpress\/veneto-nel-2021-persi-1000-artigiani-e-altrettanti-commercianti\/","title":{"rendered":"VENETO: NEL 2021 PERSI  1000 ARTIGIANI E ALTRETTANTI COMMERCIANTI"},"content":{"rendered":"<p><a class=\"dt-pswp-item\" href=\"https:\/\/www.radiopiu.net\/wordpress\/wp-content\/uploads\/2022\/10\/Schermata-2022-10-15-alle-09.49.50.png\" data-dt-img-description=\"\" data-large_image_width=\"1140\" data-large_image_height=\"996\"><img loading=\"lazy\" decoding=\"async\" class=\"alignleft size-medium wp-image-301654\" src=\"https:\/\/www.radiopiu.net\/wordpress\/wp-content\/uploads\/2022\/10\/Schermata-2022-10-15-alle-09.49.50-300x262.png\" alt=\"\" width=\"300\" height=\"262\" srcset=\"https:\/\/www.radiopiu.net\/wordpress\/wp-content\/uploads\/2022\/10\/Schermata-2022-10-15-alle-09.49.50-300x262.png 300w, https:\/\/www.radiopiu.net\/wordpress\/wp-content\/uploads\/2022\/10\/Schermata-2022-10-15-alle-09.49.50-1024x895.png 1024w, https:\/\/www.radiopiu.net\/wordpress\/wp-content\/uploads\/2022\/10\/Schermata-2022-10-15-alle-09.49.50-768x671.png 768w, https:\/\/www.radiopiu.net\/wordpress\/wp-content\/uploads\/2022\/10\/Schermata-2022-10-15-alle-09.49.50.png 1140w\" sizes=\"auto, (max-width: 300px) 100vw, 300px\" \/><\/a>La situazione rimane difficile e le previsioni non promettono nulla di buono. Gli effetti provocati dall\u2019emergenza sanitaria e dal rincaro delle bollette sono stati pesantissimi. Dal confronto tra la media riferita al 2021 e quella del 2020, in Veneto le due categorie pi\u00f9 importanti che caratterizzano il mondo del lavoro autonomo, vale a dire gli artigiani e i commercianti con una posizione aperta presso l\u2019Inps, sono diminuite complessivamente di 2.126 unit\u00e0, di cui 1.014 commercianti (-0,61%) e 1.112 artigiani (-0,70%). Una lenta agonia che dura da anni e sta impoverendo sempre pi\u00f9 i centri storici e le periferie di paesi e citt\u00e0, che vedono aumentare a dismisura il numero delle botteghe e dei negozi sfitti. Complessivamente, comunque, in Veneto &#8211; tra titolari, soci e collaboratori familiari &#8211; rimangono attivi 156.670 artigiani e 164.768 commercianti. A segnalarlo \u00e8 l\u2019Ufficio studi della CGIA.<\/p>\n<p><strong>Situazione pi\u00f9 critica a Belluno, Rovigo e Venezia<\/strong><br \/>\n<strong>Tra le province venete, la situazione pi\u00f9 critica in termini percentuali si \u00e8 verificata in provincia di Belluno: tra il 2021 e il 2020 abbiamo registrato il -1,92% di commercianti (in valore assoluto -131)<\/strong> e il -1,43% di artigiani (-89). Male anche Rovigo: -1,44% di artigiani (-107), -0,89% di negozianti (-66). Anche la provincia di Venezia ha subito una decisa contrazione: -0,88% di commercianti (-283) e -0,95% di artigiani (-227). Sempre caratterizzati dal segno negativo, anche gli score delle province di Padova, Vicenza Verona e Treviso.<\/p>\n<p><strong>Colpiti i pi\u00f9 fragili e gli indifesi<\/strong><br \/>\nQuesti dati dimostrano inequivocabilmente che il deterioramento del quadro economico causato dal Covid in questi ultimi due anni e mezzo ha colpito i lavoratori pi\u00f9 fragili, quelli senza alcuna tutela, quelli privi di alcun ammortizzatore sociale; vale a dire la parte pi\u00f9 debole del nostro mercato del lavoro. Ovvero, gli artigiani, i piccoli commercianti e in generale le partite Iva, tanti giovani liberi professionisti che a fronte dei ripetuti lockdown e della conseguente caduta dei consumi interni sono stati costretti a gettare definitivamente la spugna.<\/p>\n<p><strong>I rincari delle bollette peggioreranno le cose<\/strong><br \/>\nL\u2019aumento esponenziale dei prezzi, il caro carburante e quello delle bollette potrebbero peggiorare ulteriormente la situazione economica di tantissime famiglie, soprattutto quelle composte da autonomi. Nel ricordare che anche in Veneto il 70 per cento circa degli artigiani e dei commercianti lavora da solo, ovvero non ha n\u00e9 dipendenti n\u00e9 collaboratori familiari, moltissimi stanno pagando due volte lo straordinario aumento registrato in questi ultimi 10 mesi dalle bollette di luce e gas. La prima come utenti domestici e la seconda come micro imprenditori per riscaldare\/raffrescare e illuminare le proprie botteghe e negozi. E nonostante le misure di mitigazione introdotte in questi ultimi mesi dal Governo Draghi, i costi energetici sono esplosi, raggiungendo livelli mai visti prima.<\/p>\n<p><strong>Soffre anche la grande distribuzione<\/strong><br \/>\nLa chiusura di tantissime piccole attivit\u00e0 economiche \u00e8 riscontrabile anche a occhio nudo; basta girare a piedi per accorgersi che sono sempre pi\u00f9 numerosi i negozi e le botteghe con le saracinesche abbassate 24 ore su 24. Un fenomeno che sta interessando sia i centri storici sia le periferie delle nostre citt\u00e0, gettando nell\u2019abbandono interi isolati, provocando un senso di vuoto e un pericoloso peggioramento della qualit\u00e0 della vita per chi abita in queste realt\u00e0. Meno visibile, ma altrettanto preoccupante, sono le chiusure che hanno interessato anche i liberi professionisti, gli avvocati, i commercialisti e i consulenti che svolgevano la propria attivit\u00e0 in uffici\/studi ubicati all\u2019interno di un condominio. Insomma, le citt\u00e0 stanno cambiando volto: con meno negozi e uffici sono meno frequentate, pi\u00f9 insicure e con livelli di degrado in aumento. La moria di attivit\u00e0 sta colpendo anche coloro che storicamente sono sempre stati in concorrenza con i negozi di vicinato; vale a dire i centri commerciali. Anche la Grande Distribuzione Organizzata (GDO) \u00e8 in grosse difficolt\u00e0 e non sono poche le aree commerciali al chiuso che anche in Veneto presentano intere sezioni dell\u2019immobile precluse al pubblico, perch\u00e9 le attivit\u00e0 presenti precedentemente hanno abbassato definitivamente le saracinesche.<\/p>\n","protected":false},"excerpt":{"rendered":"<p>La situazione rimane difficile e le previsioni non promettono nulla di buono. Gli effetti provocati dall\u2019emergenza sanitaria e dal rincaro delle bollette sono stati pesantissimi. Dal confronto tra la media riferita al 2021 e quella del 2020, in Veneto le due categorie pi\u00f9 importanti che caratterizzano il mondo del lavoro autonomo, vale a dire gli&hellip;<\/p>\n","protected":false},"author":2,"featured_media":236192,"comment_status":"closed","ping_status":"closed","sticky":false,"template":"","format":"standard","meta":{"_monsterinsights_skip_tracking":false,"_monsterinsights_sitenote_active":false,"_monsterinsights_sitenote_note":"","_monsterinsights_sitenote_category":0,"footnotes":""},"categories":[49],"tags":[],"class_list":["post-301652","post","type-post","status-publish","format-standard","has-post-thumbnail","hentry","category-news-18","category-49","description-off"],"img_url":"https:\/\/www.radiopiu.net\/wordpress\/wp-content\/uploads\/2021\/10\/chiuso.jpeg","_links":{"self":[{"href":"https:\/\/www.radiopiu.net\/wordpress\/wp-json\/wp\/v2\/posts\/301652","targetHints":{"allow":["GET"]}}],"collection":[{"href":"https:\/\/www.radiopiu.net\/wordpress\/wp-json\/wp\/v2\/posts"}],"about":[{"href":"https:\/\/www.radiopiu.net\/wordpress\/wp-json\/wp\/v2\/types\/post"}],"author":[{"embeddable":true,"href":"https:\/\/www.radiopiu.net\/wordpress\/wp-json\/wp\/v2\/users\/2"}],"replies":[{"embeddable":true,"href":"https:\/\/www.radiopiu.net\/wordpress\/wp-json\/wp\/v2\/comments?post=301652"}],"version-history":[{"count":0,"href":"https:\/\/www.radiopiu.net\/wordpress\/wp-json\/wp\/v2\/posts\/301652\/revisions"}],"wp:featuredmedia":[{"embeddable":true,"href":"https:\/\/www.radiopiu.net\/wordpress\/wp-json\/wp\/v2\/media\/236192"}],"wp:attachment":[{"href":"https:\/\/www.radiopiu.net\/wordpress\/wp-json\/wp\/v2\/media?parent=301652"}],"wp:term":[{"taxonomy":"category","embeddable":true,"href":"https:\/\/www.radiopiu.net\/wordpress\/wp-json\/wp\/v2\/categories?post=301652"},{"taxonomy":"post_tag","embeddable":true,"href":"https:\/\/www.radiopiu.net\/wordpress\/wp-json\/wp\/v2\/tags?post=301652"}],"curies":[{"name":"wp","href":"https:\/\/api.w.org\/{rel}","templated":true}]}}