{"id":301665,"date":"2022-10-17T05:51:58","date_gmt":"2022-10-17T03:51:58","guid":{"rendered":"https:\/\/www.radiopiu.net\/wordpress\/?p=301665"},"modified":"2022-10-17T09:28:29","modified_gmt":"2022-10-17T07:28:29","slug":"giornale-radiopiu-17-ottobre-2022-direttore-mirko-mezzacasa","status":"publish","type":"post","link":"https:\/\/www.radiopiu.net\/wordpress\/giornale-radiopiu-17-ottobre-2022-direttore-mirko-mezzacasa\/","title":{"rendered":"GIORNALE RADIOPIU 17 OTTOBRE 2022 DIRETTORE MIRKO MEZZACASA"},"content":{"rendered":"<h3 class=\"kvgmc6g5 cxmmr5t8 oygrvhab hcukyx3x c1et5uql\"><span style=\"color: #0000ff;\"><strong>RADIO PIU INFORMAZIONE il canale su TELEGRAM informazione di prima\u00a0\u00a0<\/strong><strong>mano e in tempo reale. iscriviti ed aiutaci a farlo conoscere<\/strong><\/span><\/h3>\n<p>&nbsp;<\/p>\n<hr \/>\n<p>&nbsp;<\/p>\n<blockquote>\n<h2><a class=\"dt-pswp-item\" href=\"https:\/\/www.radiopiu.net\/wordpress\/wp-content\/uploads\/2022\/05\/DON-VITO-DE-VIDO.jpg\" data-dt-img-description=\"\" data-large_image_width=\"550\" data-large_image_height=\"828\"><img loading=\"lazy\" decoding=\"async\" class=\"wp-image-275816 alignleft\" src=\"https:\/\/www.radiopiu.net\/wordpress\/wp-content\/uploads\/2022\/05\/DON-VITO-DE-VIDO-199x300.jpg\" alt=\"\" width=\"120\" height=\"181\" srcset=\"https:\/\/www.radiopiu.net\/wordpress\/wp-content\/uploads\/2022\/05\/DON-VITO-DE-VIDO-199x300.jpg 199w, https:\/\/www.radiopiu.net\/wordpress\/wp-content\/uploads\/2022\/05\/DON-VITO-DE-VIDO.jpg 550w\" sizes=\"auto, (max-width: 120px) 100vw, 120px\" \/><\/a>BENTORNATO DON VITO<\/h2>\n<\/blockquote>\n<p><strong>CANALE D&#8217;AGORDO<\/strong> Don Vito de Vido torna a &#8220;casa&#8221;, tra la sua gente. Mancava da Canale d&#8217;Agordo e Vallada dallo scorso maggio dopo il grave incidente a Cencenighe, alle 18 sar\u00e0 celebrata la messa del 110\u00b0 anniversario della nascita del Beato Albino Luciani, Papa Giovanni Paolo I. La comunit\u00e0 di Canale e di Vallada attendeva questo giorno da cinque mesi.<\/p>\n<p>&nbsp;<\/p>\n<p>&nbsp;<\/p>\n<p>&nbsp;<\/p>\n<p>&nbsp;<\/p>\n<hr \/>\n<p>&nbsp;<\/p>\n<p>&nbsp;<\/p>\n<blockquote>\n<h3>INTERRUZIONI PROGRAMMATE A CENCENIGHE<\/h3>\n<\/blockquote>\n<p><strong>CENCENIGHE<\/strong> Gestione Servizi Pubblici informa che, per lavori alla rete idrica comunale, i giorni 18-19 OTTOBRE 2022 dalle\u00a0 8:00 alle\u00a0 17:00 potrebbe mancare l&#8217;acqua a CENCENIGHE AGORDINO, nelle vie MORBIACH e GHIRLO. Il personale addetto operer\u00e0 per limitare il pi\u00f9 possibile i disagi alla popolazione.<\/p>\n<p>&nbsp;<\/p>\n<p>&nbsp;<\/p>\n<hr \/>\n<p>&nbsp;<\/p>\n<p><span style=\"color: #ff0000;\"><strong>INCIDENTI IN MONTAGNA: QUATTRO MORTI IN QUATTRO GIORNI<\/strong><\/span><\/p>\n<blockquote>\n<h3>TROVATO MORTO UN UOMO NON RIENTRATO DA UNA PASSEGGIATA TRA PASSO VALLES E SAN PELLEGRINO<\/h3>\n<\/blockquote>\n<p><strong><a class=\"dt-pswp-item\" href=\"https:\/\/www.radiopiu.net\/wordpress\/wp-content\/uploads\/2018\/08\/soccorsoalpino.jpg\" data-dt-img-description=\"\" data-large_image_width=\"1200\" data-large_image_height=\"1200\"><img loading=\"lazy\" decoding=\"async\" class=\" wp-image-59164 alignleft\" src=\"https:\/\/www.radiopiu.net\/wordpress\/wp-content\/uploads\/2018\/08\/soccorsoalpino-300x300.jpg\" alt=\"\" width=\"156\" height=\"156\" srcset=\"https:\/\/www.radiopiu.net\/wordpress\/wp-content\/uploads\/2018\/08\/soccorsoalpino-300x300.jpg 300w, https:\/\/www.radiopiu.net\/wordpress\/wp-content\/uploads\/2018\/08\/soccorsoalpino-150x150.jpg 150w, https:\/\/www.radiopiu.net\/wordpress\/wp-content\/uploads\/2018\/08\/soccorsoalpino-768x768.jpg 768w, https:\/\/www.radiopiu.net\/wordpress\/wp-content\/uploads\/2018\/08\/soccorsoalpino-1024x1024.jpg 1024w, https:\/\/www.radiopiu.net\/wordpress\/wp-content\/uploads\/2018\/08\/soccorsoalpino.jpg 1200w\" sizes=\"auto, (max-width: 156px) 100vw, 156px\" \/><\/a>FALCADE<\/strong> Ieri attorno alle 16, su richiesta dei Vigili del fuoco di Agordo, \u00e8 stato attivato il Soccorso alpino della Val Biois, per partecipare alla ricerca di un uomo non rientrato da una passeggiata in zona Le Fratte. Remo Meneguz 67enne di San Don\u00e0 di Piave (VE), professore in pensione. Lasciata l&#8217;auto al bivio tra Valles e San Pellegrino, aveva intenzione di fare una consueta camminata e rientrare per le 13. Non avendo sue notizie, la moglie gli aveva mandato un messaggio verso le 13.30 senza ottenere risposta. Dopo averlo atteso invano, vedendo tramite un&#8217;apposita applicazione che la sua posizione rimaneva ferma in un punto, la donna ha attivato i soccorsi. Dallo screen shot, si \u00e8 intuita la zona dove doveva trovarsi e le squadre di vigili e Soccorso alpino hanno avviato la ricerca, finch\u00e9, 50 metri sopra una mulattiera non distante dell&#8217;abitato delle Fratte, \u00e8 stato individuato il corpo esanime sotto un salto di roccia. Subito sono iniziate le manovre di rianimazione, proseguite poi dal medico dell&#8217;elicottero del Suem di Pieve di Cadore sbarcato con un verricello. Purtroppo senza poter far altro che constatare il decesso, dovuto ai traumi riportati nella caduta. La salma \u00e8 stata imbarellata e trasportata sulla strada, per essere affidata al carro funebre.<\/p>\n<p>&nbsp;<\/p>\n<p>&nbsp;<\/p>\n<hr \/>\n<p>&nbsp;<\/p>\n<blockquote>\n<h3>SCIVOLA SUL SENTIERO MENTRE VA A FUNGHI. MUORE UNA DONNA DI FONZASO<\/h3>\n<\/blockquote>\n<p><strong><a class=\"dt-pswp-item\" href=\"https:\/\/www.radiopiu.net\/wordpress\/wp-content\/uploads\/2022\/08\/1661-2022.jpeg\" data-dt-img-description=\"\" data-large_image_width=\"1024\" data-large_image_height=\"768\"><img loading=\"lazy\" decoding=\"async\" class=\" wp-image-290950 alignleft\" src=\"https:\/\/www.radiopiu.net\/wordpress\/wp-content\/uploads\/2022\/08\/1661-2022-300x225.jpeg\" alt=\"\" width=\"175\" height=\"131\" srcset=\"https:\/\/www.radiopiu.net\/wordpress\/wp-content\/uploads\/2022\/08\/1661-2022-300x225.jpeg 300w, https:\/\/www.radiopiu.net\/wordpress\/wp-content\/uploads\/2022\/08\/1661-2022-768x576.jpeg 768w, https:\/\/www.radiopiu.net\/wordpress\/wp-content\/uploads\/2022\/08\/1661-2022.jpeg 1024w\" sizes=\"auto, (max-width: 175px) 100vw, 175px\" \/><\/a>FONZASO<\/strong> Attorno alle 10.30 di sabato la Centrale del 118 \u00e8 stata allertata dai familiari di una 74enne di Fonzaso (BL),\u00a0 Marina Lucia De Bortoli, scivolata lungo un ripido pendio mentre era in cerca di funghi, a chiamarli il marito che l&#8217;aveva vista cadere a lato del sentiero. La coppia si trovava nei boschi sopra l&#8217;abitato di Agana, lui faceva legna, lei era nei dintorni a cercare funghi, finch\u00e9 l&#8217;uomo non l&#8217;ha vista perdere l&#8217;equilibrio e iniziare a ruzzolare tra le piante.\u00a0 Domani alle 10.30 i funerali<\/p>\n<p>&nbsp;<\/p>\n<p>&nbsp;<\/p>\n<hr \/>\n<p>&nbsp;<\/p>\n<blockquote>\n<h3>SFINITI E AL BUIO, RECUPERATI ESCURSIONISTI DELLA BIELORUSSIA<\/h3>\n<\/blockquote>\n<p><strong><img loading=\"lazy\" decoding=\"async\" class=\"alignleft\" src=\"https:\/\/www.radiopiu.net\/wordpress\/wp-content\/uploads\/2022\/09\/salt_20220918_181723_498.jpg\" width=\"80\" height=\"107\" \/>ROCCA PIETORE<\/strong> Venerd\u00ec verso le 19.20 la Centrale del Suem ha allertato il Soccorso alpino della Val Pettorina per due escursionisti in difficolt\u00e0, stanchi e non ben equipaggiati. Partiti dal Rifugio Migon a Laste, i due trentenni della Bielorussia, erano saliti lungo un sentiero fino a trovarsi, ormai buio, molto distanti e affaticati. Risaliti alla posizione in cui si trovavano i due turisti, nei pressi del Tabi\u00e0 del Lof, quattro soccorritori sono partiti per andare a recuperarli. Una volta raggiunti, hanno assicurato a una corda corta il pi\u00f9 provato per aiutarlo a superare i tratti impegnativi &#8211; mentre l&#8217;amico si era dimostrato in grado di scendere in autonomia &#8211; e con loro sono rientrati a valle. L&#8217;intervento si \u00e8 concluso attorno a mezzanotte.<\/p>\n<p>&nbsp;<\/p>\n<p>&nbsp;<\/p>\n<hr \/>\n<p>&nbsp;<\/p>\n<blockquote>\n<h3>RECUPERATA UN&#8217;ESCURSIONISTA INCRODATA NELLA NEBBIA IN UN CANALE<\/h3>\n<\/blockquote>\n<p><strong>CHIES D&#8217;ALPAGO<\/strong> Sabato attorno alle 17.15 il Soccorso alpino dell&#8217;Alpago \u00e8 stato attivato, dopo la richiesta di aiuto di una escursionista che, a causa della nebbia, era scesa in un canale del Monte Messer rimanendo incrodata. La 26enne di Vittorio Veneto (TV) era partita da Malga Cate, salita a Forcella Grava Piana e aveva percorso le creste dei Muri, Brut Pas arrivando al Messer attrezzata per superare i tratti attrezzati. La sua intenzione era di scendere al Bivacco Toffolon, proseguire per Malga Pian Formosa e tornare a Cate. A causa della nebbia, la ragazza ha per\u00f2 sbagliato traccia, prendendo il Troi delle Gallinette e poi imboccando un canale fuori sentiero, fino a incrodarsi 200 metri pi\u00f9 in basso, incapace di muoversi. Poich\u00e9 il muro di nebbia ne impediva l&#8217;avvicinamento, l&#8217;elicottero del Suem di Pieve di Cadore ha imbarcato quattro soccorritori e li ha fatti scendere a 1.500 metri di quota all&#8217;altezza del bivacco, da dove si sono incamminati in direzione delle creste. Altri quattro soccorritori sono stati trasportati in jeep in localit\u00e0 al Fagheron e da l\u00ec sono partiti a piedi. La squadra in quota, risaliti alle coordinate del punto dove si trovava la ragazza, \u00e8 arrivata sulla verticale per poi scendere in conserva lungo il pendio erboso. Una volta avuto il contatto vocale, i soccorritori la hanno individuata e raggiunta a 1.800 metri di altitutine. Stava bene, pur infreddolita,\u00a0 e lamentava un leggero dolore alla caviglia. Dopo averla assicurata, la squadra ha risalito con lei il canale per tornare sul Troi delle Gallinette a 2mila metri. Da l\u00ec il gruppo \u00e8 sceso a Pian Antander, per salire in jeep e portarsi a Pian Formosa. La ragazza, attesa da un amico, si \u00e8 poi recata autonomamente in ospedale per i dolori alla caviglia. L&#8217;intervento si \u00e8 concluso alle 22.40.<\/p>\n\n\t\t\t<style type='text\/css'>\n\t\t\t\t#gallery-1 {\n\t\t\t\t\tmargin: auto;\n\t\t\t\t}\n\t\t\t\t#gallery-1 .gallery-item {\n\t\t\t\t\tfloat: left;\n\t\t\t\t\tmargin-top: 10px;\n\t\t\t\t\ttext-align: center;\n\t\t\t\t\twidth: 25%;\n\t\t\t\t}\n\t\t\t\t#gallery-1 img {\n\t\t\t\t\tborder: 2px solid #cfcfcf;\n\t\t\t\t}\n\t\t\t\t#gallery-1 .gallery-caption {\n\t\t\t\t\tmargin-left: 0;\n\t\t\t\t}\n\t\t\t\t\/* see gallery_shortcode() in wp-includes\/media.php *\/\n\t\t\t<\/style>\n\t\t<div id='gallery-1' class='dt-gallery-container gallery galleryid-301665 gallery-columns-4 gallery-size-thumbnail'><dl class='gallery-item'>\n\t\t\t\t<dt class='gallery-icon portrait'>\n\t\t\t\t\t<a class=\"rollover rollover-zoom dt-pswp-item\" title=\"IMG-20221016-WA0005\" data-dt-img-description=\"\" data-large_image_width=\"1200\" data-large_image_height=\"1600\"href='https:\/\/www.radiopiu.net\/wordpress\/wp-content\/uploads\/2022\/10\/IMG-20221016-WA0005.jpg'><img loading=\"lazy\" decoding=\"async\" width=\"150\" height=\"150\" src=\"https:\/\/www.radiopiu.net\/wordpress\/wp-content\/uploads\/2022\/10\/IMG-20221016-WA0005-150x150.jpg\" class=\"attachment-thumbnail size-thumbnail\" alt=\"\" \/><\/a>\n\t\t\t\t<\/dt><\/dl><dl class='gallery-item'>\n\t\t\t\t<dt class='gallery-icon portrait'>\n\t\t\t\t\t<a class=\"rollover rollover-zoom dt-pswp-item\" title=\"IMG-20221016-WA0001\" data-dt-img-description=\"\" data-large_image_width=\"946\" data-large_image_height=\"2048\"href='https:\/\/www.radiopiu.net\/wordpress\/wp-content\/uploads\/2022\/10\/IMG-20221016-WA0001.jpg'><img loading=\"lazy\" decoding=\"async\" width=\"150\" height=\"150\" src=\"https:\/\/www.radiopiu.net\/wordpress\/wp-content\/uploads\/2022\/10\/IMG-20221016-WA0001-150x150.jpg\" class=\"attachment-thumbnail size-thumbnail\" alt=\"\" \/><\/a>\n\t\t\t\t<\/dt><\/dl><dl class='gallery-item'>\n\t\t\t\t<dt class='gallery-icon portrait'>\n\t\t\t\t\t<a class=\"rollover rollover-zoom dt-pswp-item\" title=\"IMG-20221016-WA0004\" data-dt-img-description=\"\" data-large_image_width=\"1200\" data-large_image_height=\"1600\"href='https:\/\/www.radiopiu.net\/wordpress\/wp-content\/uploads\/2022\/10\/IMG-20221016-WA0004.jpg'><img loading=\"lazy\" decoding=\"async\" width=\"150\" height=\"150\" src=\"https:\/\/www.radiopiu.net\/wordpress\/wp-content\/uploads\/2022\/10\/IMG-20221016-WA0004-150x150.jpg\" class=\"attachment-thumbnail size-thumbnail\" alt=\"\" \/><\/a>\n\t\t\t\t<\/dt><\/dl><dl class='gallery-item'>\n\t\t\t\t<dt class='gallery-icon landscape'>\n\t\t\t\t\t<a class=\"rollover rollover-zoom dt-pswp-item\" title=\"IMG-20221016-WA0002\" data-dt-img-description=\"\" data-large_image_width=\"1600\" data-large_image_height=\"1200\"href='https:\/\/www.radiopiu.net\/wordpress\/wp-content\/uploads\/2022\/10\/IMG-20221016-WA0002.jpg'><img loading=\"lazy\" decoding=\"async\" width=\"150\" height=\"150\" src=\"https:\/\/www.radiopiu.net\/wordpress\/wp-content\/uploads\/2022\/10\/IMG-20221016-WA0002-150x150.jpg\" class=\"attachment-thumbnail size-thumbnail\" alt=\"\" \/><\/a>\n\t\t\t\t<\/dt><\/dl><br style=\"clear: both\" \/>\n\t\t\t<\/div>\n\n<p>&nbsp;<\/p>\n<hr \/>\n<p>&nbsp;<\/p>\n<blockquote>\n<h3>DOPPIO INTERVENTO DEL SOCCORSO ALPINO SUL SENTIERO PER IL RIFUGIO VANDELLI<\/h3>\n<\/blockquote>\n<p><strong>CORTINA<\/strong> Ieri, verso le 16, una squadra del Soccorso alpino di Cortina \u00e8 intervenuta lungo il sentiero numero 215 che scende dal Rifugio Vandelli, per andare incontro a una 37enne di Venezia, che si era fatta male a un polso prima delle scalette. Dopo averle prestato prima assistenza, i soccorritori sono scesi con lei e nel rientro hanno aiutato anche una 47enne di Sacile (PN), che era scivolata riportando escoriazioni sulle gambe. Entrambe le escursionisti sono state accompagnate a valle.<\/p>\n<p>&nbsp;<\/p>\n<p>&nbsp;<\/p>\n<hr \/>\n<p>&nbsp;<\/p>\n<blockquote>\n<h3 class=\"entry-title\">CENTAURI A TERRA DOPO AVER PERSO IL CONTROLLO DELLA MOTO<\/h3>\n<\/blockquote>\n<p><strong>PONTE NELLE ALPI<\/strong> I Vigili del Fuoco sono intervenuti ieri mattina alle 9:45 in localit\u00e0 La Secca a Ponte Nelle Alpi in soccorso a due motociclisti che avevano perso il controllo della moto ed erano caduti a terra. I pompieri arrivati da Belluno hanno messo in sicurezza il mezzo e collaborato con il personale sanitario ai soccorsi. Una giovane donna \u00e8 stata stabilizzata dal personale del 118 ed elitrasportata in ospedale. Stabilizzato e trasferito in pronto soccorso in ambulanza l\u2019uomo. Sul posto le Forze dell\u2019Ordine per i rilievi del sinistro. Le operazioni di soccorso dei Vigili del Fuoco sono terminate dopo circa un\u2019ora.<\/p>\n\n\t\t\t<style type='text\/css'>\n\t\t\t\t#gallery-2 {\n\t\t\t\t\tmargin: auto;\n\t\t\t\t}\n\t\t\t\t#gallery-2 .gallery-item {\n\t\t\t\t\tfloat: left;\n\t\t\t\t\tmargin-top: 10px;\n\t\t\t\t\ttext-align: center;\n\t\t\t\t\twidth: 50%;\n\t\t\t\t}\n\t\t\t\t#gallery-2 img {\n\t\t\t\t\tborder: 2px solid #cfcfcf;\n\t\t\t\t}\n\t\t\t\t#gallery-2 .gallery-caption {\n\t\t\t\t\tmargin-left: 0;\n\t\t\t\t}\n\t\t\t\t\/* see gallery_shortcode() in wp-includes\/media.php *\/\n\t\t\t<\/style>\n\t\t<div id='gallery-2' class='dt-gallery-container gallery galleryid-301665 gallery-columns-2 gallery-size-medium'><dl class='gallery-item'>\n\t\t\t\t<dt class='gallery-icon landscape'>\n\t\t\t\t\t<a class=\"rollover rollover-zoom dt-pswp-item\" title=\"0a9db007-ffa7-49e5-b471-a6030ea98187\" data-dt-img-description=\"\" data-large_image_width=\"1070\" data-large_image_height=\"728\"href='https:\/\/www.radiopiu.net\/wordpress\/wp-content\/uploads\/2022\/10\/0a9db007-ffa7-49e5-b471-a6030ea98187.jpg'><img loading=\"lazy\" decoding=\"async\" width=\"300\" height=\"204\" src=\"https:\/\/www.radiopiu.net\/wordpress\/wp-content\/uploads\/2022\/10\/0a9db007-ffa7-49e5-b471-a6030ea98187-300x204.jpg\" class=\"attachment-medium size-medium\" alt=\"\" srcset=\"https:\/\/www.radiopiu.net\/wordpress\/wp-content\/uploads\/2022\/10\/0a9db007-ffa7-49e5-b471-a6030ea98187-300x204.jpg 300w, https:\/\/www.radiopiu.net\/wordpress\/wp-content\/uploads\/2022\/10\/0a9db007-ffa7-49e5-b471-a6030ea98187-1024x697.jpg 1024w, https:\/\/www.radiopiu.net\/wordpress\/wp-content\/uploads\/2022\/10\/0a9db007-ffa7-49e5-b471-a6030ea98187-768x523.jpg 768w, https:\/\/www.radiopiu.net\/wordpress\/wp-content\/uploads\/2022\/10\/0a9db007-ffa7-49e5-b471-a6030ea98187.jpg 1070w\" sizes=\"auto, (max-width: 300px) 100vw, 300px\" \/><\/a>\n\t\t\t\t<\/dt><\/dl><dl class='gallery-item'>\n\t\t\t\t<dt class='gallery-icon landscape'>\n\t\t\t\t\t<a class=\"rollover rollover-zoom dt-pswp-item\" title=\"54a1376d-ef65-429e-ac76-5bb8c50f4639\" data-dt-img-description=\"\" data-large_image_width=\"1280\" data-large_image_height=\"944\"href='https:\/\/www.radiopiu.net\/wordpress\/wp-content\/uploads\/2022\/10\/54a1376d-ef65-429e-ac76-5bb8c50f4639.jpg'><img loading=\"lazy\" decoding=\"async\" width=\"300\" height=\"221\" src=\"https:\/\/www.radiopiu.net\/wordpress\/wp-content\/uploads\/2022\/10\/54a1376d-ef65-429e-ac76-5bb8c50f4639-300x221.jpg\" class=\"attachment-medium size-medium\" alt=\"\" srcset=\"https:\/\/www.radiopiu.net\/wordpress\/wp-content\/uploads\/2022\/10\/54a1376d-ef65-429e-ac76-5bb8c50f4639-300x221.jpg 300w, https:\/\/www.radiopiu.net\/wordpress\/wp-content\/uploads\/2022\/10\/54a1376d-ef65-429e-ac76-5bb8c50f4639-1024x755.jpg 1024w, https:\/\/www.radiopiu.net\/wordpress\/wp-content\/uploads\/2022\/10\/54a1376d-ef65-429e-ac76-5bb8c50f4639-768x566.jpg 768w, https:\/\/www.radiopiu.net\/wordpress\/wp-content\/uploads\/2022\/10\/54a1376d-ef65-429e-ac76-5bb8c50f4639.jpg 1280w\" sizes=\"auto, (max-width: 300px) 100vw, 300px\" \/><\/a>\n\t\t\t\t<\/dt><\/dl><br style=\"clear: both\" \/>\n\t\t\t<\/div>\n\n<hr \/>\n<p>&nbsp;<\/p>\n<blockquote>\n<h3>CADE DALLA SCALA, SOCCORSO DAI POMPIERI<\/h3>\n<\/blockquote>\n<p><strong>CORTINA<\/strong>\u00a0 Un uomo di 26 anni \u00e8 caduto dallle scale in piena notte. Lo hanno soccorso i vigili del fuoco insieme e i sanitari. Erano\u00a0 le 2 di notte (tra sabato e domenica) quando si \u00e8 verificato l&#8217;incidente. Il giovane \u00e8 inciampato lungo le scale dell&#8217;abitazione. Fortunatamente non ha riportato ferite gravi.<\/p>\n<p>&nbsp;<\/p>\n<hr \/>\n<blockquote>\n<h3><\/h3>\n<h3>TORNANO I LADRI D&#8217;APPARTAMENTO, ORO E MONILI IL BOTTINO DEI LADRI A LIMANA<\/h3>\n<\/blockquote>\n<p><strong><img loading=\"lazy\" decoding=\"async\" class=\"alignleft\" src=\"https:\/\/www.radiopiu.net\/wordpress\/wp-content\/uploads\/2021\/10\/police-3394767__480.jpg\" width=\"159\" height=\"106\" \/>LIMANA<\/strong> Ladri d&#8217;appartamento in azione approfittando della momentanea assenza della proprietaria. E&#8217; successo a Limana. I malviventi hanno forzato la finestra e una volta in casa hanno messo a soqquadro l&#8217;abitazione rubando ori e monili. Sul posto i Carabinieri per le indagini. Il furto sabato pomeriggio\u00a0 in via Ragazzi del &#8217;99. L&#8217;abitazione\u00a0 non \u00e8 isolata, ma circondata da condomini. I Carabinieri hanno rilevato alcune impronte su una finestra e si spera in qualche telecamera.<\/p>\n<p>&nbsp;<\/p>\n<p>&nbsp;<\/p>\n<hr \/>\n<p>&nbsp;<\/p>\n<blockquote>\n<h3>TRE BANDI REGIONALI PER LE PICCOLE E MEDIE IMPRESE<\/h3>\n<\/blockquote>\n<p><strong><a class=\"dt-pswp-item\" href=\"https:\/\/www.radiopiu.net\/wordpress\/wp-content\/uploads\/2021\/08\/soldi-banche.jpg\" data-dt-img-description=\"\" data-large_image_width=\"800\" data-large_image_height=\"566\"><img loading=\"lazy\" decoding=\"async\" class=\" wp-image-228818 alignleft\" src=\"https:\/\/www.radiopiu.net\/wordpress\/wp-content\/uploads\/2021\/08\/soldi-banche-300x212.jpg\" alt=\"\" width=\"161\" height=\"114\" srcset=\"https:\/\/www.radiopiu.net\/wordpress\/wp-content\/uploads\/2021\/08\/soldi-banche-300x212.jpg 300w, https:\/\/www.radiopiu.net\/wordpress\/wp-content\/uploads\/2021\/08\/soldi-banche-768x543.jpg 768w, https:\/\/www.radiopiu.net\/wordpress\/wp-content\/uploads\/2021\/08\/soldi-banche.jpg 800w\" sizes=\"auto, (max-width: 161px) 100vw, 161px\" \/><\/a>AGORDO<\/strong><\/p>\n<p>di Gianni Santomaso<\/p>\n<audio class=\"wp-audio-shortcode\" id=\"audio-301665-1\" preload=\"none\" style=\"width: 100%;\" controls=\"controls\"><source type=\"audio\/mpeg\" src=\"https:\/\/www.radiopiu.net\/wordpress\/wp-content\/uploads\/2022\/10\/GIANNI-BANDI-REGIONALI.mp3?_=1\" \/><a href=\"https:\/\/www.radiopiu.net\/wordpress\/wp-content\/uploads\/2022\/10\/GIANNI-BANDI-REGIONALI.mp3\">https:\/\/www.radiopiu.net\/wordpress\/wp-content\/uploads\/2022\/10\/GIANNI-BANDI-REGIONALI.mp3<\/a><\/audio>\n<p>&nbsp;<\/p>\n<hr \/>\n<p>&nbsp;<\/p>\n<blockquote>\n<h3>INCLUSIVITA&#8217;, BENESSERE PSICOLOGICO, SOSTENIBILITA&#8217; AMBIENTALE: IN MARCOLIN AZIENDA E SINDACATI SIGLANO IL CONTRATTO INTEGRATIVO DI SECONDO LIVELLO<\/h3>\n<\/blockquote>\n<p><strong><a class=\"dt-pswp-item\" href=\"https:\/\/www.radiopiu.net\/wordpress\/wp-content\/uploads\/2022\/10\/MARCOLIN-LONGARONE.jpg\" data-dt-img-description=\"\" data-large_image_width=\"570\" data-large_image_height=\"400\"><img loading=\"lazy\" decoding=\"async\" class=\" wp-image-301678 alignleft\" src=\"https:\/\/www.radiopiu.net\/wordpress\/wp-content\/uploads\/2022\/10\/MARCOLIN-LONGARONE-300x211.jpg\" alt=\"\" width=\"176\" height=\"124\" srcset=\"https:\/\/www.radiopiu.net\/wordpress\/wp-content\/uploads\/2022\/10\/MARCOLIN-LONGARONE-300x211.jpg 300w, https:\/\/www.radiopiu.net\/wordpress\/wp-content\/uploads\/2022\/10\/MARCOLIN-LONGARONE.jpg 570w\" sizes=\"auto, (max-width: 176px) 100vw, 176px\" \/><\/a>LONGARONE\u00a0 <\/strong>Inclusivit\u00e0, benessere familiare e psicologico, premi di risultato sul risparmio energetico. Sono alcuni dei capisaldi del contratto integrativo di secondo livello siglato da Marcolin spa &#8211; con il supporto di Confindustria Belluno Dolomiti &#8211; e le organizzazioni sindacali Filtcem Cgil e Femca Cisl accanto alle Rsu. L\u2019accordo \u2013 che riguarda circa un migliaio di lavoratori degli stabilimenti italiani del Gruppo \u2013 sar\u00e0 valido nel triennio 2023-2025. \u201cSi tratta di un contratto moderno e innovativo che mette al centro la cura della persona\u201d, afferma Sabrina Paulon, Group Hr Director di Marcolin. \u201cAbbiamo voluto sviluppare il concetto di \u201crispetto\u201d in tutte le sue sfaccettature, prestando la massima attenzione agli aspetti umani\u201d. Per questo, ampio spazio \u00e8 stato dedicato alla \u201cconciliazione\u201d degli impegni lavorativi con quelli extra-lavorativi, soprattutto familiari: da qui il potenziamento degli strumenti flessibili di gestione degli orari di lavoro. \u00a0\u201cAndiamo dall\u2019estensione della flessibilit\u00e0 dell\u2019entrata e dell\u2019uscita anche in alcune aree della produzione alle agevolazioni nelle procedure di cambio turno, passando per i permessi solidali e il part time. Un capitolo specifico riguarda i permessi particolari per le visite mediche e l\u2019assistenza dei figli\u201d, elenca punto per punto Paulon. Massima attenzione \u00e8 stata posta al benessere psichico di lavoratrici e lavoratori nella loro dimensione individuale: \u201cPotenzieremo il servizio gratuito di assistenza psicologica, dove ognuno si senta accolto e non giudicato\u201d, sottolinea Paulon. E proprio l\u2019inclusivit\u00e0 \u00e8 uno dei valori rimarcati dal nuovo accordo. \u201cLa sicurezza sul lavoro va intesa nella sua accezione pi\u00f9 ampia. Valorizzare le differenze, garantendo a tutti la partecipazione alla vita aziendale, \u00e8 una priorit\u00e0. La diversit\u00e0 e le differenti abilit\u00e0 sono un valore aggiunto. Collegato\u201d, prosegue Paulon, \u201c\u00e8 il tema delle competenze e della formazione continua, che sar\u00e0 affidato a un\u2019Academy interna. Quello che ci deve interessare \u00e8 il talento e la sua valorizzazione\u201d. Anche gli elementi economici del contratto sono stati declinati in chiave innovativa. \u201cPrevediamo una partecipazione effettiva agli obiettivi aziendali: premio di risultato sar\u00e0 legati al risparmio energetico e ai livelli qualitativi del prodotto. In questo modo favoriamo concretamente la sostenibilit\u00e0 ambientale\u201d, dice Paulon. In tutte le fasi della concertazione l\u2019azienda \u00e8 stata supportata dall\u2019Associazione degli Industriali bellunesi rappresentata da Luca Carniello, funzionario dell\u2019Area Risorse Umane e Relazioni Industriali. \u00c8 stato un lavoro di squadra\u201d, conclude Paulon, \u201cdove ciascuno &#8211; azienda, Associazione, sindacati, rsu \u2013 ha portato il suo contributo nella convinzione che l\u2019innovazione in fabbrica non \u00e8 solo di prodotto o di processo, ma anche umana e sociale\u201d.<\/p>\n<p>&nbsp;<\/p>\n<p>&nbsp;<\/p>\n<hr \/>\n<p>&nbsp;<\/p>\n<blockquote>\n<h3>AFFITTI IN AGORDINO, NELLA CONCA LA DOMANDA SUPERA DI GRAN LUNGA L&#8217;OFFERTA<\/h3>\n<\/blockquote>\n<p><strong><a class=\"dt-pswp-item\" href=\"https:\/\/www.radiopiu.net\/wordpress\/wp-content\/uploads\/2022\/10\/CHIAVI-CASA-e1665919733221.png\" data-dt-img-description=\"\" data-large_image_width=\"864\" data-large_image_height=\"544\"><img loading=\"lazy\" decoding=\"async\" class=\" wp-image-301785 alignleft\" src=\"https:\/\/www.radiopiu.net\/wordpress\/wp-content\/uploads\/2022\/10\/CHIAVI-CASA-e1665919733221-300x189.png\" alt=\"\" width=\"187\" height=\"118\" srcset=\"https:\/\/www.radiopiu.net\/wordpress\/wp-content\/uploads\/2022\/10\/CHIAVI-CASA-e1665919733221-300x189.png 300w, https:\/\/www.radiopiu.net\/wordpress\/wp-content\/uploads\/2022\/10\/CHIAVI-CASA-e1665919733221-768x484.png 768w, https:\/\/www.radiopiu.net\/wordpress\/wp-content\/uploads\/2022\/10\/CHIAVI-CASA-e1665919733221.png 864w\" sizes=\"auto, (max-width: 187px) 100vw, 187px\" \/><\/a>AGORDO<\/strong><\/p>\n<p>di Gianni Santomaso<\/p>\n<audio class=\"wp-audio-shortcode\" id=\"audio-301665-2\" preload=\"none\" style=\"width: 100%;\" controls=\"controls\"><source type=\"audio\/mpeg\" src=\"https:\/\/www.radiopiu.net\/wordpress\/wp-content\/uploads\/2022\/10\/GIANNI-AFFITTI-IN-AGORDINO.mp3?_=2\" \/><a href=\"https:\/\/www.radiopiu.net\/wordpress\/wp-content\/uploads\/2022\/10\/GIANNI-AFFITTI-IN-AGORDINO.mp3\">https:\/\/www.radiopiu.net\/wordpress\/wp-content\/uploads\/2022\/10\/GIANNI-AFFITTI-IN-AGORDINO.mp3<\/a><\/audio>\n<p>&nbsp;<\/p>\n<hr \/>\n<p>&nbsp;<\/p>\n<blockquote>\n<h3>TERMINATA LA PULIZIA DEL PONTE DEGLI ALPINI A BELLUNO<\/h3>\n<\/blockquote>\n<p><strong>BELLUNO <\/strong>L\u2019operazione restyling ponte degli Alpini \u00e8 iniziata. Nella serata di venerd\u00ec la ditta incaricata dal Comune, la Lena di Agordo, ha pulito i parapetti della struttura lungo entrambi i lati. Seguir\u00e0 la pulizia della carreggiata e dei marciapiedi da parte di Bellunum e, poi, la sostituzione dei led non funzionanti. \u201cE\u2019 il nostro biglietto da visita per chi entra in citt\u00e0 e una delle porte di accesso al centro storico \u2013 commenta il sindaco, Oscar De Pellegrin -, \u00e8 nostra intenzione mantenerlo sempre\u00a0\u00a0 in ordine. Verr\u00e0 steso un crono programma, in cui inserire a cadenza regolare attivit\u00e0 di manutenzione ordinaria. La pulizia, per esempio, vorremmo prevederla ogni due, massimo tre anni. Il decoro parte anche dalle piccole azioni, in questo caso parliamo di uno dei simboli della nostra citt\u00e0, luogo di passaggio ogni giorno di migliaia di auto di bellunesi, ma anche di turisti\u201d. La ditta \u00e8 entrata in azione con l\u2019idropulitrice attorno alle 20 di venerd\u00ec per terminare il lavoro poco dopo l\u2019una. Per agevolare l\u2019operazione ai due ingressi sono stati posizionati semafori per rendere a senso unico alternato la viabilit\u00e0. Il getto di acqua calda ha permesso di liberare i tombini e di rimuovere dalle balaustre lo sporco accumulatosi in oltre dieci anni, ridando loro il colore bianco originario. \u201cPer l\u2019intero piano, parlo della pulizia e della sostituzione led, abbiamo ricavato dalle pieghe del bilancio 22 mila euro \u2013 spiega il vice sindaco e assessore al bilancio, Paolo Gamba -. I tempi sono difficili, ma il decoro e l\u2019accoglienza passano anche per interventi come questo\u201d.<\/p>\n\n\t\t\t<style type='text\/css'>\n\t\t\t\t#gallery-3 {\n\t\t\t\t\tmargin: auto;\n\t\t\t\t}\n\t\t\t\t#gallery-3 .gallery-item {\n\t\t\t\t\tfloat: left;\n\t\t\t\t\tmargin-top: 10px;\n\t\t\t\t\ttext-align: center;\n\t\t\t\t\twidth: 33%;\n\t\t\t\t}\n\t\t\t\t#gallery-3 img {\n\t\t\t\t\tborder: 2px solid #cfcfcf;\n\t\t\t\t}\n\t\t\t\t#gallery-3 .gallery-caption {\n\t\t\t\t\tmargin-left: 0;\n\t\t\t\t}\n\t\t\t\t\/* see gallery_shortcode() in wp-includes\/media.php *\/\n\t\t\t<\/style>\n\t\t<div id='gallery-3' class='dt-gallery-container gallery galleryid-301665 gallery-columns-3 gallery-size-thumbnail'><dl class='gallery-item'>\n\t\t\t\t<dt class='gallery-icon portrait'>\n\t\t\t\t\t<a class=\"rollover rollover-zoom dt-pswp-item\" title=\"Pulizia_1\" data-dt-img-description=\"\" data-large_image_width=\"768\" data-large_image_height=\"1024\"href='https:\/\/www.radiopiu.net\/wordpress\/wp-content\/uploads\/2022\/10\/Pulizia_1.jpeg'><img loading=\"lazy\" decoding=\"async\" width=\"150\" height=\"150\" src=\"https:\/\/www.radiopiu.net\/wordpress\/wp-content\/uploads\/2022\/10\/Pulizia_1-150x150.jpeg\" class=\"attachment-thumbnail size-thumbnail\" alt=\"\" \/><\/a>\n\t\t\t\t<\/dt><\/dl><dl class='gallery-item'>\n\t\t\t\t<dt class='gallery-icon portrait'>\n\t\t\t\t\t<a class=\"rollover rollover-zoom dt-pswp-item\" title=\"Pulizia\" data-dt-img-description=\"\" data-large_image_width=\"768\" data-large_image_height=\"1024\"href='https:\/\/www.radiopiu.net\/wordpress\/wp-content\/uploads\/2022\/10\/Pulizia.jpeg'><img loading=\"lazy\" decoding=\"async\" width=\"150\" height=\"150\" src=\"https:\/\/www.radiopiu.net\/wordpress\/wp-content\/uploads\/2022\/10\/Pulizia-150x150.jpeg\" class=\"attachment-thumbnail size-thumbnail\" alt=\"\" \/><\/a>\n\t\t\t\t<\/dt><\/dl><dl class='gallery-item'>\n\t\t\t\t<dt class='gallery-icon landscape'>\n\t\t\t\t\t<a class=\"rollover rollover-zoom dt-pswp-item\" title=\"Ponte pulito\" data-dt-img-description=\"\" data-large_image_width=\"1024\" data-large_image_height=\"768\"href='https:\/\/www.radiopiu.net\/wordpress\/wp-content\/uploads\/2022\/10\/Ponte-pulito.jpeg'><img loading=\"lazy\" decoding=\"async\" width=\"150\" height=\"150\" src=\"https:\/\/www.radiopiu.net\/wordpress\/wp-content\/uploads\/2022\/10\/Ponte-pulito-150x150.jpeg\" class=\"attachment-thumbnail size-thumbnail\" alt=\"\" \/><\/a>\n\t\t\t\t<\/dt><\/dl><br style=\"clear: both\" \/>\n\t\t\t<\/div>\n\n<p>&nbsp;<\/p>\n<hr \/>\n<p>&nbsp;<\/p>\n<blockquote>\n<h3>L&#8217;INCONTRO A TRICHIANA CON FEDERICO D&#8217;INCA&#8217; E I RINGRAZIAMENTI DEL MINISTRO BELLUNESE USCENTE<\/h3>\n<\/blockquote>\n<p><strong>BORGO VALBELLUNA<\/strong> Una sala San Felice a Trichiana gremita di gente dove il Ministro uscente Federico D&#8217;Inc\u00e0 ha voluto fare un incontro pubblico per un bilancio finale dei 10 anni di politica al servizio del paese. Dalla prima esperienza del 2009 quando fu candidato come consigliere comunale a Trichiana fino al suo ingresso in parlamento con il Movimento 5 Stelle nel 2013. D&#8217;Inc\u00e0 ha ringraziato sindaci, presidente della provincia di Belluno e collaboratori. Si \u00e8 parlato anche delle vicende che sono state al centro dell&#8217;attenzione negli ultimi anni in provincia: dalla tempesta Vaia fino alle crisi di Ideal Standard e ACC. &#8220;Voglio ringraziare tutte le persone che sono intervenute ieri alla serata di saluto e racconto della mia vita da parlamentare e Ministro e degli obbiettivi raggiunti nei miei 10 anni per il Paese. Colgo l\u2019occasione per ringraziare anche tutti quelli che non sono potuti essere presenti ma hanno scritto messaggi di stima ed affetto&#8221; dice Federico D&#8217;Inc\u00e0.<\/p>\n\n\t\t\t<style type='text\/css'>\n\t\t\t\t#gallery-4 {\n\t\t\t\t\tmargin: auto;\n\t\t\t\t}\n\t\t\t\t#gallery-4 .gallery-item {\n\t\t\t\t\tfloat: left;\n\t\t\t\t\tmargin-top: 10px;\n\t\t\t\t\ttext-align: center;\n\t\t\t\t\twidth: 50%;\n\t\t\t\t}\n\t\t\t\t#gallery-4 img {\n\t\t\t\t\tborder: 2px solid #cfcfcf;\n\t\t\t\t}\n\t\t\t\t#gallery-4 .gallery-caption {\n\t\t\t\t\tmargin-left: 0;\n\t\t\t\t}\n\t\t\t\t\/* see gallery_shortcode() in wp-includes\/media.php *\/\n\t\t\t<\/style>\n\t\t<div id='gallery-4' class='dt-gallery-container gallery galleryid-301665 gallery-columns-2 gallery-size-medium'><dl class='gallery-item'>\n\t\t\t\t<dt class='gallery-icon landscape'>\n\t\t\t\t\t<a class=\"rollover rollover-zoom dt-pswp-item\" title=\"1d8c5386-6ef0-44a2-b414-f4a3808e3379\" data-dt-img-description=\"\" data-large_image_width=\"1280\" data-large_image_height=\"960\"href='https:\/\/www.radiopiu.net\/wordpress\/wp-content\/uploads\/2022\/10\/1d8c5386-6ef0-44a2-b414-f4a3808e3379.jpg'><img loading=\"lazy\" decoding=\"async\" width=\"300\" height=\"225\" src=\"https:\/\/www.radiopiu.net\/wordpress\/wp-content\/uploads\/2022\/10\/1d8c5386-6ef0-44a2-b414-f4a3808e3379-300x225.jpg\" class=\"attachment-medium size-medium\" alt=\"\" srcset=\"https:\/\/www.radiopiu.net\/wordpress\/wp-content\/uploads\/2022\/10\/1d8c5386-6ef0-44a2-b414-f4a3808e3379-300x225.jpg 300w, https:\/\/www.radiopiu.net\/wordpress\/wp-content\/uploads\/2022\/10\/1d8c5386-6ef0-44a2-b414-f4a3808e3379-1024x768.jpg 1024w, https:\/\/www.radiopiu.net\/wordpress\/wp-content\/uploads\/2022\/10\/1d8c5386-6ef0-44a2-b414-f4a3808e3379-768x576.jpg 768w, https:\/\/www.radiopiu.net\/wordpress\/wp-content\/uploads\/2022\/10\/1d8c5386-6ef0-44a2-b414-f4a3808e3379.jpg 1280w\" sizes=\"auto, (max-width: 300px) 100vw, 300px\" \/><\/a>\n\t\t\t\t<\/dt><\/dl><dl class='gallery-item'>\n\t\t\t\t<dt class='gallery-icon landscape'>\n\t\t\t\t\t<a class=\"rollover rollover-zoom dt-pswp-item\" title=\"ac661e76-d5a1-4775-9785-f4446633f218\" data-dt-img-description=\"\" data-large_image_width=\"1280\" data-large_image_height=\"960\"href='https:\/\/www.radiopiu.net\/wordpress\/wp-content\/uploads\/2022\/10\/ac661e76-d5a1-4775-9785-f4446633f218.jpg'><img loading=\"lazy\" decoding=\"async\" width=\"300\" height=\"225\" src=\"https:\/\/www.radiopiu.net\/wordpress\/wp-content\/uploads\/2022\/10\/ac661e76-d5a1-4775-9785-f4446633f218-300x225.jpg\" class=\"attachment-medium size-medium\" alt=\"\" srcset=\"https:\/\/www.radiopiu.net\/wordpress\/wp-content\/uploads\/2022\/10\/ac661e76-d5a1-4775-9785-f4446633f218-300x225.jpg 300w, https:\/\/www.radiopiu.net\/wordpress\/wp-content\/uploads\/2022\/10\/ac661e76-d5a1-4775-9785-f4446633f218-1024x768.jpg 1024w, https:\/\/www.radiopiu.net\/wordpress\/wp-content\/uploads\/2022\/10\/ac661e76-d5a1-4775-9785-f4446633f218-768x576.jpg 768w, https:\/\/www.radiopiu.net\/wordpress\/wp-content\/uploads\/2022\/10\/ac661e76-d5a1-4775-9785-f4446633f218.jpg 1280w\" sizes=\"auto, (max-width: 300px) 100vw, 300px\" \/><\/a>\n\t\t\t\t<\/dt><\/dl><br style=\"clear: both\" \/>\n\t\t\t<\/div>\n\n<p>&nbsp;<\/p>\n<hr \/>\n<p>&nbsp;<\/p>\n<blockquote>\n<h3>A TAIBON AREA RICREATIVA ANCHE PER BAMBINI&#8230; DICEVANO<\/h3>\n<\/blockquote>\n<p><strong>TAIBON<\/strong>\u00a0Nuova area in riva al Tegnas, ci risiamo: l\u2019incivilt\u00e0 regna sovrana evidentemente controlli zero.<\/p>\n<blockquote><p><em>Ti dir\u00f2 che i rifiuti nell\u2019area giochi vicino al Tegnas non mi stupiscono. Non credo serva avere un plotone di guardie giurate che controlla tutte le aree a rischio maleducazione. Ho abbastanza esperienza con i ragazzi da poter affermare che dietro alla maleducazione c\u2019\u00e8 una famiglia assente. Non la societ\u00e0, non la scuola, non le \u201ccattive\u201d compagnie ma solo genitori che non danno regole, non sanno dire no, esaudiscono tutti i desideri dei figli e purtroppo li giustificano anche di fronte all\u2019evidenza. Come sai io amo molto i vecchi adagi e anche per questi fatti ce n\u2019\u00e8 uno adatto \u201d I POM NO I VA\u2019 LONTAN DAI POMER\u201d<\/em><\/p>\n<p><em>Messaggio firmato<\/em><\/p><\/blockquote>\n<p>&nbsp;<\/p>\n\n\t\t\t<style type='text\/css'>\n\t\t\t\t#gallery-5 {\n\t\t\t\t\tmargin: auto;\n\t\t\t\t}\n\t\t\t\t#gallery-5 .gallery-item {\n\t\t\t\t\tfloat: left;\n\t\t\t\t\tmargin-top: 10px;\n\t\t\t\t\ttext-align: center;\n\t\t\t\t\twidth: 33%;\n\t\t\t\t}\n\t\t\t\t#gallery-5 img {\n\t\t\t\t\tborder: 2px solid #cfcfcf;\n\t\t\t\t}\n\t\t\t\t#gallery-5 .gallery-caption {\n\t\t\t\t\tmargin-left: 0;\n\t\t\t\t}\n\t\t\t\t\/* see gallery_shortcode() in wp-includes\/media.php *\/\n\t\t\t<\/style>\n\t\t<div id='gallery-5' class='dt-gallery-container gallery galleryid-301665 gallery-columns-3 gallery-size-thumbnail'><dl class='gallery-item'>\n\t\t\t\t<dt class='gallery-icon portrait'>\n\t\t\t\t\t<a class=\"rollover rollover-zoom dt-pswp-item\" title=\"4a8dd98f-c306-4642-9a58-60fc7191cda3\" data-dt-img-description=\"\" data-large_image_width=\"1536\" data-large_image_height=\"2048\"href='https:\/\/www.radiopiu.net\/wordpress\/wp-content\/uploads\/2022\/10\/4a8dd98f-c306-4642-9a58-60fc7191cda3.jpg'><img loading=\"lazy\" decoding=\"async\" width=\"150\" height=\"150\" src=\"https:\/\/www.radiopiu.net\/wordpress\/wp-content\/uploads\/2022\/10\/4a8dd98f-c306-4642-9a58-60fc7191cda3-150x150.jpg\" class=\"attachment-thumbnail size-thumbnail\" alt=\"\" \/><\/a>\n\t\t\t\t<\/dt><\/dl><dl class='gallery-item'>\n\t\t\t\t<dt class='gallery-icon portrait'>\n\t\t\t\t\t<a class=\"rollover rollover-zoom dt-pswp-item\" title=\"6f9708f2-09cc-4228-b5a4-ecf68f3feb8a\" data-dt-img-description=\"\" data-large_image_width=\"1536\" data-large_image_height=\"2048\"href='https:\/\/www.radiopiu.net\/wordpress\/wp-content\/uploads\/2022\/10\/6f9708f2-09cc-4228-b5a4-ecf68f3feb8a.jpg'><img loading=\"lazy\" decoding=\"async\" width=\"150\" height=\"150\" src=\"https:\/\/www.radiopiu.net\/wordpress\/wp-content\/uploads\/2022\/10\/6f9708f2-09cc-4228-b5a4-ecf68f3feb8a-150x150.jpg\" class=\"attachment-thumbnail size-thumbnail\" alt=\"\" \/><\/a>\n\t\t\t\t<\/dt><\/dl><dl class='gallery-item'>\n\t\t\t\t<dt class='gallery-icon portrait'>\n\t\t\t\t\t<a class=\"rollover rollover-zoom dt-pswp-item\" title=\"ed77df19-7c75-4ff4-8724-ca19ea9dfe6b\" data-dt-img-description=\"\" data-large_image_width=\"1536\" data-large_image_height=\"2048\"href='https:\/\/www.radiopiu.net\/wordpress\/wp-content\/uploads\/2022\/10\/ed77df19-7c75-4ff4-8724-ca19ea9dfe6b.jpg'><img loading=\"lazy\" decoding=\"async\" width=\"150\" height=\"150\" src=\"https:\/\/www.radiopiu.net\/wordpress\/wp-content\/uploads\/2022\/10\/ed77df19-7c75-4ff4-8724-ca19ea9dfe6b-150x150.jpg\" class=\"attachment-thumbnail size-thumbnail\" alt=\"\" \/><\/a>\n\t\t\t\t<\/dt><\/dl><br style=\"clear: both\" \/><dl class='gallery-item'>\n\t\t\t\t<dt class='gallery-icon portrait'>\n\t\t\t\t\t<a class=\"rollover rollover-zoom dt-pswp-item\" title=\"0cad28d7-6326-465e-919c-716043596f72\" data-dt-img-description=\"\" data-large_image_width=\"1536\" data-large_image_height=\"2048\"href='https:\/\/www.radiopiu.net\/wordpress\/wp-content\/uploads\/2022\/10\/0cad28d7-6326-465e-919c-716043596f72.jpg'><img loading=\"lazy\" decoding=\"async\" width=\"150\" height=\"150\" src=\"https:\/\/www.radiopiu.net\/wordpress\/wp-content\/uploads\/2022\/10\/0cad28d7-6326-465e-919c-716043596f72-150x150.jpg\" class=\"attachment-thumbnail size-thumbnail\" alt=\"\" \/><\/a>\n\t\t\t\t<\/dt><\/dl><dl class='gallery-item'>\n\t\t\t\t<dt class='gallery-icon portrait'>\n\t\t\t\t\t<a class=\"rollover rollover-zoom dt-pswp-item\" title=\"0a1a2a61-4aa8-43d7-b288-081aa9456f97\" data-dt-img-description=\"\" data-large_image_width=\"1536\" data-large_image_height=\"2048\"href='https:\/\/www.radiopiu.net\/wordpress\/wp-content\/uploads\/2022\/10\/0a1a2a61-4aa8-43d7-b288-081aa9456f97.jpg'><img loading=\"lazy\" decoding=\"async\" width=\"150\" height=\"150\" src=\"https:\/\/www.radiopiu.net\/wordpress\/wp-content\/uploads\/2022\/10\/0a1a2a61-4aa8-43d7-b288-081aa9456f97-150x150.jpg\" class=\"attachment-thumbnail size-thumbnail\" alt=\"\" \/><\/a>\n\t\t\t\t<\/dt><\/dl><dl class='gallery-item'>\n\t\t\t\t<dt class='gallery-icon portrait'>\n\t\t\t\t\t<a class=\"rollover rollover-zoom dt-pswp-item\" title=\"2e7c4aac-778f-4a8b-bd55-47ad5ebc9c1b\" data-dt-img-description=\"\" data-large_image_width=\"1536\" data-large_image_height=\"2048\"href='https:\/\/www.radiopiu.net\/wordpress\/wp-content\/uploads\/2022\/10\/2e7c4aac-778f-4a8b-bd55-47ad5ebc9c1b.jpg'><img loading=\"lazy\" decoding=\"async\" width=\"150\" height=\"150\" src=\"https:\/\/www.radiopiu.net\/wordpress\/wp-content\/uploads\/2022\/10\/2e7c4aac-778f-4a8b-bd55-47ad5ebc9c1b-150x150.jpg\" class=\"attachment-thumbnail size-thumbnail\" alt=\"\" \/><\/a>\n\t\t\t\t<\/dt><\/dl><br style=\"clear: both\" \/>\n\t\t\t<\/div>\n\n<p>&nbsp;<\/p>\n<hr \/>\n<p>&nbsp;<\/p>\n<p><a class=\"dt-pswp-item\" href=\"https:\/\/www.radiopiu.net\/wordpress\/wp-content\/uploads\/2022\/10\/0f4b85fb-5253-41b6-bca0-c32668ba1686.jpg\" data-dt-img-description=\"\" data-large_image_width=\"800\" data-large_image_height=\"800\"><img loading=\"lazy\" decoding=\"async\" class=\"size-medium wp-image-301835 aligncenter\" src=\"https:\/\/www.radiopiu.net\/wordpress\/wp-content\/uploads\/2022\/10\/0f4b85fb-5253-41b6-bca0-c32668ba1686-300x300.jpg\" alt=\"\" width=\"300\" height=\"300\" srcset=\"https:\/\/www.radiopiu.net\/wordpress\/wp-content\/uploads\/2022\/10\/0f4b85fb-5253-41b6-bca0-c32668ba1686-300x300.jpg 300w, https:\/\/www.radiopiu.net\/wordpress\/wp-content\/uploads\/2022\/10\/0f4b85fb-5253-41b6-bca0-c32668ba1686-150x150.jpg 150w, https:\/\/www.radiopiu.net\/wordpress\/wp-content\/uploads\/2022\/10\/0f4b85fb-5253-41b6-bca0-c32668ba1686-768x768.jpg 768w, https:\/\/www.radiopiu.net\/wordpress\/wp-content\/uploads\/2022\/10\/0f4b85fb-5253-41b6-bca0-c32668ba1686.jpg 800w\" sizes=\"auto, (max-width: 300px) 100vw, 300px\" \/><\/a><\/p>\n<p>&nbsp;<\/p>\n<blockquote class=\"wp-embedded-content\" data-secret=\"EQPIxQKrHh\"><p><a href=\"https:\/\/www.radiopiu.net\/wordpress\/aziendazeroottobre16\/\">RICOVERI STABILI, UN DECESSO E 3751 NUOVI POSITIVI IN 24 ORE NEL VENETO<\/a><\/p><\/blockquote>\n<p><iframe loading=\"lazy\" class=\"wp-embedded-content\" sandbox=\"allow-scripts\" security=\"restricted\" style=\"position: absolute; clip: rect(1px, 1px, 1px, 1px);\" title=\"&#8220;RICOVERI STABILI, UN DECESSO E 3751 NUOVI POSITIVI IN 24 ORE NEL VENETO&#8221; &#8212; Radio Pi\u00f9\" src=\"https:\/\/www.radiopiu.net\/wordpress\/aziendazeroottobre16\/embed\/#?secret=u43cmDl8Bv#?secret=EQPIxQKrHh\" data-secret=\"EQPIxQKrHh\" width=\"600\" height=\"338\" frameborder=\"0\" marginwidth=\"0\" marginheight=\"0\" scrolling=\"no\"><\/iframe><\/p>\n<p>&nbsp;<\/p>\n<h2>I GRAFICI DI TIZIANO DE COL<\/h2>\n\n\t\t\t<style type='text\/css'>\n\t\t\t\t#gallery-6 {\n\t\t\t\t\tmargin: auto;\n\t\t\t\t}\n\t\t\t\t#gallery-6 .gallery-item {\n\t\t\t\t\tfloat: left;\n\t\t\t\t\tmargin-top: 10px;\n\t\t\t\t\ttext-align: center;\n\t\t\t\t\twidth: 33%;\n\t\t\t\t}\n\t\t\t\t#gallery-6 img {\n\t\t\t\t\tborder: 2px solid #cfcfcf;\n\t\t\t\t}\n\t\t\t\t#gallery-6 .gallery-caption {\n\t\t\t\t\tmargin-left: 0;\n\t\t\t\t}\n\t\t\t\t\/* see gallery_shortcode() in wp-includes\/media.php *\/\n\t\t\t<\/style>\n\t\t<div id='gallery-6' class='dt-gallery-container gallery galleryid-301665 gallery-columns-3 gallery-size-thumbnail'><dl class='gallery-item'>\n\t\t\t\t<dt class='gallery-icon landscape'>\n\t\t\t\t\t<a class=\"rollover rollover-zoom dt-pswp-item\" title=\"96648c66-d191-45d4-8edd-c344d9d40560\" data-dt-img-description=\"\" data-large_image_width=\"589\" data-large_image_height=\"361\"href='https:\/\/www.radiopiu.net\/wordpress\/wp-content\/uploads\/2022\/10\/96648c66-d191-45d4-8edd-c344d9d40560.jpg'><img loading=\"lazy\" decoding=\"async\" width=\"150\" height=\"150\" src=\"https:\/\/www.radiopiu.net\/wordpress\/wp-content\/uploads\/2022\/10\/96648c66-d191-45d4-8edd-c344d9d40560-150x150.jpg\" class=\"attachment-thumbnail size-thumbnail\" alt=\"\" \/><\/a>\n\t\t\t\t<\/dt><\/dl><dl class='gallery-item'>\n\t\t\t\t<dt class='gallery-icon landscape'>\n\t\t\t\t\t<a class=\"rollover rollover-zoom dt-pswp-item\" title=\"4eeab7ca-292f-44a0-81de-45e0dede4bdd\" data-dt-img-description=\"\" data-large_image_width=\"591\" data-large_image_height=\"358\"href='https:\/\/www.radiopiu.net\/wordpress\/wp-content\/uploads\/2022\/10\/4eeab7ca-292f-44a0-81de-45e0dede4bdd.jpg'><img loading=\"lazy\" decoding=\"async\" width=\"150\" height=\"150\" src=\"https:\/\/www.radiopiu.net\/wordpress\/wp-content\/uploads\/2022\/10\/4eeab7ca-292f-44a0-81de-45e0dede4bdd-150x150.jpg\" class=\"attachment-thumbnail size-thumbnail\" alt=\"\" \/><\/a>\n\t\t\t\t<\/dt><\/dl><dl class='gallery-item'>\n\t\t\t\t<dt class='gallery-icon landscape'>\n\t\t\t\t\t<a class=\"rollover rollover-zoom dt-pswp-item\" title=\"96052554-f9ad-46eb-b520-c177b9faca96\" data-dt-img-description=\"\" data-large_image_width=\"608\" data-large_image_height=\"359\"href='https:\/\/www.radiopiu.net\/wordpress\/wp-content\/uploads\/2022\/10\/96052554-f9ad-46eb-b520-c177b9faca96.jpg'><img loading=\"lazy\" decoding=\"async\" width=\"150\" height=\"150\" src=\"https:\/\/www.radiopiu.net\/wordpress\/wp-content\/uploads\/2022\/10\/96052554-f9ad-46eb-b520-c177b9faca96-150x150.jpg\" class=\"attachment-thumbnail size-thumbnail\" alt=\"\" \/><\/a>\n\t\t\t\t<\/dt><\/dl><br style=\"clear: both\" \/><dl class='gallery-item'>\n\t\t\t\t<dt class='gallery-icon landscape'>\n\t\t\t\t\t<a class=\"rollover rollover-zoom dt-pswp-item\" title=\"d02b1695-ad7e-4dd5-86a1-f07a45928538\" data-dt-img-description=\"\" data-large_image_width=\"610\" data-large_image_height=\"359\"href='https:\/\/www.radiopiu.net\/wordpress\/wp-content\/uploads\/2022\/10\/d02b1695-ad7e-4dd5-86a1-f07a45928538.jpg'><img loading=\"lazy\" decoding=\"async\" width=\"150\" height=\"150\" src=\"https:\/\/www.radiopiu.net\/wordpress\/wp-content\/uploads\/2022\/10\/d02b1695-ad7e-4dd5-86a1-f07a45928538-150x150.jpg\" class=\"attachment-thumbnail size-thumbnail\" alt=\"\" \/><\/a>\n\t\t\t\t<\/dt><\/dl><dl class='gallery-item'>\n\t\t\t\t<dt class='gallery-icon landscape'>\n\t\t\t\t\t<a class=\"rollover rollover-zoom dt-pswp-item\" title=\"3d4b1ff8-f205-44c4-9ffe-2cf47bfe05e4\" data-dt-img-description=\"\" data-large_image_width=\"616\" data-large_image_height=\"375\"href='https:\/\/www.radiopiu.net\/wordpress\/wp-content\/uploads\/2022\/10\/3d4b1ff8-f205-44c4-9ffe-2cf47bfe05e4.jpg'><img loading=\"lazy\" decoding=\"async\" width=\"150\" height=\"150\" src=\"https:\/\/www.radiopiu.net\/wordpress\/wp-content\/uploads\/2022\/10\/3d4b1ff8-f205-44c4-9ffe-2cf47bfe05e4-150x150.jpg\" class=\"attachment-thumbnail size-thumbnail\" alt=\"\" \/><\/a>\n\t\t\t\t<\/dt><\/dl><dl class='gallery-item'>\n\t\t\t\t<dt class='gallery-icon landscape'>\n\t\t\t\t\t<a class=\"rollover rollover-zoom dt-pswp-item\" title=\"baf6efdf-4224-4655-b4c9-6d0ab7b00d35\" data-dt-img-description=\"\" data-large_image_width=\"612\" data-large_image_height=\"360\"href='https:\/\/www.radiopiu.net\/wordpress\/wp-content\/uploads\/2022\/10\/baf6efdf-4224-4655-b4c9-6d0ab7b00d35.jpg'><img loading=\"lazy\" decoding=\"async\" width=\"150\" height=\"150\" src=\"https:\/\/www.radiopiu.net\/wordpress\/wp-content\/uploads\/2022\/10\/baf6efdf-4224-4655-b4c9-6d0ab7b00d35-150x150.jpg\" class=\"attachment-thumbnail size-thumbnail\" alt=\"\" \/><\/a>\n\t\t\t\t<\/dt><\/dl><br style=\"clear: both\" \/>\n\t\t\t<\/div>\n\n<p>&nbsp;<\/p>\n<p>&nbsp;<\/p>\n<hr \/>\n<p>&nbsp;<\/p>\n<blockquote>\n<h3>CINQUE NUOVI ECOGRAFI GINECOLOGICI PER DISTRETTI, PMA E OSTETRICIA<\/h3>\n<\/blockquote>\n<p><strong><a class=\"dt-pswp-item\" href=\"https:\/\/www.radiopiu.net\/wordpress\/wp-content\/uploads\/2021\/03\/ULSS-1.jpg\" data-dt-img-description=\"\" data-large_image_width=\"776\" data-large_image_height=\"408\"><img loading=\"lazy\" decoding=\"async\" class=\" wp-image-198838 alignleft\" src=\"https:\/\/www.radiopiu.net\/wordpress\/wp-content\/uploads\/2021\/03\/ULSS-1-300x158.jpg\" alt=\"\" width=\"201\" height=\"106\" srcset=\"https:\/\/www.radiopiu.net\/wordpress\/wp-content\/uploads\/2021\/03\/ULSS-1-300x158.jpg 300w, https:\/\/www.radiopiu.net\/wordpress\/wp-content\/uploads\/2021\/03\/ULSS-1-768x404.jpg 768w, https:\/\/www.radiopiu.net\/wordpress\/wp-content\/uploads\/2021\/03\/ULSS-1.jpg 776w\" sizes=\"auto, (max-width: 201px) 100vw, 201px\" \/><\/a>BELLUNO <\/strong>Continua l\u2019investimento dell\u2019Ulss Dolomiti per l\u2019acquisto di nuove apparecchiature sanitarie da utilizzare per le indagini diagnostiche. In particolare, sono stati investiti circa 120.000 euro per l\u2019acquisto di cinque ecotomografi ginecologici di fascia alta, grazie all\u2019adesione ad una gara Consip che ha permesso di poter acquisire tecnologie di ultima generazione ad un costo contenuto. Le strumentazioni, inoltre, sono state completate con l\u2019acquisto di sonde specifiche per aumentarne le potenzialit\u00e0 diagnostiche a favore delle donne. I nuovi ecografi sono destinati ai consultori familiari di Feltre e Pieve di Cadore, all\u2019ostetricia di Feltre e alla Procreazione Medicalmente Assistita di Pieve di Cadore. \u201c<em>Il rinnovo continuo delle attrezzature ci consente di poter contare su un parco tecnologico allo stato dell\u2019arte per supportare i nostri professionisti nell\u2019offrire diagnosi e cure sempre pi\u00f9 raffinate, sia in ospedale che nel territorio<\/em>.\u201d commenta il Direttore Generale, Maria Grazia Carraro.<\/p>\n<p>&nbsp;<\/p>\n<p>&nbsp;<\/p>\n<hr \/>\n<p>&nbsp;<\/p>\n<blockquote>\n<h3>MEDICI DI MEDICINA GENERALE: NUOVE FORZE E CAMBI IN ARRIVO<\/h3>\n<\/blockquote>\n<p><strong><a class=\"dt-pswp-item\" href=\"https:\/\/www.radiopiu.net\/wordpress\/wp-content\/uploads\/2020\/10\/Medicodimedicinagenerale.jpg\" data-dt-img-description=\"\" data-large_image_width=\"1200\" data-large_image_height=\"790\"><img loading=\"lazy\" decoding=\"async\" class=\" wp-image-167000 alignleft\" src=\"https:\/\/www.radiopiu.net\/wordpress\/wp-content\/uploads\/2020\/10\/Medicodimedicinagenerale-300x198.jpg\" alt=\"\" width=\"152\" height=\"100\" srcset=\"https:\/\/www.radiopiu.net\/wordpress\/wp-content\/uploads\/2020\/10\/Medicodimedicinagenerale-300x198.jpg 300w, https:\/\/www.radiopiu.net\/wordpress\/wp-content\/uploads\/2020\/10\/Medicodimedicinagenerale-1024x674.jpg 1024w, https:\/\/www.radiopiu.net\/wordpress\/wp-content\/uploads\/2020\/10\/Medicodimedicinagenerale-768x506.jpg 768w, https:\/\/www.radiopiu.net\/wordpress\/wp-content\/uploads\/2020\/10\/Medicodimedicinagenerale.jpg 1200w\" sizes=\"auto, (max-width: 152px) 100vw, 152px\" \/><\/a>BELLUNO <\/strong>Buone notizie nell\u2019assistenza territoriale: per tutte le cessazioni \u00e8 stata trovata una soluzione, grazie anche all\u2019ingresso di un nuovo medico proveniente da altra regione. <strong>CESIOMAGGIORE <\/strong>A met\u00e0 novembre prender\u00e0 servizio il dr<strong> Mansueto Basilio, nell\u2019<\/strong>ambito territoriale di Cesiomaggiore. Il professionista, proveniente dalla Calabria, ha accettato l\u2019incarico e da met\u00e0 del prossimo mese sar\u00e0 disponibile per farsi carico degli ex assistiti della dottoressa Serio, che provvisoriamente erano stati seguiti dalla dottoressa Lamanna. <strong>PEDAVENA\u00a0 <\/strong>Gli assistiti della dottoressa Celleghin, che a fine mese cesser\u00e0 l\u2019attuale incarico di medico di assistenza primaria a Pedavena per assumerlo in un altro ambito territoriale dell\u2019Azienda, saranno assegnati d\u2019ufficio alla dottoressa Francesca Cassol che ha accettato l\u2019incarico. <strong>SANTO STEFANO DI CADORE <\/strong>A fine ottobre, cesser\u00e0 il servizio di assistenza primaria il dr Aldo Bettini a Santo Stefano di Cadore: \u00e8 gi\u00e0 stato individuato un nuovo professionista a cui nelle prossime settimane sar\u00e0 affidato l\u2019incarico. <strong>ALPAGO <\/strong>\u00c8 stato prorogato l\u2019incarico al dottor Vincenzo Martino che continuer\u00e0 a prestare servizio in Alpago.<\/p>\n<p>&nbsp;<\/p>\n<p>&nbsp;<\/p>\n<hr \/>\n<p>&nbsp;<\/p>\n<blockquote>\n<h3>I 150 ANNI DEGLI ALPINI<\/h3>\n<\/blockquote>\n<p><strong><a class=\"dt-pswp-item\" href=\"https:\/\/www.radiopiu.net\/wordpress\/wp-content\/uploads\/2022\/05\/alpini-647542_960_720.jpg\" data-dt-img-description=\"\" data-large_image_width=\"960\" data-large_image_height=\"640\"><img loading=\"lazy\" decoding=\"async\" class=\" wp-image-275532 alignleft\" src=\"https:\/\/www.radiopiu.net\/wordpress\/wp-content\/uploads\/2022\/05\/alpini-647542_960_720-300x200.jpg\" alt=\"\" width=\"164\" height=\"109\" srcset=\"https:\/\/www.radiopiu.net\/wordpress\/wp-content\/uploads\/2022\/05\/alpini-647542_960_720-300x200.jpg 300w, https:\/\/www.radiopiu.net\/wordpress\/wp-content\/uploads\/2022\/05\/alpini-647542_960_720-768x512.jpg 768w, https:\/\/www.radiopiu.net\/wordpress\/wp-content\/uploads\/2022\/05\/alpini-647542_960_720.jpg 960w\" sizes=\"auto, (max-width: 164px) 100vw, 164px\" \/><\/a>VENEZIA <\/strong>\u201c<em>Il 15 ottobre del 1872 nasceva una delle pi\u00f9 belle storie di sempre: quella degli alpini. 150 anni di eroismo, abnegazione, strenua difesa della libert\u00e0 in tempo di guerra, generosit\u00e0 e altruismo senza pari in tempo di pace, attraverso un volontariato eccezionale per numeri e dedizione. Oggi gli alpini compiono 150 anni. Buon compleanno alpini. Vi vogliamo bene<\/em>\u201d. Cos\u00ec il Presidente della Regione Veneto, Luca Zaia, \u201cfesteggia\u201d il 150^ compleanno degli alpini, che si celebra oggi a Napoli. \u201c<em>Come dico sempre con tutta la convinzione possibile \u2013 prosegue il Governatore \u2013 se non ci fossero bisognerebbe inventarli, e non \u00e8 uno slogan, \u00e8 un sentimento. Particolarmente forte in Veneto, che ricorda le loro gesta durante la Grande Guerra e vive ogni giorno la loro generosit\u00e0 nel portare aiuto alle popolazioni colpite da tragedie e calamit\u00e0. Li abbiamo visti all\u2019opera mille e mille volte: a portare aiuto alla gente in un\u2019alluvione, a intervenire, primi ad arrivare e ultimi ad andarsene, a seguito di calamit\u00e0 di ogni genere. Un ricordo per tutti: quando la montagna veneta fu travolta dalla tempesta Vaia diedero un contributo straordinario, di braccia, di cervelli, di organizzazione, di attaccamento alla terra montana cos\u00ec duramente colpita. Un solo esempio che basta per tutti<\/em>\u201d. \u201c<em>Per questo invio il mio pi\u00f9 sincero augurio anche al Presidente dell\u2019Associazione Nazionale Alpini, il nostro veneto Sebastiano Favero, che guida un esercito di 340 mila grandi uomini e donne che sono il nostro orgoglio<\/em>\u201d.<\/p>\n<p>&nbsp;<\/p>\n<p>&nbsp;<\/p>\n<hr \/>\n<p>&nbsp;<\/p>\n<blockquote>\n<h3>&#8220;QUESTA E&#8217; LA NOSTRA STORIA&#8221; IL LIBRO PENSATO E IDEATO DALLO SPI CGIL VERRA&#8217; PRESENTATO OGGI<\/h3>\n<\/blockquote>\n<p><strong><a class=\"dt-pswp-item\" href=\"https:\/\/www.radiopiu.net\/wordpress\/wp-content\/uploads\/2022\/10\/Presentazione-Questa-e\u0300-la-nostra-storia_17_10_22.jpg\" data-dt-img-description=\"\" data-large_image_width=\"1181\" data-large_image_height=\"1358\"><img loading=\"lazy\" decoding=\"async\" class=\" wp-image-301693 alignleft\" src=\"https:\/\/www.radiopiu.net\/wordpress\/wp-content\/uploads\/2022\/10\/Presentazione-Questa-e\u0300-la-nostra-storia_17_10_22-261x300.jpg\" alt=\"\" width=\"134\" height=\"154\" srcset=\"https:\/\/www.radiopiu.net\/wordpress\/wp-content\/uploads\/2022\/10\/Presentazione-Questa-e\u0300-la-nostra-storia_17_10_22-261x300.jpg 261w, https:\/\/www.radiopiu.net\/wordpress\/wp-content\/uploads\/2022\/10\/Presentazione-Questa-e\u0300-la-nostra-storia_17_10_22-891x1024.jpg 891w, https:\/\/www.radiopiu.net\/wordpress\/wp-content\/uploads\/2022\/10\/Presentazione-Questa-e\u0300-la-nostra-storia_17_10_22-768x883.jpg 768w, https:\/\/www.radiopiu.net\/wordpress\/wp-content\/uploads\/2022\/10\/Presentazione-Questa-e\u0300-la-nostra-storia_17_10_22.jpg 1181w\" sizes=\"auto, (max-width: 134px) 100vw, 134px\" \/><\/a>BELLUNO<\/strong> Risale a marzo l\u2019appello dello Spi Cgil di Belluno ai cittadini della provincia a condividere ricordi, documenti e immagini storiche, anche ritagli di giornale, contratti, tessere sindacali, per creare un racconto collettivo del territorio dagli anni \u201950 in poi. Ora il volume \u00e8 stampato con il titolo &#8220;QUESTA \u00c8 LA NOSTRA STORIA&#8221;. Lo Spi Cgil lo presenta il oggi alle 15.30 in sala Bianchi, in viale Fantuzzi 1, a Belluno. Alla presentazione, coordinata da Gabriele Ganz della segretaria dello Spi di Belluno, interverranno Enrico Bacchetti, Direttore Isbrec, Loris Santomaso, storico scrittore e giornalista, Maria Rita Gentilin, segretaria generale Spi Belluno, e Elena Di Gregorio, segretaria generale Spi Veneto. Pi\u00f9 che un libro un viaggio.. Questo viaggio \u00e8 iniziato pensando al prossimo congresso dello Spi Cgil. Il congresso \u00e8 il momento pi\u00f9 significativo della nostra organizzazione, in cui ci si riunisce e si discute nelle assemblee territoriali, ci si impegna ad eliminare criticit\u00e0 e ci si impone di perseguire gli obiettivi condivisi nei documenti congressuali. Segna sempre un cambio di passo. Lo Spi ha voluto, per questo momento, consegnare ai propri iscritti la memoria degli anni vissuti. Il volume sar\u00e0 consegnato a tutti coloro che frequenteranno le nostre assemblee precongressuali. Il forte calo demografico verificatosi negli ultimi 12 anni nella nostra provincia <em>(dal 2008 al 2020 sono venute a mancare 14.322 persone)<\/em> \u00e8 stato il motivo profondo di questa pubblicazione. Di fatto si \u00e8 avvertito un bisogno di trattenere il vissuto, di dare protagonismo alle persone, di farle partecipare a questa narrazione collettiva. Sono state le persone anziane che frequentano le nostre sedi, timidamente, a consegnare i materiali. Fotografie a colori e in bianco e nero, testimonianze scritte che lasciano traccia dello sforzo e del sacrificio, e del mondo del lavoro che si intreccia con la vita quotidiana. Un libro nato per non far scorrere il tempo senza lasciare un\u2019orma sul terreno della memoria, costruito appositamente per fermare in pochi fotogrammi la realt\u00e0 vissuta dagli anni \u201850 ad oggi. Preziose testimonianze scritte di quanto \u00e8 costato emigrare, di quanta desolazione dopo l\u2019alluvione del 66 e di quanto come e dove abbiamo lavorato, parlato, scritto, faticato, sorriso.<\/p>\n<p>&nbsp;<\/p>\n<p>&nbsp;<\/p>\n<hr \/>\n<p>&nbsp;<\/p>\n<blockquote>\n<h3>FIRMATO L&#8217;ACCORDO PER IL FINANZIAMENTO DEL PALAZZETTO DELLO SPORT A PONTE NELLE ALPI<\/h3>\n<\/blockquote>\n<p><strong><a class=\"dt-pswp-item\" href=\"https:\/\/www.radiopiu.net\/wordpress\/wp-content\/uploads\/2022\/10\/Palazzetto_dello_Sport_Ponte_nelle_Alpi.jpg\" data-dt-img-description=\"\" data-large_image_width=\"2217\" data-large_image_height=\"1283\"><img loading=\"lazy\" decoding=\"async\" class=\" wp-image-301704 alignleft\" src=\"https:\/\/www.radiopiu.net\/wordpress\/wp-content\/uploads\/2022\/10\/Palazzetto_dello_Sport_Ponte_nelle_Alpi-300x174.jpg\" alt=\"\" width=\"169\" height=\"98\" srcset=\"https:\/\/www.radiopiu.net\/wordpress\/wp-content\/uploads\/2022\/10\/Palazzetto_dello_Sport_Ponte_nelle_Alpi-300x174.jpg 300w, https:\/\/www.radiopiu.net\/wordpress\/wp-content\/uploads\/2022\/10\/Palazzetto_dello_Sport_Ponte_nelle_Alpi-1024x593.jpg 1024w, https:\/\/www.radiopiu.net\/wordpress\/wp-content\/uploads\/2022\/10\/Palazzetto_dello_Sport_Ponte_nelle_Alpi-768x444.jpg 768w, https:\/\/www.radiopiu.net\/wordpress\/wp-content\/uploads\/2022\/10\/Palazzetto_dello_Sport_Ponte_nelle_Alpi-1536x889.jpg 1536w, https:\/\/www.radiopiu.net\/wordpress\/wp-content\/uploads\/2022\/10\/Palazzetto_dello_Sport_Ponte_nelle_Alpi-2048x1185.jpg 2048w\" sizes=\"auto, (max-width: 169px) 100vw, 169px\" \/><\/a>PONTE NELLE ALPI <\/strong>Firmato l\u2019accordo: via libera alla concessione del finanziamento per l\u2019intervento di riqualificazione architettonica e funzionale della palestra scolastica denominata \u201cPalazzetto dello Sport\u201d di Ponte nelle Alpi.<span class=\"gmail-Apple-converted-space\"> \u00a0<\/span>L\u2019opera del Pnrr si chiama \u201cLa scuola per l\u2019Italia di domani\u201d e prevede uno stanziamento di 1 milione di euro. In questo senso, il sindaco Paolo Vendramini e Simona Montesarchio, direttrice generale per l\u2019Unit\u00e0 di Missione Pnrr (Piano nazionale di ripresa e resilienza), hanno sottoscritto l\u2019accordo per le procedure dell\u2019intervento al Palazzetto. E il soggetto attuatore sar\u00e0 proprio il Comune di Ponte.<span class=\"gmail-Apple-converted-space\"> \u00a0<\/span>Per quanto riguarda il cronoprogramma, la tempistica prevede che la progettazione esecutiva sia conclusa entro il 31 agosto 2023; l\u2019aggiudicazione dei lavori entro il 31 dicembre 2023. E l\u2019avvio delle opere entro il 31 marzo 2023. \u00ab<em>\u00c8 una grande soddisfazione aver firmato l\u2019atto definitivo &#8211; afferma il sindaco Paolo Vendramini -. Ora possiamo dare il via alla progettazione di un\u2019opera strategica per le scuole e le associazioni sportive del territorio. \u00c8 un passo fondamentale, che si aggiunge ai molteplici interventi nelle frazioni del comune<\/em>\u00bb.<span class=\"gmail-Apple-converted-space\">\u00a0<\/span><\/p>\n<p>&nbsp;<\/p>\n<p>&nbsp;<\/p>\n<hr \/>\n<p>&nbsp;<\/p>\n<blockquote>\n<h3>IN VISITA ALLE CASERME DEI VIGILI DEL FUOCO DI AGORDO E CAPRILE<\/h3>\n<\/blockquote>\n<p><strong>REDAZIONE<\/strong> Una giornata dedicata alla popolazione con le caserme dei Vigili Del Fuoco dell&#8217;intera province aperte per le visite al pubblico. Anche ad Agordo e Caprile i pompieri hanno accolto la cittadinanza per far vedere da vicino la sede operativa.<\/p>\n<p><strong>LA CASERMA DI AGORDO<\/strong><\/p>\n\n\t\t\t<style type='text\/css'>\n\t\t\t\t#gallery-7 {\n\t\t\t\t\tmargin: auto;\n\t\t\t\t}\n\t\t\t\t#gallery-7 .gallery-item {\n\t\t\t\t\tfloat: left;\n\t\t\t\t\tmargin-top: 10px;\n\t\t\t\t\ttext-align: center;\n\t\t\t\t\twidth: 25%;\n\t\t\t\t}\n\t\t\t\t#gallery-7 img {\n\t\t\t\t\tborder: 2px solid #cfcfcf;\n\t\t\t\t}\n\t\t\t\t#gallery-7 .gallery-caption {\n\t\t\t\t\tmargin-left: 0;\n\t\t\t\t}\n\t\t\t\t\/* see gallery_shortcode() in wp-includes\/media.php *\/\n\t\t\t<\/style>\n\t\t<div id='gallery-7' class='dt-gallery-container gallery galleryid-301665 gallery-columns-4 gallery-size-thumbnail'><dl class='gallery-item'>\n\t\t\t\t<dt class='gallery-icon portrait'>\n\t\t\t\t\t<a class=\"rollover rollover-zoom dt-pswp-item\" title=\"3267b3ac-5ecf-4fa9-a2b5-bff1738ed3ca\" data-dt-img-description=\"\" data-large_image_width=\"719\" data-large_image_height=\"1600\"href='https:\/\/www.radiopiu.net\/wordpress\/wp-content\/uploads\/2022\/10\/3267b3ac-5ecf-4fa9-a2b5-bff1738ed3ca.jpg'><img loading=\"lazy\" decoding=\"async\" width=\"150\" height=\"150\" src=\"https:\/\/www.radiopiu.net\/wordpress\/wp-content\/uploads\/2022\/10\/3267b3ac-5ecf-4fa9-a2b5-bff1738ed3ca-150x150.jpg\" class=\"attachment-thumbnail size-thumbnail\" alt=\"\" \/><\/a>\n\t\t\t\t<\/dt><\/dl><dl class='gallery-item'>\n\t\t\t\t<dt class='gallery-icon landscape'>\n\t\t\t\t\t<a class=\"rollover rollover-zoom dt-pswp-item\" title=\"cb96bee4-4dfd-44b8-91d1-651745e5432f\" data-dt-img-description=\"\" data-large_image_width=\"1600\" data-large_image_height=\"720\"href='https:\/\/www.radiopiu.net\/wordpress\/wp-content\/uploads\/2022\/10\/cb96bee4-4dfd-44b8-91d1-651745e5432f.jpg'><img loading=\"lazy\" decoding=\"async\" width=\"150\" height=\"150\" src=\"https:\/\/www.radiopiu.net\/wordpress\/wp-content\/uploads\/2022\/10\/cb96bee4-4dfd-44b8-91d1-651745e5432f-150x150.jpg\" class=\"attachment-thumbnail size-thumbnail\" alt=\"\" \/><\/a>\n\t\t\t\t<\/dt><\/dl><dl class='gallery-item'>\n\t\t\t\t<dt class='gallery-icon portrait'>\n\t\t\t\t\t<a class=\"rollover rollover-zoom dt-pswp-item\" title=\"5c0e5556-38b4-477d-bb64-62d77b35f5de\" data-dt-img-description=\"\" data-large_image_width=\"720\" data-large_image_height=\"1600\"href='https:\/\/www.radiopiu.net\/wordpress\/wp-content\/uploads\/2022\/10\/5c0e5556-38b4-477d-bb64-62d77b35f5de.jpg'><img loading=\"lazy\" decoding=\"async\" width=\"150\" height=\"150\" src=\"https:\/\/www.radiopiu.net\/wordpress\/wp-content\/uploads\/2022\/10\/5c0e5556-38b4-477d-bb64-62d77b35f5de-150x150.jpg\" class=\"attachment-thumbnail size-thumbnail\" alt=\"\" \/><\/a>\n\t\t\t\t<\/dt><\/dl><dl class='gallery-item'>\n\t\t\t\t<dt class='gallery-icon portrait'>\n\t\t\t\t\t<a class=\"rollover rollover-zoom dt-pswp-item\" title=\"4262b6f7-81f8-48e8-842d-309ff0f5b24d\" data-dt-img-description=\"\" data-large_image_width=\"720\" data-large_image_height=\"1600\"href='https:\/\/www.radiopiu.net\/wordpress\/wp-content\/uploads\/2022\/10\/4262b6f7-81f8-48e8-842d-309ff0f5b24d.jpg'><img loading=\"lazy\" decoding=\"async\" width=\"150\" height=\"150\" src=\"https:\/\/www.radiopiu.net\/wordpress\/wp-content\/uploads\/2022\/10\/4262b6f7-81f8-48e8-842d-309ff0f5b24d-150x150.jpg\" class=\"attachment-thumbnail size-thumbnail\" alt=\"\" \/><\/a>\n\t\t\t\t<\/dt><\/dl><br style=\"clear: both\" \/>\n\t\t\t<\/div>\n\n<p>&nbsp;<\/p>\n<p><strong>IL DISTACCAMENTO DEI VIGILI DEL FUOCO VOLONTARI DI CAPRILE<\/strong><\/p>\n\n\t\t\t<style type='text\/css'>\n\t\t\t\t#gallery-8 {\n\t\t\t\t\tmargin: auto;\n\t\t\t\t}\n\t\t\t\t#gallery-8 .gallery-item {\n\t\t\t\t\tfloat: left;\n\t\t\t\t\tmargin-top: 10px;\n\t\t\t\t\ttext-align: center;\n\t\t\t\t\twidth: 25%;\n\t\t\t\t}\n\t\t\t\t#gallery-8 img {\n\t\t\t\t\tborder: 2px solid #cfcfcf;\n\t\t\t\t}\n\t\t\t\t#gallery-8 .gallery-caption {\n\t\t\t\t\tmargin-left: 0;\n\t\t\t\t}\n\t\t\t\t\/* see gallery_shortcode() in wp-includes\/media.php *\/\n\t\t\t<\/style>\n\t\t<div id='gallery-8' class='dt-gallery-container gallery galleryid-301665 gallery-columns-4 gallery-size-thumbnail'><dl class='gallery-item'>\n\t\t\t\t<dt class='gallery-icon landscape'>\n\t\t\t\t\t<a class=\"rollover rollover-zoom dt-pswp-item\" title=\"a78f8a6d-1621-49af-ac23-8b667d29058d\" data-dt-img-description=\"\" data-large_image_width=\"1600\" data-large_image_height=\"1166\"href='https:\/\/www.radiopiu.net\/wordpress\/wp-content\/uploads\/2022\/10\/a78f8a6d-1621-49af-ac23-8b667d29058d.jpg'><img loading=\"lazy\" decoding=\"async\" width=\"150\" height=\"150\" src=\"https:\/\/www.radiopiu.net\/wordpress\/wp-content\/uploads\/2022\/10\/a78f8a6d-1621-49af-ac23-8b667d29058d-150x150.jpg\" class=\"attachment-thumbnail size-thumbnail\" alt=\"\" \/><\/a>\n\t\t\t\t<\/dt><\/dl><dl class='gallery-item'>\n\t\t\t\t<dt class='gallery-icon landscape'>\n\t\t\t\t\t<a class=\"rollover rollover-zoom dt-pswp-item\" title=\"3a0d6261-7aa1-47f5-927f-fa71805edbbf\" data-dt-img-description=\"\" data-large_image_width=\"1080\" data-large_image_height=\"1080\"href='https:\/\/www.radiopiu.net\/wordpress\/wp-content\/uploads\/2022\/10\/3a0d6261-7aa1-47f5-927f-fa71805edbbf.jpg'><img loading=\"lazy\" decoding=\"async\" width=\"150\" height=\"150\" src=\"https:\/\/www.radiopiu.net\/wordpress\/wp-content\/uploads\/2022\/10\/3a0d6261-7aa1-47f5-927f-fa71805edbbf-150x150.jpg\" class=\"attachment-thumbnail size-thumbnail\" alt=\"\" srcset=\"https:\/\/www.radiopiu.net\/wordpress\/wp-content\/uploads\/2022\/10\/3a0d6261-7aa1-47f5-927f-fa71805edbbf-150x150.jpg 150w, https:\/\/www.radiopiu.net\/wordpress\/wp-content\/uploads\/2022\/10\/3a0d6261-7aa1-47f5-927f-fa71805edbbf-300x300.jpg 300w, https:\/\/www.radiopiu.net\/wordpress\/wp-content\/uploads\/2022\/10\/3a0d6261-7aa1-47f5-927f-fa71805edbbf-1024x1024.jpg 1024w, https:\/\/www.radiopiu.net\/wordpress\/wp-content\/uploads\/2022\/10\/3a0d6261-7aa1-47f5-927f-fa71805edbbf-768x768.jpg 768w, https:\/\/www.radiopiu.net\/wordpress\/wp-content\/uploads\/2022\/10\/3a0d6261-7aa1-47f5-927f-fa71805edbbf.jpg 1080w\" sizes=\"auto, (max-width: 150px) 100vw, 150px\" \/><\/a>\n\t\t\t\t<\/dt><\/dl><dl class='gallery-item'>\n\t\t\t\t<dt class='gallery-icon landscape'>\n\t\t\t\t\t<a class=\"rollover rollover-zoom dt-pswp-item\" title=\"068c587b-b95f-4069-803a-662c584467ec\" data-dt-img-description=\"\" data-large_image_width=\"1080\" data-large_image_height=\"1080\"href='https:\/\/www.radiopiu.net\/wordpress\/wp-content\/uploads\/2022\/10\/068c587b-b95f-4069-803a-662c584467ec.jpg'><img loading=\"lazy\" decoding=\"async\" width=\"150\" height=\"150\" src=\"https:\/\/www.radiopiu.net\/wordpress\/wp-content\/uploads\/2022\/10\/068c587b-b95f-4069-803a-662c584467ec-150x150.jpg\" class=\"attachment-thumbnail size-thumbnail\" alt=\"\" srcset=\"https:\/\/www.radiopiu.net\/wordpress\/wp-content\/uploads\/2022\/10\/068c587b-b95f-4069-803a-662c584467ec-150x150.jpg 150w, https:\/\/www.radiopiu.net\/wordpress\/wp-content\/uploads\/2022\/10\/068c587b-b95f-4069-803a-662c584467ec-300x300.jpg 300w, https:\/\/www.radiopiu.net\/wordpress\/wp-content\/uploads\/2022\/10\/068c587b-b95f-4069-803a-662c584467ec-1024x1024.jpg 1024w, https:\/\/www.radiopiu.net\/wordpress\/wp-content\/uploads\/2022\/10\/068c587b-b95f-4069-803a-662c584467ec-768x768.jpg 768w, https:\/\/www.radiopiu.net\/wordpress\/wp-content\/uploads\/2022\/10\/068c587b-b95f-4069-803a-662c584467ec.jpg 1080w\" sizes=\"auto, (max-width: 150px) 100vw, 150px\" \/><\/a>\n\t\t\t\t<\/dt><\/dl><dl class='gallery-item'>\n\t\t\t\t<dt class='gallery-icon landscape'>\n\t\t\t\t\t<a class=\"rollover rollover-zoom dt-pswp-item\" title=\"66937047-abb3-4037-96db-525412a73eee\" data-dt-img-description=\"\" data-large_image_width=\"1080\" data-large_image_height=\"1080\"href='https:\/\/www.radiopiu.net\/wordpress\/wp-content\/uploads\/2022\/10\/66937047-abb3-4037-96db-525412a73eee.jpg'><img loading=\"lazy\" decoding=\"async\" width=\"150\" height=\"150\" src=\"https:\/\/www.radiopiu.net\/wordpress\/wp-content\/uploads\/2022\/10\/66937047-abb3-4037-96db-525412a73eee-150x150.jpg\" class=\"attachment-thumbnail size-thumbnail\" alt=\"\" srcset=\"https:\/\/www.radiopiu.net\/wordpress\/wp-content\/uploads\/2022\/10\/66937047-abb3-4037-96db-525412a73eee-150x150.jpg 150w, https:\/\/www.radiopiu.net\/wordpress\/wp-content\/uploads\/2022\/10\/66937047-abb3-4037-96db-525412a73eee-300x300.jpg 300w, https:\/\/www.radiopiu.net\/wordpress\/wp-content\/uploads\/2022\/10\/66937047-abb3-4037-96db-525412a73eee-1024x1024.jpg 1024w, https:\/\/www.radiopiu.net\/wordpress\/wp-content\/uploads\/2022\/10\/66937047-abb3-4037-96db-525412a73eee-768x768.jpg 768w, https:\/\/www.radiopiu.net\/wordpress\/wp-content\/uploads\/2022\/10\/66937047-abb3-4037-96db-525412a73eee.jpg 1080w\" sizes=\"auto, (max-width: 150px) 100vw, 150px\" \/><\/a>\n\t\t\t\t<\/dt><\/dl><br style=\"clear: both\" \/>\n\t\t\t<\/div>\n\n<hr \/>\n<p>&nbsp;<\/p>\n<p>&nbsp;<\/p>\n<blockquote>\n<h3>CASERME DEI VIGILI DEL FUOCO APERTE AL PUBBLICO. LA VISITA ALLA CASERMA DEL COMANDO PROVINCIALE DI BELLUNO<\/h3>\n<\/blockquote>\n<p>&nbsp;<\/p>\n<p><strong>BELLUNO<\/strong> Una giornata per scoprire il lavoro dei Vigili Del Fuoco. Un giorno con le caserme aperte al pubblico per scoprire i segreti dei pompieri, persone sempre pronte ad intervenire per qualsiasi evenienza. Grazie ad Annalisa Dal Mas entriamo nella caserma del Comando Provinciale di Belluno per scoprire i mezzi e la sede del capoluogo di provincia.<\/p>\n<p><strong>LE FOTO DI ANNALISA DAL MAS<\/strong><\/p>\n\n\t\t\t<style type='text\/css'>\n\t\t\t\t#gallery-9 {\n\t\t\t\t\tmargin: auto;\n\t\t\t\t}\n\t\t\t\t#gallery-9 .gallery-item {\n\t\t\t\t\tfloat: left;\n\t\t\t\t\tmargin-top: 10px;\n\t\t\t\t\ttext-align: center;\n\t\t\t\t\twidth: 12%;\n\t\t\t\t}\n\t\t\t\t#gallery-9 img {\n\t\t\t\t\tborder: 2px solid #cfcfcf;\n\t\t\t\t}\n\t\t\t\t#gallery-9 .gallery-caption {\n\t\t\t\t\tmargin-left: 0;\n\t\t\t\t}\n\t\t\t\t\/* see gallery_shortcode() in wp-includes\/media.php *\/\n\t\t\t<\/style>\n\t\t<div id='gallery-9' class='dt-gallery-container gallery galleryid-301665 gallery-columns-8 gallery-size-thumbnail'><dl class='gallery-item'>\n\t\t\t\t<dt class='gallery-icon portrait'>\n\t\t\t\t\t<a class=\"rollover rollover-zoom dt-pswp-item\" title=\"ADM_7974\" data-dt-img-description=\"\" data-large_image_width=\"1704\" data-large_image_height=\"2560\"href='https:\/\/www.radiopiu.net\/wordpress\/wp-content\/uploads\/2022\/10\/ADM_7974-scaled.jpg'><img loading=\"lazy\" decoding=\"async\" width=\"150\" height=\"150\" src=\"https:\/\/www.radiopiu.net\/wordpress\/wp-content\/uploads\/2022\/10\/ADM_7974-150x150.jpg\" class=\"attachment-thumbnail size-thumbnail\" alt=\"\" \/><\/a>\n\t\t\t\t<\/dt><\/dl><dl class='gallery-item'>\n\t\t\t\t<dt class='gallery-icon landscape'>\n\t\t\t\t\t<a class=\"rollover rollover-zoom dt-pswp-item\" title=\"ADM_7975\" data-dt-img-description=\"\" data-large_image_width=\"2560\" data-large_image_height=\"1704\"href='https:\/\/www.radiopiu.net\/wordpress\/wp-content\/uploads\/2022\/10\/ADM_7975-scaled.jpg'><img loading=\"lazy\" decoding=\"async\" width=\"150\" height=\"150\" src=\"https:\/\/www.radiopiu.net\/wordpress\/wp-content\/uploads\/2022\/10\/ADM_7975-150x150.jpg\" class=\"attachment-thumbnail size-thumbnail\" alt=\"\" \/><\/a>\n\t\t\t\t<\/dt><\/dl><dl class='gallery-item'>\n\t\t\t\t<dt class='gallery-icon landscape'>\n\t\t\t\t\t<a class=\"rollover rollover-zoom dt-pswp-item\" title=\"ADM_7976\" data-dt-img-description=\"\" data-large_image_width=\"2560\" data-large_image_height=\"1704\"href='https:\/\/www.radiopiu.net\/wordpress\/wp-content\/uploads\/2022\/10\/ADM_7976-scaled.jpg'><img loading=\"lazy\" decoding=\"async\" width=\"150\" height=\"150\" src=\"https:\/\/www.radiopiu.net\/wordpress\/wp-content\/uploads\/2022\/10\/ADM_7976-150x150.jpg\" class=\"attachment-thumbnail size-thumbnail\" alt=\"\" \/><\/a>\n\t\t\t\t<\/dt><\/dl><dl class='gallery-item'>\n\t\t\t\t<dt class='gallery-icon landscape'>\n\t\t\t\t\t<a class=\"rollover rollover-zoom dt-pswp-item\" title=\"ADM_7977\" data-dt-img-description=\"\" data-large_image_width=\"2560\" data-large_image_height=\"1704\"href='https:\/\/www.radiopiu.net\/wordpress\/wp-content\/uploads\/2022\/10\/ADM_7977-scaled.jpg'><img loading=\"lazy\" decoding=\"async\" width=\"150\" height=\"150\" src=\"https:\/\/www.radiopiu.net\/wordpress\/wp-content\/uploads\/2022\/10\/ADM_7977-150x150.jpg\" class=\"attachment-thumbnail size-thumbnail\" alt=\"\" \/><\/a>\n\t\t\t\t<\/dt><\/dl><dl class='gallery-item'>\n\t\t\t\t<dt class='gallery-icon landscape'>\n\t\t\t\t\t<a class=\"rollover rollover-zoom dt-pswp-item\" title=\"ADM_7978\" data-dt-img-description=\"\" data-large_image_width=\"1775\" data-large_image_height=\"1663\"href='https:\/\/www.radiopiu.net\/wordpress\/wp-content\/uploads\/2022\/10\/ADM_7978.jpg'><img loading=\"lazy\" decoding=\"async\" width=\"150\" height=\"150\" src=\"https:\/\/www.radiopiu.net\/wordpress\/wp-content\/uploads\/2022\/10\/ADM_7978-150x150.jpg\" class=\"attachment-thumbnail size-thumbnail\" alt=\"\" \/><\/a>\n\t\t\t\t<\/dt><\/dl><dl class='gallery-item'>\n\t\t\t\t<dt class='gallery-icon landscape'>\n\t\t\t\t\t<a class=\"rollover rollover-zoom dt-pswp-item\" title=\"ADM_7979\" data-dt-img-description=\"\" data-large_image_width=\"2560\" data-large_image_height=\"1704\"href='https:\/\/www.radiopiu.net\/wordpress\/wp-content\/uploads\/2022\/10\/ADM_7979-scaled.jpg'><img loading=\"lazy\" decoding=\"async\" width=\"150\" height=\"150\" src=\"https:\/\/www.radiopiu.net\/wordpress\/wp-content\/uploads\/2022\/10\/ADM_7979-150x150.jpg\" class=\"attachment-thumbnail size-thumbnail\" alt=\"\" \/><\/a>\n\t\t\t\t<\/dt><\/dl><dl class='gallery-item'>\n\t\t\t\t<dt class='gallery-icon landscape'>\n\t\t\t\t\t<a class=\"rollover rollover-zoom dt-pswp-item\" title=\"ADM_7982\" data-dt-img-description=\"\" data-large_image_width=\"2560\" data-large_image_height=\"1704\"href='https:\/\/www.radiopiu.net\/wordpress\/wp-content\/uploads\/2022\/10\/ADM_7982-scaled.jpg'><img loading=\"lazy\" decoding=\"async\" width=\"150\" height=\"150\" src=\"https:\/\/www.radiopiu.net\/wordpress\/wp-content\/uploads\/2022\/10\/ADM_7982-150x150.jpg\" class=\"attachment-thumbnail size-thumbnail\" alt=\"\" \/><\/a>\n\t\t\t\t<\/dt><\/dl><dl class='gallery-item'>\n\t\t\t\t<dt class='gallery-icon landscape'>\n\t\t\t\t\t<a class=\"rollover rollover-zoom dt-pswp-item\" title=\"ADM_7986\" data-dt-img-description=\"\" data-large_image_width=\"2560\" data-large_image_height=\"1704\"href='https:\/\/www.radiopiu.net\/wordpress\/wp-content\/uploads\/2022\/10\/ADM_7986-scaled.jpg'><img loading=\"lazy\" decoding=\"async\" width=\"150\" height=\"150\" src=\"https:\/\/www.radiopiu.net\/wordpress\/wp-content\/uploads\/2022\/10\/ADM_7986-150x150.jpg\" class=\"attachment-thumbnail size-thumbnail\" alt=\"\" \/><\/a>\n\t\t\t\t<\/dt><\/dl><br style=\"clear: both\" \/><dl class='gallery-item'>\n\t\t\t\t<dt class='gallery-icon landscape'>\n\t\t\t\t\t<a class=\"rollover rollover-zoom dt-pswp-item\" title=\"ADM_7988\" data-dt-img-description=\"\" data-large_image_width=\"2560\" data-large_image_height=\"1704\"href='https:\/\/www.radiopiu.net\/wordpress\/wp-content\/uploads\/2022\/10\/ADM_7988-scaled.jpg'><img loading=\"lazy\" decoding=\"async\" width=\"150\" height=\"150\" src=\"https:\/\/www.radiopiu.net\/wordpress\/wp-content\/uploads\/2022\/10\/ADM_7988-150x150.jpg\" class=\"attachment-thumbnail size-thumbnail\" alt=\"\" \/><\/a>\n\t\t\t\t<\/dt><\/dl><dl class='gallery-item'>\n\t\t\t\t<dt class='gallery-icon landscape'>\n\t\t\t\t\t<a class=\"rollover rollover-zoom dt-pswp-item\" title=\"ADM_7989\" data-dt-img-description=\"\" data-large_image_width=\"2560\" data-large_image_height=\"1967\"href='https:\/\/www.radiopiu.net\/wordpress\/wp-content\/uploads\/2022\/10\/ADM_7989-scaled.jpg'><img loading=\"lazy\" decoding=\"async\" width=\"150\" height=\"150\" src=\"https:\/\/www.radiopiu.net\/wordpress\/wp-content\/uploads\/2022\/10\/ADM_7989-150x150.jpg\" class=\"attachment-thumbnail size-thumbnail\" alt=\"\" \/><\/a>\n\t\t\t\t<\/dt><\/dl><dl class='gallery-item'>\n\t\t\t\t<dt class='gallery-icon landscape'>\n\t\t\t\t\t<a class=\"rollover rollover-zoom dt-pswp-item\" title=\"ADM_7990\" data-dt-img-description=\"\" data-large_image_width=\"2560\" data-large_image_height=\"1704\"href='https:\/\/www.radiopiu.net\/wordpress\/wp-content\/uploads\/2022\/10\/ADM_7990-scaled.jpg'><img loading=\"lazy\" decoding=\"async\" width=\"150\" height=\"150\" src=\"https:\/\/www.radiopiu.net\/wordpress\/wp-content\/uploads\/2022\/10\/ADM_7990-150x150.jpg\" class=\"attachment-thumbnail size-thumbnail\" alt=\"\" \/><\/a>\n\t\t\t\t<\/dt><\/dl><dl class='gallery-item'>\n\t\t\t\t<dt class='gallery-icon landscape'>\n\t\t\t\t\t<a class=\"rollover rollover-zoom dt-pswp-item\" title=\"ADM_7997\" data-dt-img-description=\"\" data-large_image_width=\"2560\" data-large_image_height=\"1704\"href='https:\/\/www.radiopiu.net\/wordpress\/wp-content\/uploads\/2022\/10\/ADM_7997-scaled.jpg'><img loading=\"lazy\" decoding=\"async\" width=\"150\" height=\"150\" src=\"https:\/\/www.radiopiu.net\/wordpress\/wp-content\/uploads\/2022\/10\/ADM_7997-150x150.jpg\" class=\"attachment-thumbnail size-thumbnail\" alt=\"\" \/><\/a>\n\t\t\t\t<\/dt><\/dl><dl class='gallery-item'>\n\t\t\t\t<dt class='gallery-icon landscape'>\n\t\t\t\t\t<a class=\"rollover rollover-zoom dt-pswp-item\" title=\"ADM_8000\" data-dt-img-description=\"\" data-large_image_width=\"2560\" data-large_image_height=\"1704\"href='https:\/\/www.radiopiu.net\/wordpress\/wp-content\/uploads\/2022\/10\/ADM_8000-scaled.jpg'><img loading=\"lazy\" decoding=\"async\" width=\"150\" height=\"150\" src=\"https:\/\/www.radiopiu.net\/wordpress\/wp-content\/uploads\/2022\/10\/ADM_8000-150x150.jpg\" class=\"attachment-thumbnail size-thumbnail\" alt=\"\" \/><\/a>\n\t\t\t\t<\/dt><\/dl><dl class='gallery-item'>\n\t\t\t\t<dt class='gallery-icon portrait'>\n\t\t\t\t\t<a class=\"rollover rollover-zoom dt-pswp-item\" title=\"ADM_8004\" data-dt-img-description=\"\" data-large_image_width=\"1704\" data-large_image_height=\"2560\"href='https:\/\/www.radiopiu.net\/wordpress\/wp-content\/uploads\/2022\/10\/ADM_8004-scaled.jpg'><img loading=\"lazy\" decoding=\"async\" width=\"150\" height=\"150\" src=\"https:\/\/www.radiopiu.net\/wordpress\/wp-content\/uploads\/2022\/10\/ADM_8004-150x150.jpg\" class=\"attachment-thumbnail size-thumbnail\" alt=\"\" \/><\/a>\n\t\t\t\t<\/dt><\/dl><dl class='gallery-item'>\n\t\t\t\t<dt class='gallery-icon landscape'>\n\t\t\t\t\t<a class=\"rollover rollover-zoom dt-pswp-item\" title=\"ADM_8006\" data-dt-img-description=\"\" data-large_image_width=\"2560\" data-large_image_height=\"1704\"href='https:\/\/www.radiopiu.net\/wordpress\/wp-content\/uploads\/2022\/10\/ADM_8006-scaled.jpg'><img loading=\"lazy\" decoding=\"async\" width=\"150\" height=\"150\" src=\"https:\/\/www.radiopiu.net\/wordpress\/wp-content\/uploads\/2022\/10\/ADM_8006-150x150.jpg\" class=\"attachment-thumbnail size-thumbnail\" alt=\"\" \/><\/a>\n\t\t\t\t<\/dt><\/dl><dl class='gallery-item'>\n\t\t\t\t<dt class='gallery-icon landscape'>\n\t\t\t\t\t<a class=\"rollover rollover-zoom dt-pswp-item\" title=\"ADM_8008\" data-dt-img-description=\"\" data-large_image_width=\"2560\" data-large_image_height=\"1704\"href='https:\/\/www.radiopiu.net\/wordpress\/wp-content\/uploads\/2022\/10\/ADM_8008-scaled.jpg'><img loading=\"lazy\" decoding=\"async\" width=\"150\" height=\"150\" src=\"https:\/\/www.radiopiu.net\/wordpress\/wp-content\/uploads\/2022\/10\/ADM_8008-150x150.jpg\" class=\"attachment-thumbnail size-thumbnail\" alt=\"\" \/><\/a>\n\t\t\t\t<\/dt><\/dl><br style=\"clear: both\" \/><dl class='gallery-item'>\n\t\t\t\t<dt class='gallery-icon landscape'>\n\t\t\t\t\t<a class=\"rollover rollover-zoom dt-pswp-item\" title=\"ADM_8010\" data-dt-img-description=\"\" data-large_image_width=\"2560\" data-large_image_height=\"1704\"href='https:\/\/www.radiopiu.net\/wordpress\/wp-content\/uploads\/2022\/10\/ADM_8010-scaled.jpg'><img loading=\"lazy\" decoding=\"async\" width=\"150\" height=\"150\" src=\"https:\/\/www.radiopiu.net\/wordpress\/wp-content\/uploads\/2022\/10\/ADM_8010-150x150.jpg\" class=\"attachment-thumbnail size-thumbnail\" alt=\"\" \/><\/a>\n\t\t\t\t<\/dt><\/dl><dl class='gallery-item'>\n\t\t\t\t<dt class='gallery-icon landscape'>\n\t\t\t\t\t<a class=\"rollover rollover-zoom dt-pswp-item\" title=\"ADM_8011\" data-dt-img-description=\"\" data-large_image_width=\"2560\" data-large_image_height=\"1704\"href='https:\/\/www.radiopiu.net\/wordpress\/wp-content\/uploads\/2022\/10\/ADM_8011-scaled.jpg'><img loading=\"lazy\" decoding=\"async\" width=\"150\" height=\"150\" src=\"https:\/\/www.radiopiu.net\/wordpress\/wp-content\/uploads\/2022\/10\/ADM_8011-150x150.jpg\" class=\"attachment-thumbnail size-thumbnail\" alt=\"\" \/><\/a>\n\t\t\t\t<\/dt><\/dl><dl class='gallery-item'>\n\t\t\t\t<dt class='gallery-icon landscape'>\n\t\t\t\t\t<a class=\"rollover rollover-zoom dt-pswp-item\" title=\"ADM_8012\" data-dt-img-description=\"\" data-large_image_width=\"2560\" data-large_image_height=\"1704\"href='https:\/\/www.radiopiu.net\/wordpress\/wp-content\/uploads\/2022\/10\/ADM_8012-scaled.jpg'><img loading=\"lazy\" decoding=\"async\" width=\"150\" height=\"150\" src=\"https:\/\/www.radiopiu.net\/wordpress\/wp-content\/uploads\/2022\/10\/ADM_8012-150x150.jpg\" class=\"attachment-thumbnail size-thumbnail\" alt=\"\" \/><\/a>\n\t\t\t\t<\/dt><\/dl><dl class='gallery-item'>\n\t\t\t\t<dt class='gallery-icon landscape'>\n\t\t\t\t\t<a class=\"rollover rollover-zoom dt-pswp-item\" title=\"ADM_8015\" data-dt-img-description=\"\" data-large_image_width=\"2560\" data-large_image_height=\"1704\"href='https:\/\/www.radiopiu.net\/wordpress\/wp-content\/uploads\/2022\/10\/ADM_8015-scaled.jpg'><img loading=\"lazy\" decoding=\"async\" width=\"150\" height=\"150\" src=\"https:\/\/www.radiopiu.net\/wordpress\/wp-content\/uploads\/2022\/10\/ADM_8015-150x150.jpg\" class=\"attachment-thumbnail size-thumbnail\" alt=\"\" \/><\/a>\n\t\t\t\t<\/dt><\/dl><dl class='gallery-item'>\n\t\t\t\t<dt class='gallery-icon landscape'>\n\t\t\t\t\t<a class=\"rollover rollover-zoom dt-pswp-item\" title=\"ADM_8021\" data-dt-img-description=\"\" data-large_image_width=\"2560\" data-large_image_height=\"1704\"href='https:\/\/www.radiopiu.net\/wordpress\/wp-content\/uploads\/2022\/10\/ADM_8021-scaled.jpg'><img loading=\"lazy\" decoding=\"async\" width=\"150\" height=\"150\" src=\"https:\/\/www.radiopiu.net\/wordpress\/wp-content\/uploads\/2022\/10\/ADM_8021-150x150.jpg\" class=\"attachment-thumbnail size-thumbnail\" alt=\"\" \/><\/a>\n\t\t\t\t<\/dt><\/dl><dl class='gallery-item'>\n\t\t\t\t<dt class='gallery-icon landscape'>\n\t\t\t\t\t<a class=\"rollover rollover-zoom dt-pswp-item\" title=\"ADM_8023\" data-dt-img-description=\"\" data-large_image_width=\"2560\" data-large_image_height=\"1704\"href='https:\/\/www.radiopiu.net\/wordpress\/wp-content\/uploads\/2022\/10\/ADM_8023-scaled.jpg'><img loading=\"lazy\" decoding=\"async\" width=\"150\" height=\"150\" src=\"https:\/\/www.radiopiu.net\/wordpress\/wp-content\/uploads\/2022\/10\/ADM_8023-150x150.jpg\" class=\"attachment-thumbnail size-thumbnail\" alt=\"\" \/><\/a>\n\t\t\t\t<\/dt><\/dl><dl class='gallery-item'>\n\t\t\t\t<dt class='gallery-icon portrait'>\n\t\t\t\t\t<a class=\"rollover rollover-zoom dt-pswp-item\" title=\"ADM_8024\" data-dt-img-description=\"\" data-large_image_width=\"1704\" data-large_image_height=\"2560\"href='https:\/\/www.radiopiu.net\/wordpress\/wp-content\/uploads\/2022\/10\/ADM_8024-scaled.jpg'><img loading=\"lazy\" decoding=\"async\" width=\"150\" height=\"150\" src=\"https:\/\/www.radiopiu.net\/wordpress\/wp-content\/uploads\/2022\/10\/ADM_8024-150x150.jpg\" class=\"attachment-thumbnail size-thumbnail\" alt=\"\" \/><\/a>\n\t\t\t\t<\/dt><\/dl><dl class='gallery-item'>\n\t\t\t\t<dt class='gallery-icon landscape'>\n\t\t\t\t\t<a class=\"rollover rollover-zoom dt-pswp-item\" title=\"ADM_8029\" data-dt-img-description=\"\" data-large_image_width=\"2560\" data-large_image_height=\"1704\"href='https:\/\/www.radiopiu.net\/wordpress\/wp-content\/uploads\/2022\/10\/ADM_8029-scaled.jpg'><img loading=\"lazy\" decoding=\"async\" width=\"150\" height=\"150\" src=\"https:\/\/www.radiopiu.net\/wordpress\/wp-content\/uploads\/2022\/10\/ADM_8029-150x150.jpg\" class=\"attachment-thumbnail size-thumbnail\" alt=\"\" \/><\/a>\n\t\t\t\t<\/dt><\/dl><br style=\"clear: both\" \/><dl class='gallery-item'>\n\t\t\t\t<dt class='gallery-icon landscape'>\n\t\t\t\t\t<a class=\"rollover rollover-zoom dt-pswp-item\" title=\"ADM_8031\" data-dt-img-description=\"\" data-large_image_width=\"2560\" data-large_image_height=\"1704\"href='https:\/\/www.radiopiu.net\/wordpress\/wp-content\/uploads\/2022\/10\/ADM_8031-scaled.jpg'><img loading=\"lazy\" decoding=\"async\" width=\"150\" height=\"150\" src=\"https:\/\/www.radiopiu.net\/wordpress\/wp-content\/uploads\/2022\/10\/ADM_8031-150x150.jpg\" class=\"attachment-thumbnail size-thumbnail\" alt=\"\" \/><\/a>\n\t\t\t\t<\/dt><\/dl><dl class='gallery-item'>\n\t\t\t\t<dt class='gallery-icon landscape'>\n\t\t\t\t\t<a class=\"rollover rollover-zoom dt-pswp-item\" title=\"ADM_8032\" data-dt-img-description=\"\" data-large_image_width=\"2560\" data-large_image_height=\"1704\"href='https:\/\/www.radiopiu.net\/wordpress\/wp-content\/uploads\/2022\/10\/ADM_8032-scaled.jpg'><img loading=\"lazy\" decoding=\"async\" width=\"150\" height=\"150\" src=\"https:\/\/www.radiopiu.net\/wordpress\/wp-content\/uploads\/2022\/10\/ADM_8032-150x150.jpg\" class=\"attachment-thumbnail size-thumbnail\" alt=\"\" \/><\/a>\n\t\t\t\t<\/dt><\/dl><dl class='gallery-item'>\n\t\t\t\t<dt class='gallery-icon landscape'>\n\t\t\t\t\t<a class=\"rollover rollover-zoom dt-pswp-item\" title=\"ADM_8033\" data-dt-img-description=\"\" data-large_image_width=\"2560\" data-large_image_height=\"1704\"href='https:\/\/www.radiopiu.net\/wordpress\/wp-content\/uploads\/2022\/10\/ADM_8033-scaled.jpg'><img loading=\"lazy\" decoding=\"async\" width=\"150\" height=\"150\" src=\"https:\/\/www.radiopiu.net\/wordpress\/wp-content\/uploads\/2022\/10\/ADM_8033-150x150.jpg\" class=\"attachment-thumbnail size-thumbnail\" alt=\"\" \/><\/a>\n\t\t\t\t<\/dt><\/dl><dl class='gallery-item'>\n\t\t\t\t<dt class='gallery-icon portrait'>\n\t\t\t\t\t<a class=\"rollover rollover-zoom dt-pswp-item\" title=\"ADM_8034\" data-dt-img-description=\"\" data-large_image_width=\"1704\" data-large_image_height=\"2560\"href='https:\/\/www.radiopiu.net\/wordpress\/wp-content\/uploads\/2022\/10\/ADM_8034-scaled.jpg'><img loading=\"lazy\" decoding=\"async\" width=\"150\" height=\"150\" src=\"https:\/\/www.radiopiu.net\/wordpress\/wp-content\/uploads\/2022\/10\/ADM_8034-150x150.jpg\" class=\"attachment-thumbnail size-thumbnail\" alt=\"\" \/><\/a>\n\t\t\t\t<\/dt><\/dl><dl class='gallery-item'>\n\t\t\t\t<dt class='gallery-icon landscape'>\n\t\t\t\t\t<a class=\"rollover rollover-zoom dt-pswp-item\" title=\"ADM_8036\" data-dt-img-description=\"\" data-large_image_width=\"2560\" data-large_image_height=\"1704\"href='https:\/\/www.radiopiu.net\/wordpress\/wp-content\/uploads\/2022\/10\/ADM_8036-scaled.jpg'><img loading=\"lazy\" decoding=\"async\" width=\"150\" height=\"150\" src=\"https:\/\/www.radiopiu.net\/wordpress\/wp-content\/uploads\/2022\/10\/ADM_8036-150x150.jpg\" class=\"attachment-thumbnail size-thumbnail\" alt=\"\" \/><\/a>\n\t\t\t\t<\/dt><\/dl><dl class='gallery-item'>\n\t\t\t\t<dt class='gallery-icon portrait'>\n\t\t\t\t\t<a class=\"rollover rollover-zoom dt-pswp-item\" title=\"ADM_8038\" data-dt-img-description=\"\" data-large_image_width=\"1704\" data-large_image_height=\"2560\"href='https:\/\/www.radiopiu.net\/wordpress\/wp-content\/uploads\/2022\/10\/ADM_8038-scaled.jpg'><img loading=\"lazy\" decoding=\"async\" width=\"150\" height=\"150\" src=\"https:\/\/www.radiopiu.net\/wordpress\/wp-content\/uploads\/2022\/10\/ADM_8038-150x150.jpg\" class=\"attachment-thumbnail size-thumbnail\" alt=\"\" \/><\/a>\n\t\t\t\t<\/dt><\/dl><dl class='gallery-item'>\n\t\t\t\t<dt class='gallery-icon landscape'>\n\t\t\t\t\t<a class=\"rollover rollover-zoom dt-pswp-item\" title=\"ADM_8040\" data-dt-img-description=\"\" data-large_image_width=\"2560\" data-large_image_height=\"1704\"href='https:\/\/www.radiopiu.net\/wordpress\/wp-content\/uploads\/2022\/10\/ADM_8040-scaled.jpg'><img loading=\"lazy\" decoding=\"async\" width=\"150\" height=\"150\" src=\"https:\/\/www.radiopiu.net\/wordpress\/wp-content\/uploads\/2022\/10\/ADM_8040-150x150.jpg\" class=\"attachment-thumbnail size-thumbnail\" alt=\"\" \/><\/a>\n\t\t\t\t<\/dt><\/dl><dl class='gallery-item'>\n\t\t\t\t<dt class='gallery-icon landscape'>\n\t\t\t\t\t<a class=\"rollover rollover-zoom dt-pswp-item\" title=\"ADM_8042\" data-dt-img-description=\"\" data-large_image_width=\"2560\" data-large_image_height=\"1704\"href='https:\/\/www.radiopiu.net\/wordpress\/wp-content\/uploads\/2022\/10\/ADM_8042-scaled.jpg'><img loading=\"lazy\" decoding=\"async\" width=\"150\" height=\"150\" src=\"https:\/\/www.radiopiu.net\/wordpress\/wp-content\/uploads\/2022\/10\/ADM_8042-150x150.jpg\" class=\"attachment-thumbnail size-thumbnail\" alt=\"\" \/><\/a>\n\t\t\t\t<\/dt><\/dl><br style=\"clear: both\" \/>\n\t\t\t<\/div>\n\n<p>&nbsp;<\/p>\n<p>&nbsp;<\/p>\n<p>&nbsp;<\/p>\n<hr \/>\n<p>&nbsp;<\/p>\n<blockquote>\n<h3>IL TRENTADUESIMO COMPLEANNO DELL&#8217;INTER CLUB AGORDINO &#8220;GIACINTO FACCHETTI&#8221;<\/h3>\n<p>Grazie a Fabio Paganin<\/p><\/blockquote>\n<p><strong><a class=\"dt-pswp-item\" href=\"https:\/\/www.radiopiu.net\/wordpress\/wp-content\/uploads\/2022\/10\/inter-club-agordino.jpg\" data-dt-img-description=\"\" data-large_image_width=\"1080\" data-large_image_height=\"1080\"><img loading=\"lazy\" decoding=\"async\" class=\" wp-image-301756 alignleft\" src=\"https:\/\/www.radiopiu.net\/wordpress\/wp-content\/uploads\/2022\/10\/inter-club-agordino-300x300.jpg\" alt=\"\" width=\"158\" height=\"158\" srcset=\"https:\/\/www.radiopiu.net\/wordpress\/wp-content\/uploads\/2022\/10\/inter-club-agordino-300x300.jpg 300w, https:\/\/www.radiopiu.net\/wordpress\/wp-content\/uploads\/2022\/10\/inter-club-agordino-1024x1024.jpg 1024w, https:\/\/www.radiopiu.net\/wordpress\/wp-content\/uploads\/2022\/10\/inter-club-agordino-150x150.jpg 150w, https:\/\/www.radiopiu.net\/wordpress\/wp-content\/uploads\/2022\/10\/inter-club-agordino-768x768.jpg 768w, https:\/\/www.radiopiu.net\/wordpress\/wp-content\/uploads\/2022\/10\/inter-club-agordino.jpg 1080w\" sizes=\"auto, (max-width: 158px) 100vw, 158px\" \/><\/a>AGORDO<\/strong> Ieri l&#8217;anniversario della fondazione dell&#8217;Inter Club Agordino &#8220;Giacinto Facchetti&#8221;. L&#8217; Inter Club Agordino nasce il 15 ottobre 1990 a Feltre presso lo studio notarile del dott. Malvagna, per volont\u00e0 dei soci fondatori: Claudio Paganin, Paolo Sibillon, Moreno Chenet, Flavio Da Ronch e Marco Paganin. La denominazione dell\u2019associazione fu Inter Club Agordino \u201cGiacinto Facchetti\u201d con sede ad Agordo, via Toccol 67 (Bar Carlin), affiliata al Centro Coordinamento degli Inter Club. Il primo consiglio direttivo, durato in carica 4 anni, \u00a0fu composto dai 5 soci fondatori con il primo presidente Paganin Marco. Gli altri presidenti che si susseguirono, nel corso del tempo, furono nell\u2019ordine: Flavio Da Ronch (anni \u201890), Claudio Paganin (anni \u201990 &#8211; 2000), Mirko Avoscan (anni 2000 \u2013 2010), Paolo Dalle Zotte (anni 2000 \u2013 2010), Claudio Paganin (anni 2010 &#8211; 2017), Mauro Tibolla (anni 2017 &#8211; 2019). Oggi l\u2019Inter Club Agordino continua la sua attivit\u00e0, sotto la guida del presidente Andrea Fa\u00e8, con lo stesso entusiasmo e passione di un tempo, nel ricordo del grande Giacinto Facchetti, del quale, non a caso, l&#8217;Inter Club Agordino porta il nome.<\/p>\n<p>&nbsp;<\/p>\n<p>&nbsp;<\/p>\n<hr \/>\n<p>&nbsp;<\/p>\n<blockquote>\n<h3 class=\"entry-title\">VENETO: NEL 2021 PERSI 1000 ARTIGIANI E ALTRETTANTI COMMERCIANTI<\/h3>\n<\/blockquote>\n<p class=\"photoswipe-wrapper\"><a class=\"dt-pswp-item pspw-wrap-ready\" href=\"https:\/\/www.radiopiu.net\/wordpress\/wp-content\/uploads\/2022\/10\/Schermata-2022-10-15-alle-09.49.50.png\" data-dt-img-description=\"\" data-large_image_width=\"1140\" data-large_image_height=\"996\"><img loading=\"lazy\" decoding=\"async\" class=\"alignleft size-medium wp-image-301654\" src=\"https:\/\/www.radiopiu.net\/wordpress\/wp-content\/uploads\/2022\/10\/Schermata-2022-10-15-alle-09.49.50-300x262.png\" sizes=\"auto, (max-width: 300px) 100vw, 300px\" srcset=\"https:\/\/www.radiopiu.net\/wordpress\/wp-content\/uploads\/2022\/10\/Schermata-2022-10-15-alle-09.49.50-300x262.png 300w, https:\/\/www.radiopiu.net\/wordpress\/wp-content\/uploads\/2022\/10\/Schermata-2022-10-15-alle-09.49.50-1024x895.png 1024w, https:\/\/www.radiopiu.net\/wordpress\/wp-content\/uploads\/2022\/10\/Schermata-2022-10-15-alle-09.49.50-768x671.png 768w, https:\/\/www.radiopiu.net\/wordpress\/wp-content\/uploads\/2022\/10\/Schermata-2022-10-15-alle-09.49.50.png 1140w\" alt=\"\" width=\"300\" height=\"262\" \/><\/a>La situazione rimane difficile e le previsioni non promettono nulla di buono. Gli effetti provocati dall\u2019emergenza sanitaria e dal rincaro delle bollette sono stati pesantissimi. Dal confronto tra la media riferita al 2021 e quella del 2020, in Veneto le due categorie pi\u00f9 importanti che caratterizzano il mondo del lavoro autonomo, vale a dire gli artigiani e i commercianti con una posizione aperta presso l\u2019Inps, sono diminuite complessivamente di 2.126 unit\u00e0, di cui 1.014 commercianti (-0,61%) e 1.112 artigiani (-0,70%). Una lenta agonia che dura da anni e sta impoverendo sempre pi\u00f9 i centri storici e le periferie di paesi e citt\u00e0, che vedono aumentare a dismisura il numero delle botteghe e dei negozi sfitti. Complessivamente, comunque, in Veneto \u2013 tra titolari, soci e collaboratori familiari \u2013 rimangono attivi 156.670 artigiani e 164.768 commercianti. A segnalarlo \u00e8 l\u2019Ufficio studi della CGIA.<\/p>\n<p><strong>Situazione pi\u00f9 critica a Belluno, Rovigo e Venezia<\/strong><br \/>\n<strong>Tra le province venete, la situazione pi\u00f9 critica in termini percentuali si \u00e8 verificata in provincia di Belluno: tra il 2021 e il 2020 abbiamo registrato il -1,92% di commercianti (in valore assoluto -131)<\/strong>\u00a0e il -1,43% di artigiani (-89). Male anche Rovigo: -1,44% di artigiani (-107), -0,89% di negozianti (-66). Anche la provincia di Venezia ha subito una decisa contrazione: -0,88% di commercianti (-283) e -0,95% di artigiani (-227). Sempre caratterizzati dal segno negativo, anche gli score delle province di Padova, Vicenza Verona e Treviso.<\/p>\n<p><strong>Colpiti i pi\u00f9 fragili e gli indifesi<\/strong><br \/>\nQuesti dati dimostrano inequivocabilmente che il deterioramento del quadro economico causato dal Covid in questi ultimi due anni e mezzo ha colpito i lavoratori pi\u00f9 fragili, quelli senza alcuna tutela, quelli privi di alcun ammortizzatore sociale; vale a dire la parte pi\u00f9 debole del nostro mercato del lavoro. Ovvero, gli artigiani, i piccoli commercianti e in generale le partite Iva, tanti giovani liberi professionisti che a fronte dei ripetuti lockdown e della conseguente caduta dei consumi interni sono stati costretti a gettare definitivamente la spugna.<\/p>\n<p><strong>I rincari delle bollette peggioreranno le cose<\/strong><br \/>\nL\u2019aumento esponenziale dei prezzi, il caro carburante e quello delle bollette potrebbero peggiorare ulteriormente la situazione economica di tantissime famiglie, soprattutto quelle composte da autonomi. Nel ricordare che anche in Veneto il 70 per cento circa degli artigiani e dei commercianti lavora da solo, ovvero non ha n\u00e9 dipendenti n\u00e9 collaboratori familiari, moltissimi stanno pagando due volte lo straordinario aumento registrato in questi ultimi 10 mesi dalle bollette di luce e gas. La prima come utenti domestici e la seconda come micro imprenditori per riscaldare\/raffrescare e illuminare le proprie botteghe e negozi. E nonostante le misure di mitigazione introdotte in questi ultimi mesi dal Governo Draghi, i costi energetici sono esplosi, raggiungendo livelli mai visti prima.<\/p>\n<p><strong>Soffre anche la grande distribuzione<\/strong><br \/>\nLa chiusura di tantissime piccole attivit\u00e0 economiche \u00e8 riscontrabile anche a occhio nudo; basta girare a piedi per accorgersi che sono sempre pi\u00f9 numerosi i negozi e le botteghe con le saracinesche abbassate 24 ore su 24. Un fenomeno che sta interessando sia i centri storici sia le periferie delle nostre citt\u00e0, gettando nell\u2019abbandono interi isolati, provocando un senso di vuoto e un pericoloso peggioramento della qualit\u00e0 della vita per chi abita in queste realt\u00e0. Meno visibile, ma altrettanto preoccupante, sono le chiusure che hanno interessato anche i liberi professionisti, gli avvocati, i commercialisti e i consulenti che svolgevano la propria attivit\u00e0 in uffici\/studi ubicati all\u2019interno di un condominio. Insomma, le citt\u00e0 stanno cambiando volto: con meno negozi e uffici sono meno frequentate, pi\u00f9 insicure e con livelli di degrado in aumento. La moria di attivit\u00e0 sta colpendo anche coloro che storicamente sono sempre stati in concorrenza con i negozi di vicinato; vale a dire i centri commerciali. Anche la Grande Distribuzione Organizzata (GDO) \u00e8 in grosse difficolt\u00e0 e non sono poche le aree commerciali al chiuso che anche in Veneto presentano intere sezioni dell\u2019immobile precluse al pubblico, perch\u00e9 le attivit\u00e0 presenti precedentemente hanno abbassato definitivamente le saracinesche.<\/p>\n<p>&nbsp;<\/p>\n<p>&nbsp;<\/p>\n<hr \/>\n<p>&nbsp;<\/p>\n<blockquote>\n<h3>IL COMUNE DI FELTRE APRE UN BANDO PER IL SOSTEGNO AGLI AFFITTI<\/h3>\n<\/blockquote>\n<p><strong>FELTRE <\/strong>A seguito di delibera regionale, \u00e8 stato pubblicato il Bando relativo all&#8217;anno 2022 per il sostegno all\u2019accesso alle abitazioni in locazione. Le domande potranno essere recapitate\u00a0 fino alle 11.30 del 7 novembre. Per informazioni \u00e8 possibile chiamare i servizi sociali comunali gestiti da Azienda Feltrina per i Servizi alla Persona tel. 0439 885982.<\/p>\n<p>&nbsp;<\/p>\n<p>&nbsp;<\/p>\n<hr \/>\n<p>&nbsp;<\/p>\n<blockquote>\n<h3>NEL RICORDO DI LORIS TORMEN<\/h3>\n<\/blockquote>\n<div dir=\"auto\"><strong>BELLUNO<\/strong> Ieri\u00a0 all&#8217;interno della rassegna culturale Oltre le vette \u00e8 stato ricordato Loris Tormen a dieci anni dalla scomparsa. Musica e parole per\u00a0 ricordare una persona che tanto ha fatto per la cultura nella provincia.<\/div>\n<div dir=\"auto\"><\/div>\n<p>foto Carmela Primerano<\/p>\n<p><a class=\"dt-pswp-item\" href=\"https:\/\/www.radiopiu.net\/wordpress\/wp-content\/uploads\/2022\/10\/e35dda3b-8f13-4c04-875b-16599df111f5.jpg\" data-dt-img-description=\"\" data-large_image_width=\"1599\" data-large_image_height=\"899\"><img loading=\"lazy\" decoding=\"async\" class=\"alignnone wp-image-301892 size-full\" src=\"https:\/\/www.radiopiu.net\/wordpress\/wp-content\/uploads\/2022\/10\/e35dda3b-8f13-4c04-875b-16599df111f5.jpg\" alt=\"\" width=\"1599\" height=\"899\" srcset=\"https:\/\/www.radiopiu.net\/wordpress\/wp-content\/uploads\/2022\/10\/e35dda3b-8f13-4c04-875b-16599df111f5.jpg 1599w, https:\/\/www.radiopiu.net\/wordpress\/wp-content\/uploads\/2022\/10\/e35dda3b-8f13-4c04-875b-16599df111f5-300x169.jpg 300w, https:\/\/www.radiopiu.net\/wordpress\/wp-content\/uploads\/2022\/10\/e35dda3b-8f13-4c04-875b-16599df111f5-1024x576.jpg 1024w, https:\/\/www.radiopiu.net\/wordpress\/wp-content\/uploads\/2022\/10\/e35dda3b-8f13-4c04-875b-16599df111f5-768x432.jpg 768w, https:\/\/www.radiopiu.net\/wordpress\/wp-content\/uploads\/2022\/10\/e35dda3b-8f13-4c04-875b-16599df111f5-1536x864.jpg 1536w\" sizes=\"auto, (max-width: 1599px) 100vw, 1599px\" \/><\/a><\/p>\n<hr \/>\n<p>&nbsp;<\/p>\n<blockquote>\n<h3>ANCHE L&#8217;ALPAGO SI TINGE DI ROSA<\/h3>\n<\/blockquote>\n<p><strong>ALPAGO\u00a0<\/strong> Ottobre si tinge di rosa, in tutto il mondo, anche a Belluno, anche in Alpago. Il rosa per sensibilizzare le donne sull&#8217;importanza della prevenzione nella lotta al tumore al seno. Il Comune d&#8217;Alpago e la Biblioteca di Pieve con la Consulta frazionale di Quers d&#8217;Alpago hanno proposto un concerto d&#8217;arpe. Un complesso al femminile con Giada Dal Cin, Alice Populin Redivo e Lucia Antoni che ieri hanno proposto brani di Bach, Donizetti, Verdi, Bizet e altri.<\/p>\n\n\t\t\t<style type='text\/css'>\n\t\t\t\t#gallery-10 {\n\t\t\t\t\tmargin: auto;\n\t\t\t\t}\n\t\t\t\t#gallery-10 .gallery-item {\n\t\t\t\t\tfloat: left;\n\t\t\t\t\tmargin-top: 10px;\n\t\t\t\t\ttext-align: center;\n\t\t\t\t\twidth: 25%;\n\t\t\t\t}\n\t\t\t\t#gallery-10 img {\n\t\t\t\t\tborder: 2px solid #cfcfcf;\n\t\t\t\t}\n\t\t\t\t#gallery-10 .gallery-caption {\n\t\t\t\t\tmargin-left: 0;\n\t\t\t\t}\n\t\t\t\t\/* see gallery_shortcode() in wp-includes\/media.php *\/\n\t\t\t<\/style>\n\t\t<div id='gallery-10' class='dt-gallery-container gallery galleryid-301665 gallery-columns-4 gallery-size-thumbnail'><dl class='gallery-item'>\n\t\t\t\t<dt class='gallery-icon portrait'>\n\t\t\t\t\t<a class=\"rollover rollover-zoom dt-pswp-item\" title=\"2c4ee388-fa75-4152-9d04-b9656501d341\" data-dt-img-description=\"\" data-large_image_width=\"768\" data-large_image_height=\"1024\"href='https:\/\/www.radiopiu.net\/wordpress\/wp-content\/uploads\/2022\/10\/2c4ee388-fa75-4152-9d04-b9656501d341.jpg'><img loading=\"lazy\" decoding=\"async\" width=\"150\" height=\"150\" src=\"https:\/\/www.radiopiu.net\/wordpress\/wp-content\/uploads\/2022\/10\/2c4ee388-fa75-4152-9d04-b9656501d341-150x150.jpg\" class=\"attachment-thumbnail size-thumbnail\" alt=\"\" \/><\/a>\n\t\t\t\t<\/dt><\/dl><dl class='gallery-item'>\n\t\t\t\t<dt class='gallery-icon landscape'>\n\t\t\t\t\t<a class=\"rollover rollover-zoom dt-pswp-item\" title=\"5c20f289-582a-4ea8-b611-a59393943314\" data-dt-img-description=\"\" data-large_image_width=\"1024\" data-large_image_height=\"768\"href='https:\/\/www.radiopiu.net\/wordpress\/wp-content\/uploads\/2022\/10\/5c20f289-582a-4ea8-b611-a59393943314.jpg'><img loading=\"lazy\" decoding=\"async\" width=\"150\" height=\"150\" src=\"https:\/\/www.radiopiu.net\/wordpress\/wp-content\/uploads\/2022\/10\/5c20f289-582a-4ea8-b611-a59393943314-150x150.jpg\" class=\"attachment-thumbnail size-thumbnail\" alt=\"\" \/><\/a>\n\t\t\t\t<\/dt><\/dl><dl class='gallery-item'>\n\t\t\t\t<dt class='gallery-icon portrait'>\n\t\t\t\t\t<a class=\"rollover rollover-zoom dt-pswp-item\" title=\"bbe84ff6-a35e-4a9a-80be-e0b8af1bea83\" data-dt-img-description=\"\" data-large_image_width=\"768\" data-large_image_height=\"1024\"href='https:\/\/www.radiopiu.net\/wordpress\/wp-content\/uploads\/2022\/10\/bbe84ff6-a35e-4a9a-80be-e0b8af1bea83.jpg'><img loading=\"lazy\" decoding=\"async\" width=\"150\" height=\"150\" src=\"https:\/\/www.radiopiu.net\/wordpress\/wp-content\/uploads\/2022\/10\/bbe84ff6-a35e-4a9a-80be-e0b8af1bea83-150x150.jpg\" class=\"attachment-thumbnail size-thumbnail\" alt=\"\" \/><\/a>\n\t\t\t\t<\/dt><\/dl><dl class='gallery-item'>\n\t\t\t\t<dt class='gallery-icon portrait'>\n\t\t\t\t\t<a class=\"rollover rollover-zoom dt-pswp-item\" title=\"e8481bfd-47c9-4ee0-9c02-f4690cf91b09\" data-dt-img-description=\"\" data-large_image_width=\"1200\" data-large_image_height=\"1600\"href='https:\/\/www.radiopiu.net\/wordpress\/wp-content\/uploads\/2022\/10\/e8481bfd-47c9-4ee0-9c02-f4690cf91b09.jpg'><img loading=\"lazy\" decoding=\"async\" width=\"150\" height=\"150\" src=\"https:\/\/www.radiopiu.net\/wordpress\/wp-content\/uploads\/2022\/10\/e8481bfd-47c9-4ee0-9c02-f4690cf91b09-150x150.jpg\" class=\"attachment-thumbnail size-thumbnail\" alt=\"\" \/><\/a>\n\t\t\t\t<\/dt><\/dl><br style=\"clear: both\" \/>\n\t\t\t<\/div>\n\n<p>foto Carmela Primerano<\/p>\n<p>&nbsp;<\/p>\n<hr \/>\n<p>&nbsp;<\/p>\n<div class=\"page-title-head hgroup\">\n<blockquote>\n<h3 class=\"entry-title\">IL SECONDO APPUNTAMENTO CON PIG&amp;MENTI \u2013 LA DIRETTA<\/h3>\n<\/blockquote>\n<\/div>\n<div class=\"page-title-breadcrumbs\"><\/div>\n<p><strong>AGORDO<\/strong> Dalla sala Don Tamis di Agordo, seconda delle tre conferenze sulla storia del colore con Renzo Barbazza di pig&amp;menti<\/p>\n<p><strong>LA DIRETTA RADIO PIU&#8217;<\/strong><\/p>\n<p>https:\/\/www.facebook.com\/marco.baghy.1\/videos\/645942733637576<\/p>\n<p>&nbsp;<\/p>\n<p>&nbsp;<\/p>\n<hr \/>\n<p>&nbsp;<\/p>\n<div class=\"m8h3af8h l7ghb35v kjdc1dyq kmwttqpk gh25dzvf n3t5jt4f\">\n<div dir=\"auto\">\n<p><span style=\"color: #ff0000;\"><strong>AIUTI FINALIZZATI ALL&#8217;ACQUISTO DI GENERI ALIMENTARI<\/strong><\/span><\/p>\n<\/div>\n<\/div>\n<p><strong><a class=\"dt-pswp-item\" href=\"https:\/\/www.radiopiu.net\/wordpress\/wp-content\/uploads\/2022\/02\/DolomitiCert-Scarpa-Alleghe-Febbraio-2022-Incontro-Comune-scuole-scultori-1-scaled.jpg\" data-dt-img-description=\"\" data-large_image_width=\"2560\" data-large_image_height=\"1706\"><img loading=\"lazy\" decoding=\"async\" class=\" wp-image-260782 alignleft\" src=\"https:\/\/www.radiopiu.net\/wordpress\/wp-content\/uploads\/2022\/02\/DolomitiCert-Scarpa-Alleghe-Febbraio-2022-Incontro-Comune-scuole-scultori-1-300x200.jpg\" alt=\"\" width=\"227\" height=\"151\" srcset=\"https:\/\/www.radiopiu.net\/wordpress\/wp-content\/uploads\/2022\/02\/DolomitiCert-Scarpa-Alleghe-Febbraio-2022-Incontro-Comune-scuole-scultori-1-300x200.jpg 300w, https:\/\/www.radiopiu.net\/wordpress\/wp-content\/uploads\/2022\/02\/DolomitiCert-Scarpa-Alleghe-Febbraio-2022-Incontro-Comune-scuole-scultori-1-1024x683.jpg 1024w, https:\/\/www.radiopiu.net\/wordpress\/wp-content\/uploads\/2022\/02\/DolomitiCert-Scarpa-Alleghe-Febbraio-2022-Incontro-Comune-scuole-scultori-1-768x512.jpg 768w, https:\/\/www.radiopiu.net\/wordpress\/wp-content\/uploads\/2022\/02\/DolomitiCert-Scarpa-Alleghe-Febbraio-2022-Incontro-Comune-scuole-scultori-1-1536x1024.jpg 1536w, https:\/\/www.radiopiu.net\/wordpress\/wp-content\/uploads\/2022\/02\/DolomitiCert-Scarpa-Alleghe-Febbraio-2022-Incontro-Comune-scuole-scultori-1-2048x1365.jpg 2048w\" sizes=\"auto, (max-width: 227px) 100vw, 227px\" \/><\/a>ALLEGHE<\/strong> Le persone e le famiglie residenti nel Comune di Alleghe che, a causa degli effetti economici derivanti dall\u2019emergenza epidemiologica dovuta alla diffusione del virus Covid-19, si trovino in uno stato di bisogno per soddisfare le necessit\u00e0 pi\u00f9 urgenti ed essenziali, possono chiedere che vengano loro riconosciuti i BUONI SPESA per l\u2019acquisto di GENERI ALIMENTARI O PRODOTTI DI PRIMA NECESSIT\u00c0 IMPORTO DEL BUONO SPESA: l\u2019entit\u00e0 dell\u2019importo verr\u00e0 definito con successivo apposito provvedimento, partendo da un importo minimo di Euro 50,00, sulla base del numero dei componenti il nucleo familiare e in considerazione delle necessit\u00e0 dichiarate dal richiedente. Le richieste, redatte sull\u2019apposito modulo dovranno pervenire al Comune di Alleghe mediante invio di posta elettronica. Solo via residuale la domanda potr\u00e0 essere presentata telefonicamente, chiamando il numero 0437 523300 dal luned\u00ec al venerd\u00ec dalle 8 alle 10<\/p>\n<p>&nbsp;<\/p>\n<p>&nbsp;<\/p>\n<hr \/>\n<p>&nbsp;<\/p>\n<blockquote>\n<h3>VIVERE L&#8217;AGORDINO: DALLA CARTA STAMPATA ALLA SALA DON TAMIS<\/h3>\n<\/blockquote>\n<p>VIVERE L&#8217;AGORDINO&#8230; DALLE PAGINE DEL CORRIERE DELLE ALPI ALLA SALA DON TAMIS DI VIA 27 APRILE AD AGORDO. MERCOLEDI 26 OTTOBRE ALLE 20.30 UNA SERATA CON I VOLTI PROTAGONISTI DELLA RUBRICA GIORNALISTICA, CON GIANNI SANTOMASO ED ERICA ANDRICH CURATORI DELLA RUBRICA.\u00a0 INTERVERRANNO FABRIZIO BRANCOLI DIRETTORE CORRIERE DELLE ALPI. LUCA TRAINI VICE DIRETTORE MIRKO MEZZACASA DIRETTORE RADIOPIU PAOLO FRENA PRESIDENTE UNIONE MONTANA AGORDINA MERCOLEDI 26 OTTOBRE, 20.30 SALA DON TAMIS, DIRETTA SULLE FREQUENZE E CANALI SOCIAL DI RADIOPIU CON IL PATROCINIO DELL&#8217;UNIONE MONTANA AGORDINA<\/p>\n<p>&nbsp;<\/p>\n<a href=\"https:\/\/www.radiopiu.net\/wordpress\/wp-content\/uploads\/2022\/10\/Manifesto_ViverelAgordino.pdf\" class=\"pdfemb-viewer\" style=\"\" data-width=\"max\" data-height=\"max\" data-toolbar=\"top\" data-toolbar-fixed=\"on\">Manifesto_Viverel&#039;Agordino<\/a>\n<p>&nbsp;<\/p>\n<hr \/>\n<p>&nbsp;<\/p>\n<blockquote>\n<h3>RICONOSCIMENTI ALLA SQUADRA DI CALCIO GIOVANILE DEL GRUPPO SPORTIVO TAIBON<\/h3>\n<\/blockquote>\n<p><strong>TAIBON<\/strong> Anche quest&#8217;anno i giovani del paese hanno vinto il campionato agordino di calcio giovanile. Sabato 22 ottobre alle 18 in sala San Rocco (ex Municipio) il Gruppo Sportivo ha organizzato una cerimonia per festeggiare lo splendido successo con la consegna dei riconoscimenti e i discorsi ufficiali. Un invito a firma del Presidente del GS TAIBON Antimo Savaris e dell&#8217;assessore allo sport Fernando Soccol.<\/p>\n<p>&nbsp;<\/p>\n<p>&nbsp;<\/p>\n<hr \/>\n<p>&nbsp;<\/p>\n<blockquote>\n<h3>DOPPIO APPUNTAMENTO CON LA FONDAZIONE ANGELINI<\/h3>\n<\/blockquote>\n<p><strong>BELLUNO <\/strong>La Fondazione G. Angelini- Centro Studi sulla Montagna e il Parco Nazionale Dolomiti Bellunesi presenteranno, in occasione della rassegna culturale Oltre le Vette, il progetto dedicato alla valorizzazione dell\u2019archivio Piero Rossi. L\u2019appuntamento \u00e8 per domani alle 11.00 presso il Palazzo Bembo. Alle 17.00, presso la sala Eliseo Dal Pont \u201cBianchi\u201d, un altro evento di presentazione a cura della Fondazione G. Angelini- Centro Studi Sulla Montagna e della SAT- Societ\u00e0 degli alpinisti Tridentini con il sostegno della Fondazione CARITRO: Uomini e Montagne, un sito web con le biografie di alpinisti e alpiniste protagonisti degli archivi storici delle due istituzioni culturali.<\/p>\n<p>&nbsp;<\/p>\n<hr \/>\n<p>&nbsp;<\/p>\n<blockquote>\n<h3><a class=\"dt-pswp-item\" href=\"https:\/\/www.radiopiu.net\/wordpress\/wp-content\/uploads\/2022\/10\/Filippo_Gamba.jpg\" data-dt-img-description=\"\" data-large_image_width=\"751\" data-large_image_height=\"500\"><img loading=\"lazy\" decoding=\"async\" class=\" wp-image-301552 alignleft\" src=\"https:\/\/www.radiopiu.net\/wordpress\/wp-content\/uploads\/2022\/10\/Filippo_Gamba-300x200.jpg\" alt=\"\" width=\"168\" height=\"112\" srcset=\"https:\/\/www.radiopiu.net\/wordpress\/wp-content\/uploads\/2022\/10\/Filippo_Gamba-300x200.jpg 300w, https:\/\/www.radiopiu.net\/wordpress\/wp-content\/uploads\/2022\/10\/Filippo_Gamba.jpg 751w\" sizes=\"auto, (max-width: 168px) 100vw, 168px\" \/><\/a>FILIPPO GAMBA E IL SUO PIANOFORTE A BELLUNO<\/h3>\n<\/blockquote>\n<p><strong>BELLUNO <\/strong>Torna a Belluno il pianista Filippo Gamba e prosegue l&#8217;esecuzione dell&#8217;imponente ciclo integrale delle Sonate per pianoforte di Ludwig van Beethoven, giunta al sesto concerto bellunese. Per ascoltarlo, appuntamento al Teatro Giovanni XXIII di Belluno, domani alle 20:30. \u00c8 gradita la prenotazione, scrivendo all&#8217;indirizzo: segreteriabelcircolo@gmail.com Pagamento biglietto all\u2019ingresso del concerto.<\/p>\n<p>&nbsp;<\/p>\n<p>&nbsp;<\/p>\n<hr \/>\n<p>&nbsp;<\/p>\n<blockquote>\n<h3>AL TEATRO COMUNALE CON FEDERICO BUFFA<\/h3>\n<\/blockquote>\n<p><strong><a class=\"dt-pswp-item\" href=\"https:\/\/www.radiopiu.net\/wordpress\/wp-content\/uploads\/2022\/10\/IMG_7800.png\" data-dt-img-description=\"\" data-large_image_width=\"2048\" data-large_image_height=\"1536\"><img loading=\"lazy\" decoding=\"async\" class=\" wp-image-301313 alignleft\" src=\"https:\/\/www.radiopiu.net\/wordpress\/wp-content\/uploads\/2022\/10\/IMG_7800-300x225.png\" alt=\"\" width=\"168\" height=\"126\" srcset=\"https:\/\/www.radiopiu.net\/wordpress\/wp-content\/uploads\/2022\/10\/IMG_7800-300x225.png 300w, https:\/\/www.radiopiu.net\/wordpress\/wp-content\/uploads\/2022\/10\/IMG_7800-1024x768.png 1024w, https:\/\/www.radiopiu.net\/wordpress\/wp-content\/uploads\/2022\/10\/IMG_7800-768x576.png 768w, https:\/\/www.radiopiu.net\/wordpress\/wp-content\/uploads\/2022\/10\/IMG_7800-1536x1152.png 1536w, https:\/\/www.radiopiu.net\/wordpress\/wp-content\/uploads\/2022\/10\/IMG_7800.png 2048w\" sizes=\"auto, (max-width: 168px) 100vw, 168px\" \/><\/a>BELLUNO <\/strong>Fondazione Cariverona taglia il traguardo dei suoi primi 30 anni di storia con un ciclo di appuntamenti per ripercorrere insieme ci\u00f2 che \u00e8 stato fatto nell\u2019ultimo triennio e, soprattutto, per guardare al futuro.\u00a0 L\u2019appuntamento per Belluno \u00e8 al Teatro Comunale, per domani alle 18, dove con il contributo di speaker di respiro nazionale ed internazionale.<\/p>\n<p>&nbsp;<\/p>\n<p>&nbsp;<\/p>\n<hr \/>\n<p>&nbsp;<\/p>\n<blockquote>\n<h3>CORSI DI COMPUTER PER TUTTE LE ETA&#8217;<\/h3>\n<\/blockquote>\n<p><strong>FALCADE<\/strong> Marted\u00ec 25 ottobre alle 20:30 presso la sala consigliare del comune di Falcade verr\u00e0 presentato il nuovo programma dal titolo &#8220;Tecnologia Amica&#8221;, un corso di computer e nuove tecnologie aperto a tutte le et\u00e0 con Arturo Panciera, formatore tecnologico. L&#8217;obbiettivo \u00e8 quello di far conoscere le competenze sull&#8217;utilizzo dei PC, tablet e smartphone e spiegarne l&#8217;uso consapevole. La partecipazione alla serata \u00e8 a ingresso libero.<\/p>\n<p>&nbsp;<\/p>\n<p>&nbsp;<\/p>\n<hr \/>\n<p>&nbsp;<\/p>\n<blockquote>\n<h3>LA TERRA BELLUNESE NEL MONDO CON DINO BUZZATI<\/h3>\n<\/blockquote>\n<p><strong><a class=\"dt-pswp-item\" href=\"https:\/\/www.radiopiu.net\/wordpress\/wp-content\/uploads\/2022\/10\/Schermata-2022-10-14-alle-11.07.39.png\" data-dt-img-description=\"\" data-large_image_width=\"1344\" data-large_image_height=\"882\"><img loading=\"lazy\" decoding=\"async\" class=\" wp-image-301554 alignleft\" src=\"https:\/\/www.radiopiu.net\/wordpress\/wp-content\/uploads\/2022\/10\/Schermata-2022-10-14-alle-11.07.39-300x197.png\" alt=\"\" width=\"139\" height=\"91\" srcset=\"https:\/\/www.radiopiu.net\/wordpress\/wp-content\/uploads\/2022\/10\/Schermata-2022-10-14-alle-11.07.39-300x197.png 300w, https:\/\/www.radiopiu.net\/wordpress\/wp-content\/uploads\/2022\/10\/Schermata-2022-10-14-alle-11.07.39-1024x672.png 1024w, https:\/\/www.radiopiu.net\/wordpress\/wp-content\/uploads\/2022\/10\/Schermata-2022-10-14-alle-11.07.39-768x504.png 768w, https:\/\/www.radiopiu.net\/wordpress\/wp-content\/uploads\/2022\/10\/Schermata-2022-10-14-alle-11.07.39.png 1344w\" sizes=\"auto, (max-width: 139px) 100vw, 139px\" \/><\/a>BELLUNO<\/strong> Conferenza con l\u2019Abm, a cura di Patrizia Dalla Rosa, responsabile della Ricerca del Centro Studi Buzzati, l\u2019incontro approfondir\u00e0 la traduzione e ricezione all\u2019estero dei lavori dello scrittore,\u00a0 sabato 22 ottobre alle 20.30 alla sala \u201cBianchi\u201d di Belluno .<\/p>\n<p>&nbsp;<\/p>\n<hr \/>\n<p>&nbsp;<\/p>\n<blockquote>\n<h3>LA MESSA IN SUFFRAGIO DEI CADUTI DELLA MONTAGNA<\/h3>\n<\/blockquote>\n<p><strong><a class=\"dt-pswp-item\" href=\"https:\/\/www.radiopiu.net\/wordpress\/wp-content\/uploads\/2018\/02\/CHIESA-AGORDO.jpg\" data-dt-img-description=\"\" data-large_image_width=\"250\" data-large_image_height=\"324\"><img loading=\"lazy\" decoding=\"async\" class=\" wp-image-43008 alignleft\" src=\"https:\/\/www.radiopiu.net\/wordpress\/wp-content\/uploads\/2018\/02\/CHIESA-AGORDO-231x300.jpg\" alt=\"\" width=\"122\" height=\"158\" srcset=\"https:\/\/www.radiopiu.net\/wordpress\/wp-content\/uploads\/2018\/02\/CHIESA-AGORDO-231x300.jpg 231w, https:\/\/www.radiopiu.net\/wordpress\/wp-content\/uploads\/2018\/02\/CHIESA-AGORDO.jpg 250w\" sizes=\"auto, (max-width: 122px) 100vw, 122px\" \/><\/a>AGORDO<\/strong> Si rinnova anche quest\u2019anno l\u2019appuntamento di fine ottobre con la Santa Messa in suffragio dei Caduti della Montagna, celebrata nella chiesa arcidiaconale di Agordo da mons. Cesare Larese e accompagnata dai canti del \u201cCoro Agordo\u201d. L&#8217;appuntamento \u00e8 per domenica 30 ottobre alle 18. Una sentita cerimonia, voluta dal Coro Agordo, che riunisce ormai da 47 anni l\u2019intero Agordino con le vallate limitrofe e tanta altra gente &#8211; alpinisti e non &#8211; dalla provincia e da fuori nel ricordo degli Amici agordini caduti in montagna e di coloro che hanno perso la vita sulle montagne agordine. L\u2019iniziativa avviene come sempre in collaborazione con la Sezione Agordina del CAI, la Parrocchia di S. Maria Nascente, i Gruppi Rocciatori \u201cGIR\u201d di Agordo e \u201cVal Bio\u0301is\u201d, le Stazioni agordine del Corpo Nazionale Soccorso Alpino e il Gruppo Alpini Agordo-Rivamonte-Taibon. Anche quest&#8217;anno la Santa Messa verra\u0300 trasmessa, non solo in diretta radio FM, ma anche in diretta video. Potra\u0300, infatti, essere seguita in streaming sul sito internet radiopiu.net oppure sulle pagine facebook: Radiopiu\u0300, o Radio Piu\u0300 Emittente Agordina, o Sei di Agordo se.<\/p>\n<a href=\"https:\/\/www.radiopiu.net\/wordpress\/wp-content\/uploads\/2022\/10\/Invito-2022.pdf\" class=\"pdfemb-viewer\" style=\"\" data-width=\"max\" data-height=\"max\" data-toolbar=\"top\" data-toolbar-fixed=\"on\">Invito 2022<\/a>\n<p>&nbsp;<\/p>\n<p>&nbsp;<\/p>\n<hr \/>\n<p>&nbsp;<\/p>\n<blockquote>\n<h3><a class=\"dt-pswp-item\" href=\"https:\/\/www.radiopiu.net\/wordpress\/wp-content\/uploads\/2022\/10\/aaa.jpg\" data-dt-img-description=\"\" data-large_image_width=\"200\" data-large_image_height=\"211\"><img loading=\"lazy\" decoding=\"async\" class=\" wp-image-301595 alignleft\" src=\"https:\/\/www.radiopiu.net\/wordpress\/wp-content\/uploads\/2022\/10\/aaa.jpg\" alt=\"\" width=\"101\" height=\"107\" \/><\/a>MARGRANDO, IL LIBRO DI FRANCESCA GALLO<\/h3>\n<\/blockquote>\n<p><strong>CANALE D&#8217;AGORDO\u00a0<\/strong> Giovedi 27 ottobre alle 20.45 in sala ex emigrant Francesca Gallo presenta il <span id=\"page3R_mcid13\" class=\"markedContent\"><span dir=\"ltr\" role=\"presentation\">libro il racconto del viaggio di ricerca fra gli emigrati italiani in Belgio e Canada. Francesca, s<\/span><\/span><span id=\"page3R_mcid15\" class=\"markedContent\"><span dir=\"ltr\" role=\"presentation\">on un registratore in tasca, e spesso con la fisarmonica in spalla, <\/span><span dir=\"ltr\" role=\"presentation\">si sedeva a parlare con gli anziani.<\/span><\/span><span id=\"page3R_mcid16\" class=\"markedContent\"><span dir=\"ltr\" role=\"presentation\">In ogni famiglia le veniva raccontato di qualcuno che era emigrato, <\/span><span dir=\"ltr\" role=\"presentation\">cos\u00ec decise di andarli a cercare e di portare a casa le loro storie<\/span><\/span><\/p>\n<p>&nbsp;<\/p>\n<hr \/>\n<p>&nbsp;<\/p>\n<blockquote>\n<h3>IL RICORDO DELLA MOSTRA SU DINO BUZZATI DEL 1986<\/h3>\n<\/blockquote>\n<p><strong><a class=\"dt-pswp-item\" href=\"https:\/\/www.radiopiu.net\/wordpress\/wp-content\/uploads\/2022\/10\/1986-Mostra-Buzzati-al-Nof-Filo\u0300-Spadolini-in-visita-accanto-la-moglie-di-Buzzati-Almerina-Antoniazzi-Foto-Ivo-Chenet.jpg\" data-dt-img-description=\"\" data-large_image_width=\"1025\" data-large_image_height=\"828\"><img loading=\"lazy\" decoding=\"async\" class=\" wp-image-301872 alignleft\" src=\"https:\/\/www.radiopiu.net\/wordpress\/wp-content\/uploads\/2022\/10\/1986-Mostra-Buzzati-al-Nof-Filo\u0300-Spadolini-in-visita-accanto-la-moglie-di-Buzzati-Almerina-Antoniazzi-Foto-Ivo-Chenet-300x242.jpg\" alt=\"\" width=\"174\" height=\"140\" srcset=\"https:\/\/www.radiopiu.net\/wordpress\/wp-content\/uploads\/2022\/10\/1986-Mostra-Buzzati-al-Nof-Filo\u0300-Spadolini-in-visita-accanto-la-moglie-di-Buzzati-Almerina-Antoniazzi-Foto-Ivo-Chenet-300x242.jpg 300w, https:\/\/www.radiopiu.net\/wordpress\/wp-content\/uploads\/2022\/10\/1986-Mostra-Buzzati-al-Nof-Filo\u0300-Spadolini-in-visita-accanto-la-moglie-di-Buzzati-Almerina-Antoniazzi-Foto-Ivo-Chenet-768x620.jpg 768w, https:\/\/www.radiopiu.net\/wordpress\/wp-content\/uploads\/2022\/10\/1986-Mostra-Buzzati-al-Nof-Filo\u0300-Spadolini-in-visita-accanto-la-moglie-di-Buzzati-Almerina-Antoniazzi-Foto-Ivo-Chenet.jpg 1025w\" sizes=\"auto, (max-width: 174px) 100vw, 174px\" \/><\/a>di Luisa Manfroi<\/strong><\/p>\n<p><strong>CENCENIGHE<\/strong> Nell\u2019ottobre 1906 nasceva Dino Buzzati,\u00a0 giornalista, scrittore, pittore bellunese di cui quest\u2019anno ricorrono i cinquant\u2019anni dalla sua morte. Il suo nome \u00e8 legato a Milano e al \u201cCorriere della Sera\u201d dove lavor\u00f2 per tanti anni come cronista e redattore ma pure alla montagna che amava profondamente. Ne \u00e8 la prova il dipinto \u201cPiazza del Duomo di Milano\u201d dove \u00a0l\u2019edificio \u00e8 rappresentato come un monte dolomitico pieno di guglie e pinnacoli con alla base un prato verde. Il mezzo secolo\u00a0 dalla sua scomparsa non \u00e8 passato inosservato come del resto l\u2019anniversario della sua nascita quando, in occasione dei suoi ottant\u2019anni e a quattordici anni dalla scomparsa, a Cencenighe fu organizzata una delle mostre sicuramente pi\u00f9 interessanti e di richiamo dal punto di vista culturale in tutta la quarantennale storia del Centro turistico culturale Nof Fil\u00f2. In quell\u2019occasione la Comunit\u00e0 Montana Agordina, allora presieduta da Floriano Pra, e il Comune di Cencenighe resero omaggio al Buzzati-artista con un\u2019antologica che ne presentava i dipinti, i disegni e i documenti. \u201cDino Buzzati \u2013 Vita &amp; Colori\u201d era il titolo della rassegna inaugurata nel pomeriggio di sabato 28 giugno 1986 dall\u2019allora Ministro della difesa, il senatore Giovanni Spadolini atterrato in elicottero sul piazzale di Veronetta dove ora sorge la caserma dei Carabinieri. Ad attenderlo il sindaco Benito Orzes, Floriano Pra e Rolly Marchi, curatore della mostra e altre autorit\u00e0. La scelta di invitarlo non fu casuale poich\u00e9 Spadolini era stato direttore del \u201cCorriere della Sera\u201d e collega di lavoro\u00a0 di Buzzati. Durante la cerimonia di inaugurazione che si tenne all\u2019esterno, il senatore fiorentino ebbe parole commosse di ricordo mettendo in risalto il fatto che l\u2019amico voleva essere definito uno scrittore mentre dipingeva e un pittore mentre scriveva ma giornalista sempre. In quella circostanza furono presenti anche la vedova di Buzzati, Almerina Antoniazzi\u00a0 e Maria Pia Fanfani, moglie del leader della Democrazia Cristiana, Amintore Fanfani. Rimasta aperta fino a met\u00e0 settembre, l\u2019antologica propose centotrenta dipinti, disegni, acquerelli, note, lettere manoscritte oltre ai libri da lui scritti, da \u201cB\u00e0rnabo delle montagne\u201d primo romanzo pubblicato nel 1933 fino all\u2019ultimo \u201cLe notti difficili\u201d, antologia di racconti data alle stampe nel settembre 1971, pochi mesi prima della sua morte. A corredo un voluminoso catalogo curato da Rolly Marchi pubblicato in collaborazione con Barilla, nota multinazionale del settore alimentare, introdotto da Indro Montanelli e contenente la biografia e le foto delle opere esposte al Nof Fil\u00f2.\u00a0 Il volume di apriva con uno stralcio scritto da Buzzati per il \u201cCorriere\u201d all\u2019indomani dell\u2019arrivo dell\u2019uomo sulla Luna, nel luglio 1969. \u201cEro un ragazzo quando ad Alleghe mi indicarono la parete del Civetta, selva di argentee canne d\u2019organo alta pi\u00f9 di un chilometro (\u2026) e mi dissero che lass\u00f9 una cordata di alpinisti stava salendo. Mi sentii miserabile, ebbi la sensazione che quelli fossero superuomini. Lo stesso moto d\u2019animo, moltiplicato per cento, ho avuto l\u2019altra sera guardando il tenero spicchio di luna crescente\u2026\u201d L\u2019antologica seguiva quella \u201cstorica\u201d, in termini di presenze, dell\u2019estate 1984 incentrata su Antonio Ligabue. Quella dell\u2019estate 1986 ebbe il pregio di far conoscere da vicino una figura molto nota e di spessore nel panorama letterario e artistico come Dino Buzzati.<\/p>\n<p>&nbsp;<\/p>\n<p>&nbsp;<\/p>\n<hr \/>\n<p>&nbsp;<\/p>\n<blockquote>\n<h3>QUESTA SERA (INIZIO ALLE 19) NEL SANTUARIO MARIANO DEL NEVEGAL UNA VEGLIA MISSIONARIA DI PREGHIERA<\/h3>\n<\/blockquote>\n<p><strong>di Renato Bona<\/strong><\/p>\n<p>Il 6 gennaio scorso, giorno dell\u2019Epifania del Signore, da San Giovanni in Laterano Papa Francesco rivolto ai fedeli esordiva citando la frase \u201cDi me sarete testimoni\u201d; sono parole che \u201cappartengono all\u2019ultimo colloquio di Ges\u00f9 risorto con i suoi discepoli, prima di ascendere al Cielo\u201d, e come descritto negli Atti degli Apostoli\u201d aggiungeva: \u201cRiceverete la forza dello Spirito Santo che scender\u00e0 su di voi, e di me sarete testimoni a Gerusalemme, in tutta la Giudea e la Samaria e fino ai confini della terra\u201d. Proprio questo \u2013 annunciava &#8211; \u00e8 il tema della \u201cGiornata Missionaria Mondiale 2022\u201d che, come sempre, ci aiuta a vivere il fatto che la Chiesa \u00e8 per sua natura missionaria\u201d e che quest\u2019anno offre l\u2019occasione di commemorare alcune ricorrenze rilevanti per la vita e la missione della Chiesa stessa come la fondazione, 400 anni fa, della Congregazione \u201cde Propaganda Fide\u201d \u2013 oggi per l\u2019evangelizzazione dei popoli \u2013 e 200 anni fa, dell\u2019\u201cOpera della Propagazione della Fede\u201d che insieme all\u2019Opera della Santa Infanzia e a quella di San Pietro Apostolo, 100 anni fa hanno ottenuto il riconoscimento di \u201cPontificie\u201d. E da qui, l\u2019altro slogan: \u201cVite che parlano\u201d. Il mese di ottobre \u00e8 proprio quello tradizionalmente dedicato, fra l\u2019altro, \u201calla riflessione dei fedeli sull\u2019impegno missionario che ogni comunit\u00e0 \u00e8 chiamata a vivere richiamandosi all\u2019annuncio del Vangelo\u201d. Per l\u2019edizione 2022 della \u201cGiornata missionaria\u201d relativamente alla Diocesi di Belluno-Feltre guidata dal vescovo monsignor Renato Marangoni l\u2019appuntamento \u00e8 per questa sera, luned\u00ec 17, nel Santuario mariano del Nevegal intitolato a Maria Immacolata Nostra Signora di Lourdes, dove a partire dalle 19 si svolger\u00e0 una veglia missionaria a proposito della quale nel sito \u201cchiesabellunofeltre\u201d si pu\u00f2 leggere, a firma di don Augusto Antoniol, direttore dell\u2019Ufficio diocesano di pastorale della Missione (oltre che parroco di Longarone, Fortogna ed Igne nonch\u00e9 amministratore parrocchiale di Ospitale di Cadore, Castellavazzo, Codissago e Podenzoi); \u201cCi aiuter\u00e0 a pregare e ad aprire gli occhi sul mondo Gregoire Ahongbonon che in Africa testimonia il Vangelo della misericordia tra i pi\u00f9 poveri dei poveri: i malati mentali. Un testimone che non consegna parole vuote o generiche, ma si consegna con il su vissuto, con la sua umanit\u00e0 semplice e ricca, un cristiano che \u00e8 diventato lui stesso racconto di come Dio si prende cura e rilancia verso nuove opportunit\u00e0 l\u2019esistenza ferita di tanti uomini e donne perseguitati e rifiutati\u201d. Lo stesso don Antoniol scrive anche: \u201cSiamo ad ottobre, mese missionario. Ancora un\u2019altra domenica con le offerte imperate. Ecco la prima reazione di un parroco (io) quando le offerte non restano in parrocchia, ma devono essere versate in Curia. Ho sette parrocchie, mi arrivano 31 bollette della luce, e poi il gas, il gasolio, le riparazioni delle chiesette, e i poveracci che suonano il campanello\u2026 insomma si fa sempre pi\u00f9 fatica a far quadrare i conti. E poi facciamo gi\u00e0 tanto per i nostri missionari, ogni parrocchia ha i suoi e c\u2019\u00e8 anche il \u2018Pane per amor di Dio\u2019 in quaresima con tanti bei progetti\u201d. A questo punto si chiede; \u201cPerch\u00e9 anche la Giornata missionaria Mondiale? Si tratta di una colletta di tutti cristiani che secondo le loro possibilit\u00e0 vengono in aiuto alle giovani chiese missionarie in particolari situazioni difficili e di maggiore necessit\u00e0 provvedendo ai loro bisogni particolari: formazione dei seminaristi e dei catechisti, costruzione e manutenzione dei luoghi di culto, mezzi di trasporto per i missionari, educazione e sostentamento di ragazzi e bambini. E\u2019 mondiale, cio\u00e8 una questua che fanno tutte le chiese, anche le pi\u00f9 povere, anche i miei cento cristiani di Gaya in Niger si tassavano per aiutare le chiese pi\u00f9 povere: era un segno di solidariet\u00e0 vera, di fratelli verso altri fratelli. E\u2019 vero che laggi\u00f9 non c\u2019erano bollette da pagare (non c\u2019era neanche l\u2019elettricit\u00e0), ma nessuno si lamentava o chiedeva condizionatori nonostante i 50 gradi all\u2019ombra\u201d. Una testimonianza, quella di don Augusto Antoniol che \u00e8 un invito alla riflessione e, a nostro avviso, occasione da non perdere per ricordare sempre, e sottolineare, l\u2019opera preziosa, di fatto indispensabile, del Centro Missionario di Belluno-Feltre dove con il Direttore Antoniol operano: il vice, don Ezio Del Favero, il segretario Jos\u00e9 Soccal, la formatrice Chiara Zavarise, ancora: don Luigi Canal, Ugo Chinol, Francesca Conte, Daniela Dametto, don Vito De Bastiani, Linda Gaio, Marilena Marchioni, Andrea Mazzucco, Giuliana Poletti, Giovanna Selle ed un attivo gruppo di volontari.<\/p>\n\n\t\t\t<style type='text\/css'>\n\t\t\t\t#gallery-11 {\n\t\t\t\t\tmargin: auto;\n\t\t\t\t}\n\t\t\t\t#gallery-11 .gallery-item {\n\t\t\t\t\tfloat: left;\n\t\t\t\t\tmargin-top: 10px;\n\t\t\t\t\ttext-align: center;\n\t\t\t\t\twidth: 14%;\n\t\t\t\t}\n\t\t\t\t#gallery-11 img {\n\t\t\t\t\tborder: 2px solid #cfcfcf;\n\t\t\t\t}\n\t\t\t\t#gallery-11 .gallery-caption {\n\t\t\t\t\tmargin-left: 0;\n\t\t\t\t}\n\t\t\t\t\/* see gallery_shortcode() in wp-includes\/media.php *\/\n\t\t\t<\/style>\n\t\t<div id='gallery-11' class='dt-gallery-container gallery galleryid-301665 gallery-columns-7 gallery-size-thumbnail'><dl class='gallery-item'>\n\t\t\t\t<dt class='gallery-icon portrait'>\n\t\t\t\t\t<a class=\"rollover rollover-zoom dt-pswp-item\" title=\"307854292_849606866059659_5664923251296197477_n\" data-dt-img-description=\"\" data-large_image_width=\"301\" data-large_image_height=\"414\"href='https:\/\/www.radiopiu.net\/wordpress\/wp-content\/uploads\/2022\/10\/307854292_849606866059659_5664923251296197477_n.jpg'><img loading=\"lazy\" decoding=\"async\" width=\"150\" height=\"150\" src=\"https:\/\/www.radiopiu.net\/wordpress\/wp-content\/uploads\/2022\/10\/307854292_849606866059659_5664923251296197477_n-150x150.jpg\" class=\"attachment-thumbnail size-thumbnail\" alt=\"\" \/><\/a>\n\t\t\t\t<\/dt><\/dl><dl class='gallery-item'>\n\t\t\t\t<dt class='gallery-icon landscape'>\n\t\t\t\t\t<a class=\"rollover rollover-zoom dt-pswp-item\" title=\"309271759_1099381387388612_4465713914912007387_n\" data-dt-img-description=\"\" data-large_image_width=\"314\" data-large_image_height=\"172\"href='https:\/\/www.radiopiu.net\/wordpress\/wp-content\/uploads\/2022\/10\/309271759_1099381387388612_4465713914912007387_n.jpg'><img loading=\"lazy\" decoding=\"async\" width=\"150\" height=\"150\" src=\"https:\/\/www.radiopiu.net\/wordpress\/wp-content\/uploads\/2022\/10\/309271759_1099381387388612_4465713914912007387_n-150x150.jpg\" class=\"attachment-thumbnail size-thumbnail\" alt=\"\" \/><\/a>\n\t\t\t\t<\/dt><\/dl><dl class='gallery-item'>\n\t\t\t\t<dt class='gallery-icon portrait'>\n\t\t\t\t\t<a class=\"rollover rollover-zoom dt-pswp-item\" title=\"309926462_1217400905532163_5139714070289721449_n\" data-dt-img-description=\"\" data-large_image_width=\"320\" data-large_image_height=\"480\"href='https:\/\/www.radiopiu.net\/wordpress\/wp-content\/uploads\/2022\/10\/309926462_1217400905532163_5139714070289721449_n.jpg'><img loading=\"lazy\" decoding=\"async\" width=\"150\" height=\"150\" src=\"https:\/\/www.radiopiu.net\/wordpress\/wp-content\/uploads\/2022\/10\/309926462_1217400905532163_5139714070289721449_n-150x150.jpg\" class=\"attachment-thumbnail size-thumbnail\" alt=\"\" \/><\/a>\n\t\t\t\t<\/dt><\/dl><dl class='gallery-item'>\n\t\t\t\t<dt class='gallery-icon landscape'>\n\t\t\t\t\t<a class=\"rollover rollover-zoom dt-pswp-item\" title=\"311123371_3276343329291191_4768967475399651240_n\" data-dt-img-description=\"\" data-large_image_width=\"300\" data-large_image_height=\"168\"href='https:\/\/www.radiopiu.net\/wordpress\/wp-content\/uploads\/2022\/10\/311123371_3276343329291191_4768967475399651240_n.jpg'><img loading=\"lazy\" decoding=\"async\" width=\"150\" height=\"150\" src=\"https:\/\/www.radiopiu.net\/wordpress\/wp-content\/uploads\/2022\/10\/311123371_3276343329291191_4768967475399651240_n-150x150.jpg\" class=\"attachment-thumbnail size-thumbnail\" alt=\"\" \/><\/a>\n\t\t\t\t<\/dt><\/dl><dl class='gallery-item'>\n\t\t\t\t<dt class='gallery-icon landscape'>\n\t\t\t\t\t<a class=\"rollover rollover-zoom dt-pswp-item\" title=\"309813992_1527501771054728_4462620655627406222_n\" data-dt-img-description=\"\" data-large_image_width=\"716\" data-large_image_height=\"403\"href='https:\/\/www.radiopiu.net\/wordpress\/wp-content\/uploads\/2022\/10\/309813992_1527501771054728_4462620655627406222_n.jpg'><img loading=\"lazy\" decoding=\"async\" width=\"150\" height=\"150\" src=\"https:\/\/www.radiopiu.net\/wordpress\/wp-content\/uploads\/2022\/10\/309813992_1527501771054728_4462620655627406222_n-150x150.jpg\" class=\"attachment-thumbnail size-thumbnail\" alt=\"\" \/><\/a>\n\t\t\t\t<\/dt><\/dl><dl class='gallery-item'>\n\t\t\t\t<dt class='gallery-icon landscape'>\n\t\t\t\t\t<a class=\"rollover rollover-zoom dt-pswp-item\" title=\"310447348_3294851924061308_4188731048879538374_n\" data-dt-img-description=\"\" data-large_image_width=\"250\" data-large_image_height=\"105\"href='https:\/\/www.radiopiu.net\/wordpress\/wp-content\/uploads\/2022\/10\/310447348_3294851924061308_4188731048879538374_n.jpg'><img loading=\"lazy\" decoding=\"async\" width=\"150\" height=\"105\" src=\"https:\/\/www.radiopiu.net\/wordpress\/wp-content\/uploads\/2022\/10\/310447348_3294851924061308_4188731048879538374_n-150x105.jpg\" class=\"attachment-thumbnail size-thumbnail\" alt=\"\" \/><\/a>\n\t\t\t\t<\/dt><\/dl><dl class='gallery-item'>\n\t\t\t\t<dt class='gallery-icon landscape'>\n\t\t\t\t\t<a class=\"rollover rollover-zoom dt-pswp-item\" title=\"309922956_498005948861825_700350939403273372_n\" data-dt-img-description=\"\" data-large_image_width=\"250\" data-large_image_height=\"111\"href='https:\/\/www.radiopiu.net\/wordpress\/wp-content\/uploads\/2022\/10\/309922956_498005948861825_700350939403273372_n.jpg'><img loading=\"lazy\" decoding=\"async\" width=\"150\" height=\"111\" src=\"https:\/\/www.radiopiu.net\/wordpress\/wp-content\/uploads\/2022\/10\/309922956_498005948861825_700350939403273372_n-150x111.jpg\" class=\"attachment-thumbnail size-thumbnail\" alt=\"\" \/><\/a>\n\t\t\t\t<\/dt><\/dl><br style=\"clear: both\" \/>\n\t\t\t<\/div>\n\n<p>&nbsp;<\/p>\n<p>NELLE FOTO (siti chiesabellunofeltre e vaticanpress): il manifesto con l\u2019annuncio della Giornata missionaria Mondiale; Papa Francesco; il vescovo di Belluno-Feltre Renato Marangoni; il direttore del Centro Missionario diocesano don Augusto Antoniol; Gregoire Ahongbonon che in Africa testimonia il Vangelo della misericordia; il Santuario del Nevegal.<\/p>\n<p>&nbsp;<\/p>\n<p>&nbsp;<\/p>\n<hr \/>\n<p>&nbsp;<\/p>\n<h2><span style=\"color: #ff0000;\">IERI ALLA RADIO<\/span><\/h2>\n<h2><strong><a class=\"dt-pswp-item\" href=\"https:\/\/www.radiopiu.net\/wordpress\/wp-content\/uploads\/2020\/12\/DON-GIORGIO-LISE.jpg\" data-dt-img-description=\"\" data-large_image_width=\"1600\" data-large_image_height=\"901\"><img loading=\"lazy\" decoding=\"async\" class=\"size-medium wp-image-177420 alignleft\" src=\"https:\/\/www.radiopiu.net\/wordpress\/wp-content\/uploads\/2020\/12\/DON-GIORGIO-LISE-300x169.jpg\" alt=\"\" width=\"300\" height=\"169\" srcset=\"https:\/\/www.radiopiu.net\/wordpress\/wp-content\/uploads\/2020\/12\/DON-GIORGIO-LISE-300x169.jpg 300w, https:\/\/www.radiopiu.net\/wordpress\/wp-content\/uploads\/2020\/12\/DON-GIORGIO-LISE-1024x577.jpg 1024w, https:\/\/www.radiopiu.net\/wordpress\/wp-content\/uploads\/2020\/12\/DON-GIORGIO-LISE-768x432.jpg 768w, https:\/\/www.radiopiu.net\/wordpress\/wp-content\/uploads\/2020\/12\/DON-GIORGIO-LISE-1536x865.jpg 1536w, https:\/\/www.radiopiu.net\/wordpress\/wp-content\/uploads\/2020\/12\/DON-GIORGIO-LISE.jpg 1600w\" sizes=\"auto, (max-width: 300px) 100vw, 300px\" \/><\/a><\/strong><span style=\"color: #808080;\">DUE MINUTI PER TE<\/span><\/h2>\n<p><strong>APPUNTAMENTO DOMENICALE CON MONSIGNOR GIORGIO LISE<\/strong><\/p>\n<audio class=\"wp-audio-shortcode\" id=\"audio-301665-3\" preload=\"none\" style=\"width: 100%;\" controls=\"controls\"><source type=\"audio\/mpeg\" src=\"https:\/\/www.radiopiu.net\/wordpress\/wp-content\/uploads\/2022\/10\/DON-GIORGIO-1.mp3?_=3\" \/><a href=\"https:\/\/www.radiopiu.net\/wordpress\/wp-content\/uploads\/2022\/10\/DON-GIORGIO-1.mp3\">https:\/\/www.radiopiu.net\/wordpress\/wp-content\/uploads\/2022\/10\/DON-GIORGIO-1.mp3<\/a><\/audio>\n<p>&nbsp;<\/p>\n<p>&nbsp;<\/p>\n<hr \/>\n<p>&nbsp;<\/p>\n<div>\n<div class=\"b654a4as d2edcug0\">\n<div class=\"rq0escxv hkbzh7o3 jwdofwj8 n8tt0mok r8blr3vg hyh9befq\">\n<p><a class=\"dt-pswp-item\" href=\"https:\/\/www.radiopiu.net\/wordpress\/wp-content\/uploads\/2020\/10\/pp.jpg\" data-dt-img-description=\"\" data-large_image_width=\"640\" data-large_image_height=\"640\"><img loading=\"lazy\" decoding=\"async\" class=\"wp-image-163678 alignleft\" src=\"https:\/\/www.radiopiu.net\/wordpress\/wp-content\/uploads\/2020\/10\/pp-300x300.jpg\" alt=\"\" width=\"106\" height=\"106\" srcset=\"https:\/\/www.radiopiu.net\/wordpress\/wp-content\/uploads\/2020\/10\/pp-300x300.jpg 300w, https:\/\/www.radiopiu.net\/wordpress\/wp-content\/uploads\/2020\/10\/pp-150x150.jpg 150w, https:\/\/www.radiopiu.net\/wordpress\/wp-content\/uploads\/2020\/10\/pp-125x125.jpg 125w, https:\/\/www.radiopiu.net\/wordpress\/wp-content\/uploads\/2020\/10\/pp-200x200.jpg 200w, https:\/\/www.radiopiu.net\/wordpress\/wp-content\/uploads\/2020\/10\/pp-80x80.jpg 80w, https:\/\/www.radiopiu.net\/wordpress\/wp-content\/uploads\/2020\/10\/pp-480x480.jpg 480w, https:\/\/www.radiopiu.net\/wordpress\/wp-content\/uploads\/2020\/10\/pp.jpg 640w\" sizes=\"auto, (max-width: 106px) 100vw, 106px\" \/><\/a><\/p>\n<\/div>\n<\/div>\n<\/div>\n<div>\n<div class=\"page-title-head hgroup\">\n<div class=\"page-title-head hgroup\">\n<div class=\"b654a4as d2edcug0\">\n<div class=\"j83agx80 btwxx1t3 lhclo0ds hop8lmos nkwizq5d scwd0bx6 roh60bw9\">\n<div class=\"rq0escxv hkbzh7o3 jwdofwj8 n8tt0mok r8blr3vg hyh9befq\">\n<div class=\"do00u71z l9j0dhe7 k4urcfbm\">\n<h2><span style=\"color: #000080;\">DON CESARE, IL PENSIERO DEL GIORNO. ALLA RADIO ALLE 7 DEL MATTINO E ALLE 19.30 DELLA SERA.\u00a0<\/span><\/h2>\n<audio class=\"wp-audio-shortcode\" id=\"audio-301665-4\" preload=\"none\" style=\"width: 100%;\" controls=\"controls\"><source type=\"audio\/mpeg\" src=\"https:\/\/www.radiopiu.net\/wordpress\/wp-content\/uploads\/2022\/10\/cesare-1.mp3?_=4\" \/><a href=\"https:\/\/www.radiopiu.net\/wordpress\/wp-content\/uploads\/2022\/10\/cesare-1.mp3\">https:\/\/www.radiopiu.net\/wordpress\/wp-content\/uploads\/2022\/10\/cesare-1.mp3<\/a><\/audio>\n<p>&nbsp;<\/p>\n<hr \/>\n<p>&nbsp;<\/p>\n<h2><span style=\"color: #ff6600;\">COLLAGE OPERAZIONE NOSTALGIA<\/span><\/h2>\n<p><strong><a class=\"dt-pswp-item\" href=\"https:\/\/www.radiopiu.net\/wordpress\/wp-content\/uploads\/2022\/10\/Santana-Oye-Como-Va.jpg\" data-dt-img-description=\"\" data-large_image_width=\"300\" data-large_image_height=\"200\"><img loading=\"lazy\" decoding=\"async\" class=\" wp-image-301723 alignleft\" src=\"https:\/\/www.radiopiu.net\/wordpress\/wp-content\/uploads\/2022\/10\/Santana-Oye-Como-Va.jpg\" alt=\"\" width=\"191\" height=\"127\" \/><\/a>di Loris Scussel<\/strong><\/p>\n<p>Le nuove puntate di\u00a0 Collage operazione nostalgia proseguono con la proposta di canzoni in ordine alfabetico, questa settimana sar\u00e0 la volta dei brani il cui titolo inizia con le lettere M, N, O, P, Q. Partiremo da \u201cMita Mita\u201d delle Orme per chiudere con \u201cQuella carezza della sera\u201d dei New Trolls, in mezzo proporremo canzoni come Mamma mia, Napule \u00e8, Oye como va, Paint it black, Quando quando e cos\u00ec via nella consueta alternanza tra pezzi pi\u00f9 o meno famosi. Collage va in onda dal luned\u00ec al venerd\u00ec alle 16,00 e alle 23,00 naturalmente su Radio Pi\u00f9<\/p>\n<p>&nbsp;<\/p>\n<hr \/>\n<p>&nbsp;<\/p>\n<div>\n<blockquote class=\"wp-embedded-content\" data-secret=\"76b9pgoZsu\"><p><a href=\"https:\/\/www.radiopiu.net\/wordpress\/odio-la-radio-dieci-anni-dopo-di-mirko-mezzacasa\/\">&#8220;ODIO LA RADIO&#8221;&#8230; DIECI ANNI DOPO, di Mirko Mezzacasa<\/a><\/p><\/blockquote>\n<p><iframe loading=\"lazy\" class=\"wp-embedded-content\" sandbox=\"allow-scripts\" security=\"restricted\" style=\"position: absolute; clip: rect(1px, 1px, 1px, 1px);\" title=\"&#8220;&#8220;ODIO LA RADIO&#8221;&#8230; DIECI ANNI DOPO, di Mirko Mezzacasa&#8221; &#8212; Radio Pi\u00f9\" src=\"https:\/\/www.radiopiu.net\/wordpress\/odio-la-radio-dieci-anni-dopo-di-mirko-mezzacasa\/embed\/#?secret=jPVp12bVd1#?secret=76b9pgoZsu\" data-secret=\"76b9pgoZsu\" width=\"600\" height=\"338\" frameborder=\"0\" marginwidth=\"0\" marginheight=\"0\" scrolling=\"no\"><\/iframe><\/p>\n<p>&nbsp;<\/p>\n<p>&nbsp;<\/p>\n<blockquote>\n<h3>L&#8217;ULTIMA DOMENICA AL CASTELLO DI ANDRAZ<\/h3>\n<\/blockquote>\n<p><strong>LIVINALLONGO Domenica 30 ottobre dalle 15<\/strong>, per chiudere insieme la stagione. Castagne e vin brul\u00e9, e, per bambini e ragazzi (ma anche per chiunque volesse) ci saranno due turni di visita con letture animate. Il tema, visto il periodo, saranno i personaggi pi\u00f9 strani e misteriosi delle leggende ladine\u2026<\/p>\n<a href=\"https:\/\/www.radiopiu.net\/wordpress\/wp-content\/uploads\/2022\/10\/30ottobre.lab_.pdf\" class=\"pdfemb-viewer\" style=\"\" data-width=\"max\" data-height=\"max\" data-toolbar=\"top\" data-toolbar-fixed=\"on\">30ottobre.lab<\/a>\n<p>&nbsp;<\/p>\n<p>&nbsp;<\/p>\n<hr \/>\n<p>&nbsp;<\/p>\n<h2><strong><a class=\"dt-pswp-item\" href=\"https:\/\/www.radiopiu.net\/wordpress\/wp-content\/uploads\/2020\/09\/FALCADE-5.jpg\" data-dt-img-description=\"\" data-large_image_width=\"960\" data-large_image_height=\"720\"><img loading=\"lazy\" decoding=\"async\" class=\" wp-image-163181 alignleft\" src=\"https:\/\/www.radiopiu.net\/wordpress\/wp-content\/uploads\/2020\/09\/FALCADE-5-300x225.jpg\" alt=\"\" width=\"167\" height=\"125\" srcset=\"https:\/\/www.radiopiu.net\/wordpress\/wp-content\/uploads\/2020\/09\/FALCADE-5-300x225.jpg 300w, https:\/\/www.radiopiu.net\/wordpress\/wp-content\/uploads\/2020\/09\/FALCADE-5-768x576.jpg 768w, https:\/\/www.radiopiu.net\/wordpress\/wp-content\/uploads\/2020\/09\/FALCADE-5-640x480.jpg 640w, https:\/\/www.radiopiu.net\/wordpress\/wp-content\/uploads\/2020\/09\/FALCADE-5.jpg 960w\" sizes=\"auto, (max-width: 167px) 100vw, 167px\" \/><\/a><span style=\"color: #00ff00;\">LA RASSEGNA STAMPA DA L&#8217;AMICO DEL POPOLO<\/span><\/strong><\/h2>\n<p><strong>di Gianni Santomaso<\/strong><\/p>\n<p>OSPITE: Fulvio Valt, consigliere comunale di Falcade<\/p>\n<audio class=\"wp-audio-shortcode\" id=\"audio-301665-5\" preload=\"none\" style=\"width: 100%;\" controls=\"controls\"><source type=\"audio\/mpeg\" src=\"https:\/\/www.radiopiu.net\/wordpress\/wp-content\/uploads\/2022\/10\/RASSEGNA-GIANNI-1.mp3?_=5\" \/><a href=\"https:\/\/www.radiopiu.net\/wordpress\/wp-content\/uploads\/2022\/10\/RASSEGNA-GIANNI-1.mp3\">https:\/\/www.radiopiu.net\/wordpress\/wp-content\/uploads\/2022\/10\/RASSEGNA-GIANNI-1.mp3<\/a><\/audio>\n<p>&nbsp;<\/p>\n<p>&nbsp;<\/p>\n<hr \/>\n<p>&nbsp;<\/p>\n<p><a class=\"dt-pswp-item\" href=\"https:\/\/www.radiopiu.net\/wordpress\/wp-content\/uploads\/2018\/09\/WhatsApp-Image-2018-09-20-at-16.04.06.jpeg\" data-dt-img-description=\"\" data-large_image_width=\"800\" data-large_image_height=\"100\"><img loading=\"lazy\" decoding=\"async\" class=\"aligncenter wp-image-61378 size-full\" src=\"https:\/\/www.radiopiu.net\/wordpress\/wp-content\/uploads\/2018\/09\/WhatsApp-Image-2018-09-20-at-16.04.06.jpeg\" alt=\"\" width=\"800\" height=\"100\" srcset=\"https:\/\/www.radiopiu.net\/wordpress\/wp-content\/uploads\/2018\/09\/WhatsApp-Image-2018-09-20-at-16.04.06.jpeg 800w, https:\/\/www.radiopiu.net\/wordpress\/wp-content\/uploads\/2018\/09\/WhatsApp-Image-2018-09-20-at-16.04.06-300x38.jpeg 300w, https:\/\/www.radiopiu.net\/wordpress\/wp-content\/uploads\/2018\/09\/WhatsApp-Image-2018-09-20-at-16.04.06-768x96.jpeg 768w\" sizes=\"auto, (max-width: 800px) 100vw, 800px\" \/><\/a><\/p>\n<p>&nbsp;<\/p>\n<p style=\"text-align: center;\"><strong>Luned\u00ec 17<\/strong><\/p>\n<p>Tempo stabile e molto mite per il periodo con cielo in prevalenza sereno o poco nuvoloso per sottili velature. Nei fondovalle prealpini persiste la possibilit\u00e0 di nubi basse fino al primo mattino e nuovamente in serata.<br \/>\n<strong>Precipitazioni.<\/strong>\u00a0Assenti (0%)<br \/>\n<strong>Temperature.<\/strong>\u00a0In ulteriore lieve aumento specie in quota con valori molto superiori alla media e condizioni di inversione termica notturna nelle valli non interessate da nubi basse.Su Prealpi a 1500 m: min 11 max 14, a 2000 m: min 8 max 10 Dolomiti &#8211; a 2000 m: min 9 max 12, a 3000 m: min 6 max 7<br \/>\n<strong>Venti.<\/strong>\u00a0in quota deboli o moderati da sudovest a 5-15 km\/h a 2000 m e 15-25 km\/h a 3000 m<\/p>\n<p style=\"text-align: center;\"><strong>Marted\u00ec 18<\/strong><\/p>\n<p>Persistono condizioni di tempo stabile con cielo sereno o al pi\u00f9 poco nuvoloso. Possibile formazione di nubi basse fino al primo mattino nei fondovalle prealpini in successivo dissolvimento.<br \/>\n<strong>Precipitazioni.<\/strong>\u00a0Assenti (0%)<br \/>\n<strong>Temperature.<\/strong>\u00a0Stazionarie o in ulteriore lieve aumento le massime, in lievissimo calo in alta quota dal pomeriggio e condizioni di inversione termica notturna nelle valli. Su Prealpi a 1500 m: min 11 max 15, a 2000 m: min 9 max 12 Dolomiti &#8211; a 2000 m: min 9 max 12, a 3000 m: min 4 max 6<br \/>\n<strong>Venti.<\/strong>\u00a0Venti in quota deboli o moderati da sudovest in rotazione a settentrionali dal pomeriggio a 5-15 km\/h a 2000 m e 10-25 km\/h a 3000 m<\/p>\n<p style=\"text-align: center;\"><strong>Mercoled\u00ec 19<\/strong><\/p>\n<p>Tempo stabile con cielo sereno o poco nuvoloso. Fino al primo mattino possibili nubi basse nei fondovalle prealpini in successivo dissolvimento e nuova formazione in serata. Temperature in generale lieve calo in quota. Venti in quota deboli o moderati settentrionali.<\/p>\n<p style=\"text-align: center;\"><strong>Gioved\u00ec 20<\/strong><\/p>\n<p>Ancora tempo stabile con cielo sereno o poco nuvoloso su Dolomiti. Su Prealpi aumenta la probabilit\u00e0 di nubi basse localmente anche persistenti specie a ridosso della pedemontana. Nel pomeriggio\/sera arrivo di nubi alte e sottili da ovest. Temperature massime in generale calo. Venti in quota moderati occidentali. Previsore: DDL<\/p>\n<p>&nbsp;<\/p>\n<hr \/>\n<p>&nbsp;<\/p>\n<p><strong>OGNI GIORNO IL MERCATINO A RADIO PIU&#8217;, AL QUARANTESIMO MINUTO. IL PUNTO DI RIFERIMENTO PER CHI OFFRE O CERCA LAVORO NELL&#8217;ARCO DOLOMITICO, CENTINAIA DI VISUALIZZAZIONI AL GIORNO SUL SITO INTERNET, IN AUDIO ALLA RADIO E IN STREAMING IL TUTTO IL MONDO. IL MERCATINO DI RADIO PIU, PER INSERIRE I TUOI ANNUNCI SCRIVI A <span style=\"color: #0000ff;\">radiopiu@radiopiu.it<\/span><\/strong><\/p>\n<blockquote class=\"wp-embedded-content\" data-secret=\"TNfLU5kQDX\"><p><a href=\"https:\/\/www.radiopiu.net\/wordpress\/mercatino-e-mercatino-delle-pulci-per-i-vostri-annunci-radiopiuradiopiu-it\/\">MERCATINO<\/a><\/p><\/blockquote>\n<p><iframe loading=\"lazy\" class=\"wp-embedded-content\" sandbox=\"allow-scripts\" security=\"restricted\" style=\"position: absolute; clip: rect(1px, 1px, 1px, 1px);\" title=\"&#8220;MERCATINO&#8221; &#8212; Radio Pi\u00f9\" src=\"https:\/\/www.radiopiu.net\/wordpress\/mercatino-e-mercatino-delle-pulci-per-i-vostri-annunci-radiopiuradiopiu-it\/embed\/#?secret=JeiW4SRP1Q#?secret=TNfLU5kQDX\" data-secret=\"TNfLU5kQDX\" width=\"600\" height=\"338\" frameborder=\"0\" marginwidth=\"0\" marginheight=\"0\" scrolling=\"no\"><\/iframe><\/p>\n<\/div>\n<p>&nbsp;<\/p>\n<p>&nbsp;<\/p>\n<div>\n<hr \/>\n<p>&nbsp;<\/p>\n<p><a href=\"https:\/\/www.radiopiu.net\/wordpress\/giornale-radiopiu-26-settembre-2018-direttore-mirko-mezzacasa\/viabilita-2\/\" rel=\"attachment wp-att-61954\"><img loading=\"lazy\" decoding=\"async\" class=\"aligncenter wp-image-61954 size-full\" src=\"https:\/\/www.radiopiu.net\/wordpress\/wp-content\/uploads\/2018\/09\/viabilita.jpeg\" sizes=\"auto, (max-width: 800px) 100vw, 800px\" srcset=\"https:\/\/www.radiopiu.net\/wordpress\/wp-content\/uploads\/2018\/09\/viabilita.jpeg 800w, https:\/\/www.radiopiu.net\/wordpress\/wp-content\/uploads\/2018\/09\/viabilita-300x38.jpeg 300w, https:\/\/www.radiopiu.net\/wordpress\/wp-content\/uploads\/2018\/09\/viabilita-768x96.jpeg 768w\" alt=\"\" width=\"800\" height=\"100\" \/><\/a><\/p>\n<blockquote>\n<h3><\/h3>\n<h3>GALLERIA DEI CASTEI A SENSO UNICO ALTERNATO DI NOTTE PER UNA SETTIMANA<\/h3>\n<\/blockquote>\n<p><strong>SEDICO<\/strong> Veneto Strade comunica che dal 17 al 21 ottobre verr\u00e0 istituito un senso unico alternato regolato da semaforo o movieri nella galleria dei Castei. Per consentire le indagini diagnostiche e manutenzione dell&#8217;impianto d&#8217;illuminazione il senso unico verr\u00e0 istituito in orario notturno, ogni giorno dalle 20 alle 6 del giorno successivo.<\/p>\n<p>&nbsp;<\/p>\n<blockquote>\n<h3>PROVINCIALE 347 DEL DURAN (LATO ZOLDO) MARTEDI MATTINA CHIUSA<\/h3>\n<\/blockquote>\n<p><strong>REDAZIONE<\/strong> Dalle 8.30 alle 12 di domani la provinciale del Duran sar\u00e0 totalmente interrotta (per lavori di ripristino dell&#8217;attraversamento idraulico) in localit\u00e0 Pradel, bivio per Foppa in Comune di Val di Zoldo.<\/p>\n<p>&nbsp;<\/p>\n<blockquote>\n<h3>PONTE DEL FELICE A LA VALLE AGORDINA, CHIUSO FINO AL 24 OTTOBRE <strong>\u00a0<\/strong><\/h3>\n<\/blockquote>\n<p><strong>LA VALLE<\/strong> E&#8217; stata prorogata l&#8217;ordinanza di chiusura del ponte del Felice tra Crostolin di Agordo e il territorio comunale di La Valle Agordina (Ronche, Noach&#8230;) Ponte chiuso h24 fino al 24 ottobre, comunque fino alla conclusione dei lavori di ristrutturazione del ponte.<\/p>\n<blockquote>\n<h3>DOLOMITIBUS, PROROGA INTERRUZIONE VEICOLARE<\/h3>\n<\/blockquote>\n<p><strong>TAIBON\u00a0<\/strong> Finoi al 21 ottobre le corse Agordo Villanova effettuano il percorso alternativo Agordo-San Cipriano-Strapont-Municipio Taibon. Sospesa la tratta Peden-Villanova e le fermate Peden-Casa di riposo- Villanova.<\/p>\n<p>&nbsp;<\/p>\n<blockquote>\n<h3>SP 8 DI SAN TOMASO, PROROGATA LA CHIUSURA A FASCE ORARIE FINO ALL&#8217;11 NOVEMBRE<\/h3>\n<\/blockquote>\n<p><strong><img loading=\"lazy\" decoding=\"async\" class=\"alignleft\" src=\"https:\/\/www.radiopiu.net\/wordpress\/wp-content\/uploads\/2021\/11\/81aa72cc-d66b-44fa-afd5-7103ae531a24.jpg\" width=\"154\" height=\"113\" \/>SAN TOMASO<\/strong> Da un mese sono iniziati i lavori sulla SP 8 di San Tomaso a Col Zares\u00e8. Veneto Strade ha comunicato la proroga dell&#8217;ordinanza fino al 11 novembre. E\u2019 dal 17 luglio del 2014 che per raggiungere San Tomaso da Cencenighe \u00e8 d\u2019obbligo il rispetto del semaforo, ma dalla prossima stagione autunnale a lavori terminati e micropali piantati tutto cambier\u00e0. Ai residenti soprattutto viene richiesto ancora un sacrificio, ma pur di rivedere aperta quella strada nella sua normalit\u00e0 \u00e8 giustificato e lecito. Fino al 11 novembre, esclusi festivi e prefestivi, la strada chiuder\u00e0 totalmente dalle 7.15 alle 12.45 e dalle 14.15 alle 17.45. Negli altri orari senso unico alternato regolato da semaforo.<\/p>\n<p><em><strong>DIVIETO DI TRANSITO VEICOLARE A FADES DI LA VALLE AGORDINA TRA L&#8217;INCROCIO CON LA SR 347 E IL CIVICO 2. FINO AL 18 NOVEMBRE, SABATO, DOMENICA E FESTIVI COMPRESI. IL DIVIETO AVRA&#8217; EFFICACIA NEI GIORNI DI EFFETTIVA ESECUZIONE DEL CANTIERE.\u00a0\u00a0<\/strong><\/em><\/p>\n<p>&nbsp;<\/p>\n<p><strong>AGGIORNAMENTO VENETO STRADE, AGGIORNAMENTO CONTINUO H 24<\/strong><\/p>\n<p>&nbsp;<\/p>\n<blockquote class=\"wp-embedded-content\" data-secret=\"QtJbMu4He8\"><p><a href=\"https:\/\/www.radiopiu.net\/wordpress\/viabilita\/\">viabilita<\/a><\/p><\/blockquote>\n<p><iframe loading=\"lazy\" class=\"wp-embedded-content\" sandbox=\"allow-scripts\" security=\"restricted\" style=\"position: absolute; clip: rect(1px, 1px, 1px, 1px);\" title=\"&#8220;viabilita&#8221; &#8212; Radio Pi\u00f9\" src=\"https:\/\/www.radiopiu.net\/wordpress\/viabilita\/embed\/#?secret=pezsc8b7U4#?secret=QtJbMu4He8\" data-secret=\"QtJbMu4He8\" width=\"600\" height=\"338\" frameborder=\"0\" marginwidth=\"0\" marginheight=\"0\" scrolling=\"no\"><\/iframe><\/p>\n<p>&nbsp;<\/p>\n<p>&nbsp;<\/p>\n<p>&nbsp;<\/p>\n<hr \/>\n<p>&nbsp;<\/p>\n<p>&nbsp;<\/p>\n<p><img loading=\"lazy\" decoding=\"async\" class=\"wp-image-60761 size-full aligncenter\" src=\"https:\/\/www.radiopiu.net\/wordpress\/wp-content\/uploads\/2018\/09\/sport.jpg\" alt=\"\" width=\"800\" height=\"100\" srcset=\"https:\/\/www.radiopiu.net\/wordpress\/wp-content\/uploads\/2018\/09\/sport.jpg 800w, https:\/\/www.radiopiu.net\/wordpress\/wp-content\/uploads\/2018\/09\/sport-300x38.jpg 300w, https:\/\/www.radiopiu.net\/wordpress\/wp-content\/uploads\/2018\/09\/sport-768x96.jpg 768w\" sizes=\"auto, (max-width: 800px) 100vw, 800px\" \/><\/p>\n<p>&nbsp;<\/p>\n<p><span style=\"color: #0000ff;\"><strong>CALCIO<\/strong><\/span><\/p>\n<blockquote>\n<h3>L&#8217;AGORDINA RIFILA TRE GOL AL NOGARE&#8217; E CONQUISTA LA PRIMA VITTORIA STAGIONALE<\/h3>\n<\/blockquote>\n<p><strong><a class=\"dt-pswp-item\" href=\"https:\/\/www.radiopiu.net\/wordpress\/wp-content\/uploads\/2022\/10\/CALCIO-2022-e1665937841126.jpg\" data-dt-img-description=\"\" data-large_image_width=\"400\" data-large_image_height=\"250\"><img loading=\"lazy\" decoding=\"async\" class=\" wp-image-301842 alignleft\" src=\"https:\/\/www.radiopiu.net\/wordpress\/wp-content\/uploads\/2022\/10\/CALCIO-2022-e1665937841126-300x188.jpg\" alt=\"\" width=\"177\" height=\"111\" srcset=\"https:\/\/www.radiopiu.net\/wordpress\/wp-content\/uploads\/2022\/10\/CALCIO-2022-e1665937841126-300x188.jpg 300w, https:\/\/www.radiopiu.net\/wordpress\/wp-content\/uploads\/2022\/10\/CALCIO-2022-e1665937841126.jpg 400w\" sizes=\"auto, (max-width: 177px) 100vw, 177px\" \/><\/a>SECONDA CATEGORIA GIR. T \/ NOGARE&#8217; &#8211; AGORDINA 0-3 (GOL AGORDINA: Paganin, Del Din, Del Chin) <\/strong><\/p>\n<p>Prima vittoria nella prima trasferta ufficiale dell\u2019Agordina. Contro il Nogar\u00e8 una partita dalle due faccie per la formazione allenata da Lorenzi che nel primo tempo mette al sicuro il risultato e nella ripresa, costretta a giocare in 10 per l\u2019espulsione di Casera, si difende bene dall\u2019assedio dei padroni di casa. Primo risultato a punteggio pieno per gli agordini che, dopo due sconfitte consecutive, alzano la testa con l\u2019obbiettivo salvezza da raggiungere il prima possibile. Prima parte di gara con le squadre che giocano principalmente a centrocampo. I primi a farsi avanti sono i ragazzi di Agordo che ci provano con un calcio di punizione che per\u00f2 diventa preda del portiere avversario. Continua a spingere la squadra allenata da Lorenzi chiudendo in difesa il Nogar\u00e8. Al 15\u2019 si sblocca la sfida e ad avere la meglio \u00e8 l\u2019Agordina che con Paganin si porta in vantaggio. Rimessa laterale, pallone che arriva al giocatore agordino che con un tiro al volo batte l\u2019estremo difensore. La squadra di Belluno inizia ad ingranare e mette in difficolt\u00e0 gli agordini che sono costretti a difendersi e provare a colpire in contropiede. Le indicazioni di mister Lorenzi danno i frutti sperati e sul finale di tempo arriva il secondo gol con una cavalcata di Lorenzo Del Din che a tu per tu con il portiere va a segno. Nella ripresa l\u2019Agordina rimane in dieci. Viene espulso Casera per somma di ammonizioni. Intanto i padroni di casa prendono coraggio e cominciano a premere alla ricerca del gol. Squadra di Agordo in difficolt\u00e0 che per\u00f2 si difende bene. Al 90\u2019 arriva la terza marcatura della formazione di Lorenzi con Del Chin che mette la firma al gol che decreta la prima vittoria stagionale.<\/p>\n<p>&nbsp;<\/p>\n<p><strong>GIOVANISSIMI PROVINCIALI \/ JUVENTINA MUGNAI \u2013 AGORDINA 0-2<\/strong><\/p>\n<p>Partita equilibrata e non facile quella vinta dai Giovanissimi provinciali dell\u2019Agordina sul campo di Mugnai. Un gol per tempo, ma partita tirata fino alla fine. \u00a0Il confronto con la Juventina era atteso perch\u00e9 sempre impegnativo e capace di essere un ottimo test per conoscere il valore della squadra. L&#8217;Agordina esce confortata da questo confronto, un pochettino pi\u00f9 consapevole dei suoi mezzi, ma anche del tanto lavoro ancora da svolgere. Per la cronaca i gol sono di Filippo De Col su calcio di rigore e Leonardo Favero nella ripresa.<\/p>\n<p>&nbsp;<\/p>\n<p><strong>ALLIEVI REGIONALI \/ AGORDINA \u2013 CALCIO ISTRIANA 1-2<\/strong><\/p>\n<p>Una sconfitta di misura per gli Allievi di Renato Orzetti che giocano bene nel primo tempo ma lasciano qualche spazio di troppo nella ripresa. L\u2019Istriana espugna l\u2019Ivano Dorigo di Agordo dopo una partita che ha visto l\u2019Agordina passare in vantaggio con Casera che batte il portire con un bolide da fuori area. Ospiti che pareggiano al 35\u2019 con un colpo di testa in area. Istriana che rimane in 10 per un\u2019espulsione ma la compagine di Agordo non riesce a reagire e subisce la seconda marcatura di giornata.<\/p>\n<p>&nbsp;<\/p>\n<p><strong>JUNIORES PROVINCIALI \/ AGORDINA \u2013 DOMEGGE 3-0<\/strong><\/p>\n<p>Continua a macinare punti la squadra Juniores Provinciale di Agordo allenata da De Zaiacomo. Sabato pomeriggio gli agordini hanno incamerato una vittoria importante contro il Domegge dopo una partita tutto sommato giocata bene da entrambe le formazioni. A sbloccare il punteggio ci pensa Marcon, il raddoppio a firma di Alchini e terza rete decisiva di Paolin. Agordina in testa alla classifica del campionato provinciale a pieni punti.<\/p>\n<p>&nbsp;<\/p>\n<p><strong>JUNIORES REGIONALI \/ FIORI BARP \u2013 FULGOR TREVIGNANO 1-5<\/strong><\/p>\n<p>Seconda sconfitta consecutiva per la squadra Juniores Regionale del Fiori Barp che in casa crolla con la Fulgor Trevignano. Una partita a senso unico con i trevigiani che passano in vantaggio dopo 5\u2019. Il raddoppio degli ospiti al 18\u2019 e pochi minuti dopo il terzo gol trevigiano arriva su calcio di rigore. Nella ripresa il Fiori Barp prova la reazione ed accorcia le distanze. \u00c8 il 65\u2019 quando, su calcio piazzato di Fumei, Marcon si fa trovare pronto sotto porta per insaccare. Sedicensi pi\u00f9 convinti che cercano di avvicinarsi al gol ancora ma il Trevignano chiude definitivamente la sfida mettendo a segno altre 2 marcature nel finale di gara.<\/p>\n<p>&nbsp;<\/p>\n<p>&nbsp;<\/p>\n<hr \/>\n<p>&nbsp;<\/p>\n<p><strong><span style=\"color: #0000ff;\">HOCKEY SU GHIACCIO<\/span><\/strong><\/p>\n<blockquote>\n<h3 class=\"entry-title\">L\u2019ALLEGHE PERDE DI MISURA CON IL BRESSANONE, QUARTA SCONFITTA CONSECUTIVA PER LE CIVETTE<\/h3>\n<\/blockquote>\n<p><strong class=\"photoswipe-wrapper\"><a class=\"dt-pswp-item pspw-wrap-ready\" href=\"https:\/\/www.radiopiu.net\/wordpress\/wp-content\/uploads\/2019\/08\/logo-alleghe-hockey.png\" data-dt-img-description=\"\" data-large_image_width=\"547\" data-large_image_height=\"512\"><img loading=\"lazy\" decoding=\"async\" class=\" wp-image-95699 alignleft\" src=\"https:\/\/www.radiopiu.net\/wordpress\/wp-content\/uploads\/2019\/08\/logo-alleghe-hockey-300x281.png\" sizes=\"auto, (max-width: 128px) 100vw, 128px\" srcset=\"https:\/\/www.radiopiu.net\/wordpress\/wp-content\/uploads\/2019\/08\/logo-alleghe-hockey-300x281.png 300w, https:\/\/www.radiopiu.net\/wordpress\/wp-content\/uploads\/2019\/08\/logo-alleghe-hockey.png 547w\" alt=\"\" width=\"128\" height=\"120\" \/><\/a>ALLEGHE \u2013 BRESSANONE 1-2<\/strong><br \/>\nPARZIALI: 0-1, 1-1, 0-0<br \/>\nGOL: pt. 4\u201930\u201d Leitner. st. 4\u201909\u201d Novikovs, 6\u201914\u201d Kostner<\/p>\n<p>Ancora una sconfitta per l\u2019Alleghe, la quarta in altrettante partite giocate. La formazione di Fontana ha lottato fino all\u2019ultimo per agguantare un pareggio che non arriva in un PalaFeltre di fronte a oltre 200 spettatori. Il Bressanone incamera 3 punti con il minimo sforzo dopo una partita a tratti monotona con le due formazioni che non si sono impegnate pi\u00f9 di tanto. Gli altoatesini vanno in vantaggio nella prima frazione, civette che pareggiano con il solito Novikovs e Falcons che rispondono subito dopo siglando la rete decisiva visto che nella terza frazione le reti sono rimaste inviolate. Ora poche ore per rimettere insieme le forze e le idee perch\u00e9 gioved\u00ec sera i biancorossi saranno chiamati alla trasferta trentina contro il Fiemme. Primi minuti con le squadre che si studiano a lungo. Le conclusioni non mancano ma la precisione manca da entrambi i lati. Gli altoatesini sbloccano la sfida nel momento migliore dei biancorossi. Bastano due tiri in porta per battere il golie agordino. A sfoderare il tiro vincente \u00e8 Leitner che va a segno dopo che le civette avevano provato un contropiede. Scattano le penalit\u00e0 da entrambi i lati e la partita si fa vivace. L\u2019Alleghe ci prova e colpisce un palo con De Luca. Nel finale di tempo gli alleghesi sembrano in difficolt\u00e0. Tanti gli errori in fase offensiva. Nella frazione centrale l\u2019Alleghe sembra pi\u00f9 convinto e la conferma arriva dopo 4\u2019 quando Novikovs trova la rete del pareggio su assist del nuovo arrivo Colton. Il Bressanone va in bambola e le civette premono alla ricerca del vantaggio. Alla prima disattenzione in fase offensiva e disco che finisce sulle stecche brissinesi che tornano in vantaggio con Kostner. Le squadre non danno spettacolo e la sfida sembra congelarsi. Terza frazione che inizia con l\u2019Alleghe che supera indenne una superiorit\u00e0 numerica degli altoatesini. Il risultato rimane in bilico con le due formazioni che sembrano non rendersi pericolose. Ultimi minuti di gara con i Falcons che hanno modo di gestire il vantaggio anche grazie ad una penalit\u00e0 rifilata a Damin per un fallo. Match che procede lentamente verso la fine con i brissinesi che incamerano i 3 punti in palio.<\/p>\n<p>&nbsp;<\/p>\n<blockquote>\n<h3>L&#8217;UNDER 17 DELL&#8217;ALLEGHE HOCKEY TORNA DA AOSTA CON UNA SCONFITTA<\/h3>\n<\/blockquote>\n<p><strong>AOSTA &#8211; ALLEGHE 5-2<\/strong><\/p>\n<p>GOL ALLEGHE: Tolomelli, Levis<\/p>\n<p>Un fine settimana da dimenticare in fretta quello della squadra Under 17 alleghese che torna dalla trasferta in Valle D&#8217;Aosta con una sconfitta. Non \u00e8 stata una bella prestazione delle giovani civette che stentano ad ingranare la marcia giusta tanto che la prima frazione termina con i padroni di casa in vantaggio sul 2 a 0. nel drittel centrale l&#8217;Aosta chiude definitivamente la partita mettendo a segno altre due marcature. L&#8217;Alleghe si sveglia tardi ed accorcia le distanze nella frazione conclusiva con Tolomelli e Levis ma i valdostani chiudono la gara con il quinto gol a pochi secondi dalla sirena.<\/p>\n<p>&nbsp;<\/p>\n<p>&nbsp;<\/p>\n<hr \/>\n<p>&nbsp;<\/p>\n<p><span style=\"color: #0000ff;\"><strong>CALCIO A 5 &#8211; SERIE B GIRONE B<\/strong><\/span><\/p>\n<blockquote>\n<h3>IL MACCAN PRATA ATTERRA LA CANOTTIERI BELLUNO<\/h3>\n<\/blockquote>\n<p><strong><a class=\"dt-pswp-item\" href=\"https:\/\/www.radiopiu.net\/wordpress\/wp-content\/uploads\/2022\/10\/311366925_528346482630518_1887585398316566011_n.jpg\" data-dt-img-description=\"\" data-large_image_width=\"1089\" data-large_image_height=\"849\"><img loading=\"lazy\" decoding=\"async\" class=\" wp-image-301743 alignleft\" src=\"https:\/\/www.radiopiu.net\/wordpress\/wp-content\/uploads\/2022\/10\/311366925_528346482630518_1887585398316566011_n-300x234.jpg\" alt=\"\" width=\"164\" height=\"128\" srcset=\"https:\/\/www.radiopiu.net\/wordpress\/wp-content\/uploads\/2022\/10\/311366925_528346482630518_1887585398316566011_n-300x234.jpg 300w, https:\/\/www.radiopiu.net\/wordpress\/wp-content\/uploads\/2022\/10\/311366925_528346482630518_1887585398316566011_n-1024x798.jpg 1024w, https:\/\/www.radiopiu.net\/wordpress\/wp-content\/uploads\/2022\/10\/311366925_528346482630518_1887585398316566011_n-768x599.jpg 768w, https:\/\/www.radiopiu.net\/wordpress\/wp-content\/uploads\/2022\/10\/311366925_528346482630518_1887585398316566011_n.jpg 1089w\" sizes=\"auto, (max-width: 164px) 100vw, 164px\" \/><\/a><\/strong><strong>MACCAN PRATA &#8211; CANOTTIERI BELLUNO 6-2<\/strong><\/p>\n<p>Troppa Maccan, per questa Canottieri. Al PalaPrata finisce 6 a 2, gol bellunesi di capitan Reolon e di Robinho. L&#8217;espulsione di Dall&#8217;\u00d2 e l&#8217;incognita Storti impensieriscono il biancobl\u00f9 in vista di sabato prossimo, quando alla Spes arriver\u00e0 la matricola, ma non sembrerebbe, Bissuola. (FOTO: Christofer Dozzi)<\/p>\n<p><strong>IL SERVIZIO DI ANTONIO &#8220;NINO&#8221; FIABANE<\/strong><\/p>\n<audio class=\"wp-audio-shortcode\" id=\"audio-301665-6\" preload=\"none\" style=\"width: 100%;\" controls=\"controls\"><source type=\"audio\/mpeg\" src=\"https:\/\/www.radiopiu.net\/wordpress\/wp-content\/uploads\/2022\/10\/CANOTTIERI-SITO-1.mp3?_=6\" \/><a href=\"https:\/\/www.radiopiu.net\/wordpress\/wp-content\/uploads\/2022\/10\/CANOTTIERI-SITO-1.mp3\">https:\/\/www.radiopiu.net\/wordpress\/wp-content\/uploads\/2022\/10\/CANOTTIERI-SITO-1.mp3<\/a><\/audio>\n<p>&nbsp;<\/p>\n<hr \/>\n<p>&nbsp;<\/p>\n<p><span style=\"color: #0000ff;\"><strong>PALLAVOLO<\/strong><\/span><\/p>\n<blockquote>\n<h3>ANCORA UNA VITTORIA IN COPPA PER IL VOLLEY CLUB AGORDINO<\/h3>\n<\/blockquote>\n<p><strong><a class=\"dt-pswp-item\" href=\"https:\/\/www.radiopiu.net\/wordpress\/wp-content\/uploads\/2022\/04\/VOLLEY-CLUB-AGORDINO.jpg\" data-dt-img-description=\"\" data-large_image_width=\"500\" data-large_image_height=\"512\"><img loading=\"lazy\" decoding=\"async\" class=\"wp-image-268787 alignleft\" src=\"https:\/\/www.radiopiu.net\/wordpress\/wp-content\/uploads\/2022\/04\/VOLLEY-CLUB-AGORDINO-293x300.jpg\" alt=\"\" width=\"137\" height=\"140\" srcset=\"https:\/\/www.radiopiu.net\/wordpress\/wp-content\/uploads\/2022\/04\/VOLLEY-CLUB-AGORDINO-293x300.jpg 293w, https:\/\/www.radiopiu.net\/wordpress\/wp-content\/uploads\/2022\/04\/VOLLEY-CLUB-AGORDINO.jpg 500w\" sizes=\"auto, (max-width: 137px) 100vw, 137px\" \/><\/a>CASTION &#8211; VOLLEY CLUB AGORDINO 1-3 (25-19, 15-25, 18-25, 21-25)<\/strong><\/p>\n<p>Terza vittoria consecutiva per il Volley Club Agordino che contro il Castion stenta ad ingranare ma chiude la sfida in quattro set. Le agordine continuano la marcia trionfale nella Coppa di Prima e Seconda Divisione mettendo a segno un&#8217;altro risultato positivo. Prima frazione di gara con le padrone di casa che incamerano il primo punto della serata. Squadra di Agordo che si sveglia nel secondo set pareggiando i conti con 10 punti di vantaggio. La storia si ripete anche nel terzo parziale con le agordine che si portano in vantaggio. Nel quarto set il Volley Club Agordino chiude la sfida nonostante che il Castion ce l&#8217;abbia messa tutta per impensierire le ragazze di De Nardin.<\/p>\n<p>&nbsp;<\/p>\n<blockquote>\n<h3>LE LUPE CHIUDONO LA COPPA VENETO CON UNA BELLA VITTORIA<\/h3>\n<\/blockquote>\n<p><b><a class=\"dt-pswp-item\" href=\"https:\/\/www.radiopiu.net\/wordpress\/wp-content\/uploads\/2022\/10\/Successo_nel_turno_finale_di_Coppa_Veneto.jpg\" data-dt-img-description=\"\" data-large_image_width=\"1280\" data-large_image_height=\"855\"><img loading=\"lazy\" decoding=\"async\" class=\" wp-image-301738 alignleft\" src=\"https:\/\/www.radiopiu.net\/wordpress\/wp-content\/uploads\/2022\/10\/Successo_nel_turno_finale_di_Coppa_Veneto-300x200.jpg\" alt=\"\" width=\"161\" height=\"107\" srcset=\"https:\/\/www.radiopiu.net\/wordpress\/wp-content\/uploads\/2022\/10\/Successo_nel_turno_finale_di_Coppa_Veneto-300x200.jpg 300w, https:\/\/www.radiopiu.net\/wordpress\/wp-content\/uploads\/2022\/10\/Successo_nel_turno_finale_di_Coppa_Veneto-1024x684.jpg 1024w, https:\/\/www.radiopiu.net\/wordpress\/wp-content\/uploads\/2022\/10\/Successo_nel_turno_finale_di_Coppa_Veneto-768x513.jpg 768w, https:\/\/www.radiopiu.net\/wordpress\/wp-content\/uploads\/2022\/10\/Successo_nel_turno_finale_di_Coppa_Veneto.jpg 1280w\" sizes=\"auto, (max-width: 161px) 100vw, 161px\" \/><\/a>VOLLEY PIAVE &#8211; HL IMMOBILIARE VOLLEY 0-3 (<\/b><strong>16-25, 18-25, 17-25)<\/strong><\/p>\n<p>L\u2019ultimo turno di Coppa Veneto sorride alla HL Immobiliare Volley. A Sernaglia della Battaglia, di fronte a un sestetto di categoria inferiore (serie D) come il Volley Piave, le ragazze di Paolo Viel chiudono la pratica in tre set e agganciano il quarto posto del girone eliminatorio.<span class=\"gmail-Apple-converted-space\"> \u00a0<\/span>Un piazzamento che non basta per obliterare il biglietto qualificazione, ma conferma la crescita costante di una squadra sempre pi\u00f9 in palla e sicura dei propri mezzi. Come \u00e8 sicura, anzi, sicurissima Elena Zago, grande protagonista di serata con ben 6 muri stampati. E la palma di top scorer, grazie ai suoi 15 punti.<span class=\"gmail-Apple-converted-space\"> \u00a0<\/span>Coach Paolo Viel, che ha dovuto rinunciare a Zambon e Casagrande, non nasconde la sua soddisfazione: \u00ab<em>Abbiamo provato tutte le ragazze e sperimentato alcune soluzioni &#8211; analizza il tecnico -. Nel complesso, \u00e8 andata bene: abbiamo sbagliato poco di fronte a un sestetto che vanta una buonissima difesa. Per mettere palla a terra, abbiamo dovuto impegnarci a fondo<\/em>\u00bb. Si chiude, quindi, il capitolo di coppa: \u00ab<em>Il bilancio tutto sommato \u00e8 positivo. In fondo abbiamo sbagliato una sola partita: quella di Limana. E se nella gara d\u2019esordio eravamo ancora un po\u2019 indietro in termini di preparazione, nelle altre abbiamo fatto la nostra parte<\/em>\u00bb.<span class=\"gmail-Apple-converted-space\">\u00a0<\/span><\/p>\n<p>&nbsp;<\/p>\n<p>&nbsp;<\/p>\n<hr \/>\n<p>&nbsp;<\/p>\n<blockquote>\n<h3>LA RACCOLTA FONDI PER AIUTARE L&#8217;ALLEGHE HOCKEY<\/h3>\n<\/blockquote>\n<p><strong><a class=\"dt-pswp-item\" href=\"https:\/\/www.radiopiu.net\/wordpress\/wp-content\/uploads\/2022\/10\/543dd19e-af42-414d-a1af-32fe5af49bb7.jpg\" data-dt-img-description=\"\" data-large_image_width=\"1024\" data-large_image_height=\"860\"><img loading=\"lazy\" decoding=\"async\" class=\" wp-image-300498 alignleft\" src=\"https:\/\/www.radiopiu.net\/wordpress\/wp-content\/uploads\/2022\/10\/543dd19e-af42-414d-a1af-32fe5af49bb7-300x252.jpg\" alt=\"\" width=\"187\" height=\"157\" srcset=\"https:\/\/www.radiopiu.net\/wordpress\/wp-content\/uploads\/2022\/10\/543dd19e-af42-414d-a1af-32fe5af49bb7-300x252.jpg 300w, https:\/\/www.radiopiu.net\/wordpress\/wp-content\/uploads\/2022\/10\/543dd19e-af42-414d-a1af-32fe5af49bb7-768x645.jpg 768w, https:\/\/www.radiopiu.net\/wordpress\/wp-content\/uploads\/2022\/10\/543dd19e-af42-414d-a1af-32fe5af49bb7.jpg 1024w\" sizes=\"auto, (max-width: 187px) 100vw, 187px\" \/><\/a>ALLEGHE<\/strong> \u00c8 partita la raccolta fondi per aiutare l&#8217;Alleghe Hockey in questa stagione che, dopo la chiusura dello stadio Alvise De Toni, si preannuncia travagliata. La squadra alleghese dovr\u00e0 sostenere delle trasferte sia per allenarsi che per giocare le partite in programma. Per questo \u00e8 stata lanciata una raccolta fondi su Eppela dove chiunque pu\u00f2 fare la propria donazione alla societ\u00e0 per aiutarla a pagare le spese.<\/p>\n<p><strong>IL MESSAGGIO DELL&#8217;ALLEGHE HOCKEY<\/strong><\/p>\n<blockquote><p><em>Il nostro Palaghiaccio \u00e8 CHIUSO dal 2 ottobre 2022 per l&#8217;enorme aumento dei costi dell&#8217;energia. Questo significa che i nostri atleti, dai piccolissimi fino ai ragazzi della senior, non possono pi\u00f9 allenarsi n\u00e8 giocare sul nostro ghiaccio. Ma non possono soprattutto socializzare, imparare e fare attivit\u00e0 fisica con i propri compagni di squadra. Tutti noi siamo turbati da questa situazione, ma tutti insieme abbiamo reagito e cos\u00ec, rimboccandosi le maniche la Societ\u00e0 ha riorganizzato le attivit\u00e0, riuscendo a pianificare la gestione degli allenamenti negli stadi di altri Comuni. Cosa faremo con il contributo raccolto? La raccolta ci permetter\u00e0 di sostenere i costi per le continue trasferte dei nostri atleti.\u00a0<\/em><\/p><\/blockquote>\n<p><strong>CHI VOLESSE AIUTARE L&#8217;ALLEGHE HOCKEY PUO&#8217; FARLO NEI PUNTI RACCOLTA FONDI, BAR BIANCO AD ALLEGHE E CAFFE&#8217; MINIERE DI AGORDO. OPPURE TRAMITE LA RACCOLTA FONDI ONLINE DI EPPELA <a href=\"https:\/\/www.eppela.com\/projects\/9059\">CLICCANDO QUI<\/a><\/strong><\/p>\n<h2>IL MESSAGGIO DEGLI EX GIOCATORI<\/h2>\n<div style=\"width: 848px;\" class=\"wp-video\"><video class=\"wp-video-shortcode\" id=\"video-301665-1\" width=\"848\" height=\"480\" preload=\"metadata\" controls=\"controls\"><source type=\"video\/mp4\" src=\"https:\/\/www.radiopiu.net\/wordpress\/wp-content\/uploads\/2022\/10\/WhatsApp-Video-2022-10-08-at-13.20.26.mp4?_=1\" \/><a href=\"https:\/\/www.radiopiu.net\/wordpress\/wp-content\/uploads\/2022\/10\/WhatsApp-Video-2022-10-08-at-13.20.26.mp4\">https:\/\/www.radiopiu.net\/wordpress\/wp-content\/uploads\/2022\/10\/WhatsApp-Video-2022-10-08-at-13.20.26.mp4<\/a><\/video><\/div>\n<p>&nbsp;<\/p>\n<p>&nbsp;<\/p>\n<\/div>\n<\/div>\n<\/div>\n<\/div>\n<\/div>\n<\/div>\n<\/div>\n<\/div>\n","protected":false},"excerpt":{"rendered":"<p>RADIO PIU INFORMAZIONE il canale su TELEGRAM informazione di prima\u00a0\u00a0mano e in tempo reale. iscriviti ed aiutaci a farlo conoscere &nbsp; &nbsp; BENTORNATO DON VITO CANALE D&#8217;AGORDO Don Vito de Vido torna a &#8220;casa&#8221;, tra la sua gente. Mancava da Canale d&#8217;Agordo e Vallada dallo scorso maggio dopo il grave incidente a Cencenighe, alle 18&hellip;<\/p>\n","protected":false},"author":4,"featured_media":301827,"comment_status":"closed","ping_status":"closed","sticky":false,"template":"","format":"standard","meta":{"_monsterinsights_skip_tracking":false,"_monsterinsights_sitenote_active":false,"_monsterinsights_sitenote_note":"","_monsterinsights_sitenote_category":0,"footnotes":""},"categories":[51,86,49],"tags":[],"class_list":["post-301665","post","type-post","status-publish","format-standard","has-post-thumbnail","hentry","category-evidenza-top","category-gr","category-news-18","category-51","category-86","category-49","description-off"],"img_url":"https:\/\/www.radiopiu.net\/wordpress\/wp-content\/uploads\/2022\/10\/ADM_8033-scaled.jpg","_links":{"self":[{"href":"https:\/\/www.radiopiu.net\/wordpress\/wp-json\/wp\/v2\/posts\/301665","targetHints":{"allow":["GET"]}}],"collection":[{"href":"https:\/\/www.radiopiu.net\/wordpress\/wp-json\/wp\/v2\/posts"}],"about":[{"href":"https:\/\/www.radiopiu.net\/wordpress\/wp-json\/wp\/v2\/types\/post"}],"author":[{"embeddable":true,"href":"https:\/\/www.radiopiu.net\/wordpress\/wp-json\/wp\/v2\/users\/4"}],"replies":[{"embeddable":true,"href":"https:\/\/www.radiopiu.net\/wordpress\/wp-json\/wp\/v2\/comments?post=301665"}],"version-history":[{"count":0,"href":"https:\/\/www.radiopiu.net\/wordpress\/wp-json\/wp\/v2\/posts\/301665\/revisions"}],"wp:featuredmedia":[{"embeddable":true,"href":"https:\/\/www.radiopiu.net\/wordpress\/wp-json\/wp\/v2\/media\/301827"}],"wp:attachment":[{"href":"https:\/\/www.radiopiu.net\/wordpress\/wp-json\/wp\/v2\/media?parent=301665"}],"wp:term":[{"taxonomy":"category","embeddable":true,"href":"https:\/\/www.radiopiu.net\/wordpress\/wp-json\/wp\/v2\/categories?post=301665"},{"taxonomy":"post_tag","embeddable":true,"href":"https:\/\/www.radiopiu.net\/wordpress\/wp-json\/wp\/v2\/tags?post=301665"}],"curies":[{"name":"wp","href":"https:\/\/api.w.org\/{rel}","templated":true}]}}