{"id":301668,"date":"2022-10-15T12:56:56","date_gmt":"2022-10-15T10:56:56","guid":{"rendered":"https:\/\/www.radiopiu.net\/wordpress\/?p=301668"},"modified":"2022-10-15T12:56:56","modified_gmt":"2022-10-15T10:56:56","slug":"oggi-si-festeggiano-i-150-anni-degli-alpini","status":"publish","type":"post","link":"https:\/\/www.radiopiu.net\/wordpress\/oggi-si-festeggiano-i-150-anni-degli-alpini\/","title":{"rendered":"OGGI SI FESTEGGIANO I 150 ANNI DEGLI ALPINI"},"content":{"rendered":"<p><strong><a class=\"dt-pswp-item\" href=\"https:\/\/www.radiopiu.net\/wordpress\/wp-content\/uploads\/2022\/05\/alpini-647542_960_720.jpg\" data-dt-img-description=\"\" data-large_image_width=\"960\" data-large_image_height=\"640\"><img loading=\"lazy\" decoding=\"async\" class=\" wp-image-275532 alignleft\" src=\"https:\/\/www.radiopiu.net\/wordpress\/wp-content\/uploads\/2022\/05\/alpini-647542_960_720-300x200.jpg\" alt=\"\" width=\"164\" height=\"109\" srcset=\"https:\/\/www.radiopiu.net\/wordpress\/wp-content\/uploads\/2022\/05\/alpini-647542_960_720-300x200.jpg 300w, https:\/\/www.radiopiu.net\/wordpress\/wp-content\/uploads\/2022\/05\/alpini-647542_960_720-768x512.jpg 768w, https:\/\/www.radiopiu.net\/wordpress\/wp-content\/uploads\/2022\/05\/alpini-647542_960_720.jpg 960w\" sizes=\"auto, (max-width: 164px) 100vw, 164px\" \/><\/a>VENEZIA <\/strong>\u201c<em>Il 15 ottobre del 1872 nasceva una delle pi\u00f9 belle storie di sempre: quella degli alpini. 150 anni di eroismo, abnegazione, strenua difesa della libert\u00e0 in tempo di guerra, generosit\u00e0 e altruismo senza pari in tempo di pace, attraverso un volontariato eccezionale per numeri e dedizione. Oggi gli alpini compiono 150 anni. Buon compleanno alpini. Vi vogliamo bene<\/em>\u201d. Cos\u00ec il Presidente della Regione Veneto, Luca Zaia, \u201cfesteggia\u201d il 150^ compleanno degli alpini, che si celebra oggi a Napoli. \u201c<em>Come dico sempre con tutta la convinzione possibile \u2013 prosegue il Governatore \u2013 se non ci fossero bisognerebbe inventarli, e non \u00e8 uno slogan, \u00e8 un sentimento. Particolarmente forte in Veneto, che ricorda le loro gesta durante la Grande Guerra e vive ogni giorno la loro generosit\u00e0 nel portare aiuto alle popolazioni colpite da tragedie e calamit\u00e0. Li abbiamo visti all\u2019opera mille e mille volte: a portare aiuto alla gente in un\u2019alluvione, a intervenire, primi ad arrivare e ultimi ad andarsene, a seguito di calamit\u00e0 di ogni genere. Un ricordo per tutti: quando la montagna veneta fu travolta dalla tempesta Vaia diedero un contributo straordinario, di braccia, di cervelli, di organizzazione, di attaccamento alla terra montana cos\u00ec duramente colpita. Un solo esempio che basta per tutti<\/em>\u201d. \u201c<em>Per questo invio il mio pi\u00f9 sincero augurio anche al Presidente dell\u2019Associazione Nazionale Alpini, il nostro veneto Sebastiano Favero, che guida un esercito di 340 mila grandi uomini e donne che sono il nostro orgoglio<\/em>\u201d.<\/p>\n<p>&nbsp;<\/p>\n<p>&nbsp;<\/p>\n<p>&nbsp;<\/p>\n<p>********<\/p>\n<p>&nbsp;<\/p>\n","protected":false},"excerpt":{"rendered":"<p>VENEZIA \u201cIl 15 ottobre del 1872 nasceva una delle pi\u00f9 belle storie di sempre: quella degli alpini. 150 anni di eroismo, abnegazione, strenua difesa della libert\u00e0 in tempo di guerra, generosit\u00e0 e altruismo senza pari in tempo di pace, attraverso un volontariato eccezionale per numeri e dedizione. Oggi gli alpini compiono 150 anni. Buon compleanno&hellip;<\/p>\n","protected":false},"author":4,"featured_media":275532,"comment_status":"closed","ping_status":"closed","sticky":false,"template":"","format":"standard","meta":{"_monsterinsights_skip_tracking":false,"_monsterinsights_sitenote_active":false,"_monsterinsights_sitenote_note":"","_monsterinsights_sitenote_category":0,"footnotes":""},"categories":[49],"tags":[],"class_list":["post-301668","post","type-post","status-publish","format-standard","has-post-thumbnail","hentry","category-news-18","category-49","description-off"],"img_url":"https:\/\/www.radiopiu.net\/wordpress\/wp-content\/uploads\/2022\/05\/alpini-647542_960_720.jpg","_links":{"self":[{"href":"https:\/\/www.radiopiu.net\/wordpress\/wp-json\/wp\/v2\/posts\/301668","targetHints":{"allow":["GET"]}}],"collection":[{"href":"https:\/\/www.radiopiu.net\/wordpress\/wp-json\/wp\/v2\/posts"}],"about":[{"href":"https:\/\/www.radiopiu.net\/wordpress\/wp-json\/wp\/v2\/types\/post"}],"author":[{"embeddable":true,"href":"https:\/\/www.radiopiu.net\/wordpress\/wp-json\/wp\/v2\/users\/4"}],"replies":[{"embeddable":true,"href":"https:\/\/www.radiopiu.net\/wordpress\/wp-json\/wp\/v2\/comments?post=301668"}],"version-history":[{"count":0,"href":"https:\/\/www.radiopiu.net\/wordpress\/wp-json\/wp\/v2\/posts\/301668\/revisions"}],"wp:featuredmedia":[{"embeddable":true,"href":"https:\/\/www.radiopiu.net\/wordpress\/wp-json\/wp\/v2\/media\/275532"}],"wp:attachment":[{"href":"https:\/\/www.radiopiu.net\/wordpress\/wp-json\/wp\/v2\/media?parent=301668"}],"wp:term":[{"taxonomy":"category","embeddable":true,"href":"https:\/\/www.radiopiu.net\/wordpress\/wp-json\/wp\/v2\/categories?post=301668"},{"taxonomy":"post_tag","embeddable":true,"href":"https:\/\/www.radiopiu.net\/wordpress\/wp-json\/wp\/v2\/tags?post=301668"}],"curies":[{"name":"wp","href":"https:\/\/api.w.org\/{rel}","templated":true}]}}