{"id":301671,"date":"2022-10-15T13:08:59","date_gmt":"2022-10-15T11:08:59","guid":{"rendered":"https:\/\/www.radiopiu.net\/wordpress\/?p=301671"},"modified":"2022-10-15T13:08:59","modified_gmt":"2022-10-15T11:08:59","slug":"medici-di-medicina-generale-nuove-forze-e-cambi-in-arrivo","status":"publish","type":"post","link":"https:\/\/www.radiopiu.net\/wordpress\/medici-di-medicina-generale-nuove-forze-e-cambi-in-arrivo\/","title":{"rendered":"MEDICI DI MEDICINA GENERALE: NUOVE FORZE E CAMBI IN ARRIVO"},"content":{"rendered":"<p><strong><a class=\"dt-pswp-item\" href=\"https:\/\/www.radiopiu.net\/wordpress\/wp-content\/uploads\/2020\/10\/Medicodimedicinagenerale.jpg\" data-dt-img-description=\"\" data-large_image_width=\"1200\" data-large_image_height=\"790\"><img loading=\"lazy\" decoding=\"async\" class=\" wp-image-167000 alignleft\" src=\"https:\/\/www.radiopiu.net\/wordpress\/wp-content\/uploads\/2020\/10\/Medicodimedicinagenerale-300x198.jpg\" alt=\"\" width=\"152\" height=\"100\" srcset=\"https:\/\/www.radiopiu.net\/wordpress\/wp-content\/uploads\/2020\/10\/Medicodimedicinagenerale-300x198.jpg 300w, https:\/\/www.radiopiu.net\/wordpress\/wp-content\/uploads\/2020\/10\/Medicodimedicinagenerale-1024x674.jpg 1024w, https:\/\/www.radiopiu.net\/wordpress\/wp-content\/uploads\/2020\/10\/Medicodimedicinagenerale-768x506.jpg 768w, https:\/\/www.radiopiu.net\/wordpress\/wp-content\/uploads\/2020\/10\/Medicodimedicinagenerale.jpg 1200w\" sizes=\"auto, (max-width: 152px) 100vw, 152px\" \/><\/a>BELLUNO <\/strong>Buone notizie nell\u2019assistenza territoriale: per tutte le cessazioni \u00e8 stata trovata una soluzione, grazie anche all\u2019ingresso di un nuovo medico proveniente da altra regione. <strong>CESIOMAGGIORE <\/strong>A met\u00e0 novembre prender\u00e0 servizio il dr<strong> Mansueto Basilio, nell\u2019<\/strong>ambito territoriale di Cesiomaggiore. Il professionista, proveniente dalla Calabria, ha accettato l\u2019incarico e da met\u00e0 del prossimo mese sar\u00e0 disponibile per farsi carico degli ex assistiti della dottoressa Serio, che provvisoriamente erano stati seguiti dalla dottoressa Lamanna. <strong>PEDAVENA\u00a0 <\/strong>Gli assistiti della dottoressa Celleghin, che a fine mese cesser\u00e0 l\u2019attuale incarico di medico di assistenza primaria a Pedavena per assumerlo in un altro ambito territoriale dell\u2019Azienda, saranno assegnati d\u2019ufficio alla dottoressa Francesca Cassol che ha accettato l\u2019incarico. <strong>SANTO STEFANO DI CADORE <\/strong>A fine ottobre, cesser\u00e0 il servizio di assistenza primaria il dr Aldo Bettini a Santo Stefano di Cadore: \u00e8 gi\u00e0 stato individuato un nuovo professionista a cui nelle prossime settimane sar\u00e0 affidato l\u2019incarico. <strong>ALPAGO <\/strong>\u00c8 stato prorogato l\u2019incarico al dottor Vincenzo Martino che continuer\u00e0 a prestare servizio in Alpago.<\/p>\n<p>&nbsp;<\/p>\n<p>&nbsp;<\/p>\n<p>******<\/p>\n","protected":false},"excerpt":{"rendered":"<p>BELLUNO Buone notizie nell\u2019assistenza territoriale: per tutte le cessazioni \u00e8 stata trovata una soluzione, grazie anche all\u2019ingresso di un nuovo medico proveniente da altra regione. CESIOMAGGIORE A met\u00e0 novembre prender\u00e0 servizio il dr Mansueto Basilio, nell\u2019ambito territoriale di Cesiomaggiore. Il professionista, proveniente dalla Calabria, ha accettato l\u2019incarico e da met\u00e0 del prossimo mese sar\u00e0 disponibile&hellip;<\/p>\n","protected":false},"author":4,"featured_media":167000,"comment_status":"closed","ping_status":"closed","sticky":false,"template":"","format":"standard","meta":{"_monsterinsights_skip_tracking":false,"_monsterinsights_sitenote_active":false,"_monsterinsights_sitenote_note":"","_monsterinsights_sitenote_category":0,"footnotes":""},"categories":[49],"tags":[],"class_list":["post-301671","post","type-post","status-publish","format-standard","has-post-thumbnail","hentry","category-news-18","category-49","description-off"],"img_url":"https:\/\/www.radiopiu.net\/wordpress\/wp-content\/uploads\/2020\/10\/Medicodimedicinagenerale.jpg","_links":{"self":[{"href":"https:\/\/www.radiopiu.net\/wordpress\/wp-json\/wp\/v2\/posts\/301671","targetHints":{"allow":["GET"]}}],"collection":[{"href":"https:\/\/www.radiopiu.net\/wordpress\/wp-json\/wp\/v2\/posts"}],"about":[{"href":"https:\/\/www.radiopiu.net\/wordpress\/wp-json\/wp\/v2\/types\/post"}],"author":[{"embeddable":true,"href":"https:\/\/www.radiopiu.net\/wordpress\/wp-json\/wp\/v2\/users\/4"}],"replies":[{"embeddable":true,"href":"https:\/\/www.radiopiu.net\/wordpress\/wp-json\/wp\/v2\/comments?post=301671"}],"version-history":[{"count":0,"href":"https:\/\/www.radiopiu.net\/wordpress\/wp-json\/wp\/v2\/posts\/301671\/revisions"}],"wp:featuredmedia":[{"embeddable":true,"href":"https:\/\/www.radiopiu.net\/wordpress\/wp-json\/wp\/v2\/media\/167000"}],"wp:attachment":[{"href":"https:\/\/www.radiopiu.net\/wordpress\/wp-json\/wp\/v2\/media?parent=301671"}],"wp:term":[{"taxonomy":"category","embeddable":true,"href":"https:\/\/www.radiopiu.net\/wordpress\/wp-json\/wp\/v2\/categories?post=301671"},{"taxonomy":"post_tag","embeddable":true,"href":"https:\/\/www.radiopiu.net\/wordpress\/wp-json\/wp\/v2\/tags?post=301671"}],"curies":[{"name":"wp","href":"https:\/\/api.w.org\/{rel}","templated":true}]}}