{"id":301677,"date":"2022-10-15T13:19:53","date_gmt":"2022-10-15T11:19:53","guid":{"rendered":"https:\/\/www.radiopiu.net\/wordpress\/?p=301677"},"modified":"2022-10-15T13:21:32","modified_gmt":"2022-10-15T11:21:32","slug":"inclusivita-benessere-psicologico-sostenibilita-ambientale-in-marcolin-azienda-e-sindacati-siglano-il-contratto-integrativo-di-secondo-livello","status":"publish","type":"post","link":"https:\/\/www.radiopiu.net\/wordpress\/inclusivita-benessere-psicologico-sostenibilita-ambientale-in-marcolin-azienda-e-sindacati-siglano-il-contratto-integrativo-di-secondo-livello\/","title":{"rendered":"INCLUSIVITA&#8217;, BENESSERE PSICOLOGICO, SOSTENIBILITA&#8217; AMBIENTALE: IN MARCOLIN AZIENDA E SINDACATI SIGLANO IL CONTRATTO INTEGRATIVO DI SECONDO LIVELLO"},"content":{"rendered":"<p><strong><a class=\"dt-pswp-item\" href=\"https:\/\/www.radiopiu.net\/wordpress\/wp-content\/uploads\/2022\/10\/MARCOLIN-LONGARONE.jpg\" data-dt-img-description=\"\" data-large_image_width=\"570\" data-large_image_height=\"400\"><img loading=\"lazy\" decoding=\"async\" class=\" wp-image-301678 alignleft\" src=\"https:\/\/www.radiopiu.net\/wordpress\/wp-content\/uploads\/2022\/10\/MARCOLIN-LONGARONE-300x211.jpg\" alt=\"\" width=\"176\" height=\"124\" srcset=\"https:\/\/www.radiopiu.net\/wordpress\/wp-content\/uploads\/2022\/10\/MARCOLIN-LONGARONE-300x211.jpg 300w, https:\/\/www.radiopiu.net\/wordpress\/wp-content\/uploads\/2022\/10\/MARCOLIN-LONGARONE.jpg 570w\" sizes=\"auto, (max-width: 176px) 100vw, 176px\" \/><\/a>LONGARONE\u00a0 <\/strong>Inclusivit\u00e0, benessere familiare e psicologico, premi di risultato sul risparmio energetico. Sono alcuni dei capisaldi del contratto integrativo di secondo livello siglato da Marcolin spa &#8211; con il supporto di Confindustria Belluno Dolomiti &#8211; e le organizzazioni sindacali Filtcem Cgil e Femca Cisl accanto alle Rsu. L\u2019accordo \u2013 che riguarda circa un migliaio di lavoratori degli stabilimenti italiani del Gruppo \u2013 sar\u00e0 valido nel triennio 2023-2025. \u201cSi tratta di un contratto moderno e innovativo che mette al centro la cura della persona\u201d, afferma Sabrina Paulon, Group Hr Director di Marcolin. \u201cAbbiamo voluto sviluppare il concetto di \u201crispetto\u201d in tutte le sue sfaccettature, prestando la massima attenzione agli aspetti umani\u201d. Per questo, ampio spazio \u00e8 stato dedicato alla \u201cconciliazione\u201d degli impegni lavorativi con quelli extra-lavorativi, soprattutto familiari: da qui il potenziamento degli strumenti flessibili di gestione degli orari di lavoro. \u00a0\u201cAndiamo dall\u2019estensione della flessibilit\u00e0 dell\u2019entrata e dell\u2019uscita anche in alcune aree della produzione alle agevolazioni nelle procedure di cambio turno, passando per i permessi solidali e il part time. Un capitolo specifico riguarda i permessi particolari per le visite mediche e l\u2019assistenza dei figli\u201d, elenca punto per punto Paulon. Massima attenzione \u00e8 stata posta al benessere psichico di lavoratrici e lavoratori nella loro dimensione individuale: \u201cPotenzieremo il servizio gratuito di assistenza psicologica, dove ognuno si senta accolto e non giudicato\u201d, sottolinea Paulon. E proprio l\u2019inclusivit\u00e0 \u00e8 uno dei valori rimarcati dal nuovo accordo. \u201cLa sicurezza sul lavoro va intesa nella sua accezione pi\u00f9 ampia. Valorizzare le differenze, garantendo a tutti la partecipazione alla vita aziendale, \u00e8 una priorit\u00e0. La diversit\u00e0 e le differenti abilit\u00e0 sono un valore aggiunto. Collegato\u201d, prosegue Paulon, \u201c\u00e8 il tema delle competenze e della formazione continua, che sar\u00e0 affidato a un\u2019Academy interna. Quello che ci deve interessare \u00e8 il talento e la sua valorizzazione\u201d. Anche gli elementi economici del contratto sono stati declinati in chiave innovativa. \u201cPrevediamo una partecipazione effettiva agli obiettivi aziendali: premio di risultato sar\u00e0 legati al risparmio energetico e ai livelli qualitativi del prodotto. In questo modo favoriamo concretamente la sostenibilit\u00e0 ambientale\u201d, dice Paulon. In tutte le fasi della concertazione l\u2019azienda \u00e8 stata supportata dall\u2019Associazione degli Industriali bellunesi rappresentata da Luca Carniello, funzionario dell\u2019Area Risorse Umane e Relazioni Industriali. \u00c8 stato un lavoro di squadra\u201d, conclude Paulon, \u201cdove ciascuno &#8211; azienda, Associazione, sindacati, rsu \u2013 ha portato il suo contributo nella convinzione che l\u2019innovazione in fabbrica non \u00e8 solo di prodotto o di processo, ma anche umana e sociale\u201d.<\/p>\n<p>&nbsp;<\/p>\n<p>&nbsp;<\/p>\n<p>&nbsp;<\/p>\n<p>*****<\/p>\n","protected":false},"excerpt":{"rendered":"<p>LONGARONE\u00a0 Inclusivit\u00e0, benessere familiare e psicologico, premi di risultato sul risparmio energetico. Sono alcuni dei capisaldi del contratto integrativo di secondo livello siglato da Marcolin spa &#8211; con il supporto di Confindustria Belluno Dolomiti &#8211; e le organizzazioni sindacali Filtcem Cgil e Femca Cisl accanto alle Rsu. L\u2019accordo \u2013 che riguarda circa un migliaio di&hellip;<\/p>\n","protected":false},"author":4,"featured_media":301678,"comment_status":"closed","ping_status":"closed","sticky":false,"template":"","format":"standard","meta":{"_monsterinsights_skip_tracking":false,"_monsterinsights_sitenote_active":false,"_monsterinsights_sitenote_note":"","_monsterinsights_sitenote_category":0,"footnotes":""},"categories":[49],"tags":[],"class_list":["post-301677","post","type-post","status-publish","format-standard","has-post-thumbnail","hentry","category-news-18","category-49","description-off"],"img_url":"https:\/\/www.radiopiu.net\/wordpress\/wp-content\/uploads\/2022\/10\/MARCOLIN-LONGARONE.jpg","_links":{"self":[{"href":"https:\/\/www.radiopiu.net\/wordpress\/wp-json\/wp\/v2\/posts\/301677","targetHints":{"allow":["GET"]}}],"collection":[{"href":"https:\/\/www.radiopiu.net\/wordpress\/wp-json\/wp\/v2\/posts"}],"about":[{"href":"https:\/\/www.radiopiu.net\/wordpress\/wp-json\/wp\/v2\/types\/post"}],"author":[{"embeddable":true,"href":"https:\/\/www.radiopiu.net\/wordpress\/wp-json\/wp\/v2\/users\/4"}],"replies":[{"embeddable":true,"href":"https:\/\/www.radiopiu.net\/wordpress\/wp-json\/wp\/v2\/comments?post=301677"}],"version-history":[{"count":0,"href":"https:\/\/www.radiopiu.net\/wordpress\/wp-json\/wp\/v2\/posts\/301677\/revisions"}],"wp:featuredmedia":[{"embeddable":true,"href":"https:\/\/www.radiopiu.net\/wordpress\/wp-json\/wp\/v2\/media\/301678"}],"wp:attachment":[{"href":"https:\/\/www.radiopiu.net\/wordpress\/wp-json\/wp\/v2\/media?parent=301677"}],"wp:term":[{"taxonomy":"category","embeddable":true,"href":"https:\/\/www.radiopiu.net\/wordpress\/wp-json\/wp\/v2\/categories?post=301677"},{"taxonomy":"post_tag","embeddable":true,"href":"https:\/\/www.radiopiu.net\/wordpress\/wp-json\/wp\/v2\/tags?post=301677"}],"curies":[{"name":"wp","href":"https:\/\/api.w.org\/{rel}","templated":true}]}}