{"id":301692,"date":"2022-10-15T15:03:00","date_gmt":"2022-10-15T13:03:00","guid":{"rendered":"https:\/\/www.radiopiu.net\/wordpress\/?p=301692"},"modified":"2022-10-17T06:08:04","modified_gmt":"2022-10-17T04:08:04","slug":"questa-e-la-nostra-storia-il-libro-pensato-e-ideato-dallo-spi-cgil-verra-presentato-lunedi","status":"publish","type":"post","link":"https:\/\/www.radiopiu.net\/wordpress\/questa-e-la-nostra-storia-il-libro-pensato-e-ideato-dallo-spi-cgil-verra-presentato-lunedi\/","title":{"rendered":"&#8220;QUESTA E&#8217; LA NOSTRA STORIA&#8221; IL LIBRO PENSATO E IDEATO DALLO SPI CGIL VERRA&#8217; PRESENTATO LUNEDI&#8217;"},"content":{"rendered":"<p><strong><a class=\"dt-pswp-item\" href=\"https:\/\/www.radiopiu.net\/wordpress\/wp-content\/uploads\/2022\/10\/Presentazione-Questa-e\u0300-la-nostra-storia_17_10_22.jpg\" data-dt-img-description=\"\" data-large_image_width=\"1181\" data-large_image_height=\"1358\"><img loading=\"lazy\" decoding=\"async\" class=\" wp-image-301693 alignleft\" src=\"https:\/\/www.radiopiu.net\/wordpress\/wp-content\/uploads\/2022\/10\/Presentazione-Questa-e\u0300-la-nostra-storia_17_10_22-261x300.jpg\" alt=\"\" width=\"134\" height=\"154\" srcset=\"https:\/\/www.radiopiu.net\/wordpress\/wp-content\/uploads\/2022\/10\/Presentazione-Questa-e\u0300-la-nostra-storia_17_10_22-261x300.jpg 261w, https:\/\/www.radiopiu.net\/wordpress\/wp-content\/uploads\/2022\/10\/Presentazione-Questa-e\u0300-la-nostra-storia_17_10_22-891x1024.jpg 891w, https:\/\/www.radiopiu.net\/wordpress\/wp-content\/uploads\/2022\/10\/Presentazione-Questa-e\u0300-la-nostra-storia_17_10_22-768x883.jpg 768w, https:\/\/www.radiopiu.net\/wordpress\/wp-content\/uploads\/2022\/10\/Presentazione-Questa-e\u0300-la-nostra-storia_17_10_22.jpg 1181w\" sizes=\"auto, (max-width: 134px) 100vw, 134px\" \/><\/a>BELLUNO<\/strong> Risale a marzo l\u2019appello dello Spi Cgil di Belluno ai cittadini della provincia a condividere ricordi, documenti e immagini storiche, anche ritagli di giornale, contratti, tessere sindacali, per creare un racconto collettivo del territorio dagli anni \u201950 in poi. Ora il volume \u00e8 stampato con il titolo &#8220;QUESTA \u00c8 LA NOSTRA STORIA&#8221;. Lo Spi Cgil lo presenta il 17 ottobre prossimo ore 15.30 in sala Bianchi, in viale Fantuzzi 1, a Belluno. Alla presentazione, coordinata da Gabriele Ganz della segretaria dello Spi di Belluno, interverranno Enrico Bacchetti, Direttore Isbrec, Loris Santomaso, storico scrittore e giornalista, Maria Rita Gentilin, segretaria generale Spi Belluno, e Elena Di Gregorio, segretaria generale Spi Veneto. Pi\u00f9 che un libro un viaggio.. Questo viaggio \u00e8 iniziato pensando al prossimo congresso dello Spi Cgil. Il congresso \u00e8 il momento pi\u00f9 significativo della nostra organizzazione, in cui ci si riunisce e si discute nelle assemblee territoriali, ci si impegna ad eliminare criticit\u00e0 e ci si impone di perseguire gli obiettivi condivisi nei documenti congressuali. Segna sempre un cambio di passo. Lo Spi ha voluto, per questo momento, consegnare ai propri iscritti la memoria degli anni vissuti. Il volume sar\u00e0 consegnato a tutti coloro che frequenteranno le nostre assemblee precongressuali. Il forte calo demografico verificatosi negli ultimi 12 anni nella nostra provincia <em>(dal 2008 al 2020 sono venute a mancare 14.322 persone)<\/em> \u00e8 stato il motivo profondo di questa pubblicazione. Di fatto si \u00e8 avvertito un bisogno di trattenere il vissuto, di dare protagonismo alle persone, di farle partecipare a questa narrazione collettiva. Sono state le persone anziane che frequentano le nostre sedi, timidamente, a consegnare i materiali. Fotografie a colori e in bianco e nero, testimonianze scritte che lasciano traccia dello sforzo e del sacrificio, e del mondo del lavoro che si intreccia con la vita quotidiana. Un libro nato per non far scorrere il tempo senza lasciare un\u2019orma sul terreno della memoria, costruito appositamente per fermare in pochi fotogrammi la realt\u00e0 vissuta dagli anni \u201850 ad oggi. Preziose testimonianze scritte di quanto \u00e8 costato emigrare, di quanta desolazione dopo l\u2019alluvione del 66 e di quanto come e dove abbiamo lavorato, parlato, scritto, faticato, sorriso.<\/p>\n<p>&nbsp;<\/p>\n<p>&nbsp;<\/p>\n<p>*****<\/p>\n","protected":false},"excerpt":{"rendered":"<p>BELLUNO Risale a marzo l\u2019appello dello Spi Cgil di Belluno ai cittadini della provincia a condividere ricordi, documenti e immagini storiche, anche ritagli di giornale, contratti, tessere sindacali, per creare un racconto collettivo del territorio dagli anni \u201950 in poi. Ora il volume \u00e8 stampato con il titolo &#8220;QUESTA \u00c8 LA NOSTRA STORIA&#8221;. Lo Spi&hellip;<\/p>\n","protected":false},"author":4,"featured_media":301693,"comment_status":"closed","ping_status":"closed","sticky":false,"template":"","format":"standard","meta":{"_monsterinsights_skip_tracking":false,"_monsterinsights_sitenote_active":false,"_monsterinsights_sitenote_note":"","_monsterinsights_sitenote_category":0,"footnotes":""},"categories":[104,49],"tags":[],"class_list":["post-301692","post","type-post","status-publish","format-standard","has-post-thumbnail","hentry","category-evidenza_3","category-news-18","category-104","category-49","description-off"],"img_url":"https:\/\/www.radiopiu.net\/wordpress\/wp-content\/uploads\/2022\/10\/Presentazione-Questa-e\u0300-la-nostra-storia_17_10_22.jpg","_links":{"self":[{"href":"https:\/\/www.radiopiu.net\/wordpress\/wp-json\/wp\/v2\/posts\/301692","targetHints":{"allow":["GET"]}}],"collection":[{"href":"https:\/\/www.radiopiu.net\/wordpress\/wp-json\/wp\/v2\/posts"}],"about":[{"href":"https:\/\/www.radiopiu.net\/wordpress\/wp-json\/wp\/v2\/types\/post"}],"author":[{"embeddable":true,"href":"https:\/\/www.radiopiu.net\/wordpress\/wp-json\/wp\/v2\/users\/4"}],"replies":[{"embeddable":true,"href":"https:\/\/www.radiopiu.net\/wordpress\/wp-json\/wp\/v2\/comments?post=301692"}],"version-history":[{"count":0,"href":"https:\/\/www.radiopiu.net\/wordpress\/wp-json\/wp\/v2\/posts\/301692\/revisions"}],"wp:featuredmedia":[{"embeddable":true,"href":"https:\/\/www.radiopiu.net\/wordpress\/wp-json\/wp\/v2\/media\/301693"}],"wp:attachment":[{"href":"https:\/\/www.radiopiu.net\/wordpress\/wp-json\/wp\/v2\/media?parent=301692"}],"wp:term":[{"taxonomy":"category","embeddable":true,"href":"https:\/\/www.radiopiu.net\/wordpress\/wp-json\/wp\/v2\/categories?post=301692"},{"taxonomy":"post_tag","embeddable":true,"href":"https:\/\/www.radiopiu.net\/wordpress\/wp-json\/wp\/v2\/tags?post=301692"}],"curies":[{"name":"wp","href":"https:\/\/api.w.org\/{rel}","templated":true}]}}