{"id":301707,"date":"2022-10-15T17:20:50","date_gmt":"2022-10-15T15:20:50","guid":{"rendered":"https:\/\/www.radiopiu.net\/wordpress\/?p=301707"},"modified":"2022-10-15T17:20:50","modified_gmt":"2022-10-15T15:20:50","slug":"terminata-la-pulizia-del-ponte-degli-alpini-a-belluno","status":"publish","type":"post","link":"https:\/\/www.radiopiu.net\/wordpress\/terminata-la-pulizia-del-ponte-degli-alpini-a-belluno\/","title":{"rendered":"TERMINATA LA PULIZIA DEL PONTE DEGLI ALPINI A BELLUNO"},"content":{"rendered":"<p><strong>BELLUNO <\/strong>L\u2019operazione restyling ponte degli Alpini \u00e8 iniziata. Nella serata di venerd\u00ec la ditta incaricata dal Comune, la Lena di Agordo, ha pulito i parapetti della struttura lungo entrambi i lati. Seguir\u00e0 la pulizia della carreggiata e dei marciapiedi da parte di Bellunum e, poi, la sostituzione dei led non funzionanti. \u201cE\u2019 il nostro biglietto da visita per chi entra in citt\u00e0 e una delle porte di accesso al centro storico \u2013 commenta il sindaco, Oscar De Pellegrin -, \u00e8 nostra intenzione mantenerlo sempre\u00a0\u00a0 in ordine. Verr\u00e0 steso un crono programma, in cui inserire a cadenza regolare attivit\u00e0 di manutenzione ordinaria. La pulizia, per esempio, vorremmo prevederla ogni due, massimo tre anni. Il decoro parte anche dalle piccole azioni, in questo caso parliamo di uno dei simboli della nostra citt\u00e0, luogo di passaggio ogni giorno di migliaia di auto di bellunesi, ma anche di turisti\u201d. La ditta \u00e8 entrata in azione con l\u2019idropulitrice attorno alle 20 di venerd\u00ec per terminare il lavoro poco dopo l\u2019una. Per agevolare l\u2019operazione ai due ingressi sono stati posizionati semafori per rendere a senso unico alternato la viabilit\u00e0. Il getto di acqua calda ha permesso di liberare i tombini e di rimuovere dalle balaustre lo sporco accumulatosi in oltre dieci anni, ridando loro il colore bianco originario. \u201cPer l\u2019intero piano, parlo della pulizia e della sostituzione led, abbiamo ricavato dalle pieghe del bilancio 22 mila euro \u2013 spiega il vice sindaco e assessore al bilancio, Paolo Gamba -. I tempi sono difficili, ma il decoro e l\u2019accoglienza passano anche per interventi come questo\u201d.<\/p>\n\n\t\t\t<style type='text\/css'>\n\t\t\t\t#gallery-1 {\n\t\t\t\t\tmargin: auto;\n\t\t\t\t}\n\t\t\t\t#gallery-1 .gallery-item {\n\t\t\t\t\tfloat: left;\n\t\t\t\t\tmargin-top: 10px;\n\t\t\t\t\ttext-align: center;\n\t\t\t\t\twidth: 33%;\n\t\t\t\t}\n\t\t\t\t#gallery-1 img {\n\t\t\t\t\tborder: 2px solid #cfcfcf;\n\t\t\t\t}\n\t\t\t\t#gallery-1 .gallery-caption {\n\t\t\t\t\tmargin-left: 0;\n\t\t\t\t}\n\t\t\t\t\/* see gallery_shortcode() in wp-includes\/media.php *\/\n\t\t\t<\/style>\n\t\t<div id='gallery-1' class='dt-gallery-container gallery galleryid-301707 gallery-columns-3 gallery-size-thumbnail'><dl class='gallery-item'>\n\t\t\t\t<dt class='gallery-icon portrait'>\n\t\t\t\t\t<a class=\"rollover rollover-zoom dt-pswp-item\" title=\"Pulizia_1\" data-dt-img-description=\"\" data-large_image_width=\"768\" data-large_image_height=\"1024\"href='https:\/\/www.radiopiu.net\/wordpress\/wp-content\/uploads\/2022\/10\/Pulizia_1.jpeg'><img loading=\"lazy\" decoding=\"async\" width=\"150\" height=\"150\" src=\"https:\/\/www.radiopiu.net\/wordpress\/wp-content\/uploads\/2022\/10\/Pulizia_1-150x150.jpeg\" class=\"attachment-thumbnail size-thumbnail\" alt=\"\" \/><\/a>\n\t\t\t\t<\/dt><\/dl><dl class='gallery-item'>\n\t\t\t\t<dt class='gallery-icon portrait'>\n\t\t\t\t\t<a class=\"rollover rollover-zoom dt-pswp-item\" title=\"Pulizia\" data-dt-img-description=\"\" data-large_image_width=\"768\" data-large_image_height=\"1024\"href='https:\/\/www.radiopiu.net\/wordpress\/wp-content\/uploads\/2022\/10\/Pulizia.jpeg'><img loading=\"lazy\" decoding=\"async\" width=\"150\" height=\"150\" src=\"https:\/\/www.radiopiu.net\/wordpress\/wp-content\/uploads\/2022\/10\/Pulizia-150x150.jpeg\" class=\"attachment-thumbnail size-thumbnail\" alt=\"\" \/><\/a>\n\t\t\t\t<\/dt><\/dl><dl class='gallery-item'>\n\t\t\t\t<dt class='gallery-icon landscape'>\n\t\t\t\t\t<a class=\"rollover rollover-zoom dt-pswp-item\" title=\"Ponte pulito\" data-dt-img-description=\"\" data-large_image_width=\"1024\" data-large_image_height=\"768\"href='https:\/\/www.radiopiu.net\/wordpress\/wp-content\/uploads\/2022\/10\/Ponte-pulito.jpeg'><img loading=\"lazy\" decoding=\"async\" width=\"150\" height=\"150\" src=\"https:\/\/www.radiopiu.net\/wordpress\/wp-content\/uploads\/2022\/10\/Ponte-pulito-150x150.jpeg\" class=\"attachment-thumbnail size-thumbnail\" alt=\"\" \/><\/a>\n\t\t\t\t<\/dt><\/dl><br style=\"clear: both\" \/>\n\t\t\t<\/div>\n\n<p>&nbsp;<\/p>\n<p>&nbsp;<\/p>\n<p>******<\/p>\n","protected":false},"excerpt":{"rendered":"<p>BELLUNO L\u2019operazione restyling ponte degli Alpini \u00e8 iniziata. Nella serata di venerd\u00ec la ditta incaricata dal Comune, la Lena di Agordo, ha pulito i parapetti della struttura lungo entrambi i lati. Seguir\u00e0 la pulizia della carreggiata e dei marciapiedi da parte di Bellunum e, poi, la sostituzione dei led non funzionanti. \u201cE\u2019 il nostro biglietto&hellip;<\/p>\n","protected":false},"author":4,"featured_media":301710,"comment_status":"closed","ping_status":"closed","sticky":false,"template":"","format":"standard","meta":{"_monsterinsights_skip_tracking":false,"_monsterinsights_sitenote_active":false,"_monsterinsights_sitenote_note":"","_monsterinsights_sitenote_category":0,"footnotes":""},"categories":[49],"tags":[],"class_list":["post-301707","post","type-post","status-publish","format-standard","has-post-thumbnail","hentry","category-news-18","category-49","description-off"],"img_url":"https:\/\/www.radiopiu.net\/wordpress\/wp-content\/uploads\/2022\/10\/Ponte-pulito.jpeg","_links":{"self":[{"href":"https:\/\/www.radiopiu.net\/wordpress\/wp-json\/wp\/v2\/posts\/301707","targetHints":{"allow":["GET"]}}],"collection":[{"href":"https:\/\/www.radiopiu.net\/wordpress\/wp-json\/wp\/v2\/posts"}],"about":[{"href":"https:\/\/www.radiopiu.net\/wordpress\/wp-json\/wp\/v2\/types\/post"}],"author":[{"embeddable":true,"href":"https:\/\/www.radiopiu.net\/wordpress\/wp-json\/wp\/v2\/users\/4"}],"replies":[{"embeddable":true,"href":"https:\/\/www.radiopiu.net\/wordpress\/wp-json\/wp\/v2\/comments?post=301707"}],"version-history":[{"count":0,"href":"https:\/\/www.radiopiu.net\/wordpress\/wp-json\/wp\/v2\/posts\/301707\/revisions"}],"wp:featuredmedia":[{"embeddable":true,"href":"https:\/\/www.radiopiu.net\/wordpress\/wp-json\/wp\/v2\/media\/301710"}],"wp:attachment":[{"href":"https:\/\/www.radiopiu.net\/wordpress\/wp-json\/wp\/v2\/media?parent=301707"}],"wp:term":[{"taxonomy":"category","embeddable":true,"href":"https:\/\/www.radiopiu.net\/wordpress\/wp-json\/wp\/v2\/categories?post=301707"},{"taxonomy":"post_tag","embeddable":true,"href":"https:\/\/www.radiopiu.net\/wordpress\/wp-json\/wp\/v2\/tags?post=301707"}],"curies":[{"name":"wp","href":"https:\/\/api.w.org\/{rel}","templated":true}]}}