{"id":301726,"date":"2022-10-16T23:58:45","date_gmt":"2022-10-16T21:58:45","guid":{"rendered":"https:\/\/www.radiopiu.net\/wordpress\/?p=301726"},"modified":"2022-10-16T10:03:02","modified_gmt":"2022-10-16T08:03:02","slug":"questa-sera-inizio-alle-19-nel-santuario-mariano-del-nevegal-una-veglia-missionaria-di-preghiera","status":"publish","type":"post","link":"https:\/\/www.radiopiu.net\/wordpress\/questa-sera-inizio-alle-19-nel-santuario-mariano-del-nevegal-una-veglia-missionaria-di-preghiera\/","title":{"rendered":"QUESTA SERA (INIZIO ALLE 19) NEL SANTUARIO MARIANO  DEL NEVEGAL UNA VEGLIA MISSIONARIA DI PREGHIERA"},"content":{"rendered":"<p><strong>di Renato Bona<\/strong><\/p>\n<p>Il 6 gennaio scorso, giorno dell\u2019Epifania del Signore, da San Giovanni in Laterano Papa Francesco rivolto ai fedeli esordiva citando la frase \u201cDi me sarete testimoni\u201d; sono parole che \u201cappartengono all\u2019ultimo colloquio di Ges\u00f9 risorto con i suoi discepoli, prima di ascendere al Cielo\u201d, e come descritto negli Atti degli Apostoli\u201d aggiungeva: \u201cRiceverete la forza dello Spirito Santo che scender\u00e0 su di voi, e di me sarete testimoni a Gerusalemme, in tutta la Giudea e la Samaria e fino ai confini della terra\u201d. Proprio questo \u2013 annunciava &#8211; \u00e8 il tema della \u201cGiornata Missionaria Mondiale 2022\u201d che, come sempre, ci aiuta a vivere il fatto che la Chiesa \u00e8 per sua natura missionaria\u201d e che quest\u2019anno offre l\u2019occasione di commemorare alcune ricorrenze rilevanti per la vita e la missione della Chiesa stessa come la fondazione, 400 anni fa, della Congregazione \u201cde Propaganda Fide\u201d \u2013 oggi per l\u2019evangelizzazione dei popoli \u2013 e 200 anni fa, dell\u2019\u201cOpera della Propagazione della Fede\u201d che insieme all\u2019Opera della Santa Infanzia e a quella di San Pietro Apostolo, 100 anni fa hanno ottenuto il riconoscimento di \u201cPontificie\u201d. E da qui, l\u2019altro slogan: \u201cVite che parlano\u201d. Il mese di ottobre \u00e8 proprio quello tradizionalmente dedicato, fra l\u2019altro, \u201calla riflessione dei fedeli sull\u2019impegno missionario che ogni comunit\u00e0 \u00e8 chiamata a vivere richiamandosi all\u2019annuncio del Vangelo\u201d. Per l\u2019edizione 2022 della \u201cGiornata missionaria\u201d relativamente alla Diocesi di Belluno-Feltre guidata dal vescovo monsignor Renato Marangoni l\u2019appuntamento \u00e8 per questa sera, luned\u00ec 17, nel Santuario mariano del Nevegal intitolato a Maria Immacolata Nostra Signora di Lourdes, dove a partire dalle 19 si svolger\u00e0 una veglia missionaria a proposito della quale nel sito \u201cchiesabellunofeltre\u201d si pu\u00f2 leggere, a firma di don Augusto Antoniol, direttore dell\u2019Ufficio diocesano di pastorale della Missione (oltre che parroco di Longarone, Fortogna ed Igne nonch\u00e9 amministratore parrocchiale di Ospitale di Cadore, Castellavazzo, Codissago e Podenzoi); \u201cCi aiuter\u00e0 a pregare e ad aprire gli occhi sul mondo Gregoire Ahongbonon che in Africa testimonia il Vangelo della misericordia tra i pi\u00f9 poveri dei poveri: i malati mentali. Un testimone che non consegna parole vuote o generiche, ma si consegna con il su vissuto, con la sua umanit\u00e0 semplice e ricca, un cristiano che \u00e8 diventato lui stesso racconto di come Dio si prende cura e rilancia verso nuove opportunit\u00e0 l\u2019esistenza ferita di tanti uomini e donne perseguitati e rifiutati\u201d. Lo stesso don Antoniol scrive anche: \u201cSiamo ad ottobre, mese missionario. Ancora un\u2019altra domenica con le offerte imperate. Ecco la prima reazione di un parroco (io) quando le offerte non restano in parrocchia, ma devono essere versate in Curia. Ho sette parrocchie, mi arrivano 31 bollette della luce, e poi il gas, il gasolio, le riparazioni delle chiesette, e i poveracci che suonano il campanello\u2026 insomma si fa sempre pi\u00f9 fatica a far quadrare i conti. E poi facciamo gi\u00e0 tanto per i nostri missionari, ogni parrocchia ha i suoi e c\u2019\u00e8 anche il \u2018Pane per amor di Dio\u2019 in quaresima con tanti bei progetti\u201d. A questo punto si chiede; \u201cPerch\u00e9 anche la Giornata missionaria Mondiale? Si tratta di una colletta di tutti cristiani che secondo le loro possibilit\u00e0 vengono in aiuto alle giovani chiese missionarie in particolari situazioni difficili e di maggiore necessit\u00e0 provvedendo ai loro bisogni particolari: formazione dei seminaristi e dei catechisti, costruzione e manutenzione dei luoghi di culto, mezzi di trasporto per i missionari, educazione e sostentamento di ragazzi e bambini. E\u2019 mondiale, cio\u00e8 una questua che fanno tutte le chiese, anche le pi\u00f9 povere, anche i miei cento cristiani di Gaya in Niger si tassavano per aiutare le chiese pi\u00f9 povere: era un segno di solidariet\u00e0 vera, di fratelli verso altri fratelli. E\u2019 vero che laggi\u00f9 non c\u2019erano bollette da pagare (non c\u2019era neanche l\u2019elettricit\u00e0), ma nessuno si lamentava o chiedeva condizionatori nonostante i 50 gradi all\u2019ombra\u201d. Una testimonianza, quella di don Augusto Antoniol che \u00e8 un invito alla riflessione e, a nostro avviso, occasione da non perdere per ricordare sempre, e sottolineare, l\u2019opera preziosa, di fatto indispensabile, del Centro Missionario di Belluno-Feltre dove con il Direttore Antoniol operano: il vice, don Ezio Del Favero, il segretario Jos\u00e9 Soccal, la formatrice Chiara Zavarise, ancora: don Luigi Canal, Ugo Chinol, Francesca Conte, Daniela Dametto, don Vito De Bastiani, Linda Gaio, Marilena Marchioni, Andrea Mazzucco, Giuliana Poletti, Giovanna Selle ed un attivo gruppo di volontari.<\/p>\n\n\t\t\t<style type='text\/css'>\n\t\t\t\t#gallery-1 {\n\t\t\t\t\tmargin: auto;\n\t\t\t\t}\n\t\t\t\t#gallery-1 .gallery-item {\n\t\t\t\t\tfloat: left;\n\t\t\t\t\tmargin-top: 10px;\n\t\t\t\t\ttext-align: center;\n\t\t\t\t\twidth: 14%;\n\t\t\t\t}\n\t\t\t\t#gallery-1 img {\n\t\t\t\t\tborder: 2px solid #cfcfcf;\n\t\t\t\t}\n\t\t\t\t#gallery-1 .gallery-caption {\n\t\t\t\t\tmargin-left: 0;\n\t\t\t\t}\n\t\t\t\t\/* see gallery_shortcode() in wp-includes\/media.php *\/\n\t\t\t<\/style>\n\t\t<div id='gallery-1' class='dt-gallery-container gallery galleryid-301726 gallery-columns-7 gallery-size-thumbnail'><dl class='gallery-item'>\n\t\t\t\t<dt class='gallery-icon portrait'>\n\t\t\t\t\t<a class=\"rollover rollover-zoom dt-pswp-item\" title=\"307854292_849606866059659_5664923251296197477_n\" data-dt-img-description=\"\" data-large_image_width=\"301\" data-large_image_height=\"414\"href='https:\/\/www.radiopiu.net\/wordpress\/wp-content\/uploads\/2022\/10\/307854292_849606866059659_5664923251296197477_n.jpg'><img loading=\"lazy\" decoding=\"async\" width=\"150\" height=\"150\" src=\"https:\/\/www.radiopiu.net\/wordpress\/wp-content\/uploads\/2022\/10\/307854292_849606866059659_5664923251296197477_n-150x150.jpg\" class=\"attachment-thumbnail size-thumbnail\" alt=\"\" \/><\/a>\n\t\t\t\t<\/dt><\/dl><dl class='gallery-item'>\n\t\t\t\t<dt class='gallery-icon landscape'>\n\t\t\t\t\t<a class=\"rollover rollover-zoom dt-pswp-item\" title=\"309271759_1099381387388612_4465713914912007387_n\" data-dt-img-description=\"\" data-large_image_width=\"314\" data-large_image_height=\"172\"href='https:\/\/www.radiopiu.net\/wordpress\/wp-content\/uploads\/2022\/10\/309271759_1099381387388612_4465713914912007387_n.jpg'><img loading=\"lazy\" decoding=\"async\" width=\"150\" height=\"150\" src=\"https:\/\/www.radiopiu.net\/wordpress\/wp-content\/uploads\/2022\/10\/309271759_1099381387388612_4465713914912007387_n-150x150.jpg\" class=\"attachment-thumbnail size-thumbnail\" alt=\"\" \/><\/a>\n\t\t\t\t<\/dt><\/dl><dl class='gallery-item'>\n\t\t\t\t<dt class='gallery-icon portrait'>\n\t\t\t\t\t<a class=\"rollover rollover-zoom dt-pswp-item\" title=\"309926462_1217400905532163_5139714070289721449_n\" data-dt-img-description=\"\" data-large_image_width=\"320\" data-large_image_height=\"480\"href='https:\/\/www.radiopiu.net\/wordpress\/wp-content\/uploads\/2022\/10\/309926462_1217400905532163_5139714070289721449_n.jpg'><img loading=\"lazy\" decoding=\"async\" width=\"150\" height=\"150\" src=\"https:\/\/www.radiopiu.net\/wordpress\/wp-content\/uploads\/2022\/10\/309926462_1217400905532163_5139714070289721449_n-150x150.jpg\" class=\"attachment-thumbnail size-thumbnail\" alt=\"\" \/><\/a>\n\t\t\t\t<\/dt><\/dl><dl class='gallery-item'>\n\t\t\t\t<dt class='gallery-icon landscape'>\n\t\t\t\t\t<a class=\"rollover rollover-zoom dt-pswp-item\" title=\"311123371_3276343329291191_4768967475399651240_n\" data-dt-img-description=\"\" data-large_image_width=\"300\" data-large_image_height=\"168\"href='https:\/\/www.radiopiu.net\/wordpress\/wp-content\/uploads\/2022\/10\/311123371_3276343329291191_4768967475399651240_n.jpg'><img loading=\"lazy\" decoding=\"async\" width=\"150\" height=\"150\" src=\"https:\/\/www.radiopiu.net\/wordpress\/wp-content\/uploads\/2022\/10\/311123371_3276343329291191_4768967475399651240_n-150x150.jpg\" class=\"attachment-thumbnail size-thumbnail\" alt=\"\" \/><\/a>\n\t\t\t\t<\/dt><\/dl><dl class='gallery-item'>\n\t\t\t\t<dt class='gallery-icon landscape'>\n\t\t\t\t\t<a class=\"rollover rollover-zoom dt-pswp-item\" title=\"309813992_1527501771054728_4462620655627406222_n\" data-dt-img-description=\"\" data-large_image_width=\"716\" data-large_image_height=\"403\"href='https:\/\/www.radiopiu.net\/wordpress\/wp-content\/uploads\/2022\/10\/309813992_1527501771054728_4462620655627406222_n.jpg'><img loading=\"lazy\" decoding=\"async\" width=\"150\" height=\"150\" src=\"https:\/\/www.radiopiu.net\/wordpress\/wp-content\/uploads\/2022\/10\/309813992_1527501771054728_4462620655627406222_n-150x150.jpg\" class=\"attachment-thumbnail size-thumbnail\" alt=\"\" \/><\/a>\n\t\t\t\t<\/dt><\/dl><dl class='gallery-item'>\n\t\t\t\t<dt class='gallery-icon landscape'>\n\t\t\t\t\t<a class=\"rollover rollover-zoom dt-pswp-item\" title=\"310447348_3294851924061308_4188731048879538374_n\" data-dt-img-description=\"\" data-large_image_width=\"250\" data-large_image_height=\"105\"href='https:\/\/www.radiopiu.net\/wordpress\/wp-content\/uploads\/2022\/10\/310447348_3294851924061308_4188731048879538374_n.jpg'><img loading=\"lazy\" decoding=\"async\" width=\"150\" height=\"105\" src=\"https:\/\/www.radiopiu.net\/wordpress\/wp-content\/uploads\/2022\/10\/310447348_3294851924061308_4188731048879538374_n-150x105.jpg\" class=\"attachment-thumbnail size-thumbnail\" alt=\"\" \/><\/a>\n\t\t\t\t<\/dt><\/dl><dl class='gallery-item'>\n\t\t\t\t<dt class='gallery-icon landscape'>\n\t\t\t\t\t<a class=\"rollover rollover-zoom dt-pswp-item\" title=\"309922956_498005948861825_700350939403273372_n\" data-dt-img-description=\"\" data-large_image_width=\"250\" data-large_image_height=\"111\"href='https:\/\/www.radiopiu.net\/wordpress\/wp-content\/uploads\/2022\/10\/309922956_498005948861825_700350939403273372_n.jpg'><img loading=\"lazy\" decoding=\"async\" width=\"150\" height=\"111\" src=\"https:\/\/www.radiopiu.net\/wordpress\/wp-content\/uploads\/2022\/10\/309922956_498005948861825_700350939403273372_n-150x111.jpg\" class=\"attachment-thumbnail size-thumbnail\" alt=\"\" \/><\/a>\n\t\t\t\t<\/dt><\/dl><br style=\"clear: both\" \/>\n\t\t\t<\/div>\n\n<p>&nbsp;<\/p>\n<p>NELLE FOTO (siti chiesabellunofeltre e vaticanpress): il manifesto con l\u2019annuncio della Giornata missionaria Mondiale; Papa Francesco; il vescovo di Belluno-Feltre Renato Marangoni; il direttore del Centro Missionario diocesano don Augusto Antoniol; Gregoire Ahongbonon che in Africa testimonia il Vangelo della misericordia; il Santuario del Nevegal.<\/p>\n<p>&nbsp;<\/p>\n<p>&nbsp;<\/p>\n<p>******<\/p>\n","protected":false},"excerpt":{"rendered":"<p>di Renato Bona Il 6 gennaio scorso, giorno dell\u2019Epifania del Signore, da San Giovanni in Laterano Papa Francesco rivolto ai fedeli esordiva citando la frase \u201cDi me sarete testimoni\u201d; sono parole che \u201cappartengono all\u2019ultimo colloquio di Ges\u00f9 risorto con i suoi discepoli, prima di ascendere al Cielo\u201d, e come descritto negli Atti degli Apostoli\u201d aggiungeva:&hellip;<\/p>\n","protected":false},"author":4,"featured_media":301733,"comment_status":"closed","ping_status":"closed","sticky":false,"template":"","format":"standard","meta":{"_monsterinsights_skip_tracking":false,"_monsterinsights_sitenote_active":false,"_monsterinsights_sitenote_note":"","_monsterinsights_sitenote_category":0,"footnotes":""},"categories":[49],"tags":[],"class_list":["post-301726","post","type-post","status-publish","format-standard","has-post-thumbnail","hentry","category-news-18","category-49","description-off"],"img_url":"https:\/\/www.radiopiu.net\/wordpress\/wp-content\/uploads\/2022\/10\/309922956_498005948861825_700350939403273372_n.jpg","_links":{"self":[{"href":"https:\/\/www.radiopiu.net\/wordpress\/wp-json\/wp\/v2\/posts\/301726","targetHints":{"allow":["GET"]}}],"collection":[{"href":"https:\/\/www.radiopiu.net\/wordpress\/wp-json\/wp\/v2\/posts"}],"about":[{"href":"https:\/\/www.radiopiu.net\/wordpress\/wp-json\/wp\/v2\/types\/post"}],"author":[{"embeddable":true,"href":"https:\/\/www.radiopiu.net\/wordpress\/wp-json\/wp\/v2\/users\/4"}],"replies":[{"embeddable":true,"href":"https:\/\/www.radiopiu.net\/wordpress\/wp-json\/wp\/v2\/comments?post=301726"}],"version-history":[{"count":0,"href":"https:\/\/www.radiopiu.net\/wordpress\/wp-json\/wp\/v2\/posts\/301726\/revisions"}],"wp:featuredmedia":[{"embeddable":true,"href":"https:\/\/www.radiopiu.net\/wordpress\/wp-json\/wp\/v2\/media\/301733"}],"wp:attachment":[{"href":"https:\/\/www.radiopiu.net\/wordpress\/wp-json\/wp\/v2\/media?parent=301726"}],"wp:term":[{"taxonomy":"category","embeddable":true,"href":"https:\/\/www.radiopiu.net\/wordpress\/wp-json\/wp\/v2\/categories?post=301726"},{"taxonomy":"post_tag","embeddable":true,"href":"https:\/\/www.radiopiu.net\/wordpress\/wp-json\/wp\/v2\/tags?post=301726"}],"curies":[{"name":"wp","href":"https:\/\/api.w.org\/{rel}","templated":true}]}}