{"id":301759,"date":"2022-10-16T12:15:04","date_gmt":"2022-10-16T10:15:04","guid":{"rendered":"https:\/\/www.radiopiu.net\/wordpress\/?p=301759"},"modified":"2022-10-16T12:15:04","modified_gmt":"2022-10-16T10:15:04","slug":"recuperata-unescursionista-incrodata-nella-nebbia-in-un-canale","status":"publish","type":"post","link":"https:\/\/www.radiopiu.net\/wordpress\/recuperata-unescursionista-incrodata-nella-nebbia-in-un-canale\/","title":{"rendered":"RECUPERATA UN&#8217;ESCURSIONISTA INCRODATA NELLA NEBBIA IN UN CANALE"},"content":{"rendered":"<p><strong>CHIES D&#8217;ALPAGO<\/strong> Ieri attorno alle 17.15 il Soccorso alpino dell&#8217;Alpago \u00e8 stato attivato, dopo la richiesta di aiuto di una escursionista che, a causa della nebbia, era scesa in un canale del Monte Messer rimanendo incrodata. La 26enne di Vittorio Veneto (TV) era partita da Malga Cate, salita a Forcella Grava Piana e aveva percorso le creste dei Muri, Brut Pas arrivando al Messer attrezzata per superare i tratti attrezzati. La sua intenzione era di scendere al Bivacco Toffolon, proseguire per Malga Pian Formosa e tornare a Cate. A causa della nebbia, la ragazza ha per\u00f2 sbagliato traccia, prendendo il Troi delle Gallinette e poi imboccando un canale fuori sentiero, fino a incrodarsi 200 metri pi\u00f9 in basso, incapace di muoversi. Poich\u00e9 il muro di nebbia ne impediva l&#8217;avvicinamento, l&#8217;elicottero del Suem di Pieve di Cadore ha imbarcato quattro soccorritori e li ha fatti scendere a 1.500 metri di quota all&#8217;altezza del bivacco, da dove si sono incamminati in direzione delle creste. Altri quattro soccorritori sono stati trasportati in jeep in localit\u00e0 al Fagheron e da l\u00ec sono partiti a piedi. La squadra in quota, risaliti alle coordinate del punto dove si trovava la ragazza, \u00e8 arrivata sulla verticale per poi scendere in conserva lungo il pendio erboso. Una volta avuto il contatto vocale, i soccorritori la hanno individuata e raggiunta a 1.800 metri di altitutine. Stava bene, pur infreddolita,\u00a0 e lamentava un leggero dolore alla caviglia. Dopo averla assicurata, la squadra ha risalito con lei il canale per tornare sul Troi delle Gallinette a 2mila metri. Da l\u00ec il gruppo \u00e8 sceso a Pian Antander, per salire in jeep e portarsi a Pian Formosa. La ragazza, attesa da un amico, si \u00e8 poi recata autonomamente in ospedale per i dolori alla caviglia. L&#8217;intervento si \u00e8 concluso alle 22.40.<\/p>\n\n\t\t\t<style type='text\/css'>\n\t\t\t\t#gallery-1 {\n\t\t\t\t\tmargin: auto;\n\t\t\t\t}\n\t\t\t\t#gallery-1 .gallery-item {\n\t\t\t\t\tfloat: left;\n\t\t\t\t\tmargin-top: 10px;\n\t\t\t\t\ttext-align: center;\n\t\t\t\t\twidth: 25%;\n\t\t\t\t}\n\t\t\t\t#gallery-1 img {\n\t\t\t\t\tborder: 2px solid #cfcfcf;\n\t\t\t\t}\n\t\t\t\t#gallery-1 .gallery-caption {\n\t\t\t\t\tmargin-left: 0;\n\t\t\t\t}\n\t\t\t\t\/* see gallery_shortcode() in wp-includes\/media.php *\/\n\t\t\t<\/style>\n\t\t<div id='gallery-1' class='dt-gallery-container gallery galleryid-301759 gallery-columns-4 gallery-size-thumbnail'><dl class='gallery-item'>\n\t\t\t\t<dt class='gallery-icon portrait'>\n\t\t\t\t\t<a class=\"rollover rollover-zoom dt-pswp-item\" title=\"IMG-20221016-WA0005\" data-dt-img-description=\"\" data-large_image_width=\"1200\" data-large_image_height=\"1600\"href='https:\/\/www.radiopiu.net\/wordpress\/wp-content\/uploads\/2022\/10\/IMG-20221016-WA0005.jpg'><img loading=\"lazy\" decoding=\"async\" width=\"150\" height=\"150\" src=\"https:\/\/www.radiopiu.net\/wordpress\/wp-content\/uploads\/2022\/10\/IMG-20221016-WA0005-150x150.jpg\" class=\"attachment-thumbnail size-thumbnail\" alt=\"\" \/><\/a>\n\t\t\t\t<\/dt><\/dl><dl class='gallery-item'>\n\t\t\t\t<dt class='gallery-icon portrait'>\n\t\t\t\t\t<a class=\"rollover rollover-zoom dt-pswp-item\" title=\"IMG-20221016-WA0001\" data-dt-img-description=\"\" data-large_image_width=\"946\" data-large_image_height=\"2048\"href='https:\/\/www.radiopiu.net\/wordpress\/wp-content\/uploads\/2022\/10\/IMG-20221016-WA0001.jpg'><img loading=\"lazy\" decoding=\"async\" width=\"150\" height=\"150\" src=\"https:\/\/www.radiopiu.net\/wordpress\/wp-content\/uploads\/2022\/10\/IMG-20221016-WA0001-150x150.jpg\" class=\"attachment-thumbnail size-thumbnail\" alt=\"\" \/><\/a>\n\t\t\t\t<\/dt><\/dl><dl class='gallery-item'>\n\t\t\t\t<dt class='gallery-icon portrait'>\n\t\t\t\t\t<a class=\"rollover rollover-zoom dt-pswp-item\" title=\"IMG-20221016-WA0004\" data-dt-img-description=\"\" data-large_image_width=\"1200\" data-large_image_height=\"1600\"href='https:\/\/www.radiopiu.net\/wordpress\/wp-content\/uploads\/2022\/10\/IMG-20221016-WA0004.jpg'><img loading=\"lazy\" decoding=\"async\" width=\"150\" height=\"150\" src=\"https:\/\/www.radiopiu.net\/wordpress\/wp-content\/uploads\/2022\/10\/IMG-20221016-WA0004-150x150.jpg\" class=\"attachment-thumbnail size-thumbnail\" alt=\"\" \/><\/a>\n\t\t\t\t<\/dt><\/dl><dl class='gallery-item'>\n\t\t\t\t<dt class='gallery-icon landscape'>\n\t\t\t\t\t<a class=\"rollover rollover-zoom dt-pswp-item\" title=\"IMG-20221016-WA0002\" data-dt-img-description=\"\" data-large_image_width=\"1600\" data-large_image_height=\"1200\"href='https:\/\/www.radiopiu.net\/wordpress\/wp-content\/uploads\/2022\/10\/IMG-20221016-WA0002.jpg'><img loading=\"lazy\" decoding=\"async\" width=\"150\" height=\"150\" src=\"https:\/\/www.radiopiu.net\/wordpress\/wp-content\/uploads\/2022\/10\/IMG-20221016-WA0002-150x150.jpg\" class=\"attachment-thumbnail size-thumbnail\" alt=\"\" \/><\/a>\n\t\t\t\t<\/dt><\/dl><br style=\"clear: both\" \/>\n\t\t\t<\/div>\n\n<p>&nbsp;<\/p>\n<p>&nbsp;<\/p>\n<p>*****<\/p>\n","protected":false},"excerpt":{"rendered":"<p>CHIES D&#8217;ALPAGO Ieri attorno alle 17.15 il Soccorso alpino dell&#8217;Alpago \u00e8 stato attivato, dopo la richiesta di aiuto di una escursionista che, a causa della nebbia, era scesa in un canale del Monte Messer rimanendo incrodata. La 26enne di Vittorio Veneto (TV) era partita da Malga Cate, salita a Forcella Grava Piana e aveva percorso&hellip;<\/p>\n","protected":false},"author":4,"featured_media":301763,"comment_status":"closed","ping_status":"closed","sticky":false,"template":"","format":"standard","meta":{"_monsterinsights_skip_tracking":false,"_monsterinsights_sitenote_active":false,"_monsterinsights_sitenote_note":"","_monsterinsights_sitenote_category":0,"footnotes":""},"categories":[51,49],"tags":[],"class_list":["post-301759","post","type-post","status-publish","format-standard","has-post-thumbnail","hentry","category-evidenza-top","category-news-18","category-51","category-49","description-off"],"img_url":"https:\/\/www.radiopiu.net\/wordpress\/wp-content\/uploads\/2022\/10\/IMG-20221016-WA0002.jpg","_links":{"self":[{"href":"https:\/\/www.radiopiu.net\/wordpress\/wp-json\/wp\/v2\/posts\/301759","targetHints":{"allow":["GET"]}}],"collection":[{"href":"https:\/\/www.radiopiu.net\/wordpress\/wp-json\/wp\/v2\/posts"}],"about":[{"href":"https:\/\/www.radiopiu.net\/wordpress\/wp-json\/wp\/v2\/types\/post"}],"author":[{"embeddable":true,"href":"https:\/\/www.radiopiu.net\/wordpress\/wp-json\/wp\/v2\/users\/4"}],"replies":[{"embeddable":true,"href":"https:\/\/www.radiopiu.net\/wordpress\/wp-json\/wp\/v2\/comments?post=301759"}],"version-history":[{"count":0,"href":"https:\/\/www.radiopiu.net\/wordpress\/wp-json\/wp\/v2\/posts\/301759\/revisions"}],"wp:featuredmedia":[{"embeddable":true,"href":"https:\/\/www.radiopiu.net\/wordpress\/wp-json\/wp\/v2\/media\/301763"}],"wp:attachment":[{"href":"https:\/\/www.radiopiu.net\/wordpress\/wp-json\/wp\/v2\/media?parent=301759"}],"wp:term":[{"taxonomy":"category","embeddable":true,"href":"https:\/\/www.radiopiu.net\/wordpress\/wp-json\/wp\/v2\/categories?post=301759"},{"taxonomy":"post_tag","embeddable":true,"href":"https:\/\/www.radiopiu.net\/wordpress\/wp-json\/wp\/v2\/tags?post=301759"}],"curies":[{"name":"wp","href":"https:\/\/api.w.org\/{rel}","templated":true}]}}