{"id":302022,"date":"2022-10-18T05:57:07","date_gmt":"2022-10-18T03:57:07","guid":{"rendered":"https:\/\/www.radiopiu.net\/wordpress\/?p=302022"},"modified":"2022-10-18T06:22:18","modified_gmt":"2022-10-18T04:22:18","slug":"saranno-due-le-tappe-del-giro-ditalia-2023-con-la-provincia-di-belluno-protagonista","status":"publish","type":"post","link":"https:\/\/www.radiopiu.net\/wordpress\/saranno-due-le-tappe-del-giro-ditalia-2023-con-la-provincia-di-belluno-protagonista\/","title":{"rendered":"SARANNO DUE LE TAPPE DEL GIRO D&#8217;ITALIA 2023 CON LA PROVINCIA DI BELLUNO PROTAGONISTA"},"content":{"rendered":"<p><strong>MILANO<\/strong> \u00c8 stata presentata a Milano l&#8217;edizione 2023 del Giro D&#8217;Italia. La gara ciclistica inizier\u00e0 il 6 maggio e si chiuder\u00e0 il 28 maggio. Anche nella prossima edizione la provincia di Belluno sar\u00e0 protagonista in due tappe. Le strade del bellunese saranno percorse nella tappa Oderzo &#8211; Val Di Zoldo del 25 maggio con i ciclisti che passeranno per Ponte Nelle Alpi prima di transitare per Pieve di Cadore, scalare Forcella Cibiana, scendere verso Forno di Zoldo per poi salire fino all&#8217;arrivo di Palafavera. L&#8217;Agordino sar\u00e0 protagonista nel tappone dolomitico della tappa 19 Longarone &#8211; Tre Cime di Lavaredo il 26 maggio. I corridori passeranno sulla 203 Agordina, una lunga scalata che passer\u00e0 per Agordo, Cencenighe, Alleghe, Arabba per scollinare sul Passo Campolongo e toccare la Val Badia. I ciclisti, una volta arrivati sul Passo Valparola e Falzarego, scenderanno verso Cernadoi e Selva di Cadore per poi salire sul Passo Giau e scendere a Cortina. La tappa si concludera con il passaggio per il Passo Tre Croci, Misurina e arrivo alle Tre Cime di Lavaredo al Rifugio Auronzo. Una due giorni di spettacolo in provincia di Belluno.<\/p>\n<p><strong>LE DUE TAPPE<\/strong><\/p>\n\n\t\t\t<style type='text\/css'>\n\t\t\t\t#gallery-1 {\n\t\t\t\t\tmargin: auto;\n\t\t\t\t}\n\t\t\t\t#gallery-1 .gallery-item {\n\t\t\t\t\tfloat: left;\n\t\t\t\t\tmargin-top: 10px;\n\t\t\t\t\ttext-align: center;\n\t\t\t\t\twidth: 50%;\n\t\t\t\t}\n\t\t\t\t#gallery-1 img {\n\t\t\t\t\tborder: 2px solid #cfcfcf;\n\t\t\t\t}\n\t\t\t\t#gallery-1 .gallery-caption {\n\t\t\t\t\tmargin-left: 0;\n\t\t\t\t}\n\t\t\t\t\/* see gallery_shortcode() in wp-includes\/media.php *\/\n\t\t\t<\/style>\n\t\t<div id='gallery-1' class='dt-gallery-container gallery galleryid-302022 gallery-columns-2 gallery-size-medium'><dl class='gallery-item'>\n\t\t\t\t<dt class='gallery-icon landscape'>\n\t\t\t\t\t<a class=\"rollover rollover-zoom dt-pswp-item\" title=\"68f187b7-e0fa-431a-81b1-b723dbc129cd\" data-dt-img-description=\"\" data-large_image_width=\"1024\" data-large_image_height=\"576\"href='https:\/\/www.radiopiu.net\/wordpress\/wp-content\/uploads\/2022\/10\/68f187b7-e0fa-431a-81b1-b723dbc129cd.jpg'><img loading=\"lazy\" decoding=\"async\" width=\"300\" height=\"169\" src=\"https:\/\/www.radiopiu.net\/wordpress\/wp-content\/uploads\/2022\/10\/68f187b7-e0fa-431a-81b1-b723dbc129cd-300x169.jpg\" class=\"attachment-medium size-medium\" alt=\"\" srcset=\"https:\/\/www.radiopiu.net\/wordpress\/wp-content\/uploads\/2022\/10\/68f187b7-e0fa-431a-81b1-b723dbc129cd-300x169.jpg 300w, https:\/\/www.radiopiu.net\/wordpress\/wp-content\/uploads\/2022\/10\/68f187b7-e0fa-431a-81b1-b723dbc129cd-768x432.jpg 768w, https:\/\/www.radiopiu.net\/wordpress\/wp-content\/uploads\/2022\/10\/68f187b7-e0fa-431a-81b1-b723dbc129cd.jpg 1024w\" sizes=\"auto, (max-width: 300px) 100vw, 300px\" \/><\/a>\n\t\t\t\t<\/dt><\/dl><dl class='gallery-item'>\n\t\t\t\t<dt class='gallery-icon landscape'>\n\t\t\t\t\t<a class=\"rollover rollover-zoom dt-pswp-item\" title=\"97ed1410-dfa1-4766-ab79-af24c6299375\" data-dt-img-description=\"\" data-large_image_width=\"1024\" data-large_image_height=\"576\"href='https:\/\/www.radiopiu.net\/wordpress\/wp-content\/uploads\/2022\/10\/97ed1410-dfa1-4766-ab79-af24c6299375.jpg'><img loading=\"lazy\" decoding=\"async\" width=\"300\" height=\"169\" src=\"https:\/\/www.radiopiu.net\/wordpress\/wp-content\/uploads\/2022\/10\/97ed1410-dfa1-4766-ab79-af24c6299375-300x169.jpg\" class=\"attachment-medium size-medium\" alt=\"\" srcset=\"https:\/\/www.radiopiu.net\/wordpress\/wp-content\/uploads\/2022\/10\/97ed1410-dfa1-4766-ab79-af24c6299375-300x169.jpg 300w, https:\/\/www.radiopiu.net\/wordpress\/wp-content\/uploads\/2022\/10\/97ed1410-dfa1-4766-ab79-af24c6299375-768x432.jpg 768w, https:\/\/www.radiopiu.net\/wordpress\/wp-content\/uploads\/2022\/10\/97ed1410-dfa1-4766-ab79-af24c6299375.jpg 1024w\" sizes=\"auto, (max-width: 300px) 100vw, 300px\" \/><\/a>\n\t\t\t\t<\/dt><\/dl><br style=\"clear: both\" \/>\n\t\t\t<\/div>\n\n<p><strong>BELLUNO <\/strong>La montagna bellunese sar\u00e0 protagonista al Giro d\u2019Italia 2023. La corsa rosa infatti passer\u00e0 un giorno e mezzo in provincia di Belluno, con una partenza e ben due arrivi di tappa. E le salite epiche delle Dolomiti potranno decidere la gara. L\u2019ufficialit\u00e0 dei tracciati \u00e8 stata confermata oggi, nella presentazione del Giro 2023 al Teatro Giorgio Gaber di Milano, in un evento organizzato da Rcs.\u00a0 \u00ab<em>Avremo due giorni interi di promozione planetaria: il nostro territorio non solo sar\u00e0 al centro dell\u2019attenzione sportiva, con una copertura mediatica eccezionale. Ma presenter\u00e0 due tappe che da sole potrebbero decidere le sorti del Giro<\/em>\u00bb commenta il presidente della Provincia, Roberto Padrin. \u00ab<em>Si conferma il legame indissolubile, fatto di fascino e sport, tra la corsa rosa e le montagne rosa, che da sempre \u00e8 tra le grandi bellezze del nostro Paese<\/em>\u00bb. La corsa entrer\u00e0 in provincia di Belluno gioved\u00ec 25 maggio con la Oderzo-Val di Zoldo: 160 km e l\u2019arrivo in salita a Palafavera, gi\u00e0 conclusione di tappa nel 2005. Il giorno dopo (venerd\u00ec 26 maggio) sar\u00e0 la volta del classico tappone dolomitico. La frazione Longarone-Tre Cime di Lavaredo (182 km) proporr\u00e0 nell\u2019ordine: Campolongo, Valparola, Giau, Falzarego e Tre Croci prima dell\u2019ultima salita, poco meno di 8 chilometri con pendenza media al 7,6% e punte massime al 18%.<\/p>\n<p>&nbsp;<\/p>\n<p>&nbsp;<\/p>\n<p>*****<\/p>\n","protected":false},"excerpt":{"rendered":"<p>MILANO \u00c8 stata presentata a Milano l&#8217;edizione 2023 del Giro D&#8217;Italia. La gara ciclistica inizier\u00e0 il 6 maggio e si chiuder\u00e0 il 28 maggio. Anche nella prossima edizione la provincia di Belluno sar\u00e0 protagonista in due tappe. Le strade del bellunese saranno percorse nella tappa Oderzo &#8211; Val Di Zoldo del 25 maggio con i&hellip;<\/p>\n","protected":false},"author":4,"featured_media":302025,"comment_status":"closed","ping_status":"closed","sticky":false,"template":"","format":"standard","meta":{"_monsterinsights_skip_tracking":false,"_monsterinsights_sitenote_active":false,"_monsterinsights_sitenote_note":"","_monsterinsights_sitenote_category":0,"footnotes":""},"categories":[51,49],"tags":[],"class_list":["post-302022","post","type-post","status-publish","format-standard","has-post-thumbnail","hentry","category-evidenza-top","category-news-18","category-51","category-49","description-off"],"img_url":"https:\/\/www.radiopiu.net\/wordpress\/wp-content\/uploads\/2022\/10\/GIRO-DITALIA-2023.png","_links":{"self":[{"href":"https:\/\/www.radiopiu.net\/wordpress\/wp-json\/wp\/v2\/posts\/302022","targetHints":{"allow":["GET"]}}],"collection":[{"href":"https:\/\/www.radiopiu.net\/wordpress\/wp-json\/wp\/v2\/posts"}],"about":[{"href":"https:\/\/www.radiopiu.net\/wordpress\/wp-json\/wp\/v2\/types\/post"}],"author":[{"embeddable":true,"href":"https:\/\/www.radiopiu.net\/wordpress\/wp-json\/wp\/v2\/users\/4"}],"replies":[{"embeddable":true,"href":"https:\/\/www.radiopiu.net\/wordpress\/wp-json\/wp\/v2\/comments?post=302022"}],"version-history":[{"count":0,"href":"https:\/\/www.radiopiu.net\/wordpress\/wp-json\/wp\/v2\/posts\/302022\/revisions"}],"wp:featuredmedia":[{"embeddable":true,"href":"https:\/\/www.radiopiu.net\/wordpress\/wp-json\/wp\/v2\/media\/302025"}],"wp:attachment":[{"href":"https:\/\/www.radiopiu.net\/wordpress\/wp-json\/wp\/v2\/media?parent=302022"}],"wp:term":[{"taxonomy":"category","embeddable":true,"href":"https:\/\/www.radiopiu.net\/wordpress\/wp-json\/wp\/v2\/categories?post=302022"},{"taxonomy":"post_tag","embeddable":true,"href":"https:\/\/www.radiopiu.net\/wordpress\/wp-json\/wp\/v2\/tags?post=302022"}],"curies":[{"name":"wp","href":"https:\/\/api.w.org\/{rel}","templated":true}]}}