{"id":302073,"date":"2022-10-19T06:32:33","date_gmt":"2022-10-19T04:32:33","guid":{"rendered":"https:\/\/www.radiopiu.net\/wordpress\/?p=302073"},"modified":"2022-10-19T10:12:02","modified_gmt":"2022-10-19T08:12:02","slug":"giornale-radiopiu-19-ottobre-2022-direttore-mirko-mezzacasa","status":"publish","type":"post","link":"https:\/\/www.radiopiu.net\/wordpress\/giornale-radiopiu-19-ottobre-2022-direttore-mirko-mezzacasa\/","title":{"rendered":"GIORNALE RADIOPIU 19 OTTOBRE 2022 DIRETTORE MIRKO MEZZACASA"},"content":{"rendered":"<h3 class=\"kvgmc6g5 cxmmr5t8 oygrvhab hcukyx3x c1et5uql\"><span style=\"color: #0000ff;\"><strong>RADIO PIU INFORMAZIONE il canale su TELEGRAM informazione di prima\u00a0\u00a0<\/strong><strong>mano e in tempo reale. iscriviti ed aiutaci a farlo conoscere<\/strong><\/span><\/h3>\n<p>&nbsp;<\/p>\n<blockquote>\n<h3><span style=\"color: #ff0000;\">LA NOVITA&#8217; ALLA RADIO: &#8220;Se non la smetti ti mando&#8230; dal Preside&#8221;.<\/span><br \/>\n<span style=\"color: #ff0000;\">OGGI ALLE 10.30 E ALLE 19. In studio la prof. Maria Rosa Salmazo<\/span><\/h3>\n<\/blockquote>\n<p><strong>la sigla, voce GAETANO ZAGRA<\/strong><\/p>\n<audio class=\"wp-audio-shortcode\" id=\"audio-302073-1\" preload=\"none\" style=\"width: 100%;\" controls=\"controls\"><source type=\"audio\/mpeg\" src=\"https:\/\/www.radiopiu.net\/wordpress\/wp-content\/uploads\/2022\/10\/se-non-la-smetti.mp3?_=1\" \/><a href=\"https:\/\/www.radiopiu.net\/wordpress\/wp-content\/uploads\/2022\/10\/se-non-la-smetti.mp3\">https:\/\/www.radiopiu.net\/wordpress\/wp-content\/uploads\/2022\/10\/se-non-la-smetti.mp3<\/a><\/audio>\n<p>&nbsp;<\/p>\n<p>&nbsp;<\/p>\n<hr \/>\n<p>&nbsp;<\/p>\n<p>&nbsp;<\/p>\n<blockquote>\n<h3>INTERRUZIONI PROGRAMMATE A CENCENIGHE<\/h3>\n<\/blockquote>\n<p><strong>CENCENIGHE<\/strong> Gestione Servizi Pubblici informa che, per lavori alla rete idrica comunale, oggi dalle 8 alle 17 potrebbe mancare l&#8217;acqua nelle vie MORBIACH e GHIRLO.<\/p>\n<p>&nbsp;<\/p>\n<blockquote>\n<h3>SEMAFORO DI BALDENICH, DI NUOVO GUASTO<\/h3>\n<\/blockquote>\n<p><strong>BELLUNO<\/strong> Rotto&#8230;aggiustato, rotto e aggiustato di nuovo e da ieri rotto ancora. Il semaforo di Baldenich dallo scorso settembre sta creando una serie di problemi, agli utenti della strada, ai pedoni, all&#8217;amministrazione comunale. Evidentemente i rattoppi effettuati fino ad oggi sono serviti a poco davvero e ne va della sicurezza di chi prende la strada per la periferia della citt\u00e0. Oggi\u00a0 nuovo intervento<\/p>\n<p>&nbsp;<\/p>\n<blockquote>\n<h3>PARCHEGGIO LE CAMPE: OFF LIMITS<\/h3>\n<\/blockquote>\n<p><strong>\u00a0LA VALLE<\/strong> Fino al 31 ottobre divieto di sosta con rimozione forzata su parte del piazzale difronte al sito minerario di Valle Imperina temporaneamente area di deposito di cippato.<\/p>\n<p>&nbsp;<\/p>\n<hr \/>\n<p>&nbsp;<\/p>\n<blockquote>\n<h3>E&#8217; MORTO IL PARRUCCHIERE NATO AD AGORDO <a class=\"dt-pswp-item\" href=\"https:\/\/www.radiopiu.net\/wordpress\/wp-content\/uploads\/2022\/10\/Senza-nome-47.jpg\" data-dt-img-description=\"\" data-large_image_width=\"415\" data-large_image_height=\"316\"><img loading=\"lazy\" decoding=\"async\" class=\"wp-image-302259 alignleft\" src=\"https:\/\/www.radiopiu.net\/wordpress\/wp-content\/uploads\/2022\/10\/Senza-nome-47-300x228.jpg\" alt=\"\" width=\"196\" height=\"149\" srcset=\"https:\/\/www.radiopiu.net\/wordpress\/wp-content\/uploads\/2022\/10\/Senza-nome-47-300x228.jpg 300w, https:\/\/www.radiopiu.net\/wordpress\/wp-content\/uploads\/2022\/10\/Senza-nome-47.jpg 415w\" sizes=\"auto, (max-width: 196px) 100vw, 196px\" \/><\/a><\/h3>\n<\/blockquote>\n<p><strong>REDAZIONE<\/strong> A soli 53 anni \u00e8 mancato Mario Tilotta in seguito ad un incidente accaduto luned\u00ec sera a Follina. Il noto parrucchiere nato ad Agordo gestiva\u00a0 con la moglie Dina il salone a Tarzo. Ha vissuto gran parte della sua vita a\u00a0 Follina.\u00a0 E&#8217; da sempre definito il parrucchiere dei vip:\u00a0 Maurizio Costanzo, Silvio Berlusconi, da Lele Mora a Marta Flavi,\u00a0 ma anche Marcello Mastroianni. Il parrucchiere oltre alla moglie lascia due figlie di 23 e\u00a0 25 anni.<\/p>\n<p>FOTO Corriere delle Alpi (Macca).<\/p>\n<p>&nbsp;<\/p>\n<hr \/>\n<p>&nbsp;<\/p>\n<blockquote>\n<h3>LUTTO A BELLUNO,\u00a0 E&#8217; MANCATO MARIO AZZALINI<\/h3>\n<\/blockquote>\n<p><a class=\"dt-pswp-item\" href=\"https:\/\/www.radiopiu.net\/wordpress\/wp-content\/uploads\/2022\/10\/Senza-nome-48.jpg\" data-dt-img-description=\"\" data-large_image_width=\"187\" data-large_image_height=\"200\"><img loading=\"lazy\" decoding=\"async\" class=\"wp-image-302262 alignleft\" src=\"https:\/\/www.radiopiu.net\/wordpress\/wp-content\/uploads\/2022\/10\/Senza-nome-48.jpg\" alt=\"\" width=\"99\" height=\"106\" \/><\/a><br \/>\n<strong>BELLUNO<\/strong> Mario Azzalini \u00e8\u00a0 scomparso a 93 anni.\u00a0 Ha attraversato la storia economica della provincia cimentandosi in vari settori \u00e8 ricordato soprattutto per l&#8217;attivit\u00e0 svolta sino all&#8217;ultimo nel campo della distribuzione dei carburanti. Mario Azzalini ha lasciato i figli Giorgio, Lisi e cinque nipoti &#8211; la moglie \u00e8 mancata venticinque anni fa. La salma \u00e8 stata tumulata nel cimitero di Prade.<\/p>\n<p>&nbsp;<\/p>\n<p>&nbsp;<\/p>\n<hr \/>\n<p>&nbsp;<\/p>\n<blockquote>\n<h3>MANCATO RIENTRO, RAGAZZO RITROVATO AL BIVACCO PERUGINI<\/h3>\n<\/blockquote>\n<p><strong><a class=\"dt-pswp-item\" href=\"https:\/\/www.radiopiu.net\/wordpress\/wp-content\/uploads\/2022\/10\/salt_20221018_081910_453.jpg\" data-dt-img-description=\"\" data-large_image_width=\"1773\" data-large_image_height=\"2364\"><img loading=\"lazy\" decoding=\"async\" class=\"size-medium wp-image-302121 alignleft\" src=\"https:\/\/www.radiopiu.net\/wordpress\/wp-content\/uploads\/2022\/10\/salt_20221018_081910_453-225x300.jpg\" alt=\"\" width=\"225\" height=\"300\" srcset=\"https:\/\/www.radiopiu.net\/wordpress\/wp-content\/uploads\/2022\/10\/salt_20221018_081910_453-225x300.jpg 225w, https:\/\/www.radiopiu.net\/wordpress\/wp-content\/uploads\/2022\/10\/salt_20221018_081910_453-768x1024.jpg 768w, https:\/\/www.radiopiu.net\/wordpress\/wp-content\/uploads\/2022\/10\/salt_20221018_081910_453-1152x1536.jpg 1152w, https:\/\/www.radiopiu.net\/wordpress\/wp-content\/uploads\/2022\/10\/salt_20221018_081910_453-1536x2048.jpg 1536w, https:\/\/www.radiopiu.net\/wordpress\/wp-content\/uploads\/2022\/10\/salt_20221018_081910_453.jpg 1773w\" sizes=\"auto, (max-width: 225px) 100vw, 225px\" \/><\/a>DOMEGGE DI CADORE\u00a0<\/strong> Non rientra da un&#8217;escursione tra Forcella Segnata e Forcella Montanaia, 33enne trevigiano ritrovato nella notte al Bivacco Perugini. Un intervento\u00a0 ha impegnato tutta la notte le squadre del Soccorso alpino del Centro Cadore, della Valcellina, della Guardia di finanza, con il supporto dei Vigili del fuoco, dopo la chiamata al 118, attorno alle 23 di lunedi, da parte del padre di un escursionista, preoccupato perch\u00e9 il figlio non era tornato da una camminata sugli Spalti di Toro e non era raggiungibile al telefono. L&#8217;uomo aveva avuto l&#8217;ultimo contatto con il figlio alle 13.20 circa, tramite un messaggio in cui gli aveva comunicato che l&#8217;itinerario che avrebbe seguito era da Domegge verso il Rifugio Padova e poi lungo i sentieri 346 e 342, il bivio 353 verso forcella Montanaia fino al Bivacco Perugini, la risalita a Forcella Segnata e discesa al Rifugio Padova per il sentiero 357. Con l&#8217;aiuto dei Carabinieri si \u00e8 cercata l&#8217;ultima cella telefonica agganciata, che si \u00e8 poi scoperto essere quella di Pozzale di Cadore, che si aggancia dalla zona di Forcella Montanaia. A\u00a0 quel punto si sono attivate sia le squadre di terra del Veneto che quelle del Friuli per perlustrare a piedi i due versanti della forcella e nel contempo \u00e8 arrivato l&#8217;elicottero dal Trentino Alto Adige abilitato al volo notturno per una perlustrazione a partire dal Rifugio Padova. L&#8217;escursionista \u00e8 stato ritrovato dalle squadre dei soccorritori sul versante friulano al Bivacco Perugini intorno alle tre e trenta dell&#8217;altra notte ed \u00e8 rientrato a piedi assieme a loro verso il rifugio Pordenone e quindi a Cimolais, dove \u00e8 stato consegnato al padre. Le squadre sono rientrate alle 6 di ieri mattina.<\/p>\n<p>&nbsp;<\/p>\n<hr \/>\n<p>&nbsp;<\/p>\n<blockquote>\n<h3><a class=\"dt-pswp-item\" href=\"https:\/\/www.radiopiu.net\/wordpress\/wp-content\/uploads\/2022\/10\/Senza-nome-46.jpg\" data-dt-img-description=\"\" data-large_image_width=\"331\" data-large_image_height=\"201\"><img loading=\"lazy\" decoding=\"async\" class=\" wp-image-302258 alignleft\" src=\"https:\/\/www.radiopiu.net\/wordpress\/wp-content\/uploads\/2022\/10\/Senza-nome-46-300x182.jpg\" alt=\"\" width=\"229\" height=\"139\" srcset=\"https:\/\/www.radiopiu.net\/wordpress\/wp-content\/uploads\/2022\/10\/Senza-nome-46-300x182.jpg 300w, https:\/\/www.radiopiu.net\/wordpress\/wp-content\/uploads\/2022\/10\/Senza-nome-46.jpg 331w\" sizes=\"auto, (max-width: 229px) 100vw, 229px\" \/><\/a>SCONTRO AUTO-MINICAR, UN FERITO<\/h3>\n<\/blockquote>\n<p><strong>BORGO VALBELLUNA<\/strong>\u00a0 Nell&#8217;incidente di ieri il bilancio \u00e8 di un ferito ma non grave. All&#8217;altezza del Kanguro si sono scontrate un&#8217;automobile Fiat e la minicar elettrica.\u00a0 L&#8217;ambulanza del Pronto soccorso di Feltre ha soccorso\u00a0 il conducente della minicar. Vigili del fuoco e carabinieri hanno messo in sicurezza i mezzi, ripristinato la viabilit\u00e0 e condotto i rilievi di legge<\/p>\n<p>&nbsp;<\/p>\n<hr \/>\n<p>&nbsp;<\/p>\n<blockquote>\n<h3>LA FAMIGLIA DI DAVIDE &#8220;PERCHE&#8217; E&#8217; MORTO NOSTRO FIGLIO&#8221;<\/h3>\n<\/blockquote>\n<p><strong>OGGI SUL CORRIERE DELLE ALPI<\/strong><\/p>\n<p><strong>DI GIGI SOSSO<\/strong><\/p>\n<p><strong><img loading=\"lazy\" decoding=\"async\" class=\"alignleft\" src=\"https:\/\/www.radiopiu.net\/wordpress\/wp-content\/uploads\/2022\/10\/th-9.jpg\" width=\"244\" height=\"137\" \/>BELLUNO<\/strong>\u00a0 Il caso della morte di Davide Bristot non \u00e8 chiuso. Di fronte alla seconda richiesta di archiviazione del pm Simone Marcon, i genitori Paolo e Barbara Vanz hanno presentato una seconda opposizione, attraverso l&#8217;avvocato Chiara Tartari. La posizione del medico del Pronto soccorso dell&#8217;ospedale San Martino di Belluno indagato per omicidio colposo, non \u00e8 ancora definita.Il decesso del 18enne di Sedico \u00e8 della notte fra il 13 e il 14 luglio dell&#8217;anno scorso, nella sua camera e la famiglia sottolinea una volta di pi\u00f9 il mancato ricovero: \u00abDavide non andava dimesso\u00bb, sottolineano pap\u00e0 Paolo e mamma Barbara, \u00ab\u00e8 chiaro che, se fosse rimasto in ospedale, i successivi episodi di vomito avrebbero allertato i sanitari, che a quel punto avrebbero potuto porre in essere. Tutto quanto necessario a salvargli la vita&#8230;. \u00abPerch\u00e9 Davide \u00e8 stato sottoposto a prelievo ematico, ma poi la fialetta \u00e8 stata gettata &#8211; senza neppure essere analizzata &#8211; al momento della dimissione? Che fine ha fatto la provetta? Come pu\u00f2, neppure questa, rappresentare una tragica leggerezza? Secondo i nostri periti, averlo tenuto ricoverato almeno in osservazione, analizzando nel frattempo il sangue, avrebbe consentito la sua sopravvivenza\u00bb. La famiglia chiede risposte a questi quesiti in modo da chiudere per sempre una vicenda.<\/p>\n<p>&nbsp;<\/p>\n<hr \/>\n<p>&nbsp;<\/p>\n<blockquote>\n<h3>TELEFONI IN TILT IN ALPAGO, LA CAUSA: I LAVORI STRADALI<br \/>\n<a class=\"dt-pswp-item\" href=\"https:\/\/www.radiopiu.net\/wordpress\/wp-content\/uploads\/2020\/05\/FIBRA.jpg\" data-dt-img-description=\"\" data-large_image_width=\"1920\" data-large_image_height=\"1080\"><img loading=\"lazy\" decoding=\"async\" class=\" wp-image-135540 alignleft\" src=\"https:\/\/www.radiopiu.net\/wordpress\/wp-content\/uploads\/2020\/05\/FIBRA-300x169.jpg\" alt=\"\" width=\"204\" height=\"115\" srcset=\"https:\/\/www.radiopiu.net\/wordpress\/wp-content\/uploads\/2020\/05\/FIBRA-300x169.jpg 300w, https:\/\/www.radiopiu.net\/wordpress\/wp-content\/uploads\/2020\/05\/FIBRA-1024x576.jpg 1024w, https:\/\/www.radiopiu.net\/wordpress\/wp-content\/uploads\/2020\/05\/FIBRA-768x432.jpg 768w, https:\/\/www.radiopiu.net\/wordpress\/wp-content\/uploads\/2020\/05\/FIBRA-1536x864.jpg 1536w, https:\/\/www.radiopiu.net\/wordpress\/wp-content\/uploads\/2020\/05\/FIBRA.jpg 1920w\" sizes=\"auto, (max-width: 204px) 100vw, 204px\" \/><\/a><\/h3>\n<\/blockquote>\n<p><strong>TAMBRE<\/strong> La fibra ottica \u00e8 stata spezzata\u00a0 durante i lavori stradali di Open Fiber\u00a0 a Chies con conseguente blackout della connessione internet Telecom da luned\u00ec sera. Il messaggio via social del\u00a0 Comune di Tambre.\u00a0 &#8220;E&#8217;<em> stata tranciata la fibra ottica Telecom, per la riparazione ci vorr\u00e0 del tempo&#8221;\u00a0 <\/em>Disagi notevoli per i cittadini e soprattutto per i commercianti anche a rischio di\u00a0 accertamenti fiscali.\u00a0 I lavori di riparazione sono proseguiti anche nella notte, quindi gi\u00e0 da questa mattina tutto dovrebbe tornare nella norma.\u00a0<i><\/i><\/p>\n<p>&nbsp;<\/p>\n<hr \/>\n<p>&nbsp;<\/p>\n<p><strong>\u00a0<\/strong><\/p>\n<blockquote>\n<h3>CRISI IN COMUNE, SIDRO RIMETTE LA DELEGA DA VICESINDACO, FANNO ALTRETTANTO GLI ASSESSORI.<\/h3>\n<\/blockquote>\n<h3><em><strong style=\"font-size: 14px;\">\u00a0il sindaco Emanuele Caruzzo &#8220;Se avr\u00f2 i numeri vado avanti altrimenti torno a casa&#8221;<\/strong><\/em><\/h3>\n<p><strong><a class=\"dt-pswp-item\" href=\"https:\/\/www.radiopiu.net\/wordpress\/wp-content\/uploads\/2022\/10\/1da12e81-8d3c-4b9f-97da-c101ac4ba3ed.jpg\" data-dt-img-description=\"\" data-large_image_width=\"700\" data-large_image_height=\"400\"><img loading=\"lazy\" decoding=\"async\" class=\"wp-image-302228 alignleft\" src=\"https:\/\/www.radiopiu.net\/wordpress\/wp-content\/uploads\/2022\/10\/1da12e81-8d3c-4b9f-97da-c101ac4ba3ed-300x171.jpg\" alt=\"\" width=\"170\" height=\"97\" srcset=\"https:\/\/www.radiopiu.net\/wordpress\/wp-content\/uploads\/2022\/10\/1da12e81-8d3c-4b9f-97da-c101ac4ba3ed-300x171.jpg 300w, https:\/\/www.radiopiu.net\/wordpress\/wp-content\/uploads\/2022\/10\/1da12e81-8d3c-4b9f-97da-c101ac4ba3ed.jpg 700w\" sizes=\"auto, (max-width: 170px) 100vw, 170px\" \/><\/a>di BARBARA PAOLAZZI<\/strong><\/p>\n<p><em>redazione Radio Club 103<\/em><\/p>\n<p>&nbsp;<\/p>\n<p><strong>SAN VITO DI CADORE<\/strong><\/p>\n<audio class=\"wp-audio-shortcode\" id=\"audio-302073-2\" preload=\"none\" style=\"width: 100%;\" controls=\"controls\"><source type=\"audio\/mpeg\" src=\"https:\/\/www.radiopiu.net\/wordpress\/wp-content\/uploads\/2022\/10\/BARBARAu.mp3?_=2\" \/><a href=\"https:\/\/www.radiopiu.net\/wordpress\/wp-content\/uploads\/2022\/10\/BARBARAu.mp3\">https:\/\/www.radiopiu.net\/wordpress\/wp-content\/uploads\/2022\/10\/BARBARAu.mp3<\/a><\/audio>\n<p>&nbsp;<\/p>\n<hr \/>\n<p>&nbsp;<\/p>\n<blockquote>\n<h2>ALLA DIAB 83 LICENZIAMENTI SU 134 LAVORATORI IN ESUBERO<\/h2>\n<\/blockquote>\n<p>&nbsp;<\/p>\n<p><strong><img loading=\"lazy\" decoding=\"async\" class=\"alignleft\" src=\"https:\/\/www.radiopiu.net\/wordpress\/wp-content\/uploads\/2022\/10\/4f678b73-7b91-43f0-a47c-4618456517db-300x169-1.jpg\" width=\"215\" height=\"121\" \/>LONGARONE<\/strong> Si \u00e8 tenuto\u00a0 luned\u00ec in Regione il tavolo con i sindacati convocato dall\u2019assessore\u00a0 al lavoro Elena Donazzan e gestito dal dirigente dell\u2019Unit\u00e0 di crisi aziendale di Veneto Lavoro, Mattia Losego. In discussione la situazione della Diab Spa di Longarone, azienda di propriet\u00e0 di un gruppo svedese che produce materiali plastici in pet e pvc. Via dunque al\u00a0 tavolo di monitoraggio\u00a0 finalizzato alla tutela dei lavoratori e della realt\u00e0 produttiva del sito di Longarone in considerazione dell\u2019annuncio da parte della propriet\u00e0 di chiudere un ramo aziendale Attualmente gli esuberi strutturali ammontano a 83 lavoratori rispetto alla cui condizione le parti hanno condiviso la necessit\u00e0 di mettere in campo ogni azione utile al loro riassorbimento nel tessuto economico locale.<\/p>\n<p>&nbsp;<\/p>\n<blockquote>\n<h3><span style=\"color: #ff0000;\">ARCHIVIO RADIOPIU, 19 MARZO 2022\u00a0<\/span><\/h3>\n<\/blockquote>\n<p><strong>IL FULMINE A CIEL SERENO<\/strong><\/p>\n<p><strong>LONGARONE\u00a0<\/strong> In seguito all\u2019annuncio da parte della direzione svedese e di stabilimento della Diab di Longarone della chiusura del reparto di produzione dei pannelli in PVC con relativi esuberi pari a 185 lavoratori, comprensivi di 47 dipendenti a tempo determinato, in somministrazione e staff leasing attualmente occupati in stabilimento, su un totale di 250 dipendenti, le segreterie territoriali di Filctem Cgil, Femca Cisl e Uiltec Uil hanno proclamato per oggi uno sciopero di 8 ore, con un\u2019assemblea e presidio di due ore presso i cancelli dello stabilimento.\u00a0 Cgil\u00a0 Cisl e Uil dicono no al licenziamento di 185 lavoratori che mettono in crisi altrettanti famiglie. Oggi il presidio davanti alla fabbrica, nesuno \u00e8 propenso ad accettare supinamente questa decisione. Lo hanno ribadito a gran voce i sindacalisti difronte alle sconcertate maestranze.<\/p>\n<blockquote>\n<h3>NON MOLLEREMO<\/h3>\n<\/blockquote>\n<p><strong>di MORENO GIOLI<\/strong><\/p>\n<audio class=\"wp-audio-shortcode\" id=\"audio-302073-3\" preload=\"none\" style=\"width: 100%;\" controls=\"controls\"><source type=\"audio\/mpeg\" src=\"https:\/\/www.radiopiu.net\/wordpress\/wp-content\/uploads\/2022\/03\/mpreno-diab.mp3?_=3\" \/><a href=\"https:\/\/www.radiopiu.net\/wordpress\/wp-content\/uploads\/2022\/03\/mpreno-diab.mp3\">https:\/\/www.radiopiu.net\/wordpress\/wp-content\/uploads\/2022\/03\/mpreno-diab.mp3<\/a><\/audio>\n<p><strong>\u00a0<\/strong><\/p>\n<p><strong>Marco frezzato, UILTEC UIL<\/strong><\/p>\n<audio class=\"wp-audio-shortcode\" id=\"audio-302073-4\" preload=\"none\" style=\"width: 100%;\" controls=\"controls\"><source type=\"audio\/mpeg\" src=\"https:\/\/www.radiopiu.net\/wordpress\/wp-content\/uploads\/2022\/03\/FREZZATO-1.mp3?_=4\" \/><a href=\"https:\/\/www.radiopiu.net\/wordpress\/wp-content\/uploads\/2022\/03\/FREZZATO-1.mp3\">https:\/\/www.radiopiu.net\/wordpress\/wp-content\/uploads\/2022\/03\/FREZZATO-1.mp3<\/a><\/audio>\n<p><strong>\u00a0<\/strong><\/p>\n<p><strong>Bruno Deola,\u00a0 FEMCA CISL<\/strong><\/p>\n<audio class=\"wp-audio-shortcode\" id=\"audio-302073-5\" preload=\"none\" style=\"width: 100%;\" controls=\"controls\"><source type=\"audio\/mpeg\" src=\"https:\/\/www.radiopiu.net\/wordpress\/wp-content\/uploads\/2022\/03\/DEOLA-1.mp3?_=5\" \/><a href=\"https:\/\/www.radiopiu.net\/wordpress\/wp-content\/uploads\/2022\/03\/DEOLA-1.mp3\">https:\/\/www.radiopiu.net\/wordpress\/wp-content\/uploads\/2022\/03\/DEOLA-1.mp3<\/a><\/audio>\n<p><strong>\u00a0<\/strong><\/p>\n<p><strong>Giampietro marra, FILCTEM CGIL<\/strong><\/p>\n<audio class=\"wp-audio-shortcode\" id=\"audio-302073-6\" preload=\"none\" style=\"width: 100%;\" controls=\"controls\"><source type=\"audio\/mpeg\" src=\"https:\/\/www.radiopiu.net\/wordpress\/wp-content\/uploads\/2022\/03\/marra-cgil.mp3?_=6\" \/><a href=\"https:\/\/www.radiopiu.net\/wordpress\/wp-content\/uploads\/2022\/03\/marra-cgil.mp3\">https:\/\/www.radiopiu.net\/wordpress\/wp-content\/uploads\/2022\/03\/marra-cgil.mp3<\/a><\/audio>\n<p><strong>\u00a0<\/strong><\/p>\n<p><strong>Giorgio agnoletto UILTEC<\/strong><\/p>\n<audio class=\"wp-audio-shortcode\" id=\"audio-302073-7\" preload=\"none\" style=\"width: 100%;\" controls=\"controls\"><source type=\"audio\/mpeg\" src=\"https:\/\/www.radiopiu.net\/wordpress\/wp-content\/uploads\/2022\/03\/AGNOLETTO-1.mp3?_=7\" \/><a href=\"https:\/\/www.radiopiu.net\/wordpress\/wp-content\/uploads\/2022\/03\/AGNOLETTO-1.mp3\">https:\/\/www.radiopiu.net\/wordpress\/wp-content\/uploads\/2022\/03\/AGNOLETTO-1.mp3<\/a><\/audio>\n<blockquote>\n<h3><\/h3>\n<\/blockquote>\n<hr \/>\n<p>&nbsp;<\/p>\n<blockquote>\n<h3><a class=\"dt-pswp-item\" href=\"https:\/\/www.radiopiu.net\/wordpress\/wp-content\/uploads\/2021\/02\/Italy_Mountain_PassoSella5_roads2drive.jpg\" data-dt-img-description=\"\" data-large_image_width=\"1944\" data-large_image_height=\"1296\"><img loading=\"lazy\" decoding=\"async\" class=\" wp-image-193941 alignleft\" src=\"https:\/\/www.radiopiu.net\/wordpress\/wp-content\/uploads\/2021\/02\/Italy_Mountain_PassoSella5_roads2drive-300x200.jpg\" alt=\"\" width=\"207\" height=\"138\" srcset=\"https:\/\/www.radiopiu.net\/wordpress\/wp-content\/uploads\/2021\/02\/Italy_Mountain_PassoSella5_roads2drive-300x200.jpg 300w, https:\/\/www.radiopiu.net\/wordpress\/wp-content\/uploads\/2021\/02\/Italy_Mountain_PassoSella5_roads2drive-1024x683.jpg 1024w, https:\/\/www.radiopiu.net\/wordpress\/wp-content\/uploads\/2021\/02\/Italy_Mountain_PassoSella5_roads2drive-768x512.jpg 768w, https:\/\/www.radiopiu.net\/wordpress\/wp-content\/uploads\/2021\/02\/Italy_Mountain_PassoSella5_roads2drive-1536x1024.jpg 1536w, https:\/\/www.radiopiu.net\/wordpress\/wp-content\/uploads\/2021\/02\/Italy_Mountain_PassoSella5_roads2drive.jpg 1944w\" sizes=\"auto, (max-width: 207px) 100vw, 207px\" \/><\/a>VIABILITA\u2019 SOSTENIBILE. GIUNTA APPROVA LO SCHEMA DEL PROTOCOLLO D\u2019INTESA SU \u201cDOLOMITI LOW EMISSION ZONE\u201d<\/h3>\n<\/blockquote>\n<p><strong>VENEZIA <\/strong>La Giunta regionale del Veneto ha approvato lo schema di Protocollo di intesa con i ministeri delle Infrastrutture e dell\u2019Innovazione tecnologica, le province autonome di Bolzano e Trento e la provincia di Belluno, finalizzato alla costituzione della Dolomiti Low Emission Zone. Obbiettivo \u00e8 la promozione di una serie di interventi adeguati per l\u2019implementazione di misure utili a ridurre le emissioni di CO2\u201d grazie alla riduzione della mobilit\u00e0 tradizionale a vantaggio di quella sostenibile. In particolare sono coinvolti i comuni dell\u2019area intorno al gruppo del Sella al fine di valorizzare i territori circostanti coerentemente con gli obiettivi nazionali al 2030 per la riduzione delle emissioni e quelli di promozione della mobilit\u00e0 sostenibile.<\/p>\n<p>&nbsp;<\/p>\n<p>&nbsp;<\/p>\n<hr \/>\n<blockquote>\n<h3>\u00a0MOLESTIE IN AZIENDA, UNA TRISTE VICENDA CHE APRE AI SEMINARI<\/h3>\n<\/blockquote>\n<p>&nbsp;<\/p>\n<p><strong><a class=\"dt-pswp-item\" href=\"https:\/\/www.radiopiu.net\/wordpress\/wp-content\/uploads\/2022\/10\/th-10.jpg\" data-dt-img-description=\"\" data-large_image_width=\"474\" data-large_image_height=\"259\"><img loading=\"lazy\" decoding=\"async\" class=\"size-medium wp-image-302275 alignleft\" src=\"https:\/\/www.radiopiu.net\/wordpress\/wp-content\/uploads\/2022\/10\/th-10-300x164.jpg\" alt=\"\" width=\"300\" height=\"164\" srcset=\"https:\/\/www.radiopiu.net\/wordpress\/wp-content\/uploads\/2022\/10\/th-10-300x164.jpg 300w, https:\/\/www.radiopiu.net\/wordpress\/wp-content\/uploads\/2022\/10\/th-10.jpg 474w\" sizes=\"auto, (max-width: 300px) 100vw, 300px\" \/><\/a>REDAZIONE<\/strong>\u00a0 Combattere discriminazioni e molestie nei luoghi di lavoro. \u00c8 un impegno a cui tiene particolarmente la consigliera di parit\u00e0 della Provincia di Belluno, Flavia Monego. Che, con le sigle sindacali, promuove due seminari sul tema dedicati alle Rsu aziendali. Appuntamento il 20 e 28 ottobre a Palazzo Bembo per i tavoli di lavoro su \u00abViolenza di genere: riconoscerla, combatterla, prevenirla\u00bb, coordinati da Francesca Quaglia, psicoterapeuta e responsabile del Centro antiviolenza. Mentre il 10 novembre, nella sala Muccin del Centro Giovanni XXIII si parler\u00e0 dei risvolti psicologici di chi subisce molestie sul luogo di lavoro, con un intervento della psicologa Michela Marchet.<\/p>\n<p><strong>UNA TRISTE VICENDA\u00a0<\/strong> \u00a0Una lavoratrice straniera, precaria,\u00a0 ha denunciato le molestie sub\u00ecte da un collega. Inizialmente non fu creduta,\u00a0 poi, quando il &#8220;tipo&#8221; molest\u00f2 altre due lavoratrici tutti capirono che non si trattava di invenzioni. Per fortuna il caso ha avuto un lieto fine. Il molestatore \u00e8 stato allontanato dall\u2019azienda e la donna ha ottenuto il rinnovo di contratto.<\/p>\n<blockquote>\n<h3><\/h3>\n<h3>PREVENZIONE E CURA DELLE DISCRIMINAZIONI SUI LUOGHI DI LAVORO, I SEMINARI CON LE RSU<\/h3>\n<\/blockquote>\n<p><strong><a class=\"dt-pswp-item\" href=\"https:\/\/www.radiopiu.net\/wordpress\/wp-content\/uploads\/2022\/10\/0aeb6422-ee4e-4ad2-93f3-f01f45a02707.jpg\" data-dt-img-description=\"\" data-large_image_width=\"1600\" data-large_image_height=\"901\"><img loading=\"lazy\" decoding=\"async\" class=\" wp-image-302213 alignleft\" src=\"https:\/\/www.radiopiu.net\/wordpress\/wp-content\/uploads\/2022\/10\/0aeb6422-ee4e-4ad2-93f3-f01f45a02707-300x169.jpg\" alt=\"\" width=\"197\" height=\"111\" srcset=\"https:\/\/www.radiopiu.net\/wordpress\/wp-content\/uploads\/2022\/10\/0aeb6422-ee4e-4ad2-93f3-f01f45a02707-300x169.jpg 300w, https:\/\/www.radiopiu.net\/wordpress\/wp-content\/uploads\/2022\/10\/0aeb6422-ee4e-4ad2-93f3-f01f45a02707-1024x577.jpg 1024w, https:\/\/www.radiopiu.net\/wordpress\/wp-content\/uploads\/2022\/10\/0aeb6422-ee4e-4ad2-93f3-f01f45a02707-768x432.jpg 768w, https:\/\/www.radiopiu.net\/wordpress\/wp-content\/uploads\/2022\/10\/0aeb6422-ee4e-4ad2-93f3-f01f45a02707-1536x865.jpg 1536w, https:\/\/www.radiopiu.net\/wordpress\/wp-content\/uploads\/2022\/10\/0aeb6422-ee4e-4ad2-93f3-f01f45a02707.jpg 1600w\" sizes=\"auto, (max-width: 197px) 100vw, 197px\" \/><\/a>BELLUNO<\/strong><\/p>\n<p>di Moreno Gioli<\/p>\n<audio class=\"wp-audio-shortcode\" id=\"audio-302073-8\" preload=\"none\" style=\"width: 100%;\" controls=\"controls\"><source type=\"audio\/mpeg\" src=\"https:\/\/www.radiopiu.net\/wordpress\/wp-content\/uploads\/2022\/10\/GIOLI-VIOLENZA-DI-GENERE.mp3?_=8\" \/><a href=\"https:\/\/www.radiopiu.net\/wordpress\/wp-content\/uploads\/2022\/10\/GIOLI-VIOLENZA-DI-GENERE.mp3\">https:\/\/www.radiopiu.net\/wordpress\/wp-content\/uploads\/2022\/10\/GIOLI-VIOLENZA-DI-GENERE.mp3<\/a><\/audio>\n<p>&nbsp;<\/p>\n<p><strong>FLAVIA MONEGO, CONSIGLIERA DI PARITA&#8217;<\/strong><\/p>\n<audio class=\"wp-audio-shortcode\" id=\"audio-302073-9\" preload=\"none\" style=\"width: 100%;\" controls=\"controls\"><source type=\"audio\/mpeg\" src=\"https:\/\/www.radiopiu.net\/wordpress\/wp-content\/uploads\/2022\/10\/MONEGO.mp3?_=9\" \/><a href=\"https:\/\/www.radiopiu.net\/wordpress\/wp-content\/uploads\/2022\/10\/MONEGO.mp3\">https:\/\/www.radiopiu.net\/wordpress\/wp-content\/uploads\/2022\/10\/MONEGO.mp3<\/a><\/audio>\n<p>&nbsp;<\/p>\n<p><strong>SONIA BRIDDA, UIL<\/strong><\/p>\n<audio class=\"wp-audio-shortcode\" id=\"audio-302073-10\" preload=\"none\" style=\"width: 100%;\" controls=\"controls\"><source type=\"audio\/mpeg\" src=\"https:\/\/www.radiopiu.net\/wordpress\/wp-content\/uploads\/2022\/10\/BRIDDA.mp3?_=10\" \/><a href=\"https:\/\/www.radiopiu.net\/wordpress\/wp-content\/uploads\/2022\/10\/BRIDDA.mp3\">https:\/\/www.radiopiu.net\/wordpress\/wp-content\/uploads\/2022\/10\/BRIDDA.mp3<\/a><\/audio>\n<p>&nbsp;<\/p>\n<hr \/>\n<p>&nbsp;<\/p>\n<p><span style=\"color: #0000ff;\"><strong>CANOA<\/strong><\/span><\/p>\n<blockquote>\n<h3>AD AURONZO I MONDIALI DI CANOA 2023<\/h3>\n<\/blockquote>\n<p><strong><a class=\"dt-pswp-item\" href=\"https:\/\/www.radiopiu.net\/wordpress\/wp-content\/uploads\/2022\/10\/AURONZO-CANOA.jpg\" data-dt-img-description=\"\" data-large_image_width=\"1024\" data-large_image_height=\"768\"><img loading=\"lazy\" decoding=\"async\" class=\" wp-image-302164 alignleft\" src=\"https:\/\/www.radiopiu.net\/wordpress\/wp-content\/uploads\/2022\/10\/AURONZO-CANOA-300x225.jpg\" alt=\"\" width=\"148\" height=\"111\" srcset=\"https:\/\/www.radiopiu.net\/wordpress\/wp-content\/uploads\/2022\/10\/AURONZO-CANOA-300x225.jpg 300w, https:\/\/www.radiopiu.net\/wordpress\/wp-content\/uploads\/2022\/10\/AURONZO-CANOA-768x576.jpg 768w, https:\/\/www.radiopiu.net\/wordpress\/wp-content\/uploads\/2022\/10\/AURONZO-CANOA.jpg 1024w\" sizes=\"auto, (max-width: 148px) 100vw, 148px\" \/><\/a>VENEZIA <\/strong>\u201cDove c\u2019\u00e8 sport di alto livello, il Veneto c\u2019\u00e8, come nel caso dei primi campionati mondiali di canoa su un lago naturale invece che su un invaso artificiale, come accadr\u00e0 ad Auronzo di Cadore nel 2023\u201d. Cos\u00ec il Presidente della Regione Veneto, Luca Zaia, ha presentato oggi, nel corso del punto stampa tenutosi a palazzo Balbi a Venezia, la manifestazione iridata di canoa categorie Junior e Under 23, che si terr\u00e0 nella straordinaria cornice del Lago di Santa Caterina. All\u2019evento era presente, una folta delegazione di atleti e addetti ai lavori di Auronzo, con, tra gli altri, il Sindaco Dario Vecellio Galeno, il Presidente della Provinca Roberto Padrin, il manager Andrea Bedin per il Comitato Promotore. I campionati vedranno in gara 1.300 atleti provenienti da 80 nazioni, 700 operatori tra dirigenti, tecnici e staff, con oltre 50 giornalisti. Si stima un\u2019audience televisiva sui 2 milioni di spettatori con diretta streaming in 43 Paesi, una presenza di 200.000 spettatori sul campo di gara, oltre 10 milioni di contatti sul web.<\/p>\n<p>&nbsp;<\/p>\n<p>&nbsp;<\/p>\n<p>&nbsp;<\/p>\n<hr \/>\n<blockquote>\n<h3>L&#8217;AZZARDO DEL GIOCO, OGGI INCONTRO SULLE LUDOPATIE<\/h3>\n<\/blockquote>\n<p><strong><a class=\"dt-pswp-item\" href=\"https:\/\/www.radiopiu.net\/wordpress\/wp-content\/uploads\/2021\/11\/gioco-azzardo-slot-machines.jpg\" data-dt-img-description=\"\" data-large_image_width=\"1920\" data-large_image_height=\"1080\"><img loading=\"lazy\" decoding=\"async\" class=\" wp-image-244008 alignleft\" src=\"https:\/\/www.radiopiu.net\/wordpress\/wp-content\/uploads\/2021\/11\/gioco-azzardo-slot-machines-300x169.jpg\" alt=\"\" width=\"241\" height=\"136\" srcset=\"https:\/\/www.radiopiu.net\/wordpress\/wp-content\/uploads\/2021\/11\/gioco-azzardo-slot-machines-300x169.jpg 300w, https:\/\/www.radiopiu.net\/wordpress\/wp-content\/uploads\/2021\/11\/gioco-azzardo-slot-machines-1024x576.jpg 1024w, https:\/\/www.radiopiu.net\/wordpress\/wp-content\/uploads\/2021\/11\/gioco-azzardo-slot-machines-768x432.jpg 768w, https:\/\/www.radiopiu.net\/wordpress\/wp-content\/uploads\/2021\/11\/gioco-azzardo-slot-machines-1536x864.jpg 1536w, https:\/\/www.radiopiu.net\/wordpress\/wp-content\/uploads\/2021\/11\/gioco-azzardo-slot-machines.jpg 1920w\" sizes=\"auto, (max-width: 241px) 100vw, 241px\" \/><\/a>BELLUNO<\/strong> S\u2019intitola \u201cL\u2019azzardo del gioco\u201d l\u2019incontro sulle ludopatie organizzato dal Dipartimento delle dipendenze della Ulss 1 Dolomiti con i Sindacati territoriali dei Pensionati Spi Cgil, Cisl Fnp e Uilp Uil e che si svolger\u00e0 oggi alle 16 nella sala Bianchi di viale Fantuzzi 11 a Belluno. Interverranno Amalia Manzan, direttrice del SerD di Belluno, Cristina Zaetta, psicologa del SerD di Auronzo, Luca Cecutti, assistente sociale del SerD di Auronzo e i rappresentanti delle Federazioni dei Pensionati. <em>\u201cGi\u00e0 nel corso della definizione del Piano di Zona straordinario 2021 e in successive occasioni &#8211; spiegano Rita Gentilin, Maurizio Cappellin e Debora Rocco, rispettivamente di Spi Cgil, Cisl Fnp e Uilp Uil &#8211; avevamo espresso la nostra preoccupazione per i segnali che giungevano nei nostri punti di accesso, riconducibili anche alla presenza e diffusione del gioco d\u2019azzardo in tutte le sue forme, sia fra lavoratori attivi che fra la popolazione anziana. In particolare, iniziavamo a ravvisare preoccupanti situazioni di sovraindebitamento con conseguenti richieste di cessione di 1\/5 dello stipendio, anticipi dal fondo pensione o altri benefici utili a saldare situazioni debitorie\u201d.\u00a0<\/em><\/p>\n<p><strong>MAURIZIO CAPPELIN, CISL FNP<\/strong><\/p>\n<audio class=\"wp-audio-shortcode\" id=\"audio-302073-11\" preload=\"none\" style=\"width: 100%;\" controls=\"controls\"><source type=\"audio\/mpeg\" src=\"https:\/\/www.radiopiu.net\/wordpress\/wp-content\/uploads\/2022\/10\/WhatsApp-Audio-2022-10-18-at-15.51.56.mp3?_=11\" \/><a href=\"https:\/\/www.radiopiu.net\/wordpress\/wp-content\/uploads\/2022\/10\/WhatsApp-Audio-2022-10-18-at-15.51.56.mp3\">https:\/\/www.radiopiu.net\/wordpress\/wp-content\/uploads\/2022\/10\/WhatsApp-Audio-2022-10-18-at-15.51.56.mp3<\/a><\/audio>\n<p>&nbsp;<\/p>\n<p>&nbsp;<\/p>\n<hr \/>\n<p>&nbsp;<\/p>\n<p>&nbsp;<\/p>\n<blockquote>\n<h3>SPESA ENERGETICA A BELLUNO. RISPARMIO DI QUASI 100 MILA EURO RISPETTO ALLA PREVISIONE<\/h3>\n<\/blockquote>\n<p><strong>BELLUNO <\/strong>Le misure messe in atto dall\u2019amministrazione De Pellegrin per abbassare i costi energetici stanno dando i primi risultati. Nel mese di settembre la spesa per l\u2019elettricit\u00e0 \u00e8 stata di quasi 100 mila euro inferiore rispetto alla previsione degli uffici comunali. Qualche dato per descrivere la situazione fino ad agosto e, poi, il cambio di passo introdotto da settembre. Fino ad agosto lo spegnimento dei punti luce generava un risparmio di consumi di circa il 20%, non sufficiente a determinare efficaci riduzioni in bolletta. Basti pensare come i consumi dell\u2019agosto 2021 avessero portato ad una spesa di 67.822 euro e come questa, nell\u2019agosto di quest\u2019anno, sia salita a 154.813 euro nonostante lo spegnimento parziale dell\u2019illuminazione pubblica. E\u2019 stato l\u2019ampliamento della misura a tutti i 6400 punti luce, dapprima dalle 2.30 alle 5.30 del mattino e, ora, dall\u20191.00 alle 5, a portare risultati evidenti. La previsione di spesa per il mese di settembre, infatti, parlava di 233 mila euro ma di fatto la bolletta arrivata nei giorni scorsi a Palazzo Rosso \u00e8 di 128 mila. <span lang=\"it-IT\">Q<\/span>uasi 100 mila euro in meno rispetto alle ipotesi. Positivi anche i numeri relativi alle due gallerie, spente h.24 da met\u00e0 agosto. La Maraga \u00e8 costata, nel mese di settembre, appena 5,48 euro mentre la Belluno alla quale \u00e8 collegato qualche lampione esterno, 1.126 euro. Di recente \u00e8 stata introdotta una leggera modifica nell\u2019orario di chiusura dei punti luce, dall\u20191 alle 5 e non pi\u00f9 fino alle 5.30, questo per agevolare i lavoratori che si recano sul posto di lavoro di primo mattino.<\/p>\n<p><strong>IL SINDACO DI BELLUNO OSCAR DE PELLEGRIN<\/strong><\/p>\n<div style=\"width: 640px;\" class=\"wp-video\"><video class=\"wp-video-shortcode\" id=\"video-302073-1\" width=\"640\" height=\"352\" preload=\"metadata\" controls=\"controls\"><source type=\"video\/mp4\" src=\"https:\/\/www.radiopiu.net\/wordpress\/wp-content\/uploads\/2022\/10\/Risultati-spegnimento-luci.mp4?_=1\" \/><a href=\"https:\/\/www.radiopiu.net\/wordpress\/wp-content\/uploads\/2022\/10\/Risultati-spegnimento-luci.mp4\">https:\/\/www.radiopiu.net\/wordpress\/wp-content\/uploads\/2022\/10\/Risultati-spegnimento-luci.mp4<\/a><\/video><\/div>\n<p>&nbsp;<\/p>\n<hr \/>\n<p>&nbsp;<\/p>\n<p>&nbsp;<\/p>\n<blockquote>\n<h3>IMPIANTI APERTI, PARTECIPATE LE VISITE AI DEPURATORI DI FELTRE E LONGARONE<\/h3>\n<\/blockquote>\n<p><strong>BELLUNO\u00a0 <\/strong>Si sono svolte domenica scorsa le visite guidate agli impianti di depurazione di Feltre, il pi\u00f9 grande della provincia di Belluno, e di Longarone. Bim Gsp, infatti, ha aperto al pubblico al mattino e al pomeriggio due dei 64 depuratori che trattano, annualmente, 41,6 milioni di metri cubi di acque reflue provenienti dalla rete fognaria bellunese. Oltre 70 i partecipanti, tra adulti, famiglie, ragazzi e studenti, provenienti da tutta la provincia, a cui \u00e8 stata illustrata, passo dopo passo, l\u2019utilit\u00e0 dei diversi comparti che costituiscono gli impianti e le complesse fasi del processo depurativo: dal pretrattamento, che garantisce l\u2019eliminazione dei materiali solidi pi\u00f9 grossolani (quali cotton-fioc, sabbie, olii) al trattamento biologico, con vasche popolate da batteri che si nutrono delle sostanze inquinanti biodegradabili, al trattamento terziario dove appositi filtri provvedono a rimuovere gli ultimi residui sospesi, fino alla disinfezione, che abbatte la carica batterica ancora presente nell\u2019acqua depurata, prima della restituzione della risorsa pulita in ambiente. Particolarmente utili le dimostrazioni pratiche che hanno permesso ai partecipanti di vedere i diversi stadi del refluo, da fango, appunto, ad inizio lavorazione, ad acqua pulita a fine attivit\u00e0, prima della reimmissione in natura. Prossimo appuntamento, tra circa un mese, ad un impianto dell\u2019acquedotto, per conoscere il viaggio dell\u2019acqua di rubinetto e il processo di potabilizzazione.<\/p>\n\n\t\t\t<style type='text\/css'>\n\t\t\t\t#gallery-1 {\n\t\t\t\t\tmargin: auto;\n\t\t\t\t}\n\t\t\t\t#gallery-1 .gallery-item {\n\t\t\t\t\tfloat: left;\n\t\t\t\t\tmargin-top: 10px;\n\t\t\t\t\ttext-align: center;\n\t\t\t\t\twidth: 33%;\n\t\t\t\t}\n\t\t\t\t#gallery-1 img {\n\t\t\t\t\tborder: 2px solid #cfcfcf;\n\t\t\t\t}\n\t\t\t\t#gallery-1 .gallery-caption {\n\t\t\t\t\tmargin-left: 0;\n\t\t\t\t}\n\t\t\t\t\/* see gallery_shortcode() in wp-includes\/media.php *\/\n\t\t\t<\/style>\n\t\t<div id='gallery-1' class='dt-gallery-container gallery galleryid-302073 gallery-columns-3 gallery-size-thumbnail'><dl class='gallery-item'>\n\t\t\t\t<dt class='gallery-icon portrait'>\n\t\t\t\t\t<a class=\"rollover rollover-zoom dt-pswp-item\" title=\"1_depuratore di Longarone_interno\" data-dt-img-description=\"\" data-large_image_width=\"1536\" data-large_image_height=\"2048\"href='https:\/\/www.radiopiu.net\/wordpress\/wp-content\/uploads\/2022\/10\/1_depuratore-di-Longarone_interno.jpg'><img loading=\"lazy\" decoding=\"async\" width=\"150\" height=\"150\" src=\"https:\/\/www.radiopiu.net\/wordpress\/wp-content\/uploads\/2022\/10\/1_depuratore-di-Longarone_interno-150x150.jpg\" class=\"attachment-thumbnail size-thumbnail\" alt=\"\" \/><\/a>\n\t\t\t\t<\/dt><\/dl><dl class='gallery-item'>\n\t\t\t\t<dt class='gallery-icon portrait'>\n\t\t\t\t\t<a class=\"rollover rollover-zoom dt-pswp-item\" title=\"2_depuratore di Feltre\" data-dt-img-description=\"\" data-large_image_width=\"1536\" data-large_image_height=\"2048\"href='https:\/\/www.radiopiu.net\/wordpress\/wp-content\/uploads\/2022\/10\/2_depuratore-di-Feltre.jpg'><img loading=\"lazy\" decoding=\"async\" width=\"150\" height=\"150\" src=\"https:\/\/www.radiopiu.net\/wordpress\/wp-content\/uploads\/2022\/10\/2_depuratore-di-Feltre-150x150.jpg\" class=\"attachment-thumbnail size-thumbnail\" alt=\"\" \/><\/a>\n\t\t\t\t<\/dt><\/dl><dl class='gallery-item'>\n\t\t\t\t<dt class='gallery-icon landscape'>\n\t\t\t\t\t<a class=\"rollover rollover-zoom dt-pswp-item\" title=\"3_depuratore di Longarone\" data-dt-img-description=\"\" data-large_image_width=\"2048\" data-large_image_height=\"1536\"href='https:\/\/www.radiopiu.net\/wordpress\/wp-content\/uploads\/2022\/10\/3_depuratore-di-Longarone.jpg'><img loading=\"lazy\" decoding=\"async\" width=\"150\" height=\"150\" src=\"https:\/\/www.radiopiu.net\/wordpress\/wp-content\/uploads\/2022\/10\/3_depuratore-di-Longarone-150x150.jpg\" class=\"attachment-thumbnail size-thumbnail\" alt=\"\" \/><\/a>\n\t\t\t\t<\/dt><\/dl><br style=\"clear: both\" \/>\n\t\t\t<\/div>\n\n<p>&nbsp;<\/p>\n<hr \/>\n<p>&nbsp;<\/p>\n<p>&nbsp;<\/p>\n<blockquote>\n<h2>STUDENTESSA IN &#8220;ERBA&#8221; OTTIMISMO PER IL FUTURO<\/h2>\n<\/blockquote>\n<p><a class=\"dt-pswp-item\" href=\"https:\/\/www.radiopiu.net\/wordpress\/wp-content\/uploads\/2022\/10\/Senza-nome-43.jpg\" data-dt-img-description=\"\" data-large_image_width=\"386\" data-large_image_height=\"375\"><img loading=\"lazy\" decoding=\"async\" class=\" wp-image-302138 alignleft\" src=\"https:\/\/www.radiopiu.net\/wordpress\/wp-content\/uploads\/2022\/10\/Senza-nome-43-300x291.jpg\" alt=\"\" width=\"221\" height=\"214\" srcset=\"https:\/\/www.radiopiu.net\/wordpress\/wp-content\/uploads\/2022\/10\/Senza-nome-43-300x291.jpg 300w, https:\/\/www.radiopiu.net\/wordpress\/wp-content\/uploads\/2022\/10\/Senza-nome-43.jpg 386w\" sizes=\"auto, (max-width: 221px) 100vw, 221px\" \/><\/a><strong>REDAZIONE<\/strong> Niente di pi\u00f9 bello nel dare una notizia come questa, mentre i grandi deludono, mentre i Governi deludono, c&#8217;\u00e8 chi al contrario raccoglie consensi e risultati. Parliamo di giovani, studenti meritevoli, premiati, un invito\u00a0 aguardare al futuro con maggiore ottimismo. Agnese ad esempio, Agnese Martini una giovane studentessa e allevatrice del Comelico Superiore, attaccata al progresso e alle tradizioni. Agnese ha ricevuto un riconoscimento speciale dal dottor Ermacora per aver presentato al termine di un percorso scolastico speciale e formativo una tesi su Bayern Genetik. Complimenti Agnese, da una provincia orgogliosa di questi risultati.<br \/>\nFoto Mendoza.<\/p>\n<p><em><a class=\"dt-pswp-item\" href=\"https:\/\/www.radiopiu.net\/wordpress\/wp-content\/uploads\/2022\/10\/310983470_5705274799523461_3569296081567701068_n.jpg\" data-dt-img-description=\"\" data-large_image_width=\"592\" data-large_image_height=\"395\"><img loading=\"lazy\" decoding=\"async\" class=\"wp-image-302139 alignleft\" src=\"https:\/\/www.radiopiu.net\/wordpress\/wp-content\/uploads\/2022\/10\/310983470_5705274799523461_3569296081567701068_n-300x200.jpg\" alt=\"\" width=\"218\" height=\"145\" srcset=\"https:\/\/www.radiopiu.net\/wordpress\/wp-content\/uploads\/2022\/10\/310983470_5705274799523461_3569296081567701068_n-300x200.jpg 300w, https:\/\/www.radiopiu.net\/wordpress\/wp-content\/uploads\/2022\/10\/310983470_5705274799523461_3569296081567701068_n.jpg 592w\" sizes=\"auto, (max-width: 218px) 100vw, 218px\" \/><\/a>Bayern-Genetik GmbH \u00e8 un&#8217;azienda attiva a livello mondiale ma con radici bavaresi. Il partner per la fornitura di genetica bovina; seme, embrioni e bestiame da riproduzione. La razza Fleckvieh \u00e8 al centro della loro attenzione.\u00a0 Fleckvieh \u00e8 definita la razza del futuro, sia nella duplice attitudine che nel settore specializzato della carne bovina. Una\u00a0 filosofia che si basa sulla selezione di animali forti, vitali, armoniosi e senza estremi. Nel crossbreeding da latte \u00e8 unica al mondo. Fleckvieh \u00e8 il nome che nel mondo viene utilizzato per indicare la razza che nel Bel Paese \u00e8 registrata come &#8220;Pezzata Rossa Italiana&#8221; e che per diffusione e per numero di capi allevati, \u00e8 la seconda razza bovina al mondo. In Italia viene spesso dem\u00ecnominata &#8220;Simmental&#8221; o &#8220;Austriaca&#8221;, anche per differenziarla dal ceppo francese &#8220;Montb\u00e9liarde&#8221;.\u00a0 Una razza caratterizzata da buona produzione di latte con alti titoli di grasso e proteine ed una buona produzione di carne.\u00a0<\/em><\/p>\n<p>&nbsp;<\/p>\n<p>&nbsp;<\/p>\n<hr \/>\n<p>&nbsp;<\/p>\n<blockquote>\n<h3>BENTORNATO DON LUIGI, L&#8217;UOMO DI LIBERA<\/h3>\n<p><strong> <a class=\"dt-pswp-item\" href=\"https:\/\/www.radiopiu.net\/wordpress\/wp-content\/uploads\/2022\/10\/don-luigi-ciotti.jpg\" data-dt-img-description=\"\" data-large_image_width=\"2048\" data-large_image_height=\"1444\"><img loading=\"lazy\" decoding=\"async\" class=\"wp-image-302255 alignleft\" src=\"https:\/\/www.radiopiu.net\/wordpress\/wp-content\/uploads\/2022\/10\/don-luigi-ciotti-300x212.jpg\" alt=\"\" width=\"149\" height=\"105\" srcset=\"https:\/\/www.radiopiu.net\/wordpress\/wp-content\/uploads\/2022\/10\/don-luigi-ciotti-300x212.jpg 300w, https:\/\/www.radiopiu.net\/wordpress\/wp-content\/uploads\/2022\/10\/don-luigi-ciotti-1024x722.jpg 1024w, https:\/\/www.radiopiu.net\/wordpress\/wp-content\/uploads\/2022\/10\/don-luigi-ciotti-768x542.jpg 768w, https:\/\/www.radiopiu.net\/wordpress\/wp-content\/uploads\/2022\/10\/don-luigi-ciotti-1536x1083.jpg 1536w, https:\/\/www.radiopiu.net\/wordpress\/wp-content\/uploads\/2022\/10\/don-luigi-ciotti.jpg 2048w\" sizes=\"auto, (max-width: 149px) 100vw, 149px\" \/><\/a><\/strong><\/p><\/blockquote>\n<p><strong>BELLUNO<\/strong> Il ritorno a casa di Don Luigi Ciotti, presidente nazionale dell&#8217;associazione Libera. Sar\u00e0 a Belluno in occasione della nascita di tre nuovi gruppi provinciali dell&#8217; Agordino, Valbelluna e Bellunese orientale quindi da Sedico all&#8217;Alpago e Zoldano,\u00a0 vanno ad aggiungersi a quello gi\u00e0 esistente in Cadore. Cerimonia con don Ciotti,\u00a0 alle 16, nel palasport di Ponte nelle Alpi.<\/p>\n<p>&nbsp;<\/p>\n<p>&nbsp;<\/p>\n<hr \/>\n<p>&nbsp;<\/p>\n<p>&nbsp;<\/p>\n<blockquote>\n<h3><strong>A 18 PERITI INDUSTRIALI IL PREGIATO TIMBRO D&#8217;ORO \u00a0<\/strong><\/h3>\n<h3><strong><a class=\"dt-pswp-item\" href=\"https:\/\/www.radiopiu.net\/wordpress\/wp-content\/uploads\/2022\/10\/Senza-nome-45.jpg\" data-dt-img-description=\"\" data-large_image_width=\"549\" data-large_image_height=\"239\"><img loading=\"lazy\" decoding=\"async\" class=\"wp-image-302257 size-full aligncenter\" src=\"https:\/\/www.radiopiu.net\/wordpress\/wp-content\/uploads\/2022\/10\/Senza-nome-45.jpg\" alt=\"\" width=\"549\" height=\"239\" srcset=\"https:\/\/www.radiopiu.net\/wordpress\/wp-content\/uploads\/2022\/10\/Senza-nome-45.jpg 549w, https:\/\/www.radiopiu.net\/wordpress\/wp-content\/uploads\/2022\/10\/Senza-nome-45-300x131.jpg 300w\" sizes=\"auto, (max-width: 549px) 100vw, 549px\" \/><\/a><\/strong><\/h3>\n<\/blockquote>\n<div class=\"articlePlainTitle\"><strong>BELLUNO\u00a0<\/strong> Al teatro dell&#8217;Istituto tecnico Segato sono stati consegnati 18 &#8220;Timbri d&#8217;oro&#8221;\u00a0 ai periti industriali iscritti all&#8217;albo professionale da oltre 50 anni. Anche quest\u2019anno come nel 1979,\u00a0 2003, 2007, e\u00a0 2018, apprezzato momento che\u00a0 ha visto la consegna dell\u2019iconico oggetto che i premiati custodiranno sicuramente con l\u2019orgoglio dei loro trascorsi di periti industriali.<\/div>\n<div><\/div>\n<div><\/div>\n<div><\/div>\n<div>\n<hr \/>\n<\/div>\n<div><\/div>\n<div>\n<div class=\"page-title-head hgroup\">\n<blockquote>\n<h3 class=\"entry-title\">UN CONVEGNO SUI RISCHI IDROGEOLOGICI AL FOLLADOR DE ROSSI<\/h3>\n<\/blockquote>\n<\/div>\n<\/div>\n<blockquote><p><strong><a class=\"dt-pswp-item\" href=\"https:\/\/www.radiopiu.net\/wordpress\/wp-content\/uploads\/2022\/03\/FOLLADOR-AGORDO-1.jpg\" data-dt-img-description=\"\" data-large_image_width=\"1280\" data-large_image_height=\"720\"><img loading=\"lazy\" decoding=\"async\" class=\" wp-image-267095 alignleft\" src=\"https:\/\/www.radiopiu.net\/wordpress\/wp-content\/uploads\/2022\/03\/FOLLADOR-AGORDO-1-300x169.jpg\" alt=\"\" width=\"181\" height=\"102\" srcset=\"https:\/\/www.radiopiu.net\/wordpress\/wp-content\/uploads\/2022\/03\/FOLLADOR-AGORDO-1-300x169.jpg 300w, https:\/\/www.radiopiu.net\/wordpress\/wp-content\/uploads\/2022\/03\/FOLLADOR-AGORDO-1-1024x576.jpg 1024w, https:\/\/www.radiopiu.net\/wordpress\/wp-content\/uploads\/2022\/03\/FOLLADOR-AGORDO-1-768x432.jpg 768w, https:\/\/www.radiopiu.net\/wordpress\/wp-content\/uploads\/2022\/03\/FOLLADOR-AGORDO-1.jpg 1280w\" sizes=\"auto, (max-width: 181px) 100vw, 181px\" \/><\/a>AGORDO<\/strong><\/p>\n<p>di Gianni Santomaso<\/p>\n<audio class=\"wp-audio-shortcode\" id=\"audio-302073-12\" preload=\"none\" style=\"width: 100%;\" controls=\"controls\"><source type=\"audio\/mpeg\" src=\"https:\/\/www.radiopiu.net\/wordpress\/wp-content\/uploads\/2022\/10\/GIANNI-UN-CONVEGNO-SUI-RISCHI-IDROGELOCICI-AL-FOLLADOR-DE-ROSSI.mp3?_=12\" \/><a href=\"https:\/\/www.radiopiu.net\/wordpress\/wp-content\/uploads\/2022\/10\/GIANNI-UN-CONVEGNO-SUI-RISCHI-IDROGELOCICI-AL-FOLLADOR-DE-ROSSI.mp3\">https:\/\/www.radiopiu.net\/wordpress\/wp-content\/uploads\/2022\/10\/GIANNI-UN-CONVEGNO-SUI-RISCHI-IDROGELOCICI-AL-FOLLADOR-DE-ROSSI.mp3<\/a><\/audio>\n<p>&nbsp;<\/p>\n<p>&nbsp;<\/p><\/blockquote>\n<div>\n<p>&nbsp;<\/p>\n<p>&nbsp;<\/p>\n<hr \/>\n<p>&nbsp;<\/p>\n<blockquote>\n<h3>ANCHE IL COMUNE DI AGORDO AIUTA I MENO ABBIENTI<br \/>\n<a class=\"dt-pswp-item\" href=\"https:\/\/www.radiopiu.net\/wordpress\/wp-content\/uploads\/2020\/07\/861bcade-2042-4653-bdfe-7008f1b9081f.jpg\" data-dt-img-description=\"\" data-large_image_width=\"960\" data-large_image_height=\"720\"><img loading=\"lazy\" decoding=\"async\" class=\"wp-image-151440 alignleft\" src=\"https:\/\/www.radiopiu.net\/wordpress\/wp-content\/uploads\/2020\/07\/861bcade-2042-4653-bdfe-7008f1b9081f-300x225.jpg\" alt=\"\" width=\"144\" height=\"108\" srcset=\"https:\/\/www.radiopiu.net\/wordpress\/wp-content\/uploads\/2020\/07\/861bcade-2042-4653-bdfe-7008f1b9081f-300x225.jpg 300w, https:\/\/www.radiopiu.net\/wordpress\/wp-content\/uploads\/2020\/07\/861bcade-2042-4653-bdfe-7008f1b9081f-768x576.jpg 768w, https:\/\/www.radiopiu.net\/wordpress\/wp-content\/uploads\/2020\/07\/861bcade-2042-4653-bdfe-7008f1b9081f.jpg 960w\" sizes=\"auto, (max-width: 144px) 100vw, 144px\" \/><\/a> <strong style=\"font-size: 14px;\">AGORDO<\/strong><span style=\"font-size: 14px; font-weight: normal;\"> Come in molti altri Comuni anche il Municipio del capoluogo sosterr\u00e0 con un contributo economico le persone in difficolt\u00e0 che si trovano a dover affrontare le spese per il riscaldamento.\u00a0 Il contributo \u00e8 destinato\u00a0 ai nuclei familiari con Isee non superiore a 7.500 euro. L&#8217;importo massimo che il Comune conceder\u00e0 sar\u00e0 di 400 euro, quello minimo di 100.\u00a0<\/span><\/h3>\n<\/blockquote>\n<p>&nbsp;<\/p>\n<p>&nbsp;<\/p>\n<hr \/>\n<p>&nbsp;<\/p>\n<p>&nbsp;<\/p>\n<p>&nbsp;<\/p>\n<blockquote>\n<h3>LE GUIDE ALPINE RICORDANO LA TRAGEDIA IN MARMOLADA<\/h3>\n<p><a class=\"dt-pswp-item\" href=\"https:\/\/www.radiopiu.net\/wordpress\/wp-content\/uploads\/2022\/07\/Foto-Soccorso-Alpino-Marmolada-3.png\" data-dt-img-description=\"\" data-large_image_width=\"1600\" data-large_image_height=\"1200\"><img loading=\"lazy\" decoding=\"async\" class=\"wp-image-285053 alignleft\" src=\"https:\/\/www.radiopiu.net\/wordpress\/wp-content\/uploads\/2022\/07\/Foto-Soccorso-Alpino-Marmolada-3-300x225.png\" alt=\"\" width=\"213\" height=\"160\" srcset=\"https:\/\/www.radiopiu.net\/wordpress\/wp-content\/uploads\/2022\/07\/Foto-Soccorso-Alpino-Marmolada-3-300x225.png 300w, https:\/\/www.radiopiu.net\/wordpress\/wp-content\/uploads\/2022\/07\/Foto-Soccorso-Alpino-Marmolada-3-1024x768.png 1024w, https:\/\/www.radiopiu.net\/wordpress\/wp-content\/uploads\/2022\/07\/Foto-Soccorso-Alpino-Marmolada-3-768x576.png 768w, https:\/\/www.radiopiu.net\/wordpress\/wp-content\/uploads\/2022\/07\/Foto-Soccorso-Alpino-Marmolada-3-1536x1152.png 1536w, https:\/\/www.radiopiu.net\/wordpress\/wp-content\/uploads\/2022\/07\/Foto-Soccorso-Alpino-Marmolada-3.png 1600w\" sizes=\"auto, (max-width: 213px) 100vw, 213px\" \/><\/a> <strong style=\"font-size: 14px;\">ROCCA PIETORE\u00a0<\/strong><span style=\"font-size: 14px; font-weight: normal;\"> Per iniziativa delle Guide Alpine venerdi sar\u00e0\u00a0 presentato\u00a0 alla Fondazione Angelini a Belluno (domenica 30 ottobre in sala Franceschini ad Alleghe) il manifesto etico a ricordo delle vittime della tragedia in Marmolada della scorsa estate. Si tratta di un elenco di cinque principi ai quali si debbono ispirare le guide, gi\u00e0 approvato in Consiglio direttivo. Enti o singoli privati che vi si ritrovano nei principi espressi dal Manifesto lo possono sottoscrivere. Chi volesse sottoscrivere il documento pu\u00f2 inviare la propria adesione all&#8217;indirizzo mail: collegio@guidealpineveneto.it.\u00a0<\/span><\/p>\n<p>&nbsp;<\/p>\n<p>&nbsp;<\/p>\n<p>&nbsp;<\/p>\n<p>&nbsp;<\/p><\/blockquote>\n<hr \/>\n<p>&nbsp;<\/p>\n<p>&nbsp;<\/p>\n<p><span style=\"color: #ff99cc;\"><strong><a class=\"dt-pswp-item\" href=\"https:\/\/www.radiopiu.net\/wordpress\/wp-content\/uploads\/2022\/10\/Senza-nome-49.jpg\" data-dt-img-description=\"\" data-large_image_width=\"158\" data-large_image_height=\"185\"><img loading=\"lazy\" decoding=\"async\" class=\"size-full wp-image-302266 alignleft\" src=\"https:\/\/www.radiopiu.net\/wordpress\/wp-content\/uploads\/2022\/10\/Senza-nome-49.jpg\" alt=\"\" width=\"158\" height=\"185\" \/><\/a>OTTOBRE ROSA CON LA ULSS1 DOLOMITI\u00a0<\/strong><\/span><\/p>\n<p><span style=\"color: #ff99cc;\"><strong>GLI INCONTRI ON LINE IN GMEET SULLA PREVENZIONE E CURA DEI TUMORI AL SENO<\/strong><\/span><\/p>\n<p><span style=\"color: #ff99cc;\"><strong>Venerdi\u00a0 alle 18 &#8220;Seno con Senno&#8221;, tumore della mammella cosa si deve sapere con Laura Renon e Mauro Dal Soler (chirurghi). Mercoledi 26 ottobre alle 18 &#8220;Nuove cure per una migliore qualit\u00e0 di vita&#8221; con Caterina Fontanella (oncologa) e Alessandro Magli (radio terapista). Venerdi 28 ottobre alle 18 &#8220;Ricomincio da me&#8221; con Serena Zatta (make up artist) e Lunedi 31 ottobre alle 18 &#8220;Oltre la malattia con le associazioni&#8221; con Ados Belluno e Feltre<\/strong><\/span><\/p>\n<p><span style=\"color: #ff99cc;\"><strong>\u00a0<\/strong><\/span><\/p>\n<p>&nbsp;<\/p>\n<p>&nbsp;<\/p>\n<\/div>\n<hr \/>\n<p>&nbsp;<\/p>\n<p><a class=\"dt-pswp-item\" href=\"https:\/\/www.radiopiu.net\/wordpress\/wp-content\/uploads\/2022\/10\/61ee4775-ec34-45e0-ba96-6e7f74b53e9e.jpg\" data-dt-img-description=\"\" data-large_image_width=\"800\" data-large_image_height=\"800\"><img loading=\"lazy\" decoding=\"async\" class=\"size-medium wp-image-302222 aligncenter\" src=\"https:\/\/www.radiopiu.net\/wordpress\/wp-content\/uploads\/2022\/10\/61ee4775-ec34-45e0-ba96-6e7f74b53e9e-300x300.jpg\" alt=\"\" width=\"300\" height=\"300\" srcset=\"https:\/\/www.radiopiu.net\/wordpress\/wp-content\/uploads\/2022\/10\/61ee4775-ec34-45e0-ba96-6e7f74b53e9e-300x300.jpg 300w, https:\/\/www.radiopiu.net\/wordpress\/wp-content\/uploads\/2022\/10\/61ee4775-ec34-45e0-ba96-6e7f74b53e9e-150x150.jpg 150w, https:\/\/www.radiopiu.net\/wordpress\/wp-content\/uploads\/2022\/10\/61ee4775-ec34-45e0-ba96-6e7f74b53e9e-768x768.jpg 768w, https:\/\/www.radiopiu.net\/wordpress\/wp-content\/uploads\/2022\/10\/61ee4775-ec34-45e0-ba96-6e7f74b53e9e.jpg 800w\" sizes=\"auto, (max-width: 300px) 100vw, 300px\" \/><\/a><\/p>\n<p>&nbsp;<\/p>\n<blockquote class=\"wp-embedded-content\" data-secret=\"P02Ere9CrB\"><p><a href=\"https:\/\/www.radiopiu.net\/wordpress\/aziendazeroottobre18\/\">NEGLI OSPEDALI SUPERATI DI NUOVO I 1000 RICOVERI, IERI 14 DECESSI PER COVID<\/a><\/p><\/blockquote>\n<p><iframe loading=\"lazy\" class=\"wp-embedded-content\" sandbox=\"allow-scripts\" security=\"restricted\" style=\"position: absolute; clip: rect(1px, 1px, 1px, 1px);\" title=\"&#8220;NEGLI OSPEDALI SUPERATI DI NUOVO I 1000 RICOVERI, IERI 14 DECESSI PER COVID&#8221; &#8212; Radio Pi\u00f9\" src=\"https:\/\/www.radiopiu.net\/wordpress\/aziendazeroottobre18\/embed\/#?secret=fQqRkuoX4B#?secret=P02Ere9CrB\" data-secret=\"P02Ere9CrB\" width=\"600\" height=\"338\" frameborder=\"0\" marginwidth=\"0\" marginheight=\"0\" scrolling=\"no\"><\/iframe><\/p>\n<p>&nbsp;<\/p>\n<h2>I GRAFICI DI TIZIANO DE COL<\/h2>\n\n\t\t\t<style type='text\/css'>\n\t\t\t\t#gallery-2 {\n\t\t\t\t\tmargin: auto;\n\t\t\t\t}\n\t\t\t\t#gallery-2 .gallery-item {\n\t\t\t\t\tfloat: left;\n\t\t\t\t\tmargin-top: 10px;\n\t\t\t\t\ttext-align: center;\n\t\t\t\t\twidth: 33%;\n\t\t\t\t}\n\t\t\t\t#gallery-2 img {\n\t\t\t\t\tborder: 2px solid #cfcfcf;\n\t\t\t\t}\n\t\t\t\t#gallery-2 .gallery-caption {\n\t\t\t\t\tmargin-left: 0;\n\t\t\t\t}\n\t\t\t\t\/* see gallery_shortcode() in wp-includes\/media.php *\/\n\t\t\t<\/style>\n\t\t<div id='gallery-2' class='dt-gallery-container gallery galleryid-302073 gallery-columns-3 gallery-size-thumbnail'><dl class='gallery-item'>\n\t\t\t\t<dt class='gallery-icon landscape'>\n\t\t\t\t\t<a class=\"rollover rollover-zoom dt-pswp-item\" title=\"77acda65-30a2-4829-8ee9-06f875d73999\" data-dt-img-description=\"\" data-large_image_width=\"594\" data-large_image_height=\"362\"href='https:\/\/www.radiopiu.net\/wordpress\/wp-content\/uploads\/2022\/10\/77acda65-30a2-4829-8ee9-06f875d73999.jpg'><img loading=\"lazy\" decoding=\"async\" width=\"150\" height=\"150\" src=\"https:\/\/www.radiopiu.net\/wordpress\/wp-content\/uploads\/2022\/10\/77acda65-30a2-4829-8ee9-06f875d73999-150x150.jpg\" class=\"attachment-thumbnail size-thumbnail\" alt=\"\" \/><\/a>\n\t\t\t\t<\/dt><\/dl><dl class='gallery-item'>\n\t\t\t\t<dt class='gallery-icon landscape'>\n\t\t\t\t\t<a class=\"rollover rollover-zoom dt-pswp-item\" title=\"ffa5e450-a8c2-45ce-bd06-50f9baf58976\" data-dt-img-description=\"\" data-large_image_width=\"583\" data-large_image_height=\"363\"href='https:\/\/www.radiopiu.net\/wordpress\/wp-content\/uploads\/2022\/10\/ffa5e450-a8c2-45ce-bd06-50f9baf58976.jpg'><img loading=\"lazy\" decoding=\"async\" width=\"150\" height=\"150\" src=\"https:\/\/www.radiopiu.net\/wordpress\/wp-content\/uploads\/2022\/10\/ffa5e450-a8c2-45ce-bd06-50f9baf58976-150x150.jpg\" class=\"attachment-thumbnail size-thumbnail\" alt=\"\" \/><\/a>\n\t\t\t\t<\/dt><\/dl><dl class='gallery-item'>\n\t\t\t\t<dt class='gallery-icon landscape'>\n\t\t\t\t\t<a class=\"rollover rollover-zoom dt-pswp-item\" title=\"75234e90-57ee-4fce-9272-8f0f8deb6cd0\" data-dt-img-description=\"\" data-large_image_width=\"614\" data-large_image_height=\"367\"href='https:\/\/www.radiopiu.net\/wordpress\/wp-content\/uploads\/2022\/10\/75234e90-57ee-4fce-9272-8f0f8deb6cd0.jpg'><img loading=\"lazy\" decoding=\"async\" width=\"150\" height=\"150\" src=\"https:\/\/www.radiopiu.net\/wordpress\/wp-content\/uploads\/2022\/10\/75234e90-57ee-4fce-9272-8f0f8deb6cd0-150x150.jpg\" class=\"attachment-thumbnail size-thumbnail\" alt=\"\" \/><\/a>\n\t\t\t\t<\/dt><\/dl><br style=\"clear: both\" \/><dl class='gallery-item'>\n\t\t\t\t<dt class='gallery-icon landscape'>\n\t\t\t\t\t<a class=\"rollover rollover-zoom dt-pswp-item\" title=\"e81da1d7-73a6-4d57-933f-bbdbfc9da3e9\" data-dt-img-description=\"\" data-large_image_width=\"544\" data-large_image_height=\"362\"href='https:\/\/www.radiopiu.net\/wordpress\/wp-content\/uploads\/2022\/10\/e81da1d7-73a6-4d57-933f-bbdbfc9da3e9.jpg'><img loading=\"lazy\" decoding=\"async\" width=\"150\" height=\"150\" src=\"https:\/\/www.radiopiu.net\/wordpress\/wp-content\/uploads\/2022\/10\/e81da1d7-73a6-4d57-933f-bbdbfc9da3e9-150x150.jpg\" class=\"attachment-thumbnail size-thumbnail\" alt=\"\" \/><\/a>\n\t\t\t\t<\/dt><\/dl><dl class='gallery-item'>\n\t\t\t\t<dt class='gallery-icon landscape'>\n\t\t\t\t\t<a class=\"rollover rollover-zoom dt-pswp-item\" title=\"2a7fc781-bcec-4cc7-8b75-4b5b6e803ee8\" data-dt-img-description=\"\" data-large_image_width=\"626\" data-large_image_height=\"358\"href='https:\/\/www.radiopiu.net\/wordpress\/wp-content\/uploads\/2022\/10\/2a7fc781-bcec-4cc7-8b75-4b5b6e803ee8.jpg'><img loading=\"lazy\" decoding=\"async\" width=\"150\" height=\"150\" src=\"https:\/\/www.radiopiu.net\/wordpress\/wp-content\/uploads\/2022\/10\/2a7fc781-bcec-4cc7-8b75-4b5b6e803ee8-150x150.jpg\" class=\"attachment-thumbnail size-thumbnail\" alt=\"\" \/><\/a>\n\t\t\t\t<\/dt><\/dl><dl class='gallery-item'>\n\t\t\t\t<dt class='gallery-icon landscape'>\n\t\t\t\t\t<a class=\"rollover rollover-zoom dt-pswp-item\" title=\"d0009c4a-5539-42da-bfa6-803ee6b8430d\" data-dt-img-description=\"\" data-large_image_width=\"612\" data-large_image_height=\"362\"href='https:\/\/www.radiopiu.net\/wordpress\/wp-content\/uploads\/2022\/10\/d0009c4a-5539-42da-bfa6-803ee6b8430d.jpg'><img loading=\"lazy\" decoding=\"async\" width=\"150\" height=\"150\" src=\"https:\/\/www.radiopiu.net\/wordpress\/wp-content\/uploads\/2022\/10\/d0009c4a-5539-42da-bfa6-803ee6b8430d-150x150.jpg\" class=\"attachment-thumbnail size-thumbnail\" alt=\"\" \/><\/a>\n\t\t\t\t<\/dt><\/dl><br style=\"clear: both\" \/>\n\t\t\t<\/div>\n\n<p>&nbsp;<\/p>\n<hr \/>\n<p>&nbsp;<\/p>\n<blockquote>\n<h3>VACCINAZIONE ANTI-COVID. DIREZIONE PREVENZIONE REGIONE VENETO, \u201cRICHIAMI AUTUNNALI CON I NUOVI VACCINI BIVALENTI<\/h3>\n<\/blockquote>\n<p><strong><a class=\"dt-pswp-item\" href=\"https:\/\/www.radiopiu.net\/wordpress\/wp-content\/uploads\/2022\/01\/VACCINO.jpg\" data-dt-img-description=\"\" data-large_image_width=\"1920\" data-large_image_height=\"1281\"><img loading=\"lazy\" decoding=\"async\" class=\" wp-image-256141 alignleft\" src=\"https:\/\/www.radiopiu.net\/wordpress\/wp-content\/uploads\/2022\/01\/VACCINO-300x200.jpg\" alt=\"\" width=\"167\" height=\"111\" srcset=\"https:\/\/www.radiopiu.net\/wordpress\/wp-content\/uploads\/2022\/01\/VACCINO-300x200.jpg 300w, https:\/\/www.radiopiu.net\/wordpress\/wp-content\/uploads\/2022\/01\/VACCINO-1024x683.jpg 1024w, https:\/\/www.radiopiu.net\/wordpress\/wp-content\/uploads\/2022\/01\/VACCINO-768x512.jpg 768w, https:\/\/www.radiopiu.net\/wordpress\/wp-content\/uploads\/2022\/01\/VACCINO-1536x1025.jpg 1536w, https:\/\/www.radiopiu.net\/wordpress\/wp-content\/uploads\/2022\/01\/VACCINO.jpg 1920w\" sizes=\"auto, (max-width: 167px) 100vw, 167px\" \/><\/a>VENEZIA <\/strong>L&#8217;attuale andamento epidemiologico dei casi di Covid-19 richiede di rafforzare l\u2019adesione ai richiami vaccinali anti-COVID19 in vista del periodo autunnale al fine di continuare a proteggere la salute, in particolare delle persone pi\u00f9 fragili per et\u00e0 o per condizioni di malattie croniche. Il Ministero della Salute, con la circolare di del 17 ottobre 2022, ha aggiornato le indicazioni per i richiami con i nuovi vaccini bivalenti che garantiscono una migliore protezione rispetto alle varianti circolanti. Ad oggi \u00e8 quindi indicata la programmazione di: un\u2019ulteriore dose di richiamo per tutte le persone con et\u00e0 uguale o superiore ai 60 anni e per gli ospiti delle Case di Riposo che hanno gi\u00e0 eseguito il primo o il secondo richiamo (con il vaccino monovalente) ma per i quali sono gi\u00e0 passati 120 giorni, il completamento del ciclo previsto, incluso il primo e il secondo richiamo, per tutte le persone con et\u00e0 uguale o superiore ai 12 anni. Per i soggetti che hanno avuto una infezione recente \u00e8 comunque raccomandato il richiamo, ma devono essere trascorsi almeno 120 giorni dal test positivo. Il richiamo \u00e8 fortemente raccomandato soprattutto per i soggetti fragili con malattie croniche. La raccomandazione \u00e8 comunque rivolta a tutti in vista dei mesi pi\u00f9 freddi in cui si star\u00e0 di pi\u00f9 negli ambienti chiusi insieme ad altre persone. Il vaccino anti-COVID e il vaccino anti-influenzale possono essere somministrati in sicurezza nello stesso appuntamento per proteggersi da subito contro entrambi i virus circolanti<\/p>\n<p>&nbsp;<\/p>\n<p>&nbsp;<\/p>\n<hr \/>\n<p>&nbsp;<\/p>\n<blockquote>\n<h3>PUNTO INFORMATIVO PER L&#8217;OSTEOPOROSI<\/h3>\n<\/blockquote>\n<p><strong>BELLUNO <\/strong>In occasione della Giornata Mondiale dell\u2019Osteoporosi, nell\u2019ambito dell\u2019iniziativa (H)-Open Day Osteoporosi, promossa a livello nazionale dal network Fondazione Onda &#8211; Osservatorio nazionale sulla salute della donna e di genere, l\u2019Ulss Dolomiti allestir\u00e0 un punto informativo dedicato alla prevenzione di questa patologia. Il punto informativo sar\u00e0 presente domani dalle 8.00 alle 11.00 presso il nuovo ingresso padiglione Dalla Palma dell\u2019Ospedale Santa Maria del Prato di Feltre. Gli operatori, con il direttore della Geriatria di Feltre, Cinzia Omiciuolo, saranno a disposizione per fornire informazioni sulla prevenzione dell\u2019osteoporosi e delle fratture da fragilit\u00e0, sulla diagnosi e sulle modalit\u00e0 di calcolo del rischio frattura e sulle terapie disponibili.<\/p>\n<p>&nbsp;<\/p>\n<p>&nbsp;<\/p>\n<hr \/>\n<p>&nbsp;<\/p>\n<blockquote>\n<h3>APPROVATO BANDO PER LE SEDI DI PROTEZIONE CIVILE<\/h3>\n<\/blockquote>\n<p><strong>VENEZIA <\/strong>La Giunta regionale, su proposta dell\u2019Assessore Gianpaolo Bottacin, ha approvato un bando per la concessione di contributi regionali agli Enti Locali per la realizzazione e per l&#8217;acquisto di strutture, per la ristrutturazione e per l&#8217;allestimento di sedi di Protezione Civile in Veneto. Nel bando sono ammesse a contributo le spese in conto capitale per la realizzazione di sedi di propriet\u00e0 del soggetto proponente o di altro ente pubblico in disponibilit\u00e0 per almeno dieci anni e finalizzate ad attivit\u00e0 di Protezione Civile. Qualora il contratto d\u2019uso dell\u2019immobile fosse in scadenza prima dei dieci anni richiesti, il richiedente dovr\u00e0 presentare dichiarazione di impegno al rinnovo del contratto, in modo da garantire tale disponibilit\u00e0.<\/p>\n<p>&nbsp;<\/p>\n<p>&nbsp;<\/p>\n<p>&nbsp;<\/p>\n<hr \/>\n<p>&nbsp;<\/p>\n<blockquote>\n<h3>TANTI AUGURI ALDA, 100 ANNI DI BUON UMORE<\/h3>\n<\/blockquote>\n<p><strong><img loading=\"lazy\" decoding=\"async\" class=\"alignleft\" src=\"https:\/\/www.radiopiu.net\/wordpress\/wp-content\/uploads\/2022\/10\/4cdb4981-f719-4e8c-9661-5b9a0b8f497d.jpg\" width=\"156\" height=\"107\" \/>FELTRE<\/strong> Il sindaco di Feltre Viviana Fusaro ha fatto visita alla signora Alda Sandi, che proprio oggi taglia il ragguardevole traguardo dei 100 anni. Il sindaco ha portato alla signora Alda, in segno di augurio, un omaggio floreale e una breve lettera di felicitazioni a nome dell&#8217;Amministrazione e di tutta la citt\u00e0. La signora Sandi, che vive in famiglia e &#8211; stante l&#8217;et\u00e0 &#8211; gode ancora di ottima salute, era attorniata dai figli Delfo e Stelvio Bertelle e dai familiari, che hanno organizzato per lei una piccola festa in casa.<\/p>\n<p>&nbsp;<\/p>\n<p>&nbsp;<\/p>\n<hr \/>\n<p>&nbsp;<\/p>\n<blockquote>\n<h3>A BELLUNO ARRIVA LA SCUOLA PER IMPRENDITORI, LEZIONI AL VIA IL 25 NOVEMBRE A PALAZZO BEMBO<\/h3>\n<\/blockquote>\n<p><strong><a class=\"dt-pswp-item\" href=\"https:\/\/www.radiopiu.net\/wordpress\/wp-content\/uploads\/2021\/05\/CONFINDUSTRIA.png\" data-dt-img-description=\"\" data-large_image_width=\"575\" data-large_image_height=\"575\"><img loading=\"lazy\" decoding=\"async\" class=\"wp-image-211858 alignleft\" src=\"https:\/\/www.radiopiu.net\/wordpress\/wp-content\/uploads\/2021\/05\/CONFINDUSTRIA-300x300.png\" alt=\"\" width=\"152\" height=\"152\" srcset=\"https:\/\/www.radiopiu.net\/wordpress\/wp-content\/uploads\/2021\/05\/CONFINDUSTRIA-300x300.png 300w, https:\/\/www.radiopiu.net\/wordpress\/wp-content\/uploads\/2021\/05\/CONFINDUSTRIA-150x150.png 150w, https:\/\/www.radiopiu.net\/wordpress\/wp-content\/uploads\/2021\/05\/CONFINDUSTRIA.png 575w\" sizes=\"auto, (max-width: 152px) 100vw, 152px\" \/><\/a>BELLUNO <\/strong>Creare nuove imprese e imprenditori, presidiare il Made in Italy, sviluppare nuove idee di business: Confindustria Belluno Dolomiti lancia sul territorio la prima Scuola per Imprenditori, iniziativa promossa a livello nazionale da Confindustria, 4.Manager, Sistemi Formativi Confindustria e Luiss Business School. Le lezioni inizieranno il 25 novembre prossimo a Palazzo Bembo. La Scuola per Imprenditori \u2013 della durata di un anno \u2013 si rivolge a manager, giovani professionisti, dirigenti non occupati che operano nelle imprese italiane e, in generale, a tutti coloro che desiderano mettersi in gioco nel fare impresa.\u00a0 Il percorso alterner\u00e0 sessioni in presenza e a distanza, dove non mancheranno elementi di business financing, responsabilit\u00e0 giuridica, gestione delle informazioni. I partecipanti inoltre saranno supportati \u2013 nell\u2019ultima fase del percorso &#8211; nello sviluppo concreto del loro progetto di impresa, con attenzione alle nuove tecnologie, alle reti d\u2019impresa, al Made in Italy.<\/p>\n<p>&nbsp;<\/p>\n<p>&nbsp;<\/p>\n<hr \/>\n<p>&nbsp;<\/p>\n<blockquote>\n<h3>FINO ALLA FINE DEL MONDO PER IL COMITATO POLLICINO<\/h3>\n<\/blockquote>\n<p><em>Con la collaborazione di Luca Mares<\/em><\/p>\n<blockquote>\n<div class=\"gmail_default\"><span style=\"font-family: Calibri, sans-serif;\"><i>il viaggio per un cicloturista \u00e8 qualcosa che ti cambia dentro. Grazie alle persone che incontri lungo il tragitto, grazie alle esperienze che vivi, ma soprattutto grazie a quello che provi dentro il cuore&#8230;.<\/i><\/span><\/div>\n<\/blockquote>\n<div><strong>L&#8217;INTERVISTA ALLA RADIO\u00a0<\/strong><\/div>\n<div>\n<audio class=\"wp-audio-shortcode\" id=\"audio-302073-13\" preload=\"none\" style=\"width: 100%;\" controls=\"controls\"><source type=\"audio\/mpeg\" src=\"https:\/\/www.radiopiu.net\/wordpress\/wp-content\/uploads\/2022\/10\/stefano-bortolot.mp3?_=13\" \/><a href=\"https:\/\/www.radiopiu.net\/wordpress\/wp-content\/uploads\/2022\/10\/stefano-bortolot.mp3\">https:\/\/www.radiopiu.net\/wordpress\/wp-content\/uploads\/2022\/10\/stefano-bortolot.mp3<\/a><\/audio>\n<\/div>\n<div><\/div>\n<div><\/div>\n<p><strong><a class=\"dt-pswp-item\" href=\"https:\/\/www.radiopiu.net\/wordpress\/wp-content\/uploads\/2022\/10\/thumbnail.jpg\" data-dt-img-description=\"\" data-large_image_width=\"408\" data-large_image_height=\"240\"><img loading=\"lazy\" decoding=\"async\" class=\"wp-image-301997 alignleft\" src=\"https:\/\/www.radiopiu.net\/wordpress\/wp-content\/uploads\/2022\/10\/thumbnail-300x176.jpg\" alt=\"\" width=\"232\" height=\"136\" srcset=\"https:\/\/www.radiopiu.net\/wordpress\/wp-content\/uploads\/2022\/10\/thumbnail-300x176.jpg 300w, https:\/\/www.radiopiu.net\/wordpress\/wp-content\/uploads\/2022\/10\/thumbnail.jpg 408w\" sizes=\"auto, (max-width: 232px) 100vw, 232px\" \/><\/a>BELLUNO<\/strong> Presentiamo oggi la nuova iniziativa dell&#8217;associazione Comitato Pollicino, il viaggio di Stefano Bortolot,\u00a0 ciclista amatore che, finita la stagione lavorativa in Germania e rientrato a Zopp\u00e8 di Cadore, si cimenta in avventure sulla sua due ruote a pedali.\u00a0 Stefano quest&#8217;anno vuole andare &#8220;Oltre&#8221; e fare in modo che questo viaggio sia qualcosa di nuovo per lui, ma che sia anche un aiuto per chi <a class=\"dt-pswp-item\" href=\"https:\/\/www.radiopiu.net\/wordpress\/wp-content\/uploads\/2022\/10\/9aa31ed4-b38d-4e76-8585-39625b1e74a5.jpg\" data-dt-img-description=\"\" data-large_image_width=\"667\" data-large_image_height=\"667\"><img loading=\"lazy\" decoding=\"async\" class=\" wp-image-301998 alignright\" src=\"https:\/\/www.radiopiu.net\/wordpress\/wp-content\/uploads\/2022\/10\/9aa31ed4-b38d-4e76-8585-39625b1e74a5-300x300.jpg\" alt=\"\" width=\"231\" height=\"231\" srcset=\"https:\/\/www.radiopiu.net\/wordpress\/wp-content\/uploads\/2022\/10\/9aa31ed4-b38d-4e76-8585-39625b1e74a5-300x300.jpg 300w, https:\/\/www.radiopiu.net\/wordpress\/wp-content\/uploads\/2022\/10\/9aa31ed4-b38d-4e76-8585-39625b1e74a5-150x150.jpg 150w, https:\/\/www.radiopiu.net\/wordpress\/wp-content\/uploads\/2022\/10\/9aa31ed4-b38d-4e76-8585-39625b1e74a5.jpg 667w\" sizes=\"auto, (max-width: 231px) 100vw, 231px\" \/><\/a>ne ha bisogno. Cos\u00ec Stefano, insieme all&#8217;amico e collega Paolo Lovat, affronter\u00e0 un viaggio in bicicletta da Longarone\u00a0 a Finisterre (Spagna), durante il quale attiver\u00e0 una raccolta fondi per l&#8217;associazione bellunese Comitato Pollicino. Infatti, chiunque lo desideri potr\u00e0 sostenere il viaggio donando una qualsiasi somma economica mediante il link http:\/\/www.paypal.me\/comitatopollicino.<\/p>\n<div class=\"gmail_default\"><strong><span style=\"font-family: tahoma, sans-serif;\"><i>il viaggio in bicicletta: tragitto di 2.334 chilometri con oltre 22 mila metri di dislivello positivo. <\/i><\/span><\/strong><b><u><i><\/i><\/u><\/b><i>Longarone, Belluno, Feltre, Primolano, Levico Terme, Rovereto, Riva del Garda, Mazzano, Brescia, Treviglio, Milano, Abbiategrasso, Vercelli, Torino, Susa, Briancon, Embrun, Cavaillon, Beaucaire, Le Gran-du-Roi, Frontignan, Agde, Carcassonne, Saint-Gaudens,\u00a0<\/i><i>Lourdes, Saint-Jean-Pied-de-Port, Pamplona, Logrono, Santo Domingo de la Calzada, Burgos, Astorga, Ponferrada, Villafranca del Bierzo, Triacastela, Samos, Sarria, Portomarin, Melide, Arzua, Santiago de Compostela, Negreira, Cee, Finisterre.<\/i><\/div>\n<div>foto 1, la sede del comitato Pollicino in via XXX Aprile n. 5 a Belluno<\/div>\n<div>foto2, Morena Pavei del Comitato Pollicino e Stefano Bortolot<\/div>\n<div><\/div>\n<div><\/div>\n<hr \/>\n<div><\/div>\n<blockquote>\n<h3><strong>CORSO DI EDUCAZIONE AL PATRIMONIO NEI MUSEI CIVICI DI FELTRE<\/strong><\/h3>\n<\/blockquote>\n<p><strong>FELTRE<\/strong>\u00a0 Il 24 ottobre prossimo prender\u00e0 il via nei Musei civici di Feltre un corso di 30 ore relativo alla didattica museale. Per informazioni Ufficio Musei tel. 0439\/885242-215.<\/p>\n<p>&nbsp;<\/p>\n<hr \/>\n<p>&nbsp;<\/p>\n<p>&nbsp;<\/p>\n<blockquote>\n<h3 style=\"text-align: left;\" align=\"CENTER\">L\u2019ASSOCIAZIONE \u201cPARENTI OSPITI CASA DI RIPOSO DI PONTE NELLE ALPI\u201d RINNOVA IL DIRETTIVO<\/h3>\n<\/blockquote>\n<p align=\"CENTER\"><em>L\u2019assemblea dei soci si terr\u00e0 il 24 ottobre presso la sala del Parco \u201cEx Casa Rossa\u201d<\/em><\/p>\n<p align=\"JUSTIFY\"><strong>BELLUNO<\/strong> L\u2019Associazione \u201cParenti Ospiti Casa di Riposo di Ponte nelle Alpi\u201d convoca l\u2019assemblea dei soci che si terr\u00e0 luned\u00ec 24 ottobre alle\u00a0 18.30,\u00a0 nella sala del Parco comunale \u201cEx Casa Rossa &#8211; Alessandro Mares\u201d e che vedr\u00e0 anche il rinnovo del direttivo. Il direttivo attuale si rende anche disponibile per un confronto; basta scrivere a giallissimo50@gmail.com<\/p>\n<p>&nbsp;<\/p>\n<p>&nbsp;<\/p>\n<hr \/>\n<p>&nbsp;<\/p>\n<blockquote>\n<h3 dir=\"auto\">\u00a0ASSOCIAZIONE BELLUNESI NEL MONDO, APPUNTAMENTI<\/h3>\n<\/blockquote>\n<p class=\"m8h3af8h l7ghb35v kjdc1dyq kmwttqpk gh25dzvf n3t5jt4f\"><strong><a class=\"dt-pswp-item\" href=\"https:\/\/www.radiopiu.net\/wordpress\/wp-content\/uploads\/2022\/10\/cesiomaggiore_loc_giornata_ricordare.jpg\" data-dt-img-description=\"\" data-large_image_width=\"1240\" data-large_image_height=\"1754\"><img loading=\"lazy\" decoding=\"async\" class=\"wp-image-301971 alignleft\" src=\"https:\/\/www.radiopiu.net\/wordpress\/wp-content\/uploads\/2022\/10\/cesiomaggiore_loc_giornata_ricordare-212x300.jpg\" alt=\"\" width=\"161\" height=\"228\" srcset=\"https:\/\/www.radiopiu.net\/wordpress\/wp-content\/uploads\/2022\/10\/cesiomaggiore_loc_giornata_ricordare-212x300.jpg 212w, https:\/\/www.radiopiu.net\/wordpress\/wp-content\/uploads\/2022\/10\/cesiomaggiore_loc_giornata_ricordare-724x1024.jpg 724w, https:\/\/www.radiopiu.net\/wordpress\/wp-content\/uploads\/2022\/10\/cesiomaggiore_loc_giornata_ricordare-768x1086.jpg 768w, https:\/\/www.radiopiu.net\/wordpress\/wp-content\/uploads\/2022\/10\/cesiomaggiore_loc_giornata_ricordare-1086x1536.jpg 1086w, https:\/\/www.radiopiu.net\/wordpress\/wp-content\/uploads\/2022\/10\/cesiomaggiore_loc_giornata_ricordare.jpg 1240w\" sizes=\"auto, (max-width: 161px) 100vw, 161px\" \/><\/a>CESIOMAGGIORE<\/strong>\u00a0 Sabato alle 20.30, nella Sala conferenze del Museo etnografico di Seravella si svolger\u00e0 l\u2019incontro, aperto a tutti, dal titolo \u201cEmigrare dalla fine dell\u2019Ottocento ai giorni nostri\u201d: filmati, dati, testimonianze e musiche sull\u2019emigrazione italiana e bellunese, in particolare nel Comune di Cesiomaggiore,\u00a0 Domenica\u00a0 alle\u00a0 11, nella chiesa di Cesiomaggiore,\u00a0 Messa per ricordare i caduti sul lavoro e in emigrazione e tutti gli ex emigranti non pi\u00f9 presenti.<\/p>\n<p dir=\"auto\"><strong>CENCENIGHE<\/strong> Dopo oltre due anni di inattivit\u00e0 dovuti alla pandemia da Covid-19 la Famiglia Ex emigranti dell\u2019Agordino \u00e8 pronta a celebrare il 31\u00b0 anniversario della sua fondazione. L&#8217;appuntamento \u00e8 fissato per domenica. Alle 10.30 Messa nella Chiesa parrocchiale accompagnata dal Coro di Pieve di Livinallongo; al termine si proseguir\u00e0 in corteo preceduto dalla Banda Fodom verso il Monumento all\u2019Emigrante (Piazzale Giovanni Battista Pellegrini) dove si terr\u00e0 la deposizione della corona d&#8217;alloro in ricordo degli emigranti deceduti in Italia e nei vari Paesi del mondo; seguiranno gli interventi delle autorit\u00e0. La giornata si concluder\u00e0 con l&#8217;Assemblea per l&#8217;elezione del nuovo Direttivo della Famiglia e con un rinfresco sempre nella sala del Nof Fil\u00f2, con l\u2019esibizione della Banda Fodom.<\/p>\n<p dir=\"auto\">\n<p dir=\"auto\">\n<hr \/>\n<blockquote>\n<h3>L&#8217;ULTIMA DOMENICA AL CASTELLO DI ANDRAZ<\/h3>\n<\/blockquote>\n<p><strong>LIVINALLONGO Domenica 30 ottobre dalle 15<\/strong>, per chiudere insieme la stagione. Castagne e vin brul\u00e9, e, per bambini e ragazzi (ma anche per chiunque volesse) ci saranno due turni di visita con letture animate. Il tema, visto il periodo, saranno i personaggi pi\u00f9 strani e misteriosi delle leggende ladine\u2026<\/p>\n<a href=\"https:\/\/www.radiopiu.net\/wordpress\/wp-content\/uploads\/2022\/10\/30ottobre.lab_.pdf\" class=\"pdfemb-viewer\" style=\"\" data-width=\"max\" data-height=\"max\" data-toolbar=\"top\" data-toolbar-fixed=\"on\">30ottobre.lab<\/a>\n<p>&nbsp;<\/p>\n<hr \/>\n<p>&nbsp;<\/p>\n<blockquote>\n<h3>VIVERE L&#8217;AGORDINO: DALLA CARTA STAMPATA ALLA SALA DON TAMIS<\/h3>\n<\/blockquote>\n<p>VIVERE L&#8217;AGORDINO&#8230; DALLE PAGINE DEL CORRIERE DELLE ALPI ALLA SALA DON TAMIS DI VIA 27 APRILE AD AGORDO. MERCOLEDI 26 OTTOBRE ALLE 20.30 UNA SERATA CON I VOLTI PROTAGONISTI DELLA RUBRICA GIORNALISTICA, CON GIANNI SANTOMASO ED ERICA ANDRICH CURATORI DELLA RUBRICA.\u00a0 INTERVERRANNO FABRIZIO BRANCOLI DIRETTORE CORRIERE DELLE ALPI. LUCA TRAINI VICE DIRETTORE MIRKO MEZZACASA DIRETTORE RADIOPIU PAOLO FRENA PRESIDENTE UNIONE MONTANA AGORDINA MERCOLEDI 26 OTTOBRE, 20.30 SALA DON TAMIS, DIRETTA SULLE FREQUENZE E CANALI SOCIAL DI RADIOPIU CON IL PATROCINIO DELL&#8217;UNIONE MONTANA AGORDINA<\/p>\n<p>&nbsp;<\/p>\n<a href=\"https:\/\/www.radiopiu.net\/wordpress\/wp-content\/uploads\/2022\/10\/Manifesto_ViverelAgordino.pdf\" class=\"pdfemb-viewer\" style=\"\" data-width=\"max\" data-height=\"max\" data-toolbar=\"top\" data-toolbar-fixed=\"on\">Manifesto_Viverel&#039;Agordino<\/a>\n<p>&nbsp;<\/p>\n<hr \/>\n<p>&nbsp;<\/p>\n<p>&nbsp;<\/p>\n<blockquote>\n<h3>RICONOSCIMENTI ALLA SQUADRA DI CALCIO GIOVANILE DEL GRUPPO SPORTIVO TAIBON<\/h3>\n<\/blockquote>\n<p><strong>TAIBON<\/strong> Anche quest&#8217;anno i giovani del paese hanno vinto il campionato agordino di calcio giovanile. Sabato 22 ottobre alle 18 in sala San Rocco (ex Municipio) il Gruppo Sportivo ha organizzato una cerimonia per festeggiare lo splendido successo con la consegna dei riconoscimenti e i discorsi ufficiali. Un invito a firma del Presidente del GS TAIBON Antimo Savaris e dell&#8217;assessore allo sport Fernando Soccol.<\/p>\n<p>&nbsp;<\/p>\n<p>&nbsp;<\/p>\n<hr \/>\n<p>&nbsp;<\/p>\n<blockquote>\n<h3>LA RASSEGNA DEI CORI AGORDINI<\/h3>\n<\/blockquote>\n<p><strong>LIVINALLONGO<\/strong> \u00c8 in programma per sabato nella sala congressi di Arabba la 45a edizione della rassegna dei cori agordini. Protagonisti della serata il Coro Femminile Col di Lana, il Coro Val Biois, Coro Fodom e Coro Alpino Monte Civetta. Presenta la serata Denni Dorigo. Inizio alle 20:45.<\/p>\n<p>&nbsp;<\/p>\n<p>&nbsp;<\/p>\n<hr \/>\n<p>&nbsp;<\/p>\n<blockquote>\n<h3>CORSI DI COMPUTER PER TUTTE LE ETA&#8217;<\/h3>\n<\/blockquote>\n<p><strong>FALCADE<\/strong> Marted\u00ec 25 ottobre alle 20:30 presso la sala consigliare del comune di Falcade verr\u00e0 presentato il nuovo programma dal titolo &#8220;Tecnologia Amica&#8221;, un corso di computer e nuove tecnologie aperto a tutte le et\u00e0 con Arturo Panciera, formatore tecnologico. L&#8217;obbiettivo \u00e8 quello di far conoscere le competenze sull&#8217;utilizzo dei PC, tablet e smartphone e spiegarne l&#8217;uso consapevole. La partecipazione alla serata \u00e8 a ingresso libero.<\/p>\n<p>&nbsp;<\/p>\n<p>&nbsp;<\/p>\n<p>&nbsp;<\/p>\n<hr \/>\n<p>&nbsp;<\/p>\n<blockquote>\n<h3>LA MESSA IN SUFFRAGIO DEI CADUTI DELLA MONTAGNA<\/h3>\n<\/blockquote>\n<p><strong><a class=\"dt-pswp-item\" href=\"https:\/\/www.radiopiu.net\/wordpress\/wp-content\/uploads\/2018\/02\/CHIESA-AGORDO.jpg\" data-dt-img-description=\"\" data-large_image_width=\"250\" data-large_image_height=\"324\"><img loading=\"lazy\" decoding=\"async\" class=\" wp-image-43008 alignleft\" src=\"https:\/\/www.radiopiu.net\/wordpress\/wp-content\/uploads\/2018\/02\/CHIESA-AGORDO-231x300.jpg\" alt=\"\" width=\"122\" height=\"158\" srcset=\"https:\/\/www.radiopiu.net\/wordpress\/wp-content\/uploads\/2018\/02\/CHIESA-AGORDO-231x300.jpg 231w, https:\/\/www.radiopiu.net\/wordpress\/wp-content\/uploads\/2018\/02\/CHIESA-AGORDO.jpg 250w\" sizes=\"auto, (max-width: 122px) 100vw, 122px\" \/><\/a>AGORDO<\/strong> Si rinnova anche quest\u2019anno l\u2019appuntamento di fine ottobre con la Santa Messa in suffragio dei Caduti della Montagna, celebrata nella chiesa arcidiaconale di Agordo da mons. Cesare Larese e accompagnata dai canti del \u201cCoro Agordo\u201d. L&#8217;appuntamento \u00e8 per domenica 30 ottobre alle 18. Una sentita cerimonia, voluta dal Coro Agordo, che riunisce ormai da 47 anni l\u2019intero Agordino con le vallate limitrofe e tanta altra gente &#8211; alpinisti e non &#8211; dalla provincia e da fuori nel ricordo degli Amici agordini caduti in montagna e di coloro che hanno perso la vita sulle montagne agordine. L\u2019iniziativa avviene come sempre in collaborazione con la Sezione Agordina del CAI, la Parrocchia di S. Maria Nascente, i Gruppi Rocciatori \u201cGIR\u201d di Agordo e \u201cVal Bio\u0301is\u201d, le Stazioni agordine del Corpo Nazionale Soccorso Alpino e il Gruppo Alpini Agordo-Rivamonte-Taibon. Anche quest&#8217;anno la Santa Messa verra\u0300 trasmessa, non solo in diretta radio FM, ma anche in diretta video. Potra\u0300, infatti, essere seguita in streaming sul sito internet radiopiu.net oppure sulle pagine facebook: Radiopiu\u0300, o Radio Piu\u0300 Emittente Agordina, o Sei di Agordo se.<\/p>\n<a href=\"https:\/\/www.radiopiu.net\/wordpress\/wp-content\/uploads\/2022\/10\/Invito-2022.pdf\" class=\"pdfemb-viewer\" style=\"\" data-width=\"max\" data-height=\"max\" data-toolbar=\"top\" data-toolbar-fixed=\"on\">Invito 2022<\/a>\n<p>&nbsp;<\/p>\n<hr \/>\n<p>&nbsp;<\/p>\n<blockquote>\n<h3><a class=\"dt-pswp-item\" href=\"https:\/\/www.radiopiu.net\/wordpress\/wp-content\/uploads\/2022\/10\/aaa.jpg\" data-dt-img-description=\"\" data-large_image_width=\"200\" data-large_image_height=\"211\"><img loading=\"lazy\" decoding=\"async\" class=\" wp-image-301595 alignleft\" src=\"https:\/\/www.radiopiu.net\/wordpress\/wp-content\/uploads\/2022\/10\/aaa.jpg\" alt=\"\" width=\"101\" height=\"107\" \/><\/a>MARGRANDO, IL LIBRO DI FRANCESCA GALLO<\/h3>\n<\/blockquote>\n<p><strong>CANALE D&#8217;AGORDO\u00a0<\/strong> Giovedi 27 ottobre alle 20.45 in sala ex emigrant Francesca Gallo presenta il <span id=\"page3R_mcid13\" class=\"markedContent\"><span dir=\"ltr\" role=\"presentation\">libro il racconto del viaggio di ricerca fra gli emigrati italiani in Belgio e Canada. Francesca, s<\/span><\/span><span id=\"page3R_mcid15\" class=\"markedContent\"><span dir=\"ltr\" role=\"presentation\">on un registratore in tasca, e spesso con la fisarmonica in spalla, <\/span><span dir=\"ltr\" role=\"presentation\">si sedeva a parlare con gli anziani.<\/span><\/span><span id=\"page3R_mcid16\" class=\"markedContent\"><span dir=\"ltr\" role=\"presentation\">In ogni famiglia le veniva raccontato di qualcuno che era emigrato, <\/span><span dir=\"ltr\" role=\"presentation\">cos\u00ec decise di andarli a cercare e di portare a casa le loro storie<\/span><\/span><\/p>\n<p>&nbsp;<\/p>\n<p>&nbsp;<\/p>\n<hr \/>\n<p>&nbsp;<\/p>\n<blockquote>\n<h3>LA MOSTRA &#8220;C&#8217;ERA UNA VOLTA IN ITALIA&#8221; la satira a fumetti dal fascismo alla liberazione.<\/h3>\n<p><span style=\"color: #ff0000;\">SABATO LA PRESENTAZIONE<\/span><\/p><\/blockquote>\n<p><strong>BORGO VALBELLUNA<\/strong><\/p>\n<p>di Roberto Bona<\/p>\n<audio class=\"wp-audio-shortcode\" id=\"audio-302073-14\" preload=\"none\" style=\"width: 100%;\" controls=\"controls\"><source type=\"audio\/mpeg\" src=\"https:\/\/www.radiopiu.net\/wordpress\/wp-content\/uploads\/2022\/10\/gr-19-la-mostra-cera-una-volta-in-italia.mp3?_=14\" \/><a href=\"https:\/\/www.radiopiu.net\/wordpress\/wp-content\/uploads\/2022\/10\/gr-19-la-mostra-cera-una-volta-in-italia.mp3\">https:\/\/www.radiopiu.net\/wordpress\/wp-content\/uploads\/2022\/10\/gr-19-la-mostra-cera-una-volta-in-italia.mp3<\/a><\/audio>\n<p>&nbsp;<\/p>\n<p>&nbsp;<\/p>\n<hr \/>\n<p>&nbsp;<\/p>\n<blockquote>\n<h3>L&#8217;OPINIONE&#8230;DI FRANCO PIACENTINI<\/h3>\n<\/blockquote>\n<p>Durante la campagna elettorale e dopo l&#8217;esito del voto del 25 settembre scorso, era ed \u00e8 all&#8217;ordine del giorno della polemica politica lo spinoso argomento: reddito di cittadinanza. Lo scontro \u00e8 tra chi lo vuole mantenere e chi, invece, vorrebbe cancellarlo. Nel merito \u00e8 solo un falso problema, utile soprattutto per la querelle partitica. Le povert\u00e0 aumentano (vedere ultimo rapporto CARITAS), i costi della vita si innalzano quotidianamente, il potere d&#8217;acquisto delle retribuzioni e delle pensioni si abbassa. Non essendo sufficiente la solidariet\u00e0 del volontariato, inevitabilmente lo Stato, anche nelle sue articolazioni\u00a0istituzionali\u00a0territoriali, \u00e8 obbligato ad intervenire con sussidi economici per aiutare, nello specifico, persone disoccupate. Il reddito di cittadinanza non doveva, non deve essere, uno strumento caritatevole. La sua finalit\u00e0 era ed \u00e8 l&#8217;anticamera per un posto di lavoro e anche per, eventualmente, percorsi di formazione e\/o riqualificazione professionale, per rispondere adeguatamente alle richieste del mercato del lavoro. Purtroppo nella stragrande maggioranza delle situazioni analizzate dagli organi di controllo, \u00e8 emersa la vecchia logica assistenzialistica: reddito di cittadinanza fine a se stesso. Nel 2019 il legislatore doveva stabilire rigidamente (con alcune particolari eccezioni) per i percettori del reddito di cittadinanza (regola che dovrebbe essere estesa a tutti coloro che ricevono sussidi statali e ammortizzatori sociali) lo svolgimento di lavori socialmente utili o l&#8217;impegno in attivit\u00e0 di volontariato, con il riconoscimento di documentati rimborsi spese. Pertanto il reddito di cittadinanza pu\u00f2 essere confermato se il nuovo Parlamento e il prossimo Governo, lo collocheranno all&#8217;interno del Welfare Generativo (la Fondazione Emanuela Zancan su questo pu\u00f2 fare scuola a qualche politico) e lo modificheranno al tavolo della concertazione con Cgil Cisl Uil &#8211; Terzo Settore &#8211; Associazioni Imprenditoriali &#8211; Rappresentanze delle Regioni e dei Comuni.<\/p>\n<p>Franco Piacentini<\/p>\n<p>&nbsp;<\/p>\n<hr \/>\n<p>&nbsp;<\/p>\n<blockquote>\n<h1><span style=\"color: #ff0000;\">I VIDEO DI MARIO DE MARCO <\/span><\/h1>\n<\/blockquote>\n<p><strong>21 SETTEMBRE 2022<\/strong><\/p>\n<div data-contents=\"true\">\n<div class=\"x1e56ztr\" data-block=\"true\" data-editor=\"7i5c3\" data-offset-key=\"28d5j-0-0\">\n<div class=\"_1mf _1mj\" data-offset-key=\"28d5j-0-0\"><\/div>\n<\/div>\n<\/div>\n<blockquote class=\"wp-embedded-content\" data-secret=\"3UqJtsaoaQ\"><p><a href=\"https:\/\/www.radiopiu.net\/wordpress\/i-lupi-giocano-a-voltago-nel-video-di-mario-de-marco\/\">I LUPI GIOCANO A VOLTAGO&#8230;NEL VIDEO DI MARIO DE MARCO<\/a><\/p><\/blockquote>\n<p><iframe loading=\"lazy\" class=\"wp-embedded-content\" sandbox=\"allow-scripts\" security=\"restricted\" style=\"position: absolute; clip: rect(1px, 1px, 1px, 1px);\" title=\"&#8220;I LUPI GIOCANO A VOLTAGO&#8230;NEL VIDEO DI MARIO DE MARCO&#8221; &#8212; Radio Pi\u00f9\" src=\"https:\/\/www.radiopiu.net\/wordpress\/i-lupi-giocano-a-voltago-nel-video-di-mario-de-marco\/embed\/#?secret=U2RCgThP1g#?secret=3UqJtsaoaQ\" data-secret=\"3UqJtsaoaQ\" width=\"600\" height=\"338\" frameborder=\"0\" marginwidth=\"0\" marginheight=\"0\" scrolling=\"no\"><\/iframe><\/p>\n<p><strong>10 OTTOBRE 2022\u00a0<\/strong><\/p>\n<blockquote class=\"wp-embedded-content\" data-secret=\"SOSkzBBvNw\"><p><a href=\"https:\/\/www.radiopiu.net\/wordpress\/il-richiamo-del-bramito-locchio\/\">IL RICHIAMO DEL BRAMITO, L&#8217;OCCHIO DEL FOTOGRAFO &#8211; nuovo video<\/a><\/p><\/blockquote>\n<p><iframe loading=\"lazy\" class=\"wp-embedded-content\" sandbox=\"allow-scripts\" security=\"restricted\" style=\"position: absolute; clip: rect(1px, 1px, 1px, 1px);\" title=\"&#8220;IL RICHIAMO DEL BRAMITO, L&#8217;OCCHIO DEL FOTOGRAFO &#8211; nuovo video&#8221; &#8212; Radio Pi\u00f9\" src=\"https:\/\/www.radiopiu.net\/wordpress\/il-richiamo-del-bramito-locchio\/embed\/#?secret=xBMv9Hi1Ka#?secret=SOSkzBBvNw\" data-secret=\"SOSkzBBvNw\" width=\"600\" height=\"338\" frameborder=\"0\" marginwidth=\"0\" marginheight=\"0\" scrolling=\"no\"><\/iframe><\/p>\n<p><strong>IERI SUL SITO DI RADIO PIU<\/strong><\/p>\n<blockquote class=\"wp-embedded-content\" data-secret=\"QZYR8GDqWK\"><p><a href=\"https:\/\/www.radiopiu.net\/wordpress\/di-mario-de-marco-obiettivo-puntato-verso-il-cielo\/\">DI MARIO DE MARCO: OBIETTIVO PUNTATO VERSO IL CIELO<\/a><\/p><\/blockquote>\n<p><iframe loading=\"lazy\" class=\"wp-embedded-content\" sandbox=\"allow-scripts\" security=\"restricted\" style=\"position: absolute; clip: rect(1px, 1px, 1px, 1px);\" title=\"&#8220;DI MARIO DE MARCO: OBIETTIVO PUNTATO VERSO IL CIELO&#8221; &#8212; Radio Pi\u00f9\" src=\"https:\/\/www.radiopiu.net\/wordpress\/di-mario-de-marco-obiettivo-puntato-verso-il-cielo\/embed\/#?secret=ye6oaYqVay#?secret=QZYR8GDqWK\" data-secret=\"QZYR8GDqWK\" width=\"600\" height=\"338\" frameborder=\"0\" marginwidth=\"0\" marginheight=\"0\" scrolling=\"no\"><\/iframe><\/p>\n<p>&nbsp;<\/p>\n<p>&nbsp;<\/p>\n<hr \/>\n<p>&nbsp;<\/p>\n<blockquote class=\"wp-embedded-content\" data-secret=\"cxWzdelyJn\"><p><a href=\"https:\/\/www.radiopiu.net\/wordpress\/augusto-murer-e-il-fotografo\/\">AUGUSTO MURER E IL FOTOGRAFO ELIO ARICO&#8217;<\/a><\/p><\/blockquote>\n<p><iframe loading=\"lazy\" class=\"wp-embedded-content\" sandbox=\"allow-scripts\" security=\"restricted\" style=\"position: absolute; clip: rect(1px, 1px, 1px, 1px);\" title=\"&#8220;AUGUSTO MURER E IL FOTOGRAFO ELIO ARICO&#8217;&#8221; &#8212; Radio Pi\u00f9\" src=\"https:\/\/www.radiopiu.net\/wordpress\/augusto-murer-e-il-fotografo\/embed\/#?secret=BKziqdfU2z#?secret=cxWzdelyJn\" data-secret=\"cxWzdelyJn\" width=\"600\" height=\"338\" frameborder=\"0\" marginwidth=\"0\" marginheight=\"0\" scrolling=\"no\"><\/iframe><\/p>\n<p>&nbsp;<\/p>\n<hr \/>\n<p>&nbsp;<\/p>\n<h2><span style=\"color: #ff0000;\"><a class=\"dt-pswp-item\" href=\"https:\/\/www.radiopiu.net\/wordpress\/wp-content\/uploads\/2022\/10\/WhatsApp-Image-2022-10-17-at-13.37.23.jpeg\" data-dt-img-description=\"\" data-large_image_width=\"854\" data-large_image_height=\"218\"><img loading=\"lazy\" decoding=\"async\" class=\"wp-image-302003 alignleft\" src=\"https:\/\/www.radiopiu.net\/wordpress\/wp-content\/uploads\/2022\/10\/WhatsApp-Image-2022-10-17-at-13.37.23-300x77.jpeg\" alt=\"\" width=\"183\" height=\"47\" srcset=\"https:\/\/www.radiopiu.net\/wordpress\/wp-content\/uploads\/2022\/10\/WhatsApp-Image-2022-10-17-at-13.37.23-300x77.jpeg 300w, https:\/\/www.radiopiu.net\/wordpress\/wp-content\/uploads\/2022\/10\/WhatsApp-Image-2022-10-17-at-13.37.23-768x196.jpeg 768w, https:\/\/www.radiopiu.net\/wordpress\/wp-content\/uploads\/2022\/10\/WhatsApp-Image-2022-10-17-at-13.37.23.jpeg 854w\" sizes=\"auto, (max-width: 183px) 100vw, 183px\" \/><\/a>IERI ALLA RADIO\u00a0<\/span><\/h2>\n<h2><span style=\"color: #008080;\">&#8220;DINTORN E FORA VIA&#8221; A CURA DEL MUSLA, IL NUOVO PROGRAMMA\u00a0<\/span><\/h2>\n<p><strong class=\"photoswipe-wrapper\">PUNTATA DEL 18 OTTOBRE \u2013 VERONICA LEZUO<\/strong><\/p>\n<audio class=\"wp-audio-shortcode\" id=\"audio-302073-15\" preload=\"none\" style=\"width: 100%;\" controls=\"controls\"><source type=\"audio\/mpeg\" src=\"https:\/\/www.radiopiu.net\/wordpress\/wp-content\/uploads\/2022\/10\/MUSLA-6.mp3?_=15\" \/><a href=\"https:\/\/www.radiopiu.net\/wordpress\/wp-content\/uploads\/2022\/10\/MUSLA-6.mp3\">https:\/\/www.radiopiu.net\/wordpress\/wp-content\/uploads\/2022\/10\/MUSLA-6.mp3<\/a><\/audio>\n<p>&nbsp;<\/p>\n<hr \/>\n<p>&nbsp;<\/p>\n<blockquote>\n<h3>VEDOVA A 26 ANNI, CON QUATTRO FIGLI, LA \u201cBEZA\u201d FU SINONIMO DI OSTERIA E TABACCHI A CODISSAGO<\/h3>\n<\/blockquote>\n<p><strong>DI RENATO BONA<\/strong><\/p>\n<p>\u201cNel libro di Elda Deon Cardin \u201cIl lavoro nelle Valli del Piave e del Vajont prima del 9 ottobre 1963\u201d c\u2019\u00e8 anche il capitolo dedicato alle attivit\u00e0 commerciali, ed \u00e8 quello sul quale ci soffermiamo oggi, fra l\u2019altro riportando un commento di Giovanni Larese che ha dato all\u2019autrice il suo prezioso contributo regalando \u201cUn po\u2019 di luce sul tessuto economico longaronese prima del Vajont\u201d. Ecco Larese:\u2026 Bene ha fatto Elda a non passare in rassegna soltanto le industrie locali ma a mettere anche in luce una fitta rete di attivit\u00e0 artigiane e commerciali tipiche (penso agli scalpellini, ai teleferisti e agli zattieri) soffermandosi sul sistema ospitalit\u00e0 (notevole in quella terra di passaggio \u00e8 sempre stata la presenza di osterie ed alberghi) ricordando altres\u00ec alcune persone caratteristiche della vecchia Longarone\u201d. Inevitabilmente ma con grande piacere riproponiamo dunque l\u2019immagine di gruppo (foto Bruto Recalchi, collezione Umberto Olivier) di Eloisa Bez \u201cla B\u00e8za\u201d con i suoi figli: Oddone, Sofia, Dante ed Aldo, che a Codissago, per mezzo secolo, era sinonimo di osteria e tabacchi. Un autentico personaggio la longaronese, classe 1887, che a 29 anni si ritrov\u00f2 vedova con quattro orfani, il maggiore di soli sei anni! dato che il marito, Umberto Olivier \u201cTofol\u00f3n\u201d, combattente della Grande Guerra, era caduto sull\u2019Ortigara. Sempre secondo il racconto fornito da Umberto Olivier, \u201cfu eroica nel duplice dovere di madre e di padre. Crebbe coraggiosamente i suoi figli. Li avvi\u00f2 allo studio\u2026 La tragedia familiare la costrinse in prima persona al ruolo di \u2018ostessa\u2019 (come testimonia il documento che proponiamo col quale dichiara per la Camera di commercio e industria di Belluno di \u201ccondurre in proprio l\u2019esercizio per la vendita di vino, birra e liquori\u201d. E aggiunge un\u2019altra pagina di storia della \u201cB\u00e8za\u201d: \u201c\u2026 Alla fine la liberazione del 25 aprile 1945 \u00e8 la liberazione dalla morte, dalle paure, dalle sofferenze insopportabili. E\u2019 soprattutto la liberazione delle rinnovate energie che alimentano la voglia di vivere, di ricostruire. E i giovani che nelle sere di maggio sciamano verso la villa e i giardini di Malcolm cantando, sono il simbolo di questa vitalit\u00e0 ritrovata. Le fabbriche in loco si riattivano, la pur dura emigrazione ha i momenti consolanti nei ritorni a casa per le sagre agostane e per il Natale quando la \u2018B\u00e8za\u2019, ottima cuoca, prepara la trippa in brodo per chi torna dal \u2018matut\u00ecn\u2019: la messa natalizia di mezzanotte, celebrata nella chiesa pievana di Castellavazzo\u201d. Il tempo passa e la nostra fa spazio al figlio Dante pur se \u00e8 sempre lei al mattino ad aprire l\u2019osteria. Il 9 ottobre 1963 il Vajont la priva del figlio Aldo e della sua famiglia, del fratello Tita con figli e nipoti: Eloisa Bez \u00e8 sempre indomita ed \u00e8 lei a sostenere e incoraggiare tutti. Seppe giungere alla veneranda et\u00e0 di 92 anni \u201ccon curiosit\u00e0 e amore alla vita, alimentando relazioni personali ed epistolari, coltivando i fiori della sua terrazza cucinando eccellenti piatti per i nipoti che l\u2019ascoltavano con venerazione\u201d. Chiudiamo questo servizio offrendo a chi ci segue la visione di altre immagini: quella della via Roma di Longarone con, in fondo a destra, all\u2019angolo, il laboratorio di gelateria di Arcangelo Scussel (foto P. Breveglieri, viaggiata 23 novembre 1915, collezione Elda Deon Cardin); quella che riproduce il documento comprovante l\u2019esistenza dell\u2019attivit\u00e0 di Arcangelo Scussel a Longarone nel 1937; quella (anni \u201830, collezione Circolo fotografico Bruto Recalchi) che mostra un momento della Festa di Sant\u2019Antonio al Colomber del 13 giugno con, a sinistra, Scussel col suo \u2018caret\u00ecn\u2019 dei gelati; quindi quella del \u201cCaff\u00e8 Minerva\u201d rinomata pasticceria e gelateria con posto telefonico pubblico, gestita dal signor Caldera; sulla sinistra la saletta battezzata \u2018la littorina\u2019 per la felice sistemazione dei posti a sedere (foto anni \u201850, collezione Laura Nicola); e da ultimo quella che ci mostra il \u201cCaff\u00e8 Gonzaga\u201d nell\u2019omonima piazza (collezione Elda Deon Cardin). Il capitolo si conclude con la pagina che riporta l\u2019elenco dei \u201cBar della vecchia Longarone\u201d (17 oltre alla cantina di Piero P\u00f2te, per la vendita di vino per esportazione in viale della Stazione, dove gli abituali avventori si spillavano l\u2019\u201combretta\u201d direttamente dalla botte) e quella con l\u2019elenco dei sedici \u201cBar dei vecchi borghi di Erto e Casso\u201d.<\/p>\n\n\t\t\t<style type='text\/css'>\n\t\t\t\t#gallery-3 {\n\t\t\t\t\tmargin: auto;\n\t\t\t\t}\n\t\t\t\t#gallery-3 .gallery-item {\n\t\t\t\t\tfloat: left;\n\t\t\t\t\tmargin-top: 10px;\n\t\t\t\t\ttext-align: center;\n\t\t\t\t\twidth: 25%;\n\t\t\t\t}\n\t\t\t\t#gallery-3 img {\n\t\t\t\t\tborder: 2px solid #cfcfcf;\n\t\t\t\t}\n\t\t\t\t#gallery-3 .gallery-caption {\n\t\t\t\t\tmargin-left: 0;\n\t\t\t\t}\n\t\t\t\t\/* see gallery_shortcode() in wp-includes\/media.php *\/\n\t\t\t<\/style>\n\t\t<div id='gallery-3' class='dt-gallery-container gallery galleryid-302073 gallery-columns-4 gallery-size-thumbnail'><dl class='gallery-item'>\n\t\t\t\t<dt class='gallery-icon landscape'>\n\t\t\t\t\t<a class=\"rollover rollover-zoom dt-pswp-item\" title=\"309239693_430384459176108_4798767342714066812_n\" data-dt-img-description=\"\" data-large_image_width=\"296\" data-large_image_height=\"201\"href='https:\/\/www.radiopiu.net\/wordpress\/wp-content\/uploads\/2022\/10\/309239693_430384459176108_4798767342714066812_n.jpg'><img loading=\"lazy\" decoding=\"async\" width=\"150\" height=\"150\" src=\"https:\/\/www.radiopiu.net\/wordpress\/wp-content\/uploads\/2022\/10\/309239693_430384459176108_4798767342714066812_n-150x150.jpg\" class=\"attachment-thumbnail size-thumbnail\" alt=\"\" \/><\/a>\n\t\t\t\t<\/dt><\/dl><dl class='gallery-item'>\n\t\t\t\t<dt class='gallery-icon landscape'>\n\t\t\t\t\t<a class=\"rollover rollover-zoom dt-pswp-item\" title=\"312108935_2261763867318959_1270485133189497688_n\" data-dt-img-description=\"\" data-large_image_width=\"320\" data-large_image_height=\"201\"href='https:\/\/www.radiopiu.net\/wordpress\/wp-content\/uploads\/2022\/10\/312108935_2261763867318959_1270485133189497688_n.jpg'><img loading=\"lazy\" decoding=\"async\" width=\"150\" height=\"150\" src=\"https:\/\/www.radiopiu.net\/wordpress\/wp-content\/uploads\/2022\/10\/312108935_2261763867318959_1270485133189497688_n-150x150.jpg\" class=\"attachment-thumbnail size-thumbnail\" alt=\"\" \/><\/a>\n\t\t\t\t<\/dt><\/dl><dl class='gallery-item'>\n\t\t\t\t<dt class='gallery-icon portrait'>\n\t\t\t\t\t<a class=\"rollover rollover-zoom dt-pswp-item\" title=\"311952547_1311472839620995_7539143898437564686_n\" data-dt-img-description=\"\" data-large_image_width=\"196\" data-large_image_height=\"206\"href='https:\/\/www.radiopiu.net\/wordpress\/wp-content\/uploads\/2022\/10\/311952547_1311472839620995_7539143898437564686_n.jpg'><img loading=\"lazy\" decoding=\"async\" width=\"150\" height=\"150\" src=\"https:\/\/www.radiopiu.net\/wordpress\/wp-content\/uploads\/2022\/10\/311952547_1311472839620995_7539143898437564686_n-150x150.jpg\" class=\"attachment-thumbnail size-thumbnail\" alt=\"\" \/><\/a>\n\t\t\t\t<\/dt><\/dl><dl class='gallery-item'>\n\t\t\t\t<dt class='gallery-icon landscape'>\n\t\t\t\t\t<a class=\"rollover rollover-zoom dt-pswp-item\" title=\"311979520_1258967444885429_8217614994950759107_n\" data-dt-img-description=\"\" data-large_image_width=\"365\" data-large_image_height=\"206\"href='https:\/\/www.radiopiu.net\/wordpress\/wp-content\/uploads\/2022\/10\/311979520_1258967444885429_8217614994950759107_n.jpg'><img loading=\"lazy\" decoding=\"async\" width=\"150\" height=\"150\" src=\"https:\/\/www.radiopiu.net\/wordpress\/wp-content\/uploads\/2022\/10\/311979520_1258967444885429_8217614994950759107_n-150x150.jpg\" class=\"attachment-thumbnail size-thumbnail\" alt=\"\" \/><\/a>\n\t\t\t\t<\/dt><\/dl><br style=\"clear: both\" \/><dl class='gallery-item'>\n\t\t\t\t<dt class='gallery-icon portrait'>\n\t\t\t\t\t<a class=\"rollover rollover-zoom dt-pswp-item\" title=\"310966142_1174453720144340_1029219653561054865_n\" data-dt-img-description=\"\" data-large_image_width=\"156\" data-large_image_height=\"206\"href='https:\/\/www.radiopiu.net\/wordpress\/wp-content\/uploads\/2022\/10\/310966142_1174453720144340_1029219653561054865_n.jpg'><img loading=\"lazy\" decoding=\"async\" width=\"150\" height=\"150\" src=\"https:\/\/www.radiopiu.net\/wordpress\/wp-content\/uploads\/2022\/10\/310966142_1174453720144340_1029219653561054865_n-150x150.jpg\" class=\"attachment-thumbnail size-thumbnail\" alt=\"\" \/><\/a>\n\t\t\t\t<\/dt><\/dl><dl class='gallery-item'>\n\t\t\t\t<dt class='gallery-icon portrait'>\n\t\t\t\t\t<a class=\"rollover rollover-zoom dt-pswp-item\" title=\"311996662_870700577255828_9085273411799222941_n\" data-dt-img-description=\"\" data-large_image_width=\"157\" data-large_image_height=\"206\"href='https:\/\/www.radiopiu.net\/wordpress\/wp-content\/uploads\/2022\/10\/311996662_870700577255828_9085273411799222941_n.jpg'><img loading=\"lazy\" decoding=\"async\" width=\"150\" height=\"150\" src=\"https:\/\/www.radiopiu.net\/wordpress\/wp-content\/uploads\/2022\/10\/311996662_870700577255828_9085273411799222941_n-150x150.jpg\" class=\"attachment-thumbnail size-thumbnail\" alt=\"\" \/><\/a>\n\t\t\t\t<\/dt><\/dl><dl class='gallery-item'>\n\t\t\t\t<dt class='gallery-icon landscape'>\n\t\t\t\t\t<a class=\"rollover rollover-zoom dt-pswp-item\" title=\"312003667_650176196485149_981821090968251785_n\" data-dt-img-description=\"\" data-large_image_width=\"261\" data-large_image_height=\"202\"href='https:\/\/www.radiopiu.net\/wordpress\/wp-content\/uploads\/2022\/10\/312003667_650176196485149_981821090968251785_n.jpg'><img loading=\"lazy\" decoding=\"async\" width=\"150\" height=\"150\" src=\"https:\/\/www.radiopiu.net\/wordpress\/wp-content\/uploads\/2022\/10\/312003667_650176196485149_981821090968251785_n-150x150.jpg\" class=\"attachment-thumbnail size-thumbnail\" alt=\"\" \/><\/a>\n\t\t\t\t<\/dt><\/dl>\n\t\t\t\t<br style='clear: both' \/>\n\t\t\t<\/div>\n\n<p>&nbsp;<\/p>\n<p>&nbsp;<\/p>\n<hr \/>\n<p>&nbsp;<\/p>\n<div>\n<div class=\"b654a4as d2edcug0\">\n<div class=\"rq0escxv hkbzh7o3 jwdofwj8 n8tt0mok r8blr3vg hyh9befq\">\n<p><a class=\"dt-pswp-item\" href=\"https:\/\/www.radiopiu.net\/wordpress\/wp-content\/uploads\/2020\/10\/pp.jpg\" data-dt-img-description=\"\" data-large_image_width=\"640\" data-large_image_height=\"640\"><img loading=\"lazy\" decoding=\"async\" class=\"wp-image-163678 alignleft\" src=\"https:\/\/www.radiopiu.net\/wordpress\/wp-content\/uploads\/2020\/10\/pp-300x300.jpg\" alt=\"\" width=\"106\" height=\"106\" srcset=\"https:\/\/www.radiopiu.net\/wordpress\/wp-content\/uploads\/2020\/10\/pp-300x300.jpg 300w, https:\/\/www.radiopiu.net\/wordpress\/wp-content\/uploads\/2020\/10\/pp-150x150.jpg 150w, https:\/\/www.radiopiu.net\/wordpress\/wp-content\/uploads\/2020\/10\/pp-125x125.jpg 125w, https:\/\/www.radiopiu.net\/wordpress\/wp-content\/uploads\/2020\/10\/pp-200x200.jpg 200w, https:\/\/www.radiopiu.net\/wordpress\/wp-content\/uploads\/2020\/10\/pp-80x80.jpg 80w, https:\/\/www.radiopiu.net\/wordpress\/wp-content\/uploads\/2020\/10\/pp-480x480.jpg 480w, https:\/\/www.radiopiu.net\/wordpress\/wp-content\/uploads\/2020\/10\/pp.jpg 640w\" sizes=\"auto, (max-width: 106px) 100vw, 106px\" \/><\/a><\/p>\n<\/div>\n<\/div>\n<\/div>\n<div>\n<div class=\"page-title-head hgroup\">\n<div class=\"page-title-head hgroup\">\n<div class=\"b654a4as d2edcug0\">\n<div class=\"j83agx80 btwxx1t3 lhclo0ds hop8lmos nkwizq5d scwd0bx6 roh60bw9\">\n<div class=\"rq0escxv hkbzh7o3 jwdofwj8 n8tt0mok r8blr3vg hyh9befq\">\n<div class=\"do00u71z l9j0dhe7 k4urcfbm\">\n<h2><span style=\"color: #000080;\">DON CESARE, IL PENSIERO DEL GIORNO. ALLA RADIO ALLE 7 DEL MATTINO E ALLE 19.30 DELLA SERA.\u00a0<\/span><\/h2>\n<audio class=\"wp-audio-shortcode\" id=\"audio-302073-16\" preload=\"none\" style=\"width: 100%;\" controls=\"controls\"><source type=\"audio\/mpeg\" src=\"https:\/\/www.radiopiu.net\/wordpress\/wp-content\/uploads\/2022\/10\/CESARE-14.mp3?_=16\" \/><a href=\"https:\/\/www.radiopiu.net\/wordpress\/wp-content\/uploads\/2022\/10\/CESARE-14.mp3\">https:\/\/www.radiopiu.net\/wordpress\/wp-content\/uploads\/2022\/10\/CESARE-14.mp3<\/a><\/audio>\n<p>&nbsp;<\/p>\n<hr \/>\n<p>&nbsp;<\/p>\n<h2><span style=\"color: #ff6600;\">COLLAGE OPERAZIONE NOSTALGIA<\/span><\/h2>\n<p><strong><a class=\"dt-pswp-item\" href=\"https:\/\/www.radiopiu.net\/wordpress\/wp-content\/uploads\/2022\/10\/Santana-Oye-Como-Va.jpg\" data-dt-img-description=\"\" data-large_image_width=\"300\" data-large_image_height=\"200\"><img loading=\"lazy\" decoding=\"async\" class=\" wp-image-301723 alignleft\" src=\"https:\/\/www.radiopiu.net\/wordpress\/wp-content\/uploads\/2022\/10\/Santana-Oye-Como-Va.jpg\" alt=\"\" width=\"191\" height=\"127\" \/><\/a>di Loris Scussel<\/strong><\/p>\n<p>Le nuove puntate di\u00a0 Collage operazione nostalgia proseguono con la proposta di canzoni in ordine alfabetico, questa settimana sar\u00e0 la volta dei brani il cui titolo inizia con le lettere M, N, O, P, Q. Partiremo da \u201cMita Mita\u201d delle Orme per chiudere con \u201cQuella carezza della sera\u201d dei New Trolls, in mezzo proporremo canzoni come Mamma mia, Napule \u00e8, Oye como va, Paint it black, Quando quando e cos\u00ec via nella consueta alternanza tra pezzi pi\u00f9 o meno famosi. Collage va in onda dal luned\u00ec al venerd\u00ec alle 16,00 e alle 23,00 naturalmente su Radio Pi\u00f9<\/p>\n<p><em><strong>IL PROGRAMMA DEL LUNEDI<\/strong><\/em><\/p>\n<audio class=\"wp-audio-shortcode\" id=\"audio-302073-17\" preload=\"none\" style=\"width: 100%;\" controls=\"controls\"><source type=\"audio\/mpeg\" src=\"https:\/\/www.radiopiu.net\/wordpress\/wp-content\/uploads\/2022\/10\/Collage-641.mp3?_=17\" \/><a href=\"https:\/\/www.radiopiu.net\/wordpress\/wp-content\/uploads\/2022\/10\/Collage-641.mp3\">https:\/\/www.radiopiu.net\/wordpress\/wp-content\/uploads\/2022\/10\/Collage-641.mp3<\/a><\/audio>\n<p>&nbsp;<\/p>\n<p><em><strong>IL PROGRAMMA DEL MARTEDI<\/strong><\/em><\/p>\n<audio class=\"wp-audio-shortcode\" id=\"audio-302073-18\" preload=\"none\" style=\"width: 100%;\" controls=\"controls\"><source type=\"audio\/mpeg\" src=\"https:\/\/www.radiopiu.net\/wordpress\/wp-content\/uploads\/2022\/10\/Collage-642.mp3?_=18\" \/><a href=\"https:\/\/www.radiopiu.net\/wordpress\/wp-content\/uploads\/2022\/10\/Collage-642.mp3\">https:\/\/www.radiopiu.net\/wordpress\/wp-content\/uploads\/2022\/10\/Collage-642.mp3<\/a><\/audio>\n<p>&nbsp;<\/p>\n<hr \/>\n<p>&nbsp;<\/p>\n<div>\n<blockquote class=\"wp-embedded-content\" data-secret=\"4NkWKv4gjd\"><p><a href=\"https:\/\/www.radiopiu.net\/wordpress\/odio-la-radio-dieci-anni-dopo-di-mirko-mezzacasa\/\">&#8220;ODIO LA RADIO&#8221;&#8230; DIECI ANNI DOPO, di Mirko Mezzacasa<\/a><\/p><\/blockquote>\n<p><iframe loading=\"lazy\" class=\"wp-embedded-content\" sandbox=\"allow-scripts\" security=\"restricted\" style=\"position: absolute; clip: rect(1px, 1px, 1px, 1px);\" title=\"&#8220;&#8220;ODIO LA RADIO&#8221;&#8230; DIECI ANNI DOPO, di Mirko Mezzacasa&#8221; &#8212; Radio Pi\u00f9\" src=\"https:\/\/www.radiopiu.net\/wordpress\/odio-la-radio-dieci-anni-dopo-di-mirko-mezzacasa\/embed\/#?secret=1ctBkW2har#?secret=4NkWKv4gjd\" data-secret=\"4NkWKv4gjd\" width=\"600\" height=\"338\" frameborder=\"0\" marginwidth=\"0\" marginheight=\"0\" scrolling=\"no\"><\/iframe><\/p>\n<p>&nbsp;<\/p>\n<hr \/>\n<h2><strong><a class=\"dt-pswp-item\" href=\"https:\/\/www.radiopiu.net\/wordpress\/wp-content\/uploads\/2020\/09\/FALCADE-5.jpg\" data-dt-img-description=\"\" data-large_image_width=\"960\" data-large_image_height=\"720\"><img loading=\"lazy\" decoding=\"async\" class=\" wp-image-163181 alignleft\" src=\"https:\/\/www.radiopiu.net\/wordpress\/wp-content\/uploads\/2020\/09\/FALCADE-5-300x225.jpg\" alt=\"\" width=\"167\" height=\"125\" srcset=\"https:\/\/www.radiopiu.net\/wordpress\/wp-content\/uploads\/2020\/09\/FALCADE-5-300x225.jpg 300w, https:\/\/www.radiopiu.net\/wordpress\/wp-content\/uploads\/2020\/09\/FALCADE-5-768x576.jpg 768w, https:\/\/www.radiopiu.net\/wordpress\/wp-content\/uploads\/2020\/09\/FALCADE-5-640x480.jpg 640w, https:\/\/www.radiopiu.net\/wordpress\/wp-content\/uploads\/2020\/09\/FALCADE-5.jpg 960w\" sizes=\"auto, (max-width: 167px) 100vw, 167px\" \/><\/a><span style=\"color: #00ff00;\">LA RASSEGNA STAMPA DA L&#8217;AMICO DEL POPOLO<\/span><\/strong><\/h2>\n<p><strong>di Gianni Santomaso<\/strong><\/p>\n<p>OSPITE: Fulvio Valt, consigliere comunale di Falcade<\/p>\n<audio class=\"wp-audio-shortcode\" id=\"audio-302073-19\" preload=\"none\" style=\"width: 100%;\" controls=\"controls\"><source type=\"audio\/mpeg\" src=\"https:\/\/www.radiopiu.net\/wordpress\/wp-content\/uploads\/2022\/10\/RASSEGNA-GIANNI-1.mp3?_=19\" \/><a href=\"https:\/\/www.radiopiu.net\/wordpress\/wp-content\/uploads\/2022\/10\/RASSEGNA-GIANNI-1.mp3\">https:\/\/www.radiopiu.net\/wordpress\/wp-content\/uploads\/2022\/10\/RASSEGNA-GIANNI-1.mp3<\/a><\/audio>\n<p>&nbsp;<\/p>\n<p>&nbsp;<\/p>\n<p>&nbsp;<\/p>\n<hr \/>\n<p>&nbsp;<\/p>\n<p><a class=\"dt-pswp-item\" href=\"https:\/\/www.radiopiu.net\/wordpress\/wp-content\/uploads\/2018\/09\/WhatsApp-Image-2018-09-20-at-16.04.06.jpeg\" data-dt-img-description=\"\" data-large_image_width=\"800\" data-large_image_height=\"100\"><img loading=\"lazy\" decoding=\"async\" class=\"aligncenter wp-image-61378 size-full\" src=\"https:\/\/www.radiopiu.net\/wordpress\/wp-content\/uploads\/2018\/09\/WhatsApp-Image-2018-09-20-at-16.04.06.jpeg\" alt=\"\" width=\"800\" height=\"100\" srcset=\"https:\/\/www.radiopiu.net\/wordpress\/wp-content\/uploads\/2018\/09\/WhatsApp-Image-2018-09-20-at-16.04.06.jpeg 800w, https:\/\/www.radiopiu.net\/wordpress\/wp-content\/uploads\/2018\/09\/WhatsApp-Image-2018-09-20-at-16.04.06-300x38.jpeg 300w, https:\/\/www.radiopiu.net\/wordpress\/wp-content\/uploads\/2018\/09\/WhatsApp-Image-2018-09-20-at-16.04.06-768x96.jpeg 768w\" sizes=\"auto, (max-width: 800px) 100vw, 800px\" \/><\/a><\/p>\n<p>&nbsp;<\/p>\n<p><b>Mercoledi 19<\/b> <b>Tempo atteso: <\/b>Tempo stabile con cielo sereno o poco nuvoloso per qualche velatura molto sottile. Fino al primo mattino possibili foschie o banchi di nebbia in alcuni tratti dei fondovalle prealpini, in successivo dissolvimento durante la mattinata e in nuova formazione in serata.<br \/>\n<b>Precipitazioni: <\/b>Assenti (0%). <b>Temperature: <\/b>Minime in lieve aumento, massime in lieve calo<\/p>\n<hr \/>\n<p><b>Giovedi 20<\/b> <b>Tempo atteso: <\/b>Ancora tempo stabile ma pi\u00f9 variabile rispetto ai giorni precedenti per l&#8217;arrivo da ovest inizialmente di nubi alte poi anche di quelle medio-alte, associate in alcune valli prealpine alla presenza anche di nubi basse o di foschie o di qualche banco di nebbia nelle ore pi\u00f9 fredde. <b>Precipitazioni: <\/b>Assenti (0%). <b>Temperature: <\/b>minime senza notevoli variazioni o in lieve aumento, massime in calo<\/p>\n<hr \/>\n<p><b>Venerdi 21<\/b>Cielo in prevalenza nuvoloso o molto nuvoloso con precipitazioni soprattutto alla sera\/notte anche se non sar\u00e0 del tutto escluso qualche piovasco durante il corso della giornata; la quota delle nevicate potr\u00e0 oscillare tra i 2300 e i 2600 m. Temperature minime in aumento, massime in diminuzione con clima diurno pi\u00f9 fresco per il limitato soleggiamento diurno; escursione termica giornaliera contenuta e attenuazione dell&#8217;inversione termica. Venti in alta montagna tesi o forti da sud-ovest.<\/p>\n<hr \/>\n<p><b>Sabato 22<\/b>Tempo moderatamente perturbato per gran parte della mattinata con precipitazioni da sparse a diffuse, nevose oltre i 2300-2600 m. Attenuazione dei fenomeni verso la tarda mattinata con schiarite, che saranno pi\u00f9 significative nel tardo pomeriggio\/sera. Temperature minime senza notevoli variazioni, massime in aumento. Venti in quota moderati o tesi dai quadranti occidentali.<\/p>\n<p>&nbsp;<\/p>\n<p>&nbsp;<\/p>\n<hr \/>\n<p>&nbsp;<\/p>\n<p><strong>OGNI GIORNO IL MERCATINO A RADIO PIU&#8217;, AL QUARANTESIMO MINUTO. IL PUNTO DI RIFERIMENTO PER CHI OFFRE O CERCA LAVORO NELL&#8217;ARCO DOLOMITICO, CENTINAIA DI VISUALIZZAZIONI AL GIORNO SUL SITO INTERNET, IN AUDIO ALLA RADIO E IN STREAMING IL TUTTO IL MONDO. IL MERCATINO DI RADIO PIU, PER INSERIRE I TUOI ANNUNCI SCRIVI A <span style=\"color: #0000ff;\">radiopiu@radiopiu.it<\/span><\/strong><\/p>\n<blockquote class=\"wp-embedded-content\" data-secret=\"hO3coIB7Hl\"><p><a href=\"https:\/\/www.radiopiu.net\/wordpress\/mercatino-e-mercatino-delle-pulci-per-i-vostri-annunci-radiopiuradiopiu-it\/\">MERCATINO<\/a><\/p><\/blockquote>\n<p><iframe loading=\"lazy\" class=\"wp-embedded-content\" sandbox=\"allow-scripts\" security=\"restricted\" style=\"position: absolute; clip: rect(1px, 1px, 1px, 1px);\" title=\"&#8220;MERCATINO&#8221; &#8212; Radio Pi\u00f9\" src=\"https:\/\/www.radiopiu.net\/wordpress\/mercatino-e-mercatino-delle-pulci-per-i-vostri-annunci-radiopiuradiopiu-it\/embed\/#?secret=WYWe6QrLVo#?secret=hO3coIB7Hl\" data-secret=\"hO3coIB7Hl\" width=\"600\" height=\"338\" frameborder=\"0\" marginwidth=\"0\" marginheight=\"0\" scrolling=\"no\"><\/iframe><\/p>\n<\/div>\n<p>&nbsp;<\/p>\n<p>&nbsp;<\/p>\n<div>\n<hr \/>\n<p>&nbsp;<\/p>\n<p><a href=\"https:\/\/www.radiopiu.net\/wordpress\/giornale-radiopiu-26-settembre-2018-direttore-mirko-mezzacasa\/viabilita-2\/\" rel=\"attachment wp-att-61954\"><img loading=\"lazy\" decoding=\"async\" class=\"aligncenter wp-image-61954 size-full\" src=\"https:\/\/www.radiopiu.net\/wordpress\/wp-content\/uploads\/2018\/09\/viabilita.jpeg\" sizes=\"auto, (max-width: 800px) 100vw, 800px\" srcset=\"https:\/\/www.radiopiu.net\/wordpress\/wp-content\/uploads\/2018\/09\/viabilita.jpeg 800w, https:\/\/www.radiopiu.net\/wordpress\/wp-content\/uploads\/2018\/09\/viabilita-300x38.jpeg 300w, https:\/\/www.radiopiu.net\/wordpress\/wp-content\/uploads\/2018\/09\/viabilita-768x96.jpeg 768w\" alt=\"\" width=\"800\" height=\"100\" \/><\/a><\/p>\n<blockquote>\n<h3><\/h3>\n<h3>GALLERIA DEI CASTEI A SENSO UNICO ALTERNATO DI NOTTE PER UNA SETTIMANA<\/h3>\n<\/blockquote>\n<p><strong>SEDICO<\/strong> Veneto Strade comunica che dal 17 al 21 ottobre verr\u00e0 istituito un senso unico alternato regolato da semaforo o movieri nella galleria dei Castei. Per consentire le indagini diagnostiche e manutenzione dell&#8217;impianto d&#8217;illuminazione il senso unico verr\u00e0 istituito in orario notturno, ogni giorno dalle 20 alle 6 del giorno successivo.<\/p>\n<p>&nbsp;<\/p>\n<blockquote>\n<h3>PONTE DEL FELICE A LA VALLE AGORDINA, CHIUSO FINO AL 24 OTTOBRE<strong>\u00a0<\/strong><\/h3>\n<\/blockquote>\n<p><strong>LA VALLE<\/strong> E&#8217; stata prorogata l&#8217;ordinanza di chiusura del ponte del Felice tra Crostolin di Agordo e il territorio comunale di La Valle Agordina (Ronche, Noach&#8230;) Ponte chiuso h24 fino al 24 ottobre, comunque fino alla conclusione dei lavori di ristrutturazione del ponte.<\/p>\n<blockquote>\n<h3>DOLOMITIBUS, PROROGA INTERRUZIONE VEICOLARE<\/h3>\n<\/blockquote>\n<p><strong>TAIBON\u00a0<\/strong> Fino al 21 ottobre le corse Agordo Villanova effettuano il percorso alternativo Agordo-San Cipriano-Strapont-Municipio Taibon. Sospesa la tratta Peden-Villanova e le fermate Peden-Casa di riposo- Villanova.<\/p>\n<p>&nbsp;<\/p>\n<blockquote>\n<h3>SP 8 DI SAN TOMASO, PROROGATA LA CHIUSURA A FASCE ORARIE FINO ALL&#8217;11 NOVEMBRE<\/h3>\n<\/blockquote>\n<p><strong><img loading=\"lazy\" decoding=\"async\" class=\"alignleft\" src=\"https:\/\/www.radiopiu.net\/wordpress\/wp-content\/uploads\/2021\/11\/81aa72cc-d66b-44fa-afd5-7103ae531a24.jpg\" width=\"154\" height=\"113\" \/>SAN TOMASO<\/strong> Da un mese sono iniziati i lavori sulla SP 8 di San Tomaso a Col Zares\u00e8. Veneto Strade ha comunicato la proroga dell&#8217;ordinanza fino al 11 novembre. E\u2019 dal 17 luglio del 2014 che per raggiungere San Tomaso da Cencenighe \u00e8 d\u2019obbligo il rispetto del semaforo, ma dalla prossima stagione autunnale a lavori terminati e micropali piantati tutto cambier\u00e0. Ai residenti soprattutto viene richiesto ancora un sacrificio, ma pur di rivedere aperta quella strada nella sua normalit\u00e0 \u00e8 giustificato e lecito. Fino al 11 novembre, esclusi festivi e prefestivi, la strada chiuder\u00e0 totalmente dalle 7.15 alle 12.45 e dalle 14.15 alle 17.45. Negli altri orari senso unico alternato regolato da semaforo.<\/p>\n<p><em><strong>DIVIETO DI TRANSITO VEICOLARE A FADES DI LA VALLE AGORDINA TRA L&#8217;INCROCIO CON LA SR 347 E IL CIVICO 2. FINO AL 18 NOVEMBRE, SABATO, DOMENICA E FESTIVI COMPRESI. IL DIVIETO AVRA&#8217; EFFICACIA NEI GIORNI DI EFFETTIVA ESECUZIONE DEL CANTIERE.\u00a0\u00a0<\/strong><\/em><\/p>\n<p>&nbsp;<\/p>\n<p><strong>AGGIORNAMENTO VENETO STRADE, AGGIORNAMENTO CONTINUO H 24<\/strong><\/p>\n<p>&nbsp;<\/p>\n<blockquote class=\"wp-embedded-content\" data-secret=\"FTPtK7emI9\"><p><a href=\"https:\/\/www.radiopiu.net\/wordpress\/viabilita\/\">viabilita<\/a><\/p><\/blockquote>\n<p><iframe loading=\"lazy\" class=\"wp-embedded-content\" sandbox=\"allow-scripts\" security=\"restricted\" style=\"position: absolute; clip: rect(1px, 1px, 1px, 1px);\" title=\"&#8220;viabilita&#8221; &#8212; Radio Pi\u00f9\" src=\"https:\/\/www.radiopiu.net\/wordpress\/viabilita\/embed\/#?secret=7oTJpQZ4x4#?secret=FTPtK7emI9\" data-secret=\"FTPtK7emI9\" width=\"600\" height=\"338\" frameborder=\"0\" marginwidth=\"0\" marginheight=\"0\" scrolling=\"no\"><\/iframe><\/p>\n<p>&nbsp;<\/p>\n<p>&nbsp;<\/p>\n<p>&nbsp;<\/p>\n<hr \/>\n<p>&nbsp;<\/p>\n<p>&nbsp;<\/p>\n<p><img loading=\"lazy\" decoding=\"async\" class=\"wp-image-60761 size-full aligncenter\" src=\"https:\/\/www.radiopiu.net\/wordpress\/wp-content\/uploads\/2018\/09\/sport.jpg\" alt=\"\" width=\"800\" height=\"100\" srcset=\"https:\/\/www.radiopiu.net\/wordpress\/wp-content\/uploads\/2018\/09\/sport.jpg 800w, https:\/\/www.radiopiu.net\/wordpress\/wp-content\/uploads\/2018\/09\/sport-300x38.jpg 300w, https:\/\/www.radiopiu.net\/wordpress\/wp-content\/uploads\/2018\/09\/sport-768x96.jpg 768w\" sizes=\"auto, (max-width: 800px) 100vw, 800px\" \/><\/p>\n<p>&nbsp;<\/p>\n<p><span style=\"color: #0000ff;\"><strong>CALCIO<\/strong><\/span><\/p>\n<blockquote>\n<h3>IL LE VILLE PERDE LA TERZA PARTITA SU QUATTRO GIOCATE<\/h3>\n<\/blockquote>\n<p><strong><a class=\"dt-pswp-item\" href=\"https:\/\/www.radiopiu.net\/wordpress\/wp-content\/uploads\/2021\/09\/PALLONE-CALCIO-CSI.jpg\" data-dt-img-description=\"\" data-large_image_width=\"956\" data-large_image_height=\"637\"><img loading=\"lazy\" decoding=\"async\" class=\" wp-image-233126 alignleft\" src=\"https:\/\/www.radiopiu.net\/wordpress\/wp-content\/uploads\/2021\/09\/PALLONE-CALCIO-CSI-300x200.jpg\" alt=\"\" width=\"194\" height=\"129\" srcset=\"https:\/\/www.radiopiu.net\/wordpress\/wp-content\/uploads\/2021\/09\/PALLONE-CALCIO-CSI-300x200.jpg 300w, https:\/\/www.radiopiu.net\/wordpress\/wp-content\/uploads\/2021\/09\/PALLONE-CALCIO-CSI-768x512.jpg 768w, https:\/\/www.radiopiu.net\/wordpress\/wp-content\/uploads\/2021\/09\/PALLONE-CALCIO-CSI.jpg 956w\" sizes=\"auto, (max-width: 194px) 100vw, 194px\" \/><\/a>REDAZIONE<\/strong> La stagione del Le Ville nel campionato Open CSI non sta andando secondo le aspettative. La squadra allenata da Romano Costantini ha perso ancora, la terza sconfitta in quattro partite giocate. Da dire che questa settimana di fronte si \u00e8 trovata una corazzata come il Chies, fresco vincitore del campionato. Le potenzialit\u00e0 ci sono, la rosa certamente non manca anche perch\u00e9 la formazione di Agordo pu\u00f2 contare su quasi 30 giocatori. Si pu\u00f2 definire un periodo nero della compagine di Costantini che deve solo credere in se e far vedere di che pasta \u00e8 fatta.<\/p>\n<p><strong>MATTHIAS CREPAZ, GIOCATORE DEL LE VILLE<\/strong><\/p>\n<audio class=\"wp-audio-shortcode\" id=\"audio-302073-20\" preload=\"none\" style=\"width: 100%;\" controls=\"controls\"><source type=\"audio\/mpeg\" src=\"https:\/\/www.radiopiu.net\/wordpress\/wp-content\/uploads\/2022\/10\/MATTHIAS-CREPAZ-LE-VILLE-BIANCO.mp3?_=20\" \/><a href=\"https:\/\/www.radiopiu.net\/wordpress\/wp-content\/uploads\/2022\/10\/MATTHIAS-CREPAZ-LE-VILLE-BIANCO.mp3\">https:\/\/www.radiopiu.net\/wordpress\/wp-content\/uploads\/2022\/10\/MATTHIAS-CREPAZ-LE-VILLE-BIANCO.mp3<\/a><\/audio>\n<p>&nbsp;<\/p>\n<hr \/>\n<p>&nbsp;<\/p>\n<p><span style=\"color: #0000ff;\"><strong>PALLAVOLO<\/strong><\/span><\/p>\n<blockquote>\n<h3>PALLAVOLO BELLUNO MASCHILE STASERA CONTRO MONSELICE<\/h3>\n<\/blockquote>\n<p><strong><a class=\"dt-pswp-item\" href=\"https:\/\/www.radiopiu.net\/wordpress\/wp-content\/uploads\/2022\/10\/La_DRL_alza_il_muro.jpg\" data-dt-img-description=\"\" data-large_image_width=\"1500\" data-large_image_height=\"1000\"><img loading=\"lazy\" decoding=\"async\" class=\" wp-image-302154 alignleft\" src=\"https:\/\/www.radiopiu.net\/wordpress\/wp-content\/uploads\/2022\/10\/La_DRL_alza_il_muro-300x200.jpg\" alt=\"\" width=\"165\" height=\"110\" srcset=\"https:\/\/www.radiopiu.net\/wordpress\/wp-content\/uploads\/2022\/10\/La_DRL_alza_il_muro-300x200.jpg 300w, https:\/\/www.radiopiu.net\/wordpress\/wp-content\/uploads\/2022\/10\/La_DRL_alza_il_muro-1024x683.jpg 1024w, https:\/\/www.radiopiu.net\/wordpress\/wp-content\/uploads\/2022\/10\/La_DRL_alza_il_muro-768x512.jpg 768w, https:\/\/www.radiopiu.net\/wordpress\/wp-content\/uploads\/2022\/10\/La_DRL_alza_il_muro.jpg 1500w\" sizes=\"auto, (max-width: 165px) 100vw, 165px\" \/><\/a>BELLUNO <\/strong>Non c\u2019\u00e8 tempo di assaporare la seconda vittoria in due partite, i 6 punti conquistati sui 6 a disposizione, il primato condiviso con l\u2019Abba Pineto. Perch\u00e9 stasera alle 20:30\u00a0si torna subito sotto rete per il turno infrasettimanale del campionato di Serie A3 Credem Banca: alla Spes Arena approda la Tmb Monselice.<span class=\"gmail-Apple-converted-space\">\u00a0<\/span>Una formazione neopromossa, che per\u00f2 la Da Rold Logistics conosce piuttosto bene. Non solo per averla affrontata due volte nella pre-stagione, ma anche per gli accesi duelli sui parquet di serie B: \u00abRispetto alla sfida di domenica scorsa con Brugherio &#8211; avverte il direttore generale Franco Da Re &#8211; lo scenario cambia radicalmente. Dopo una squadra composta da giovani di talento e agguerriti, affronteremo dei guerrieri veri e propri\u00bb. Monselice ha raccolto un punto in due giornate, ma la classifica pu\u00f2 trarre in inganno: \u00abI nostri avversari venderanno carissima la pelle. Arrivano da un risultato negativo in casa (1-3 con San Giustino) e vorranno rifarsi. In pi\u00f9, hanno esperienza, sono temibili al servizio e fanno affidamento su un gioco consolidato. Vietato distrarsi, quindi\u00bb. La Tmb \u00e8 scesa in campo nel tardo pomeriggio di sabato. E ha 24 ore in pi\u00f9 di riposo: \u00abMa non credo sia un aspetto rilevante &#8211; riprende il direttore generale della DRL -. Lavoriamo al meglio in palestra, fisicamente stiamo bene. E poi vincere aiuta a vincere\u00bb.<span class=\"gmail-Apple-converted-space\">\u00a0<\/span><\/p>\n<p>&nbsp;<\/p>\n<p>&nbsp;<\/p>\n<p>&nbsp;<\/p>\n<hr \/>\n<p>&nbsp;<\/p>\n<blockquote>\n<h3>LA RACCOLTA FONDI PER AIUTARE L&#8217;ALLEGHE HOCKEY<\/h3>\n<\/blockquote>\n<p><strong><a class=\"dt-pswp-item\" href=\"https:\/\/www.radiopiu.net\/wordpress\/wp-content\/uploads\/2022\/10\/543dd19e-af42-414d-a1af-32fe5af49bb7.jpg\" data-dt-img-description=\"\" data-large_image_width=\"1024\" data-large_image_height=\"860\"><img loading=\"lazy\" decoding=\"async\" class=\" wp-image-300498 alignleft\" src=\"https:\/\/www.radiopiu.net\/wordpress\/wp-content\/uploads\/2022\/10\/543dd19e-af42-414d-a1af-32fe5af49bb7-300x252.jpg\" alt=\"\" width=\"187\" height=\"157\" srcset=\"https:\/\/www.radiopiu.net\/wordpress\/wp-content\/uploads\/2022\/10\/543dd19e-af42-414d-a1af-32fe5af49bb7-300x252.jpg 300w, https:\/\/www.radiopiu.net\/wordpress\/wp-content\/uploads\/2022\/10\/543dd19e-af42-414d-a1af-32fe5af49bb7-768x645.jpg 768w, https:\/\/www.radiopiu.net\/wordpress\/wp-content\/uploads\/2022\/10\/543dd19e-af42-414d-a1af-32fe5af49bb7.jpg 1024w\" sizes=\"auto, (max-width: 187px) 100vw, 187px\" \/><\/a>ALLEGHE<\/strong> \u00c8 partita la raccolta fondi per aiutare l&#8217;Alleghe Hockey in questa stagione che, dopo la chiusura dello stadio Alvise De Toni, si preannuncia travagliata. La squadra alleghese dovr\u00e0 sostenere delle trasferte sia per allenarsi che per giocare le partite in programma. Per questo \u00e8 stata lanciata una raccolta fondi su Eppela dove chiunque pu\u00f2 fare la propria donazione alla societ\u00e0 per aiutarla a pagare le spese.<\/p>\n<p><strong>IL MESSAGGIO DELL&#8217;ALLEGHE HOCKEY<\/strong><\/p>\n<blockquote><p><em>Il nostro Palaghiaccio \u00e8 CHIUSO dal 2 ottobre 2022 per l&#8217;enorme aumento dei costi dell&#8217;energia. Questo significa che i nostri atleti, dai piccolissimi fino ai ragazzi della senior, non possono pi\u00f9 allenarsi n\u00e8 giocare sul nostro ghiaccio. Ma non possono soprattutto socializzare, imparare e fare attivit\u00e0 fisica con i propri compagni di squadra. Tutti noi siamo turbati da questa situazione, ma tutti insieme abbiamo reagito e cos\u00ec, rimboccandosi le maniche la Societ\u00e0 ha riorganizzato le attivit\u00e0, riuscendo a pianificare la gestione degli allenamenti negli stadi di altri Comuni. Cosa faremo con il contributo raccolto? La raccolta ci permetter\u00e0 di sostenere i costi per le continue trasferte dei nostri atleti.\u00a0<\/em><\/p><\/blockquote>\n<p><strong>CHI VOLESSE AIUTARE L&#8217;ALLEGHE HOCKEY PUO&#8217; FARLO NEI PUNTI RACCOLTA FONDI, BAR BIANCO AD ALLEGHE E CAFFE&#8217; MINIERE DI AGORDO. OPPURE TRAMITE LA RACCOLTA FONDI ONLINE DI EPPELA <a href=\"https:\/\/www.eppela.com\/projects\/9059\">CLICCANDO QUI<\/a><\/strong><\/p>\n<h2>IL MESSAGGIO DEGLI EX GIOCATORI<\/h2>\n<div style=\"width: 848px;\" class=\"wp-video\"><video class=\"wp-video-shortcode\" id=\"video-302073-2\" width=\"848\" height=\"480\" preload=\"metadata\" controls=\"controls\"><source type=\"video\/mp4\" src=\"https:\/\/www.radiopiu.net\/wordpress\/wp-content\/uploads\/2022\/10\/WhatsApp-Video-2022-10-08-at-13.20.26.mp4?_=2\" \/><a href=\"https:\/\/www.radiopiu.net\/wordpress\/wp-content\/uploads\/2022\/10\/WhatsApp-Video-2022-10-08-at-13.20.26.mp4\">https:\/\/www.radiopiu.net\/wordpress\/wp-content\/uploads\/2022\/10\/WhatsApp-Video-2022-10-08-at-13.20.26.mp4<\/a><\/video><\/div>\n<p>&nbsp;<\/p>\n<p>&nbsp;<\/p>\n<\/div>\n<\/div>\n<\/div>\n<\/div>\n<\/div>\n<\/div>\n<\/div>\n<\/div>\n","protected":false},"excerpt":{"rendered":"<p>RADIO PIU INFORMAZIONE il canale su TELEGRAM informazione di prima\u00a0\u00a0mano e in tempo reale. iscriviti ed aiutaci a farlo conoscere &nbsp; LA NOVITA&#8217; ALLA RADIO: &#8220;Se non la smetti ti mando&#8230; dal Preside&#8221;. OGGI ALLE 10.30 E ALLE 19. In studio la prof. Maria Rosa Salmazo la sigla, voce GAETANO ZAGRA &nbsp; &nbsp; &nbsp; &nbsp;&hellip;<\/p>\n","protected":false},"author":4,"featured_media":302258,"comment_status":"closed","ping_status":"closed","sticky":false,"template":"","format":"standard","meta":{"_monsterinsights_skip_tracking":false,"_monsterinsights_sitenote_active":false,"_monsterinsights_sitenote_note":"","_monsterinsights_sitenote_category":0,"footnotes":""},"categories":[51,86,49],"tags":[],"class_list":["post-302073","post","type-post","status-publish","format-standard","has-post-thumbnail","hentry","category-evidenza-top","category-gr","category-news-18","category-51","category-86","category-49","description-off"],"img_url":"https:\/\/www.radiopiu.net\/wordpress\/wp-content\/uploads\/2022\/10\/Senza-nome-46.jpg","_links":{"self":[{"href":"https:\/\/www.radiopiu.net\/wordpress\/wp-json\/wp\/v2\/posts\/302073","targetHints":{"allow":["GET"]}}],"collection":[{"href":"https:\/\/www.radiopiu.net\/wordpress\/wp-json\/wp\/v2\/posts"}],"about":[{"href":"https:\/\/www.radiopiu.net\/wordpress\/wp-json\/wp\/v2\/types\/post"}],"author":[{"embeddable":true,"href":"https:\/\/www.radiopiu.net\/wordpress\/wp-json\/wp\/v2\/users\/4"}],"replies":[{"embeddable":true,"href":"https:\/\/www.radiopiu.net\/wordpress\/wp-json\/wp\/v2\/comments?post=302073"}],"version-history":[{"count":0,"href":"https:\/\/www.radiopiu.net\/wordpress\/wp-json\/wp\/v2\/posts\/302073\/revisions"}],"wp:featuredmedia":[{"embeddable":true,"href":"https:\/\/www.radiopiu.net\/wordpress\/wp-json\/wp\/v2\/media\/302258"}],"wp:attachment":[{"href":"https:\/\/www.radiopiu.net\/wordpress\/wp-json\/wp\/v2\/media?parent=302073"}],"wp:term":[{"taxonomy":"category","embeddable":true,"href":"https:\/\/www.radiopiu.net\/wordpress\/wp-json\/wp\/v2\/categories?post=302073"},{"taxonomy":"post_tag","embeddable":true,"href":"https:\/\/www.radiopiu.net\/wordpress\/wp-json\/wp\/v2\/tags?post=302073"}],"curies":[{"name":"wp","href":"https:\/\/api.w.org\/{rel}","templated":true}]}}