{"id":302079,"date":"2022-10-18T05:59:40","date_gmt":"2022-10-18T03:59:40","guid":{"rendered":"https:\/\/www.radiopiu.net\/wordpress\/?p=302079"},"modified":"2022-10-18T06:19:33","modified_gmt":"2022-10-18T04:19:33","slug":"pugni-al-fratello-psichiatrico-e-la-madre-lo-porta-in-tribunale","status":"publish","type":"post","link":"https:\/\/www.radiopiu.net\/wordpress\/pugni-al-fratello-psichiatrico-e-la-madre-lo-porta-in-tribunale\/","title":{"rendered":"PUGNI AL FRATELLO PSICHIATRICO E LA MADRE LO PORTA IN TRIBUNALE"},"content":{"rendered":"<p><span style=\"color: #ff0000;\">OGGI SUL CORRIERE DELLE ALPI<\/span><\/p>\n<p><img loading=\"lazy\" decoding=\"async\" class=\"alignleft\" src=\"https:\/\/www.radiopiu.net\/wordpress\/wp-content\/uploads\/2021\/09\/tribunale-belluno.jpg\" width=\"230\" height=\"153\" \/><strong>DI GIGI SOSSO<\/strong> Botte, insulti e minacce al fratello con problemi psichiatrici. Rinviato a giudizio per maltrattamenti e lesioni aggravate, G.B.B. (34 anni) ha fatto perdere le proprie tracce e il Tribunale di Belluno non riesce a processarlo. I due vivevano insieme alla madre in una casa di periferia e hanno origini sudamericane. Forse bisognerebbe cercarlo laggi\u00f9. L&#8217;imputato \u00e8 difeso d&#8217;ufficio dall&#8217;avvocato Paolo Serrangeli, che non ha mai avuto occasione di sentirlo via telefono, per concordare la strategia difensiva.Ci sono soltanto la querela della donna che esercita la patria potest\u00e0 del figlio pi\u00f9 giovane e il provvedimento del giudice Angela Feletto, che ha disposto nuove ricerche a cura della polizia giudiziaria e rinviato al prossimo anno.\u00a0 Gli insulti erano molto pi\u00f9 frequenti&#8230; In un giorno d&#8217;estate, si sarebbe verificato l&#8217;episodio pi\u00f9 grave: il futuro imputato l&#8217;avrebbe preso per il collo e stretto con forza, come per strangolarlo. In quell&#8217;occasione il ragazzo \u00e8 stato costretto a rivolgersi al Pronto soccorso dell&#8217;ospedale San Martino di Belluno. Non c&#8217;\u00e8 ancora stata alcuna costituzione di parte civile per l&#8217;ottenimento del risarcimento danni e non potr\u00e0 esserci fino a quando non sar\u00e0 aperto il dibattimento e non saranno prodotte le liste dei testimoni da ascoltare.<\/p>\n<p>&nbsp;<\/p>\n<p><span style=\"color: #ff0000;\">OGGI SUL CORRIERE DELLE ALPI\u00a0<\/span><\/p>\n<blockquote>\n<h3>CADE L&#8217;ACCUSA DI TRUFFA SULL&#8217;AUTO DA 2,5 MILIONI<\/h3>\n<\/blockquote>\n<p><strong>DI GIGI SOSSO<\/strong> L&#8217;appassionato di auto d&#8217;epoca non ha truffato l&#8217;esperto. La macchina in questione era una Maserati Barchetta degli anni 50 del prezzo di due milioni e 430 mila euro, circa cinque miliardi delle vecchie lire. L&#8217;impresario edile bellunese Luigino Grasselli \u00e8 stato assolto con formula piena, perch\u00e9 non esiste il reato di truffa&#8230;Il pm Giada Modena aveva chiesto l&#8217;assoluzione, escludendo l&#8217;aggravante del danno rilevante, mentre i difensori Moretti e De Vecchi hanno smontato pezzo per pezzo la tesi accusatoria.\u00a0 \u00f9<\/p>\n<blockquote>\n<h3><\/h3>\n<h3>FURTO AL NEGOZIO DEI CINESI, PIZZICATI DALLE TELECAMERE<\/h3>\n<\/blockquote>\n<p><strong>AGORDO<\/strong> \u00a0Un&#8217;intera famiglia \u00e8 finita in tribunale: Gualtiero Basso, la compagna Giovanna Henik e la figlia Barbara al condominio la Corte, al negozio dei cinesi, hanno rubato una borsa da sotto la cassa. Le telecamere non mentono, le immagini sono state acquisite dai Carabinieri di Cencenighe. Il trio prepare\u00e0 un&#8217;offerta risarcitoria entro il prossimo febbraio<\/p>\n<p>&nbsp;<\/p>\n<p>&nbsp;<\/p>\n<p>&nbsp;<\/p>\n<hr \/>\n<p>&nbsp;<\/p>\n","protected":false},"excerpt":{"rendered":"<p>OGGI SUL CORRIERE DELLE ALPI DI GIGI SOSSO Botte, insulti e minacce al fratello con problemi psichiatrici. Rinviato a giudizio per maltrattamenti e lesioni aggravate, G.B.B. (34 anni) ha fatto perdere le proprie tracce e il Tribunale di Belluno non riesce a processarlo. I due vivevano insieme alla madre in una casa di periferia e&hellip;<\/p>\n","protected":false},"author":4,"featured_media":232453,"comment_status":"closed","ping_status":"closed","sticky":false,"template":"","format":"standard","meta":{"_monsterinsights_skip_tracking":false,"_monsterinsights_sitenote_active":false,"_monsterinsights_sitenote_note":"","_monsterinsights_sitenote_category":0,"footnotes":""},"categories":[51,49],"tags":[],"class_list":["post-302079","post","type-post","status-publish","format-standard","has-post-thumbnail","hentry","category-evidenza-top","category-news-18","category-51","category-49","description-off"],"img_url":"https:\/\/www.radiopiu.net\/wordpress\/wp-content\/uploads\/2021\/09\/tribunale-belluno.jpg","_links":{"self":[{"href":"https:\/\/www.radiopiu.net\/wordpress\/wp-json\/wp\/v2\/posts\/302079","targetHints":{"allow":["GET"]}}],"collection":[{"href":"https:\/\/www.radiopiu.net\/wordpress\/wp-json\/wp\/v2\/posts"}],"about":[{"href":"https:\/\/www.radiopiu.net\/wordpress\/wp-json\/wp\/v2\/types\/post"}],"author":[{"embeddable":true,"href":"https:\/\/www.radiopiu.net\/wordpress\/wp-json\/wp\/v2\/users\/4"}],"replies":[{"embeddable":true,"href":"https:\/\/www.radiopiu.net\/wordpress\/wp-json\/wp\/v2\/comments?post=302079"}],"version-history":[{"count":0,"href":"https:\/\/www.radiopiu.net\/wordpress\/wp-json\/wp\/v2\/posts\/302079\/revisions"}],"wp:featuredmedia":[{"embeddable":true,"href":"https:\/\/www.radiopiu.net\/wordpress\/wp-json\/wp\/v2\/media\/232453"}],"wp:attachment":[{"href":"https:\/\/www.radiopiu.net\/wordpress\/wp-json\/wp\/v2\/media?parent=302079"}],"wp:term":[{"taxonomy":"category","embeddable":true,"href":"https:\/\/www.radiopiu.net\/wordpress\/wp-json\/wp\/v2\/categories?post=302079"},{"taxonomy":"post_tag","embeddable":true,"href":"https:\/\/www.radiopiu.net\/wordpress\/wp-json\/wp\/v2\/tags?post=302079"}],"curies":[{"name":"wp","href":"https:\/\/api.w.org\/{rel}","templated":true}]}}