{"id":302095,"date":"2022-10-18T05:52:17","date_gmt":"2022-10-18T03:52:17","guid":{"rendered":"https:\/\/www.radiopiu.net\/wordpress\/?p=302095"},"modified":"2022-10-18T17:46:41","modified_gmt":"2022-10-18T15:46:41","slug":"la-migrazione-dal-tirolo-ladino-a-la-valle-agordina-xv-secolo","status":"publish","type":"post","link":"https:\/\/www.radiopiu.net\/wordpress\/la-migrazione-dal-tirolo-ladino-a-la-valle-agordina-xv-secolo\/","title":{"rendered":"LA MIGRAZIONE DAL TIROLO LADINO A LA VALLE AGORDINA (XV\u00b0 SECOLO)"},"content":{"rendered":"<p><strong>\u00a0DI TIZIANO DE COL<\/strong><\/p>\n<p><a class=\"dt-pswp-item\" href=\"https:\/\/www.radiopiu.net\/wordpress\/wp-content\/uploads\/2022\/10\/2-3.jpg\" data-dt-img-description=\"\" data-large_image_width=\"1158\" data-large_image_height=\"1822\"><img loading=\"lazy\" decoding=\"async\" class=\"size-medium wp-image-302097 alignleft\" src=\"https:\/\/www.radiopiu.net\/wordpress\/wp-content\/uploads\/2022\/10\/2-3-191x300.jpg\" alt=\"\" width=\"191\" height=\"300\" srcset=\"https:\/\/www.radiopiu.net\/wordpress\/wp-content\/uploads\/2022\/10\/2-3-191x300.jpg 191w, https:\/\/www.radiopiu.net\/wordpress\/wp-content\/uploads\/2022\/10\/2-3-651x1024.jpg 651w, https:\/\/www.radiopiu.net\/wordpress\/wp-content\/uploads\/2022\/10\/2-3-768x1208.jpg 768w, https:\/\/www.radiopiu.net\/wordpress\/wp-content\/uploads\/2022\/10\/2-3-976x1536.jpg 976w, https:\/\/www.radiopiu.net\/wordpress\/wp-content\/uploads\/2022\/10\/2-3.jpg 1158w\" sizes=\"auto, (max-width: 191px) 100vw, 191px\" \/><\/a><\/p>\n<p>La curiosit\u00e0 accesa dopo la lettura dello studio del grande glottologo G.B. Pellegrini \u201cSchizzo Fonetico dei Dialetti Agordini\u201d, mi spinse a non adagiarmi sulla spiegazione che le \u201csomiglianze\u201d linguistiche tra Livinallongo e La Valle fossero semplicemente, nel caso di La Valle, dovuto all\u2019isolamento geografico che aveva pervaso la vita Lavallese nei corso dei secoli e che avesse permesso si realizzasse a La Valle un\u2019isola di conservazione linguistica, dove Altoveneto (Veneto antico) e Ladino Fodom avessero alternativamente interessato la comunit\u00e0 La Vallese.<\/p>\n<p>La conservazione a La Valle dei dittonghi in ou (moude = mungere), au (cauze= calze), ei (cadeina=catena) cos\u00ec come si riscontrano a Livinallongo e che tanto fanno sorridere gli abitanti dei paesi contermini nella Conca, non si poteva spiegare, a mio avviso, con il solo isolamento della comunit\u00e0 che avesse permesso di conservare, pi\u00f9 che negli altri paesi, tali \u201crelitti\u201d fonetici che resistevano pienamente fino a 50 anni fa ed in parte resistono ancora per abitudine o caparbia di alcuni Lavallesi.<\/p>\n<p>Oltre ai dittonghi si riscontra anche una conservazione di \u201cc\u201d come nel caso di Kazuc \u201d (= berretto) con la c finale \u201cmorbida\u201d oppure come nel pi\u00f9 diffuso Biroc (carretto) sempre con la c finale \u201cmorbida\u201d o come nel caso degli S\u2019ciavin (capelli).<\/p>\n<p>Gli abitanti di Rivamonte, in parte discendenti dai minatori tedeschi tirolesi , deridevano i Lavallesi chiamandoli i \u201cGale\u00ecde da La Val\u201d, dove la Gale\u00ecda era un particolare tipo di recipiente, ma la derisione si basava sulla conservazione Lavallese di \u201cei\u201d (neif) , prevalente nell\u2019 agordino solo a Livinallongo e La Valle. Segno che, probabilmente l\u2019 \u201cei\u201d a Rivamonte, o non era mai stato usato, oppure era stato abbandonato da secoli.<\/p>\n<p>In effetti, a La valle, c\u2019era una frazione Conaggia, che era un\u2019isola conservativa di questa parlata e che , fino al 1888 (Boa di Conaggia) contava circa 400 abitanti. Maggiori informazioni su Conaggia si possono trovare in nostri precedenti articoli:<\/p>\n<p><a href=\"https:\/\/www.radiopiu.net\/wordpress\/la-boa-di-conaggia-del-23-27-aprile-1888-parte-prima\/\">https:\/\/www.radiopiu.net\/wordpress\/la-boa-di-conaggia-del-23-27-aprile-1888-parte-prima\/<\/a><\/p>\n<p><a href=\"https:\/\/www.radiopiu.net\/wordpress\/boa-di-conaggia-23-27-aprile-1888-parte-seconda\/\">https:\/\/www.radiopiu.net\/wordpress\/boa-di-conaggia-23-27-aprile-1888-parte-seconda\/<\/a><\/p>\n<p><a href=\"https:\/\/www.radiopiu.net\/wordpress\/boa-di-conaggia-23-27-aprile-1888-parte-terza-incendio-di-conaggia-del-1914\/\">https:\/\/www.radiopiu.net\/wordpress\/boa-di-conaggia-23-27-aprile-1888-parte-terza-incendio-di-conaggia-del-1914\/<\/a><\/p>\n<p>Conaggia, detta Con\u00e0ia in lingua locale, si riscontra scritta anche come Conagia o anticamente Conagla. Singolare il fatto che a Livinallongo il caglio si chiami Conagle e che a La Valle si chiami ancora Conaio.<\/p>\n<p>Come ben si sa, Livinallongo \u00e8 sempre stata terra nota, nei secoli passati, come luogo con una economia prevalentemente basata sull\u2019allevamento, anche di buoi, che poi venivano commerciati nel resto dell\u2019 Agordino. La Valle \u00e8 la parte del territorio di Sottochiusa (di Listolade) che ha le pi\u00f9 ampie zone che al tempo si prestavano all\u2019 agricoltura, all\u2019allevamento, ai frutteti.<\/p>\n<p>Leggendo la pubblicazione \u201cCognomi Agordini\u201d scritta dal dott. Tomasi e dall\u2019amico scomparso Tito De Nardin (con il quale avevo collaborato ad un\u2019altra sua pubblicazione \u201cNomi di Luogo della Conca Agordina), riscontrai due Cognomi tipici della frazione di Conaggia che si erano \u201cformati\u201d in quel luogo, ossia De Zaiacomo e Dell\u2019Osbel. Il primo, De Zaiacomo aveva come <i>capostipite \u201cIacun de Nevinallongo che sta maser a Conacla\u201d <\/i>il quale si stabil\u00ec a Conaggia probabilmente nella prima met\u00e0 del 1400. Il secondo, Dell\u2019 Osbel , \u00e8 documentato a Conaggia dai primi del 1500 con il capostipite \u201c<i>Losbol todesco\u201d, <\/i>si tratta quindi di una antica famiglia di origine tedesca, arrivata nella frazione agricola di Conagla per motivazioni sicuramente diverse dai Knapen tedeschi che erano presenti a Rivamonte come minatori. Il nome di casato degli Osboi perdur\u00f2 fino agli anni \u201950 del secolo scorso e l\u2019ultimo che port\u00f2 tale nome di casato era il Bepi Osbol , il quale abitava in una delle ultime case della frazione ed aveva resistito sia alla Boa del 1888 che all\u2019 incendio del 1914 il quale distrusse la quasi totalit\u00e0 della frazione. I due citati Cognomi, soprattutto il De Zaiacomo, ebbero ampia diffusione nella frazione di Conaggia e , fino a circa 20 anni fa , intere famiglie di Conaggia utilizzavano ancora pienamente l\u2019antica parlata. . Il due Cognomi sono ancora ampiamente presenti a Conaggia e a La Valle, poi si sono diffusi anche in altri paesi Agordini, nonch\u00e9 nel bellunese e in altre province venete.<\/p>\n<p>Come mai da Livinallongo o comunque dal Tirolo Ladino verso La Valle ? Forse per un antico legame o conoscenza che da secoli legavano Fodom con il paese dei Teck ? (Sull\u2019origine del termine Teck scriveremo prossimamente) Forse un filo legava i filo-Imperiali Teck con i Fodomi , tanto che una studiosa di storia locale, Carmela Rochi, definiva i Lavallesi come \u201cTodesk\u201d ?<\/p>\n<p>Consigliamo la lettura di un altro nostro scritto :<\/p>\n<p><a href=\"https:\/\/www.radiopiu.net\/wordpress\/dal-1200-allinizio-del-1400-ghibellini-a-la-valle-agordina-la-leggenda-di-federico-barbarossa-al-casal-di-cugnago\/\">https:\/\/www.radiopiu.net\/wordpress\/dal-1200-allinizio-del-1400-ghibellini-a-la-valle-agordina-la-leggenda-di-federico-barbarossa-al-casal-di-cugnago\/<\/a><\/p>\n<p>Merita di essere riportata anche un\u2019altra curiosit\u00e0 affine a quanto fin qui scritto. Esiste a La Valle una localit\u00e0, abbastanza vasta, recondita, di media montagna, soleggiata, chiamata Darost, che, al tempo, avrebbe potuto ospitare un maso , sita nelle pertinenze di Conaggia. L\u2019interpretazione semplicistica paesana riconduceva l\u2019origine del toponimo a qualcosa di \u201carrostito\u201d \u2026\u2026 Leggendo per\u00f2 la pubblicazione di Isidoro Vallazza \u201cLivinallongo \u2013 Memorie Storiche e Geografiche\u201d riscontriamo, a pag 106 l\u2019esistenza di tale Giovanni Da Rost, di Marebbe, il quale fu imprigionato insieme al figlio, senza motivo di sorta, nella prima met\u00e0 del 1400, nel Castello di Andraz, dal castellano <i>Giovanni Mordace carinziano di Potendorf. <\/i>Il Da Rost fu poi liberato dopo un anno di prigionia e abbiamo ragione di credere che avesse buoni motivi per allontanarsi in fretta da quel territorio. Venne anche lui , Ladino di Marebbe , a Conagla di La Valle Agordina ? Se non lui, vennero a La Valle altri Marebbani col cognome Da Rost ? Non abbiamo (ancora) riscontri sul cognome Da Rost a La Valle Agordina, ma il nome della localit\u00e0 \u00e8 sintomatico. Altri Marebbani, cos\u00ec come altre persone di Livinallongo furono, in quel tempo, vessati dal Mordace. Buona parte della localit\u00e0 di Darost , ora \u00e8 di propriet\u00e0 di una o pi\u00f9 famiglie di cognome De Cassan. Anche questo cognome, molto diffuso in Tirolo ed a Rocca Pietore, si \u00e8 radicato a Conaggia verso la fine del 1400. Il capostipite \u00e8 documentato , sempre da De Nardin e Tomasi, nel 1486 col nome di Casanus de La Val e successivamente, nel 1499 con Andrea de Cassan documentato anche nel 1507 come Andrea de Cassan da Conagla. E ritroviamo Conaggia, con un altro probabile innesto Tirolese o Rocchesano\/Lastesano, considerato che il culto di San Cassiano, (Cassano) non era radicato in quel di Conaggia o di La Valle e quindi difficilmente, a mio avviso, il nome Cassano poteva aver avuto origine in loco.<\/p>\n<p>Altra singolare somiglianza tra Livinallongo e La Valle: A La Valle ,i fienili all\u2019interno del paese sono chiamati \u201cTalv\u00e0\u201d e le baite-fienili di montagna erano e sono chiamate \u201cScofe\u201d, dal tedesco altomedievale \u201cSkupfe\u201d, che significava tettoia-fienile. Il termine \u201cScofa\u201d si riscontra solo a La Valle e ultimamente lo ho riscontrato in Fodom , dove una localit\u00e0 porta ancora il nome di \u201cPian da Scofe\u201d e le persone Fodome che me ne avevano accennato non conoscevano l\u2019origine del termine, non essendoci pi\u00f9 alcuna antica \u201cScofa\u201d in loco. Anche a Rocca ho avuto ultimamente notizia di un toponimo \u201c Ciamp de Pr\u00e8 de Scofa\u201d in localit\u00e0 Bosco Verde chiamato comunemente \u201cPr\u00e8 de Scofa\u201d, segnalatomi dagli amici Rocchesani Sandro De Bernardin e Maurizio De Cassan; neanche loro conoscevano il significato della termine Scofa.<\/p>\n<p>&nbsp;<\/p>\n","protected":false},"excerpt":{"rendered":"<p>\u00a0DI TIZIANO DE COL La curiosit\u00e0 accesa dopo la lettura dello studio del grande glottologo G.B. Pellegrini \u201cSchizzo Fonetico dei Dialetti Agordini\u201d, mi spinse a non adagiarmi sulla spiegazione che le \u201csomiglianze\u201d linguistiche tra Livinallongo e La Valle fossero semplicemente, nel caso di La Valle, dovuto all\u2019isolamento geografico che aveva pervaso la vita Lavallese nei&hellip;<\/p>\n","protected":false},"author":4,"featured_media":302096,"comment_status":"closed","ping_status":"closed","sticky":false,"template":"","format":"standard","meta":{"_monsterinsights_skip_tracking":false,"_monsterinsights_sitenote_active":false,"_monsterinsights_sitenote_note":"","_monsterinsights_sitenote_category":0,"footnotes":""},"categories":[104,49],"tags":[],"class_list":["post-302095","post","type-post","status-publish","format-standard","has-post-thumbnail","hentry","category-evidenza_3","category-news-18","category-104","category-49","description-off"],"img_url":"https:\/\/www.radiopiu.net\/wordpress\/wp-content\/uploads\/2022\/10\/Senza-nome-41.jpg","_links":{"self":[{"href":"https:\/\/www.radiopiu.net\/wordpress\/wp-json\/wp\/v2\/posts\/302095","targetHints":{"allow":["GET"]}}],"collection":[{"href":"https:\/\/www.radiopiu.net\/wordpress\/wp-json\/wp\/v2\/posts"}],"about":[{"href":"https:\/\/www.radiopiu.net\/wordpress\/wp-json\/wp\/v2\/types\/post"}],"author":[{"embeddable":true,"href":"https:\/\/www.radiopiu.net\/wordpress\/wp-json\/wp\/v2\/users\/4"}],"replies":[{"embeddable":true,"href":"https:\/\/www.radiopiu.net\/wordpress\/wp-json\/wp\/v2\/comments?post=302095"}],"version-history":[{"count":0,"href":"https:\/\/www.radiopiu.net\/wordpress\/wp-json\/wp\/v2\/posts\/302095\/revisions"}],"wp:featuredmedia":[{"embeddable":true,"href":"https:\/\/www.radiopiu.net\/wordpress\/wp-json\/wp\/v2\/media\/302096"}],"wp:attachment":[{"href":"https:\/\/www.radiopiu.net\/wordpress\/wp-json\/wp\/v2\/media?parent=302095"}],"wp:term":[{"taxonomy":"category","embeddable":true,"href":"https:\/\/www.radiopiu.net\/wordpress\/wp-json\/wp\/v2\/categories?post=302095"},{"taxonomy":"post_tag","embeddable":true,"href":"https:\/\/www.radiopiu.net\/wordpress\/wp-json\/wp\/v2\/tags?post=302095"}],"curies":[{"name":"wp","href":"https:\/\/api.w.org\/{rel}","templated":true}]}}