{"id":302119,"date":"2022-10-18T10:27:13","date_gmt":"2022-10-18T08:27:13","guid":{"rendered":"https:\/\/www.radiopiu.net\/wordpress\/?p=302119"},"modified":"2022-10-18T10:29:42","modified_gmt":"2022-10-18T08:29:42","slug":"mancato-rientro-ragazzo","status":"publish","type":"post","link":"https:\/\/www.radiopiu.net\/wordpress\/mancato-rientro-ragazzo\/","title":{"rendered":"MANCATO RIENTRO, RAGAZZO RITROVATO AL BIVACCO PERUGINI"},"content":{"rendered":"<p><strong><a class=\"dt-pswp-item\" href=\"https:\/\/www.radiopiu.net\/wordpress\/wp-content\/uploads\/2022\/10\/salt_20221018_081910_453.jpg\" data-dt-img-description=\"\" data-large_image_width=\"1773\" data-large_image_height=\"2364\"><img loading=\"lazy\" decoding=\"async\" class=\"size-medium wp-image-302121 alignleft\" src=\"https:\/\/www.radiopiu.net\/wordpress\/wp-content\/uploads\/2022\/10\/salt_20221018_081910_453-225x300.jpg\" alt=\"\" width=\"225\" height=\"300\" srcset=\"https:\/\/www.radiopiu.net\/wordpress\/wp-content\/uploads\/2022\/10\/salt_20221018_081910_453-225x300.jpg 225w, https:\/\/www.radiopiu.net\/wordpress\/wp-content\/uploads\/2022\/10\/salt_20221018_081910_453-768x1024.jpg 768w, https:\/\/www.radiopiu.net\/wordpress\/wp-content\/uploads\/2022\/10\/salt_20221018_081910_453-1152x1536.jpg 1152w, https:\/\/www.radiopiu.net\/wordpress\/wp-content\/uploads\/2022\/10\/salt_20221018_081910_453-1536x2048.jpg 1536w, https:\/\/www.radiopiu.net\/wordpress\/wp-content\/uploads\/2022\/10\/salt_20221018_081910_453.jpg 1773w\" sizes=\"auto, (max-width: 225px) 100vw, 225px\" \/><\/a>DOMEGGE DI CADORE\u00a0<\/strong> Non rientra da un&#8217;escursione tra Forcella Segnata e Forcella Montanaia, 33enne trevigiano ritrovato nella notte al Bivacco Perugini. Un intervento notturno ha impegnato tutta la notte le squadre del Soccorso alpino del Centro Cadore, della Valcellina, della Guardia di finanza, con il supporto dei Vigili del fuoco, dopo la chiamata al 118, attorno alle 23, da parte del padre di un escursionista, preoccupato perch\u00e9 il figlio non era tornato da una camminata sugli Spalti di Toro e non era raggiungibile al telefono. L&#8217;uomo aveva avuto l&#8217;ultimo contatto con il figlio alle 13.20 circa, tramite un messaggio in cui gli aveva comunicato che l&#8217;itinerario che avrebbe seguito era da Domegge verso il Rifugio Padova e poi lungo i sentieri 346 e 342, il bivio 353 verso forcella Montanaia fino al Bivacco Perugini, la risalita a Forcella Segnata e discesa al Rifugio Padova per il sentiero 357. Con l&#8217;aiuto dei Carabinieri si \u00e8 cercata l&#8217;ultima cella telefonica agganciata, che si \u00e8 poi scoperto essere quella di Pozzale di Cadore, che si aggancia dalla zona di Forcella Montanaia. A\u00a0 quel punto si sono attivate sia le squadre di terra del Veneto che quelle del Friuli per perlustrare a piedi i due versanti della forcella e nel contempo \u00e8 arrivato l&#8217;elicottero dal Trentino Alto Adige abilitato al volo notturno per una perlustrazione a partire dal Rifugio Padova. L&#8217;escursionista \u00e8 stato ritrovato dalle squadre dei soccorritori sul versante friulano al Bivacco Perugini intorno alle tre e trenta ed \u00e8 rientrato a piedi assieme a loro verso il rifugio Pordenone e quindi a Cimolais, dove \u00e8 stato consegnato al padre. Le squadre sono rientrate alle 6.<\/p>\n<p>&nbsp;<\/p>\n<p>&nbsp;<\/p>\n<hr \/>\n<p>&nbsp;<\/p>\n","protected":false},"excerpt":{"rendered":"<p>DOMEGGE DI CADORE\u00a0 Non rientra da un&#8217;escursione tra Forcella Segnata e Forcella Montanaia, 33enne trevigiano ritrovato nella notte al Bivacco Perugini. Un intervento notturno ha impegnato tutta la notte le squadre del Soccorso alpino del Centro Cadore, della Valcellina, della Guardia di finanza, con il supporto dei Vigili del fuoco, dopo la chiamata al 118,&hellip;<\/p>\n","protected":false},"author":4,"featured_media":302120,"comment_status":"closed","ping_status":"closed","sticky":false,"template":"","format":"standard","meta":{"_monsterinsights_skip_tracking":false,"_monsterinsights_sitenote_active":false,"_monsterinsights_sitenote_note":"","_monsterinsights_sitenote_category":0,"footnotes":""},"categories":[51,49],"tags":[],"class_list":["post-302119","post","type-post","status-publish","format-standard","has-post-thumbnail","hentry","category-evidenza-top","category-news-18","category-51","category-49","description-off"],"img_url":"https:\/\/www.radiopiu.net\/wordpress\/wp-content\/uploads\/2022\/10\/salt_20221018_081836_551.jpg","_links":{"self":[{"href":"https:\/\/www.radiopiu.net\/wordpress\/wp-json\/wp\/v2\/posts\/302119","targetHints":{"allow":["GET"]}}],"collection":[{"href":"https:\/\/www.radiopiu.net\/wordpress\/wp-json\/wp\/v2\/posts"}],"about":[{"href":"https:\/\/www.radiopiu.net\/wordpress\/wp-json\/wp\/v2\/types\/post"}],"author":[{"embeddable":true,"href":"https:\/\/www.radiopiu.net\/wordpress\/wp-json\/wp\/v2\/users\/4"}],"replies":[{"embeddable":true,"href":"https:\/\/www.radiopiu.net\/wordpress\/wp-json\/wp\/v2\/comments?post=302119"}],"version-history":[{"count":0,"href":"https:\/\/www.radiopiu.net\/wordpress\/wp-json\/wp\/v2\/posts\/302119\/revisions"}],"wp:featuredmedia":[{"embeddable":true,"href":"https:\/\/www.radiopiu.net\/wordpress\/wp-json\/wp\/v2\/media\/302120"}],"wp:attachment":[{"href":"https:\/\/www.radiopiu.net\/wordpress\/wp-json\/wp\/v2\/media?parent=302119"}],"wp:term":[{"taxonomy":"category","embeddable":true,"href":"https:\/\/www.radiopiu.net\/wordpress\/wp-json\/wp\/v2\/categories?post=302119"},{"taxonomy":"post_tag","embeddable":true,"href":"https:\/\/www.radiopiu.net\/wordpress\/wp-json\/wp\/v2\/tags?post=302119"}],"curies":[{"name":"wp","href":"https:\/\/api.w.org\/{rel}","templated":true}]}}