{"id":302126,"date":"2022-10-18T23:59:46","date_gmt":"2022-10-18T21:59:46","guid":{"rendered":"https:\/\/www.radiopiu.net\/wordpress\/?p=302126"},"modified":"2022-10-18T13:18:59","modified_gmt":"2022-10-18T11:18:59","slug":"vedova-a-26-anni-con-quattro-figli-la-beza-fu-sinonimo-di-osteria-e-tabacchi-a-codissago","status":"publish","type":"post","link":"https:\/\/www.radiopiu.net\/wordpress\/vedova-a-26-anni-con-quattro-figli-la-beza-fu-sinonimo-di-osteria-e-tabacchi-a-codissago\/","title":{"rendered":"VEDOVA A 26 ANNI, CON QUATTRO FIGLI, LA \u201cBEZA\u201d FU SINONIMO DI OSTERIA E TABACCHI A CODISSAGO"},"content":{"rendered":"<p><strong>DI RENATO BONA<\/strong><\/p>\n<p>\u201cNel libro di Elda Deon Cardin \u201cIl lavoro nelle Valli del Piave e del Vajont prima del 9 ottobre 1963\u201d c\u2019\u00e8 anche il capitolo dedicato alle attivit\u00e0 commerciali, ed \u00e8 quello sul quale ci soffermiamo oggi, fra l\u2019altro riportando un commento di Giovanni Larese che ha dato all\u2019autrice il suo prezioso contributo regalando \u201cUn po\u2019 di luce sul tessuto economico longaronese prima del Vajont\u201d. Ecco Larese:\u2026 Bene ha fatto Elda a non passare in rassegna soltanto le industrie locali ma a mettere anche in luce una fitta rete di attivit\u00e0 artigiane e commerciali tipiche (penso agli scalpellini, ai teleferisti e agli zattieri) soffermandosi sul sistema ospitalit\u00e0 (notevole in quella terra di passaggio \u00e8 sempre stata la presenza di osterie ed alberghi) ricordando altres\u00ec alcune persone caratteristiche della vecchia Longarone\u201d. Inevitabilmente ma con grande piacere riproponiamo dunque l\u2019immagine di gruppo (foto Bruto Recalchi, collezione Umberto Olivier) di Eloisa Bez \u201cla B\u00e8za\u201d con i suoi figli: Oddone, Sofia, Dante ed Aldo, che a Codissago, per mezzo secolo, era sinonimo di osteria e tabacchi. Un autentico personaggio la longaronese, classe 1887, che a 29 anni si ritrov\u00f2 vedova con quattro orfani, il maggiore di soli sei anni! dato che il marito, Umberto Olivier \u201cTofol\u00f3n\u201d, combattente della Grande Guerra, era caduto sull\u2019Ortigara. Sempre secondo il racconto fornito da Umberto Olivier, \u201cfu eroica nel duplice dovere di madre e di padre. Crebbe coraggiosamente i suoi figli. Li avvi\u00f2 allo studio\u2026 La tragedia familiare la costrinse in prima persona al ruolo di \u2018ostessa\u2019 (come testimonia il documento che proponiamo col quale dichiara per la Camera di commercio e industria di Belluno di \u201ccondurre in proprio l\u2019esercizio per la vendita di vino, birra e liquori\u201d. E aggiunge un\u2019altra pagina di storia della \u201cB\u00e8za\u201d: \u201c\u2026 Alla fine la liberazione del 25 aprile 1945 \u00e8 la liberazione dalla morte, dalle paure, dalle sofferenze insopportabili. E\u2019 soprattutto la liberazione delle rinnovate energie che alimentano la voglia di vivere, di ricostruire. E i giovani che nelle sere di maggio sciamano verso la villa e i giardini di Malcolm cantando, sono il simbolo di questa vitalit\u00e0 ritrovata. Le fabbriche in loco si riattivano, la pur dura emigrazione ha i momenti consolanti nei ritorni a casa per le sagre agostane e per il Natale quando la \u2018B\u00e8za\u2019, ottima cuoca, prepara la trippa in brodo per chi torna dal \u2018matut\u00ecn\u2019: la messa natalizia di mezzanotte, celebrata nella chiesa pievana di Castellavazzo\u201d. Il tempo passa e la nostra fa spazio al figlio Dante pur se \u00e8 sempre lei al mattino ad aprire l\u2019osteria. Il 9 ottobre 1963 il Vajont la priva del figlio Aldo e della sua famiglia, del fratello Tita con figli e nipoti: Eloisa Bez \u00e8 sempre indomita ed \u00e8 lei a sostenere e incoraggiare tutti. Seppe giungere alla veneranda et\u00e0 di 92 anni \u201ccon curiosit\u00e0 e amore alla vita, alimentando relazioni personali ed epistolari, coltivando i fiori della sua terrazza cucinando eccellenti piatti per i nipoti che l\u2019ascoltavano con venerazione\u201d. Chiudiamo questo servizio offrendo a chi ci segue la visione di altre immagini: quella della via Roma di Longarone con, in fondo a destra, all\u2019angolo, il laboratorio di gelateria di Arcangelo Scussel (foto P. Breveglieri, viaggiata 23 novembre 1915, collezione Elda Deon Cardin); quella che riproduce il documento comprovante l\u2019esistenza dell\u2019attivit\u00e0 di Arcangelo Scussel a Longarone nel 1937; quella (anni \u201830, collezione Circolo fotografico Bruto Recalchi) che mostra un momento della Festa di Sant\u2019Antonio al Colomber del 13 giugno con, a sinistra, Scussel col suo \u2018caret\u00ecn\u2019 dei gelati; quindi quella del \u201cCaff\u00e8 Minerva\u201d rinomata pasticceria e gelateria con posto telefonico pubblico, gestita dal signor Caldera; sulla sinistra la saletta battezzata \u2018la littorina\u2019 per la felice sistemazione dei posti a sedere (foto anni \u201850, collezione Laura Nicola); e da ultimo quella che ci mostra il \u201cCaff\u00e8 Gonzaga\u201d nell\u2019omonima piazza (collezione Elda Deon Cardin). Il capitolo si conclude con la pagina che riporta l\u2019elenco dei \u201cBar della vecchia Longarone\u201d (17 oltre alla cantina di Piero P\u00f2te, per la vendita di vino per esportazione in viale della Stazione, dove gli abituali avventori si spillavano l\u2019\u201combretta\u201d direttamente dalla botte) e quella con l\u2019elenco dei sedici \u201cBar dei vecchi borghi di Erto e Casso\u201d.<\/p>\n\n\t\t\t<style type='text\/css'>\n\t\t\t\t#gallery-1 {\n\t\t\t\t\tmargin: auto;\n\t\t\t\t}\n\t\t\t\t#gallery-1 .gallery-item {\n\t\t\t\t\tfloat: left;\n\t\t\t\t\tmargin-top: 10px;\n\t\t\t\t\ttext-align: center;\n\t\t\t\t\twidth: 25%;\n\t\t\t\t}\n\t\t\t\t#gallery-1 img {\n\t\t\t\t\tborder: 2px solid #cfcfcf;\n\t\t\t\t}\n\t\t\t\t#gallery-1 .gallery-caption {\n\t\t\t\t\tmargin-left: 0;\n\t\t\t\t}\n\t\t\t\t\/* see gallery_shortcode() in wp-includes\/media.php *\/\n\t\t\t<\/style>\n\t\t<div id='gallery-1' class='dt-gallery-container gallery galleryid-302126 gallery-columns-4 gallery-size-thumbnail'><dl class='gallery-item'>\n\t\t\t\t<dt class='gallery-icon landscape'>\n\t\t\t\t\t<a class=\"rollover rollover-zoom dt-pswp-item\" title=\"309239693_430384459176108_4798767342714066812_n\" data-dt-img-description=\"\" data-large_image_width=\"296\" data-large_image_height=\"201\"href='https:\/\/www.radiopiu.net\/wordpress\/wp-content\/uploads\/2022\/10\/309239693_430384459176108_4798767342714066812_n.jpg'><img loading=\"lazy\" decoding=\"async\" width=\"150\" height=\"150\" src=\"https:\/\/www.radiopiu.net\/wordpress\/wp-content\/uploads\/2022\/10\/309239693_430384459176108_4798767342714066812_n-150x150.jpg\" class=\"attachment-thumbnail size-thumbnail\" alt=\"\" \/><\/a>\n\t\t\t\t<\/dt><\/dl><dl class='gallery-item'>\n\t\t\t\t<dt class='gallery-icon landscape'>\n\t\t\t\t\t<a class=\"rollover rollover-zoom dt-pswp-item\" title=\"312108935_2261763867318959_1270485133189497688_n\" data-dt-img-description=\"\" data-large_image_width=\"320\" data-large_image_height=\"201\"href='https:\/\/www.radiopiu.net\/wordpress\/wp-content\/uploads\/2022\/10\/312108935_2261763867318959_1270485133189497688_n.jpg'><img loading=\"lazy\" decoding=\"async\" width=\"150\" height=\"150\" src=\"https:\/\/www.radiopiu.net\/wordpress\/wp-content\/uploads\/2022\/10\/312108935_2261763867318959_1270485133189497688_n-150x150.jpg\" class=\"attachment-thumbnail size-thumbnail\" alt=\"\" \/><\/a>\n\t\t\t\t<\/dt><\/dl><dl class='gallery-item'>\n\t\t\t\t<dt class='gallery-icon portrait'>\n\t\t\t\t\t<a class=\"rollover rollover-zoom dt-pswp-item\" title=\"311952547_1311472839620995_7539143898437564686_n\" data-dt-img-description=\"\" data-large_image_width=\"196\" data-large_image_height=\"206\"href='https:\/\/www.radiopiu.net\/wordpress\/wp-content\/uploads\/2022\/10\/311952547_1311472839620995_7539143898437564686_n.jpg'><img loading=\"lazy\" decoding=\"async\" width=\"150\" height=\"150\" src=\"https:\/\/www.radiopiu.net\/wordpress\/wp-content\/uploads\/2022\/10\/311952547_1311472839620995_7539143898437564686_n-150x150.jpg\" class=\"attachment-thumbnail size-thumbnail\" alt=\"\" \/><\/a>\n\t\t\t\t<\/dt><\/dl><dl class='gallery-item'>\n\t\t\t\t<dt class='gallery-icon landscape'>\n\t\t\t\t\t<a class=\"rollover rollover-zoom dt-pswp-item\" title=\"311979520_1258967444885429_8217614994950759107_n\" data-dt-img-description=\"\" data-large_image_width=\"365\" data-large_image_height=\"206\"href='https:\/\/www.radiopiu.net\/wordpress\/wp-content\/uploads\/2022\/10\/311979520_1258967444885429_8217614994950759107_n.jpg'><img loading=\"lazy\" decoding=\"async\" width=\"150\" height=\"150\" src=\"https:\/\/www.radiopiu.net\/wordpress\/wp-content\/uploads\/2022\/10\/311979520_1258967444885429_8217614994950759107_n-150x150.jpg\" class=\"attachment-thumbnail size-thumbnail\" alt=\"\" \/><\/a>\n\t\t\t\t<\/dt><\/dl><br style=\"clear: both\" \/><dl class='gallery-item'>\n\t\t\t\t<dt class='gallery-icon portrait'>\n\t\t\t\t\t<a class=\"rollover rollover-zoom dt-pswp-item\" title=\"310966142_1174453720144340_1029219653561054865_n\" data-dt-img-description=\"\" data-large_image_width=\"156\" data-large_image_height=\"206\"href='https:\/\/www.radiopiu.net\/wordpress\/wp-content\/uploads\/2022\/10\/310966142_1174453720144340_1029219653561054865_n.jpg'><img loading=\"lazy\" decoding=\"async\" width=\"150\" height=\"150\" src=\"https:\/\/www.radiopiu.net\/wordpress\/wp-content\/uploads\/2022\/10\/310966142_1174453720144340_1029219653561054865_n-150x150.jpg\" class=\"attachment-thumbnail size-thumbnail\" alt=\"\" \/><\/a>\n\t\t\t\t<\/dt><\/dl><dl class='gallery-item'>\n\t\t\t\t<dt class='gallery-icon portrait'>\n\t\t\t\t\t<a class=\"rollover rollover-zoom dt-pswp-item\" title=\"311996662_870700577255828_9085273411799222941_n\" data-dt-img-description=\"\" data-large_image_width=\"157\" data-large_image_height=\"206\"href='https:\/\/www.radiopiu.net\/wordpress\/wp-content\/uploads\/2022\/10\/311996662_870700577255828_9085273411799222941_n.jpg'><img loading=\"lazy\" decoding=\"async\" width=\"150\" height=\"150\" src=\"https:\/\/www.radiopiu.net\/wordpress\/wp-content\/uploads\/2022\/10\/311996662_870700577255828_9085273411799222941_n-150x150.jpg\" class=\"attachment-thumbnail size-thumbnail\" alt=\"\" \/><\/a>\n\t\t\t\t<\/dt><\/dl><dl class='gallery-item'>\n\t\t\t\t<dt class='gallery-icon landscape'>\n\t\t\t\t\t<a class=\"rollover rollover-zoom dt-pswp-item\" title=\"312003667_650176196485149_981821090968251785_n\" data-dt-img-description=\"\" data-large_image_width=\"261\" data-large_image_height=\"202\"href='https:\/\/www.radiopiu.net\/wordpress\/wp-content\/uploads\/2022\/10\/312003667_650176196485149_981821090968251785_n.jpg'><img loading=\"lazy\" decoding=\"async\" width=\"150\" height=\"150\" src=\"https:\/\/www.radiopiu.net\/wordpress\/wp-content\/uploads\/2022\/10\/312003667_650176196485149_981821090968251785_n-150x150.jpg\" class=\"attachment-thumbnail size-thumbnail\" alt=\"\" \/><\/a>\n\t\t\t\t<\/dt><\/dl>\n\t\t\t\t<br style='clear: both' \/>\n\t\t\t<\/div>\n\n<p>&nbsp;<\/p>\n<p>___<\/p>\n","protected":false},"excerpt":{"rendered":"<p>DI RENATO BONA \u201cNel libro di Elda Deon Cardin \u201cIl lavoro nelle Valli del Piave e del Vajont prima del 9 ottobre 1963\u201d c\u2019\u00e8 anche il capitolo dedicato alle attivit\u00e0 commerciali, ed \u00e8 quello sul quale ci soffermiamo oggi, fra l\u2019altro riportando un commento di Giovanni Larese che ha dato all\u2019autrice il suo prezioso contributo&hellip;<\/p>\n","protected":false},"author":4,"featured_media":302130,"comment_status":"closed","ping_status":"closed","sticky":false,"template":"","format":"standard","meta":{"_monsterinsights_skip_tracking":false,"_monsterinsights_sitenote_active":false,"_monsterinsights_sitenote_note":"","_monsterinsights_sitenote_category":0,"footnotes":""},"categories":[104,49],"tags":[],"class_list":["post-302126","post","type-post","status-publish","format-standard","has-post-thumbnail","hentry","category-evidenza_3","category-news-18","category-104","category-49","description-off"],"img_url":"https:\/\/www.radiopiu.net\/wordpress\/wp-content\/uploads\/2022\/10\/311979520_1258967444885429_8217614994950759107_n.jpg","_links":{"self":[{"href":"https:\/\/www.radiopiu.net\/wordpress\/wp-json\/wp\/v2\/posts\/302126","targetHints":{"allow":["GET"]}}],"collection":[{"href":"https:\/\/www.radiopiu.net\/wordpress\/wp-json\/wp\/v2\/posts"}],"about":[{"href":"https:\/\/www.radiopiu.net\/wordpress\/wp-json\/wp\/v2\/types\/post"}],"author":[{"embeddable":true,"href":"https:\/\/www.radiopiu.net\/wordpress\/wp-json\/wp\/v2\/users\/4"}],"replies":[{"embeddable":true,"href":"https:\/\/www.radiopiu.net\/wordpress\/wp-json\/wp\/v2\/comments?post=302126"}],"version-history":[{"count":0,"href":"https:\/\/www.radiopiu.net\/wordpress\/wp-json\/wp\/v2\/posts\/302126\/revisions"}],"wp:featuredmedia":[{"embeddable":true,"href":"https:\/\/www.radiopiu.net\/wordpress\/wp-json\/wp\/v2\/media\/302130"}],"wp:attachment":[{"href":"https:\/\/www.radiopiu.net\/wordpress\/wp-json\/wp\/v2\/media?parent=302126"}],"wp:term":[{"taxonomy":"category","embeddable":true,"href":"https:\/\/www.radiopiu.net\/wordpress\/wp-json\/wp\/v2\/categories?post=302126"},{"taxonomy":"post_tag","embeddable":true,"href":"https:\/\/www.radiopiu.net\/wordpress\/wp-json\/wp\/v2\/tags?post=302126"}],"curies":[{"name":"wp","href":"https:\/\/api.w.org\/{rel}","templated":true}]}}