{"id":302137,"date":"2022-10-18T14:42:40","date_gmt":"2022-10-18T12:42:40","guid":{"rendered":"https:\/\/www.radiopiu.net\/wordpress\/?p=302137"},"modified":"2022-10-19T06:34:21","modified_gmt":"2022-10-19T04:34:21","slug":"studentessa-in-erba-ottimismo-per-il-futuro","status":"publish","type":"post","link":"https:\/\/www.radiopiu.net\/wordpress\/studentessa-in-erba-ottimismo-per-il-futuro\/","title":{"rendered":"STUDENTESSA IN &#8220;ERBA&#8221; OTTIMISMO PER IL FUTURO"},"content":{"rendered":"<p><a class=\"dt-pswp-item\" href=\"https:\/\/www.radiopiu.net\/wordpress\/wp-content\/uploads\/2022\/10\/Senza-nome-43.jpg\" data-dt-img-description=\"\" data-large_image_width=\"386\" data-large_image_height=\"375\"><img loading=\"lazy\" decoding=\"async\" class=\" wp-image-302138 alignleft\" src=\"https:\/\/www.radiopiu.net\/wordpress\/wp-content\/uploads\/2022\/10\/Senza-nome-43-300x291.jpg\" alt=\"\" width=\"221\" height=\"214\" srcset=\"https:\/\/www.radiopiu.net\/wordpress\/wp-content\/uploads\/2022\/10\/Senza-nome-43-300x291.jpg 300w, https:\/\/www.radiopiu.net\/wordpress\/wp-content\/uploads\/2022\/10\/Senza-nome-43.jpg 386w\" sizes=\"auto, (max-width: 221px) 100vw, 221px\" \/><\/a>REDAZIONE Niente di pi\u00f9 bello nel dare una notizia come questa, mentre i grandi deludono, mentre i Governi deludono, c&#8217;\u00e8 chi al contrario raccoglie consensi e risultati. Parliamo di giovani, studenti meritevoli, premiati, un invito\u00a0 aguardare al futuro con maggiore ottimismo. Agnese ad esempio, Agnese Martini una giovane studentessa e allevatrice del Comelico Superiore, attaccata al progresso e alle tradizioni. Agnese ha ricevuto un riconoscimento speciale dal dottor Ermacora per aver presentato al termine di un percorso scolastico speciale e formativo una tesi su Bayern Genetik. Complimenti Agnese, da una provincia orgogliosa di questi risultati.<br \/>\nFoto Mendoza.<\/p>\n<p>&nbsp;<\/p>\n<p><em><a class=\"dt-pswp-item\" href=\"https:\/\/www.radiopiu.net\/wordpress\/wp-content\/uploads\/2022\/10\/310983470_5705274799523461_3569296081567701068_n.jpg\" data-dt-img-description=\"\" data-large_image_width=\"592\" data-large_image_height=\"395\"><img loading=\"lazy\" decoding=\"async\" class=\"wp-image-302139 alignleft\" src=\"https:\/\/www.radiopiu.net\/wordpress\/wp-content\/uploads\/2022\/10\/310983470_5705274799523461_3569296081567701068_n-300x200.jpg\" alt=\"\" width=\"218\" height=\"145\" srcset=\"https:\/\/www.radiopiu.net\/wordpress\/wp-content\/uploads\/2022\/10\/310983470_5705274799523461_3569296081567701068_n-300x200.jpg 300w, https:\/\/www.radiopiu.net\/wordpress\/wp-content\/uploads\/2022\/10\/310983470_5705274799523461_3569296081567701068_n.jpg 592w\" sizes=\"auto, (max-width: 218px) 100vw, 218px\" \/><\/a>Bayern-Genetik GmbH \u00e8 un&#8217;azienda attiva a livello mondiale ma con radici bavaresi. Il partner per la fornitura di genetica bovina; seme, embrioni e bestiame da riproduzione. La razza Fleckvieh \u00e8 al centro della loro attenzione.\u00a0 Fleckvieh \u00e8 definita la razza del futuro, sia nella duplice attitudine che nel settore specializzato della carne bovina. Una\u00a0 filosofia che si basa sulla selezione di animali forti, vitali, armoniosi e senza estremi. Nel crossbreeding da latte \u00e8 unica al mondo. Fleckvieh \u00e8 il nome che nel mondo viene utilizzato per indicare la razza che nel Bel Paese \u00e8 registrata come &#8220;Pezzata Rossa Italiana&#8221; e che per diffusione e per numero di capi allevati, \u00e8 la seconda razza bovina al mondo. In Italia viene spesso dem\u00ecnominata &#8220;Simmental&#8221; o &#8220;Austriaca&#8221;, anche per differenziarla dal ceppo francese &#8220;Montb\u00e9liarde&#8221;.\u00a0 Una razza caratterizzata da buona produzione di latte con alti titoli di grasso e proteine ed una buona produzione di carne.<\/em><\/p>\n<p>&nbsp;<\/p>\n<p>:::<\/p>\n","protected":false},"excerpt":{"rendered":"<p>REDAZIONE Niente di pi\u00f9 bello nel dare una notizia come questa, mentre i grandi deludono, mentre i Governi deludono, c&#8217;\u00e8 chi al contrario raccoglie consensi e risultati. Parliamo di giovani, studenti meritevoli, premiati, un invito\u00a0 aguardare al futuro con maggiore ottimismo. Agnese ad esempio, Agnese Martini una giovane studentessa e allevatrice del Comelico Superiore, attaccata&hellip;<\/p>\n","protected":false},"author":4,"featured_media":302136,"comment_status":"closed","ping_status":"closed","sticky":false,"template":"","format":"standard","meta":{"_monsterinsights_skip_tracking":false,"_monsterinsights_sitenote_active":false,"_monsterinsights_sitenote_note":"","_monsterinsights_sitenote_category":0,"footnotes":""},"categories":[104,49],"tags":[],"class_list":["post-302137","post","type-post","status-publish","format-standard","has-post-thumbnail","hentry","category-evidenza_3","category-news-18","category-104","category-49","description-off"],"img_url":"https:\/\/www.radiopiu.net\/wordpress\/wp-content\/uploads\/2022\/10\/aaa-1.jpg","_links":{"self":[{"href":"https:\/\/www.radiopiu.net\/wordpress\/wp-json\/wp\/v2\/posts\/302137","targetHints":{"allow":["GET"]}}],"collection":[{"href":"https:\/\/www.radiopiu.net\/wordpress\/wp-json\/wp\/v2\/posts"}],"about":[{"href":"https:\/\/www.radiopiu.net\/wordpress\/wp-json\/wp\/v2\/types\/post"}],"author":[{"embeddable":true,"href":"https:\/\/www.radiopiu.net\/wordpress\/wp-json\/wp\/v2\/users\/4"}],"replies":[{"embeddable":true,"href":"https:\/\/www.radiopiu.net\/wordpress\/wp-json\/wp\/v2\/comments?post=302137"}],"version-history":[{"count":0,"href":"https:\/\/www.radiopiu.net\/wordpress\/wp-json\/wp\/v2\/posts\/302137\/revisions"}],"wp:featuredmedia":[{"embeddable":true,"href":"https:\/\/www.radiopiu.net\/wordpress\/wp-json\/wp\/v2\/media\/302136"}],"wp:attachment":[{"href":"https:\/\/www.radiopiu.net\/wordpress\/wp-json\/wp\/v2\/media?parent=302137"}],"wp:term":[{"taxonomy":"category","embeddable":true,"href":"https:\/\/www.radiopiu.net\/wordpress\/wp-json\/wp\/v2\/categories?post=302137"},{"taxonomy":"post_tag","embeddable":true,"href":"https:\/\/www.radiopiu.net\/wordpress\/wp-json\/wp\/v2\/tags?post=302137"}],"curies":[{"name":"wp","href":"https:\/\/api.w.org\/{rel}","templated":true}]}}