{"id":302152,"date":"2022-10-18T16:15:21","date_gmt":"2022-10-18T14:15:21","guid":{"rendered":"https:\/\/www.radiopiu.net\/wordpress\/?p=302152"},"modified":"2022-10-19T06:34:06","modified_gmt":"2022-10-19T04:34:06","slug":"spesa-energetica-a-belluno-risparmio-di-quasi-100-mila-euro-rispetto-alla-previsione","status":"publish","type":"post","link":"https:\/\/www.radiopiu.net\/wordpress\/spesa-energetica-a-belluno-risparmio-di-quasi-100-mila-euro-rispetto-alla-previsione\/","title":{"rendered":"SPESA ENERGETICA A BELLUNO. RISPARMIO DI QUASI 100 MILA EURO RISPETTO ALLA PREVISIONE"},"content":{"rendered":"<p><strong>BELLUNO <\/strong>Le misure messe in atto dall\u2019amministrazione De Pellegrin per abbassare i costi energetici stanno dando i primi risultati. Nel mese di settembre la spesa per l\u2019elettricit\u00e0 \u00e8 stata di quasi 100 mila euro inferiore rispetto alla previsione degli uffici comunali. Qualche dato per descrivere la situazione fino ad agosto e, poi, il cambio di passo introdotto da settembre. Fino ad agosto lo spegnimento dei punti luce generava un risparmio di consumi di circa il 20%, non sufficiente a determinare efficaci riduzioni in bolletta. Basti pensare come i consumi dell\u2019agosto 2021 avessero portato ad una spesa di 67.822 euro e come questa, nell\u2019agosto di quest\u2019anno, sia salita a 154.813 euro nonostante lo spegnimento parziale dell\u2019illuminazione pubblica. E\u2019 stato l\u2019ampliamento della misura a tutti i 6400 punti luce, dapprima dalle 2.30 alle 5.30 del mattino e, ora, dall\u20191.00 alle 5, a portare risultati evidenti. La previsione di spesa per il mese di settembre, infatti, parlava di 233 mila euro ma di fatto la bolletta arrivata nei giorni scorsi a Palazzo Rosso \u00e8 di 128 mila. <span lang=\"it-IT\">Q<\/span>uasi 100 mila euro in meno rispetto alle ipotesi. Positivi anche i numeri relativi alle due gallerie, spente h.24 da met\u00e0 agosto. La Maraga \u00e8 costata, nel mese di settembre, appena 5,48 euro mentre la Belluno alla quale \u00e8 collegato qualche lampione esterno, 1.126 euro. Di recente \u00e8 stata introdotta una leggera modifica nell\u2019orario di chiusura dei punti luce, dall\u20191 alle 5 e non pi\u00f9 fino alle 5.30, questo per agevolare i lavoratori che si recano sul posto di lavoro di primo mattino.<\/p>\n<p><strong>IL SINDACO DI BELLUNO OSCAR DE PELLEGRIN<\/strong><\/p>\n<div style=\"width: 640px;\" class=\"wp-video\"><video class=\"wp-video-shortcode\" id=\"video-302152-1\" width=\"640\" height=\"352\" preload=\"metadata\" controls=\"controls\"><source type=\"video\/mp4\" src=\"https:\/\/www.radiopiu.net\/wordpress\/wp-content\/uploads\/2022\/10\/Risultati-spegnimento-luci.mp4?_=1\" \/><a href=\"https:\/\/www.radiopiu.net\/wordpress\/wp-content\/uploads\/2022\/10\/Risultati-spegnimento-luci.mp4\">https:\/\/www.radiopiu.net\/wordpress\/wp-content\/uploads\/2022\/10\/Risultati-spegnimento-luci.mp4<\/a><\/video><\/div>\n<p>&nbsp;<\/p>\n<p>&nbsp;<\/p>\n<p>*****<\/p>\n","protected":false},"excerpt":{"rendered":"<p>BELLUNO Le misure messe in atto dall\u2019amministrazione De Pellegrin per abbassare i costi energetici stanno dando i primi risultati. Nel mese di settembre la spesa per l\u2019elettricit\u00e0 \u00e8 stata di quasi 100 mila euro inferiore rispetto alla previsione degli uffici comunali. Qualche dato per descrivere la situazione fino ad agosto e, poi, il cambio di&hellip;<\/p>\n","protected":false},"author":4,"featured_media":235813,"comment_status":"closed","ping_status":"closed","sticky":false,"template":"","format":"standard","meta":{"_monsterinsights_skip_tracking":false,"_monsterinsights_sitenote_active":false,"_monsterinsights_sitenote_note":"","_monsterinsights_sitenote_category":0,"footnotes":""},"categories":[51,49],"tags":[],"class_list":["post-302152","post","type-post","status-publish","format-standard","has-post-thumbnail","hentry","category-evidenza-top","category-news-18","category-51","category-49","description-off"],"img_url":"https:\/\/www.radiopiu.net\/wordpress\/wp-content\/uploads\/2021\/10\/PIAZZA-MARTIRI-BELLUNO.jpg","_links":{"self":[{"href":"https:\/\/www.radiopiu.net\/wordpress\/wp-json\/wp\/v2\/posts\/302152","targetHints":{"allow":["GET"]}}],"collection":[{"href":"https:\/\/www.radiopiu.net\/wordpress\/wp-json\/wp\/v2\/posts"}],"about":[{"href":"https:\/\/www.radiopiu.net\/wordpress\/wp-json\/wp\/v2\/types\/post"}],"author":[{"embeddable":true,"href":"https:\/\/www.radiopiu.net\/wordpress\/wp-json\/wp\/v2\/users\/4"}],"replies":[{"embeddable":true,"href":"https:\/\/www.radiopiu.net\/wordpress\/wp-json\/wp\/v2\/comments?post=302152"}],"version-history":[{"count":0,"href":"https:\/\/www.radiopiu.net\/wordpress\/wp-json\/wp\/v2\/posts\/302152\/revisions"}],"wp:featuredmedia":[{"embeddable":true,"href":"https:\/\/www.radiopiu.net\/wordpress\/wp-json\/wp\/v2\/media\/235813"}],"wp:attachment":[{"href":"https:\/\/www.radiopiu.net\/wordpress\/wp-json\/wp\/v2\/media?parent=302152"}],"wp:term":[{"taxonomy":"category","embeddable":true,"href":"https:\/\/www.radiopiu.net\/wordpress\/wp-json\/wp\/v2\/categories?post=302152"},{"taxonomy":"post_tag","embeddable":true,"href":"https:\/\/www.radiopiu.net\/wordpress\/wp-json\/wp\/v2\/tags?post=302152"}],"curies":[{"name":"wp","href":"https:\/\/api.w.org\/{rel}","templated":true}]}}