{"id":302303,"date":"2022-10-19T11:31:54","date_gmt":"2022-10-19T09:31:54","guid":{"rendered":"https:\/\/www.radiopiu.net\/wordpress\/?p=302303"},"modified":"2022-10-20T06:02:22","modified_gmt":"2022-10-20T04:02:22","slug":"sabato-fuochi-per-lautonomia-2022","status":"publish","type":"post","link":"https:\/\/www.radiopiu.net\/wordpress\/sabato-fuochi-per-lautonomia-2022\/","title":{"rendered":"SABATO: FUOCHI PER L&#8217;AUTONOMIA 2022"},"content":{"rendered":"<p><strong><img loading=\"lazy\" decoding=\"async\" class=\"alignleft\" src=\"https:\/\/www.radiopiu.net\/wordpress\/wp-content\/uploads\/2021\/10\/th-20.jpg\" width=\"177\" height=\"132\" \/>REDAZIONE<\/strong>\u00a0<b>\u00a0<\/b>Tornano sabato per l&#8217;undicesimo anno consecutivo i Fuochi per l&#8217;autonomia organizzati dal movimento Belluno Autonoma Regione Dolomiti. L&#8217;iniziativa quest&#8217;anno verr\u00e0 riorganizzata con fuochi in numero minore rispetto agli altri anni ma pi\u00f9 intensi, accompagnati da cartelli e striscioni: una scelta di responsabilit\u00e0 verso la montagna, legata alla prolungata siccit\u00e0 di questo periodo e alla volont\u00e0 di limitare la produzione di polveri sottili inquinanti. Saranno sicuramente accesi i tradizionali fuochi di Belluno, sulle rive del Piave a Lambioi, e di Feltre, a San Vittore; al di fuori dei fal\u00f2 organizzati, chiunque potr\u00e0 accendere il proprio fuoco, anche condividendo la foto sulla pagina Facebook del movimento.<\/p>\n<p><strong>IL PRESIDENTE BARD, ANDREA BONA \u00a0\u00a0<\/strong><\/p>\n<audio class=\"wp-audio-shortcode\" id=\"audio-302303-1\" preload=\"none\" style=\"width: 100%;\" controls=\"controls\"><source type=\"audio\/mpeg\" src=\"https:\/\/www.radiopiu.net\/wordpress\/wp-content\/uploads\/2022\/10\/Andrea-Bona-Presidente-Bard-Annuncio-fuochi-autonomia-2022.mp3?_=1\" \/><a href=\"https:\/\/www.radiopiu.net\/wordpress\/wp-content\/uploads\/2022\/10\/Andrea-Bona-Presidente-Bard-Annuncio-fuochi-autonomia-2022.mp3\">https:\/\/www.radiopiu.net\/wordpress\/wp-content\/uploads\/2022\/10\/Andrea-Bona-Presidente-Bard-Annuncio-fuochi-autonomia-2022.mp3<\/a><\/audio>\n<p>&nbsp;<\/p>\n<p>&nbsp;<\/p>\n<hr \/>\n<p>&nbsp;<\/p>\n","protected":false},"excerpt":{"rendered":"<p>REDAZIONE\u00a0\u00a0Tornano sabato per l&#8217;undicesimo anno consecutivo i Fuochi per l&#8217;autonomia organizzati dal movimento Belluno Autonoma Regione Dolomiti. L&#8217;iniziativa quest&#8217;anno verr\u00e0 riorganizzata con fuochi in numero minore rispetto agli altri anni ma pi\u00f9 intensi, accompagnati da cartelli e striscioni: una scelta di responsabilit\u00e0 verso la montagna, legata alla prolungata siccit\u00e0 di questo periodo e alla volont\u00e0&hellip;<\/p>\n","protected":false},"author":4,"featured_media":238217,"comment_status":"closed","ping_status":"closed","sticky":false,"template":"","format":"standard","meta":{"_monsterinsights_skip_tracking":false,"_monsterinsights_sitenote_active":false,"_monsterinsights_sitenote_note":"","_monsterinsights_sitenote_category":0,"footnotes":""},"categories":[51,49],"tags":[],"class_list":["post-302303","post","type-post","status-publish","format-standard","has-post-thumbnail","hentry","category-evidenza-top","category-news-18","category-51","category-49","description-off"],"img_url":"https:\/\/www.radiopiu.net\/wordpress\/wp-content\/uploads\/2021\/10\/th-20.jpg","_links":{"self":[{"href":"https:\/\/www.radiopiu.net\/wordpress\/wp-json\/wp\/v2\/posts\/302303","targetHints":{"allow":["GET"]}}],"collection":[{"href":"https:\/\/www.radiopiu.net\/wordpress\/wp-json\/wp\/v2\/posts"}],"about":[{"href":"https:\/\/www.radiopiu.net\/wordpress\/wp-json\/wp\/v2\/types\/post"}],"author":[{"embeddable":true,"href":"https:\/\/www.radiopiu.net\/wordpress\/wp-json\/wp\/v2\/users\/4"}],"replies":[{"embeddable":true,"href":"https:\/\/www.radiopiu.net\/wordpress\/wp-json\/wp\/v2\/comments?post=302303"}],"version-history":[{"count":0,"href":"https:\/\/www.radiopiu.net\/wordpress\/wp-json\/wp\/v2\/posts\/302303\/revisions"}],"wp:featuredmedia":[{"embeddable":true,"href":"https:\/\/www.radiopiu.net\/wordpress\/wp-json\/wp\/v2\/media\/238217"}],"wp:attachment":[{"href":"https:\/\/www.radiopiu.net\/wordpress\/wp-json\/wp\/v2\/media?parent=302303"}],"wp:term":[{"taxonomy":"category","embeddable":true,"href":"https:\/\/www.radiopiu.net\/wordpress\/wp-json\/wp\/v2\/categories?post=302303"},{"taxonomy":"post_tag","embeddable":true,"href":"https:\/\/www.radiopiu.net\/wordpress\/wp-json\/wp\/v2\/tags?post=302303"}],"curies":[{"name":"wp","href":"https:\/\/api.w.org\/{rel}","templated":true}]}}