{"id":302306,"date":"2022-10-19T11:34:54","date_gmt":"2022-10-19T09:34:54","guid":{"rendered":"https:\/\/www.radiopiu.net\/wordpress\/?p=302306"},"modified":"2022-10-19T11:34:54","modified_gmt":"2022-10-19T09:34:54","slug":"avviati-i-lavori-i-manutenzione-dellalveo-del-rio-musil","status":"publish","type":"post","link":"https:\/\/www.radiopiu.net\/wordpress\/avviati-i-lavori-i-manutenzione-dellalveo-del-rio-musil\/","title":{"rendered":"AVVIATI I LAVORI I MANUTENZIONE DELL&#8217;ALVEO DEL RIO MUSIL"},"content":{"rendered":"<blockquote><p><em><a class=\"dt-pswp-item\" href=\"https:\/\/www.radiopiu.net\/wordpress\/wp-content\/uploads\/2022\/10\/Lavori-Musil-1-scaled.jpg\" data-dt-img-description=\"\" data-large_image_width=\"2560\" data-large_image_height=\"1440\"><img loading=\"lazy\" decoding=\"async\" class=\"size-medium wp-image-302307 alignleft\" src=\"https:\/\/www.radiopiu.net\/wordpress\/wp-content\/uploads\/2022\/10\/Lavori-Musil-1-300x169.jpg\" alt=\"\" width=\"300\" height=\"169\" srcset=\"https:\/\/www.radiopiu.net\/wordpress\/wp-content\/uploads\/2022\/10\/Lavori-Musil-1-300x169.jpg 300w, https:\/\/www.radiopiu.net\/wordpress\/wp-content\/uploads\/2022\/10\/Lavori-Musil-1-1024x576.jpg 1024w, https:\/\/www.radiopiu.net\/wordpress\/wp-content\/uploads\/2022\/10\/Lavori-Musil-1-768x432.jpg 768w, https:\/\/www.radiopiu.net\/wordpress\/wp-content\/uploads\/2022\/10\/Lavori-Musil-1-1536x864.jpg 1536w, https:\/\/www.radiopiu.net\/wordpress\/wp-content\/uploads\/2022\/10\/Lavori-Musil-1-2048x1152.jpg 2048w\" sizes=\"auto, (max-width: 300px) 100vw, 300px\" \/><\/a>Meteo permettendo, i lavori lungo il rio Musil dovrebbero concludersi nell\u2019arco di pochi giorni.<\/em><\/p><\/blockquote>\n<p><strong>FELTRE<\/strong>\u00a0Hanno preso il via in questi giorni, e sono in pieno svolgimento, i lavori di manutenzione dell\u2019alveo del rio Musil, lungo l\u2019asta che unisce l\u2019omonima area all\u2019ingresso ovest della citt\u00e0, in localit\u00e0 Ponte della Fusinetta, con la zona industriale della Peschiera. Similmente a quanto gi\u00e0 avvenuto per il rio Uniera, l\u2019intervento \u00e8 condotto da tecnici e operai di Veneto Agricoltura su indicazione dei Servizi Forestali Regionali. Diversa, invece, la tipologia dei lavori che non riguardano, in questo caso, la rimozione della vegetazione cresciuta sull\u2019alveo, ma lo scavo e l\u2019asportazione di materiale ghiaioso al fine di abbassare il livello dell\u2019acqua e aumentare la portata del canale in corrispondenza di precipitazioni particolarmente abbondanti.<\/p>\n<p><strong>L&#8217;ASSESSORE ALL&#8217;AMBIENTE E PROTEZIONE CIVILE, TIZIANA PENCO\u00a0<\/strong><\/p>\n<audio class=\"wp-audio-shortcode\" id=\"audio-302306-1\" preload=\"none\" style=\"width: 100%;\" controls=\"controls\"><source type=\"audio\/mpeg\" src=\"https:\/\/www.radiopiu.net\/wordpress\/wp-content\/uploads\/2022\/10\/penco.mp3?_=1\" \/><a href=\"https:\/\/www.radiopiu.net\/wordpress\/wp-content\/uploads\/2022\/10\/penco.mp3\">https:\/\/www.radiopiu.net\/wordpress\/wp-content\/uploads\/2022\/10\/penco.mp3<\/a><\/audio>\n<p>&nbsp;<\/p>\n<p>&nbsp;<\/p>\n<hr \/>\n<p>&nbsp;<\/p>\n","protected":false},"excerpt":{"rendered":"<p>Meteo permettendo, i lavori lungo il rio Musil dovrebbero concludersi nell\u2019arco di pochi giorni. FELTRE\u00a0Hanno preso il via in questi giorni, e sono in pieno svolgimento, i lavori di manutenzione dell\u2019alveo del rio Musil, lungo l\u2019asta che unisce l\u2019omonima area all\u2019ingresso ovest della citt\u00e0, in localit\u00e0 Ponte della Fusinetta, con la zona industriale della Peschiera.&hellip;<\/p>\n","protected":false},"author":4,"featured_media":302308,"comment_status":"closed","ping_status":"closed","sticky":false,"template":"","format":"standard","meta":{"_monsterinsights_skip_tracking":false,"_monsterinsights_sitenote_active":false,"_monsterinsights_sitenote_note":"","_monsterinsights_sitenote_category":0,"footnotes":""},"categories":[49],"tags":[],"class_list":["post-302306","post","type-post","status-publish","format-standard","has-post-thumbnail","hentry","category-news-18","category-49","description-off"],"img_url":"https:\/\/www.radiopiu.net\/wordpress\/wp-content\/uploads\/2022\/10\/Lavori-Musil-2-scaled.jpg","_links":{"self":[{"href":"https:\/\/www.radiopiu.net\/wordpress\/wp-json\/wp\/v2\/posts\/302306","targetHints":{"allow":["GET"]}}],"collection":[{"href":"https:\/\/www.radiopiu.net\/wordpress\/wp-json\/wp\/v2\/posts"}],"about":[{"href":"https:\/\/www.radiopiu.net\/wordpress\/wp-json\/wp\/v2\/types\/post"}],"author":[{"embeddable":true,"href":"https:\/\/www.radiopiu.net\/wordpress\/wp-json\/wp\/v2\/users\/4"}],"replies":[{"embeddable":true,"href":"https:\/\/www.radiopiu.net\/wordpress\/wp-json\/wp\/v2\/comments?post=302306"}],"version-history":[{"count":0,"href":"https:\/\/www.radiopiu.net\/wordpress\/wp-json\/wp\/v2\/posts\/302306\/revisions"}],"wp:featuredmedia":[{"embeddable":true,"href":"https:\/\/www.radiopiu.net\/wordpress\/wp-json\/wp\/v2\/media\/302308"}],"wp:attachment":[{"href":"https:\/\/www.radiopiu.net\/wordpress\/wp-json\/wp\/v2\/media?parent=302306"}],"wp:term":[{"taxonomy":"category","embeddable":true,"href":"https:\/\/www.radiopiu.net\/wordpress\/wp-json\/wp\/v2\/categories?post=302306"},{"taxonomy":"post_tag","embeddable":true,"href":"https:\/\/www.radiopiu.net\/wordpress\/wp-json\/wp\/v2\/tags?post=302306"}],"curies":[{"name":"wp","href":"https:\/\/api.w.org\/{rel}","templated":true}]}}