{"id":302332,"date":"2022-10-19T14:48:28","date_gmt":"2022-10-19T12:48:28","guid":{"rendered":"https:\/\/www.radiopiu.net\/wordpress\/?p=302332"},"modified":"2022-10-19T14:50:18","modified_gmt":"2022-10-19T12:50:18","slug":"mostra-e-calendario-un-aiuto-alle-famiglie-delle-vittime-della-marmolada","status":"publish","type":"post","link":"https:\/\/www.radiopiu.net\/wordpress\/mostra-e-calendario-un-aiuto-alle-famiglie-delle-vittime-della-marmolada\/","title":{"rendered":"MOSTRA E CALENDARIO, UN AIUTO ALLE FAMIGLIE DELLE VITTIME DELLA MARMOLADA"},"content":{"rendered":"<p><strong><a class=\"dt-pswp-item\" href=\"https:\/\/www.radiopiu.net\/wordpress\/wp-content\/uploads\/2022\/10\/mostra-NADIA-BASSO.jpg\" data-dt-img-description=\"\" data-large_image_width=\"1773\" data-large_image_height=\"1182\"><img loading=\"lazy\" decoding=\"async\" class=\" wp-image-302333 alignleft\" src=\"https:\/\/www.radiopiu.net\/wordpress\/wp-content\/uploads\/2022\/10\/mostra-NADIA-BASSO-300x200.jpg\" alt=\"\" width=\"230\" height=\"153\" srcset=\"https:\/\/www.radiopiu.net\/wordpress\/wp-content\/uploads\/2022\/10\/mostra-NADIA-BASSO-300x200.jpg 300w, https:\/\/www.radiopiu.net\/wordpress\/wp-content\/uploads\/2022\/10\/mostra-NADIA-BASSO-1024x683.jpg 1024w, https:\/\/www.radiopiu.net\/wordpress\/wp-content\/uploads\/2022\/10\/mostra-NADIA-BASSO-768x512.jpg 768w, https:\/\/www.radiopiu.net\/wordpress\/wp-content\/uploads\/2022\/10\/mostra-NADIA-BASSO-1536x1024.jpg 1536w, https:\/\/www.radiopiu.net\/wordpress\/wp-content\/uploads\/2022\/10\/mostra-NADIA-BASSO.jpg 1773w\" sizes=\"auto, (max-width: 230px) 100vw, 230px\" \/><\/a>CASTELFRANCO<\/strong> Il silenzio e il suono della natura in alta quota, i volti di chi vive la montagna, i sentieri della Grande Guerra, le ferite di Vaia. C\u2019\u00e8 tutto il fascino delle Dolomiti che fanno da cornice alla Ski Area San Pellegrino, il comprensorio sciistico che si snoda tra Falcade e Moena, negli scatti di Nadia Basso, in mostra fino al 30 ottobre nella Galleria del Teatro Accademico di Castelfranco Veneto.\u00a0Dai profili del Col Margherita fino al Passo San Pellegrino, le Dolomiti vengono ritratte nella loro bellezza e anche nella loro storia, quella della vita quotidiana nei valichi alpini e quella che ha segnato le tragiche pagine di inizio Novecento.\u00a0 La mostra, a cura di Massimo Porcelli, raccoglie anche scatti di Nadia Basso dedicati alle tracce della tempesta Vaia, che nell\u2019ottobre del 2018 colp\u00ec Veneto, Trentino Alto Adige e Friuli Venezia Giulia, con raffiche di vento che rasero al suolo migliaia di ettari di boschi.\u00a0 La mostra \u00e8 racchiusa in un calendario con tutti gli scatti dell\u2019artista, il cui ricavato sar\u00e0 devoluto alle famiglie delle vittime della recente tragedia della Marmolada. La mostra rimarr\u00e0 aperta al pubblico fino al trenta ottobre. <strong>Orari: mercoled\u00ec, gioved\u00ec e venerd\u00ec dalle 16 alle 19. Sabato e domenica: dalle 10.00 alle12.30 e dalle 16 alle 19.<\/strong><\/p>\n<p>&nbsp;<\/p>\n<p><strong>GALLERIA FOTOGRAFICA<\/strong><\/p>\n\n\t\t\t<style type='text\/css'>\n\t\t\t\t#gallery-1 {\n\t\t\t\t\tmargin: auto;\n\t\t\t\t}\n\t\t\t\t#gallery-1 .gallery-item {\n\t\t\t\t\tfloat: left;\n\t\t\t\t\tmargin-top: 10px;\n\t\t\t\t\ttext-align: center;\n\t\t\t\t\twidth: 33%;\n\t\t\t\t}\n\t\t\t\t#gallery-1 img {\n\t\t\t\t\tborder: 2px solid #cfcfcf;\n\t\t\t\t}\n\t\t\t\t#gallery-1 .gallery-caption {\n\t\t\t\t\tmargin-left: 0;\n\t\t\t\t}\n\t\t\t\t\/* see gallery_shortcode() in wp-includes\/media.php *\/\n\t\t\t<\/style>\n\t\t<div id='gallery-1' class='dt-gallery-container gallery galleryid-302332 gallery-columns-3 gallery-size-thumbnail'><dl class='gallery-item'>\n\t\t\t\t<dt class='gallery-icon landscape'>\n\t\t\t\t\t<a class=\"rollover rollover-zoom dt-pswp-item\" title=\"_S_51531\" data-dt-img-description=\"\" data-large_image_width=\"2560\" data-large_image_height=\"1708\"href='https:\/\/www.radiopiu.net\/wordpress\/wp-content\/uploads\/2022\/10\/S_51531-scaled.jpg'><img loading=\"lazy\" decoding=\"async\" width=\"150\" height=\"150\" src=\"https:\/\/www.radiopiu.net\/wordpress\/wp-content\/uploads\/2022\/10\/S_51531-150x150.jpg\" class=\"attachment-thumbnail size-thumbnail\" alt=\"\" \/><\/a>\n\t\t\t\t<\/dt><\/dl><dl class='gallery-item'>\n\t\t\t\t<dt class='gallery-icon landscape'>\n\t\t\t\t\t<a class=\"rollover rollover-zoom dt-pswp-item\" title=\"DSC_0253\" data-dt-img-description=\"\" data-large_image_width=\"2560\" data-large_image_height=\"2048\"href='https:\/\/www.radiopiu.net\/wordpress\/wp-content\/uploads\/2022\/10\/DSC_0253-scaled.jpg'><img loading=\"lazy\" decoding=\"async\" width=\"150\" height=\"150\" src=\"https:\/\/www.radiopiu.net\/wordpress\/wp-content\/uploads\/2022\/10\/DSC_0253-150x150.jpg\" class=\"attachment-thumbnail size-thumbnail\" alt=\"\" \/><\/a>\n\t\t\t\t<\/dt><\/dl><dl class='gallery-item'>\n\t\t\t\t<dt class='gallery-icon portrait'>\n\t\t\t\t\t<a class=\"rollover rollover-zoom dt-pswp-item\" title=\"_S_51902\" data-dt-img-description=\"\" data-large_image_width=\"1708\" data-large_image_height=\"2560\"href='https:\/\/www.radiopiu.net\/wordpress\/wp-content\/uploads\/2022\/10\/S_51902-scaled.jpg'><img loading=\"lazy\" decoding=\"async\" width=\"150\" height=\"150\" src=\"https:\/\/www.radiopiu.net\/wordpress\/wp-content\/uploads\/2022\/10\/S_51902-150x150.jpg\" class=\"attachment-thumbnail size-thumbnail\" alt=\"\" \/><\/a>\n\t\t\t\t<\/dt><\/dl><br style=\"clear: both\" \/><dl class='gallery-item'>\n\t\t\t\t<dt class='gallery-icon landscape'>\n\t\t\t\t\t<a class=\"rollover rollover-zoom dt-pswp-item\" title=\"_S_51900\" data-dt-img-description=\"\" data-large_image_width=\"2560\" data-large_image_height=\"1707\"href='https:\/\/www.radiopiu.net\/wordpress\/wp-content\/uploads\/2022\/10\/S_51900-scaled.jpg'><img loading=\"lazy\" decoding=\"async\" width=\"150\" height=\"150\" src=\"https:\/\/www.radiopiu.net\/wordpress\/wp-content\/uploads\/2022\/10\/S_51900-150x150.jpg\" class=\"attachment-thumbnail size-thumbnail\" alt=\"\" \/><\/a>\n\t\t\t\t<\/dt><\/dl><dl class='gallery-item'>\n\t\t\t\t<dt class='gallery-icon landscape'>\n\t\t\t\t\t<a class=\"rollover rollover-zoom dt-pswp-item\" title=\"_S_51564\" data-dt-img-description=\"\" data-large_image_width=\"2560\" data-large_image_height=\"1950\"href='https:\/\/www.radiopiu.net\/wordpress\/wp-content\/uploads\/2022\/10\/S_51564-scaled.jpg'><img loading=\"lazy\" decoding=\"async\" width=\"150\" height=\"150\" src=\"https:\/\/www.radiopiu.net\/wordpress\/wp-content\/uploads\/2022\/10\/S_51564-150x150.jpg\" class=\"attachment-thumbnail size-thumbnail\" alt=\"\" \/><\/a>\n\t\t\t\t<\/dt><\/dl>\n\t\t\t\t<br style='clear: both' \/>\n\t\t\t<\/div>\n\n<p>&nbsp;<\/p>\n<hr \/>\n<p>&nbsp;<\/p>\n<p>&nbsp;<\/p>\n<p><em>\u00a0<\/em><\/p>\n","protected":false},"excerpt":{"rendered":"<p>CASTELFRANCO Il silenzio e il suono della natura in alta quota, i volti di chi vive la montagna, i sentieri della Grande Guerra, le ferite di Vaia. C\u2019\u00e8 tutto il fascino delle Dolomiti che fanno da cornice alla Ski Area San Pellegrino, il comprensorio sciistico che si snoda tra Falcade e Moena, negli scatti di&hellip;<\/p>\n","protected":false},"author":4,"featured_media":302338,"comment_status":"closed","ping_status":"closed","sticky":false,"template":"","format":"standard","meta":{"_monsterinsights_skip_tracking":false,"_monsterinsights_sitenote_active":false,"_monsterinsights_sitenote_note":"","_monsterinsights_sitenote_category":0,"footnotes":""},"categories":[51,49],"tags":[],"class_list":["post-302332","post","type-post","status-publish","format-standard","has-post-thumbnail","hentry","category-evidenza-top","category-news-18","category-51","category-49","description-off"],"img_url":"https:\/\/www.radiopiu.net\/wordpress\/wp-content\/uploads\/2022\/10\/DSC_0253-scaled.jpg","_links":{"self":[{"href":"https:\/\/www.radiopiu.net\/wordpress\/wp-json\/wp\/v2\/posts\/302332","targetHints":{"allow":["GET"]}}],"collection":[{"href":"https:\/\/www.radiopiu.net\/wordpress\/wp-json\/wp\/v2\/posts"}],"about":[{"href":"https:\/\/www.radiopiu.net\/wordpress\/wp-json\/wp\/v2\/types\/post"}],"author":[{"embeddable":true,"href":"https:\/\/www.radiopiu.net\/wordpress\/wp-json\/wp\/v2\/users\/4"}],"replies":[{"embeddable":true,"href":"https:\/\/www.radiopiu.net\/wordpress\/wp-json\/wp\/v2\/comments?post=302332"}],"version-history":[{"count":0,"href":"https:\/\/www.radiopiu.net\/wordpress\/wp-json\/wp\/v2\/posts\/302332\/revisions"}],"wp:featuredmedia":[{"embeddable":true,"href":"https:\/\/www.radiopiu.net\/wordpress\/wp-json\/wp\/v2\/media\/302338"}],"wp:attachment":[{"href":"https:\/\/www.radiopiu.net\/wordpress\/wp-json\/wp\/v2\/media?parent=302332"}],"wp:term":[{"taxonomy":"category","embeddable":true,"href":"https:\/\/www.radiopiu.net\/wordpress\/wp-json\/wp\/v2\/categories?post=302332"},{"taxonomy":"post_tag","embeddable":true,"href":"https:\/\/www.radiopiu.net\/wordpress\/wp-json\/wp\/v2\/tags?post=302332"}],"curies":[{"name":"wp","href":"https:\/\/api.w.org\/{rel}","templated":true}]}}