{"id":302408,"date":"2022-10-21T05:09:56","date_gmt":"2022-10-21T03:09:56","guid":{"rendered":"https:\/\/www.radiopiu.net\/wordpress\/?p=302408"},"modified":"2022-10-21T09:05:47","modified_gmt":"2022-10-21T07:05:47","slug":"giornale-radiopiu-21-ottobre-2022-direttore-mirko-mezzacasa","status":"publish","type":"post","link":"https:\/\/www.radiopiu.net\/wordpress\/giornale-radiopiu-21-ottobre-2022-direttore-mirko-mezzacasa\/","title":{"rendered":"GIORNALE RADIOPIU 21 OTTOBRE 2022 DIRETTORE MIRKO MEZZACASA"},"content":{"rendered":"<h3 class=\"kvgmc6g5 cxmmr5t8 oygrvhab hcukyx3x c1et5uql\"><span style=\"color: #0000ff;\"><strong><img loading=\"lazy\" decoding=\"async\" class=\"alignleft\" src=\"https:\/\/www.radiopiu.net\/wordpress\/wp-content\/uploads\/2020\/05\/VENETO-STRADE-300x300.png\" width=\"89\" height=\"89\" \/>RADIO PIU INFORMAZIONE il canale su TELEGRAM informazione di prima\u00a0\u00a0<\/strong><strong>mano e in tempo reale. iscriviti ed aiutaci a farlo conoscere<\/strong><\/span><\/h3>\n<p><strong>REDAZIONE<\/strong> Oggi interdizione totale alla circolazione stradale per smontaggio gru da cantiere dalle 10.30 alle 11 in localit\u00e0 Pieve Comune di Livinallongo del Col di Lana lungo la regionale 48 delle Dolomiti.<\/p>\n<h3 class=\"kvgmc6g5 cxmmr5t8 oygrvhab hcukyx3x c1et5uql\"><span style=\"color: #0000ff;\"><strong><a class=\"dt-pswp-item\" href=\"https:\/\/www.radiopiu.net\/wordpress\/wp-content\/uploads\/2022\/06\/LUXOTTICA-LUTTO-5.jpg\" data-dt-img-description=\"\" data-large_image_width=\"2048\" data-large_image_height=\"1154\"><img loading=\"lazy\" decoding=\"async\" class=\"wp-image-284135 alignleft\" src=\"https:\/\/www.radiopiu.net\/wordpress\/wp-content\/uploads\/2022\/06\/LUXOTTICA-LUTTO-5-300x169.jpg\" alt=\"\" width=\"140\" height=\"79\" srcset=\"https:\/\/www.radiopiu.net\/wordpress\/wp-content\/uploads\/2022\/06\/LUXOTTICA-LUTTO-5-300x169.jpg 300w, https:\/\/www.radiopiu.net\/wordpress\/wp-content\/uploads\/2022\/06\/LUXOTTICA-LUTTO-5-1024x577.jpg 1024w, https:\/\/www.radiopiu.net\/wordpress\/wp-content\/uploads\/2022\/06\/LUXOTTICA-LUTTO-5-768x433.jpg 768w, https:\/\/www.radiopiu.net\/wordpress\/wp-content\/uploads\/2022\/06\/LUXOTTICA-LUTTO-5-1536x866.jpg 1536w, https:\/\/www.radiopiu.net\/wordpress\/wp-content\/uploads\/2022\/06\/LUXOTTICA-LUTTO-5.jpg 2048w\" sizes=\"auto, (max-width: 140px) 100vw, 140px\" \/><\/a><\/strong><\/span><\/h3>\n<h3><span style=\"color: #ff0000;\">OGGI ALLA RADIO:\u00a0 CASSA SOLIDARIETA&#8217; AZIENDALE LAVORATORI LUXOTTICA, SPAZIO MENSILE CON PAOLO CHISSALE&#8217;-FABRIZIO CAMPEDEL,\u00a0 <\/span><span style=\"color: #ff0000;\">\u00a0ALLE 10.30 E ALLE 19.\u00a0\u00a0<\/span><\/h3>\n<p>&nbsp;<\/p>\n<p>&nbsp;<\/p>\n<hr \/>\n<p>&nbsp;<\/p>\n<p><strong>MARTEDI 25 OTTOBRE INTERRUZIONE DI ENERGIA ELETTRICA A BRIES DI AGORDO, DALLE 8.30 ALLE 15.30\u00a0<\/strong><\/p>\n<p>&nbsp;<\/p>\n<blockquote>\n<h3>PARCHEGGIO LE CAMPE: OFF LIMITS<\/h3>\n<\/blockquote>\n<p><strong>\u00a0LA VALLE<\/strong> Fino al 31 ottobre divieto di sosta con rimozione forzata su parte del piazzale difronte al sito minerario di Valle Imperina temporaneamente area di deposito di cippato.<\/p>\n<p>&nbsp;<\/p>\n<blockquote>\n<h3>ASFALTATA LA STRADA PER LUXOTTICA<\/h3>\n<h3>AGORDO Mezzi della De Pra in azione, asfaltata nella notte la strada della zona Industriale Valcozzena verso lo stabilimento Luxottica.<\/h3>\n<\/blockquote>\n\n\t\t\t<style type='text\/css'>\n\t\t\t\t#gallery-1 {\n\t\t\t\t\tmargin: auto;\n\t\t\t\t}\n\t\t\t\t#gallery-1 .gallery-item {\n\t\t\t\t\tfloat: left;\n\t\t\t\t\tmargin-top: 10px;\n\t\t\t\t\ttext-align: center;\n\t\t\t\t\twidth: 33%;\n\t\t\t\t}\n\t\t\t\t#gallery-1 img {\n\t\t\t\t\tborder: 2px solid #cfcfcf;\n\t\t\t\t}\n\t\t\t\t#gallery-1 .gallery-caption {\n\t\t\t\t\tmargin-left: 0;\n\t\t\t\t}\n\t\t\t\t\/* see gallery_shortcode() in wp-includes\/media.php *\/\n\t\t\t<\/style>\n\t\t<div id='gallery-1' class='dt-gallery-container gallery galleryid-302408 gallery-columns-3 gallery-size-thumbnail'><dl class='gallery-item'>\n\t\t\t\t<dt class='gallery-icon landscape'>\n\t\t\t\t\t<a class=\"rollover rollover-zoom dt-pswp-item\" title=\"844c04f4-e54d-4b3d-bc06-3fdd58d5941e\" data-dt-img-description=\"\" data-large_image_width=\"1600\" data-large_image_height=\"1200\"href='https:\/\/www.radiopiu.net\/wordpress\/wp-content\/uploads\/2022\/10\/844c04f4-e54d-4b3d-bc06-3fdd58d5941e.jpg'><img loading=\"lazy\" decoding=\"async\" width=\"150\" height=\"150\" src=\"https:\/\/www.radiopiu.net\/wordpress\/wp-content\/uploads\/2022\/10\/844c04f4-e54d-4b3d-bc06-3fdd58d5941e-150x150.jpg\" class=\"attachment-thumbnail size-thumbnail\" alt=\"\" \/><\/a>\n\t\t\t\t<\/dt><\/dl><dl class='gallery-item'>\n\t\t\t\t<dt class='gallery-icon landscape'>\n\t\t\t\t\t<a class=\"rollover rollover-zoom dt-pswp-item\" title=\"711eb5ad-71e1-44fb-9b06-a29559e137c8\" data-dt-img-description=\"\" data-large_image_width=\"1600\" data-large_image_height=\"1200\"href='https:\/\/www.radiopiu.net\/wordpress\/wp-content\/uploads\/2022\/10\/711eb5ad-71e1-44fb-9b06-a29559e137c8.jpg'><img loading=\"lazy\" decoding=\"async\" width=\"150\" height=\"150\" src=\"https:\/\/www.radiopiu.net\/wordpress\/wp-content\/uploads\/2022\/10\/711eb5ad-71e1-44fb-9b06-a29559e137c8-150x150.jpg\" class=\"attachment-thumbnail size-thumbnail\" alt=\"\" \/><\/a>\n\t\t\t\t<\/dt><\/dl><dl class='gallery-item'>\n\t\t\t\t<dt class='gallery-icon landscape'>\n\t\t\t\t\t<a class=\"rollover rollover-zoom dt-pswp-item\" title=\"3580784c-e8d9-4461-92dd-037c19efa38f\" data-dt-img-description=\"\" data-large_image_width=\"1600\" data-large_image_height=\"1200\"href='https:\/\/www.radiopiu.net\/wordpress\/wp-content\/uploads\/2022\/10\/3580784c-e8d9-4461-92dd-037c19efa38f.jpg'><img loading=\"lazy\" decoding=\"async\" width=\"150\" height=\"150\" src=\"https:\/\/www.radiopiu.net\/wordpress\/wp-content\/uploads\/2022\/10\/3580784c-e8d9-4461-92dd-037c19efa38f-150x150.jpg\" class=\"attachment-thumbnail size-thumbnail\" alt=\"\" \/><\/a>\n\t\t\t\t<\/dt><\/dl><br style=\"clear: both\" \/>\n\t\t\t<\/div>\n\n<p>&nbsp;<\/p>\n<p>&nbsp;<\/p>\n<p>&nbsp;<\/p>\n<p>&nbsp;<\/p>\n<hr \/>\n<p>&nbsp;<\/p>\n<blockquote>\n<h3>ACQUA NON POTABILE NELLA PARTE ALTA DI TAIBON<\/h3>\n<\/blockquote>\n<p><strong>TAIBON<\/strong> Gestione Servizi Pubblici informa che a TAIBON AGORDINO nelle localit\u00e0 CAMPEDEL, COSTE e SERACH l&#8217;acqua erogata dall&#8217;acquedotto non \u00e8 potabile e pu\u00f2 essere usata per scopi alimentari SOLO PREVIA bollitura. GSP ha, comunque, gi\u00e0 adottato le necessarie misure per la disinfezione dell&#8217;acqua presente nei serbatoi e nella rete idrica con l&#8217;aggiunta di cloro<\/p>\n<p>&nbsp;<\/p>\n<p>&nbsp;<\/p>\n<hr \/>\n<p><strong><img loading=\"lazy\" decoding=\"async\" class=\"alignleft\" src=\"https:\/\/www.radiopiu.net\/wordpress\/wp-content\/uploads\/2021\/10\/VALPE.png\" width=\"206\" height=\"103\" \/>AGORDO <\/strong>\u00a0Si avvisano i cittadini che, a causa di interventi di manutenzione tecnica alle linee telefoniche, dalle\u00a0 8 alle ore 12 di mercoled\u00ec 26 ottobre<span style=\"font-size: 14px;\">\u00a0potrebbero verificarsi dei\u00a0<\/span>malfunzionamenti alle linee telefoniche fisse<span style=\"font-size: 14px;\">, tra cui anche i seguenti numeri: <\/span>&#8211; 0437 1835690, dedicato alle utenze del comune di Sedico &#8211; 0437 640462 e 0437 643621, dedicati alle utenze dei comuni dell\u2019Unione Montana Agordina &#8211; 0435 482633, dedicato ai comuni dell\u2019Unione Montana Valle del Boite &#8211; 0436 867340, dedicato al Ce.R.D. in Loc. Pies. de Ramognes Cortina D\u2019Ampezzo In caso di difficolt\u00e0 nel contattare i nostri uffici, invitiamo i cittadini a richiamare nel pomeriggio.<\/p>\n<p>&nbsp;<\/p>\n<hr \/>\n<p>&nbsp;<\/p>\n<blockquote>\n<h3>AUTO CONTRO IL MURO DI CONTENIMENTO DI UNO SCIVOLO D&#8217;INGRESSO AL GARAGE<\/h3>\n<\/blockquote>\n<p><strong>BELLUNO<\/strong> I Vigili del Fuoco sono stati impegnati la notte scorsa in Via Lungardo a Belluno, per un\u2019auto finita contro il muro di contenimento di uno scivolo d\u2019ingresso di un garage interrato dove \u00e8 rimasta ferita una persona. L&#8217;allarme \u00e8 scattato a mezzanotte e mezza e i pompieri sono arrivati con il personale di prima partenza, hanno messo in sicurezza il mezzo, mentre l\u2019autista \u00e8 stato preso in cura dal personale sanitario del Suem per essere trasferito in ospedale. I carabinieri hanno eseguito i rilievi del sinistro. Le operazioni di soccorso dei vigili del fuoco sono terminate dopo circa un\u2019ora.<\/p>\n\n\t\t\t<style type='text\/css'>\n\t\t\t\t#gallery-2 {\n\t\t\t\t\tmargin: auto;\n\t\t\t\t}\n\t\t\t\t#gallery-2 .gallery-item {\n\t\t\t\t\tfloat: left;\n\t\t\t\t\tmargin-top: 10px;\n\t\t\t\t\ttext-align: center;\n\t\t\t\t\twidth: 50%;\n\t\t\t\t}\n\t\t\t\t#gallery-2 img {\n\t\t\t\t\tborder: 2px solid #cfcfcf;\n\t\t\t\t}\n\t\t\t\t#gallery-2 .gallery-caption {\n\t\t\t\t\tmargin-left: 0;\n\t\t\t\t}\n\t\t\t\t\/* see gallery_shortcode() in wp-includes\/media.php *\/\n\t\t\t<\/style>\n\t\t<div id='gallery-2' class='dt-gallery-container gallery galleryid-302408 gallery-columns-2 gallery-size-medium'><dl class='gallery-item'>\n\t\t\t\t<dt class='gallery-icon landscape'>\n\t\t\t\t\t<a class=\"rollover rollover-zoom dt-pswp-item\" title=\"f6fb1537-f36b-47e8-afc6-bc2a43413728\" data-dt-img-description=\"\" data-large_image_width=\"1280\" data-large_image_height=\"828\"href='https:\/\/www.radiopiu.net\/wordpress\/wp-content\/uploads\/2022\/10\/f6fb1537-f36b-47e8-afc6-bc2a43413728.jpg'><img loading=\"lazy\" decoding=\"async\" width=\"300\" height=\"194\" src=\"https:\/\/www.radiopiu.net\/wordpress\/wp-content\/uploads\/2022\/10\/f6fb1537-f36b-47e8-afc6-bc2a43413728-300x194.jpg\" class=\"attachment-medium size-medium\" alt=\"\" srcset=\"https:\/\/www.radiopiu.net\/wordpress\/wp-content\/uploads\/2022\/10\/f6fb1537-f36b-47e8-afc6-bc2a43413728-300x194.jpg 300w, https:\/\/www.radiopiu.net\/wordpress\/wp-content\/uploads\/2022\/10\/f6fb1537-f36b-47e8-afc6-bc2a43413728-1024x662.jpg 1024w, https:\/\/www.radiopiu.net\/wordpress\/wp-content\/uploads\/2022\/10\/f6fb1537-f36b-47e8-afc6-bc2a43413728-768x497.jpg 768w, https:\/\/www.radiopiu.net\/wordpress\/wp-content\/uploads\/2022\/10\/f6fb1537-f36b-47e8-afc6-bc2a43413728.jpg 1280w\" sizes=\"auto, (max-width: 300px) 100vw, 300px\" \/><\/a>\n\t\t\t\t<\/dt><\/dl><dl class='gallery-item'>\n\t\t\t\t<dt class='gallery-icon landscape'>\n\t\t\t\t\t<a class=\"rollover rollover-zoom dt-pswp-item\" title=\"88aa19c1-74ad-4f02-9905-ff131b767911\" data-dt-img-description=\"\" data-large_image_width=\"960\" data-large_image_height=\"758\"href='https:\/\/www.radiopiu.net\/wordpress\/wp-content\/uploads\/2022\/10\/88aa19c1-74ad-4f02-9905-ff131b767911.jpg'><img loading=\"lazy\" decoding=\"async\" width=\"300\" height=\"237\" src=\"https:\/\/www.radiopiu.net\/wordpress\/wp-content\/uploads\/2022\/10\/88aa19c1-74ad-4f02-9905-ff131b767911-300x237.jpg\" class=\"attachment-medium size-medium\" alt=\"\" srcset=\"https:\/\/www.radiopiu.net\/wordpress\/wp-content\/uploads\/2022\/10\/88aa19c1-74ad-4f02-9905-ff131b767911-300x237.jpg 300w, https:\/\/www.radiopiu.net\/wordpress\/wp-content\/uploads\/2022\/10\/88aa19c1-74ad-4f02-9905-ff131b767911-768x606.jpg 768w, https:\/\/www.radiopiu.net\/wordpress\/wp-content\/uploads\/2022\/10\/88aa19c1-74ad-4f02-9905-ff131b767911.jpg 960w\" sizes=\"auto, (max-width: 300px) 100vw, 300px\" \/><\/a>\n\t\t\t\t<\/dt><\/dl><br style=\"clear: both\" \/>\n\t\t\t<\/div>\n\n<p>&nbsp;<\/p>\n<hr \/>\n<p>&nbsp;<\/p>\n<blockquote>\n<h3 class=\"entry-title\">FUNGAIOLO SCIVOLA NEL BOSCO<\/h3>\n<\/blockquote>\n<p><strong><img loading=\"lazy\" decoding=\"async\" class=\"alignleft\" src=\"https:\/\/www.radiopiu.net\/wordpress\/wp-content\/uploads\/2021\/10\/salt_20211022_181534_590.jpg\" width=\"221\" height=\"166\" \/>SOVRAMONTE\u00a0<\/strong> Attorno alle 13.30 di ieri il Soccorso alpino di Feltre \u00e8 stato attivato per un cercatore di funghi ruzzolato per alcuni metri nei boschi in localit\u00e0 Moline, la richiesta arrivata da una persona che si trovava con lui. Risaliti alla posizione, una squadra ha raggiunto il luogo dell\u2019incidente, all\u2019altezza del terzo tornante della strada che porta a Zorzoi. Sul posto anche l\u2019elicottero del Suem di Pieve di Cadore, che \u00e8 stato guidato dai segnali del chiamante uscito dalla vegetazione in un tratto visibile. Sbarcati con un verricello nelle vicinanze, medico e tecnico di elisoccorso hanno raggiunto l\u2019infortunato, un 71enne di Villa del Conte (PD), che aveva riportato un sospetto trauma cranico e alla colonna. Prestate le prime cure, l\u2019infortunato \u00e8 stato imbarellato e trasportato dai soccorritori una trentina di metri, per arrivare in un luogo aperto e permettere pi\u00f9 agevolmente il recupero, avvenuto con 50 metri di verricello. Il fungaiolo \u00e8 stato trasportato all\u2019ospedale di Belluno.<br \/>\nFOTO ARCHIVIO RADIOPIU<\/p>\n<p>&nbsp;<\/p>\n<hr \/>\n<p>&nbsp;<\/p>\n<blockquote>\n<h3>TRE ANNI PER GLI ATTI PERSECUTORI SULLA DIPENDENTE<\/h3>\n<p>oggi sul Corriere delle Alpi, Gigi Sosso<\/p><\/blockquote>\n<p><img loading=\"lazy\" decoding=\"async\" class=\"alignleft\" src=\"https:\/\/www.radiopiu.net\/wordpress\/wp-content\/uploads\/2022\/03\/TRIBUNALE-2.jpg\" width=\"221\" height=\"166\" \/><strong>BELLUNO<\/strong> Senza colpevoli l&#8217;auto crivellata di proiettili per gelosia. Era la notte del 29 dicembre 2014 e tutti i reati (minaccia e danneggiamento aggravati, fabbricazione di documenti falsi, sostituzione di persona e spaccio di droga) sono prescritti: sentenza di non doversi procedere per il presunto esecutore materiale Claudio Pietrobon. Mentre il presunto mandante Renato Carpene \u00e8 stato condannato a tre anni di reclusione per atti persecutori verso l&#8217;odontotecnico di Trichiana, ex datore di lavoro della ragazza morta a 22 anni, il 26 gennaio 2016, per un&#8217;insufficienza cardiaca che le ha provocato un infarto. Il risarcimento danni andr\u00e0 definito in sede civile con l&#8217;avvocato Martino Fogliato, intanto il giudice Antonella Coniglio non ha disposto alcuna provvisionale.<\/p>\n<p>&nbsp;<\/p>\n<hr \/>\n<p>&nbsp;<\/p>\n<blockquote>\n<h3>E&#8217; MANCATO L&#8217;AMATO MISTER DAI LUNGHI BAFFI<\/h3>\n<\/blockquote>\n<p><strong><a class=\"dt-pswp-item\" href=\"https:\/\/www.radiopiu.net\/wordpress\/wp-content\/uploads\/2022\/10\/Senza-nome-57.jpg\" data-dt-img-description=\"\" data-large_image_width=\"116\" data-large_image_height=\"119\"><img loading=\"lazy\" decoding=\"async\" class=\" wp-image-302558 alignleft\" src=\"https:\/\/www.radiopiu.net\/wordpress\/wp-content\/uploads\/2022\/10\/Senza-nome-57.jpg\" alt=\"\" width=\"83\" height=\"85\" \/><\/a>PONTE NELLE ALPI<\/strong> Walter Frandoli \u00e8 morto ieri mattina, all&#8217;ospedale di Oderzo, dove era ricoverato per un male incurabile. Mondo del calcio pontalpino in lutto per l&#8217;allenatore trevigiano, che mel\u00f2 1996 port\u00f2 la squadra dalla promozione all&#8217;Eccellenza, mai fu raggiunto un cos\u00ec importante risultato\u00a0 prima della fusione col Belluno. Frandoli aveva 72 anni e un passato da calciatore anche in serie C, con la maglia del Treviso.\u00a0 Ultimamente era entrato nell&#8217;agone della politica\u00a0 come consigliere comunale, a Treviso, con la Lega Nord<\/p>\n<p>&nbsp;<\/p>\n<p>&nbsp;<\/p>\n<hr \/>\n<p>&nbsp;<\/p>\n<blockquote>\n<h3>BONUS FINO A 500 EURO NELLE CASE DI RIPOSO DI ZOLDO E LONGARONE<\/h3>\n<\/blockquote>\n<div align=\"left\"><strong>BELLUNO\u00a0<\/strong> <span style=\"color: #000000; font-family: Helvetica;\">250 euro lordi per ogni segnalazione di un candidato con competenze da operatore socio-sanitario nel caso in cui il candidato superi il periodo dei tre mesi di prova e venga assunto e altri 250 al quarto mese di permanenza della nuova risorsa. Il premio per i dipendenti che si mettono in gioco per aiutare a trovare personale \u00e8 previsto dall\u2019accordo integrativo firmato nei giorni scorsi dal direttore generale dell\u2019Azienda speciale consortile \u201cServizi alla Persona Longarone Zoldo a.s.c.\u201d con i rappresentanti sindacali Andrea Fiocco (Cgil Fp), Mario De Boni e Leone Zingales (Cisl Fp), Simone Centa (Fisascat Cisl) e Marina Carelli (Uil Fpl). <\/span><span style=\"color: #000000; font-family: Helvetica;\"><em>\u201cL\u2019azienda &#8211; si legge nell\u2019accordo &#8211; intende mettere il proprio personale nelle migliori condizioni economiche e lavorative, confidando che tali condizioni rappresentino il presupposto ideale per erogare la miglior assistenza e i migliori servizi all\u2019utenza, ma anche gratificare l\u2019impegno e lo sforzo profuso dal proprio personale\u201d.<\/em> L\u2019accordo integrativo, che avr\u00e0 <a class=\"dt-pswp-item\" href=\"https:\/\/www.radiopiu.net\/wordpress\/wp-content\/uploads\/2022\/10\/Senza-nome-54.jpg\" data-dt-img-description=\"\" data-large_image_width=\"361\" data-large_image_height=\"320\"><img loading=\"lazy\" decoding=\"async\" class=\"wp-image-302446 alignleft\" src=\"https:\/\/www.radiopiu.net\/wordpress\/wp-content\/uploads\/2022\/10\/Senza-nome-54-300x266.jpg\" alt=\"\" width=\"170\" height=\"151\" srcset=\"https:\/\/www.radiopiu.net\/wordpress\/wp-content\/uploads\/2022\/10\/Senza-nome-54-300x266.jpg 300w, https:\/\/www.radiopiu.net\/wordpress\/wp-content\/uploads\/2022\/10\/Senza-nome-54.jpg 361w\" sizes=\"auto, (max-width: 170px) 100vw, 170px\" \/><\/a>validit\u00e0 fino al 31 dicembre 2023 a partire da ottobre 2022, introduce a favore dei propri dipendenti l\u2019erogazione del buono pasto da 8 euro per ogni giorno lavorato in presenza, il che significa un aumento medio per ogni lavoratore di 200 euro al mese in welfare.\u00a0\u00a0<\/span><\/div>\n<div align=\"left\"><\/div>\n<div align=\"left\"><strong>LEONE ZINGALES, CISL-FP <\/strong><\/div>\n<div align=\"left\">\n<audio class=\"wp-audio-shortcode\" id=\"audio-302408-1\" preload=\"none\" style=\"width: 100%;\" controls=\"controls\"><source type=\"audio\/mpeg\" src=\"https:\/\/www.radiopiu.net\/wordpress\/wp-content\/uploads\/2022\/10\/ZINGALES.mp3?_=1\" \/><a href=\"https:\/\/www.radiopiu.net\/wordpress\/wp-content\/uploads\/2022\/10\/ZINGALES.mp3\">https:\/\/www.radiopiu.net\/wordpress\/wp-content\/uploads\/2022\/10\/ZINGALES.mp3<\/a><\/audio>\n<p>&nbsp;<\/p>\n<p>&nbsp;<\/p>\n<hr \/>\n<p>&nbsp;<\/p>\n<blockquote>\n<h3>PRESTO INIZIA LA SPERIMENTAZIONE AL SEMAFORO DI BALDENICH<\/h3>\n<\/blockquote>\n<p><strong><a class=\"dt-pswp-item\" href=\"https:\/\/www.radiopiu.net\/wordpress\/wp-content\/uploads\/2022\/10\/Schermata-2022-10-20-alle-17.19.12.png\" data-dt-img-description=\"\" data-large_image_width=\"1018\" data-large_image_height=\"596\"><img loading=\"lazy\" decoding=\"async\" class=\" wp-image-302480 alignleft\" src=\"https:\/\/www.radiopiu.net\/wordpress\/wp-content\/uploads\/2022\/10\/Schermata-2022-10-20-alle-17.19.12-300x176.png\" alt=\"\" width=\"189\" height=\"111\" srcset=\"https:\/\/www.radiopiu.net\/wordpress\/wp-content\/uploads\/2022\/10\/Schermata-2022-10-20-alle-17.19.12-300x176.png 300w, https:\/\/www.radiopiu.net\/wordpress\/wp-content\/uploads\/2022\/10\/Schermata-2022-10-20-alle-17.19.12-768x450.png 768w, https:\/\/www.radiopiu.net\/wordpress\/wp-content\/uploads\/2022\/10\/Schermata-2022-10-20-alle-17.19.12.png 1018w\" sizes=\"auto, (max-width: 189px) 100vw, 189px\" \/><\/a>BELLUNO <\/strong>Sistemato il semaforo di Baldenich: a breve partir\u00e0 la sperimentazione. Un\u2019ordinanza firmata ieri dal comandante della polizia locale, avvia un nuovo funzionamento per l\u2019impianto\u00a0 all\u2019incrocio fra la fra le vie F. Pellegrini, F.M. Colle e Vittorio Veneto. La misura nasce dall\u2019aver verificato come negli orari non di punta il traffico all\u2019incrocio fosse pi\u00f9 scorrevole nei momenti in cui il semaforo, non funzionante a causa di danni alle componenti interne, lampeggiava. Nelle ultime settimane il semaforo in questione ha alternato periodi di funzionamento e periodi di solo lampeggio a causa della rottura di componenti interne e dell\u2019impossibilit\u00e0 di trovare soluzioni definitive prima della sostituzione in toto delle parti. Questo ha permesso di verificare come il lampeggio determinasse un visibile miglioramento della fluidita\u0300 della circolazione, quando i volumi di traffico sono meno intensi, con effetti positivi anche sulla qualit\u00e0 dell\u2019aria. Da qui l\u2019idea di sperimentare, proprio a partire da questo incrocio, un nuovo sistema di regolazione dei flussi. Temporaneamente, per sei mesi ed in via sperimentale, il funzionamento dell\u2019impianto semaforico sar\u00e0 tradizionale, a tempi fissi, dalle 7.30 alle 9, dalle 12 alle 13.30 e dalle 17.30 alle 19, gli orari di maggior passaggio, mentre per il resto della giornata sar\u00e0 a luci gialle lampeggianti. L\u2019ordinanza, gi\u00e0 pubblicata nell\u2019albo pretorio del Comune, entrer\u00e0 in vigore non appena sar\u00e0 posata l\u2019apposita segnaletica. L\u2019impianto \u00e8 stato aggiustato, con la sostituzione di tutte le componenti danneggiate, mercoled\u00ec. Le operazioni sono iniziate di primo mattino per concludersi nel tardo pomeriggio, quando il semaforo \u00e8 tornato a funzionare perfettamente. Ci sono volute settimane per riuscire a ripristinare l\u2019impianto e il suo funzionamento perch\u00e9 i pezzi da sostituire non erano immediatamente disponibili, come molti materiali in questo periodo, e cos\u00ec nel frattempo gli elettricisti si sono recati quasi quotidianamente all\u2019incrocio per tamponare il problema con soluzioni che, tuttavia, si rivelavano sempre temporanee.<\/p>\n<p><strong>IL SINDACO DI BELLUNO OSCAR DE PELLEGRIN<\/strong><\/p>\n<audio class=\"wp-audio-shortcode\" id=\"audio-302408-2\" preload=\"none\" style=\"width: 100%;\" controls=\"controls\"><source type=\"audio\/mpeg\" src=\"https:\/\/www.radiopiu.net\/wordpress\/wp-content\/uploads\/2022\/10\/sindaco-su-ordinanza-semaforo.mp3?_=2\" \/><a href=\"https:\/\/www.radiopiu.net\/wordpress\/wp-content\/uploads\/2022\/10\/sindaco-su-ordinanza-semaforo.mp3\">https:\/\/www.radiopiu.net\/wordpress\/wp-content\/uploads\/2022\/10\/sindaco-su-ordinanza-semaforo.mp3<\/a><\/audio>\n<p>&nbsp;<\/p>\n<blockquote>\n<h3>NUOVI ORARI SPERIMENTALI PER IL SEMAFORO DI BALDENICH<\/h3>\n<\/blockquote>\n<p><strong><a class=\"dt-pswp-item\" href=\"https:\/\/www.radiopiu.net\/wordpress\/wp-content\/uploads\/2022\/02\/Palazzo-rosso-illuminato-2-scaled.jpg\" data-dt-img-description=\"\" data-large_image_width=\"2560\" data-large_image_height=\"1707\"><img loading=\"lazy\" decoding=\"async\" class=\" wp-image-258762 alignleft\" src=\"https:\/\/www.radiopiu.net\/wordpress\/wp-content\/uploads\/2022\/02\/Palazzo-rosso-illuminato-2-300x200.jpg\" alt=\"\" width=\"164\" height=\"109\" srcset=\"https:\/\/www.radiopiu.net\/wordpress\/wp-content\/uploads\/2022\/02\/Palazzo-rosso-illuminato-2-300x200.jpg 300w, https:\/\/www.radiopiu.net\/wordpress\/wp-content\/uploads\/2022\/02\/Palazzo-rosso-illuminato-2-1024x683.jpg 1024w, https:\/\/www.radiopiu.net\/wordpress\/wp-content\/uploads\/2022\/02\/Palazzo-rosso-illuminato-2-768x512.jpg 768w, https:\/\/www.radiopiu.net\/wordpress\/wp-content\/uploads\/2022\/02\/Palazzo-rosso-illuminato-2-1536x1024.jpg 1536w, https:\/\/www.radiopiu.net\/wordpress\/wp-content\/uploads\/2022\/02\/Palazzo-rosso-illuminato-2-2048x1365.jpg 2048w\" sizes=\"auto, (max-width: 164px) 100vw, 164px\" \/><\/a>BELLUNO<\/strong> Partir\u00e0 a giorni a Belluno la sperimentazione dei nuovi orari di funzionamento del semaforo di Baldenich. I recenti problemi all&#8217;impianto hanno evidenziato infatti come nelle ore meno trafficate con il semaforo fuori uso si siano registrate meno code.<\/p>\n<p><strong>di Daniele Dalvit<\/strong><\/p>\n<audio class=\"wp-audio-shortcode\" id=\"audio-302408-3\" preload=\"none\" style=\"width: 100%;\" controls=\"controls\"><source type=\"audio\/mpeg\" src=\"https:\/\/www.radiopiu.net\/wordpress\/wp-content\/uploads\/2022\/10\/DALVIT-SEMAFORO-BALDENICH.mp3?_=3\" \/><a href=\"https:\/\/www.radiopiu.net\/wordpress\/wp-content\/uploads\/2022\/10\/DALVIT-SEMAFORO-BALDENICH.mp3\">https:\/\/www.radiopiu.net\/wordpress\/wp-content\/uploads\/2022\/10\/DALVIT-SEMAFORO-BALDENICH.mp3<\/a><\/audio>\n<p>&nbsp;<\/p>\n<p><strong>IL SINDACO DI BELLUNO OSCAR DE PELLEGRIN<\/strong><\/p>\n<div style=\"width: 1200px;\" class=\"wp-video\"><video class=\"wp-video-shortcode\" id=\"video-302408-1\" width=\"1200\" height=\"675\" preload=\"metadata\" controls=\"controls\"><source type=\"video\/mp4\" src=\"https:\/\/www.radiopiu.net\/wordpress\/wp-content\/uploads\/2022\/10\/IMG_5545.mp4?_=1\" \/><a href=\"https:\/\/www.radiopiu.net\/wordpress\/wp-content\/uploads\/2022\/10\/IMG_5545.mp4\">https:\/\/www.radiopiu.net\/wordpress\/wp-content\/uploads\/2022\/10\/IMG_5545.mp4<\/a><\/video><\/div>\n<p>&nbsp;<\/p>\n<hr \/>\n<p>&nbsp;<\/p>\n<blockquote>\n<h3>NUOVA GRIGLIA AL DEPURATORE DI AURONZO<\/h3>\n<\/blockquote>\n<p><strong><a class=\"dt-pswp-item\" href=\"https:\/\/www.radiopiu.net\/wordpress\/wp-content\/uploads\/2022\/10\/nuova_griglia_Auronzo.jpg\" data-dt-img-description=\"\" data-large_image_width=\"1600\" data-large_image_height=\"1200\"><img loading=\"lazy\" decoding=\"async\" class=\" wp-image-302471 alignleft\" src=\"https:\/\/www.radiopiu.net\/wordpress\/wp-content\/uploads\/2022\/10\/nuova_griglia_Auronzo-300x225.jpg\" alt=\"\" width=\"175\" height=\"131\" srcset=\"https:\/\/www.radiopiu.net\/wordpress\/wp-content\/uploads\/2022\/10\/nuova_griglia_Auronzo-300x225.jpg 300w, https:\/\/www.radiopiu.net\/wordpress\/wp-content\/uploads\/2022\/10\/nuova_griglia_Auronzo-1024x768.jpg 1024w, https:\/\/www.radiopiu.net\/wordpress\/wp-content\/uploads\/2022\/10\/nuova_griglia_Auronzo-768x576.jpg 768w, https:\/\/www.radiopiu.net\/wordpress\/wp-content\/uploads\/2022\/10\/nuova_griglia_Auronzo-1536x1152.jpg 1536w, https:\/\/www.radiopiu.net\/wordpress\/wp-content\/uploads\/2022\/10\/nuova_griglia_Auronzo.jpg 1600w\" sizes=\"auto, (max-width: 175px) 100vw, 175px\" \/><\/a>BELLUNO<\/strong> Si sono conclusi nei giorni scorsi i lavori di manutenzione straordinaria al depuratore di Tarlisse, il principale in Comune di Auronzo, a servizio di tutto il centro cittadino e con potenzialit\u00e0 di oltre 17mila abitanti equivalenti. Bim Gsp, infatti, ha provveduto ad installare nel comparto di pretrattamento in testa all\u2019impianto una nuova griglia, a pettine rotante, in sostituzione dell\u2019esistente, ormai datata e malfunzionante. L\u2019apparecchiatura, gi\u00e0 in opera, garantisce l\u2019eliminazione dal refluo proveniente dalla rete fognaria dei materiali solidi pi\u00f9 grossolani, come ad esempio cotton-fioc, pannolini, plastiche o altro erroneamente smaltiti in fognatura e che, se non sottratti tempestivamente, andrebbero a compromettere la corretta funzionalit\u00e0 dell\u2019impianto e l\u2019efficacia del processo depurativo. La nuova grigia \u00e8, inoltre, dotata di un sistema per la compattazione dei rifiuti raccolti. L\u2019intervento, durato pochi giorni, \u00e8 solo il primo stralcio di un\u2019opera pi\u00f9 complessa che verr\u00e0 realizzata nel 2023 e che prevede, con un investimento di 200mila euro, l\u2019adeguamento e il rinnovamento dell\u2019intero comparto di pretrattamento.<\/p>\n<p>&nbsp;<\/p>\n<hr \/>\n<p>&nbsp;<\/p>\n<div class=\"page-title-head hgroup\">\n<blockquote>\n<h3 class=\"entry-title\" style=\"text-align: left;\">LUXOTTICA, FATTURATO TERZO TRIMESTRE \u201cRITMO DI CRESCITA STABILE\u201d<\/h3>\n<\/blockquote>\n<\/div>\n<div class=\"page-title-breadcrumbs\"><strong><img loading=\"lazy\" decoding=\"async\" class=\"alignleft\" src=\"https:\/\/www.radiopiu.net\/wordpress\/wp-content\/uploads\/2022\/06\/LUXOTTICA-9-scaled.jpg\" width=\"203\" height=\"135\" \/>AGORDO\u00a0<\/strong> EssilorLuxottica annuncia che i ricavi consolidati del terzo trimestre 2022 sono stati pari a 6.394 milioni di Euro, con un aumento dell&#8217;8,2%, rispetto al terzo trimestre 2021 (+17%). Francesco Milleri, Presidente e Amministratore Delegato, e Paul du Saillant, Vice Amministratore Delegato di EssilorLuxottica, hanno commentato: \u201c<em>Siamo orgogliosi della solida performance che il Gruppo ha ottenuto nel terzo trimestre dell\u2019anno, con tutte le aree geografiche in crescita, dall&#8217;Asia Pacifico all&#8217;America Latina, dall&#8217;EMEA al Nord America. I risultati dimostrano ancora una volta la forza <\/em><em>del nostro modello di business, nonch\u00e9 le capacit\u00e0 e la determinazione delle nostre circa 200.000 <\/em><em>persone nel mondo, impegnate nel realizzare la visione a lungo termine che abbiamo condiviso in <\/em><em>occasione del Capital Market Day. Abbiamo ottenuto il sesto posto nella classifica Change the World di Fortune per il nostro impatto sociale positivo e abbiamo celebrato la Giornata Mondiale della Vista offrendo cure oculistiche a oltre 350.000 bambini e adulti nel mondo, il tutto nella stessa settimana. Crescita economica e supporto alle nostre comunit\u00e0 vanno sempre di pari passo e questo si lega al nostro impegno a far crescere il mercato, a beneficio di tutti gli stakeholder. Guardiamo al futuro con fiducia, forti della nostra visione strategica e della capacit\u00e0 di realizzare le nostre prospettive a lungo termine\u201d. <\/em>Nei primi nove mesi del 2022 il fatturato \u00e8 stato pari a 18.388 milioni di Euro, in crescita dell&#8217;8,8% rispetto allo stesso periodo del 2021. La crescita su base annua \u00e8 rimasta forte durante i primi tre trimestri dell&#8217;anno, nonostante la base di confronto progressivamente pi\u00f9 difficile.<\/div>\n<p>&nbsp;<\/p>\n<hr \/>\n<p>&nbsp;<\/p>\n<blockquote>\n<h3>SCOPRIAMO COS&#8217;E&#8217; IL GRUPPO DI ACQUISTO SOLIDALE<br \/>\nospite FABIA COSTANTINI vice presidente G.A.S.<\/h3>\n<\/blockquote>\n<p><strong>di Brunella Moro\u00a0<\/strong><\/p>\n<audio class=\"wp-audio-shortcode\" id=\"audio-302408-4\" preload=\"none\" style=\"width: 100%;\" controls=\"controls\"><source type=\"audio\/mpeg\" src=\"https:\/\/www.radiopiu.net\/wordpress\/wp-content\/uploads\/2022\/10\/GAS-BELLUNO.mp3?_=4\" \/><a href=\"https:\/\/www.radiopiu.net\/wordpress\/wp-content\/uploads\/2022\/10\/GAS-BELLUNO.mp3\">https:\/\/www.radiopiu.net\/wordpress\/wp-content\/uploads\/2022\/10\/GAS-BELLUNO.mp3<\/a><\/audio>\n<\/div>\n<p>Ci sono 6 GAS in provincia : Cadore, Feltre, Ponte nelle Alpi, Belluno, Limana, Sedico&#8230; sarebbe bello sorgesse un Gas ad Agordo. Come funziona: ci si associa e quando il Gas fa le proposte di acquisto (facendo il nome dell &#8216;azienda, prodotto e costo)\u00a0 viene comunicato, e il socio fa l\u2019ordine al Gas tramite whatsapp Il direttivo del gas \u00e8 formato da soci volontari eletti dall&#8217;assemblea.<\/p>\n<p><a class=\"dt-pswp-item\" href=\"https:\/\/www.radiopiu.net\/wordpress\/wp-content\/uploads\/2022\/10\/87d299c0-0c32-4363-9307-f5a6e34bd9d9.jpg\" data-dt-img-description=\"\" data-large_image_width=\"1000\" data-large_image_height=\"1416\"><img loading=\"lazy\" decoding=\"async\" class=\"alignnone size-medium wp-image-302422\" src=\"https:\/\/www.radiopiu.net\/wordpress\/wp-content\/uploads\/2022\/10\/87d299c0-0c32-4363-9307-f5a6e34bd9d9-212x300.jpg\" alt=\"\" width=\"212\" height=\"300\" srcset=\"https:\/\/www.radiopiu.net\/wordpress\/wp-content\/uploads\/2022\/10\/87d299c0-0c32-4363-9307-f5a6e34bd9d9-212x300.jpg 212w, https:\/\/www.radiopiu.net\/wordpress\/wp-content\/uploads\/2022\/10\/87d299c0-0c32-4363-9307-f5a6e34bd9d9-723x1024.jpg 723w, https:\/\/www.radiopiu.net\/wordpress\/wp-content\/uploads\/2022\/10\/87d299c0-0c32-4363-9307-f5a6e34bd9d9-768x1087.jpg 768w, https:\/\/www.radiopiu.net\/wordpress\/wp-content\/uploads\/2022\/10\/87d299c0-0c32-4363-9307-f5a6e34bd9d9.jpg 1000w\" sizes=\"auto, (max-width: 212px) 100vw, 212px\" \/><\/a><\/p>\n<p>&nbsp;<\/p>\n<p>&nbsp;<\/p>\n<hr \/>\n<p>&nbsp;<\/p>\n<blockquote>\n<h3>DOMANI: FUOCHI PER L&#8217;AUTONOMIA 2022<\/h3>\n<\/blockquote>\n<p><strong><img loading=\"lazy\" decoding=\"async\" class=\"alignleft\" src=\"https:\/\/www.radiopiu.net\/wordpress\/wp-content\/uploads\/2021\/10\/th-20.jpg\" width=\"177\" height=\"132\" \/>REDAZIONE<\/strong>\u00a0<b>\u00a0<\/b>Tornano sabato per l&#8217;undicesimo anno consecutivo i Fuochi per l&#8217;autonomia organizzati dal movimento Belluno Autonoma Regione Dolomiti.<\/p>\n<p>&nbsp;<\/p>\n<p>&nbsp;<\/p>\n<p>&nbsp;<\/p>\n<p><strong>IL PRESIDENTE BARD, ANDREA BONA \u00a0\u00a0<\/strong><\/p>\n<audio class=\"wp-audio-shortcode\" id=\"audio-302408-5\" preload=\"none\" style=\"width: 100%;\" controls=\"controls\"><source type=\"audio\/mpeg\" src=\"https:\/\/www.radiopiu.net\/wordpress\/wp-content\/uploads\/2022\/10\/Andrea-Bona-Presidente-Bard-Annuncio-fuochi-autonomia-2022.mp3?_=5\" \/><a href=\"https:\/\/www.radiopiu.net\/wordpress\/wp-content\/uploads\/2022\/10\/Andrea-Bona-Presidente-Bard-Annuncio-fuochi-autonomia-2022.mp3\">https:\/\/www.radiopiu.net\/wordpress\/wp-content\/uploads\/2022\/10\/Andrea-Bona-Presidente-Bard-Annuncio-fuochi-autonomia-2022.mp3<\/a><\/audio>\n<p>&nbsp;<\/p>\n<hr \/>\n<p>&nbsp;<\/p>\n<blockquote>\n<h3>LA PALLAVOLO BELLUNO STA CON ADMO<\/h3>\n<\/blockquote>\n<p><b>BELLUNO\u00a0 <\/b>La societ\u00e0 guidata dal presidente Sandro Da Rold \u00e8 testimonial ADMO. E la collaborazione nel segno dello sport e della solidariet\u00e0 \u00e8 stata ufficialmente svelata mercoled\u00ec scorso, in occasione del turno di campionato contro il Monselice Volley (vinto per 3-0 dai rinoceronti): altro club legato ad ADMO.<span class=\"gmail-Apple-converted-space\">\u00a0<\/span>Nello specifico i bellunesi collaboreranno per diffondere un messaggio di vita e promuovere la donazione di midollo osseo: unica cura efficace per molte malattie del sangue.<span class=\"gmail-Apple-converted-space\"> \u00a0<\/span>Una prima serata informativa ha coinvolto lo staff dirigenziale e gli atleti di Serie A3 (oltre ad alcuni di serie D) per raccontare cos\u2019\u00e8 ADMO e cosa significa diventare potenziali donatori: a quel punto, si \u00e8 deciso di percorrere questa splendida strada del dono.<span class=\"gmail-Apple-converted-space\"> \u00a0<\/span>Subito, infatti, otto pallavolisti hanno dato disponibilit\u00e0 per la tipizzazione, avvenuta poi nei giorni seguenti al Centro trasfusionale dell\u2019ospedale San Martino di Belluno:<em> \u00abUna bella sorpresa &#8211; spiegano i vertici dell\u2019associazione &#8211; \u00e8 stata scoprire che il capitano della squadra, Alex Paganin, era gi\u00e0 iscritto da tempo al registro donatori di midollo osseo\u00bb.<span class=\"gmail-Apple-converted-space\">\u00a0<\/span><\/em><\/p>\n<p>&nbsp;<\/p>\n<p><a class=\"dt-pswp-item\" href=\"https:\/\/www.radiopiu.net\/wordpress\/wp-content\/uploads\/2022\/10\/Insieme_per_ADMO.jpg\" data-dt-img-description=\"\" data-large_image_width=\"1280\" data-large_image_height=\"855\"><img loading=\"lazy\" decoding=\"async\" class=\"alignnone wp-image-302466 size-full\" src=\"https:\/\/www.radiopiu.net\/wordpress\/wp-content\/uploads\/2022\/10\/Insieme_per_ADMO.jpg\" alt=\"\" width=\"1280\" height=\"855\" srcset=\"https:\/\/www.radiopiu.net\/wordpress\/wp-content\/uploads\/2022\/10\/Insieme_per_ADMO.jpg 1280w, https:\/\/www.radiopiu.net\/wordpress\/wp-content\/uploads\/2022\/10\/Insieme_per_ADMO-300x200.jpg 300w, https:\/\/www.radiopiu.net\/wordpress\/wp-content\/uploads\/2022\/10\/Insieme_per_ADMO-1024x684.jpg 1024w, https:\/\/www.radiopiu.net\/wordpress\/wp-content\/uploads\/2022\/10\/Insieme_per_ADMO-768x513.jpg 768w\" sizes=\"auto, (max-width: 1280px) 100vw, 1280px\" \/><\/a><\/p>\n<p>&nbsp;<\/p>\n<blockquote><p><em>\u00abSe hai tra i 18 e i 35 anni e un peso corporeo superiore ai 50 kg &#8211; \u00e8 l\u2019appello di ADMO &#8211; fatti avanti. Come i ragazzi della DRL Volley Team: entra nella grande squadra del Registro italiano donatori di midollo osseo (IBMDR). Fai il prelievo di sangue necessario e dai la possibilit\u00e0 a te stesso di diventare il tipo giusto per quel \u201cqualcuno\u201d che sta giocando proprio oggi la sua partita pi\u00f9 importante: quella per la vita. Ringraziamo i pallavolisti che si sono subito messi in gioco: \u00e8 proprio il caso di dirlo, \u201csportivi fino al midollo\u201d\u00bb.<span class=\"gmail-Apple-converted-space\">\u00a0<\/span><\/em><\/p><\/blockquote>\n<p>&nbsp;<\/p>\n<p>&nbsp;<\/p>\n<p>&nbsp;<\/p>\n<hr \/>\n<p>&nbsp;<\/p>\n<p><span style=\"color: #ff0000;\"><strong>IERI ALLA RADIO&#8230; IL PRESIDENTE DELLA REGIONE LUCA ZAIA<\/strong><\/span><\/p>\n<blockquote>\n<h3><em><a class=\"dt-pswp-item\" href=\"https:\/\/www.radiopiu.net\/wordpress\/wp-content\/uploads\/2020\/11\/zaia.png\" data-dt-img-description=\"\" data-large_image_width=\"1430\" data-large_image_height=\"788\"><img loading=\"lazy\" decoding=\"async\" class=\"wp-image-172638 alignleft\" src=\"https:\/\/www.radiopiu.net\/wordpress\/wp-content\/uploads\/2020\/11\/zaia-300x165.png\" alt=\"\" width=\"140\" height=\"77\" srcset=\"https:\/\/www.radiopiu.net\/wordpress\/wp-content\/uploads\/2020\/11\/zaia-300x165.png 300w, https:\/\/www.radiopiu.net\/wordpress\/wp-content\/uploads\/2020\/11\/zaia-1024x564.png 1024w, https:\/\/www.radiopiu.net\/wordpress\/wp-content\/uploads\/2020\/11\/zaia-768x423.png 768w, https:\/\/www.radiopiu.net\/wordpress\/wp-content\/uploads\/2020\/11\/zaia.png 1430w\" sizes=\"auto, (max-width: 140px) 100vw, 140px\" \/><\/a>PERCHE&#8217; NON E&#8217; ANDATO A ROMA? &#8220;A far cosa? Ho tante robe qua da fare&#8221;<\/em><\/h3>\n<\/blockquote>\n<audio class=\"wp-audio-shortcode\" id=\"audio-302408-6\" preload=\"none\" style=\"width: 100%;\" controls=\"controls\"><source type=\"audio\/mpeg\" src=\"https:\/\/www.radiopiu.net\/wordpress\/wp-content\/uploads\/2022\/10\/luca-zaia.mp3?_=6\" \/><a href=\"https:\/\/www.radiopiu.net\/wordpress\/wp-content\/uploads\/2022\/10\/luca-zaia.mp3\">https:\/\/www.radiopiu.net\/wordpress\/wp-content\/uploads\/2022\/10\/luca-zaia.mp3<\/a><\/audio>\n<p>&nbsp;<\/p>\n<p>&nbsp;<\/p>\n<hr \/>\n<p>&nbsp;<\/p>\n<p><a class=\"dt-pswp-item\" href=\"https:\/\/www.radiopiu.net\/wordpress\/wp-content\/uploads\/2022\/10\/16898fc1-8fff-4df6-9293-780ed4a71183.jpg\" data-dt-img-description=\"\" data-large_image_width=\"800\" data-large_image_height=\"800\"><img loading=\"lazy\" decoding=\"async\" class=\"size-medium wp-image-302537 aligncenter\" src=\"https:\/\/www.radiopiu.net\/wordpress\/wp-content\/uploads\/2022\/10\/16898fc1-8fff-4df6-9293-780ed4a71183-300x300.jpg\" alt=\"\" width=\"300\" height=\"300\" srcset=\"https:\/\/www.radiopiu.net\/wordpress\/wp-content\/uploads\/2022\/10\/16898fc1-8fff-4df6-9293-780ed4a71183-300x300.jpg 300w, https:\/\/www.radiopiu.net\/wordpress\/wp-content\/uploads\/2022\/10\/16898fc1-8fff-4df6-9293-780ed4a71183-150x150.jpg 150w, https:\/\/www.radiopiu.net\/wordpress\/wp-content\/uploads\/2022\/10\/16898fc1-8fff-4df6-9293-780ed4a71183-768x768.jpg 768w, https:\/\/www.radiopiu.net\/wordpress\/wp-content\/uploads\/2022\/10\/16898fc1-8fff-4df6-9293-780ed4a71183.jpg 800w\" sizes=\"auto, (max-width: 300px) 100vw, 300px\" \/><\/a><\/p>\n<p>&nbsp;<\/p>\n<blockquote class=\"wp-embedded-content\" data-secret=\"Yk2cWPb8oj\"><p><a href=\"https:\/\/www.radiopiu.net\/wordpress\/aziendazeroottobre19\/\">SUPERATI I 50 RICOVERI IN TERAPIA INTENSIVA, 5 PAZIENTI IN MENO AL SAN MARTINO DI BELLUNO<\/a><\/p><\/blockquote>\n<p><iframe loading=\"lazy\" class=\"wp-embedded-content\" sandbox=\"allow-scripts\" security=\"restricted\" style=\"position: absolute; clip: rect(1px, 1px, 1px, 1px);\" title=\"&#8220;SUPERATI I 50 RICOVERI IN TERAPIA INTENSIVA, 5 PAZIENTI IN MENO AL SAN MARTINO DI BELLUNO&#8221; &#8212; Radio Pi\u00f9\" src=\"https:\/\/www.radiopiu.net\/wordpress\/aziendazeroottobre19\/embed\/#?secret=YGUOA1JEZj#?secret=Yk2cWPb8oj\" data-secret=\"Yk2cWPb8oj\" width=\"600\" height=\"338\" frameborder=\"0\" marginwidth=\"0\" marginheight=\"0\" scrolling=\"no\"><\/iframe><\/p>\n<p>&nbsp;<\/p>\n<h2>I GRAFICI DI TIZIANO DE COL<\/h2>\n\n\t\t\t<style type='text\/css'>\n\t\t\t\t#gallery-3 {\n\t\t\t\t\tmargin: auto;\n\t\t\t\t}\n\t\t\t\t#gallery-3 .gallery-item {\n\t\t\t\t\tfloat: left;\n\t\t\t\t\tmargin-top: 10px;\n\t\t\t\t\ttext-align: center;\n\t\t\t\t\twidth: 33%;\n\t\t\t\t}\n\t\t\t\t#gallery-3 img {\n\t\t\t\t\tborder: 2px solid #cfcfcf;\n\t\t\t\t}\n\t\t\t\t#gallery-3 .gallery-caption {\n\t\t\t\t\tmargin-left: 0;\n\t\t\t\t}\n\t\t\t\t\/* see gallery_shortcode() in wp-includes\/media.php *\/\n\t\t\t<\/style>\n\t\t<div id='gallery-3' class='dt-gallery-container gallery galleryid-302408 gallery-columns-3 gallery-size-thumbnail'><dl class='gallery-item'>\n\t\t\t\t<dt class='gallery-icon landscape'>\n\t\t\t\t\t<a class=\"rollover rollover-zoom dt-pswp-item\" title=\"3a0ba71c-a733-4aae-a5bd-94f0fb7e6d2b\" data-dt-img-description=\"\" data-large_image_width=\"613\" data-large_image_height=\"362\"href='https:\/\/www.radiopiu.net\/wordpress\/wp-content\/uploads\/2022\/10\/3a0ba71c-a733-4aae-a5bd-94f0fb7e6d2b.jpg'><img loading=\"lazy\" decoding=\"async\" width=\"150\" height=\"150\" src=\"https:\/\/www.radiopiu.net\/wordpress\/wp-content\/uploads\/2022\/10\/3a0ba71c-a733-4aae-a5bd-94f0fb7e6d2b-150x150.jpg\" class=\"attachment-thumbnail size-thumbnail\" alt=\"\" \/><\/a>\n\t\t\t\t<\/dt><\/dl><dl class='gallery-item'>\n\t\t\t\t<dt class='gallery-icon landscape'>\n\t\t\t\t\t<a class=\"rollover rollover-zoom dt-pswp-item\" title=\"1262a268-8426-4b45-aa88-4bd7c78914e2\" data-dt-img-description=\"\" data-large_image_width=\"597\" data-large_image_height=\"361\"href='https:\/\/www.radiopiu.net\/wordpress\/wp-content\/uploads\/2022\/10\/1262a268-8426-4b45-aa88-4bd7c78914e2.jpg'><img loading=\"lazy\" decoding=\"async\" width=\"150\" height=\"150\" src=\"https:\/\/www.radiopiu.net\/wordpress\/wp-content\/uploads\/2022\/10\/1262a268-8426-4b45-aa88-4bd7c78914e2-150x150.jpg\" class=\"attachment-thumbnail size-thumbnail\" alt=\"\" \/><\/a>\n\t\t\t\t<\/dt><\/dl><dl class='gallery-item'>\n\t\t\t\t<dt class='gallery-icon landscape'>\n\t\t\t\t\t<a class=\"rollover rollover-zoom dt-pswp-item\" title=\"d734f639-61f8-42e4-9ca2-51793561f682\" data-dt-img-description=\"\" data-large_image_width=\"606\" data-large_image_height=\"359\"href='https:\/\/www.radiopiu.net\/wordpress\/wp-content\/uploads\/2022\/10\/d734f639-61f8-42e4-9ca2-51793561f682.jpg'><img loading=\"lazy\" decoding=\"async\" width=\"150\" height=\"150\" src=\"https:\/\/www.radiopiu.net\/wordpress\/wp-content\/uploads\/2022\/10\/d734f639-61f8-42e4-9ca2-51793561f682-150x150.jpg\" class=\"attachment-thumbnail size-thumbnail\" alt=\"\" \/><\/a>\n\t\t\t\t<\/dt><\/dl><br style=\"clear: both\" \/><dl class='gallery-item'>\n\t\t\t\t<dt class='gallery-icon landscape'>\n\t\t\t\t\t<a class=\"rollover rollover-zoom dt-pswp-item\" title=\"b1b5d166-9905-493e-abe2-2fe6d5021aeb\" data-dt-img-description=\"\" data-large_image_width=\"612\" data-large_image_height=\"365\"href='https:\/\/www.radiopiu.net\/wordpress\/wp-content\/uploads\/2022\/10\/b1b5d166-9905-493e-abe2-2fe6d5021aeb.jpg'><img loading=\"lazy\" decoding=\"async\" width=\"150\" height=\"150\" src=\"https:\/\/www.radiopiu.net\/wordpress\/wp-content\/uploads\/2022\/10\/b1b5d166-9905-493e-abe2-2fe6d5021aeb-150x150.jpg\" class=\"attachment-thumbnail size-thumbnail\" alt=\"\" \/><\/a>\n\t\t\t\t<\/dt><\/dl><dl class='gallery-item'>\n\t\t\t\t<dt class='gallery-icon landscape'>\n\t\t\t\t\t<a class=\"rollover rollover-zoom dt-pswp-item\" title=\"7237aa3b-151b-4e7b-aeb9-88401a2e5264\" data-dt-img-description=\"\" data-large_image_width=\"614\" data-large_image_height=\"368\"href='https:\/\/www.radiopiu.net\/wordpress\/wp-content\/uploads\/2022\/10\/7237aa3b-151b-4e7b-aeb9-88401a2e5264.jpg'><img loading=\"lazy\" decoding=\"async\" width=\"150\" height=\"150\" src=\"https:\/\/www.radiopiu.net\/wordpress\/wp-content\/uploads\/2022\/10\/7237aa3b-151b-4e7b-aeb9-88401a2e5264-150x150.jpg\" class=\"attachment-thumbnail size-thumbnail\" alt=\"\" \/><\/a>\n\t\t\t\t<\/dt><\/dl><dl class='gallery-item'>\n\t\t\t\t<dt class='gallery-icon landscape'>\n\t\t\t\t\t<a class=\"rollover rollover-zoom dt-pswp-item\" title=\"ddd1f5be-48cc-49a2-a83c-e46166050733\" data-dt-img-description=\"\" data-large_image_width=\"610\" data-large_image_height=\"367\"href='https:\/\/www.radiopiu.net\/wordpress\/wp-content\/uploads\/2022\/10\/ddd1f5be-48cc-49a2-a83c-e46166050733.jpg'><img loading=\"lazy\" decoding=\"async\" width=\"150\" height=\"150\" src=\"https:\/\/www.radiopiu.net\/wordpress\/wp-content\/uploads\/2022\/10\/ddd1f5be-48cc-49a2-a83c-e46166050733-150x150.jpg\" class=\"attachment-thumbnail size-thumbnail\" alt=\"\" \/><\/a>\n\t\t\t\t<\/dt><\/dl><br style=\"clear: both\" \/>\n\t\t\t<\/div>\n\n<p>&nbsp;<\/p>\n<hr \/>\n<p>&nbsp;<\/p>\n<blockquote>\n<h3>GLI EXPIRIENCE WORK DAY DI ADECCO NEGLI ISTITUTI DELLA VAL BELLUNA<\/h3>\n<\/blockquote>\n<p><strong>BELLUNO<\/strong><\/p>\n<p>di Daniele Dalvit<\/p>\n<audio class=\"wp-audio-shortcode\" id=\"audio-302408-7\" preload=\"none\" style=\"width: 100%;\" controls=\"controls\"><source type=\"audio\/mpeg\" src=\"https:\/\/www.radiopiu.net\/wordpress\/wp-content\/uploads\/2022\/10\/DALVIT-ADECCO.mp3?_=7\" \/><a href=\"https:\/\/www.radiopiu.net\/wordpress\/wp-content\/uploads\/2022\/10\/DALVIT-ADECCO.mp3\">https:\/\/www.radiopiu.net\/wordpress\/wp-content\/uploads\/2022\/10\/DALVIT-ADECCO.mp3<\/a><\/audio>\n<p>&nbsp;<\/p>\n\n\t\t\t<style type='text\/css'>\n\t\t\t\t#gallery-4 {\n\t\t\t\t\tmargin: auto;\n\t\t\t\t}\n\t\t\t\t#gallery-4 .gallery-item {\n\t\t\t\t\tfloat: left;\n\t\t\t\t\tmargin-top: 10px;\n\t\t\t\t\ttext-align: center;\n\t\t\t\t\twidth: 50%;\n\t\t\t\t}\n\t\t\t\t#gallery-4 img {\n\t\t\t\t\tborder: 2px solid #cfcfcf;\n\t\t\t\t}\n\t\t\t\t#gallery-4 .gallery-caption {\n\t\t\t\t\tmargin-left: 0;\n\t\t\t\t}\n\t\t\t\t\/* see gallery_shortcode() in wp-includes\/media.php *\/\n\t\t\t<\/style>\n\t\t<div id='gallery-4' class='dt-gallery-container gallery galleryid-302408 gallery-columns-2 gallery-size-thumbnail'><dl class='gallery-item'>\n\t\t\t\t<dt class='gallery-icon landscape'>\n\t\t\t\t\t<a class=\"rollover rollover-zoom dt-pswp-item\" title=\"e30d9b56-5e53-4bcb-91b6-65b5ac88a5aa\" data-dt-img-description=\"\" data-large_image_width=\"1600\" data-large_image_height=\"900\"href='https:\/\/www.radiopiu.net\/wordpress\/wp-content\/uploads\/2022\/10\/e30d9b56-5e53-4bcb-91b6-65b5ac88a5aa.jpg'><img loading=\"lazy\" decoding=\"async\" width=\"150\" height=\"150\" src=\"https:\/\/www.radiopiu.net\/wordpress\/wp-content\/uploads\/2022\/10\/e30d9b56-5e53-4bcb-91b6-65b5ac88a5aa-150x150.jpg\" class=\"attachment-thumbnail size-thumbnail\" alt=\"\" \/><\/a>\n\t\t\t\t<\/dt><\/dl><dl class='gallery-item'>\n\t\t\t\t<dt class='gallery-icon landscape'>\n\t\t\t\t\t<a class=\"rollover rollover-zoom dt-pswp-item\" title=\"df939dad-f7c1-4bd4-9c62-777c690b6a68\" data-dt-img-description=\"\" data-large_image_width=\"1024\" data-large_image_height=\"768\"href='https:\/\/www.radiopiu.net\/wordpress\/wp-content\/uploads\/2022\/10\/df939dad-f7c1-4bd4-9c62-777c690b6a68.jpg'><img loading=\"lazy\" decoding=\"async\" width=\"150\" height=\"150\" src=\"https:\/\/www.radiopiu.net\/wordpress\/wp-content\/uploads\/2022\/10\/df939dad-f7c1-4bd4-9c62-777c690b6a68-150x150.jpg\" class=\"attachment-thumbnail size-thumbnail\" alt=\"\" \/><\/a>\n\t\t\t\t<\/dt><\/dl><br style=\"clear: both\" \/>\n\t\t\t<\/div>\n\n<p>&nbsp;<\/p>\n<hr \/>\n<p>&nbsp;<\/p>\n<blockquote>\n<h3>SABATO L&#8217;OTTAVA EDIZIONE DI SCHOOL RUN<\/h3>\n<\/blockquote>\n<p><strong><a class=\"dt-pswp-item\" href=\"https:\/\/www.radiopiu.net\/wordpress\/wp-content\/uploads\/2022\/10\/a2639f3f-b729-41fd-89a7-fe61d1c39b19.jpg\" data-dt-img-description=\"\" data-large_image_width=\"900\" data-large_image_height=\"600\"><img loading=\"lazy\" decoding=\"async\" class=\" wp-image-302502 alignleft\" src=\"https:\/\/www.radiopiu.net\/wordpress\/wp-content\/uploads\/2022\/10\/a2639f3f-b729-41fd-89a7-fe61d1c39b19-300x200.jpg\" alt=\"\" width=\"194\" height=\"129\" srcset=\"https:\/\/www.radiopiu.net\/wordpress\/wp-content\/uploads\/2022\/10\/a2639f3f-b729-41fd-89a7-fe61d1c39b19-300x200.jpg 300w, https:\/\/www.radiopiu.net\/wordpress\/wp-content\/uploads\/2022\/10\/a2639f3f-b729-41fd-89a7-fe61d1c39b19-768x512.jpg 768w, https:\/\/www.radiopiu.net\/wordpress\/wp-content\/uploads\/2022\/10\/a2639f3f-b729-41fd-89a7-fe61d1c39b19.jpg 900w\" sizes=\"auto, (max-width: 194px) 100vw, 194px\" \/><\/a>BELLUNO<\/strong> Torna sabato a Belluno per l&#8217;ottava edizione la Belluno School Run, la corsa che attraverso le vie e le piazze del centro citt\u00e0 coinvolge bambini e genitori delle scuole del capoluogo. Quest&#8217;anno la beneficenza sar\u00e0 doppia, verso il territorio e verso la popolazione ucraina.<\/p>\n<p><strong>di Daniele Dalvit<\/strong><\/p>\n<audio class=\"wp-audio-shortcode\" id=\"audio-302408-8\" preload=\"none\" style=\"width: 100%;\" controls=\"controls\"><source type=\"audio\/mpeg\" src=\"https:\/\/www.radiopiu.net\/wordpress\/wp-content\/uploads\/2022\/10\/DALVIT-SCHOOL-RUN.mp3?_=8\" \/><a href=\"https:\/\/www.radiopiu.net\/wordpress\/wp-content\/uploads\/2022\/10\/DALVIT-SCHOOL-RUN.mp3\">https:\/\/www.radiopiu.net\/wordpress\/wp-content\/uploads\/2022\/10\/DALVIT-SCHOOL-RUN.mp3<\/a><\/audio>\n<p>&nbsp;<\/p>\n<p><strong>GIANGIACOMO NICOLINI, RUN &amp; FUN TEAM<\/strong><\/p>\n<div style=\"width: 848px;\" class=\"wp-video\"><video class=\"wp-video-shortcode\" id=\"video-302408-2\" width=\"848\" height=\"480\" preload=\"metadata\" controls=\"controls\"><source type=\"video\/mp4\" src=\"https:\/\/www.radiopiu.net\/wordpress\/wp-content\/uploads\/2022\/10\/WhatsApp-Video-2022-10-20-at-19.22.19.mp4?_=2\" \/><a href=\"https:\/\/www.radiopiu.net\/wordpress\/wp-content\/uploads\/2022\/10\/WhatsApp-Video-2022-10-20-at-19.22.19.mp4\">https:\/\/www.radiopiu.net\/wordpress\/wp-content\/uploads\/2022\/10\/WhatsApp-Video-2022-10-20-at-19.22.19.mp4<\/a><\/video><\/div>\n<p>&nbsp;<\/p>\n<hr \/>\n<p>&nbsp;<\/p>\n<p><span style=\"color: #ff99cc;\"><strong><a class=\"dt-pswp-item\" href=\"https:\/\/www.radiopiu.net\/wordpress\/wp-content\/uploads\/2022\/10\/Senza-nome-49.jpg\" data-dt-img-description=\"\" data-large_image_width=\"158\" data-large_image_height=\"185\"><img loading=\"lazy\" decoding=\"async\" class=\"size-full wp-image-302266 alignleft\" src=\"https:\/\/www.radiopiu.net\/wordpress\/wp-content\/uploads\/2022\/10\/Senza-nome-49.jpg\" alt=\"\" width=\"158\" height=\"185\" \/><\/a>OTTOBRE ROSA CON LA ULSS1 DOLOMITI\u00a0<\/strong><\/span><\/p>\n<p><span style=\"color: #ff99cc;\"><strong>GLI INCONTRI ON LINE IN GMEET SULLA PREVENZIONE E CURA DEI TUMORI AL SENO<\/strong><\/span><\/p>\n<p><span style=\"color: #ff99cc;\"><strong>Oggi\u00a0 alle 18 &#8220;Seno con Senno&#8221;, tumore della mammella cosa si deve sapere con Laura Renon e Mauro Dal Soler (chirurghi). Mercoledi 26 ottobre alle 18 &#8220;Nuove cure per una migliore qualit\u00e0 di vita&#8221; con Caterina Fontanella (oncologa) e Alessandro Magli (radio terapista). Venerdi 28 ottobre alle 18 &#8220;Ricomincio da me&#8221; con Serena Zatta (make up artist) e Lunedi 31 ottobre alle 18 &#8220;Oltre la malattia con le associazioni&#8221; con Ados Belluno e Feltre<\/strong><\/span><\/p>\n<p><span style=\"color: #ff99cc;\"><strong>\u00a0\u00a0<\/strong><\/span><\/p>\n<hr \/>\n<p>&nbsp;<\/p>\n<p>&nbsp;<\/p>\n<blockquote>\n<h3>QUATTRO\u00a0 INCONTRI CON PETTIROSSO AGORDINO<\/h3>\n<\/blockquote>\n<p><strong><a class=\"dt-pswp-item\" href=\"https:\/\/www.radiopiu.net\/wordpress\/wp-content\/uploads\/2022\/05\/petti.jpg\" data-dt-img-description=\"\" data-large_image_width=\"269\" data-large_image_height=\"131\"><img loading=\"lazy\" decoding=\"async\" class=\"size-full wp-image-275145 alignleft\" src=\"https:\/\/www.radiopiu.net\/wordpress\/wp-content\/uploads\/2022\/05\/petti.jpg\" alt=\"\" width=\"269\" height=\"131\" \/><\/a>CENCENIGHE<\/strong> L&#8217;inizio \u00e8 per mercoled\u00ec 26 ottobre con &#8220;A casa con la demenza&#8221;, relatrice Silvia Bortolot, infermiera geriatrica in Germania, che illustrer\u00e0 strategie e consigli per una gestione pi\u00f9 serena della persona affetta da demenza, dall&#8217;ambiente alla comunicazione, per potersi capire meglio. Il 2 novembre sar\u00e0 affrontato il tema &#8220;Come districarsi fra burocrazia, ausili e movimentazioni&#8221; con Stefano Masini (assistente sociale di Asca) e Roberto Agnolet (fisioterapista) su &#8220;Come posso facilitare le autonomie?&#8221;. Il 9 novembre l&#8217;argomento trattato da Cristina Balest (educatrice) e Letizia Collazuol (coordinatrice dell&#8217;equipe Sersa) sar\u00e0 &#8220;La gestione della persona con demenza in struttura&#8221;. Conclusione il 16 novembre con &#8220;L&#8217;impegno a tempo pieno di chi assiste la persona con demenza&#8221; in cui Erica Calvi (psicologa di Sersa) evidenzier\u00e0 la fatica invisibile di chi si prende cura di una persona malata.<\/p>\n<p><strong>di Gianni Santomaso<\/strong><\/p>\n<audio class=\"wp-audio-shortcode\" id=\"audio-302408-9\" preload=\"none\" style=\"width: 100%;\" controls=\"controls\"><source type=\"audio\/mpeg\" src=\"https:\/\/www.radiopiu.net\/wordpress\/wp-content\/uploads\/2022\/10\/GIANNI-PETTIROSSO.mp3?_=9\" \/><a href=\"https:\/\/www.radiopiu.net\/wordpress\/wp-content\/uploads\/2022\/10\/GIANNI-PETTIROSSO.mp3\">https:\/\/www.radiopiu.net\/wordpress\/wp-content\/uploads\/2022\/10\/GIANNI-PETTIROSSO.mp3<\/a><\/audio>\n<p>&nbsp;<\/p>\n<hr \/>\n<p>&nbsp;<\/p>\n<blockquote>\n<div class=\"page-title-breadcrumbs\">\n<blockquote>\n<h3>DON CIOTTI LANCIA LA MARATONA OLIMPICA DELLA LEGALITA&#8217; CONTRO MAFIA E MALAFFARE. L&#8217;INCONTRO A BELLUNO<\/h3>\n<\/blockquote>\n<p><strong>LA DIRETTA<\/strong><\/p>\n<\/div>\n<p><iframe loading=\"lazy\" title=\"SEMINIAMO FIDUCIA E SPERANZA - LIBERA BELLUNO - CON DON LUIGI CIOTTI - 19 OTTOBRE 2022\" width=\"1200\" height=\"675\" src=\"https:\/\/www.youtube.com\/embed\/iIYnt4TEpW0?feature=oembed\" frameborder=\"0\" allow=\"accelerometer; autoplay; clipboard-write; encrypted-media; gyroscope; picture-in-picture\" allowfullscreen><\/iframe><\/p>\n<p>&nbsp;<\/p><\/blockquote>\n<p>&nbsp;<\/p>\n<hr \/>\n<p>&nbsp;<\/p>\n<blockquote>\n<h3 class=\"entry-title\">EMOZIONI E CREATIVITA\u2019 IN GIOCO<\/h3>\n<\/blockquote>\n<p><strong class=\"photoswipe-wrapper\"><a class=\"dt-pswp-item pspw-wrap-ready\" href=\"https:\/\/www.radiopiu.net\/wordpress\/wp-content\/uploads\/2022\/10\/Senza-nome-55.jpg\" data-dt-img-description=\"\" data-large_image_width=\"610\" data-large_image_height=\"271\"><img loading=\"lazy\" decoding=\"async\" class=\"size-medium wp-image-302475 alignleft\" src=\"https:\/\/www.radiopiu.net\/wordpress\/wp-content\/uploads\/2022\/10\/Senza-nome-55-300x133.jpg\" sizes=\"auto, (max-width: 300px) 100vw, 300px\" srcset=\"https:\/\/www.radiopiu.net\/wordpress\/wp-content\/uploads\/2022\/10\/Senza-nome-55-300x133.jpg 300w, https:\/\/www.radiopiu.net\/wordpress\/wp-content\/uploads\/2022\/10\/Senza-nome-55.jpg 610w\" alt=\"\" width=\"300\" height=\"133\" \/><\/a>FELTRE<\/strong>\u00a0Prendono il via a novembre due nuovi laboratori gratuiti dedicati a bambine e bambini dagli 8 ai 10 anni. L\u2019iniziativa, promossa dal Comune di Feltre, consiste in due percorsi laboratoriali attraverso cui i pi\u00f9 piccoli potranno scoprire giocando le proprie emozioni e le proprie potenzialit\u00e0 creative.<\/p>\n<p><strong>\u201cEmozioni in gioco\u201d\u00a0\u00a0<\/strong>I bambini sperimenteranno attivit\u00e0 espressive quali pittura, danza-movimento, scrittura creativa, giochi, tecniche teatrali, letture animate e pratiche corporee di rilassamento. Attraverso queste attivit\u00e0 potranno riconoscere le emozioni\u00a0 in quanto parti di s\u00e9 stessi, imparare ad esprimerle e comunicarle in sicurezza, accogliendole nella consapevolezza che nessuna emozione \u00e8 giusta o sbagliata, ma ognuna ha una propria ragione, un proprio processo e un proprio scopo. Ad accompagnare i piccoli in questo percorso ci sar\u00e0 Federica De Col, educatrice e formatrice esperienziale.<\/p>\n<p><strong>\u201cArted\u00ec\u201d<\/strong>\u00a0avviciner\u00e0 i bambini all\u2019arte e li guider\u00e0 alla scoperta della propria creativit\u00e0 e di nuovi linguaggi espressivi e di tratti nascosti di s\u00e9 stessi. Le attivit\u00e0, guidate da Lara Cossalter e Alex Berton, vedranno i ragazzi cimentarsi con strumenti, tecniche e tematiche varie e divertenti, quali la poesia visiva, il collage, i boschi immaginari, gli scribles.<\/p>\n<p>Ciascuno dei percorsi prevede 5 incontri della durata di 2 ore, una volta alla settimana a partire da met\u00e0 novembre, in orario 14.30 \u2013 16.30. La partecipazione \u00e8 gratuita e riservata a bambine e bambini di terza, quarta e quinta elementare. Iscrizioni su www.visitfeltre.info entro il 3 novembre<\/p>\n<p>&nbsp;<\/p>\n<p>&nbsp;<\/p>\n<hr \/>\n<p>&nbsp;<\/p>\n<blockquote>\n<h3>STASERA IN SALA DON TAMIS L&#8217;APPUNTAMENTO CON SERE D&#8217;AUTUNNO<\/h3>\n<p>LA PRESENTAZIONE DI GIANPAOLO SORATROI<\/p><\/blockquote>\n<audio class=\"wp-audio-shortcode\" id=\"audio-302408-10\" preload=\"none\" style=\"width: 100%;\" controls=\"controls\"><source type=\"audio\/mpeg\" src=\"https:\/\/www.radiopiu.net\/wordpress\/wp-content\/uploads\/2022\/10\/GIANPAOLO-1.mp3?_=10\" \/><a href=\"https:\/\/www.radiopiu.net\/wordpress\/wp-content\/uploads\/2022\/10\/GIANPAOLO-1.mp3\">https:\/\/www.radiopiu.net\/wordpress\/wp-content\/uploads\/2022\/10\/GIANPAOLO-1.mp3<\/a><\/audio>\n<p><img loading=\"lazy\" decoding=\"async\" class=\"aligncenter\" src=\"https:\/\/www.radiopiu.net\/wordpress\/wp-content\/uploads\/2021\/07\/SALA-DON-TAMIS.png\" width=\"278\" height=\"189\" \/><\/p>\n<p><strong>di Gianni Santomaso<\/strong><\/p>\n<audio class=\"wp-audio-shortcode\" id=\"audio-302408-11\" preload=\"none\" style=\"width: 100%;\" controls=\"controls\"><source type=\"audio\/mpeg\" src=\"https:\/\/www.radiopiu.net\/wordpress\/wp-content\/uploads\/2022\/10\/GIANNI-SERE-DAUTUNNO-1.mp3?_=11\" \/><a href=\"https:\/\/www.radiopiu.net\/wordpress\/wp-content\/uploads\/2022\/10\/GIANNI-SERE-DAUTUNNO-1.mp3\">https:\/\/www.radiopiu.net\/wordpress\/wp-content\/uploads\/2022\/10\/GIANNI-SERE-DAUTUNNO-1.mp3<\/a><\/audio>\n<p>&nbsp;<\/p>\n<hr \/>\n<p>&nbsp;<\/p>\n<blockquote>\n<h3>UN INCONTRO PER PRESENTARE LA FIGURA DELL&#8217;OPERATORE SOCIO SANITARIO<\/h3>\n<\/blockquote>\n<p><strong>BELLUNO <\/strong>In vista del prossimo corso di formazione per OSS, l\u2019Organismo di Formazione del Ce.I.S. di Belluno ha organizzato un incontro a partecipazione libera, per presentare il percorso formativo per diventare Operatore Socio Sanitario. L\u2019incontro si svolger\u00e0 mercoled\u00ec 26 ottobre, alle 17 presso la sede del Ce.I.S. in Via Rugo 21 a Belluno. La partecipazione \u00e8 libera.<\/p>\n<p>&nbsp;<\/p>\n<p>&nbsp;<\/p>\n<hr \/>\n<p>&nbsp;<\/p>\n<blockquote>\n<h3 style=\"text-align: left;\" align=\"CENTER\">L\u2019ASSOCIAZIONE \u201cPARENTI OSPITI CASA DI RIPOSO DI PONTE NELLE ALPI\u201d RINNOVA IL DIRETTIVO<\/h3>\n<\/blockquote>\n<p align=\"CENTER\"><em>L\u2019assemblea dei soci si terr\u00e0 il 24 ottobre presso la sala del Parco \u201cEx Casa Rossa\u201d<\/em><\/p>\n<p align=\"JUSTIFY\"><strong>BELLUNO<\/strong> L\u2019Associazione \u201cParenti Ospiti Casa di Riposo di Ponte nelle Alpi\u201d convoca l\u2019assemblea dei soci che si terr\u00e0 luned\u00ec 24 ottobre alle\u00a0 18.30,\u00a0 nella sala del Parco comunale \u201cEx Casa Rossa &#8211; Alessandro Mares\u201d e che vedr\u00e0 anche il rinnovo del direttivo. Il direttivo attuale si rende anche disponibile per un confronto; basta scrivere a giallissimo50@gmail.com<\/p>\n<p>&nbsp;<\/p>\n<p>&nbsp;<\/p>\n<hr \/>\n<p>&nbsp;<\/p>\n<blockquote>\n<h3>LA RASSEGNA DI MUSICA SACRA ORGANIZZATA DA ASAC VENETO<\/h3>\n<\/blockquote>\n<p><strong><a class=\"dt-pswp-item\" href=\"https:\/\/www.radiopiu.net\/wordpress\/wp-content\/uploads\/2021\/11\/ASAC-VENETO.png\" data-dt-img-description=\"\" data-large_image_width=\"534\" data-large_image_height=\"298\"><img loading=\"lazy\" decoding=\"async\" class=\" wp-image-241021 alignleft\" src=\"https:\/\/www.radiopiu.net\/wordpress\/wp-content\/uploads\/2021\/11\/ASAC-VENETO-300x167.png\" alt=\"\" width=\"180\" height=\"100\" srcset=\"https:\/\/www.radiopiu.net\/wordpress\/wp-content\/uploads\/2021\/11\/ASAC-VENETO-300x167.png 300w, https:\/\/www.radiopiu.net\/wordpress\/wp-content\/uploads\/2021\/11\/ASAC-VENETO.png 534w\" sizes=\"auto, (max-width: 180px) 100vw, 180px\" \/><\/a>BELLUNO<\/strong> Torna anche quest\u2019anno una nuova edizione della Rassegna corale di Musica Sacra intitolata alla memoria di don Sergio Manfroi, indimenticato direttore di coro e promotore della polifonia sul territorio provinciale. La Rassegna, che si svolgera\u0300 in due serate, e\u0300 organizzata dalla Consulta provincia di Belluno dell\u2019Associazione per lo sviluppo delle attivita\u0300 corali del Veneto presieduta da Alessandro Raschi. Domani, con inizio alle 20.45, nel Duomo di Feltre si esibiranno: il Coro polifonico del Centro Turistico Giovanile di Belluno diretto da Sebastiano Sitta; il gruppo corale \u201cVoci in valle\u201d di Sedico diretto da Bruno Cargnel, Fulvio Sagui e Marisa Santomaso; il Coro \u201cNuova Cantica\u201d di Belluno diretto da Luciano Borin. Sabato 29 ottobre, sempre con inizio alle 20.45, nella chiesa di S. Pietro in Belluno, si esibiranno: il Coro \u201cStelle Alpine\u201d di Tisoi e il Coro \u201cAntole\u201d diretti da Simone Da Gioz; il Coro \u201cBelluno Young Voices\u201d di Belluno diretto da Radmila Visentin; la Scuola interregionale di canto e teatro per voci bianche e giovanili \u201cLe Muse e le Dolomiti\u201d di Falcade diretta da Oda Zoe Hochscheid; il Coro \u201cConvivium\u201d di Arsie\u0300 diretto da Ronny Strappazzon.<\/p>\n<p>&nbsp;<\/p>\n<p>&nbsp;<\/p>\n<hr \/>\n<p>&nbsp;<\/p>\n<blockquote>\n<h3>IL CAMMINO DELLA SPERANZA<\/h3>\n<\/blockquote>\n<p><a class=\"dt-pswp-item\" href=\"https:\/\/www.radiopiu.net\/wordpress\/wp-content\/uploads\/2022\/09\/4c4f94b5-fab3-4659-9a07-49bdb222e14b.jpg\" data-dt-img-description=\"\" data-large_image_width=\"1131\" data-large_image_height=\"1600\"><img loading=\"lazy\" decoding=\"async\" class=\"size-medium wp-image-299334 alignleft\" src=\"https:\/\/www.radiopiu.net\/wordpress\/wp-content\/uploads\/2022\/09\/4c4f94b5-fab3-4659-9a07-49bdb222e14b-212x300.jpg\" alt=\"\" width=\"212\" height=\"300\" srcset=\"https:\/\/www.radiopiu.net\/wordpress\/wp-content\/uploads\/2022\/09\/4c4f94b5-fab3-4659-9a07-49bdb222e14b-212x300.jpg 212w, https:\/\/www.radiopiu.net\/wordpress\/wp-content\/uploads\/2022\/09\/4c4f94b5-fab3-4659-9a07-49bdb222e14b-724x1024.jpg 724w, https:\/\/www.radiopiu.net\/wordpress\/wp-content\/uploads\/2022\/09\/4c4f94b5-fab3-4659-9a07-49bdb222e14b-768x1086.jpg 768w, https:\/\/www.radiopiu.net\/wordpress\/wp-content\/uploads\/2022\/09\/4c4f94b5-fab3-4659-9a07-49bdb222e14b-1086x1536.jpg 1086w, https:\/\/www.radiopiu.net\/wordpress\/wp-content\/uploads\/2022\/09\/4c4f94b5-fab3-4659-9a07-49bdb222e14b.jpg 1131w\" sizes=\"auto, (max-width: 212px) 100vw, 212px\" \/><\/a><\/p>\n<p><strong>REDAZIONE<\/strong>\u00a0 Ilaria Zasso e Francesca Dai Pra hanno percorso il cammino per Santiago e una volta tornate a casa hanno messo in calendario degli incontri per presentare un loro documentario sul viaggio spirituale in Portogallo e Spagna. Il video viene presentato domani in sala Don Tamis ad Agordo alle 20.30 e venerdi 4 novembre a Cavarzano nella sala parrocchiale. Il ricavato delle serate ad offerta libera sar\u00e0 interamente devoluto all&#8217;Ados<\/p>\n<p>&nbsp;<\/p>\n<p>&nbsp;<\/p>\n<p>&nbsp;<\/p>\n<p><strong>L&#8217;INTERVISTA ALLA RADIO<\/strong><\/p>\n<audio class=\"wp-audio-shortcode\" id=\"audio-302408-12\" preload=\"none\" style=\"width: 100%;\" controls=\"controls\"><source type=\"audio\/mpeg\" src=\"https:\/\/www.radiopiu.net\/wordpress\/wp-content\/uploads\/2022\/09\/francesca-e-ilaria.mp3?_=12\" \/><a href=\"https:\/\/www.radiopiu.net\/wordpress\/wp-content\/uploads\/2022\/09\/francesca-e-ilaria.mp3\">https:\/\/www.radiopiu.net\/wordpress\/wp-content\/uploads\/2022\/09\/francesca-e-ilaria.mp3<\/a><\/audio>\n<p>&nbsp;<\/p>\n<hr \/>\n<p>&nbsp;<\/p>\n<blockquote>\n<h3><a class=\"dt-pswp-item\" href=\"https:\/\/www.radiopiu.net\/wordpress\/wp-content\/uploads\/2022\/10\/3c1fbb0b-5772-436c-b46a-43303cdbe20f.jpg\" data-dt-img-description=\"\" data-large_image_width=\"1130\" data-large_image_height=\"1600\"><img loading=\"lazy\" decoding=\"async\" class=\"wp-image-302423 alignleft\" src=\"https:\/\/www.radiopiu.net\/wordpress\/wp-content\/uploads\/2022\/10\/3c1fbb0b-5772-436c-b46a-43303cdbe20f-212x300.jpg\" alt=\"\" width=\"112\" height=\"158\" srcset=\"https:\/\/www.radiopiu.net\/wordpress\/wp-content\/uploads\/2022\/10\/3c1fbb0b-5772-436c-b46a-43303cdbe20f-212x300.jpg 212w, https:\/\/www.radiopiu.net\/wordpress\/wp-content\/uploads\/2022\/10\/3c1fbb0b-5772-436c-b46a-43303cdbe20f-723x1024.jpg 723w, https:\/\/www.radiopiu.net\/wordpress\/wp-content\/uploads\/2022\/10\/3c1fbb0b-5772-436c-b46a-43303cdbe20f-768x1087.jpg 768w, https:\/\/www.radiopiu.net\/wordpress\/wp-content\/uploads\/2022\/10\/3c1fbb0b-5772-436c-b46a-43303cdbe20f-1085x1536.jpg 1085w, https:\/\/www.radiopiu.net\/wordpress\/wp-content\/uploads\/2022\/10\/3c1fbb0b-5772-436c-b46a-43303cdbe20f.jpg 1130w\" sizes=\"auto, (max-width: 112px) 100vw, 112px\" \/><\/a>SAPERI E SAPORI, ANTEPRIMA: LA SFIDA DELLE DONNE UGANDESI<\/h3>\n<\/blockquote>\n<p><strong>TRICHIANA<\/strong> Domani alle 18 in Sala San Felice il glocalismo e la sfida di garantire il diritto al cibo e alla sovranit\u00e0 alimentare: una piccola testimonianza del protagonismo di un gruppo di donne rurali. Relatore il dottor John Baptist Onama<\/p>\n<p>&nbsp;<\/p>\n<p>&nbsp;<\/p>\n<hr \/>\n<p>&nbsp;<\/p>\n<blockquote>\n<h3>MOSTRA E CALENDARIO, UN AIUTO ALLE FAMIGLIE DELLE VITTIME DELLA MARMOLADA<\/h3>\n<\/blockquote>\n<p><strong>CASTELFRANCO<\/strong> Il silenzio e il suono della natura in alta quota, i volti di chi vive la montagna, i sentieri della Grande Guerra, le ferite di Vaia. C\u2019\u00e8 tutto il fascino delle Dolomiti che fanno da cornice alla Ski Area San Pellegrino, il comprensorio sciistico che si snoda tra Falcade e Moena, negli scatti di Nadia Basso, in mostra fino al 30 ottobre nella Galleria del Teatro Accademico di Castelfranco Veneto.\u00a0Dai profili del Col Margherita fino al Passo San Pellegrino, le Dolomiti vengono ritratte nella loro bellezza e anche nella loro storia, quella della vita quotidiana nei valichi alpini e quella che ha segnato le tragiche pagine di inizio Novecento.\u00a0 La mostra, a cura di Massimo Porcelli, raccoglie anche scatti di Nadia Basso dedicati alle tracce della tempesta Vaia, che nell\u2019ottobre del 2018 colp\u00ec Veneto, Trentino Alto Adige e Friuli Venezia Giulia, con raffiche di vento che rasero al suolo migliaia di ettari di boschi.\u00a0 La mostra \u00e8 racchiusa in un calendario con tutti gli scatti dell\u2019artista, il cui ricavato sar\u00e0 devoluto alle famiglie delle vittime della recente tragedia della Marmolada. La mostra rimarr\u00e0 aperta al pubblico fino al trenta ottobre. Orari: mercoled\u00ec, gioved\u00ec e venerd\u00ec dalle 16 alle 19. Sabato e domenica: dalle 10.00 alle12.30 e dalle 16 alle 19.<\/p>\n<p><strong>GALLERIA FOTOGRAFICA<\/strong><\/p>\n\n\t\t\t<style type='text\/css'>\n\t\t\t\t#gallery-5 {\n\t\t\t\t\tmargin: auto;\n\t\t\t\t}\n\t\t\t\t#gallery-5 .gallery-item {\n\t\t\t\t\tfloat: left;\n\t\t\t\t\tmargin-top: 10px;\n\t\t\t\t\ttext-align: center;\n\t\t\t\t\twidth: 20%;\n\t\t\t\t}\n\t\t\t\t#gallery-5 img {\n\t\t\t\t\tborder: 2px solid #cfcfcf;\n\t\t\t\t}\n\t\t\t\t#gallery-5 .gallery-caption {\n\t\t\t\t\tmargin-left: 0;\n\t\t\t\t}\n\t\t\t\t\/* see gallery_shortcode() in wp-includes\/media.php *\/\n\t\t\t<\/style>\n\t\t<div id='gallery-5' class='dt-gallery-container gallery galleryid-302408 gallery-columns-5 gallery-size-thumbnail'><dl class='gallery-item'>\n\t\t\t\t<dt class='gallery-icon landscape'>\n\t\t\t\t\t<a class=\"rollover rollover-zoom dt-pswp-item\" title=\"_S_51531\" data-dt-img-description=\"\" data-large_image_width=\"2560\" data-large_image_height=\"1708\"href='https:\/\/www.radiopiu.net\/wordpress\/wp-content\/uploads\/2022\/10\/S_51531-scaled.jpg'><img loading=\"lazy\" decoding=\"async\" width=\"150\" height=\"150\" src=\"https:\/\/www.radiopiu.net\/wordpress\/wp-content\/uploads\/2022\/10\/S_51531-150x150.jpg\" class=\"attachment-thumbnail size-thumbnail\" alt=\"\" \/><\/a>\n\t\t\t\t<\/dt><\/dl><dl class='gallery-item'>\n\t\t\t\t<dt class='gallery-icon landscape'>\n\t\t\t\t\t<a class=\"rollover rollover-zoom dt-pswp-item\" title=\"DSC_0253\" data-dt-img-description=\"\" data-large_image_width=\"2560\" data-large_image_height=\"2048\"href='https:\/\/www.radiopiu.net\/wordpress\/wp-content\/uploads\/2022\/10\/DSC_0253-scaled.jpg'><img loading=\"lazy\" decoding=\"async\" width=\"150\" height=\"150\" src=\"https:\/\/www.radiopiu.net\/wordpress\/wp-content\/uploads\/2022\/10\/DSC_0253-150x150.jpg\" class=\"attachment-thumbnail size-thumbnail\" alt=\"\" \/><\/a>\n\t\t\t\t<\/dt><\/dl><dl class='gallery-item'>\n\t\t\t\t<dt class='gallery-icon portrait'>\n\t\t\t\t\t<a class=\"rollover rollover-zoom dt-pswp-item\" title=\"_S_51902\" data-dt-img-description=\"\" data-large_image_width=\"1708\" data-large_image_height=\"2560\"href='https:\/\/www.radiopiu.net\/wordpress\/wp-content\/uploads\/2022\/10\/S_51902-scaled.jpg'><img loading=\"lazy\" decoding=\"async\" width=\"150\" height=\"150\" src=\"https:\/\/www.radiopiu.net\/wordpress\/wp-content\/uploads\/2022\/10\/S_51902-150x150.jpg\" class=\"attachment-thumbnail size-thumbnail\" alt=\"\" \/><\/a>\n\t\t\t\t<\/dt><\/dl><dl class='gallery-item'>\n\t\t\t\t<dt class='gallery-icon landscape'>\n\t\t\t\t\t<a class=\"rollover rollover-zoom dt-pswp-item\" title=\"_S_51900\" data-dt-img-description=\"\" data-large_image_width=\"2560\" data-large_image_height=\"1707\"href='https:\/\/www.radiopiu.net\/wordpress\/wp-content\/uploads\/2022\/10\/S_51900-scaled.jpg'><img loading=\"lazy\" decoding=\"async\" width=\"150\" height=\"150\" src=\"https:\/\/www.radiopiu.net\/wordpress\/wp-content\/uploads\/2022\/10\/S_51900-150x150.jpg\" class=\"attachment-thumbnail size-thumbnail\" alt=\"\" \/><\/a>\n\t\t\t\t<\/dt><\/dl><dl class='gallery-item'>\n\t\t\t\t<dt class='gallery-icon landscape'>\n\t\t\t\t\t<a class=\"rollover rollover-zoom dt-pswp-item\" title=\"_S_51564\" data-dt-img-description=\"\" data-large_image_width=\"2560\" data-large_image_height=\"1950\"href='https:\/\/www.radiopiu.net\/wordpress\/wp-content\/uploads\/2022\/10\/S_51564-scaled.jpg'><img loading=\"lazy\" decoding=\"async\" width=\"150\" height=\"150\" src=\"https:\/\/www.radiopiu.net\/wordpress\/wp-content\/uploads\/2022\/10\/S_51564-150x150.jpg\" class=\"attachment-thumbnail size-thumbnail\" alt=\"\" \/><\/a>\n\t\t\t\t<\/dt><\/dl><br style=\"clear: both\" \/>\n\t\t\t<\/div>\n\n<p>&nbsp;<\/p>\n<p>&nbsp;<\/p>\n<hr \/>\n<blockquote>\n<h3 dir=\"auto\">\u00a0L&#8217;ULTIMA DOMENICA AL CASTELLO DI ANDRAZ<\/h3>\n<\/blockquote>\n<p><strong>LIVINALLONGO Domenica 30 ottobre dalle 15<\/strong>, per chiudere insieme la stagione. Castagne e vin brul\u00e9, e, per bambini e ragazzi (ma anche per chiunque volesse) ci saranno due turni di visita con letture animate. Il tema, visto il periodo, saranno i personaggi pi\u00f9 strani e misteriosi delle leggende ladine\u2026<\/p>\n<a href=\"https:\/\/www.radiopiu.net\/wordpress\/wp-content\/uploads\/2022\/10\/30ottobre.lab_.pdf\" class=\"pdfemb-viewer\" style=\"\" data-width=\"max\" data-height=\"max\" data-toolbar=\"top\" data-toolbar-fixed=\"on\">30ottobre.lab<\/a>\n<p>&nbsp;<\/p>\n<hr \/>\n<p>&nbsp;<\/p>\n<blockquote>\n<h3>VIVERE L&#8217;AGORDINO: DALLA CARTA STAMPATA ALLA SALA DON TAMIS<\/h3>\n<\/blockquote>\n<p>VIVERE L&#8217;AGORDINO&#8230; DALLE PAGINE DEL CORRIERE DELLE ALPI ALLA SALA DON TAMIS DI VIA 27 APRILE AD AGORDO. MERCOLEDI 26 OTTOBRE ALLE 20.30 UNA SERATA CON I VOLTI PROTAGONISTI DELLA RUBRICA GIORNALISTICA, CON GIANNI SANTOMASO ED ERICA ANDRICH CURATORI DELLA RUBRICA.\u00a0 INTERVERRANNO FABRIZIO BRANCOLI DIRETTORE CORRIERE DELLE ALPI. LUCA TRAINI VICE DIRETTORE MIRKO MEZZACASA DIRETTORE RADIOPIU PAOLO FRENA PRESIDENTE UNIONE MONTANA AGORDINA MERCOLEDI 26 OTTOBRE, 20.30 SALA DON TAMIS, DIRETTA SULLE FREQUENZE E CANALI SOCIAL DI RADIOPIU CON IL PATROCINIO DELL&#8217;UNIONE MONTANA AGORDINA<\/p>\n<p>&nbsp;<\/p>\n<a href=\"https:\/\/www.radiopiu.net\/wordpress\/wp-content\/uploads\/2022\/10\/Manifesto_ViverelAgordino.pdf\" class=\"pdfemb-viewer\" style=\"\" data-width=\"max\" data-height=\"max\" data-toolbar=\"top\" data-toolbar-fixed=\"on\">Manifesto_Viverel&#039;Agordino<\/a>\n<p>&nbsp;<\/p>\n<hr \/>\n<p>&nbsp;<\/p>\n<blockquote>\n<h3>CORAGGIO E DESTINO DELLE DONNE ARMENE<\/h3>\n<\/blockquote>\n<p><strong>BELLUNO<\/strong> Si terr\u00e0 marted\u00ec prossimo, 25 ottobre, alle ore 18, nella sala Zanardelli di Palazzo dei Rettori, sede della Prefettura, l\u2019incontro con la scrittrice e saggista di origine armene, Antonia Arslan, ritorno graditissimo in Citt\u00e0, per la conferenza \u201cCoraggio e destino delle donne armene\u201d. La scrittrice parler\u00e0 del suo \u201cIl libro di Mush\u201d, racconto dell\u2019esperienza vissuta da due donne per salvare dalla distruzione un prezioso volume, nei giorni del genocidio turco ai danni delle minoranze armena e siriaca, e regaler\u00e0 al pubblico intervenuto anche un\u2019anteprima sulla sua pi\u00f9 recente produzione, il libro \u201cIl destino di Aghavn\u00ec\u201d, che uscir\u00e0 il prossimo 22 novembre.<\/p>\n<p>&nbsp;<\/p>\n<p>&nbsp;<\/p>\n<hr \/>\n<p>&nbsp;<\/p>\n<blockquote>\n<h3><a class=\"dt-pswp-item\" href=\"https:\/\/www.radiopiu.net\/wordpress\/wp-content\/uploads\/2022\/10\/Ad_Astra.jpeg\" data-dt-img-description=\"\u00abConcerti und Konzerte\u00bb Orchester der Schola Cantorum Basiliensis Violine: Rahel Wittling, Aliza Vicente Aranda, Andre\u0301s Murillo, Giulia Manfredini, Tamami Sakanaga, Maya Webne-Behrman, Alie\u0301nor Wolteche, Loi\u0308c Simonet, Lena Rademann, Naomi Dumas Viola: Mischa Dobruschkin, Priscila Gabrielle Rodri\u0301gues Silva Santos Violoncello: Thomas Chigioni, Victor Meriaux Kontrabass: Giacomo Albenga Cembalo: Teun Braken Leitung: Rachel Podger Georg Friedrich Ha\u0308ndel (1685 \u2013 1759) - Concerto Grosso op. 3\/5 in d-Moll (HWV 316) Johann Sebastian Bach (1685 \u2013 1750) - Violinkonzert in a-Moll (BWV 1041) Solo: Rachel Podger Antonio Vivaldi (1678 \u2013 1741) - Konzert fu\u0308r vier Violinen in h-Moll op.3\/10 (RV 580) Solo: Rachel Podger, Aliza Vicente Aranda, Tamami Sakanaga, Lena Rademann Johann Sebastian Bach - Konzert fu\u0308r zwei Violinen in d-Moll (BWV 1043) Solo: Rahel Wittling, Andre\u0301s Murillo Georg Friedrich Ha\u0308ndel - Concerto Grosso op. 6\/9 in F-Dur (HWV 327) Solo: Rachel Podger, Giulia Manfredini 14. M\u00e4rz 2020 Grosser Saal - Musik Akademie Basel FOTO: \u00a9 Susanna Drescher 2020 www.susannadrescher.ch\" data-large_image_width=\"1280\" data-large_image_height=\"829\"><img loading=\"lazy\" decoding=\"async\" class=\"wp-image-302468 alignleft\" src=\"https:\/\/www.radiopiu.net\/wordpress\/wp-content\/uploads\/2022\/10\/Ad_Astra-300x194.jpeg\" alt=\"\" width=\"209\" height=\"135\" srcset=\"https:\/\/www.radiopiu.net\/wordpress\/wp-content\/uploads\/2022\/10\/Ad_Astra-300x194.jpeg 300w, https:\/\/www.radiopiu.net\/wordpress\/wp-content\/uploads\/2022\/10\/Ad_Astra-1024x663.jpeg 1024w, https:\/\/www.radiopiu.net\/wordpress\/wp-content\/uploads\/2022\/10\/Ad_Astra-768x497.jpeg 768w, https:\/\/www.radiopiu.net\/wordpress\/wp-content\/uploads\/2022\/10\/Ad_Astra.jpeg 1280w\" sizes=\"auto, (max-width: 209px) 100vw, 209px\" \/><\/a>L&#8217;ORCHESTRA AD ASTRA AL TEATRO COMUNALE DI BELLUNO<\/h3>\n<\/blockquote>\n<p><strong>BELLUNO<\/strong> Appuntamento di rilievo, quello che ospita sul palco del Teatro Comunale di Belluno, mercoled\u00ec 26 ottobre, ore 20:30, l&#8217;orchestra Ad Astra della Schola Cantorum Basiliensis. Fondata nel 1933, la Schola Cantorum Basiliensis \u00e8 una eccellenza internazionale per la ricerca, la formazione e il perfezionamento della musica antica e della pratica musicale storica, con sede a Basilea, l&#8217;istituto pi\u00f9 antico e pi\u00f9 completo nel suo genere, per l&#8217;ampiezza dell&#8217;offerta formativa, a livello mondiale.<\/p>\n<p>&nbsp;<\/p>\n<p>&nbsp;<\/p>\n<hr \/>\n<p>&nbsp;<\/p>\n<blockquote>\n<h3>RICONOSCIMENTI ALLA SQUADRA DI CALCIO GIOVANILE DEL GRUPPO SPORTIVO TAIBON<\/h3>\n<\/blockquote>\n<p><strong>TAIBON<\/strong> Anche quest&#8217;anno i giovani del paese hanno vinto il campionato agordino di calcio giovanile. Domani alle 18 in sala San Rocco (ex Municipio) il Gruppo Sportivo ha organizzato una cerimonia per festeggiare lo splendido successo con la consegna dei riconoscimenti e i discorsi ufficiali. Un invito a firma del Presidente del GS TAIBON Antimo Savaris e dell&#8217;assessore allo sport Fernando Soccol.<\/p>\n<p>&nbsp;<\/p>\n<p>&nbsp;<\/p>\n<hr \/>\n<p>&nbsp;<\/p>\n<blockquote>\n<h3>LA RASSEGNA DEI CORI AGORDINI<\/h3>\n<\/blockquote>\n<p><strong>LIVINALLONGO<\/strong> \u00c8 in programma per domani nella sala congressi di Arabba la 45a edizione della rassegna dei cori agordini. Protagonisti della serata il Coro Femminile Col di Lana, il Coro Val Biois, Coro Fodom e Coro Alpino Monte Civetta. Presenta la serata Denni Dorigo. Inizio alle 20:45.<\/p>\n<p>&nbsp;<\/p>\n<p>&nbsp;<\/p>\n<hr \/>\n<p>&nbsp;<\/p>\n<blockquote>\n<h3>CORSI DI COMPUTER PER TUTTE LE ETA&#8217;<\/h3>\n<\/blockquote>\n<p><strong>FALCADE<\/strong> Marted\u00ec 25 ottobre alle 20:30 presso la sala consigliare del comune di Falcade verr\u00e0 presentato il nuovo programma dal titolo &#8220;Tecnologia Amica&#8221;, un corso di computer e nuove tecnologie aperto a tutte le et\u00e0 con Arturo Panciera, formatore tecnologico. L&#8217;obbiettivo \u00e8 quello di far conoscere le competenze sull&#8217;utilizzo dei PC, tablet e smartphone e spiegarne l&#8217;uso consapevole. La partecipazione alla serata \u00e8 a ingresso libero.<\/p>\n<p>&nbsp;<\/p>\n<p>&nbsp;<\/p>\n<p>&nbsp;<\/p>\n<hr \/>\n<p>&nbsp;<\/p>\n<blockquote>\n<h3>LA MESSA IN SUFFRAGIO DEI CADUTI DELLA MONTAGNA<\/h3>\n<\/blockquote>\n<p><strong><a class=\"dt-pswp-item\" href=\"https:\/\/www.radiopiu.net\/wordpress\/wp-content\/uploads\/2018\/02\/CHIESA-AGORDO.jpg\" data-dt-img-description=\"\" data-large_image_width=\"250\" data-large_image_height=\"324\"><img loading=\"lazy\" decoding=\"async\" class=\" wp-image-43008 alignleft\" src=\"https:\/\/www.radiopiu.net\/wordpress\/wp-content\/uploads\/2018\/02\/CHIESA-AGORDO-231x300.jpg\" alt=\"\" width=\"122\" height=\"158\" srcset=\"https:\/\/www.radiopiu.net\/wordpress\/wp-content\/uploads\/2018\/02\/CHIESA-AGORDO-231x300.jpg 231w, https:\/\/www.radiopiu.net\/wordpress\/wp-content\/uploads\/2018\/02\/CHIESA-AGORDO.jpg 250w\" sizes=\"auto, (max-width: 122px) 100vw, 122px\" \/><\/a>AGORDO<\/strong> Si rinnova anche quest\u2019anno l\u2019appuntamento di fine ottobre con la Santa Messa in suffragio dei Caduti della Montagna, celebrata nella chiesa arcidiaconale di Agordo da mons. Cesare Larese e accompagnata dai canti del \u201cCoro Agordo\u201d. L&#8217;appuntamento \u00e8 per domenica 30 ottobre alle 18. Una sentita cerimonia, voluta dal Coro Agordo, che riunisce ormai da 47 anni l\u2019intero Agordino con le vallate limitrofe e tanta altra gente &#8211; alpinisti e non &#8211; dalla provincia e da fuori nel ricordo degli Amici agordini caduti in montagna e di coloro che hanno perso la vita sulle montagne agordine. L\u2019iniziativa avviene come sempre in collaborazione con la Sezione Agordina del CAI, la Parrocchia di S. Maria Nascente, i Gruppi Rocciatori \u201cGIR\u201d di Agordo e \u201cVal Bio\u0301is\u201d, le Stazioni agordine del Corpo Nazionale Soccorso Alpino e il Gruppo Alpini Agordo-Rivamonte-Taibon. Anche quest&#8217;anno la Santa Messa verra\u0300 trasmessa, non solo in diretta radio FM, ma anche in diretta video. Potra\u0300, infatti, essere seguita in streaming sul sito internet radiopiu.net oppure sulle pagine facebook: Radiopiu\u0300, o Radio Piu\u0300 Emittente Agordina, o Sei di Agordo se.<\/p>\n<a href=\"https:\/\/www.radiopiu.net\/wordpress\/wp-content\/uploads\/2022\/10\/Invito-2022.pdf\" class=\"pdfemb-viewer\" style=\"\" data-width=\"max\" data-height=\"max\" data-toolbar=\"top\" data-toolbar-fixed=\"on\">Invito 2022<\/a>\n<p>&nbsp;<\/p>\n<hr \/>\n<p>&nbsp;<\/p>\n<blockquote>\n<h3>I CRISANTEMI PER AIUTARE VILLA SAN FRANCESCO E LA COOPERATIVA ARCOBALENO &#8217;89<\/h3>\n<\/blockquote>\n<p><strong><a class=\"dt-pswp-item\" href=\"https:\/\/www.radiopiu.net\/wordpress\/wp-content\/uploads\/2022\/10\/ea72a086-2445-44b4-abc3-a29a2c228687.jpg\" data-dt-img-description=\"\" data-large_image_width=\"600\" data-large_image_height=\"384\"><img loading=\"lazy\" decoding=\"async\" class=\" wp-image-302510 alignleft\" src=\"https:\/\/www.radiopiu.net\/wordpress\/wp-content\/uploads\/2022\/10\/ea72a086-2445-44b4-abc3-a29a2c228687-300x192.jpg\" alt=\"\" width=\"166\" height=\"106\" srcset=\"https:\/\/www.radiopiu.net\/wordpress\/wp-content\/uploads\/2022\/10\/ea72a086-2445-44b4-abc3-a29a2c228687-300x192.jpg 300w, https:\/\/www.radiopiu.net\/wordpress\/wp-content\/uploads\/2022\/10\/ea72a086-2445-44b4-abc3-a29a2c228687.jpg 600w\" sizes=\"auto, (max-width: 166px) 100vw, 166px\" \/><\/a>AGORDO<\/strong> Domenica 30 ottobre prossimo, dalle 9, sul sagrato della chiesa Santa Maria Nascente di Agordo, si svolger\u00e0 l\u2019ormai consueta vendita di crisantemi il cui ricavato andr\u00e0 a favore delle attivit\u00e0 della Comunit\u00e0 Alloggio \u201cVilla San Francesco\u201d di Facen di Pedavena e della collegata Cooperativa Arcobaleno\u201989. La \u201cComunit\u00e0 Villa S. Francesco\u201d nacque nel 1975 e da allora ospita bambini e ragazzi dai 6 ai 18 anni, in difficolt\u00e0 per problemi familiari, personali e bisognosi di riferimenti affettivi validi. Nella casa &#8211; comunit\u00e0 si cerca di far crescere i minori \u201cin sapienza\u201d, sviluppare le potenzialit\u00e0 personali, in un clima di stimolazione pedagogica e in un sano confronto con i pari e gli adulti. Nel 1986 inizia il progetto della cooperativa Arcobaleno \u201886. \u00c8 costituita da alcuni ragazzi svantaggiati, che accolti e aiutati a crescere, in maggiore et\u00e0 decidono di affrontare il loro e altrui futuro da protagonisti ed in forma associata, assieme a chi ha condiviso tratti significativi della loro vita, costituendo la prima cooperativa di solidariet\u00e0 sociale della provincia di Belluno. Oggi la Cooperativa si occupa di: attivit\u00e0 sociali, accoglienza ai giovani in difficolt\u00e0 per inserimenti sociali in contesti lavorativi, attivit\u00e0 culturali, ortofloricultura, manutenzione del verde, ceramiche decorate e raku, vetri artistici e bed &amp; breakfast. Comunit\u00e0 Alloggio e Cooperativa non ricevono sussidi da enti pubblici, ma bens\u00ec dalle entrate provenienti dalle loro attivit\u00e0 per cui ancor pi\u00f9 importante \u00e8 la possibilit\u00e0 di dimostrare concretamene la vicinanza a queste realt\u00e0 che si occupano del ben-essere dei minori e di adulti fragili e svantaggiati.<\/p>\n<p>&nbsp;<\/p>\n<p>&nbsp;<\/p>\n<hr \/>\n<p>&nbsp;<\/p>\n<blockquote>\n<h3><a class=\"dt-pswp-item\" href=\"https:\/\/www.radiopiu.net\/wordpress\/wp-content\/uploads\/2022\/10\/aaa.jpg\" data-dt-img-description=\"\" data-large_image_width=\"200\" data-large_image_height=\"211\"><img loading=\"lazy\" decoding=\"async\" class=\" wp-image-301595 alignleft\" src=\"https:\/\/www.radiopiu.net\/wordpress\/wp-content\/uploads\/2022\/10\/aaa.jpg\" alt=\"\" width=\"101\" height=\"107\" \/><\/a>MARGRANDO, IL LIBRO DI FRANCESCA GALLO<\/h3>\n<\/blockquote>\n<p><strong>CANALE D&#8217;AGORDO\u00a0<\/strong> Giovedi 27 ottobre alle 20.45 in sala ex emigrant Francesca Gallo presenta il <span id=\"page3R_mcid13\" class=\"markedContent\"><span dir=\"ltr\" role=\"presentation\">libro il racconto del viaggio di ricerca fra gli emigrati italiani in Belgio e Canada. Francesca, s<\/span><\/span><span id=\"page3R_mcid15\" class=\"markedContent\"><span dir=\"ltr\" role=\"presentation\">on un registratore in tasca, e spesso con la fisarmonica in spalla, <\/span><span dir=\"ltr\" role=\"presentation\">si sedeva a parlare con gli anziani.<\/span><\/span><span id=\"page3R_mcid16\" class=\"markedContent\"><span dir=\"ltr\" role=\"presentation\">In ogni famiglia le veniva raccontato di qualcuno che era emigrato, <\/span><span dir=\"ltr\" role=\"presentation\">cos\u00ec decise di andarli a cercare e di portare a casa le loro storie<\/span><\/span><\/p>\n<p>&nbsp;<\/p>\n<hr \/>\n<blockquote>\n<h3><\/h3>\n<h3>LUXOTTICA PER LA COMUNITA&#8217;, MANO TESA AI MENO ABBIENTI<\/h3>\n<\/blockquote>\n<p><strong><img loading=\"lazy\" decoding=\"async\" class=\"alignleft\" src=\"https:\/\/www.radiopiu.net\/wordpress\/wp-content\/uploads\/2020\/05\/PALALUXOTTICA.jpg\" width=\"312\" height=\"176\" \/>AGORDO<\/strong> In occasione della <strong>Giornata Mondiale della Vista,<\/strong> Fondazione OneSight EssilorLuxottica Italia ETS in collaborazione con la Caritas della Diocesi di Belluno e Feltre, della Caritas Feltrina e dell&#8217;associazione Insieme si Pu\u00f2 scende in campo con il progetto &#8220;Giornate della Vista&#8221;. La Fondazione conferma il proprio impegno nei confronti delle persone svantaggiate, attivando un centro ottico a loro dedicato, realizzato per offrire accurati controlli della vista e occhiali correttivi in forma gratuita. L\u2019iniziativa, gi\u00e0 partita a Milano, far\u00e0 tappa in 11 diverse citt\u00e0 italiane tra il 2022 e il 2023. In Provincia di Belluno l\u2019evento si terr\u00e0 ad Agordo, dal 7 al 18 novembre, al PalaLuxottica, vi si accede dal parcheggio Peppino Impastato a Tamonich.\u00a0 Luxottica cerca\u00a0 volontari, gli interessati &#8211; tutti i dipendenti dell&#8217;azienda &#8211;\u00a0 possono candidarsi, purch\u00e9 assunti a tempo indeterminato e che abbiano\u00a0 maturato almeno un anno di anzianit\u00e0 aziendale al mese di ottobre 2022. Per dare la propria adesione c&#8217;\u00e8 tempo fino al \u00a0al 26 ottobre.<\/p>\n<p>&nbsp;<\/p>\n<hr \/>\n<p>&nbsp;<\/p>\n<blockquote>\n<h3>DA SABATO 29 OTTOBRE LA MOSTRA &#8220;C&#8217;ERA UNA VOLTA IN ITALIA&#8221;<\/h3>\n<\/blockquote>\n<p><strong>BORGO VALBELLUNA<\/strong><\/p>\n<p>di Roberto Bona<\/p>\n<audio class=\"wp-audio-shortcode\" id=\"audio-302408-13\" preload=\"none\" style=\"width: 100%;\" controls=\"controls\"><source type=\"audio\/mpeg\" src=\"https:\/\/www.radiopiu.net\/wordpress\/wp-content\/uploads\/2022\/10\/gr-19-la-mostra-cera-una-volta-in-italia.mp3?_=13\" \/><a href=\"https:\/\/www.radiopiu.net\/wordpress\/wp-content\/uploads\/2022\/10\/gr-19-la-mostra-cera-una-volta-in-italia.mp3\">https:\/\/www.radiopiu.net\/wordpress\/wp-content\/uploads\/2022\/10\/gr-19-la-mostra-cera-una-volta-in-italia.mp3<\/a><\/audio>\n<p>&nbsp;<\/p>\n<hr \/>\n<p>&nbsp;<\/p>\n<blockquote>\n<h3>LA TERRA BELLUNESE NEL MONDO CON DINO BUZZATI<\/h3>\n<\/blockquote>\n<p><strong class=\"photoswipe-wrapper\"><a class=\"dt-pswp-item pspw-wrap-ready\" href=\"https:\/\/www.radiopiu.net\/wordpress\/wp-content\/uploads\/2022\/10\/Schermata-2022-10-14-alle-11.07.39.png\" data-dt-img-description=\"\" data-large_image_width=\"1344\" data-large_image_height=\"882\"><img loading=\"lazy\" decoding=\"async\" class=\" wp-image-301554 alignleft\" src=\"https:\/\/www.radiopiu.net\/wordpress\/wp-content\/uploads\/2022\/10\/Schermata-2022-10-14-alle-11.07.39-300x197.png\" sizes=\"auto, (max-width: 139px) 100vw, 139px\" srcset=\"https:\/\/www.radiopiu.net\/wordpress\/wp-content\/uploads\/2022\/10\/Schermata-2022-10-14-alle-11.07.39-300x197.png 300w, https:\/\/www.radiopiu.net\/wordpress\/wp-content\/uploads\/2022\/10\/Schermata-2022-10-14-alle-11.07.39-1024x672.png 1024w, https:\/\/www.radiopiu.net\/wordpress\/wp-content\/uploads\/2022\/10\/Schermata-2022-10-14-alle-11.07.39-768x504.png 768w, https:\/\/www.radiopiu.net\/wordpress\/wp-content\/uploads\/2022\/10\/Schermata-2022-10-14-alle-11.07.39.png 1344w\" alt=\"\" width=\"139\" height=\"91\" \/><\/a>BELLUNO<\/strong> Nato a Belluno, ma conosciuto e tradotto in tutti i continenti. Stiamo parlando di Dino Buzzati, giornalista e scrittore fortemente legato alla sua terra di origine (\u00abuno dei posti pi\u00f9 belli non gi\u00e0 dell\u2019Italia ma dell\u2019intero globo terracqueo\u00bb). Una terra che, grazie alla sua opera, ha viaggiato e tutt\u2019ora \u201cviaggia nel mondo\u201d. \u00c8 proprio questo il titolo della conferenza che l\u2019Abm, con la sua Biblioteca delle migrazioni e in collaborazione con l\u2019Associazione Internazionale Dino Buzzati, organizza per il cinquantesimo anniversario della morte di uno dei pi\u00f9 celebri figli del Bellunese: \u201cLa terra bellunese viaggia nel mondo con Dino Buzzati\u201d. A cura di Patrizia Dalla Rosa, responsabile della Ricerca del Centro Studi Buzzati, l\u2019incontro approfondir\u00e0 la traduzione e ricezione all\u2019estero dei lavori dello scrittore, in particolare nei Paesi in cui sono presenti consistenti comunit\u00e0 di emigrati, come Argentina, Messico, Venezuela, Brasile, Svizzera, Francia, Germania, Belgio, Stati Uniti, Inghilterra, Australia, Sudafrica e Canada. L\u2019appuntamento \u00e8 per domani alle 20.30 alla sala \u201cBianchi\u201d di Belluno (viale Fantuzzi 11).<\/p>\n<p>&nbsp;<\/p>\n<p>&nbsp;<\/p>\n<hr \/>\n<p>&nbsp;<\/p>\n<blockquote>\n<h3 dir=\"auto\">DOMENICA CON LA FAMIGLIA EX EMIGRANTI DELL&#8217;AGORDINO<strong style=\"font-size: 14px;\">\u00a0<\/strong><\/h3>\n<\/blockquote>\n<p dir=\"auto\"><strong>CENCENIGHE<\/strong> Dopo oltre due anni di inattivit\u00e0 dovuti alla pandemia da Covid-19 la Famiglia Ex emigranti dell\u2019Agordino \u00e8 pronta a celebrare il 31\u00b0 anniversario della sua fondazione. L&#8217;appuntamento \u00e8 fissato per domenica. Alle 10.30 Messa nella Chiesa parrocchiale accompagnata dal Coro di Pieve di Livinallongo; al termine si proseguir\u00e0 in corteo preceduto dalla Banda Fodom verso il Monumento all\u2019Emigrante (Piazzale Giovanni Battista Pellegrini) dove si terr\u00e0 la deposizione della corona d&#8217;alloro in ricordo degli emigranti deceduti in Italia e nei vari Paesi del mondo; seguiranno gli interventi delle autorit\u00e0. La giornata si concluder\u00e0 con l&#8217;Assemblea per l&#8217;elezione del nuovo Direttivo della Famiglia e con un rinfresco sempre nella sala del Nof Fil\u00f2, con l\u2019esibizione della Banda Fodom.<\/p>\n<p><strong>di Gianni Santomaso<\/strong><\/p>\n<audio class=\"wp-audio-shortcode\" id=\"audio-302408-14\" preload=\"none\" style=\"width: 100%;\" controls=\"controls\"><source type=\"audio\/mpeg\" src=\"https:\/\/www.radiopiu.net\/wordpress\/wp-content\/uploads\/2022\/10\/GIANNI-FAMIGLIA-EX-EMIGRANTI.mp3?_=14\" \/><a href=\"https:\/\/www.radiopiu.net\/wordpress\/wp-content\/uploads\/2022\/10\/GIANNI-FAMIGLIA-EX-EMIGRANTI.mp3\">https:\/\/www.radiopiu.net\/wordpress\/wp-content\/uploads\/2022\/10\/GIANNI-FAMIGLIA-EX-EMIGRANTI.mp3<\/a><\/audio>\n<p>&nbsp;<\/p>\n<hr \/>\n<p>&nbsp;<\/p>\n<blockquote>\n<h3>PACE E DISARMO CON UN GAZEBO A BELLUNO<\/h3>\n<\/blockquote>\n<p><strong>BELLUNO<\/strong> Dopo otto anni di conflitto nel Donbass e dopo otto mesi dall\u2019invasione della Russia nei confronti dell\u2019Ucraina si manifestano distruzioni, morti e odio sempre maggiori. In uno scenario in cui la diplomazia sembra messa a tacere dai potenti, \u00e8 necessario che i popoli si facciano sentire e manifestino apertamente la voglia di pace e di dialogo. Il Coordinamento provinciale Pace e Disarmo invita la cittadinanza a Belluno in piazza dei Martiri domani dalle ore 10 alle ore 18 con un banchetto informativo e di scambio di idee, perch\u00e9 riteniamo che l\u2019impegno di ogni persona possa fare la differenza. Aderiscono all\u2019iniziativa le seguenti realt\u00e0: Acli, ANPI, Casa dei Beni Comuni, CGIL,\u00a0 Spi-Cgil, Emergency, Movimento dei Focolari, Non una di meno, Samarcanda s.c.s. onlus. Per informazioni: <a href=\"mailto:pacedisarmobelluno@gmail.com\">pacedisarmobelluno@gmail.com<\/a><\/p>\n<p>&nbsp;<\/p>\n<p>&nbsp;<\/p>\n<hr \/>\n<p>&nbsp;<\/p>\n<blockquote>\n<h3>LA CALCHERA DELLE \u201cSCALETTE\u201d IN VALLE DI SAN LUCANO<\/h3>\n<\/blockquote>\n<p><strong>A cura di\u00a0 Alessandro Savio<\/strong><\/p>\n<p>In Comune di Taibon Agordino ci sono delle antiche testimonianze di manufatti in pietra che costituivano le \u201cCalchere\u201d, fornaci per la cottura del calcare in funzione della produzione della calce , materiale da costruzione , legante per la malta delle murature , per le tinteggiature degli edifici e per la igienizzazione dei locali. Erano costruzioni seminterrate a ridosso del pendio, di forma circolare e di varie dimensioni. La cotta necessitava di molto lavoro preparativo e la presenza di pi\u00f9 persone per il trasporto delle pietre e della legna,infatti lo studio attuale delle calchere comprende degli aspetti di archeologia industriale, artigianale, forestale e soprattutto sociale per la indispensabile collaborazione di numerose persone che si aiutavano a vicenda per la produzione di questo pregiato materiale da costruzione. La quantit\u00e0 di legna per una cotta variava a seconda delle dimensioni della fornace e conseguentemente dalla quantit\u00e0 di pietre da cuocere. Per la cottura di circa 300-350 quintali di pietre sono necessarie 2000 fascine ben secche di latifoglie del peso di 25-30 kg , pari a 550 quintali di legna. I tempi di cottura possono variare ininterrottamente dai 5-7 giorni per ottenere 250-300 quintali di calcare cotto. (calce viva). Il materiale veniva poi stoccato in una fossa di spegnimento interrata , gi\u00e0 predisposta per ultimare il processo di idratazione(calce spenta) per poi utilizzare il prodotto finito preferibilmente dopo tre anni dallo spegnimento. Ovviamente questa descrizione \u00e8 alquanto riassuntiva e breve, priva di tutti quei particolari tecnici da adottare per l\u2019esatto procedimento assai laborioso , e raggiunto dai nostri avi solo dopo anni di esperienza tramandata verbalmente dalle generazioni. Nel territorio \u00a0\u00a0comunale di Taibon\u00a0 Agordino esiste ancora la testimonianza di parecchie \u201cCalchere\u201d, alcune rappresentate anche sulle mappe catastali con un cerchietto tratteggiato. Ormai sono tutte in disuso da anni , ma ancora assai integre , con la struttura originaria a forma di tino di blocchi di pietra squadrati, senza copertura e \u00a0dotate di imbocco frontale per la introduzione delle fascine di legna e per il recupero della cenere. Una di queste calchere \u00a0si trova in Valle di San Lucano , a valle della strada che conduce al villaggio di Col Di Pr\u00e0 , nei pressi del Capitello votivo delle \u201cScalette\u201d , detto anche delle tre dita ove si dice che\u00a0 il vescovo Lucano abbia scacciato il diavolo imprimendo la forma delle tre dita ancora visibile nella pietra calcarea del capitello. La zona \u00e8 assai nota dal punto di vista storico perch\u00e9 vicina alla Chiesa di San Lucano\u00a0 risalente al\u00a0 1500 e poi per la vicinanza al sito menzionato come ricovero temporaneo della Regia Guardia Di Finanza di stanza in Agordo, che controllava quel piccolo commercio di tabacco, sale, fiammiferi, pietrine, assai in voga fino ai primi anni del 1900 scambiato con gli abitanti del vicino Primiero all\u2019epoca sotto il dominio dell\u2019Impero Austro Ungarico. Ora il piccolo fabbricato \u00e8 stato ristrutturato e viene usato come ricovero agricolo. La calchera in questione denominata \u201cCalchera dei Marin\u201d dal soprannome di famiglia del proprietario del terreno, risulta abbastanza\u00a0 integra ed \u00e8 stata recentemente oggetto di opere di recupero da parte del Gruppo Volontari Piodech di Taibon Agordino. Opere che sono tutt\u2019ora in corso , con le quali i volontari intendono effettuare una rievocazione storica della passata attivit\u00e0 produttiva della calce mediante la cotta di pietre calcaree come veniva fatto un tempo. Si pensa che l\u2019intervento venga ultimato nella primavera del 2023 , per concludersi con l\u2019accensione della fornace e la produzione della calce. Da notizie apprese dalla memoria storica del paese GINO BENVEGNU\u2019 si \u00e8 certi che l\u2019ultima accensione della Calchera dei Marin risalga al 1946 , effettuata da ANTONIO BENVEGNU\u2019 , fratello di Gino per ultimare i lavori di costruzione della casa di famiglia situata nel villaggio di Col Di Pr\u00e0. La fossa di spegnimento \u00a0, per una questione di comodit\u00e0 e di avvicinamento fu realizzata nei pressi della casa , purtroppo, la devastante alluvione del 1951 , con l\u2019esondazione del torrente Bordina provoc\u00f2 un travaso della fossa con dei materiali\u00a0 alluvionali e la calce divenne inutilizzabile , il colpo finale fu l\u2019alluvione del 1966 e quindi la fossa della calce fu definitivamente riempita e non pi\u00f9 utilizzata. L\u2019evento di rievocazione della cotta sar\u00e0 preventivamente pubblicizzato tramite i mezzi di informazione in maniera di poter rivivere dal vero un antico mestiere caratteristico dei nostri avi . Grazie pertanto al proprietario del terreno SILVIO DELL\u2019ANDREA (Marin) \u00a0per la sua disponibilit\u00e0\u00a0 , ed al gruppo Volontari Piodech di Taibon Agordino per l\u2019iniziativa assai impegnativa sia dal punto di vista tecnico ed anche\u00a0 per il tempo impiegato.<\/p>\n\n\t\t\t<style type='text\/css'>\n\t\t\t\t#gallery-6 {\n\t\t\t\t\tmargin: auto;\n\t\t\t\t}\n\t\t\t\t#gallery-6 .gallery-item {\n\t\t\t\t\tfloat: left;\n\t\t\t\t\tmargin-top: 10px;\n\t\t\t\t\ttext-align: center;\n\t\t\t\t\twidth: 25%;\n\t\t\t\t}\n\t\t\t\t#gallery-6 img {\n\t\t\t\t\tborder: 2px solid #cfcfcf;\n\t\t\t\t}\n\t\t\t\t#gallery-6 .gallery-caption {\n\t\t\t\t\tmargin-left: 0;\n\t\t\t\t}\n\t\t\t\t\/* see gallery_shortcode() in wp-includes\/media.php *\/\n\t\t\t<\/style>\n\t\t<div id='gallery-6' class='dt-gallery-container gallery galleryid-302408 gallery-columns-4 gallery-size-medium'><dl class='gallery-item'>\n\t\t\t\t<dt class='gallery-icon landscape'>\n\t\t\t\t\t<a class=\"rollover rollover-zoom dt-pswp-item\" title=\"1\" data-dt-img-description=\"\" data-large_image_width=\"1090\" data-large_image_height=\"818\"href='https:\/\/www.radiopiu.net\/wordpress\/wp-content\/uploads\/2022\/10\/1-4.jpg'><img loading=\"lazy\" decoding=\"async\" width=\"300\" height=\"225\" src=\"https:\/\/www.radiopiu.net\/wordpress\/wp-content\/uploads\/2022\/10\/1-4-300x225.jpg\" class=\"attachment-medium size-medium\" alt=\"\" srcset=\"https:\/\/www.radiopiu.net\/wordpress\/wp-content\/uploads\/2022\/10\/1-4-300x225.jpg 300w, https:\/\/www.radiopiu.net\/wordpress\/wp-content\/uploads\/2022\/10\/1-4-1024x768.jpg 1024w, https:\/\/www.radiopiu.net\/wordpress\/wp-content\/uploads\/2022\/10\/1-4-768x576.jpg 768w, https:\/\/www.radiopiu.net\/wordpress\/wp-content\/uploads\/2022\/10\/1-4.jpg 1090w\" sizes=\"auto, (max-width: 300px) 100vw, 300px\" \/><\/a>\n\t\t\t\t<\/dt><\/dl><dl class='gallery-item'>\n\t\t\t\t<dt class='gallery-icon landscape'>\n\t\t\t\t\t<a class=\"rollover rollover-zoom dt-pswp-item\" title=\"2\" data-dt-img-description=\"\" data-large_image_width=\"1090\" data-large_image_height=\"818\"href='https:\/\/www.radiopiu.net\/wordpress\/wp-content\/uploads\/2022\/10\/2-4.jpg'><img loading=\"lazy\" decoding=\"async\" width=\"300\" height=\"225\" src=\"https:\/\/www.radiopiu.net\/wordpress\/wp-content\/uploads\/2022\/10\/2-4-300x225.jpg\" class=\"attachment-medium size-medium\" alt=\"\" srcset=\"https:\/\/www.radiopiu.net\/wordpress\/wp-content\/uploads\/2022\/10\/2-4-300x225.jpg 300w, https:\/\/www.radiopiu.net\/wordpress\/wp-content\/uploads\/2022\/10\/2-4-1024x768.jpg 1024w, https:\/\/www.radiopiu.net\/wordpress\/wp-content\/uploads\/2022\/10\/2-4-768x576.jpg 768w, https:\/\/www.radiopiu.net\/wordpress\/wp-content\/uploads\/2022\/10\/2-4.jpg 1090w\" sizes=\"auto, (max-width: 300px) 100vw, 300px\" \/><\/a>\n\t\t\t\t<\/dt><\/dl><dl class='gallery-item'>\n\t\t\t\t<dt class='gallery-icon landscape'>\n\t\t\t\t\t<a class=\"rollover rollover-zoom dt-pswp-item\" title=\"3\" data-dt-img-description=\"\" data-large_image_width=\"1127\" data-large_image_height=\"846\"href='https:\/\/www.radiopiu.net\/wordpress\/wp-content\/uploads\/2022\/10\/3-2.jpg'><img loading=\"lazy\" decoding=\"async\" width=\"300\" height=\"225\" src=\"https:\/\/www.radiopiu.net\/wordpress\/wp-content\/uploads\/2022\/10\/3-2-300x225.jpg\" class=\"attachment-medium size-medium\" alt=\"\" srcset=\"https:\/\/www.radiopiu.net\/wordpress\/wp-content\/uploads\/2022\/10\/3-2-300x225.jpg 300w, https:\/\/www.radiopiu.net\/wordpress\/wp-content\/uploads\/2022\/10\/3-2-1024x769.jpg 1024w, https:\/\/www.radiopiu.net\/wordpress\/wp-content\/uploads\/2022\/10\/3-2-768x577.jpg 768w, https:\/\/www.radiopiu.net\/wordpress\/wp-content\/uploads\/2022\/10\/3-2.jpg 1127w\" sizes=\"auto, (max-width: 300px) 100vw, 300px\" \/><\/a>\n\t\t\t\t<\/dt><\/dl><dl class='gallery-item'>\n\t\t\t\t<dt class='gallery-icon landscape'>\n\t\t\t\t\t<a class=\"rollover rollover-zoom dt-pswp-item\" title=\"4\" data-dt-img-description=\"\" data-large_image_width=\"1093\" data-large_image_height=\"821\"href='https:\/\/www.radiopiu.net\/wordpress\/wp-content\/uploads\/2022\/10\/4-3.jpg'><img loading=\"lazy\" decoding=\"async\" width=\"300\" height=\"225\" src=\"https:\/\/www.radiopiu.net\/wordpress\/wp-content\/uploads\/2022\/10\/4-3-300x225.jpg\" class=\"attachment-medium size-medium\" alt=\"\" srcset=\"https:\/\/www.radiopiu.net\/wordpress\/wp-content\/uploads\/2022\/10\/4-3-300x225.jpg 300w, https:\/\/www.radiopiu.net\/wordpress\/wp-content\/uploads\/2022\/10\/4-3-1024x769.jpg 1024w, https:\/\/www.radiopiu.net\/wordpress\/wp-content\/uploads\/2022\/10\/4-3-768x577.jpg 768w, https:\/\/www.radiopiu.net\/wordpress\/wp-content\/uploads\/2022\/10\/4-3.jpg 1093w\" sizes=\"auto, (max-width: 300px) 100vw, 300px\" \/><\/a>\n\t\t\t\t<\/dt><\/dl><br style=\"clear: both\" \/>\n\t\t\t<\/div>\n\n<p>&nbsp;<\/p>\n<hr \/>\n<p>&nbsp;<\/p>\n<h2><span style=\"color: #ff0000;\">IERI ALLA RADIO\u00a0<\/span><\/h2>\n<p><strong><a class=\"dt-pswp-item\" href=\"https:\/\/www.radiopiu.net\/wordpress\/wp-content\/uploads\/2019\/02\/Logo_Spi-CGIL-800x445.jpg\" data-dt-img-description=\"\" data-large_image_width=\"800\" data-large_image_height=\"445\"><img loading=\"lazy\" decoding=\"async\" class=\"wp-image-75538 alignleft\" src=\"https:\/\/www.radiopiu.net\/wordpress\/wp-content\/uploads\/2019\/02\/Logo_Spi-CGIL-800x445-300x167.jpg\" alt=\"\" width=\"93\" height=\"52\" srcset=\"https:\/\/www.radiopiu.net\/wordpress\/wp-content\/uploads\/2019\/02\/Logo_Spi-CGIL-800x445-300x167.jpg 300w, https:\/\/www.radiopiu.net\/wordpress\/wp-content\/uploads\/2019\/02\/Logo_Spi-CGIL-800x445-768x427.jpg 768w, https:\/\/www.radiopiu.net\/wordpress\/wp-content\/uploads\/2019\/02\/Logo_Spi-CGIL-800x445.jpg 800w\" sizes=\"auto, (max-width: 93px) 100vw, 93px\" \/><\/a>SPI CGIL, QUINDICINALE APPUNTAMENTO ALLA RADIO CON MARIA RITA GENTILIN<\/strong><\/p>\n<audio class=\"wp-audio-shortcode\" id=\"audio-302408-15\" preload=\"none\" style=\"width: 100%;\" controls=\"controls\"><source type=\"audio\/mpeg\" src=\"https:\/\/www.radiopiu.net\/wordpress\/wp-content\/uploads\/2022\/10\/spi-cgil-20-ottobre.mp3?_=15\" \/><a href=\"https:\/\/www.radiopiu.net\/wordpress\/wp-content\/uploads\/2022\/10\/spi-cgil-20-ottobre.mp3\">https:\/\/www.radiopiu.net\/wordpress\/wp-content\/uploads\/2022\/10\/spi-cgil-20-ottobre.mp3<\/a><\/audio>\n<p>&nbsp;<\/p>\n<p>&nbsp;<\/p>\n<hr \/>\n<p>&nbsp;<\/p>\n<blockquote>\n<h3>FINO ALLA FINE DEL MONDO PER IL COMITATO POLLICINO<\/h3>\n<\/blockquote>\n<p><em>Con la collaborazione di Luca Mares<\/em><\/p>\n<blockquote>\n<div class=\"gmail_default\"><span style=\"font-family: Calibri, sans-serif;\"><i>il viaggio per un cicloturista \u00e8 qualcosa che ti cambia dentro. Grazie alle persone che incontri lungo il tragitto, grazie alle esperienze che vivi, ma soprattutto grazie a quello che provi dentro il cuore&#8230;.<\/i><\/span><\/div>\n<\/blockquote>\n<div><strong>L&#8217;INTERVISTA ALLA RADIO\u00a0<\/strong><\/div>\n<div>\n<audio class=\"wp-audio-shortcode\" id=\"audio-302408-16\" preload=\"none\" style=\"width: 100%;\" controls=\"controls\"><source type=\"audio\/mpeg\" src=\"https:\/\/www.radiopiu.net\/wordpress\/wp-content\/uploads\/2022\/10\/stefano-bortolot.mp3?_=16\" \/><a href=\"https:\/\/www.radiopiu.net\/wordpress\/wp-content\/uploads\/2022\/10\/stefano-bortolot.mp3\">https:\/\/www.radiopiu.net\/wordpress\/wp-content\/uploads\/2022\/10\/stefano-bortolot.mp3<\/a><\/audio>\n<\/div>\n<p>&nbsp;<\/p>\n<p>&nbsp;<\/p>\n<p>&nbsp;<\/p>\n<hr \/>\n<p>&nbsp;<\/p>\n<div>\n<div class=\"b654a4as d2edcug0\">\n<div class=\"rq0escxv hkbzh7o3 jwdofwj8 n8tt0mok r8blr3vg hyh9befq\">\n<p><a class=\"dt-pswp-item\" href=\"https:\/\/www.radiopiu.net\/wordpress\/wp-content\/uploads\/2020\/10\/pp.jpg\" data-dt-img-description=\"\" data-large_image_width=\"640\" data-large_image_height=\"640\"><img loading=\"lazy\" decoding=\"async\" class=\"wp-image-163678 alignleft\" src=\"https:\/\/www.radiopiu.net\/wordpress\/wp-content\/uploads\/2020\/10\/pp-300x300.jpg\" alt=\"\" width=\"106\" height=\"106\" srcset=\"https:\/\/www.radiopiu.net\/wordpress\/wp-content\/uploads\/2020\/10\/pp-300x300.jpg 300w, https:\/\/www.radiopiu.net\/wordpress\/wp-content\/uploads\/2020\/10\/pp-150x150.jpg 150w, https:\/\/www.radiopiu.net\/wordpress\/wp-content\/uploads\/2020\/10\/pp-125x125.jpg 125w, https:\/\/www.radiopiu.net\/wordpress\/wp-content\/uploads\/2020\/10\/pp-200x200.jpg 200w, https:\/\/www.radiopiu.net\/wordpress\/wp-content\/uploads\/2020\/10\/pp-80x80.jpg 80w, https:\/\/www.radiopiu.net\/wordpress\/wp-content\/uploads\/2020\/10\/pp-480x480.jpg 480w, https:\/\/www.radiopiu.net\/wordpress\/wp-content\/uploads\/2020\/10\/pp.jpg 640w\" sizes=\"auto, (max-width: 106px) 100vw, 106px\" \/><\/a><\/p>\n<\/div>\n<\/div>\n<\/div>\n<div>\n<div class=\"page-title-head hgroup\">\n<div class=\"page-title-head hgroup\">\n<div class=\"b654a4as d2edcug0\">\n<div class=\"j83agx80 btwxx1t3 lhclo0ds hop8lmos nkwizq5d scwd0bx6 roh60bw9\">\n<div class=\"rq0escxv hkbzh7o3 jwdofwj8 n8tt0mok r8blr3vg hyh9befq\">\n<div class=\"do00u71z l9j0dhe7 k4urcfbm\">\n<h2><span style=\"color: #000080;\">DON CESARE, IL PENSIERO DEL GIORNO. ALLA RADIO ALLE 7 DEL MATTINO E ALLE 19.30 DELLA SERA.\u00a0<\/span><\/h2>\n<audio class=\"wp-audio-shortcode\" id=\"audio-302408-17\" preload=\"none\" style=\"width: 100%;\" controls=\"controls\"><source type=\"audio\/mpeg\" src=\"https:\/\/www.radiopiu.net\/wordpress\/wp-content\/uploads\/2022\/10\/CESARE-16.mp3?_=17\" \/><a href=\"https:\/\/www.radiopiu.net\/wordpress\/wp-content\/uploads\/2022\/10\/CESARE-16.mp3\">https:\/\/www.radiopiu.net\/wordpress\/wp-content\/uploads\/2022\/10\/CESARE-16.mp3<\/a><\/audio>\n<p>&nbsp;<\/p>\n<hr \/>\n<p>&nbsp;<\/p>\n<h2><span style=\"color: #ff6600;\">COLLAGE OPERAZIONE NOSTALGIA<\/span><\/h2>\n<p><strong><a class=\"dt-pswp-item\" href=\"https:\/\/www.radiopiu.net\/wordpress\/wp-content\/uploads\/2022\/10\/Santana-Oye-Como-Va.jpg\" data-dt-img-description=\"\" data-large_image_width=\"300\" data-large_image_height=\"200\"><img loading=\"lazy\" decoding=\"async\" class=\" wp-image-301723 alignleft\" src=\"https:\/\/www.radiopiu.net\/wordpress\/wp-content\/uploads\/2022\/10\/Santana-Oye-Como-Va.jpg\" alt=\"\" width=\"191\" height=\"127\" \/><\/a>di Loris Scussel<\/strong><\/p>\n<p>Le nuove puntate di\u00a0 Collage operazione nostalgia proseguono con la proposta di canzoni in ordine alfabetico, questa settimana sar\u00e0 la volta dei brani il cui titolo inizia con le lettere M, N, O, P, Q. Partiremo da \u201cMita Mita\u201d delle Orme per chiudere con \u201cQuella carezza della sera\u201d dei New Trolls, in mezzo proporremo canzoni come Mamma mia, Napule \u00e8, Oye como va, Paint it black, Quando quando e cos\u00ec via nella consueta alternanza tra pezzi pi\u00f9 o meno famosi. Collage va in onda dal luned\u00ec al venerd\u00ec alle 16,00 e alle 23,00 naturalmente su Radio Pi\u00f9<\/p>\n<p><em><strong>IL PROGRAMMA DEL LUNEDI<\/strong><\/em><\/p>\n<audio class=\"wp-audio-shortcode\" id=\"audio-302408-18\" preload=\"none\" style=\"width: 100%;\" controls=\"controls\"><source type=\"audio\/mpeg\" src=\"https:\/\/www.radiopiu.net\/wordpress\/wp-content\/uploads\/2022\/10\/Collage-641.mp3?_=18\" \/><a href=\"https:\/\/www.radiopiu.net\/wordpress\/wp-content\/uploads\/2022\/10\/Collage-641.mp3\">https:\/\/www.radiopiu.net\/wordpress\/wp-content\/uploads\/2022\/10\/Collage-641.mp3<\/a><\/audio>\n<p>&nbsp;<\/p>\n<p><em><strong>IL PROGRAMMA DEL MARTEDI<\/strong><\/em><\/p>\n<audio class=\"wp-audio-shortcode\" id=\"audio-302408-19\" preload=\"none\" style=\"width: 100%;\" controls=\"controls\"><source type=\"audio\/mpeg\" src=\"https:\/\/www.radiopiu.net\/wordpress\/wp-content\/uploads\/2022\/10\/Collage-642.mp3?_=19\" \/><a href=\"https:\/\/www.radiopiu.net\/wordpress\/wp-content\/uploads\/2022\/10\/Collage-642.mp3\">https:\/\/www.radiopiu.net\/wordpress\/wp-content\/uploads\/2022\/10\/Collage-642.mp3<\/a><\/audio>\n<p>&nbsp;<\/p>\n<p><em><strong>IL PROGRAMMA DEL MERCOLEDI<\/strong><\/em><\/p>\n<audio class=\"wp-audio-shortcode\" id=\"audio-302408-20\" preload=\"none\" style=\"width: 100%;\" controls=\"controls\"><source type=\"audio\/mpeg\" src=\"https:\/\/www.radiopiu.net\/wordpress\/wp-content\/uploads\/2022\/10\/Collage-643.mp3?_=20\" \/><a href=\"https:\/\/www.radiopiu.net\/wordpress\/wp-content\/uploads\/2022\/10\/Collage-643.mp3\">https:\/\/www.radiopiu.net\/wordpress\/wp-content\/uploads\/2022\/10\/Collage-643.mp3<\/a><\/audio>\n<p>&nbsp;<\/p>\n<p><em><strong>IL PROGRAMMA DEL GIOVEDI<\/strong><\/em><\/p>\n<audio class=\"wp-audio-shortcode\" id=\"audio-302408-21\" preload=\"none\" style=\"width: 100%;\" controls=\"controls\"><source type=\"audio\/mpeg\" src=\"https:\/\/www.radiopiu.net\/wordpress\/wp-content\/uploads\/2022\/10\/Collage-644.mp3?_=21\" \/><a href=\"https:\/\/www.radiopiu.net\/wordpress\/wp-content\/uploads\/2022\/10\/Collage-644.mp3\">https:\/\/www.radiopiu.net\/wordpress\/wp-content\/uploads\/2022\/10\/Collage-644.mp3<\/a><\/audio>\n<p>&nbsp;<\/p>\n<hr \/>\n<p>&nbsp;<\/p>\n<div>\n<blockquote class=\"wp-embedded-content\" data-secret=\"WJJQDZ58ga\"><p><a href=\"https:\/\/www.radiopiu.net\/wordpress\/odio-la-radio-dieci-anni-dopo-di-mirko-mezzacasa\/\">&#8220;ODIO LA RADIO&#8221;&#8230; DIECI ANNI DOPO, di Mirko Mezzacasa<\/a><\/p><\/blockquote>\n<p><iframe loading=\"lazy\" class=\"wp-embedded-content\" sandbox=\"allow-scripts\" security=\"restricted\" style=\"position: absolute; clip: rect(1px, 1px, 1px, 1px);\" title=\"&#8220;&#8220;ODIO LA RADIO&#8221;&#8230; DIECI ANNI DOPO, di Mirko Mezzacasa&#8221; &#8212; Radio Pi\u00f9\" src=\"https:\/\/www.radiopiu.net\/wordpress\/odio-la-radio-dieci-anni-dopo-di-mirko-mezzacasa\/embed\/#?secret=M4HXcqY9El#?secret=WJJQDZ58ga\" data-secret=\"WJJQDZ58ga\" width=\"600\" height=\"338\" frameborder=\"0\" marginwidth=\"0\" marginheight=\"0\" scrolling=\"no\"><\/iframe><\/p>\n<p>&nbsp;<\/p>\n<p>&nbsp;<\/p>\n<hr \/>\n<p>&nbsp;<\/p>\n<p><strong>OGNI GIORNO IL MERCATINO A RADIO PIU&#8217;, AL QUARANTESIMO MINUTO. IL PUNTO DI RIFERIMENTO PER CHI OFFRE O CERCA LAVORO NELL&#8217;ARCO DOLOMITICO, CENTINAIA DI VISUALIZZAZIONI AL GIORNO SUL SITO INTERNET, IN AUDIO ALLA RADIO E IN STREAMING IL TUTTO IL MONDO. IL MERCATINO DI RADIO PIU, PER INSERIRE I TUOI ANNUNCI SCRIVI A <span style=\"color: #0000ff;\">radiopiu@radiopiu.it<\/span><\/strong><\/p>\n<blockquote class=\"wp-embedded-content\" data-secret=\"BaI12MvS7p\"><p><a href=\"https:\/\/www.radiopiu.net\/wordpress\/mercatino-e-mercatino-delle-pulci-per-i-vostri-annunci-radiopiuradiopiu-it\/\">MERCATINO<\/a><\/p><\/blockquote>\n<p><iframe loading=\"lazy\" class=\"wp-embedded-content\" sandbox=\"allow-scripts\" security=\"restricted\" style=\"position: absolute; clip: rect(1px, 1px, 1px, 1px);\" title=\"&#8220;MERCATINO&#8221; &#8212; Radio Pi\u00f9\" src=\"https:\/\/www.radiopiu.net\/wordpress\/mercatino-e-mercatino-delle-pulci-per-i-vostri-annunci-radiopiuradiopiu-it\/embed\/#?secret=FsKSwxsnpU#?secret=BaI12MvS7p\" data-secret=\"BaI12MvS7p\" width=\"600\" height=\"338\" frameborder=\"0\" marginwidth=\"0\" marginheight=\"0\" scrolling=\"no\"><\/iframe><\/p>\n<\/div>\n<p>&nbsp;<\/p>\n<p>&nbsp;<\/p>\n<div>\n<hr \/>\n<p>&nbsp;<\/p>\n<p><a href=\"https:\/\/www.radiopiu.net\/wordpress\/giornale-radiopiu-26-settembre-2018-direttore-mirko-mezzacasa\/viabilita-2\/\" rel=\"attachment wp-att-61954\"><img loading=\"lazy\" decoding=\"async\" class=\"aligncenter wp-image-61954 size-full\" src=\"https:\/\/www.radiopiu.net\/wordpress\/wp-content\/uploads\/2018\/09\/viabilita.jpeg\" sizes=\"auto, (max-width: 800px) 100vw, 800px\" srcset=\"https:\/\/www.radiopiu.net\/wordpress\/wp-content\/uploads\/2018\/09\/viabilita.jpeg 800w, https:\/\/www.radiopiu.net\/wordpress\/wp-content\/uploads\/2018\/09\/viabilita-300x38.jpeg 300w, https:\/\/www.radiopiu.net\/wordpress\/wp-content\/uploads\/2018\/09\/viabilita-768x96.jpeg 768w\" alt=\"\" width=\"800\" height=\"100\" \/><\/a><\/p>\n<blockquote>\n<h3><\/h3>\n<h3>GALLERIA DEI CASTEI A SENSO UNICO ALTERNATO DI NOTTE PER UNA SETTIMANA<\/h3>\n<\/blockquote>\n<p><strong>SEDICO<\/strong> Veneto Strade comunica che dal 17 al 21 ottobre verr\u00e0 istituito un senso unico alternato regolato da semaforo o movieri nella galleria dei Castei. Per consentire le indagini diagnostiche e manutenzione dell&#8217;impianto d&#8217;illuminazione il senso unico verr\u00e0 istituito in orario notturno, ogni giorno dalle 20 alle 6 del giorno successivo.<\/p>\n<p>&nbsp;<\/p>\n<blockquote>\n<h3>PONTE DEL FELICE A LA VALLE AGORDINA, CHIUSO FINO AL 24 OTTOBRE<strong>\u00a0<\/strong><\/h3>\n<\/blockquote>\n<p><strong>LA VALLE<\/strong> E&#8217; stata prorogata l&#8217;ordinanza di chiusura del ponte del Felice tra Crostolin di Agordo e il territorio comunale di La Valle Agordina (Ronche, Noach&#8230;) Ponte chiuso h24 fino al 24 ottobre, comunque fino alla conclusione dei lavori di ristrutturazione del ponte.<\/p>\n<blockquote>\n<h3>DOLOMITIBUS, PROROGA INTERRUZIONE VEICOLARE<\/h3>\n<\/blockquote>\n<p><strong>TAIBON\u00a0<\/strong> Fino al 21 ottobre le corse Agordo Villanova effettuano il percorso alternativo Agordo-San Cipriano-Strapont-Municipio Taibon. Sospesa la tratta Peden-Villanova e le fermate Peden-Casa di riposo- Villanova.<\/p>\n<p>&nbsp;<\/p>\n<blockquote>\n<h3>SP 8 DI SAN TOMASO, PROROGATA LA CHIUSURA A FASCE ORARIE FINO ALL&#8217;11 NOVEMBRE<\/h3>\n<\/blockquote>\n<p>Fino al 11 novembre, esclusi festivi e prefestivi, la strada chiuder\u00e0 totalmente dalle 7.15 alle 12.45 e dalle 14.15 alle 17.45. Negli altri orari senso unico alternato regolato da semaforo.<\/p>\n<p><em><strong>DIVIETO DI TRANSITO VEICOLARE A FADES DI LA VALLE AGORDINA TRA L&#8217;INCROCIO CON LA SR 347 E IL CIVICO 2. FINO AL 18 NOVEMBRE, SABATO, DOMENICA E FESTIVI COMPRESI. IL DIVIETO AVRA&#8217; EFFICACIA NEI GIORNI DI EFFETTIVA ESECUZIONE DEL CANTIERE.\u00a0\u00a0<\/strong><\/em><\/p>\n<p>&nbsp;<\/p>\n<p><strong>AGGIORNAMENTO VENETO STRADE, AGGIORNAMENTO CONTINUO H 24<\/strong><\/p>\n<p>&nbsp;<\/p>\n<blockquote class=\"wp-embedded-content\" data-secret=\"Qmke5UNGak\"><p><a href=\"https:\/\/www.radiopiu.net\/wordpress\/viabilita\/\">viabilita<\/a><\/p><\/blockquote>\n<p><iframe loading=\"lazy\" class=\"wp-embedded-content\" sandbox=\"allow-scripts\" security=\"restricted\" style=\"position: absolute; clip: rect(1px, 1px, 1px, 1px);\" title=\"&#8220;viabilita&#8221; &#8212; Radio Pi\u00f9\" src=\"https:\/\/www.radiopiu.net\/wordpress\/viabilita\/embed\/#?secret=DyCA5yAUZW#?secret=Qmke5UNGak\" data-secret=\"Qmke5UNGak\" width=\"600\" height=\"338\" frameborder=\"0\" marginwidth=\"0\" marginheight=\"0\" scrolling=\"no\"><\/iframe><\/p>\n<p>&nbsp;<\/p>\n<p>&nbsp;<\/p>\n<hr \/>\n<p>&nbsp;<\/p>\n<p><a class=\"dt-pswp-item\" href=\"https:\/\/www.radiopiu.net\/wordpress\/wp-content\/uploads\/2018\/09\/WhatsApp-Image-2018-09-20-at-16.04.06.jpeg\" data-dt-img-description=\"\" data-large_image_width=\"800\" data-large_image_height=\"100\"><img loading=\"lazy\" decoding=\"async\" class=\"wp-image-61378 size-full aligncenter\" src=\"https:\/\/www.radiopiu.net\/wordpress\/wp-content\/uploads\/2018\/09\/WhatsApp-Image-2018-09-20-at-16.04.06.jpeg\" alt=\"\" width=\"800\" height=\"100\" srcset=\"https:\/\/www.radiopiu.net\/wordpress\/wp-content\/uploads\/2018\/09\/WhatsApp-Image-2018-09-20-at-16.04.06.jpeg 800w, https:\/\/www.radiopiu.net\/wordpress\/wp-content\/uploads\/2018\/09\/WhatsApp-Image-2018-09-20-at-16.04.06-300x38.jpeg 300w, https:\/\/www.radiopiu.net\/wordpress\/wp-content\/uploads\/2018\/09\/WhatsApp-Image-2018-09-20-at-16.04.06-768x96.jpeg 768w\" sizes=\"auto, (max-width: 800px) 100vw, 800px\" \/>\u00a0<\/a><\/p>\n<p><center><b>Venerdi 21<\/b><\/center><b>Tempo atteso: <\/b>Cielo in prevalenza nuvoloso o molto nuvoloso con fenomeni perlopi\u00f9 locali o sparsi e di modesta entit\u00e0, specie dalla sera o dalla notte.<br \/>\n<b>Precipitazioni: <\/b>Generalmente assenti fino al primo pomeriggio, anche se non sar\u00e0 del tutto escluso qualche piovasco (0-10%). Graduale aumento della probabilit\u00e0 dal tardo-pomeriggio\/sera fino a medio-bassa (25-50%) nottetempo, di precipitazioni sparse di debole intensit\u00e0, con eventuali accumuli di qualche millimetro, nevose oltre i 2600-2900 m.<br \/>\n<b>Temperature: <\/b>Minime nelle valli in aumento, in alta montagna in calo e misurate a fine giornata, massime in generale diminuzione, con clima diurno pi\u00f9 fresco<\/p>\n<hr \/>\n<p><center><b>Sabato 22<\/b><\/center><b>Tempo atteso: <\/b>Al mattino cielo generalmente molto nuvoloso o coperto con tempo lievemente o moderatamente perturbato per gran parte della mattinata. Nella seconda parte della giornata ancora inizialmente molto nuvoloso con tendenza a parziali schiarite specie verso il tardo pomeriggio\/sera.<br \/>\n<b>Precipitazioni: <\/b>Al mattino probabilit\u00e0 medio-alta (50-75%) di precipitazioni in prevalenza sparse a tratti anche diffuse e perlopi\u00f9 di modesta o moderata entit\u00e0, mediamente tra i 10 e i 15 mm con punte di 20\/25 mm, specie sulle Prealpi, nevose oltre i 2500-2800 m. Attenuazione dei fenomeni nella seconda parte della giornata, specie dal tardo pomeriggio\/sera.<br \/>\n<b>Temperature: <\/b>In lieve o contenuto calo specie sulle Dolomiti e nei valori massimi su valori prossimi alla norma; escursione termica giornaliera piuttosto contenuta.<\/p>\n<hr \/>\n<p><center><b>Domenica 23<\/b><\/center>Giornata con tempo variabile in un contesto abbastanza soleggiato, caratterizzato dalla presenza di modesta nuvolosit\u00e0 alternata a frequenti schiarite. Possibili nubi basse associate a foschie o banchi di nebbia in alcune valli nelle ore pi\u00f9 fredde. Precipitazioni assenti. Temperature minime in lieve calo, specie nelle valli, massime in generale aumento con valori nuovamente superiori alla norna. Venti in alta montagna tesi o forti dai quadranti occidentali.<\/p>\n<hr \/>\n<p><center><b>Lunedi 24<\/b><\/center>Giornata poco o parzialmente nuvolosa, con formazioni di nubi basse, associate a foschie o banchi di nebbia in molte valli nelle ore pi\u00f9 fredde; precipitazioni assenti. Temperature minime in lieve diminuzione, massime senza notevoli variazioni. Venti in alta montagna tesi o forti da sud-ovest. Previsore: M.Padoan<\/p>\n<p>&nbsp;<\/p>\n<hr \/>\n<p>&nbsp;<\/p>\n<p><img loading=\"lazy\" decoding=\"async\" class=\"wp-image-60761 size-full aligncenter\" src=\"https:\/\/www.radiopiu.net\/wordpress\/wp-content\/uploads\/2018\/09\/sport.jpg\" alt=\"\" width=\"800\" height=\"100\" srcset=\"https:\/\/www.radiopiu.net\/wordpress\/wp-content\/uploads\/2018\/09\/sport.jpg 800w, https:\/\/www.radiopiu.net\/wordpress\/wp-content\/uploads\/2018\/09\/sport-300x38.jpg 300w, https:\/\/www.radiopiu.net\/wordpress\/wp-content\/uploads\/2018\/09\/sport-768x96.jpg 768w\" sizes=\"auto, (max-width: 800px) 100vw, 800px\" \/><\/p>\n<p>&nbsp;<\/p>\n<p><span style=\"color: #0000ff;\"><strong>HOCKEY SU GHIACCIO<\/strong><\/span><\/p>\n<blockquote>\n<h3 class=\"entry-title\">L\u2019ALLEGHE CROLLA A CAVALESE, VITA FACILE PER IL FIEMME<\/h3>\n<\/blockquote>\n<p><strong class=\"photoswipe-wrapper\"><a class=\"dt-pswp-item pspw-wrap-ready\" href=\"https:\/\/www.radiopiu.net\/wordpress\/wp-content\/uploads\/2019\/08\/logo-alleghe-hockey.png\" data-dt-img-description=\"\" data-large_image_width=\"547\" data-large_image_height=\"512\"><img loading=\"lazy\" decoding=\"async\" class=\" wp-image-95699 alignleft\" src=\"https:\/\/www.radiopiu.net\/wordpress\/wp-content\/uploads\/2019\/08\/logo-alleghe-hockey-300x281.png\" sizes=\"auto, (max-width: 164px) 100vw, 164px\" srcset=\"https:\/\/www.radiopiu.net\/wordpress\/wp-content\/uploads\/2019\/08\/logo-alleghe-hockey-300x281.png 300w, https:\/\/www.radiopiu.net\/wordpress\/wp-content\/uploads\/2019\/08\/logo-alleghe-hockey.png 547w\" alt=\"\" width=\"164\" height=\"154\" \/><\/a>FIEMME \u2013 ALLEGHE 9-5<\/strong><br \/>\nPARZIALI: 4-0, 3-2, 2-3<br \/>\nGOL: pt. 1\u201935\u201d Verde, 10\u201927\u201d Covi, 12\u201917\u201d e 14\u201950\u201d Pisetta. st. 4\u201943\u201d Chelodi, 5\u201908\u201d Martini, 6\u201943\u201d Novikovs, 9\u201956\u201d Pisetta, 15\u201900\u201d Ahlstroem. tt. 2\u201918\u201d Novikovs, 3\u201930\u201d Pisetta, 5\u201947\u201d Constantini, 7\u201918\u201d Soppelsa, 11\u201942\u201d Vanzetta<\/p>\n<p>Notte fonda per l\u2019Alleghe Hockey. La squadra di Fontana esce sconfitta ancora una volta. A Cavalese le civette giocano bene ma non riescono a contenere un Fiemme che punisce gli avversari ad ogni buona occasione. Zero punti in classifica dopo le prime cinque giornate giocate. Intanto sabato sera i biancorossi saranno chiamati alla trasferta pi\u00f9 lunga della stagione. Agordini che andranno a Torre Pellice per giocare contro il Valpellice. Pronti, via e subito Fiemme in vantaggio. Al primo vero affondo i trentini trovano il gol con Verde. Respinta di Zanardi e rebound del giocatore fiemmese. Nonostante tutto le civette provano a reagire con Novikovs che sfiora il pareggio. Al primo powerplay a favore, gli agordini ce la mettono tutta per pareggiare i conti e ancora una volta \u00e8 Novikovs che fa la differenza, anche come assist man. Covi, in contropiede,sigla il secondo gol di serata per i padroni di casa. Poi ci pensa Pisetta ad incrementare il vantaggio trentino che nel giro di pochi minuti sigla la doppietta personale. Nel secondo tempo con i biancorossi che spingono alla ricerca del gol. Padroni di casa che siglano la quinta rete della serata con Chelodi. Marvin Martini accorcia le distanze subito dopo. \u00c8 l\u2019Alleghe che tiene in mano la sfida. I ragazzi di Fontana sembrano indiavolati e Novikovs mette la firma al secondo gol alleghese. Un errore della squadra di Alleghe consegna la sesta marcatura al Fiemme con Pisetta autore di una tripletta. I fiemmesi chiudono la sfida a 5\u2019 dal termine con il settimo gol della sfida a firma di Ahlstroem. Nell\u2019ultima frazione \u00e8 Novikovs che accorcia le distanze ulteriormente con un polsino velenoso. Il Fiemme colpisce in contropiede con Ahlstroem. Non giocano male le civette che con Constantini e Soppelsa portano a 5 le marcature agordine. Vanzetti chiude definitivamente la sfida con l\u2019ultima rete trentina.<\/p>\n<p>&nbsp;<\/p>\n<hr \/>\n<p>&nbsp;<\/p>\n<p><strong><span style=\"color: #0000ff;\">ROLLER<\/span><\/strong><\/p>\n<blockquote>\n<h3>SILVIA TOFFANO E LINDA DE ROCCO A BUENOS AIRES PER I WORLD ROLLER GAME<\/h3>\n<\/blockquote>\n<p><strong><a class=\"dt-pswp-item\" href=\"https:\/\/www.radiopiu.net\/wordpress\/wp-content\/uploads\/2022\/10\/e83ec631-489d-41d1-851e-fb685e27ffa5.jpg\" data-dt-img-description=\"\" data-large_image_width=\"750\" data-large_image_height=\"563\"><img loading=\"lazy\" decoding=\"async\" class=\" wp-image-302076 alignleft\" src=\"https:\/\/www.radiopiu.net\/wordpress\/wp-content\/uploads\/2022\/10\/e83ec631-489d-41d1-851e-fb685e27ffa5-300x225.jpg\" alt=\"\" width=\"180\" height=\"135\" srcset=\"https:\/\/www.radiopiu.net\/wordpress\/wp-content\/uploads\/2022\/10\/e83ec631-489d-41d1-851e-fb685e27ffa5-300x225.jpg 300w, https:\/\/www.radiopiu.net\/wordpress\/wp-content\/uploads\/2022\/10\/e83ec631-489d-41d1-851e-fb685e27ffa5.jpg 750w\" sizes=\"auto, (max-width: 180px) 100vw, 180px\" \/><\/a>REDAZIONE<\/strong> Si svolgeranno in Argentina, pi\u00f9 precisamente a Buenos Aires, i World Roller Game 2022. Un evento che racchiude tutte le specialit\u00e0 sportive che riguardano gli sport con le &#8220;rotelle&#8221;. Dall&#8217;hockey inline al pattinaggio artistico a rotelle, dal pattinaggio velocit\u00e0 allo skateboard e chi pi\u00f9 ne ha pi\u00f9 ne metta. \u00c8 la terza edizione che viene svolta dopo il primo appuntamento in Cina nel 2017, a Barcellona in Spagna nel 2019 e quest&#8217;anno in Sud America. Per la nazionale italiana di hockey inline sono in partenza anche Silvia Toffano e Linda De Rocco. Due gironi da 5 squadre e l&#8217;Italia \u00e8 finita nel girone con Canada, Stati Uniti, Brasile e Messico. L&#8217;ultima edizione del World Roller Game di hockey inline era stato vinto dagli Stati Uniti. Silvia e Linda partiranno venerd\u00ec per la lunga trasferta in Argentina e a partire da luned\u00ec l&#8217;Italia inizier\u00e0 il girone eliminatorio che terminer\u00e0 dopo 6 giorni. Un in bocca al lupo a Silvia e Linda per questa avventura sudamericana.<\/p>\n<p>&nbsp;<\/p>\n<hr \/>\n<p>&nbsp;<\/p>\n<blockquote>\n<h3>LA RACCOLTA FONDI PER AIUTARE L&#8217;ALLEGHE HOCKEY<\/h3>\n<\/blockquote>\n<p><strong><a class=\"dt-pswp-item\" href=\"https:\/\/www.radiopiu.net\/wordpress\/wp-content\/uploads\/2022\/10\/543dd19e-af42-414d-a1af-32fe5af49bb7.jpg\" data-dt-img-description=\"\" data-large_image_width=\"1024\" data-large_image_height=\"860\"><img loading=\"lazy\" decoding=\"async\" class=\" wp-image-300498 alignleft\" src=\"https:\/\/www.radiopiu.net\/wordpress\/wp-content\/uploads\/2022\/10\/543dd19e-af42-414d-a1af-32fe5af49bb7-300x252.jpg\" alt=\"\" width=\"187\" height=\"157\" srcset=\"https:\/\/www.radiopiu.net\/wordpress\/wp-content\/uploads\/2022\/10\/543dd19e-af42-414d-a1af-32fe5af49bb7-300x252.jpg 300w, https:\/\/www.radiopiu.net\/wordpress\/wp-content\/uploads\/2022\/10\/543dd19e-af42-414d-a1af-32fe5af49bb7-768x645.jpg 768w, https:\/\/www.radiopiu.net\/wordpress\/wp-content\/uploads\/2022\/10\/543dd19e-af42-414d-a1af-32fe5af49bb7.jpg 1024w\" sizes=\"auto, (max-width: 187px) 100vw, 187px\" \/><\/a>ALLEGHE<\/strong> \u00c8 partita la raccolta fondi per aiutare l&#8217;Alleghe Hockey in questa stagione che, dopo la chiusura dello stadio Alvise De Toni, si preannuncia travagliata. La squadra alleghese dovr\u00e0 sostenere delle trasferte sia per allenarsi che per giocare le partite in programma. Per questo \u00e8 stata lanciata una raccolta fondi su Eppela dove chiunque pu\u00f2 fare la propria donazione alla societ\u00e0 per aiutarla a pagare le spese.<\/p>\n<p><strong>IL MESSAGGIO DELL&#8217;ALLEGHE HOCKEY<\/strong><\/p>\n<blockquote><p><em>Il nostro Palaghiaccio \u00e8 CHIUSO dal 2 ottobre 2022 per l&#8217;enorme aumento dei costi dell&#8217;energia. Questo significa che i nostri atleti, dai piccolissimi fino ai ragazzi della senior, non possono pi\u00f9 allenarsi n\u00e8 giocare sul nostro ghiaccio. Ma non possono soprattutto socializzare, imparare e fare attivit\u00e0 fisica con i propri compagni di squadra. Tutti noi siamo turbati da questa situazione, ma tutti insieme abbiamo reagito e cos\u00ec, rimboccandosi le maniche la Societ\u00e0 ha riorganizzato le attivit\u00e0, riuscendo a pianificare la gestione degli allenamenti negli stadi di altri Comuni. Cosa faremo con il contributo raccolto? La raccolta ci permetter\u00e0 di sostenere i costi per le continue trasferte dei nostri atleti.\u00a0<\/em><\/p><\/blockquote>\n<p><strong>CHI VOLESSE AIUTARE L&#8217;ALLEGHE HOCKEY PUO&#8217; FARLO NEI PUNTI RACCOLTA FONDI, BAR BIANCO AD ALLEGHE E CAFFE&#8217; MINIERE DI AGORDO. OPPURE TRAMITE LA RACCOLTA FONDI ONLINE DI EPPELA <a href=\"https:\/\/www.eppela.com\/projects\/9059\">CLICCANDO QUI<\/a><\/strong><\/p>\n<h2>IL MESSAGGIO DEGLI EX GIOCATORI<\/h2>\n<div style=\"width: 848px;\" class=\"wp-video\"><video class=\"wp-video-shortcode\" id=\"video-302408-3\" width=\"848\" height=\"480\" preload=\"metadata\" controls=\"controls\"><source type=\"video\/mp4\" src=\"https:\/\/www.radiopiu.net\/wordpress\/wp-content\/uploads\/2022\/10\/WhatsApp-Video-2022-10-08-at-13.20.26.mp4?_=3\" \/><a href=\"https:\/\/www.radiopiu.net\/wordpress\/wp-content\/uploads\/2022\/10\/WhatsApp-Video-2022-10-08-at-13.20.26.mp4\">https:\/\/www.radiopiu.net\/wordpress\/wp-content\/uploads\/2022\/10\/WhatsApp-Video-2022-10-08-at-13.20.26.mp4<\/a><\/video><\/div>\n<p>&nbsp;<\/p>\n<p>&nbsp;<\/p>\n<p>&nbsp;<\/p>\n<hr \/>\n<blockquote>\n<h1><span style=\"color: #ff0000;\">\u00a0<\/span><\/h1>\n<h1><span style=\"color: #ff0000;\">I VIDEO DI MARIO DE MARCO <\/span><\/h1>\n<\/blockquote>\n<p><strong>21 SETTEMBRE 2022<\/strong><\/p>\n<div data-contents=\"true\">\n<div class=\"x1e56ztr\" data-block=\"true\" data-editor=\"7i5c3\" data-offset-key=\"28d5j-0-0\">\n<div class=\"_1mf _1mj\" data-offset-key=\"28d5j-0-0\"><\/div>\n<\/div>\n<\/div>\n<blockquote class=\"wp-embedded-content\" data-secret=\"lUIu7E8Zx8\"><p><a href=\"https:\/\/www.radiopiu.net\/wordpress\/i-lupi-giocano-a-voltago-nel-video-di-mario-de-marco\/\">I LUPI GIOCANO A VOLTAGO&#8230;NEL VIDEO DI MARIO DE MARCO<\/a><\/p><\/blockquote>\n<p><iframe loading=\"lazy\" class=\"wp-embedded-content\" sandbox=\"allow-scripts\" security=\"restricted\" style=\"position: absolute; clip: rect(1px, 1px, 1px, 1px);\" title=\"&#8220;I LUPI GIOCANO A VOLTAGO&#8230;NEL VIDEO DI MARIO DE MARCO&#8221; &#8212; Radio Pi\u00f9\" src=\"https:\/\/www.radiopiu.net\/wordpress\/i-lupi-giocano-a-voltago-nel-video-di-mario-de-marco\/embed\/#?secret=jGV8fxszxR#?secret=lUIu7E8Zx8\" data-secret=\"lUIu7E8Zx8\" width=\"600\" height=\"338\" frameborder=\"0\" marginwidth=\"0\" marginheight=\"0\" scrolling=\"no\"><\/iframe><\/p>\n<p><strong>10 OTTOBRE 2022\u00a0<\/strong><\/p>\n<blockquote class=\"wp-embedded-content\" data-secret=\"7dvfAdAyZG\"><p><a href=\"https:\/\/www.radiopiu.net\/wordpress\/il-richiamo-del-bramito-locchio\/\">IL RICHIAMO DEL BRAMITO, L&#8217;OCCHIO DEL FOTOGRAFO &#8211; nuovo video<\/a><\/p><\/blockquote>\n<p><iframe loading=\"lazy\" class=\"wp-embedded-content\" sandbox=\"allow-scripts\" security=\"restricted\" style=\"position: absolute; clip: rect(1px, 1px, 1px, 1px);\" title=\"&#8220;IL RICHIAMO DEL BRAMITO, L&#8217;OCCHIO DEL FOTOGRAFO &#8211; nuovo video&#8221; &#8212; Radio Pi\u00f9\" src=\"https:\/\/www.radiopiu.net\/wordpress\/il-richiamo-del-bramito-locchio\/embed\/#?secret=w568bxY5JK#?secret=7dvfAdAyZG\" data-secret=\"7dvfAdAyZG\" width=\"600\" height=\"338\" frameborder=\"0\" marginwidth=\"0\" marginheight=\"0\" scrolling=\"no\"><\/iframe><\/p>\n<p><strong>IERI SUL SITO DI RADIO PIU<\/strong><\/p>\n<blockquote class=\"wp-embedded-content\" data-secret=\"lJkjG8Ppme\"><p><a href=\"https:\/\/www.radiopiu.net\/wordpress\/di-mario-de-marco-obiettivo-puntato-verso-il-cielo\/\">DI MARIO DE MARCO: OBIETTIVO PUNTATO VERSO IL CIELO<\/a><\/p><\/blockquote>\n<p><iframe loading=\"lazy\" class=\"wp-embedded-content\" sandbox=\"allow-scripts\" security=\"restricted\" style=\"position: absolute; clip: rect(1px, 1px, 1px, 1px);\" title=\"&#8220;DI MARIO DE MARCO: OBIETTIVO PUNTATO VERSO IL CIELO&#8221; &#8212; Radio Pi\u00f9\" src=\"https:\/\/www.radiopiu.net\/wordpress\/di-mario-de-marco-obiettivo-puntato-verso-il-cielo\/embed\/#?secret=saUOsYo9Sn#?secret=lJkjG8Ppme\" data-secret=\"lJkjG8Ppme\" width=\"600\" height=\"338\" frameborder=\"0\" marginwidth=\"0\" marginheight=\"0\" scrolling=\"no\"><\/iframe><\/p>\n<p>&nbsp;<\/p>\n<p>&nbsp;<\/p>\n<hr \/>\n<p>&nbsp;<\/p>\n<blockquote class=\"wp-embedded-content\" data-secret=\"OfIWrKDCUQ\"><p><a href=\"https:\/\/www.radiopiu.net\/wordpress\/augusto-murer-e-il-fotografo\/\">AUGUSTO MURER E IL FOTOGRAFO ELIO ARICO&#8217;<\/a><\/p><\/blockquote>\n<p><iframe loading=\"lazy\" class=\"wp-embedded-content\" sandbox=\"allow-scripts\" security=\"restricted\" style=\"position: absolute; clip: rect(1px, 1px, 1px, 1px);\" title=\"&#8220;AUGUSTO MURER E IL FOTOGRAFO ELIO ARICO&#8217;&#8221; &#8212; Radio Pi\u00f9\" src=\"https:\/\/www.radiopiu.net\/wordpress\/augusto-murer-e-il-fotografo\/embed\/#?secret=C4tvmtAcUU#?secret=OfIWrKDCUQ\" data-secret=\"OfIWrKDCUQ\" width=\"600\" height=\"338\" frameborder=\"0\" marginwidth=\"0\" marginheight=\"0\" scrolling=\"no\"><\/iframe><\/p>\n<p>&nbsp;<\/p>\n<hr \/>\n<p>&nbsp;<\/p>\n<\/div>\n<\/div>\n<\/div>\n<\/div>\n<\/div>\n<\/div>\n<\/div>\n<\/div>\n","protected":false},"excerpt":{"rendered":"<p>RADIO PIU INFORMAZIONE il canale su TELEGRAM informazione di prima\u00a0\u00a0mano e in tempo reale. iscriviti ed aiutaci a farlo conoscere REDAZIONE Oggi interdizione totale alla circolazione stradale per smontaggio gru da cantiere dalle 10.30 alle 11 in localit\u00e0 Pieve Comune di Livinallongo del Col di Lana lungo la regionale 48 delle Dolomiti. OGGI ALLA RADIO:\u00a0&hellip;<\/p>\n","protected":false},"author":4,"featured_media":302506,"comment_status":"closed","ping_status":"closed","sticky":false,"template":"","format":"standard","meta":{"_monsterinsights_skip_tracking":false,"_monsterinsights_sitenote_active":false,"_monsterinsights_sitenote_note":"","_monsterinsights_sitenote_category":0,"footnotes":""},"categories":[51,86,49],"tags":[],"class_list":["post-302408","post","type-post","status-publish","format-standard","has-post-thumbnail","hentry","category-evidenza-top","category-gr","category-news-18","category-51","category-86","category-49","description-off"],"img_url":"https:\/\/www.radiopiu.net\/wordpress\/wp-content\/uploads\/2022\/10\/f6fb1537-f36b-47e8-afc6-bc2a43413728.jpg","_links":{"self":[{"href":"https:\/\/www.radiopiu.net\/wordpress\/wp-json\/wp\/v2\/posts\/302408","targetHints":{"allow":["GET"]}}],"collection":[{"href":"https:\/\/www.radiopiu.net\/wordpress\/wp-json\/wp\/v2\/posts"}],"about":[{"href":"https:\/\/www.radiopiu.net\/wordpress\/wp-json\/wp\/v2\/types\/post"}],"author":[{"embeddable":true,"href":"https:\/\/www.radiopiu.net\/wordpress\/wp-json\/wp\/v2\/users\/4"}],"replies":[{"embeddable":true,"href":"https:\/\/www.radiopiu.net\/wordpress\/wp-json\/wp\/v2\/comments?post=302408"}],"version-history":[{"count":0,"href":"https:\/\/www.radiopiu.net\/wordpress\/wp-json\/wp\/v2\/posts\/302408\/revisions"}],"wp:featuredmedia":[{"embeddable":true,"href":"https:\/\/www.radiopiu.net\/wordpress\/wp-json\/wp\/v2\/media\/302506"}],"wp:attachment":[{"href":"https:\/\/www.radiopiu.net\/wordpress\/wp-json\/wp\/v2\/media?parent=302408"}],"wp:term":[{"taxonomy":"category","embeddable":true,"href":"https:\/\/www.radiopiu.net\/wordpress\/wp-json\/wp\/v2\/categories?post=302408"},{"taxonomy":"post_tag","embeddable":true,"href":"https:\/\/www.radiopiu.net\/wordpress\/wp-json\/wp\/v2\/tags?post=302408"}],"curies":[{"name":"wp","href":"https:\/\/api.w.org\/{rel}","templated":true}]}}