{"id":302455,"date":"2022-10-19T05:04:01","date_gmt":"2022-10-19T03:04:01","guid":{"rendered":"https:\/\/www.radiopiu.net\/wordpress\/?p=302455"},"modified":"2022-10-21T05:22:17","modified_gmt":"2022-10-21T03:22:17","slug":"presto-inizia-la-sperimentazione-al-semaforo-di-baldenich","status":"publish","type":"post","link":"https:\/\/www.radiopiu.net\/wordpress\/presto-inizia-la-sperimentazione-al-semaforo-di-baldenich\/","title":{"rendered":"PRESTO INIZIA LA SPERIMENTAZIONE AL SEMAFORO DI BALDENICH"},"content":{"rendered":"<p><strong><a class=\"dt-pswp-item\" href=\"https:\/\/www.radiopiu.net\/wordpress\/wp-content\/uploads\/2022\/10\/Schermata-2022-10-20-alle-17.19.12.png\" data-dt-img-description=\"\" data-large_image_width=\"1018\" data-large_image_height=\"596\"><img loading=\"lazy\" decoding=\"async\" class=\"size-medium wp-image-302480 alignleft\" src=\"https:\/\/www.radiopiu.net\/wordpress\/wp-content\/uploads\/2022\/10\/Schermata-2022-10-20-alle-17.19.12-300x176.png\" alt=\"\" width=\"300\" height=\"176\" srcset=\"https:\/\/www.radiopiu.net\/wordpress\/wp-content\/uploads\/2022\/10\/Schermata-2022-10-20-alle-17.19.12-300x176.png 300w, https:\/\/www.radiopiu.net\/wordpress\/wp-content\/uploads\/2022\/10\/Schermata-2022-10-20-alle-17.19.12-768x450.png 768w, https:\/\/www.radiopiu.net\/wordpress\/wp-content\/uploads\/2022\/10\/Schermata-2022-10-20-alle-17.19.12.png 1018w\" sizes=\"auto, (max-width: 300px) 100vw, 300px\" \/><\/a>BELLUNO <\/strong>Sistemato il semaforo di Baldenich: a breve partir\u00e0 la sperimentazione. Un\u2019ordinanza firmata ieri dal comandante della polizia locale, avvia un nuovo funzionamento per l\u2019impianto\u00a0 all\u2019incrocio fra la fra le vie F. Pellegrini, F.M. Colle e Vittorio Veneto. La misura nasce dall\u2019aver verificato come negli orari non di punta il traffico all\u2019incrocio fosse pi\u00f9 scorrevole nei momenti in cui il semaforo, non funzionante a causa di danni alle componenti interne, lampeggiava. Nelle ultime settimane il semaforo in questione ha alternato periodi di funzionamento e periodi di solo lampeggio a causa della rottura di componenti interne e dell\u2019impossibilit\u00e0 di trovare soluzioni definitive prima della sostituzione in toto delle parti. Questo ha permesso di verificare come il lampeggio determinasse un visibile miglioramento della fluidita\u0300 della circolazione, quando i volumi di traffico sono meno intensi, con effetti positivi anche sulla qualit\u00e0 dell\u2019aria. Da qui l\u2019idea di sperimentare, proprio a partire da questo incrocio, un nuovo sistema di regolazione dei flussi. Temporaneamente, per sei mesi ed in via sperimentale, il funzionamento dell\u2019impianto semaforico sar\u00e0 tradizionale, a tempi fissi, dalle 7.30 alle 9, dalle 12 alle 13.30 e dalle 17.30 alle 19, gli orari di maggior passaggio, mentre per il resto della giornata sar\u00e0 a luci gialle lampeggianti. L\u2019ordinanza, gi\u00e0 pubblicata nell\u2019albo pretorio del Comune, entrer\u00e0 in vigore non appena sar\u00e0 posata l\u2019apposita segnaletica. L\u2019impianto \u00e8 stato aggiustato, con la sostituzione di tutte le componenti danneggiate, mercoled\u00ec. Le operazioni sono iniziate di primo mattino per concludersi nel tardo pomeriggio, quando il semaforo \u00e8 tornato a funzionare perfettamente. Ci sono volute settimane per riuscire a ripristinare l\u2019impianto e il suo funzionamento perch\u00e9 i pezzi da sostituire non erano immediatamente disponibili, come molti materiali in questo periodo, e cos\u00ec nel frattempo gli elettricisti si sono recati quasi quotidianamente all\u2019incrocio per tamponare il problema con soluzioni che, tuttavia, si rivelavano sempre temporanee.<\/p>\n<p>&nbsp;<\/p>\n<p>&nbsp;<\/p>\n<p>*******<\/p>\n","protected":false},"excerpt":{"rendered":"<p>BELLUNO Sistemato il semaforo di Baldenich: a breve partir\u00e0 la sperimentazione. Un\u2019ordinanza firmata ieri dal comandante della polizia locale, avvia un nuovo funzionamento per l\u2019impianto\u00a0 all\u2019incrocio fra la fra le vie F. Pellegrini, F.M. Colle e Vittorio Veneto. La misura nasce dall\u2019aver verificato come negli orari non di punta il traffico all\u2019incrocio fosse pi\u00f9 scorrevole&hellip;<\/p>\n","protected":false},"author":4,"featured_media":302480,"comment_status":"closed","ping_status":"closed","sticky":false,"template":"","format":"standard","meta":{"_monsterinsights_skip_tracking":false,"_monsterinsights_sitenote_active":false,"_monsterinsights_sitenote_note":"","_monsterinsights_sitenote_category":0,"footnotes":""},"categories":[51,49],"tags":[],"class_list":["post-302455","post","type-post","status-publish","format-standard","has-post-thumbnail","hentry","category-evidenza-top","category-news-18","category-51","category-49","description-off"],"img_url":"https:\/\/www.radiopiu.net\/wordpress\/wp-content\/uploads\/2022\/10\/Schermata-2022-10-20-alle-17.19.12.png","_links":{"self":[{"href":"https:\/\/www.radiopiu.net\/wordpress\/wp-json\/wp\/v2\/posts\/302455","targetHints":{"allow":["GET"]}}],"collection":[{"href":"https:\/\/www.radiopiu.net\/wordpress\/wp-json\/wp\/v2\/posts"}],"about":[{"href":"https:\/\/www.radiopiu.net\/wordpress\/wp-json\/wp\/v2\/types\/post"}],"author":[{"embeddable":true,"href":"https:\/\/www.radiopiu.net\/wordpress\/wp-json\/wp\/v2\/users\/4"}],"replies":[{"embeddable":true,"href":"https:\/\/www.radiopiu.net\/wordpress\/wp-json\/wp\/v2\/comments?post=302455"}],"version-history":[{"count":0,"href":"https:\/\/www.radiopiu.net\/wordpress\/wp-json\/wp\/v2\/posts\/302455\/revisions"}],"wp:featuredmedia":[{"embeddable":true,"href":"https:\/\/www.radiopiu.net\/wordpress\/wp-json\/wp\/v2\/media\/302480"}],"wp:attachment":[{"href":"https:\/\/www.radiopiu.net\/wordpress\/wp-json\/wp\/v2\/media?parent=302455"}],"wp:term":[{"taxonomy":"category","embeddable":true,"href":"https:\/\/www.radiopiu.net\/wordpress\/wp-json\/wp\/v2\/categories?post=302455"},{"taxonomy":"post_tag","embeddable":true,"href":"https:\/\/www.radiopiu.net\/wordpress\/wp-json\/wp\/v2\/tags?post=302455"}],"curies":[{"name":"wp","href":"https:\/\/api.w.org\/{rel}","templated":true}]}}